{"id":30358,"date":"2025-10-23T15:04:19","date_gmt":"2025-10-23T13:04:19","guid":{"rendered":"https:\/\/lamostradevalencia.com\/?p=30358"},"modified":"2025-10-23T15:07:34","modified_gmt":"2025-10-23T13:07:34","slug":"la-cena-de-gomez-pereira-convida-espanya-a-riures-della-mateixa","status":"publish","type":"post","link":"https:\/\/lamostradevalencia.com\/ca\/la-cena-de-gomez-pereira-convida-espanya-a-riures-della-mateixa\/","title":{"rendered":"\u2018La cena\u2019, de G\u00f3mez Pereira, convida Espanya a \u201criure\u2019s d\u2019ella mateixa\u201d"},"content":{"rendered":"<h5><b><i>El director, Asier Etxeandia i Elvira M\u00ednguez, convidats d\u2019honor de l\u2019obertura de la 40a Mostra de Val\u00e8ncia<\/i><\/b><\/h5>\n<p><span style=\"font-weight: 400;\">L\u2019equip de la pel\u00b7l\u00edcula <\/span><b>\u2018La cena\u2019<\/b><span style=\"font-weight: 400;\">, dirigida per <\/span><b>Manuel G\u00f3mez Pereira<\/b><span style=\"font-weight: 400;\">, ha arribat este mat\u00ed a la <\/span><b>Mostra de Val\u00e8ncia \u2013 Cinema del Mediterrani<\/b><span style=\"font-weight: 400;\">, organitzada pel <\/span><b>Palau de la M\u00fasica<\/b><span style=\"font-weight: 400;\">, per inaugurar esta vesprada la <\/span><b>40a edici\u00f3<\/b><span style=\"font-weight: 400;\"> del certamen. Els int\u00e8rprets <\/span><b>Asier Etxeandia<\/b><span style=\"font-weight: 400;\"> i <\/span><b>Elvira M\u00ednguez<\/b><span style=\"font-weight: 400;\">, la productora valenciana del film <\/span><b>Lina Badenes<\/b><span style=\"font-weight: 400;\">, junt amb el mateix director, han participat en la roda de premsa celebrada als <\/span><b>Cines Babel<\/b><span style=\"font-weight: 400;\">, on han compartit detalls sobre el rodatge i el proc\u00e9s creatiu de la pel\u00b7l\u00edcula.<\/span><\/p>\n<p><span style=\"font-weight: 400;\">Durant la trobada amb els mitjans, <\/span><b>G\u00f3mez Pereira<\/b><span style=\"font-weight: 400;\"> ha expressat la seua emoci\u00f3 d\u2019obrir una edici\u00f3 tan especial del festival i ha subratllat que, despr\u00e9s del rodatge de la pel\u00b7l\u00edcula \u2014que va transc\u00f3rrer a Val\u00e8ncia durant un ter\u00e7 del metratge\u2014, \u201cac\u00ed ja em sent com a casa\u201d. De fet, tot l\u2019interior de l\u2019<\/span><b>Hotel Palace<\/b><span style=\"font-weight: 400;\">, on se situa l\u2019acci\u00f3, \u00e9s en realitat l\u2019<\/span><b>Edifici de Correus<\/b><span style=\"font-weight: 400;\"> de la pla\u00e7a de l\u2019Ajuntament. \u201cHaver constru\u00eft tot des de zero hauria sigut terriblement car, per\u00f2 vam ser molt curosos a l\u2019hora de rodar perqu\u00e8 res no resultara anacr\u00f2nic\u201d.<\/span><\/p>\n<p><b>G\u00f3mez Pereira<\/b><span style=\"font-weight: 400;\"> assegura tamb\u00e9 que el que m\u00e9s el va seduir d\u2019adaptar l\u2019obra de teatre <\/span><b>\u2018La cena de los generales\u2019<\/b><span style=\"font-weight: 400;\"> de <\/span><b>Jos\u00e9 Luis Alonso de Santos<\/b><span style=\"font-weight: 400;\"> va ser que \u201cl\u2019humor \u00e9s una gran arma de defensa, ja que permet arribar amb una gran c\u00e0rrega de profunditat on no arriba el drama\u201d.<\/span><\/p>\n<p><span style=\"font-weight: 400;\">Ambientada en el Madrid de la postguerra, <\/span><b>\u2018La cena\u2019<\/b><span style=\"font-weight: 400;\"> situa la seua acci\u00f3 despr\u00e9s del final de la Guerra Civil. El dictador <\/span><b>Franco<\/b><span style=\"font-weight: 400;\"> encarrega un banquet de celebraci\u00f3 a l\u2019<\/span><b>Hotel Palace<\/b><span style=\"font-weight: 400;\">, i un jove tinent (<\/span><b>Mario Casas<\/b><span style=\"font-weight: 400;\">), un ma\u00eetre conservador i conformista (<\/span><b>Alberto San Juan<\/b><span style=\"font-weight: 400;\">) i un grup de presoners republicans experts en cuina han d\u2019organitzar-lo en temps r\u00e8cord. Entre els reclusos es troba una anarquista militant (<\/span><b>Elvira M\u00ednguez<\/b><span style=\"font-weight: 400;\">), mentre un feixista (<\/span><b>Asier Etxeandia<\/b><span style=\"font-weight: 400;\">) supervisa l\u2019operaci\u00f3. Una s\u00e0tira corrosiva sobre el poder, l\u2019obedi\u00e8ncia i la dignitat, on a la cuina es cou alguna cosa m\u00e9s que un men\u00fa: la possibilitat de la fuga.<\/span><\/p>\n<p><span style=\"font-weight: 400;\">La productora <\/span><b>Lina Badenes<\/b><span style=\"font-weight: 400;\"> assegura que va apostar pel projecte, fonamentalment, \u201cpel fet que es parlara des de la com\u00e8dia d\u2019esdeveniments de la nostra hist\u00f2ria que no hav\u00edem tractat d\u2019eixa manera; fins i tot <\/span><b>Chaplin<\/b><span style=\"font-weight: 400;\"> va ser capa\u00e7 de riure\u2019s de <\/span><b>Hitler<\/b><span style=\"font-weight: 400;\"> fa molt de temps\u201d. <\/span><b>Asier Etxeandia<\/b><span style=\"font-weight: 400;\"> ho corrobora: \u201cEspanya ha de riure\u2019s d\u2019ella mateixa\u201d. En tractar-se d\u2019un treball coral i molt inclinat cap a l\u2019esperpent, l\u2019actor assegura que \u201ceste tipus de papers \u00e9s millor no preparar-los en soledat. \u00c9s important veure com assaja la resta i el to dels altres\u201d.<\/span><\/p>\n<p><b>Elvira M\u00ednguez<\/b><span style=\"font-weight: 400;\"> la qualifica com a \u201ccom\u00e8dia urgent. Jo tinc un fill de 16 anys i m\u2019adone que la seua generaci\u00f3 parla amb molta lleugeresa d\u2019alguns temes i de com s\u00f3n de permeables a les <\/span><i><span style=\"font-weight: 400;\">fake news<\/span><\/i><span style=\"font-weight: 400;\">. Necessitem atraure el p\u00fablic jove a les sales\u201d.<\/span><\/p>\n<p><span style=\"font-weight: 400;\">La projecci\u00f3 inaugural tindr\u00e0 lloc esta vesprada al <\/span><b>Teatre Principal de Val\u00e8ncia<\/b><span style=\"font-weight: 400;\">, amb la pres\u00e8ncia de l\u2019equip art\u00edstic i t\u00e8cnic, autoritats i representants del sector audiovisual. Amb esta sessi\u00f3, la <\/span><b>Mostra<\/b><span style=\"font-weight: 400;\"> dona comen\u00e7ament a <\/span><b>onze dies de projeccions, trobades i activitats<\/b><span style=\"font-weight: 400;\"> que celebren quatre d\u00e8cades de comprom\u00eds amb el cinema mediterrani.<\/span><\/p>\n","protected":false},"excerpt":{"rendered":"<p>El director, Asier Etxeandia i Elvira M\u00ednguez, convidats d\u2019honor de l\u2019obertura de la 40a Mostra de Val\u00e8ncia L\u2019equip de la pel\u00b7l\u00edcula \u2018La cena\u2019, dirigida per [&hellip;]<\/p>\n","protected":false},"author":3,"featured_media":30362,"comment_status":"open","ping_status":"open","sticky":false,"template":"","format":"standard","meta":{"_uag_custom_page_level_css":"","_jet_sm_ready_style":"","_jet_sm_style":"","_jet_sm_controls_values":"","_jet_sm_fonts_collection":"","_jet_sm_fonts_links":"","footnotes":""},"categories":[455],"tags":[],"class_list":["post-30358","post","type-post","status-publish","format-standard","has-post-thumbnail","hentry","category-noticies"],"yoast_head":"<!-- This site is optimized with the Yoast SEO plugin v27.5 - https:\/\/yoast.com\/product\/yoast-seo-wordpress\/ -->\n<title>\u2018La cena\u2019, de G\u00f3mez Pereira, convida Espanya a \u201criure\u2019s d\u2019ella mateixa\u201d - Mostra de Val\u00e8ncia<\/title>\n<meta name=\"robots\" content=\"index, follow, max-snippet:-1, max-image-preview:large, max-video-preview:-1\" \/>\n<link rel=\"canonical\" href=\"https:\/\/lamostradevalencia.com\/ca\/la-cena-de-gomez-pereira-convida-espanya-a-riures-della-mateixa\/\" \/>\n<meta property=\"og:locale\" content=\"ca_ES\" \/>\n<meta property=\"og:type\" content=\"article\" \/>\n<meta property=\"og:title\" content=\"\u2018La cena\u2019, de G\u00f3mez Pereira, convida Espanya a \u201criure\u2019s d\u2019ella mateixa\u201d - Mostra de Val\u00e8ncia\" \/>\n<meta property=\"og:description\" content=\"El director, Asier Etxeandia i Elvira M\u00ednguez, convidats d\u2019honor de l\u2019obertura de la 40a Mostra de Val\u00e8ncia L\u2019equip de la pel\u00b7l\u00edcula \u2018La cena\u2019, dirigida per [&hellip;]\" \/>\n<meta property=\"og:url\" content=\"https:\/\/lamostradevalencia.com\/ca\/la-cena-de-gomez-pereira-convida-espanya-a-riures-della-mateixa\/\" \/>\n<meta property=\"og:site_name\" content=\"Mostra de Val\u00e8ncia\" \/>\n<meta property=\"article:published_time\" content=\"2025-10-23T13:04:19+00:00\" \/>\n<meta property=\"article:modified_time\" content=\"2025-10-23T13:07:34+00:00\" \/>\n<meta property=\"og:image\" content=\"https:\/\/lamostradevalencia.com\/wp-content\/uploads\/2025\/10\/PHOTO-2025-10-23-15-00-27.jpg\" \/>\n\t<meta property=\"og:image:width\" content=\"1600\" \/>\n\t<meta property=\"og:image:height\" content=\"1069\" \/>\n\t<meta property=\"og:image:type\" content=\"image\/jpeg\" \/>\n<meta name=\"author\" content=\"contenidos\" \/>\n<meta name=\"twitter:card\" content=\"summary_large_image\" \/>\n<meta name=\"twitter:label1\" content=\"Escrit per\" \/>\n\t<meta name=\"twitter:data1\" content=\"contenidos\" \/>\n\t<meta name=\"twitter:label2\" content=\"Temps estimat de lectura\" \/>\n\t<meta name=\"twitter:data2\" content=\"3 minuts\" \/>\n<script type=\"application\/ld+json\" class=\"yoast-schema-graph\">{\"@context\":\"https:\\\/\\\/schema.org\",\"@graph\":[{\"@type\":\"Article\",\"@id\":\"https:\\\/\\\/lamostradevalencia.com\\\/ca\\\/la-cena-de-gomez-pereira-convida-espanya-a-riures-della-mateixa\\\/#article\",\"isPartOf\":{\"@id\":\"https:\\\/\\\/lamostradevalencia.com\\\/ca\\\/la-cena-de-gomez-pereira-convida-espanya-a-riures-della-mateixa\\\/\"},\"author\":{\"name\":\"contenidos\",\"@id\":\"https:\\\/\\\/lamostradevalencia.com\\\/ca\\\/#\\\/schema\\\/person\\\/361c3c0dd5489e78ad78ee4f8332efac\"},\"headline\":\"\u2018La cena\u2019, de G\u00f3mez Pereira, convida Espanya a \u201criure\u2019s d\u2019ella mateixa\u201d\",\"datePublished\":\"2025-10-23T13:04:19+00:00\",\"dateModified\":\"2025-10-23T13:07:34+00:00\",\"mainEntityOfPage\":{\"@id\":\"https:\\\/\\\/lamostradevalencia.com\\\/ca\\\/la-cena-de-gomez-pereira-convida-espanya-a-riures-della-mateixa\\\/\"},\"wordCount\":620,\"commentCount\":0,\"image\":{\"@id\":\"https:\\\/\\\/lamostradevalencia.com\\\/ca\\\/la-cena-de-gomez-pereira-convida-espanya-a-riures-della-mateixa\\\/#primaryimage\"},\"thumbnailUrl\":\"https:\\\/\\\/lamostradevalencia.com\\\/wp-content\\\/uploads\\\/2025\\\/10\\\/PHOTO-2025-10-23-15-00-27.jpg\",\"articleSection\":[\"Noticies\"],\"inLanguage\":\"ca\",\"potentialAction\":[{\"@type\":\"CommentAction\",\"name\":\"Comment\",\"target\":[\"https:\\\/\\\/lamostradevalencia.com\\\/ca\\\/la-cena-de-gomez-pereira-convida-espanya-a-riures-della-mateixa\\\/#respond\"]}]},{\"@type\":\"WebPage\",\"@id\":\"https:\\\/\\\/lamostradevalencia.com\\\/ca\\\/la-cena-de-gomez-pereira-convida-espanya-a-riures-della-mateixa\\\/\",\"url\":\"https:\\\/\\\/lamostradevalencia.com\\\/ca\\\/la-cena-de-gomez-pereira-convida-espanya-a-riures-della-mateixa\\\/\",\"name\":\"\u2018La cena\u2019, de G\u00f3mez Pereira, convida Espanya a \u201criure\u2019s d\u2019ella mateixa\u201d - Mostra de Val\u00e8ncia\",\"isPartOf\":{\"@id\":\"https:\\\/\\\/lamostradevalencia.com\\\/ca\\\/#website\"},\"primaryImageOfPage\":{\"@id\":\"https:\\\/\\\/lamostradevalencia.com\\\/ca\\\/la-cena-de-gomez-pereira-convida-espanya-a-riures-della-mateixa\\\/#primaryimage\"},\"image\":{\"@id\":\"https:\\\/\\\/lamostradevalencia.com\\\/ca\\\/la-cena-de-gomez-pereira-convida-espanya-a-riures-della-mateixa\\\/#primaryimage\"},\"thumbnailUrl\":\"https:\\\/\\\/lamostradevalencia.com\\\/wp-content\\\/uploads\\\/2025\\\/10\\\/PHOTO-2025-10-23-15-00-27.jpg\",\"datePublished\":\"2025-10-23T13:04:19+00:00\",\"dateModified\":\"2025-10-23T13:07:34+00:00\",\"author\":{\"@id\":\"https:\\\/\\\/lamostradevalencia.com\\\/ca\\\/#\\\/schema\\\/person\\\/361c3c0dd5489e78ad78ee4f8332efac\"},\"breadcrumb\":{\"@id\":\"https:\\\/\\\/lamostradevalencia.com\\\/ca\\\/la-cena-de-gomez-pereira-convida-espanya-a-riures-della-mateixa\\\/#breadcrumb\"},\"inLanguage\":\"ca\",\"potentialAction\":[{\"@type\":\"ReadAction\",\"target\":[\"https:\\\/\\\/lamostradevalencia.com\\\/ca\\\/la-cena-de-gomez-pereira-convida-espanya-a-riures-della-mateixa\\\/\"]}]},{\"@type\":\"ImageObject\",\"inLanguage\":\"ca\",\"@id\":\"https:\\\/\\\/lamostradevalencia.com\\\/ca\\\/la-cena-de-gomez-pereira-convida-espanya-a-riures-della-mateixa\\\/#primaryimage\",\"url\":\"https:\\\/\\\/lamostradevalencia.com\\\/wp-content\\\/uploads\\\/2025\\\/10\\\/PHOTO-2025-10-23-15-00-27.jpg\",\"contentUrl\":\"https:\\\/\\\/lamostradevalencia.com\\\/wp-content\\\/uploads\\\/2025\\\/10\\\/PHOTO-2025-10-23-15-00-27.jpg\",\"width\":1600,\"height\":1069},{\"@type\":\"BreadcrumbList\",\"@id\":\"https:\\\/\\\/lamostradevalencia.com\\\/ca\\\/la-cena-de-gomez-pereira-convida-espanya-a-riures-della-mateixa\\\/#breadcrumb\",\"itemListElement\":[{\"@type\":\"ListItem\",\"position\":1,\"name\":\"Portada\",\"item\":\"https:\\\/\\\/lamostradevalencia.com\\\/ca\\\/\"},{\"@type\":\"ListItem\",\"position\":2,\"name\":\"\u2018La cena\u2019, de G\u00f3mez Pereira, convida Espanya a \u201criure\u2019s d\u2019ella mateixa\u201d\"}]},{\"@type\":\"WebSite\",\"@id\":\"https:\\\/\\\/lamostradevalencia.com\\\/ca\\\/#website\",\"url\":\"https:\\\/\\\/lamostradevalencia.com\\\/ca\\\/\",\"name\":\"Mostra de Val\u00e8ncia\",\"description\":\"Cinema del Mediterrani\",\"potentialAction\":[{\"@type\":\"SearchAction\",\"target\":{\"@type\":\"EntryPoint\",\"urlTemplate\":\"https:\\\/\\\/lamostradevalencia.com\\\/ca\\\/?s={search_term_string}\"},\"query-input\":{\"@type\":\"PropertyValueSpecification\",\"valueRequired\":true,\"valueName\":\"search_term_string\"}}],\"inLanguage\":\"ca\"},{\"@type\":\"Person\",\"@id\":\"https:\\\/\\\/lamostradevalencia.com\\\/ca\\\/#\\\/schema\\\/person\\\/361c3c0dd5489e78ad78ee4f8332efac\",\"name\":\"contenidos\",\"image\":{\"@type\":\"ImageObject\",\"inLanguage\":\"ca\",\"@id\":\"https:\\\/\\\/secure.gravatar.com\\\/avatar\\\/a87eddc188a32d5a0371ff92ef616b5006a91e389296d49d081f8d424eef134c?s=96&d=mm&r=g\",\"url\":\"https:\\\/\\\/secure.gravatar.com\\\/avatar\\\/a87eddc188a32d5a0371ff92ef616b5006a91e389296d49d081f8d424eef134c?s=96&d=mm&r=g\",\"contentUrl\":\"https:\\\/\\\/secure.gravatar.com\\\/avatar\\\/a87eddc188a32d5a0371ff92ef616b5006a91e389296d49d081f8d424eef134c?s=96&d=mm&r=g\",\"caption\":\"contenidos\"}}]}<\/script>\n<!-- \/ Yoast SEO plugin. -->","yoast_head_json":{"title":"\u2018La cena\u2019, de G\u00f3mez Pereira, convida Espanya a \u201criure\u2019s d\u2019ella mateixa\u201d - Mostra de Val\u00e8ncia","robots":{"index":"index","follow":"follow","max-snippet":"max-snippet:-1","max-image-preview":"max-image-preview:large","max-video-preview":"max-video-preview:-1"},"canonical":"https:\/\/lamostradevalencia.com\/ca\/la-cena-de-gomez-pereira-convida-espanya-a-riures-della-mateixa\/","og_locale":"ca_ES","og_type":"article","og_title":"\u2018La cena\u2019, de G\u00f3mez Pereira, convida Espanya a \u201criure\u2019s d\u2019ella mateixa\u201d - Mostra de Val\u00e8ncia","og_description":"El director, Asier Etxeandia i Elvira M\u00ednguez, convidats d\u2019honor de l\u2019obertura de la 40a Mostra de Val\u00e8ncia L\u2019equip de la pel\u00b7l\u00edcula \u2018La cena\u2019, dirigida per [&hellip;]","og_url":"https:\/\/lamostradevalencia.com\/ca\/la-cena-de-gomez-pereira-convida-espanya-a-riures-della-mateixa\/","og_site_name":"Mostra de Val\u00e8ncia","article_published_time":"2025-10-23T13:04:19+00:00","article_modified_time":"2025-10-23T13:07:34+00:00","og_image":[{"width":1600,"height":1069,"url":"https:\/\/lamostradevalencia.com\/wp-content\/uploads\/2025\/10\/PHOTO-2025-10-23-15-00-27.jpg","type":"image\/jpeg"}],"author":"contenidos","twitter_card":"summary_large_image","twitter_misc":{"Escrit per":"contenidos","Temps estimat de lectura":"3 minuts"},"schema":{"@context":"https:\/\/schema.org","@graph":[{"@type":"Article","@id":"https:\/\/lamostradevalencia.com\/ca\/la-cena-de-gomez-pereira-convida-espanya-a-riures-della-mateixa\/#article","isPartOf":{"@id":"https:\/\/lamostradevalencia.com\/ca\/la-cena-de-gomez-pereira-convida-espanya-a-riures-della-mateixa\/"},"author":{"name":"contenidos","@id":"https:\/\/lamostradevalencia.com\/ca\/#\/schema\/person\/361c3c0dd5489e78ad78ee4f8332efac"},"headline":"\u2018La cena\u2019, de G\u00f3mez Pereira, convida Espanya a \u201criure\u2019s d\u2019ella mateixa\u201d","datePublished":"2025-10-23T13:04:19+00:00","dateModified":"2025-10-23T13:07:34+00:00","mainEntityOfPage":{"@id":"https:\/\/lamostradevalencia.com\/ca\/la-cena-de-gomez-pereira-convida-espanya-a-riures-della-mateixa\/"},"wordCount":620,"commentCount":0,"image":{"@id":"https:\/\/lamostradevalencia.com\/ca\/la-cena-de-gomez-pereira-convida-espanya-a-riures-della-mateixa\/#primaryimage"},"thumbnailUrl":"https:\/\/lamostradevalencia.com\/wp-content\/uploads\/2025\/10\/PHOTO-2025-10-23-15-00-27.jpg","articleSection":["Noticies"],"inLanguage":"ca","potentialAction":[{"@type":"CommentAction","name":"Comment","target":["https:\/\/lamostradevalencia.com\/ca\/la-cena-de-gomez-pereira-convida-espanya-a-riures-della-mateixa\/#respond"]}]},{"@type":"WebPage","@id":"https:\/\/lamostradevalencia.com\/ca\/la-cena-de-gomez-pereira-convida-espanya-a-riures-della-mateixa\/","url":"https:\/\/lamostradevalencia.com\/ca\/la-cena-de-gomez-pereira-convida-espanya-a-riures-della-mateixa\/","name":"\u2018La cena\u2019, de G\u00f3mez Pereira, convida Espanya a \u201criure\u2019s d\u2019ella mateixa\u201d - Mostra de Val\u00e8ncia","isPartOf":{"@id":"https:\/\/lamostradevalencia.com\/ca\/#website"},"primaryImageOfPage":{"@id":"https:\/\/lamostradevalencia.com\/ca\/la-cena-de-gomez-pereira-convida-espanya-a-riures-della-mateixa\/#primaryimage"},"image":{"@id":"https:\/\/lamostradevalencia.com\/ca\/la-cena-de-gomez-pereira-convida-espanya-a-riures-della-mateixa\/#primaryimage"},"thumbnailUrl":"https:\/\/lamostradevalencia.com\/wp-content\/uploads\/2025\/10\/PHOTO-2025-10-23-15-00-27.jpg","datePublished":"2025-10-23T13:04:19+00:00","dateModified":"2025-10-23T13:07:34+00:00","author":{"@id":"https:\/\/lamostradevalencia.com\/ca\/#\/schema\/person\/361c3c0dd5489e78ad78ee4f8332efac"},"breadcrumb":{"@id":"https:\/\/lamostradevalencia.com\/ca\/la-cena-de-gomez-pereira-convida-espanya-a-riures-della-mateixa\/#breadcrumb"},"inLanguage":"ca","potentialAction":[{"@type":"ReadAction","target":["https:\/\/lamostradevalencia.com\/ca\/la-cena-de-gomez-pereira-convida-espanya-a-riures-della-mateixa\/"]}]},{"@type":"ImageObject","inLanguage":"ca","@id":"https:\/\/lamostradevalencia.com\/ca\/la-cena-de-gomez-pereira-convida-espanya-a-riures-della-mateixa\/#primaryimage","url":"https:\/\/lamostradevalencia.com\/wp-content\/uploads\/2025\/10\/PHOTO-2025-10-23-15-00-27.jpg","contentUrl":"https:\/\/lamostradevalencia.com\/wp-content\/uploads\/2025\/10\/PHOTO-2025-10-23-15-00-27.jpg","width":1600,"height":1069},{"@type":"BreadcrumbList","@id":"https:\/\/lamostradevalencia.com\/ca\/la-cena-de-gomez-pereira-convida-espanya-a-riures-della-mateixa\/#breadcrumb","itemListElement":[{"@type":"ListItem","position":1,"name":"Portada","item":"https:\/\/lamostradevalencia.com\/ca\/"},{"@type":"ListItem","position":2,"name":"\u2018La cena\u2019, de G\u00f3mez Pereira, convida Espanya a \u201criure\u2019s d\u2019ella mateixa\u201d"}]},{"@type":"WebSite","@id":"https:\/\/lamostradevalencia.com\/ca\/#website","url":"https:\/\/lamostradevalencia.com\/ca\/","name":"Mostra de Val\u00e8ncia","description":"Cinema del Mediterrani","potentialAction":[{"@type":"SearchAction","target":{"@type":"EntryPoint","urlTemplate":"https:\/\/lamostradevalencia.com\/ca\/?s={search_term_string}"},"query-input":{"@type":"PropertyValueSpecification","valueRequired":true,"valueName":"search_term_string"}}],"inLanguage":"ca"},{"@type":"Person","@id":"https:\/\/lamostradevalencia.com\/ca\/#\/schema\/person\/361c3c0dd5489e78ad78ee4f8332efac","name":"contenidos","image":{"@type":"ImageObject","inLanguage":"ca","@id":"https:\/\/secure.gravatar.com\/avatar\/a87eddc188a32d5a0371ff92ef616b5006a91e389296d49d081f8d424eef134c?s=96&d=mm&r=g","url":"https:\/\/secure.gravatar.com\/avatar\/a87eddc188a32d5a0371ff92ef616b5006a91e389296d49d081f8d424eef134c?s=96&d=mm&r=g","contentUrl":"https:\/\/secure.gravatar.com\/avatar\/a87eddc188a32d5a0371ff92ef616b5006a91e389296d49d081f8d424eef134c?s=96&d=mm&r=g","caption":"contenidos"}}]}},"uagb_featured_image_src":{"full":["https:\/\/lamostradevalencia.com\/wp-content\/uploads\/2025\/10\/PHOTO-2025-10-23-15-00-27.jpg",1600,1069,false],"thumbnail":["https:\/\/lamostradevalencia.com\/wp-content\/uploads\/2025\/10\/PHOTO-2025-10-23-15-00-27-150x150.jpg",150,150,true],"medium":["https:\/\/lamostradevalencia.com\/wp-content\/uploads\/2025\/10\/PHOTO-2025-10-23-15-00-27-300x200.jpg",300,200,true],"medium_large":["https:\/\/lamostradevalencia.com\/wp-content\/uploads\/2025\/10\/PHOTO-2025-10-23-15-00-27-768x513.jpg",768,513,true],"large":["https:\/\/lamostradevalencia.com\/wp-content\/uploads\/2025\/10\/PHOTO-2025-10-23-15-00-27-1024x684.jpg",1024,684,true],"1536x1536":["https:\/\/lamostradevalencia.com\/wp-content\/uploads\/2025\/10\/PHOTO-2025-10-23-15-00-27-1536x1026.jpg",1536,1026,true],"2048x2048":["https:\/\/lamostradevalencia.com\/wp-content\/uploads\/2025\/10\/PHOTO-2025-10-23-15-00-27.jpg",1600,1069,false],"cinerama_edge_image_square":["https:\/\/lamostradevalencia.com\/wp-content\/uploads\/2025\/10\/PHOTO-2025-10-23-15-00-27-550x550.jpg",550,550,true],"cinerama_edge_image_landscape":["https:\/\/lamostradevalencia.com\/wp-content\/uploads\/2025\/10\/PHOTO-2025-10-23-15-00-27-1100x550.jpg",1100,550,true],"cinerama_edge_image_portrait":["https:\/\/lamostradevalencia.com\/wp-content\/uploads\/2025\/10\/PHOTO-2025-10-23-15-00-27-550x1069.jpg",550,1069,true],"cinerama_edge_image_huge":["https:\/\/lamostradevalencia.com\/wp-content\/uploads\/2025\/10\/PHOTO-2025-10-23-15-00-27-1100x1069.jpg",1100,1069,true],"gform-image-choice-sm":["https:\/\/lamostradevalencia.com\/wp-content\/uploads\/2025\/10\/PHOTO-2025-10-23-15-00-27.jpg",300,200,false],"gform-image-choice-md":["https:\/\/lamostradevalencia.com\/wp-content\/uploads\/2025\/10\/PHOTO-2025-10-23-15-00-27.jpg",400,267,false],"gform-image-choice-lg":["https:\/\/lamostradevalencia.com\/wp-content\/uploads\/2025\/10\/PHOTO-2025-10-23-15-00-27.jpg",600,401,false]},"uagb_author_info":{"display_name":"contenidos","author_link":"https:\/\/lamostradevalencia.com\/ca\/author\/contenidos\/"},"uagb_comment_info":0,"uagb_excerpt":"El director, Asier Etxeandia i Elvira M\u00ednguez, convidats d\u2019honor de l\u2019obertura de la 40a Mostra de Val\u00e8ncia L\u2019equip de la pel\u00b7l\u00edcula \u2018La cena\u2019, dirigida per [&hellip;]","_links":{"self":[{"href":"https:\/\/lamostradevalencia.com\/ca\/wp-json\/wp\/v2\/posts\/30358","targetHints":{"allow":["GET"]}}],"collection":[{"href":"https:\/\/lamostradevalencia.com\/ca\/wp-json\/wp\/v2\/posts"}],"about":[{"href":"https:\/\/lamostradevalencia.com\/ca\/wp-json\/wp\/v2\/types\/post"}],"author":[{"embeddable":true,"href":"https:\/\/lamostradevalencia.com\/ca\/wp-json\/wp\/v2\/users\/3"}],"replies":[{"embeddable":true,"href":"https:\/\/lamostradevalencia.com\/ca\/wp-json\/wp\/v2\/comments?post=30358"}],"version-history":[{"count":1,"href":"https:\/\/lamostradevalencia.com\/ca\/wp-json\/wp\/v2\/posts\/30358\/revisions"}],"predecessor-version":[{"id":30359,"href":"https:\/\/lamostradevalencia.com\/ca\/wp-json\/wp\/v2\/posts\/30358\/revisions\/30359"}],"wp:featuredmedia":[{"embeddable":true,"href":"https:\/\/lamostradevalencia.com\/ca\/wp-json\/wp\/v2\/media\/30362"}],"wp:attachment":[{"href":"https:\/\/lamostradevalencia.com\/ca\/wp-json\/wp\/v2\/media?parent=30358"}],"wp:term":[{"taxonomy":"category","embeddable":true,"href":"https:\/\/lamostradevalencia.com\/ca\/wp-json\/wp\/v2\/categories?post=30358"},{"taxonomy":"post_tag","embeddable":true,"href":"https:\/\/lamostradevalencia.com\/ca\/wp-json\/wp\/v2\/tags?post=30358"}],"curies":[{"name":"wp","href":"https:\/\/api.w.org\/{rel}","templated":true}]}}