{"id":30154,"date":"2025-10-22T14:11:30","date_gmt":"2025-10-22T12:11:30","guid":{"rendered":"https:\/\/lamostradevalencia.com\/?p=30154"},"modified":"2025-10-22T14:14:07","modified_gmt":"2025-10-22T12:14:07","slug":"els-comics-saray-cerro-i-lluis-mosquera-presentaran-les-gales-dobertura-i-cloenda-de-la-40a-mostra-de-valencia","status":"publish","type":"post","link":"https:\/\/lamostradevalencia.com\/ca\/els-comics-saray-cerro-i-lluis-mosquera-presentaran-les-gales-dobertura-i-cloenda-de-la-40a-mostra-de-valencia\/","title":{"rendered":"Els c\u00f2mics Saray Cerro i Llu\u00eds Mosquera presentaran les gales d&#8217;obertura i cloenda de la 40\u00aa Mostra de Val\u00e8ncia"},"content":{"rendered":"<h5><i><span style=\"font-weight: 400;\">Fernando de Luis-Orueta dirigir\u00e0 <\/span><\/i><i><span style=\"font-weight: 400;\">les cerim\u00f2nies amb un car\u00e0cter festiu i descarat per a celebrar l&#8217;aniversari<\/span><\/i><\/h5>\n<p><span style=\"font-weight: 400;\">La Mostra de Val\u00e8ncia, organitzada pel Palau de la M\u00fasica, <\/span><span style=\"font-weight: 400;\">al\u00e7ar\u00e0 el tel\u00f3 en el Teatre Principal dem\u00e0 a les 20 hores amb un ambient especialment festiu per a celebrar la seua 40 edici\u00f3: \u201cEn aquesta nova etapa del festival<\/span><b> volem apostar per donar un major protagonisme i visibilitat a les gales ja que , al cap i a la fi, s\u00f3n la carta de presentaci\u00f3 i comiat del festival tant per al p\u00fablic com per a la professi\u00f3<\/b><span style=\"font-weight: 400;\">\u201d, assegura Sara Mansanet, subdirectora de Cinematografia i Audiovisuals del Palau de la M\u00fasica, que organitza el festival a partir d&#8217;aquesta edici\u00f3.<\/span><\/p>\n<p><span style=\"font-weight: 400;\">Per a aix\u00f2, totes dues cerim\u00f2nies seran condu\u00efdes per dos c\u00f2mics valencians, Saray Cerro i Llu\u00eds Mosquera; i dirigides per un expert en cerim\u00f2nies d&#8217;aquest tipus: Fernando de Luis-Orueta. <\/span><b>\u201cLes gales tindran com a principal component l&#8217;humor, <\/b><span style=\"font-weight: 400;\">que partir\u00e0 d&#8217;elements locals, per\u00f2 que puga ser ent\u00e9s pels convidats globals. Un altre dels nostres objectius \u00e9s l&#8217;agilitat, tant a l&#8217;hora de presentar les seccions en l&#8217;obertura com per a entregar els premis en la clausura\u201d, assegura Fernando de Luis-Orueta, director de les dues cerim\u00f2nies, el gui\u00f3 de les quals est\u00e0 signat per Ra\u00fal D\u00edaz i el mateix Llu\u00eds Mosquera.<\/span><\/p>\n<p><span style=\"font-weight: 400;\">Per part seua, els presentadors s&#8217;han mostrat orgullosos que la Mostra aposte pel talent valenci\u00e0: <\/span><b>\u201cTenim experi\u00e8ncia en gales per separat, aix\u00ed que fer-ho junts \u00e9s un regal. Ens caiem b\u00e9 i malament de veritat,<\/b><span style=\"font-weight: 400;\"> com es veur\u00e0 en les cerim\u00f2nies\u201d, assegura Mosquera. \u201cEs veu que seriosos no som, aix\u00ed que no seran unes gales avorrides -assegura Saray Cerro-. He cobert la Mostra com a reportera i ara la presente. Aix\u00ed que sent que es tanca el cercle. Agra\u00efm molt que aposten per nosaltres\u201d. I ells han decidit fer-ho pel disseny valenci\u00e0, aix\u00ed que comptaran amb vestuari de Modis Studio, Paco Benavente i Bibencia. El maquillatge ser\u00e0 cosa de Marcos Fern\u00e1ndez Gonz\u00e1lez.<\/span><\/p>\n<p><b>Saray Cerro<\/b> <span style=\"font-weight: 400;\">\u00a0\u00e9s una c\u00f2mica d&#8217;Alcoi que porta actuant des de 2019. Ella mateixa defineix el seu humor com \u201calguna cosa bruta i c\u00ednica\u201d, i sempre explica an\u00e8cdotes personals en qu\u00e8 mostra que \u00e9s una cosa maldestra i que t\u00e9 mala sort. Va ser reportera del programa <\/span><span style=\"font-weight: 400;\">\u2018Podr\u00edem fer-ho millor\u2019,<\/span><span style=\"font-weight: 400;\"> d&#8217;\u00c0 Punt R\u00e0dio, guanyadora del concurs <\/span><span style=\"font-weight: 400;\">Riot Comedy Fem Val\u00e8ncia<\/span><span style=\"font-weight: 400;\">, \u00e9s una de les c\u00f2miques del segell <\/span><span style=\"font-weight: 400;\">Riures en valenci\u00e0 de Maria Juan<\/span><span style=\"font-weight: 400;\"> i actual col\u00b7laboradora en <\/span><span style=\"font-weight: 400;\">\u2018Todo es mentira\u2019 de Cuatro.<\/span><\/p>\n<p><b>Llu\u00eds Mosquera <\/b><b>a<\/b><span style=\"font-weight: 400;\">\u00e9s guionista, c\u00f2mic i professor d&#8217;escriptura. Ha participat com a guionista en produccions com <\/span><span style=\"font-weight: 400;\">\u2018Drag Race Espa\u00f1a\u2019, \u2018La revuelta\u2019 i \u2018Elite\u2019.<\/span><span style=\"font-weight: 400;\"> Va superar el M\u00e0ster de Showrunners: aula de ficci\u00f3 en l\u2019ESCAC i el M\u00e0ster en Narrativa Audiovisual a Sevilla<\/span><\/p>\n<p><b>Fernando de Luis-Orueta<\/b><span style=\"font-weight: 400;\"> ha <\/span><span style=\"font-weight: 400;\">ha sigut productor executiu de les gales dels Premis Feroz des de la seua creaci\u00f3, en 2014, i ha format part de l&#8217;equip de direcci\u00f3 de totes elles. A m\u00e9s, ha dirigit les gales del Festival Internacional de Cinema d&#8217;Almeria des de 2018 a 2021 i del festival Cineuropa de Santiago de Compostel\u00b7la en 2018. Va ser el primer director de l&#8217;espectacle <\/span><span style=\"font-weight: 400;\">&#8216;Sing-Along&#8217;,<\/span><span style=\"font-weight: 400;\"> un &#8216;xou&#8217; h\u00edbrid de cinema, teatre i animaci\u00f3 que durant quasi una d\u00e8cada ha girat per tota Espanya.\u00a0<\/span><\/p>\n<p><b>Ra\u00fal D\u00edaz<\/b><span style=\"font-weight: 400;\"> \u00e9s guionista i director. Ha escrit s\u00e8ries com <\/span><b>\u20187vidas\u2019<\/b><span style=\"font-weight: 400;\">, <\/span><b>\u2018A\u00edda\u2019<\/b><span style=\"font-weight: 400;\"> o <\/span><b>\u2018Anclados\u2019<\/b><span style=\"font-weight: 400;\">, arribant a ser, en les dues \u00faltimes, coordinador de gui\u00f3 i productor executiu. En entreteniment, ha sigut guionista de programes com <\/span><b>\u2018Zapeando\u2019<\/b><span style=\"font-weight: 400;\">, <\/span><b>\u2018El Intermedio\u2019<\/b><span style=\"font-weight: 400;\">, dels <\/span><b>Premis Goya<\/b><span style=\"font-weight: 400;\">, aix\u00ed com de diverses gales dels <\/span><b>Premis Feroz<\/b><span style=\"font-weight: 400;\"> i del <\/span><b>Festival de Almer\u00eda<\/b><span style=\"font-weight: 400;\">, on va dirigir en diverses ocasions, i del <\/span><b>Festival de M\u00e1laga<\/b><span style=\"font-weight: 400;\">. La tasca de direcci\u00f3 tamb\u00e9 la va exercir en <\/span><b>\u2018La Script en Movistar+\u2019<\/b><span style=\"font-weight: 400;\"> i en diversos cap\u00edtols de <\/span><b>\u2018A\u00edda\u2019<\/b><span style=\"font-weight: 400;\">. Actualment, despr\u00e9s de col\u00b7laborar en els di\u00e0legs de la pel\u00b7l\u00edcula <\/span><b>\u2018A\u00edda y Vuelta\u2019<\/b><span style=\"font-weight: 400;\">, acaba de finalitzar la primera temporada de <\/span><b>\u2018Barrio Esperanza\u2019<\/b><span style=\"font-weight: 400;\">, una nova s\u00e8rie de com\u00e8dia per a <\/span><b>TVE<\/b><span style=\"font-weight: 400;\">.<\/span><\/p>\n<p><b>Despr\u00e9s de la cerim\u00f2nia d\u2019obertura es projectar\u00e0<\/b> <b>\u2018La cena\u2019<\/b><span style=\"font-weight: 400;\">, una com\u00e8dia dram\u00e0tica de coproducci\u00f3 valenciana. Ambientada a l\u2019abril de 1939, dues setmanes despr\u00e9s del final de la Guerra Civil espanyola, la trama gira al voltant d\u2019un sopar organitzat per a Franco i els seus generals a l\u2019<\/span><b>Hotel Palace<\/b><span style=\"font-weight: 400;\"> de Madrid, preparat per cuiners republicans que busquen la seua \u00faltima oportunitat de fugir del pa\u00eds. No sols est\u00e0 coprodu\u00efda per la valenciana <\/span><b>Turanga Films<\/b><span style=\"font-weight: 400;\">, sin\u00f3 que a m\u00e9s bona part de l\u2019equip t\u00e8cnic i art\u00edstic \u2014<\/span><b>\u00d3scar Lasarte, Ferran Gadea, Toni Agust\u00ed, Gl\u00f2ria March<\/b><span style=\"font-weight: 400;\"> i <\/span><b>Carlos Serrano<\/b><span style=\"font-weight: 400;\">\u2014 \u00e9s valenci\u00e0 i algunes seq\u00fc\u00e8ncies van ser rodades a la capital del T\u00faria; per exemple, el <\/span><b>Palacio de las Comunicaciones<\/b><span style=\"font-weight: 400;\"> (<\/span><b>Edifici de Correus<\/b><span style=\"font-weight: 400;\">) va ser utilitzat per representar la part noble de l\u2019<\/span><b>Hotel Palace<\/b><span style=\"font-weight: 400;\">.<\/span><\/p>\n<p><span style=\"font-weight: 400;\">Despr\u00e9s del lliurament del palmar\u00e9s en la clausura, es projectar\u00e0 el mediometratge: <\/span><b>\u2018+10k\u2019<\/b><span style=\"font-weight: 400;\">, de <\/span><b>Gala Hern\u00e1ndez L\u00f3pez<\/b><span style=\"font-weight: 400;\">, que es va estrenar en la passada <\/span><b>Quinzena de Realitzadors<\/b><span style=\"font-weight: 400;\"> del <\/span><b>Festival de Cannes<\/b><span style=\"font-weight: 400;\">. Es tracta d\u2019un documental que seguix Pol, un jove de 21 anys que viu amb la seua \u00e0via, somia a establir-se a Miami i guanyar m\u00e9s de deu mil euros al mes. Per a aix\u00f2, assistix a xarrades motivacionals, seguix <\/span><i><span style=\"font-weight: 400;\">coaches<\/span><\/i><span style=\"font-weight: 400;\"> en l\u00ednia i invertix en criptomonedes. Pol no sap quan aconseguir\u00e0 assolir estes metes ni convertir-se en la millor versi\u00f3 de si mateix; l\u2019\u00fanica cosa que sap \u00e9s que algun dia ho aconseguir\u00e0.<\/span><\/p>\n","protected":false},"excerpt":{"rendered":"<p>Fernando de Luis-Orueta dirigir\u00e0 les cerim\u00f2nies amb un car\u00e0cter festiu i descarat per a celebrar l&#8217;aniversari La Mostra de Val\u00e8ncia, organitzada pel Palau de la [&hellip;]<\/p>\n","protected":false},"author":3,"featured_media":30180,"comment_status":"open","ping_status":"open","sticky":false,"template":"","format":"standard","meta":{"_uag_custom_page_level_css":"","_jet_sm_ready_style":"","_jet_sm_style":"","_jet_sm_controls_values":"","_jet_sm_fonts_collection":"","_jet_sm_fonts_links":"","footnotes":""},"categories":[455],"tags":[],"class_list":["post-30154","post","type-post","status-publish","format-standard","has-post-thumbnail","hentry","category-noticies"],"yoast_head":"<!-- This site is optimized with the Yoast SEO plugin v27.5 - https:\/\/yoast.com\/product\/yoast-seo-wordpress\/ -->\n<title>Els c\u00f2mics Saray Cerro i Llu\u00eds Mosquera presentaran les gales d&#039;obertura i cloenda de la 40\u00aa Mostra de Val\u00e8ncia - Mostra de Val\u00e8ncia<\/title>\n<meta name=\"robots\" content=\"index, follow, max-snippet:-1, max-image-preview:large, max-video-preview:-1\" \/>\n<link rel=\"canonical\" href=\"https:\/\/lamostradevalencia.com\/ca\/els-comics-saray-cerro-i-lluis-mosquera-presentaran-les-gales-dobertura-i-cloenda-de-la-40a-mostra-de-valencia\/\" \/>\n<meta property=\"og:locale\" content=\"ca_ES\" \/>\n<meta property=\"og:type\" content=\"article\" \/>\n<meta property=\"og:title\" content=\"Els c\u00f2mics Saray Cerro i Llu\u00eds Mosquera presentaran les gales d&#039;obertura i cloenda de la 40\u00aa Mostra de Val\u00e8ncia - Mostra de Val\u00e8ncia\" \/>\n<meta property=\"og:description\" content=\"Fernando de Luis-Orueta dirigir\u00e0 les cerim\u00f2nies amb un car\u00e0cter festiu i descarat per a celebrar l&#8217;aniversari La Mostra de Val\u00e8ncia, organitzada pel Palau de la [&hellip;]\" \/>\n<meta property=\"og:url\" content=\"https:\/\/lamostradevalencia.com\/ca\/els-comics-saray-cerro-i-lluis-mosquera-presentaran-les-gales-dobertura-i-cloenda-de-la-40a-mostra-de-valencia\/\" \/>\n<meta property=\"og:site_name\" content=\"Mostra de Val\u00e8ncia\" \/>\n<meta property=\"article:published_time\" content=\"2025-10-22T12:11:30+00:00\" \/>\n<meta property=\"article:modified_time\" content=\"2025-10-22T12:14:07+00:00\" \/>\n<meta property=\"og:image\" content=\"https:\/\/lamostradevalencia.com\/wp-content\/uploads\/2025\/10\/RUEDA-PRENSA-Oficial.-pedroecastelo-27-scaled.jpg\" \/>\n\t<meta property=\"og:image:width\" content=\"1710\" \/>\n\t<meta property=\"og:image:height\" content=\"2560\" \/>\n\t<meta property=\"og:image:type\" content=\"image\/jpeg\" \/>\n<meta name=\"author\" content=\"contenidos\" \/>\n<meta name=\"twitter:card\" content=\"summary_large_image\" \/>\n<meta name=\"twitter:label1\" content=\"Escrit per\" \/>\n\t<meta name=\"twitter:data1\" content=\"contenidos\" \/>\n\t<meta name=\"twitter:label2\" content=\"Temps estimat de lectura\" \/>\n\t<meta name=\"twitter:data2\" content=\"5 minuts\" \/>\n<script type=\"application\/ld+json\" class=\"yoast-schema-graph\">{\"@context\":\"https:\\\/\\\/schema.org\",\"@graph\":[{\"@type\":\"Article\",\"@id\":\"https:\\\/\\\/lamostradevalencia.com\\\/ca\\\/els-comics-saray-cerro-i-lluis-mosquera-presentaran-les-gales-dobertura-i-cloenda-de-la-40a-mostra-de-valencia\\\/#article\",\"isPartOf\":{\"@id\":\"https:\\\/\\\/lamostradevalencia.com\\\/ca\\\/els-comics-saray-cerro-i-lluis-mosquera-presentaran-les-gales-dobertura-i-cloenda-de-la-40a-mostra-de-valencia\\\/\"},\"author\":{\"name\":\"contenidos\",\"@id\":\"https:\\\/\\\/lamostradevalencia.com\\\/ca\\\/#\\\/schema\\\/person\\\/361c3c0dd5489e78ad78ee4f8332efac\"},\"headline\":\"Els c\u00f2mics Saray Cerro i Llu\u00eds Mosquera presentaran les gales d&#8217;obertura i cloenda de la 40\u00aa Mostra de Val\u00e8ncia\",\"datePublished\":\"2025-10-22T12:11:30+00:00\",\"dateModified\":\"2025-10-22T12:14:07+00:00\",\"mainEntityOfPage\":{\"@id\":\"https:\\\/\\\/lamostradevalencia.com\\\/ca\\\/els-comics-saray-cerro-i-lluis-mosquera-presentaran-les-gales-dobertura-i-cloenda-de-la-40a-mostra-de-valencia\\\/\"},\"wordCount\":994,\"commentCount\":0,\"image\":{\"@id\":\"https:\\\/\\\/lamostradevalencia.com\\\/ca\\\/els-comics-saray-cerro-i-lluis-mosquera-presentaran-les-gales-dobertura-i-cloenda-de-la-40a-mostra-de-valencia\\\/#primaryimage\"},\"thumbnailUrl\":\"https:\\\/\\\/lamostradevalencia.com\\\/wp-content\\\/uploads\\\/2025\\\/10\\\/RUEDA-PRENSA-Oficial.-pedroecastelo-27-scaled.jpg\",\"articleSection\":[\"Noticies\"],\"inLanguage\":\"ca\",\"potentialAction\":[{\"@type\":\"CommentAction\",\"name\":\"Comment\",\"target\":[\"https:\\\/\\\/lamostradevalencia.com\\\/ca\\\/els-comics-saray-cerro-i-lluis-mosquera-presentaran-les-gales-dobertura-i-cloenda-de-la-40a-mostra-de-valencia\\\/#respond\"]}]},{\"@type\":\"WebPage\",\"@id\":\"https:\\\/\\\/lamostradevalencia.com\\\/ca\\\/els-comics-saray-cerro-i-lluis-mosquera-presentaran-les-gales-dobertura-i-cloenda-de-la-40a-mostra-de-valencia\\\/\",\"url\":\"https:\\\/\\\/lamostradevalencia.com\\\/ca\\\/els-comics-saray-cerro-i-lluis-mosquera-presentaran-les-gales-dobertura-i-cloenda-de-la-40a-mostra-de-valencia\\\/\",\"name\":\"Els c\u00f2mics Saray Cerro i Llu\u00eds Mosquera presentaran les gales d'obertura i cloenda de la 40\u00aa Mostra de Val\u00e8ncia - Mostra de Val\u00e8ncia\",\"isPartOf\":{\"@id\":\"https:\\\/\\\/lamostradevalencia.com\\\/ca\\\/#website\"},\"primaryImageOfPage\":{\"@id\":\"https:\\\/\\\/lamostradevalencia.com\\\/ca\\\/els-comics-saray-cerro-i-lluis-mosquera-presentaran-les-gales-dobertura-i-cloenda-de-la-40a-mostra-de-valencia\\\/#primaryimage\"},\"image\":{\"@id\":\"https:\\\/\\\/lamostradevalencia.com\\\/ca\\\/els-comics-saray-cerro-i-lluis-mosquera-presentaran-les-gales-dobertura-i-cloenda-de-la-40a-mostra-de-valencia\\\/#primaryimage\"},\"thumbnailUrl\":\"https:\\\/\\\/lamostradevalencia.com\\\/wp-content\\\/uploads\\\/2025\\\/10\\\/RUEDA-PRENSA-Oficial.-pedroecastelo-27-scaled.jpg\",\"datePublished\":\"2025-10-22T12:11:30+00:00\",\"dateModified\":\"2025-10-22T12:14:07+00:00\",\"author\":{\"@id\":\"https:\\\/\\\/lamostradevalencia.com\\\/ca\\\/#\\\/schema\\\/person\\\/361c3c0dd5489e78ad78ee4f8332efac\"},\"breadcrumb\":{\"@id\":\"https:\\\/\\\/lamostradevalencia.com\\\/ca\\\/els-comics-saray-cerro-i-lluis-mosquera-presentaran-les-gales-dobertura-i-cloenda-de-la-40a-mostra-de-valencia\\\/#breadcrumb\"},\"inLanguage\":\"ca\",\"potentialAction\":[{\"@type\":\"ReadAction\",\"target\":[\"https:\\\/\\\/lamostradevalencia.com\\\/ca\\\/els-comics-saray-cerro-i-lluis-mosquera-presentaran-les-gales-dobertura-i-cloenda-de-la-40a-mostra-de-valencia\\\/\"]}]},{\"@type\":\"ImageObject\",\"inLanguage\":\"ca\",\"@id\":\"https:\\\/\\\/lamostradevalencia.com\\\/ca\\\/els-comics-saray-cerro-i-lluis-mosquera-presentaran-les-gales-dobertura-i-cloenda-de-la-40a-mostra-de-valencia\\\/#primaryimage\",\"url\":\"https:\\\/\\\/lamostradevalencia.com\\\/wp-content\\\/uploads\\\/2025\\\/10\\\/RUEDA-PRENSA-Oficial.-pedroecastelo-27-scaled.jpg\",\"contentUrl\":\"https:\\\/\\\/lamostradevalencia.com\\\/wp-content\\\/uploads\\\/2025\\\/10\\\/RUEDA-PRENSA-Oficial.-pedroecastelo-27-scaled.jpg\",\"width\":1710,\"height\":2560},{\"@type\":\"BreadcrumbList\",\"@id\":\"https:\\\/\\\/lamostradevalencia.com\\\/ca\\\/els-comics-saray-cerro-i-lluis-mosquera-presentaran-les-gales-dobertura-i-cloenda-de-la-40a-mostra-de-valencia\\\/#breadcrumb\",\"itemListElement\":[{\"@type\":\"ListItem\",\"position\":1,\"name\":\"Portada\",\"item\":\"https:\\\/\\\/lamostradevalencia.com\\\/ca\\\/\"},{\"@type\":\"ListItem\",\"position\":2,\"name\":\"Els c\u00f2mics Saray Cerro i Llu\u00eds Mosquera presentaran les gales d&#8217;obertura i cloenda de la 40\u00aa Mostra de Val\u00e8ncia\"}]},{\"@type\":\"WebSite\",\"@id\":\"https:\\\/\\\/lamostradevalencia.com\\\/ca\\\/#website\",\"url\":\"https:\\\/\\\/lamostradevalencia.com\\\/ca\\\/\",\"name\":\"Mostra de Val\u00e8ncia\",\"description\":\"Cinema del Mediterrani\",\"potentialAction\":[{\"@type\":\"SearchAction\",\"target\":{\"@type\":\"EntryPoint\",\"urlTemplate\":\"https:\\\/\\\/lamostradevalencia.com\\\/ca\\\/?s={search_term_string}\"},\"query-input\":{\"@type\":\"PropertyValueSpecification\",\"valueRequired\":true,\"valueName\":\"search_term_string\"}}],\"inLanguage\":\"ca\"},{\"@type\":\"Person\",\"@id\":\"https:\\\/\\\/lamostradevalencia.com\\\/ca\\\/#\\\/schema\\\/person\\\/361c3c0dd5489e78ad78ee4f8332efac\",\"name\":\"contenidos\",\"image\":{\"@type\":\"ImageObject\",\"inLanguage\":\"ca\",\"@id\":\"https:\\\/\\\/secure.gravatar.com\\\/avatar\\\/a87eddc188a32d5a0371ff92ef616b5006a91e389296d49d081f8d424eef134c?s=96&d=mm&r=g\",\"url\":\"https:\\\/\\\/secure.gravatar.com\\\/avatar\\\/a87eddc188a32d5a0371ff92ef616b5006a91e389296d49d081f8d424eef134c?s=96&d=mm&r=g\",\"contentUrl\":\"https:\\\/\\\/secure.gravatar.com\\\/avatar\\\/a87eddc188a32d5a0371ff92ef616b5006a91e389296d49d081f8d424eef134c?s=96&d=mm&r=g\",\"caption\":\"contenidos\"}}]}<\/script>\n<!-- \/ Yoast SEO plugin. -->","yoast_head_json":{"title":"Els c\u00f2mics Saray Cerro i Llu\u00eds Mosquera presentaran les gales d'obertura i cloenda de la 40\u00aa Mostra de Val\u00e8ncia - Mostra de Val\u00e8ncia","robots":{"index":"index","follow":"follow","max-snippet":"max-snippet:-1","max-image-preview":"max-image-preview:large","max-video-preview":"max-video-preview:-1"},"canonical":"https:\/\/lamostradevalencia.com\/ca\/els-comics-saray-cerro-i-lluis-mosquera-presentaran-les-gales-dobertura-i-cloenda-de-la-40a-mostra-de-valencia\/","og_locale":"ca_ES","og_type":"article","og_title":"Els c\u00f2mics Saray Cerro i Llu\u00eds Mosquera presentaran les gales d'obertura i cloenda de la 40\u00aa Mostra de Val\u00e8ncia - Mostra de Val\u00e8ncia","og_description":"Fernando de Luis-Orueta dirigir\u00e0 les cerim\u00f2nies amb un car\u00e0cter festiu i descarat per a celebrar l&#8217;aniversari La Mostra de Val\u00e8ncia, organitzada pel Palau de la [&hellip;]","og_url":"https:\/\/lamostradevalencia.com\/ca\/els-comics-saray-cerro-i-lluis-mosquera-presentaran-les-gales-dobertura-i-cloenda-de-la-40a-mostra-de-valencia\/","og_site_name":"Mostra de Val\u00e8ncia","article_published_time":"2025-10-22T12:11:30+00:00","article_modified_time":"2025-10-22T12:14:07+00:00","og_image":[{"width":1710,"height":2560,"url":"https:\/\/lamostradevalencia.com\/wp-content\/uploads\/2025\/10\/RUEDA-PRENSA-Oficial.-pedroecastelo-27-scaled.jpg","type":"image\/jpeg"}],"author":"contenidos","twitter_card":"summary_large_image","twitter_misc":{"Escrit per":"contenidos","Temps estimat de lectura":"5 minuts"},"schema":{"@context":"https:\/\/schema.org","@graph":[{"@type":"Article","@id":"https:\/\/lamostradevalencia.com\/ca\/els-comics-saray-cerro-i-lluis-mosquera-presentaran-les-gales-dobertura-i-cloenda-de-la-40a-mostra-de-valencia\/#article","isPartOf":{"@id":"https:\/\/lamostradevalencia.com\/ca\/els-comics-saray-cerro-i-lluis-mosquera-presentaran-les-gales-dobertura-i-cloenda-de-la-40a-mostra-de-valencia\/"},"author":{"name":"contenidos","@id":"https:\/\/lamostradevalencia.com\/ca\/#\/schema\/person\/361c3c0dd5489e78ad78ee4f8332efac"},"headline":"Els c\u00f2mics Saray Cerro i Llu\u00eds Mosquera presentaran les gales d&#8217;obertura i cloenda de la 40\u00aa Mostra de Val\u00e8ncia","datePublished":"2025-10-22T12:11:30+00:00","dateModified":"2025-10-22T12:14:07+00:00","mainEntityOfPage":{"@id":"https:\/\/lamostradevalencia.com\/ca\/els-comics-saray-cerro-i-lluis-mosquera-presentaran-les-gales-dobertura-i-cloenda-de-la-40a-mostra-de-valencia\/"},"wordCount":994,"commentCount":0,"image":{"@id":"https:\/\/lamostradevalencia.com\/ca\/els-comics-saray-cerro-i-lluis-mosquera-presentaran-les-gales-dobertura-i-cloenda-de-la-40a-mostra-de-valencia\/#primaryimage"},"thumbnailUrl":"https:\/\/lamostradevalencia.com\/wp-content\/uploads\/2025\/10\/RUEDA-PRENSA-Oficial.-pedroecastelo-27-scaled.jpg","articleSection":["Noticies"],"inLanguage":"ca","potentialAction":[{"@type":"CommentAction","name":"Comment","target":["https:\/\/lamostradevalencia.com\/ca\/els-comics-saray-cerro-i-lluis-mosquera-presentaran-les-gales-dobertura-i-cloenda-de-la-40a-mostra-de-valencia\/#respond"]}]},{"@type":"WebPage","@id":"https:\/\/lamostradevalencia.com\/ca\/els-comics-saray-cerro-i-lluis-mosquera-presentaran-les-gales-dobertura-i-cloenda-de-la-40a-mostra-de-valencia\/","url":"https:\/\/lamostradevalencia.com\/ca\/els-comics-saray-cerro-i-lluis-mosquera-presentaran-les-gales-dobertura-i-cloenda-de-la-40a-mostra-de-valencia\/","name":"Els c\u00f2mics Saray Cerro i Llu\u00eds Mosquera presentaran les gales d'obertura i cloenda de la 40\u00aa Mostra de Val\u00e8ncia - Mostra de Val\u00e8ncia","isPartOf":{"@id":"https:\/\/lamostradevalencia.com\/ca\/#website"},"primaryImageOfPage":{"@id":"https:\/\/lamostradevalencia.com\/ca\/els-comics-saray-cerro-i-lluis-mosquera-presentaran-les-gales-dobertura-i-cloenda-de-la-40a-mostra-de-valencia\/#primaryimage"},"image":{"@id":"https:\/\/lamostradevalencia.com\/ca\/els-comics-saray-cerro-i-lluis-mosquera-presentaran-les-gales-dobertura-i-cloenda-de-la-40a-mostra-de-valencia\/#primaryimage"},"thumbnailUrl":"https:\/\/lamostradevalencia.com\/wp-content\/uploads\/2025\/10\/RUEDA-PRENSA-Oficial.-pedroecastelo-27-scaled.jpg","datePublished":"2025-10-22T12:11:30+00:00","dateModified":"2025-10-22T12:14:07+00:00","author":{"@id":"https:\/\/lamostradevalencia.com\/ca\/#\/schema\/person\/361c3c0dd5489e78ad78ee4f8332efac"},"breadcrumb":{"@id":"https:\/\/lamostradevalencia.com\/ca\/els-comics-saray-cerro-i-lluis-mosquera-presentaran-les-gales-dobertura-i-cloenda-de-la-40a-mostra-de-valencia\/#breadcrumb"},"inLanguage":"ca","potentialAction":[{"@type":"ReadAction","target":["https:\/\/lamostradevalencia.com\/ca\/els-comics-saray-cerro-i-lluis-mosquera-presentaran-les-gales-dobertura-i-cloenda-de-la-40a-mostra-de-valencia\/"]}]},{"@type":"ImageObject","inLanguage":"ca","@id":"https:\/\/lamostradevalencia.com\/ca\/els-comics-saray-cerro-i-lluis-mosquera-presentaran-les-gales-dobertura-i-cloenda-de-la-40a-mostra-de-valencia\/#primaryimage","url":"https:\/\/lamostradevalencia.com\/wp-content\/uploads\/2025\/10\/RUEDA-PRENSA-Oficial.-pedroecastelo-27-scaled.jpg","contentUrl":"https:\/\/lamostradevalencia.com\/wp-content\/uploads\/2025\/10\/RUEDA-PRENSA-Oficial.-pedroecastelo-27-scaled.jpg","width":1710,"height":2560},{"@type":"BreadcrumbList","@id":"https:\/\/lamostradevalencia.com\/ca\/els-comics-saray-cerro-i-lluis-mosquera-presentaran-les-gales-dobertura-i-cloenda-de-la-40a-mostra-de-valencia\/#breadcrumb","itemListElement":[{"@type":"ListItem","position":1,"name":"Portada","item":"https:\/\/lamostradevalencia.com\/ca\/"},{"@type":"ListItem","position":2,"name":"Els c\u00f2mics Saray Cerro i Llu\u00eds Mosquera presentaran les gales d&#8217;obertura i cloenda de la 40\u00aa Mostra de Val\u00e8ncia"}]},{"@type":"WebSite","@id":"https:\/\/lamostradevalencia.com\/ca\/#website","url":"https:\/\/lamostradevalencia.com\/ca\/","name":"Mostra de Val\u00e8ncia","description":"Cinema del Mediterrani","potentialAction":[{"@type":"SearchAction","target":{"@type":"EntryPoint","urlTemplate":"https:\/\/lamostradevalencia.com\/ca\/?s={search_term_string}"},"query-input":{"@type":"PropertyValueSpecification","valueRequired":true,"valueName":"search_term_string"}}],"inLanguage":"ca"},{"@type":"Person","@id":"https:\/\/lamostradevalencia.com\/ca\/#\/schema\/person\/361c3c0dd5489e78ad78ee4f8332efac","name":"contenidos","image":{"@type":"ImageObject","inLanguage":"ca","@id":"https:\/\/secure.gravatar.com\/avatar\/a87eddc188a32d5a0371ff92ef616b5006a91e389296d49d081f8d424eef134c?s=96&d=mm&r=g","url":"https:\/\/secure.gravatar.com\/avatar\/a87eddc188a32d5a0371ff92ef616b5006a91e389296d49d081f8d424eef134c?s=96&d=mm&r=g","contentUrl":"https:\/\/secure.gravatar.com\/avatar\/a87eddc188a32d5a0371ff92ef616b5006a91e389296d49d081f8d424eef134c?s=96&d=mm&r=g","caption":"contenidos"}}]}},"uagb_featured_image_src":{"full":["https:\/\/lamostradevalencia.com\/wp-content\/uploads\/2025\/10\/RUEDA-PRENSA-Oficial.-pedroecastelo-27-scaled.jpg",1710,2560,false],"thumbnail":["https:\/\/lamostradevalencia.com\/wp-content\/uploads\/2025\/10\/RUEDA-PRENSA-Oficial.-pedroecastelo-27-150x150.jpg",150,150,true],"medium":["https:\/\/lamostradevalencia.com\/wp-content\/uploads\/2025\/10\/RUEDA-PRENSA-Oficial.-pedroecastelo-27-200x300.jpg",200,300,true],"medium_large":["https:\/\/lamostradevalencia.com\/wp-content\/uploads\/2025\/10\/RUEDA-PRENSA-Oficial.-pedroecastelo-27-768x1150.jpg",768,1150,true],"large":["https:\/\/lamostradevalencia.com\/wp-content\/uploads\/2025\/10\/RUEDA-PRENSA-Oficial.-pedroecastelo-27-684x1024.jpg",684,1024,true],"1536x1536":["https:\/\/lamostradevalencia.com\/wp-content\/uploads\/2025\/10\/RUEDA-PRENSA-Oficial.-pedroecastelo-27-1026x1536.jpg",1026,1536,true],"2048x2048":["https:\/\/lamostradevalencia.com\/wp-content\/uploads\/2025\/10\/RUEDA-PRENSA-Oficial.-pedroecastelo-27-1368x2048.jpg",1368,2048,true],"cinerama_edge_image_square":["https:\/\/lamostradevalencia.com\/wp-content\/uploads\/2025\/10\/RUEDA-PRENSA-Oficial.-pedroecastelo-27-550x550.jpg",550,550,true],"cinerama_edge_image_landscape":["https:\/\/lamostradevalencia.com\/wp-content\/uploads\/2025\/10\/RUEDA-PRENSA-Oficial.-pedroecastelo-27-1100x550.jpg",1100,550,true],"cinerama_edge_image_portrait":["https:\/\/lamostradevalencia.com\/wp-content\/uploads\/2025\/10\/RUEDA-PRENSA-Oficial.-pedroecastelo-27-550x1100.jpg",550,1100,true],"cinerama_edge_image_huge":["https:\/\/lamostradevalencia.com\/wp-content\/uploads\/2025\/10\/RUEDA-PRENSA-Oficial.-pedroecastelo-27-1100x1100.jpg",1100,1100,true],"gform-image-choice-sm":["https:\/\/lamostradevalencia.com\/wp-content\/uploads\/2025\/10\/RUEDA-PRENSA-Oficial.-pedroecastelo-27-scaled.jpg",200,300,false],"gform-image-choice-md":["https:\/\/lamostradevalencia.com\/wp-content\/uploads\/2025\/10\/RUEDA-PRENSA-Oficial.-pedroecastelo-27-scaled.jpg",267,400,false],"gform-image-choice-lg":["https:\/\/lamostradevalencia.com\/wp-content\/uploads\/2025\/10\/RUEDA-PRENSA-Oficial.-pedroecastelo-27-scaled.jpg",401,600,false]},"uagb_author_info":{"display_name":"contenidos","author_link":"https:\/\/lamostradevalencia.com\/ca\/author\/contenidos\/"},"uagb_comment_info":0,"uagb_excerpt":"Fernando de Luis-Orueta dirigir\u00e0 les cerim\u00f2nies amb un car\u00e0cter festiu i descarat per a celebrar l&#8217;aniversari La Mostra de Val\u00e8ncia, organitzada pel Palau de la [&hellip;]","_links":{"self":[{"href":"https:\/\/lamostradevalencia.com\/ca\/wp-json\/wp\/v2\/posts\/30154","targetHints":{"allow":["GET"]}}],"collection":[{"href":"https:\/\/lamostradevalencia.com\/ca\/wp-json\/wp\/v2\/posts"}],"about":[{"href":"https:\/\/lamostradevalencia.com\/ca\/wp-json\/wp\/v2\/types\/post"}],"author":[{"embeddable":true,"href":"https:\/\/lamostradevalencia.com\/ca\/wp-json\/wp\/v2\/users\/3"}],"replies":[{"embeddable":true,"href":"https:\/\/lamostradevalencia.com\/ca\/wp-json\/wp\/v2\/comments?post=30154"}],"version-history":[{"count":2,"href":"https:\/\/lamostradevalencia.com\/ca\/wp-json\/wp\/v2\/posts\/30154\/revisions"}],"predecessor-version":[{"id":30176,"href":"https:\/\/lamostradevalencia.com\/ca\/wp-json\/wp\/v2\/posts\/30154\/revisions\/30176"}],"wp:featuredmedia":[{"embeddable":true,"href":"https:\/\/lamostradevalencia.com\/ca\/wp-json\/wp\/v2\/media\/30180"}],"wp:attachment":[{"href":"https:\/\/lamostradevalencia.com\/ca\/wp-json\/wp\/v2\/media?parent=30154"}],"wp:term":[{"taxonomy":"category","embeddable":true,"href":"https:\/\/lamostradevalencia.com\/ca\/wp-json\/wp\/v2\/categories?post=30154"},{"taxonomy":"post_tag","embeddable":true,"href":"https:\/\/lamostradevalencia.com\/ca\/wp-json\/wp\/v2\/tags?post=30154"}],"curies":[{"name":"wp","href":"https:\/\/api.w.org\/{rel}","templated":true}]}}