{"id":29585,"date":"2025-10-20T11:49:16","date_gmt":"2025-10-20T09:49:16","guid":{"rendered":"https:\/\/lamostradevalencia.com\/?p=29585"},"modified":"2025-10-20T11:55:06","modified_gmt":"2025-10-20T09:55:06","slug":"alejandro-amenabar-maria-valverde-asier-etxeandia-manuel-gomez-pereira-chema-garcia-ibarra-i-marina-salas-entre-altres-desfilaran-per-la-catifa-roja-de-la-mostra-de-valencia","status":"publish","type":"post","link":"https:\/\/lamostradevalencia.com\/ca\/alejandro-amenabar-maria-valverde-asier-etxeandia-manuel-gomez-pereira-chema-garcia-ibarra-i-marina-salas-entre-altres-desfilaran-per-la-catifa-roja-de-la-mostra-de-valencia\/","title":{"rendered":"Alejandro Amen\u00e1bar, Mar\u00eda Valverde, Asier Etxeandia, Manuel G\u00f3mez Pereira, Chema Garc\u00eda Ibarra i Marina Salas, entre altres, desfilaran per la catifa roja  de la Mostra de Val\u00e8ncia"},"content":{"rendered":"<h5><i><span style=\"font-weight: 400;\">El f\u00f2rum de coproducci\u00f3 Val\u00e8ncia Film Afers es convertir\u00e0 en el punt de trobada entre la ind\u00fastria internacional i la valenciana<\/span><\/i><\/h5>\n<p><span style=\"font-weight: 400;\">La catifa roja de la 40a edici\u00f3 de la Mostra de Val\u00e8ncia, organitzada pel Palau de la M\u00fasica, es desplegar\u00e0 dijous que ve en el Teatre Principal per a la gala d&#8217;obertura, en qu\u00e8 s&#8217;entregar\u00e0 la Palmera d&#8217;Honor a la productora <\/span><span style=\"font-weight: 400;\">Sol Carnicero. <\/span><span style=\"font-weight: 400;\">\u00a0Despr\u00e9s de la cerim\u00f2nia, es projectar\u00e0, fora de concurs, la com\u00e8dia dram\u00e0tica <\/span><b>\u2018La cena\u2019<\/b><span style=\"font-weight: 400;\">. Han confirmat la seua pres\u00e8ncia el director, <\/span><b>Manuel G\u00f3mez Pereira;<\/b><span style=\"font-weight: 400;\"> dos dels seus protagonistes, <\/span><b>Asier Etxeandia i Elvira M\u00ednguez<\/b><span style=\"font-weight: 400;\">, i bona part del seu repartiment valenci\u00e0, conformat, entre altres, per <\/span><b>\u00d3scar Lasarte, Ferran Gadea, Toni Agust\u00ed, Gl\u00f2ria March i Carlos Serrano.<\/b><\/p>\n<p><span style=\"font-weight: 400;\">El divendres 24 es projectar\u00e0 en exclusiva el primer cap\u00edtol de la segona temporada de <\/span><b>\u2018La ruta\u2019<\/b><span style=\"font-weight: 400;\">. La exitosa s\u00e8rie d\u2019<\/span><b>Atresplayer<\/b><span style=\"font-weight: 400;\">, que va recrear la turbulenta vida nocturna de Val\u00e8ncia als anys 80 i 90, torna aquesta nova temporada, que funciona alhora com a seq\u00fcela i preq\u00fcela de la primera. Comptarem amb la pres\u00e8ncia del valenci\u00e0 <\/span><b>Borja Soler<\/b><span style=\"font-weight: 400;\">, el productor <\/span><b>Nacho Lavilla<\/b><span style=\"font-weight: 400;\"> i dues de les seues protagonistes, <\/span><b>Marina Salas<\/b><span style=\"font-weight: 400;\"> i <\/span><b>Carla D\u00edaz<\/b><span style=\"font-weight: 400;\">.<\/span><\/p>\n<p><span style=\"font-weight: 400;\">El dissabte 25, la nova secci\u00f3 <\/span><b>Xaloc<\/b><span style=\"font-weight: 400;\"> estrenar\u00e0 la producci\u00f3 valenciana <\/span><b>\u2018Balearic\u2019<\/b><span style=\"font-weight: 400;\">, despr\u00e9s del seu pas pel festival de <\/span><b>Sitges<\/b><span style=\"font-weight: 400;\">. Es tracta d\u2019una pel\u00b7l\u00edcula d\u2019estiu sobre les bretxes intergeneracionals, la desigualtat de classes i les barreres que es creen perqu\u00e8 un ecosistema aix\u00ed perdure. Han confirmat la seua pres\u00e8ncia el director <\/span><b>Ion de Sosa<\/b><span style=\"font-weight: 400;\"> i un dels seus guionistes, el cineasta <\/span><b>Chema Garc\u00eda Ibarra<\/b><span style=\"font-weight: 400;\">. I el mateix dia, <\/span><b>Javier Mariscal<\/b><span style=\"font-weight: 400;\"> i la cineasta <\/span><b>Laura Grande<\/b><span style=\"font-weight: 400;\"> presentaran <\/span><b>\u2018Mariscal. La alegr\u00eda de vivir\u2019<\/b><span style=\"font-weight: 400;\"> en la <\/span><b>Secci\u00f3 Oficial<\/b><span style=\"font-weight: 400;\">.<\/span><\/p>\n<p><span style=\"font-weight: 400;\">El dilluns 27, <\/span><b>Xaloc<\/b><span style=\"font-weight: 400;\"> estrenar\u00e0 <\/span><b>\u2018Nena\u2019<\/b><span style=\"font-weight: 400;\">, el segon llargmetratge del director valenci\u00e0 <\/span><b>Gabi Ochoa<\/b><span style=\"font-weight: 400;\">, protagonitzat per <\/span><b>Mar\u00eda Almud\u00e9ver<\/b><span style=\"font-weight: 400;\">, <\/span><b>Paz Garc\u00eda<\/b><span style=\"font-weight: 400;\">, <\/span><b>Jacob Llopis<\/b><span style=\"font-weight: 400;\"> i <\/span><b>Lluna Aldasoro<\/b><span style=\"font-weight: 400;\">. Es tracta d\u2019una com\u00e8dia dram\u00e0tica que explora temes com la llibertat femenina, l\u2019homosexualitat i la q\u00fcesti\u00f3 del divorci a l\u2019Espanya de finals dels anys 80, una \u00e8poca en qu\u00e8 el divorci acabava de legalitzar-se.<\/span><\/p>\n<p><span style=\"font-weight: 400;\">L\u20191 de novembre, <\/span><b>Alejandro Amen\u00e1bar<\/b><span style=\"font-weight: 400;\"> tancar\u00e0 l\u2019<\/span><b>XI Congr\u00e9s Internacional de M\u00fasica de Cine<\/b><span style=\"font-weight: 400;\"> amb una <\/span><i><span style=\"font-weight: 400;\">masterclass<\/span><\/i><span style=\"font-weight: 400;\"> al <\/span><b>Palau de la M\u00fasica<\/b><span style=\"font-weight: 400;\"> de la m\u00e0 d\u2019<\/span><b>EDAV<\/b><span style=\"font-weight: 400;\"> i amb la col\u00b7laboraci\u00f3 de <\/span><b>DAMA<\/b><span style=\"font-weight: 400;\">. El productor <\/span><b>Fernando Bovaira<\/b><span style=\"font-weight: 400;\"> (Palmera d\u2019Honor 2025) mantindr\u00e0 una trobada amb el p\u00fablic guiada pel periodista <\/span><b>Juan Sanguino<\/b><span style=\"font-weight: 400;\"> a <\/span><b>La Filmoteca<\/b><span style=\"font-weight: 400;\">.<\/span><\/p>\n<p><span style=\"font-weight: 400;\">L\u2019actriu <\/span><b>Mar\u00eda Valverde<\/b><span style=\"font-weight: 400;\"> presentar\u00e0 l\u20191 de novembre la projecci\u00f3 especial de la seua primera pel\u00b7l\u00edcula com a directora, <\/span><b>\u2018El canto de las manos\u2019<\/b><span style=\"font-weight: 400;\">, al <\/span><b>Palau de la M\u00fasica<\/b><span style=\"font-weight: 400;\">, seguida d\u2019un col\u00b7loqui amb el p\u00fablic. En ella, explora la sordesa a trav\u00e9s de la m\u00fasica, seguint <\/span><b>Jennifer<\/b><span style=\"font-weight: 400;\">, <\/span><b>Gabriel<\/b><span style=\"font-weight: 400;\"> i <\/span><b>Jos\u00e9<\/b><span style=\"font-weight: 400;\">, tres m\u00fasics sords de Vene\u00e7uela, mentre afronten el repte de portar a escena, per primera vegada en llengua de signes, <\/span><b>\u2018Fidelio\u2019<\/b><span style=\"font-weight: 400;\"> de <\/span><b>Beethoven<\/b><span style=\"font-weight: 400;\">, sota la batuta de <\/span><b>Gustavo Dudamel<\/b><span style=\"font-weight: 400;\">.<\/span><\/p>\n<p><b>\u00a0Val\u00e8ncia Film Afers, un punt de trobada industrial<\/b><\/p>\n<p><span style=\"font-weight: 400;\">L\u2019emblem\u00e0tic edifici <\/span><b>Veles e Vents<\/b><span style=\"font-weight: 400;\"> acollir\u00e0 el f\u00f2rum de coproducci\u00f3 <\/span><b>Val\u00e8ncia Film Afers<\/b><span style=\"font-weight: 400;\">, que ser\u00e0 el punt de trobada entre la ind\u00fastria valenciana i els productors, distribu\u00efdors i agents de vendes mediterranis convidats. S\u2019han presentat el doble de treballs que en 2024 i els seleccionats buscaran coproductors de l\u2019entorn mediterrani per a refor\u00e7ar els seus projectes.<\/span><\/p>\n<p><span style=\"font-weight: 400;\">Els projectes seleccionats s\u00f3n: <\/span><b>\u2018Edition 96\u2019<\/b><span style=\"font-weight: 400;\">, d\u2019<\/span><b>Ahmad Naboulsi<\/b><span style=\"font-weight: 400;\"> (L\u00edban, Fran\u00e7a); <\/span><b>\u2018Sentimentos familiares\u2019<\/b><span style=\"font-weight: 400;\">, de <\/span><b>M\u00f3nica Lima<\/b><span style=\"font-weight: 400;\"> (Portugal); <\/span><b>\u2018I Am Afraid to Meet You Someday\u2019<\/b><span style=\"font-weight: 400;\">, d\u2019<\/span><b>Akhaf Youm Aablak<\/b><span style=\"font-weight: 400;\"> de <\/span><b>Khaled Mansour<\/b><span style=\"font-weight: 400;\"> (Egipte); <\/span><b>\u2018On the Bicycle\u2019<\/b><span style=\"font-weight: 400;\">, d\u2019<\/span><b>Amal Ramsis<\/b><span style=\"font-weight: 400;\"> (Egipte\/Espanya); <\/span><b>\u2018Reclaiming Time\u2019<\/b><span style=\"font-weight: 400;\">, de <\/span><b>Fuad Hindieh<\/b><span style=\"font-weight: 400;\"> (Palestina); <\/span><b>\u2018Removal\u2019<\/b><span style=\"font-weight: 400;\">, de <\/span><b>Darko \u0160tante<\/b><span style=\"font-weight: 400;\"> (Eslov\u00e8nia); <\/span><b>\u2018The Dream Betrayed Me\u2019<\/b><span style=\"font-weight: 400;\">, de <\/span><b>Mohammad Shaikhow<\/b><span style=\"font-weight: 400;\"> (S\u00edria, Fran\u00e7a, Alemanya); <\/span><b>\u2018Los durmientes\u2019<\/b><span style=\"font-weight: 400;\">, de <\/span><b>D\u00eddac Gimeno<\/b><span style=\"font-weight: 400;\"> (Espanya); <\/span><b>\u2018To Whom It Concerns\u2019<\/b><span style=\"font-weight: 400;\">, d\u2019<\/span><b>Elie Kamel<\/b><span style=\"font-weight: 400;\"> (L\u00edban); i <\/span><b>\u2018Ultra todo\u2019<\/b><span style=\"font-weight: 400;\">, de <\/span><b>Marina Maeso<\/b><span style=\"font-weight: 400;\"> i <\/span><b>Casandra Mac\u00edas Gago<\/b><span style=\"font-weight: 400;\"> (Espanya).<\/span><\/p>\n<p><span style=\"font-weight: 400;\">Els professionals internacionals convidats s\u00f3n: l\u2019agent de vendes internacional <\/span><b>Jeanne Deny<\/b><span style=\"font-weight: 400;\">, de <\/span><b>Mad World<\/b><span style=\"font-weight: 400;\">; l\u2019itali\u00e0 <\/span><b>Luigi Chimienti<\/b><span style=\"font-weight: 400;\">, cofundador de la productora <\/span><b>Disp\u00e0rte<\/b><span style=\"font-weight: 400;\">; la productora danesa <\/span><b>Rikke Tambo Andersen<\/b><span style=\"font-weight: 400;\">; el programador liban\u00e9s <\/span><b>Chadi Zeneddine<\/b><span style=\"font-weight: 400;\">; el productor alemany <\/span><b>Arto Sebastian<\/b><span style=\"font-weight: 400;\">; la productora eg\u00edpcia <\/span><b>Vicky Miha<\/b><span style=\"font-weight: 400;\">; el productor franc\u00e8s <\/span><b>Vincent Qu\u00e9nault<\/b><span style=\"font-weight: 400;\">; la productora s\u00e8rbia <\/span><b>Andrijana Sofrani\u0107<\/b><span style=\"font-weight: 400;\"> i l\u2019agent de vendes franc\u00e8s <\/span><b>Tanguy Renaud<\/b><span style=\"font-weight: 400;\">.\u00a0<\/span><\/p>\n","protected":false},"excerpt":{"rendered":"<p>El f\u00f2rum de coproducci\u00f3 Val\u00e8ncia Film Afers es convertir\u00e0 en el punt de trobada entre la ind\u00fastria internacional i la valenciana La catifa roja de [&hellip;]<\/p>\n","protected":false},"author":3,"featured_media":29843,"comment_status":"open","ping_status":"open","sticky":false,"template":"","format":"standard","meta":{"_uag_custom_page_level_css":"","_jet_sm_ready_style":"","_jet_sm_style":"","_jet_sm_controls_values":"","_jet_sm_fonts_collection":"","_jet_sm_fonts_links":"","footnotes":""},"categories":[455],"tags":[],"class_list":["post-29585","post","type-post","status-publish","format-standard","has-post-thumbnail","hentry","category-noticies"],"yoast_head":"<!-- This site is optimized with the Yoast SEO plugin v27.5 - https:\/\/yoast.com\/product\/yoast-seo-wordpress\/ -->\n<title>Alejandro Amen\u00e1bar, Mar\u00eda Valverde, Asier Etxeandia, Manuel G\u00f3mez Pereira, Chema Garc\u00eda Ibarra i Marina Salas, entre altres, desfilaran per la catifa roja de la Mostra de Val\u00e8ncia - Mostra de Val\u00e8ncia<\/title>\n<meta name=\"robots\" content=\"index, follow, max-snippet:-1, max-image-preview:large, max-video-preview:-1\" \/>\n<link rel=\"canonical\" href=\"https:\/\/lamostradevalencia.com\/ca\/alejandro-amenabar-maria-valverde-asier-etxeandia-manuel-gomez-pereira-chema-garcia-ibarra-i-marina-salas-entre-altres-desfilaran-per-la-catifa-roja-de-la-mostra-de-valencia\/\" \/>\n<meta property=\"og:locale\" content=\"ca_ES\" \/>\n<meta property=\"og:type\" content=\"article\" \/>\n<meta property=\"og:title\" content=\"Alejandro Amen\u00e1bar, Mar\u00eda Valverde, Asier Etxeandia, Manuel G\u00f3mez Pereira, Chema Garc\u00eda Ibarra i Marina Salas, entre altres, desfilaran per la catifa roja de la Mostra de Val\u00e8ncia - Mostra de Val\u00e8ncia\" \/>\n<meta property=\"og:description\" content=\"El f\u00f2rum de coproducci\u00f3 Val\u00e8ncia Film Afers es convertir\u00e0 en el punt de trobada entre la ind\u00fastria internacional i la valenciana La catifa roja de [&hellip;]\" \/>\n<meta property=\"og:url\" content=\"https:\/\/lamostradevalencia.com\/ca\/alejandro-amenabar-maria-valverde-asier-etxeandia-manuel-gomez-pereira-chema-garcia-ibarra-i-marina-salas-entre-altres-desfilaran-per-la-catifa-roja-de-la-mostra-de-valencia\/\" \/>\n<meta property=\"og:site_name\" content=\"Mostra de Val\u00e8ncia\" \/>\n<meta property=\"article:published_time\" content=\"2025-10-20T09:49:16+00:00\" \/>\n<meta property=\"article:modified_time\" content=\"2025-10-20T09:55:06+00:00\" \/>\n<meta property=\"og:image\" content=\"https:\/\/lamostradevalencia.com\/wp-content\/uploads\/2025\/10\/PHOTO-2025-10-20-11-53-33.jpg\" \/>\n\t<meta property=\"og:image:width\" content=\"1600\" \/>\n\t<meta property=\"og:image:height\" content=\"1094\" \/>\n\t<meta property=\"og:image:type\" content=\"image\/jpeg\" \/>\n<meta name=\"author\" content=\"contenidos\" \/>\n<meta name=\"twitter:card\" content=\"summary_large_image\" \/>\n<meta name=\"twitter:label1\" content=\"Escrit per\" \/>\n\t<meta name=\"twitter:data1\" content=\"contenidos\" \/>\n\t<meta name=\"twitter:label2\" content=\"Temps estimat de lectura\" \/>\n\t<meta name=\"twitter:data2\" content=\"4 minuts\" \/>\n<script type=\"application\/ld+json\" class=\"yoast-schema-graph\">{\"@context\":\"https:\\\/\\\/schema.org\",\"@graph\":[{\"@type\":\"Article\",\"@id\":\"https:\\\/\\\/lamostradevalencia.com\\\/ca\\\/alejandro-amenabar-maria-valverde-asier-etxeandia-manuel-gomez-pereira-chema-garcia-ibarra-i-marina-salas-entre-altres-desfilaran-per-la-catifa-roja-de-la-mostra-de-valencia\\\/#article\",\"isPartOf\":{\"@id\":\"https:\\\/\\\/lamostradevalencia.com\\\/ca\\\/alejandro-amenabar-maria-valverde-asier-etxeandia-manuel-gomez-pereira-chema-garcia-ibarra-i-marina-salas-entre-altres-desfilaran-per-la-catifa-roja-de-la-mostra-de-valencia\\\/\"},\"author\":{\"name\":\"contenidos\",\"@id\":\"https:\\\/\\\/lamostradevalencia.com\\\/ca\\\/#\\\/schema\\\/person\\\/361c3c0dd5489e78ad78ee4f8332efac\"},\"headline\":\"Alejandro Amen\u00e1bar, Mar\u00eda Valverde, Asier Etxeandia, Manuel G\u00f3mez Pereira, Chema Garc\u00eda Ibarra i Marina Salas, entre altres, desfilaran per la catifa roja de la Mostra de Val\u00e8ncia\",\"datePublished\":\"2025-10-20T09:49:16+00:00\",\"dateModified\":\"2025-10-20T09:55:06+00:00\",\"mainEntityOfPage\":{\"@id\":\"https:\\\/\\\/lamostradevalencia.com\\\/ca\\\/alejandro-amenabar-maria-valverde-asier-etxeandia-manuel-gomez-pereira-chema-garcia-ibarra-i-marina-salas-entre-altres-desfilaran-per-la-catifa-roja-de-la-mostra-de-valencia\\\/\"},\"wordCount\":792,\"commentCount\":0,\"image\":{\"@id\":\"https:\\\/\\\/lamostradevalencia.com\\\/ca\\\/alejandro-amenabar-maria-valverde-asier-etxeandia-manuel-gomez-pereira-chema-garcia-ibarra-i-marina-salas-entre-altres-desfilaran-per-la-catifa-roja-de-la-mostra-de-valencia\\\/#primaryimage\"},\"thumbnailUrl\":\"https:\\\/\\\/lamostradevalencia.com\\\/wp-content\\\/uploads\\\/2025\\\/10\\\/PHOTO-2025-10-20-11-53-33.jpg\",\"articleSection\":[\"Noticies\"],\"inLanguage\":\"ca\",\"potentialAction\":[{\"@type\":\"CommentAction\",\"name\":\"Comment\",\"target\":[\"https:\\\/\\\/lamostradevalencia.com\\\/ca\\\/alejandro-amenabar-maria-valverde-asier-etxeandia-manuel-gomez-pereira-chema-garcia-ibarra-i-marina-salas-entre-altres-desfilaran-per-la-catifa-roja-de-la-mostra-de-valencia\\\/#respond\"]}]},{\"@type\":\"WebPage\",\"@id\":\"https:\\\/\\\/lamostradevalencia.com\\\/ca\\\/alejandro-amenabar-maria-valverde-asier-etxeandia-manuel-gomez-pereira-chema-garcia-ibarra-i-marina-salas-entre-altres-desfilaran-per-la-catifa-roja-de-la-mostra-de-valencia\\\/\",\"url\":\"https:\\\/\\\/lamostradevalencia.com\\\/ca\\\/alejandro-amenabar-maria-valverde-asier-etxeandia-manuel-gomez-pereira-chema-garcia-ibarra-i-marina-salas-entre-altres-desfilaran-per-la-catifa-roja-de-la-mostra-de-valencia\\\/\",\"name\":\"Alejandro Amen\u00e1bar, Mar\u00eda Valverde, Asier Etxeandia, Manuel G\u00f3mez Pereira, Chema Garc\u00eda Ibarra i Marina Salas, entre altres, desfilaran per la catifa roja de la Mostra de Val\u00e8ncia - Mostra de Val\u00e8ncia\",\"isPartOf\":{\"@id\":\"https:\\\/\\\/lamostradevalencia.com\\\/ca\\\/#website\"},\"primaryImageOfPage\":{\"@id\":\"https:\\\/\\\/lamostradevalencia.com\\\/ca\\\/alejandro-amenabar-maria-valverde-asier-etxeandia-manuel-gomez-pereira-chema-garcia-ibarra-i-marina-salas-entre-altres-desfilaran-per-la-catifa-roja-de-la-mostra-de-valencia\\\/#primaryimage\"},\"image\":{\"@id\":\"https:\\\/\\\/lamostradevalencia.com\\\/ca\\\/alejandro-amenabar-maria-valverde-asier-etxeandia-manuel-gomez-pereira-chema-garcia-ibarra-i-marina-salas-entre-altres-desfilaran-per-la-catifa-roja-de-la-mostra-de-valencia\\\/#primaryimage\"},\"thumbnailUrl\":\"https:\\\/\\\/lamostradevalencia.com\\\/wp-content\\\/uploads\\\/2025\\\/10\\\/PHOTO-2025-10-20-11-53-33.jpg\",\"datePublished\":\"2025-10-20T09:49:16+00:00\",\"dateModified\":\"2025-10-20T09:55:06+00:00\",\"author\":{\"@id\":\"https:\\\/\\\/lamostradevalencia.com\\\/ca\\\/#\\\/schema\\\/person\\\/361c3c0dd5489e78ad78ee4f8332efac\"},\"breadcrumb\":{\"@id\":\"https:\\\/\\\/lamostradevalencia.com\\\/ca\\\/alejandro-amenabar-maria-valverde-asier-etxeandia-manuel-gomez-pereira-chema-garcia-ibarra-i-marina-salas-entre-altres-desfilaran-per-la-catifa-roja-de-la-mostra-de-valencia\\\/#breadcrumb\"},\"inLanguage\":\"ca\",\"potentialAction\":[{\"@type\":\"ReadAction\",\"target\":[\"https:\\\/\\\/lamostradevalencia.com\\\/ca\\\/alejandro-amenabar-maria-valverde-asier-etxeandia-manuel-gomez-pereira-chema-garcia-ibarra-i-marina-salas-entre-altres-desfilaran-per-la-catifa-roja-de-la-mostra-de-valencia\\\/\"]}]},{\"@type\":\"ImageObject\",\"inLanguage\":\"ca\",\"@id\":\"https:\\\/\\\/lamostradevalencia.com\\\/ca\\\/alejandro-amenabar-maria-valverde-asier-etxeandia-manuel-gomez-pereira-chema-garcia-ibarra-i-marina-salas-entre-altres-desfilaran-per-la-catifa-roja-de-la-mostra-de-valencia\\\/#primaryimage\",\"url\":\"https:\\\/\\\/lamostradevalencia.com\\\/wp-content\\\/uploads\\\/2025\\\/10\\\/PHOTO-2025-10-20-11-53-33.jpg\",\"contentUrl\":\"https:\\\/\\\/lamostradevalencia.com\\\/wp-content\\\/uploads\\\/2025\\\/10\\\/PHOTO-2025-10-20-11-53-33.jpg\",\"width\":1600,\"height\":1094},{\"@type\":\"BreadcrumbList\",\"@id\":\"https:\\\/\\\/lamostradevalencia.com\\\/ca\\\/alejandro-amenabar-maria-valverde-asier-etxeandia-manuel-gomez-pereira-chema-garcia-ibarra-i-marina-salas-entre-altres-desfilaran-per-la-catifa-roja-de-la-mostra-de-valencia\\\/#breadcrumb\",\"itemListElement\":[{\"@type\":\"ListItem\",\"position\":1,\"name\":\"Portada\",\"item\":\"https:\\\/\\\/lamostradevalencia.com\\\/ca\\\/\"},{\"@type\":\"ListItem\",\"position\":2,\"name\":\"Alejandro Amen\u00e1bar, Mar\u00eda Valverde, Asier Etxeandia, Manuel G\u00f3mez Pereira, Chema Garc\u00eda Ibarra i Marina Salas, entre altres, desfilaran per la catifa roja de la Mostra de Val\u00e8ncia\"}]},{\"@type\":\"WebSite\",\"@id\":\"https:\\\/\\\/lamostradevalencia.com\\\/ca\\\/#website\",\"url\":\"https:\\\/\\\/lamostradevalencia.com\\\/ca\\\/\",\"name\":\"Mostra de Val\u00e8ncia\",\"description\":\"Cinema del Mediterrani\",\"potentialAction\":[{\"@type\":\"SearchAction\",\"target\":{\"@type\":\"EntryPoint\",\"urlTemplate\":\"https:\\\/\\\/lamostradevalencia.com\\\/ca\\\/?s={search_term_string}\"},\"query-input\":{\"@type\":\"PropertyValueSpecification\",\"valueRequired\":true,\"valueName\":\"search_term_string\"}}],\"inLanguage\":\"ca\"},{\"@type\":\"Person\",\"@id\":\"https:\\\/\\\/lamostradevalencia.com\\\/ca\\\/#\\\/schema\\\/person\\\/361c3c0dd5489e78ad78ee4f8332efac\",\"name\":\"contenidos\",\"image\":{\"@type\":\"ImageObject\",\"inLanguage\":\"ca\",\"@id\":\"https:\\\/\\\/secure.gravatar.com\\\/avatar\\\/a87eddc188a32d5a0371ff92ef616b5006a91e389296d49d081f8d424eef134c?s=96&d=mm&r=g\",\"url\":\"https:\\\/\\\/secure.gravatar.com\\\/avatar\\\/a87eddc188a32d5a0371ff92ef616b5006a91e389296d49d081f8d424eef134c?s=96&d=mm&r=g\",\"contentUrl\":\"https:\\\/\\\/secure.gravatar.com\\\/avatar\\\/a87eddc188a32d5a0371ff92ef616b5006a91e389296d49d081f8d424eef134c?s=96&d=mm&r=g\",\"caption\":\"contenidos\"}}]}<\/script>\n<!-- \/ Yoast SEO plugin. -->","yoast_head_json":{"title":"Alejandro Amen\u00e1bar, Mar\u00eda Valverde, Asier Etxeandia, Manuel G\u00f3mez Pereira, Chema Garc\u00eda Ibarra i Marina Salas, entre altres, desfilaran per la catifa roja de la Mostra de Val\u00e8ncia - Mostra de Val\u00e8ncia","robots":{"index":"index","follow":"follow","max-snippet":"max-snippet:-1","max-image-preview":"max-image-preview:large","max-video-preview":"max-video-preview:-1"},"canonical":"https:\/\/lamostradevalencia.com\/ca\/alejandro-amenabar-maria-valverde-asier-etxeandia-manuel-gomez-pereira-chema-garcia-ibarra-i-marina-salas-entre-altres-desfilaran-per-la-catifa-roja-de-la-mostra-de-valencia\/","og_locale":"ca_ES","og_type":"article","og_title":"Alejandro Amen\u00e1bar, Mar\u00eda Valverde, Asier Etxeandia, Manuel G\u00f3mez Pereira, Chema Garc\u00eda Ibarra i Marina Salas, entre altres, desfilaran per la catifa roja de la Mostra de Val\u00e8ncia - Mostra de Val\u00e8ncia","og_description":"El f\u00f2rum de coproducci\u00f3 Val\u00e8ncia Film Afers es convertir\u00e0 en el punt de trobada entre la ind\u00fastria internacional i la valenciana La catifa roja de [&hellip;]","og_url":"https:\/\/lamostradevalencia.com\/ca\/alejandro-amenabar-maria-valverde-asier-etxeandia-manuel-gomez-pereira-chema-garcia-ibarra-i-marina-salas-entre-altres-desfilaran-per-la-catifa-roja-de-la-mostra-de-valencia\/","og_site_name":"Mostra de Val\u00e8ncia","article_published_time":"2025-10-20T09:49:16+00:00","article_modified_time":"2025-10-20T09:55:06+00:00","og_image":[{"width":1600,"height":1094,"url":"https:\/\/lamostradevalencia.com\/wp-content\/uploads\/2025\/10\/PHOTO-2025-10-20-11-53-33.jpg","type":"image\/jpeg"}],"author":"contenidos","twitter_card":"summary_large_image","twitter_misc":{"Escrit per":"contenidos","Temps estimat de lectura":"4 minuts"},"schema":{"@context":"https:\/\/schema.org","@graph":[{"@type":"Article","@id":"https:\/\/lamostradevalencia.com\/ca\/alejandro-amenabar-maria-valverde-asier-etxeandia-manuel-gomez-pereira-chema-garcia-ibarra-i-marina-salas-entre-altres-desfilaran-per-la-catifa-roja-de-la-mostra-de-valencia\/#article","isPartOf":{"@id":"https:\/\/lamostradevalencia.com\/ca\/alejandro-amenabar-maria-valverde-asier-etxeandia-manuel-gomez-pereira-chema-garcia-ibarra-i-marina-salas-entre-altres-desfilaran-per-la-catifa-roja-de-la-mostra-de-valencia\/"},"author":{"name":"contenidos","@id":"https:\/\/lamostradevalencia.com\/ca\/#\/schema\/person\/361c3c0dd5489e78ad78ee4f8332efac"},"headline":"Alejandro Amen\u00e1bar, Mar\u00eda Valverde, Asier Etxeandia, Manuel G\u00f3mez Pereira, Chema Garc\u00eda Ibarra i Marina Salas, entre altres, desfilaran per la catifa roja de la Mostra de Val\u00e8ncia","datePublished":"2025-10-20T09:49:16+00:00","dateModified":"2025-10-20T09:55:06+00:00","mainEntityOfPage":{"@id":"https:\/\/lamostradevalencia.com\/ca\/alejandro-amenabar-maria-valverde-asier-etxeandia-manuel-gomez-pereira-chema-garcia-ibarra-i-marina-salas-entre-altres-desfilaran-per-la-catifa-roja-de-la-mostra-de-valencia\/"},"wordCount":792,"commentCount":0,"image":{"@id":"https:\/\/lamostradevalencia.com\/ca\/alejandro-amenabar-maria-valverde-asier-etxeandia-manuel-gomez-pereira-chema-garcia-ibarra-i-marina-salas-entre-altres-desfilaran-per-la-catifa-roja-de-la-mostra-de-valencia\/#primaryimage"},"thumbnailUrl":"https:\/\/lamostradevalencia.com\/wp-content\/uploads\/2025\/10\/PHOTO-2025-10-20-11-53-33.jpg","articleSection":["Noticies"],"inLanguage":"ca","potentialAction":[{"@type":"CommentAction","name":"Comment","target":["https:\/\/lamostradevalencia.com\/ca\/alejandro-amenabar-maria-valverde-asier-etxeandia-manuel-gomez-pereira-chema-garcia-ibarra-i-marina-salas-entre-altres-desfilaran-per-la-catifa-roja-de-la-mostra-de-valencia\/#respond"]}]},{"@type":"WebPage","@id":"https:\/\/lamostradevalencia.com\/ca\/alejandro-amenabar-maria-valverde-asier-etxeandia-manuel-gomez-pereira-chema-garcia-ibarra-i-marina-salas-entre-altres-desfilaran-per-la-catifa-roja-de-la-mostra-de-valencia\/","url":"https:\/\/lamostradevalencia.com\/ca\/alejandro-amenabar-maria-valverde-asier-etxeandia-manuel-gomez-pereira-chema-garcia-ibarra-i-marina-salas-entre-altres-desfilaran-per-la-catifa-roja-de-la-mostra-de-valencia\/","name":"Alejandro Amen\u00e1bar, Mar\u00eda Valverde, Asier Etxeandia, Manuel G\u00f3mez Pereira, Chema Garc\u00eda Ibarra i Marina Salas, entre altres, desfilaran per la catifa roja de la Mostra de Val\u00e8ncia - Mostra de Val\u00e8ncia","isPartOf":{"@id":"https:\/\/lamostradevalencia.com\/ca\/#website"},"primaryImageOfPage":{"@id":"https:\/\/lamostradevalencia.com\/ca\/alejandro-amenabar-maria-valverde-asier-etxeandia-manuel-gomez-pereira-chema-garcia-ibarra-i-marina-salas-entre-altres-desfilaran-per-la-catifa-roja-de-la-mostra-de-valencia\/#primaryimage"},"image":{"@id":"https:\/\/lamostradevalencia.com\/ca\/alejandro-amenabar-maria-valverde-asier-etxeandia-manuel-gomez-pereira-chema-garcia-ibarra-i-marina-salas-entre-altres-desfilaran-per-la-catifa-roja-de-la-mostra-de-valencia\/#primaryimage"},"thumbnailUrl":"https:\/\/lamostradevalencia.com\/wp-content\/uploads\/2025\/10\/PHOTO-2025-10-20-11-53-33.jpg","datePublished":"2025-10-20T09:49:16+00:00","dateModified":"2025-10-20T09:55:06+00:00","author":{"@id":"https:\/\/lamostradevalencia.com\/ca\/#\/schema\/person\/361c3c0dd5489e78ad78ee4f8332efac"},"breadcrumb":{"@id":"https:\/\/lamostradevalencia.com\/ca\/alejandro-amenabar-maria-valverde-asier-etxeandia-manuel-gomez-pereira-chema-garcia-ibarra-i-marina-salas-entre-altres-desfilaran-per-la-catifa-roja-de-la-mostra-de-valencia\/#breadcrumb"},"inLanguage":"ca","potentialAction":[{"@type":"ReadAction","target":["https:\/\/lamostradevalencia.com\/ca\/alejandro-amenabar-maria-valverde-asier-etxeandia-manuel-gomez-pereira-chema-garcia-ibarra-i-marina-salas-entre-altres-desfilaran-per-la-catifa-roja-de-la-mostra-de-valencia\/"]}]},{"@type":"ImageObject","inLanguage":"ca","@id":"https:\/\/lamostradevalencia.com\/ca\/alejandro-amenabar-maria-valverde-asier-etxeandia-manuel-gomez-pereira-chema-garcia-ibarra-i-marina-salas-entre-altres-desfilaran-per-la-catifa-roja-de-la-mostra-de-valencia\/#primaryimage","url":"https:\/\/lamostradevalencia.com\/wp-content\/uploads\/2025\/10\/PHOTO-2025-10-20-11-53-33.jpg","contentUrl":"https:\/\/lamostradevalencia.com\/wp-content\/uploads\/2025\/10\/PHOTO-2025-10-20-11-53-33.jpg","width":1600,"height":1094},{"@type":"BreadcrumbList","@id":"https:\/\/lamostradevalencia.com\/ca\/alejandro-amenabar-maria-valverde-asier-etxeandia-manuel-gomez-pereira-chema-garcia-ibarra-i-marina-salas-entre-altres-desfilaran-per-la-catifa-roja-de-la-mostra-de-valencia\/#breadcrumb","itemListElement":[{"@type":"ListItem","position":1,"name":"Portada","item":"https:\/\/lamostradevalencia.com\/ca\/"},{"@type":"ListItem","position":2,"name":"Alejandro Amen\u00e1bar, Mar\u00eda Valverde, Asier Etxeandia, Manuel G\u00f3mez Pereira, Chema Garc\u00eda Ibarra i Marina Salas, entre altres, desfilaran per la catifa roja de la Mostra de Val\u00e8ncia"}]},{"@type":"WebSite","@id":"https:\/\/lamostradevalencia.com\/ca\/#website","url":"https:\/\/lamostradevalencia.com\/ca\/","name":"Mostra de Val\u00e8ncia","description":"Cinema del Mediterrani","potentialAction":[{"@type":"SearchAction","target":{"@type":"EntryPoint","urlTemplate":"https:\/\/lamostradevalencia.com\/ca\/?s={search_term_string}"},"query-input":{"@type":"PropertyValueSpecification","valueRequired":true,"valueName":"search_term_string"}}],"inLanguage":"ca"},{"@type":"Person","@id":"https:\/\/lamostradevalencia.com\/ca\/#\/schema\/person\/361c3c0dd5489e78ad78ee4f8332efac","name":"contenidos","image":{"@type":"ImageObject","inLanguage":"ca","@id":"https:\/\/secure.gravatar.com\/avatar\/a87eddc188a32d5a0371ff92ef616b5006a91e389296d49d081f8d424eef134c?s=96&d=mm&r=g","url":"https:\/\/secure.gravatar.com\/avatar\/a87eddc188a32d5a0371ff92ef616b5006a91e389296d49d081f8d424eef134c?s=96&d=mm&r=g","contentUrl":"https:\/\/secure.gravatar.com\/avatar\/a87eddc188a32d5a0371ff92ef616b5006a91e389296d49d081f8d424eef134c?s=96&d=mm&r=g","caption":"contenidos"}}]}},"uagb_featured_image_src":{"full":["https:\/\/lamostradevalencia.com\/wp-content\/uploads\/2025\/10\/PHOTO-2025-10-20-11-53-33.jpg",1600,1094,false],"thumbnail":["https:\/\/lamostradevalencia.com\/wp-content\/uploads\/2025\/10\/PHOTO-2025-10-20-11-53-33-150x150.jpg",150,150,true],"medium":["https:\/\/lamostradevalencia.com\/wp-content\/uploads\/2025\/10\/PHOTO-2025-10-20-11-53-33-300x205.jpg",300,205,true],"medium_large":["https:\/\/lamostradevalencia.com\/wp-content\/uploads\/2025\/10\/PHOTO-2025-10-20-11-53-33-768x525.jpg",768,525,true],"large":["https:\/\/lamostradevalencia.com\/wp-content\/uploads\/2025\/10\/PHOTO-2025-10-20-11-53-33-1024x700.jpg",1024,700,true],"1536x1536":["https:\/\/lamostradevalencia.com\/wp-content\/uploads\/2025\/10\/PHOTO-2025-10-20-11-53-33-1536x1050.jpg",1536,1050,true],"2048x2048":["https:\/\/lamostradevalencia.com\/wp-content\/uploads\/2025\/10\/PHOTO-2025-10-20-11-53-33.jpg",1600,1094,false],"cinerama_edge_image_square":["https:\/\/lamostradevalencia.com\/wp-content\/uploads\/2025\/10\/PHOTO-2025-10-20-11-53-33-550x550.jpg",550,550,true],"cinerama_edge_image_landscape":["https:\/\/lamostradevalencia.com\/wp-content\/uploads\/2025\/10\/PHOTO-2025-10-20-11-53-33-1100x550.jpg",1100,550,true],"cinerama_edge_image_portrait":["https:\/\/lamostradevalencia.com\/wp-content\/uploads\/2025\/10\/PHOTO-2025-10-20-11-53-33-550x1094.jpg",550,1094,true],"cinerama_edge_image_huge":["https:\/\/lamostradevalencia.com\/wp-content\/uploads\/2025\/10\/PHOTO-2025-10-20-11-53-33-1100x1094.jpg",1100,1094,true],"gform-image-choice-sm":["https:\/\/lamostradevalencia.com\/wp-content\/uploads\/2025\/10\/PHOTO-2025-10-20-11-53-33.jpg",300,205,false],"gform-image-choice-md":["https:\/\/lamostradevalencia.com\/wp-content\/uploads\/2025\/10\/PHOTO-2025-10-20-11-53-33.jpg",400,274,false],"gform-image-choice-lg":["https:\/\/lamostradevalencia.com\/wp-content\/uploads\/2025\/10\/PHOTO-2025-10-20-11-53-33.jpg",600,410,false]},"uagb_author_info":{"display_name":"contenidos","author_link":"https:\/\/lamostradevalencia.com\/ca\/author\/contenidos\/"},"uagb_comment_info":0,"uagb_excerpt":"El f\u00f2rum de coproducci\u00f3 Val\u00e8ncia Film Afers es convertir\u00e0 en el punt de trobada entre la ind\u00fastria internacional i la valenciana La catifa roja de [&hellip;]","_links":{"self":[{"href":"https:\/\/lamostradevalencia.com\/ca\/wp-json\/wp\/v2\/posts\/29585","targetHints":{"allow":["GET"]}}],"collection":[{"href":"https:\/\/lamostradevalencia.com\/ca\/wp-json\/wp\/v2\/posts"}],"about":[{"href":"https:\/\/lamostradevalencia.com\/ca\/wp-json\/wp\/v2\/types\/post"}],"author":[{"embeddable":true,"href":"https:\/\/lamostradevalencia.com\/ca\/wp-json\/wp\/v2\/users\/3"}],"replies":[{"embeddable":true,"href":"https:\/\/lamostradevalencia.com\/ca\/wp-json\/wp\/v2\/comments?post=29585"}],"version-history":[{"count":1,"href":"https:\/\/lamostradevalencia.com\/ca\/wp-json\/wp\/v2\/posts\/29585\/revisions"}],"predecessor-version":[{"id":29586,"href":"https:\/\/lamostradevalencia.com\/ca\/wp-json\/wp\/v2\/posts\/29585\/revisions\/29586"}],"wp:featuredmedia":[{"embeddable":true,"href":"https:\/\/lamostradevalencia.com\/ca\/wp-json\/wp\/v2\/media\/29843"}],"wp:attachment":[{"href":"https:\/\/lamostradevalencia.com\/ca\/wp-json\/wp\/v2\/media?parent=29585"}],"wp:term":[{"taxonomy":"category","embeddable":true,"href":"https:\/\/lamostradevalencia.com\/ca\/wp-json\/wp\/v2\/categories?post=29585"},{"taxonomy":"post_tag","embeddable":true,"href":"https:\/\/lamostradevalencia.com\/ca\/wp-json\/wp\/v2\/tags?post=29585"}],"curies":[{"name":"wp","href":"https:\/\/api.w.org\/{rel}","templated":true}]}}