{"id":29488,"date":"2025-10-16T10:56:31","date_gmt":"2025-10-16T08:56:31","guid":{"rendered":"https:\/\/lamostradevalencia.com\/?p=29488"},"modified":"2025-10-16T14:09:15","modified_gmt":"2025-10-16T12:09:15","slug":"huit-histories-premiades-en-festivals-com-venecia-berlin-rotterdam-tribeca-i-sundance-inauguren-xaloc-en-la-mostra-de-valencia","status":"publish","type":"post","link":"https:\/\/lamostradevalencia.com\/ca\/huit-histories-premiades-en-festivals-com-venecia-berlin-rotterdam-tribeca-i-sundance-inauguren-xaloc-en-la-mostra-de-valencia\/","title":{"rendered":"Nou hist\u00f2ries premiades en festivals com Ven\u00e8cia, Berl\u00edn, Rotterdam, Tribeca i Sundance inauguren Xaloc en la Mostra de Val\u00e8ncia"},"content":{"rendered":"<div class=\"wpb-content-wrapper\"><p>[vc_row][vc_column][vc_column_text css=&#8221;&#8221;]<\/p>\n<h5><i><span style=\"font-weight: 400;\">L&#8217;antiga Secci\u00f3 Informativa es converteix en un espai de descobriment les pel\u00b7l\u00edcules del qual competeixen pel <\/span><\/i><i><span style=\"font-weight: 400;\">Premi del P\u00fablic Ciutat de Val\u00e8ncia<\/span><\/i><\/h5>\n<p><span style=\"font-weight: 400;\">De drames \u00edntims a relats fant\u00e0stics, passant per thrillers inc\u00f2modes i testimoniatges urgents, la secci\u00f3 Xaloc de la <\/span><b>40a Mostra de Val\u00e8ncia \u2013 Cinema Mediterrani, organitzada pel Palau de la M\u00fasica,<\/b><span style=\"font-weight: 400;\"> projectar\u00e0 8 pel\u00b7l\u00edcules que exploren l&#8217;hum\u00e0 des de perspectives radicals i arriscades. Les projeccions tindran lloc als <\/span><b>Cines Babel i l\u2019ABC Park <\/b><span style=\"font-weight: 400;\">dins del marc del certamen, que se celebrar\u00e0 del <\/span><b>23 d&#8217;octubre al 2 de novembre.<\/b><\/p>\n<p><span style=\"font-weight: 400;\">Como assenyala <\/span><b>Sara Mansanet<\/b><span style=\"font-weight: 400;\">, <\/span><span style=\"font-weight: 400;\">subdirectora de Cinematografia i Audiovisuals del Palau de la M\u00fasica i directora de la Mostra, \u201cXaloc, que relleva a l&#8217;antiga secci\u00f3 Informativa, \u00e9s un espai imprescindible per a descobrir les veus que marquen el pols del cinema m\u00e9s actual. En aquesta edici\u00f3 commemorativa tindrem aut\u00e8ntiques joies rescatades dels millors festivals internacionals i amb una notable pres\u00e8ncia del cinema espanyol\u201d. A m\u00e9s, recorda, enguany les cintes competiran pel <\/span><b>Premi del P\u00fablic Ciutat de Val\u00e8ncia<\/b><span style=\"font-weight: 400;\">,<\/span><span style=\"font-weight: 400;\"> dotat amb 10.000 \u20ac a la distribuci\u00f3 a Espanya.<\/span><\/p>\n<p><b>Hist\u00f2ries que travessen fronteres, emocions i g\u00e8neres<\/b><\/p>\n<p><span style=\"font-weight: 400;\">Entre els t\u00edtols m\u00e9s esperats que arribaran a Val\u00e8ncia destaca <\/span><span style=\"font-weight: 400;\">\u2018<\/span><b>La voz de Hind\u2019<\/b><span style=\"font-weight: 400;\">,<\/span><span style=\"font-weight: 400;\"> de la directora tunisiana <\/span><b>Kaouther Ben Hania<\/b><span style=\"font-weight: 400;\">. Estrenada a Ven\u00e8cia i projectada a Sant Sebasti\u00e0, la pel\u00b7l\u00edcula s&#8217;ha convertit en un dels testimoniatges m\u00e9s escruixidors del genocidi palest\u00ed. Es tracta d&#8217;una reconstrucci\u00f3 ancorada en la veritat a partir de les gravacions reals de la crida d&#8217;auxili d&#8217;una xiqueta atrapada sota foc a Gaza. L&#8217;obra va deixar al p\u00fablic commocionat i va rebre una ovaci\u00f3 en peus de 23 minuts el dia de la seua estrena.<\/span><\/p>\n<p><span style=\"font-weight: 400;\">El pols del thriller i el terror el portar\u00e0 la producci\u00f3 valenciana d&#8217;<\/span><b>Ion de Sosa<\/b><span style=\"font-weight: 400;\"> \u2018<\/span><b>Balearic\u2019<\/b><span style=\"font-weight: 400;\">, <\/span><span style=\"font-weight: 400;\">una coproducci\u00f3 espanyola-francesa, presentada a Locarno i Sitges, que ofereix una inquietant al\u00b7legoria en qu\u00e8 un grup d&#8217;adolescents queda atrapat en una piscina per fero\u00e7os gossos mentrestant, en paral\u00b7lel, l&#8217;elit festiva es refugia en la seua decad\u00e8ncia.<\/span><\/p>\n<p><span style=\"font-weight: 400;\">Forma part tamb\u00e9 de <\/span><span style=\"font-weight: 400;\">Xaloc \u2018<\/span><b>Quan un riu esdev\u00e9 el mar\u2019<\/b><span style=\"font-weight: 400;\">, del catal\u00e0 <\/span><b>Pere Vil\u00e0 i Barcel\u00f3<\/b><span style=\"font-weight: 400;\">,<\/span><span style=\"font-weight: 400;\"> un drama sobre el trauma i la reconstrucci\u00f3 personal que explora l&#8217;ab\u00fas sexual i que li va valdre a <\/span><b>\u00c0lex Brendem\u00fchl<\/b> <span style=\"font-weight: 400;\">\u00a0el Premi a Millor Actor en el Festival de M\u00e0laga.<\/span><\/p>\n<p><span style=\"font-weight: 400;\">La francesa <\/span><b>Lucile Had\u017eihalilovi\u0107<\/b> <span style=\"font-weight: 400;\">\u00a0torna al terreny fant\u00e0stic amb <\/span><b>La Tour de glace\u2019<\/b><span style=\"font-weight: 400;\">,<\/span><span style=\"font-weight: 400;\"> Os de Plata a Berl\u00edn, una pertorbadora relectura de \u2018La reina de les neus\u2019 d&#8217;Andersen que converteix el conte en un viatge on\u00edric i ombr\u00edvol.<\/span><\/p>\n<p><span style=\"font-weight: 400;\">Des de Turquia, l&#8217;irani\u00e0 <\/span><b>Alireza Khatami<\/b><span style=\"font-weight: 400;\">i dona un gir al thriller amb \u2018<\/span><b>The Things You Kill\u2019<\/b><span style=\"font-weight: 400;\">, <\/span><span style=\"font-weight: 400;\">, que va obtindre el guard\u00f3 a millor director en la secci\u00f3 <\/span><span style=\"font-weight: 400;\">World Cinema, de Sundance,<\/span><span style=\"font-weight: 400;\"> en qu\u00e8 explora els territoris del dol, la viol\u00e8ncia i la venjan\u00e7a en un relat carregat de tensi\u00f3 psicol\u00f2gica.<\/span><\/p>\n<p><span style=\"font-weight: 400;\">En coproducci\u00f3 entre Espanya i Portugal, <\/span><b>Lois Pati\u00f1o<\/b><span style=\"font-weight: 400;\"> presenta \u2018<\/span><b>Ariel\u2019<\/b><span style=\"font-weight: 400;\">,<\/span><span style=\"font-weight: 400;\"> guanyadora del Silvestre Award de Rotterdam, un poema visual inspirat en \u2018La tempestat\u2019 de Shakespeare i rodat a Gal\u00edcia i les illes A\u00e7ores, en el que el real i l&#8217;espectral es confonen en un espai contemplatiu.<\/span><\/p>\n<p><span style=\"font-weight: 400;\">Les veus emergents tamb\u00e9 tenen un lloc destacat en Xaloc. La debutant directora eslovena <\/span><b>Ur\u0161ka Djuki\u0107<\/b><span style=\"font-weight: 400;\"> presenta en \u2018<\/span><b>Kaj ti je deklica\u2019 (Little Trouble Girls)<\/b><span style=\"font-weight: 400;\">,<\/span><span style=\"font-weight: 400;\"> cinta que va ser premiada a Berl\u00edn i Tribeca, una visi\u00f3 fresca i seductora sobre el despertar sexual d&#8217;una xica cat\u00f2lica. I des de Portugal arriba l&#8217;\u00f2pera prima de <\/span><b>Paula Tom\u00e1s Marques <\/b><span style=\"font-weight: 400;\">\u2018<\/span><b>Duas vezes Jo\u00e3o Liberada\u2019.<\/b><span style=\"font-weight: 400;\"> Rodada en 16mm i presentada en la Berlinale, la pel\u00b7l\u00edcula proposa un joc d&#8217;espills entre el biopic hist\u00f2ric, el metacine i el sobrenatural, per a construir una rondalla feminista sobre una dona no conforme amb el seu g\u00e8nere que \u00e9s perseguida per la Inquisici\u00f3 en el segle XVIII.<\/span><\/p>\n<p>Tamb\u00e9 forma part de Xaloc<strong> &#8216;<\/strong><strong>Nena&#8217;<\/strong><strong>,<\/strong> segon llargmetratge del director <strong>Gabi Ochoa.<\/strong> Aquesta com\u00e8dia dram\u00e0tica ambientada a l&#8217;Espanya de finals dels 80 aborda temes com la llibertat femenina, l&#8217;homosexualitat i la cerca d&#8217;identitat. Una mirada \u00edntima a una generaci\u00f3 en transformaci\u00f3, protagonitzada per <strong>Mar\u00eda Almud\u00e9ver, Paz Garc\u00eda, Jacob Llopis<\/strong> i <strong data-start=\"467\" data-end=\"485\">Lluna Aldasoro<\/strong>.<\/p>\n<p><span style=\"font-weight: 400;\">Amb aquesta selecci\u00f3, la Mostra de Val\u00e8ncia converteix a la secci\u00f3 Xaloc en un espai de descobriment on conviuen el drama m\u00e9s \u00edntim, el cinema pol\u00edtic urgent, l&#8217;experimentalisme formal i les rondalles inquietants. Una invitaci\u00f3 a deixar-se arrossegar per un vent que bufa des de totes les latituds i que promet emocions tan intenses com diverses.<\/span>[\/vc_column_text][\/vc_column][\/vc_row]<\/p>\n<\/div>","protected":false},"excerpt":{"rendered":"<p>[vc_row][vc_column][vc_column_text css=&#8221;&#8221;] L&#8217;antiga Secci\u00f3 Informativa es converteix en un espai de descobriment les pel\u00b7l\u00edcules del qual competeixen pel Premi del P\u00fablic Ciutat de Val\u00e8ncia De [&hellip;]<\/p>\n","protected":false},"author":1,"featured_media":29534,"comment_status":"open","ping_status":"open","sticky":false,"template":"","format":"standard","meta":{"_uag_custom_page_level_css":"","_jet_sm_ready_style":"","_jet_sm_style":"","_jet_sm_controls_values":"","_jet_sm_fonts_collection":"","_jet_sm_fonts_links":"","footnotes":""},"categories":[455],"tags":[],"class_list":["post-29488","post","type-post","status-publish","format-standard","has-post-thumbnail","hentry","category-noticies"],"yoast_head":"<!-- This site is optimized with the Yoast SEO plugin v27.5 - https:\/\/yoast.com\/product\/yoast-seo-wordpress\/ -->\n<title>Nou hist\u00f2ries premiades en festivals com Ven\u00e8cia, Berl\u00edn, Rotterdam, Tribeca i Sundance inauguren Xaloc en la Mostra de Val\u00e8ncia - Mostra de Val\u00e8ncia<\/title>\n<meta name=\"robots\" content=\"index, follow, max-snippet:-1, max-image-preview:large, max-video-preview:-1\" \/>\n<link rel=\"canonical\" href=\"https:\/\/lamostradevalencia.com\/ca\/huit-histories-premiades-en-festivals-com-venecia-berlin-rotterdam-tribeca-i-sundance-inauguren-xaloc-en-la-mostra-de-valencia\/\" \/>\n<meta property=\"og:locale\" content=\"ca_ES\" \/>\n<meta property=\"og:type\" content=\"article\" \/>\n<meta property=\"og:title\" content=\"Nou hist\u00f2ries premiades en festivals com Ven\u00e8cia, Berl\u00edn, Rotterdam, Tribeca i Sundance inauguren Xaloc en la Mostra de Val\u00e8ncia - Mostra de Val\u00e8ncia\" \/>\n<meta property=\"og:description\" content=\"[vc_row][vc_column][vc_column_text css=&#8221;&#8221;] L&#8217;antiga Secci\u00f3 Informativa es converteix en un espai de descobriment les pel\u00b7l\u00edcules del qual competeixen pel Premi del P\u00fablic Ciutat de Val\u00e8ncia De [&hellip;]\" \/>\n<meta property=\"og:url\" content=\"https:\/\/lamostradevalencia.com\/ca\/huit-histories-premiades-en-festivals-com-venecia-berlin-rotterdam-tribeca-i-sundance-inauguren-xaloc-en-la-mostra-de-valencia\/\" \/>\n<meta property=\"og:site_name\" content=\"Mostra de Val\u00e8ncia\" \/>\n<meta property=\"article:published_time\" content=\"2025-10-16T08:56:31+00:00\" \/>\n<meta property=\"article:modified_time\" content=\"2025-10-16T12:09:15+00:00\" \/>\n<meta property=\"og:image\" content=\"https:\/\/lamostradevalencia.com\/wp-content\/uploads\/2025\/10\/XALOC.jpg\" \/>\n\t<meta property=\"og:image:width\" content=\"1920\" \/>\n\t<meta property=\"og:image:height\" content=\"1080\" \/>\n\t<meta property=\"og:image:type\" content=\"image\/jpeg\" \/>\n<meta name=\"author\" content=\"Mostra de Val\u00e8ncia\" \/>\n<meta name=\"twitter:card\" content=\"summary_large_image\" \/>\n<meta name=\"twitter:label1\" content=\"Escrit per\" \/>\n\t<meta name=\"twitter:data1\" content=\"Mostra de Val\u00e8ncia\" \/>\n\t<meta name=\"twitter:label2\" content=\"Temps estimat de lectura\" \/>\n\t<meta name=\"twitter:data2\" content=\"4 minuts\" \/>\n<script type=\"application\/ld+json\" class=\"yoast-schema-graph\">{\"@context\":\"https:\\\/\\\/schema.org\",\"@graph\":[{\"@type\":\"Article\",\"@id\":\"https:\\\/\\\/lamostradevalencia.com\\\/ca\\\/huit-histories-premiades-en-festivals-com-venecia-berlin-rotterdam-tribeca-i-sundance-inauguren-xaloc-en-la-mostra-de-valencia\\\/#article\",\"isPartOf\":{\"@id\":\"https:\\\/\\\/lamostradevalencia.com\\\/ca\\\/huit-histories-premiades-en-festivals-com-venecia-berlin-rotterdam-tribeca-i-sundance-inauguren-xaloc-en-la-mostra-de-valencia\\\/\"},\"author\":{\"name\":\"Mostra de Val\u00e8ncia\",\"@id\":\"https:\\\/\\\/lamostradevalencia.com\\\/ca\\\/#\\\/schema\\\/person\\\/1dc07e4df3d6310b81d2cdf6a034070c\"},\"headline\":\"Nou hist\u00f2ries premiades en festivals com Ven\u00e8cia, Berl\u00edn, Rotterdam, Tribeca i Sundance inauguren Xaloc en la Mostra de Val\u00e8ncia\",\"datePublished\":\"2025-10-16T08:56:31+00:00\",\"dateModified\":\"2025-10-16T12:09:15+00:00\",\"mainEntityOfPage\":{\"@id\":\"https:\\\/\\\/lamostradevalencia.com\\\/ca\\\/huit-histories-premiades-en-festivals-com-venecia-berlin-rotterdam-tribeca-i-sundance-inauguren-xaloc-en-la-mostra-de-valencia\\\/\"},\"wordCount\":841,\"commentCount\":0,\"image\":{\"@id\":\"https:\\\/\\\/lamostradevalencia.com\\\/ca\\\/huit-histories-premiades-en-festivals-com-venecia-berlin-rotterdam-tribeca-i-sundance-inauguren-xaloc-en-la-mostra-de-valencia\\\/#primaryimage\"},\"thumbnailUrl\":\"https:\\\/\\\/lamostradevalencia.com\\\/wp-content\\\/uploads\\\/2025\\\/10\\\/XALOC.jpg\",\"articleSection\":[\"Noticies\"],\"inLanguage\":\"ca\",\"potentialAction\":[{\"@type\":\"CommentAction\",\"name\":\"Comment\",\"target\":[\"https:\\\/\\\/lamostradevalencia.com\\\/ca\\\/huit-histories-premiades-en-festivals-com-venecia-berlin-rotterdam-tribeca-i-sundance-inauguren-xaloc-en-la-mostra-de-valencia\\\/#respond\"]}]},{\"@type\":\"WebPage\",\"@id\":\"https:\\\/\\\/lamostradevalencia.com\\\/ca\\\/huit-histories-premiades-en-festivals-com-venecia-berlin-rotterdam-tribeca-i-sundance-inauguren-xaloc-en-la-mostra-de-valencia\\\/\",\"url\":\"https:\\\/\\\/lamostradevalencia.com\\\/ca\\\/huit-histories-premiades-en-festivals-com-venecia-berlin-rotterdam-tribeca-i-sundance-inauguren-xaloc-en-la-mostra-de-valencia\\\/\",\"name\":\"Nou hist\u00f2ries premiades en festivals com Ven\u00e8cia, Berl\u00edn, Rotterdam, Tribeca i Sundance inauguren Xaloc en la Mostra de Val\u00e8ncia - Mostra de Val\u00e8ncia\",\"isPartOf\":{\"@id\":\"https:\\\/\\\/lamostradevalencia.com\\\/ca\\\/#website\"},\"primaryImageOfPage\":{\"@id\":\"https:\\\/\\\/lamostradevalencia.com\\\/ca\\\/huit-histories-premiades-en-festivals-com-venecia-berlin-rotterdam-tribeca-i-sundance-inauguren-xaloc-en-la-mostra-de-valencia\\\/#primaryimage\"},\"image\":{\"@id\":\"https:\\\/\\\/lamostradevalencia.com\\\/ca\\\/huit-histories-premiades-en-festivals-com-venecia-berlin-rotterdam-tribeca-i-sundance-inauguren-xaloc-en-la-mostra-de-valencia\\\/#primaryimage\"},\"thumbnailUrl\":\"https:\\\/\\\/lamostradevalencia.com\\\/wp-content\\\/uploads\\\/2025\\\/10\\\/XALOC.jpg\",\"datePublished\":\"2025-10-16T08:56:31+00:00\",\"dateModified\":\"2025-10-16T12:09:15+00:00\",\"author\":{\"@id\":\"https:\\\/\\\/lamostradevalencia.com\\\/ca\\\/#\\\/schema\\\/person\\\/1dc07e4df3d6310b81d2cdf6a034070c\"},\"breadcrumb\":{\"@id\":\"https:\\\/\\\/lamostradevalencia.com\\\/ca\\\/huit-histories-premiades-en-festivals-com-venecia-berlin-rotterdam-tribeca-i-sundance-inauguren-xaloc-en-la-mostra-de-valencia\\\/#breadcrumb\"},\"inLanguage\":\"ca\",\"potentialAction\":[{\"@type\":\"ReadAction\",\"target\":[\"https:\\\/\\\/lamostradevalencia.com\\\/ca\\\/huit-histories-premiades-en-festivals-com-venecia-berlin-rotterdam-tribeca-i-sundance-inauguren-xaloc-en-la-mostra-de-valencia\\\/\"]}]},{\"@type\":\"ImageObject\",\"inLanguage\":\"ca\",\"@id\":\"https:\\\/\\\/lamostradevalencia.com\\\/ca\\\/huit-histories-premiades-en-festivals-com-venecia-berlin-rotterdam-tribeca-i-sundance-inauguren-xaloc-en-la-mostra-de-valencia\\\/#primaryimage\",\"url\":\"https:\\\/\\\/lamostradevalencia.com\\\/wp-content\\\/uploads\\\/2025\\\/10\\\/XALOC.jpg\",\"contentUrl\":\"https:\\\/\\\/lamostradevalencia.com\\\/wp-content\\\/uploads\\\/2025\\\/10\\\/XALOC.jpg\",\"width\":1920,\"height\":1080},{\"@type\":\"BreadcrumbList\",\"@id\":\"https:\\\/\\\/lamostradevalencia.com\\\/ca\\\/huit-histories-premiades-en-festivals-com-venecia-berlin-rotterdam-tribeca-i-sundance-inauguren-xaloc-en-la-mostra-de-valencia\\\/#breadcrumb\",\"itemListElement\":[{\"@type\":\"ListItem\",\"position\":1,\"name\":\"Portada\",\"item\":\"https:\\\/\\\/lamostradevalencia.com\\\/ca\\\/\"},{\"@type\":\"ListItem\",\"position\":2,\"name\":\"Nou hist\u00f2ries premiades en festivals com Ven\u00e8cia, Berl\u00edn, Rotterdam, Tribeca i Sundance inauguren Xaloc en la Mostra de Val\u00e8ncia\"}]},{\"@type\":\"WebSite\",\"@id\":\"https:\\\/\\\/lamostradevalencia.com\\\/ca\\\/#website\",\"url\":\"https:\\\/\\\/lamostradevalencia.com\\\/ca\\\/\",\"name\":\"Mostra de Val\u00e8ncia\",\"description\":\"Cinema del Mediterrani\",\"potentialAction\":[{\"@type\":\"SearchAction\",\"target\":{\"@type\":\"EntryPoint\",\"urlTemplate\":\"https:\\\/\\\/lamostradevalencia.com\\\/ca\\\/?s={search_term_string}\"},\"query-input\":{\"@type\":\"PropertyValueSpecification\",\"valueRequired\":true,\"valueName\":\"search_term_string\"}}],\"inLanguage\":\"ca\"},{\"@type\":\"Person\",\"@id\":\"https:\\\/\\\/lamostradevalencia.com\\\/ca\\\/#\\\/schema\\\/person\\\/1dc07e4df3d6310b81d2cdf6a034070c\",\"name\":\"Mostra de Val\u00e8ncia\",\"image\":{\"@type\":\"ImageObject\",\"inLanguage\":\"ca\",\"@id\":\"https:\\\/\\\/secure.gravatar.com\\\/avatar\\\/ada4dfd699a9907706987adb1bb2b361c2613ccca474b49b8c648de5208e32f8?s=96&d=mm&r=g\",\"url\":\"https:\\\/\\\/secure.gravatar.com\\\/avatar\\\/ada4dfd699a9907706987adb1bb2b361c2613ccca474b49b8c648de5208e32f8?s=96&d=mm&r=g\",\"contentUrl\":\"https:\\\/\\\/secure.gravatar.com\\\/avatar\\\/ada4dfd699a9907706987adb1bb2b361c2613ccca474b49b8c648de5208e32f8?s=96&d=mm&r=g\",\"caption\":\"Mostra de Val\u00e8ncia\"}}]}<\/script>\n<!-- \/ Yoast SEO plugin. -->","yoast_head_json":{"title":"Nou hist\u00f2ries premiades en festivals com Ven\u00e8cia, Berl\u00edn, Rotterdam, Tribeca i Sundance inauguren Xaloc en la Mostra de Val\u00e8ncia - Mostra de Val\u00e8ncia","robots":{"index":"index","follow":"follow","max-snippet":"max-snippet:-1","max-image-preview":"max-image-preview:large","max-video-preview":"max-video-preview:-1"},"canonical":"https:\/\/lamostradevalencia.com\/ca\/huit-histories-premiades-en-festivals-com-venecia-berlin-rotterdam-tribeca-i-sundance-inauguren-xaloc-en-la-mostra-de-valencia\/","og_locale":"ca_ES","og_type":"article","og_title":"Nou hist\u00f2ries premiades en festivals com Ven\u00e8cia, Berl\u00edn, Rotterdam, Tribeca i Sundance inauguren Xaloc en la Mostra de Val\u00e8ncia - Mostra de Val\u00e8ncia","og_description":"[vc_row][vc_column][vc_column_text css=&#8221;&#8221;] L&#8217;antiga Secci\u00f3 Informativa es converteix en un espai de descobriment les pel\u00b7l\u00edcules del qual competeixen pel Premi del P\u00fablic Ciutat de Val\u00e8ncia De [&hellip;]","og_url":"https:\/\/lamostradevalencia.com\/ca\/huit-histories-premiades-en-festivals-com-venecia-berlin-rotterdam-tribeca-i-sundance-inauguren-xaloc-en-la-mostra-de-valencia\/","og_site_name":"Mostra de Val\u00e8ncia","article_published_time":"2025-10-16T08:56:31+00:00","article_modified_time":"2025-10-16T12:09:15+00:00","og_image":[{"width":1920,"height":1080,"url":"https:\/\/lamostradevalencia.com\/wp-content\/uploads\/2025\/10\/XALOC.jpg","type":"image\/jpeg"}],"author":"Mostra de Val\u00e8ncia","twitter_card":"summary_large_image","twitter_misc":{"Escrit per":"Mostra de Val\u00e8ncia","Temps estimat de lectura":"4 minuts"},"schema":{"@context":"https:\/\/schema.org","@graph":[{"@type":"Article","@id":"https:\/\/lamostradevalencia.com\/ca\/huit-histories-premiades-en-festivals-com-venecia-berlin-rotterdam-tribeca-i-sundance-inauguren-xaloc-en-la-mostra-de-valencia\/#article","isPartOf":{"@id":"https:\/\/lamostradevalencia.com\/ca\/huit-histories-premiades-en-festivals-com-venecia-berlin-rotterdam-tribeca-i-sundance-inauguren-xaloc-en-la-mostra-de-valencia\/"},"author":{"name":"Mostra de Val\u00e8ncia","@id":"https:\/\/lamostradevalencia.com\/ca\/#\/schema\/person\/1dc07e4df3d6310b81d2cdf6a034070c"},"headline":"Nou hist\u00f2ries premiades en festivals com Ven\u00e8cia, Berl\u00edn, Rotterdam, Tribeca i Sundance inauguren Xaloc en la Mostra de Val\u00e8ncia","datePublished":"2025-10-16T08:56:31+00:00","dateModified":"2025-10-16T12:09:15+00:00","mainEntityOfPage":{"@id":"https:\/\/lamostradevalencia.com\/ca\/huit-histories-premiades-en-festivals-com-venecia-berlin-rotterdam-tribeca-i-sundance-inauguren-xaloc-en-la-mostra-de-valencia\/"},"wordCount":841,"commentCount":0,"image":{"@id":"https:\/\/lamostradevalencia.com\/ca\/huit-histories-premiades-en-festivals-com-venecia-berlin-rotterdam-tribeca-i-sundance-inauguren-xaloc-en-la-mostra-de-valencia\/#primaryimage"},"thumbnailUrl":"https:\/\/lamostradevalencia.com\/wp-content\/uploads\/2025\/10\/XALOC.jpg","articleSection":["Noticies"],"inLanguage":"ca","potentialAction":[{"@type":"CommentAction","name":"Comment","target":["https:\/\/lamostradevalencia.com\/ca\/huit-histories-premiades-en-festivals-com-venecia-berlin-rotterdam-tribeca-i-sundance-inauguren-xaloc-en-la-mostra-de-valencia\/#respond"]}]},{"@type":"WebPage","@id":"https:\/\/lamostradevalencia.com\/ca\/huit-histories-premiades-en-festivals-com-venecia-berlin-rotterdam-tribeca-i-sundance-inauguren-xaloc-en-la-mostra-de-valencia\/","url":"https:\/\/lamostradevalencia.com\/ca\/huit-histories-premiades-en-festivals-com-venecia-berlin-rotterdam-tribeca-i-sundance-inauguren-xaloc-en-la-mostra-de-valencia\/","name":"Nou hist\u00f2ries premiades en festivals com Ven\u00e8cia, Berl\u00edn, Rotterdam, Tribeca i Sundance inauguren Xaloc en la Mostra de Val\u00e8ncia - Mostra de Val\u00e8ncia","isPartOf":{"@id":"https:\/\/lamostradevalencia.com\/ca\/#website"},"primaryImageOfPage":{"@id":"https:\/\/lamostradevalencia.com\/ca\/huit-histories-premiades-en-festivals-com-venecia-berlin-rotterdam-tribeca-i-sundance-inauguren-xaloc-en-la-mostra-de-valencia\/#primaryimage"},"image":{"@id":"https:\/\/lamostradevalencia.com\/ca\/huit-histories-premiades-en-festivals-com-venecia-berlin-rotterdam-tribeca-i-sundance-inauguren-xaloc-en-la-mostra-de-valencia\/#primaryimage"},"thumbnailUrl":"https:\/\/lamostradevalencia.com\/wp-content\/uploads\/2025\/10\/XALOC.jpg","datePublished":"2025-10-16T08:56:31+00:00","dateModified":"2025-10-16T12:09:15+00:00","author":{"@id":"https:\/\/lamostradevalencia.com\/ca\/#\/schema\/person\/1dc07e4df3d6310b81d2cdf6a034070c"},"breadcrumb":{"@id":"https:\/\/lamostradevalencia.com\/ca\/huit-histories-premiades-en-festivals-com-venecia-berlin-rotterdam-tribeca-i-sundance-inauguren-xaloc-en-la-mostra-de-valencia\/#breadcrumb"},"inLanguage":"ca","potentialAction":[{"@type":"ReadAction","target":["https:\/\/lamostradevalencia.com\/ca\/huit-histories-premiades-en-festivals-com-venecia-berlin-rotterdam-tribeca-i-sundance-inauguren-xaloc-en-la-mostra-de-valencia\/"]}]},{"@type":"ImageObject","inLanguage":"ca","@id":"https:\/\/lamostradevalencia.com\/ca\/huit-histories-premiades-en-festivals-com-venecia-berlin-rotterdam-tribeca-i-sundance-inauguren-xaloc-en-la-mostra-de-valencia\/#primaryimage","url":"https:\/\/lamostradevalencia.com\/wp-content\/uploads\/2025\/10\/XALOC.jpg","contentUrl":"https:\/\/lamostradevalencia.com\/wp-content\/uploads\/2025\/10\/XALOC.jpg","width":1920,"height":1080},{"@type":"BreadcrumbList","@id":"https:\/\/lamostradevalencia.com\/ca\/huit-histories-premiades-en-festivals-com-venecia-berlin-rotterdam-tribeca-i-sundance-inauguren-xaloc-en-la-mostra-de-valencia\/#breadcrumb","itemListElement":[{"@type":"ListItem","position":1,"name":"Portada","item":"https:\/\/lamostradevalencia.com\/ca\/"},{"@type":"ListItem","position":2,"name":"Nou hist\u00f2ries premiades en festivals com Ven\u00e8cia, Berl\u00edn, Rotterdam, Tribeca i Sundance inauguren Xaloc en la Mostra de Val\u00e8ncia"}]},{"@type":"WebSite","@id":"https:\/\/lamostradevalencia.com\/ca\/#website","url":"https:\/\/lamostradevalencia.com\/ca\/","name":"Mostra de Val\u00e8ncia","description":"Cinema del Mediterrani","potentialAction":[{"@type":"SearchAction","target":{"@type":"EntryPoint","urlTemplate":"https:\/\/lamostradevalencia.com\/ca\/?s={search_term_string}"},"query-input":{"@type":"PropertyValueSpecification","valueRequired":true,"valueName":"search_term_string"}}],"inLanguage":"ca"},{"@type":"Person","@id":"https:\/\/lamostradevalencia.com\/ca\/#\/schema\/person\/1dc07e4df3d6310b81d2cdf6a034070c","name":"Mostra de Val\u00e8ncia","image":{"@type":"ImageObject","inLanguage":"ca","@id":"https:\/\/secure.gravatar.com\/avatar\/ada4dfd699a9907706987adb1bb2b361c2613ccca474b49b8c648de5208e32f8?s=96&d=mm&r=g","url":"https:\/\/secure.gravatar.com\/avatar\/ada4dfd699a9907706987adb1bb2b361c2613ccca474b49b8c648de5208e32f8?s=96&d=mm&r=g","contentUrl":"https:\/\/secure.gravatar.com\/avatar\/ada4dfd699a9907706987adb1bb2b361c2613ccca474b49b8c648de5208e32f8?s=96&d=mm&r=g","caption":"Mostra de Val\u00e8ncia"}}]}},"uagb_featured_image_src":{"full":["https:\/\/lamostradevalencia.com\/wp-content\/uploads\/2025\/10\/XALOC.jpg",1920,1080,false],"thumbnail":["https:\/\/lamostradevalencia.com\/wp-content\/uploads\/2025\/10\/XALOC-150x150.jpg",150,150,true],"medium":["https:\/\/lamostradevalencia.com\/wp-content\/uploads\/2025\/10\/XALOC-300x169.jpg",300,169,true],"medium_large":["https:\/\/lamostradevalencia.com\/wp-content\/uploads\/2025\/10\/XALOC-768x432.jpg",768,432,true],"large":["https:\/\/lamostradevalencia.com\/wp-content\/uploads\/2025\/10\/XALOC-1024x576.jpg",1024,576,true],"1536x1536":["https:\/\/lamostradevalencia.com\/wp-content\/uploads\/2025\/10\/XALOC-1536x864.jpg",1536,864,true],"2048x2048":["https:\/\/lamostradevalencia.com\/wp-content\/uploads\/2025\/10\/XALOC.jpg",1920,1080,false],"cinerama_edge_image_square":["https:\/\/lamostradevalencia.com\/wp-content\/uploads\/2025\/10\/XALOC-550x550.jpg",550,550,true],"cinerama_edge_image_landscape":["https:\/\/lamostradevalencia.com\/wp-content\/uploads\/2025\/10\/XALOC-1100x550.jpg",1100,550,true],"cinerama_edge_image_portrait":["https:\/\/lamostradevalencia.com\/wp-content\/uploads\/2025\/10\/XALOC-550x1080.jpg",550,1080,true],"cinerama_edge_image_huge":["https:\/\/lamostradevalencia.com\/wp-content\/uploads\/2025\/10\/XALOC-1100x1080.jpg",1100,1080,true],"gform-image-choice-sm":["https:\/\/lamostradevalencia.com\/wp-content\/uploads\/2025\/10\/XALOC.jpg",300,169,false],"gform-image-choice-md":["https:\/\/lamostradevalencia.com\/wp-content\/uploads\/2025\/10\/XALOC.jpg",400,225,false],"gform-image-choice-lg":["https:\/\/lamostradevalencia.com\/wp-content\/uploads\/2025\/10\/XALOC.jpg",600,338,false]},"uagb_author_info":{"display_name":"Mostra de Val\u00e8ncia","author_link":"https:\/\/lamostradevalencia.com\/ca\/author\/mostravalencia\/"},"uagb_comment_info":0,"uagb_excerpt":"[vc_row][vc_column][vc_column_text css=&#8221;&#8221;] L&#8217;antiga Secci\u00f3 Informativa es converteix en un espai de descobriment les pel\u00b7l\u00edcules del qual competeixen pel Premi del P\u00fablic Ciutat de Val\u00e8ncia De [&hellip;]","_links":{"self":[{"href":"https:\/\/lamostradevalencia.com\/ca\/wp-json\/wp\/v2\/posts\/29488","targetHints":{"allow":["GET"]}}],"collection":[{"href":"https:\/\/lamostradevalencia.com\/ca\/wp-json\/wp\/v2\/posts"}],"about":[{"href":"https:\/\/lamostradevalencia.com\/ca\/wp-json\/wp\/v2\/types\/post"}],"author":[{"embeddable":true,"href":"https:\/\/lamostradevalencia.com\/ca\/wp-json\/wp\/v2\/users\/1"}],"replies":[{"embeddable":true,"href":"https:\/\/lamostradevalencia.com\/ca\/wp-json\/wp\/v2\/comments?post=29488"}],"version-history":[{"count":2,"href":"https:\/\/lamostradevalencia.com\/ca\/wp-json\/wp\/v2\/posts\/29488\/revisions"}],"predecessor-version":[{"id":29580,"href":"https:\/\/lamostradevalencia.com\/ca\/wp-json\/wp\/v2\/posts\/29488\/revisions\/29580"}],"wp:featuredmedia":[{"embeddable":true,"href":"https:\/\/lamostradevalencia.com\/ca\/wp-json\/wp\/v2\/media\/29534"}],"wp:attachment":[{"href":"https:\/\/lamostradevalencia.com\/ca\/wp-json\/wp\/v2\/media?parent=29488"}],"wp:term":[{"taxonomy":"category","embeddable":true,"href":"https:\/\/lamostradevalencia.com\/ca\/wp-json\/wp\/v2\/categories?post=29488"},{"taxonomy":"post_tag","embeddable":true,"href":"https:\/\/lamostradevalencia.com\/ca\/wp-json\/wp\/v2\/tags?post=29488"}],"curies":[{"name":"wp","href":"https:\/\/api.w.org\/{rel}","templated":true}]}}