{"id":28904,"date":"2025-10-13T14:48:08","date_gmt":"2025-10-13T12:48:08","guid":{"rendered":"https:\/\/lamostradevalencia.com\/?p=28904"},"modified":"2025-10-13T15:14:10","modified_gmt":"2025-10-13T13:14:10","slug":"les-pel%c2%b7licules-nominades-en-els-premis-lola-gaos-es-projectaran-en-la-nova-seccio-finestra-de-mostra-de-valencia","status":"publish","type":"post","link":"https:\/\/lamostradevalencia.com\/ca\/les-pel%c2%b7licules-nominades-en-els-premis-lola-gaos-es-projectaran-en-la-nova-seccio-finestra-de-mostra-de-valencia\/","title":{"rendered":"Les pel\u00b7l\u00edcules nominades en els Premis Lola Gaos es projectaran en la nova secci\u00f3 Finestra de Mostra de Val\u00e8ncia"},"content":{"rendered":"<h5><em>La pres\u00e8ncia valenciana copa altres seccions amb t\u00edtols com \u2018La cena\u2019, \u2018<\/em><em>Balearic\u2019, \u2018La ruta vol.2: Ibiza\u2019, \u2018Nena\u2019 y \u2018Las capas de la memoria\u2019<\/em><\/h5>\n<h5><em>Optaran a un premi de 3.000 euros concedit per DAMA<\/em><\/h5>\n<p>El cinema valenci\u00e0 ha nodrit diverses seccions de les \u00faltimes edicions de Mostra de Val\u00e8ncia-Cinema del Mediterrani, per\u00f2 en la seua 40a edici\u00f3, organitzada pel Palau de la M\u00fasica, fa un pas m\u00e9s en crear una selecci\u00f3 transversal, <strong>Finestra,<\/strong> per a les produccions valencianes. Sota aquesta denominaci\u00f3 s&#8217;agruparan totes les produccions de la Comunitat de les diferents seccions i a m\u00e9s d&#8217;una selecci\u00f3 pr\u00f2pia en qu\u00e8, per primera vegada, s&#8217;exhibiran els t\u00edtols nominats dels Premis Lola Gaos, que atorga l&#8217;Acad\u00e8mia Valenciana de l&#8217;Audiovisual i que es donaran a con\u00e9ixer el pr\u00f2xim 21 d&#8217;octubre al Palau, <strong>en les categories de Millor Llargmetratge de Ficci\u00f3, Documental i Animaci\u00f3 al costat de les de les categories de millor Direcci\u00f3 i Gui\u00f3.<\/strong><\/p>\n<p>Aix\u00f2 \u00e9s possible gr\u00e0cies a un acord entre l&#8217;Acad\u00e8mia i Mostra de Val\u00e8ncia, que ha sigut presentat aquest mat\u00ed pel regidor d&#8217;Acci\u00f3 Cultural, Patrimoni i Recursos Culturals i president del Palau de la M\u00fasica, <strong>Jos\u00e9 Luis Moreno;<\/strong> la subdirectora de Cinematografia i Audiovisuals i directora de la Mostra, <strong>Sara Mansanet<\/strong>; i la presidenta de l&#8217;Acad\u00e8mia Valenciana de l&#8217;Audiovisual, <strong>Teresa Cebri\u00e1n.<\/strong><\/p>\n<p>\u201cPer a nosaltres \u00e9s fonamental potenciar la pres\u00e8ncia de l&#8217;audiovisual valenci\u00e0 en el festival -assegura Sara Mansanet-, que a m\u00e9s d&#8217;augmentar la seua representaci\u00f3 en la selecci\u00f3, <strong>comptar\u00e0 amb un premi de 3.000 euros atorgat per DAMA que ser\u00e0 concedit al director i guionista de la pel\u00b7l\u00edcula m\u00e9s destacada per un jurat de professionals procedents d&#8217;Andalusia, Madrid i Pa\u00eds Basc\u201d. <\/strong>El guard\u00f3 ser\u00e0 entregat com a clausura del f\u00f2rum de coproducci\u00f3 Val\u00e8ncia Films Afers, el pr\u00f2xim 30 d&#8217;octubre, que busca ser el punt de trobada de la ind\u00fastria nacional amb la internacional en Veles e Vents.<\/p>\n<p><strong>Els passes de les pel\u00b7l\u00edcules nominades als Premis Lola Gaos tindran lloc al Cine ABC Park de Val\u00e8ncia,<\/strong> acompanyats pels seus respectius equips. Per a Teresa Cebri\u00e1n la creaci\u00f3 de Finestra suposa \u201cun punt de trobada anual de la ind\u00fastria audiovisual valenciana i una gran iniciativa per a donar rellev\u00e0ncia i visibilitat als treballs valencians. La Mostra permetr\u00e0 amb aquesta secci\u00f3 que eixes pel\u00b7l\u00edcules es vegen en la pantalla gran\u201d.<\/p>\n<p>Per\u00f2 no seran les \u00faniques representants del cinema produ\u00eft a Val\u00e8ncia, les diferents seccions d&#8217;enguany tindran tamb\u00e9 una gran pres\u00e8ncia de la creaci\u00f3 audiovisual de la Comunitat. Com ja es va anunciar, el documental <strong>\u2018Mariscal. La alegr\u00eda de vivir\u2019, <\/strong><strong>de Laura Grande, competir\u00e0 en la Secci\u00f3 Oficial.<\/strong><\/p>\n<p>&nbsp;<\/p>\n<p><strong>PEL\u00b7L\u00cdCULA INAUGURAL<\/strong><\/p>\n<p>\u2018LA CENA\u2019, DE MANUEL G\u00d3MEZ PEREIRA<\/p>\n<p>\u2018La cena\u2019, de Manuel G\u00f3mez Pereira, ser\u00e0 la pel\u00b7l\u00edcula que inaugurar\u00e0 el festival. Es tracta d&#8217;una com\u00e8dia dram\u00e0tica, ambientada a l&#8217;abril de 1939, dos setmanes despr\u00e9s d\u2019acabar la Guerra Civil espanyola, i la trama gira al voltant d&#8217;un sopar organitzat per a Franco i els seus generals a l&#8217;Hotel Palace de Madrid, preparada per cuiners republicans que busquen l\u2019\u00faltima oportunitat de fugir del pa\u00eds. Est\u00e0 coprodu\u00efda per la firma valenciana Turanga Films i, a m\u00e9s, bona part de l&#8217;equip t\u00e8cnic i art\u00edstic \u00e9s valenci\u00e0 <strong>(\u00d3scar Lasarte, Ferran Gadea, Toni Agust\u00ed, Gloria Marts i Carlos Serrano<\/strong>). Algunes de les seq\u00fc\u00e8ncies del film van ser rodades a Val\u00e8ncia, en punts com el Palau de les Comunicacions (antic edifici de Correus) que va ser utilitzat per a representar la zona noble de l&#8217;Hotel Palace.<\/p>\n<p>&nbsp;<\/p>\n<p><strong>XALOC: \u2018BALEARIC\u2019, DE ION DE SOSA I \u2018NENA\u2019, DE GABI OCHOA<\/strong><\/p>\n<p>En la Secci\u00f3 Xaloc, es projectaran dos pel\u00b7l\u00edcules de factura valenciana \u2018Balearic\u2019, de Ion de Sosa, i \u2018Nena\u2019, de Gabi Ochoa.<\/p>\n<p>La primera d&#8217;elles, \u2018Balearic\u2019, recalar\u00e0 en la Mostra despr\u00e9s de anar al festival de Sitges. Es tracta d&#8217;una pe\u00e7a fruit de l&#8217;alian\u00e7a de les productores alacantines Jaibo Films i Umbracle Cinema, la basca Apellaniz &amp; De Sosa i la francesa La F\u00e0brica Nocturna Cin\u00e9ma. Es tracta d&#8217;una pel\u00b7l\u00edcula d&#8217;estiu \u201csobre les bretxes intergeneracionals, la desigualtat de classes i les barreres que es creen perqu\u00e8 un ecosistema aix\u00ed perdure, tot enmig d&#8217;una vesprada d&#8217;estiu estripada per un dolor que transcendix all\u00f2 real\u201d, segons els seus promotors. En el gui\u00f3 tamb\u00e9 han participat Chema Garc\u00eda Ibarra, Burnin&#8217; Percebes, Juli\u00e1n G\u00e9nisson i Lorena Iglesias. Est\u00e0 protagonitzada per Lara Gallo, El\u00edas Hwidar i Ada Tormo.<\/p>\n<p>Quant a <em>\u2018Nena\u2019,<\/em> \u00e9s el segon llargmetratge del director valenci\u00e0 Gabi Ochoa, despr\u00e9s de firmar <em>\u2018El amor no es lo que era\u2019.<\/em> Es tracta d&#8217;una altra com\u00e8dia dram\u00e0tica, tamb\u00e9 d&#8217;\u00e8poca encara que m\u00e9s recent, que explora temes com la llibertat femenina, l&#8217;homosexualitat i la separaci\u00f3 matrimonial a l&#8217;Espanya de finals dels anys 80, quan el divorci acabava de legalitzar-se. Est\u00e0 potagonizada per Mar\u00eda Almud\u00e9ver, Paz Garc\u00eda, Jacob Llopis i Lluna Aldasoro, produ\u00efda per TV ON Produccions, i ha comptat amb el suport de l&#8217;IVC i d&#8217;\u00c0 Punt M\u00e8dia.<\/p>\n<p>&nbsp;<\/p>\n<p><strong>PASSES ESPECIALS<\/strong><\/p>\n<p>\u2018LA RUTA VOL.2: IBIZA\u2019<\/p>\n<p>Despr\u00e9s de l&#8217;\u00e8xit de la primera temporada, que recreava la turbulenta vida nocturna de la Comunitat Valenciana en els anys 80 i 90, torna la nova temporada (<em>vol 2:Eivissa<\/em>) de \u2018La ruta\u2019, que funciona alhora com a seq\u00fcela i preq\u00fcela de la primera. Es desenvolupa en dos l\u00ednies temporals: una en 1996, a Eivissa, quan Marc (\u00c0lex Monner) ja treballa com a DJ; i una altra als anys 70, que conta la hist\u00f2ria dels seus pares. La ficci\u00f3 \u00e9s una creaci\u00f3 del valenci\u00e0 Borja Soler, junt amb Roberto Mart\u00edn Maiztegui i Clara Botas, i \u00e9s una producci\u00f3 original d&#8217;Atresplayer, produ\u00efda per Atresmedia TV en col\u00b7laboraci\u00f3 amb Caballo Films. Compta amb Montse Garc\u00eda, Eduardo Villanueva i Nacho Lavilla com a productors executius. En el repartiment, destaquen, a m\u00e9s de Monner, Carla D\u00edaz, Marina Salas i Irene Escolar.<\/p>\n<p>\u2018LAS CAPAS DE LA MEMORIA\u2019<\/p>\n<p>\u00c9s un producte fruit del taller celebrat al Campus d&#8217;Estiu de l&#8217;Acad\u00e8mia de Cinema a Val\u00e8ncia, en qu\u00e8 van participar 15 alumnes de Comunicaci\u00f3 Audiovisual, Sociologia, Periodisme i Hist\u00f2ria de l&#8217;Art de la UV, coordinat, pels cineastes Nuria Gim\u00e9nez Lorang, Sergio Oksman i Victor Serna. \u00c9s un mediometraje documental que homenatja les v\u00edctimes de la dana del passat octubre de 2024, i se centra en la idea de la resignificaci\u00f3: les fotos danyades en la trag\u00e8dia no es perden del tot, sin\u00f3 que poden ser enteses d&#8217;una altra forma.<\/p>\n<p><strong>\u00a0<\/strong><\/p>\n<p><strong>PALMERA DE HONOR A FERNANDO BOVAIRA<\/strong><\/p>\n<p>\u2018LA BUENA LETRA\u2019, DE CELIA RICO<\/p>\n<p>El festival premiar\u00e0 amb la Palmera d&#8217;Honor el productor Fernando Bovaira. Entre les produccions destacades de Bovaira, l&#8217;organitzaci\u00f3 del festival ha destacat el seu paper fonamental en el desenvolupament i materialitzaci\u00f3 de la pel\u00b7l\u00edcula \u2018La buena letra\u2019, adaptaci\u00f3 cinematogr\u00e0fica de la novel\u00b7la hom\u00f2nima de Rafael Chirbes. La seua implicaci\u00f3 amb esta pe\u00e7a va comen\u00e7ar fa anys, quan va ser ell qui va concebre la idea de traslladar l&#8217;obra al cinema i va adquirir els drets d&#8217;adaptaci\u00f3.<\/p>\n<p>\u2018LOS DESTELLOS\u2019, DE PILAR PALOMERO<\/p>\n<p>Aix\u00ed mateix, el paper de Bovaira es reflectix tamb\u00e9 en el film \u2018Los detellos\u2019, pel\u00b7l\u00edcula escrita i dirigida per Pilar Palomero, basada en el relat curt \u2018Un coraz\u00f3n demasiado grande\u2019, d&#8217;Eider Rodr\u00edguez. La hist\u00f2ria seguix a Isabel (Patricia L\u00f3pez Arnaiz), qui, a petici\u00f3 de la seua filla, es veu obligada a cuidar al seu exmarit Ram\u00f3n (Antonio de la Torre), la qual cosa reaviva velles ferides per\u00f2 tamb\u00e9 oferix una oportunitat per a la reconciliaci\u00f3. Bovaira va exercir un paper crucial en la realitzaci\u00f3 del projecte, at\u00e9s que va ser ell qui va presentar el relat d&#8217;Eider Rodr\u00edguez a Pilar Palomero en 2020, i li va proposar adaptar-lo a la pantalla. La seua implicaci\u00f3 no sols va ser creativa, sin\u00f3 tamb\u00e9 estructural, ja que la pel\u00b7l\u00edcula va ser produ\u00efda per Mod Produccions, una empresa que va cofundar en 2007 juntament amb Sim\u00f3n de Santiago i Pablo Alfaro.<\/p>\n<p>&nbsp;<\/p>\n<p><strong>XI CONGR\u00c9S INTERNACIONAL DE M\u00daSICA I CINEMA<\/strong><\/p>\n<p>\u2018GITANO\u2019, DE CRISTIAN SERRANO JIM\u00c9NEZ<\/p>\n<p>Aquest curt, produ\u00eft per Claudia Faubel, ser\u00e0 projectat amb la seua nova banda sonora composta i interpretada per l&#8217;alumnat de Composici\u00f3 del Conservatori Superior de M\u00fasica de Val\u00e8ncia el dimarts 28 d&#8217;octubre a la Sala Rodrigo del Palau de la M\u00fasica de Val\u00e8ncia, en el marc de l&#8217;XI Congr\u00e9s de M\u00fasica i Cinema. La trama est\u00e0 protagonitzada per Jes\u00fas, un xiquet gitano, provinent d&#8217;una fam\u00edlia de botiguers del mercat ambulant, que s&#8217;enfronta al seu primer dia d&#8217;institut amb il\u00b7lusi\u00f3. A poc a poc, es troba amb diversos obstacles que li faran plantejar-se si de veritat estudiar \u00e9s el cam\u00ed correcte per a alg\u00fa com ell.<strong>\u00a0<\/strong><\/p>\n<p>&nbsp;<\/p>\n","protected":false},"excerpt":{"rendered":"<p>La pres\u00e8ncia valenciana copa altres seccions amb t\u00edtols com \u2018La cena\u2019, \u2018Balearic\u2019, \u2018La ruta vol.2: Ibiza\u2019, \u2018Nena\u2019 y \u2018Las capas de la memoria\u2019 Optaran a [&hellip;]<\/p>\n","protected":false},"author":3,"featured_media":28901,"comment_status":"open","ping_status":"open","sticky":false,"template":"","format":"standard","meta":{"_uag_custom_page_level_css":"","_jet_sm_ready_style":"","_jet_sm_style":"","_jet_sm_controls_values":"","_jet_sm_fonts_collection":"","_jet_sm_fonts_links":"","footnotes":""},"categories":[455],"tags":[],"class_list":["post-28904","post","type-post","status-publish","format-standard","has-post-thumbnail","hentry","category-noticies"],"yoast_head":"<!-- This site is optimized with the Yoast SEO plugin v27.5 - https:\/\/yoast.com\/product\/yoast-seo-wordpress\/ -->\n<title>Les pel\u00b7l\u00edcules nominades en els Premis Lola Gaos es projectaran en la nova secci\u00f3 Finestra de Mostra de Val\u00e8ncia - Mostra de Val\u00e8ncia<\/title>\n<meta name=\"robots\" content=\"index, follow, max-snippet:-1, max-image-preview:large, max-video-preview:-1\" \/>\n<link rel=\"canonical\" href=\"https:\/\/lamostradevalencia.com\/ca\/les-pel%c2%b7licules-nominades-en-els-premis-lola-gaos-es-projectaran-en-la-nova-seccio-finestra-de-mostra-de-valencia\/\" \/>\n<meta property=\"og:locale\" content=\"ca_ES\" \/>\n<meta property=\"og:type\" content=\"article\" \/>\n<meta property=\"og:title\" content=\"Les pel\u00b7l\u00edcules nominades en els Premis Lola Gaos es projectaran en la nova secci\u00f3 Finestra de Mostra de Val\u00e8ncia - Mostra de Val\u00e8ncia\" \/>\n<meta property=\"og:description\" content=\"La pres\u00e8ncia valenciana copa altres seccions amb t\u00edtols com \u2018La cena\u2019, \u2018Balearic\u2019, \u2018La ruta vol.2: Ibiza\u2019, \u2018Nena\u2019 y \u2018Las capas de la memoria\u2019 Optaran a [&hellip;]\" \/>\n<meta property=\"og:url\" content=\"https:\/\/lamostradevalencia.com\/ca\/les-pel%c2%b7licules-nominades-en-els-premis-lola-gaos-es-projectaran-en-la-nova-seccio-finestra-de-mostra-de-valencia\/\" \/>\n<meta property=\"og:site_name\" content=\"Mostra de Val\u00e8ncia\" \/>\n<meta property=\"article:published_time\" content=\"2025-10-13T12:48:08+00:00\" \/>\n<meta property=\"article:modified_time\" content=\"2025-10-13T13:14:10+00:00\" \/>\n<meta property=\"og:image\" content=\"https:\/\/lamostradevalencia.com\/wp-content\/uploads\/2025\/10\/PHOTO-2025-10-13-14-46-55.jpg\" \/>\n\t<meta property=\"og:image:width\" content=\"1600\" \/>\n\t<meta property=\"og:image:height\" content=\"929\" \/>\n\t<meta property=\"og:image:type\" content=\"image\/jpeg\" \/>\n<meta name=\"author\" content=\"contenidos\" \/>\n<meta name=\"twitter:card\" content=\"summary_large_image\" \/>\n<meta name=\"twitter:label1\" content=\"Escrit per\" \/>\n\t<meta name=\"twitter:data1\" content=\"contenidos\" \/>\n\t<meta name=\"twitter:label2\" content=\"Temps estimat de lectura\" \/>\n\t<meta name=\"twitter:data2\" content=\"7 minuts\" \/>\n<script type=\"application\/ld+json\" class=\"yoast-schema-graph\">{\"@context\":\"https:\\\/\\\/schema.org\",\"@graph\":[{\"@type\":\"Article\",\"@id\":\"https:\\\/\\\/lamostradevalencia.com\\\/ca\\\/les-pel%c2%b7licules-nominades-en-els-premis-lola-gaos-es-projectaran-en-la-nova-seccio-finestra-de-mostra-de-valencia\\\/#article\",\"isPartOf\":{\"@id\":\"https:\\\/\\\/lamostradevalencia.com\\\/ca\\\/les-pel%c2%b7licules-nominades-en-els-premis-lola-gaos-es-projectaran-en-la-nova-seccio-finestra-de-mostra-de-valencia\\\/\"},\"author\":{\"name\":\"contenidos\",\"@id\":\"https:\\\/\\\/lamostradevalencia.com\\\/ca\\\/#\\\/schema\\\/person\\\/361c3c0dd5489e78ad78ee4f8332efac\"},\"headline\":\"Les pel\u00b7l\u00edcules nominades en els Premis Lola Gaos es projectaran en la nova secci\u00f3 Finestra de Mostra de Val\u00e8ncia\",\"datePublished\":\"2025-10-13T12:48:08+00:00\",\"dateModified\":\"2025-10-13T13:14:10+00:00\",\"mainEntityOfPage\":{\"@id\":\"https:\\\/\\\/lamostradevalencia.com\\\/ca\\\/les-pel%c2%b7licules-nominades-en-els-premis-lola-gaos-es-projectaran-en-la-nova-seccio-finestra-de-mostra-de-valencia\\\/\"},\"wordCount\":1579,\"commentCount\":0,\"image\":{\"@id\":\"https:\\\/\\\/lamostradevalencia.com\\\/ca\\\/les-pel%c2%b7licules-nominades-en-els-premis-lola-gaos-es-projectaran-en-la-nova-seccio-finestra-de-mostra-de-valencia\\\/#primaryimage\"},\"thumbnailUrl\":\"https:\\\/\\\/lamostradevalencia.com\\\/wp-content\\\/uploads\\\/2025\\\/10\\\/PHOTO-2025-10-13-14-46-55.jpg\",\"articleSection\":[\"Noticies\"],\"inLanguage\":\"ca\",\"potentialAction\":[{\"@type\":\"CommentAction\",\"name\":\"Comment\",\"target\":[\"https:\\\/\\\/lamostradevalencia.com\\\/ca\\\/les-pel%c2%b7licules-nominades-en-els-premis-lola-gaos-es-projectaran-en-la-nova-seccio-finestra-de-mostra-de-valencia\\\/#respond\"]}]},{\"@type\":\"WebPage\",\"@id\":\"https:\\\/\\\/lamostradevalencia.com\\\/ca\\\/les-pel%c2%b7licules-nominades-en-els-premis-lola-gaos-es-projectaran-en-la-nova-seccio-finestra-de-mostra-de-valencia\\\/\",\"url\":\"https:\\\/\\\/lamostradevalencia.com\\\/ca\\\/les-pel%c2%b7licules-nominades-en-els-premis-lola-gaos-es-projectaran-en-la-nova-seccio-finestra-de-mostra-de-valencia\\\/\",\"name\":\"Les pel\u00b7l\u00edcules nominades en els Premis Lola Gaos es projectaran en la nova secci\u00f3 Finestra de Mostra de Val\u00e8ncia - Mostra de Val\u00e8ncia\",\"isPartOf\":{\"@id\":\"https:\\\/\\\/lamostradevalencia.com\\\/ca\\\/#website\"},\"primaryImageOfPage\":{\"@id\":\"https:\\\/\\\/lamostradevalencia.com\\\/ca\\\/les-pel%c2%b7licules-nominades-en-els-premis-lola-gaos-es-projectaran-en-la-nova-seccio-finestra-de-mostra-de-valencia\\\/#primaryimage\"},\"image\":{\"@id\":\"https:\\\/\\\/lamostradevalencia.com\\\/ca\\\/les-pel%c2%b7licules-nominades-en-els-premis-lola-gaos-es-projectaran-en-la-nova-seccio-finestra-de-mostra-de-valencia\\\/#primaryimage\"},\"thumbnailUrl\":\"https:\\\/\\\/lamostradevalencia.com\\\/wp-content\\\/uploads\\\/2025\\\/10\\\/PHOTO-2025-10-13-14-46-55.jpg\",\"datePublished\":\"2025-10-13T12:48:08+00:00\",\"dateModified\":\"2025-10-13T13:14:10+00:00\",\"author\":{\"@id\":\"https:\\\/\\\/lamostradevalencia.com\\\/ca\\\/#\\\/schema\\\/person\\\/361c3c0dd5489e78ad78ee4f8332efac\"},\"breadcrumb\":{\"@id\":\"https:\\\/\\\/lamostradevalencia.com\\\/ca\\\/les-pel%c2%b7licules-nominades-en-els-premis-lola-gaos-es-projectaran-en-la-nova-seccio-finestra-de-mostra-de-valencia\\\/#breadcrumb\"},\"inLanguage\":\"ca\",\"potentialAction\":[{\"@type\":\"ReadAction\",\"target\":[\"https:\\\/\\\/lamostradevalencia.com\\\/ca\\\/les-pel%c2%b7licules-nominades-en-els-premis-lola-gaos-es-projectaran-en-la-nova-seccio-finestra-de-mostra-de-valencia\\\/\"]}]},{\"@type\":\"ImageObject\",\"inLanguage\":\"ca\",\"@id\":\"https:\\\/\\\/lamostradevalencia.com\\\/ca\\\/les-pel%c2%b7licules-nominades-en-els-premis-lola-gaos-es-projectaran-en-la-nova-seccio-finestra-de-mostra-de-valencia\\\/#primaryimage\",\"url\":\"https:\\\/\\\/lamostradevalencia.com\\\/wp-content\\\/uploads\\\/2025\\\/10\\\/PHOTO-2025-10-13-14-46-55.jpg\",\"contentUrl\":\"https:\\\/\\\/lamostradevalencia.com\\\/wp-content\\\/uploads\\\/2025\\\/10\\\/PHOTO-2025-10-13-14-46-55.jpg\",\"width\":1600,\"height\":929},{\"@type\":\"BreadcrumbList\",\"@id\":\"https:\\\/\\\/lamostradevalencia.com\\\/ca\\\/les-pel%c2%b7licules-nominades-en-els-premis-lola-gaos-es-projectaran-en-la-nova-seccio-finestra-de-mostra-de-valencia\\\/#breadcrumb\",\"itemListElement\":[{\"@type\":\"ListItem\",\"position\":1,\"name\":\"Portada\",\"item\":\"https:\\\/\\\/lamostradevalencia.com\\\/ca\\\/\"},{\"@type\":\"ListItem\",\"position\":2,\"name\":\"Les pel\u00b7l\u00edcules nominades en els Premis Lola Gaos es projectaran en la nova secci\u00f3 Finestra de Mostra de Val\u00e8ncia\"}]},{\"@type\":\"WebSite\",\"@id\":\"https:\\\/\\\/lamostradevalencia.com\\\/ca\\\/#website\",\"url\":\"https:\\\/\\\/lamostradevalencia.com\\\/ca\\\/\",\"name\":\"Mostra de Val\u00e8ncia\",\"description\":\"Cinema del Mediterrani\",\"potentialAction\":[{\"@type\":\"SearchAction\",\"target\":{\"@type\":\"EntryPoint\",\"urlTemplate\":\"https:\\\/\\\/lamostradevalencia.com\\\/ca\\\/?s={search_term_string}\"},\"query-input\":{\"@type\":\"PropertyValueSpecification\",\"valueRequired\":true,\"valueName\":\"search_term_string\"}}],\"inLanguage\":\"ca\"},{\"@type\":\"Person\",\"@id\":\"https:\\\/\\\/lamostradevalencia.com\\\/ca\\\/#\\\/schema\\\/person\\\/361c3c0dd5489e78ad78ee4f8332efac\",\"name\":\"contenidos\",\"image\":{\"@type\":\"ImageObject\",\"inLanguage\":\"ca\",\"@id\":\"https:\\\/\\\/secure.gravatar.com\\\/avatar\\\/a87eddc188a32d5a0371ff92ef616b5006a91e389296d49d081f8d424eef134c?s=96&d=mm&r=g\",\"url\":\"https:\\\/\\\/secure.gravatar.com\\\/avatar\\\/a87eddc188a32d5a0371ff92ef616b5006a91e389296d49d081f8d424eef134c?s=96&d=mm&r=g\",\"contentUrl\":\"https:\\\/\\\/secure.gravatar.com\\\/avatar\\\/a87eddc188a32d5a0371ff92ef616b5006a91e389296d49d081f8d424eef134c?s=96&d=mm&r=g\",\"caption\":\"contenidos\"}}]}<\/script>\n<!-- \/ Yoast SEO plugin. -->","yoast_head_json":{"title":"Les pel\u00b7l\u00edcules nominades en els Premis Lola Gaos es projectaran en la nova secci\u00f3 Finestra de Mostra de Val\u00e8ncia - Mostra de Val\u00e8ncia","robots":{"index":"index","follow":"follow","max-snippet":"max-snippet:-1","max-image-preview":"max-image-preview:large","max-video-preview":"max-video-preview:-1"},"canonical":"https:\/\/lamostradevalencia.com\/ca\/les-pel%c2%b7licules-nominades-en-els-premis-lola-gaos-es-projectaran-en-la-nova-seccio-finestra-de-mostra-de-valencia\/","og_locale":"ca_ES","og_type":"article","og_title":"Les pel\u00b7l\u00edcules nominades en els Premis Lola Gaos es projectaran en la nova secci\u00f3 Finestra de Mostra de Val\u00e8ncia - Mostra de Val\u00e8ncia","og_description":"La pres\u00e8ncia valenciana copa altres seccions amb t\u00edtols com \u2018La cena\u2019, \u2018Balearic\u2019, \u2018La ruta vol.2: Ibiza\u2019, \u2018Nena\u2019 y \u2018Las capas de la memoria\u2019 Optaran a [&hellip;]","og_url":"https:\/\/lamostradevalencia.com\/ca\/les-pel%c2%b7licules-nominades-en-els-premis-lola-gaos-es-projectaran-en-la-nova-seccio-finestra-de-mostra-de-valencia\/","og_site_name":"Mostra de Val\u00e8ncia","article_published_time":"2025-10-13T12:48:08+00:00","article_modified_time":"2025-10-13T13:14:10+00:00","og_image":[{"width":1600,"height":929,"url":"https:\/\/lamostradevalencia.com\/wp-content\/uploads\/2025\/10\/PHOTO-2025-10-13-14-46-55.jpg","type":"image\/jpeg"}],"author":"contenidos","twitter_card":"summary_large_image","twitter_misc":{"Escrit per":"contenidos","Temps estimat de lectura":"7 minuts"},"schema":{"@context":"https:\/\/schema.org","@graph":[{"@type":"Article","@id":"https:\/\/lamostradevalencia.com\/ca\/les-pel%c2%b7licules-nominades-en-els-premis-lola-gaos-es-projectaran-en-la-nova-seccio-finestra-de-mostra-de-valencia\/#article","isPartOf":{"@id":"https:\/\/lamostradevalencia.com\/ca\/les-pel%c2%b7licules-nominades-en-els-premis-lola-gaos-es-projectaran-en-la-nova-seccio-finestra-de-mostra-de-valencia\/"},"author":{"name":"contenidos","@id":"https:\/\/lamostradevalencia.com\/ca\/#\/schema\/person\/361c3c0dd5489e78ad78ee4f8332efac"},"headline":"Les pel\u00b7l\u00edcules nominades en els Premis Lola Gaos es projectaran en la nova secci\u00f3 Finestra de Mostra de Val\u00e8ncia","datePublished":"2025-10-13T12:48:08+00:00","dateModified":"2025-10-13T13:14:10+00:00","mainEntityOfPage":{"@id":"https:\/\/lamostradevalencia.com\/ca\/les-pel%c2%b7licules-nominades-en-els-premis-lola-gaos-es-projectaran-en-la-nova-seccio-finestra-de-mostra-de-valencia\/"},"wordCount":1579,"commentCount":0,"image":{"@id":"https:\/\/lamostradevalencia.com\/ca\/les-pel%c2%b7licules-nominades-en-els-premis-lola-gaos-es-projectaran-en-la-nova-seccio-finestra-de-mostra-de-valencia\/#primaryimage"},"thumbnailUrl":"https:\/\/lamostradevalencia.com\/wp-content\/uploads\/2025\/10\/PHOTO-2025-10-13-14-46-55.jpg","articleSection":["Noticies"],"inLanguage":"ca","potentialAction":[{"@type":"CommentAction","name":"Comment","target":["https:\/\/lamostradevalencia.com\/ca\/les-pel%c2%b7licules-nominades-en-els-premis-lola-gaos-es-projectaran-en-la-nova-seccio-finestra-de-mostra-de-valencia\/#respond"]}]},{"@type":"WebPage","@id":"https:\/\/lamostradevalencia.com\/ca\/les-pel%c2%b7licules-nominades-en-els-premis-lola-gaos-es-projectaran-en-la-nova-seccio-finestra-de-mostra-de-valencia\/","url":"https:\/\/lamostradevalencia.com\/ca\/les-pel%c2%b7licules-nominades-en-els-premis-lola-gaos-es-projectaran-en-la-nova-seccio-finestra-de-mostra-de-valencia\/","name":"Les pel\u00b7l\u00edcules nominades en els Premis Lola Gaos es projectaran en la nova secci\u00f3 Finestra de Mostra de Val\u00e8ncia - Mostra de Val\u00e8ncia","isPartOf":{"@id":"https:\/\/lamostradevalencia.com\/ca\/#website"},"primaryImageOfPage":{"@id":"https:\/\/lamostradevalencia.com\/ca\/les-pel%c2%b7licules-nominades-en-els-premis-lola-gaos-es-projectaran-en-la-nova-seccio-finestra-de-mostra-de-valencia\/#primaryimage"},"image":{"@id":"https:\/\/lamostradevalencia.com\/ca\/les-pel%c2%b7licules-nominades-en-els-premis-lola-gaos-es-projectaran-en-la-nova-seccio-finestra-de-mostra-de-valencia\/#primaryimage"},"thumbnailUrl":"https:\/\/lamostradevalencia.com\/wp-content\/uploads\/2025\/10\/PHOTO-2025-10-13-14-46-55.jpg","datePublished":"2025-10-13T12:48:08+00:00","dateModified":"2025-10-13T13:14:10+00:00","author":{"@id":"https:\/\/lamostradevalencia.com\/ca\/#\/schema\/person\/361c3c0dd5489e78ad78ee4f8332efac"},"breadcrumb":{"@id":"https:\/\/lamostradevalencia.com\/ca\/les-pel%c2%b7licules-nominades-en-els-premis-lola-gaos-es-projectaran-en-la-nova-seccio-finestra-de-mostra-de-valencia\/#breadcrumb"},"inLanguage":"ca","potentialAction":[{"@type":"ReadAction","target":["https:\/\/lamostradevalencia.com\/ca\/les-pel%c2%b7licules-nominades-en-els-premis-lola-gaos-es-projectaran-en-la-nova-seccio-finestra-de-mostra-de-valencia\/"]}]},{"@type":"ImageObject","inLanguage":"ca","@id":"https:\/\/lamostradevalencia.com\/ca\/les-pel%c2%b7licules-nominades-en-els-premis-lola-gaos-es-projectaran-en-la-nova-seccio-finestra-de-mostra-de-valencia\/#primaryimage","url":"https:\/\/lamostradevalencia.com\/wp-content\/uploads\/2025\/10\/PHOTO-2025-10-13-14-46-55.jpg","contentUrl":"https:\/\/lamostradevalencia.com\/wp-content\/uploads\/2025\/10\/PHOTO-2025-10-13-14-46-55.jpg","width":1600,"height":929},{"@type":"BreadcrumbList","@id":"https:\/\/lamostradevalencia.com\/ca\/les-pel%c2%b7licules-nominades-en-els-premis-lola-gaos-es-projectaran-en-la-nova-seccio-finestra-de-mostra-de-valencia\/#breadcrumb","itemListElement":[{"@type":"ListItem","position":1,"name":"Portada","item":"https:\/\/lamostradevalencia.com\/ca\/"},{"@type":"ListItem","position":2,"name":"Les pel\u00b7l\u00edcules nominades en els Premis Lola Gaos es projectaran en la nova secci\u00f3 Finestra de Mostra de Val\u00e8ncia"}]},{"@type":"WebSite","@id":"https:\/\/lamostradevalencia.com\/ca\/#website","url":"https:\/\/lamostradevalencia.com\/ca\/","name":"Mostra de Val\u00e8ncia","description":"Cinema del Mediterrani","potentialAction":[{"@type":"SearchAction","target":{"@type":"EntryPoint","urlTemplate":"https:\/\/lamostradevalencia.com\/ca\/?s={search_term_string}"},"query-input":{"@type":"PropertyValueSpecification","valueRequired":true,"valueName":"search_term_string"}}],"inLanguage":"ca"},{"@type":"Person","@id":"https:\/\/lamostradevalencia.com\/ca\/#\/schema\/person\/361c3c0dd5489e78ad78ee4f8332efac","name":"contenidos","image":{"@type":"ImageObject","inLanguage":"ca","@id":"https:\/\/secure.gravatar.com\/avatar\/a87eddc188a32d5a0371ff92ef616b5006a91e389296d49d081f8d424eef134c?s=96&d=mm&r=g","url":"https:\/\/secure.gravatar.com\/avatar\/a87eddc188a32d5a0371ff92ef616b5006a91e389296d49d081f8d424eef134c?s=96&d=mm&r=g","contentUrl":"https:\/\/secure.gravatar.com\/avatar\/a87eddc188a32d5a0371ff92ef616b5006a91e389296d49d081f8d424eef134c?s=96&d=mm&r=g","caption":"contenidos"}}]}},"uagb_featured_image_src":{"full":["https:\/\/lamostradevalencia.com\/wp-content\/uploads\/2025\/10\/PHOTO-2025-10-13-14-46-55.jpg",1600,929,false],"thumbnail":["https:\/\/lamostradevalencia.com\/wp-content\/uploads\/2025\/10\/PHOTO-2025-10-13-14-46-55-150x150.jpg",150,150,true],"medium":["https:\/\/lamostradevalencia.com\/wp-content\/uploads\/2025\/10\/PHOTO-2025-10-13-14-46-55-300x174.jpg",300,174,true],"medium_large":["https:\/\/lamostradevalencia.com\/wp-content\/uploads\/2025\/10\/PHOTO-2025-10-13-14-46-55-768x446.jpg",768,446,true],"large":["https:\/\/lamostradevalencia.com\/wp-content\/uploads\/2025\/10\/PHOTO-2025-10-13-14-46-55-1024x595.jpg",1024,595,true],"1536x1536":["https:\/\/lamostradevalencia.com\/wp-content\/uploads\/2025\/10\/PHOTO-2025-10-13-14-46-55-1536x892.jpg",1536,892,true],"2048x2048":["https:\/\/lamostradevalencia.com\/wp-content\/uploads\/2025\/10\/PHOTO-2025-10-13-14-46-55.jpg",1600,929,false],"cinerama_edge_image_square":["https:\/\/lamostradevalencia.com\/wp-content\/uploads\/2025\/10\/PHOTO-2025-10-13-14-46-55-550x550.jpg",550,550,true],"cinerama_edge_image_landscape":["https:\/\/lamostradevalencia.com\/wp-content\/uploads\/2025\/10\/PHOTO-2025-10-13-14-46-55-1100x550.jpg",1100,550,true],"cinerama_edge_image_portrait":["https:\/\/lamostradevalencia.com\/wp-content\/uploads\/2025\/10\/PHOTO-2025-10-13-14-46-55-550x929.jpg",550,929,true],"cinerama_edge_image_huge":["https:\/\/lamostradevalencia.com\/wp-content\/uploads\/2025\/10\/PHOTO-2025-10-13-14-46-55-1100x929.jpg",1100,929,true],"gform-image-choice-sm":["https:\/\/lamostradevalencia.com\/wp-content\/uploads\/2025\/10\/PHOTO-2025-10-13-14-46-55.jpg",300,174,false],"gform-image-choice-md":["https:\/\/lamostradevalencia.com\/wp-content\/uploads\/2025\/10\/PHOTO-2025-10-13-14-46-55.jpg",400,232,false],"gform-image-choice-lg":["https:\/\/lamostradevalencia.com\/wp-content\/uploads\/2025\/10\/PHOTO-2025-10-13-14-46-55.jpg",600,348,false]},"uagb_author_info":{"display_name":"contenidos","author_link":"https:\/\/lamostradevalencia.com\/ca\/author\/contenidos\/"},"uagb_comment_info":0,"uagb_excerpt":"La pres\u00e8ncia valenciana copa altres seccions amb t\u00edtols com \u2018La cena\u2019, \u2018Balearic\u2019, \u2018La ruta vol.2: Ibiza\u2019, \u2018Nena\u2019 y \u2018Las capas de la memoria\u2019 Optaran a [&hellip;]","_links":{"self":[{"href":"https:\/\/lamostradevalencia.com\/ca\/wp-json\/wp\/v2\/posts\/28904","targetHints":{"allow":["GET"]}}],"collection":[{"href":"https:\/\/lamostradevalencia.com\/ca\/wp-json\/wp\/v2\/posts"}],"about":[{"href":"https:\/\/lamostradevalencia.com\/ca\/wp-json\/wp\/v2\/types\/post"}],"author":[{"embeddable":true,"href":"https:\/\/lamostradevalencia.com\/ca\/wp-json\/wp\/v2\/users\/3"}],"replies":[{"embeddable":true,"href":"https:\/\/lamostradevalencia.com\/ca\/wp-json\/wp\/v2\/comments?post=28904"}],"version-history":[{"count":1,"href":"https:\/\/lamostradevalencia.com\/ca\/wp-json\/wp\/v2\/posts\/28904\/revisions"}],"predecessor-version":[{"id":28905,"href":"https:\/\/lamostradevalencia.com\/ca\/wp-json\/wp\/v2\/posts\/28904\/revisions\/28905"}],"wp:featuredmedia":[{"embeddable":true,"href":"https:\/\/lamostradevalencia.com\/ca\/wp-json\/wp\/v2\/media\/28901"}],"wp:attachment":[{"href":"https:\/\/lamostradevalencia.com\/ca\/wp-json\/wp\/v2\/media?parent=28904"}],"wp:term":[{"taxonomy":"category","embeddable":true,"href":"https:\/\/lamostradevalencia.com\/ca\/wp-json\/wp\/v2\/categories?post=28904"},{"taxonomy":"post_tag","embeddable":true,"href":"https:\/\/lamostradevalencia.com\/ca\/wp-json\/wp\/v2\/tags?post=28904"}],"curies":[{"name":"wp","href":"https:\/\/api.w.org\/{rel}","templated":true}]}}