{"id":28876,"date":"2025-10-10T11:15:35","date_gmt":"2025-10-10T09:15:35","guid":{"rendered":"https:\/\/lamostradevalencia.com\/?p=28876"},"modified":"2025-10-10T13:10:15","modified_gmt":"2025-10-10T11:10:15","slug":"almodovar-amb-folklore-balcanic-bolero-swing-i-jazz-per-a-obrir-la-nova-seccio-visuals-de-mostra-de-valencia","status":"publish","type":"post","link":"https:\/\/lamostradevalencia.com\/ca\/almodovar-amb-folklore-balcanic-bolero-swing-i-jazz-per-a-obrir-la-nova-seccio-visuals-de-mostra-de-valencia\/","title":{"rendered":"Almod\u00f3var amb folklore balc\u00e0nic, bolero, swing i jazz per a obrir la nova secci\u00f3 Visuals de Mostra de Val\u00e8ncia"},"content":{"rendered":"<h5><i><span style=\"font-weight: 400;\">El festival amplia els seus horitzons i projectar\u00e0 per primera vegada en els centres penitenciaris de Picassent, Castell\u00f3 I, Castell\u00f3 II i Villena<\/span><\/i><\/h5>\n<p><b>El duo madrileny<\/b> <b>Ombligo<\/b><span style=\"font-weight: 400;\">, integrat per Anika Nebot i \u00c1ngel C\u00e0ceres, posar\u00e0 m\u00fasica en directe a la projecci\u00f3 de <\/span><b>\u2018\u00bfQu\u00e9 he hecho yo para merecer esto?\u2019,<\/b><span style=\"font-weight: 400;\"> una de les pel\u00b7l\u00edcules m\u00e9s emblem\u00e0tiques de<\/span><b> Pedro Almod\u00f3var.<\/b><span style=\"font-weight: 400;\"> La Mostra de Val\u00e8ncia, organitzada pel Palau de la M\u00fasica, inaugurar\u00e0 la nova secci\u00f3 <\/span><b>Visuals el 28 d&#8217;octubre<\/b><span style=\"font-weight: 400;\"> en <\/span><b>en La Mutant: Espai d\u2019Arts Vives<\/b><span style=\"font-weight: 400;\">. <\/span><span style=\"font-weight: 400;\">Amb la seua energia festiva i immersiva, Ombligo mesclar\u00e0 folklore balc\u00e0nic, bolero, swing i jazz per a oferir una experi\u00e8ncia sensorial que dialoga amb l&#8217;esperit rebel i feminista del primer Almod\u00f3var. Una celebraci\u00f3 de la llibertat creativa i del poder emocional del cinema acompanyat de m\u00fasica en viu. La vetlada conclour\u00e0 amb una sessi\u00f3 <\/span><b>d&#8217;Agro DJs,<\/b><span style=\"font-weight: 400;\"> els selectors d&#8217;Almeria que fusionen ritmes mediterranis amb electr\u00f2nica contempor\u00e0nia.<\/span><\/p>\n<p><span style=\"font-weight: 400;\">No ser\u00e0 l&#8217;\u00fanica activitat paral\u00b7lela d&#8217;aquesta 40a edici\u00f3. El festival amplia horitzons i, per primera vegada, realitzar\u00e0 <\/span><b>projeccions en els centres penitenciaris<\/b><span style=\"font-weight: 400;\"> de Picassent, Castell\u00f3 I, Castell\u00f3 II i Villena, en col\u00b7laboraci\u00f3 amb l&#8217;<\/span><b>Associaci\u00f3 \u00c0mbit.<\/b><span style=\"font-weight: 400;\"> Les persones privades de llibertat podran gaudir d&#8217;algunes de les pel\u00b7l\u00edcules de la Secci\u00f3 Oficial.<\/span><\/p>\n<p><span style=\"font-weight: 400;\">\u201cPer a nosaltres \u00e9s fonamental que la cultura siga accessible i que el dret a l&#8217;acc\u00e9s als continguts culturals es garantisca en tots els seus vessants. Gr\u00e0cies a \u00c0mbit podem portar el cinema a contextos on es convertix en una eina de trobada, reflexi\u00f3 i llibertat\u201d, destaca <\/span><b>Sara Mansanet,<\/b><span style=\"font-weight: 400;\"> directora del festival.<\/span><\/p>\n<p><span style=\"font-weight: 400;\">Despr\u00e9s del seu pas per Sant Sebasti\u00e0, la Mostra es convertix en el segon gran festival a donar veu al <\/span><b>\u2018Informe CIMA sobre viol\u00e8ncia sexual en l&#8217;audiovisual espanyol\u2019, <\/b><span style=\"font-weight: 400;\">elaborat per l&#8217;<\/span><b>Associaci\u00f3 de Dones Cineastes i de Mitjans Audiovisuals (CIMA).<\/b><span style=\"font-weight: 400;\"> Les investigadores Nerea <\/span><span style=\"font-weight: 400;\">Nerea Barjola i B\u00e1rbara Tard\u00f3n<\/span><span style=\"font-weight: 400;\"> exposaran els resultats d&#8217;aquest estudi pioner el 28 d&#8217;octubre en el <\/span><span style=\"font-weight: 400;\">Espai Mostra del Palau de la M\u00fasica.<\/span><span style=\"font-weight: 400;\">. L&#8217;informe analitza per primera vegada com es representa i s&#8217;aborda la viol\u00e8ncia sexual en la ind\u00fastria audiovisual espanyola<\/span><\/p>\n<p><b>Joves programadors: el futur del cinema valenci\u00e0<\/b><\/p>\n<p><span style=\"font-weight: 400;\">La Mostra <\/span><span style=\"font-weight: 400;\">es convertix en el <\/span><b>primer festival de cinema de la Comunitat Valenciana<\/b><span style=\"font-weight: 400;\"> a acollir el programa \u2018Joves Programadors\u2019, una iniciativa que fomenta el pensament cr\u00edtic i l&#8217;autonomia cinematogr\u00e0fica entre joves de 15 a 21 anys, liderada per l&#8217;associaci\u00f3 <\/span><span style=\"font-weight: 400;\">Bao A Qu<\/span><span style=\"font-weight: 400;\"> dins del projecte europeu Moving Cinema . Acompanyats per professionals de l&#8217;audiovisual, els participants seleccionaran pel\u00b7l\u00edcules, presentaran sessions i obriran col\u00b7loquis posteriors per a consolidar una nova generaci\u00f3<\/span><b> d&#8217;espectadors actius i compromesos amb el cinema.<\/b><\/p>\n","protected":false},"excerpt":{"rendered":"<p>El festival amplia els seus horitzons i projectar\u00e0 per primera vegada en els centres penitenciaris de Picassent, Castell\u00f3 I, Castell\u00f3 II i Villena El duo [&hellip;]<\/p>\n","protected":false},"author":3,"featured_media":28883,"comment_status":"open","ping_status":"open","sticky":false,"template":"","format":"standard","meta":{"_uag_custom_page_level_css":"","_jet_sm_ready_style":"","_jet_sm_style":"","_jet_sm_controls_values":"","_jet_sm_fonts_collection":"","_jet_sm_fonts_links":"","footnotes":""},"categories":[455],"tags":[],"class_list":["post-28876","post","type-post","status-publish","format-standard","has-post-thumbnail","hentry","category-noticies"],"yoast_head":"<!-- This site is optimized with the Yoast SEO plugin v27.5 - https:\/\/yoast.com\/product\/yoast-seo-wordpress\/ -->\n<title>Almod\u00f3var amb folklore balc\u00e0nic, bolero, swing i jazz per a obrir la nova secci\u00f3 Visuals de Mostra de Val\u00e8ncia - Mostra de Val\u00e8ncia<\/title>\n<meta name=\"robots\" content=\"index, follow, max-snippet:-1, max-image-preview:large, max-video-preview:-1\" \/>\n<link rel=\"canonical\" href=\"https:\/\/lamostradevalencia.com\/ca\/almodovar-amb-folklore-balcanic-bolero-swing-i-jazz-per-a-obrir-la-nova-seccio-visuals-de-mostra-de-valencia\/\" \/>\n<meta property=\"og:locale\" content=\"ca_ES\" \/>\n<meta property=\"og:type\" content=\"article\" \/>\n<meta property=\"og:title\" content=\"Almod\u00f3var amb folklore balc\u00e0nic, bolero, swing i jazz per a obrir la nova secci\u00f3 Visuals de Mostra de Val\u00e8ncia - Mostra de Val\u00e8ncia\" \/>\n<meta property=\"og:description\" content=\"El festival amplia els seus horitzons i projectar\u00e0 per primera vegada en els centres penitenciaris de Picassent, Castell\u00f3 I, Castell\u00f3 II i Villena El duo [&hellip;]\" \/>\n<meta property=\"og:url\" content=\"https:\/\/lamostradevalencia.com\/ca\/almodovar-amb-folklore-balcanic-bolero-swing-i-jazz-per-a-obrir-la-nova-seccio-visuals-de-mostra-de-valencia\/\" \/>\n<meta property=\"og:site_name\" content=\"Mostra de Val\u00e8ncia\" \/>\n<meta property=\"article:published_time\" content=\"2025-10-10T09:15:35+00:00\" \/>\n<meta property=\"article:modified_time\" content=\"2025-10-10T11:10:15+00:00\" \/>\n<meta property=\"og:image\" content=\"https:\/\/lamostradevalencia.com\/wp-content\/uploads\/2025\/10\/PHOTO-2025-10-10-10-51-51.jpg\" \/>\n\t<meta property=\"og:image:width\" content=\"1280\" \/>\n\t<meta property=\"og:image:height\" content=\"720\" \/>\n\t<meta property=\"og:image:type\" content=\"image\/jpeg\" \/>\n<meta name=\"author\" content=\"contenidos\" \/>\n<meta name=\"twitter:card\" content=\"summary_large_image\" \/>\n<meta name=\"twitter:label1\" content=\"Escrit per\" \/>\n\t<meta name=\"twitter:data1\" content=\"contenidos\" \/>\n\t<meta name=\"twitter:label2\" content=\"Temps estimat de lectura\" \/>\n\t<meta name=\"twitter:data2\" content=\"3 minuts\" \/>\n<script type=\"application\/ld+json\" class=\"yoast-schema-graph\">{\"@context\":\"https:\\\/\\\/schema.org\",\"@graph\":[{\"@type\":\"Article\",\"@id\":\"https:\\\/\\\/lamostradevalencia.com\\\/ca\\\/almodovar-amb-folklore-balcanic-bolero-swing-i-jazz-per-a-obrir-la-nova-seccio-visuals-de-mostra-de-valencia\\\/#article\",\"isPartOf\":{\"@id\":\"https:\\\/\\\/lamostradevalencia.com\\\/ca\\\/almodovar-amb-folklore-balcanic-bolero-swing-i-jazz-per-a-obrir-la-nova-seccio-visuals-de-mostra-de-valencia\\\/\"},\"author\":{\"name\":\"contenidos\",\"@id\":\"https:\\\/\\\/lamostradevalencia.com\\\/ca\\\/#\\\/schema\\\/person\\\/361c3c0dd5489e78ad78ee4f8332efac\"},\"headline\":\"Almod\u00f3var amb folklore balc\u00e0nic, bolero, swing i jazz per a obrir la nova secci\u00f3 Visuals de Mostra de Val\u00e8ncia\",\"datePublished\":\"2025-10-10T09:15:35+00:00\",\"dateModified\":\"2025-10-10T11:10:15+00:00\",\"mainEntityOfPage\":{\"@id\":\"https:\\\/\\\/lamostradevalencia.com\\\/ca\\\/almodovar-amb-folklore-balcanic-bolero-swing-i-jazz-per-a-obrir-la-nova-seccio-visuals-de-mostra-de-valencia\\\/\"},\"wordCount\":489,\"commentCount\":0,\"image\":{\"@id\":\"https:\\\/\\\/lamostradevalencia.com\\\/ca\\\/almodovar-amb-folklore-balcanic-bolero-swing-i-jazz-per-a-obrir-la-nova-seccio-visuals-de-mostra-de-valencia\\\/#primaryimage\"},\"thumbnailUrl\":\"https:\\\/\\\/lamostradevalencia.com\\\/wp-content\\\/uploads\\\/2025\\\/10\\\/PHOTO-2025-10-10-10-51-51.jpg\",\"articleSection\":[\"Noticies\"],\"inLanguage\":\"ca\",\"potentialAction\":[{\"@type\":\"CommentAction\",\"name\":\"Comment\",\"target\":[\"https:\\\/\\\/lamostradevalencia.com\\\/ca\\\/almodovar-amb-folklore-balcanic-bolero-swing-i-jazz-per-a-obrir-la-nova-seccio-visuals-de-mostra-de-valencia\\\/#respond\"]}]},{\"@type\":\"WebPage\",\"@id\":\"https:\\\/\\\/lamostradevalencia.com\\\/ca\\\/almodovar-amb-folklore-balcanic-bolero-swing-i-jazz-per-a-obrir-la-nova-seccio-visuals-de-mostra-de-valencia\\\/\",\"url\":\"https:\\\/\\\/lamostradevalencia.com\\\/ca\\\/almodovar-amb-folklore-balcanic-bolero-swing-i-jazz-per-a-obrir-la-nova-seccio-visuals-de-mostra-de-valencia\\\/\",\"name\":\"Almod\u00f3var amb folklore balc\u00e0nic, bolero, swing i jazz per a obrir la nova secci\u00f3 Visuals de Mostra de Val\u00e8ncia - Mostra de Val\u00e8ncia\",\"isPartOf\":{\"@id\":\"https:\\\/\\\/lamostradevalencia.com\\\/ca\\\/#website\"},\"primaryImageOfPage\":{\"@id\":\"https:\\\/\\\/lamostradevalencia.com\\\/ca\\\/almodovar-amb-folklore-balcanic-bolero-swing-i-jazz-per-a-obrir-la-nova-seccio-visuals-de-mostra-de-valencia\\\/#primaryimage\"},\"image\":{\"@id\":\"https:\\\/\\\/lamostradevalencia.com\\\/ca\\\/almodovar-amb-folklore-balcanic-bolero-swing-i-jazz-per-a-obrir-la-nova-seccio-visuals-de-mostra-de-valencia\\\/#primaryimage\"},\"thumbnailUrl\":\"https:\\\/\\\/lamostradevalencia.com\\\/wp-content\\\/uploads\\\/2025\\\/10\\\/PHOTO-2025-10-10-10-51-51.jpg\",\"datePublished\":\"2025-10-10T09:15:35+00:00\",\"dateModified\":\"2025-10-10T11:10:15+00:00\",\"author\":{\"@id\":\"https:\\\/\\\/lamostradevalencia.com\\\/ca\\\/#\\\/schema\\\/person\\\/361c3c0dd5489e78ad78ee4f8332efac\"},\"breadcrumb\":{\"@id\":\"https:\\\/\\\/lamostradevalencia.com\\\/ca\\\/almodovar-amb-folklore-balcanic-bolero-swing-i-jazz-per-a-obrir-la-nova-seccio-visuals-de-mostra-de-valencia\\\/#breadcrumb\"},\"inLanguage\":\"ca\",\"potentialAction\":[{\"@type\":\"ReadAction\",\"target\":[\"https:\\\/\\\/lamostradevalencia.com\\\/ca\\\/almodovar-amb-folklore-balcanic-bolero-swing-i-jazz-per-a-obrir-la-nova-seccio-visuals-de-mostra-de-valencia\\\/\"]}]},{\"@type\":\"ImageObject\",\"inLanguage\":\"ca\",\"@id\":\"https:\\\/\\\/lamostradevalencia.com\\\/ca\\\/almodovar-amb-folklore-balcanic-bolero-swing-i-jazz-per-a-obrir-la-nova-seccio-visuals-de-mostra-de-valencia\\\/#primaryimage\",\"url\":\"https:\\\/\\\/lamostradevalencia.com\\\/wp-content\\\/uploads\\\/2025\\\/10\\\/PHOTO-2025-10-10-10-51-51.jpg\",\"contentUrl\":\"https:\\\/\\\/lamostradevalencia.com\\\/wp-content\\\/uploads\\\/2025\\\/10\\\/PHOTO-2025-10-10-10-51-51.jpg\",\"width\":1280,\"height\":720},{\"@type\":\"BreadcrumbList\",\"@id\":\"https:\\\/\\\/lamostradevalencia.com\\\/ca\\\/almodovar-amb-folklore-balcanic-bolero-swing-i-jazz-per-a-obrir-la-nova-seccio-visuals-de-mostra-de-valencia\\\/#breadcrumb\",\"itemListElement\":[{\"@type\":\"ListItem\",\"position\":1,\"name\":\"Portada\",\"item\":\"https:\\\/\\\/lamostradevalencia.com\\\/ca\\\/\"},{\"@type\":\"ListItem\",\"position\":2,\"name\":\"Almod\u00f3var amb folklore balc\u00e0nic, bolero, swing i jazz per a obrir la nova secci\u00f3 Visuals de Mostra de Val\u00e8ncia\"}]},{\"@type\":\"WebSite\",\"@id\":\"https:\\\/\\\/lamostradevalencia.com\\\/ca\\\/#website\",\"url\":\"https:\\\/\\\/lamostradevalencia.com\\\/ca\\\/\",\"name\":\"Mostra de Val\u00e8ncia\",\"description\":\"Cinema del Mediterrani\",\"potentialAction\":[{\"@type\":\"SearchAction\",\"target\":{\"@type\":\"EntryPoint\",\"urlTemplate\":\"https:\\\/\\\/lamostradevalencia.com\\\/ca\\\/?s={search_term_string}\"},\"query-input\":{\"@type\":\"PropertyValueSpecification\",\"valueRequired\":true,\"valueName\":\"search_term_string\"}}],\"inLanguage\":\"ca\"},{\"@type\":\"Person\",\"@id\":\"https:\\\/\\\/lamostradevalencia.com\\\/ca\\\/#\\\/schema\\\/person\\\/361c3c0dd5489e78ad78ee4f8332efac\",\"name\":\"contenidos\",\"image\":{\"@type\":\"ImageObject\",\"inLanguage\":\"ca\",\"@id\":\"https:\\\/\\\/secure.gravatar.com\\\/avatar\\\/a87eddc188a32d5a0371ff92ef616b5006a91e389296d49d081f8d424eef134c?s=96&d=mm&r=g\",\"url\":\"https:\\\/\\\/secure.gravatar.com\\\/avatar\\\/a87eddc188a32d5a0371ff92ef616b5006a91e389296d49d081f8d424eef134c?s=96&d=mm&r=g\",\"contentUrl\":\"https:\\\/\\\/secure.gravatar.com\\\/avatar\\\/a87eddc188a32d5a0371ff92ef616b5006a91e389296d49d081f8d424eef134c?s=96&d=mm&r=g\",\"caption\":\"contenidos\"}}]}<\/script>\n<!-- \/ Yoast SEO plugin. -->","yoast_head_json":{"title":"Almod\u00f3var amb folklore balc\u00e0nic, bolero, swing i jazz per a obrir la nova secci\u00f3 Visuals de Mostra de Val\u00e8ncia - Mostra de Val\u00e8ncia","robots":{"index":"index","follow":"follow","max-snippet":"max-snippet:-1","max-image-preview":"max-image-preview:large","max-video-preview":"max-video-preview:-1"},"canonical":"https:\/\/lamostradevalencia.com\/ca\/almodovar-amb-folklore-balcanic-bolero-swing-i-jazz-per-a-obrir-la-nova-seccio-visuals-de-mostra-de-valencia\/","og_locale":"ca_ES","og_type":"article","og_title":"Almod\u00f3var amb folklore balc\u00e0nic, bolero, swing i jazz per a obrir la nova secci\u00f3 Visuals de Mostra de Val\u00e8ncia - Mostra de Val\u00e8ncia","og_description":"El festival amplia els seus horitzons i projectar\u00e0 per primera vegada en els centres penitenciaris de Picassent, Castell\u00f3 I, Castell\u00f3 II i Villena El duo [&hellip;]","og_url":"https:\/\/lamostradevalencia.com\/ca\/almodovar-amb-folklore-balcanic-bolero-swing-i-jazz-per-a-obrir-la-nova-seccio-visuals-de-mostra-de-valencia\/","og_site_name":"Mostra de Val\u00e8ncia","article_published_time":"2025-10-10T09:15:35+00:00","article_modified_time":"2025-10-10T11:10:15+00:00","og_image":[{"width":1280,"height":720,"url":"https:\/\/lamostradevalencia.com\/wp-content\/uploads\/2025\/10\/PHOTO-2025-10-10-10-51-51.jpg","type":"image\/jpeg"}],"author":"contenidos","twitter_card":"summary_large_image","twitter_misc":{"Escrit per":"contenidos","Temps estimat de lectura":"3 minuts"},"schema":{"@context":"https:\/\/schema.org","@graph":[{"@type":"Article","@id":"https:\/\/lamostradevalencia.com\/ca\/almodovar-amb-folklore-balcanic-bolero-swing-i-jazz-per-a-obrir-la-nova-seccio-visuals-de-mostra-de-valencia\/#article","isPartOf":{"@id":"https:\/\/lamostradevalencia.com\/ca\/almodovar-amb-folklore-balcanic-bolero-swing-i-jazz-per-a-obrir-la-nova-seccio-visuals-de-mostra-de-valencia\/"},"author":{"name":"contenidos","@id":"https:\/\/lamostradevalencia.com\/ca\/#\/schema\/person\/361c3c0dd5489e78ad78ee4f8332efac"},"headline":"Almod\u00f3var amb folklore balc\u00e0nic, bolero, swing i jazz per a obrir la nova secci\u00f3 Visuals de Mostra de Val\u00e8ncia","datePublished":"2025-10-10T09:15:35+00:00","dateModified":"2025-10-10T11:10:15+00:00","mainEntityOfPage":{"@id":"https:\/\/lamostradevalencia.com\/ca\/almodovar-amb-folklore-balcanic-bolero-swing-i-jazz-per-a-obrir-la-nova-seccio-visuals-de-mostra-de-valencia\/"},"wordCount":489,"commentCount":0,"image":{"@id":"https:\/\/lamostradevalencia.com\/ca\/almodovar-amb-folklore-balcanic-bolero-swing-i-jazz-per-a-obrir-la-nova-seccio-visuals-de-mostra-de-valencia\/#primaryimage"},"thumbnailUrl":"https:\/\/lamostradevalencia.com\/wp-content\/uploads\/2025\/10\/PHOTO-2025-10-10-10-51-51.jpg","articleSection":["Noticies"],"inLanguage":"ca","potentialAction":[{"@type":"CommentAction","name":"Comment","target":["https:\/\/lamostradevalencia.com\/ca\/almodovar-amb-folklore-balcanic-bolero-swing-i-jazz-per-a-obrir-la-nova-seccio-visuals-de-mostra-de-valencia\/#respond"]}]},{"@type":"WebPage","@id":"https:\/\/lamostradevalencia.com\/ca\/almodovar-amb-folklore-balcanic-bolero-swing-i-jazz-per-a-obrir-la-nova-seccio-visuals-de-mostra-de-valencia\/","url":"https:\/\/lamostradevalencia.com\/ca\/almodovar-amb-folklore-balcanic-bolero-swing-i-jazz-per-a-obrir-la-nova-seccio-visuals-de-mostra-de-valencia\/","name":"Almod\u00f3var amb folklore balc\u00e0nic, bolero, swing i jazz per a obrir la nova secci\u00f3 Visuals de Mostra de Val\u00e8ncia - Mostra de Val\u00e8ncia","isPartOf":{"@id":"https:\/\/lamostradevalencia.com\/ca\/#website"},"primaryImageOfPage":{"@id":"https:\/\/lamostradevalencia.com\/ca\/almodovar-amb-folklore-balcanic-bolero-swing-i-jazz-per-a-obrir-la-nova-seccio-visuals-de-mostra-de-valencia\/#primaryimage"},"image":{"@id":"https:\/\/lamostradevalencia.com\/ca\/almodovar-amb-folklore-balcanic-bolero-swing-i-jazz-per-a-obrir-la-nova-seccio-visuals-de-mostra-de-valencia\/#primaryimage"},"thumbnailUrl":"https:\/\/lamostradevalencia.com\/wp-content\/uploads\/2025\/10\/PHOTO-2025-10-10-10-51-51.jpg","datePublished":"2025-10-10T09:15:35+00:00","dateModified":"2025-10-10T11:10:15+00:00","author":{"@id":"https:\/\/lamostradevalencia.com\/ca\/#\/schema\/person\/361c3c0dd5489e78ad78ee4f8332efac"},"breadcrumb":{"@id":"https:\/\/lamostradevalencia.com\/ca\/almodovar-amb-folklore-balcanic-bolero-swing-i-jazz-per-a-obrir-la-nova-seccio-visuals-de-mostra-de-valencia\/#breadcrumb"},"inLanguage":"ca","potentialAction":[{"@type":"ReadAction","target":["https:\/\/lamostradevalencia.com\/ca\/almodovar-amb-folklore-balcanic-bolero-swing-i-jazz-per-a-obrir-la-nova-seccio-visuals-de-mostra-de-valencia\/"]}]},{"@type":"ImageObject","inLanguage":"ca","@id":"https:\/\/lamostradevalencia.com\/ca\/almodovar-amb-folklore-balcanic-bolero-swing-i-jazz-per-a-obrir-la-nova-seccio-visuals-de-mostra-de-valencia\/#primaryimage","url":"https:\/\/lamostradevalencia.com\/wp-content\/uploads\/2025\/10\/PHOTO-2025-10-10-10-51-51.jpg","contentUrl":"https:\/\/lamostradevalencia.com\/wp-content\/uploads\/2025\/10\/PHOTO-2025-10-10-10-51-51.jpg","width":1280,"height":720},{"@type":"BreadcrumbList","@id":"https:\/\/lamostradevalencia.com\/ca\/almodovar-amb-folklore-balcanic-bolero-swing-i-jazz-per-a-obrir-la-nova-seccio-visuals-de-mostra-de-valencia\/#breadcrumb","itemListElement":[{"@type":"ListItem","position":1,"name":"Portada","item":"https:\/\/lamostradevalencia.com\/ca\/"},{"@type":"ListItem","position":2,"name":"Almod\u00f3var amb folklore balc\u00e0nic, bolero, swing i jazz per a obrir la nova secci\u00f3 Visuals de Mostra de Val\u00e8ncia"}]},{"@type":"WebSite","@id":"https:\/\/lamostradevalencia.com\/ca\/#website","url":"https:\/\/lamostradevalencia.com\/ca\/","name":"Mostra de Val\u00e8ncia","description":"Cinema del Mediterrani","potentialAction":[{"@type":"SearchAction","target":{"@type":"EntryPoint","urlTemplate":"https:\/\/lamostradevalencia.com\/ca\/?s={search_term_string}"},"query-input":{"@type":"PropertyValueSpecification","valueRequired":true,"valueName":"search_term_string"}}],"inLanguage":"ca"},{"@type":"Person","@id":"https:\/\/lamostradevalencia.com\/ca\/#\/schema\/person\/361c3c0dd5489e78ad78ee4f8332efac","name":"contenidos","image":{"@type":"ImageObject","inLanguage":"ca","@id":"https:\/\/secure.gravatar.com\/avatar\/a87eddc188a32d5a0371ff92ef616b5006a91e389296d49d081f8d424eef134c?s=96&d=mm&r=g","url":"https:\/\/secure.gravatar.com\/avatar\/a87eddc188a32d5a0371ff92ef616b5006a91e389296d49d081f8d424eef134c?s=96&d=mm&r=g","contentUrl":"https:\/\/secure.gravatar.com\/avatar\/a87eddc188a32d5a0371ff92ef616b5006a91e389296d49d081f8d424eef134c?s=96&d=mm&r=g","caption":"contenidos"}}]}},"uagb_featured_image_src":{"full":["https:\/\/lamostradevalencia.com\/wp-content\/uploads\/2025\/10\/PHOTO-2025-10-10-10-51-51.jpg",1280,720,false],"thumbnail":["https:\/\/lamostradevalencia.com\/wp-content\/uploads\/2025\/10\/PHOTO-2025-10-10-10-51-51-150x150.jpg",150,150,true],"medium":["https:\/\/lamostradevalencia.com\/wp-content\/uploads\/2025\/10\/PHOTO-2025-10-10-10-51-51-300x169.jpg",300,169,true],"medium_large":["https:\/\/lamostradevalencia.com\/wp-content\/uploads\/2025\/10\/PHOTO-2025-10-10-10-51-51-768x432.jpg",768,432,true],"large":["https:\/\/lamostradevalencia.com\/wp-content\/uploads\/2025\/10\/PHOTO-2025-10-10-10-51-51-1024x576.jpg",1024,576,true],"1536x1536":["https:\/\/lamostradevalencia.com\/wp-content\/uploads\/2025\/10\/PHOTO-2025-10-10-10-51-51.jpg",1280,720,false],"2048x2048":["https:\/\/lamostradevalencia.com\/wp-content\/uploads\/2025\/10\/PHOTO-2025-10-10-10-51-51.jpg",1280,720,false],"cinerama_edge_image_square":["https:\/\/lamostradevalencia.com\/wp-content\/uploads\/2025\/10\/PHOTO-2025-10-10-10-51-51-550x550.jpg",550,550,true],"cinerama_edge_image_landscape":["https:\/\/lamostradevalencia.com\/wp-content\/uploads\/2025\/10\/PHOTO-2025-10-10-10-51-51-1100x550.jpg",1100,550,true],"cinerama_edge_image_portrait":["https:\/\/lamostradevalencia.com\/wp-content\/uploads\/2025\/10\/PHOTO-2025-10-10-10-51-51-550x720.jpg",550,720,true],"cinerama_edge_image_huge":["https:\/\/lamostradevalencia.com\/wp-content\/uploads\/2025\/10\/PHOTO-2025-10-10-10-51-51-1100x720.jpg",1100,720,true],"gform-image-choice-sm":["https:\/\/lamostradevalencia.com\/wp-content\/uploads\/2025\/10\/PHOTO-2025-10-10-10-51-51.jpg",300,169,false],"gform-image-choice-md":["https:\/\/lamostradevalencia.com\/wp-content\/uploads\/2025\/10\/PHOTO-2025-10-10-10-51-51.jpg",400,225,false],"gform-image-choice-lg":["https:\/\/lamostradevalencia.com\/wp-content\/uploads\/2025\/10\/PHOTO-2025-10-10-10-51-51.jpg",600,338,false]},"uagb_author_info":{"display_name":"contenidos","author_link":"https:\/\/lamostradevalencia.com\/ca\/author\/contenidos\/"},"uagb_comment_info":0,"uagb_excerpt":"El festival amplia els seus horitzons i projectar\u00e0 per primera vegada en els centres penitenciaris de Picassent, Castell\u00f3 I, Castell\u00f3 II i Villena El duo [&hellip;]","_links":{"self":[{"href":"https:\/\/lamostradevalencia.com\/ca\/wp-json\/wp\/v2\/posts\/28876","targetHints":{"allow":["GET"]}}],"collection":[{"href":"https:\/\/lamostradevalencia.com\/ca\/wp-json\/wp\/v2\/posts"}],"about":[{"href":"https:\/\/lamostradevalencia.com\/ca\/wp-json\/wp\/v2\/types\/post"}],"author":[{"embeddable":true,"href":"https:\/\/lamostradevalencia.com\/ca\/wp-json\/wp\/v2\/users\/3"}],"replies":[{"embeddable":true,"href":"https:\/\/lamostradevalencia.com\/ca\/wp-json\/wp\/v2\/comments?post=28876"}],"version-history":[{"count":1,"href":"https:\/\/lamostradevalencia.com\/ca\/wp-json\/wp\/v2\/posts\/28876\/revisions"}],"predecessor-version":[{"id":28877,"href":"https:\/\/lamostradevalencia.com\/ca\/wp-json\/wp\/v2\/posts\/28876\/revisions\/28877"}],"wp:featuredmedia":[{"embeddable":true,"href":"https:\/\/lamostradevalencia.com\/ca\/wp-json\/wp\/v2\/media\/28883"}],"wp:attachment":[{"href":"https:\/\/lamostradevalencia.com\/ca\/wp-json\/wp\/v2\/media?parent=28876"}],"wp:term":[{"taxonomy":"category","embeddable":true,"href":"https:\/\/lamostradevalencia.com\/ca\/wp-json\/wp\/v2\/categories?post=28876"},{"taxonomy":"post_tag","embeddable":true,"href":"https:\/\/lamostradevalencia.com\/ca\/wp-json\/wp\/v2\/tags?post=28876"}],"curies":[{"name":"wp","href":"https:\/\/api.w.org\/{rel}","templated":true}]}}