{"id":28680,"date":"2025-10-07T12:48:22","date_gmt":"2025-10-07T10:48:22","guid":{"rendered":"https:\/\/lamostradevalencia.com\/?p=28680"},"modified":"2025-10-07T12:50:47","modified_gmt":"2025-10-07T10:50:47","slug":"mostra-de-valencia-celebra-el-40-aniversari-amb-una-gran-exposicio-i-un-cicle-que-recupera-les-seues-palmeres-dor","status":"publish","type":"post","link":"https:\/\/lamostradevalencia.com\/ca\/mostra-de-valencia-celebra-el-40-aniversari-amb-una-gran-exposicio-i-un-cicle-que-recupera-les-seues-palmeres-dor\/","title":{"rendered":"Mostra de Val\u00e8ncia celebra el 40 aniversari amb una gran exposici\u00f3 i un cicle que recupera les seues Palmeres d&#8217;Or"},"content":{"rendered":"<p><i><span style=\"font-weight: 400;\">El festival commemora quatre d\u00e8cades d&#8217;hist\u00f2ria amb una mostra dedicada als cartells que han marcat la seua identitat visual signats per noms com\u00a0Javier Mariscal, Paco Roca, Carlos Berlanga y Ana Juan<\/span><\/i><\/p>\n<p><span style=\"font-weight: 400;\">\u00a0La Mostra de Val\u00e8ncia\u2013Cinema del Mediterrani, organitzada pel Palau de la M\u00fasica, celebra el 40 aniversari amb una doble proposta que reivindica el seu llegat cultural i audiovisual. D&#8217;una banda, l&#8217;exposici\u00f3 <\/span><b>Els cartells de la Mostra de Val\u00e8ncia-Cinema del Mediterrani (1980-2025),<\/b><span style=\"font-weight: 400;\"> inaugurada aquest mat\u00ed en la Galeria del Tossal, recorre quatre d\u00e8cades de creaci\u00f3 gr\u00e0fica a trav\u00e9s dels cartells que han acompanyat al festival des dels seus inicis fins a l&#8217;actualitat. I, d\u2019altra, el <\/span><b>Cicle 40 aniversari,<\/b><span style=\"font-weight: 400;\"> que se celebrar\u00e0 als cinemes ABC Park, ofereix una selecci\u00f3 de vint pel\u00b7l\u00edcules premiades amb la Palmera d&#8217;Or, tra\u00e7ant tamb\u00e9 un recorregut cinematogr\u00e0fic per la hist\u00f2ria del festival des de 1980 fins hui.<\/span><\/p>\n<p><span style=\"font-weight: 400;\">El regidor d&#8217;Acci\u00f3 Cultural, Patrimoni i Recursos Culturals i president del Palau de la M\u00fasica, <\/span><b>Jos\u00e9 Luis Moreno<\/b><span style=\"font-weight: 400;\">, ha destacat que \u201cdurant la seua llarga traject\u00f2ria, la Mostra ha comptat per a la realitzaci\u00f3 dels seus cartells amb importants autors els treballs dels quals podem gaudir ara, per primera vegada i tots junts, en aquesta exposici\u00f3\u201d.<\/span><\/p>\n<p><b>Sara Mansanet<\/b><span style=\"font-weight: 400;\">, directora del festival, ha destacat que \u201cel cartell de cinema \u00e9s una pe\u00e7a d&#8217;art en si mateix i un reflex del seu temps. En reunir esta col\u00b7lecci\u00f3, no sols celebrem 40 anys de cinema a Val\u00e8ncia, sin\u00f3 que tamb\u00e9 honrem als grans creadors que han posat el seu geni al servei de la Mostra\u201d.\u00a0<\/span><\/p>\n<p><span style=\"font-weight: 400;\">El director adjunt d&#8217;Audiovisuals i Cinematografia de l\u2019IVC, <\/span><b>Luis Gos\u00e1lbez,<\/b><span style=\"font-weight: 400;\"> ha explicat que \u201cgr\u00e0cies a un acord entre l\u2019Institut Valenci\u00e0 de Cultura i el Palau de la M\u00fasica, la Mostra recupera una part fonamental del seu patrimoni documental que estava conservat des de fa tretze anys per l&#8217;Arxiu Gr\u00e0fic de la Filmoteca Valenciana. Una magn\u00edfica col\u00b7lecci\u00f3 de cartells que ara s&#8217;exhibeixen signats per pintors, il\u00b7lustradors, dibuixants de c\u00f2mic i dissenyadors valencians de reconegut prestigi internacional\u201d.<\/span><\/p>\n<p><span style=\"font-weight: 400;\">L&#8217;exposici\u00f3, ha ressaltat <\/span><b>Marisa Gim\u00e9nez Soler,<\/b><span style=\"font-weight: 400;\"> comiss\u00e0ria de l\u2019exposici\u00f3, celebra el valor del cartell \u201ccom a art, s\u00edmbol i mem\u00f2ria compartida de quatre d\u00e8cades de cinema mediterrani a la ciutat. Cartells que transiten entre l&#8217;anal\u00f2gic i el digital, reflectint l&#8217;evoluci\u00f3 est\u00e8tica i cultural de la Mostra en un di\u00e0leg constant amb la ciutat de Val\u00e8ncia\u201d. A trav\u00e9s d&#8217;aquestes obres, \u201ces plasma la conviv\u00e8ncia entre tradici\u00f3 i modernitat, la identitat mediterr\u00e0nia del festival i el seu lloc com una de les cites culturals m\u00e9s destacades de la Comunitat Valenciana\u201d.<\/span><\/p>\n<p><span style=\"font-weight: 400;\">En els seus 40 anys de traject\u00f2ria, el certamen ha comptat amb la col\u00b7laboraci\u00f3 d&#8217;artistes pl\u00e0stics de refer\u00e8ncia com <\/span><b>Artur Heras, Manuel Boix, Jordi Ballester, Manolo Vald\u00e9s i Jos\u00e9 Morea, <\/b><span style=\"font-weight: 400;\">els qui van pintar els cartells de les primeres edicions. Tamb\u00e9 han aportat el seu talent <\/span><b>Carlos Berlanga<\/b><span style=\"font-weight: 400;\"> des de la m\u00fasica i <\/span><b>Francis Montesinos<\/b><span style=\"font-weight: 400;\"> des de la moda, sumant noves mirades a l&#8217;univers gr\u00e0fic del festival.<\/span><\/p>\n<p><span style=\"font-weight: 400;\">L&#8217;\u00e0mbit del c\u00f2mic i la il\u00b7lustraci\u00f3 est\u00e0 representat per noms essencials com <\/span><b>Ana Juan, Daniel Torres, Mique Beltr\u00e1n, Paco Roca<\/b><span style=\"font-weight: 400;\"> i <\/span><b>Vicente Ferrer<\/b><span style=\"font-weight: 400;\">, mentre que el disseny ha sigut clau en la construcci\u00f3 de la identitat visual del festival gr\u00e0cies a figures com <\/span><b>Javier Mariscal, Rafael Contreras, Marisa Llongo, Manolo S\u00e1nchez, Ib\u00e1n Ram\u00f3n, Dom\u00e8nec Morera, Dani Molero, Diego Mir, Boke Baz\u00e1n, Vicent Ram\u00f3n, Milimbo, Creatias Estudio, Lorena Sayavera, Dos Punts<\/b><span style=\"font-weight: 400;\"> y <\/span><b>D\u00eddac Ballester<\/b><span style=\"font-weight: 400;\">, aquest \u00faltim creador del cartell d&#8217;enguany.<\/span><\/p>\n<p><span style=\"font-weight: 400;\">L&#8217;exposici\u00f3, que podr\u00e0 visitar-se en <\/span><b>La Galeria del Tossal del 7 d&#8217;octubre al 2 de novembre,<\/b><span style=\"font-weight: 400;\"> ofereix al p\u00fablic una oportunitat \u00fanica per a descobrir com el cartell ha sigut alhora mem\u00f2ria, resist\u00e8ncia, objecte de culte i espill de l&#8217;evoluci\u00f3 cultural de la Mostra.<\/span><\/p>\n<p><b>Cicle homenatge a les Palmeres d&#8217;Or<\/b><\/p>\n<p><span style=\"font-weight: 400;\">Amb motiu de la seua quarantena edici\u00f3, la Mostra ha organitzat tamb\u00e9 un cicle especial en els <\/span><b>ABC Park<\/b><span style=\"font-weight: 400;\"> dedicat a les pel\u00b7l\u00edcules guardonades amb la Palmera d&#8217;Or, el m\u00e0xim reconeixement del festival. \u201cLa programaci\u00f3 reunix una selecci\u00f3 de vint t\u00edtols que repassen m\u00e9s de quatre d\u00e8cades d&#8217;hist\u00f2ria cinematogr\u00e0fica en la conca mediterr\u00e0nia i reflectixen l&#8217;evoluci\u00f3 social, pol\u00edtica i cultural de la regi\u00f3\u201d, ha explicat Mansanet.<\/span><\/p>\n<p><span style=\"font-weight: 400;\">El cicle oferix una mirada plural i diversa a trav\u00e9s d&#8217;obres procedents de pa\u00efsos com Espanya, l&#8217;antiga Iugosl\u00e0via, S\u00edria, Tun\u00edsia, el Marroc, Alg\u00e8ria, B\u00f2snia, Turquia, L\u00edban, It\u00e0lia o Fran\u00e7a. Moltes de les pel\u00b7l\u00edcules, dif\u00edcils de veure hui dia, podran redescobrir-se en pantalla gran, i ofereixen al p\u00fablic una oportunitat \u00fanica d&#8217;apreciar el llegat cinematogr\u00e0fic de la Mostra i d&#8217;alguns dels grans noms que han marcat la seua hist\u00f2ria.<\/span><\/p>\n<p><b>CICLE QUARANTA ANIVERSARI<\/b><\/p>\n<p><b><i>LOS FIELES SIRVIENTES<\/i><\/b><span style=\"font-weight: 400;\"> \u2013 Primer Premi 1980<\/span><\/p>\n<p><b>Espanya, 1980. 88\u2019<\/b><\/p>\n<p><span style=\"font-weight: 400;\">Direcci\u00f3: Francesc Betriu<\/span><\/p>\n<p>&nbsp;<\/p>\n<p><b><i>THE MELODY HAUNTS MY MEMORY<\/i><\/b><b> &#8211; <\/b><span style=\"font-weight: 400;\">Palmera d\u2019Or 1981<\/span><\/p>\n<p><b>Iugosl\u00e0via, 1980. 103\u2019<\/b><\/p>\n<p><span style=\"font-weight: 400;\">Direcci\u00f3: Rajko Grli\u0107<\/span><\/p>\n<p>&nbsp;<\/p>\n<p><b><i>LOS SUE\u00d1OS DE LA CIUDAD<\/i><\/b><b> &#8211; <\/b><span style=\"font-weight: 400;\">Palmera d\u2019Or 1984<\/span><\/p>\n<p><b>S\u00edria, 1984. 120\u2019<\/b><\/p>\n<p><span style=\"font-weight: 400;\">Direcci\u00f3: Mohamed Malas<\/span><\/p>\n<p>&nbsp;<\/p>\n<p><b><i>LOS BALIZADORES DEL DESIERTO<\/i><\/b><span style=\"font-weight: 400;\"> &#8211; Palmera d\u2019Or 1985<\/span><\/p>\n<p><b>Tun\u00edsia, 1984. 95\u2019<\/b><\/p>\n<p><span style=\"font-weight: 400;\">Direcci\u00f3: Nacer Khemir<\/span><\/p>\n<p>&nbsp;<\/p>\n<p><b><i>TRES SON MULTITUD<\/i><\/b><b> &#8211; <\/b><span style=\"font-weight: 400;\">Palmera d\u2019Or 1986<\/span><\/p>\n<p><b>Iugosl\u00e0via, 1985. 100\u2019<\/b><\/p>\n<p><span style=\"font-weight: 400;\">Direcci\u00f3: Rajko Grli\u0107<\/span><\/p>\n<p>&nbsp;<\/p>\n<p><b><i>ESTRELLAS DE D\u00cdA<\/i><\/b><b> &#8211; <\/b><span style=\"font-weight: 400;\">Palmera d\u2019Or 1988<\/span><\/p>\n<p><b>S\u00edria, 1985. 105\u2019<\/b><\/p>\n<p><span style=\"font-weight: 400;\">Direcci\u00f3: Ossama Mohammed<\/span><\/p>\n<p>&nbsp;<\/p>\n<p><b><i>VIRGINIA<\/i><\/b><b> &#8211; <\/b><span style=\"font-weight: 400;\">Palmera d\u2019Or 1992<\/span><\/p>\n<p><b>Iugosl\u00e0via, 1991. 101\u2019<\/b><\/p>\n<p><span style=\"font-weight: 400;\">Direcci\u00f3: Sr\u0111an Karanovi\u0107<\/span><\/p>\n<p>&nbsp;<\/p>\n<p><b><i>LA GRAN CALABAZA<\/i><\/b><b> &#8211; <\/b><span style=\"font-weight: 400;\">Palmera d\u2019Or 1993<\/span><\/p>\n<p><b>It\u00e0lia, 1993. 105\u2019<\/b><\/p>\n<p><span style=\"font-weight: 400;\">Direcci\u00f3: Francesca Archibugi<\/span><\/p>\n<p>&nbsp;<\/p>\n<p><b><i>LA LEYENDA DE BALTHASAR, EL CASTRADO<\/i><\/b><b> &#8211; <\/b><span style=\"font-weight: 400;\">Palmera d\u2019Or 1996<\/span><\/p>\n<p><b>Espanya, 1996. 86\u2019<\/b><\/p>\n<p><span style=\"font-weight: 400;\">Direcci\u00f3: Juan Mi\u00f1\u00f3n<\/span><\/p>\n<p>&nbsp;<\/p>\n<p><b><i>LA VIDA DE JES\u00daS<\/i><\/b><b> &#8211; <\/b><span style=\"font-weight: 400;\">Palmera d\u2019Or 1997<\/span><\/p>\n<p><b>Fran\u00e7a, 1997. 91\u2019<\/b><\/p>\n<p><span style=\"font-weight: 400;\">Direcci\u00f3: Bruno Dumont<\/span><\/p>\n<p>&nbsp;<\/p>\n<p><b><i>LES DISEURS DE V\u00c9RIT\u00c9<\/i><\/b><b> &#8211; <\/b><span style=\"font-weight: 400;\">Palmera d\u2019Or 2000<\/span><\/p>\n<p><b>Alg\u00e8ria, 2000. 75\u2019<\/b><\/p>\n<p><span style=\"font-weight: 400;\">Direcci\u00f3: Karim Tra\u00efdia<\/span><\/p>\n<p>&nbsp;<\/p>\n<p><b><i>LA CHATTE \u00c0 DEUX T\u00caTES<\/i><\/b><b> &#8211; <\/b><span style=\"font-weight: 400;\">Palmera d\u2019Or 2002<\/span><\/p>\n<p><b>Fran\u00e7a, 2002. 90\u2019<\/b><\/p>\n<p><span style=\"font-weight: 400;\">Direcci\u00f3: Jacques Nolot<\/span><\/p>\n<p>&nbsp;<\/p>\n<p><b><i>GORI VATRA<\/i><\/b><b> &#8211; <\/b><span style=\"font-weight: 400;\">Palmera D\u2019Or 2004<\/span><\/p>\n<p><b>B\u00f2snia i Hercegovina, 2003. 105\u2019<\/b><\/p>\n<p><span style=\"font-weight: 400;\">Direcci\u00f3: Pjer Zalica<\/span><\/p>\n<p>&nbsp;<\/p>\n<p><b><i>DELO OSVOBAJA<\/i><\/b><b> &#8211; <\/b><span style=\"font-weight: 400;\">Palmera d\u2019Or 2006<\/span><\/p>\n<p><b>Eslov\u00e8nia, 2004. 71\u2019<\/b><\/p>\n<p><span style=\"font-weight: 400;\">Direcci\u00f3: Damjan Kozole<\/span><\/p>\n<p>&nbsp;<\/p>\n<p><b><i>HARRAGAS<\/i><\/b><b> &#8211; <\/b><span style=\"font-weight: 400;\">Palmera d\u2019Or 2009<\/span><\/p>\n<p><b>Alg\u00e8ria, 2009. 110\u2019<\/b><\/p>\n<p><span style=\"font-weight: 400;\">Direcci\u00f3: Merzak Allouache<\/span><\/p>\n<p>&nbsp;<\/p>\n<p><b><i>THE PIGEON<\/i><\/b><b> &#8211; <\/b><span style=\"font-weight: 400;\">Palmera d\u2019Or 2018<\/span><\/p>\n<p><b>Turquia, 2018. 78\u2019<\/b><\/p>\n<p><span style=\"font-weight: 400;\">Direcci\u00f3: Banu Sivaci<\/span><\/p>\n<p>&nbsp;<\/p>\n<p><b><i>QUERIDOS VECINOS<\/i><\/b><b> \u2013 <\/b><span style=\"font-weight: 400;\">Palmera d\u2019Or\u00a0 2020<\/span><\/p>\n<p><b>It\u00e0lia, Su\u00efssa, 2020. 98\u2019<\/b><\/p>\n<p><span style=\"font-weight: 400;\">Direcci\u00f3: Damiano D\u00b4Innocenzo, Fabio D&#8217;Innocenzo<\/span><\/p>\n<p>&nbsp;<\/p>\n<p><b><i>SO SHE DOESN\u00b4T LIVE<\/i><\/b><b> &#8211; <\/b><span style=\"font-weight: 400;\">Palmera d\u2019Or 2021<\/span><\/p>\n<p><b>B\u00f2snia i Hercegovina, 2021. 92\u2019<\/b><\/p>\n<p><span style=\"font-weight: 400;\">Direcci\u00f3: Faruk Lon\u010darevi\u0107<\/span><\/p>\n<p>&nbsp;<\/p>\n<p><b><i>UNTIL TOMORROW<\/i><\/b><b> &#8211; <\/b><span style=\"font-weight: 400;\">Palmera d\u2019Or 2022<\/span><\/p>\n<p><b>Iran, Fran\u00e7a, Qatar, 2022. 86\u2019<\/b><\/p>\n<p><span style=\"font-weight: 400;\">Direcci\u00f3: Ali Asgari<\/span><\/p>\n<p>&nbsp;<\/p>\n<p><b><i>RIVERBED<\/i><\/b><b> &#8211; <\/b><span style=\"font-weight: 400;\">Palmera d\u2019Or 2023<\/span><\/p>\n<p><b>Iran, Fran\u00e7a, Qatar, 2022. 80\u2019<\/b><\/p>\n<p><span style=\"font-weight: 400;\">Direcci\u00f3: Bassem Breche<\/span><\/p>\n","protected":false},"excerpt":{"rendered":"<p>El festival commemora quatre d\u00e8cades d&#8217;hist\u00f2ria amb una mostra dedicada als cartells que han marcat la seua identitat visual signats per noms com\u00a0Javier Mariscal, Paco [&hellip;]<\/p>\n","protected":false},"author":3,"featured_media":28867,"comment_status":"open","ping_status":"open","sticky":false,"template":"","format":"standard","meta":{"_uag_custom_page_level_css":"","_jet_sm_ready_style":"","_jet_sm_style":"","_jet_sm_controls_values":"","_jet_sm_fonts_collection":"","_jet_sm_fonts_links":"","footnotes":""},"categories":[455],"tags":[],"class_list":["post-28680","post","type-post","status-publish","format-standard","has-post-thumbnail","hentry","category-noticies"],"yoast_head":"<!-- This site is optimized with the Yoast SEO plugin v27.5 - https:\/\/yoast.com\/product\/yoast-seo-wordpress\/ -->\n<title>Mostra de Val\u00e8ncia celebra el 40 aniversari amb una gran exposici\u00f3 i un cicle que recupera les seues Palmeres d&#039;Or - Mostra de Val\u00e8ncia<\/title>\n<meta name=\"robots\" content=\"index, follow, max-snippet:-1, max-image-preview:large, max-video-preview:-1\" \/>\n<link rel=\"canonical\" href=\"https:\/\/lamostradevalencia.com\/ca\/mostra-de-valencia-celebra-el-40-aniversari-amb-una-gran-exposicio-i-un-cicle-que-recupera-les-seues-palmeres-dor\/\" \/>\n<meta property=\"og:locale\" content=\"ca_ES\" \/>\n<meta property=\"og:type\" content=\"article\" \/>\n<meta property=\"og:title\" content=\"Mostra de Val\u00e8ncia celebra el 40 aniversari amb una gran exposici\u00f3 i un cicle que recupera les seues Palmeres d&#039;Or - Mostra de Val\u00e8ncia\" \/>\n<meta property=\"og:description\" content=\"El festival commemora quatre d\u00e8cades d&#8217;hist\u00f2ria amb una mostra dedicada als cartells que han marcat la seua identitat visual signats per noms com\u00a0Javier Mariscal, Paco [&hellip;]\" \/>\n<meta property=\"og:url\" content=\"https:\/\/lamostradevalencia.com\/ca\/mostra-de-valencia-celebra-el-40-aniversari-amb-una-gran-exposicio-i-un-cicle-que-recupera-les-seues-palmeres-dor\/\" \/>\n<meta property=\"og:site_name\" content=\"Mostra de Val\u00e8ncia\" \/>\n<meta property=\"article:published_time\" content=\"2025-10-07T10:48:22+00:00\" \/>\n<meta property=\"article:modified_time\" content=\"2025-10-07T10:50:47+00:00\" \/>\n<meta property=\"og:image\" content=\"https:\/\/lamostradevalencia.com\/wp-content\/uploads\/2025\/10\/PHOTO-2025-10-07-12-46-29.jpg\" \/>\n\t<meta property=\"og:image:width\" content=\"1600\" \/>\n\t<meta property=\"og:image:height\" content=\"1067\" \/>\n\t<meta property=\"og:image:type\" content=\"image\/jpeg\" \/>\n<meta name=\"author\" content=\"contenidos\" \/>\n<meta name=\"twitter:card\" content=\"summary_large_image\" \/>\n<meta name=\"twitter:label1\" content=\"Escrit per\" \/>\n\t<meta name=\"twitter:data1\" content=\"contenidos\" \/>\n\t<meta name=\"twitter:label2\" content=\"Temps estimat de lectura\" \/>\n\t<meta name=\"twitter:data2\" content=\"5 minuts\" \/>\n<script type=\"application\/ld+json\" class=\"yoast-schema-graph\">{\"@context\":\"https:\\\/\\\/schema.org\",\"@graph\":[{\"@type\":\"Article\",\"@id\":\"https:\\\/\\\/lamostradevalencia.com\\\/ca\\\/mostra-de-valencia-celebra-el-40-aniversari-amb-una-gran-exposicio-i-un-cicle-que-recupera-les-seues-palmeres-dor\\\/#article\",\"isPartOf\":{\"@id\":\"https:\\\/\\\/lamostradevalencia.com\\\/ca\\\/mostra-de-valencia-celebra-el-40-aniversari-amb-una-gran-exposicio-i-un-cicle-que-recupera-les-seues-palmeres-dor\\\/\"},\"author\":{\"name\":\"contenidos\",\"@id\":\"https:\\\/\\\/lamostradevalencia.com\\\/ca\\\/#\\\/schema\\\/person\\\/361c3c0dd5489e78ad78ee4f8332efac\"},\"headline\":\"Mostra de Val\u00e8ncia celebra el 40 aniversari amb una gran exposici\u00f3 i un cicle que recupera les seues Palmeres d&#8217;Or\",\"datePublished\":\"2025-10-07T10:48:22+00:00\",\"dateModified\":\"2025-10-07T10:50:47+00:00\",\"mainEntityOfPage\":{\"@id\":\"https:\\\/\\\/lamostradevalencia.com\\\/ca\\\/mostra-de-valencia-celebra-el-40-aniversari-amb-una-gran-exposicio-i-un-cicle-que-recupera-les-seues-palmeres-dor\\\/\"},\"wordCount\":1162,\"commentCount\":0,\"image\":{\"@id\":\"https:\\\/\\\/lamostradevalencia.com\\\/ca\\\/mostra-de-valencia-celebra-el-40-aniversari-amb-una-gran-exposicio-i-un-cicle-que-recupera-les-seues-palmeres-dor\\\/#primaryimage\"},\"thumbnailUrl\":\"https:\\\/\\\/lamostradevalencia.com\\\/wp-content\\\/uploads\\\/2025\\\/10\\\/PHOTO-2025-10-07-12-46-29.jpg\",\"articleSection\":[\"Noticies\"],\"inLanguage\":\"ca\",\"potentialAction\":[{\"@type\":\"CommentAction\",\"name\":\"Comment\",\"target\":[\"https:\\\/\\\/lamostradevalencia.com\\\/ca\\\/mostra-de-valencia-celebra-el-40-aniversari-amb-una-gran-exposicio-i-un-cicle-que-recupera-les-seues-palmeres-dor\\\/#respond\"]}]},{\"@type\":\"WebPage\",\"@id\":\"https:\\\/\\\/lamostradevalencia.com\\\/ca\\\/mostra-de-valencia-celebra-el-40-aniversari-amb-una-gran-exposicio-i-un-cicle-que-recupera-les-seues-palmeres-dor\\\/\",\"url\":\"https:\\\/\\\/lamostradevalencia.com\\\/ca\\\/mostra-de-valencia-celebra-el-40-aniversari-amb-una-gran-exposicio-i-un-cicle-que-recupera-les-seues-palmeres-dor\\\/\",\"name\":\"Mostra de Val\u00e8ncia celebra el 40 aniversari amb una gran exposici\u00f3 i un cicle que recupera les seues Palmeres d'Or - Mostra de Val\u00e8ncia\",\"isPartOf\":{\"@id\":\"https:\\\/\\\/lamostradevalencia.com\\\/ca\\\/#website\"},\"primaryImageOfPage\":{\"@id\":\"https:\\\/\\\/lamostradevalencia.com\\\/ca\\\/mostra-de-valencia-celebra-el-40-aniversari-amb-una-gran-exposicio-i-un-cicle-que-recupera-les-seues-palmeres-dor\\\/#primaryimage\"},\"image\":{\"@id\":\"https:\\\/\\\/lamostradevalencia.com\\\/ca\\\/mostra-de-valencia-celebra-el-40-aniversari-amb-una-gran-exposicio-i-un-cicle-que-recupera-les-seues-palmeres-dor\\\/#primaryimage\"},\"thumbnailUrl\":\"https:\\\/\\\/lamostradevalencia.com\\\/wp-content\\\/uploads\\\/2025\\\/10\\\/PHOTO-2025-10-07-12-46-29.jpg\",\"datePublished\":\"2025-10-07T10:48:22+00:00\",\"dateModified\":\"2025-10-07T10:50:47+00:00\",\"author\":{\"@id\":\"https:\\\/\\\/lamostradevalencia.com\\\/ca\\\/#\\\/schema\\\/person\\\/361c3c0dd5489e78ad78ee4f8332efac\"},\"breadcrumb\":{\"@id\":\"https:\\\/\\\/lamostradevalencia.com\\\/ca\\\/mostra-de-valencia-celebra-el-40-aniversari-amb-una-gran-exposicio-i-un-cicle-que-recupera-les-seues-palmeres-dor\\\/#breadcrumb\"},\"inLanguage\":\"ca\",\"potentialAction\":[{\"@type\":\"ReadAction\",\"target\":[\"https:\\\/\\\/lamostradevalencia.com\\\/ca\\\/mostra-de-valencia-celebra-el-40-aniversari-amb-una-gran-exposicio-i-un-cicle-que-recupera-les-seues-palmeres-dor\\\/\"]}]},{\"@type\":\"ImageObject\",\"inLanguage\":\"ca\",\"@id\":\"https:\\\/\\\/lamostradevalencia.com\\\/ca\\\/mostra-de-valencia-celebra-el-40-aniversari-amb-una-gran-exposicio-i-un-cicle-que-recupera-les-seues-palmeres-dor\\\/#primaryimage\",\"url\":\"https:\\\/\\\/lamostradevalencia.com\\\/wp-content\\\/uploads\\\/2025\\\/10\\\/PHOTO-2025-10-07-12-46-29.jpg\",\"contentUrl\":\"https:\\\/\\\/lamostradevalencia.com\\\/wp-content\\\/uploads\\\/2025\\\/10\\\/PHOTO-2025-10-07-12-46-29.jpg\",\"width\":1600,\"height\":1067},{\"@type\":\"BreadcrumbList\",\"@id\":\"https:\\\/\\\/lamostradevalencia.com\\\/ca\\\/mostra-de-valencia-celebra-el-40-aniversari-amb-una-gran-exposicio-i-un-cicle-que-recupera-les-seues-palmeres-dor\\\/#breadcrumb\",\"itemListElement\":[{\"@type\":\"ListItem\",\"position\":1,\"name\":\"Portada\",\"item\":\"https:\\\/\\\/lamostradevalencia.com\\\/ca\\\/\"},{\"@type\":\"ListItem\",\"position\":2,\"name\":\"Mostra de Val\u00e8ncia celebra el 40 aniversari amb una gran exposici\u00f3 i un cicle que recupera les seues Palmeres d&#8217;Or\"}]},{\"@type\":\"WebSite\",\"@id\":\"https:\\\/\\\/lamostradevalencia.com\\\/ca\\\/#website\",\"url\":\"https:\\\/\\\/lamostradevalencia.com\\\/ca\\\/\",\"name\":\"Mostra de Val\u00e8ncia\",\"description\":\"Cinema del Mediterrani\",\"potentialAction\":[{\"@type\":\"SearchAction\",\"target\":{\"@type\":\"EntryPoint\",\"urlTemplate\":\"https:\\\/\\\/lamostradevalencia.com\\\/ca\\\/?s={search_term_string}\"},\"query-input\":{\"@type\":\"PropertyValueSpecification\",\"valueRequired\":true,\"valueName\":\"search_term_string\"}}],\"inLanguage\":\"ca\"},{\"@type\":\"Person\",\"@id\":\"https:\\\/\\\/lamostradevalencia.com\\\/ca\\\/#\\\/schema\\\/person\\\/361c3c0dd5489e78ad78ee4f8332efac\",\"name\":\"contenidos\",\"image\":{\"@type\":\"ImageObject\",\"inLanguage\":\"ca\",\"@id\":\"https:\\\/\\\/secure.gravatar.com\\\/avatar\\\/a87eddc188a32d5a0371ff92ef616b5006a91e389296d49d081f8d424eef134c?s=96&d=mm&r=g\",\"url\":\"https:\\\/\\\/secure.gravatar.com\\\/avatar\\\/a87eddc188a32d5a0371ff92ef616b5006a91e389296d49d081f8d424eef134c?s=96&d=mm&r=g\",\"contentUrl\":\"https:\\\/\\\/secure.gravatar.com\\\/avatar\\\/a87eddc188a32d5a0371ff92ef616b5006a91e389296d49d081f8d424eef134c?s=96&d=mm&r=g\",\"caption\":\"contenidos\"}}]}<\/script>\n<!-- \/ Yoast SEO plugin. -->","yoast_head_json":{"title":"Mostra de Val\u00e8ncia celebra el 40 aniversari amb una gran exposici\u00f3 i un cicle que recupera les seues Palmeres d'Or - Mostra de Val\u00e8ncia","robots":{"index":"index","follow":"follow","max-snippet":"max-snippet:-1","max-image-preview":"max-image-preview:large","max-video-preview":"max-video-preview:-1"},"canonical":"https:\/\/lamostradevalencia.com\/ca\/mostra-de-valencia-celebra-el-40-aniversari-amb-una-gran-exposicio-i-un-cicle-que-recupera-les-seues-palmeres-dor\/","og_locale":"ca_ES","og_type":"article","og_title":"Mostra de Val\u00e8ncia celebra el 40 aniversari amb una gran exposici\u00f3 i un cicle que recupera les seues Palmeres d'Or - Mostra de Val\u00e8ncia","og_description":"El festival commemora quatre d\u00e8cades d&#8217;hist\u00f2ria amb una mostra dedicada als cartells que han marcat la seua identitat visual signats per noms com\u00a0Javier Mariscal, Paco [&hellip;]","og_url":"https:\/\/lamostradevalencia.com\/ca\/mostra-de-valencia-celebra-el-40-aniversari-amb-una-gran-exposicio-i-un-cicle-que-recupera-les-seues-palmeres-dor\/","og_site_name":"Mostra de Val\u00e8ncia","article_published_time":"2025-10-07T10:48:22+00:00","article_modified_time":"2025-10-07T10:50:47+00:00","og_image":[{"width":1600,"height":1067,"url":"https:\/\/lamostradevalencia.com\/wp-content\/uploads\/2025\/10\/PHOTO-2025-10-07-12-46-29.jpg","type":"image\/jpeg"}],"author":"contenidos","twitter_card":"summary_large_image","twitter_misc":{"Escrit per":"contenidos","Temps estimat de lectura":"5 minuts"},"schema":{"@context":"https:\/\/schema.org","@graph":[{"@type":"Article","@id":"https:\/\/lamostradevalencia.com\/ca\/mostra-de-valencia-celebra-el-40-aniversari-amb-una-gran-exposicio-i-un-cicle-que-recupera-les-seues-palmeres-dor\/#article","isPartOf":{"@id":"https:\/\/lamostradevalencia.com\/ca\/mostra-de-valencia-celebra-el-40-aniversari-amb-una-gran-exposicio-i-un-cicle-que-recupera-les-seues-palmeres-dor\/"},"author":{"name":"contenidos","@id":"https:\/\/lamostradevalencia.com\/ca\/#\/schema\/person\/361c3c0dd5489e78ad78ee4f8332efac"},"headline":"Mostra de Val\u00e8ncia celebra el 40 aniversari amb una gran exposici\u00f3 i un cicle que recupera les seues Palmeres d&#8217;Or","datePublished":"2025-10-07T10:48:22+00:00","dateModified":"2025-10-07T10:50:47+00:00","mainEntityOfPage":{"@id":"https:\/\/lamostradevalencia.com\/ca\/mostra-de-valencia-celebra-el-40-aniversari-amb-una-gran-exposicio-i-un-cicle-que-recupera-les-seues-palmeres-dor\/"},"wordCount":1162,"commentCount":0,"image":{"@id":"https:\/\/lamostradevalencia.com\/ca\/mostra-de-valencia-celebra-el-40-aniversari-amb-una-gran-exposicio-i-un-cicle-que-recupera-les-seues-palmeres-dor\/#primaryimage"},"thumbnailUrl":"https:\/\/lamostradevalencia.com\/wp-content\/uploads\/2025\/10\/PHOTO-2025-10-07-12-46-29.jpg","articleSection":["Noticies"],"inLanguage":"ca","potentialAction":[{"@type":"CommentAction","name":"Comment","target":["https:\/\/lamostradevalencia.com\/ca\/mostra-de-valencia-celebra-el-40-aniversari-amb-una-gran-exposicio-i-un-cicle-que-recupera-les-seues-palmeres-dor\/#respond"]}]},{"@type":"WebPage","@id":"https:\/\/lamostradevalencia.com\/ca\/mostra-de-valencia-celebra-el-40-aniversari-amb-una-gran-exposicio-i-un-cicle-que-recupera-les-seues-palmeres-dor\/","url":"https:\/\/lamostradevalencia.com\/ca\/mostra-de-valencia-celebra-el-40-aniversari-amb-una-gran-exposicio-i-un-cicle-que-recupera-les-seues-palmeres-dor\/","name":"Mostra de Val\u00e8ncia celebra el 40 aniversari amb una gran exposici\u00f3 i un cicle que recupera les seues Palmeres d'Or - Mostra de Val\u00e8ncia","isPartOf":{"@id":"https:\/\/lamostradevalencia.com\/ca\/#website"},"primaryImageOfPage":{"@id":"https:\/\/lamostradevalencia.com\/ca\/mostra-de-valencia-celebra-el-40-aniversari-amb-una-gran-exposicio-i-un-cicle-que-recupera-les-seues-palmeres-dor\/#primaryimage"},"image":{"@id":"https:\/\/lamostradevalencia.com\/ca\/mostra-de-valencia-celebra-el-40-aniversari-amb-una-gran-exposicio-i-un-cicle-que-recupera-les-seues-palmeres-dor\/#primaryimage"},"thumbnailUrl":"https:\/\/lamostradevalencia.com\/wp-content\/uploads\/2025\/10\/PHOTO-2025-10-07-12-46-29.jpg","datePublished":"2025-10-07T10:48:22+00:00","dateModified":"2025-10-07T10:50:47+00:00","author":{"@id":"https:\/\/lamostradevalencia.com\/ca\/#\/schema\/person\/361c3c0dd5489e78ad78ee4f8332efac"},"breadcrumb":{"@id":"https:\/\/lamostradevalencia.com\/ca\/mostra-de-valencia-celebra-el-40-aniversari-amb-una-gran-exposicio-i-un-cicle-que-recupera-les-seues-palmeres-dor\/#breadcrumb"},"inLanguage":"ca","potentialAction":[{"@type":"ReadAction","target":["https:\/\/lamostradevalencia.com\/ca\/mostra-de-valencia-celebra-el-40-aniversari-amb-una-gran-exposicio-i-un-cicle-que-recupera-les-seues-palmeres-dor\/"]}]},{"@type":"ImageObject","inLanguage":"ca","@id":"https:\/\/lamostradevalencia.com\/ca\/mostra-de-valencia-celebra-el-40-aniversari-amb-una-gran-exposicio-i-un-cicle-que-recupera-les-seues-palmeres-dor\/#primaryimage","url":"https:\/\/lamostradevalencia.com\/wp-content\/uploads\/2025\/10\/PHOTO-2025-10-07-12-46-29.jpg","contentUrl":"https:\/\/lamostradevalencia.com\/wp-content\/uploads\/2025\/10\/PHOTO-2025-10-07-12-46-29.jpg","width":1600,"height":1067},{"@type":"BreadcrumbList","@id":"https:\/\/lamostradevalencia.com\/ca\/mostra-de-valencia-celebra-el-40-aniversari-amb-una-gran-exposicio-i-un-cicle-que-recupera-les-seues-palmeres-dor\/#breadcrumb","itemListElement":[{"@type":"ListItem","position":1,"name":"Portada","item":"https:\/\/lamostradevalencia.com\/ca\/"},{"@type":"ListItem","position":2,"name":"Mostra de Val\u00e8ncia celebra el 40 aniversari amb una gran exposici\u00f3 i un cicle que recupera les seues Palmeres d&#8217;Or"}]},{"@type":"WebSite","@id":"https:\/\/lamostradevalencia.com\/ca\/#website","url":"https:\/\/lamostradevalencia.com\/ca\/","name":"Mostra de Val\u00e8ncia","description":"Cinema del Mediterrani","potentialAction":[{"@type":"SearchAction","target":{"@type":"EntryPoint","urlTemplate":"https:\/\/lamostradevalencia.com\/ca\/?s={search_term_string}"},"query-input":{"@type":"PropertyValueSpecification","valueRequired":true,"valueName":"search_term_string"}}],"inLanguage":"ca"},{"@type":"Person","@id":"https:\/\/lamostradevalencia.com\/ca\/#\/schema\/person\/361c3c0dd5489e78ad78ee4f8332efac","name":"contenidos","image":{"@type":"ImageObject","inLanguage":"ca","@id":"https:\/\/secure.gravatar.com\/avatar\/a87eddc188a32d5a0371ff92ef616b5006a91e389296d49d081f8d424eef134c?s=96&d=mm&r=g","url":"https:\/\/secure.gravatar.com\/avatar\/a87eddc188a32d5a0371ff92ef616b5006a91e389296d49d081f8d424eef134c?s=96&d=mm&r=g","contentUrl":"https:\/\/secure.gravatar.com\/avatar\/a87eddc188a32d5a0371ff92ef616b5006a91e389296d49d081f8d424eef134c?s=96&d=mm&r=g","caption":"contenidos"}}]}},"uagb_featured_image_src":{"full":["https:\/\/lamostradevalencia.com\/wp-content\/uploads\/2025\/10\/PHOTO-2025-10-07-12-46-29.jpg",1600,1067,false],"thumbnail":["https:\/\/lamostradevalencia.com\/wp-content\/uploads\/2025\/10\/PHOTO-2025-10-07-12-46-29-150x150.jpg",150,150,true],"medium":["https:\/\/lamostradevalencia.com\/wp-content\/uploads\/2025\/10\/PHOTO-2025-10-07-12-46-29-300x200.jpg",300,200,true],"medium_large":["https:\/\/lamostradevalencia.com\/wp-content\/uploads\/2025\/10\/PHOTO-2025-10-07-12-46-29-768x512.jpg",768,512,true],"large":["https:\/\/lamostradevalencia.com\/wp-content\/uploads\/2025\/10\/PHOTO-2025-10-07-12-46-29-1024x683.jpg",1024,683,true],"1536x1536":["https:\/\/lamostradevalencia.com\/wp-content\/uploads\/2025\/10\/PHOTO-2025-10-07-12-46-29-1536x1024.jpg",1536,1024,true],"2048x2048":["https:\/\/lamostradevalencia.com\/wp-content\/uploads\/2025\/10\/PHOTO-2025-10-07-12-46-29.jpg",1600,1067,false],"cinerama_edge_image_square":["https:\/\/lamostradevalencia.com\/wp-content\/uploads\/2025\/10\/PHOTO-2025-10-07-12-46-29-550x550.jpg",550,550,true],"cinerama_edge_image_landscape":["https:\/\/lamostradevalencia.com\/wp-content\/uploads\/2025\/10\/PHOTO-2025-10-07-12-46-29-1100x550.jpg",1100,550,true],"cinerama_edge_image_portrait":["https:\/\/lamostradevalencia.com\/wp-content\/uploads\/2025\/10\/PHOTO-2025-10-07-12-46-29-550x1067.jpg",550,1067,true],"cinerama_edge_image_huge":["https:\/\/lamostradevalencia.com\/wp-content\/uploads\/2025\/10\/PHOTO-2025-10-07-12-46-29-1100x1067.jpg",1100,1067,true],"gform-image-choice-sm":["https:\/\/lamostradevalencia.com\/wp-content\/uploads\/2025\/10\/PHOTO-2025-10-07-12-46-29.jpg",300,200,false],"gform-image-choice-md":["https:\/\/lamostradevalencia.com\/wp-content\/uploads\/2025\/10\/PHOTO-2025-10-07-12-46-29.jpg",400,267,false],"gform-image-choice-lg":["https:\/\/lamostradevalencia.com\/wp-content\/uploads\/2025\/10\/PHOTO-2025-10-07-12-46-29.jpg",600,400,false]},"uagb_author_info":{"display_name":"contenidos","author_link":"https:\/\/lamostradevalencia.com\/ca\/author\/contenidos\/"},"uagb_comment_info":0,"uagb_excerpt":"El festival commemora quatre d\u00e8cades d&#8217;hist\u00f2ria amb una mostra dedicada als cartells que han marcat la seua identitat visual signats per noms com\u00a0Javier Mariscal, Paco [&hellip;]","_links":{"self":[{"href":"https:\/\/lamostradevalencia.com\/ca\/wp-json\/wp\/v2\/posts\/28680","targetHints":{"allow":["GET"]}}],"collection":[{"href":"https:\/\/lamostradevalencia.com\/ca\/wp-json\/wp\/v2\/posts"}],"about":[{"href":"https:\/\/lamostradevalencia.com\/ca\/wp-json\/wp\/v2\/types\/post"}],"author":[{"embeddable":true,"href":"https:\/\/lamostradevalencia.com\/ca\/wp-json\/wp\/v2\/users\/3"}],"replies":[{"embeddable":true,"href":"https:\/\/lamostradevalencia.com\/ca\/wp-json\/wp\/v2\/comments?post=28680"}],"version-history":[{"count":1,"href":"https:\/\/lamostradevalencia.com\/ca\/wp-json\/wp\/v2\/posts\/28680\/revisions"}],"predecessor-version":[{"id":28681,"href":"https:\/\/lamostradevalencia.com\/ca\/wp-json\/wp\/v2\/posts\/28680\/revisions\/28681"}],"wp:featuredmedia":[{"embeddable":true,"href":"https:\/\/lamostradevalencia.com\/ca\/wp-json\/wp\/v2\/media\/28867"}],"wp:attachment":[{"href":"https:\/\/lamostradevalencia.com\/ca\/wp-json\/wp\/v2\/media?parent=28680"}],"wp:term":[{"taxonomy":"category","embeddable":true,"href":"https:\/\/lamostradevalencia.com\/ca\/wp-json\/wp\/v2\/categories?post=28680"},{"taxonomy":"post_tag","embeddable":true,"href":"https:\/\/lamostradevalencia.com\/ca\/wp-json\/wp\/v2\/tags?post=28680"}],"curies":[{"name":"wp","href":"https:\/\/api.w.org\/{rel}","templated":true}]}}