{"id":28340,"date":"2025-10-03T13:53:06","date_gmt":"2025-10-03T11:53:06","guid":{"rendered":"https:\/\/lamostradevalencia.com\/?p=28340"},"modified":"2025-10-03T13:52:21","modified_gmt":"2025-10-03T11:52:21","slug":"sanchez-verdu-eva-gancedo-jaume-radigales-i-alejandro-amenabar-participen-en-lxi-congres-internacional-de-musica-de-cine-de-la-mostra","status":"publish","type":"post","link":"https:\/\/lamostradevalencia.com\/ca\/sanchez-verdu-eva-gancedo-jaume-radigales-i-alejandro-amenabar-participen-en-lxi-congres-internacional-de-musica-de-cine-de-la-mostra\/","title":{"rendered":"S\u00e1nchez-Verd\u00fa, Eva Gancedo, Jaume Radigales i Alejandro Amen\u00e1bar participen en l\u2019XI Congr\u00e9s Internacional de M\u00fasica de Cine de La Mostra"},"content":{"rendered":"<p><b>El XI Congr\u00e9s Internacional de M\u00fasica de Cine reunir\u00e0 a especialistes, m\u00fasics i cineastes, amb pon\u00e8ncies, concerts i projeccions<\/b><\/p>\n<p><b>Es presenta la sintonia oficial del Festival, composta per S\u00e1nchez-Verd\u00fa\u00a0<\/b><\/p>\n<p><b>13 migmetratges d\u2019It\u00e0lia, Alg\u00e8ria, Palestina, B\u00e8lgica i Fran\u00e7a competiran pel Premi de la secci\u00f3 La Cabina, dotat amb 10.000\u20ac<\/b><\/p>\n<p><span style=\"font-weight: 400;\">El director del Palau de la M\u00fasica, Vicente Llimer\u00e1; la subdirectora de Cinematografia i Audiovisuals, Sara Mansanet; la subdirectora de M\u00fasica, Nieves Pascual; y el compositor Voro Garc\u00eda, presenten als mitjans de comunicaci\u00f3 els detalls de <strong>l&#8217;XI Congr\u00e9s Internacional de M\u00fasica de Cinema;<\/strong> la <strong>sintonia oficial del festiva<\/strong>l composta per Jos\u00e9 Mar\u00eda Sanchez-Verd\u00fa; <strong>la programaci\u00f3 de la secci\u00f3 La Cabina<\/strong> dedicada al migmetratge, aix\u00ed com altres activitats paral\u00b7leles amb les quals se celebrar\u00e0 el 40 aniversari de la Mostra de Val\u00e8ncia -Cinema del Mediterrani.<\/span><\/p>\n<p><b>Tres dies de di\u00e0leg entre m\u00fasica i cinema<\/b><\/p>\n<p><span style=\"font-weight: 400;\">L&#8217;XI Congr\u00e9s Internacional de M\u00fasica de Cinema se celebrar\u00e0 del 30 d&#8217;octubre a l&#8217;1 de novembre a la Sala Rodrigo del Palau de la M\u00fasica i reunir\u00e0 especialistes, m\u00fasics i cineastes en un programa amb pon\u00e8ncies, concerts i projeccions. La programaci\u00f3 arrancar\u00e0 amb una confer\u00e8ncia de Jaume Radigales que explorar\u00e0 com Mozart i Xostak\u00f3vitx han passat de la sala de concerts a la pantalla gran, seguida d&#8217;un concert de l&#8217;Orquestra de Val\u00e8ncia a la Sala Iturbi, dirigida per \u00c1lvaro Albiach i amb la pianista Alba Ventura com a solista.<\/span><\/p>\n<p><span style=\"font-weight: 400;\">Divendres 31 d&#8217;octubre, el compositor Jos\u00e9 Mar\u00eda S\u00e1nchez-Verd\u00fa, compositor en resid\u00e8ncia del Palau de la M\u00fasica en la present temporada, abordar\u00e0 la relaci\u00f3 entre la nova creaci\u00f3 musical i el cinema mut, i a continuaci\u00f3 el grup Antara del Conservatori Superior de M\u00fasica de Val\u00e8ncia, gr\u00e0cies a la col\u00b7laboraci\u00f3 de Curt Creixent de l\u2019IVC, acompanyar\u00e0 en directe a la projecci\u00f3 dels diferents curtmetratges &#8216;Gitano&#8217; (Cristian Serrano, 2025); &#8216;Colps&#8217; (Buster Keaton, 1922) i &#8216;Fait divers&#8217; (Claude Autant-Lara, 1923). Dissabte 1 de novembre, la compositora Eva Gancedo parlar\u00e0 sobre la creaci\u00f3 musical per a la imatge, abans de la projecci\u00f3 de \u2018La aldea maldita\u2019 (1930) amb m\u00fasica en directe de Juan Carlos Garvayo i Agust\u00edn Diassera. El fermall final el posar\u00e0 la classe magistral (RAE) Paraula de guionista, a c\u00e0rrec d&#8217;Alejandro Amen\u00e1bar, organitzada per EDAV amb la col\u00b7laboraci\u00f3 de DAMA.<\/span><\/p>\n<p><span style=\"font-weight: 400;\">Totes les activitats del congr\u00e9s seran d&#8217;entrada lliure fins a completar aforament, excepte el concert inaugural de l&#8217;Orquestra de Val\u00e8ncia a la Sala Iturbi, amb entrades a preus populars de 20,15 i 10\u20ac. Un espai privilegiat per a reflexionar sobre el paper de la m\u00fasica en la creaci\u00f3 cinematogr\u00e0fica i acostar al p\u00fablic experi\u00e8ncies \u00faniques que combinen interpretaci\u00f3 en directe, an\u00e0lisi i projecci\u00f3.<\/span><\/p>\n<p><b>La Cabina: el migmetratge com a territori creatiu<\/b><\/p>\n<p><span style=\"font-weight: 400;\">La Mostra incorpora la secci\u00f3 competitiva La Cabina, dedicada al migmetratge, per a reivindicar este format singular com a espai d&#8217;exploraci\u00f3 de noves narratives i mirades del Mediterrani.<\/span><\/p>\n<p><span style=\"font-weight: 400;\">En esta primera edici\u00f3 dins de la Mostra, tretze pel\u00b7l\u00edcules procedents d&#8217;It\u00e0lia, Alg\u00e8ria, Palestina, B\u00e8lgica i Fran\u00e7a, este \u00faltim amb una destacada pres\u00e8ncia, competiran pel Premi La Cabina, dotat amb 10.000 euros: 5.000 per a producci\u00f3 i 5.000 per a distribuci\u00f3. El jurat estar\u00e0 format per la cineasta turca Banu Sivaci, el programador itali\u00e0 Riccardo Specchia i el director liban\u00e9s Pierre Mouzannar.<\/span><\/p>\n<p><span style=\"font-weight: 400;\">Els t\u00edtols seleccionats per a esta edici\u00f3 han passat per festivals de refer\u00e8ncia com Locarno, Berl\u00edn, Rotterdam, Clarmont o Brive, i abasten des de drames \u00edntims fins a s\u00e0tires pol\u00edtiques, retrats urbans i rondalles po\u00e8tiques.<\/span><\/p>\n<p>&nbsp;<\/p>\n<p><b>Programaci\u00f3 de La Cabina 2025<\/b><\/p>\n<ul>\n<li><b>Prekid Vate<\/b><span style=\"font-weight: 400;\"> \u2013 It\u00e0lia\/Alemanya\/Eslov\u00e8nia. Dir. Jakob Krese (30\u2019)<\/span><\/li>\n<\/ul>\n<p><span style=\"font-weight: 400;\">Hazira, supervivent de Srebrenica, afronta amb resili\u00e8ncia i humor negre les seq\u00fceles de la guerra des d\u2019un camp de refugiats a B\u00f2snia. Presentada a Berl\u00edn.<\/span><\/p>\n<ul>\n<li><b>Eldorado<\/b><span style=\"font-weight: 400;\"> \u2013 Fran\u00e7a. Dir. Anton Bialas (30\u2019)<\/span><\/li>\n<\/ul>\n<p><span style=\"font-weight: 400;\">L\u2019amistat entre un obrer i un artista decadent en un club parisenc a punt del tancament. Presentada a Locarno.<\/span><\/p>\n<ul>\n<li><b>No Man is an Island<\/b><span style=\"font-weight: 400;\"> \u2013 Fran\u00e7a. Dir. Khalil Cherti (47\u2019)<\/span><\/li>\n<\/ul>\n<p><span style=\"font-weight: 400;\">Una dona siriana refugiada a Fran\u00e7a s\u2019enfronta al trauma que va marcar la seua vida.<\/span><\/p>\n<ul>\n<li><b>Spare!<\/b><span style=\"font-weight: 400;\"> \u2013 Fran\u00e7a. Dir. Jules Cales, Balthazar Ullmann (32\u2019)<\/span><\/li>\n<\/ul>\n<p><span style=\"font-weight: 400;\">Dos mafiosos pocatraces troben diners inesperats i desencadenen una nit de caos.<\/span><\/p>\n<ul>\n<li><b>Still Playing<\/b><span style=\"font-weight: 400;\"> \u2013 Fran\u00e7a. Dir. Mohamed Mesbah (37\u2019) \u2013 \u00d2pera prima<\/span><\/li>\n<\/ul>\n<p><span style=\"font-weight: 400;\">En Cisjord\u00e0nia, un dissenyador de videojocs plasma en la seua obra les tensions de la vida baix ocupaci\u00f3. Presentada a Locarno.<\/span><\/p>\n<ul>\n<li><b>Je est une autre<\/b><span style=\"font-weight: 400;\"> \u2013 Alg\u00e8ria\/Ar\u00e0bia. Dir. Walid Sahraoui (51\u2019) \u2013 \u00d2pera prima<\/span><\/li>\n<\/ul>\n<p><span style=\"font-weight: 400;\">Un llibrer s\u2019endinsa en un viatge d\u2019encontres i s\u00edmbols a partir d\u2019una fotografia trencada.<\/span><\/p>\n<ul>\n<li><b>Comment \u00e7a va?<\/b><span style=\"font-weight: 400;\"> \u2013 Fran\u00e7a. Dir. Caroline Poggi, Jonathan Vinel (31\u2019)<\/span><\/li>\n<\/ul>\n<p><span style=\"font-weight: 400;\">Un grup d\u2019animals intenta curar els mals del m\u00f3n en una faula po\u00e8tica. Presentada a Berl\u00edn i Locarno.<\/span><\/p>\n<ul>\n<li><b>Two People Exchanging Saliva<\/b><span style=\"font-weight: 400;\"> \u2013 Fran\u00e7a. Dir. Alexandre Singh, Natalie Musteata (36\u2019)<\/span><\/li>\n<\/ul>\n<p><span style=\"font-weight: 400;\">Una s\u00e0tira sobre amor i repressi\u00f3 en una societat dist\u00f2pica. Premi del Jurat i Canal+ a Clermont-Ferrand.<\/span><\/p>\n<ul>\n<li><b>Un ciel si bas<\/b><span style=\"font-weight: 400;\"> \u2013 B\u00e8lgica\/<\/span> <span style=\"font-weight: 400;\">Fran\u00e7a. Dir. Joachim Michaux (33\u2019)<\/span><\/li>\n<\/ul>\n<p><span style=\"font-weight: 400;\">Brussel\u00b7les, 1989: un jove busca a un amor perdut enmig de la febre del New Beat. Presentada a Locarno.<\/span><\/p>\n<ul>\n<li><b>Upshot<\/b><span style=\"font-weight: 400;\"> \u2013 Palestina\/It\u00e0lia. Dir. Maha Haj (32\u2019)<\/span><\/li>\n<\/ul>\n<p><span style=\"font-weight: 400;\">Una parella en una granja a\u00efllada s\u2019enfronta a una revelaci\u00f3 dolorosa sobre el seu pasat.<\/span><\/p>\n<ul>\n<li><b>Fanny \u00e0 la page<\/b><span style=\"font-weight: 400;\"> \u2013 Fran\u00e7a. Dir. Rapha\u00eblle Petit-Gille (34\u2019)<\/span><\/li>\n<\/ul>\n<p><span style=\"font-weight: 400;\">Retrat \u00edntim d\u2019una mare soltera que lluita contra el pes dels desitges impossibles en unes vacacions d\u2019estiu.<\/span><\/p>\n<ul>\n<li><b>Les tremblements<\/b><span style=\"font-weight: 400;\"> \u2013 Fran\u00e7a. Dir. David Depesseville (37\u2019)<\/span><\/li>\n<\/ul>\n<p><span style=\"font-weight: 400;\">Tres germans afronten la p\u00e8rdua de la seua mare en una hist\u00f2ria sobre dol i vincles familiars. Premi en el Festival de Brive.<\/span><\/p>\n<ul>\n<li><b>Temo Re <\/b><span style=\"font-weight: 400;\">&#8211; Ge\u00f2rgia, Turquia. Dir. Anka Gujabidze (49\u2019)<\/span><\/li>\n<\/ul>\n<p><span style=\"font-weight: 400;\">Temo, un actor georgi\u00e0 sumit en la pobresa, ha d\u2019enginyar-se-les com a repartidor davant les poques oportunitats que existixen com a actor de teatre.<\/span><\/p>\n","protected":false},"excerpt":{"rendered":"<p>El XI Congr\u00e9s Internacional de M\u00fasica de Cine reunir\u00e0 a especialistes, m\u00fasics i cineastes, amb pon\u00e8ncies, concerts i projeccions Es presenta la sintonia oficial del [&hellip;]<\/p>\n","protected":false},"author":1,"featured_media":28636,"comment_status":"open","ping_status":"open","sticky":false,"template":"","format":"standard","meta":{"_uag_custom_page_level_css":"","_jet_sm_ready_style":"","_jet_sm_style":"","_jet_sm_controls_values":"","_jet_sm_fonts_collection":"","_jet_sm_fonts_links":"","footnotes":""},"categories":[455],"tags":[],"class_list":["post-28340","post","type-post","status-publish","format-standard","has-post-thumbnail","hentry","category-noticies"],"yoast_head":"<!-- This site is optimized with the Yoast SEO plugin v27.5 - https:\/\/yoast.com\/product\/yoast-seo-wordpress\/ -->\n<title>S\u00e1nchez-Verd\u00fa, Eva Gancedo, Jaume Radigales i Alejandro Amen\u00e1bar participen en l\u2019XI Congr\u00e9s Internacional de M\u00fasica de Cine de La Mostra - Mostra de Val\u00e8ncia<\/title>\n<meta name=\"robots\" content=\"index, follow, max-snippet:-1, max-image-preview:large, max-video-preview:-1\" \/>\n<link rel=\"canonical\" href=\"https:\/\/lamostradevalencia.com\/ca\/sanchez-verdu-eva-gancedo-jaume-radigales-i-alejandro-amenabar-participen-en-lxi-congres-internacional-de-musica-de-cine-de-la-mostra\/\" \/>\n<meta property=\"og:locale\" content=\"ca_ES\" \/>\n<meta property=\"og:type\" content=\"article\" \/>\n<meta property=\"og:title\" content=\"S\u00e1nchez-Verd\u00fa, Eva Gancedo, Jaume Radigales i Alejandro Amen\u00e1bar participen en l\u2019XI Congr\u00e9s Internacional de M\u00fasica de Cine de La Mostra - Mostra de Val\u00e8ncia\" \/>\n<meta property=\"og:description\" content=\"El XI Congr\u00e9s Internacional de M\u00fasica de Cine reunir\u00e0 a especialistes, m\u00fasics i cineastes, amb pon\u00e8ncies, concerts i projeccions Es presenta la sintonia oficial del [&hellip;]\" \/>\n<meta property=\"og:url\" content=\"https:\/\/lamostradevalencia.com\/ca\/sanchez-verdu-eva-gancedo-jaume-radigales-i-alejandro-amenabar-participen-en-lxi-congres-internacional-de-musica-de-cine-de-la-mostra\/\" \/>\n<meta property=\"og:site_name\" content=\"Mostra de Val\u00e8ncia\" \/>\n<meta property=\"article:published_time\" content=\"2025-10-03T11:53:06+00:00\" \/>\n<meta property=\"og:image\" content=\"https:\/\/lamostradevalencia.com\/wp-content\/uploads\/2025\/10\/PHOTO-2025-10-03-13-38-39.jpg\" \/>\n\t<meta property=\"og:image:width\" content=\"1600\" \/>\n\t<meta property=\"og:image:height\" content=\"1067\" \/>\n\t<meta property=\"og:image:type\" content=\"image\/jpeg\" \/>\n<meta name=\"author\" content=\"Mostra de Val\u00e8ncia\" \/>\n<meta name=\"twitter:card\" content=\"summary_large_image\" \/>\n<meta name=\"twitter:label1\" content=\"Escrit per\" \/>\n\t<meta name=\"twitter:data1\" content=\"Mostra de Val\u00e8ncia\" \/>\n\t<meta name=\"twitter:label2\" content=\"Temps estimat de lectura\" \/>\n\t<meta name=\"twitter:data2\" content=\"5 minuts\" \/>\n<script type=\"application\/ld+json\" class=\"yoast-schema-graph\">{\"@context\":\"https:\\\/\\\/schema.org\",\"@graph\":[{\"@type\":\"Article\",\"@id\":\"https:\\\/\\\/lamostradevalencia.com\\\/ca\\\/sanchez-verdu-eva-gancedo-jaume-radigales-i-alejandro-amenabar-participen-en-lxi-congres-internacional-de-musica-de-cine-de-la-mostra\\\/#article\",\"isPartOf\":{\"@id\":\"https:\\\/\\\/lamostradevalencia.com\\\/ca\\\/sanchez-verdu-eva-gancedo-jaume-radigales-i-alejandro-amenabar-participen-en-lxi-congres-internacional-de-musica-de-cine-de-la-mostra\\\/\"},\"author\":{\"name\":\"Mostra de Val\u00e8ncia\",\"@id\":\"https:\\\/\\\/lamostradevalencia.com\\\/ca\\\/#\\\/schema\\\/person\\\/1dc07e4df3d6310b81d2cdf6a034070c\"},\"headline\":\"S\u00e1nchez-Verd\u00fa, Eva Gancedo, Jaume Radigales i Alejandro Amen\u00e1bar participen en l\u2019XI Congr\u00e9s Internacional de M\u00fasica de Cine de La Mostra\",\"datePublished\":\"2025-10-03T11:53:06+00:00\",\"mainEntityOfPage\":{\"@id\":\"https:\\\/\\\/lamostradevalencia.com\\\/ca\\\/sanchez-verdu-eva-gancedo-jaume-radigales-i-alejandro-amenabar-participen-en-lxi-congres-internacional-de-musica-de-cine-de-la-mostra\\\/\"},\"wordCount\":1037,\"commentCount\":0,\"image\":{\"@id\":\"https:\\\/\\\/lamostradevalencia.com\\\/ca\\\/sanchez-verdu-eva-gancedo-jaume-radigales-i-alejandro-amenabar-participen-en-lxi-congres-internacional-de-musica-de-cine-de-la-mostra\\\/#primaryimage\"},\"thumbnailUrl\":\"https:\\\/\\\/lamostradevalencia.com\\\/wp-content\\\/uploads\\\/2025\\\/10\\\/PHOTO-2025-10-03-13-38-39.jpg\",\"articleSection\":[\"Noticies\"],\"inLanguage\":\"ca\",\"potentialAction\":[{\"@type\":\"CommentAction\",\"name\":\"Comment\",\"target\":[\"https:\\\/\\\/lamostradevalencia.com\\\/ca\\\/sanchez-verdu-eva-gancedo-jaume-radigales-i-alejandro-amenabar-participen-en-lxi-congres-internacional-de-musica-de-cine-de-la-mostra\\\/#respond\"]}]},{\"@type\":\"WebPage\",\"@id\":\"https:\\\/\\\/lamostradevalencia.com\\\/ca\\\/sanchez-verdu-eva-gancedo-jaume-radigales-i-alejandro-amenabar-participen-en-lxi-congres-internacional-de-musica-de-cine-de-la-mostra\\\/\",\"url\":\"https:\\\/\\\/lamostradevalencia.com\\\/ca\\\/sanchez-verdu-eva-gancedo-jaume-radigales-i-alejandro-amenabar-participen-en-lxi-congres-internacional-de-musica-de-cine-de-la-mostra\\\/\",\"name\":\"S\u00e1nchez-Verd\u00fa, Eva Gancedo, Jaume Radigales i Alejandro Amen\u00e1bar participen en l\u2019XI Congr\u00e9s Internacional de M\u00fasica de Cine de La Mostra - Mostra de Val\u00e8ncia\",\"isPartOf\":{\"@id\":\"https:\\\/\\\/lamostradevalencia.com\\\/ca\\\/#website\"},\"primaryImageOfPage\":{\"@id\":\"https:\\\/\\\/lamostradevalencia.com\\\/ca\\\/sanchez-verdu-eva-gancedo-jaume-radigales-i-alejandro-amenabar-participen-en-lxi-congres-internacional-de-musica-de-cine-de-la-mostra\\\/#primaryimage\"},\"image\":{\"@id\":\"https:\\\/\\\/lamostradevalencia.com\\\/ca\\\/sanchez-verdu-eva-gancedo-jaume-radigales-i-alejandro-amenabar-participen-en-lxi-congres-internacional-de-musica-de-cine-de-la-mostra\\\/#primaryimage\"},\"thumbnailUrl\":\"https:\\\/\\\/lamostradevalencia.com\\\/wp-content\\\/uploads\\\/2025\\\/10\\\/PHOTO-2025-10-03-13-38-39.jpg\",\"datePublished\":\"2025-10-03T11:53:06+00:00\",\"author\":{\"@id\":\"https:\\\/\\\/lamostradevalencia.com\\\/ca\\\/#\\\/schema\\\/person\\\/1dc07e4df3d6310b81d2cdf6a034070c\"},\"breadcrumb\":{\"@id\":\"https:\\\/\\\/lamostradevalencia.com\\\/ca\\\/sanchez-verdu-eva-gancedo-jaume-radigales-i-alejandro-amenabar-participen-en-lxi-congres-internacional-de-musica-de-cine-de-la-mostra\\\/#breadcrumb\"},\"inLanguage\":\"ca\",\"potentialAction\":[{\"@type\":\"ReadAction\",\"target\":[\"https:\\\/\\\/lamostradevalencia.com\\\/ca\\\/sanchez-verdu-eva-gancedo-jaume-radigales-i-alejandro-amenabar-participen-en-lxi-congres-internacional-de-musica-de-cine-de-la-mostra\\\/\"]}]},{\"@type\":\"ImageObject\",\"inLanguage\":\"ca\",\"@id\":\"https:\\\/\\\/lamostradevalencia.com\\\/ca\\\/sanchez-verdu-eva-gancedo-jaume-radigales-i-alejandro-amenabar-participen-en-lxi-congres-internacional-de-musica-de-cine-de-la-mostra\\\/#primaryimage\",\"url\":\"https:\\\/\\\/lamostradevalencia.com\\\/wp-content\\\/uploads\\\/2025\\\/10\\\/PHOTO-2025-10-03-13-38-39.jpg\",\"contentUrl\":\"https:\\\/\\\/lamostradevalencia.com\\\/wp-content\\\/uploads\\\/2025\\\/10\\\/PHOTO-2025-10-03-13-38-39.jpg\",\"width\":1600,\"height\":1067},{\"@type\":\"BreadcrumbList\",\"@id\":\"https:\\\/\\\/lamostradevalencia.com\\\/ca\\\/sanchez-verdu-eva-gancedo-jaume-radigales-i-alejandro-amenabar-participen-en-lxi-congres-internacional-de-musica-de-cine-de-la-mostra\\\/#breadcrumb\",\"itemListElement\":[{\"@type\":\"ListItem\",\"position\":1,\"name\":\"Portada\",\"item\":\"https:\\\/\\\/lamostradevalencia.com\\\/ca\\\/\"},{\"@type\":\"ListItem\",\"position\":2,\"name\":\"S\u00e1nchez-Verd\u00fa, Eva Gancedo, Jaume Radigales i Alejandro Amen\u00e1bar participen en l\u2019XI Congr\u00e9s Internacional de M\u00fasica de Cine de La Mostra\"}]},{\"@type\":\"WebSite\",\"@id\":\"https:\\\/\\\/lamostradevalencia.com\\\/ca\\\/#website\",\"url\":\"https:\\\/\\\/lamostradevalencia.com\\\/ca\\\/\",\"name\":\"Mostra de Val\u00e8ncia\",\"description\":\"Cinema del Mediterrani\",\"potentialAction\":[{\"@type\":\"SearchAction\",\"target\":{\"@type\":\"EntryPoint\",\"urlTemplate\":\"https:\\\/\\\/lamostradevalencia.com\\\/ca\\\/?s={search_term_string}\"},\"query-input\":{\"@type\":\"PropertyValueSpecification\",\"valueRequired\":true,\"valueName\":\"search_term_string\"}}],\"inLanguage\":\"ca\"},{\"@type\":\"Person\",\"@id\":\"https:\\\/\\\/lamostradevalencia.com\\\/ca\\\/#\\\/schema\\\/person\\\/1dc07e4df3d6310b81d2cdf6a034070c\",\"name\":\"Mostra de Val\u00e8ncia\",\"image\":{\"@type\":\"ImageObject\",\"inLanguage\":\"ca\",\"@id\":\"https:\\\/\\\/secure.gravatar.com\\\/avatar\\\/ada4dfd699a9907706987adb1bb2b361c2613ccca474b49b8c648de5208e32f8?s=96&d=mm&r=g\",\"url\":\"https:\\\/\\\/secure.gravatar.com\\\/avatar\\\/ada4dfd699a9907706987adb1bb2b361c2613ccca474b49b8c648de5208e32f8?s=96&d=mm&r=g\",\"contentUrl\":\"https:\\\/\\\/secure.gravatar.com\\\/avatar\\\/ada4dfd699a9907706987adb1bb2b361c2613ccca474b49b8c648de5208e32f8?s=96&d=mm&r=g\",\"caption\":\"Mostra de Val\u00e8ncia\"}}]}<\/script>\n<!-- \/ Yoast SEO plugin. -->","yoast_head_json":{"title":"S\u00e1nchez-Verd\u00fa, Eva Gancedo, Jaume Radigales i Alejandro Amen\u00e1bar participen en l\u2019XI Congr\u00e9s Internacional de M\u00fasica de Cine de La Mostra - Mostra de Val\u00e8ncia","robots":{"index":"index","follow":"follow","max-snippet":"max-snippet:-1","max-image-preview":"max-image-preview:large","max-video-preview":"max-video-preview:-1"},"canonical":"https:\/\/lamostradevalencia.com\/ca\/sanchez-verdu-eva-gancedo-jaume-radigales-i-alejandro-amenabar-participen-en-lxi-congres-internacional-de-musica-de-cine-de-la-mostra\/","og_locale":"ca_ES","og_type":"article","og_title":"S\u00e1nchez-Verd\u00fa, Eva Gancedo, Jaume Radigales i Alejandro Amen\u00e1bar participen en l\u2019XI Congr\u00e9s Internacional de M\u00fasica de Cine de La Mostra - Mostra de Val\u00e8ncia","og_description":"El XI Congr\u00e9s Internacional de M\u00fasica de Cine reunir\u00e0 a especialistes, m\u00fasics i cineastes, amb pon\u00e8ncies, concerts i projeccions Es presenta la sintonia oficial del [&hellip;]","og_url":"https:\/\/lamostradevalencia.com\/ca\/sanchez-verdu-eva-gancedo-jaume-radigales-i-alejandro-amenabar-participen-en-lxi-congres-internacional-de-musica-de-cine-de-la-mostra\/","og_site_name":"Mostra de Val\u00e8ncia","article_published_time":"2025-10-03T11:53:06+00:00","og_image":[{"width":1600,"height":1067,"url":"https:\/\/lamostradevalencia.com\/wp-content\/uploads\/2025\/10\/PHOTO-2025-10-03-13-38-39.jpg","type":"image\/jpeg"}],"author":"Mostra de Val\u00e8ncia","twitter_card":"summary_large_image","twitter_misc":{"Escrit per":"Mostra de Val\u00e8ncia","Temps estimat de lectura":"5 minuts"},"schema":{"@context":"https:\/\/schema.org","@graph":[{"@type":"Article","@id":"https:\/\/lamostradevalencia.com\/ca\/sanchez-verdu-eva-gancedo-jaume-radigales-i-alejandro-amenabar-participen-en-lxi-congres-internacional-de-musica-de-cine-de-la-mostra\/#article","isPartOf":{"@id":"https:\/\/lamostradevalencia.com\/ca\/sanchez-verdu-eva-gancedo-jaume-radigales-i-alejandro-amenabar-participen-en-lxi-congres-internacional-de-musica-de-cine-de-la-mostra\/"},"author":{"name":"Mostra de Val\u00e8ncia","@id":"https:\/\/lamostradevalencia.com\/ca\/#\/schema\/person\/1dc07e4df3d6310b81d2cdf6a034070c"},"headline":"S\u00e1nchez-Verd\u00fa, Eva Gancedo, Jaume Radigales i Alejandro Amen\u00e1bar participen en l\u2019XI Congr\u00e9s Internacional de M\u00fasica de Cine de La Mostra","datePublished":"2025-10-03T11:53:06+00:00","mainEntityOfPage":{"@id":"https:\/\/lamostradevalencia.com\/ca\/sanchez-verdu-eva-gancedo-jaume-radigales-i-alejandro-amenabar-participen-en-lxi-congres-internacional-de-musica-de-cine-de-la-mostra\/"},"wordCount":1037,"commentCount":0,"image":{"@id":"https:\/\/lamostradevalencia.com\/ca\/sanchez-verdu-eva-gancedo-jaume-radigales-i-alejandro-amenabar-participen-en-lxi-congres-internacional-de-musica-de-cine-de-la-mostra\/#primaryimage"},"thumbnailUrl":"https:\/\/lamostradevalencia.com\/wp-content\/uploads\/2025\/10\/PHOTO-2025-10-03-13-38-39.jpg","articleSection":["Noticies"],"inLanguage":"ca","potentialAction":[{"@type":"CommentAction","name":"Comment","target":["https:\/\/lamostradevalencia.com\/ca\/sanchez-verdu-eva-gancedo-jaume-radigales-i-alejandro-amenabar-participen-en-lxi-congres-internacional-de-musica-de-cine-de-la-mostra\/#respond"]}]},{"@type":"WebPage","@id":"https:\/\/lamostradevalencia.com\/ca\/sanchez-verdu-eva-gancedo-jaume-radigales-i-alejandro-amenabar-participen-en-lxi-congres-internacional-de-musica-de-cine-de-la-mostra\/","url":"https:\/\/lamostradevalencia.com\/ca\/sanchez-verdu-eva-gancedo-jaume-radigales-i-alejandro-amenabar-participen-en-lxi-congres-internacional-de-musica-de-cine-de-la-mostra\/","name":"S\u00e1nchez-Verd\u00fa, Eva Gancedo, Jaume Radigales i Alejandro Amen\u00e1bar participen en l\u2019XI Congr\u00e9s Internacional de M\u00fasica de Cine de La Mostra - Mostra de Val\u00e8ncia","isPartOf":{"@id":"https:\/\/lamostradevalencia.com\/ca\/#website"},"primaryImageOfPage":{"@id":"https:\/\/lamostradevalencia.com\/ca\/sanchez-verdu-eva-gancedo-jaume-radigales-i-alejandro-amenabar-participen-en-lxi-congres-internacional-de-musica-de-cine-de-la-mostra\/#primaryimage"},"image":{"@id":"https:\/\/lamostradevalencia.com\/ca\/sanchez-verdu-eva-gancedo-jaume-radigales-i-alejandro-amenabar-participen-en-lxi-congres-internacional-de-musica-de-cine-de-la-mostra\/#primaryimage"},"thumbnailUrl":"https:\/\/lamostradevalencia.com\/wp-content\/uploads\/2025\/10\/PHOTO-2025-10-03-13-38-39.jpg","datePublished":"2025-10-03T11:53:06+00:00","author":{"@id":"https:\/\/lamostradevalencia.com\/ca\/#\/schema\/person\/1dc07e4df3d6310b81d2cdf6a034070c"},"breadcrumb":{"@id":"https:\/\/lamostradevalencia.com\/ca\/sanchez-verdu-eva-gancedo-jaume-radigales-i-alejandro-amenabar-participen-en-lxi-congres-internacional-de-musica-de-cine-de-la-mostra\/#breadcrumb"},"inLanguage":"ca","potentialAction":[{"@type":"ReadAction","target":["https:\/\/lamostradevalencia.com\/ca\/sanchez-verdu-eva-gancedo-jaume-radigales-i-alejandro-amenabar-participen-en-lxi-congres-internacional-de-musica-de-cine-de-la-mostra\/"]}]},{"@type":"ImageObject","inLanguage":"ca","@id":"https:\/\/lamostradevalencia.com\/ca\/sanchez-verdu-eva-gancedo-jaume-radigales-i-alejandro-amenabar-participen-en-lxi-congres-internacional-de-musica-de-cine-de-la-mostra\/#primaryimage","url":"https:\/\/lamostradevalencia.com\/wp-content\/uploads\/2025\/10\/PHOTO-2025-10-03-13-38-39.jpg","contentUrl":"https:\/\/lamostradevalencia.com\/wp-content\/uploads\/2025\/10\/PHOTO-2025-10-03-13-38-39.jpg","width":1600,"height":1067},{"@type":"BreadcrumbList","@id":"https:\/\/lamostradevalencia.com\/ca\/sanchez-verdu-eva-gancedo-jaume-radigales-i-alejandro-amenabar-participen-en-lxi-congres-internacional-de-musica-de-cine-de-la-mostra\/#breadcrumb","itemListElement":[{"@type":"ListItem","position":1,"name":"Portada","item":"https:\/\/lamostradevalencia.com\/ca\/"},{"@type":"ListItem","position":2,"name":"S\u00e1nchez-Verd\u00fa, Eva Gancedo, Jaume Radigales i Alejandro Amen\u00e1bar participen en l\u2019XI Congr\u00e9s Internacional de M\u00fasica de Cine de La Mostra"}]},{"@type":"WebSite","@id":"https:\/\/lamostradevalencia.com\/ca\/#website","url":"https:\/\/lamostradevalencia.com\/ca\/","name":"Mostra de Val\u00e8ncia","description":"Cinema del Mediterrani","potentialAction":[{"@type":"SearchAction","target":{"@type":"EntryPoint","urlTemplate":"https:\/\/lamostradevalencia.com\/ca\/?s={search_term_string}"},"query-input":{"@type":"PropertyValueSpecification","valueRequired":true,"valueName":"search_term_string"}}],"inLanguage":"ca"},{"@type":"Person","@id":"https:\/\/lamostradevalencia.com\/ca\/#\/schema\/person\/1dc07e4df3d6310b81d2cdf6a034070c","name":"Mostra de Val\u00e8ncia","image":{"@type":"ImageObject","inLanguage":"ca","@id":"https:\/\/secure.gravatar.com\/avatar\/ada4dfd699a9907706987adb1bb2b361c2613ccca474b49b8c648de5208e32f8?s=96&d=mm&r=g","url":"https:\/\/secure.gravatar.com\/avatar\/ada4dfd699a9907706987adb1bb2b361c2613ccca474b49b8c648de5208e32f8?s=96&d=mm&r=g","contentUrl":"https:\/\/secure.gravatar.com\/avatar\/ada4dfd699a9907706987adb1bb2b361c2613ccca474b49b8c648de5208e32f8?s=96&d=mm&r=g","caption":"Mostra de Val\u00e8ncia"}}]}},"uagb_featured_image_src":{"full":["https:\/\/lamostradevalencia.com\/wp-content\/uploads\/2025\/10\/PHOTO-2025-10-03-13-38-39.jpg",1600,1067,false],"thumbnail":["https:\/\/lamostradevalencia.com\/wp-content\/uploads\/2025\/10\/PHOTO-2025-10-03-13-38-39-150x150.jpg",150,150,true],"medium":["https:\/\/lamostradevalencia.com\/wp-content\/uploads\/2025\/10\/PHOTO-2025-10-03-13-38-39-300x200.jpg",300,200,true],"medium_large":["https:\/\/lamostradevalencia.com\/wp-content\/uploads\/2025\/10\/PHOTO-2025-10-03-13-38-39-768x512.jpg",768,512,true],"large":["https:\/\/lamostradevalencia.com\/wp-content\/uploads\/2025\/10\/PHOTO-2025-10-03-13-38-39-1024x683.jpg",1024,683,true],"1536x1536":["https:\/\/lamostradevalencia.com\/wp-content\/uploads\/2025\/10\/PHOTO-2025-10-03-13-38-39-1536x1024.jpg",1536,1024,true],"2048x2048":["https:\/\/lamostradevalencia.com\/wp-content\/uploads\/2025\/10\/PHOTO-2025-10-03-13-38-39.jpg",1600,1067,false],"cinerama_edge_image_square":["https:\/\/lamostradevalencia.com\/wp-content\/uploads\/2025\/10\/PHOTO-2025-10-03-13-38-39-550x550.jpg",550,550,true],"cinerama_edge_image_landscape":["https:\/\/lamostradevalencia.com\/wp-content\/uploads\/2025\/10\/PHOTO-2025-10-03-13-38-39-1100x550.jpg",1100,550,true],"cinerama_edge_image_portrait":["https:\/\/lamostradevalencia.com\/wp-content\/uploads\/2025\/10\/PHOTO-2025-10-03-13-38-39-550x1067.jpg",550,1067,true],"cinerama_edge_image_huge":["https:\/\/lamostradevalencia.com\/wp-content\/uploads\/2025\/10\/PHOTO-2025-10-03-13-38-39-1100x1067.jpg",1100,1067,true],"gform-image-choice-sm":["https:\/\/lamostradevalencia.com\/wp-content\/uploads\/2025\/10\/PHOTO-2025-10-03-13-38-39.jpg",300,200,false],"gform-image-choice-md":["https:\/\/lamostradevalencia.com\/wp-content\/uploads\/2025\/10\/PHOTO-2025-10-03-13-38-39.jpg",400,267,false],"gform-image-choice-lg":["https:\/\/lamostradevalencia.com\/wp-content\/uploads\/2025\/10\/PHOTO-2025-10-03-13-38-39.jpg",600,400,false]},"uagb_author_info":{"display_name":"Mostra de Val\u00e8ncia","author_link":"https:\/\/lamostradevalencia.com\/ca\/author\/mostravalencia\/"},"uagb_comment_info":0,"uagb_excerpt":"El XI Congr\u00e9s Internacional de M\u00fasica de Cine reunir\u00e0 a especialistes, m\u00fasics i cineastes, amb pon\u00e8ncies, concerts i projeccions Es presenta la sintonia oficial del [&hellip;]","_links":{"self":[{"href":"https:\/\/lamostradevalencia.com\/ca\/wp-json\/wp\/v2\/posts\/28340","targetHints":{"allow":["GET"]}}],"collection":[{"href":"https:\/\/lamostradevalencia.com\/ca\/wp-json\/wp\/v2\/posts"}],"about":[{"href":"https:\/\/lamostradevalencia.com\/ca\/wp-json\/wp\/v2\/types\/post"}],"author":[{"embeddable":true,"href":"https:\/\/lamostradevalencia.com\/ca\/wp-json\/wp\/v2\/users\/1"}],"replies":[{"embeddable":true,"href":"https:\/\/lamostradevalencia.com\/ca\/wp-json\/wp\/v2\/comments?post=28340"}],"version-history":[{"count":5,"href":"https:\/\/lamostradevalencia.com\/ca\/wp-json\/wp\/v2\/posts\/28340\/revisions"}],"predecessor-version":[{"id":28645,"href":"https:\/\/lamostradevalencia.com\/ca\/wp-json\/wp\/v2\/posts\/28340\/revisions\/28645"}],"wp:featuredmedia":[{"embeddable":true,"href":"https:\/\/lamostradevalencia.com\/ca\/wp-json\/wp\/v2\/media\/28636"}],"wp:attachment":[{"href":"https:\/\/lamostradevalencia.com\/ca\/wp-json\/wp\/v2\/media?parent=28340"}],"wp:term":[{"taxonomy":"category","embeddable":true,"href":"https:\/\/lamostradevalencia.com\/ca\/wp-json\/wp\/v2\/categories?post=28340"},{"taxonomy":"post_tag","embeddable":true,"href":"https:\/\/lamostradevalencia.com\/ca\/wp-json\/wp\/v2\/tags?post=28340"}],"curies":[{"name":"wp","href":"https:\/\/api.w.org\/{rel}","templated":true}]}}