{"id":2807,"date":"2019-05-28T12:59:56","date_gmt":"2019-05-28T10:59:56","guid":{"rendered":"https:\/\/lamostradevalencia.com\/?p=2807"},"modified":"2019-05-28T13:04:50","modified_gmt":"2019-05-28T11:04:50","slug":"diego-mir-firmara-el-cartell-de-la-34-mostra-de-valencia","status":"publish","type":"post","link":"https:\/\/lamostradevalencia.com\/ca\/diego-mir-firmara-el-cartell-de-la-34-mostra-de-valencia\/","title":{"rendered":"Diego Mir firmar\u00e0 el cartell de la 34 Mostra de Val\u00e8ncia"},"content":{"rendered":"<p>La imatge de la 34a edici\u00f3 del festival Mostra de Val\u00e8ncia-Cinema del Mediterrani, la segona despr\u00e9s de la suea recuperaci\u00f3, s\u2019ha triat a trav\u00e9s d\u2019un proc\u00e9s de Crida a projecte, organitzat per l\u2019entitat Mostra de Val\u00e8ncia i Iniciatives Audiovisuals amb el suport de l\u2019Associaci\u00f3 de Dissenyadors de la Comunitat Valenciana (ADCV), de l\u2019Associaci\u00f3 de Professionals de la Il\u00b7lustraci\u00f3 Valenciana (APIV) i de l\u2019Associaci\u00f3 d\u2019Empreses de Comunicaci\u00f3 Publicit\u00e0ria de la Comunitat Valenciana (COMUNITAD).<\/p>\n<p>El proc\u00e9s de selecci\u00f3, obert des del passat 13 de maig a professionals del disseny, la il\u00b7lustraci\u00f3 i la publicitat, ha rebut 64 candidatures \u201cde gran qualitat i solv\u00e8ncia art\u00edstica, que han evidenciat l\u2019enorme talent en materia de disseny que tenim en la nostra ciutat\u201d, tal com ha destacat la presidenta de l\u2019entitat, Gloria Tello. Les associacions de professionals participants en el proc\u00e9s, per la seua banda, han qualificat de &#8216;molt exitosa&#8217; la convocat\u00f2ria.<\/p>\n<p>Les persones o ag\u00e8ncies interessades havien de presentar un dossier de treballs ja realitzats i un curr\u00edculum o descripci\u00f3 de la seua traject\u00f2ria. La proposta de Diego Mir ha sigut l\u2019elegida per unanimitat pel comit\u00e9 de selecci\u00f3, format per membres de Mostra de Val\u00e8ncia i de les associacions de professionals. La creaci\u00f3 del cartell de la 34 Mostra \u201cser\u00e0 un important repte creatiu i comunicatiu i un impuls a la meua traject\u00f2ria profesional\u201d, segons les seues paraules.<\/p>\n<p>&nbsp;<\/p>\n<p><strong>Traject\u00f2ria professional<\/strong><\/p>\n<p>Nascut a Val\u00e8ncia, Mir ha il\u00b7lustrat articles d&#8217;opinio\u0301 i portades per a multitud de publicacions nacionals i internacionals i ha desenvolupat projectes de disseny per a clients com ara l&#8217;Ajuntament de Val\u00e8ncia, la Instituci\u00f3 Alfons el Magn\u00e0nim o el Museu de Belles Arts de Val\u00e8ncia. Al llarg de la seua traject\u00f2ria ha combinat el seu treball comercial amb creativitats al servei de l&#8217;activisme social.<\/p>\n<p>Entre els seus projectes recents trobem la campanya gr\u00e0fica #TrieEstimar, dissenyada junt amb Luis Demano per a promocionar el Programa Contexto de la Universitat de Val\u00e8ncia contra la viol\u00e8ncia masclista, les imatges gr\u00e0fiques de les tres \u00faltimes edicions dels aniversaris de la Universitat Popular de Val\u00e8ncia o el cartell &#8220;L&#8217;horta \u00e9s vida&#8221; per a l&#8217;associaci\u00f3 Per l&#8217;Horta, en defensa de l&#8217;horta valenciana.<\/p>\n<p>A m\u00e9s, cada diumenge publica una il\u00b7lustraci\u00f3 en les columnes d&#8217;opini\u00f3 del diari El Pa\u00eds i en els articles de psicologia de El Pa\u00eds Semanal. Altres clients de Diego Mir s\u00f3n: The New York Times, The Wall Street Journal, The Economist, McGraw Hill, Penguin Random House, Planeta, Estrella de Levante i Gr\u00e0ffica.<br \/>\n<img loading=\"lazy\" decoding=\"async\" class=\"alignnone wp-image-2801\" src=\"https:\/\/lamostradevalencia.com\/wp-content\/uploads\/2019\/05\/Treball-Diego-Mir-1-300x151.jpg\" alt=\"\" width=\"1311\" height=\"660\" srcset=\"https:\/\/lamostradevalencia.com\/wp-content\/uploads\/2019\/05\/Treball-Diego-Mir-1-300x151.jpg 300w, https:\/\/lamostradevalencia.com\/wp-content\/uploads\/2019\/05\/Treball-Diego-Mir-1-768x386.jpg 768w\" sizes=\"auto, (max-width: 1311px) 100vw, 1311px\" \/><\/p>\n","protected":false},"excerpt":{"rendered":"<p>La imatge de la 34a edici\u00f3 del festival Mostra de Val\u00e8ncia-Cinema del Mediterrani, la segona despr\u00e9s de la suea recuperaci\u00f3, s\u2019ha triat a trav\u00e9s d\u2019un [&hellip;]<\/p>\n","protected":false},"author":3,"featured_media":2792,"comment_status":"open","ping_status":"open","sticky":false,"template":"","format":"standard","meta":{"_uag_custom_page_level_css":"","_jet_sm_ready_style":"","_jet_sm_style":"","_jet_sm_controls_values":"","_jet_sm_fonts_collection":"","_jet_sm_fonts_links":"","footnotes":""},"categories":[455],"tags":[465,468,469,464],"class_list":["post-2807","post","type-post","status-publish","format-standard","has-post-thumbnail","hentry","category-noticies","tag-diego-mir","tag-disseny","tag-illustracio","tag-mostra-de-valencia"],"yoast_head":"<!-- This site is optimized with the Yoast SEO plugin v27.5 - https:\/\/yoast.com\/product\/yoast-seo-wordpress\/ -->\n<title>Diego Mir firmar\u00e0 el cartell de la 34 Mostra de Val\u00e8ncia<\/title>\n<meta name=\"robots\" content=\"index, follow, max-snippet:-1, max-image-preview:large, max-video-preview:-1\" \/>\n<link rel=\"canonical\" href=\"https:\/\/lamostradevalencia.com\/ca\/diego-mir-firmara-el-cartell-de-la-34-mostra-de-valencia\/\" \/>\n<meta property=\"og:locale\" content=\"ca_ES\" \/>\n<meta property=\"og:type\" content=\"article\" \/>\n<meta property=\"og:title\" content=\"Diego Mir firmar\u00e0 el cartell de la 34 Mostra de Val\u00e8ncia\" \/>\n<meta property=\"og:description\" content=\"La imatge de la 34a edici\u00f3 del festival Mostra de Val\u00e8ncia-Cinema del Mediterrani, la segona despr\u00e9s de la suea recuperaci\u00f3, s\u2019ha triat a trav\u00e9s d\u2019un [&hellip;]\" \/>\n<meta property=\"og:url\" content=\"https:\/\/lamostradevalencia.com\/ca\/diego-mir-firmara-el-cartell-de-la-34-mostra-de-valencia\/\" \/>\n<meta property=\"og:site_name\" content=\"Mostra de Val\u00e8ncia\" \/>\n<meta property=\"article:published_time\" content=\"2019-05-28T10:59:56+00:00\" \/>\n<meta property=\"article:modified_time\" content=\"2019-05-28T11:04:50+00:00\" \/>\n<meta property=\"og:image\" content=\"https:\/\/lamostradevalencia.com\/wp-content\/uploads\/2019\/05\/Diego-Mir.jpg\" \/>\n\t<meta property=\"og:image:width\" content=\"1500\" \/>\n\t<meta property=\"og:image:height\" content=\"1000\" \/>\n\t<meta property=\"og:image:type\" content=\"image\/jpeg\" \/>\n<meta name=\"author\" content=\"contenidos\" \/>\n<meta name=\"twitter:card\" content=\"summary_large_image\" \/>\n<meta name=\"twitter:label1\" content=\"Escrit per\" \/>\n\t<meta name=\"twitter:data1\" content=\"contenidos\" \/>\n\t<meta name=\"twitter:label2\" content=\"Temps estimat de lectura\" \/>\n\t<meta name=\"twitter:data2\" content=\"2 minuts\" \/>\n<script type=\"application\/ld+json\" class=\"yoast-schema-graph\">{\"@context\":\"https:\\\/\\\/schema.org\",\"@graph\":[{\"@type\":\"Article\",\"@id\":\"https:\\\/\\\/lamostradevalencia.com\\\/ca\\\/diego-mir-firmara-el-cartell-de-la-34-mostra-de-valencia\\\/#article\",\"isPartOf\":{\"@id\":\"https:\\\/\\\/lamostradevalencia.com\\\/ca\\\/diego-mir-firmara-el-cartell-de-la-34-mostra-de-valencia\\\/\"},\"author\":{\"name\":\"contenidos\",\"@id\":\"https:\\\/\\\/lamostradevalencia.com\\\/ca\\\/#\\\/schema\\\/person\\\/361c3c0dd5489e78ad78ee4f8332efac\"},\"headline\":\"Diego Mir firmar\u00e0 el cartell de la 34 Mostra de Val\u00e8ncia\",\"datePublished\":\"2019-05-28T10:59:56+00:00\",\"dateModified\":\"2019-05-28T11:04:50+00:00\",\"mainEntityOfPage\":{\"@id\":\"https:\\\/\\\/lamostradevalencia.com\\\/ca\\\/diego-mir-firmara-el-cartell-de-la-34-mostra-de-valencia\\\/\"},\"wordCount\":466,\"commentCount\":0,\"image\":{\"@id\":\"https:\\\/\\\/lamostradevalencia.com\\\/ca\\\/diego-mir-firmara-el-cartell-de-la-34-mostra-de-valencia\\\/#primaryimage\"},\"thumbnailUrl\":\"https:\\\/\\\/lamostradevalencia.com\\\/wp-content\\\/uploads\\\/2019\\\/05\\\/Diego-Mir.jpg\",\"keywords\":[\"Diego Mir\",\"Disseny\",\"Il\u00b7lustraci\u00f3\",\"Mostra de Val\u00e8ncia\"],\"articleSection\":[\"Noticies\"],\"inLanguage\":\"ca\",\"potentialAction\":[{\"@type\":\"CommentAction\",\"name\":\"Comment\",\"target\":[\"https:\\\/\\\/lamostradevalencia.com\\\/ca\\\/diego-mir-firmara-el-cartell-de-la-34-mostra-de-valencia\\\/#respond\"]}]},{\"@type\":\"WebPage\",\"@id\":\"https:\\\/\\\/lamostradevalencia.com\\\/ca\\\/diego-mir-firmara-el-cartell-de-la-34-mostra-de-valencia\\\/\",\"url\":\"https:\\\/\\\/lamostradevalencia.com\\\/ca\\\/diego-mir-firmara-el-cartell-de-la-34-mostra-de-valencia\\\/\",\"name\":\"Diego Mir firmar\u00e0 el cartell de la 34 Mostra de Val\u00e8ncia\",\"isPartOf\":{\"@id\":\"https:\\\/\\\/lamostradevalencia.com\\\/ca\\\/#website\"},\"primaryImageOfPage\":{\"@id\":\"https:\\\/\\\/lamostradevalencia.com\\\/ca\\\/diego-mir-firmara-el-cartell-de-la-34-mostra-de-valencia\\\/#primaryimage\"},\"image\":{\"@id\":\"https:\\\/\\\/lamostradevalencia.com\\\/ca\\\/diego-mir-firmara-el-cartell-de-la-34-mostra-de-valencia\\\/#primaryimage\"},\"thumbnailUrl\":\"https:\\\/\\\/lamostradevalencia.com\\\/wp-content\\\/uploads\\\/2019\\\/05\\\/Diego-Mir.jpg\",\"datePublished\":\"2019-05-28T10:59:56+00:00\",\"dateModified\":\"2019-05-28T11:04:50+00:00\",\"author\":{\"@id\":\"https:\\\/\\\/lamostradevalencia.com\\\/ca\\\/#\\\/schema\\\/person\\\/361c3c0dd5489e78ad78ee4f8332efac\"},\"breadcrumb\":{\"@id\":\"https:\\\/\\\/lamostradevalencia.com\\\/ca\\\/diego-mir-firmara-el-cartell-de-la-34-mostra-de-valencia\\\/#breadcrumb\"},\"inLanguage\":\"ca\",\"potentialAction\":[{\"@type\":\"ReadAction\",\"target\":[\"https:\\\/\\\/lamostradevalencia.com\\\/ca\\\/diego-mir-firmara-el-cartell-de-la-34-mostra-de-valencia\\\/\"]}]},{\"@type\":\"ImageObject\",\"inLanguage\":\"ca\",\"@id\":\"https:\\\/\\\/lamostradevalencia.com\\\/ca\\\/diego-mir-firmara-el-cartell-de-la-34-mostra-de-valencia\\\/#primaryimage\",\"url\":\"https:\\\/\\\/lamostradevalencia.com\\\/wp-content\\\/uploads\\\/2019\\\/05\\\/Diego-Mir.jpg\",\"contentUrl\":\"https:\\\/\\\/lamostradevalencia.com\\\/wp-content\\\/uploads\\\/2019\\\/05\\\/Diego-Mir.jpg\",\"width\":1500,\"height\":1000},{\"@type\":\"BreadcrumbList\",\"@id\":\"https:\\\/\\\/lamostradevalencia.com\\\/ca\\\/diego-mir-firmara-el-cartell-de-la-34-mostra-de-valencia\\\/#breadcrumb\",\"itemListElement\":[{\"@type\":\"ListItem\",\"position\":1,\"name\":\"Portada\",\"item\":\"https:\\\/\\\/lamostradevalencia.com\\\/ca\\\/\"},{\"@type\":\"ListItem\",\"position\":2,\"name\":\"Diego Mir firmar\u00e0 el cartell de la 34 Mostra de Val\u00e8ncia\"}]},{\"@type\":\"WebSite\",\"@id\":\"https:\\\/\\\/lamostradevalencia.com\\\/ca\\\/#website\",\"url\":\"https:\\\/\\\/lamostradevalencia.com\\\/ca\\\/\",\"name\":\"Mostra de Val\u00e8ncia\",\"description\":\"Cinema del Mediterrani\",\"potentialAction\":[{\"@type\":\"SearchAction\",\"target\":{\"@type\":\"EntryPoint\",\"urlTemplate\":\"https:\\\/\\\/lamostradevalencia.com\\\/ca\\\/?s={search_term_string}\"},\"query-input\":{\"@type\":\"PropertyValueSpecification\",\"valueRequired\":true,\"valueName\":\"search_term_string\"}}],\"inLanguage\":\"ca\"},{\"@type\":\"Person\",\"@id\":\"https:\\\/\\\/lamostradevalencia.com\\\/ca\\\/#\\\/schema\\\/person\\\/361c3c0dd5489e78ad78ee4f8332efac\",\"name\":\"contenidos\",\"image\":{\"@type\":\"ImageObject\",\"inLanguage\":\"ca\",\"@id\":\"https:\\\/\\\/secure.gravatar.com\\\/avatar\\\/a87eddc188a32d5a0371ff92ef616b5006a91e389296d49d081f8d424eef134c?s=96&d=mm&r=g\",\"url\":\"https:\\\/\\\/secure.gravatar.com\\\/avatar\\\/a87eddc188a32d5a0371ff92ef616b5006a91e389296d49d081f8d424eef134c?s=96&d=mm&r=g\",\"contentUrl\":\"https:\\\/\\\/secure.gravatar.com\\\/avatar\\\/a87eddc188a32d5a0371ff92ef616b5006a91e389296d49d081f8d424eef134c?s=96&d=mm&r=g\",\"caption\":\"contenidos\"}}]}<\/script>\n<!-- \/ Yoast SEO plugin. -->","yoast_head_json":{"title":"Diego Mir firmar\u00e0 el cartell de la 34 Mostra de Val\u00e8ncia","robots":{"index":"index","follow":"follow","max-snippet":"max-snippet:-1","max-image-preview":"max-image-preview:large","max-video-preview":"max-video-preview:-1"},"canonical":"https:\/\/lamostradevalencia.com\/ca\/diego-mir-firmara-el-cartell-de-la-34-mostra-de-valencia\/","og_locale":"ca_ES","og_type":"article","og_title":"Diego Mir firmar\u00e0 el cartell de la 34 Mostra de Val\u00e8ncia","og_description":"La imatge de la 34a edici\u00f3 del festival Mostra de Val\u00e8ncia-Cinema del Mediterrani, la segona despr\u00e9s de la suea recuperaci\u00f3, s\u2019ha triat a trav\u00e9s d\u2019un [&hellip;]","og_url":"https:\/\/lamostradevalencia.com\/ca\/diego-mir-firmara-el-cartell-de-la-34-mostra-de-valencia\/","og_site_name":"Mostra de Val\u00e8ncia","article_published_time":"2019-05-28T10:59:56+00:00","article_modified_time":"2019-05-28T11:04:50+00:00","og_image":[{"width":1500,"height":1000,"url":"https:\/\/lamostradevalencia.com\/wp-content\/uploads\/2019\/05\/Diego-Mir.jpg","type":"image\/jpeg"}],"author":"contenidos","twitter_card":"summary_large_image","twitter_misc":{"Escrit per":"contenidos","Temps estimat de lectura":"2 minuts"},"schema":{"@context":"https:\/\/schema.org","@graph":[{"@type":"Article","@id":"https:\/\/lamostradevalencia.com\/ca\/diego-mir-firmara-el-cartell-de-la-34-mostra-de-valencia\/#article","isPartOf":{"@id":"https:\/\/lamostradevalencia.com\/ca\/diego-mir-firmara-el-cartell-de-la-34-mostra-de-valencia\/"},"author":{"name":"contenidos","@id":"https:\/\/lamostradevalencia.com\/ca\/#\/schema\/person\/361c3c0dd5489e78ad78ee4f8332efac"},"headline":"Diego Mir firmar\u00e0 el cartell de la 34 Mostra de Val\u00e8ncia","datePublished":"2019-05-28T10:59:56+00:00","dateModified":"2019-05-28T11:04:50+00:00","mainEntityOfPage":{"@id":"https:\/\/lamostradevalencia.com\/ca\/diego-mir-firmara-el-cartell-de-la-34-mostra-de-valencia\/"},"wordCount":466,"commentCount":0,"image":{"@id":"https:\/\/lamostradevalencia.com\/ca\/diego-mir-firmara-el-cartell-de-la-34-mostra-de-valencia\/#primaryimage"},"thumbnailUrl":"https:\/\/lamostradevalencia.com\/wp-content\/uploads\/2019\/05\/Diego-Mir.jpg","keywords":["Diego Mir","Disseny","Il\u00b7lustraci\u00f3","Mostra de Val\u00e8ncia"],"articleSection":["Noticies"],"inLanguage":"ca","potentialAction":[{"@type":"CommentAction","name":"Comment","target":["https:\/\/lamostradevalencia.com\/ca\/diego-mir-firmara-el-cartell-de-la-34-mostra-de-valencia\/#respond"]}]},{"@type":"WebPage","@id":"https:\/\/lamostradevalencia.com\/ca\/diego-mir-firmara-el-cartell-de-la-34-mostra-de-valencia\/","url":"https:\/\/lamostradevalencia.com\/ca\/diego-mir-firmara-el-cartell-de-la-34-mostra-de-valencia\/","name":"Diego Mir firmar\u00e0 el cartell de la 34 Mostra de Val\u00e8ncia","isPartOf":{"@id":"https:\/\/lamostradevalencia.com\/ca\/#website"},"primaryImageOfPage":{"@id":"https:\/\/lamostradevalencia.com\/ca\/diego-mir-firmara-el-cartell-de-la-34-mostra-de-valencia\/#primaryimage"},"image":{"@id":"https:\/\/lamostradevalencia.com\/ca\/diego-mir-firmara-el-cartell-de-la-34-mostra-de-valencia\/#primaryimage"},"thumbnailUrl":"https:\/\/lamostradevalencia.com\/wp-content\/uploads\/2019\/05\/Diego-Mir.jpg","datePublished":"2019-05-28T10:59:56+00:00","dateModified":"2019-05-28T11:04:50+00:00","author":{"@id":"https:\/\/lamostradevalencia.com\/ca\/#\/schema\/person\/361c3c0dd5489e78ad78ee4f8332efac"},"breadcrumb":{"@id":"https:\/\/lamostradevalencia.com\/ca\/diego-mir-firmara-el-cartell-de-la-34-mostra-de-valencia\/#breadcrumb"},"inLanguage":"ca","potentialAction":[{"@type":"ReadAction","target":["https:\/\/lamostradevalencia.com\/ca\/diego-mir-firmara-el-cartell-de-la-34-mostra-de-valencia\/"]}]},{"@type":"ImageObject","inLanguage":"ca","@id":"https:\/\/lamostradevalencia.com\/ca\/diego-mir-firmara-el-cartell-de-la-34-mostra-de-valencia\/#primaryimage","url":"https:\/\/lamostradevalencia.com\/wp-content\/uploads\/2019\/05\/Diego-Mir.jpg","contentUrl":"https:\/\/lamostradevalencia.com\/wp-content\/uploads\/2019\/05\/Diego-Mir.jpg","width":1500,"height":1000},{"@type":"BreadcrumbList","@id":"https:\/\/lamostradevalencia.com\/ca\/diego-mir-firmara-el-cartell-de-la-34-mostra-de-valencia\/#breadcrumb","itemListElement":[{"@type":"ListItem","position":1,"name":"Portada","item":"https:\/\/lamostradevalencia.com\/ca\/"},{"@type":"ListItem","position":2,"name":"Diego Mir firmar\u00e0 el cartell de la 34 Mostra de Val\u00e8ncia"}]},{"@type":"WebSite","@id":"https:\/\/lamostradevalencia.com\/ca\/#website","url":"https:\/\/lamostradevalencia.com\/ca\/","name":"Mostra de Val\u00e8ncia","description":"Cinema del Mediterrani","potentialAction":[{"@type":"SearchAction","target":{"@type":"EntryPoint","urlTemplate":"https:\/\/lamostradevalencia.com\/ca\/?s={search_term_string}"},"query-input":{"@type":"PropertyValueSpecification","valueRequired":true,"valueName":"search_term_string"}}],"inLanguage":"ca"},{"@type":"Person","@id":"https:\/\/lamostradevalencia.com\/ca\/#\/schema\/person\/361c3c0dd5489e78ad78ee4f8332efac","name":"contenidos","image":{"@type":"ImageObject","inLanguage":"ca","@id":"https:\/\/secure.gravatar.com\/avatar\/a87eddc188a32d5a0371ff92ef616b5006a91e389296d49d081f8d424eef134c?s=96&d=mm&r=g","url":"https:\/\/secure.gravatar.com\/avatar\/a87eddc188a32d5a0371ff92ef616b5006a91e389296d49d081f8d424eef134c?s=96&d=mm&r=g","contentUrl":"https:\/\/secure.gravatar.com\/avatar\/a87eddc188a32d5a0371ff92ef616b5006a91e389296d49d081f8d424eef134c?s=96&d=mm&r=g","caption":"contenidos"}}]}},"uagb_featured_image_src":{"full":["https:\/\/lamostradevalencia.com\/wp-content\/uploads\/2019\/05\/Diego-Mir.jpg",1500,1000,false],"thumbnail":["https:\/\/lamostradevalencia.com\/wp-content\/uploads\/2019\/05\/Diego-Mir-150x150.jpg",150,150,true],"medium":["https:\/\/lamostradevalencia.com\/wp-content\/uploads\/2019\/05\/Diego-Mir-300x200.jpg",300,200,true],"medium_large":["https:\/\/lamostradevalencia.com\/wp-content\/uploads\/2019\/05\/Diego-Mir-768x512.jpg",768,512,true],"large":["https:\/\/lamostradevalencia.com\/wp-content\/uploads\/2019\/05\/Diego-Mir-1024x683.jpg",1024,683,true],"1536x1536":["https:\/\/lamostradevalencia.com\/wp-content\/uploads\/2019\/05\/Diego-Mir.jpg",1500,1000,false],"2048x2048":["https:\/\/lamostradevalencia.com\/wp-content\/uploads\/2019\/05\/Diego-Mir.jpg",1500,1000,false],"cinerama_edge_image_square":["https:\/\/lamostradevalencia.com\/wp-content\/uploads\/2019\/05\/Diego-Mir-550x550.jpg",550,550,true],"cinerama_edge_image_landscape":["https:\/\/lamostradevalencia.com\/wp-content\/uploads\/2019\/05\/Diego-Mir-1100x550.jpg",1100,550,true],"cinerama_edge_image_portrait":["https:\/\/lamostradevalencia.com\/wp-content\/uploads\/2019\/05\/Diego-Mir-550x1000.jpg",550,1000,true],"cinerama_edge_image_huge":["https:\/\/lamostradevalencia.com\/wp-content\/uploads\/2019\/05\/Diego-Mir-1100x1000.jpg",1100,1000,true],"gform-image-choice-sm":["https:\/\/lamostradevalencia.com\/wp-content\/uploads\/2019\/05\/Diego-Mir.jpg",300,200,false],"gform-image-choice-md":["https:\/\/lamostradevalencia.com\/wp-content\/uploads\/2019\/05\/Diego-Mir.jpg",400,267,false],"gform-image-choice-lg":["https:\/\/lamostradevalencia.com\/wp-content\/uploads\/2019\/05\/Diego-Mir.jpg",600,400,false]},"uagb_author_info":{"display_name":"contenidos","author_link":"https:\/\/lamostradevalencia.com\/ca\/author\/contenidos\/"},"uagb_comment_info":0,"uagb_excerpt":"La imatge de la 34a edici\u00f3 del festival Mostra de Val\u00e8ncia-Cinema del Mediterrani, la segona despr\u00e9s de la suea recuperaci\u00f3, s\u2019ha triat a trav\u00e9s d\u2019un [&hellip;]","_links":{"self":[{"href":"https:\/\/lamostradevalencia.com\/ca\/wp-json\/wp\/v2\/posts\/2807","targetHints":{"allow":["GET"]}}],"collection":[{"href":"https:\/\/lamostradevalencia.com\/ca\/wp-json\/wp\/v2\/posts"}],"about":[{"href":"https:\/\/lamostradevalencia.com\/ca\/wp-json\/wp\/v2\/types\/post"}],"author":[{"embeddable":true,"href":"https:\/\/lamostradevalencia.com\/ca\/wp-json\/wp\/v2\/users\/3"}],"replies":[{"embeddable":true,"href":"https:\/\/lamostradevalencia.com\/ca\/wp-json\/wp\/v2\/comments?post=2807"}],"version-history":[{"count":2,"href":"https:\/\/lamostradevalencia.com\/ca\/wp-json\/wp\/v2\/posts\/2807\/revisions"}],"predecessor-version":[{"id":2809,"href":"https:\/\/lamostradevalencia.com\/ca\/wp-json\/wp\/v2\/posts\/2807\/revisions\/2809"}],"wp:featuredmedia":[{"embeddable":true,"href":"https:\/\/lamostradevalencia.com\/ca\/wp-json\/wp\/v2\/media\/2792"}],"wp:attachment":[{"href":"https:\/\/lamostradevalencia.com\/ca\/wp-json\/wp\/v2\/media?parent=2807"}],"wp:term":[{"taxonomy":"category","embeddable":true,"href":"https:\/\/lamostradevalencia.com\/ca\/wp-json\/wp\/v2\/categories?post=2807"},{"taxonomy":"post_tag","embeddable":true,"href":"https:\/\/lamostradevalencia.com\/ca\/wp-json\/wp\/v2\/tags?post=2807"}],"curies":[{"name":"wp","href":"https:\/\/api.w.org\/{rel}","templated":true}]}}