{"id":2786,"date":"2019-05-09T10:38:52","date_gmt":"2019-05-09T08:38:52","guid":{"rendered":"https:\/\/lamostradevalencia.com\/crida-a-projecte-per-a-la-realitzacio-de-la-imatge-de-la-34-mostra-de-valencia-cinema-del-mediterrani\/"},"modified":"2019-05-10T10:09:15","modified_gmt":"2019-05-10T08:09:15","slug":"crida-a-projecte-per-a-la-realitzacio-de-la-imatge-de-la-34-mostra-de-valencia-cinema-del-mediterrani","status":"publish","type":"post","link":"https:\/\/lamostradevalencia.com\/ca\/crida-a-projecte-per-a-la-realitzacio-de-la-imatge-de-la-34-mostra-de-valencia-cinema-del-mediterrani\/","title":{"rendered":"Crida a projecte per a la realitzaci\u00f3 de la imatge de la 34 Mostra de Val\u00e8ncia &#8211; Cinema del Mediterrani"},"content":{"rendered":"<h3><strong>1. OBJECTE I FINALITAT DE LA CONVOCAT\u00d2RIA<\/strong><\/h3>\n<p>Mostra de Val\u00e8ncia i Iniciatives Audiovisuals, amb el suport de l\u2019Associaci\u00f3 de Dissenyadors de la Comunitat Valenciana (ADCV), de l\u2019Associaci\u00f3 Professional d\u2019Il\u00b7lustradors de Val\u00e8ncia (APIV) i de l\u2019Associaci\u00f3 d\u2019Empreses de Comunicaci\u00f3 Publicit\u00e0ria de la Comunitat Valenciana (COMUNITAD), fa una convocat\u00f2ria oberta a professionals i a empreses del sector del disseny, la il\u00b7lustraci\u00f3 i la publicitat, per a encarregar un treball consistent en la realitzaci\u00f3 del cartell de la 34\u00aa edici\u00f3 de Mostra de Val\u00e8ncia-Cinema del Mediterrani (que se celebrar\u00e0 del 24 d\u2019octubre al 3 de novembre de 2019), aix\u00ed com la seua adaptaci\u00f3 a diferents formats promocionals i al programa de m\u00e0 de la mateixa edici\u00f3. Per aix\u00f2, a trav\u00e9s d\u2019una crida a projecte se seleccionar\u00e0 la persona professional o l\u2019empresa del sector que realitzar\u00e0 els seg\u00fcents serveis:<\/p>\n<ul>\n<li>Disseny de la imatge de la 34\u00aa edici\u00f3.<\/li>\n<li>Adaptaci\u00f3 de la imatge a diferents aplicacions (arts finals), consistent en l\u2019ajust del disseny a diferents mesures que es puguen requerir i \/o a l\u2019actualitzaci\u00f3 de la informaci\u00f3 escrita o logos que acompanyen la imatge. Les adaptacions no implicaran canvis en el disseny principal, excepte en el cas de les postals, on s\u2019especifica que hi pot haver m\u00e9s d\u2019un model:\n<ul>\n<li>Mupi (3 mesures)<\/li>\n<li>Photocall (1)<\/li>\n<li>Roll-up (1)<\/li>\n<li>Lona exterior (1)<\/li>\n<li>Acreditaci\u00f3 (1)<\/li>\n<li>Targeta-invitaci\u00f3 (1)<\/li>\n<li>Abonament (1)<\/li>\n<li>Postals informatives (2-3 models)<\/li>\n<li>Cartell DIN-A3 (1)<\/li>\n<li>Vinils per a superf\u00edcies (3 mesures)<\/li>\n<li>Anuncis per a premsa escrita (10 mesures)<\/li>\n<\/ul>\n<\/li>\n<li>Maquetaci\u00f3 del programa de m\u00e0 de la 34a edici\u00f3 (100 p\u00e0gines aproximadament en mida 20cmX21cm obert, 10cmX21cm tancat). La maquetaci\u00f3 consistir\u00e0 en l\u2019adaptaci\u00f3 de la imatge a les portades del llibret i en l\u2019actualitzaci\u00f3 dels continguts program\u00e0tics de la present edici\u00f3 sobre el model ja fet de l\u2019anterior.<\/li>\n<\/ul>\n<p>Mostra de Val\u00e8ncia i Iniciatives Audiovisuals contractar\u00e0 a qui s\u2019encarregue d\u2019este servei a trav\u00e9s d\u2019un contracte menor, amb un preu de 8.000\u20ac + IVA (21%) = 9.680\u20ac. En el cas que fora necessari ampliar les prestacions del contracte, el preu final del conjunt de prestacions no superar\u00e0 en cap cas l\u2019import m\u00e0xim de la contractaci\u00f3 menor per a este tipus de serveis.<\/p>\n<h3><strong>2. REQUISITS DELS PARTICIPANTS <\/strong><\/h3>\n<p>Podr\u00e0 presentar-se a la convocat\u00f2ria qualsevol professional, empresa o uni\u00f3 d\u2019empreses del sector, amb personalitat f\u00edsica o jur\u00eddica. Al moment de formalitzar el contracte ser\u00e0 imprescindible, en tot cas, que es troben d\u2019alta en l\u2019IAE i al corrent de les obligacions pertinents de la Seguretat Social i que no estiguen incurses en alguna de les causes de prohibici\u00f3 per contractar previstes en l\u2019article 71 de la Llei 9\/2017, de 8 de novembre de Contractes del Sector P\u00fablic.<\/p>\n<h3><strong>3. FORMA I TERMINI DE PRESENTACI\u00d3 DE LES CANDIDATURES<\/strong><\/h3>\n<p>Les persones o empreses interessades a participar hauran de presentar una candidatura (inscripci\u00f3 gratu\u00efta). Per a aix\u00f2 han d\u2019enviar la seg\u00fcent documentaci\u00f3:<\/p>\n<ul>\n<li>Dossier o <em>book <\/em>de treballs, que incloga un m\u00e0xim de deu treballs espec\u00edfics realitzats per la persona o empresa que, en la mesura que siga possible, estiguen relacionats amb l\u2019objecte d\u2019este enc\u00e0rrec.<\/li>\n<li>Curr\u00edculum personal o acreditaci\u00f3 professional semblant de l\u2019empresa.<\/li>\n<\/ul>\n<p>Tota la documentaci\u00f3 s\u2019ha de presentar en format digital (PDF) i enviar-se a l\u2019adre\u00e7a electr\u00f2nica <a href=\"mailto:administracio@lamostradevalencia.com\">administracio@lamostradevalencia.com<\/a>, tot indicant en l\u2019assumpte del missatge \u2018Crida a projecte 34 Mostra de Val\u00e8ncia\u2019. La recepci\u00f3 de la documentaci\u00f3 requerida es confirmar\u00e0 mitjan\u00e7ant un rebut amb registre d\u2019entrada.<\/p>\n<p>El termini per a l\u2019enviament de candidatures comen\u00e7ar\u00e0 el 13 de maig de 2019 i finalitzar\u00e0 el 20 de maig de 2019 a les 14h.<\/p>\n<h3><strong>4. COMPOSICI\u00d3 DEL COMIT\u00c9 DE SELECCI\u00d3<\/strong><\/h3>\n<p>El comit\u00e9 de selecci\u00f3 estar\u00e0 compost per:<\/p>\n<ul>\n<li>Presid\u00e8ncia: Presidenta Executiva de Mostra de Val\u00e8ncia i Iniciatives Audiovisuals o la persona en qui delegue.<\/li>\n<li>Tres vocals professionals del disseny gr\u00e0fic, la il\u00b7lustraci\u00f3 i\/o la publicitat a proposta de l\u2019Associaci\u00f3 de Dissenyadors de la Comunitat Valenciana (ADCV), l\u2019Associaci\u00f3 Professional d\u2019Il\u00b7lustradors de Val\u00e8ncia (APIV) i l\u2019Associaci\u00f3 d\u2019Empreses de Comunicaci\u00f3 Publicit\u00e0ria de la Comunitat Valenciana (COMUNITAD).<\/li>\n<li>Dos vocals representants de Mostra de Val\u00e8ncia i Iniciatives Audiovisuals.<\/li>\n<li>Secretaria: Actuar\u00e0, amb veu per\u00f2 sense vot, la persona designada per la Secretaria General de l\u2019Ajuntament de Val\u00e8ncia.<\/li>\n<\/ul>\n<p>Cap membre del comit\u00e9 de selecci\u00f3 podr\u00e0 tindre relaci\u00f3 directa o estar involucrat amb les candidatures presentades.<\/p>\n<h3><strong>5.- ACTUACI\u00d3 DEL COMIT\u00c9 DE SELECCI\u00d3. CRITERIS D\u2019AVALUACI\u00d3. RESOLUCI\u00d3. <\/strong><\/h3>\n<p>Una vegada constitu\u00eft el comit\u00e8, s\u2019al\u00e7ar\u00e0 una acta de les seues decisions. En primer lloc, es comprovaran totes les candidatures presentades per verificar l\u2019acompliment efectiu de les condicions establertes en estes bases i, en conseq\u00fc\u00e8ncia, pronunciar-se sobre l\u2019admissi\u00f3 definitiva. A continuaci\u00f3, es resoldr\u00e0 la convocat\u00f2ria, despr\u00e9s de valorar tant la qualitat gr\u00e0fica dels dossiers dels treballs de les persones o empreses participants com el seu curr\u00edculum. De totes les candidatures el comit\u00e9 seleccionar\u00e0 aquella que considere m\u00e9s adequada i reunisca les millors qualitats per a la realitzaci\u00f3 del treball. Se seguiran els seg\u00fcents criteris:<\/p>\n<ul>\n<li>Qualitat en els treballs desenvolupats<\/li>\n<li>Originalitat i creativitat en els resultats<\/li>\n<li>Experi\u00e8ncia en projectes semblants<\/li>\n<\/ul>\n<p>Una vegada resolta la convocat\u00f2ria, el comit\u00e9 de selecci\u00f3 detallar\u00e0 a la persona professional o empresa seleccionada en una sessi\u00f3 informativa les especificacions t\u00e8cniques necess\u00e0ries per a l\u2019execuci\u00f3 del treball, aix\u00ed com les dates de lliurament de les diferents peces (de forma estimativa, el disseny principal hauria d\u2019estar enllestit i aprovat per a l\u20191 de juliol de 2019) i la forma de pagament. La resoluci\u00f3 del comit\u00e9 de selecci\u00f3 es far\u00e0 p\u00fablica en el web de Mostra de Val\u00e8ncia (www.lamostradevalencia.com), sense perju\u00ed de fer una comunicaci\u00f3 personal a qui guanye el concurs. El comit\u00e9 de selecci\u00f3 podr\u00e0 tanmateix declarar deserta la convocat\u00f2ria si ho considera oport\u00fa.<\/p>\n<h3><strong>6. PROC\u00c9S DE CONVOCAT\u00d2RIA<\/strong><\/h3>\n<ul>\n<li>Aprovades la convocat\u00f2ria i les bases que ens ocupen, es publicaran en el web de Mostra de Val\u00e8ncia.<\/li>\n<li>Les candidatures podran presentar-se des del 13 de maig de 2019 fins el 20 de maig de 2019 a les 14h.<\/li>\n<li>El Comit\u00e9 de selecci\u00f3 es reunir\u00e0 el dia 22 de maig de 2019 a les 10:30h.<\/li>\n<li>La resoluci\u00f3 del Comit\u00e9 es publicar\u00e0 entre els dies 23 i 29 de maig de 2019 en el web de Mostra de Val\u00e8ncia.<\/li>\n<\/ul>\n<p>La participaci\u00f3 en esta convocat\u00f2ria implica la plena acceptaci\u00f3 d\u2019estes bases.<\/p>\n<h3><strong>7. REQUISITS D\u2019EXECUCI\u00d3 DEL CONTRACTE<\/strong><\/h3>\n<p>Mostra de Val\u00e8ncia i Iniciatives Audiovisuals i l\u2019adjudicat\u00e0ria del contracte vetlaran perqu\u00e8 la imatge proposada complisca amb els principis establerts en la Constituci\u00f3 Espanyola; l\u2019Estatut d\u2019Autonomia de la Comunitat Valenciana; la Llei Org\u00e0nica 3\/2007, de 22 de mar\u00e7, per a la igualtat efectiva de dones i homes; la Llei de la Generalitat 9\/2003, de 2 d&#8217;abril, per a la igualtat entre dones i homes; la Llei Org\u00e0nica 1\/2004, de 28 de desembre, de mesures de protecci\u00f3 integral contra la viol\u00e8ncia de g\u00e8nere; la Llei 7\/2012, de 23 de novembre de la Generalitat, integral contra la Viol\u00e8ncia sobre la Dona en l&#8217;\u00e0mbit de la Comunitat Valenciana i la Llei 8\/2017, de 7 d&#8217;abril, integral del reconeixement del dret a la identitat i a l&#8217;expressi\u00f3 de g\u00e8nere a la Comunitat Valenciana, aix\u00ed com en el desenvolupament normatiu derivat o que pogu\u00e9s derivar d&#8217;aquestes lleis. En concret, el disseny respectar\u00e0 els principis d&#8217;igualtat de tracte, sense que puga contindre cap discriminaci\u00f3 per ra\u00f3 de sexe, origen racial o \u00e8tnic, religi\u00f3 o conviccions, discapacitat, edat, orientaci\u00f3 sexual, origen social, caracter\u00edstiques gen\u00e8tiques, llengua, opinions pol\u00edtiques o de qualsevol altre tipus, pertinen\u00e7a a una minoria nacional, patrimoni, naixement o qualsevol altra circumst\u00e0ncia personal o social. Si l&#8217;execuci\u00f3 t\u00e8cnica de la imatge requerira alguna modificaci\u00f3 per al millor compliment d&#8217;estos principis, o per a la seua millor impressi\u00f3, Mostra de Val\u00e8ncia i Iniciatives Audiovisuals podr\u00e0 imposar les variacions necess\u00e0ries, pr\u00e8via consulta amb l&#8217;autora o l&#8217;autor.<\/p>\n<p>La realitzaci\u00f3 de la imatge per a la 34 Mostra de Val\u00e8ncia-Cinema del Mediterrani comporta la cessi\u00f3 dels drets que resulten transferibles de publicaci\u00f3, reproducci\u00f3 i explotaci\u00f3 del cartell a favor de Mostra de Val\u00e8ncia i Iniciatives Audiovisuals, sense l\u00edmit geogr\u00e0fic ni temporal.<\/p>\n<p>&nbsp;<\/p>\n<p>&nbsp;<\/p>\n","protected":false},"excerpt":{"rendered":"<p>1. OBJECTE I FINALITAT DE LA CONVOCAT\u00d2RIA Mostra de Val\u00e8ncia i Iniciatives Audiovisuals, amb el suport de l\u2019Associaci\u00f3 de Dissenyadors de la Comunitat Valenciana (ADCV), [&hellip;]<\/p>\n","protected":false},"author":1,"featured_media":2771,"comment_status":"open","ping_status":"open","sticky":false,"template":"","format":"standard","meta":{"_uag_custom_page_level_css":"","_jet_sm_ready_style":"","_jet_sm_style":"","_jet_sm_controls_values":"","_jet_sm_fonts_collection":"","_jet_sm_fonts_links":"","footnotes":""},"categories":[455],"tags":[],"class_list":["post-2786","post","type-post","status-publish","format-standard","has-post-thumbnail","hentry","category-noticies"],"yoast_head":"<!-- This site is optimized with the Yoast SEO plugin v27.5 - https:\/\/yoast.com\/product\/yoast-seo-wordpress\/ -->\n<title>Crida a projecte per a la realitzaci\u00f3 de la imatge de la 34 Mostra de Val\u00e8ncia - Cinema del Mediterrani - Mostra de Val\u00e8ncia<\/title>\n<meta name=\"robots\" content=\"index, follow, max-snippet:-1, max-image-preview:large, max-video-preview:-1\" \/>\n<link rel=\"canonical\" href=\"https:\/\/lamostradevalencia.com\/ca\/crida-a-projecte-per-a-la-realitzacio-de-la-imatge-de-la-34-mostra-de-valencia-cinema-del-mediterrani\/\" \/>\n<meta property=\"og:locale\" content=\"ca_ES\" \/>\n<meta property=\"og:type\" content=\"article\" \/>\n<meta property=\"og:title\" content=\"Crida a projecte per a la realitzaci\u00f3 de la imatge de la 34 Mostra de Val\u00e8ncia - Cinema del Mediterrani - Mostra de Val\u00e8ncia\" \/>\n<meta property=\"og:description\" content=\"1. OBJECTE I FINALITAT DE LA CONVOCAT\u00d2RIA Mostra de Val\u00e8ncia i Iniciatives Audiovisuals, amb el suport de l\u2019Associaci\u00f3 de Dissenyadors de la Comunitat Valenciana (ADCV), [&hellip;]\" \/>\n<meta property=\"og:url\" content=\"https:\/\/lamostradevalencia.com\/ca\/crida-a-projecte-per-a-la-realitzacio-de-la-imatge-de-la-34-mostra-de-valencia-cinema-del-mediterrani\/\" \/>\n<meta property=\"og:site_name\" content=\"Mostra de Val\u00e8ncia\" \/>\n<meta property=\"article:published_time\" content=\"2019-05-09T08:38:52+00:00\" \/>\n<meta property=\"article:modified_time\" content=\"2019-05-10T08:09:15+00:00\" \/>\n<meta property=\"og:image\" content=\"https:\/\/lamostradevalencia.com\/wp-content\/uploads\/2019\/05\/mostra-valencia-llamada-proyecto-1.png\" \/>\n\t<meta property=\"og:image:width\" content=\"1920\" \/>\n\t<meta property=\"og:image:height\" content=\"1048\" \/>\n\t<meta property=\"og:image:type\" content=\"image\/png\" \/>\n<meta name=\"author\" content=\"Mostra de Val\u00e8ncia\" \/>\n<meta name=\"twitter:card\" content=\"summary_large_image\" \/>\n<meta name=\"twitter:label1\" content=\"Escrit per\" \/>\n\t<meta name=\"twitter:data1\" content=\"Mostra de Val\u00e8ncia\" \/>\n\t<meta name=\"twitter:label2\" content=\"Temps estimat de lectura\" \/>\n\t<meta name=\"twitter:data2\" content=\"7 minuts\" \/>\n<script type=\"application\/ld+json\" class=\"yoast-schema-graph\">{\"@context\":\"https:\\\/\\\/schema.org\",\"@graph\":[{\"@type\":\"Article\",\"@id\":\"https:\\\/\\\/lamostradevalencia.com\\\/ca\\\/crida-a-projecte-per-a-la-realitzacio-de-la-imatge-de-la-34-mostra-de-valencia-cinema-del-mediterrani\\\/#article\",\"isPartOf\":{\"@id\":\"https:\\\/\\\/lamostradevalencia.com\\\/ca\\\/crida-a-projecte-per-a-la-realitzacio-de-la-imatge-de-la-34-mostra-de-valencia-cinema-del-mediterrani\\\/\"},\"author\":{\"name\":\"Mostra de Val\u00e8ncia\",\"@id\":\"https:\\\/\\\/lamostradevalencia.com\\\/ca\\\/#\\\/schema\\\/person\\\/1dc07e4df3d6310b81d2cdf6a034070c\"},\"headline\":\"Crida a projecte per a la realitzaci\u00f3 de la imatge de la 34 Mostra de Val\u00e8ncia &#8211; Cinema del Mediterrani\",\"datePublished\":\"2019-05-09T08:38:52+00:00\",\"dateModified\":\"2019-05-10T08:09:15+00:00\",\"mainEntityOfPage\":{\"@id\":\"https:\\\/\\\/lamostradevalencia.com\\\/ca\\\/crida-a-projecte-per-a-la-realitzacio-de-la-imatge-de-la-34-mostra-de-valencia-cinema-del-mediterrani\\\/\"},\"wordCount\":1402,\"commentCount\":0,\"image\":{\"@id\":\"https:\\\/\\\/lamostradevalencia.com\\\/ca\\\/crida-a-projecte-per-a-la-realitzacio-de-la-imatge-de-la-34-mostra-de-valencia-cinema-del-mediterrani\\\/#primaryimage\"},\"thumbnailUrl\":\"https:\\\/\\\/lamostradevalencia.com\\\/wp-content\\\/uploads\\\/2019\\\/05\\\/mostra-valencia-llamada-proyecto-1.png\",\"articleSection\":[\"Noticies\"],\"inLanguage\":\"ca\",\"potentialAction\":[{\"@type\":\"CommentAction\",\"name\":\"Comment\",\"target\":[\"https:\\\/\\\/lamostradevalencia.com\\\/ca\\\/crida-a-projecte-per-a-la-realitzacio-de-la-imatge-de-la-34-mostra-de-valencia-cinema-del-mediterrani\\\/#respond\"]}]},{\"@type\":\"WebPage\",\"@id\":\"https:\\\/\\\/lamostradevalencia.com\\\/ca\\\/crida-a-projecte-per-a-la-realitzacio-de-la-imatge-de-la-34-mostra-de-valencia-cinema-del-mediterrani\\\/\",\"url\":\"https:\\\/\\\/lamostradevalencia.com\\\/ca\\\/crida-a-projecte-per-a-la-realitzacio-de-la-imatge-de-la-34-mostra-de-valencia-cinema-del-mediterrani\\\/\",\"name\":\"Crida a projecte per a la realitzaci\u00f3 de la imatge de la 34 Mostra de Val\u00e8ncia - Cinema del Mediterrani - Mostra de Val\u00e8ncia\",\"isPartOf\":{\"@id\":\"https:\\\/\\\/lamostradevalencia.com\\\/ca\\\/#website\"},\"primaryImageOfPage\":{\"@id\":\"https:\\\/\\\/lamostradevalencia.com\\\/ca\\\/crida-a-projecte-per-a-la-realitzacio-de-la-imatge-de-la-34-mostra-de-valencia-cinema-del-mediterrani\\\/#primaryimage\"},\"image\":{\"@id\":\"https:\\\/\\\/lamostradevalencia.com\\\/ca\\\/crida-a-projecte-per-a-la-realitzacio-de-la-imatge-de-la-34-mostra-de-valencia-cinema-del-mediterrani\\\/#primaryimage\"},\"thumbnailUrl\":\"https:\\\/\\\/lamostradevalencia.com\\\/wp-content\\\/uploads\\\/2019\\\/05\\\/mostra-valencia-llamada-proyecto-1.png\",\"datePublished\":\"2019-05-09T08:38:52+00:00\",\"dateModified\":\"2019-05-10T08:09:15+00:00\",\"author\":{\"@id\":\"https:\\\/\\\/lamostradevalencia.com\\\/ca\\\/#\\\/schema\\\/person\\\/1dc07e4df3d6310b81d2cdf6a034070c\"},\"breadcrumb\":{\"@id\":\"https:\\\/\\\/lamostradevalencia.com\\\/ca\\\/crida-a-projecte-per-a-la-realitzacio-de-la-imatge-de-la-34-mostra-de-valencia-cinema-del-mediterrani\\\/#breadcrumb\"},\"inLanguage\":\"ca\",\"potentialAction\":[{\"@type\":\"ReadAction\",\"target\":[\"https:\\\/\\\/lamostradevalencia.com\\\/ca\\\/crida-a-projecte-per-a-la-realitzacio-de-la-imatge-de-la-34-mostra-de-valencia-cinema-del-mediterrani\\\/\"]}]},{\"@type\":\"ImageObject\",\"inLanguage\":\"ca\",\"@id\":\"https:\\\/\\\/lamostradevalencia.com\\\/ca\\\/crida-a-projecte-per-a-la-realitzacio-de-la-imatge-de-la-34-mostra-de-valencia-cinema-del-mediterrani\\\/#primaryimage\",\"url\":\"https:\\\/\\\/lamostradevalencia.com\\\/wp-content\\\/uploads\\\/2019\\\/05\\\/mostra-valencia-llamada-proyecto-1.png\",\"contentUrl\":\"https:\\\/\\\/lamostradevalencia.com\\\/wp-content\\\/uploads\\\/2019\\\/05\\\/mostra-valencia-llamada-proyecto-1.png\",\"width\":1920,\"height\":1048},{\"@type\":\"BreadcrumbList\",\"@id\":\"https:\\\/\\\/lamostradevalencia.com\\\/ca\\\/crida-a-projecte-per-a-la-realitzacio-de-la-imatge-de-la-34-mostra-de-valencia-cinema-del-mediterrani\\\/#breadcrumb\",\"itemListElement\":[{\"@type\":\"ListItem\",\"position\":1,\"name\":\"Portada\",\"item\":\"https:\\\/\\\/lamostradevalencia.com\\\/ca\\\/\"},{\"@type\":\"ListItem\",\"position\":2,\"name\":\"Crida a projecte per a la realitzaci\u00f3 de la imatge de la 34 Mostra de Val\u00e8ncia &#8211; Cinema del Mediterrani\"}]},{\"@type\":\"WebSite\",\"@id\":\"https:\\\/\\\/lamostradevalencia.com\\\/ca\\\/#website\",\"url\":\"https:\\\/\\\/lamostradevalencia.com\\\/ca\\\/\",\"name\":\"Mostra de Val\u00e8ncia\",\"description\":\"Cinema del Mediterrani\",\"potentialAction\":[{\"@type\":\"SearchAction\",\"target\":{\"@type\":\"EntryPoint\",\"urlTemplate\":\"https:\\\/\\\/lamostradevalencia.com\\\/ca\\\/?s={search_term_string}\"},\"query-input\":{\"@type\":\"PropertyValueSpecification\",\"valueRequired\":true,\"valueName\":\"search_term_string\"}}],\"inLanguage\":\"ca\"},{\"@type\":\"Person\",\"@id\":\"https:\\\/\\\/lamostradevalencia.com\\\/ca\\\/#\\\/schema\\\/person\\\/1dc07e4df3d6310b81d2cdf6a034070c\",\"name\":\"Mostra de Val\u00e8ncia\",\"image\":{\"@type\":\"ImageObject\",\"inLanguage\":\"ca\",\"@id\":\"https:\\\/\\\/secure.gravatar.com\\\/avatar\\\/ada4dfd699a9907706987adb1bb2b361c2613ccca474b49b8c648de5208e32f8?s=96&d=mm&r=g\",\"url\":\"https:\\\/\\\/secure.gravatar.com\\\/avatar\\\/ada4dfd699a9907706987adb1bb2b361c2613ccca474b49b8c648de5208e32f8?s=96&d=mm&r=g\",\"contentUrl\":\"https:\\\/\\\/secure.gravatar.com\\\/avatar\\\/ada4dfd699a9907706987adb1bb2b361c2613ccca474b49b8c648de5208e32f8?s=96&d=mm&r=g\",\"caption\":\"Mostra de Val\u00e8ncia\"}}]}<\/script>\n<!-- \/ Yoast SEO plugin. -->","yoast_head_json":{"title":"Crida a projecte per a la realitzaci\u00f3 de la imatge de la 34 Mostra de Val\u00e8ncia - Cinema del Mediterrani - Mostra de Val\u00e8ncia","robots":{"index":"index","follow":"follow","max-snippet":"max-snippet:-1","max-image-preview":"max-image-preview:large","max-video-preview":"max-video-preview:-1"},"canonical":"https:\/\/lamostradevalencia.com\/ca\/crida-a-projecte-per-a-la-realitzacio-de-la-imatge-de-la-34-mostra-de-valencia-cinema-del-mediterrani\/","og_locale":"ca_ES","og_type":"article","og_title":"Crida a projecte per a la realitzaci\u00f3 de la imatge de la 34 Mostra de Val\u00e8ncia - Cinema del Mediterrani - Mostra de Val\u00e8ncia","og_description":"1. OBJECTE I FINALITAT DE LA CONVOCAT\u00d2RIA Mostra de Val\u00e8ncia i Iniciatives Audiovisuals, amb el suport de l\u2019Associaci\u00f3 de Dissenyadors de la Comunitat Valenciana (ADCV), [&hellip;]","og_url":"https:\/\/lamostradevalencia.com\/ca\/crida-a-projecte-per-a-la-realitzacio-de-la-imatge-de-la-34-mostra-de-valencia-cinema-del-mediterrani\/","og_site_name":"Mostra de Val\u00e8ncia","article_published_time":"2019-05-09T08:38:52+00:00","article_modified_time":"2019-05-10T08:09:15+00:00","og_image":[{"width":1920,"height":1048,"url":"https:\/\/lamostradevalencia.com\/wp-content\/uploads\/2019\/05\/mostra-valencia-llamada-proyecto-1.png","type":"image\/png"}],"author":"Mostra de Val\u00e8ncia","twitter_card":"summary_large_image","twitter_misc":{"Escrit per":"Mostra de Val\u00e8ncia","Temps estimat de lectura":"7 minuts"},"schema":{"@context":"https:\/\/schema.org","@graph":[{"@type":"Article","@id":"https:\/\/lamostradevalencia.com\/ca\/crida-a-projecte-per-a-la-realitzacio-de-la-imatge-de-la-34-mostra-de-valencia-cinema-del-mediterrani\/#article","isPartOf":{"@id":"https:\/\/lamostradevalencia.com\/ca\/crida-a-projecte-per-a-la-realitzacio-de-la-imatge-de-la-34-mostra-de-valencia-cinema-del-mediterrani\/"},"author":{"name":"Mostra de Val\u00e8ncia","@id":"https:\/\/lamostradevalencia.com\/ca\/#\/schema\/person\/1dc07e4df3d6310b81d2cdf6a034070c"},"headline":"Crida a projecte per a la realitzaci\u00f3 de la imatge de la 34 Mostra de Val\u00e8ncia &#8211; Cinema del Mediterrani","datePublished":"2019-05-09T08:38:52+00:00","dateModified":"2019-05-10T08:09:15+00:00","mainEntityOfPage":{"@id":"https:\/\/lamostradevalencia.com\/ca\/crida-a-projecte-per-a-la-realitzacio-de-la-imatge-de-la-34-mostra-de-valencia-cinema-del-mediterrani\/"},"wordCount":1402,"commentCount":0,"image":{"@id":"https:\/\/lamostradevalencia.com\/ca\/crida-a-projecte-per-a-la-realitzacio-de-la-imatge-de-la-34-mostra-de-valencia-cinema-del-mediterrani\/#primaryimage"},"thumbnailUrl":"https:\/\/lamostradevalencia.com\/wp-content\/uploads\/2019\/05\/mostra-valencia-llamada-proyecto-1.png","articleSection":["Noticies"],"inLanguage":"ca","potentialAction":[{"@type":"CommentAction","name":"Comment","target":["https:\/\/lamostradevalencia.com\/ca\/crida-a-projecte-per-a-la-realitzacio-de-la-imatge-de-la-34-mostra-de-valencia-cinema-del-mediterrani\/#respond"]}]},{"@type":"WebPage","@id":"https:\/\/lamostradevalencia.com\/ca\/crida-a-projecte-per-a-la-realitzacio-de-la-imatge-de-la-34-mostra-de-valencia-cinema-del-mediterrani\/","url":"https:\/\/lamostradevalencia.com\/ca\/crida-a-projecte-per-a-la-realitzacio-de-la-imatge-de-la-34-mostra-de-valencia-cinema-del-mediterrani\/","name":"Crida a projecte per a la realitzaci\u00f3 de la imatge de la 34 Mostra de Val\u00e8ncia - Cinema del Mediterrani - Mostra de Val\u00e8ncia","isPartOf":{"@id":"https:\/\/lamostradevalencia.com\/ca\/#website"},"primaryImageOfPage":{"@id":"https:\/\/lamostradevalencia.com\/ca\/crida-a-projecte-per-a-la-realitzacio-de-la-imatge-de-la-34-mostra-de-valencia-cinema-del-mediterrani\/#primaryimage"},"image":{"@id":"https:\/\/lamostradevalencia.com\/ca\/crida-a-projecte-per-a-la-realitzacio-de-la-imatge-de-la-34-mostra-de-valencia-cinema-del-mediterrani\/#primaryimage"},"thumbnailUrl":"https:\/\/lamostradevalencia.com\/wp-content\/uploads\/2019\/05\/mostra-valencia-llamada-proyecto-1.png","datePublished":"2019-05-09T08:38:52+00:00","dateModified":"2019-05-10T08:09:15+00:00","author":{"@id":"https:\/\/lamostradevalencia.com\/ca\/#\/schema\/person\/1dc07e4df3d6310b81d2cdf6a034070c"},"breadcrumb":{"@id":"https:\/\/lamostradevalencia.com\/ca\/crida-a-projecte-per-a-la-realitzacio-de-la-imatge-de-la-34-mostra-de-valencia-cinema-del-mediterrani\/#breadcrumb"},"inLanguage":"ca","potentialAction":[{"@type":"ReadAction","target":["https:\/\/lamostradevalencia.com\/ca\/crida-a-projecte-per-a-la-realitzacio-de-la-imatge-de-la-34-mostra-de-valencia-cinema-del-mediterrani\/"]}]},{"@type":"ImageObject","inLanguage":"ca","@id":"https:\/\/lamostradevalencia.com\/ca\/crida-a-projecte-per-a-la-realitzacio-de-la-imatge-de-la-34-mostra-de-valencia-cinema-del-mediterrani\/#primaryimage","url":"https:\/\/lamostradevalencia.com\/wp-content\/uploads\/2019\/05\/mostra-valencia-llamada-proyecto-1.png","contentUrl":"https:\/\/lamostradevalencia.com\/wp-content\/uploads\/2019\/05\/mostra-valencia-llamada-proyecto-1.png","width":1920,"height":1048},{"@type":"BreadcrumbList","@id":"https:\/\/lamostradevalencia.com\/ca\/crida-a-projecte-per-a-la-realitzacio-de-la-imatge-de-la-34-mostra-de-valencia-cinema-del-mediterrani\/#breadcrumb","itemListElement":[{"@type":"ListItem","position":1,"name":"Portada","item":"https:\/\/lamostradevalencia.com\/ca\/"},{"@type":"ListItem","position":2,"name":"Crida a projecte per a la realitzaci\u00f3 de la imatge de la 34 Mostra de Val\u00e8ncia &#8211; Cinema del Mediterrani"}]},{"@type":"WebSite","@id":"https:\/\/lamostradevalencia.com\/ca\/#website","url":"https:\/\/lamostradevalencia.com\/ca\/","name":"Mostra de Val\u00e8ncia","description":"Cinema del Mediterrani","potentialAction":[{"@type":"SearchAction","target":{"@type":"EntryPoint","urlTemplate":"https:\/\/lamostradevalencia.com\/ca\/?s={search_term_string}"},"query-input":{"@type":"PropertyValueSpecification","valueRequired":true,"valueName":"search_term_string"}}],"inLanguage":"ca"},{"@type":"Person","@id":"https:\/\/lamostradevalencia.com\/ca\/#\/schema\/person\/1dc07e4df3d6310b81d2cdf6a034070c","name":"Mostra de Val\u00e8ncia","image":{"@type":"ImageObject","inLanguage":"ca","@id":"https:\/\/secure.gravatar.com\/avatar\/ada4dfd699a9907706987adb1bb2b361c2613ccca474b49b8c648de5208e32f8?s=96&d=mm&r=g","url":"https:\/\/secure.gravatar.com\/avatar\/ada4dfd699a9907706987adb1bb2b361c2613ccca474b49b8c648de5208e32f8?s=96&d=mm&r=g","contentUrl":"https:\/\/secure.gravatar.com\/avatar\/ada4dfd699a9907706987adb1bb2b361c2613ccca474b49b8c648de5208e32f8?s=96&d=mm&r=g","caption":"Mostra de Val\u00e8ncia"}}]}},"uagb_featured_image_src":{"full":["https:\/\/lamostradevalencia.com\/wp-content\/uploads\/2019\/05\/mostra-valencia-llamada-proyecto-1.png",1920,1048,false],"thumbnail":["https:\/\/lamostradevalencia.com\/wp-content\/uploads\/2019\/05\/mostra-valencia-llamada-proyecto-1-150x150.png",150,150,true],"medium":["https:\/\/lamostradevalencia.com\/wp-content\/uploads\/2019\/05\/mostra-valencia-llamada-proyecto-1-300x164.png",300,164,true],"medium_large":["https:\/\/lamostradevalencia.com\/wp-content\/uploads\/2019\/05\/mostra-valencia-llamada-proyecto-1-768x419.png",768,419,true],"large":["https:\/\/lamostradevalencia.com\/wp-content\/uploads\/2019\/05\/mostra-valencia-llamada-proyecto-1-1024x559.png",1024,559,true],"1536x1536":["https:\/\/lamostradevalencia.com\/wp-content\/uploads\/2019\/05\/mostra-valencia-llamada-proyecto-1.png",1536,838,false],"2048x2048":["https:\/\/lamostradevalencia.com\/wp-content\/uploads\/2019\/05\/mostra-valencia-llamada-proyecto-1.png",1920,1048,false],"cinerama_edge_image_square":["https:\/\/lamostradevalencia.com\/wp-content\/uploads\/2019\/05\/mostra-valencia-llamada-proyecto-1-550x550.png",550,550,true],"cinerama_edge_image_landscape":["https:\/\/lamostradevalencia.com\/wp-content\/uploads\/2019\/05\/mostra-valencia-llamada-proyecto-1-1100x550.png",1100,550,true],"cinerama_edge_image_portrait":["https:\/\/lamostradevalencia.com\/wp-content\/uploads\/2019\/05\/mostra-valencia-llamada-proyecto-1-550x1048.png",550,1048,true],"cinerama_edge_image_huge":["https:\/\/lamostradevalencia.com\/wp-content\/uploads\/2019\/05\/mostra-valencia-llamada-proyecto-1-1100x1048.png",1100,1048,true],"gform-image-choice-sm":["https:\/\/lamostradevalencia.com\/wp-content\/uploads\/2019\/05\/mostra-valencia-llamada-proyecto-1.png",300,164,false],"gform-image-choice-md":["https:\/\/lamostradevalencia.com\/wp-content\/uploads\/2019\/05\/mostra-valencia-llamada-proyecto-1.png",400,218,false],"gform-image-choice-lg":["https:\/\/lamostradevalencia.com\/wp-content\/uploads\/2019\/05\/mostra-valencia-llamada-proyecto-1.png",600,328,false]},"uagb_author_info":{"display_name":"Mostra de Val\u00e8ncia","author_link":"https:\/\/lamostradevalencia.com\/ca\/author\/mostravalencia\/"},"uagb_comment_info":0,"uagb_excerpt":"1. OBJECTE I FINALITAT DE LA CONVOCAT\u00d2RIA Mostra de Val\u00e8ncia i Iniciatives Audiovisuals, amb el suport de l\u2019Associaci\u00f3 de Dissenyadors de la Comunitat Valenciana (ADCV), [&hellip;]","_links":{"self":[{"href":"https:\/\/lamostradevalencia.com\/ca\/wp-json\/wp\/v2\/posts\/2786","targetHints":{"allow":["GET"]}}],"collection":[{"href":"https:\/\/lamostradevalencia.com\/ca\/wp-json\/wp\/v2\/posts"}],"about":[{"href":"https:\/\/lamostradevalencia.com\/ca\/wp-json\/wp\/v2\/types\/post"}],"author":[{"embeddable":true,"href":"https:\/\/lamostradevalencia.com\/ca\/wp-json\/wp\/v2\/users\/1"}],"replies":[{"embeddable":true,"href":"https:\/\/lamostradevalencia.com\/ca\/wp-json\/wp\/v2\/comments?post=2786"}],"version-history":[{"count":1,"href":"https:\/\/lamostradevalencia.com\/ca\/wp-json\/wp\/v2\/posts\/2786\/revisions"}],"predecessor-version":[{"id":2788,"href":"https:\/\/lamostradevalencia.com\/ca\/wp-json\/wp\/v2\/posts\/2786\/revisions\/2788"}],"wp:featuredmedia":[{"embeddable":true,"href":"https:\/\/lamostradevalencia.com\/ca\/wp-json\/wp\/v2\/media\/2771"}],"wp:attachment":[{"href":"https:\/\/lamostradevalencia.com\/ca\/wp-json\/wp\/v2\/media?parent=2786"}],"wp:term":[{"taxonomy":"category","embeddable":true,"href":"https:\/\/lamostradevalencia.com\/ca\/wp-json\/wp\/v2\/categories?post=2786"},{"taxonomy":"post_tag","embeddable":true,"href":"https:\/\/lamostradevalencia.com\/ca\/wp-json\/wp\/v2\/tags?post=2786"}],"curies":[{"name":"wp","href":"https:\/\/api.w.org\/{rel}","templated":true}]}}