{"id":27144,"date":"2025-10-01T10:45:37","date_gmt":"2025-10-01T08:45:37","guid":{"rendered":"https:\/\/lamostradevalencia.com\/?p=27144"},"modified":"2025-10-01T11:05:16","modified_gmt":"2025-10-01T09:05:16","slug":"els-formats-hibrids-i-les-veus-femenines-dominen-la-seccio-oficial-de-la-40a-mostra-de-valencia","status":"publish","type":"post","link":"https:\/\/lamostradevalencia.com\/ca\/els-formats-hibrids-i-les-veus-femenines-dominen-la-seccio-oficial-de-la-40a-mostra-de-valencia\/","title":{"rendered":"Els formats h\u00edbrids i les veus femenines dominen la Secci\u00f3 Oficial de la 40a Mostra de Val\u00e8ncia"},"content":{"rendered":"<h5><i><span style=\"font-weight: 400;\">Competiran per la Palmera d&#8217;Or dos produccions espanyoles: <\/span><\/i><em><span style=\"font-weight: 400;\">\u2018Mariscal. La alegr\u00eda de vivir\u2019<\/span><\/em><i><span style=\"font-weight: 400;\"><em>,<\/em> de Laura Grande, i \u2018Pizza fritta\u2019, de Domingo de Luis<\/span><\/i><\/h5>\n<p><span style=\"font-weight: 400;\">\u00a0La Mostra de Val\u00e8ncia-Cinema del Mediterrani ha revelat els 13 llargmetratges que formaran part de la Secci\u00f3 Oficial de la seua 40a edici\u00f3, que se celebrar\u00e0 del 23 d\u2019octubre al 2 de novembre, amb projeccions a concurs als <\/span><b>Cines Babel<\/b><span style=\"font-weight: 400;\">. El festival, organitzat pel Palau de la M\u00fasica, comptar\u00e0 amb una important representaci\u00f3 de veus autorals femenines: <\/span><b>G\u00f6zde Kural, Yomna Khattab, Erige Sehiri, Laura Grande i Gaya Jiji.<\/b><span style=\"font-weight: 400;\"> La selecci\u00f3 representa un variat mosaic de distints pa\u00efsos de l\u2019arc mediterrani: <\/span><b>Gr\u00e8cia, Egipte, Turquia, Ar\u00e0bia Saudita, Tun\u00edsia, It\u00e0lia, Fran\u00e7a, Portugal i Espanya, totes elles viuran el seu estrena a Espanya durant la competici\u00f3.<\/b><\/p>\n<p><span style=\"font-weight: 400;\">Precisament, des del nostre pa\u00eds venen dos t\u00edtols: el documental \u2018Mariscal. La alegr\u00eda de vivir\u2019, de la valenciana Laura Grande, que analitza les \u00faltimes d\u00e8cades del nostre pa\u00eds alhora que la vida del conegut artista; i \u2018Pizza fritta\u2019, de Domingo de Luis, una coproducci\u00f3 amb It\u00e0lia a mig cam\u00ed entre el documental i la ficci\u00f3. Les propostes h\u00edbrides s\u00f3n un segell diferenciador d\u2019esta Secci\u00f3 Oficial, com demostra la pres\u00e8ncia d\u2019 \u2018Orfeo\u2019, de Virgilio Villoresi, que mescla imatge real i animaci\u00f3.<\/span><\/p>\n<p><span style=\"font-weight: 400;\">Estos llargmetratges competiran per la <\/span><b>Palmera d\u2019Or<\/b><span style=\"font-weight: 400;\">, <\/span><b>dotada amb 30.000 \u20ac a la producci\u00f3, a m\u00e9s de 15.000 \u20ac addicionals per a la distribu\u00efdora que estrene la pel\u00b7l\u00edcula a Espanya.<\/b><span style=\"font-weight: 400;\"> Aix\u00ed mateix, el certamen atorgar\u00e0 un premi de 20.000 euros a la <\/span><b>Palmera de Plata-Premi Especial del Jurat<\/b><span style=\"font-weight: 400;\">. Els encarregats d\u2019atorgar-los seran: l\u2019actriu valenciana <\/span><b>Gloria March<\/b><span style=\"font-weight: 400;\">, a qui hem pogut veure en films com \u2018Kepler Sexto B\u2019 (2023), \u2018La mort de Guillem\u2019 (2021), i \u2018La boda de Rosa\u2019 (2019), que actuar\u00e0 com a presidenta del jurat; la directora, productora i guionista grega <\/span><b>Evi Kalogiropoulou<\/b><span style=\"font-weight: 400;\"> \u2014que enguany ha collit nombrosos premis en festivals internacionals amb \u2018Gorgon\u00e0\u2019, una hist\u00f2ria dist\u00f2pica d\u2019empoderament femen\u00ed\u2014, i la gestora cultural eg\u00edpcia <\/span><b>Sara Nour<\/b><span style=\"font-weight: 400;\">, coordinadora executiva de Cairo Industry Days del Festival Internacional del Caire, entre altres.<\/span><\/p>\n<h4><b>T\u00edtols de la Secci\u00f3 Oficial de la 40\u00aa Mostra de Val\u00e8ncia<\/b><\/h4>\n<p><b>\u2018Broken Vein\u2019, de Yannis Economides (Gr\u00e8cia)<\/b><\/p>\n<p><span style=\"font-weight: 400;\">El grec, d\u2019origen xipriota, Yannis Economides, torna a la direcci\u00f3 amb esta cinta, despr\u00e9s de t\u00edtols de recorregut internacional, com \u2018Stratos\u2019<\/span><i><span style=\"font-weight: 400;\"> (2014) o <\/span><\/i><span style=\"font-weight: 400;\">\u2018Ballad for a Pierced Heart\u2019 (2020). Torna tamb\u00e9 a la trag\u00e8dia grega per a actualitzar conceptes com l\u2019\u201cethos\u201d, l\u2019arrog\u00e0ncia, el dest\u00ed, la vergonya, la desimod\u00e8stia i el crim voluntari i involuntari. La cinta ens porta rere les passes d\u2019un home de negocis, qui, per a evitar que la seua casa caiga en les urpes d\u2019un prestador usurer, idear\u00e0 un pla aparentment impecable, la seq\u00fc\u00e8ncia d\u2019esdeveniments del qual conduir\u00e0 a una trag\u00e8dia familiar impensable.<\/span><\/p>\n<p><b>\u2018Aisha Can&#8217;t Fly Away\u2019, de Morad Mostafa (Egipte)<\/b><\/p>\n<p><span style=\"font-weight: 400;\">Provinent de la secci\u00f3 Un Certain Regard del Festival de Cannes 2025. El cineasta Morad Mostafa ens t\u00e9 acostumats a reflectir en el seu cinema els problemes de l\u2019Egipte contemporani, especialment la lluita de les dones i dels refugiats. La hist\u00f2ria se centra en Aisha, una cuidadora sudanesa de 26 anys que viu al cor del Caire. All\u00ed, \u00e9s testimoni de la tensi\u00f3 constant entre migrants africans i colles locals. Aisha lluita per sobreposar-se a les seues pors i derrotes. Els seus somnis comencen a confondre\u2019s amb la realitat, portant-la a un punt sense eixida.<\/span><\/p>\n<p><b>\u2018The Flying Meatball Maker\u2019, de Rezan Ye\u015filba\u015f (Turquia)<\/b><\/p>\n<p><span style=\"font-weight: 400;\">La cinta va suposar el premi al millor actor del passat Festival d\u2019Istanbul per a Nazmi Kirik. En ella, Kadir, cuiner de mandonguilles, pare de tres fills i originari de Diyarbak\u0131r, est\u00e0 decidit a volar i no permetr\u00e0 que la tradici\u00f3, la seua fam\u00edlia ni l\u2019estat li ho impedisquen. Perqu\u00e8, encara que pague el preu de la llibertat, el que importa \u00e9s mantindre l\u2019esperan\u00e7a contra vent i marea.<\/span><\/p>\n<p><b>\u2018Cinema Jazireh\u2019, de G\u00f6zde Kural (Turquia)<\/b><\/p>\n<p><span style=\"font-weight: 400;\">Va competir en la passada edici\u00f3 de Karlovy Vary amb esta la seua segona pel\u00b7l\u00edcula. Va debutar amb \u2018Dust\u2019, que va ser rodada a l\u2019Afganistan. En este film se centra en Leila, que, despr\u00e9s de sobreviure a la massacre de la seua fam\u00edlia, t\u00e9 un objectiu: trobar el seu fill Omid. Per\u00f2 a l\u2019Afganistan, ser dona significa ser menys que res. Decideix canviar d\u2019identitat i empr\u00e9n un cam\u00ed on la m\u00e9s m\u00ednima vacil\u00b7laci\u00f3 pot significar la mort.<\/span><\/p>\n<p><b>\u201850 Meters\u2019, de Yomna Khattab (Egipte, Ar\u00e0bia Saudita)<\/b><\/p>\n<p><span style=\"font-weight: 400;\">Amb gran experi\u00e8ncia com a guionista i realitzadora tant en el cinema com en la ficci\u00f3 televisiva eg\u00edpcia, esta directora decidix ac\u00ed enfocar la seua c\u00e0mera cap al seu distant pare i utilitza els elements cinematogr\u00e0fics que revela per a acostar-se a ell. Mitjan\u00e7ant l\u2019escriptura d\u2019escenes de ficci\u00f3 i la redacci\u00f3 de veus en off, Yomna aconseguix trencar el clos del seu pare i compartir amb ell les seues preguntes existencials.<\/span><\/p>\n<p><b>\u2018Promised Sky\u2019, de Erige Sehiri (Tun\u00edsia)<\/b><\/p>\n<p><span style=\"font-weight: 400;\">Va competir tamb\u00e9 en Un Certain Regard<\/span> <span style=\"font-weight: 400;\">del Festival de Cannes 2025, i torna despr\u00e9s de la seua aclamada primera cinta \u2018Entre las higueras\u2019 que tamb\u00e9 va passar per la Mostra en 2022 i va obtindre el guard\u00f3 a la millor m\u00fasica per a Amin Bouhafa. Planteja una reflexi\u00f3 sobre el racisme, els problemes d\u2019integraci\u00f3 i la burocr\u00e0cia que han de gestionar les dones subsaharianes en la resid\u00e8ncia a Tun\u00edsia. Segona pel\u00b7l\u00edcula de ficci\u00f3 de Sehiri, que primer va ser periodista i despr\u00e9s va donar els seus primers passos en el documental, centrada en les vides de tres companyes de pis de diferents generacions i la xiqueta \u00f2rfena a la qual acullen.<\/span><\/p>\n<p><b>\u2018Mom&#8217;s Pale Flowers\u2019, d\u2019Ali Cabbar (Fran\u00e7a, Turquia)<\/b><\/p>\n<p><span style=\"font-weight: 400;\">Primer llargmetratge d\u2019este reconegut curtmetratgista turc. Un any despr\u00e9s de la mort del seu pare, Bahad\u0131r, un artista amb dificultats que viu a Istanbul, torna al poble durant una setmana per a ajudar la seua mare amb la verema. Per\u00f2 el que troba \u00e9s una zona silenciosament abandonada a la vora d\u2019una crisi clim\u00e0tica. Amb el llegat familiar desmoronant-se davant dels seus ulls, Bahad\u0131r ha de prendre una decisi\u00f3: vendre la terra i deixar arrere el passat, o aferra-se a les seues arrels i treballar per a reparar el que queda.<\/span><\/p>\n<p><b>\u2018Mariscal. La alegr\u00eda de vivir\u2019, de Laura Grande (Espanya)<\/b><\/p>\n<p><span style=\"font-weight: 400;\">Periodista, guionista, productora i directora. Laura Grande ha presentat programes en directe en la televisi\u00f3 auton\u00f2mica valenciana durant m\u00e9s de 10 anys. Es va estrenar en la direcci\u00f3 de cinema el 2023 amb el documental \u2018Montesinos. Las otras caras del mito\u2019<\/span><i><span style=\"font-weight: 400;\">.<\/span><\/i><span style=\"font-weight: 400;\"> En este cas aborda la vida i obra de Mariscal, la hist\u00f2ria d\u2019un home que va conquistar el m\u00f3n i va haver de perdre-ho tot per a retrobar-se a si mateix. Al mateix temps \u00e9s el retrat de tota una era: el pas de la dictadura a la democr\u00e0cia; el naixement del c\u00f2mic underground; el boom del disseny a Espanya; els miraculosos anys 90\u2026<\/span><\/p>\n<p><b>\u2018Pizza fritta\u2019, de Domingo de Luis (It\u00e0lia, Espanya)<\/b><\/p>\n<p><span style=\"font-weight: 400;\">Es tracta del primer llargmetratge de Domingo de Luis. Rodat a N\u00e0pols, transita entre la ficci\u00f3 i el documental. Transcorre en la Sanit\u00e0, un barri popular napolit\u00e0 estigmatitzat per la Camorra. Carlo, un jove director i actor que ha crescut als seus carrers, vol crear un espectacle en qu\u00e8 donar veu a la gent del barri mitjan\u00e7ant les nombroses receptes que conformen la gastronomia napolitana. En la seua cerca, troba Ivan, un xiquet que somia amb ser el millor xef de N\u00e0pols. Carlo no dubtar\u00e0 a incorporar-lo a l\u2019espectacle.<\/span><\/p>\n<p><b>\u2018A Second Life\u2019, de Laurent Slama (Fran\u00e7a)<\/b><\/p>\n<p><span style=\"font-weight: 400;\">Director autodidacta, va estrenar les seues dos anteriors cintes sota el pseud\u00f2nim d\u2019Elisabeth Vogler, nom que va prendre prestat de \u2018Persona\u2019<\/span><i><span style=\"font-weight: 400;\">,<\/span><\/i><span style=\"font-weight: 400;\"> d\u2019Ingmar Bergman. Va concursar amb esta cinta en la passada edici\u00f3 de Tribeca. La trama arranca el 26 de juliol de 2024, dia de la cerim\u00f2nia d\u2019obertura dels Jocs Ol\u00edmpics. Elisabeth, una jove amb discapacitat auditiva, es debat entre la depressi\u00f3 i la pressi\u00f3 de gestionar lloguers a curt termini en un Par\u00eds agitat. L\u2019arribada d\u2019Elijah, un californi\u00e0 radiant i despreocupat, altera el seu fr\u00e0gil equilibri.<\/span><\/p>\n<p><b>\u2018Orfeo\u2019, de Virgilio Villoresi (It\u00e0lia)<\/b><\/p>\n<p><span style=\"font-weight: 400;\">Virgilio Villoresi \u00e9s un director i artista visual que fusiona cinema, animaci\u00f3 i artesania en un llenguatge personal i distintiu. La seua obra es basa en un profund di\u00e0leg amb l\u2019avantguarda hist\u00f2rica, el cinema experimental i l\u2019animaci\u00f3 d\u2019autor, amb refer\u00e8ncies des de Maya Deren fins a Kenneth Anger, Patrick Bokanowski, Jan Lenica, Jean Cocteau i Paolo Gioli. En <\/span><i><span style=\"font-weight: 400;\">\u2018<\/span><\/i><span style=\"font-weight: 400;\">Orfeo<\/span><i><span style=\"font-weight: 400;\">\u2019<\/span><\/i><span style=\"font-weight: 400;\">, un pianista s\u2019enamora d\u2019una misteriosa dona que desapareix en un regne sobrenatural. Seguint-la a trav\u00e9s d\u2019una porta, es troba amb \u00e9ssers fant\u00e0stics i ha de rec\u00f3rrer un m\u00f3n on\u00edric per a trobar-la, guiat per la m\u00fasica i els records.<\/span><\/p>\n<p><b>\u2018Piece of a Foreign Life\u2019, de Gaya Jiji (Fran\u00e7a)<\/b><\/p>\n<p><span style=\"font-weight: 400;\">La directora siriana, establida a Fran\u00e7a, aborda precisament la hist\u00f2ria d\u2019una dona que fuig de S\u00edria, devastada per la guerra, deixant arrere la seua fam\u00edlia. En buscar asil a Bordeus, coneix un advocat franc\u00e9s que l\u2019ajuda a reconstruir la seua vida. Sorgeix una relaci\u00f3 inesperada entre ells mentre ella lluita per reubicar-se.<\/span><\/p>\n<p><b>\u2018Primeira pessoa do plural\u2019, de Sandro Aguilar (Portugal)<\/b><\/p>\n<p><span style=\"font-weight: 400;\">La pel\u00b7l\u00edcula, que va concursar en la passada edici\u00f3 del Festival de Rotterdam, aborda com l\u2019escapada tropical d\u2019una parella per a celebrar el seu 20\u00e9 aniversari dona un gir inquietant quan els efectes secundaris d\u2019una vacuna provoquen s\u00edmptomes estranys. Mentre es preparen per a deixar arrere el seu fill, es crea una atmosfera inquietant que amena\u00e7a les seues relacions.<\/span><\/p>\n","protected":false},"excerpt":{"rendered":"<p>Competiran per la Palmera d&#8217;Or dos produccions espanyoles: \u2018Mariscal. La alegr\u00eda de vivir\u2019, de Laura Grande, i \u2018Pizza fritta\u2019, de Domingo de Luis \u00a0La Mostra [&hellip;]<\/p>\n","protected":false},"author":3,"featured_media":27141,"comment_status":"open","ping_status":"open","sticky":false,"template":"","format":"standard","meta":{"_uag_custom_page_level_css":"","_jet_sm_ready_style":"","_jet_sm_style":"","_jet_sm_controls_values":"","_jet_sm_fonts_collection":"","_jet_sm_fonts_links":"","footnotes":""},"categories":[455],"tags":[],"class_list":["post-27144","post","type-post","status-publish","format-standard","has-post-thumbnail","hentry","category-noticies"],"yoast_head":"<!-- This site is optimized with the Yoast SEO plugin v27.5 - https:\/\/yoast.com\/product\/yoast-seo-wordpress\/ -->\n<title>Els formats h\u00edbrids i les veus femenines dominen la Secci\u00f3 Oficial de la 40a Mostra de Val\u00e8ncia - Mostra de Val\u00e8ncia<\/title>\n<meta name=\"robots\" content=\"index, follow, max-snippet:-1, max-image-preview:large, max-video-preview:-1\" \/>\n<link rel=\"canonical\" href=\"https:\/\/lamostradevalencia.com\/ca\/els-formats-hibrids-i-les-veus-femenines-dominen-la-seccio-oficial-de-la-40a-mostra-de-valencia\/\" \/>\n<meta property=\"og:locale\" content=\"ca_ES\" \/>\n<meta property=\"og:type\" content=\"article\" \/>\n<meta property=\"og:title\" content=\"Els formats h\u00edbrids i les veus femenines dominen la Secci\u00f3 Oficial de la 40a Mostra de Val\u00e8ncia - Mostra de Val\u00e8ncia\" \/>\n<meta property=\"og:description\" content=\"Competiran per la Palmera d&#8217;Or dos produccions espanyoles: \u2018Mariscal. La alegr\u00eda de vivir\u2019, de Laura Grande, i \u2018Pizza fritta\u2019, de Domingo de Luis \u00a0La Mostra [&hellip;]\" \/>\n<meta property=\"og:url\" content=\"https:\/\/lamostradevalencia.com\/ca\/els-formats-hibrids-i-les-veus-femenines-dominen-la-seccio-oficial-de-la-40a-mostra-de-valencia\/\" \/>\n<meta property=\"og:site_name\" content=\"Mostra de Val\u00e8ncia\" \/>\n<meta property=\"article:published_time\" content=\"2025-10-01T08:45:37+00:00\" \/>\n<meta property=\"article:modified_time\" content=\"2025-10-01T09:05:16+00:00\" \/>\n<meta property=\"og:image\" content=\"https:\/\/lamostradevalencia.com\/wp-content\/uploads\/2025\/09\/Promised-Sky_\u00aeManekiFilms_Henia-Production-scaled.jpg\" \/>\n\t<meta property=\"og:image:width\" content=\"2560\" \/>\n\t<meta property=\"og:image:height\" content=\"1073\" \/>\n\t<meta property=\"og:image:type\" content=\"image\/jpeg\" \/>\n<meta name=\"author\" content=\"contenidos\" \/>\n<meta name=\"twitter:card\" content=\"summary_large_image\" \/>\n<meta name=\"twitter:label1\" content=\"Escrit per\" \/>\n\t<meta name=\"twitter:data1\" content=\"contenidos\" \/>\n\t<meta name=\"twitter:label2\" content=\"Temps estimat de lectura\" \/>\n\t<meta name=\"twitter:data2\" content=\"8 minuts\" \/>\n<script type=\"application\/ld+json\" class=\"yoast-schema-graph\">{\"@context\":\"https:\\\/\\\/schema.org\",\"@graph\":[{\"@type\":\"Article\",\"@id\":\"https:\\\/\\\/lamostradevalencia.com\\\/ca\\\/els-formats-hibrids-i-les-veus-femenines-dominen-la-seccio-oficial-de-la-40a-mostra-de-valencia\\\/#article\",\"isPartOf\":{\"@id\":\"https:\\\/\\\/lamostradevalencia.com\\\/ca\\\/els-formats-hibrids-i-les-veus-femenines-dominen-la-seccio-oficial-de-la-40a-mostra-de-valencia\\\/\"},\"author\":{\"name\":\"contenidos\",\"@id\":\"https:\\\/\\\/lamostradevalencia.com\\\/ca\\\/#\\\/schema\\\/person\\\/361c3c0dd5489e78ad78ee4f8332efac\"},\"headline\":\"Els formats h\u00edbrids i les veus femenines dominen la Secci\u00f3 Oficial de la 40a Mostra de Val\u00e8ncia\",\"datePublished\":\"2025-10-01T08:45:37+00:00\",\"dateModified\":\"2025-10-01T09:05:16+00:00\",\"mainEntityOfPage\":{\"@id\":\"https:\\\/\\\/lamostradevalencia.com\\\/ca\\\/els-formats-hibrids-i-les-veus-femenines-dominen-la-seccio-oficial-de-la-40a-mostra-de-valencia\\\/\"},\"wordCount\":1690,\"commentCount\":0,\"image\":{\"@id\":\"https:\\\/\\\/lamostradevalencia.com\\\/ca\\\/els-formats-hibrids-i-les-veus-femenines-dominen-la-seccio-oficial-de-la-40a-mostra-de-valencia\\\/#primaryimage\"},\"thumbnailUrl\":\"https:\\\/\\\/lamostradevalencia.com\\\/wp-content\\\/uploads\\\/2025\\\/09\\\/Promised-Sky_\u00aeManekiFilms_Henia-Production-scaled.jpg\",\"articleSection\":[\"Noticies\"],\"inLanguage\":\"ca\",\"potentialAction\":[{\"@type\":\"CommentAction\",\"name\":\"Comment\",\"target\":[\"https:\\\/\\\/lamostradevalencia.com\\\/ca\\\/els-formats-hibrids-i-les-veus-femenines-dominen-la-seccio-oficial-de-la-40a-mostra-de-valencia\\\/#respond\"]}]},{\"@type\":\"WebPage\",\"@id\":\"https:\\\/\\\/lamostradevalencia.com\\\/ca\\\/els-formats-hibrids-i-les-veus-femenines-dominen-la-seccio-oficial-de-la-40a-mostra-de-valencia\\\/\",\"url\":\"https:\\\/\\\/lamostradevalencia.com\\\/ca\\\/els-formats-hibrids-i-les-veus-femenines-dominen-la-seccio-oficial-de-la-40a-mostra-de-valencia\\\/\",\"name\":\"Els formats h\u00edbrids i les veus femenines dominen la Secci\u00f3 Oficial de la 40a Mostra de Val\u00e8ncia - Mostra de Val\u00e8ncia\",\"isPartOf\":{\"@id\":\"https:\\\/\\\/lamostradevalencia.com\\\/ca\\\/#website\"},\"primaryImageOfPage\":{\"@id\":\"https:\\\/\\\/lamostradevalencia.com\\\/ca\\\/els-formats-hibrids-i-les-veus-femenines-dominen-la-seccio-oficial-de-la-40a-mostra-de-valencia\\\/#primaryimage\"},\"image\":{\"@id\":\"https:\\\/\\\/lamostradevalencia.com\\\/ca\\\/els-formats-hibrids-i-les-veus-femenines-dominen-la-seccio-oficial-de-la-40a-mostra-de-valencia\\\/#primaryimage\"},\"thumbnailUrl\":\"https:\\\/\\\/lamostradevalencia.com\\\/wp-content\\\/uploads\\\/2025\\\/09\\\/Promised-Sky_\u00aeManekiFilms_Henia-Production-scaled.jpg\",\"datePublished\":\"2025-10-01T08:45:37+00:00\",\"dateModified\":\"2025-10-01T09:05:16+00:00\",\"author\":{\"@id\":\"https:\\\/\\\/lamostradevalencia.com\\\/ca\\\/#\\\/schema\\\/person\\\/361c3c0dd5489e78ad78ee4f8332efac\"},\"breadcrumb\":{\"@id\":\"https:\\\/\\\/lamostradevalencia.com\\\/ca\\\/els-formats-hibrids-i-les-veus-femenines-dominen-la-seccio-oficial-de-la-40a-mostra-de-valencia\\\/#breadcrumb\"},\"inLanguage\":\"ca\",\"potentialAction\":[{\"@type\":\"ReadAction\",\"target\":[\"https:\\\/\\\/lamostradevalencia.com\\\/ca\\\/els-formats-hibrids-i-les-veus-femenines-dominen-la-seccio-oficial-de-la-40a-mostra-de-valencia\\\/\"]}]},{\"@type\":\"ImageObject\",\"inLanguage\":\"ca\",\"@id\":\"https:\\\/\\\/lamostradevalencia.com\\\/ca\\\/els-formats-hibrids-i-les-veus-femenines-dominen-la-seccio-oficial-de-la-40a-mostra-de-valencia\\\/#primaryimage\",\"url\":\"https:\\\/\\\/lamostradevalencia.com\\\/wp-content\\\/uploads\\\/2025\\\/09\\\/Promised-Sky_\u00aeManekiFilms_Henia-Production-scaled.jpg\",\"contentUrl\":\"https:\\\/\\\/lamostradevalencia.com\\\/wp-content\\\/uploads\\\/2025\\\/09\\\/Promised-Sky_\u00aeManekiFilms_Henia-Production-scaled.jpg\",\"width\":2560,\"height\":1073},{\"@type\":\"BreadcrumbList\",\"@id\":\"https:\\\/\\\/lamostradevalencia.com\\\/ca\\\/els-formats-hibrids-i-les-veus-femenines-dominen-la-seccio-oficial-de-la-40a-mostra-de-valencia\\\/#breadcrumb\",\"itemListElement\":[{\"@type\":\"ListItem\",\"position\":1,\"name\":\"Portada\",\"item\":\"https:\\\/\\\/lamostradevalencia.com\\\/ca\\\/\"},{\"@type\":\"ListItem\",\"position\":2,\"name\":\"Els formats h\u00edbrids i les veus femenines dominen la Secci\u00f3 Oficial de la 40a Mostra de Val\u00e8ncia\"}]},{\"@type\":\"WebSite\",\"@id\":\"https:\\\/\\\/lamostradevalencia.com\\\/ca\\\/#website\",\"url\":\"https:\\\/\\\/lamostradevalencia.com\\\/ca\\\/\",\"name\":\"Mostra de Val\u00e8ncia\",\"description\":\"Cinema del Mediterrani\",\"potentialAction\":[{\"@type\":\"SearchAction\",\"target\":{\"@type\":\"EntryPoint\",\"urlTemplate\":\"https:\\\/\\\/lamostradevalencia.com\\\/ca\\\/?s={search_term_string}\"},\"query-input\":{\"@type\":\"PropertyValueSpecification\",\"valueRequired\":true,\"valueName\":\"search_term_string\"}}],\"inLanguage\":\"ca\"},{\"@type\":\"Person\",\"@id\":\"https:\\\/\\\/lamostradevalencia.com\\\/ca\\\/#\\\/schema\\\/person\\\/361c3c0dd5489e78ad78ee4f8332efac\",\"name\":\"contenidos\",\"image\":{\"@type\":\"ImageObject\",\"inLanguage\":\"ca\",\"@id\":\"https:\\\/\\\/secure.gravatar.com\\\/avatar\\\/a87eddc188a32d5a0371ff92ef616b5006a91e389296d49d081f8d424eef134c?s=96&d=mm&r=g\",\"url\":\"https:\\\/\\\/secure.gravatar.com\\\/avatar\\\/a87eddc188a32d5a0371ff92ef616b5006a91e389296d49d081f8d424eef134c?s=96&d=mm&r=g\",\"contentUrl\":\"https:\\\/\\\/secure.gravatar.com\\\/avatar\\\/a87eddc188a32d5a0371ff92ef616b5006a91e389296d49d081f8d424eef134c?s=96&d=mm&r=g\",\"caption\":\"contenidos\"}}]}<\/script>\n<!-- \/ Yoast SEO plugin. -->","yoast_head_json":{"title":"Els formats h\u00edbrids i les veus femenines dominen la Secci\u00f3 Oficial de la 40a Mostra de Val\u00e8ncia - Mostra de Val\u00e8ncia","robots":{"index":"index","follow":"follow","max-snippet":"max-snippet:-1","max-image-preview":"max-image-preview:large","max-video-preview":"max-video-preview:-1"},"canonical":"https:\/\/lamostradevalencia.com\/ca\/els-formats-hibrids-i-les-veus-femenines-dominen-la-seccio-oficial-de-la-40a-mostra-de-valencia\/","og_locale":"ca_ES","og_type":"article","og_title":"Els formats h\u00edbrids i les veus femenines dominen la Secci\u00f3 Oficial de la 40a Mostra de Val\u00e8ncia - Mostra de Val\u00e8ncia","og_description":"Competiran per la Palmera d&#8217;Or dos produccions espanyoles: \u2018Mariscal. La alegr\u00eda de vivir\u2019, de Laura Grande, i \u2018Pizza fritta\u2019, de Domingo de Luis \u00a0La Mostra [&hellip;]","og_url":"https:\/\/lamostradevalencia.com\/ca\/els-formats-hibrids-i-les-veus-femenines-dominen-la-seccio-oficial-de-la-40a-mostra-de-valencia\/","og_site_name":"Mostra de Val\u00e8ncia","article_published_time":"2025-10-01T08:45:37+00:00","article_modified_time":"2025-10-01T09:05:16+00:00","og_image":[{"width":2560,"height":1073,"url":"https:\/\/lamostradevalencia.com\/wp-content\/uploads\/2025\/09\/Promised-Sky_\u00aeManekiFilms_Henia-Production-scaled.jpg","type":"image\/jpeg"}],"author":"contenidos","twitter_card":"summary_large_image","twitter_misc":{"Escrit per":"contenidos","Temps estimat de lectura":"8 minuts"},"schema":{"@context":"https:\/\/schema.org","@graph":[{"@type":"Article","@id":"https:\/\/lamostradevalencia.com\/ca\/els-formats-hibrids-i-les-veus-femenines-dominen-la-seccio-oficial-de-la-40a-mostra-de-valencia\/#article","isPartOf":{"@id":"https:\/\/lamostradevalencia.com\/ca\/els-formats-hibrids-i-les-veus-femenines-dominen-la-seccio-oficial-de-la-40a-mostra-de-valencia\/"},"author":{"name":"contenidos","@id":"https:\/\/lamostradevalencia.com\/ca\/#\/schema\/person\/361c3c0dd5489e78ad78ee4f8332efac"},"headline":"Els formats h\u00edbrids i les veus femenines dominen la Secci\u00f3 Oficial de la 40a Mostra de Val\u00e8ncia","datePublished":"2025-10-01T08:45:37+00:00","dateModified":"2025-10-01T09:05:16+00:00","mainEntityOfPage":{"@id":"https:\/\/lamostradevalencia.com\/ca\/els-formats-hibrids-i-les-veus-femenines-dominen-la-seccio-oficial-de-la-40a-mostra-de-valencia\/"},"wordCount":1690,"commentCount":0,"image":{"@id":"https:\/\/lamostradevalencia.com\/ca\/els-formats-hibrids-i-les-veus-femenines-dominen-la-seccio-oficial-de-la-40a-mostra-de-valencia\/#primaryimage"},"thumbnailUrl":"https:\/\/lamostradevalencia.com\/wp-content\/uploads\/2025\/09\/Promised-Sky_\u00aeManekiFilms_Henia-Production-scaled.jpg","articleSection":["Noticies"],"inLanguage":"ca","potentialAction":[{"@type":"CommentAction","name":"Comment","target":["https:\/\/lamostradevalencia.com\/ca\/els-formats-hibrids-i-les-veus-femenines-dominen-la-seccio-oficial-de-la-40a-mostra-de-valencia\/#respond"]}]},{"@type":"WebPage","@id":"https:\/\/lamostradevalencia.com\/ca\/els-formats-hibrids-i-les-veus-femenines-dominen-la-seccio-oficial-de-la-40a-mostra-de-valencia\/","url":"https:\/\/lamostradevalencia.com\/ca\/els-formats-hibrids-i-les-veus-femenines-dominen-la-seccio-oficial-de-la-40a-mostra-de-valencia\/","name":"Els formats h\u00edbrids i les veus femenines dominen la Secci\u00f3 Oficial de la 40a Mostra de Val\u00e8ncia - Mostra de Val\u00e8ncia","isPartOf":{"@id":"https:\/\/lamostradevalencia.com\/ca\/#website"},"primaryImageOfPage":{"@id":"https:\/\/lamostradevalencia.com\/ca\/els-formats-hibrids-i-les-veus-femenines-dominen-la-seccio-oficial-de-la-40a-mostra-de-valencia\/#primaryimage"},"image":{"@id":"https:\/\/lamostradevalencia.com\/ca\/els-formats-hibrids-i-les-veus-femenines-dominen-la-seccio-oficial-de-la-40a-mostra-de-valencia\/#primaryimage"},"thumbnailUrl":"https:\/\/lamostradevalencia.com\/wp-content\/uploads\/2025\/09\/Promised-Sky_\u00aeManekiFilms_Henia-Production-scaled.jpg","datePublished":"2025-10-01T08:45:37+00:00","dateModified":"2025-10-01T09:05:16+00:00","author":{"@id":"https:\/\/lamostradevalencia.com\/ca\/#\/schema\/person\/361c3c0dd5489e78ad78ee4f8332efac"},"breadcrumb":{"@id":"https:\/\/lamostradevalencia.com\/ca\/els-formats-hibrids-i-les-veus-femenines-dominen-la-seccio-oficial-de-la-40a-mostra-de-valencia\/#breadcrumb"},"inLanguage":"ca","potentialAction":[{"@type":"ReadAction","target":["https:\/\/lamostradevalencia.com\/ca\/els-formats-hibrids-i-les-veus-femenines-dominen-la-seccio-oficial-de-la-40a-mostra-de-valencia\/"]}]},{"@type":"ImageObject","inLanguage":"ca","@id":"https:\/\/lamostradevalencia.com\/ca\/els-formats-hibrids-i-les-veus-femenines-dominen-la-seccio-oficial-de-la-40a-mostra-de-valencia\/#primaryimage","url":"https:\/\/lamostradevalencia.com\/wp-content\/uploads\/2025\/09\/Promised-Sky_\u00aeManekiFilms_Henia-Production-scaled.jpg","contentUrl":"https:\/\/lamostradevalencia.com\/wp-content\/uploads\/2025\/09\/Promised-Sky_\u00aeManekiFilms_Henia-Production-scaled.jpg","width":2560,"height":1073},{"@type":"BreadcrumbList","@id":"https:\/\/lamostradevalencia.com\/ca\/els-formats-hibrids-i-les-veus-femenines-dominen-la-seccio-oficial-de-la-40a-mostra-de-valencia\/#breadcrumb","itemListElement":[{"@type":"ListItem","position":1,"name":"Portada","item":"https:\/\/lamostradevalencia.com\/ca\/"},{"@type":"ListItem","position":2,"name":"Els formats h\u00edbrids i les veus femenines dominen la Secci\u00f3 Oficial de la 40a Mostra de Val\u00e8ncia"}]},{"@type":"WebSite","@id":"https:\/\/lamostradevalencia.com\/ca\/#website","url":"https:\/\/lamostradevalencia.com\/ca\/","name":"Mostra de Val\u00e8ncia","description":"Cinema del Mediterrani","potentialAction":[{"@type":"SearchAction","target":{"@type":"EntryPoint","urlTemplate":"https:\/\/lamostradevalencia.com\/ca\/?s={search_term_string}"},"query-input":{"@type":"PropertyValueSpecification","valueRequired":true,"valueName":"search_term_string"}}],"inLanguage":"ca"},{"@type":"Person","@id":"https:\/\/lamostradevalencia.com\/ca\/#\/schema\/person\/361c3c0dd5489e78ad78ee4f8332efac","name":"contenidos","image":{"@type":"ImageObject","inLanguage":"ca","@id":"https:\/\/secure.gravatar.com\/avatar\/a87eddc188a32d5a0371ff92ef616b5006a91e389296d49d081f8d424eef134c?s=96&d=mm&r=g","url":"https:\/\/secure.gravatar.com\/avatar\/a87eddc188a32d5a0371ff92ef616b5006a91e389296d49d081f8d424eef134c?s=96&d=mm&r=g","contentUrl":"https:\/\/secure.gravatar.com\/avatar\/a87eddc188a32d5a0371ff92ef616b5006a91e389296d49d081f8d424eef134c?s=96&d=mm&r=g","caption":"contenidos"}}]}},"uagb_featured_image_src":{"full":["https:\/\/lamostradevalencia.com\/wp-content\/uploads\/2025\/09\/Promised-Sky_\u00aeManekiFilms_Henia-Production-scaled.jpg",2560,1073,false],"thumbnail":["https:\/\/lamostradevalencia.com\/wp-content\/uploads\/2025\/09\/Promised-Sky_\u00aeManekiFilms_Henia-Production-150x150.jpg",150,150,true],"medium":["https:\/\/lamostradevalencia.com\/wp-content\/uploads\/2025\/09\/Promised-Sky_\u00aeManekiFilms_Henia-Production-300x126.jpg",300,126,true],"medium_large":["https:\/\/lamostradevalencia.com\/wp-content\/uploads\/2025\/09\/Promised-Sky_\u00aeManekiFilms_Henia-Production-768x322.jpg",768,322,true],"large":["https:\/\/lamostradevalencia.com\/wp-content\/uploads\/2025\/09\/Promised-Sky_\u00aeManekiFilms_Henia-Production-1024x429.jpg",1024,429,true],"1536x1536":["https:\/\/lamostradevalencia.com\/wp-content\/uploads\/2025\/09\/Promised-Sky_\u00aeManekiFilms_Henia-Production-1536x644.jpg",1536,644,true],"2048x2048":["https:\/\/lamostradevalencia.com\/wp-content\/uploads\/2025\/09\/Promised-Sky_\u00aeManekiFilms_Henia-Production-2048x858.jpg",2048,858,true],"cinerama_edge_image_square":["https:\/\/lamostradevalencia.com\/wp-content\/uploads\/2025\/09\/Promised-Sky_\u00aeManekiFilms_Henia-Production-550x550.jpg",550,550,true],"cinerama_edge_image_landscape":["https:\/\/lamostradevalencia.com\/wp-content\/uploads\/2025\/09\/Promised-Sky_\u00aeManekiFilms_Henia-Production-1100x550.jpg",1100,550,true],"cinerama_edge_image_portrait":["https:\/\/lamostradevalencia.com\/wp-content\/uploads\/2025\/09\/Promised-Sky_\u00aeManekiFilms_Henia-Production-550x1100.jpg",550,1100,true],"cinerama_edge_image_huge":["https:\/\/lamostradevalencia.com\/wp-content\/uploads\/2025\/09\/Promised-Sky_\u00aeManekiFilms_Henia-Production-1100x1100.jpg",1100,1100,true],"gform-image-choice-sm":["https:\/\/lamostradevalencia.com\/wp-content\/uploads\/2025\/09\/Promised-Sky_\u00aeManekiFilms_Henia-Production-scaled.jpg",300,126,false],"gform-image-choice-md":["https:\/\/lamostradevalencia.com\/wp-content\/uploads\/2025\/09\/Promised-Sky_\u00aeManekiFilms_Henia-Production-scaled.jpg",400,168,false],"gform-image-choice-lg":["https:\/\/lamostradevalencia.com\/wp-content\/uploads\/2025\/09\/Promised-Sky_\u00aeManekiFilms_Henia-Production-scaled.jpg",600,251,false]},"uagb_author_info":{"display_name":"contenidos","author_link":"https:\/\/lamostradevalencia.com\/ca\/author\/contenidos\/"},"uagb_comment_info":0,"uagb_excerpt":"Competiran per la Palmera d&#8217;Or dos produccions espanyoles: \u2018Mariscal. La alegr\u00eda de vivir\u2019, de Laura Grande, i \u2018Pizza fritta\u2019, de Domingo de Luis \u00a0La Mostra [&hellip;]","_links":{"self":[{"href":"https:\/\/lamostradevalencia.com\/ca\/wp-json\/wp\/v2\/posts\/27144","targetHints":{"allow":["GET"]}}],"collection":[{"href":"https:\/\/lamostradevalencia.com\/ca\/wp-json\/wp\/v2\/posts"}],"about":[{"href":"https:\/\/lamostradevalencia.com\/ca\/wp-json\/wp\/v2\/types\/post"}],"author":[{"embeddable":true,"href":"https:\/\/lamostradevalencia.com\/ca\/wp-json\/wp\/v2\/users\/3"}],"replies":[{"embeddable":true,"href":"https:\/\/lamostradevalencia.com\/ca\/wp-json\/wp\/v2\/comments?post=27144"}],"version-history":[{"count":4,"href":"https:\/\/lamostradevalencia.com\/ca\/wp-json\/wp\/v2\/posts\/27144\/revisions"}],"predecessor-version":[{"id":27348,"href":"https:\/\/lamostradevalencia.com\/ca\/wp-json\/wp\/v2\/posts\/27144\/revisions\/27348"}],"wp:featuredmedia":[{"embeddable":true,"href":"https:\/\/lamostradevalencia.com\/ca\/wp-json\/wp\/v2\/media\/27141"}],"wp:attachment":[{"href":"https:\/\/lamostradevalencia.com\/ca\/wp-json\/wp\/v2\/media?parent=27144"}],"wp:term":[{"taxonomy":"category","embeddable":true,"href":"https:\/\/lamostradevalencia.com\/ca\/wp-json\/wp\/v2\/categories?post=27144"},{"taxonomy":"post_tag","embeddable":true,"href":"https:\/\/lamostradevalencia.com\/ca\/wp-json\/wp\/v2\/tags?post=27144"}],"curies":[{"name":"wp","href":"https:\/\/api.w.org\/{rel}","templated":true}]}}