{"id":26899,"date":"2025-09-23T11:32:55","date_gmt":"2025-09-23T09:32:55","guid":{"rendered":"https:\/\/lamostradevalencia.com\/?p=26899"},"modified":"2025-09-23T11:46:19","modified_gmt":"2025-09-23T09:46:19","slug":"nanni-moretti-i-els-productors-sol-carnicero-i-fernando-bovaira-protagonitzen-els-homenatges-de-la-40a-mostra-de-valencia","status":"publish","type":"post","link":"https:\/\/lamostradevalencia.com\/ca\/nanni-moretti-i-els-productors-sol-carnicero-i-fernando-bovaira-protagonitzen-els-homenatges-de-la-40a-mostra-de-valencia\/","title":{"rendered":"Nanni Moretti  i els productors Sol Carnicero i Fernando Bovaira protagonitzen els homenatges de la 40a Mostra de Val\u00e8ncia"},"content":{"rendered":"<h5><strong><i>De Pilar Mir\u00f3 a Alejandro\u00a0 Amen\u00e1bar: \u00a0el certamen premia amb la seua Palmera d&#8217;Honor a dos dels productors que han marcat el rumb del cinema espanyol<\/i><\/strong><\/h5>\n<h5><strong><i>El comprom\u00eds pol\u00edtic i la ironia de Moretti il\u00b7luminen la secci\u00f3 Focus amb la retrospectiva m\u00e9s completa de la seua obra vista a Espanya<\/i><\/strong><\/h5>\n<p><span style=\"font-weight: 400;\">La 40a edici\u00f3 de la Mostra de Val\u00e8ncia-Cinema del Mediterrani, organitzada pel Palau de la M\u00fasica de Val\u00e8ncia i programada del 23 d&#8217;octubre al 2 de novembre, del 23 d&#8217;octubre al 2 de novembre, atorgar\u00e0 enguany la seua m\u00e0xima distinci\u00f3, la Palmera d&#8217;Honor, a dos noms clau en la producci\u00f3 cinematogr\u00e0fica: Fernando Bovaira i Sol Carnicero. Tots dos participaran en <\/span><b>trobades amb el p\u00fablic durant el festival<\/b><span style=\"font-weight: 400;\">, en qu\u00e8 compartiran la seua experi\u00e8ncia professional i la visi\u00f3 del cinema. A m\u00e9s, la secci\u00f3 <\/span><b><i>Focus<\/i><\/b><span style=\"font-weight: 400;\"> estar\u00e0 dedicada al cineasta itali\u00e0 <\/span><b>Nanni Moretti<\/b><span style=\"font-weight: 400;\">, un cicle que permetr\u00e0 al p\u00fablic redescobrir la seua obra a trav\u00e9s de la retrospectiva m\u00e9s \u00e0mplia realitzada fins a la data a Espanya, gr\u00e0cies al suport de La Filmoteca.<\/span><\/p>\n<p><span style=\"font-weight: 400;\">Com recorda<\/span><b> Sara<\/b> <b>Mansanet,<\/b><span style=\"font-weight: 400;\"> directora de la Mostra, Espanya, a trav\u00e9s dels Premis Goya, \u00e9s pr\u00e0cticament l&#8217;\u00fanic pa\u00eds que reconeix amb un guard\u00f3 espec\u00edfic la <\/span><b>direcci\u00f3 de producci\u00f3<\/b><span style=\"font-weight: 400;\">, ja que en la majoria de les acad\u00e8mies internacionals esta labor no t\u00e9 categoria pr\u00f2pia. \u201cEnguany volem recon\u00e9ixer un treball silenci\u00f3s, per\u00f2 necessari i fonamental com \u00e9s el que realitzen els departaments de producci\u00f3\u201d.<\/span><\/p>\n<p><strong>Sol Carnicero: Pionera i referent de la producci\u00f3 espanyola<\/strong><\/p>\n<p><span style=\"font-weight: 400;\">La burgalesa Sol Carnisser \u00e9s hui una figura imprescindible de la hist\u00f2ria de la producci\u00f3 cinematogr\u00e0fica al nostre pa\u00eds i el seu nom apareix lligat a innovacions en l&#8217;organitzaci\u00f3 de rodatges i producci\u00f3 t\u00e8cnica durant les d\u00e8cades dels setanta i huitanta. Va comen\u00e7ar la seua carrera en el sector audiovisual en Televisi\u00f3 Espanyola de la m\u00e0 de Chicho Ib\u00e1\u00f1ez Serrador en programes com a <\/span><i><span style=\"font-weight: 400;\">Historias para no dormir<\/span><\/i><span style=\"font-weight: 400;\">\u00a0 o el concurs <\/span><i><span style=\"font-weight: 400;\">Un, dos, tres, responda otra vez<\/span><\/i><span style=\"font-weight: 400;\">, i va arribar a la direcci\u00f3 de la Secretaria de Programaci\u00f3 de la cadena p\u00fablica<\/span><b>.<\/b><\/p>\n<p><span style=\"font-weight: 400;\">Despr\u00e9s del seu pas per televisi\u00f3, es va centrar en el cinema i va ser <\/span><b>la primera dona a Espanya a assumir la direcci\u00f3 de producci\u00f3 en un llargmetratge amb <\/b><span style=\"font-weight: 400;\">\u2018\u00a1V\u00e1monos, B\u00e1rbara!\u2019 (1977). Durant la seua llarga marxa, ha ajudat a gestionar produccions que hui s\u00f3n part del c\u00e0non del cinema espanyol i ha treballat amb directors com Luis Garc\u00eda Berlanga, Pilar Mir\u00f3 o Jaime Ch\u00e1varri, fins i tot amb Nicole Kidman en algunes escenes de \u2018Moulin Rouge\u2019 rodades a Espanya.<\/span><\/p>\n<p><span style=\"font-weight: 400;\">Impulsora i <\/span><b>s\u00f2cia fundadora de l&#8217;Acad\u00e8mia de Cinema<\/b><span style=\"font-weight: 400;\">, la seua carrera ha estat marcada per l&#8217;obertura de camins en un sector hist\u00f2ricament dominat per homes i reconeguda amb guardons com el Premi Dona de Cinema o el Premi Ricardo Franco del Festival de M\u00e0laga al qual se suma ara la <\/span><b>Palmera d&#8217;Honor de la Mostra.<\/b><\/p>\n<p><span style=\"font-weight: 400;\">El festival revisitar\u00e0 alguns dels t\u00edtols en qu\u00e8 va deixar empremta com a productora, com \u2018La escopeta nacional\u2019 (1978), \u2018Las bicicletas son para el verano\u2019 (1984) i \u2018El crimen de Cuenca\u2019 (1980), obres que evidencien la seua capacitat per a combinar \u00e8xit comercial i qualitat art\u00edstica.<\/span><\/p>\n<p><span style=\"font-weight: 400;\">Durant el festival, Carnicero protagonitzar\u00e0 una trobada amb el p\u00fablic per a abordar la seua experi\u00e8ncia com a pionera i reflexionar sobre les transformacions de la ind\u00fastria al llarg de m\u00e9s de quatre d\u00e8cades, des dels desafiaments de la producci\u00f3 artesanal fins a l&#8217;era digital i la globalitzaci\u00f3 del cinema espanyol.<\/span><\/p>\n<p><b>Fernando Bovaira: El productor dels grans relats\u00a0<\/b><\/p>\n<p><span style=\"font-weight: 400;\">Castellonenc de naixement, Fernando Bovaira ha sigut art\u00edfex d&#8217;algunes de les hist\u00f2ries m\u00e9s emblem\u00e0tiques del cinema espanyol recent. Cofundador de MOD Produccions, ha impulsat t\u00edtols que han marcat a tota una generaci\u00f3 d&#8217;espectadors, \u2018La lengua de las mariposas\u2019 (1999) de <\/span><a href=\"https:\/\/www.filmaffinity.com\/es\/name.php?name-id=140071522\"><span style=\"font-weight: 400;\">Jos\u00e9 Luis Cuerda<\/span><\/a><span style=\"font-weight: 400;\">, \u2018Luc\u00eda y el sexo\u2019 (2001) de Julio Medem o \u2018La Gran Aventura de Mortadelo y Filem\u00f3n\u2019 (2003) de Javier Fesser. El productor ha sigut tamb\u00e9 un pilar en la carrera <\/span><b>d&#8217;Alejandro Amen\u00e1bar,<\/b><span style=\"font-weight: 400;\"> amb qui ha treballat en t\u00edtols com \u2018Mar adentro\u2019 (2004), guanyadora de l&#8217;Oscar a la Millor Pel\u00b7l\u00edcula de Parla No Anglesa; \u2018Los otros\u2019 (2001); \u00c1gora (2009); \u2018Regresi\u00f3n\u2019 (2015) o \u2018El Cautivo\u2019 (2025), que acaba d&#8217;arribar als nostres cinemes.<\/span><\/p>\n<p><span style=\"font-weight: 400;\">Bovaira tamb\u00e9 ha produ\u00eft \u00e8xits internacionals com \u2018Biutiful\u2019 (2010) d&#8217;Alejandro Gonz\u00e1lez I\u00f1\u00e1rritu, premiada a Cannes i nominada a l&#8217;Oscar, i s\u00e8ries pioneres com a \u2018Crematorio\u2019 (2011), guardonada amb el Premi Ondas a la Millor S\u00e8rie de l&#8217;Any. La seua mirada estrat\u00e8gica i el talent per a identificar hist\u00f2ries amb impacte cultural i comercial ho converteixen en un referent del cinema mediterrani contemporani. Durant la Mostra, a qu\u00e8 acudir\u00e0 per a arreplegar la Palmera d&#8217;Honor, el productor compartir\u00e0 an\u00e8cdotes i reflexions en una trobada oberta amb el p\u00fablic, repassant una carrera marcada per l&#8217;excel\u00b7l\u00e8ncia i el risc creatiu.<\/span><\/p>\n<p><b>Nanni Moretti: el cineasta de la ironia i la cr\u00edtica\u00a0<\/b><\/p>\n<p><span style=\"font-weight: 400;\">L&#8217;apartat <\/span><b><i>Focus<\/i><\/b> <span style=\"font-weight: 400;\">estar\u00e0 centrat enguany en <\/span><b>Nanni Moretti<\/b><span style=\"font-weight: 400;\">, referent indiscutible del cinema europeu contemporani. Director, actor, guionista i productor, Moretti ser\u00e0 protagonista d&#8217;un cicle que oferir\u00e0 <\/span><b>la retrospectiva m\u00e9s completa de la seua obra realitzada fins a la data a Espanya,<\/b><span style=\"font-weight: 400;\"> gr\u00e0cies al suport de La Filmoteca. La mirada ir\u00f2nica i aguda de Moretti sobre la pol\u00edtica, la religi\u00f3, la fam\u00edlia i el pas del temps ser\u00e0 el fil conductor d&#8217;esta secci\u00f3 que rendix tribut a la seua capacitat per a combinar l&#8217;\u00edntim i el social des d&#8217;una \u00f2ptica inconfusible.<\/span><\/p>\n<p><span style=\"font-weight: 400;\">La Mostra oferir\u00e0 en La Filmoteca t\u00edtols ic\u00f2nics com \u2018Ecce Bombo\u2019 (1978); \u2018Querido diario\u2019 (1993), pel qual va rebre el Premi al Millor Director a Cannes; \u2018Abril\u2019 (1998); \u2018La habitaci\u00f3n del hijo\u2019 (2001), Palma d&#8217;Or a Cannes; \u2018El caim\u00e1n\u2019(2006); \u2018Habemus Papam\u2019 (2011); \u2018Tres pisos\u2019 (2021); i el seu \u00faltim treball, \u2018El sol del futuro\u2019 (2023).<\/span><\/p>\n<p><span style=\"font-weight: 400;\">La secci\u00f3 <\/span><i><span style=\"font-weight: 400;\">Focus<\/span><\/i><span style=\"font-weight: 400;\"> de la Mostra va n\u00e0ixer per a donar visibilitat a cineastes de l&#8217;\u00e0mbit mediterrani que fan el seu treball des de posicions perif\u00e8riques i al marge del corrent general. Des de la seua posada en marxa, el festival ha apostat per figures com les d&#8217;Edgar P\u00eara, Marc Hurtado, Lucile Hadzihalilovic, Marina Abramovic o Nadia El Fani, amb l&#8217;objectiu de fer m\u00e9s accessible al p\u00fablic la seua obra cinematogr\u00e0fica.<\/span><\/p>\n<p><span style=\"font-weight: 400;\">Amb estos homenatges, Mostra de Val\u00e8ncia consolida el seu comprom\u00eds amb la celebraci\u00f3 del cinema mediterrani, acostant al p\u00fablic als grans creadors que han definit la seua hist\u00f2ria a trav\u00e9s de projeccions, trobades i experi\u00e8ncies compartides en primera persona.<\/span><\/p>\n","protected":false},"excerpt":{"rendered":"<p>De Pilar Mir\u00f3 a Alejandro\u00a0 Amen\u00e1bar: \u00a0el certamen premia amb la seua Palmera d&#8217;Honor a dos dels productors que han marcat el rumb del cinema [&hellip;]<\/p>\n","protected":false},"author":1,"featured_media":26909,"comment_status":"open","ping_status":"open","sticky":false,"template":"","format":"standard","meta":{"_uag_custom_page_level_css":"","_jet_sm_ready_style":"","_jet_sm_style":"","_jet_sm_controls_values":"","_jet_sm_fonts_collection":"","_jet_sm_fonts_links":"","footnotes":""},"categories":[455],"tags":[1029],"class_list":["post-26899","post","type-post","status-publish","format-standard","has-post-thumbnail","hentry","category-noticies","tag-mostra-de-valencia-2"],"yoast_head":"<!-- This site is optimized with the Yoast SEO plugin v27.5 - https:\/\/yoast.com\/product\/yoast-seo-wordpress\/ -->\n<title>Nanni Moretti i els productors Sol Carnicero i Fernando Bovaira protagonitzen els homenatges de la 40a Mostra de Val\u00e8ncia - Mostra de Val\u00e8ncia<\/title>\n<meta name=\"robots\" content=\"index, follow, max-snippet:-1, max-image-preview:large, max-video-preview:-1\" \/>\n<link rel=\"canonical\" href=\"https:\/\/lamostradevalencia.com\/ca\/nanni-moretti-i-els-productors-sol-carnicero-i-fernando-bovaira-protagonitzen-els-homenatges-de-la-40a-mostra-de-valencia\/\" \/>\n<meta property=\"og:locale\" content=\"ca_ES\" \/>\n<meta property=\"og:type\" content=\"article\" \/>\n<meta property=\"og:title\" content=\"Nanni Moretti i els productors Sol Carnicero i Fernando Bovaira protagonitzen els homenatges de la 40a Mostra de Val\u00e8ncia - Mostra de Val\u00e8ncia\" \/>\n<meta property=\"og:description\" content=\"De Pilar Mir\u00f3 a Alejandro\u00a0 Amen\u00e1bar: \u00a0el certamen premia amb la seua Palmera d&#8217;Honor a dos dels productors que han marcat el rumb del cinema [&hellip;]\" \/>\n<meta property=\"og:url\" content=\"https:\/\/lamostradevalencia.com\/ca\/nanni-moretti-i-els-productors-sol-carnicero-i-fernando-bovaira-protagonitzen-els-homenatges-de-la-40a-mostra-de-valencia\/\" \/>\n<meta property=\"og:site_name\" content=\"Mostra de Val\u00e8ncia\" \/>\n<meta property=\"article:published_time\" content=\"2025-09-23T09:32:55+00:00\" \/>\n<meta property=\"article:modified_time\" content=\"2025-09-23T09:46:19+00:00\" \/>\n<meta name=\"author\" content=\"Mostra de Val\u00e8ncia\" \/>\n<meta name=\"twitter:card\" content=\"summary_large_image\" \/>\n<meta name=\"twitter:label1\" content=\"Escrit per\" \/>\n\t<meta name=\"twitter:data1\" content=\"Mostra de Val\u00e8ncia\" \/>\n\t<meta name=\"twitter:label2\" content=\"Temps estimat de lectura\" \/>\n\t<meta name=\"twitter:data2\" content=\"6 minuts\" \/>\n<script type=\"application\/ld+json\" class=\"yoast-schema-graph\">{\"@context\":\"https:\\\/\\\/schema.org\",\"@graph\":[{\"@type\":\"Article\",\"@id\":\"https:\\\/\\\/lamostradevalencia.com\\\/ca\\\/nanni-moretti-i-els-productors-sol-carnicero-i-fernando-bovaira-protagonitzen-els-homenatges-de-la-40a-mostra-de-valencia\\\/#article\",\"isPartOf\":{\"@id\":\"https:\\\/\\\/lamostradevalencia.com\\\/ca\\\/nanni-moretti-i-els-productors-sol-carnicero-i-fernando-bovaira-protagonitzen-els-homenatges-de-la-40a-mostra-de-valencia\\\/\"},\"author\":{\"name\":\"Mostra de Val\u00e8ncia\",\"@id\":\"https:\\\/\\\/lamostradevalencia.com\\\/ca\\\/#\\\/schema\\\/person\\\/1dc07e4df3d6310b81d2cdf6a034070c\"},\"headline\":\"Nanni Moretti i els productors Sol Carnicero i Fernando Bovaira protagonitzen els homenatges de la 40a Mostra de Val\u00e8ncia\",\"datePublished\":\"2025-09-23T09:32:55+00:00\",\"dateModified\":\"2025-09-23T09:46:19+00:00\",\"mainEntityOfPage\":{\"@id\":\"https:\\\/\\\/lamostradevalencia.com\\\/ca\\\/nanni-moretti-i-els-productors-sol-carnicero-i-fernando-bovaira-protagonitzen-els-homenatges-de-la-40a-mostra-de-valencia\\\/\"},\"wordCount\":1169,\"commentCount\":0,\"image\":{\"@id\":\"https:\\\/\\\/lamostradevalencia.com\\\/ca\\\/nanni-moretti-i-els-productors-sol-carnicero-i-fernando-bovaira-protagonitzen-els-homenatges-de-la-40a-mostra-de-valencia\\\/#primaryimage\"},\"thumbnailUrl\":\"https:\\\/\\\/lamostradevalencia.com\\\/wp-content\\\/uploads\\\/2025\\\/09\\\/Habemus-Papam.avif\",\"keywords\":[\"Mostra de Val\u00e8ncia\"],\"articleSection\":[\"Noticies\"],\"inLanguage\":\"ca\",\"potentialAction\":[{\"@type\":\"CommentAction\",\"name\":\"Comment\",\"target\":[\"https:\\\/\\\/lamostradevalencia.com\\\/ca\\\/nanni-moretti-i-els-productors-sol-carnicero-i-fernando-bovaira-protagonitzen-els-homenatges-de-la-40a-mostra-de-valencia\\\/#respond\"]}]},{\"@type\":\"WebPage\",\"@id\":\"https:\\\/\\\/lamostradevalencia.com\\\/ca\\\/nanni-moretti-i-els-productors-sol-carnicero-i-fernando-bovaira-protagonitzen-els-homenatges-de-la-40a-mostra-de-valencia\\\/\",\"url\":\"https:\\\/\\\/lamostradevalencia.com\\\/ca\\\/nanni-moretti-i-els-productors-sol-carnicero-i-fernando-bovaira-protagonitzen-els-homenatges-de-la-40a-mostra-de-valencia\\\/\",\"name\":\"Nanni Moretti i els productors Sol Carnicero i Fernando Bovaira protagonitzen els homenatges de la 40a Mostra de Val\u00e8ncia - Mostra de Val\u00e8ncia\",\"isPartOf\":{\"@id\":\"https:\\\/\\\/lamostradevalencia.com\\\/ca\\\/#website\"},\"primaryImageOfPage\":{\"@id\":\"https:\\\/\\\/lamostradevalencia.com\\\/ca\\\/nanni-moretti-i-els-productors-sol-carnicero-i-fernando-bovaira-protagonitzen-els-homenatges-de-la-40a-mostra-de-valencia\\\/#primaryimage\"},\"image\":{\"@id\":\"https:\\\/\\\/lamostradevalencia.com\\\/ca\\\/nanni-moretti-i-els-productors-sol-carnicero-i-fernando-bovaira-protagonitzen-els-homenatges-de-la-40a-mostra-de-valencia\\\/#primaryimage\"},\"thumbnailUrl\":\"https:\\\/\\\/lamostradevalencia.com\\\/wp-content\\\/uploads\\\/2025\\\/09\\\/Habemus-Papam.avif\",\"datePublished\":\"2025-09-23T09:32:55+00:00\",\"dateModified\":\"2025-09-23T09:46:19+00:00\",\"author\":{\"@id\":\"https:\\\/\\\/lamostradevalencia.com\\\/ca\\\/#\\\/schema\\\/person\\\/1dc07e4df3d6310b81d2cdf6a034070c\"},\"breadcrumb\":{\"@id\":\"https:\\\/\\\/lamostradevalencia.com\\\/ca\\\/nanni-moretti-i-els-productors-sol-carnicero-i-fernando-bovaira-protagonitzen-els-homenatges-de-la-40a-mostra-de-valencia\\\/#breadcrumb\"},\"inLanguage\":\"ca\",\"potentialAction\":[{\"@type\":\"ReadAction\",\"target\":[\"https:\\\/\\\/lamostradevalencia.com\\\/ca\\\/nanni-moretti-i-els-productors-sol-carnicero-i-fernando-bovaira-protagonitzen-els-homenatges-de-la-40a-mostra-de-valencia\\\/\"]}]},{\"@type\":\"ImageObject\",\"inLanguage\":\"ca\",\"@id\":\"https:\\\/\\\/lamostradevalencia.com\\\/ca\\\/nanni-moretti-i-els-productors-sol-carnicero-i-fernando-bovaira-protagonitzen-els-homenatges-de-la-40a-mostra-de-valencia\\\/#primaryimage\",\"url\":\"https:\\\/\\\/lamostradevalencia.com\\\/wp-content\\\/uploads\\\/2025\\\/09\\\/Habemus-Papam.avif\",\"contentUrl\":\"https:\\\/\\\/lamostradevalencia.com\\\/wp-content\\\/uploads\\\/2025\\\/09\\\/Habemus-Papam.avif\",\"width\":1280,\"height\":853},{\"@type\":\"BreadcrumbList\",\"@id\":\"https:\\\/\\\/lamostradevalencia.com\\\/ca\\\/nanni-moretti-i-els-productors-sol-carnicero-i-fernando-bovaira-protagonitzen-els-homenatges-de-la-40a-mostra-de-valencia\\\/#breadcrumb\",\"itemListElement\":[{\"@type\":\"ListItem\",\"position\":1,\"name\":\"Portada\",\"item\":\"https:\\\/\\\/lamostradevalencia.com\\\/ca\\\/\"},{\"@type\":\"ListItem\",\"position\":2,\"name\":\"Nanni Moretti i els productors Sol Carnicero i Fernando Bovaira protagonitzen els homenatges de la 40a Mostra de Val\u00e8ncia\"}]},{\"@type\":\"WebSite\",\"@id\":\"https:\\\/\\\/lamostradevalencia.com\\\/ca\\\/#website\",\"url\":\"https:\\\/\\\/lamostradevalencia.com\\\/ca\\\/\",\"name\":\"Mostra de Val\u00e8ncia\",\"description\":\"Cinema del Mediterrani\",\"potentialAction\":[{\"@type\":\"SearchAction\",\"target\":{\"@type\":\"EntryPoint\",\"urlTemplate\":\"https:\\\/\\\/lamostradevalencia.com\\\/ca\\\/?s={search_term_string}\"},\"query-input\":{\"@type\":\"PropertyValueSpecification\",\"valueRequired\":true,\"valueName\":\"search_term_string\"}}],\"inLanguage\":\"ca\"},{\"@type\":\"Person\",\"@id\":\"https:\\\/\\\/lamostradevalencia.com\\\/ca\\\/#\\\/schema\\\/person\\\/1dc07e4df3d6310b81d2cdf6a034070c\",\"name\":\"Mostra de Val\u00e8ncia\",\"image\":{\"@type\":\"ImageObject\",\"inLanguage\":\"ca\",\"@id\":\"https:\\\/\\\/secure.gravatar.com\\\/avatar\\\/ada4dfd699a9907706987adb1bb2b361c2613ccca474b49b8c648de5208e32f8?s=96&d=mm&r=g\",\"url\":\"https:\\\/\\\/secure.gravatar.com\\\/avatar\\\/ada4dfd699a9907706987adb1bb2b361c2613ccca474b49b8c648de5208e32f8?s=96&d=mm&r=g\",\"contentUrl\":\"https:\\\/\\\/secure.gravatar.com\\\/avatar\\\/ada4dfd699a9907706987adb1bb2b361c2613ccca474b49b8c648de5208e32f8?s=96&d=mm&r=g\",\"caption\":\"Mostra de Val\u00e8ncia\"}}]}<\/script>\n<!-- \/ Yoast SEO plugin. -->","yoast_head_json":{"title":"Nanni Moretti i els productors Sol Carnicero i Fernando Bovaira protagonitzen els homenatges de la 40a Mostra de Val\u00e8ncia - Mostra de Val\u00e8ncia","robots":{"index":"index","follow":"follow","max-snippet":"max-snippet:-1","max-image-preview":"max-image-preview:large","max-video-preview":"max-video-preview:-1"},"canonical":"https:\/\/lamostradevalencia.com\/ca\/nanni-moretti-i-els-productors-sol-carnicero-i-fernando-bovaira-protagonitzen-els-homenatges-de-la-40a-mostra-de-valencia\/","og_locale":"ca_ES","og_type":"article","og_title":"Nanni Moretti i els productors Sol Carnicero i Fernando Bovaira protagonitzen els homenatges de la 40a Mostra de Val\u00e8ncia - Mostra de Val\u00e8ncia","og_description":"De Pilar Mir\u00f3 a Alejandro\u00a0 Amen\u00e1bar: \u00a0el certamen premia amb la seua Palmera d&#8217;Honor a dos dels productors que han marcat el rumb del cinema [&hellip;]","og_url":"https:\/\/lamostradevalencia.com\/ca\/nanni-moretti-i-els-productors-sol-carnicero-i-fernando-bovaira-protagonitzen-els-homenatges-de-la-40a-mostra-de-valencia\/","og_site_name":"Mostra de Val\u00e8ncia","article_published_time":"2025-09-23T09:32:55+00:00","article_modified_time":"2025-09-23T09:46:19+00:00","author":"Mostra de Val\u00e8ncia","twitter_card":"summary_large_image","twitter_misc":{"Escrit per":"Mostra de Val\u00e8ncia","Temps estimat de lectura":"6 minuts"},"schema":{"@context":"https:\/\/schema.org","@graph":[{"@type":"Article","@id":"https:\/\/lamostradevalencia.com\/ca\/nanni-moretti-i-els-productors-sol-carnicero-i-fernando-bovaira-protagonitzen-els-homenatges-de-la-40a-mostra-de-valencia\/#article","isPartOf":{"@id":"https:\/\/lamostradevalencia.com\/ca\/nanni-moretti-i-els-productors-sol-carnicero-i-fernando-bovaira-protagonitzen-els-homenatges-de-la-40a-mostra-de-valencia\/"},"author":{"name":"Mostra de Val\u00e8ncia","@id":"https:\/\/lamostradevalencia.com\/ca\/#\/schema\/person\/1dc07e4df3d6310b81d2cdf6a034070c"},"headline":"Nanni Moretti i els productors Sol Carnicero i Fernando Bovaira protagonitzen els homenatges de la 40a Mostra de Val\u00e8ncia","datePublished":"2025-09-23T09:32:55+00:00","dateModified":"2025-09-23T09:46:19+00:00","mainEntityOfPage":{"@id":"https:\/\/lamostradevalencia.com\/ca\/nanni-moretti-i-els-productors-sol-carnicero-i-fernando-bovaira-protagonitzen-els-homenatges-de-la-40a-mostra-de-valencia\/"},"wordCount":1169,"commentCount":0,"image":{"@id":"https:\/\/lamostradevalencia.com\/ca\/nanni-moretti-i-els-productors-sol-carnicero-i-fernando-bovaira-protagonitzen-els-homenatges-de-la-40a-mostra-de-valencia\/#primaryimage"},"thumbnailUrl":"https:\/\/lamostradevalencia.com\/wp-content\/uploads\/2025\/09\/Habemus-Papam.avif","keywords":["Mostra de Val\u00e8ncia"],"articleSection":["Noticies"],"inLanguage":"ca","potentialAction":[{"@type":"CommentAction","name":"Comment","target":["https:\/\/lamostradevalencia.com\/ca\/nanni-moretti-i-els-productors-sol-carnicero-i-fernando-bovaira-protagonitzen-els-homenatges-de-la-40a-mostra-de-valencia\/#respond"]}]},{"@type":"WebPage","@id":"https:\/\/lamostradevalencia.com\/ca\/nanni-moretti-i-els-productors-sol-carnicero-i-fernando-bovaira-protagonitzen-els-homenatges-de-la-40a-mostra-de-valencia\/","url":"https:\/\/lamostradevalencia.com\/ca\/nanni-moretti-i-els-productors-sol-carnicero-i-fernando-bovaira-protagonitzen-els-homenatges-de-la-40a-mostra-de-valencia\/","name":"Nanni Moretti i els productors Sol Carnicero i Fernando Bovaira protagonitzen els homenatges de la 40a Mostra de Val\u00e8ncia - Mostra de Val\u00e8ncia","isPartOf":{"@id":"https:\/\/lamostradevalencia.com\/ca\/#website"},"primaryImageOfPage":{"@id":"https:\/\/lamostradevalencia.com\/ca\/nanni-moretti-i-els-productors-sol-carnicero-i-fernando-bovaira-protagonitzen-els-homenatges-de-la-40a-mostra-de-valencia\/#primaryimage"},"image":{"@id":"https:\/\/lamostradevalencia.com\/ca\/nanni-moretti-i-els-productors-sol-carnicero-i-fernando-bovaira-protagonitzen-els-homenatges-de-la-40a-mostra-de-valencia\/#primaryimage"},"thumbnailUrl":"https:\/\/lamostradevalencia.com\/wp-content\/uploads\/2025\/09\/Habemus-Papam.avif","datePublished":"2025-09-23T09:32:55+00:00","dateModified":"2025-09-23T09:46:19+00:00","author":{"@id":"https:\/\/lamostradevalencia.com\/ca\/#\/schema\/person\/1dc07e4df3d6310b81d2cdf6a034070c"},"breadcrumb":{"@id":"https:\/\/lamostradevalencia.com\/ca\/nanni-moretti-i-els-productors-sol-carnicero-i-fernando-bovaira-protagonitzen-els-homenatges-de-la-40a-mostra-de-valencia\/#breadcrumb"},"inLanguage":"ca","potentialAction":[{"@type":"ReadAction","target":["https:\/\/lamostradevalencia.com\/ca\/nanni-moretti-i-els-productors-sol-carnicero-i-fernando-bovaira-protagonitzen-els-homenatges-de-la-40a-mostra-de-valencia\/"]}]},{"@type":"ImageObject","inLanguage":"ca","@id":"https:\/\/lamostradevalencia.com\/ca\/nanni-moretti-i-els-productors-sol-carnicero-i-fernando-bovaira-protagonitzen-els-homenatges-de-la-40a-mostra-de-valencia\/#primaryimage","url":"https:\/\/lamostradevalencia.com\/wp-content\/uploads\/2025\/09\/Habemus-Papam.avif","contentUrl":"https:\/\/lamostradevalencia.com\/wp-content\/uploads\/2025\/09\/Habemus-Papam.avif","width":1280,"height":853},{"@type":"BreadcrumbList","@id":"https:\/\/lamostradevalencia.com\/ca\/nanni-moretti-i-els-productors-sol-carnicero-i-fernando-bovaira-protagonitzen-els-homenatges-de-la-40a-mostra-de-valencia\/#breadcrumb","itemListElement":[{"@type":"ListItem","position":1,"name":"Portada","item":"https:\/\/lamostradevalencia.com\/ca\/"},{"@type":"ListItem","position":2,"name":"Nanni Moretti i els productors Sol Carnicero i Fernando Bovaira protagonitzen els homenatges de la 40a Mostra de Val\u00e8ncia"}]},{"@type":"WebSite","@id":"https:\/\/lamostradevalencia.com\/ca\/#website","url":"https:\/\/lamostradevalencia.com\/ca\/","name":"Mostra de Val\u00e8ncia","description":"Cinema del Mediterrani","potentialAction":[{"@type":"SearchAction","target":{"@type":"EntryPoint","urlTemplate":"https:\/\/lamostradevalencia.com\/ca\/?s={search_term_string}"},"query-input":{"@type":"PropertyValueSpecification","valueRequired":true,"valueName":"search_term_string"}}],"inLanguage":"ca"},{"@type":"Person","@id":"https:\/\/lamostradevalencia.com\/ca\/#\/schema\/person\/1dc07e4df3d6310b81d2cdf6a034070c","name":"Mostra de Val\u00e8ncia","image":{"@type":"ImageObject","inLanguage":"ca","@id":"https:\/\/secure.gravatar.com\/avatar\/ada4dfd699a9907706987adb1bb2b361c2613ccca474b49b8c648de5208e32f8?s=96&d=mm&r=g","url":"https:\/\/secure.gravatar.com\/avatar\/ada4dfd699a9907706987adb1bb2b361c2613ccca474b49b8c648de5208e32f8?s=96&d=mm&r=g","contentUrl":"https:\/\/secure.gravatar.com\/avatar\/ada4dfd699a9907706987adb1bb2b361c2613ccca474b49b8c648de5208e32f8?s=96&d=mm&r=g","caption":"Mostra de Val\u00e8ncia"}}]}},"uagb_featured_image_src":{"full":["https:\/\/lamostradevalencia.com\/wp-content\/uploads\/2025\/09\/Habemus-Papam.avif",1280,853,false],"thumbnail":["https:\/\/lamostradevalencia.com\/wp-content\/uploads\/2025\/09\/Habemus-Papam-150x150.avif",150,150,true],"medium":["https:\/\/lamostradevalencia.com\/wp-content\/uploads\/2025\/09\/Habemus-Papam-300x200.avif",300,200,true],"medium_large":["https:\/\/lamostradevalencia.com\/wp-content\/uploads\/2025\/09\/Habemus-Papam-768x512.avif",768,512,true],"large":["https:\/\/lamostradevalencia.com\/wp-content\/uploads\/2025\/09\/Habemus-Papam-1024x682.avif",1024,682,true],"1536x1536":["https:\/\/lamostradevalencia.com\/wp-content\/uploads\/2025\/09\/Habemus-Papam.avif",1280,853,false],"2048x2048":["https:\/\/lamostradevalencia.com\/wp-content\/uploads\/2025\/09\/Habemus-Papam.avif",1280,853,false],"cinerama_edge_image_square":["https:\/\/lamostradevalencia.com\/wp-content\/uploads\/2025\/09\/Habemus-Papam-550x550.avif",550,550,true],"cinerama_edge_image_landscape":["https:\/\/lamostradevalencia.com\/wp-content\/uploads\/2025\/09\/Habemus-Papam-1100x550.avif",1100,550,true],"cinerama_edge_image_portrait":["https:\/\/lamostradevalencia.com\/wp-content\/uploads\/2025\/09\/Habemus-Papam-550x853.avif",550,853,true],"cinerama_edge_image_huge":["https:\/\/lamostradevalencia.com\/wp-content\/uploads\/2025\/09\/Habemus-Papam-1100x853.avif",1100,853,true],"gform-image-choice-sm":["https:\/\/lamostradevalencia.com\/wp-content\/uploads\/2025\/09\/Habemus-Papam.avif",300,200,false],"gform-image-choice-md":["https:\/\/lamostradevalencia.com\/wp-content\/uploads\/2025\/09\/Habemus-Papam.avif",400,267,false],"gform-image-choice-lg":["https:\/\/lamostradevalencia.com\/wp-content\/uploads\/2025\/09\/Habemus-Papam.avif",600,400,false]},"uagb_author_info":{"display_name":"Mostra de Val\u00e8ncia","author_link":"https:\/\/lamostradevalencia.com\/ca\/author\/mostravalencia\/"},"uagb_comment_info":0,"uagb_excerpt":"De Pilar Mir\u00f3 a Alejandro\u00a0 Amen\u00e1bar: \u00a0el certamen premia amb la seua Palmera d&#8217;Honor a dos dels productors que han marcat el rumb del cinema [&hellip;]","_links":{"self":[{"href":"https:\/\/lamostradevalencia.com\/ca\/wp-json\/wp\/v2\/posts\/26899","targetHints":{"allow":["GET"]}}],"collection":[{"href":"https:\/\/lamostradevalencia.com\/ca\/wp-json\/wp\/v2\/posts"}],"about":[{"href":"https:\/\/lamostradevalencia.com\/ca\/wp-json\/wp\/v2\/types\/post"}],"author":[{"embeddable":true,"href":"https:\/\/lamostradevalencia.com\/ca\/wp-json\/wp\/v2\/users\/1"}],"replies":[{"embeddable":true,"href":"https:\/\/lamostradevalencia.com\/ca\/wp-json\/wp\/v2\/comments?post=26899"}],"version-history":[{"count":6,"href":"https:\/\/lamostradevalencia.com\/ca\/wp-json\/wp\/v2\/posts\/26899\/revisions"}],"predecessor-version":[{"id":26915,"href":"https:\/\/lamostradevalencia.com\/ca\/wp-json\/wp\/v2\/posts\/26899\/revisions\/26915"}],"wp:featuredmedia":[{"embeddable":true,"href":"https:\/\/lamostradevalencia.com\/ca\/wp-json\/wp\/v2\/media\/26909"}],"wp:attachment":[{"href":"https:\/\/lamostradevalencia.com\/ca\/wp-json\/wp\/v2\/media?parent=26899"}],"wp:term":[{"taxonomy":"category","embeddable":true,"href":"https:\/\/lamostradevalencia.com\/ca\/wp-json\/wp\/v2\/categories?post=26899"},{"taxonomy":"post_tag","embeddable":true,"href":"https:\/\/lamostradevalencia.com\/ca\/wp-json\/wp\/v2\/tags?post=26899"}],"curies":[{"name":"wp","href":"https:\/\/api.w.org\/{rel}","templated":true}]}}