{"id":26889,"date":"2025-09-17T17:46:49","date_gmt":"2025-09-17T15:46:49","guid":{"rendered":"https:\/\/lamostradevalencia.com\/?p=26889"},"modified":"2025-09-17T17:57:49","modified_gmt":"2025-09-17T15:57:49","slug":"la-mostra-de-valencia-celebra-el-40-aniversari-amb-una-imatge-renovada-i-festiva-que-recupera-les-projeccions-oficials-al-centre-de-la-ciutat","status":"publish","type":"post","link":"https:\/\/lamostradevalencia.com\/ca\/la-mostra-de-valencia-celebra-el-40-aniversari-amb-una-imatge-renovada-i-festiva-que-recupera-les-projeccions-oficials-al-centre-de-la-ciutat\/","title":{"rendered":"La Mostra de Val\u00e8ncia celebra el 40 aniversari amb una imatge renovada i festiva, que recupera les projeccions oficials al centre de la ciutat"},"content":{"rendered":"<ul>\n<li><strong>El festival ha presentat este dimecres la imatge gr\u00e0fica d&#8217;esta edici\u00f3, concebuda pels dissenyadors D\u00eddac Ballester i Rosella Reig<\/strong><\/li>\n<\/ul>\n<ul>\n<li><strong>Es contemplen noves seccions amb segell valenci\u00e0, com les titulades Xaloc i Finestra, i s&#8217;establix el nou Premi del P\u00fablic Ciutat de Val\u00e8ncia<\/strong><\/li>\n<\/ul>\n<p>La Mostra de Val\u00e8ncia arriba a la 40 edici\u00f3 amb una imatge renovada i festiva, que recupera les projeccions oficials al centre de la ciutat. El regidor d&#8217;Acci\u00f3 Cultural, Patrimoni i Recursos Culturals i president del Palau de la M\u00fasica, Jos\u00e9 Luis Moreno, ha presentat este dimecres la imatge gr\u00e0fica d&#8217;esta nova convocat\u00f2ria del festival, acompanyat per la directora del festival i subdirectora de Cinematografia i Audiovisuals del Palau, Sara Mansanet; el director del Palau, Vicente Llimer\u00e1; i els dissenyadors autors de la imatge de la 40a Mostra, D\u00eddac Ballester i Rosella Reig. Aix\u00ed mateix, l&#8217;edil ha donat a con\u00e9ixer les principals novetats d&#8217;esta edici\u00f3 que t\u00e9 un marcat car\u00e0cter commemoratiu.<\/p>\n<p><strong>El certamen se celebrar\u00e0 entre el 23 d&#8217;octubre i el 2 de novembre<\/strong> pr\u00f2xims i, tal com ha subratllat el regidor Jos\u00e9 Luis Moreno, se celebra este aniversari amb una mirada \u201crenovada i expansiva, amb un refor\u00e7 de la identitat mediterr\u00e0nia, i amb nous formats que redoblen la connexi\u00f3 amb la ciutat i els p\u00fablics\u201d.<\/p>\n<p>La imatge gr\u00e0fica d&#8217;esta edici\u00f3 \u00e9s obra dels dissenyadors <strong>D\u00eddac Ballester i Rosella Reig<\/strong>, i proposa una s\u00edntesi visual del Mediterrani que connecta tradici\u00f3 i modernitat. Es tracta d&#8217;un cartell carregat de simbolisme, que projecta una est\u00e8tica contempor\u00e0nia que resumix l&#8217;esperit commemoratiu del festival i la seua vocaci\u00f3 de futur, tal com han explicat els autors. El cartell, han explicat, \u201cest\u00e0 carregat de simbolisme, projecta una est\u00e8tica contempor\u00e0nia que resumix l&#8217;esperit commemoratiu del festival i la seua vocaci\u00f3 de futur\u201d. Els dissenyadors han afegit que \u201cel Mediterrani en blau, la pantalla de cinema en els diferents formats al llarg de la hist\u00f2ria (4:3, 19:9, 2.29:1&#8230;) i les hist\u00f2ries \u00faniques que nom\u00e9s el cinema pot comptar, s\u00f3n els tres elements al voltant dels quals gira la imatge d&#8217;esta edici\u00f3 per tal de construir una identitat inesperada i contempor\u00e0nia\u201d.<\/p>\n<p><strong>Jos\u00e9 Luis Moreno<\/strong> ha destacat el treball dels dos dissenyadors de la imatge del festival i ha destacat que \u201cen esta edici\u00f3 tan especial el cinema d&#8217;autor conviur\u00e0 amb propostes de vocaci\u00f3 universal, bastint ponts entre la ciutat, l&#8217;audi\u00e8ncia, la ind\u00fastria i el teixit creatiu\u201d.<\/p>\n<p><strong>Premi del P\u00fablic Ciutat de Val\u00e8ncia<\/strong><\/p>\n<p>En esta edici\u00f3, la Mostra es llan\u00e7a a explorar altres geografies creatives a trav\u00e9s de noves seccions, com les titulades <strong>Finestra i Xaloc.<\/strong> Les pel\u00b7l\u00edcules d&#8217;esta \u00faltima secci\u00f3 competiran pel nou <strong>Premi del P\u00fablic Ciutat de Val\u00e8ncia.<\/strong> A m\u00e9s, el certamen tamb\u00e9 posa en valor el mediometratge, un format sovint oblidat per\u00f2 amb un fort potencial narratiu. I ho fa, d&#8217;una banda, amb la recuperaci\u00f3 i integraci\u00f3 del festival La Cabina, que repr\u00e9n l\u2019activitat despr\u00e9s de dos anys d&#8217;abs\u00e8ncia. I, per una altra, amb la projecci\u00f3 de<strong> \u2018+10k\u2019,<\/strong> un mediometratge de la directora i investigadora <strong>Gala Hern\u00e1ndez L\u00f3pez,<\/strong> estrenat en la Quinzena de Cineastes de Cannes, que clausurar\u00e0 el festival.<\/p>\n<p>El festival s&#8217;expandix tant en programaci\u00f3 com en territori. Per primera vegada, l&#8217;edifici <strong>Veles e Vents acollir\u00e0 el F\u00f2rum Val\u00e8ncia Film Afers.<\/strong> I a ell se suma <strong>La Mutant,<\/strong> que albergar\u00e0 la m\u00fasica en directe de la secci\u00f3 Visuals, subratllant el car\u00e0cter festiu d&#8217;esta edici\u00f3. Junt amb les seus habituals d&#8217;exhibici\u00f3 \u2013 els cinemes Babel, la Filmoteca i Palau de la M\u00fasica- el festival torna al centre de Val\u00e8ncia amb <strong>sessions als cinemes ABC Park,<\/strong> consolidant la pres\u00e8ncia urbana i la vocaci\u00f3 de trobada directa amb el p\u00fablic.<\/p>\n<p>El tel\u00f3 de la Mostra s&#8217;al\u00e7ar\u00e0 amb la pe\u00e7a &#8216;<strong>La cena&#8217;,<\/strong> del veter\u00e0 director <strong>Manuel G\u00f3mez Pereira,<\/strong> qui firma una com\u00e8dia dram\u00e0tica ambientada en la postguerra espanyola basada en una obra de <strong>Jos\u00e9 Luis Alonso de Santos<\/strong> i rodada en escenaris valencians. Amb un repartiment que inclou noms com <strong>Mario Casas, Alberto Sant Joan, Asier Etxeandia i Elvira M\u00ednguez, i dels valencians \u00d3scar Lasarte, Gloria March, Toni Agust\u00ed i Ferran Gadea,<\/strong> la pel\u00b7l\u00edcula combina cr\u00edtica social i humor en una hist\u00f2ria coral que inaugurar\u00e0 el certamen despr\u00e9s de l\u2019estrena mundial al Festival de Sant Sebasti\u00e0. La cinta, una producci\u00f3 hispanofrancesa en la qual participa la <strong>productora valenciana Turanga Films,<\/strong> compta amb el suport d&#8217;\u00c0 Punt i de l&#8217;Institut Valenci\u00e0 de Cultura, i tamb\u00e9 participen professionals valencians en l&#8217;escenografia i en la il\u00b7luminaci\u00f3.<\/p>\n<p>La subdirectora de Cinematografia i Audiovisuals del Palau de la M\u00fasica, <strong>Sara Mansanet,<\/strong> que tamb\u00e9 debuta com a directora del festival, ha explicat les principals novetats d&#8217;esta edici\u00f3 especial i ha assenyalat que la Mostra de Val\u00e8ncia \u201c\u00e9s punt de trobada i referent de la cinematografia i l&#8217;audiovisual del Mediterrani\u201d. \u201cI amb esta mirada \u2013ha subratllat- treballem per a garantir el creixement i consolidaci\u00f3, gr\u00e0cies al suport de les institucions i els agents clau de la ind\u00fastria audiovisual mediterr\u00e0nia\u201d.<\/p>\n<p><strong>Vicente Llimer\u00e1<\/strong> ha reiterat l\u2019agra\u00efment per \u201cesta primera edici\u00f3 en qu\u00e8 la que la Mostra ja est\u00e0 integrada dins del Palau de la M\u00fasica\u201d. Llimer\u00e1 ha informat que a la convocat\u00f2ria per a \u201cla nova imatge d&#8217;este projecte es van presentar 65 dissenyadors, i el proc\u00e9s ha estat supervisat per l&#8217;Associaci\u00f3 Valenciana de dissenyadors\u201d.<\/p>\n<p>Amb una programaci\u00f3 renovada, m\u00e9s pr\u00f2xima al p\u00fablic, una pres\u00e8ncia urbana ampliada i nous formats, la Mostra festejar\u00e0 els 40 anys reafirmant-se com el principal aparador de l&#8217;audiovisual mediterrani i una cita imprescindible per als qui entenen el cinema com a eina de connexi\u00f3, cultura, cr\u00edtica i transformaci\u00f3.<\/p>\n","protected":false},"excerpt":{"rendered":"<p>El festival ha presentat este dimecres la imatge gr\u00e0fica d&#8217;esta edici\u00f3, concebuda pels dissenyadors D\u00eddac Ballester i Rosella Reig Es contemplen noves seccions amb segell [&hellip;]<\/p>\n","protected":false},"author":3,"featured_media":26885,"comment_status":"open","ping_status":"open","sticky":false,"template":"","format":"standard","meta":{"_uag_custom_page_level_css":"","_jet_sm_ready_style":"","_jet_sm_style":"","_jet_sm_controls_values":"","_jet_sm_fonts_collection":"","_jet_sm_fonts_links":"","footnotes":""},"categories":[455],"tags":[1029,1038],"class_list":["post-26889","post","type-post","status-publish","format-standard","has-post-thumbnail","hentry","category-noticies","tag-mostra-de-valencia-2","tag-mostra-de-valencia-ca"],"yoast_head":"<!-- This site is optimized with the Yoast SEO plugin v27.5 - https:\/\/yoast.com\/product\/yoast-seo-wordpress\/ -->\n<title>La Mostra de Val\u00e8ncia celebra el 40 aniversari amb una imatge renovada i festiva, que recupera les projeccions oficials al centre de la ciutat - Mostra de Val\u00e8ncia<\/title>\n<meta name=\"robots\" content=\"index, follow, max-snippet:-1, max-image-preview:large, max-video-preview:-1\" \/>\n<link rel=\"canonical\" href=\"https:\/\/lamostradevalencia.com\/ca\/la-mostra-de-valencia-celebra-el-40-aniversari-amb-una-imatge-renovada-i-festiva-que-recupera-les-projeccions-oficials-al-centre-de-la-ciutat\/\" \/>\n<meta property=\"og:locale\" content=\"ca_ES\" \/>\n<meta property=\"og:type\" content=\"article\" \/>\n<meta property=\"og:title\" content=\"La Mostra de Val\u00e8ncia celebra el 40 aniversari amb una imatge renovada i festiva, que recupera les projeccions oficials al centre de la ciutat - Mostra de Val\u00e8ncia\" \/>\n<meta property=\"og:description\" content=\"El festival ha presentat este dimecres la imatge gr\u00e0fica d&#8217;esta edici\u00f3, concebuda pels dissenyadors D\u00eddac Ballester i Rosella Reig Es contemplen noves seccions amb segell [&hellip;]\" \/>\n<meta property=\"og:url\" content=\"https:\/\/lamostradevalencia.com\/ca\/la-mostra-de-valencia-celebra-el-40-aniversari-amb-una-imatge-renovada-i-festiva-que-recupera-les-projeccions-oficials-al-centre-de-la-ciutat\/\" \/>\n<meta property=\"og:site_name\" content=\"Mostra de Val\u00e8ncia\" \/>\n<meta property=\"article:published_time\" content=\"2025-09-17T15:46:49+00:00\" \/>\n<meta property=\"article:modified_time\" content=\"2025-09-17T15:57:49+00:00\" \/>\n<meta property=\"og:image\" content=\"https:\/\/lamostradevalencia.com\/wp-content\/uploads\/2025\/09\/Presentacio-cartell-Mostra.-Foto-Live-Music-Valencia-scaled.jpg\" \/>\n\t<meta property=\"og:image:width\" content=\"2560\" \/>\n\t<meta property=\"og:image:height\" content=\"1529\" \/>\n\t<meta property=\"og:image:type\" content=\"image\/jpeg\" \/>\n<meta name=\"author\" content=\"contenidos\" \/>\n<meta name=\"twitter:card\" content=\"summary_large_image\" \/>\n<meta name=\"twitter:label1\" content=\"Escrit per\" \/>\n\t<meta name=\"twitter:data1\" content=\"contenidos\" \/>\n\t<meta name=\"twitter:label2\" content=\"Temps estimat de lectura\" \/>\n\t<meta name=\"twitter:data2\" content=\"5 minuts\" \/>\n<script type=\"application\/ld+json\" class=\"yoast-schema-graph\">{\"@context\":\"https:\\\/\\\/schema.org\",\"@graph\":[{\"@type\":\"Article\",\"@id\":\"https:\\\/\\\/lamostradevalencia.com\\\/ca\\\/la-mostra-de-valencia-celebra-el-40-aniversari-amb-una-imatge-renovada-i-festiva-que-recupera-les-projeccions-oficials-al-centre-de-la-ciutat\\\/#article\",\"isPartOf\":{\"@id\":\"https:\\\/\\\/lamostradevalencia.com\\\/ca\\\/la-mostra-de-valencia-celebra-el-40-aniversari-amb-una-imatge-renovada-i-festiva-que-recupera-les-projeccions-oficials-al-centre-de-la-ciutat\\\/\"},\"author\":{\"name\":\"contenidos\",\"@id\":\"https:\\\/\\\/lamostradevalencia.com\\\/ca\\\/#\\\/schema\\\/person\\\/361c3c0dd5489e78ad78ee4f8332efac\"},\"headline\":\"La Mostra de Val\u00e8ncia celebra el 40 aniversari amb una imatge renovada i festiva, que recupera les projeccions oficials al centre de la ciutat\",\"datePublished\":\"2025-09-17T15:46:49+00:00\",\"dateModified\":\"2025-09-17T15:57:49+00:00\",\"mainEntityOfPage\":{\"@id\":\"https:\\\/\\\/lamostradevalencia.com\\\/ca\\\/la-mostra-de-valencia-celebra-el-40-aniversari-amb-una-imatge-renovada-i-festiva-que-recupera-les-projeccions-oficials-al-centre-de-la-ciutat\\\/\"},\"wordCount\":1030,\"commentCount\":0,\"image\":{\"@id\":\"https:\\\/\\\/lamostradevalencia.com\\\/ca\\\/la-mostra-de-valencia-celebra-el-40-aniversari-amb-una-imatge-renovada-i-festiva-que-recupera-les-projeccions-oficials-al-centre-de-la-ciutat\\\/#primaryimage\"},\"thumbnailUrl\":\"https:\\\/\\\/lamostradevalencia.com\\\/wp-content\\\/uploads\\\/2025\\\/09\\\/Presentacio-cartell-Mostra.-Foto-Live-Music-Valencia-scaled.jpg\",\"keywords\":[\"Mostra de Val\u00e8ncia\",\"Mostra de Val\u00e8ncia\"],\"articleSection\":[\"Noticies\"],\"inLanguage\":\"ca\",\"potentialAction\":[{\"@type\":\"CommentAction\",\"name\":\"Comment\",\"target\":[\"https:\\\/\\\/lamostradevalencia.com\\\/ca\\\/la-mostra-de-valencia-celebra-el-40-aniversari-amb-una-imatge-renovada-i-festiva-que-recupera-les-projeccions-oficials-al-centre-de-la-ciutat\\\/#respond\"]}]},{\"@type\":\"WebPage\",\"@id\":\"https:\\\/\\\/lamostradevalencia.com\\\/ca\\\/la-mostra-de-valencia-celebra-el-40-aniversari-amb-una-imatge-renovada-i-festiva-que-recupera-les-projeccions-oficials-al-centre-de-la-ciutat\\\/\",\"url\":\"https:\\\/\\\/lamostradevalencia.com\\\/ca\\\/la-mostra-de-valencia-celebra-el-40-aniversari-amb-una-imatge-renovada-i-festiva-que-recupera-les-projeccions-oficials-al-centre-de-la-ciutat\\\/\",\"name\":\"La Mostra de Val\u00e8ncia celebra el 40 aniversari amb una imatge renovada i festiva, que recupera les projeccions oficials al centre de la ciutat - Mostra de Val\u00e8ncia\",\"isPartOf\":{\"@id\":\"https:\\\/\\\/lamostradevalencia.com\\\/ca\\\/#website\"},\"primaryImageOfPage\":{\"@id\":\"https:\\\/\\\/lamostradevalencia.com\\\/ca\\\/la-mostra-de-valencia-celebra-el-40-aniversari-amb-una-imatge-renovada-i-festiva-que-recupera-les-projeccions-oficials-al-centre-de-la-ciutat\\\/#primaryimage\"},\"image\":{\"@id\":\"https:\\\/\\\/lamostradevalencia.com\\\/ca\\\/la-mostra-de-valencia-celebra-el-40-aniversari-amb-una-imatge-renovada-i-festiva-que-recupera-les-projeccions-oficials-al-centre-de-la-ciutat\\\/#primaryimage\"},\"thumbnailUrl\":\"https:\\\/\\\/lamostradevalencia.com\\\/wp-content\\\/uploads\\\/2025\\\/09\\\/Presentacio-cartell-Mostra.-Foto-Live-Music-Valencia-scaled.jpg\",\"datePublished\":\"2025-09-17T15:46:49+00:00\",\"dateModified\":\"2025-09-17T15:57:49+00:00\",\"author\":{\"@id\":\"https:\\\/\\\/lamostradevalencia.com\\\/ca\\\/#\\\/schema\\\/person\\\/361c3c0dd5489e78ad78ee4f8332efac\"},\"breadcrumb\":{\"@id\":\"https:\\\/\\\/lamostradevalencia.com\\\/ca\\\/la-mostra-de-valencia-celebra-el-40-aniversari-amb-una-imatge-renovada-i-festiva-que-recupera-les-projeccions-oficials-al-centre-de-la-ciutat\\\/#breadcrumb\"},\"inLanguage\":\"ca\",\"potentialAction\":[{\"@type\":\"ReadAction\",\"target\":[\"https:\\\/\\\/lamostradevalencia.com\\\/ca\\\/la-mostra-de-valencia-celebra-el-40-aniversari-amb-una-imatge-renovada-i-festiva-que-recupera-les-projeccions-oficials-al-centre-de-la-ciutat\\\/\"]}]},{\"@type\":\"ImageObject\",\"inLanguage\":\"ca\",\"@id\":\"https:\\\/\\\/lamostradevalencia.com\\\/ca\\\/la-mostra-de-valencia-celebra-el-40-aniversari-amb-una-imatge-renovada-i-festiva-que-recupera-les-projeccions-oficials-al-centre-de-la-ciutat\\\/#primaryimage\",\"url\":\"https:\\\/\\\/lamostradevalencia.com\\\/wp-content\\\/uploads\\\/2025\\\/09\\\/Presentacio-cartell-Mostra.-Foto-Live-Music-Valencia-scaled.jpg\",\"contentUrl\":\"https:\\\/\\\/lamostradevalencia.com\\\/wp-content\\\/uploads\\\/2025\\\/09\\\/Presentacio-cartell-Mostra.-Foto-Live-Music-Valencia-scaled.jpg\",\"width\":2560,\"height\":1529},{\"@type\":\"BreadcrumbList\",\"@id\":\"https:\\\/\\\/lamostradevalencia.com\\\/ca\\\/la-mostra-de-valencia-celebra-el-40-aniversari-amb-una-imatge-renovada-i-festiva-que-recupera-les-projeccions-oficials-al-centre-de-la-ciutat\\\/#breadcrumb\",\"itemListElement\":[{\"@type\":\"ListItem\",\"position\":1,\"name\":\"Portada\",\"item\":\"https:\\\/\\\/lamostradevalencia.com\\\/ca\\\/\"},{\"@type\":\"ListItem\",\"position\":2,\"name\":\"La Mostra de Val\u00e8ncia celebra el 40 aniversari amb una imatge renovada i festiva, que recupera les projeccions oficials al centre de la ciutat\"}]},{\"@type\":\"WebSite\",\"@id\":\"https:\\\/\\\/lamostradevalencia.com\\\/ca\\\/#website\",\"url\":\"https:\\\/\\\/lamostradevalencia.com\\\/ca\\\/\",\"name\":\"Mostra de Val\u00e8ncia\",\"description\":\"Cinema del Mediterrani\",\"potentialAction\":[{\"@type\":\"SearchAction\",\"target\":{\"@type\":\"EntryPoint\",\"urlTemplate\":\"https:\\\/\\\/lamostradevalencia.com\\\/ca\\\/?s={search_term_string}\"},\"query-input\":{\"@type\":\"PropertyValueSpecification\",\"valueRequired\":true,\"valueName\":\"search_term_string\"}}],\"inLanguage\":\"ca\"},{\"@type\":\"Person\",\"@id\":\"https:\\\/\\\/lamostradevalencia.com\\\/ca\\\/#\\\/schema\\\/person\\\/361c3c0dd5489e78ad78ee4f8332efac\",\"name\":\"contenidos\",\"image\":{\"@type\":\"ImageObject\",\"inLanguage\":\"ca\",\"@id\":\"https:\\\/\\\/secure.gravatar.com\\\/avatar\\\/a87eddc188a32d5a0371ff92ef616b5006a91e389296d49d081f8d424eef134c?s=96&d=mm&r=g\",\"url\":\"https:\\\/\\\/secure.gravatar.com\\\/avatar\\\/a87eddc188a32d5a0371ff92ef616b5006a91e389296d49d081f8d424eef134c?s=96&d=mm&r=g\",\"contentUrl\":\"https:\\\/\\\/secure.gravatar.com\\\/avatar\\\/a87eddc188a32d5a0371ff92ef616b5006a91e389296d49d081f8d424eef134c?s=96&d=mm&r=g\",\"caption\":\"contenidos\"}}]}<\/script>\n<!-- \/ Yoast SEO plugin. -->","yoast_head_json":{"title":"La Mostra de Val\u00e8ncia celebra el 40 aniversari amb una imatge renovada i festiva, que recupera les projeccions oficials al centre de la ciutat - Mostra de Val\u00e8ncia","robots":{"index":"index","follow":"follow","max-snippet":"max-snippet:-1","max-image-preview":"max-image-preview:large","max-video-preview":"max-video-preview:-1"},"canonical":"https:\/\/lamostradevalencia.com\/ca\/la-mostra-de-valencia-celebra-el-40-aniversari-amb-una-imatge-renovada-i-festiva-que-recupera-les-projeccions-oficials-al-centre-de-la-ciutat\/","og_locale":"ca_ES","og_type":"article","og_title":"La Mostra de Val\u00e8ncia celebra el 40 aniversari amb una imatge renovada i festiva, que recupera les projeccions oficials al centre de la ciutat - Mostra de Val\u00e8ncia","og_description":"El festival ha presentat este dimecres la imatge gr\u00e0fica d&#8217;esta edici\u00f3, concebuda pels dissenyadors D\u00eddac Ballester i Rosella Reig Es contemplen noves seccions amb segell [&hellip;]","og_url":"https:\/\/lamostradevalencia.com\/ca\/la-mostra-de-valencia-celebra-el-40-aniversari-amb-una-imatge-renovada-i-festiva-que-recupera-les-projeccions-oficials-al-centre-de-la-ciutat\/","og_site_name":"Mostra de Val\u00e8ncia","article_published_time":"2025-09-17T15:46:49+00:00","article_modified_time":"2025-09-17T15:57:49+00:00","og_image":[{"width":2560,"height":1529,"url":"https:\/\/lamostradevalencia.com\/wp-content\/uploads\/2025\/09\/Presentacio-cartell-Mostra.-Foto-Live-Music-Valencia-scaled.jpg","type":"image\/jpeg"}],"author":"contenidos","twitter_card":"summary_large_image","twitter_misc":{"Escrit per":"contenidos","Temps estimat de lectura":"5 minuts"},"schema":{"@context":"https:\/\/schema.org","@graph":[{"@type":"Article","@id":"https:\/\/lamostradevalencia.com\/ca\/la-mostra-de-valencia-celebra-el-40-aniversari-amb-una-imatge-renovada-i-festiva-que-recupera-les-projeccions-oficials-al-centre-de-la-ciutat\/#article","isPartOf":{"@id":"https:\/\/lamostradevalencia.com\/ca\/la-mostra-de-valencia-celebra-el-40-aniversari-amb-una-imatge-renovada-i-festiva-que-recupera-les-projeccions-oficials-al-centre-de-la-ciutat\/"},"author":{"name":"contenidos","@id":"https:\/\/lamostradevalencia.com\/ca\/#\/schema\/person\/361c3c0dd5489e78ad78ee4f8332efac"},"headline":"La Mostra de Val\u00e8ncia celebra el 40 aniversari amb una imatge renovada i festiva, que recupera les projeccions oficials al centre de la ciutat","datePublished":"2025-09-17T15:46:49+00:00","dateModified":"2025-09-17T15:57:49+00:00","mainEntityOfPage":{"@id":"https:\/\/lamostradevalencia.com\/ca\/la-mostra-de-valencia-celebra-el-40-aniversari-amb-una-imatge-renovada-i-festiva-que-recupera-les-projeccions-oficials-al-centre-de-la-ciutat\/"},"wordCount":1030,"commentCount":0,"image":{"@id":"https:\/\/lamostradevalencia.com\/ca\/la-mostra-de-valencia-celebra-el-40-aniversari-amb-una-imatge-renovada-i-festiva-que-recupera-les-projeccions-oficials-al-centre-de-la-ciutat\/#primaryimage"},"thumbnailUrl":"https:\/\/lamostradevalencia.com\/wp-content\/uploads\/2025\/09\/Presentacio-cartell-Mostra.-Foto-Live-Music-Valencia-scaled.jpg","keywords":["Mostra de Val\u00e8ncia","Mostra de Val\u00e8ncia"],"articleSection":["Noticies"],"inLanguage":"ca","potentialAction":[{"@type":"CommentAction","name":"Comment","target":["https:\/\/lamostradevalencia.com\/ca\/la-mostra-de-valencia-celebra-el-40-aniversari-amb-una-imatge-renovada-i-festiva-que-recupera-les-projeccions-oficials-al-centre-de-la-ciutat\/#respond"]}]},{"@type":"WebPage","@id":"https:\/\/lamostradevalencia.com\/ca\/la-mostra-de-valencia-celebra-el-40-aniversari-amb-una-imatge-renovada-i-festiva-que-recupera-les-projeccions-oficials-al-centre-de-la-ciutat\/","url":"https:\/\/lamostradevalencia.com\/ca\/la-mostra-de-valencia-celebra-el-40-aniversari-amb-una-imatge-renovada-i-festiva-que-recupera-les-projeccions-oficials-al-centre-de-la-ciutat\/","name":"La Mostra de Val\u00e8ncia celebra el 40 aniversari amb una imatge renovada i festiva, que recupera les projeccions oficials al centre de la ciutat - Mostra de Val\u00e8ncia","isPartOf":{"@id":"https:\/\/lamostradevalencia.com\/ca\/#website"},"primaryImageOfPage":{"@id":"https:\/\/lamostradevalencia.com\/ca\/la-mostra-de-valencia-celebra-el-40-aniversari-amb-una-imatge-renovada-i-festiva-que-recupera-les-projeccions-oficials-al-centre-de-la-ciutat\/#primaryimage"},"image":{"@id":"https:\/\/lamostradevalencia.com\/ca\/la-mostra-de-valencia-celebra-el-40-aniversari-amb-una-imatge-renovada-i-festiva-que-recupera-les-projeccions-oficials-al-centre-de-la-ciutat\/#primaryimage"},"thumbnailUrl":"https:\/\/lamostradevalencia.com\/wp-content\/uploads\/2025\/09\/Presentacio-cartell-Mostra.-Foto-Live-Music-Valencia-scaled.jpg","datePublished":"2025-09-17T15:46:49+00:00","dateModified":"2025-09-17T15:57:49+00:00","author":{"@id":"https:\/\/lamostradevalencia.com\/ca\/#\/schema\/person\/361c3c0dd5489e78ad78ee4f8332efac"},"breadcrumb":{"@id":"https:\/\/lamostradevalencia.com\/ca\/la-mostra-de-valencia-celebra-el-40-aniversari-amb-una-imatge-renovada-i-festiva-que-recupera-les-projeccions-oficials-al-centre-de-la-ciutat\/#breadcrumb"},"inLanguage":"ca","potentialAction":[{"@type":"ReadAction","target":["https:\/\/lamostradevalencia.com\/ca\/la-mostra-de-valencia-celebra-el-40-aniversari-amb-una-imatge-renovada-i-festiva-que-recupera-les-projeccions-oficials-al-centre-de-la-ciutat\/"]}]},{"@type":"ImageObject","inLanguage":"ca","@id":"https:\/\/lamostradevalencia.com\/ca\/la-mostra-de-valencia-celebra-el-40-aniversari-amb-una-imatge-renovada-i-festiva-que-recupera-les-projeccions-oficials-al-centre-de-la-ciutat\/#primaryimage","url":"https:\/\/lamostradevalencia.com\/wp-content\/uploads\/2025\/09\/Presentacio-cartell-Mostra.-Foto-Live-Music-Valencia-scaled.jpg","contentUrl":"https:\/\/lamostradevalencia.com\/wp-content\/uploads\/2025\/09\/Presentacio-cartell-Mostra.-Foto-Live-Music-Valencia-scaled.jpg","width":2560,"height":1529},{"@type":"BreadcrumbList","@id":"https:\/\/lamostradevalencia.com\/ca\/la-mostra-de-valencia-celebra-el-40-aniversari-amb-una-imatge-renovada-i-festiva-que-recupera-les-projeccions-oficials-al-centre-de-la-ciutat\/#breadcrumb","itemListElement":[{"@type":"ListItem","position":1,"name":"Portada","item":"https:\/\/lamostradevalencia.com\/ca\/"},{"@type":"ListItem","position":2,"name":"La Mostra de Val\u00e8ncia celebra el 40 aniversari amb una imatge renovada i festiva, que recupera les projeccions oficials al centre de la ciutat"}]},{"@type":"WebSite","@id":"https:\/\/lamostradevalencia.com\/ca\/#website","url":"https:\/\/lamostradevalencia.com\/ca\/","name":"Mostra de Val\u00e8ncia","description":"Cinema del Mediterrani","potentialAction":[{"@type":"SearchAction","target":{"@type":"EntryPoint","urlTemplate":"https:\/\/lamostradevalencia.com\/ca\/?s={search_term_string}"},"query-input":{"@type":"PropertyValueSpecification","valueRequired":true,"valueName":"search_term_string"}}],"inLanguage":"ca"},{"@type":"Person","@id":"https:\/\/lamostradevalencia.com\/ca\/#\/schema\/person\/361c3c0dd5489e78ad78ee4f8332efac","name":"contenidos","image":{"@type":"ImageObject","inLanguage":"ca","@id":"https:\/\/secure.gravatar.com\/avatar\/a87eddc188a32d5a0371ff92ef616b5006a91e389296d49d081f8d424eef134c?s=96&d=mm&r=g","url":"https:\/\/secure.gravatar.com\/avatar\/a87eddc188a32d5a0371ff92ef616b5006a91e389296d49d081f8d424eef134c?s=96&d=mm&r=g","contentUrl":"https:\/\/secure.gravatar.com\/avatar\/a87eddc188a32d5a0371ff92ef616b5006a91e389296d49d081f8d424eef134c?s=96&d=mm&r=g","caption":"contenidos"}}]}},"uagb_featured_image_src":{"full":["https:\/\/lamostradevalencia.com\/wp-content\/uploads\/2025\/09\/Presentacio-cartell-Mostra.-Foto-Live-Music-Valencia-scaled.jpg",2560,1529,false],"thumbnail":["https:\/\/lamostradevalencia.com\/wp-content\/uploads\/2025\/09\/Presentacio-cartell-Mostra.-Foto-Live-Music-Valencia-150x150.jpg",150,150,true],"medium":["https:\/\/lamostradevalencia.com\/wp-content\/uploads\/2025\/09\/Presentacio-cartell-Mostra.-Foto-Live-Music-Valencia-300x179.jpg",300,179,true],"medium_large":["https:\/\/lamostradevalencia.com\/wp-content\/uploads\/2025\/09\/Presentacio-cartell-Mostra.-Foto-Live-Music-Valencia-768x459.jpg",768,459,true],"large":["https:\/\/lamostradevalencia.com\/wp-content\/uploads\/2025\/09\/Presentacio-cartell-Mostra.-Foto-Live-Music-Valencia-1024x611.jpg",1024,611,true],"1536x1536":["https:\/\/lamostradevalencia.com\/wp-content\/uploads\/2025\/09\/Presentacio-cartell-Mostra.-Foto-Live-Music-Valencia-1536x917.jpg",1536,917,true],"2048x2048":["https:\/\/lamostradevalencia.com\/wp-content\/uploads\/2025\/09\/Presentacio-cartell-Mostra.-Foto-Live-Music-Valencia-2048x1223.jpg",2048,1223,true],"cinerama_edge_image_square":["https:\/\/lamostradevalencia.com\/wp-content\/uploads\/2025\/09\/Presentacio-cartell-Mostra.-Foto-Live-Music-Valencia-550x550.jpg",550,550,true],"cinerama_edge_image_landscape":["https:\/\/lamostradevalencia.com\/wp-content\/uploads\/2025\/09\/Presentacio-cartell-Mostra.-Foto-Live-Music-Valencia-1100x550.jpg",1100,550,true],"cinerama_edge_image_portrait":["https:\/\/lamostradevalencia.com\/wp-content\/uploads\/2025\/09\/Presentacio-cartell-Mostra.-Foto-Live-Music-Valencia-550x1100.jpg",550,1100,true],"cinerama_edge_image_huge":["https:\/\/lamostradevalencia.com\/wp-content\/uploads\/2025\/09\/Presentacio-cartell-Mostra.-Foto-Live-Music-Valencia-1100x1100.jpg",1100,1100,true],"gform-image-choice-sm":["https:\/\/lamostradevalencia.com\/wp-content\/uploads\/2025\/09\/Presentacio-cartell-Mostra.-Foto-Live-Music-Valencia-scaled.jpg",300,179,false],"gform-image-choice-md":["https:\/\/lamostradevalencia.com\/wp-content\/uploads\/2025\/09\/Presentacio-cartell-Mostra.-Foto-Live-Music-Valencia-scaled.jpg",400,239,false],"gform-image-choice-lg":["https:\/\/lamostradevalencia.com\/wp-content\/uploads\/2025\/09\/Presentacio-cartell-Mostra.-Foto-Live-Music-Valencia-scaled.jpg",600,358,false]},"uagb_author_info":{"display_name":"contenidos","author_link":"https:\/\/lamostradevalencia.com\/ca\/author\/contenidos\/"},"uagb_comment_info":0,"uagb_excerpt":"El festival ha presentat este dimecres la imatge gr\u00e0fica d&#8217;esta edici\u00f3, concebuda pels dissenyadors D\u00eddac Ballester i Rosella Reig Es contemplen noves seccions amb segell [&hellip;]","_links":{"self":[{"href":"https:\/\/lamostradevalencia.com\/ca\/wp-json\/wp\/v2\/posts\/26889","targetHints":{"allow":["GET"]}}],"collection":[{"href":"https:\/\/lamostradevalencia.com\/ca\/wp-json\/wp\/v2\/posts"}],"about":[{"href":"https:\/\/lamostradevalencia.com\/ca\/wp-json\/wp\/v2\/types\/post"}],"author":[{"embeddable":true,"href":"https:\/\/lamostradevalencia.com\/ca\/wp-json\/wp\/v2\/users\/3"}],"replies":[{"embeddable":true,"href":"https:\/\/lamostradevalencia.com\/ca\/wp-json\/wp\/v2\/comments?post=26889"}],"version-history":[{"count":1,"href":"https:\/\/lamostradevalencia.com\/ca\/wp-json\/wp\/v2\/posts\/26889\/revisions"}],"predecessor-version":[{"id":26890,"href":"https:\/\/lamostradevalencia.com\/ca\/wp-json\/wp\/v2\/posts\/26889\/revisions\/26890"}],"wp:featuredmedia":[{"embeddable":true,"href":"https:\/\/lamostradevalencia.com\/ca\/wp-json\/wp\/v2\/media\/26885"}],"wp:attachment":[{"href":"https:\/\/lamostradevalencia.com\/ca\/wp-json\/wp\/v2\/media?parent=26889"}],"wp:term":[{"taxonomy":"category","embeddable":true,"href":"https:\/\/lamostradevalencia.com\/ca\/wp-json\/wp\/v2\/categories?post=26889"},{"taxonomy":"post_tag","embeddable":true,"href":"https:\/\/lamostradevalencia.com\/ca\/wp-json\/wp\/v2\/tags?post=26889"}],"curies":[{"name":"wp","href":"https:\/\/api.w.org\/{rel}","templated":true}]}}