{"id":26859,"date":"2025-09-11T19:02:11","date_gmt":"2025-09-11T17:02:11","guid":{"rendered":"https:\/\/lamostradevalencia.com\/?p=26859"},"modified":"2025-09-15T11:48:54","modified_gmt":"2025-09-15T09:48:54","slug":"la-mostra-de-valencia-presenta-a-loceanografic-la-preestrena-de-la-pellicula-el-cautivo-dalejandro-amenabar","status":"publish","type":"post","link":"https:\/\/lamostradevalencia.com\/ca\/la-mostra-de-valencia-presenta-a-loceanografic-la-preestrena-de-la-pellicula-el-cautivo-dalejandro-amenabar\/","title":{"rendered":"La Mostra de Val\u00e8ncia presenta a l\u2019Oceanogr\u00e0fic la preestrena de la pel\u00b7l\u00edcula &#8216;El cautivo&#8217; d&#8217;Alejandro Amen\u00e1bar"},"content":{"rendered":"\n<ul class=\"wp-block-list\">\n<li><strong>La presentaci\u00f3 del film, que ser\u00e0 este dijous 11 de setembre, est\u00e0 organitzada per MOD Producciones, l&#8217;Ajuntament de Val\u00e8ncia, el Palau de la M\u00fasica i la Mostra de Val\u00e8ncia, i col\u00b7laboren l\u2019Oceanogr\u00e0fic i l&#8217;Institut Valenci\u00e0 de Cultura<\/strong><\/li>\n<\/ul>\n\n\n\n<ul class=\"wp-block-list\">\n<li><strong>La projecci\u00f3 comptar\u00e0 amb la pres\u00e8ncia del director, Alejandro Amen\u00e1bar, els actors Julio Pe\u00f1a Fern\u00e1ndez, Fernando Tejero i Luna Berroa, aix\u00ed com el productor Fernando Bovaira<\/strong><\/li>\n<\/ul>\n\n\n\n<ul class=\"wp-block-list\">\n<li><strong>La pel\u00b7l\u00edcula narra les viv\u00e8ncies del jove Miguel de Cervantes, interpretat per Julio Pe\u00f1a, durant la seua captivitat a Alger<\/strong><\/li>\n<\/ul>\n\n\n\n<ul class=\"wp-block-list\">\n<li><strong>El repartiment es completa amb Alessandro Borghi, Miguel Rell\u00e1n, Fernando Tejero, Jos\u00e9 Manuel Poga, Luis Callejo, Roberto \u00c1lamo i Luna Berroa, entre altres<\/strong><\/li>\n<\/ul>\n\n\n\n<div class=\"wp-block-uagb-image uagb-block-61bc517b wp-block-uagb-image--layout-default wp-block-uagb-image--effect-static wp-block-uagb-image--align-none\"><figure class=\"wp-block-uagb-image__figure\"><img decoding=\"async\" srcset=\"https:\/\/lamostradevalencia.com\/wp-content\/uploads\/2025\/09\/1.jpg ,https:\/\/lamostradevalencia.com\/wp-content\/uploads\/2025\/09\/1.jpg 780w, https:\/\/lamostradevalencia.com\/wp-content\/uploads\/2025\/09\/1.jpg 360w\" sizes=\"auto, (max-width: 480px) 150px\" src=\"https:\/\/lamostradevalencia.com\/wp-content\/uploads\/2025\/09\/1.jpg\" alt=\"\" class=\"uag-image-26864\" width=\"900\" height=\"600\" title=\"1\" loading=\"lazy\" role=\"img\"\/><\/figure><\/div>\n\n\n\n<p>La Mostra de Val\u00e8ncia &#8211; Cinema del Mediterrani presenta este dijous 11 de setembre, a l\u2019Oceanogr\u00e0fic, la preestrena de la pel\u00b7l\u00edcula \u2018El cautivo\u2019 d&#8217;Alejandro Amen\u00e1bar, que va tindre la seua estrena mundial diumenge passat en el Festival Internacional de Cinema de Toronto (TIFF), en la secci\u00f3 \u2018Special Presentations\u2019. La pel\u00b7l\u00edcula va ser rebuda amb una gran ovaci\u00f3 i la seua arribada als cinemes ser\u00e0 este divendres 12 de setembre.<\/p>\n\n\n\n<p>Esta preestrena comptar\u00e0 amb la pres\u00e8ncia del director Alejandro Amen\u00e1bar, els actors Julio Pe\u00f1a Fern\u00e1ndez, Fernando Tejero i Luna Berroa, aix\u00ed com el productor Fernando Bovaira, i est\u00e0 organitzat per MOD Producciones, l&#8217;Ajuntament de Val\u00e8ncia, el Palau de la M\u00fasica i la Mostra de Val\u00e8ncia, amb la col\u00b7laboraci\u00f3 de l\u2019Oceanogr\u00e0fic i l&#8217;Institut Valenci\u00e0 de Cultura.<\/p>\n\n\n\n<p>El regidor d&#8217;Acci\u00f3 Cultural, Patrimoni i Recursos Culturals, Jos\u00e9 Luis Moreno, ha valorat molt positivament la preestrena de \u2018El cautivo\u2019, d&#8217;Alejandro Amen\u00e1bar, a Val\u00e8ncia. \u201cDes de l&#8217;actual govern municipal volem contribuir, a trav\u00e9s de la Mostra de Val\u00e8ncia &#8211; Cinema del Mediterrani, a la difusi\u00f3 i a la promoci\u00f3 de l&#8217;audiovisual mediterrani, potenciant la nostra ciutat com a lloc de trobada de la ind\u00fastria audiovisual i de celebraci\u00f3 d&#8217;importants esdeveniments dins del sector audiovisual i cinematogr\u00e0fic. I esta preestrena \u00e9s, sens dubte, un d&#8217;ells\u201d.<\/p>\n\n\n\n<p>Jos\u00e9 Luis Moreno ha afegit que \u2018El cautivo\u2019 \u201cens convida a revisitar una part fonamental de la nostra hist\u00f2ria moderna, aportant una nova visi\u00f3 sobre la vida, entre les armes i les lletres, d&#8217;un dels nostres escriptors m\u00e9s influents de la literatura universal, Miguel de Cervantes. I aix\u00f2 de la m\u00e0 d&#8217;un dels cineastes espanyols m\u00e9s reconeguts i llorejats dins del panorama internacional, Alejandro Amen\u00e1bar, amb la producci\u00f3 d&#8217;una productora valenciana referent en el panorama nacional com MOD Producciones\u201d, ha concl\u00f2s el regidor. Fernando Bovaira, productor de la pel\u00b7l\u00edcula ha assenyalat que \u201chem volgut preestrenar la pel\u00b7l\u00edcula a Val\u00e8ncia per a retornar l&#8217;entusiasme i suport constant que hem rebut de les institucions, t\u00e8cnics i actors valencians\u201d.<\/p>\n\n\n\n<div class=\"wp-block-uagb-image uagb-block-ae19ef5d wp-block-uagb-image--layout-default wp-block-uagb-image--effect-static wp-block-uagb-image--align-none\"><figure class=\"wp-block-uagb-image__figure\"><img decoding=\"async\" srcset=\"https:\/\/lamostradevalencia.com\/wp-content\/uploads\/2025\/09\/3.jpg ,https:\/\/lamostradevalencia.com\/wp-content\/uploads\/2025\/09\/3.jpg 780w, https:\/\/lamostradevalencia.com\/wp-content\/uploads\/2025\/09\/3.jpg 360w\" sizes=\"auto, (max-width: 480px) 150px\" src=\"https:\/\/lamostradevalencia.com\/wp-content\/uploads\/2025\/09\/3.jpg\" alt=\"\" class=\"uag-image-26874\" width=\"900\" height=\"572\" title=\"3\" loading=\"lazy\" role=\"img\"\/><\/figure><\/div>\n\n\n\n<p>L&#8217;estrena a Toronto marca l&#8217;inici del recorregut internacional de \u2018El cautivo\u2019. El seu director, Alejandro Amen\u00e1bar, va presentar en la mateixa secci\u00f3 \u2018Mar adentro\u2019 (Oscar a la millor pel\u00b7l\u00edcula internacional) i \u2018Mientras dure la guerra\u2019. Amb gui\u00f3 del mateix Amen\u00e1bar, \u2018El cautivo\u2019 est\u00e0 protagonitzada per Julio Pe\u00f1a i Alessandro Borghi, que al costat de Miguel Rell\u00e1n, Fernando Tejero, Luis Callejo, Jos\u00e9 Manuel Poga, Roberto \u00c1lamo, Albert Salazar, Juanma Muniagurria, C\u00e9sar Sarachu, Jorge As\u00edn, Mohamed Said, Walid Charaf i Luna Berroa, entre altres, completen el repartiment.<\/p>\n\n\n\n<p>La pel\u00b7l\u00edcula est\u00e0 rodada en la Comunitat Valenciana (Alacant, Santa Pola i la Ciutat de la Llum), aix\u00ed com en els Reals Alc\u00e0ssers de Sevilla, i \u00e9s una coproducci\u00f3 hispanoitaliana a c\u00e0rrec de MOD Producciones, Himen\u00f2pter, Misent Producciones, MOD Pictures i Propaganda Italia i compta amb la participaci\u00f3 de Netflix, RTVE i RAI Cinema i amb el finan\u00e7ament de l&#8217;ICAA &#8211; Ministeri de Cultura &#8211; Govern d&#8217;Espanya i el Ministeri de Cultura Itali\u00e0, amb la col\u00b7laboraci\u00f3 de la Generalitat Valenciana, amb el suport d&#8217;Eurimages i Regione Lazio, amb el finan\u00e7ament d&#8217;Arcano i amb la participaci\u00f3 de CREA SGR.<\/p>\n\n\n\n<p>La pel\u00b7l\u00edcula es desenrotlla l&#8217;any 1575, quan el jove soldat Miguel de Cervantes \u00e9s capturat en alta mar per corsaris \u00e0rabs i portat a Alger com a ostatge. Conscient que all\u00ed li espera una cruel mort si la seua fam\u00edlia no paga prompte el seu rescat, el protagonista trobar\u00e0 refugi en la seua passi\u00f3 per contar hist\u00f2ries. Els seus fascinants relats retornen l&#8217;esperan\u00e7a als seus companys de pres\u00f3 i acaben per cridar l&#8217;atenci\u00f3 d&#8217;Has\u00e1n, el misteri\u00f3s i temut Paix\u00e0 d&#8217;Alger, amb el qual comen\u00e7a a desenrotllar una estranya afinitat. Mentre els conflictes creixen entre els seus companys, Miguel, portat pel seu indestructible optimisme, comen\u00e7ar\u00e0 a idear un arriscat pla de fugida.<\/p>\n","protected":false},"excerpt":{"rendered":"<p>La Mostra de Val\u00e8ncia &#8211; Cinema del Mediterrani presenta este dijous 11 de setembre, a l\u2019Oceanogr\u00e0fic, la preestrena de la pel\u00b7l\u00edcula \u2018El cautivo\u2019 d&#8217;Alejandro Amen\u00e1bar, [&hellip;]<\/p>\n","protected":false},"author":1,"featured_media":26869,"comment_status":"open","ping_status":"open","sticky":false,"template":"","format":"standard","meta":{"_uag_custom_page_level_css":"","_jet_sm_ready_style":"","_jet_sm_style":"","_jet_sm_controls_values":"","_jet_sm_fonts_collection":"","_jet_sm_fonts_links":"","footnotes":""},"categories":[455],"tags":[],"class_list":["post-26859","post","type-post","status-publish","format-standard","has-post-thumbnail","hentry","category-noticies"],"yoast_head":"<!-- This site is optimized with the Yoast SEO plugin v27.5 - https:\/\/yoast.com\/product\/yoast-seo-wordpress\/ -->\n<title>La Mostra de Val\u00e8ncia presenta a l\u2019Oceanogr\u00e0fic la preestrena de la pel\u00b7l\u00edcula &#039;El cautivo&#039; d&#039;Alejandro Amen\u00e1bar - Mostra de Val\u00e8ncia<\/title>\n<meta name=\"robots\" content=\"index, follow, max-snippet:-1, max-image-preview:large, max-video-preview:-1\" \/>\n<link rel=\"canonical\" href=\"https:\/\/lamostradevalencia.com\/ca\/la-mostra-de-valencia-presenta-a-loceanografic-la-preestrena-de-la-pellicula-el-cautivo-dalejandro-amenabar\/\" \/>\n<meta property=\"og:locale\" content=\"ca_ES\" \/>\n<meta property=\"og:type\" content=\"article\" \/>\n<meta property=\"og:title\" content=\"La Mostra de Val\u00e8ncia presenta a l\u2019Oceanogr\u00e0fic la preestrena de la pel\u00b7l\u00edcula &#039;El cautivo&#039; d&#039;Alejandro Amen\u00e1bar - Mostra de Val\u00e8ncia\" \/>\n<meta property=\"og:description\" content=\"La Mostra de Val\u00e8ncia &#8211; Cinema del Mediterrani presenta este dijous 11 de setembre, a l\u2019Oceanogr\u00e0fic, la preestrena de la pel\u00b7l\u00edcula \u2018El cautivo\u2019 d&#8217;Alejandro Amen\u00e1bar, [&hellip;]\" \/>\n<meta property=\"og:url\" content=\"https:\/\/lamostradevalencia.com\/ca\/la-mostra-de-valencia-presenta-a-loceanografic-la-preestrena-de-la-pellicula-el-cautivo-dalejandro-amenabar\/\" \/>\n<meta property=\"og:site_name\" content=\"Mostra de Val\u00e8ncia\" \/>\n<meta property=\"article:published_time\" content=\"2025-09-11T17:02:11+00:00\" \/>\n<meta property=\"article:modified_time\" content=\"2025-09-15T09:48:54+00:00\" \/>\n<meta property=\"og:image\" content=\"https:\/\/lamostradevalencia.com\/wp-content\/uploads\/2025\/09\/2.jpg\" \/>\n\t<meta property=\"og:image:width\" content=\"900\" \/>\n\t<meta property=\"og:image:height\" content=\"600\" \/>\n\t<meta property=\"og:image:type\" content=\"image\/jpeg\" \/>\n<meta name=\"author\" content=\"Mostra de Val\u00e8ncia\" \/>\n<meta name=\"twitter:card\" content=\"summary_large_image\" \/>\n<meta name=\"twitter:label1\" content=\"Escrit per\" \/>\n\t<meta name=\"twitter:data1\" content=\"Mostra de Val\u00e8ncia\" \/>\n\t<meta name=\"twitter:label2\" content=\"Temps estimat de lectura\" \/>\n\t<meta name=\"twitter:data2\" content=\"4 minuts\" \/>\n<script type=\"application\/ld+json\" class=\"yoast-schema-graph\">{\"@context\":\"https:\\\/\\\/schema.org\",\"@graph\":[{\"@type\":\"Article\",\"@id\":\"https:\\\/\\\/lamostradevalencia.com\\\/ca\\\/la-mostra-de-valencia-presenta-a-loceanografic-la-preestrena-de-la-pellicula-el-cautivo-dalejandro-amenabar\\\/#article\",\"isPartOf\":{\"@id\":\"https:\\\/\\\/lamostradevalencia.com\\\/ca\\\/la-mostra-de-valencia-presenta-a-loceanografic-la-preestrena-de-la-pellicula-el-cautivo-dalejandro-amenabar\\\/\"},\"author\":{\"name\":\"Mostra de Val\u00e8ncia\",\"@id\":\"https:\\\/\\\/lamostradevalencia.com\\\/ca\\\/#\\\/schema\\\/person\\\/1dc07e4df3d6310b81d2cdf6a034070c\"},\"headline\":\"La Mostra de Val\u00e8ncia presenta a l\u2019Oceanogr\u00e0fic la preestrena de la pel\u00b7l\u00edcula &#8216;El cautivo&#8217; d&#8217;Alejandro Amen\u00e1bar\",\"datePublished\":\"2025-09-11T17:02:11+00:00\",\"dateModified\":\"2025-09-15T09:48:54+00:00\",\"mainEntityOfPage\":{\"@id\":\"https:\\\/\\\/lamostradevalencia.com\\\/ca\\\/la-mostra-de-valencia-presenta-a-loceanografic-la-preestrena-de-la-pellicula-el-cautivo-dalejandro-amenabar\\\/\"},\"wordCount\":844,\"commentCount\":0,\"image\":{\"@id\":\"https:\\\/\\\/lamostradevalencia.com\\\/ca\\\/la-mostra-de-valencia-presenta-a-loceanografic-la-preestrena-de-la-pellicula-el-cautivo-dalejandro-amenabar\\\/#primaryimage\"},\"thumbnailUrl\":\"https:\\\/\\\/lamostradevalencia.com\\\/wp-content\\\/uploads\\\/2025\\\/09\\\/2.jpg\",\"articleSection\":[\"Noticies\"],\"inLanguage\":\"ca\",\"potentialAction\":[{\"@type\":\"CommentAction\",\"name\":\"Comment\",\"target\":[\"https:\\\/\\\/lamostradevalencia.com\\\/ca\\\/la-mostra-de-valencia-presenta-a-loceanografic-la-preestrena-de-la-pellicula-el-cautivo-dalejandro-amenabar\\\/#respond\"]}]},{\"@type\":\"WebPage\",\"@id\":\"https:\\\/\\\/lamostradevalencia.com\\\/ca\\\/la-mostra-de-valencia-presenta-a-loceanografic-la-preestrena-de-la-pellicula-el-cautivo-dalejandro-amenabar\\\/\",\"url\":\"https:\\\/\\\/lamostradevalencia.com\\\/ca\\\/la-mostra-de-valencia-presenta-a-loceanografic-la-preestrena-de-la-pellicula-el-cautivo-dalejandro-amenabar\\\/\",\"name\":\"La Mostra de Val\u00e8ncia presenta a l\u2019Oceanogr\u00e0fic la preestrena de la pel\u00b7l\u00edcula 'El cautivo' d'Alejandro Amen\u00e1bar - Mostra de Val\u00e8ncia\",\"isPartOf\":{\"@id\":\"https:\\\/\\\/lamostradevalencia.com\\\/ca\\\/#website\"},\"primaryImageOfPage\":{\"@id\":\"https:\\\/\\\/lamostradevalencia.com\\\/ca\\\/la-mostra-de-valencia-presenta-a-loceanografic-la-preestrena-de-la-pellicula-el-cautivo-dalejandro-amenabar\\\/#primaryimage\"},\"image\":{\"@id\":\"https:\\\/\\\/lamostradevalencia.com\\\/ca\\\/la-mostra-de-valencia-presenta-a-loceanografic-la-preestrena-de-la-pellicula-el-cautivo-dalejandro-amenabar\\\/#primaryimage\"},\"thumbnailUrl\":\"https:\\\/\\\/lamostradevalencia.com\\\/wp-content\\\/uploads\\\/2025\\\/09\\\/2.jpg\",\"datePublished\":\"2025-09-11T17:02:11+00:00\",\"dateModified\":\"2025-09-15T09:48:54+00:00\",\"author\":{\"@id\":\"https:\\\/\\\/lamostradevalencia.com\\\/ca\\\/#\\\/schema\\\/person\\\/1dc07e4df3d6310b81d2cdf6a034070c\"},\"breadcrumb\":{\"@id\":\"https:\\\/\\\/lamostradevalencia.com\\\/ca\\\/la-mostra-de-valencia-presenta-a-loceanografic-la-preestrena-de-la-pellicula-el-cautivo-dalejandro-amenabar\\\/#breadcrumb\"},\"inLanguage\":\"ca\",\"potentialAction\":[{\"@type\":\"ReadAction\",\"target\":[\"https:\\\/\\\/lamostradevalencia.com\\\/ca\\\/la-mostra-de-valencia-presenta-a-loceanografic-la-preestrena-de-la-pellicula-el-cautivo-dalejandro-amenabar\\\/\"]}]},{\"@type\":\"ImageObject\",\"inLanguage\":\"ca\",\"@id\":\"https:\\\/\\\/lamostradevalencia.com\\\/ca\\\/la-mostra-de-valencia-presenta-a-loceanografic-la-preestrena-de-la-pellicula-el-cautivo-dalejandro-amenabar\\\/#primaryimage\",\"url\":\"https:\\\/\\\/lamostradevalencia.com\\\/wp-content\\\/uploads\\\/2025\\\/09\\\/2.jpg\",\"contentUrl\":\"https:\\\/\\\/lamostradevalencia.com\\\/wp-content\\\/uploads\\\/2025\\\/09\\\/2.jpg\",\"width\":900,\"height\":600},{\"@type\":\"BreadcrumbList\",\"@id\":\"https:\\\/\\\/lamostradevalencia.com\\\/ca\\\/la-mostra-de-valencia-presenta-a-loceanografic-la-preestrena-de-la-pellicula-el-cautivo-dalejandro-amenabar\\\/#breadcrumb\",\"itemListElement\":[{\"@type\":\"ListItem\",\"position\":1,\"name\":\"Portada\",\"item\":\"https:\\\/\\\/lamostradevalencia.com\\\/ca\\\/\"},{\"@type\":\"ListItem\",\"position\":2,\"name\":\"La Mostra de Val\u00e8ncia presenta a l\u2019Oceanogr\u00e0fic la preestrena de la pel\u00b7l\u00edcula &#8216;El cautivo&#8217; d&#8217;Alejandro Amen\u00e1bar\"}]},{\"@type\":\"WebSite\",\"@id\":\"https:\\\/\\\/lamostradevalencia.com\\\/ca\\\/#website\",\"url\":\"https:\\\/\\\/lamostradevalencia.com\\\/ca\\\/\",\"name\":\"Mostra de Val\u00e8ncia\",\"description\":\"Cinema del Mediterrani\",\"potentialAction\":[{\"@type\":\"SearchAction\",\"target\":{\"@type\":\"EntryPoint\",\"urlTemplate\":\"https:\\\/\\\/lamostradevalencia.com\\\/ca\\\/?s={search_term_string}\"},\"query-input\":{\"@type\":\"PropertyValueSpecification\",\"valueRequired\":true,\"valueName\":\"search_term_string\"}}],\"inLanguage\":\"ca\"},{\"@type\":\"Person\",\"@id\":\"https:\\\/\\\/lamostradevalencia.com\\\/ca\\\/#\\\/schema\\\/person\\\/1dc07e4df3d6310b81d2cdf6a034070c\",\"name\":\"Mostra de Val\u00e8ncia\",\"image\":{\"@type\":\"ImageObject\",\"inLanguage\":\"ca\",\"@id\":\"https:\\\/\\\/secure.gravatar.com\\\/avatar\\\/ada4dfd699a9907706987adb1bb2b361c2613ccca474b49b8c648de5208e32f8?s=96&d=mm&r=g\",\"url\":\"https:\\\/\\\/secure.gravatar.com\\\/avatar\\\/ada4dfd699a9907706987adb1bb2b361c2613ccca474b49b8c648de5208e32f8?s=96&d=mm&r=g\",\"contentUrl\":\"https:\\\/\\\/secure.gravatar.com\\\/avatar\\\/ada4dfd699a9907706987adb1bb2b361c2613ccca474b49b8c648de5208e32f8?s=96&d=mm&r=g\",\"caption\":\"Mostra de Val\u00e8ncia\"}}]}<\/script>\n<!-- \/ Yoast SEO plugin. -->","yoast_head_json":{"title":"La Mostra de Val\u00e8ncia presenta a l\u2019Oceanogr\u00e0fic la preestrena de la pel\u00b7l\u00edcula 'El cautivo' d'Alejandro Amen\u00e1bar - Mostra de Val\u00e8ncia","robots":{"index":"index","follow":"follow","max-snippet":"max-snippet:-1","max-image-preview":"max-image-preview:large","max-video-preview":"max-video-preview:-1"},"canonical":"https:\/\/lamostradevalencia.com\/ca\/la-mostra-de-valencia-presenta-a-loceanografic-la-preestrena-de-la-pellicula-el-cautivo-dalejandro-amenabar\/","og_locale":"ca_ES","og_type":"article","og_title":"La Mostra de Val\u00e8ncia presenta a l\u2019Oceanogr\u00e0fic la preestrena de la pel\u00b7l\u00edcula 'El cautivo' d'Alejandro Amen\u00e1bar - Mostra de Val\u00e8ncia","og_description":"La Mostra de Val\u00e8ncia &#8211; Cinema del Mediterrani presenta este dijous 11 de setembre, a l\u2019Oceanogr\u00e0fic, la preestrena de la pel\u00b7l\u00edcula \u2018El cautivo\u2019 d&#8217;Alejandro Amen\u00e1bar, [&hellip;]","og_url":"https:\/\/lamostradevalencia.com\/ca\/la-mostra-de-valencia-presenta-a-loceanografic-la-preestrena-de-la-pellicula-el-cautivo-dalejandro-amenabar\/","og_site_name":"Mostra de Val\u00e8ncia","article_published_time":"2025-09-11T17:02:11+00:00","article_modified_time":"2025-09-15T09:48:54+00:00","og_image":[{"width":900,"height":600,"url":"https:\/\/lamostradevalencia.com\/wp-content\/uploads\/2025\/09\/2.jpg","type":"image\/jpeg"}],"author":"Mostra de Val\u00e8ncia","twitter_card":"summary_large_image","twitter_misc":{"Escrit per":"Mostra de Val\u00e8ncia","Temps estimat de lectura":"4 minuts"},"schema":{"@context":"https:\/\/schema.org","@graph":[{"@type":"Article","@id":"https:\/\/lamostradevalencia.com\/ca\/la-mostra-de-valencia-presenta-a-loceanografic-la-preestrena-de-la-pellicula-el-cautivo-dalejandro-amenabar\/#article","isPartOf":{"@id":"https:\/\/lamostradevalencia.com\/ca\/la-mostra-de-valencia-presenta-a-loceanografic-la-preestrena-de-la-pellicula-el-cautivo-dalejandro-amenabar\/"},"author":{"name":"Mostra de Val\u00e8ncia","@id":"https:\/\/lamostradevalencia.com\/ca\/#\/schema\/person\/1dc07e4df3d6310b81d2cdf6a034070c"},"headline":"La Mostra de Val\u00e8ncia presenta a l\u2019Oceanogr\u00e0fic la preestrena de la pel\u00b7l\u00edcula &#8216;El cautivo&#8217; d&#8217;Alejandro Amen\u00e1bar","datePublished":"2025-09-11T17:02:11+00:00","dateModified":"2025-09-15T09:48:54+00:00","mainEntityOfPage":{"@id":"https:\/\/lamostradevalencia.com\/ca\/la-mostra-de-valencia-presenta-a-loceanografic-la-preestrena-de-la-pellicula-el-cautivo-dalejandro-amenabar\/"},"wordCount":844,"commentCount":0,"image":{"@id":"https:\/\/lamostradevalencia.com\/ca\/la-mostra-de-valencia-presenta-a-loceanografic-la-preestrena-de-la-pellicula-el-cautivo-dalejandro-amenabar\/#primaryimage"},"thumbnailUrl":"https:\/\/lamostradevalencia.com\/wp-content\/uploads\/2025\/09\/2.jpg","articleSection":["Noticies"],"inLanguage":"ca","potentialAction":[{"@type":"CommentAction","name":"Comment","target":["https:\/\/lamostradevalencia.com\/ca\/la-mostra-de-valencia-presenta-a-loceanografic-la-preestrena-de-la-pellicula-el-cautivo-dalejandro-amenabar\/#respond"]}]},{"@type":"WebPage","@id":"https:\/\/lamostradevalencia.com\/ca\/la-mostra-de-valencia-presenta-a-loceanografic-la-preestrena-de-la-pellicula-el-cautivo-dalejandro-amenabar\/","url":"https:\/\/lamostradevalencia.com\/ca\/la-mostra-de-valencia-presenta-a-loceanografic-la-preestrena-de-la-pellicula-el-cautivo-dalejandro-amenabar\/","name":"La Mostra de Val\u00e8ncia presenta a l\u2019Oceanogr\u00e0fic la preestrena de la pel\u00b7l\u00edcula 'El cautivo' d'Alejandro Amen\u00e1bar - Mostra de Val\u00e8ncia","isPartOf":{"@id":"https:\/\/lamostradevalencia.com\/ca\/#website"},"primaryImageOfPage":{"@id":"https:\/\/lamostradevalencia.com\/ca\/la-mostra-de-valencia-presenta-a-loceanografic-la-preestrena-de-la-pellicula-el-cautivo-dalejandro-amenabar\/#primaryimage"},"image":{"@id":"https:\/\/lamostradevalencia.com\/ca\/la-mostra-de-valencia-presenta-a-loceanografic-la-preestrena-de-la-pellicula-el-cautivo-dalejandro-amenabar\/#primaryimage"},"thumbnailUrl":"https:\/\/lamostradevalencia.com\/wp-content\/uploads\/2025\/09\/2.jpg","datePublished":"2025-09-11T17:02:11+00:00","dateModified":"2025-09-15T09:48:54+00:00","author":{"@id":"https:\/\/lamostradevalencia.com\/ca\/#\/schema\/person\/1dc07e4df3d6310b81d2cdf6a034070c"},"breadcrumb":{"@id":"https:\/\/lamostradevalencia.com\/ca\/la-mostra-de-valencia-presenta-a-loceanografic-la-preestrena-de-la-pellicula-el-cautivo-dalejandro-amenabar\/#breadcrumb"},"inLanguage":"ca","potentialAction":[{"@type":"ReadAction","target":["https:\/\/lamostradevalencia.com\/ca\/la-mostra-de-valencia-presenta-a-loceanografic-la-preestrena-de-la-pellicula-el-cautivo-dalejandro-amenabar\/"]}]},{"@type":"ImageObject","inLanguage":"ca","@id":"https:\/\/lamostradevalencia.com\/ca\/la-mostra-de-valencia-presenta-a-loceanografic-la-preestrena-de-la-pellicula-el-cautivo-dalejandro-amenabar\/#primaryimage","url":"https:\/\/lamostradevalencia.com\/wp-content\/uploads\/2025\/09\/2.jpg","contentUrl":"https:\/\/lamostradevalencia.com\/wp-content\/uploads\/2025\/09\/2.jpg","width":900,"height":600},{"@type":"BreadcrumbList","@id":"https:\/\/lamostradevalencia.com\/ca\/la-mostra-de-valencia-presenta-a-loceanografic-la-preestrena-de-la-pellicula-el-cautivo-dalejandro-amenabar\/#breadcrumb","itemListElement":[{"@type":"ListItem","position":1,"name":"Portada","item":"https:\/\/lamostradevalencia.com\/ca\/"},{"@type":"ListItem","position":2,"name":"La Mostra de Val\u00e8ncia presenta a l\u2019Oceanogr\u00e0fic la preestrena de la pel\u00b7l\u00edcula &#8216;El cautivo&#8217; d&#8217;Alejandro Amen\u00e1bar"}]},{"@type":"WebSite","@id":"https:\/\/lamostradevalencia.com\/ca\/#website","url":"https:\/\/lamostradevalencia.com\/ca\/","name":"Mostra de Val\u00e8ncia","description":"Cinema del Mediterrani","potentialAction":[{"@type":"SearchAction","target":{"@type":"EntryPoint","urlTemplate":"https:\/\/lamostradevalencia.com\/ca\/?s={search_term_string}"},"query-input":{"@type":"PropertyValueSpecification","valueRequired":true,"valueName":"search_term_string"}}],"inLanguage":"ca"},{"@type":"Person","@id":"https:\/\/lamostradevalencia.com\/ca\/#\/schema\/person\/1dc07e4df3d6310b81d2cdf6a034070c","name":"Mostra de Val\u00e8ncia","image":{"@type":"ImageObject","inLanguage":"ca","@id":"https:\/\/secure.gravatar.com\/avatar\/ada4dfd699a9907706987adb1bb2b361c2613ccca474b49b8c648de5208e32f8?s=96&d=mm&r=g","url":"https:\/\/secure.gravatar.com\/avatar\/ada4dfd699a9907706987adb1bb2b361c2613ccca474b49b8c648de5208e32f8?s=96&d=mm&r=g","contentUrl":"https:\/\/secure.gravatar.com\/avatar\/ada4dfd699a9907706987adb1bb2b361c2613ccca474b49b8c648de5208e32f8?s=96&d=mm&r=g","caption":"Mostra de Val\u00e8ncia"}}]}},"uagb_featured_image_src":{"full":["https:\/\/lamostradevalencia.com\/wp-content\/uploads\/2025\/09\/2.jpg",900,600,false],"thumbnail":["https:\/\/lamostradevalencia.com\/wp-content\/uploads\/2025\/09\/2-150x150.jpg",150,150,true],"medium":["https:\/\/lamostradevalencia.com\/wp-content\/uploads\/2025\/09\/2-300x200.jpg",300,200,true],"medium_large":["https:\/\/lamostradevalencia.com\/wp-content\/uploads\/2025\/09\/2-768x512.jpg",768,512,true],"large":["https:\/\/lamostradevalencia.com\/wp-content\/uploads\/2025\/09\/2.jpg",900,600,false],"1536x1536":["https:\/\/lamostradevalencia.com\/wp-content\/uploads\/2025\/09\/2.jpg",900,600,false],"2048x2048":["https:\/\/lamostradevalencia.com\/wp-content\/uploads\/2025\/09\/2.jpg",900,600,false],"cinerama_edge_image_square":["https:\/\/lamostradevalencia.com\/wp-content\/uploads\/2025\/09\/2-550x550.jpg",550,550,true],"cinerama_edge_image_landscape":["https:\/\/lamostradevalencia.com\/wp-content\/uploads\/2025\/09\/2-900x550.jpg",900,550,true],"cinerama_edge_image_portrait":["https:\/\/lamostradevalencia.com\/wp-content\/uploads\/2025\/09\/2-550x600.jpg",550,600,true],"cinerama_edge_image_huge":["https:\/\/lamostradevalencia.com\/wp-content\/uploads\/2025\/09\/2.jpg",900,600,false],"gform-image-choice-sm":["https:\/\/lamostradevalencia.com\/wp-content\/uploads\/2025\/09\/2.jpg",300,200,false],"gform-image-choice-md":["https:\/\/lamostradevalencia.com\/wp-content\/uploads\/2025\/09\/2.jpg",400,267,false],"gform-image-choice-lg":["https:\/\/lamostradevalencia.com\/wp-content\/uploads\/2025\/09\/2.jpg",600,400,false]},"uagb_author_info":{"display_name":"Mostra de Val\u00e8ncia","author_link":"https:\/\/lamostradevalencia.com\/ca\/author\/mostravalencia\/"},"uagb_comment_info":0,"uagb_excerpt":"La Mostra de Val\u00e8ncia &#8211; Cinema del Mediterrani presenta este dijous 11 de setembre, a l\u2019Oceanogr\u00e0fic, la preestrena de la pel\u00b7l\u00edcula \u2018El cautivo\u2019 d&#8217;Alejandro Amen\u00e1bar, [&hellip;]","_links":{"self":[{"href":"https:\/\/lamostradevalencia.com\/ca\/wp-json\/wp\/v2\/posts\/26859","targetHints":{"allow":["GET"]}}],"collection":[{"href":"https:\/\/lamostradevalencia.com\/ca\/wp-json\/wp\/v2\/posts"}],"about":[{"href":"https:\/\/lamostradevalencia.com\/ca\/wp-json\/wp\/v2\/types\/post"}],"author":[{"embeddable":true,"href":"https:\/\/lamostradevalencia.com\/ca\/wp-json\/wp\/v2\/users\/1"}],"replies":[{"embeddable":true,"href":"https:\/\/lamostradevalencia.com\/ca\/wp-json\/wp\/v2\/comments?post=26859"}],"version-history":[{"count":2,"href":"https:\/\/lamostradevalencia.com\/ca\/wp-json\/wp\/v2\/posts\/26859\/revisions"}],"predecessor-version":[{"id":26879,"href":"https:\/\/lamostradevalencia.com\/ca\/wp-json\/wp\/v2\/posts\/26859\/revisions\/26879"}],"wp:featuredmedia":[{"embeddable":true,"href":"https:\/\/lamostradevalencia.com\/ca\/wp-json\/wp\/v2\/media\/26869"}],"wp:attachment":[{"href":"https:\/\/lamostradevalencia.com\/ca\/wp-json\/wp\/v2\/media?parent=26859"}],"wp:term":[{"taxonomy":"category","embeddable":true,"href":"https:\/\/lamostradevalencia.com\/ca\/wp-json\/wp\/v2\/categories?post=26859"},{"taxonomy":"post_tag","embeddable":true,"href":"https:\/\/lamostradevalencia.com\/ca\/wp-json\/wp\/v2\/tags?post=26859"}],"curies":[{"name":"wp","href":"https:\/\/api.w.org\/{rel}","templated":true}]}}