{"id":26832,"date":"2025-08-06T11:23:14","date_gmt":"2025-08-06T09:23:14","guid":{"rendered":"https:\/\/lamostradevalencia.com\/convocatoria40-mostra-de-valencia-cinema-del-mediterrani\/"},"modified":"2025-08-06T12:56:43","modified_gmt":"2025-08-06T10:56:43","slug":"convocatoria-40-mostra-de-valencia-cinema-del-mediterrani","status":"publish","type":"post","link":"https:\/\/lamostradevalencia.com\/ca\/convocatoria-40-mostra-de-valencia-cinema-del-mediterrani\/","title":{"rendered":"CONVOCAT\u00d2RIA 40 MOSTRA DE VAL\u00c8NCIA-CINEMA DEL MEDITERRANI"},"content":{"rendered":"<div class=\"wpb-content-wrapper\"><p>[vc_row][vc_column][vc_column_text css=&#8221;&#8221;]<\/p>\n<h3><strong>1.PRESENTACI\u00d3<\/strong><\/h3>\n<p>La <em>Mostra de Val\u00e8ncia-Cinema del Mediterrani<\/em> \u00e9s un <strong>festival internacional impulsat per l\u2019Ajuntament de Val\u00e8ncia<\/strong>, Espanya, amb l\u2019objectiu d\u2019exhibir i promocionar el cinema de la conca mediterr\u00e0nia, com a marc de refer\u00e8ncia geogr\u00e0fic i cultural. Compta amb l\u2019acreditaci\u00f3 de la FIAPF com a festival de cine especialitzat.<\/p>\n<p>&nbsp;<\/p>\n<h3><strong>2.OBJECTE<\/strong><\/h3>\n<p>La present convocat\u00f2ria t\u00e9 per objecte obrir una via d&#8217;inscripci\u00f3 per a totes aquelles pel\u00b7l\u00edcules que vulguen optar a competir en la Secci\u00f3 Oficial i Secci\u00f3 La Cabina, de la 40 edici\u00f3 de la <em>Mostra de Val\u00e8ncia-Cinema del Mediterrani<\/em>, que tindr\u00e0 lloc del 23 d&#8217;octubre al 2 de novembre de 2025 a la ciutat de Val\u00e8ncia, i que complisquen amb els requisits estipulats en la present convocat\u00f2ria i les seues bases.<\/p>\n<p><strong>\u00a0<\/strong><\/p>\n<h3><strong>3.ASPIRANTS<\/strong><\/h3>\n<p>Poden optar a participar en la <strong>Secci\u00f3 Oficial els llargmetratges de ficci\u00f3 i no ficci\u00f3 produ\u00efts o coprodu\u00efts en qualsevol dels pa\u00efsos compresos en l&#8217;\u00e0mbit del festival<\/strong> (*), realitzats a partir de l&#8217;u de gener de 2024 i que no hagen sigut estrenats en sales p\u00fabliques, DVD, v\u00eddeo, televisi\u00f3 o plataformes de v\u00eddeo sota demanda a Espanya ni hagen participat en cap festival de cinema espanyol abans o durant la celebraci\u00f3 de la 40 <em>Mostra de Val\u00e8ncia-Cinema del Mediterrani<\/em>. \u00c9s a dir, que garantisquen l&#8217;estrena espanyola en el certamen. <strong>D&#8217;entre totes les pel\u00b7l\u00edcules inscrites, l&#8217;organitzaci\u00f3 seleccionar\u00e0 aquelles que entraran a competir en la Secci\u00f3 Oficial<\/strong>. El resultat d&#8217;esta selecci\u00f3 no admetr\u00e0 recurs. Nom\u00e9s podran participar en la Secci\u00f3 Oficial de la 40 <em>Mostra de Val\u00e8ncia-Cinema del Mediterrani<\/em> pel\u00b7l\u00edcules d&#8217;empreses productores que no estiguen incurses en alguna de les causes de prohibici\u00f3 per a obtindre la condici\u00f3 de beneficiari de l&#8217;article 13 de la Llei 38\/2003, de 17 de novembre, General de Subvencions i la disposici\u00f3 addicional segona de l&#8217;Ordenan\u00e7a general de subvencions de l&#8217;Ajuntament de Val\u00e8ncia i els seus organismes p\u00fablics.<\/p>\n<p>Poden optar a participar en la <strong>Secci\u00f3 La Cabina els <\/strong><strong>mig<\/strong><strong>metratges <\/strong><strong>(amb duraci\u00f3 entre 30 i 59 minuts) de ficci\u00f3, no ficci\u00f3 i animaci\u00f3, produ\u00efts o coprodu\u00efts en qualsevol dels pa\u00efsos compresos en l&#8217;\u00e0mbit del festival <\/strong>(*), realitzats a partir de l&#8217;u de gener de 2024 i que no hagen sigut estrenats en sales p\u00fabliques, DVD, v\u00eddeo, televisi\u00f3 o plataformes de v\u00eddeo sota demanda a Espanya ni hagen participat en cap festival de cinema espanyol abans o durant la celebraci\u00f3 de la 40 <em>Mostra de Val\u00e8ncia-Cinema del Mediterrani<\/em>. \u00c9s a dir, que garantisquen l&#8217;estrena espanyola en el certamen. <strong>D&#8217;entre totes les pel\u00b7l\u00edcules inscrites, l&#8217;organitzaci\u00f3 seleccionar\u00e0 aquelles que entraran a competir en la Secci\u00f3 La Cabina<\/strong>. El resultat d&#8217;esta selecci\u00f3 no admetr\u00e0 recurs. Nom\u00e9s podran participar en la Secci\u00f3 La Cabina de la 40 <em>Mostra de Val\u00e8ncia-Cinema del Mediterrani<\/em> pel\u00b7l\u00edcules d&#8217;empreses productores que no estiguen incurses en alguna de les causes de prohibici\u00f3 per a obtindre la condici\u00f3 de beneficiari de l&#8217;article 13 de la Llei 38\/2003, de 17 de novembre, General de Subvencions i la disposici\u00f3 addicional segona de l&#8217;Ordenan\u00e7a general de subvencions de l&#8217;Ajuntament de Val\u00e8ncia i els seus organismes p\u00fablics.<\/p>\n<p>&nbsp;<\/p>\n<h3><strong>4.INSCRIPCI\u00d3<\/strong><\/h3>\n<p>La inscripci\u00f3 per a optar a la participaci\u00f3 en la Secci\u00f3 Oficial es realitzar\u00e0 de manera en l\u00ednia <strong>a trav\u00e9s de les plataformes Festhome o FilmFreeway a partir de l&#8217;endem\u00e0 de la publicaci\u00f3 de l&#8217;extracte de la convocat\u00f2ria en el Butllet\u00ed Oficial de la Prov\u00edncia rem\u00e9s a trav\u00e9s de la Base de dades Nacional de Subvencions i fins al 15 d&#8217;agost de 2025<\/strong>. Per al proc\u00e9s d&#8217;inscripci\u00f3 cal tindre en compte que, per al seu visionat, les pel\u00b7l\u00edcules hauran de presentar-se en <strong>versi\u00f3 original amb subt\u00edtols en angl\u00e9s<\/strong>, a excepci\u00f3 d&#8217;aquelles que estiguen realitzades en versi\u00f3 original en castell\u00e0, versi\u00f3 original en valenci\u00e0, versi\u00f3 original en catal\u00e0 o versi\u00f3 original en angl\u00e9s, que no requeriran de subtitulat addicional. Cada pel\u00b7l\u00edcula requerix una inscripci\u00f3.<\/p>\n<p><strong>La inscripci\u00f3 no implica la participaci\u00f3 de les pel\u00b7l\u00edcules en la Secci\u00f3 Oficial i La Cabina si no superen el proc\u00e9s de selecci\u00f3.<\/strong><\/p>\n<p>&nbsp;<\/p>\n<h3><strong>5.PEL\u00b7L\u00cdCULES CONVIDADES<\/strong><\/h3>\n<p>L&#8217;organitzaci\u00f3 es reserva la facultat de convidar a participar directament en les seccions a competici\u00f3 a pel\u00b7l\u00edcules seleccionades per altres vies, per mitj\u00e0 d&#8217;una invitaci\u00f3 formal que podr\u00e0 tindre lloc en qualsevol moment abans de la celebraci\u00f3 del festival. <strong>Les pel\u00b7l\u00edcules convidades hauran d&#8217;efectuar un acte expr\u00e9s d&#8217;acceptaci\u00f3 de la invitaci\u00f3 mitjan\u00e7ant una sol\u00b7licitud a este efecte.<\/strong><\/p>\n<p><strong>\u00a0<\/strong><\/p>\n<h3><strong>6.PREMIS AMB DOTACI\u00d3 ECON\u00d2MICA<\/strong><\/h3>\n<p>Les pel\u00b7l\u00edcules que, mitjan\u00e7ant esta convocat\u00f2ria, siguen seleccionades per a participar en les seccions competitives podran optar a premis amb dotaci\u00f3 econ\u00f2mica a c\u00e0rrec de l&#8217;aplicaci\u00f3 pressupost\u00e0ria 2025\/BPA600000\/334\/489.01 \u00abAltres transfer\u00e8ncies corrents\u00bb pels seg\u00fcents imports:<\/p>\n<ul>\n<li>Palmera d&#8217;Or &#8211; 30.000 \u20ac<\/li>\n<li>Subvenci\u00f3 directa a la distribuci\u00f3 de Palmera d&#8217;Or \u2013 15.000 \u20ac<\/li>\n<li>Palmera de Plata\/Premi especial del Jurat &#8211; 20.000 \u20ac<\/li>\n<li>Premi La Cabina &#8211; 5.000 \u20ac<\/li>\n<li>Subvenci\u00f3 directa a la distribuci\u00f3 del Premi La Cabina \u2013 5.000 \u20ac<\/li>\n<li>Premi del P\u00fablico Ciutat de Val\u00e8ncia \u2013 10.000 \u20ac<\/li>\n<\/ul>\n<p>La quantia dels premis est\u00e0 subjecta a les retencions que marque la legislaci\u00f3 vigent en el moment del seu abonament i s&#8217;entendran, en tot cas, incloses en l&#8217;assignaci\u00f3 econ\u00f2mica del premi.<\/p>\n<p>Els premis seran compatibles amb altres subvencions, ajudes, ingressos o recursos per a la mateixa finalitat, procedents de qualsevol administraci\u00f3 o ens p\u00fablics o privats, nacionals, de la Uni\u00f3 Europea o d&#8217;organismes internacionals.<\/p>\n<p>El premi a la producci\u00f3 s&#8217;abonar\u00e0 a l&#8217;entitat (persona f\u00edsica o jur\u00eddica) productora de la pel\u00b7l\u00edcula. En cas que participen diverses productores en el finan\u00e7ament de la pel\u00b7l\u00edcula, el premi s&#8217;abonar\u00e0 a aquella que tinga major participaci\u00f3.<\/p>\n<p>La subvenci\u00f3 directa a la distribuci\u00f3 s&#8217;abonar\u00e0 a l&#8217;entitat (persona f\u00edsica o jur\u00eddica) que distribu\u00efsca la pel\u00b7l\u00edcula guanyadora de la Palmera d&#8217;Or i del Premi La Cabina en sales comercials d&#8217;Espanya en el termini d&#8217;un any a comptar des de la finalitzaci\u00f3 del festival, i pr\u00e8via justificaci\u00f3 del treball i gasto realitzat (**). L&#8217;abonament d&#8217;esta subvenci\u00f3 directa quedar\u00e0, en tot cas, supeditat a l&#8217;exist\u00e8ncia de cr\u00e8dit adequat i suficient en l&#8217;exercici pressupostari 2026.<\/p>\n<p>&nbsp;<\/p>\n<p>Es tracta d&#8217;una subvenci\u00f3 directa ja que va associada a l&#8217;acord de distribuci\u00f3 espanyola del film que va obtindre la Palmera d&#8217;Or i el Premi La Cabina en el festival. La subvenci\u00f3 s&#8217;atorgar\u00e0 a la persona f\u00edsica o jur\u00eddica amb seu a Espanya que tancament un contracte amb la pel\u00b7l\u00edcula guanyadora amb la finalitat de distribuir-la als cinemes espanyols en els termes que es determinen en la convocat\u00f2ria anual. En este sentit, les pel\u00b7l\u00edcules poden contar ja amb un contracte per a la seua distribuci\u00f3 a Espanya abans de la seua inscripci\u00f3 en el festival o aconseguir-lo durant o despr\u00e9s de la seua participaci\u00f3.<\/p>\n<p>Si la pel\u00b7l\u00edcula guanyadora de la Palmera d&#8217;Or i del Premi La Cabina no compta amb un acord de distribuci\u00f3 a Espanya en el moment de resultar guardonada, s&#8217;obrir\u00e0 un termini de sis mesos a comptar des de la finalitzaci\u00f3 del festival per a tancar un contracte que complisca amb les especificacions requerides. De no obtindre&#8217;s el contracte en el termini previst, la subvenci\u00f3 es quedar\u00e0 sense efecte i s&#8217;alliberar\u00e0 el cr\u00e8dit consignat per a ella sense que done lloc a indemnitzaci\u00f3 de cap mena a favor de les guanyadores per aix\u00f2.<\/p>\n<p><strong>\u00a0<\/strong><\/p>\n<h3><strong>7.R\u00c8GIM JUR\u00cdDIC APLICABLE<\/strong><\/h3>\n<p>Els premis amb dotaci\u00f3 econ\u00f2mica tenen la naturalesa jur\u00eddica de subvenci\u00f3, per tractar-se de disposicions diner\u00e0ries, per la qual cosa es regixen per la Disposici\u00f3 Addicional Segona de l&#8217;Ordenan\u00e7a General de Subvencions de l&#8217;Ajuntament de Val\u00e8ncia i els seus Organismes P\u00fablics, aprovada per acord plenari de 28 de juliol de 2016 i publicada en el BOP de 2 de novembre 2016, que regula la concessi\u00f3 de premis i que constitu\u00efx les bases amb car\u00e0cter general. En el no previst per la Disposici\u00f3 Addicional Segona, es regularan pel que es disposa en la resta d&#8217;esta Ordenan\u00e7a, excepte en aquells aspectes en els quals per l&#8217;especial naturalesa no resulte aplicable, en la Llei 38\/2003, de 17 de novembre, General de Subvencions i Reial decret 887\/2006, de 21 de juliol, pel qual s&#8217;aprova el Reglament de la Llei de Subvencions.<\/p>\n<p>&nbsp;<\/p>\n<h3><strong>8.ALTRES PREMIS<\/strong><\/h3>\n<p>Altres premis que s&#8217;atorgaran entre les pel\u00b7l\u00edcules participants en la Secci\u00f3 Oficial de la <em>Mostra de Val\u00e8ncia-Cinema del Mediterrani<\/em>, sense dotaci\u00f3 econ\u00f2mica, s\u00f3n:<\/p>\n<ul>\n<li>Millor direcci\u00f3<\/li>\n<li>Millor fotografia<\/li>\n<li>Millor gui\u00f3<\/li>\n<li>Millor interpretaci\u00f3 femenina<\/li>\n<li>Millor interpretaci\u00f3 masculina<\/li>\n<li>Millor banda sonora<\/li>\n<li>Millor Cartel<\/li>\n<\/ul>\n<p>Les pel\u00b7l\u00edcules participants en <em>Mostra de Val\u00e8ncia-Cinema del Mediterrani<\/em> poden ser tamb\u00e9 mereixedores de distincions provinents d&#8217;altres institucions en el marc d&#8217;acords de l\u2019OAM Palau de la M\u00fasica, Congressos i Orquestra de Val\u00e8ncia que no comporten dotaci\u00f3 econ\u00f2mica per part de l&#8217;organisme.<\/p>\n<h3><strong>9.REQUISITS DE LES PEL\u00b7L\u00cdCULES SELECCIONADES<\/strong><\/h3>\n<p>La projecci\u00f3 de les pel\u00b7l\u00edcules seleccionades per a participar en les seccions a competici\u00f3 es realitzar\u00e0 en 35mm o format digital Digital Cinema Package (DCP). <strong>Les pel\u00b7l\u00edcules que no oferisquen les garanties t\u00e8cniques necess\u00e0ries per a una bona projecci\u00f3 en p\u00fablic seran rebutjades.<\/strong><\/p>\n<p>Les productores i\/o distribu\u00efdores de les pel\u00b7l\u00edcules seleccionades hauran d&#8217;enviar a l&#8217;organitzaci\u00f3, abans de la celebraci\u00f3 del certamen, els seg\u00fcents materials:<\/p>\n<p><strong>C\u00f2pia de la pel\u00b7l\u00edcula en versi\u00f3 original, en 35 mm, en DCP o BluRay<\/strong>. Les c\u00f2pies quedaran en possessi\u00f3 de l&#8217;organitzaci\u00f3 fins a la conclusi\u00f3 de l&#8217;\u00faltima projecci\u00f3 programada en el si del festival.<\/p>\n<p><strong>Arxiu de subt\u00edtols aparte (srt) en angl\u00e9s<\/strong> en el cas d&#8217;aquelles pel\u00b7l\u00edcules que no siguen en versi\u00f3 original en castell\u00e0, versi\u00f3 original en valenci\u00e0, versi\u00f3 original en catal\u00e0 o versi\u00f3 original en angl\u00e9s.<\/p>\n<p><strong>Llistat de di\u00e0legs en l&#8217;idioma original de la pel\u00b7l\u00edcula i tamb\u00e9 en angl\u00e9s <\/strong>en el cas d&#8217;aquelles pel\u00b7l\u00edcules que no siguen en versi\u00f3 original en castell\u00e0, versi\u00f3 original en valenci\u00e0, versi\u00f3 original en catal\u00e0 o versi\u00f3 original en angl\u00e9s.<\/p>\n<p><strong>Material promocional:<\/strong><\/p>\n<p>Tr\u00e0iler de la pel\u00b7l\u00edcula en format Full HD.<\/p>\n<p>Tres fotografies de l&#8217;obra en format digital en alta resoluci\u00f3 (300 ppp).<\/p>\n<p>Cartell de l&#8217;obra en format digital en alta resoluci\u00f3 (300 ppp).<\/p>\n<p><strong>\u00a0<\/strong><\/p>\n<h3><strong>10.OBLIGACIONS DE LES PEL\u00b7L\u00cdCULES SELECCIONADES<\/strong><\/h3>\n<p>La selecci\u00f3 de les pel\u00b7l\u00edcules que competiran en la Secci\u00f3 Oficial i la Secci\u00f3 La Cabina de la 40 <em>Mostra de Val\u00e8ncia-Cinema del Mediterrani<\/em> es mantindr\u00e0 confidencial fins que l&#8217;organitzaci\u00f3 fa\u00e7a un pronunciament oficial, amb independ\u00e8ncia de les comunicacions mantingudes amb les parts interessades.<\/p>\n<p><strong>Una vegada inscrita i seleccionada (i la invitaci\u00f3 confirmada per la persona que la registra), cap pel\u00b7l\u00edcula podr\u00e0 retirar-se de la competici\u00f3 i haur\u00e0 de mantindre els requisits exigits fins que finalitze la seua participaci\u00f3 en el festival.<\/strong><\/p>\n<p>Els autors o les autores de les pel\u00b7l\u00edcules participants donen el seu perm\u00eds a l&#8217;organitzaci\u00f3 per a utilitzar els materials proporcionats en la promoci\u00f3 del certamen.<\/p>\n<p>Les empreses productores i\/o distribu\u00efdores de les pel\u00b7l\u00edcules participants autoritzen l&#8217;\u00fas d&#8217;un o diversos fragments de l&#8217;obra per a la seua difusi\u00f3 amb \u00fas informatiu en qualsevol mitj\u00e0 de comunicaci\u00f3.<\/p>\n<p>&nbsp;<\/p>\n<h3><strong>11.OBLIGACIONS DE LES PEL\u00b7L\u00cdCULES GUANYADORES <\/strong><\/h3>\n<p>Les empreses productores i\/o distribu\u00efdores de les pel\u00b7l\u00edcules guanyadores d&#8217;un premi amb dotaci\u00f3 econ\u00f2mica en la 40 <em>Mostra de Val\u00e8ncia-Cinema del Mediterrani<\/em> <strong>es comprometen a incloure una refer\u00e8ncia escrita a la concessi\u00f3 del guard\u00f3 rebut a l&#8217;inici de les c\u00f2pies de l&#8217;obra<\/strong> que es distribu\u00efsquen per a la seua exhibici\u00f3 en sales p\u00fabliques, altres cert\u00e0mens cinematogr\u00e0fics, DVD, BluRay, televisi\u00f3 o v\u00eddeo sota demanda, aix\u00ed com en tot el material informatiu i promocional impr\u00e9s. Esta menci\u00f3 consistir\u00e0 en un text escrit amb el premi atorgat i una imatge corporativa de <em>Mostra de Val\u00e8ncia-Cinema del Mediterrani<\/em>, els quals els seran facilitats, juntament amb les normes d&#8217;\u00fas, per l&#8217;organitzaci\u00f3. Per a poder cobrar els premis amb dotaci\u00f3 econ\u00f2mica, les entitats productores de les pel\u00b7l\u00edcules guanyadores hauran d&#8217;estar al corrent de les seues obligacions tribut\u00e0ries i amb la Seguretat Social, aix\u00ed com amb la Hisenda Municipal. A este efecte, i amb car\u00e0cter previ al pagament del premi concedit, hauran de presentar una declaraci\u00f3 responsable en la qual s&#8217;autoritze l&#8217;Ajuntament de Val\u00e8ncia a la comprovaci\u00f3 dels extrems esmentats.<\/p>\n<p><strong>\u00a0<\/strong><\/p>\n<p><strong>\u00a0<\/strong><\/p>\n<p><strong>\u00a0<\/strong><\/p>\n<h3><strong>12.JURAT<\/strong><\/h3>\n<p>Per a l&#8217;atorgament dels premis entre les pel\u00b7l\u00edcules seleccionades, l&#8217;organitzaci\u00f3 designar\u00e0 als membres del jurat de les seccions a competici\u00f3, que estar\u00e0 format cada un d&#8217;ells entre <strong>tres i cinc persones de prestigi professional en l&#8217;\u00e0mbit cinematogr\u00e0fic i cultural<\/strong>. Els seus perfils seran publicats en la web www.lamostradevalencia.com, pr\u00e8viament a l&#8217;inici del festival. No podran formar part del jurat persones amb interessos en la producci\u00f3, exhibici\u00f3 o qualsevol altre tipus d&#8217;explotaci\u00f3 o participaci\u00f3 en les pel\u00b7l\u00edcules seleccionades a concurs.<\/p>\n<p><strong>Les decisions d&#8217;este jurat seran inapel\u00b7lables<\/strong>. Cap premi amb dotaci\u00f3 econ\u00f2mica podr\u00e0 considerar-se desert ni concedir-se <em>ex aequo<\/em>, excepte la subvenci\u00f3 corresponent a la distribuci\u00f3 de la Palmera d&#8217;Or i del Premi La Cabina, que ha d&#8217;atindre&#8217;s a l&#8217;especificat en el punt 6 d&#8217;esta convocat\u00f2ria.<\/p>\n<p><strong>\u00a0<\/strong><\/p>\n<h3><strong>13.ACCEPTACI\u00d3 DE LES PREVISIONS DE LA PRESENT CONVOCAT\u00d2RIA I LES SEUES BASES<\/strong><\/h3>\n<p>La participaci\u00f3 en la 40 <em>Mostra de Val\u00e8ncia-Cinema del Mediterrani<\/em> suposa la plena acceptaci\u00f3 i compliment d&#8217;esta convocat\u00f2ria i de les seues bases, la interpretaci\u00f3 de les quals ser\u00e0 potestat de l&#8217;organitzaci\u00f3.<\/p>\n<p><strong>\u00a0<\/strong><\/p>\n<h3><strong>14.PUBLICACI\u00d3 DE LA CONVOCAT\u00d2RIA<\/strong><\/h3>\n<p>La convocat\u00f2ria \u00edntegra de la 40 <em>Mostra de Val\u00e8ncia-Cinema del Mediterrani<\/em> es publicar\u00e0 en la Base de dades Nacional de Subvencions i en les plataformes Festhome i FilmFreeway, sense perju\u00ed de la publicitat que es realitze per l&#8217;organitzaci\u00f3 per a una major difusi\u00f3, si ho estima oport\u00fa.<\/p>\n<p>&nbsp;<\/p>\n<h3><strong>15.PROTECCI\u00d3 DE DADES<\/strong><\/h3>\n<p>Les dades registrades pels participants seran arreplegats i tractats conforme el que es disposa en Llei org\u00e0nica 3\/2018, de 5 de desembre, de Protecci\u00f3 de Dades Personals i garantia dels drets digitals, podent-se exercitar els drets d&#8217;acc\u00e9s, rectificaci\u00f3, supressi\u00f3 i oposici\u00f3 mitjan\u00e7ant inst\u00e0ncia.<\/p>\n<p>&nbsp;<\/p>\n<h3><strong>16.RECURSOS<\/strong><\/h3>\n<p>Contra la present Resoluci\u00f3, que posa fi a la via administrativa, els interessats podran interposar recurs potestatiu de reposici\u00f3 en el termini d&#8217;un mes davant l&#8217;\u00f2rgan que va dictar l&#8217;acte, segons el que es disposa en els articles 123 i 124 de la Llei 39\/2015, de l&#8217;1 d&#8217;octubre, del procediment administratiu com\u00fa de les administracions p\u00fabliques, o b\u00e9 directament recurs contenci\u00f3s administratiu, en el termini de dos mesos, davant els jutjats contenciosos administratius, de conformitat amb el que es preveu la Llei 29\/1998, de 13 de juliol, reguladora de la jurisdicci\u00f3 contenciosa administrativa.<\/p>\n<p><strong>Consultes: <\/strong><a href=\"mailto:mostradevalencia@palauvalencia.com\">mostradevalencia@palauvalencia.com<\/a>[\/vc_column_text][\/vc_column][\/vc_row][vc_row][vc_column][vc_btn title=&#8221;CALL FOR ENTRIES 2025 PDF&#8221; css=&#8221;&#8221; link=&#8221;url:https%3A%2F%2Flamostradevalencia.com%2Fwp-content%2Fuploads%2F2025%2F07%2FVFA-Convocatoria-2025_ENG.pdf&#8221;][\/vc_column][\/vc_row]<\/p>\n<\/div>","protected":false},"excerpt":{"rendered":"<p>[vc_row][vc_column][vc_column_text css=&#8221;&#8221;] 1.PRESENTACI\u00d3 La Mostra de Val\u00e8ncia-Cinema del Mediterrani \u00e9s un festival internacional impulsat per l\u2019Ajuntament de Val\u00e8ncia, Espanya, amb l\u2019objectiu d\u2019exhibir i promocionar el [&hellip;]<\/p>\n","protected":false},"author":7,"featured_media":26819,"comment_status":"open","ping_status":"open","sticky":false,"template":"","format":"standard","meta":{"_uag_custom_page_level_css":"","_jet_sm_ready_style":"","_jet_sm_style":"","_jet_sm_controls_values":"","_jet_sm_fonts_collection":"","_jet_sm_fonts_links":"","footnotes":""},"categories":[31],"tags":[],"class_list":["post-26832","post","type-post","status-publish","format-standard","has-post-thumbnail","hentry","category-uncategorized-ca"],"yoast_head":"<!-- This site is optimized with the Yoast SEO plugin v27.5 - https:\/\/yoast.com\/product\/yoast-seo-wordpress\/ -->\n<title>CONVOCAT\u00d2RIA 40 MOSTRA DE VAL\u00c8NCIA-CINEMA DEL MEDITERRANI - Mostra de Val\u00e8ncia<\/title>\n<meta name=\"robots\" content=\"index, follow, max-snippet:-1, max-image-preview:large, max-video-preview:-1\" \/>\n<link rel=\"canonical\" href=\"https:\/\/lamostradevalencia.com\/ca\/convocatoria-40-mostra-de-valencia-cinema-del-mediterrani\/\" \/>\n<meta property=\"og:locale\" content=\"ca_ES\" \/>\n<meta property=\"og:type\" content=\"article\" \/>\n<meta property=\"og:title\" content=\"CONVOCAT\u00d2RIA 40 MOSTRA DE VAL\u00c8NCIA-CINEMA DEL MEDITERRANI - Mostra de Val\u00e8ncia\" \/>\n<meta property=\"og:description\" content=\"[vc_row][vc_column][vc_column_text css=&#8221;&#8221;] 1.PRESENTACI\u00d3 La Mostra de Val\u00e8ncia-Cinema del Mediterrani \u00e9s un festival internacional impulsat per l\u2019Ajuntament de Val\u00e8ncia, Espanya, amb l\u2019objectiu d\u2019exhibir i promocionar el [&hellip;]\" \/>\n<meta property=\"og:url\" content=\"https:\/\/lamostradevalencia.com\/ca\/convocatoria-40-mostra-de-valencia-cinema-del-mediterrani\/\" \/>\n<meta property=\"og:site_name\" content=\"Mostra de Val\u00e8ncia\" \/>\n<meta property=\"article:published_time\" content=\"2025-08-06T09:23:14+00:00\" \/>\n<meta property=\"article:modified_time\" content=\"2025-08-06T10:56:43+00:00\" \/>\n<meta property=\"og:image\" content=\"https:\/\/lamostradevalencia.com\/wp-content\/uploads\/2025\/08\/CALL-FOR-ENTRIES.jpeg\" \/>\n\t<meta property=\"og:image:width\" content=\"1080\" \/>\n\t<meta property=\"og:image:height\" content=\"1080\" \/>\n\t<meta property=\"og:image:type\" content=\"image\/jpeg\" \/>\n<meta name=\"author\" content=\"Mostra de Val\u00e8ncia\" \/>\n<meta name=\"twitter:card\" content=\"summary_large_image\" \/>\n<meta name=\"twitter:label1\" content=\"Escrit per\" \/>\n\t<meta name=\"twitter:data1\" content=\"Mostra de Val\u00e8ncia\" \/>\n\t<meta name=\"twitter:label2\" content=\"Temps estimat de lectura\" \/>\n\t<meta name=\"twitter:data2\" content=\"11 minuts\" \/>\n<script type=\"application\/ld+json\" class=\"yoast-schema-graph\">{\"@context\":\"https:\\\/\\\/schema.org\",\"@graph\":[{\"@type\":\"Article\",\"@id\":\"https:\\\/\\\/lamostradevalencia.com\\\/ca\\\/convocatoria-40-mostra-de-valencia-cinema-del-mediterrani\\\/#article\",\"isPartOf\":{\"@id\":\"https:\\\/\\\/lamostradevalencia.com\\\/ca\\\/convocatoria-40-mostra-de-valencia-cinema-del-mediterrani\\\/\"},\"author\":{\"name\":\"Mostra de Val\u00e8ncia\",\"@id\":\"https:\\\/\\\/lamostradevalencia.com\\\/ca\\\/#\\\/schema\\\/person\\\/07103664357b098e1b19f826d5ce480e\"},\"headline\":\"CONVOCAT\u00d2RIA 40 MOSTRA DE VAL\u00c8NCIA-CINEMA DEL MEDITERRANI\",\"datePublished\":\"2025-08-06T09:23:14+00:00\",\"dateModified\":\"2025-08-06T10:56:43+00:00\",\"mainEntityOfPage\":{\"@id\":\"https:\\\/\\\/lamostradevalencia.com\\\/ca\\\/convocatoria-40-mostra-de-valencia-cinema-del-mediterrani\\\/\"},\"wordCount\":2617,\"commentCount\":0,\"image\":{\"@id\":\"https:\\\/\\\/lamostradevalencia.com\\\/ca\\\/convocatoria-40-mostra-de-valencia-cinema-del-mediterrani\\\/#primaryimage\"},\"thumbnailUrl\":\"https:\\\/\\\/lamostradevalencia.com\\\/wp-content\\\/uploads\\\/2025\\\/08\\\/CALL-FOR-ENTRIES.jpeg\",\"articleSection\":[\"Uncategorized @ca\"],\"inLanguage\":\"ca\",\"potentialAction\":[{\"@type\":\"CommentAction\",\"name\":\"Comment\",\"target\":[\"https:\\\/\\\/lamostradevalencia.com\\\/ca\\\/convocatoria-40-mostra-de-valencia-cinema-del-mediterrani\\\/#respond\"]}]},{\"@type\":\"WebPage\",\"@id\":\"https:\\\/\\\/lamostradevalencia.com\\\/ca\\\/convocatoria-40-mostra-de-valencia-cinema-del-mediterrani\\\/\",\"url\":\"https:\\\/\\\/lamostradevalencia.com\\\/ca\\\/convocatoria-40-mostra-de-valencia-cinema-del-mediterrani\\\/\",\"name\":\"CONVOCAT\u00d2RIA 40 MOSTRA DE VAL\u00c8NCIA-CINEMA DEL MEDITERRANI - Mostra de Val\u00e8ncia\",\"isPartOf\":{\"@id\":\"https:\\\/\\\/lamostradevalencia.com\\\/ca\\\/#website\"},\"primaryImageOfPage\":{\"@id\":\"https:\\\/\\\/lamostradevalencia.com\\\/ca\\\/convocatoria-40-mostra-de-valencia-cinema-del-mediterrani\\\/#primaryimage\"},\"image\":{\"@id\":\"https:\\\/\\\/lamostradevalencia.com\\\/ca\\\/convocatoria-40-mostra-de-valencia-cinema-del-mediterrani\\\/#primaryimage\"},\"thumbnailUrl\":\"https:\\\/\\\/lamostradevalencia.com\\\/wp-content\\\/uploads\\\/2025\\\/08\\\/CALL-FOR-ENTRIES.jpeg\",\"datePublished\":\"2025-08-06T09:23:14+00:00\",\"dateModified\":\"2025-08-06T10:56:43+00:00\",\"author\":{\"@id\":\"https:\\\/\\\/lamostradevalencia.com\\\/ca\\\/#\\\/schema\\\/person\\\/07103664357b098e1b19f826d5ce480e\"},\"breadcrumb\":{\"@id\":\"https:\\\/\\\/lamostradevalencia.com\\\/ca\\\/convocatoria-40-mostra-de-valencia-cinema-del-mediterrani\\\/#breadcrumb\"},\"inLanguage\":\"ca\",\"potentialAction\":[{\"@type\":\"ReadAction\",\"target\":[\"https:\\\/\\\/lamostradevalencia.com\\\/ca\\\/convocatoria-40-mostra-de-valencia-cinema-del-mediterrani\\\/\"]}]},{\"@type\":\"ImageObject\",\"inLanguage\":\"ca\",\"@id\":\"https:\\\/\\\/lamostradevalencia.com\\\/ca\\\/convocatoria-40-mostra-de-valencia-cinema-del-mediterrani\\\/#primaryimage\",\"url\":\"https:\\\/\\\/lamostradevalencia.com\\\/wp-content\\\/uploads\\\/2025\\\/08\\\/CALL-FOR-ENTRIES.jpeg\",\"contentUrl\":\"https:\\\/\\\/lamostradevalencia.com\\\/wp-content\\\/uploads\\\/2025\\\/08\\\/CALL-FOR-ENTRIES.jpeg\",\"width\":1080,\"height\":1080},{\"@type\":\"BreadcrumbList\",\"@id\":\"https:\\\/\\\/lamostradevalencia.com\\\/ca\\\/convocatoria-40-mostra-de-valencia-cinema-del-mediterrani\\\/#breadcrumb\",\"itemListElement\":[{\"@type\":\"ListItem\",\"position\":1,\"name\":\"Portada\",\"item\":\"https:\\\/\\\/lamostradevalencia.com\\\/ca\\\/\"},{\"@type\":\"ListItem\",\"position\":2,\"name\":\"CONVOCAT\u00d2RIA 40 MOSTRA DE VAL\u00c8NCIA-CINEMA DEL MEDITERRANI\"}]},{\"@type\":\"WebSite\",\"@id\":\"https:\\\/\\\/lamostradevalencia.com\\\/ca\\\/#website\",\"url\":\"https:\\\/\\\/lamostradevalencia.com\\\/ca\\\/\",\"name\":\"Mostra de Val\u00e8ncia\",\"description\":\"Cinema del Mediterrani\",\"potentialAction\":[{\"@type\":\"SearchAction\",\"target\":{\"@type\":\"EntryPoint\",\"urlTemplate\":\"https:\\\/\\\/lamostradevalencia.com\\\/ca\\\/?s={search_term_string}\"},\"query-input\":{\"@type\":\"PropertyValueSpecification\",\"valueRequired\":true,\"valueName\":\"search_term_string\"}}],\"inLanguage\":\"ca\"},{\"@type\":\"Person\",\"@id\":\"https:\\\/\\\/lamostradevalencia.com\\\/ca\\\/#\\\/schema\\\/person\\\/07103664357b098e1b19f826d5ce480e\",\"name\":\"Mostra de Val\u00e8ncia\",\"image\":{\"@type\":\"ImageObject\",\"inLanguage\":\"ca\",\"@id\":\"https:\\\/\\\/secure.gravatar.com\\\/avatar\\\/ca2e600e5ce1e9448ad3e4596bae637f021a7615a64ea2cdbba2d2c6897e91e7?s=96&d=mm&r=g\",\"url\":\"https:\\\/\\\/secure.gravatar.com\\\/avatar\\\/ca2e600e5ce1e9448ad3e4596bae637f021a7615a64ea2cdbba2d2c6897e91e7?s=96&d=mm&r=g\",\"contentUrl\":\"https:\\\/\\\/secure.gravatar.com\\\/avatar\\\/ca2e600e5ce1e9448ad3e4596bae637f021a7615a64ea2cdbba2d2c6897e91e7?s=96&d=mm&r=g\",\"caption\":\"Mostra de Val\u00e8ncia\"}}]}<\/script>\n<!-- \/ Yoast SEO plugin. -->","yoast_head_json":{"title":"CONVOCAT\u00d2RIA 40 MOSTRA DE VAL\u00c8NCIA-CINEMA DEL MEDITERRANI - Mostra de Val\u00e8ncia","robots":{"index":"index","follow":"follow","max-snippet":"max-snippet:-1","max-image-preview":"max-image-preview:large","max-video-preview":"max-video-preview:-1"},"canonical":"https:\/\/lamostradevalencia.com\/ca\/convocatoria-40-mostra-de-valencia-cinema-del-mediterrani\/","og_locale":"ca_ES","og_type":"article","og_title":"CONVOCAT\u00d2RIA 40 MOSTRA DE VAL\u00c8NCIA-CINEMA DEL MEDITERRANI - Mostra de Val\u00e8ncia","og_description":"[vc_row][vc_column][vc_column_text css=&#8221;&#8221;] 1.PRESENTACI\u00d3 La Mostra de Val\u00e8ncia-Cinema del Mediterrani \u00e9s un festival internacional impulsat per l\u2019Ajuntament de Val\u00e8ncia, Espanya, amb l\u2019objectiu d\u2019exhibir i promocionar el [&hellip;]","og_url":"https:\/\/lamostradevalencia.com\/ca\/convocatoria-40-mostra-de-valencia-cinema-del-mediterrani\/","og_site_name":"Mostra de Val\u00e8ncia","article_published_time":"2025-08-06T09:23:14+00:00","article_modified_time":"2025-08-06T10:56:43+00:00","og_image":[{"width":1080,"height":1080,"url":"https:\/\/lamostradevalencia.com\/wp-content\/uploads\/2025\/08\/CALL-FOR-ENTRIES.jpeg","type":"image\/jpeg"}],"author":"Mostra de Val\u00e8ncia","twitter_card":"summary_large_image","twitter_misc":{"Escrit per":"Mostra de Val\u00e8ncia","Temps estimat de lectura":"11 minuts"},"schema":{"@context":"https:\/\/schema.org","@graph":[{"@type":"Article","@id":"https:\/\/lamostradevalencia.com\/ca\/convocatoria-40-mostra-de-valencia-cinema-del-mediterrani\/#article","isPartOf":{"@id":"https:\/\/lamostradevalencia.com\/ca\/convocatoria-40-mostra-de-valencia-cinema-del-mediterrani\/"},"author":{"name":"Mostra de Val\u00e8ncia","@id":"https:\/\/lamostradevalencia.com\/ca\/#\/schema\/person\/07103664357b098e1b19f826d5ce480e"},"headline":"CONVOCAT\u00d2RIA 40 MOSTRA DE VAL\u00c8NCIA-CINEMA DEL MEDITERRANI","datePublished":"2025-08-06T09:23:14+00:00","dateModified":"2025-08-06T10:56:43+00:00","mainEntityOfPage":{"@id":"https:\/\/lamostradevalencia.com\/ca\/convocatoria-40-mostra-de-valencia-cinema-del-mediterrani\/"},"wordCount":2617,"commentCount":0,"image":{"@id":"https:\/\/lamostradevalencia.com\/ca\/convocatoria-40-mostra-de-valencia-cinema-del-mediterrani\/#primaryimage"},"thumbnailUrl":"https:\/\/lamostradevalencia.com\/wp-content\/uploads\/2025\/08\/CALL-FOR-ENTRIES.jpeg","articleSection":["Uncategorized @ca"],"inLanguage":"ca","potentialAction":[{"@type":"CommentAction","name":"Comment","target":["https:\/\/lamostradevalencia.com\/ca\/convocatoria-40-mostra-de-valencia-cinema-del-mediterrani\/#respond"]}]},{"@type":"WebPage","@id":"https:\/\/lamostradevalencia.com\/ca\/convocatoria-40-mostra-de-valencia-cinema-del-mediterrani\/","url":"https:\/\/lamostradevalencia.com\/ca\/convocatoria-40-mostra-de-valencia-cinema-del-mediterrani\/","name":"CONVOCAT\u00d2RIA 40 MOSTRA DE VAL\u00c8NCIA-CINEMA DEL MEDITERRANI - Mostra de Val\u00e8ncia","isPartOf":{"@id":"https:\/\/lamostradevalencia.com\/ca\/#website"},"primaryImageOfPage":{"@id":"https:\/\/lamostradevalencia.com\/ca\/convocatoria-40-mostra-de-valencia-cinema-del-mediterrani\/#primaryimage"},"image":{"@id":"https:\/\/lamostradevalencia.com\/ca\/convocatoria-40-mostra-de-valencia-cinema-del-mediterrani\/#primaryimage"},"thumbnailUrl":"https:\/\/lamostradevalencia.com\/wp-content\/uploads\/2025\/08\/CALL-FOR-ENTRIES.jpeg","datePublished":"2025-08-06T09:23:14+00:00","dateModified":"2025-08-06T10:56:43+00:00","author":{"@id":"https:\/\/lamostradevalencia.com\/ca\/#\/schema\/person\/07103664357b098e1b19f826d5ce480e"},"breadcrumb":{"@id":"https:\/\/lamostradevalencia.com\/ca\/convocatoria-40-mostra-de-valencia-cinema-del-mediterrani\/#breadcrumb"},"inLanguage":"ca","potentialAction":[{"@type":"ReadAction","target":["https:\/\/lamostradevalencia.com\/ca\/convocatoria-40-mostra-de-valencia-cinema-del-mediterrani\/"]}]},{"@type":"ImageObject","inLanguage":"ca","@id":"https:\/\/lamostradevalencia.com\/ca\/convocatoria-40-mostra-de-valencia-cinema-del-mediterrani\/#primaryimage","url":"https:\/\/lamostradevalencia.com\/wp-content\/uploads\/2025\/08\/CALL-FOR-ENTRIES.jpeg","contentUrl":"https:\/\/lamostradevalencia.com\/wp-content\/uploads\/2025\/08\/CALL-FOR-ENTRIES.jpeg","width":1080,"height":1080},{"@type":"BreadcrumbList","@id":"https:\/\/lamostradevalencia.com\/ca\/convocatoria-40-mostra-de-valencia-cinema-del-mediterrani\/#breadcrumb","itemListElement":[{"@type":"ListItem","position":1,"name":"Portada","item":"https:\/\/lamostradevalencia.com\/ca\/"},{"@type":"ListItem","position":2,"name":"CONVOCAT\u00d2RIA 40 MOSTRA DE VAL\u00c8NCIA-CINEMA DEL MEDITERRANI"}]},{"@type":"WebSite","@id":"https:\/\/lamostradevalencia.com\/ca\/#website","url":"https:\/\/lamostradevalencia.com\/ca\/","name":"Mostra de Val\u00e8ncia","description":"Cinema del Mediterrani","potentialAction":[{"@type":"SearchAction","target":{"@type":"EntryPoint","urlTemplate":"https:\/\/lamostradevalencia.com\/ca\/?s={search_term_string}"},"query-input":{"@type":"PropertyValueSpecification","valueRequired":true,"valueName":"search_term_string"}}],"inLanguage":"ca"},{"@type":"Person","@id":"https:\/\/lamostradevalencia.com\/ca\/#\/schema\/person\/07103664357b098e1b19f826d5ce480e","name":"Mostra de Val\u00e8ncia","image":{"@type":"ImageObject","inLanguage":"ca","@id":"https:\/\/secure.gravatar.com\/avatar\/ca2e600e5ce1e9448ad3e4596bae637f021a7615a64ea2cdbba2d2c6897e91e7?s=96&d=mm&r=g","url":"https:\/\/secure.gravatar.com\/avatar\/ca2e600e5ce1e9448ad3e4596bae637f021a7615a64ea2cdbba2d2c6897e91e7?s=96&d=mm&r=g","contentUrl":"https:\/\/secure.gravatar.com\/avatar\/ca2e600e5ce1e9448ad3e4596bae637f021a7615a64ea2cdbba2d2c6897e91e7?s=96&d=mm&r=g","caption":"Mostra de Val\u00e8ncia"}}]}},"uagb_featured_image_src":{"full":["https:\/\/lamostradevalencia.com\/wp-content\/uploads\/2025\/08\/CALL-FOR-ENTRIES.jpeg",1080,1080,false],"thumbnail":["https:\/\/lamostradevalencia.com\/wp-content\/uploads\/2025\/08\/CALL-FOR-ENTRIES-150x150.jpeg",150,150,true],"medium":["https:\/\/lamostradevalencia.com\/wp-content\/uploads\/2025\/08\/CALL-FOR-ENTRIES-300x300.jpeg",300,300,true],"medium_large":["https:\/\/lamostradevalencia.com\/wp-content\/uploads\/2025\/08\/CALL-FOR-ENTRIES-768x768.jpeg",768,768,true],"large":["https:\/\/lamostradevalencia.com\/wp-content\/uploads\/2025\/08\/CALL-FOR-ENTRIES-1024x1024.jpeg",1024,1024,true],"1536x1536":["https:\/\/lamostradevalencia.com\/wp-content\/uploads\/2025\/08\/CALL-FOR-ENTRIES.jpeg",1080,1080,false],"2048x2048":["https:\/\/lamostradevalencia.com\/wp-content\/uploads\/2025\/08\/CALL-FOR-ENTRIES.jpeg",1080,1080,false],"cinerama_edge_image_square":["https:\/\/lamostradevalencia.com\/wp-content\/uploads\/2025\/08\/CALL-FOR-ENTRIES-550x550.jpeg",550,550,true],"cinerama_edge_image_landscape":["https:\/\/lamostradevalencia.com\/wp-content\/uploads\/2025\/08\/CALL-FOR-ENTRIES-1080x550.jpeg",1080,550,true],"cinerama_edge_image_portrait":["https:\/\/lamostradevalencia.com\/wp-content\/uploads\/2025\/08\/CALL-FOR-ENTRIES-550x1080.jpeg",550,1080,true],"cinerama_edge_image_huge":["https:\/\/lamostradevalencia.com\/wp-content\/uploads\/2025\/08\/CALL-FOR-ENTRIES.jpeg",1080,1080,false],"gform-image-choice-sm":["https:\/\/lamostradevalencia.com\/wp-content\/uploads\/2025\/08\/CALL-FOR-ENTRIES.jpeg",300,300,false],"gform-image-choice-md":["https:\/\/lamostradevalencia.com\/wp-content\/uploads\/2025\/08\/CALL-FOR-ENTRIES.jpeg",400,400,false],"gform-image-choice-lg":["https:\/\/lamostradevalencia.com\/wp-content\/uploads\/2025\/08\/CALL-FOR-ENTRIES.jpeg",600,600,false]},"uagb_author_info":{"display_name":"Mostra de Val\u00e8ncia","author_link":"https:\/\/lamostradevalencia.com\/ca\/author\/pilar\/"},"uagb_comment_info":0,"uagb_excerpt":"[vc_row][vc_column][vc_column_text css=&#8221;&#8221;] 1.PRESENTACI\u00d3 La Mostra de Val\u00e8ncia-Cinema del Mediterrani \u00e9s un festival internacional impulsat per l\u2019Ajuntament de Val\u00e8ncia, Espanya, amb l\u2019objectiu d\u2019exhibir i promocionar el [&hellip;]","_links":{"self":[{"href":"https:\/\/lamostradevalencia.com\/ca\/wp-json\/wp\/v2\/posts\/26832","targetHints":{"allow":["GET"]}}],"collection":[{"href":"https:\/\/lamostradevalencia.com\/ca\/wp-json\/wp\/v2\/posts"}],"about":[{"href":"https:\/\/lamostradevalencia.com\/ca\/wp-json\/wp\/v2\/types\/post"}],"author":[{"embeddable":true,"href":"https:\/\/lamostradevalencia.com\/ca\/wp-json\/wp\/v2\/users\/7"}],"replies":[{"embeddable":true,"href":"https:\/\/lamostradevalencia.com\/ca\/wp-json\/wp\/v2\/comments?post=26832"}],"version-history":[{"count":3,"href":"https:\/\/lamostradevalencia.com\/ca\/wp-json\/wp\/v2\/posts\/26832\/revisions"}],"predecessor-version":[{"id":26845,"href":"https:\/\/lamostradevalencia.com\/ca\/wp-json\/wp\/v2\/posts\/26832\/revisions\/26845"}],"wp:featuredmedia":[{"embeddable":true,"href":"https:\/\/lamostradevalencia.com\/ca\/wp-json\/wp\/v2\/media\/26819"}],"wp:attachment":[{"href":"https:\/\/lamostradevalencia.com\/ca\/wp-json\/wp\/v2\/media?parent=26832"}],"wp:term":[{"taxonomy":"category","embeddable":true,"href":"https:\/\/lamostradevalencia.com\/ca\/wp-json\/wp\/v2\/categories?post=26832"},{"taxonomy":"post_tag","embeddable":true,"href":"https:\/\/lamostradevalencia.com\/ca\/wp-json\/wp\/v2\/tags?post=26832"}],"curies":[{"name":"wp","href":"https:\/\/api.w.org\/{rel}","templated":true}]}}