{"id":26480,"date":"2024-10-29T15:36:30","date_gmt":"2024-10-29T13:36:30","guid":{"rendered":"https:\/\/lamostradevalencia.com\/?p=26480"},"modified":"2024-10-29T15:36:30","modified_gmt":"2024-10-29T13:36:30","slug":"faruk-un-ancia-de-90-anys-a-istanbul-victima-de-la-gentrificacio","status":"publish","type":"post","link":"https:\/\/lamostradevalencia.com\/ca\/faruk-un-ancia-de-90-anys-a-istanbul-victima-de-la-gentrificacio\/","title":{"rendered":"&#8216;Faruk&#8217;: un anci\u00e0 de 90 anys a Istanbul, v\u00edctima de la gentrificaci\u00f3"},"content":{"rendered":"<h5><span id=\"v1docs-internal-guid-ce3c9dcf-7fff-1018-5b29-ec18fddb19f1\">Guanyadora del FIPRESCI Panorama en la Berlinale, reflexiona sobre el pas del temps, la mem\u00f2ria i la resist\u00e8ncia enfront dels desafiaments urbans<\/span><\/h5>\n<p><span id=\"v1docs-internal-guid-f6e54da7-7fff-425f-1cd2-2a3ca013cafa\">La cineasta turca Asli \u00d6zge ha presentat este mat\u00ed en la Secci\u00f3 Oficial de La Mostra la seua pel\u00b7l\u00edcula &#8216;Faruk&#8217;, <strong>obra en qu\u00e8 combina elements de ficci\u00f3 i documental per a narrar la hist\u00f2ria del seu pare, un home de m\u00e9s de 90 anys enfrontat a la demolici\u00f3 imminent de l&#8217;edifici on ha viscut la major part de la seua vida.<\/strong><\/span><\/p>\n<p><span id=\"v1docs-internal-guid-f6e54da7-7fff-425f-1cd2-2a3ca013cafa\">El film es desenvolupa en el context vibrant i bullici\u00f3s d&#8217;Istanbul on Faruk participa activament en reunions de ve\u00efns i negociacions amb constructors immobiliaris, en un intent per retardar l&#8217;inevitable avan\u00e7 del projecte de renovaci\u00f3 urbana del barri. <\/span>Una narrativa que no sols aborda les complexitats de la gentrificaci\u00f3 a les ciutats contempor\u00e0nies, sin\u00f3 que tamb\u00e9 oferix una mirada \u00edntima de les relacions familiars i de l&#8217;envelliment\u00a0 en un entorn de canvi constant. Segons assegura la seua directora des de la Mostra, &#8220;mentres que el meu pare s&#8217;aferra als seus records, el futur dels joves a Turquia est\u00e0 ple d&#8217;incertesa. La pel\u00b7l\u00edcula \u00e9s una mescla entre eixos records i el futur que tenim per davant, mostrar el problema de la gentrificaci\u00f3 i eixe futur incert entre els joves&#8221;.<\/p>\n<p><span id=\"v1docs-internal-guid-f6e54da7-7fff-425f-1cd2-2a3ca013cafa\">A m\u00e9s, la pres\u00e8ncia d&#8217;\u00d6zge com a directora a l&#8217;altre costat de la c\u00e0mera es fa evident al llarg de tota la pel\u00b7l\u00edcula en una proposta metacinematogr\u00e0fica que ens acosta a les complexitats pr\u00f2pies de tota relaci\u00f3 paternofilial. <\/span>&#8220;La pel\u00b7l\u00edcula est\u00e0 rodada en el mateix edifici on he passat tota la meua vida, doncs era millor ocultar-me despr\u00e9s de la c\u00e0mera perqu\u00e8 no emergiren tant les emocions&#8221;, sost\u00e9. <strong>Un rodatge que es va allargar m\u00e9s de l&#8217;habitual perqu\u00e8, segons confessa la seua directora, &#8220;com el meu pare \u00e9s una persona de 90 anys, sembla que vaig allargar eixe proc\u00e9s i em vaig crear la fantasia que mentres continuara gravant, podria fer que el meu pare continuara vivint&#8221;.<\/strong><\/p>\n<p><span id=\"v1docs-internal-guid-f6e54da7-7fff-425f-1cd2-2a3ca013cafa\">Un treball amb una gran implicaci\u00f3 darrere per part de la seua directora que porta amb dignitat a la pantalla les vides de les persones majors. S\u00f3n a trav\u00e9s d&#8217;escenes que naixen de la vida quotidiana de Faruk i altres moments guionitzats on la pel\u00b7l\u00edcula aconseguix capturar tant la lluita personal del protagonista per preservar la seua llar com la seua vida interior i emocional. <\/span>En paraules del director de fotografia de la pel\u00b7l\u00edcula, Emre Erkmen, tamb\u00e9 present en la Mostra, <strong>&#8220;Faruk era la persona perfecta per a esta producci\u00f3 perqu\u00e8 escoltava amb atenci\u00f3 les converses, mirava tot el que ocorria i volia entendre el que estava succeint. Tenia una excel\u00b7lent qualitat com a actor encara que no fora professional&#8221;.<\/strong><\/p>\n<p><span id=\"v1docs-internal-guid-f6e54da7-7fff-425f-1cd2-2a3ca013cafa\">Asli \u00d6zge, coneguda per la seua habilitat per a mesclar elements documentals amb narratives m\u00e9s pr\u00f2ximes a la ficci\u00f3, ha creat amb &#8216;Faruk&#8217; una obra que desafia les convencions cinematogr\u00e0fiques tradicionals. Rodada en localitzacions aut\u00e8ntiques i basada en experi\u00e8ncies reals amb altres pactades, la pel\u00b7l\u00edcula convida a l&#8217;espectador a reflexionar sobre el pas del temps, la mem\u00f2ria i la resist\u00e8ncia enfront dels desafiaments de la modernitat urbana.\u00a0<\/span><\/p>\n<p><span id=\"v1docs-internal-guid-f6e54da7-7fff-425f-1cd2-2a3ca013cafa\">La 39\u00aa edici\u00f3 de Mostra de Val\u00e8ncia-Cinema del Mediterrani est\u00e0 organitzada per l&#8217;Ajuntament de Val\u00e8ncia, compta amb la col\u00b7laboraci\u00f3 de l&#8217;Institut Valenci\u00e0 de Cultura, Palau de la M\u00fasica, Val\u00e8ncia Film Office (Fundaci\u00f3 Visit Val\u00e8ncia), el patrocini de Hyundai Koryo Car i \u00c0 Punt M\u00e8dia com a mitj\u00e0 oficial i principal partner del f\u00f2rum de coproducci\u00f3 Val\u00e8ncia Films Afers.<\/span><\/p>\n","protected":false},"excerpt":{"rendered":"<p>Guanyadora del FIPRESCI Panorama en la Berlinale, reflexiona sobre el pas del temps, la mem\u00f2ria i la resist\u00e8ncia enfront dels desafiaments urbans La cineasta turca [&hellip;]<\/p>\n","protected":false},"author":1,"featured_media":26475,"comment_status":"open","ping_status":"open","sticky":false,"template":"","format":"standard","meta":{"_uag_custom_page_level_css":"","_jet_sm_ready_style":"","_jet_sm_style":"","_jet_sm_controls_values":"","_jet_sm_fonts_collection":"","_jet_sm_fonts_links":"","footnotes":""},"categories":[455],"tags":[],"class_list":["post-26480","post","type-post","status-publish","format-standard","has-post-thumbnail","hentry","category-noticies"],"yoast_head":"<!-- This site is optimized with the Yoast SEO plugin v27.5 - https:\/\/yoast.com\/product\/yoast-seo-wordpress\/ -->\n<title>&#039;Faruk&#039;: un anci\u00e0 de 90 anys a Istanbul, v\u00edctima de la gentrificaci\u00f3 - Mostra de Val\u00e8ncia<\/title>\n<meta name=\"robots\" content=\"index, follow, max-snippet:-1, max-image-preview:large, max-video-preview:-1\" \/>\n<link rel=\"canonical\" href=\"https:\/\/lamostradevalencia.com\/ca\/faruk-un-ancia-de-90-anys-a-istanbul-victima-de-la-gentrificacio\/\" \/>\n<meta property=\"og:locale\" content=\"ca_ES\" \/>\n<meta property=\"og:type\" content=\"article\" \/>\n<meta property=\"og:title\" content=\"&#039;Faruk&#039;: un anci\u00e0 de 90 anys a Istanbul, v\u00edctima de la gentrificaci\u00f3 - Mostra de Val\u00e8ncia\" \/>\n<meta property=\"og:description\" content=\"Guanyadora del FIPRESCI Panorama en la Berlinale, reflexiona sobre el pas del temps, la mem\u00f2ria i la resist\u00e8ncia enfront dels desafiaments urbans La cineasta turca [&hellip;]\" \/>\n<meta property=\"og:url\" content=\"https:\/\/lamostradevalencia.com\/ca\/faruk-un-ancia-de-90-anys-a-istanbul-victima-de-la-gentrificacio\/\" \/>\n<meta property=\"og:site_name\" content=\"Mostra de Val\u00e8ncia\" \/>\n<meta property=\"article:published_time\" content=\"2024-10-29T13:36:30+00:00\" \/>\n<meta property=\"og:image\" content=\"https:\/\/lamostradevalencia.com\/wp-content\/uploads\/2024\/10\/K4K01464.jpg\" \/>\n\t<meta property=\"og:image:width\" content=\"1616\" \/>\n\t<meta property=\"og:image:height\" content=\"1080\" \/>\n\t<meta property=\"og:image:type\" content=\"image\/jpeg\" \/>\n<meta name=\"author\" content=\"Mostra de Val\u00e8ncia\" \/>\n<meta name=\"twitter:card\" content=\"summary_large_image\" \/>\n<meta name=\"twitter:label1\" content=\"Escrit per\" \/>\n\t<meta name=\"twitter:data1\" content=\"Mostra de Val\u00e8ncia\" \/>\n\t<meta name=\"twitter:label2\" content=\"Temps estimat de lectura\" \/>\n\t<meta name=\"twitter:data2\" content=\"3 minuts\" \/>\n<script type=\"application\/ld+json\" class=\"yoast-schema-graph\">{\"@context\":\"https:\\\/\\\/schema.org\",\"@graph\":[{\"@type\":\"Article\",\"@id\":\"https:\\\/\\\/lamostradevalencia.com\\\/ca\\\/faruk-un-ancia-de-90-anys-a-istanbul-victima-de-la-gentrificacio\\\/#article\",\"isPartOf\":{\"@id\":\"https:\\\/\\\/lamostradevalencia.com\\\/ca\\\/faruk-un-ancia-de-90-anys-a-istanbul-victima-de-la-gentrificacio\\\/\"},\"author\":{\"name\":\"Mostra de Val\u00e8ncia\",\"@id\":\"https:\\\/\\\/lamostradevalencia.com\\\/ca\\\/#\\\/schema\\\/person\\\/1dc07e4df3d6310b81d2cdf6a034070c\"},\"headline\":\"&#8216;Faruk&#8217;: un anci\u00e0 de 90 anys a Istanbul, v\u00edctima de la gentrificaci\u00f3\",\"datePublished\":\"2024-10-29T13:36:30+00:00\",\"mainEntityOfPage\":{\"@id\":\"https:\\\/\\\/lamostradevalencia.com\\\/ca\\\/faruk-un-ancia-de-90-anys-a-istanbul-victima-de-la-gentrificacio\\\/\"},\"wordCount\":643,\"commentCount\":0,\"image\":{\"@id\":\"https:\\\/\\\/lamostradevalencia.com\\\/ca\\\/faruk-un-ancia-de-90-anys-a-istanbul-victima-de-la-gentrificacio\\\/#primaryimage\"},\"thumbnailUrl\":\"https:\\\/\\\/lamostradevalencia.com\\\/wp-content\\\/uploads\\\/2024\\\/10\\\/K4K01464.jpg\",\"articleSection\":[\"Noticies\"],\"inLanguage\":\"ca\",\"potentialAction\":[{\"@type\":\"CommentAction\",\"name\":\"Comment\",\"target\":[\"https:\\\/\\\/lamostradevalencia.com\\\/ca\\\/faruk-un-ancia-de-90-anys-a-istanbul-victima-de-la-gentrificacio\\\/#respond\"]}]},{\"@type\":\"WebPage\",\"@id\":\"https:\\\/\\\/lamostradevalencia.com\\\/ca\\\/faruk-un-ancia-de-90-anys-a-istanbul-victima-de-la-gentrificacio\\\/\",\"url\":\"https:\\\/\\\/lamostradevalencia.com\\\/ca\\\/faruk-un-ancia-de-90-anys-a-istanbul-victima-de-la-gentrificacio\\\/\",\"name\":\"'Faruk': un anci\u00e0 de 90 anys a Istanbul, v\u00edctima de la gentrificaci\u00f3 - Mostra de Val\u00e8ncia\",\"isPartOf\":{\"@id\":\"https:\\\/\\\/lamostradevalencia.com\\\/ca\\\/#website\"},\"primaryImageOfPage\":{\"@id\":\"https:\\\/\\\/lamostradevalencia.com\\\/ca\\\/faruk-un-ancia-de-90-anys-a-istanbul-victima-de-la-gentrificacio\\\/#primaryimage\"},\"image\":{\"@id\":\"https:\\\/\\\/lamostradevalencia.com\\\/ca\\\/faruk-un-ancia-de-90-anys-a-istanbul-victima-de-la-gentrificacio\\\/#primaryimage\"},\"thumbnailUrl\":\"https:\\\/\\\/lamostradevalencia.com\\\/wp-content\\\/uploads\\\/2024\\\/10\\\/K4K01464.jpg\",\"datePublished\":\"2024-10-29T13:36:30+00:00\",\"author\":{\"@id\":\"https:\\\/\\\/lamostradevalencia.com\\\/ca\\\/#\\\/schema\\\/person\\\/1dc07e4df3d6310b81d2cdf6a034070c\"},\"breadcrumb\":{\"@id\":\"https:\\\/\\\/lamostradevalencia.com\\\/ca\\\/faruk-un-ancia-de-90-anys-a-istanbul-victima-de-la-gentrificacio\\\/#breadcrumb\"},\"inLanguage\":\"ca\",\"potentialAction\":[{\"@type\":\"ReadAction\",\"target\":[\"https:\\\/\\\/lamostradevalencia.com\\\/ca\\\/faruk-un-ancia-de-90-anys-a-istanbul-victima-de-la-gentrificacio\\\/\"]}]},{\"@type\":\"ImageObject\",\"inLanguage\":\"ca\",\"@id\":\"https:\\\/\\\/lamostradevalencia.com\\\/ca\\\/faruk-un-ancia-de-90-anys-a-istanbul-victima-de-la-gentrificacio\\\/#primaryimage\",\"url\":\"https:\\\/\\\/lamostradevalencia.com\\\/wp-content\\\/uploads\\\/2024\\\/10\\\/K4K01464.jpg\",\"contentUrl\":\"https:\\\/\\\/lamostradevalencia.com\\\/wp-content\\\/uploads\\\/2024\\\/10\\\/K4K01464.jpg\",\"width\":1616,\"height\":1080},{\"@type\":\"BreadcrumbList\",\"@id\":\"https:\\\/\\\/lamostradevalencia.com\\\/ca\\\/faruk-un-ancia-de-90-anys-a-istanbul-victima-de-la-gentrificacio\\\/#breadcrumb\",\"itemListElement\":[{\"@type\":\"ListItem\",\"position\":1,\"name\":\"Portada\",\"item\":\"https:\\\/\\\/lamostradevalencia.com\\\/ca\\\/\"},{\"@type\":\"ListItem\",\"position\":2,\"name\":\"&#8216;Faruk&#8217;: un anci\u00e0 de 90 anys a Istanbul, v\u00edctima de la gentrificaci\u00f3\"}]},{\"@type\":\"WebSite\",\"@id\":\"https:\\\/\\\/lamostradevalencia.com\\\/ca\\\/#website\",\"url\":\"https:\\\/\\\/lamostradevalencia.com\\\/ca\\\/\",\"name\":\"Mostra de Val\u00e8ncia\",\"description\":\"Cinema del Mediterrani\",\"potentialAction\":[{\"@type\":\"SearchAction\",\"target\":{\"@type\":\"EntryPoint\",\"urlTemplate\":\"https:\\\/\\\/lamostradevalencia.com\\\/ca\\\/?s={search_term_string}\"},\"query-input\":{\"@type\":\"PropertyValueSpecification\",\"valueRequired\":true,\"valueName\":\"search_term_string\"}}],\"inLanguage\":\"ca\"},{\"@type\":\"Person\",\"@id\":\"https:\\\/\\\/lamostradevalencia.com\\\/ca\\\/#\\\/schema\\\/person\\\/1dc07e4df3d6310b81d2cdf6a034070c\",\"name\":\"Mostra de Val\u00e8ncia\",\"image\":{\"@type\":\"ImageObject\",\"inLanguage\":\"ca\",\"@id\":\"https:\\\/\\\/secure.gravatar.com\\\/avatar\\\/ada4dfd699a9907706987adb1bb2b361c2613ccca474b49b8c648de5208e32f8?s=96&d=mm&r=g\",\"url\":\"https:\\\/\\\/secure.gravatar.com\\\/avatar\\\/ada4dfd699a9907706987adb1bb2b361c2613ccca474b49b8c648de5208e32f8?s=96&d=mm&r=g\",\"contentUrl\":\"https:\\\/\\\/secure.gravatar.com\\\/avatar\\\/ada4dfd699a9907706987adb1bb2b361c2613ccca474b49b8c648de5208e32f8?s=96&d=mm&r=g\",\"caption\":\"Mostra de Val\u00e8ncia\"}}]}<\/script>\n<!-- \/ Yoast SEO plugin. -->","yoast_head_json":{"title":"'Faruk': un anci\u00e0 de 90 anys a Istanbul, v\u00edctima de la gentrificaci\u00f3 - Mostra de Val\u00e8ncia","robots":{"index":"index","follow":"follow","max-snippet":"max-snippet:-1","max-image-preview":"max-image-preview:large","max-video-preview":"max-video-preview:-1"},"canonical":"https:\/\/lamostradevalencia.com\/ca\/faruk-un-ancia-de-90-anys-a-istanbul-victima-de-la-gentrificacio\/","og_locale":"ca_ES","og_type":"article","og_title":"'Faruk': un anci\u00e0 de 90 anys a Istanbul, v\u00edctima de la gentrificaci\u00f3 - Mostra de Val\u00e8ncia","og_description":"Guanyadora del FIPRESCI Panorama en la Berlinale, reflexiona sobre el pas del temps, la mem\u00f2ria i la resist\u00e8ncia enfront dels desafiaments urbans La cineasta turca [&hellip;]","og_url":"https:\/\/lamostradevalencia.com\/ca\/faruk-un-ancia-de-90-anys-a-istanbul-victima-de-la-gentrificacio\/","og_site_name":"Mostra de Val\u00e8ncia","article_published_time":"2024-10-29T13:36:30+00:00","og_image":[{"width":1616,"height":1080,"url":"https:\/\/lamostradevalencia.com\/wp-content\/uploads\/2024\/10\/K4K01464.jpg","type":"image\/jpeg"}],"author":"Mostra de Val\u00e8ncia","twitter_card":"summary_large_image","twitter_misc":{"Escrit per":"Mostra de Val\u00e8ncia","Temps estimat de lectura":"3 minuts"},"schema":{"@context":"https:\/\/schema.org","@graph":[{"@type":"Article","@id":"https:\/\/lamostradevalencia.com\/ca\/faruk-un-ancia-de-90-anys-a-istanbul-victima-de-la-gentrificacio\/#article","isPartOf":{"@id":"https:\/\/lamostradevalencia.com\/ca\/faruk-un-ancia-de-90-anys-a-istanbul-victima-de-la-gentrificacio\/"},"author":{"name":"Mostra de Val\u00e8ncia","@id":"https:\/\/lamostradevalencia.com\/ca\/#\/schema\/person\/1dc07e4df3d6310b81d2cdf6a034070c"},"headline":"&#8216;Faruk&#8217;: un anci\u00e0 de 90 anys a Istanbul, v\u00edctima de la gentrificaci\u00f3","datePublished":"2024-10-29T13:36:30+00:00","mainEntityOfPage":{"@id":"https:\/\/lamostradevalencia.com\/ca\/faruk-un-ancia-de-90-anys-a-istanbul-victima-de-la-gentrificacio\/"},"wordCount":643,"commentCount":0,"image":{"@id":"https:\/\/lamostradevalencia.com\/ca\/faruk-un-ancia-de-90-anys-a-istanbul-victima-de-la-gentrificacio\/#primaryimage"},"thumbnailUrl":"https:\/\/lamostradevalencia.com\/wp-content\/uploads\/2024\/10\/K4K01464.jpg","articleSection":["Noticies"],"inLanguage":"ca","potentialAction":[{"@type":"CommentAction","name":"Comment","target":["https:\/\/lamostradevalencia.com\/ca\/faruk-un-ancia-de-90-anys-a-istanbul-victima-de-la-gentrificacio\/#respond"]}]},{"@type":"WebPage","@id":"https:\/\/lamostradevalencia.com\/ca\/faruk-un-ancia-de-90-anys-a-istanbul-victima-de-la-gentrificacio\/","url":"https:\/\/lamostradevalencia.com\/ca\/faruk-un-ancia-de-90-anys-a-istanbul-victima-de-la-gentrificacio\/","name":"'Faruk': un anci\u00e0 de 90 anys a Istanbul, v\u00edctima de la gentrificaci\u00f3 - Mostra de Val\u00e8ncia","isPartOf":{"@id":"https:\/\/lamostradevalencia.com\/ca\/#website"},"primaryImageOfPage":{"@id":"https:\/\/lamostradevalencia.com\/ca\/faruk-un-ancia-de-90-anys-a-istanbul-victima-de-la-gentrificacio\/#primaryimage"},"image":{"@id":"https:\/\/lamostradevalencia.com\/ca\/faruk-un-ancia-de-90-anys-a-istanbul-victima-de-la-gentrificacio\/#primaryimage"},"thumbnailUrl":"https:\/\/lamostradevalencia.com\/wp-content\/uploads\/2024\/10\/K4K01464.jpg","datePublished":"2024-10-29T13:36:30+00:00","author":{"@id":"https:\/\/lamostradevalencia.com\/ca\/#\/schema\/person\/1dc07e4df3d6310b81d2cdf6a034070c"},"breadcrumb":{"@id":"https:\/\/lamostradevalencia.com\/ca\/faruk-un-ancia-de-90-anys-a-istanbul-victima-de-la-gentrificacio\/#breadcrumb"},"inLanguage":"ca","potentialAction":[{"@type":"ReadAction","target":["https:\/\/lamostradevalencia.com\/ca\/faruk-un-ancia-de-90-anys-a-istanbul-victima-de-la-gentrificacio\/"]}]},{"@type":"ImageObject","inLanguage":"ca","@id":"https:\/\/lamostradevalencia.com\/ca\/faruk-un-ancia-de-90-anys-a-istanbul-victima-de-la-gentrificacio\/#primaryimage","url":"https:\/\/lamostradevalencia.com\/wp-content\/uploads\/2024\/10\/K4K01464.jpg","contentUrl":"https:\/\/lamostradevalencia.com\/wp-content\/uploads\/2024\/10\/K4K01464.jpg","width":1616,"height":1080},{"@type":"BreadcrumbList","@id":"https:\/\/lamostradevalencia.com\/ca\/faruk-un-ancia-de-90-anys-a-istanbul-victima-de-la-gentrificacio\/#breadcrumb","itemListElement":[{"@type":"ListItem","position":1,"name":"Portada","item":"https:\/\/lamostradevalencia.com\/ca\/"},{"@type":"ListItem","position":2,"name":"&#8216;Faruk&#8217;: un anci\u00e0 de 90 anys a Istanbul, v\u00edctima de la gentrificaci\u00f3"}]},{"@type":"WebSite","@id":"https:\/\/lamostradevalencia.com\/ca\/#website","url":"https:\/\/lamostradevalencia.com\/ca\/","name":"Mostra de Val\u00e8ncia","description":"Cinema del Mediterrani","potentialAction":[{"@type":"SearchAction","target":{"@type":"EntryPoint","urlTemplate":"https:\/\/lamostradevalencia.com\/ca\/?s={search_term_string}"},"query-input":{"@type":"PropertyValueSpecification","valueRequired":true,"valueName":"search_term_string"}}],"inLanguage":"ca"},{"@type":"Person","@id":"https:\/\/lamostradevalencia.com\/ca\/#\/schema\/person\/1dc07e4df3d6310b81d2cdf6a034070c","name":"Mostra de Val\u00e8ncia","image":{"@type":"ImageObject","inLanguage":"ca","@id":"https:\/\/secure.gravatar.com\/avatar\/ada4dfd699a9907706987adb1bb2b361c2613ccca474b49b8c648de5208e32f8?s=96&d=mm&r=g","url":"https:\/\/secure.gravatar.com\/avatar\/ada4dfd699a9907706987adb1bb2b361c2613ccca474b49b8c648de5208e32f8?s=96&d=mm&r=g","contentUrl":"https:\/\/secure.gravatar.com\/avatar\/ada4dfd699a9907706987adb1bb2b361c2613ccca474b49b8c648de5208e32f8?s=96&d=mm&r=g","caption":"Mostra de Val\u00e8ncia"}}]}},"uagb_featured_image_src":{"full":["https:\/\/lamostradevalencia.com\/wp-content\/uploads\/2024\/10\/K4K01464.jpg",1616,1080,false],"thumbnail":["https:\/\/lamostradevalencia.com\/wp-content\/uploads\/2024\/10\/K4K01464-150x150.jpg",150,150,true],"medium":["https:\/\/lamostradevalencia.com\/wp-content\/uploads\/2024\/10\/K4K01464-300x200.jpg",300,200,true],"medium_large":["https:\/\/lamostradevalencia.com\/wp-content\/uploads\/2024\/10\/K4K01464-768x513.jpg",768,513,true],"large":["https:\/\/lamostradevalencia.com\/wp-content\/uploads\/2024\/10\/K4K01464-1024x684.jpg",1024,684,true],"1536x1536":["https:\/\/lamostradevalencia.com\/wp-content\/uploads\/2024\/10\/K4K01464-1536x1027.jpg",1536,1027,true],"2048x2048":["https:\/\/lamostradevalencia.com\/wp-content\/uploads\/2024\/10\/K4K01464.jpg",1616,1080,false],"cinerama_edge_image_square":["https:\/\/lamostradevalencia.com\/wp-content\/uploads\/2024\/10\/K4K01464-550x550.jpg",550,550,true],"cinerama_edge_image_landscape":["https:\/\/lamostradevalencia.com\/wp-content\/uploads\/2024\/10\/K4K01464-1100x550.jpg",1100,550,true],"cinerama_edge_image_portrait":["https:\/\/lamostradevalencia.com\/wp-content\/uploads\/2024\/10\/K4K01464-550x1080.jpg",550,1080,true],"cinerama_edge_image_huge":["https:\/\/lamostradevalencia.com\/wp-content\/uploads\/2024\/10\/K4K01464-1100x1080.jpg",1100,1080,true],"gform-image-choice-sm":["https:\/\/lamostradevalencia.com\/wp-content\/uploads\/2024\/10\/K4K01464.jpg",300,200,false],"gform-image-choice-md":["https:\/\/lamostradevalencia.com\/wp-content\/uploads\/2024\/10\/K4K01464.jpg",400,267,false],"gform-image-choice-lg":["https:\/\/lamostradevalencia.com\/wp-content\/uploads\/2024\/10\/K4K01464.jpg",600,401,false]},"uagb_author_info":{"display_name":"Mostra de Val\u00e8ncia","author_link":"https:\/\/lamostradevalencia.com\/ca\/author\/mostravalencia\/"},"uagb_comment_info":0,"uagb_excerpt":"Guanyadora del FIPRESCI Panorama en la Berlinale, reflexiona sobre el pas del temps, la mem\u00f2ria i la resist\u00e8ncia enfront dels desafiaments urbans La cineasta turca [&hellip;]","_links":{"self":[{"href":"https:\/\/lamostradevalencia.com\/ca\/wp-json\/wp\/v2\/posts\/26480","targetHints":{"allow":["GET"]}}],"collection":[{"href":"https:\/\/lamostradevalencia.com\/ca\/wp-json\/wp\/v2\/posts"}],"about":[{"href":"https:\/\/lamostradevalencia.com\/ca\/wp-json\/wp\/v2\/types\/post"}],"author":[{"embeddable":true,"href":"https:\/\/lamostradevalencia.com\/ca\/wp-json\/wp\/v2\/users\/1"}],"replies":[{"embeddable":true,"href":"https:\/\/lamostradevalencia.com\/ca\/wp-json\/wp\/v2\/comments?post=26480"}],"version-history":[{"count":1,"href":"https:\/\/lamostradevalencia.com\/ca\/wp-json\/wp\/v2\/posts\/26480\/revisions"}],"predecessor-version":[{"id":26481,"href":"https:\/\/lamostradevalencia.com\/ca\/wp-json\/wp\/v2\/posts\/26480\/revisions\/26481"}],"wp:featuredmedia":[{"embeddable":true,"href":"https:\/\/lamostradevalencia.com\/ca\/wp-json\/wp\/v2\/media\/26475"}],"wp:attachment":[{"href":"https:\/\/lamostradevalencia.com\/ca\/wp-json\/wp\/v2\/media?parent=26480"}],"wp:term":[{"taxonomy":"category","embeddable":true,"href":"https:\/\/lamostradevalencia.com\/ca\/wp-json\/wp\/v2\/categories?post=26480"},{"taxonomy":"post_tag","embeddable":true,"href":"https:\/\/lamostradevalencia.com\/ca\/wp-json\/wp\/v2\/tags?post=26480"}],"curies":[{"name":"wp","href":"https:\/\/api.w.org\/{rel}","templated":true}]}}