{"id":26468,"date":"2024-10-28T20:19:54","date_gmt":"2024-10-28T18:19:54","guid":{"rendered":"https:\/\/lamostradevalencia.com\/?p=26468"},"modified":"2024-10-28T20:19:54","modified_gmt":"2024-10-28T18:19:54","slug":"les-enfants-rouges-una-exploracio-del-dol-infantil-a-les-muntanyes-de-tunisia","status":"publish","type":"post","link":"https:\/\/lamostradevalencia.com\/ca\/les-enfants-rouges-una-exploracio-del-dol-infantil-a-les-muntanyes-de-tunisia\/","title":{"rendered":"\u2018Les enfants rouges\u2019, una exploraci\u00f3 del dol infantil a les muntanyes de Tun\u00edsia"},"content":{"rendered":"<h5><b>La cinta del tunisi\u00e0 Lotfi Achour seguix l&#8217;impacte emocional d&#8217;un jove pastor testimoni d&#8217;un terrible assassinat<\/b><\/h5>\n<p><span style=\"font-weight: 400;\">La Secci\u00f3 Oficial de Mostra de Val\u00e8ncia-Cinema del Mediterrani ha rebut hui al director tunisi\u00e0 Lotfi Achour, que arriba al festival per a presentar <\/span><b>\u2018Les enfants rouges\u2019,<\/b><span style=\"font-weight: 400;\"> un imponent drama sobre els mecanismes del dol en la ment ferida d&#8217;un jove pastor, Achraf, i la seua capacitat per a superar la traum\u00e0tica desaparici\u00f3 del seu cos\u00ed.\u00a0<\/span><\/p>\n<p><span style=\"font-weight: 400;\">Com expliquen els t\u00edtols inicials de la pel\u00b7l\u00edcula, es tracta d&#8217;una ficci\u00f3 basada en una hist\u00f2ria real. Els successos van oc\u00f3rrer al novembre de 2015, quan un grup d&#8217;homes van atacar a dos joves pastors i van decapitar a un d&#8217;ells. Estos terribles fets van inspirar a este autor, director i reconegut productor de teatre per a firmar -al costat de Doria Achour, Sylvain Cattenoy i Natacha de Poutcharra- el gui\u00f3 del seu segon llargmetratge. En la pel\u00b7l\u00edcula, el protagonista, Achraf de 13 anys, es veu obligat a portar a la seua fam\u00edlia el cap tallat del seu cos\u00ed Nizar com un missatge espant\u00f3s.\u00a0<\/span><\/p>\n<p><b>\u201cEl succ\u00e9s va oc\u00f3rrer a penes uns dies despr\u00e9s dels atemptats de Bataclan a Par\u00eds i va commocionar a tot Tun\u00edsia, jo em vaig obsessionar amb l&#8217;assumpte i vaig pensar que no anava a ser capa\u00e7 de convertir-ho en una pel\u00b7l\u00edcula\u201d,<\/b><span style=\"font-weight: 400;\"> sost\u00e9 el seu director. Finalment s\u00ed que va aconseguir portar-ho a la pantalla gran. \u201cLa idea era submergir-se al cap d&#8217;eixa persona que ha de viure una cosa tan impressionant, per aix\u00f2 hi ha un mecanisme m\u00e9s realista i un altre m\u00e9s imaginari, ja que a eixa edat encara els adolescents no tenen molt clar el que \u00e9s real o imaginari\u201d, continua.\u00a0<\/span><\/p>\n<p><span style=\"font-weight: 400;\">\u2018Les enfants rouges\u2019 tamb\u00e9 para atenci\u00f3 a l&#8217;impacte que eixa mort imprimeix sobre tota una comunitat amena\u00e7ada i abandonada per les autoritats. Enfront d&#8217;ells, al jove protagonista se li presenta el repte de guiar als homes de la fam\u00edlia cap a les muntanyes amb la finalitat de recuperar el cos i enterrar-lo amb dignitat. Una trag\u00e8dia profundament arrelada en un context social despietat, el que tanca la muntanya Mghila en una regi\u00f3 desfavorida i a\u00efllada del nord-oest de Tun\u00edsia.\u00a0<\/span><\/p>\n<p><span style=\"font-weight: 400;\">En la pel\u00b7l\u00edcula, la filmaci\u00f3 dels impactants paisatges &#8211; a c\u00e0rrec del polon\u00e9s Wojciech Staro\u0144, Os de Plata en la Berlinale 2011 per \u2018The Prize\u2019 i c\u00f2mplice de Diego Lerman en els seus tres \u00faltims llargmetratges- contrasta amb la duresa dels fets narrats. Un for\u00e7\u00f3s <\/span><i><span style=\"font-weight: 400;\">coming of age<\/span><\/i><span style=\"font-weight: 400;\">, com ocorre amb aquells xiquets i xiquetes que creixen en zones de conflicte, encap\u00e7alat pel convincent treball dels joves int\u00e8rprets no professionals. Un viatge on\u00edric a la psique ferida del jove protagonista que sent, al mateix temps, la pres\u00e8ncia fantasmal del seu cos\u00ed acompanyar-li en eixe dol. \u2018Les enfants rouges\u2019 exhibix una poderosa posada en escena amb fugides cap a l&#8217;on\u00edric, una decisi\u00f3 que conviu amb la duresa naturalista de la trag\u00e8dia sostinguda. Segons manifesta Achour, &#8220;l<\/span><b>a naturalesa \u00e9s un dels actors principals del film. Per aix\u00f2 volia que el director de fotografia provinguera d&#8217;un lloc on existira una relaci\u00f3 m\u00e9s org\u00e0nica entre el cinema i la naturalesa. Rodem a m\u00e9s durant els mesos de juny i juliol, a vegades, patint 50 graus, de manera que la naturalesa se sentira de manera org\u00e0nica i sensual<\/b><span style=\"font-weight: 400;\">&#8220;.\u00a0<\/span><\/p>\n<p><span style=\"font-weight: 400;\">Despr\u00e9s de dirigir quatre curtmetratges amb els quals ha aconseguit desenes de premis -entre ells, \u2018La laine sur le dos\u2019, nominat a Cannes- i un llargmetratge debut, \u2019Burning Hope\u2019, Lotfi Achour va ser seleccionat amb este segon treball en la competici\u00f3 de Cineasti del Present de Locarno. De la seua filmografia, destaca el seu inter\u00e9s per l&#8217;exploraci\u00f3 dels traumes i el seu comprom\u00eds per visibilitzar aquelles comunitats rurals assotades pel terrorisme i la inoper\u00e0ncia pol\u00edtica. <\/span><b>&#8220;No vol\u00edem donar veu al terrorisme, ni a la viol\u00e8ncia de les bandes o d&#8217;Estat, com ocorre ara a Gaza, sin\u00f3 prestar tota l&#8217;atenci\u00f3 en les v\u00edctimes, a com fan front a tot aix\u00f2&#8221;, argumenta.<\/b><\/p>\n<p><span style=\"font-weight: 400;\">La 39\u00aa edici\u00f3 de Mostra de Val\u00e8ncia-Cinema del Mediterrani est\u00e0 organitzada per l&#8217;Ajuntament de Val\u00e8ncia, compta amb la col\u00b7laboraci\u00f3 de l\u2019Institut Valenci\u00e0 de Cultura, Palau de la M\u00fasica, Val\u00e8ncia Film Office (Fundaci\u00f3 Visit Val\u00e8ncia), el patrocini de Hyundai Koryo Car i \u00c0 Punt M\u00e8dia com a mitj\u00e0 oficial i principal partner del f\u00f2rum de coproducci\u00f3 Val\u00e8ncia Films Afers. <\/span><\/p>\n<p><br style=\"font-weight: 400;\" \/><br style=\"font-weight: 400;\" \/><\/p>\n","protected":false},"excerpt":{"rendered":"<p>La cinta del tunisi\u00e0 Lotfi Achour seguix l&#8217;impacte emocional d&#8217;un jove pastor testimoni d&#8217;un terrible assassinat La Secci\u00f3 Oficial de Mostra de Val\u00e8ncia-Cinema del Mediterrani [&hellip;]<\/p>\n","protected":false},"author":1,"featured_media":26462,"comment_status":"open","ping_status":"open","sticky":false,"template":"","format":"standard","meta":{"_uag_custom_page_level_css":"","_jet_sm_ready_style":"","_jet_sm_style":"","_jet_sm_controls_values":"","_jet_sm_fonts_collection":"","_jet_sm_fonts_links":"","footnotes":""},"categories":[455],"tags":[],"class_list":["post-26468","post","type-post","status-publish","format-standard","has-post-thumbnail","hentry","category-noticies"],"yoast_head":"<!-- This site is optimized with the Yoast SEO plugin v27.5 - https:\/\/yoast.com\/product\/yoast-seo-wordpress\/ -->\n<title>\u2018Les enfants rouges\u2019, una exploraci\u00f3 del dol infantil a les muntanyes de Tun\u00edsia - Mostra de Val\u00e8ncia<\/title>\n<meta name=\"robots\" content=\"index, follow, max-snippet:-1, max-image-preview:large, max-video-preview:-1\" \/>\n<link rel=\"canonical\" href=\"https:\/\/lamostradevalencia.com\/ca\/les-enfants-rouges-una-exploracio-del-dol-infantil-a-les-muntanyes-de-tunisia\/\" \/>\n<meta property=\"og:locale\" content=\"ca_ES\" \/>\n<meta property=\"og:type\" content=\"article\" \/>\n<meta property=\"og:title\" content=\"\u2018Les enfants rouges\u2019, una exploraci\u00f3 del dol infantil a les muntanyes de Tun\u00edsia - Mostra de Val\u00e8ncia\" \/>\n<meta property=\"og:description\" content=\"La cinta del tunisi\u00e0 Lotfi Achour seguix l&#8217;impacte emocional d&#8217;un jove pastor testimoni d&#8217;un terrible assassinat La Secci\u00f3 Oficial de Mostra de Val\u00e8ncia-Cinema del Mediterrani [&hellip;]\" \/>\n<meta property=\"og:url\" content=\"https:\/\/lamostradevalencia.com\/ca\/les-enfants-rouges-una-exploracio-del-dol-infantil-a-les-muntanyes-de-tunisia\/\" \/>\n<meta property=\"og:site_name\" content=\"Mostra de Val\u00e8ncia\" \/>\n<meta property=\"article:published_time\" content=\"2024-10-28T18:19:54+00:00\" \/>\n<meta property=\"og:image\" content=\"https:\/\/lamostradevalencia.com\/wp-content\/uploads\/2024\/10\/les-enfants.png\" \/>\n\t<meta property=\"og:image:width\" content=\"1507\" \/>\n\t<meta property=\"og:image:height\" content=\"951\" \/>\n\t<meta property=\"og:image:type\" content=\"image\/png\" \/>\n<meta name=\"author\" content=\"Mostra de Val\u00e8ncia\" \/>\n<meta name=\"twitter:card\" content=\"summary_large_image\" \/>\n<meta name=\"twitter:label1\" content=\"Escrit per\" \/>\n\t<meta name=\"twitter:data1\" content=\"Mostra de Val\u00e8ncia\" \/>\n\t<meta name=\"twitter:label2\" content=\"Temps estimat de lectura\" \/>\n\t<meta name=\"twitter:data2\" content=\"4 minuts\" \/>\n<script type=\"application\/ld+json\" class=\"yoast-schema-graph\">{\"@context\":\"https:\\\/\\\/schema.org\",\"@graph\":[{\"@type\":\"Article\",\"@id\":\"https:\\\/\\\/lamostradevalencia.com\\\/ca\\\/les-enfants-rouges-una-exploracio-del-dol-infantil-a-les-muntanyes-de-tunisia\\\/#article\",\"isPartOf\":{\"@id\":\"https:\\\/\\\/lamostradevalencia.com\\\/ca\\\/les-enfants-rouges-una-exploracio-del-dol-infantil-a-les-muntanyes-de-tunisia\\\/\"},\"author\":{\"name\":\"Mostra de Val\u00e8ncia\",\"@id\":\"https:\\\/\\\/lamostradevalencia.com\\\/ca\\\/#\\\/schema\\\/person\\\/1dc07e4df3d6310b81d2cdf6a034070c\"},\"headline\":\"\u2018Les enfants rouges\u2019, una exploraci\u00f3 del dol infantil a les muntanyes de Tun\u00edsia\",\"datePublished\":\"2024-10-28T18:19:54+00:00\",\"mainEntityOfPage\":{\"@id\":\"https:\\\/\\\/lamostradevalencia.com\\\/ca\\\/les-enfants-rouges-una-exploracio-del-dol-infantil-a-les-muntanyes-de-tunisia\\\/\"},\"wordCount\":794,\"commentCount\":0,\"image\":{\"@id\":\"https:\\\/\\\/lamostradevalencia.com\\\/ca\\\/les-enfants-rouges-una-exploracio-del-dol-infantil-a-les-muntanyes-de-tunisia\\\/#primaryimage\"},\"thumbnailUrl\":\"https:\\\/\\\/lamostradevalencia.com\\\/wp-content\\\/uploads\\\/2024\\\/10\\\/les-enfants.png\",\"articleSection\":[\"Noticies\"],\"inLanguage\":\"ca\",\"potentialAction\":[{\"@type\":\"CommentAction\",\"name\":\"Comment\",\"target\":[\"https:\\\/\\\/lamostradevalencia.com\\\/ca\\\/les-enfants-rouges-una-exploracio-del-dol-infantil-a-les-muntanyes-de-tunisia\\\/#respond\"]}]},{\"@type\":\"WebPage\",\"@id\":\"https:\\\/\\\/lamostradevalencia.com\\\/ca\\\/les-enfants-rouges-una-exploracio-del-dol-infantil-a-les-muntanyes-de-tunisia\\\/\",\"url\":\"https:\\\/\\\/lamostradevalencia.com\\\/ca\\\/les-enfants-rouges-una-exploracio-del-dol-infantil-a-les-muntanyes-de-tunisia\\\/\",\"name\":\"\u2018Les enfants rouges\u2019, una exploraci\u00f3 del dol infantil a les muntanyes de Tun\u00edsia - Mostra de Val\u00e8ncia\",\"isPartOf\":{\"@id\":\"https:\\\/\\\/lamostradevalencia.com\\\/ca\\\/#website\"},\"primaryImageOfPage\":{\"@id\":\"https:\\\/\\\/lamostradevalencia.com\\\/ca\\\/les-enfants-rouges-una-exploracio-del-dol-infantil-a-les-muntanyes-de-tunisia\\\/#primaryimage\"},\"image\":{\"@id\":\"https:\\\/\\\/lamostradevalencia.com\\\/ca\\\/les-enfants-rouges-una-exploracio-del-dol-infantil-a-les-muntanyes-de-tunisia\\\/#primaryimage\"},\"thumbnailUrl\":\"https:\\\/\\\/lamostradevalencia.com\\\/wp-content\\\/uploads\\\/2024\\\/10\\\/les-enfants.png\",\"datePublished\":\"2024-10-28T18:19:54+00:00\",\"author\":{\"@id\":\"https:\\\/\\\/lamostradevalencia.com\\\/ca\\\/#\\\/schema\\\/person\\\/1dc07e4df3d6310b81d2cdf6a034070c\"},\"breadcrumb\":{\"@id\":\"https:\\\/\\\/lamostradevalencia.com\\\/ca\\\/les-enfants-rouges-una-exploracio-del-dol-infantil-a-les-muntanyes-de-tunisia\\\/#breadcrumb\"},\"inLanguage\":\"ca\",\"potentialAction\":[{\"@type\":\"ReadAction\",\"target\":[\"https:\\\/\\\/lamostradevalencia.com\\\/ca\\\/les-enfants-rouges-una-exploracio-del-dol-infantil-a-les-muntanyes-de-tunisia\\\/\"]}]},{\"@type\":\"ImageObject\",\"inLanguage\":\"ca\",\"@id\":\"https:\\\/\\\/lamostradevalencia.com\\\/ca\\\/les-enfants-rouges-una-exploracio-del-dol-infantil-a-les-muntanyes-de-tunisia\\\/#primaryimage\",\"url\":\"https:\\\/\\\/lamostradevalencia.com\\\/wp-content\\\/uploads\\\/2024\\\/10\\\/les-enfants.png\",\"contentUrl\":\"https:\\\/\\\/lamostradevalencia.com\\\/wp-content\\\/uploads\\\/2024\\\/10\\\/les-enfants.png\",\"width\":1507,\"height\":951},{\"@type\":\"BreadcrumbList\",\"@id\":\"https:\\\/\\\/lamostradevalencia.com\\\/ca\\\/les-enfants-rouges-una-exploracio-del-dol-infantil-a-les-muntanyes-de-tunisia\\\/#breadcrumb\",\"itemListElement\":[{\"@type\":\"ListItem\",\"position\":1,\"name\":\"Portada\",\"item\":\"https:\\\/\\\/lamostradevalencia.com\\\/ca\\\/\"},{\"@type\":\"ListItem\",\"position\":2,\"name\":\"\u2018Les enfants rouges\u2019, una exploraci\u00f3 del dol infantil a les muntanyes de Tun\u00edsia\"}]},{\"@type\":\"WebSite\",\"@id\":\"https:\\\/\\\/lamostradevalencia.com\\\/ca\\\/#website\",\"url\":\"https:\\\/\\\/lamostradevalencia.com\\\/ca\\\/\",\"name\":\"Mostra de Val\u00e8ncia\",\"description\":\"Cinema del Mediterrani\",\"potentialAction\":[{\"@type\":\"SearchAction\",\"target\":{\"@type\":\"EntryPoint\",\"urlTemplate\":\"https:\\\/\\\/lamostradevalencia.com\\\/ca\\\/?s={search_term_string}\"},\"query-input\":{\"@type\":\"PropertyValueSpecification\",\"valueRequired\":true,\"valueName\":\"search_term_string\"}}],\"inLanguage\":\"ca\"},{\"@type\":\"Person\",\"@id\":\"https:\\\/\\\/lamostradevalencia.com\\\/ca\\\/#\\\/schema\\\/person\\\/1dc07e4df3d6310b81d2cdf6a034070c\",\"name\":\"Mostra de Val\u00e8ncia\",\"image\":{\"@type\":\"ImageObject\",\"inLanguage\":\"ca\",\"@id\":\"https:\\\/\\\/secure.gravatar.com\\\/avatar\\\/ada4dfd699a9907706987adb1bb2b361c2613ccca474b49b8c648de5208e32f8?s=96&d=mm&r=g\",\"url\":\"https:\\\/\\\/secure.gravatar.com\\\/avatar\\\/ada4dfd699a9907706987adb1bb2b361c2613ccca474b49b8c648de5208e32f8?s=96&d=mm&r=g\",\"contentUrl\":\"https:\\\/\\\/secure.gravatar.com\\\/avatar\\\/ada4dfd699a9907706987adb1bb2b361c2613ccca474b49b8c648de5208e32f8?s=96&d=mm&r=g\",\"caption\":\"Mostra de Val\u00e8ncia\"}}]}<\/script>\n<!-- \/ Yoast SEO plugin. -->","yoast_head_json":{"title":"\u2018Les enfants rouges\u2019, una exploraci\u00f3 del dol infantil a les muntanyes de Tun\u00edsia - Mostra de Val\u00e8ncia","robots":{"index":"index","follow":"follow","max-snippet":"max-snippet:-1","max-image-preview":"max-image-preview:large","max-video-preview":"max-video-preview:-1"},"canonical":"https:\/\/lamostradevalencia.com\/ca\/les-enfants-rouges-una-exploracio-del-dol-infantil-a-les-muntanyes-de-tunisia\/","og_locale":"ca_ES","og_type":"article","og_title":"\u2018Les enfants rouges\u2019, una exploraci\u00f3 del dol infantil a les muntanyes de Tun\u00edsia - Mostra de Val\u00e8ncia","og_description":"La cinta del tunisi\u00e0 Lotfi Achour seguix l&#8217;impacte emocional d&#8217;un jove pastor testimoni d&#8217;un terrible assassinat La Secci\u00f3 Oficial de Mostra de Val\u00e8ncia-Cinema del Mediterrani [&hellip;]","og_url":"https:\/\/lamostradevalencia.com\/ca\/les-enfants-rouges-una-exploracio-del-dol-infantil-a-les-muntanyes-de-tunisia\/","og_site_name":"Mostra de Val\u00e8ncia","article_published_time":"2024-10-28T18:19:54+00:00","og_image":[{"width":1507,"height":951,"url":"https:\/\/lamostradevalencia.com\/wp-content\/uploads\/2024\/10\/les-enfants.png","type":"image\/png"}],"author":"Mostra de Val\u00e8ncia","twitter_card":"summary_large_image","twitter_misc":{"Escrit per":"Mostra de Val\u00e8ncia","Temps estimat de lectura":"4 minuts"},"schema":{"@context":"https:\/\/schema.org","@graph":[{"@type":"Article","@id":"https:\/\/lamostradevalencia.com\/ca\/les-enfants-rouges-una-exploracio-del-dol-infantil-a-les-muntanyes-de-tunisia\/#article","isPartOf":{"@id":"https:\/\/lamostradevalencia.com\/ca\/les-enfants-rouges-una-exploracio-del-dol-infantil-a-les-muntanyes-de-tunisia\/"},"author":{"name":"Mostra de Val\u00e8ncia","@id":"https:\/\/lamostradevalencia.com\/ca\/#\/schema\/person\/1dc07e4df3d6310b81d2cdf6a034070c"},"headline":"\u2018Les enfants rouges\u2019, una exploraci\u00f3 del dol infantil a les muntanyes de Tun\u00edsia","datePublished":"2024-10-28T18:19:54+00:00","mainEntityOfPage":{"@id":"https:\/\/lamostradevalencia.com\/ca\/les-enfants-rouges-una-exploracio-del-dol-infantil-a-les-muntanyes-de-tunisia\/"},"wordCount":794,"commentCount":0,"image":{"@id":"https:\/\/lamostradevalencia.com\/ca\/les-enfants-rouges-una-exploracio-del-dol-infantil-a-les-muntanyes-de-tunisia\/#primaryimage"},"thumbnailUrl":"https:\/\/lamostradevalencia.com\/wp-content\/uploads\/2024\/10\/les-enfants.png","articleSection":["Noticies"],"inLanguage":"ca","potentialAction":[{"@type":"CommentAction","name":"Comment","target":["https:\/\/lamostradevalencia.com\/ca\/les-enfants-rouges-una-exploracio-del-dol-infantil-a-les-muntanyes-de-tunisia\/#respond"]}]},{"@type":"WebPage","@id":"https:\/\/lamostradevalencia.com\/ca\/les-enfants-rouges-una-exploracio-del-dol-infantil-a-les-muntanyes-de-tunisia\/","url":"https:\/\/lamostradevalencia.com\/ca\/les-enfants-rouges-una-exploracio-del-dol-infantil-a-les-muntanyes-de-tunisia\/","name":"\u2018Les enfants rouges\u2019, una exploraci\u00f3 del dol infantil a les muntanyes de Tun\u00edsia - Mostra de Val\u00e8ncia","isPartOf":{"@id":"https:\/\/lamostradevalencia.com\/ca\/#website"},"primaryImageOfPage":{"@id":"https:\/\/lamostradevalencia.com\/ca\/les-enfants-rouges-una-exploracio-del-dol-infantil-a-les-muntanyes-de-tunisia\/#primaryimage"},"image":{"@id":"https:\/\/lamostradevalencia.com\/ca\/les-enfants-rouges-una-exploracio-del-dol-infantil-a-les-muntanyes-de-tunisia\/#primaryimage"},"thumbnailUrl":"https:\/\/lamostradevalencia.com\/wp-content\/uploads\/2024\/10\/les-enfants.png","datePublished":"2024-10-28T18:19:54+00:00","author":{"@id":"https:\/\/lamostradevalencia.com\/ca\/#\/schema\/person\/1dc07e4df3d6310b81d2cdf6a034070c"},"breadcrumb":{"@id":"https:\/\/lamostradevalencia.com\/ca\/les-enfants-rouges-una-exploracio-del-dol-infantil-a-les-muntanyes-de-tunisia\/#breadcrumb"},"inLanguage":"ca","potentialAction":[{"@type":"ReadAction","target":["https:\/\/lamostradevalencia.com\/ca\/les-enfants-rouges-una-exploracio-del-dol-infantil-a-les-muntanyes-de-tunisia\/"]}]},{"@type":"ImageObject","inLanguage":"ca","@id":"https:\/\/lamostradevalencia.com\/ca\/les-enfants-rouges-una-exploracio-del-dol-infantil-a-les-muntanyes-de-tunisia\/#primaryimage","url":"https:\/\/lamostradevalencia.com\/wp-content\/uploads\/2024\/10\/les-enfants.png","contentUrl":"https:\/\/lamostradevalencia.com\/wp-content\/uploads\/2024\/10\/les-enfants.png","width":1507,"height":951},{"@type":"BreadcrumbList","@id":"https:\/\/lamostradevalencia.com\/ca\/les-enfants-rouges-una-exploracio-del-dol-infantil-a-les-muntanyes-de-tunisia\/#breadcrumb","itemListElement":[{"@type":"ListItem","position":1,"name":"Portada","item":"https:\/\/lamostradevalencia.com\/ca\/"},{"@type":"ListItem","position":2,"name":"\u2018Les enfants rouges\u2019, una exploraci\u00f3 del dol infantil a les muntanyes de Tun\u00edsia"}]},{"@type":"WebSite","@id":"https:\/\/lamostradevalencia.com\/ca\/#website","url":"https:\/\/lamostradevalencia.com\/ca\/","name":"Mostra de Val\u00e8ncia","description":"Cinema del Mediterrani","potentialAction":[{"@type":"SearchAction","target":{"@type":"EntryPoint","urlTemplate":"https:\/\/lamostradevalencia.com\/ca\/?s={search_term_string}"},"query-input":{"@type":"PropertyValueSpecification","valueRequired":true,"valueName":"search_term_string"}}],"inLanguage":"ca"},{"@type":"Person","@id":"https:\/\/lamostradevalencia.com\/ca\/#\/schema\/person\/1dc07e4df3d6310b81d2cdf6a034070c","name":"Mostra de Val\u00e8ncia","image":{"@type":"ImageObject","inLanguage":"ca","@id":"https:\/\/secure.gravatar.com\/avatar\/ada4dfd699a9907706987adb1bb2b361c2613ccca474b49b8c648de5208e32f8?s=96&d=mm&r=g","url":"https:\/\/secure.gravatar.com\/avatar\/ada4dfd699a9907706987adb1bb2b361c2613ccca474b49b8c648de5208e32f8?s=96&d=mm&r=g","contentUrl":"https:\/\/secure.gravatar.com\/avatar\/ada4dfd699a9907706987adb1bb2b361c2613ccca474b49b8c648de5208e32f8?s=96&d=mm&r=g","caption":"Mostra de Val\u00e8ncia"}}]}},"uagb_featured_image_src":{"full":["https:\/\/lamostradevalencia.com\/wp-content\/uploads\/2024\/10\/les-enfants.png",1507,951,false],"thumbnail":["https:\/\/lamostradevalencia.com\/wp-content\/uploads\/2024\/10\/les-enfants-150x150.png",150,150,true],"medium":["https:\/\/lamostradevalencia.com\/wp-content\/uploads\/2024\/10\/les-enfants-300x189.png",300,189,true],"medium_large":["https:\/\/lamostradevalencia.com\/wp-content\/uploads\/2024\/10\/les-enfants-768x485.png",768,485,true],"large":["https:\/\/lamostradevalencia.com\/wp-content\/uploads\/2024\/10\/les-enfants-1024x646.png",1024,646,true],"1536x1536":["https:\/\/lamostradevalencia.com\/wp-content\/uploads\/2024\/10\/les-enfants.png",1507,951,false],"2048x2048":["https:\/\/lamostradevalencia.com\/wp-content\/uploads\/2024\/10\/les-enfants.png",1507,951,false],"cinerama_edge_image_square":["https:\/\/lamostradevalencia.com\/wp-content\/uploads\/2024\/10\/les-enfants-550x550.png",550,550,true],"cinerama_edge_image_landscape":["https:\/\/lamostradevalencia.com\/wp-content\/uploads\/2024\/10\/les-enfants-1100x550.png",1100,550,true],"cinerama_edge_image_portrait":["https:\/\/lamostradevalencia.com\/wp-content\/uploads\/2024\/10\/les-enfants-550x951.png",550,951,true],"cinerama_edge_image_huge":["https:\/\/lamostradevalencia.com\/wp-content\/uploads\/2024\/10\/les-enfants-1100x951.png",1100,951,true],"gform-image-choice-sm":["https:\/\/lamostradevalencia.com\/wp-content\/uploads\/2024\/10\/les-enfants.png",300,189,false],"gform-image-choice-md":["https:\/\/lamostradevalencia.com\/wp-content\/uploads\/2024\/10\/les-enfants.png",400,252,false],"gform-image-choice-lg":["https:\/\/lamostradevalencia.com\/wp-content\/uploads\/2024\/10\/les-enfants.png",600,379,false]},"uagb_author_info":{"display_name":"Mostra de Val\u00e8ncia","author_link":"https:\/\/lamostradevalencia.com\/ca\/author\/mostravalencia\/"},"uagb_comment_info":0,"uagb_excerpt":"La cinta del tunisi\u00e0 Lotfi Achour seguix l&#8217;impacte emocional d&#8217;un jove pastor testimoni d&#8217;un terrible assassinat La Secci\u00f3 Oficial de Mostra de Val\u00e8ncia-Cinema del Mediterrani [&hellip;]","_links":{"self":[{"href":"https:\/\/lamostradevalencia.com\/ca\/wp-json\/wp\/v2\/posts\/26468","targetHints":{"allow":["GET"]}}],"collection":[{"href":"https:\/\/lamostradevalencia.com\/ca\/wp-json\/wp\/v2\/posts"}],"about":[{"href":"https:\/\/lamostradevalencia.com\/ca\/wp-json\/wp\/v2\/types\/post"}],"author":[{"embeddable":true,"href":"https:\/\/lamostradevalencia.com\/ca\/wp-json\/wp\/v2\/users\/1"}],"replies":[{"embeddable":true,"href":"https:\/\/lamostradevalencia.com\/ca\/wp-json\/wp\/v2\/comments?post=26468"}],"version-history":[{"count":3,"href":"https:\/\/lamostradevalencia.com\/ca\/wp-json\/wp\/v2\/posts\/26468\/revisions"}],"predecessor-version":[{"id":26470,"href":"https:\/\/lamostradevalencia.com\/ca\/wp-json\/wp\/v2\/posts\/26468\/revisions\/26470"}],"wp:featuredmedia":[{"embeddable":true,"href":"https:\/\/lamostradevalencia.com\/ca\/wp-json\/wp\/v2\/media\/26462"}],"wp:attachment":[{"href":"https:\/\/lamostradevalencia.com\/ca\/wp-json\/wp\/v2\/media?parent=26468"}],"wp:term":[{"taxonomy":"category","embeddable":true,"href":"https:\/\/lamostradevalencia.com\/ca\/wp-json\/wp\/v2\/categories?post=26468"},{"taxonomy":"post_tag","embeddable":true,"href":"https:\/\/lamostradevalencia.com\/ca\/wp-json\/wp\/v2\/tags?post=26468"}],"curies":[{"name":"wp","href":"https:\/\/api.w.org\/{rel}","templated":true}]}}