{"id":26451,"date":"2024-10-28T15:45:04","date_gmt":"2024-10-28T13:45:04","guid":{"rendered":"https:\/\/lamostradevalencia.com\/?p=26451"},"modified":"2024-10-28T15:45:04","modified_gmt":"2024-10-28T13:45:04","slug":"backstage-una-veritable-coreografia-composta-per-al-cinema","status":"publish","type":"post","link":"https:\/\/lamostradevalencia.com\/ca\/backstage-una-veritable-coreografia-composta-per-al-cinema\/","title":{"rendered":"&#8216;Backstage&#8217;, una veritable coreografia composta per al cinema"},"content":{"rendered":"<h5><b>Esta producci\u00f3 tunisiana, a cavall entre les arts esc\u00e8niques i l&#8217;audiovisual, arriba al concurs de La Mostra\u00a0<\/b><\/h5>\n<p><strong>La parella de cineastes Afef Ben Mahmoud i Khalil Benkirane acaba d&#8217;aterrar en La Mostra per a presentar la \u00f2pera prima, el llargmetratge \u2018Backstage\u2019 sobre una companyia tunisiana de dansa contempor\u00e0nia de gira pel Marroc.<\/strong> Durant l&#8217;actuaci\u00f3 una de les ballarines t\u00e9 una lesi\u00f3 provocada per un dels seus companys. La companyia haur\u00e0 de travessar el bosc durant la nit per a trobar-se amb el metge al poble ve\u00ed i poder aix\u00ed continuar amb el seu gira.<\/p>\n<p>Hedi, qui s&#8217;ha lesionat en escena, \u00e9s l&#8217;actriu i tamb\u00e9 codirectora del film Afef Ben Mahmoud, qui amb el seu marit i parella creativa armen este relat que travessa els pobles de la serralada del Mitj\u00e0 Atles marroqu\u00ed, un trajecte que es convertix en una esp\u00e8cie d&#8217;ensomni en el qual afloren malsons i picabaralles d&#8217;una companyia que conviu la major part del seu temps. <strong>\u201cTreballem perqu\u00e8 tots els personatges tingueren el mateix temps en pantalla -apunta el t\u00e0ndem. El veritable protagonista \u00e9s el grup, si un es trenca, es trenca l&#8217;harmonia. En el m\u00f3n \u00e0rab s&#8217;aprecia aix\u00f2 molt b\u00e9: hi ha diversos dialectes de persones de diferents llocs, per\u00f2 ens enfrontem tots als mateix problemes, malgrat les nostres difer\u00e8ncies d&#8217;origen, g\u00e8nere\u2026\u201d.\u00a0<\/strong><\/p>\n<p>La tunisiana Afef Ben Mahmoud t\u00e9 experi\u00e8ncia a saber com funciona el m\u00f3n de les arts esc\u00e8niques. L&#8217;actual directora va passar molts anys treballant professionalment com a ballarina. Despr\u00e9s de passar un temps enfront de les cambres (\u00e9s coneguda pels seus paper en la s\u00e8rie de televisi\u00f3 \u2018Pour els belles yeux de Catherine\u2019) es llan\u00e7a a la direcci\u00f3 traslladant a la pantalla gran la seua experi\u00e8ncia en els escenaris. Sobre les similituds entre la ficci\u00f3 i la vida real i com aix\u00f2 ha influenciat la pel\u00b7l\u00edcula: \u201c<strong>\u00c9s un mix entre el real i l&#8217;on\u00edric. Hem intentem trencar un munt de regles sobre el que \u00e9s real i el que no. La companyia est\u00e0 molt compromesa amb el medi ambient. Per\u00f2 a vegades, les persones compromeses amb unes certes causes no tenen ferramentes per a fer res sobre aquest tema. En la pel\u00b7l\u00edcula, veiem uns micos que s\u00f3n molt t\u00edpics del Marroc i estos perseguixen els humans perqu\u00e8 els perceben com a aliens al seu entorn, \u00e9s l&#8217;\u00e9sser hum\u00e0 qui destru\u00efx el medi ambient\u201d, declaren els directors durant la roda de premsa.\u00a0<\/strong><\/p>\n<p>L&#8217;escena inicial ens porta al teatre, la c\u00e0mera es cola entre els ballarins com si f\u00f3rem uns m\u00e9s, per a ser part de les mirades, de la tensi\u00f3 que hi ha entre ells. Un repartiment coral entre int\u00e8rprets i ballarins de diferents nacionalitats de la conca mediterr\u00e0nia com Fran\u00e7a, Tun\u00edsia, Palestina, Alg\u00e8ria i, com no el Marroc, lloc on se centra l&#8217;acci\u00f3.<strong> \u201cEn una de les primeres converses amb el core\u00f2graf ens va dir que mai havia vist la dansa ben representada al cinema. Vol\u00edem fer just\u00edcia a la dansa, per aix\u00f2 la cambra est\u00e0 sempre molt involucrada, tant en les escenes de l&#8217;actuaci\u00f3 com en les del bosc, la cambra acaricia als personatges. D&#8217;altra banda, el film no pot existir sense les coreografies, encara que molt subtils compten elements fonamentals de la trama, especialment la tensi\u00f3 que existix. En la dansa contempor\u00e0nia el m\u00e9s important \u00e9s el llenguatge corporal, m\u00e9s que les paraules\u201d, apunten<\/strong>.<\/p>\n<p>\u2018Backstage\u2019 va ser presentada a competici\u00f3 en la Giornate degli Autori del Festival de Ven\u00e8cia i, d&#8217;igual manera que ocorre amb el seu repartiment, la producci\u00f3 tamb\u00e9 \u00e9s una alian\u00e7a entre el Marroc i Tun\u00edsia, B\u00e8lgica, Fran\u00e7a, Noruega, Qatar i l&#8217;Ar\u00e0bia Saudita.<\/p>\n<p>La 39\u00aa edici\u00f3 de Mostra de Val\u00e8ncia-Cinema del Mediterrani est\u00e0 organitzada per l&#8217;Ajuntament de Val\u00e8ncia, compta amb la col\u00b7laboraci\u00f3 de l\u2019Institut Valenci\u00e0 de Cultura, Palau de la M\u00fasica, Val\u00e8ncia Film Office (Fundaci\u00f3 Visit Val\u00e8ncia), el patrocini de Hyundai Koryo Car i \u00c0 Punt M\u00e8dia com a mitj\u00e0 oficial i principal partner del f\u00f2rum de coproducci\u00f3 Val\u00e8ncia Films Afers.<\/p>\n","protected":false},"excerpt":{"rendered":"<p>Esta producci\u00f3 tunisiana, a cavall entre les arts esc\u00e8niques i l&#8217;audiovisual, arriba al concurs de La Mostra\u00a0 La parella de cineastes Afef Ben Mahmoud i [&hellip;]<\/p>\n","protected":false},"author":1,"featured_media":26452,"comment_status":"open","ping_status":"open","sticky":false,"template":"","format":"standard","meta":{"_uag_custom_page_level_css":"","_jet_sm_ready_style":"","_jet_sm_style":"","_jet_sm_controls_values":"","_jet_sm_fonts_collection":"","_jet_sm_fonts_links":"","footnotes":""},"categories":[455],"tags":[],"class_list":["post-26451","post","type-post","status-publish","format-standard","has-post-thumbnail","hentry","category-noticies"],"yoast_head":"<!-- This site is optimized with the Yoast SEO plugin v27.5 - https:\/\/yoast.com\/product\/yoast-seo-wordpress\/ -->\n<title>&#039;Backstage&#039;, una veritable coreografia composta per al cinema - Mostra de Val\u00e8ncia<\/title>\n<meta name=\"robots\" content=\"index, follow, max-snippet:-1, max-image-preview:large, max-video-preview:-1\" \/>\n<link rel=\"canonical\" href=\"https:\/\/lamostradevalencia.com\/ca\/backstage-una-veritable-coreografia-composta-per-al-cinema\/\" \/>\n<meta property=\"og:locale\" content=\"ca_ES\" \/>\n<meta property=\"og:type\" content=\"article\" \/>\n<meta property=\"og:title\" content=\"&#039;Backstage&#039;, una veritable coreografia composta per al cinema - Mostra de Val\u00e8ncia\" \/>\n<meta property=\"og:description\" content=\"Esta producci\u00f3 tunisiana, a cavall entre les arts esc\u00e8niques i l&#8217;audiovisual, arriba al concurs de La Mostra\u00a0 La parella de cineastes Afef Ben Mahmoud i [&hellip;]\" \/>\n<meta property=\"og:url\" content=\"https:\/\/lamostradevalencia.com\/ca\/backstage-una-veritable-coreografia-composta-per-al-cinema\/\" \/>\n<meta property=\"og:site_name\" content=\"Mostra de Val\u00e8ncia\" \/>\n<meta property=\"article:published_time\" content=\"2024-10-28T13:45:04+00:00\" \/>\n<meta property=\"og:image\" content=\"https:\/\/lamostradevalencia.com\/wp-content\/uploads\/2024\/10\/backstage-1.png\" \/>\n\t<meta property=\"og:image:width\" content=\"696\" \/>\n\t<meta property=\"og:image:height\" content=\"1058\" \/>\n\t<meta property=\"og:image:type\" content=\"image\/png\" \/>\n<meta name=\"author\" content=\"Mostra de Val\u00e8ncia\" \/>\n<meta name=\"twitter:card\" content=\"summary_large_image\" \/>\n<meta name=\"twitter:label1\" content=\"Escrit per\" \/>\n\t<meta name=\"twitter:data1\" content=\"Mostra de Val\u00e8ncia\" \/>\n\t<meta name=\"twitter:label2\" content=\"Temps estimat de lectura\" \/>\n\t<meta name=\"twitter:data2\" content=\"4 minuts\" \/>\n<script type=\"application\/ld+json\" class=\"yoast-schema-graph\">{\"@context\":\"https:\\\/\\\/schema.org\",\"@graph\":[{\"@type\":\"Article\",\"@id\":\"https:\\\/\\\/lamostradevalencia.com\\\/ca\\\/backstage-una-veritable-coreografia-composta-per-al-cinema\\\/#article\",\"isPartOf\":{\"@id\":\"https:\\\/\\\/lamostradevalencia.com\\\/ca\\\/backstage-una-veritable-coreografia-composta-per-al-cinema\\\/\"},\"author\":{\"name\":\"Mostra de Val\u00e8ncia\",\"@id\":\"https:\\\/\\\/lamostradevalencia.com\\\/ca\\\/#\\\/schema\\\/person\\\/1dc07e4df3d6310b81d2cdf6a034070c\"},\"headline\":\"&#8216;Backstage&#8217;, una veritable coreografia composta per al cinema\",\"datePublished\":\"2024-10-28T13:45:04+00:00\",\"mainEntityOfPage\":{\"@id\":\"https:\\\/\\\/lamostradevalencia.com\\\/ca\\\/backstage-una-veritable-coreografia-composta-per-al-cinema\\\/\"},\"wordCount\":729,\"commentCount\":0,\"image\":{\"@id\":\"https:\\\/\\\/lamostradevalencia.com\\\/ca\\\/backstage-una-veritable-coreografia-composta-per-al-cinema\\\/#primaryimage\"},\"thumbnailUrl\":\"https:\\\/\\\/lamostradevalencia.com\\\/wp-content\\\/uploads\\\/2024\\\/10\\\/backstage-1.png\",\"articleSection\":[\"Noticies\"],\"inLanguage\":\"ca\",\"potentialAction\":[{\"@type\":\"CommentAction\",\"name\":\"Comment\",\"target\":[\"https:\\\/\\\/lamostradevalencia.com\\\/ca\\\/backstage-una-veritable-coreografia-composta-per-al-cinema\\\/#respond\"]}]},{\"@type\":\"WebPage\",\"@id\":\"https:\\\/\\\/lamostradevalencia.com\\\/ca\\\/backstage-una-veritable-coreografia-composta-per-al-cinema\\\/\",\"url\":\"https:\\\/\\\/lamostradevalencia.com\\\/ca\\\/backstage-una-veritable-coreografia-composta-per-al-cinema\\\/\",\"name\":\"'Backstage', una veritable coreografia composta per al cinema - Mostra de Val\u00e8ncia\",\"isPartOf\":{\"@id\":\"https:\\\/\\\/lamostradevalencia.com\\\/ca\\\/#website\"},\"primaryImageOfPage\":{\"@id\":\"https:\\\/\\\/lamostradevalencia.com\\\/ca\\\/backstage-una-veritable-coreografia-composta-per-al-cinema\\\/#primaryimage\"},\"image\":{\"@id\":\"https:\\\/\\\/lamostradevalencia.com\\\/ca\\\/backstage-una-veritable-coreografia-composta-per-al-cinema\\\/#primaryimage\"},\"thumbnailUrl\":\"https:\\\/\\\/lamostradevalencia.com\\\/wp-content\\\/uploads\\\/2024\\\/10\\\/backstage-1.png\",\"datePublished\":\"2024-10-28T13:45:04+00:00\",\"author\":{\"@id\":\"https:\\\/\\\/lamostradevalencia.com\\\/ca\\\/#\\\/schema\\\/person\\\/1dc07e4df3d6310b81d2cdf6a034070c\"},\"breadcrumb\":{\"@id\":\"https:\\\/\\\/lamostradevalencia.com\\\/ca\\\/backstage-una-veritable-coreografia-composta-per-al-cinema\\\/#breadcrumb\"},\"inLanguage\":\"ca\",\"potentialAction\":[{\"@type\":\"ReadAction\",\"target\":[\"https:\\\/\\\/lamostradevalencia.com\\\/ca\\\/backstage-una-veritable-coreografia-composta-per-al-cinema\\\/\"]}]},{\"@type\":\"ImageObject\",\"inLanguage\":\"ca\",\"@id\":\"https:\\\/\\\/lamostradevalencia.com\\\/ca\\\/backstage-una-veritable-coreografia-composta-per-al-cinema\\\/#primaryimage\",\"url\":\"https:\\\/\\\/lamostradevalencia.com\\\/wp-content\\\/uploads\\\/2024\\\/10\\\/backstage-1.png\",\"contentUrl\":\"https:\\\/\\\/lamostradevalencia.com\\\/wp-content\\\/uploads\\\/2024\\\/10\\\/backstage-1.png\",\"width\":696,\"height\":1058},{\"@type\":\"BreadcrumbList\",\"@id\":\"https:\\\/\\\/lamostradevalencia.com\\\/ca\\\/backstage-una-veritable-coreografia-composta-per-al-cinema\\\/#breadcrumb\",\"itemListElement\":[{\"@type\":\"ListItem\",\"position\":1,\"name\":\"Portada\",\"item\":\"https:\\\/\\\/lamostradevalencia.com\\\/ca\\\/\"},{\"@type\":\"ListItem\",\"position\":2,\"name\":\"&#8216;Backstage&#8217;, una veritable coreografia composta per al cinema\"}]},{\"@type\":\"WebSite\",\"@id\":\"https:\\\/\\\/lamostradevalencia.com\\\/ca\\\/#website\",\"url\":\"https:\\\/\\\/lamostradevalencia.com\\\/ca\\\/\",\"name\":\"Mostra de Val\u00e8ncia\",\"description\":\"Cinema del Mediterrani\",\"potentialAction\":[{\"@type\":\"SearchAction\",\"target\":{\"@type\":\"EntryPoint\",\"urlTemplate\":\"https:\\\/\\\/lamostradevalencia.com\\\/ca\\\/?s={search_term_string}\"},\"query-input\":{\"@type\":\"PropertyValueSpecification\",\"valueRequired\":true,\"valueName\":\"search_term_string\"}}],\"inLanguage\":\"ca\"},{\"@type\":\"Person\",\"@id\":\"https:\\\/\\\/lamostradevalencia.com\\\/ca\\\/#\\\/schema\\\/person\\\/1dc07e4df3d6310b81d2cdf6a034070c\",\"name\":\"Mostra de Val\u00e8ncia\",\"image\":{\"@type\":\"ImageObject\",\"inLanguage\":\"ca\",\"@id\":\"https:\\\/\\\/secure.gravatar.com\\\/avatar\\\/ada4dfd699a9907706987adb1bb2b361c2613ccca474b49b8c648de5208e32f8?s=96&d=mm&r=g\",\"url\":\"https:\\\/\\\/secure.gravatar.com\\\/avatar\\\/ada4dfd699a9907706987adb1bb2b361c2613ccca474b49b8c648de5208e32f8?s=96&d=mm&r=g\",\"contentUrl\":\"https:\\\/\\\/secure.gravatar.com\\\/avatar\\\/ada4dfd699a9907706987adb1bb2b361c2613ccca474b49b8c648de5208e32f8?s=96&d=mm&r=g\",\"caption\":\"Mostra de Val\u00e8ncia\"}}]}<\/script>\n<!-- \/ Yoast SEO plugin. -->","yoast_head_json":{"title":"'Backstage', una veritable coreografia composta per al cinema - Mostra de Val\u00e8ncia","robots":{"index":"index","follow":"follow","max-snippet":"max-snippet:-1","max-image-preview":"max-image-preview:large","max-video-preview":"max-video-preview:-1"},"canonical":"https:\/\/lamostradevalencia.com\/ca\/backstage-una-veritable-coreografia-composta-per-al-cinema\/","og_locale":"ca_ES","og_type":"article","og_title":"'Backstage', una veritable coreografia composta per al cinema - Mostra de Val\u00e8ncia","og_description":"Esta producci\u00f3 tunisiana, a cavall entre les arts esc\u00e8niques i l&#8217;audiovisual, arriba al concurs de La Mostra\u00a0 La parella de cineastes Afef Ben Mahmoud i [&hellip;]","og_url":"https:\/\/lamostradevalencia.com\/ca\/backstage-una-veritable-coreografia-composta-per-al-cinema\/","og_site_name":"Mostra de Val\u00e8ncia","article_published_time":"2024-10-28T13:45:04+00:00","og_image":[{"width":696,"height":1058,"url":"https:\/\/lamostradevalencia.com\/wp-content\/uploads\/2024\/10\/backstage-1.png","type":"image\/png"}],"author":"Mostra de Val\u00e8ncia","twitter_card":"summary_large_image","twitter_misc":{"Escrit per":"Mostra de Val\u00e8ncia","Temps estimat de lectura":"4 minuts"},"schema":{"@context":"https:\/\/schema.org","@graph":[{"@type":"Article","@id":"https:\/\/lamostradevalencia.com\/ca\/backstage-una-veritable-coreografia-composta-per-al-cinema\/#article","isPartOf":{"@id":"https:\/\/lamostradevalencia.com\/ca\/backstage-una-veritable-coreografia-composta-per-al-cinema\/"},"author":{"name":"Mostra de Val\u00e8ncia","@id":"https:\/\/lamostradevalencia.com\/ca\/#\/schema\/person\/1dc07e4df3d6310b81d2cdf6a034070c"},"headline":"&#8216;Backstage&#8217;, una veritable coreografia composta per al cinema","datePublished":"2024-10-28T13:45:04+00:00","mainEntityOfPage":{"@id":"https:\/\/lamostradevalencia.com\/ca\/backstage-una-veritable-coreografia-composta-per-al-cinema\/"},"wordCount":729,"commentCount":0,"image":{"@id":"https:\/\/lamostradevalencia.com\/ca\/backstage-una-veritable-coreografia-composta-per-al-cinema\/#primaryimage"},"thumbnailUrl":"https:\/\/lamostradevalencia.com\/wp-content\/uploads\/2024\/10\/backstage-1.png","articleSection":["Noticies"],"inLanguage":"ca","potentialAction":[{"@type":"CommentAction","name":"Comment","target":["https:\/\/lamostradevalencia.com\/ca\/backstage-una-veritable-coreografia-composta-per-al-cinema\/#respond"]}]},{"@type":"WebPage","@id":"https:\/\/lamostradevalencia.com\/ca\/backstage-una-veritable-coreografia-composta-per-al-cinema\/","url":"https:\/\/lamostradevalencia.com\/ca\/backstage-una-veritable-coreografia-composta-per-al-cinema\/","name":"'Backstage', una veritable coreografia composta per al cinema - Mostra de Val\u00e8ncia","isPartOf":{"@id":"https:\/\/lamostradevalencia.com\/ca\/#website"},"primaryImageOfPage":{"@id":"https:\/\/lamostradevalencia.com\/ca\/backstage-una-veritable-coreografia-composta-per-al-cinema\/#primaryimage"},"image":{"@id":"https:\/\/lamostradevalencia.com\/ca\/backstage-una-veritable-coreografia-composta-per-al-cinema\/#primaryimage"},"thumbnailUrl":"https:\/\/lamostradevalencia.com\/wp-content\/uploads\/2024\/10\/backstage-1.png","datePublished":"2024-10-28T13:45:04+00:00","author":{"@id":"https:\/\/lamostradevalencia.com\/ca\/#\/schema\/person\/1dc07e4df3d6310b81d2cdf6a034070c"},"breadcrumb":{"@id":"https:\/\/lamostradevalencia.com\/ca\/backstage-una-veritable-coreografia-composta-per-al-cinema\/#breadcrumb"},"inLanguage":"ca","potentialAction":[{"@type":"ReadAction","target":["https:\/\/lamostradevalencia.com\/ca\/backstage-una-veritable-coreografia-composta-per-al-cinema\/"]}]},{"@type":"ImageObject","inLanguage":"ca","@id":"https:\/\/lamostradevalencia.com\/ca\/backstage-una-veritable-coreografia-composta-per-al-cinema\/#primaryimage","url":"https:\/\/lamostradevalencia.com\/wp-content\/uploads\/2024\/10\/backstage-1.png","contentUrl":"https:\/\/lamostradevalencia.com\/wp-content\/uploads\/2024\/10\/backstage-1.png","width":696,"height":1058},{"@type":"BreadcrumbList","@id":"https:\/\/lamostradevalencia.com\/ca\/backstage-una-veritable-coreografia-composta-per-al-cinema\/#breadcrumb","itemListElement":[{"@type":"ListItem","position":1,"name":"Portada","item":"https:\/\/lamostradevalencia.com\/ca\/"},{"@type":"ListItem","position":2,"name":"&#8216;Backstage&#8217;, una veritable coreografia composta per al cinema"}]},{"@type":"WebSite","@id":"https:\/\/lamostradevalencia.com\/ca\/#website","url":"https:\/\/lamostradevalencia.com\/ca\/","name":"Mostra de Val\u00e8ncia","description":"Cinema del Mediterrani","potentialAction":[{"@type":"SearchAction","target":{"@type":"EntryPoint","urlTemplate":"https:\/\/lamostradevalencia.com\/ca\/?s={search_term_string}"},"query-input":{"@type":"PropertyValueSpecification","valueRequired":true,"valueName":"search_term_string"}}],"inLanguage":"ca"},{"@type":"Person","@id":"https:\/\/lamostradevalencia.com\/ca\/#\/schema\/person\/1dc07e4df3d6310b81d2cdf6a034070c","name":"Mostra de Val\u00e8ncia","image":{"@type":"ImageObject","inLanguage":"ca","@id":"https:\/\/secure.gravatar.com\/avatar\/ada4dfd699a9907706987adb1bb2b361c2613ccca474b49b8c648de5208e32f8?s=96&d=mm&r=g","url":"https:\/\/secure.gravatar.com\/avatar\/ada4dfd699a9907706987adb1bb2b361c2613ccca474b49b8c648de5208e32f8?s=96&d=mm&r=g","contentUrl":"https:\/\/secure.gravatar.com\/avatar\/ada4dfd699a9907706987adb1bb2b361c2613ccca474b49b8c648de5208e32f8?s=96&d=mm&r=g","caption":"Mostra de Val\u00e8ncia"}}]}},"uagb_featured_image_src":{"full":["https:\/\/lamostradevalencia.com\/wp-content\/uploads\/2024\/10\/backstage-1.png",696,1058,false],"thumbnail":["https:\/\/lamostradevalencia.com\/wp-content\/uploads\/2024\/10\/backstage-1-150x150.png",150,150,true],"medium":["https:\/\/lamostradevalencia.com\/wp-content\/uploads\/2024\/10\/backstage-1-197x300.png",197,300,true],"medium_large":["https:\/\/lamostradevalencia.com\/wp-content\/uploads\/2024\/10\/backstage-1.png",696,1058,false],"large":["https:\/\/lamostradevalencia.com\/wp-content\/uploads\/2024\/10\/backstage-1-674x1024.png",674,1024,true],"1536x1536":["https:\/\/lamostradevalencia.com\/wp-content\/uploads\/2024\/10\/backstage-1.png",696,1058,false],"2048x2048":["https:\/\/lamostradevalencia.com\/wp-content\/uploads\/2024\/10\/backstage-1.png",696,1058,false],"cinerama_edge_image_square":["https:\/\/lamostradevalencia.com\/wp-content\/uploads\/2024\/10\/backstage-1-550x550.png",550,550,true],"cinerama_edge_image_landscape":["https:\/\/lamostradevalencia.com\/wp-content\/uploads\/2024\/10\/backstage-1-696x550.png",696,550,true],"cinerama_edge_image_portrait":["https:\/\/lamostradevalencia.com\/wp-content\/uploads\/2024\/10\/backstage-1-550x1058.png",550,1058,true],"cinerama_edge_image_huge":["https:\/\/lamostradevalencia.com\/wp-content\/uploads\/2024\/10\/backstage-1.png",696,1058,false],"gform-image-choice-sm":["https:\/\/lamostradevalencia.com\/wp-content\/uploads\/2024\/10\/backstage-1.png",197,300,false],"gform-image-choice-md":["https:\/\/lamostradevalencia.com\/wp-content\/uploads\/2024\/10\/backstage-1.png",263,400,false],"gform-image-choice-lg":["https:\/\/lamostradevalencia.com\/wp-content\/uploads\/2024\/10\/backstage-1.png",395,600,false]},"uagb_author_info":{"display_name":"Mostra de Val\u00e8ncia","author_link":"https:\/\/lamostradevalencia.com\/ca\/author\/mostravalencia\/"},"uagb_comment_info":0,"uagb_excerpt":"Esta producci\u00f3 tunisiana, a cavall entre les arts esc\u00e8niques i l&#8217;audiovisual, arriba al concurs de La Mostra\u00a0 La parella de cineastes Afef Ben Mahmoud i [&hellip;]","_links":{"self":[{"href":"https:\/\/lamostradevalencia.com\/ca\/wp-json\/wp\/v2\/posts\/26451","targetHints":{"allow":["GET"]}}],"collection":[{"href":"https:\/\/lamostradevalencia.com\/ca\/wp-json\/wp\/v2\/posts"}],"about":[{"href":"https:\/\/lamostradevalencia.com\/ca\/wp-json\/wp\/v2\/types\/post"}],"author":[{"embeddable":true,"href":"https:\/\/lamostradevalencia.com\/ca\/wp-json\/wp\/v2\/users\/1"}],"replies":[{"embeddable":true,"href":"https:\/\/lamostradevalencia.com\/ca\/wp-json\/wp\/v2\/comments?post=26451"}],"version-history":[{"count":1,"href":"https:\/\/lamostradevalencia.com\/ca\/wp-json\/wp\/v2\/posts\/26451\/revisions"}],"predecessor-version":[{"id":26457,"href":"https:\/\/lamostradevalencia.com\/ca\/wp-json\/wp\/v2\/posts\/26451\/revisions\/26457"}],"wp:featuredmedia":[{"embeddable":true,"href":"https:\/\/lamostradevalencia.com\/ca\/wp-json\/wp\/v2\/media\/26452"}],"wp:attachment":[{"href":"https:\/\/lamostradevalencia.com\/ca\/wp-json\/wp\/v2\/media?parent=26451"}],"wp:term":[{"taxonomy":"category","embeddable":true,"href":"https:\/\/lamostradevalencia.com\/ca\/wp-json\/wp\/v2\/categories?post=26451"},{"taxonomy":"post_tag","embeddable":true,"href":"https:\/\/lamostradevalencia.com\/ca\/wp-json\/wp\/v2\/tags?post=26451"}],"curies":[{"name":"wp","href":"https:\/\/api.w.org\/{rel}","templated":true}]}}