{"id":26432,"date":"2024-10-27T17:00:18","date_gmt":"2024-10-27T15:00:18","guid":{"rendered":"https:\/\/lamostradevalencia.com\/?p=26432"},"modified":"2024-10-27T19:44:49","modified_gmt":"2024-10-27T17:44:49","slug":"emilio-encabo-lucini-i-alex-andres-exploren-ser-real-tan-sols-un-any-despres-de-ser-ficcion","status":"publish","type":"post","link":"https:\/\/lamostradevalencia.com\/ca\/emilio-encabo-lucini-i-alex-andres-exploren-ser-real-tan-sols-un-any-despres-de-ser-ficcion\/","title":{"rendered":"Emilio Encabo Lucini i \u00c0lex Andr\u00e9s exploren \u2018Ser real\u2019 tan sols un any despr\u00e9s de \u2018Ser ficci\u00f3n\u2019"},"content":{"rendered":"<h5><b>Despr\u00e9s del seu pas per la Mostra en 2023, el t\u00e0ndem valenci\u00e0 torna en esta edici\u00f3 amb la segona part del que ser\u00e0 una trilogia<\/b><\/h5>\n<p><span style=\"font-weight: 400;\">Tan sols fa un any esta parella creativa iniciava la seua marxa en la ficci\u00f3 audiovisual amb una hist\u00f2ria sobre una dona que es queda paralitzada cada mat\u00ed davant de la porta de la seua casa abans d&#8217;anar a treballar. El que va comen\u00e7ar com un curtmetratge es va convertir en la seua primera pel\u00b7l\u00edcula \u2018Ser ficci\u00f3\u2019: \u201cEste projecte ha tingut un desenrotllament molt progressiu. El nostre objectiu ha anat creixent a mesura que les idees anaven cobrant vida. En acabar-ho ens vam adonar de qu\u00e8 hav\u00edem gaudit molt fent-ho i vol\u00edem m\u00e9s. A m\u00e9s, art\u00edsticament la hist\u00f2ria donava per a m\u00e9s i vol\u00edem veure a on ens portaven eixos personatges i les seues hist\u00f2ries\u201d comenten els seus directors Emilio Encabo Lucini i \u00c0lex Andr\u00e9s.\u00a0<\/span><\/p>\n<p><span style=\"font-weight: 400;\">Esta segona <\/span><span style=\"font-weight: 400;\">pel\u00b7l\u00edcula<\/span><span style=\"font-weight: 400;\"> titulada \u2018Ser real\u2019 est\u00e0 protagonitzada per unes joves actrius Carla Pascual, Olivia Charco, Ainoa Alpuente -que ja van participar en la primera- i altres m\u00e9s veteranes com Marta Chiner. Una hist\u00f2ria que arreplega el testimoni de la seua predecessora i que com diuen els seus directors repr\u00e9n localitzacions, actrius, la pres\u00e8ncia del teatre\u2026 Segons comenten els directors durant la presentaci\u00f3 en la Mostra: \u201cTot mant\u00e9 eixa estranya relaci\u00f3 que tenim els humans amb la ficci\u00f3. Sempre ens ha interessat molt eixa necessitat que tenim de la ficci\u00f3 per a viure la nostra realitat: com s&#8217;immiscix en la nostra vida, per a b\u00e9 i per a mal, i com, en moltes ocasions, les nostres ficcions s\u00f3n m\u00e9s reals que les nostres realitats\u201d.\u00a0<\/span><\/p>\n<p><span style=\"font-weight: 400;\">Un projecte a l&#8217;any -dos pel\u00b7l\u00edcules en dos anys- \u00e9s una <\/span><i><span style=\"font-weight: 400;\">rara avis<\/span><\/i><span style=\"font-weight: 400;\"> en la ind\u00fastria audiovisual que nom\u00e9s alguns aconseguixen materialitzar i que en el cas d&#8217;estos dos directors est\u00e0 molt lligat a la seua experi\u00e8ncia en el sector de les arts esc\u00e8niques: \u201cEn teatre, sobretot en teatre alternatiu, els mitjans no s\u00f3n un problema. Basten uns int\u00e8rprets i un espai buit\u201d, expliquen. El duo creatiu ha triat l&#8217;autogesti\u00f3 perqu\u00e8 segons comenten s\u00f3n molt impacients: \u201cNo vol\u00edem esperar anys (probablement en va) perqu\u00e8 alg\u00fa ens donara diners. Ens pareixem<\/span> <span style=\"font-weight: 400;\">m\u00e9s a una xicoteta <\/span><i><span style=\"font-weight: 400;\">troupe <\/span><\/i><span style=\"font-weight: 400;\">teatral que a un equip de rodatge\u201d,\u00a0<\/span><\/p>\n<p><span style=\"font-weight: 400;\">La 39\u00aa edici\u00f3 de Mostra de Val\u00e8ncia-Cinema del Mediterrani est\u00e0 organitzada per l&#8217;Ajuntament de Val\u00e8ncia, compta amb la col\u00b7laboraci\u00f3 de l\u2019Institut Valenci\u00e0 de Cultura, Palau de la M\u00fasica, Val\u00e8ncia Film Office (Fundaci\u00f3 Visit Val\u00e8ncia), el patrocini de Hyundai Koryo Car i \u00c0 Punt M\u00e8dia com a mitj\u00e0 oficial i principal partner del f\u00f2rum de coproducci\u00f3 Val\u00e8ncia Films Afers. <\/span><\/p>\n<p><br style=\"font-weight: 400;\" \/><br style=\"font-weight: 400;\" \/><\/p>\n","protected":false},"excerpt":{"rendered":"<p>Despr\u00e9s del seu pas per la Mostra en 2023, el t\u00e0ndem valenci\u00e0 torna en esta edici\u00f3 amb la segona part del que ser\u00e0 una trilogia [&hellip;]<\/p>\n","protected":false},"author":1,"featured_media":26437,"comment_status":"open","ping_status":"open","sticky":false,"template":"","format":"standard","meta":{"_uag_custom_page_level_css":"","_jet_sm_ready_style":"","_jet_sm_style":"","_jet_sm_controls_values":"","_jet_sm_fonts_collection":"","_jet_sm_fonts_links":"","footnotes":""},"categories":[455],"tags":[],"class_list":["post-26432","post","type-post","status-publish","format-standard","has-post-thumbnail","hentry","category-noticies"],"yoast_head":"<!-- This site is optimized with the Yoast SEO plugin v27.5 - https:\/\/yoast.com\/product\/yoast-seo-wordpress\/ -->\n<title>Emilio Encabo Lucini i \u00c0lex Andr\u00e9s exploren \u2018Ser real\u2019 tan sols un any despr\u00e9s de \u2018Ser ficci\u00f3n\u2019 - Mostra de Val\u00e8ncia<\/title>\n<meta name=\"robots\" content=\"index, follow, max-snippet:-1, max-image-preview:large, max-video-preview:-1\" \/>\n<link rel=\"canonical\" href=\"https:\/\/lamostradevalencia.com\/ca\/emilio-encabo-lucini-i-alex-andres-exploren-ser-real-tan-sols-un-any-despres-de-ser-ficcion\/\" \/>\n<meta property=\"og:locale\" content=\"ca_ES\" \/>\n<meta property=\"og:type\" content=\"article\" \/>\n<meta property=\"og:title\" content=\"Emilio Encabo Lucini i \u00c0lex Andr\u00e9s exploren \u2018Ser real\u2019 tan sols un any despr\u00e9s de \u2018Ser ficci\u00f3n\u2019 - Mostra de Val\u00e8ncia\" \/>\n<meta property=\"og:description\" content=\"Despr\u00e9s del seu pas per la Mostra en 2023, el t\u00e0ndem valenci\u00e0 torna en esta edici\u00f3 amb la segona part del que ser\u00e0 una trilogia [&hellip;]\" \/>\n<meta property=\"og:url\" content=\"https:\/\/lamostradevalencia.com\/ca\/emilio-encabo-lucini-i-alex-andres-exploren-ser-real-tan-sols-un-any-despres-de-ser-ficcion\/\" \/>\n<meta property=\"og:site_name\" content=\"Mostra de Val\u00e8ncia\" \/>\n<meta property=\"article:published_time\" content=\"2024-10-27T15:00:18+00:00\" \/>\n<meta property=\"article:modified_time\" content=\"2024-10-27T17:44:49+00:00\" \/>\n<meta property=\"og:image\" content=\"https:\/\/lamostradevalencia.com\/wp-content\/uploads\/2024\/10\/ser-real-1024x711.png\" \/>\n\t<meta property=\"og:image:width\" content=\"1024\" \/>\n\t<meta property=\"og:image:height\" content=\"711\" \/>\n\t<meta property=\"og:image:type\" content=\"image\/png\" \/>\n<meta name=\"author\" content=\"Mostra de Val\u00e8ncia\" \/>\n<meta name=\"twitter:card\" content=\"summary_large_image\" \/>\n<meta name=\"twitter:label1\" content=\"Escrit per\" \/>\n\t<meta name=\"twitter:data1\" content=\"Mostra de Val\u00e8ncia\" \/>\n\t<meta name=\"twitter:label2\" content=\"Temps estimat de lectura\" \/>\n\t<meta name=\"twitter:data2\" content=\"3 minuts\" \/>\n<script type=\"application\/ld+json\" class=\"yoast-schema-graph\">{\"@context\":\"https:\\\/\\\/schema.org\",\"@graph\":[{\"@type\":\"Article\",\"@id\":\"https:\\\/\\\/lamostradevalencia.com\\\/ca\\\/emilio-encabo-lucini-i-alex-andres-exploren-ser-real-tan-sols-un-any-despres-de-ser-ficcion\\\/#article\",\"isPartOf\":{\"@id\":\"https:\\\/\\\/lamostradevalencia.com\\\/ca\\\/emilio-encabo-lucini-i-alex-andres-exploren-ser-real-tan-sols-un-any-despres-de-ser-ficcion\\\/\"},\"author\":{\"name\":\"Mostra de Val\u00e8ncia\",\"@id\":\"https:\\\/\\\/lamostradevalencia.com\\\/ca\\\/#\\\/schema\\\/person\\\/1dc07e4df3d6310b81d2cdf6a034070c\"},\"headline\":\"Emilio Encabo Lucini i \u00c0lex Andr\u00e9s exploren \u2018Ser real\u2019 tan sols un any despr\u00e9s de \u2018Ser ficci\u00f3n\u2019\",\"datePublished\":\"2024-10-27T15:00:18+00:00\",\"dateModified\":\"2024-10-27T17:44:49+00:00\",\"mainEntityOfPage\":{\"@id\":\"https:\\\/\\\/lamostradevalencia.com\\\/ca\\\/emilio-encabo-lucini-i-alex-andres-exploren-ser-real-tan-sols-un-any-despres-de-ser-ficcion\\\/\"},\"wordCount\":502,\"commentCount\":0,\"image\":{\"@id\":\"https:\\\/\\\/lamostradevalencia.com\\\/ca\\\/emilio-encabo-lucini-i-alex-andres-exploren-ser-real-tan-sols-un-any-despres-de-ser-ficcion\\\/#primaryimage\"},\"thumbnailUrl\":\"https:\\\/\\\/lamostradevalencia.com\\\/wp-content\\\/uploads\\\/2024\\\/10\\\/ser-real.png\",\"articleSection\":[\"Noticies\"],\"inLanguage\":\"ca\",\"potentialAction\":[{\"@type\":\"CommentAction\",\"name\":\"Comment\",\"target\":[\"https:\\\/\\\/lamostradevalencia.com\\\/ca\\\/emilio-encabo-lucini-i-alex-andres-exploren-ser-real-tan-sols-un-any-despres-de-ser-ficcion\\\/#respond\"]}]},{\"@type\":\"WebPage\",\"@id\":\"https:\\\/\\\/lamostradevalencia.com\\\/ca\\\/emilio-encabo-lucini-i-alex-andres-exploren-ser-real-tan-sols-un-any-despres-de-ser-ficcion\\\/\",\"url\":\"https:\\\/\\\/lamostradevalencia.com\\\/ca\\\/emilio-encabo-lucini-i-alex-andres-exploren-ser-real-tan-sols-un-any-despres-de-ser-ficcion\\\/\",\"name\":\"Emilio Encabo Lucini i \u00c0lex Andr\u00e9s exploren \u2018Ser real\u2019 tan sols un any despr\u00e9s de \u2018Ser ficci\u00f3n\u2019 - Mostra de Val\u00e8ncia\",\"isPartOf\":{\"@id\":\"https:\\\/\\\/lamostradevalencia.com\\\/ca\\\/#website\"},\"primaryImageOfPage\":{\"@id\":\"https:\\\/\\\/lamostradevalencia.com\\\/ca\\\/emilio-encabo-lucini-i-alex-andres-exploren-ser-real-tan-sols-un-any-despres-de-ser-ficcion\\\/#primaryimage\"},\"image\":{\"@id\":\"https:\\\/\\\/lamostradevalencia.com\\\/ca\\\/emilio-encabo-lucini-i-alex-andres-exploren-ser-real-tan-sols-un-any-despres-de-ser-ficcion\\\/#primaryimage\"},\"thumbnailUrl\":\"https:\\\/\\\/lamostradevalencia.com\\\/wp-content\\\/uploads\\\/2024\\\/10\\\/ser-real.png\",\"datePublished\":\"2024-10-27T15:00:18+00:00\",\"dateModified\":\"2024-10-27T17:44:49+00:00\",\"author\":{\"@id\":\"https:\\\/\\\/lamostradevalencia.com\\\/ca\\\/#\\\/schema\\\/person\\\/1dc07e4df3d6310b81d2cdf6a034070c\"},\"breadcrumb\":{\"@id\":\"https:\\\/\\\/lamostradevalencia.com\\\/ca\\\/emilio-encabo-lucini-i-alex-andres-exploren-ser-real-tan-sols-un-any-despres-de-ser-ficcion\\\/#breadcrumb\"},\"inLanguage\":\"ca\",\"potentialAction\":[{\"@type\":\"ReadAction\",\"target\":[\"https:\\\/\\\/lamostradevalencia.com\\\/ca\\\/emilio-encabo-lucini-i-alex-andres-exploren-ser-real-tan-sols-un-any-despres-de-ser-ficcion\\\/\"]}]},{\"@type\":\"ImageObject\",\"inLanguage\":\"ca\",\"@id\":\"https:\\\/\\\/lamostradevalencia.com\\\/ca\\\/emilio-encabo-lucini-i-alex-andres-exploren-ser-real-tan-sols-un-any-despres-de-ser-ficcion\\\/#primaryimage\",\"url\":\"https:\\\/\\\/lamostradevalencia.com\\\/wp-content\\\/uploads\\\/2024\\\/10\\\/ser-real.png\",\"contentUrl\":\"https:\\\/\\\/lamostradevalencia.com\\\/wp-content\\\/uploads\\\/2024\\\/10\\\/ser-real.png\",\"width\":1500,\"height\":1042},{\"@type\":\"BreadcrumbList\",\"@id\":\"https:\\\/\\\/lamostradevalencia.com\\\/ca\\\/emilio-encabo-lucini-i-alex-andres-exploren-ser-real-tan-sols-un-any-despres-de-ser-ficcion\\\/#breadcrumb\",\"itemListElement\":[{\"@type\":\"ListItem\",\"position\":1,\"name\":\"Portada\",\"item\":\"https:\\\/\\\/lamostradevalencia.com\\\/ca\\\/\"},{\"@type\":\"ListItem\",\"position\":2,\"name\":\"Emilio Encabo Lucini i \u00c0lex Andr\u00e9s exploren \u2018Ser real\u2019 tan sols un any despr\u00e9s de \u2018Ser ficci\u00f3n\u2019\"}]},{\"@type\":\"WebSite\",\"@id\":\"https:\\\/\\\/lamostradevalencia.com\\\/ca\\\/#website\",\"url\":\"https:\\\/\\\/lamostradevalencia.com\\\/ca\\\/\",\"name\":\"Mostra de Val\u00e8ncia\",\"description\":\"Cinema del Mediterrani\",\"potentialAction\":[{\"@type\":\"SearchAction\",\"target\":{\"@type\":\"EntryPoint\",\"urlTemplate\":\"https:\\\/\\\/lamostradevalencia.com\\\/ca\\\/?s={search_term_string}\"},\"query-input\":{\"@type\":\"PropertyValueSpecification\",\"valueRequired\":true,\"valueName\":\"search_term_string\"}}],\"inLanguage\":\"ca\"},{\"@type\":\"Person\",\"@id\":\"https:\\\/\\\/lamostradevalencia.com\\\/ca\\\/#\\\/schema\\\/person\\\/1dc07e4df3d6310b81d2cdf6a034070c\",\"name\":\"Mostra de Val\u00e8ncia\",\"image\":{\"@type\":\"ImageObject\",\"inLanguage\":\"ca\",\"@id\":\"https:\\\/\\\/secure.gravatar.com\\\/avatar\\\/ada4dfd699a9907706987adb1bb2b361c2613ccca474b49b8c648de5208e32f8?s=96&d=mm&r=g\",\"url\":\"https:\\\/\\\/secure.gravatar.com\\\/avatar\\\/ada4dfd699a9907706987adb1bb2b361c2613ccca474b49b8c648de5208e32f8?s=96&d=mm&r=g\",\"contentUrl\":\"https:\\\/\\\/secure.gravatar.com\\\/avatar\\\/ada4dfd699a9907706987adb1bb2b361c2613ccca474b49b8c648de5208e32f8?s=96&d=mm&r=g\",\"caption\":\"Mostra de Val\u00e8ncia\"}}]}<\/script>\n<!-- \/ Yoast SEO plugin. -->","yoast_head_json":{"title":"Emilio Encabo Lucini i \u00c0lex Andr\u00e9s exploren \u2018Ser real\u2019 tan sols un any despr\u00e9s de \u2018Ser ficci\u00f3n\u2019 - Mostra de Val\u00e8ncia","robots":{"index":"index","follow":"follow","max-snippet":"max-snippet:-1","max-image-preview":"max-image-preview:large","max-video-preview":"max-video-preview:-1"},"canonical":"https:\/\/lamostradevalencia.com\/ca\/emilio-encabo-lucini-i-alex-andres-exploren-ser-real-tan-sols-un-any-despres-de-ser-ficcion\/","og_locale":"ca_ES","og_type":"article","og_title":"Emilio Encabo Lucini i \u00c0lex Andr\u00e9s exploren \u2018Ser real\u2019 tan sols un any despr\u00e9s de \u2018Ser ficci\u00f3n\u2019 - Mostra de Val\u00e8ncia","og_description":"Despr\u00e9s del seu pas per la Mostra en 2023, el t\u00e0ndem valenci\u00e0 torna en esta edici\u00f3 amb la segona part del que ser\u00e0 una trilogia [&hellip;]","og_url":"https:\/\/lamostradevalencia.com\/ca\/emilio-encabo-lucini-i-alex-andres-exploren-ser-real-tan-sols-un-any-despres-de-ser-ficcion\/","og_site_name":"Mostra de Val\u00e8ncia","article_published_time":"2024-10-27T15:00:18+00:00","article_modified_time":"2024-10-27T17:44:49+00:00","og_image":[{"width":1024,"height":711,"url":"https:\/\/lamostradevalencia.com\/wp-content\/uploads\/2024\/10\/ser-real-1024x711.png","type":"image\/png"}],"author":"Mostra de Val\u00e8ncia","twitter_card":"summary_large_image","twitter_misc":{"Escrit per":"Mostra de Val\u00e8ncia","Temps estimat de lectura":"3 minuts"},"schema":{"@context":"https:\/\/schema.org","@graph":[{"@type":"Article","@id":"https:\/\/lamostradevalencia.com\/ca\/emilio-encabo-lucini-i-alex-andres-exploren-ser-real-tan-sols-un-any-despres-de-ser-ficcion\/#article","isPartOf":{"@id":"https:\/\/lamostradevalencia.com\/ca\/emilio-encabo-lucini-i-alex-andres-exploren-ser-real-tan-sols-un-any-despres-de-ser-ficcion\/"},"author":{"name":"Mostra de Val\u00e8ncia","@id":"https:\/\/lamostradevalencia.com\/ca\/#\/schema\/person\/1dc07e4df3d6310b81d2cdf6a034070c"},"headline":"Emilio Encabo Lucini i \u00c0lex Andr\u00e9s exploren \u2018Ser real\u2019 tan sols un any despr\u00e9s de \u2018Ser ficci\u00f3n\u2019","datePublished":"2024-10-27T15:00:18+00:00","dateModified":"2024-10-27T17:44:49+00:00","mainEntityOfPage":{"@id":"https:\/\/lamostradevalencia.com\/ca\/emilio-encabo-lucini-i-alex-andres-exploren-ser-real-tan-sols-un-any-despres-de-ser-ficcion\/"},"wordCount":502,"commentCount":0,"image":{"@id":"https:\/\/lamostradevalencia.com\/ca\/emilio-encabo-lucini-i-alex-andres-exploren-ser-real-tan-sols-un-any-despres-de-ser-ficcion\/#primaryimage"},"thumbnailUrl":"https:\/\/lamostradevalencia.com\/wp-content\/uploads\/2024\/10\/ser-real.png","articleSection":["Noticies"],"inLanguage":"ca","potentialAction":[{"@type":"CommentAction","name":"Comment","target":["https:\/\/lamostradevalencia.com\/ca\/emilio-encabo-lucini-i-alex-andres-exploren-ser-real-tan-sols-un-any-despres-de-ser-ficcion\/#respond"]}]},{"@type":"WebPage","@id":"https:\/\/lamostradevalencia.com\/ca\/emilio-encabo-lucini-i-alex-andres-exploren-ser-real-tan-sols-un-any-despres-de-ser-ficcion\/","url":"https:\/\/lamostradevalencia.com\/ca\/emilio-encabo-lucini-i-alex-andres-exploren-ser-real-tan-sols-un-any-despres-de-ser-ficcion\/","name":"Emilio Encabo Lucini i \u00c0lex Andr\u00e9s exploren \u2018Ser real\u2019 tan sols un any despr\u00e9s de \u2018Ser ficci\u00f3n\u2019 - Mostra de Val\u00e8ncia","isPartOf":{"@id":"https:\/\/lamostradevalencia.com\/ca\/#website"},"primaryImageOfPage":{"@id":"https:\/\/lamostradevalencia.com\/ca\/emilio-encabo-lucini-i-alex-andres-exploren-ser-real-tan-sols-un-any-despres-de-ser-ficcion\/#primaryimage"},"image":{"@id":"https:\/\/lamostradevalencia.com\/ca\/emilio-encabo-lucini-i-alex-andres-exploren-ser-real-tan-sols-un-any-despres-de-ser-ficcion\/#primaryimage"},"thumbnailUrl":"https:\/\/lamostradevalencia.com\/wp-content\/uploads\/2024\/10\/ser-real.png","datePublished":"2024-10-27T15:00:18+00:00","dateModified":"2024-10-27T17:44:49+00:00","author":{"@id":"https:\/\/lamostradevalencia.com\/ca\/#\/schema\/person\/1dc07e4df3d6310b81d2cdf6a034070c"},"breadcrumb":{"@id":"https:\/\/lamostradevalencia.com\/ca\/emilio-encabo-lucini-i-alex-andres-exploren-ser-real-tan-sols-un-any-despres-de-ser-ficcion\/#breadcrumb"},"inLanguage":"ca","potentialAction":[{"@type":"ReadAction","target":["https:\/\/lamostradevalencia.com\/ca\/emilio-encabo-lucini-i-alex-andres-exploren-ser-real-tan-sols-un-any-despres-de-ser-ficcion\/"]}]},{"@type":"ImageObject","inLanguage":"ca","@id":"https:\/\/lamostradevalencia.com\/ca\/emilio-encabo-lucini-i-alex-andres-exploren-ser-real-tan-sols-un-any-despres-de-ser-ficcion\/#primaryimage","url":"https:\/\/lamostradevalencia.com\/wp-content\/uploads\/2024\/10\/ser-real.png","contentUrl":"https:\/\/lamostradevalencia.com\/wp-content\/uploads\/2024\/10\/ser-real.png","width":1500,"height":1042},{"@type":"BreadcrumbList","@id":"https:\/\/lamostradevalencia.com\/ca\/emilio-encabo-lucini-i-alex-andres-exploren-ser-real-tan-sols-un-any-despres-de-ser-ficcion\/#breadcrumb","itemListElement":[{"@type":"ListItem","position":1,"name":"Portada","item":"https:\/\/lamostradevalencia.com\/ca\/"},{"@type":"ListItem","position":2,"name":"Emilio Encabo Lucini i \u00c0lex Andr\u00e9s exploren \u2018Ser real\u2019 tan sols un any despr\u00e9s de \u2018Ser ficci\u00f3n\u2019"}]},{"@type":"WebSite","@id":"https:\/\/lamostradevalencia.com\/ca\/#website","url":"https:\/\/lamostradevalencia.com\/ca\/","name":"Mostra de Val\u00e8ncia","description":"Cinema del Mediterrani","potentialAction":[{"@type":"SearchAction","target":{"@type":"EntryPoint","urlTemplate":"https:\/\/lamostradevalencia.com\/ca\/?s={search_term_string}"},"query-input":{"@type":"PropertyValueSpecification","valueRequired":true,"valueName":"search_term_string"}}],"inLanguage":"ca"},{"@type":"Person","@id":"https:\/\/lamostradevalencia.com\/ca\/#\/schema\/person\/1dc07e4df3d6310b81d2cdf6a034070c","name":"Mostra de Val\u00e8ncia","image":{"@type":"ImageObject","inLanguage":"ca","@id":"https:\/\/secure.gravatar.com\/avatar\/ada4dfd699a9907706987adb1bb2b361c2613ccca474b49b8c648de5208e32f8?s=96&d=mm&r=g","url":"https:\/\/secure.gravatar.com\/avatar\/ada4dfd699a9907706987adb1bb2b361c2613ccca474b49b8c648de5208e32f8?s=96&d=mm&r=g","contentUrl":"https:\/\/secure.gravatar.com\/avatar\/ada4dfd699a9907706987adb1bb2b361c2613ccca474b49b8c648de5208e32f8?s=96&d=mm&r=g","caption":"Mostra de Val\u00e8ncia"}}]}},"uagb_featured_image_src":{"full":["https:\/\/lamostradevalencia.com\/wp-content\/uploads\/2024\/10\/ser-real.png",1500,1042,false],"thumbnail":["https:\/\/lamostradevalencia.com\/wp-content\/uploads\/2024\/10\/ser-real-150x150.png",150,150,true],"medium":["https:\/\/lamostradevalencia.com\/wp-content\/uploads\/2024\/10\/ser-real-300x208.png",300,208,true],"medium_large":["https:\/\/lamostradevalencia.com\/wp-content\/uploads\/2024\/10\/ser-real-768x534.png",768,534,true],"large":["https:\/\/lamostradevalencia.com\/wp-content\/uploads\/2024\/10\/ser-real-1024x711.png",1024,711,true],"1536x1536":["https:\/\/lamostradevalencia.com\/wp-content\/uploads\/2024\/10\/ser-real.png",1500,1042,false],"2048x2048":["https:\/\/lamostradevalencia.com\/wp-content\/uploads\/2024\/10\/ser-real.png",1500,1042,false],"cinerama_edge_image_square":["https:\/\/lamostradevalencia.com\/wp-content\/uploads\/2024\/10\/ser-real-550x550.png",550,550,true],"cinerama_edge_image_landscape":["https:\/\/lamostradevalencia.com\/wp-content\/uploads\/2024\/10\/ser-real-1100x550.png",1100,550,true],"cinerama_edge_image_portrait":["https:\/\/lamostradevalencia.com\/wp-content\/uploads\/2024\/10\/ser-real-550x1042.png",550,1042,true],"cinerama_edge_image_huge":["https:\/\/lamostradevalencia.com\/wp-content\/uploads\/2024\/10\/ser-real-1100x1042.png",1100,1042,true],"gform-image-choice-sm":["https:\/\/lamostradevalencia.com\/wp-content\/uploads\/2024\/10\/ser-real.png",300,208,false],"gform-image-choice-md":["https:\/\/lamostradevalencia.com\/wp-content\/uploads\/2024\/10\/ser-real.png",400,278,false],"gform-image-choice-lg":["https:\/\/lamostradevalencia.com\/wp-content\/uploads\/2024\/10\/ser-real.png",600,417,false]},"uagb_author_info":{"display_name":"Mostra de Val\u00e8ncia","author_link":"https:\/\/lamostradevalencia.com\/ca\/author\/mostravalencia\/"},"uagb_comment_info":0,"uagb_excerpt":"Despr\u00e9s del seu pas per la Mostra en 2023, el t\u00e0ndem valenci\u00e0 torna en esta edici\u00f3 amb la segona part del que ser\u00e0 una trilogia [&hellip;]","_links":{"self":[{"href":"https:\/\/lamostradevalencia.com\/ca\/wp-json\/wp\/v2\/posts\/26432","targetHints":{"allow":["GET"]}}],"collection":[{"href":"https:\/\/lamostradevalencia.com\/ca\/wp-json\/wp\/v2\/posts"}],"about":[{"href":"https:\/\/lamostradevalencia.com\/ca\/wp-json\/wp\/v2\/types\/post"}],"author":[{"embeddable":true,"href":"https:\/\/lamostradevalencia.com\/ca\/wp-json\/wp\/v2\/users\/1"}],"replies":[{"embeddable":true,"href":"https:\/\/lamostradevalencia.com\/ca\/wp-json\/wp\/v2\/comments?post=26432"}],"version-history":[{"count":2,"href":"https:\/\/lamostradevalencia.com\/ca\/wp-json\/wp\/v2\/posts\/26432\/revisions"}],"predecessor-version":[{"id":26440,"href":"https:\/\/lamostradevalencia.com\/ca\/wp-json\/wp\/v2\/posts\/26432\/revisions\/26440"}],"wp:featuredmedia":[{"embeddable":true,"href":"https:\/\/lamostradevalencia.com\/ca\/wp-json\/wp\/v2\/media\/26437"}],"wp:attachment":[{"href":"https:\/\/lamostradevalencia.com\/ca\/wp-json\/wp\/v2\/media?parent=26432"}],"wp:term":[{"taxonomy":"category","embeddable":true,"href":"https:\/\/lamostradevalencia.com\/ca\/wp-json\/wp\/v2\/categories?post=26432"},{"taxonomy":"post_tag","embeddable":true,"href":"https:\/\/lamostradevalencia.com\/ca\/wp-json\/wp\/v2\/tags?post=26432"}],"curies":[{"name":"wp","href":"https:\/\/api.w.org\/{rel}","templated":true}]}}