{"id":26427,"date":"2024-10-27T19:31:47","date_gmt":"2024-10-27T17:31:47","guid":{"rendered":"https:\/\/lamostradevalencia.com\/?p=26427"},"modified":"2024-10-27T19:31:47","modified_gmt":"2024-10-27T17:31:47","slug":"when-the-phone-rang-el-desarrelament-dels-migrants-mai-acaba","status":"publish","type":"post","link":"https:\/\/lamostradevalencia.com\/ca\/when-the-phone-rang-el-desarrelament-dels-migrants-mai-acaba\/","title":{"rendered":"\u2018When the Phone Rang\u2019, el desarrelament dels migrants mai acaba"},"content":{"rendered":"<h5><b>La directora, Iva Radivojevi\u0107, desactiva els records que va experimentar sent una xiqueta a la Iugosl\u00e0via dels 90<\/b><\/h5>\n<p><strong>\u201cQuan el tel\u00e8fon va sonar era divendres i este pa\u00eds encara existia\u201d, es dirigix a l&#8217;espectador una veu en off al llarg de la pel\u00b7l\u00edcula. A un costat del dispositiu<\/strong><span style=\"font-weight: 400;\"><strong>, una xiqueta d&#8217;onze anys; a l&#8217;altre, una successi\u00f3 de telefonades que anuncien des de males not\u00edcies, com la mort d&#8217;un familiar pr\u00f2xim, fins a altres m\u00e9s mundanes<\/strong> rebudes de companyes de col\u00b7legi. S\u00f3n eixes telefonades, encara que ara ficcionades, les que va viure la directora, guionista i muntadora Iva Radivojevi\u0107 i que recupera a trav\u00e9s de la filmaci\u00f3 de <\/span><b>\u2018When the Phone Rang\u2019,<\/b><span style=\"font-weight: 400;\"> projectada hui en Secci\u00f3 Oficial de la Mostra.\u00a0<\/span><\/p>\n<p><span style=\"font-weight: 400;\">El llargmetratge acumula onze trucades telef\u00f2niques, onze episodis que s&#8217;acumulen en una pel\u00b7l\u00edcula amb la qual la directora desactiva els seus records m\u00e9s personals. I cada esdeveniment comen\u00e7a amb el timbre del tel\u00e8fon i acaba amb un moviment de maletes i una partida. \u2018When the Phone Rang\u2019 s&#8217;erigix com una proposta fragmentada de la mateixa manera que es fragmenta la mem\u00f2ria. La seua productora, Andrijana Sofrani\u0107 \u0160u\u0107ur, ja des de la Mostra, assegura que <strong>&#8220;la directora est\u00e0 molt interessada a fer cinema sobre este desmembrament del pa\u00eds, del desarrelament i de les mem\u00f2ries fragmentades que sorgixen d&#8217;este fet, per\u00f2 tamb\u00e9 de la seua pr\u00f2pia vida, perqu\u00e8 molta gent va haver d&#8217;anar-se del pa\u00eds&#8221;.\u00a0<\/strong><\/span><\/p>\n<p><span style=\"font-weight: 400;\">Com a cineasta sempre disposada a portar a la pantalla el despla\u00e7ament i la influ\u00e8ncia en la busca d&#8217;identitat, en \u2018When the Phone Rang\u2019 ressonen les petjades d&#8217;abandonar una naci\u00f3 en guerra, la dissoluci\u00f3 d&#8217;un pa\u00eds (la seua p\u00e0tria) i els efectes de la migraci\u00f3 for\u00e7osa quan encara era una xiqueta. Ella, com li ocorre al seu personatge protagonista, va abandonar Iugosl\u00e0via en 1992 al costat de la seua mare i germana.\u00a0<\/span><\/p>\n<p><span style=\"font-weight: 400;\"><strong>Rodada en 16 mm, en \u2018When the Phone Rang\u2019 s&#8217;aconseguix eixa calidesa granulada i mancada nitidesa que no \u00e9s una altra que la textura del record. Unes instant\u00e0nies carregades de nost\u00e0lgia reflexiva que no aconseguirien el mateix resultat d&#8217;haver-se rodat en format digital.<\/strong> A trav\u00e9s d&#8217;una reconstrucci\u00f3 \u00edntima d&#8217;eixes telefonades, la pel\u00b7l\u00edcula investiga la dislocaci\u00f3 i la naturalesa del record. Entre altres dels recursos, destaca l&#8217;\u00fas d&#8217;una veu en off <\/span>que, segons explica la productora, &#8220;va sorgir des d&#8217;un moment primigeni, abans de l&#8217;escriptura del gui\u00f3. Es tractava d&#8217;un relat molt personal i la directora va tractar amb aix\u00f2 de donar-li major objectivitat&#8221;, apunta Sofrani\u0107.<\/p>\n<p><span style=\"font-weight: 400;\"><strong>Presentada en la secci\u00f3 Concorso Cineasti del Present del Festival de Locarno, en la cinta tamb\u00e9 es fan visibles els mecanismes que la nostra ment inventa per a ofegar el soroll del m\u00f3n exterior<\/strong> i, lluny de buscar el sensacionalisme de la viol\u00e8ncia d&#8217;una experi\u00e8ncia traum\u00e0tica, apareixen altres moments que van fer feli\u00e7 a la protagonista, com les arriscades tallades de cabells, els balls en la cuina o el moment el que va sentir alguna cosa per un company de col\u00b7legi per primera vegada.\u00a0<\/span><\/p>\n<p><span style=\"font-weight: 400;\">La 39\u00aa edici\u00f3 de Mostra de Val\u00e8ncia-Cinema del Mediterrani est\u00e0 organitzada per l&#8217;Ajuntament de Val\u00e8ncia, compta amb la col\u00b7laboraci\u00f3 de l\u2019Institut Valenci\u00e0 de Cultura, Palau de la M\u00fasica, Val\u00e8ncia Film Office (Fundaci\u00f3 Visit Val\u00e8ncia), el patrocini de Hyundai Koryo Car i \u00c0 Punt M\u00e8dia com a mitj\u00e0 oficial i principal partner del f\u00f2rum de coproducci\u00f3 Val\u00e8ncia Films Afers. <\/span><\/p>\n<p>&nbsp;<\/p>\n","protected":false},"excerpt":{"rendered":"<p>La directora, Iva Radivojevi\u0107, desactiva els records que va experimentar sent una xiqueta a la Iugosl\u00e0via dels 90 \u201cQuan el tel\u00e8fon va sonar era divendres [&hellip;]<\/p>\n","protected":false},"author":1,"featured_media":26420,"comment_status":"open","ping_status":"open","sticky":false,"template":"","format":"standard","meta":{"_uag_custom_page_level_css":"","_jet_sm_ready_style":"","_jet_sm_style":"","_jet_sm_controls_values":"","_jet_sm_fonts_collection":"","_jet_sm_fonts_links":"","footnotes":""},"categories":[455],"tags":[],"class_list":["post-26427","post","type-post","status-publish","format-standard","has-post-thumbnail","hentry","category-noticies"],"yoast_head":"<!-- This site is optimized with the Yoast SEO plugin v27.5 - https:\/\/yoast.com\/product\/yoast-seo-wordpress\/ -->\n<title>\u2018When the Phone Rang\u2019, el desarrelament dels migrants mai acaba - Mostra de Val\u00e8ncia<\/title>\n<meta name=\"robots\" content=\"index, follow, max-snippet:-1, max-image-preview:large, max-video-preview:-1\" \/>\n<link rel=\"canonical\" href=\"https:\/\/lamostradevalencia.com\/ca\/when-the-phone-rang-el-desarrelament-dels-migrants-mai-acaba\/\" \/>\n<meta property=\"og:locale\" content=\"ca_ES\" \/>\n<meta property=\"og:type\" content=\"article\" \/>\n<meta property=\"og:title\" content=\"\u2018When the Phone Rang\u2019, el desarrelament dels migrants mai acaba - Mostra de Val\u00e8ncia\" \/>\n<meta property=\"og:description\" content=\"La directora, Iva Radivojevi\u0107, desactiva els records que va experimentar sent una xiqueta a la Iugosl\u00e0via dels 90 \u201cQuan el tel\u00e8fon va sonar era divendres [&hellip;]\" \/>\n<meta property=\"og:url\" content=\"https:\/\/lamostradevalencia.com\/ca\/when-the-phone-rang-el-desarrelament-dels-migrants-mai-acaba\/\" \/>\n<meta property=\"og:site_name\" content=\"Mostra de Val\u00e8ncia\" \/>\n<meta property=\"article:published_time\" content=\"2024-10-27T17:31:47+00:00\" \/>\n<meta property=\"og:image\" content=\"https:\/\/lamostradevalencia.com\/wp-content\/uploads\/2024\/10\/when-the-phone-rang.png\" \/>\n\t<meta property=\"og:image:width\" content=\"1545\" \/>\n\t<meta property=\"og:image:height\" content=\"567\" \/>\n\t<meta property=\"og:image:type\" content=\"image\/png\" \/>\n<meta name=\"author\" content=\"Mostra de Val\u00e8ncia\" \/>\n<meta name=\"twitter:card\" content=\"summary_large_image\" \/>\n<meta name=\"twitter:label1\" content=\"Escrit per\" \/>\n\t<meta name=\"twitter:data1\" content=\"Mostra de Val\u00e8ncia\" \/>\n\t<meta name=\"twitter:label2\" content=\"Temps estimat de lectura\" \/>\n\t<meta name=\"twitter:data2\" content=\"3 minuts\" \/>\n<script type=\"application\/ld+json\" class=\"yoast-schema-graph\">{\"@context\":\"https:\\\/\\\/schema.org\",\"@graph\":[{\"@type\":\"Article\",\"@id\":\"https:\\\/\\\/lamostradevalencia.com\\\/ca\\\/when-the-phone-rang-el-desarrelament-dels-migrants-mai-acaba\\\/#article\",\"isPartOf\":{\"@id\":\"https:\\\/\\\/lamostradevalencia.com\\\/ca\\\/when-the-phone-rang-el-desarrelament-dels-migrants-mai-acaba\\\/\"},\"author\":{\"name\":\"Mostra de Val\u00e8ncia\",\"@id\":\"https:\\\/\\\/lamostradevalencia.com\\\/ca\\\/#\\\/schema\\\/person\\\/1dc07e4df3d6310b81d2cdf6a034070c\"},\"headline\":\"\u2018When the Phone Rang\u2019, el desarrelament dels migrants mai acaba\",\"datePublished\":\"2024-10-27T17:31:47+00:00\",\"mainEntityOfPage\":{\"@id\":\"https:\\\/\\\/lamostradevalencia.com\\\/ca\\\/when-the-phone-rang-el-desarrelament-dels-migrants-mai-acaba\\\/\"},\"wordCount\":628,\"commentCount\":0,\"image\":{\"@id\":\"https:\\\/\\\/lamostradevalencia.com\\\/ca\\\/when-the-phone-rang-el-desarrelament-dels-migrants-mai-acaba\\\/#primaryimage\"},\"thumbnailUrl\":\"https:\\\/\\\/lamostradevalencia.com\\\/wp-content\\\/uploads\\\/2024\\\/10\\\/when-the-phone-rang.png\",\"articleSection\":[\"Noticies\"],\"inLanguage\":\"ca\",\"potentialAction\":[{\"@type\":\"CommentAction\",\"name\":\"Comment\",\"target\":[\"https:\\\/\\\/lamostradevalencia.com\\\/ca\\\/when-the-phone-rang-el-desarrelament-dels-migrants-mai-acaba\\\/#respond\"]}]},{\"@type\":\"WebPage\",\"@id\":\"https:\\\/\\\/lamostradevalencia.com\\\/ca\\\/when-the-phone-rang-el-desarrelament-dels-migrants-mai-acaba\\\/\",\"url\":\"https:\\\/\\\/lamostradevalencia.com\\\/ca\\\/when-the-phone-rang-el-desarrelament-dels-migrants-mai-acaba\\\/\",\"name\":\"\u2018When the Phone Rang\u2019, el desarrelament dels migrants mai acaba - Mostra de Val\u00e8ncia\",\"isPartOf\":{\"@id\":\"https:\\\/\\\/lamostradevalencia.com\\\/ca\\\/#website\"},\"primaryImageOfPage\":{\"@id\":\"https:\\\/\\\/lamostradevalencia.com\\\/ca\\\/when-the-phone-rang-el-desarrelament-dels-migrants-mai-acaba\\\/#primaryimage\"},\"image\":{\"@id\":\"https:\\\/\\\/lamostradevalencia.com\\\/ca\\\/when-the-phone-rang-el-desarrelament-dels-migrants-mai-acaba\\\/#primaryimage\"},\"thumbnailUrl\":\"https:\\\/\\\/lamostradevalencia.com\\\/wp-content\\\/uploads\\\/2024\\\/10\\\/when-the-phone-rang.png\",\"datePublished\":\"2024-10-27T17:31:47+00:00\",\"author\":{\"@id\":\"https:\\\/\\\/lamostradevalencia.com\\\/ca\\\/#\\\/schema\\\/person\\\/1dc07e4df3d6310b81d2cdf6a034070c\"},\"breadcrumb\":{\"@id\":\"https:\\\/\\\/lamostradevalencia.com\\\/ca\\\/when-the-phone-rang-el-desarrelament-dels-migrants-mai-acaba\\\/#breadcrumb\"},\"inLanguage\":\"ca\",\"potentialAction\":[{\"@type\":\"ReadAction\",\"target\":[\"https:\\\/\\\/lamostradevalencia.com\\\/ca\\\/when-the-phone-rang-el-desarrelament-dels-migrants-mai-acaba\\\/\"]}]},{\"@type\":\"ImageObject\",\"inLanguage\":\"ca\",\"@id\":\"https:\\\/\\\/lamostradevalencia.com\\\/ca\\\/when-the-phone-rang-el-desarrelament-dels-migrants-mai-acaba\\\/#primaryimage\",\"url\":\"https:\\\/\\\/lamostradevalencia.com\\\/wp-content\\\/uploads\\\/2024\\\/10\\\/when-the-phone-rang.png\",\"contentUrl\":\"https:\\\/\\\/lamostradevalencia.com\\\/wp-content\\\/uploads\\\/2024\\\/10\\\/when-the-phone-rang.png\",\"width\":1545,\"height\":567},{\"@type\":\"BreadcrumbList\",\"@id\":\"https:\\\/\\\/lamostradevalencia.com\\\/ca\\\/when-the-phone-rang-el-desarrelament-dels-migrants-mai-acaba\\\/#breadcrumb\",\"itemListElement\":[{\"@type\":\"ListItem\",\"position\":1,\"name\":\"Portada\",\"item\":\"https:\\\/\\\/lamostradevalencia.com\\\/ca\\\/\"},{\"@type\":\"ListItem\",\"position\":2,\"name\":\"\u2018When the Phone Rang\u2019, el desarrelament dels migrants mai acaba\"}]},{\"@type\":\"WebSite\",\"@id\":\"https:\\\/\\\/lamostradevalencia.com\\\/ca\\\/#website\",\"url\":\"https:\\\/\\\/lamostradevalencia.com\\\/ca\\\/\",\"name\":\"Mostra de Val\u00e8ncia\",\"description\":\"Cinema del Mediterrani\",\"potentialAction\":[{\"@type\":\"SearchAction\",\"target\":{\"@type\":\"EntryPoint\",\"urlTemplate\":\"https:\\\/\\\/lamostradevalencia.com\\\/ca\\\/?s={search_term_string}\"},\"query-input\":{\"@type\":\"PropertyValueSpecification\",\"valueRequired\":true,\"valueName\":\"search_term_string\"}}],\"inLanguage\":\"ca\"},{\"@type\":\"Person\",\"@id\":\"https:\\\/\\\/lamostradevalencia.com\\\/ca\\\/#\\\/schema\\\/person\\\/1dc07e4df3d6310b81d2cdf6a034070c\",\"name\":\"Mostra de Val\u00e8ncia\",\"image\":{\"@type\":\"ImageObject\",\"inLanguage\":\"ca\",\"@id\":\"https:\\\/\\\/secure.gravatar.com\\\/avatar\\\/ada4dfd699a9907706987adb1bb2b361c2613ccca474b49b8c648de5208e32f8?s=96&d=mm&r=g\",\"url\":\"https:\\\/\\\/secure.gravatar.com\\\/avatar\\\/ada4dfd699a9907706987adb1bb2b361c2613ccca474b49b8c648de5208e32f8?s=96&d=mm&r=g\",\"contentUrl\":\"https:\\\/\\\/secure.gravatar.com\\\/avatar\\\/ada4dfd699a9907706987adb1bb2b361c2613ccca474b49b8c648de5208e32f8?s=96&d=mm&r=g\",\"caption\":\"Mostra de Val\u00e8ncia\"}}]}<\/script>\n<!-- \/ Yoast SEO plugin. -->","yoast_head_json":{"title":"\u2018When the Phone Rang\u2019, el desarrelament dels migrants mai acaba - Mostra de Val\u00e8ncia","robots":{"index":"index","follow":"follow","max-snippet":"max-snippet:-1","max-image-preview":"max-image-preview:large","max-video-preview":"max-video-preview:-1"},"canonical":"https:\/\/lamostradevalencia.com\/ca\/when-the-phone-rang-el-desarrelament-dels-migrants-mai-acaba\/","og_locale":"ca_ES","og_type":"article","og_title":"\u2018When the Phone Rang\u2019, el desarrelament dels migrants mai acaba - Mostra de Val\u00e8ncia","og_description":"La directora, Iva Radivojevi\u0107, desactiva els records que va experimentar sent una xiqueta a la Iugosl\u00e0via dels 90 \u201cQuan el tel\u00e8fon va sonar era divendres [&hellip;]","og_url":"https:\/\/lamostradevalencia.com\/ca\/when-the-phone-rang-el-desarrelament-dels-migrants-mai-acaba\/","og_site_name":"Mostra de Val\u00e8ncia","article_published_time":"2024-10-27T17:31:47+00:00","og_image":[{"width":1545,"height":567,"url":"https:\/\/lamostradevalencia.com\/wp-content\/uploads\/2024\/10\/when-the-phone-rang.png","type":"image\/png"}],"author":"Mostra de Val\u00e8ncia","twitter_card":"summary_large_image","twitter_misc":{"Escrit per":"Mostra de Val\u00e8ncia","Temps estimat de lectura":"3 minuts"},"schema":{"@context":"https:\/\/schema.org","@graph":[{"@type":"Article","@id":"https:\/\/lamostradevalencia.com\/ca\/when-the-phone-rang-el-desarrelament-dels-migrants-mai-acaba\/#article","isPartOf":{"@id":"https:\/\/lamostradevalencia.com\/ca\/when-the-phone-rang-el-desarrelament-dels-migrants-mai-acaba\/"},"author":{"name":"Mostra de Val\u00e8ncia","@id":"https:\/\/lamostradevalencia.com\/ca\/#\/schema\/person\/1dc07e4df3d6310b81d2cdf6a034070c"},"headline":"\u2018When the Phone Rang\u2019, el desarrelament dels migrants mai acaba","datePublished":"2024-10-27T17:31:47+00:00","mainEntityOfPage":{"@id":"https:\/\/lamostradevalencia.com\/ca\/when-the-phone-rang-el-desarrelament-dels-migrants-mai-acaba\/"},"wordCount":628,"commentCount":0,"image":{"@id":"https:\/\/lamostradevalencia.com\/ca\/when-the-phone-rang-el-desarrelament-dels-migrants-mai-acaba\/#primaryimage"},"thumbnailUrl":"https:\/\/lamostradevalencia.com\/wp-content\/uploads\/2024\/10\/when-the-phone-rang.png","articleSection":["Noticies"],"inLanguage":"ca","potentialAction":[{"@type":"CommentAction","name":"Comment","target":["https:\/\/lamostradevalencia.com\/ca\/when-the-phone-rang-el-desarrelament-dels-migrants-mai-acaba\/#respond"]}]},{"@type":"WebPage","@id":"https:\/\/lamostradevalencia.com\/ca\/when-the-phone-rang-el-desarrelament-dels-migrants-mai-acaba\/","url":"https:\/\/lamostradevalencia.com\/ca\/when-the-phone-rang-el-desarrelament-dels-migrants-mai-acaba\/","name":"\u2018When the Phone Rang\u2019, el desarrelament dels migrants mai acaba - Mostra de Val\u00e8ncia","isPartOf":{"@id":"https:\/\/lamostradevalencia.com\/ca\/#website"},"primaryImageOfPage":{"@id":"https:\/\/lamostradevalencia.com\/ca\/when-the-phone-rang-el-desarrelament-dels-migrants-mai-acaba\/#primaryimage"},"image":{"@id":"https:\/\/lamostradevalencia.com\/ca\/when-the-phone-rang-el-desarrelament-dels-migrants-mai-acaba\/#primaryimage"},"thumbnailUrl":"https:\/\/lamostradevalencia.com\/wp-content\/uploads\/2024\/10\/when-the-phone-rang.png","datePublished":"2024-10-27T17:31:47+00:00","author":{"@id":"https:\/\/lamostradevalencia.com\/ca\/#\/schema\/person\/1dc07e4df3d6310b81d2cdf6a034070c"},"breadcrumb":{"@id":"https:\/\/lamostradevalencia.com\/ca\/when-the-phone-rang-el-desarrelament-dels-migrants-mai-acaba\/#breadcrumb"},"inLanguage":"ca","potentialAction":[{"@type":"ReadAction","target":["https:\/\/lamostradevalencia.com\/ca\/when-the-phone-rang-el-desarrelament-dels-migrants-mai-acaba\/"]}]},{"@type":"ImageObject","inLanguage":"ca","@id":"https:\/\/lamostradevalencia.com\/ca\/when-the-phone-rang-el-desarrelament-dels-migrants-mai-acaba\/#primaryimage","url":"https:\/\/lamostradevalencia.com\/wp-content\/uploads\/2024\/10\/when-the-phone-rang.png","contentUrl":"https:\/\/lamostradevalencia.com\/wp-content\/uploads\/2024\/10\/when-the-phone-rang.png","width":1545,"height":567},{"@type":"BreadcrumbList","@id":"https:\/\/lamostradevalencia.com\/ca\/when-the-phone-rang-el-desarrelament-dels-migrants-mai-acaba\/#breadcrumb","itemListElement":[{"@type":"ListItem","position":1,"name":"Portada","item":"https:\/\/lamostradevalencia.com\/ca\/"},{"@type":"ListItem","position":2,"name":"\u2018When the Phone Rang\u2019, el desarrelament dels migrants mai acaba"}]},{"@type":"WebSite","@id":"https:\/\/lamostradevalencia.com\/ca\/#website","url":"https:\/\/lamostradevalencia.com\/ca\/","name":"Mostra de Val\u00e8ncia","description":"Cinema del Mediterrani","potentialAction":[{"@type":"SearchAction","target":{"@type":"EntryPoint","urlTemplate":"https:\/\/lamostradevalencia.com\/ca\/?s={search_term_string}"},"query-input":{"@type":"PropertyValueSpecification","valueRequired":true,"valueName":"search_term_string"}}],"inLanguage":"ca"},{"@type":"Person","@id":"https:\/\/lamostradevalencia.com\/ca\/#\/schema\/person\/1dc07e4df3d6310b81d2cdf6a034070c","name":"Mostra de Val\u00e8ncia","image":{"@type":"ImageObject","inLanguage":"ca","@id":"https:\/\/secure.gravatar.com\/avatar\/ada4dfd699a9907706987adb1bb2b361c2613ccca474b49b8c648de5208e32f8?s=96&d=mm&r=g","url":"https:\/\/secure.gravatar.com\/avatar\/ada4dfd699a9907706987adb1bb2b361c2613ccca474b49b8c648de5208e32f8?s=96&d=mm&r=g","contentUrl":"https:\/\/secure.gravatar.com\/avatar\/ada4dfd699a9907706987adb1bb2b361c2613ccca474b49b8c648de5208e32f8?s=96&d=mm&r=g","caption":"Mostra de Val\u00e8ncia"}}]}},"uagb_featured_image_src":{"full":["https:\/\/lamostradevalencia.com\/wp-content\/uploads\/2024\/10\/when-the-phone-rang.png",1545,567,false],"thumbnail":["https:\/\/lamostradevalencia.com\/wp-content\/uploads\/2024\/10\/when-the-phone-rang-150x150.png",150,150,true],"medium":["https:\/\/lamostradevalencia.com\/wp-content\/uploads\/2024\/10\/when-the-phone-rang-300x110.png",300,110,true],"medium_large":["https:\/\/lamostradevalencia.com\/wp-content\/uploads\/2024\/10\/when-the-phone-rang-768x282.png",768,282,true],"large":["https:\/\/lamostradevalencia.com\/wp-content\/uploads\/2024\/10\/when-the-phone-rang-1024x376.png",1024,376,true],"1536x1536":["https:\/\/lamostradevalencia.com\/wp-content\/uploads\/2024\/10\/when-the-phone-rang-1536x564.png",1536,564,true],"2048x2048":["https:\/\/lamostradevalencia.com\/wp-content\/uploads\/2024\/10\/when-the-phone-rang.png",1545,567,false],"cinerama_edge_image_square":["https:\/\/lamostradevalencia.com\/wp-content\/uploads\/2024\/10\/when-the-phone-rang-550x550.png",550,550,true],"cinerama_edge_image_landscape":["https:\/\/lamostradevalencia.com\/wp-content\/uploads\/2024\/10\/when-the-phone-rang-1100x550.png",1100,550,true],"cinerama_edge_image_portrait":["https:\/\/lamostradevalencia.com\/wp-content\/uploads\/2024\/10\/when-the-phone-rang-550x567.png",550,567,true],"cinerama_edge_image_huge":["https:\/\/lamostradevalencia.com\/wp-content\/uploads\/2024\/10\/when-the-phone-rang-1100x567.png",1100,567,true],"gform-image-choice-sm":["https:\/\/lamostradevalencia.com\/wp-content\/uploads\/2024\/10\/when-the-phone-rang.png",300,110,false],"gform-image-choice-md":["https:\/\/lamostradevalencia.com\/wp-content\/uploads\/2024\/10\/when-the-phone-rang.png",400,147,false],"gform-image-choice-lg":["https:\/\/lamostradevalencia.com\/wp-content\/uploads\/2024\/10\/when-the-phone-rang.png",600,220,false]},"uagb_author_info":{"display_name":"Mostra de Val\u00e8ncia","author_link":"https:\/\/lamostradevalencia.com\/ca\/author\/mostravalencia\/"},"uagb_comment_info":0,"uagb_excerpt":"La directora, Iva Radivojevi\u0107, desactiva els records que va experimentar sent una xiqueta a la Iugosl\u00e0via dels 90 \u201cQuan el tel\u00e8fon va sonar era divendres [&hellip;]","_links":{"self":[{"href":"https:\/\/lamostradevalencia.com\/ca\/wp-json\/wp\/v2\/posts\/26427","targetHints":{"allow":["GET"]}}],"collection":[{"href":"https:\/\/lamostradevalencia.com\/ca\/wp-json\/wp\/v2\/posts"}],"about":[{"href":"https:\/\/lamostradevalencia.com\/ca\/wp-json\/wp\/v2\/types\/post"}],"author":[{"embeddable":true,"href":"https:\/\/lamostradevalencia.com\/ca\/wp-json\/wp\/v2\/users\/1"}],"replies":[{"embeddable":true,"href":"https:\/\/lamostradevalencia.com\/ca\/wp-json\/wp\/v2\/comments?post=26427"}],"version-history":[{"count":1,"href":"https:\/\/lamostradevalencia.com\/ca\/wp-json\/wp\/v2\/posts\/26427\/revisions"}],"predecessor-version":[{"id":26428,"href":"https:\/\/lamostradevalencia.com\/ca\/wp-json\/wp\/v2\/posts\/26427\/revisions\/26428"}],"wp:featuredmedia":[{"embeddable":true,"href":"https:\/\/lamostradevalencia.com\/ca\/wp-json\/wp\/v2\/media\/26420"}],"wp:attachment":[{"href":"https:\/\/lamostradevalencia.com\/ca\/wp-json\/wp\/v2\/media?parent=26427"}],"wp:term":[{"taxonomy":"category","embeddable":true,"href":"https:\/\/lamostradevalencia.com\/ca\/wp-json\/wp\/v2\/categories?post=26427"},{"taxonomy":"post_tag","embeddable":true,"href":"https:\/\/lamostradevalencia.com\/ca\/wp-json\/wp\/v2\/tags?post=26427"}],"curies":[{"name":"wp","href":"https:\/\/api.w.org\/{rel}","templated":true}]}}