{"id":26414,"date":"2024-10-27T15:11:01","date_gmt":"2024-10-27T13:11:01","guid":{"rendered":"https:\/\/lamostradevalencia.com\/?p=26414"},"modified":"2024-10-27T15:11:01","modified_gmt":"2024-10-27T13:11:01","slug":"who-do-i-belong-to-joves-tunisians-sunixen-a-lisis-per-problemes-economics","status":"publish","type":"post","link":"https:\/\/lamostradevalencia.com\/ca\/who-do-i-belong-to-joves-tunisians-sunixen-a-lisis-per-problemes-economics\/","title":{"rendered":"\u2018Who do I belong to\u2019: joves tunisians s&#8217;unixen a l\u2019ISIS per problemes econ\u00f2mics"},"content":{"rendered":"<h5>El film, que va competir en la Berlinale, retrata l&#8217;indestructible amor d&#8217;una mare enfront dels horrors provocats pel seu fill<\/h5>\n<p>Despr\u00e9s del seu aplaudit pas per la Secci\u00f3 Oficial de la Berlinale, \u2018Who Do I Belong To\u2019, el debut cinematogr\u00e0fic de la directora tunisiana Meryam Joobeur, ha recalat hui en la Secci\u00f3 Oficial de La Mostra de Val\u00e8ncia i podr\u00e0 veure&#8217;s prompte en Filmin. <strong>La pel\u00b7l\u00edcula explora amb ferocitat la maternitat, la radicalitzaci\u00f3 isl\u00e0mica i la busca de la identitat, tot aix\u00f2 ambientat en una xicoteta granja en el nord de Tun\u00edsia.<\/strong><\/p>\n<p>El drama gira entorn de A\u00efcha, una mare que es veu obligada a enfrontar-se als devastadors canvis en el seu fill major, qui torna a casa despr\u00e9s d&#8217;haver intentat unir-se a l\u2019ISIS a S\u00edria. Al seu retorn, l&#8217;acompanya una jove esposa, misteriosa i coberta amb un niqab, que genera incertesa i por en la comunitat. Segons assegura el seu muntador, Maxime Mathisa des de la Mostra, <strong>&#8220;la directora en cap moment va voler fer una pel\u00b7l\u00edcula pol\u00edtica, sin\u00f3 que va con\u00e9ixer als tres germans protagonistes i va voler escriure alguna cosa perqu\u00e8 ells ho protagonitzaren en un moment en el qual molts joves tunisians se n&#8217;anaven a S\u00edria per a sumar-se a l\u2019ISIS, sobretot per temes econ\u00f2mics&#8221;.\u00a0<\/strong><\/p>\n<p>Avalada per premis internacionals com el de Millor Directora Jove als Hong Kong Film Awards, el Gran Premi del Festival Internacional de Cinema de Taipei i el de Millor Llargmetratge Internacional en Guanajuato, la cinta aprofundix en l&#8217;esquin\u00e7ador proc\u00e9s d&#8217;una mare que, sense poder comprendre del tot les decisions del seu fill, es debat entre l&#8217;amor incondicional i la incapacitat de recon\u00e9ixer al jove que va criar.<\/p>\n<p>El llargmetratge aprofundix en la tem\u00e0tica introdu\u00efda en \u2018Brotherhood\u2019 (2018), el curtmetratge nominat a l&#8217;Oscar que tamb\u00e9 va dirigir Joobeur. Mentres en este va posar el focus en la relaci\u00f3 entre un pare i el fosc passat del seu fill, \u2018Who Do I Belong To\u2019 dona protagonisme a la mare, mostrant el seu recorregut emocional en un context dominat pel patriarcat. La cineasta combina moments de realisme m\u00e0gic i escenes on\u00edriques per a suavitzar l&#8217;impacte d&#8217;una hist\u00f2ria que reflectix els efectes destructius de l&#8217;extremisme en la unitat familiar. En paraules de Mathisa, <strong>&#8220;la directora volia una pel\u00b7l\u00edcula meditativa, \u00e9s a dir, que els esdeveniments no condicionaren les pel\u00b7l\u00edcula, sin\u00f3 adaptar-ho al ritme interior dels personatges. En particular al de la protagonista, que \u00e9s un personatge molt introspectiu&#8221;.\u00a0<\/strong><\/p>\n<p><strong>Per a preservar l&#8217;autenticitat i coher\u00e8ncia entre totes dues obres, Joobeur va decidir utilitzar escenaris similars del Tun\u00edsia rural i va comptar amb diversos dels actors no professionals que ja havien participat en \u2018Brotherhood\u2019.<\/strong> La directora seguix fidel al seu estil de cinema socialment comprom\u00e9s, buscant sempre plasmar la complexitat i la bellesa de les experi\u00e8ncies humanes universals. En este sentit, els seus treballs anteriors, com els curtmetratges \u2018Gods\u2019, \u2018Weeds and Revolutions\u2019 (2012) i \u2018Born in the Maelstrom\u2019 (2017), tamb\u00e9 han rebut reconeixement en diversos festivals internacionals.<\/p>\n<p>\u2018Who Do I Belong To\u2019 es presenta com una poderosa reflexi\u00f3 sobre la maternitat, la reconciliaci\u00f3 i la destrucci\u00f3 que el radicalisme pot provocar en les fam\u00edlies.<\/p>\n<p>La 39\u00aa edici\u00f3 de Mostra de Val\u00e8ncia-Cinema del Mediterrani est\u00e0 organitzada per l\u2019Ajuntament de Val\u00e8ncia, compta amb la col\u00b7laboraci\u00f3 de l\u2019Institut Valenci\u00e0 de Cultura, Palau de la M\u00fasica, Val\u00e8ncia Film Office (Fundaci\u00f3 Visit Val\u00e8ncia), el patrocini de Hyundai Koryo Car i \u00c0 Punt M\u00e8dia com a mitj\u00e0 oficial i principal partner del f\u00f2rum de coproducci\u00f3 Val\u00e8ncia Films Afers.<\/p>\n","protected":false},"excerpt":{"rendered":"<p>El film, que va competir en la Berlinale, retrata l&#8217;indestructible amor d&#8217;una mare enfront dels horrors provocats pel seu fill Despr\u00e9s del seu aplaudit pas [&hellip;]<\/p>\n","protected":false},"author":1,"featured_media":26407,"comment_status":"open","ping_status":"open","sticky":false,"template":"","format":"standard","meta":{"_uag_custom_page_level_css":"","_jet_sm_ready_style":"","_jet_sm_style":"","_jet_sm_controls_values":"","_jet_sm_fonts_collection":"","_jet_sm_fonts_links":"","footnotes":""},"categories":[455],"tags":[],"class_list":["post-26414","post","type-post","status-publish","format-standard","has-post-thumbnail","hentry","category-noticies"],"yoast_head":"<!-- This site is optimized with the Yoast SEO plugin v27.5 - https:\/\/yoast.com\/product\/yoast-seo-wordpress\/ -->\n<title>\u2018Who do I belong to\u2019: joves tunisians s&#039;unixen a l\u2019ISIS per problemes econ\u00f2mics - Mostra de Val\u00e8ncia<\/title>\n<meta name=\"robots\" content=\"index, follow, max-snippet:-1, max-image-preview:large, max-video-preview:-1\" \/>\n<link rel=\"canonical\" href=\"https:\/\/lamostradevalencia.com\/ca\/who-do-i-belong-to-joves-tunisians-sunixen-a-lisis-per-problemes-economics\/\" \/>\n<meta property=\"og:locale\" content=\"ca_ES\" \/>\n<meta property=\"og:type\" content=\"article\" \/>\n<meta property=\"og:title\" content=\"\u2018Who do I belong to\u2019: joves tunisians s&#039;unixen a l\u2019ISIS per problemes econ\u00f2mics - Mostra de Val\u00e8ncia\" \/>\n<meta property=\"og:description\" content=\"El film, que va competir en la Berlinale, retrata l&#8217;indestructible amor d&#8217;una mare enfront dels horrors provocats pel seu fill Despr\u00e9s del seu aplaudit pas [&hellip;]\" \/>\n<meta property=\"og:url\" content=\"https:\/\/lamostradevalencia.com\/ca\/who-do-i-belong-to-joves-tunisians-sunixen-a-lisis-per-problemes-economics\/\" \/>\n<meta property=\"og:site_name\" content=\"Mostra de Val\u00e8ncia\" \/>\n<meta property=\"article:published_time\" content=\"2024-10-27T13:11:01+00:00\" \/>\n<meta property=\"og:image\" content=\"https:\/\/lamostradevalencia.com\/wp-content\/uploads\/2024\/10\/belong-to.png\" \/>\n\t<meta property=\"og:image:width\" content=\"1327\" \/>\n\t<meta property=\"og:image:height\" content=\"999\" \/>\n\t<meta property=\"og:image:type\" content=\"image\/png\" \/>\n<meta name=\"author\" content=\"Mostra de Val\u00e8ncia\" \/>\n<meta name=\"twitter:card\" content=\"summary_large_image\" \/>\n<meta name=\"twitter:label1\" content=\"Escrit per\" \/>\n\t<meta name=\"twitter:data1\" content=\"Mostra de Val\u00e8ncia\" \/>\n\t<meta name=\"twitter:label2\" content=\"Temps estimat de lectura\" \/>\n\t<meta name=\"twitter:data2\" content=\"3 minuts\" \/>\n<script type=\"application\/ld+json\" class=\"yoast-schema-graph\">{\"@context\":\"https:\\\/\\\/schema.org\",\"@graph\":[{\"@type\":\"Article\",\"@id\":\"https:\\\/\\\/lamostradevalencia.com\\\/ca\\\/who-do-i-belong-to-joves-tunisians-sunixen-a-lisis-per-problemes-economics\\\/#article\",\"isPartOf\":{\"@id\":\"https:\\\/\\\/lamostradevalencia.com\\\/ca\\\/who-do-i-belong-to-joves-tunisians-sunixen-a-lisis-per-problemes-economics\\\/\"},\"author\":{\"name\":\"Mostra de Val\u00e8ncia\",\"@id\":\"https:\\\/\\\/lamostradevalencia.com\\\/ca\\\/#\\\/schema\\\/person\\\/1dc07e4df3d6310b81d2cdf6a034070c\"},\"headline\":\"\u2018Who do I belong to\u2019: joves tunisians s&#8217;unixen a l\u2019ISIS per problemes econ\u00f2mics\",\"datePublished\":\"2024-10-27T13:11:01+00:00\",\"mainEntityOfPage\":{\"@id\":\"https:\\\/\\\/lamostradevalencia.com\\\/ca\\\/who-do-i-belong-to-joves-tunisians-sunixen-a-lisis-per-problemes-economics\\\/\"},\"wordCount\":646,\"commentCount\":0,\"image\":{\"@id\":\"https:\\\/\\\/lamostradevalencia.com\\\/ca\\\/who-do-i-belong-to-joves-tunisians-sunixen-a-lisis-per-problemes-economics\\\/#primaryimage\"},\"thumbnailUrl\":\"https:\\\/\\\/lamostradevalencia.com\\\/wp-content\\\/uploads\\\/2024\\\/10\\\/belong-to.png\",\"articleSection\":[\"Noticies\"],\"inLanguage\":\"ca\",\"potentialAction\":[{\"@type\":\"CommentAction\",\"name\":\"Comment\",\"target\":[\"https:\\\/\\\/lamostradevalencia.com\\\/ca\\\/who-do-i-belong-to-joves-tunisians-sunixen-a-lisis-per-problemes-economics\\\/#respond\"]}]},{\"@type\":\"WebPage\",\"@id\":\"https:\\\/\\\/lamostradevalencia.com\\\/ca\\\/who-do-i-belong-to-joves-tunisians-sunixen-a-lisis-per-problemes-economics\\\/\",\"url\":\"https:\\\/\\\/lamostradevalencia.com\\\/ca\\\/who-do-i-belong-to-joves-tunisians-sunixen-a-lisis-per-problemes-economics\\\/\",\"name\":\"\u2018Who do I belong to\u2019: joves tunisians s'unixen a l\u2019ISIS per problemes econ\u00f2mics - Mostra de Val\u00e8ncia\",\"isPartOf\":{\"@id\":\"https:\\\/\\\/lamostradevalencia.com\\\/ca\\\/#website\"},\"primaryImageOfPage\":{\"@id\":\"https:\\\/\\\/lamostradevalencia.com\\\/ca\\\/who-do-i-belong-to-joves-tunisians-sunixen-a-lisis-per-problemes-economics\\\/#primaryimage\"},\"image\":{\"@id\":\"https:\\\/\\\/lamostradevalencia.com\\\/ca\\\/who-do-i-belong-to-joves-tunisians-sunixen-a-lisis-per-problemes-economics\\\/#primaryimage\"},\"thumbnailUrl\":\"https:\\\/\\\/lamostradevalencia.com\\\/wp-content\\\/uploads\\\/2024\\\/10\\\/belong-to.png\",\"datePublished\":\"2024-10-27T13:11:01+00:00\",\"author\":{\"@id\":\"https:\\\/\\\/lamostradevalencia.com\\\/ca\\\/#\\\/schema\\\/person\\\/1dc07e4df3d6310b81d2cdf6a034070c\"},\"breadcrumb\":{\"@id\":\"https:\\\/\\\/lamostradevalencia.com\\\/ca\\\/who-do-i-belong-to-joves-tunisians-sunixen-a-lisis-per-problemes-economics\\\/#breadcrumb\"},\"inLanguage\":\"ca\",\"potentialAction\":[{\"@type\":\"ReadAction\",\"target\":[\"https:\\\/\\\/lamostradevalencia.com\\\/ca\\\/who-do-i-belong-to-joves-tunisians-sunixen-a-lisis-per-problemes-economics\\\/\"]}]},{\"@type\":\"ImageObject\",\"inLanguage\":\"ca\",\"@id\":\"https:\\\/\\\/lamostradevalencia.com\\\/ca\\\/who-do-i-belong-to-joves-tunisians-sunixen-a-lisis-per-problemes-economics\\\/#primaryimage\",\"url\":\"https:\\\/\\\/lamostradevalencia.com\\\/wp-content\\\/uploads\\\/2024\\\/10\\\/belong-to.png\",\"contentUrl\":\"https:\\\/\\\/lamostradevalencia.com\\\/wp-content\\\/uploads\\\/2024\\\/10\\\/belong-to.png\",\"width\":1327,\"height\":999},{\"@type\":\"BreadcrumbList\",\"@id\":\"https:\\\/\\\/lamostradevalencia.com\\\/ca\\\/who-do-i-belong-to-joves-tunisians-sunixen-a-lisis-per-problemes-economics\\\/#breadcrumb\",\"itemListElement\":[{\"@type\":\"ListItem\",\"position\":1,\"name\":\"Portada\",\"item\":\"https:\\\/\\\/lamostradevalencia.com\\\/ca\\\/\"},{\"@type\":\"ListItem\",\"position\":2,\"name\":\"\u2018Who do I belong to\u2019: joves tunisians s&#8217;unixen a l\u2019ISIS per problemes econ\u00f2mics\"}]},{\"@type\":\"WebSite\",\"@id\":\"https:\\\/\\\/lamostradevalencia.com\\\/ca\\\/#website\",\"url\":\"https:\\\/\\\/lamostradevalencia.com\\\/ca\\\/\",\"name\":\"Mostra de Val\u00e8ncia\",\"description\":\"Cinema del Mediterrani\",\"potentialAction\":[{\"@type\":\"SearchAction\",\"target\":{\"@type\":\"EntryPoint\",\"urlTemplate\":\"https:\\\/\\\/lamostradevalencia.com\\\/ca\\\/?s={search_term_string}\"},\"query-input\":{\"@type\":\"PropertyValueSpecification\",\"valueRequired\":true,\"valueName\":\"search_term_string\"}}],\"inLanguage\":\"ca\"},{\"@type\":\"Person\",\"@id\":\"https:\\\/\\\/lamostradevalencia.com\\\/ca\\\/#\\\/schema\\\/person\\\/1dc07e4df3d6310b81d2cdf6a034070c\",\"name\":\"Mostra de Val\u00e8ncia\",\"image\":{\"@type\":\"ImageObject\",\"inLanguage\":\"ca\",\"@id\":\"https:\\\/\\\/secure.gravatar.com\\\/avatar\\\/ada4dfd699a9907706987adb1bb2b361c2613ccca474b49b8c648de5208e32f8?s=96&d=mm&r=g\",\"url\":\"https:\\\/\\\/secure.gravatar.com\\\/avatar\\\/ada4dfd699a9907706987adb1bb2b361c2613ccca474b49b8c648de5208e32f8?s=96&d=mm&r=g\",\"contentUrl\":\"https:\\\/\\\/secure.gravatar.com\\\/avatar\\\/ada4dfd699a9907706987adb1bb2b361c2613ccca474b49b8c648de5208e32f8?s=96&d=mm&r=g\",\"caption\":\"Mostra de Val\u00e8ncia\"}}]}<\/script>\n<!-- \/ Yoast SEO plugin. -->","yoast_head_json":{"title":"\u2018Who do I belong to\u2019: joves tunisians s'unixen a l\u2019ISIS per problemes econ\u00f2mics - Mostra de Val\u00e8ncia","robots":{"index":"index","follow":"follow","max-snippet":"max-snippet:-1","max-image-preview":"max-image-preview:large","max-video-preview":"max-video-preview:-1"},"canonical":"https:\/\/lamostradevalencia.com\/ca\/who-do-i-belong-to-joves-tunisians-sunixen-a-lisis-per-problemes-economics\/","og_locale":"ca_ES","og_type":"article","og_title":"\u2018Who do I belong to\u2019: joves tunisians s'unixen a l\u2019ISIS per problemes econ\u00f2mics - Mostra de Val\u00e8ncia","og_description":"El film, que va competir en la Berlinale, retrata l&#8217;indestructible amor d&#8217;una mare enfront dels horrors provocats pel seu fill Despr\u00e9s del seu aplaudit pas [&hellip;]","og_url":"https:\/\/lamostradevalencia.com\/ca\/who-do-i-belong-to-joves-tunisians-sunixen-a-lisis-per-problemes-economics\/","og_site_name":"Mostra de Val\u00e8ncia","article_published_time":"2024-10-27T13:11:01+00:00","og_image":[{"width":1327,"height":999,"url":"https:\/\/lamostradevalencia.com\/wp-content\/uploads\/2024\/10\/belong-to.png","type":"image\/png"}],"author":"Mostra de Val\u00e8ncia","twitter_card":"summary_large_image","twitter_misc":{"Escrit per":"Mostra de Val\u00e8ncia","Temps estimat de lectura":"3 minuts"},"schema":{"@context":"https:\/\/schema.org","@graph":[{"@type":"Article","@id":"https:\/\/lamostradevalencia.com\/ca\/who-do-i-belong-to-joves-tunisians-sunixen-a-lisis-per-problemes-economics\/#article","isPartOf":{"@id":"https:\/\/lamostradevalencia.com\/ca\/who-do-i-belong-to-joves-tunisians-sunixen-a-lisis-per-problemes-economics\/"},"author":{"name":"Mostra de Val\u00e8ncia","@id":"https:\/\/lamostradevalencia.com\/ca\/#\/schema\/person\/1dc07e4df3d6310b81d2cdf6a034070c"},"headline":"\u2018Who do I belong to\u2019: joves tunisians s&#8217;unixen a l\u2019ISIS per problemes econ\u00f2mics","datePublished":"2024-10-27T13:11:01+00:00","mainEntityOfPage":{"@id":"https:\/\/lamostradevalencia.com\/ca\/who-do-i-belong-to-joves-tunisians-sunixen-a-lisis-per-problemes-economics\/"},"wordCount":646,"commentCount":0,"image":{"@id":"https:\/\/lamostradevalencia.com\/ca\/who-do-i-belong-to-joves-tunisians-sunixen-a-lisis-per-problemes-economics\/#primaryimage"},"thumbnailUrl":"https:\/\/lamostradevalencia.com\/wp-content\/uploads\/2024\/10\/belong-to.png","articleSection":["Noticies"],"inLanguage":"ca","potentialAction":[{"@type":"CommentAction","name":"Comment","target":["https:\/\/lamostradevalencia.com\/ca\/who-do-i-belong-to-joves-tunisians-sunixen-a-lisis-per-problemes-economics\/#respond"]}]},{"@type":"WebPage","@id":"https:\/\/lamostradevalencia.com\/ca\/who-do-i-belong-to-joves-tunisians-sunixen-a-lisis-per-problemes-economics\/","url":"https:\/\/lamostradevalencia.com\/ca\/who-do-i-belong-to-joves-tunisians-sunixen-a-lisis-per-problemes-economics\/","name":"\u2018Who do I belong to\u2019: joves tunisians s'unixen a l\u2019ISIS per problemes econ\u00f2mics - Mostra de Val\u00e8ncia","isPartOf":{"@id":"https:\/\/lamostradevalencia.com\/ca\/#website"},"primaryImageOfPage":{"@id":"https:\/\/lamostradevalencia.com\/ca\/who-do-i-belong-to-joves-tunisians-sunixen-a-lisis-per-problemes-economics\/#primaryimage"},"image":{"@id":"https:\/\/lamostradevalencia.com\/ca\/who-do-i-belong-to-joves-tunisians-sunixen-a-lisis-per-problemes-economics\/#primaryimage"},"thumbnailUrl":"https:\/\/lamostradevalencia.com\/wp-content\/uploads\/2024\/10\/belong-to.png","datePublished":"2024-10-27T13:11:01+00:00","author":{"@id":"https:\/\/lamostradevalencia.com\/ca\/#\/schema\/person\/1dc07e4df3d6310b81d2cdf6a034070c"},"breadcrumb":{"@id":"https:\/\/lamostradevalencia.com\/ca\/who-do-i-belong-to-joves-tunisians-sunixen-a-lisis-per-problemes-economics\/#breadcrumb"},"inLanguage":"ca","potentialAction":[{"@type":"ReadAction","target":["https:\/\/lamostradevalencia.com\/ca\/who-do-i-belong-to-joves-tunisians-sunixen-a-lisis-per-problemes-economics\/"]}]},{"@type":"ImageObject","inLanguage":"ca","@id":"https:\/\/lamostradevalencia.com\/ca\/who-do-i-belong-to-joves-tunisians-sunixen-a-lisis-per-problemes-economics\/#primaryimage","url":"https:\/\/lamostradevalencia.com\/wp-content\/uploads\/2024\/10\/belong-to.png","contentUrl":"https:\/\/lamostradevalencia.com\/wp-content\/uploads\/2024\/10\/belong-to.png","width":1327,"height":999},{"@type":"BreadcrumbList","@id":"https:\/\/lamostradevalencia.com\/ca\/who-do-i-belong-to-joves-tunisians-sunixen-a-lisis-per-problemes-economics\/#breadcrumb","itemListElement":[{"@type":"ListItem","position":1,"name":"Portada","item":"https:\/\/lamostradevalencia.com\/ca\/"},{"@type":"ListItem","position":2,"name":"\u2018Who do I belong to\u2019: joves tunisians s&#8217;unixen a l\u2019ISIS per problemes econ\u00f2mics"}]},{"@type":"WebSite","@id":"https:\/\/lamostradevalencia.com\/ca\/#website","url":"https:\/\/lamostradevalencia.com\/ca\/","name":"Mostra de Val\u00e8ncia","description":"Cinema del Mediterrani","potentialAction":[{"@type":"SearchAction","target":{"@type":"EntryPoint","urlTemplate":"https:\/\/lamostradevalencia.com\/ca\/?s={search_term_string}"},"query-input":{"@type":"PropertyValueSpecification","valueRequired":true,"valueName":"search_term_string"}}],"inLanguage":"ca"},{"@type":"Person","@id":"https:\/\/lamostradevalencia.com\/ca\/#\/schema\/person\/1dc07e4df3d6310b81d2cdf6a034070c","name":"Mostra de Val\u00e8ncia","image":{"@type":"ImageObject","inLanguage":"ca","@id":"https:\/\/secure.gravatar.com\/avatar\/ada4dfd699a9907706987adb1bb2b361c2613ccca474b49b8c648de5208e32f8?s=96&d=mm&r=g","url":"https:\/\/secure.gravatar.com\/avatar\/ada4dfd699a9907706987adb1bb2b361c2613ccca474b49b8c648de5208e32f8?s=96&d=mm&r=g","contentUrl":"https:\/\/secure.gravatar.com\/avatar\/ada4dfd699a9907706987adb1bb2b361c2613ccca474b49b8c648de5208e32f8?s=96&d=mm&r=g","caption":"Mostra de Val\u00e8ncia"}}]}},"uagb_featured_image_src":{"full":["https:\/\/lamostradevalencia.com\/wp-content\/uploads\/2024\/10\/belong-to.png",1327,999,false],"thumbnail":["https:\/\/lamostradevalencia.com\/wp-content\/uploads\/2024\/10\/belong-to-150x150.png",150,150,true],"medium":["https:\/\/lamostradevalencia.com\/wp-content\/uploads\/2024\/10\/belong-to-300x226.png",300,226,true],"medium_large":["https:\/\/lamostradevalencia.com\/wp-content\/uploads\/2024\/10\/belong-to-768x578.png",768,578,true],"large":["https:\/\/lamostradevalencia.com\/wp-content\/uploads\/2024\/10\/belong-to-1024x771.png",1024,771,true],"1536x1536":["https:\/\/lamostradevalencia.com\/wp-content\/uploads\/2024\/10\/belong-to.png",1327,999,false],"2048x2048":["https:\/\/lamostradevalencia.com\/wp-content\/uploads\/2024\/10\/belong-to.png",1327,999,false],"cinerama_edge_image_square":["https:\/\/lamostradevalencia.com\/wp-content\/uploads\/2024\/10\/belong-to-550x550.png",550,550,true],"cinerama_edge_image_landscape":["https:\/\/lamostradevalencia.com\/wp-content\/uploads\/2024\/10\/belong-to-1100x550.png",1100,550,true],"cinerama_edge_image_portrait":["https:\/\/lamostradevalencia.com\/wp-content\/uploads\/2024\/10\/belong-to-550x999.png",550,999,true],"cinerama_edge_image_huge":["https:\/\/lamostradevalencia.com\/wp-content\/uploads\/2024\/10\/belong-to-1100x999.png",1100,999,true],"gform-image-choice-sm":["https:\/\/lamostradevalencia.com\/wp-content\/uploads\/2024\/10\/belong-to.png",300,226,false],"gform-image-choice-md":["https:\/\/lamostradevalencia.com\/wp-content\/uploads\/2024\/10\/belong-to.png",400,301,false],"gform-image-choice-lg":["https:\/\/lamostradevalencia.com\/wp-content\/uploads\/2024\/10\/belong-to.png",600,452,false]},"uagb_author_info":{"display_name":"Mostra de Val\u00e8ncia","author_link":"https:\/\/lamostradevalencia.com\/ca\/author\/mostravalencia\/"},"uagb_comment_info":0,"uagb_excerpt":"El film, que va competir en la Berlinale, retrata l&#8217;indestructible amor d&#8217;una mare enfront dels horrors provocats pel seu fill Despr\u00e9s del seu aplaudit pas [&hellip;]","_links":{"self":[{"href":"https:\/\/lamostradevalencia.com\/ca\/wp-json\/wp\/v2\/posts\/26414","targetHints":{"allow":["GET"]}}],"collection":[{"href":"https:\/\/lamostradevalencia.com\/ca\/wp-json\/wp\/v2\/posts"}],"about":[{"href":"https:\/\/lamostradevalencia.com\/ca\/wp-json\/wp\/v2\/types\/post"}],"author":[{"embeddable":true,"href":"https:\/\/lamostradevalencia.com\/ca\/wp-json\/wp\/v2\/users\/1"}],"replies":[{"embeddable":true,"href":"https:\/\/lamostradevalencia.com\/ca\/wp-json\/wp\/v2\/comments?post=26414"}],"version-history":[{"count":2,"href":"https:\/\/lamostradevalencia.com\/ca\/wp-json\/wp\/v2\/posts\/26414\/revisions"}],"predecessor-version":[{"id":26416,"href":"https:\/\/lamostradevalencia.com\/ca\/wp-json\/wp\/v2\/posts\/26414\/revisions\/26416"}],"wp:featuredmedia":[{"embeddable":true,"href":"https:\/\/lamostradevalencia.com\/ca\/wp-json\/wp\/v2\/media\/26407"}],"wp:attachment":[{"href":"https:\/\/lamostradevalencia.com\/ca\/wp-json\/wp\/v2\/media?parent=26414"}],"wp:term":[{"taxonomy":"category","embeddable":true,"href":"https:\/\/lamostradevalencia.com\/ca\/wp-json\/wp\/v2\/categories?post=26414"},{"taxonomy":"post_tag","embeddable":true,"href":"https:\/\/lamostradevalencia.com\/ca\/wp-json\/wp\/v2\/tags?post=26414"}],"curies":[{"name":"wp","href":"https:\/\/api.w.org\/{rel}","templated":true}]}}