{"id":26385,"date":"2024-10-26T14:24:41","date_gmt":"2024-10-26T12:24:41","guid":{"rendered":"https:\/\/lamostradevalencia.com\/?p=26385"},"modified":"2024-10-26T14:33:53","modified_gmt":"2024-10-26T12:33:53","slug":"la-mostra-acull-lestrena-mundial-de-moondove-un-film-coral-libanes-amb-ressons-de-kiarostami","status":"publish","type":"post","link":"https:\/\/lamostradevalencia.com\/ca\/la-mostra-acull-lestrena-mundial-de-moondove-un-film-coral-libanes-amb-ressons-de-kiarostami\/","title":{"rendered":"La Mostra acull l&#8217;estrena mundial de \u2018Moondove\u2019, un film coral liban\u00e9s amb ressons de Kiarostami"},"content":{"rendered":"<h5><span style=\"font-weight: 400;\">Karim Kassem concursa amb este film sobre l&#8217;escassetat d&#8217;aigua que explora el lirisme espontani\u00a0<\/span><\/h5>\n<p><span style=\"font-weight: 400;\">Habitual en el circuit de festivals internacionals, el cineasta liban\u00e9s Karim Kassem compta amb un accelerat ritme de producci\u00f3 que li ha perm\u00e9s estrenar fins a quatre pel\u00b7l\u00edcules en un breu per\u00edode de quatre anys. Despr\u00e9s de &#8216;Only The Winds&#8217; (2020), &#8216;Octopus&#8217; (2021) i &#8216;Thiiird&#8217; (2023), porta a competici\u00f3 del certamen valenci\u00e0 -i per primera vegada seleccionat en un festival a Espanya- una nova pel\u00b7l\u00edcula amb la qual continuar explorant el lirisme espontani que batega tant en les vides dels seus protagonistes com en els paisatges que, a penes sense manipular, la seua c\u00e0mera captura.<\/span><\/p>\n<p>&nbsp;<\/p>\n<p><b>\u2018Moondove\u2019 <\/b><span style=\"font-weight: 400;\">\u00e9s una proposta de ficci\u00f3 documental que es mou entre tres hist\u00f2ries d&#8217;una zona rural del L\u00edban. Un seguiment dels seus habitants i els paisatges psicol\u00f2gics que els definixen, estretament vinculats al factor m\u00e9s terrenal de la seua quotidianitat: els cultius, les fases lunars, la falta d&#8217;aigua. I \u00e9s que, tant eixes vides que porta a la pantalla com els paisatges que filma estan marcats per un mateix fil invisible que els travessa: la collita ha acabat, per\u00f2 una sequera particularment severa condiciona tot al seu voltant. En el seu pas per la Mostra, Karim Kassem -que dirigix, coescriu i \u00e9s responsable de la fotografia de la pel\u00b7l\u00edcula- ha assenyalat que<\/span><b> \u201ces poden fer moltes pel\u00b7l\u00edcules sobre la guerra i esta \u00e9s una d&#8217;elles encara que no hi haja bombes ni sang\u201d. <\/b><span style=\"font-weight: 400;\">La seua, segons afig, \u201ctracta de l&#8217;escassetat d&#8217;aigua (en tota la pel\u00b7l\u00edcula no la veiem f\u00edsicament) i de la guerra. En concret, de la guerra pel territori i per l&#8217;aigua, que \u00e9s el que est\u00e0 mobilitzant ara mateix a tantes persones a L\u00edban\u201d.\u00a0<\/span><\/p>\n<p>&nbsp;<\/p>\n<p><span style=\"font-weight: 400;\">Kassem, una de les veus m\u00e9s interessants de la cinematografia libanesa actual, s&#8217;aproxima a les vides d&#8217;estos habitants de zones rurals per a radiografiar els seus dies des d&#8217;un pla quotidi\u00e0 fins a un vessant m\u00e9s existencial. En esta hist\u00f2ria coral predominen els oficis, des dels m\u00e9s mec\u00e0nics fins als dels qui cultiven les terres i crien animals, per\u00f2 en els di\u00e0legs que creuen els seus protagonistes tamb\u00e9 hi ha espai per a reflexionar sobre l&#8217;amor, la fam\u00edlia o la relaci\u00f3 amb el treball.<\/span><b> En este sentit, ha emmarcat este treball amb la voluntat de \u201cvoler rodar perqu\u00e8 eixe entorn siga recordat\u201d.\u00a0<\/b><\/p>\n<p>&nbsp;<\/p>\n<p><span style=\"font-weight: 400;\">Una aposta marcada, a m\u00e9s, per un disseny de so rendit a all\u00f2 sensorial. Els sorolls i notes sonores que es desprenen de la naturalesa i les seues gents s&#8217;ordenen harm\u00f2nics com si de melodies es tractara. Segons el seu director, entre els prop\u00f2sits que alberga esta pel\u00b7l\u00edcula est\u00e0 el de recuperar el protagonisme d&#8217;eixa gent de major edat \u201cque en moltes ocasions queden oblidats&#8221;. Actors no professionals originaris de la zona, i fruit d&#8217;un treball de recerca que es va allargar durant dos anys fins que a la fi \u201cva poder construir un vincle de confian\u00e7a on poder treballar sense l\u00edmits amb tots ells\u201d<\/span><\/p>\n<p>&nbsp;<\/p>\n<p><span style=\"font-weight: 400;\">La 39\u00aa edici\u00f3 de Mostra de Val\u00e8ncia-Cinema del Mediterrani est\u00e0 organitzada per l&#8217;Ajuntament de Val\u00e8ncia, compta amb la col\u00b7laboraci\u00f3 de l\u2019Institut Valenci\u00e0 de Cultura, Palau de la M\u00fasica, Val\u00e8ncia Film Office (Fundaci\u00f3 Visit Val\u00e8ncia), el patrocini de Hyundai Koryo Car i \u00c0 Punt M\u00e8dia com a mitj\u00e0 oficial i principal partner del f\u00f2rum de coproducci\u00f3 Val\u00e8ncia Films Afers.\u00a0<\/span><\/p>\n","protected":false},"excerpt":{"rendered":"<p>Karim Kassem concursa amb este film sobre l&#8217;escassetat d&#8217;aigua que explora el lirisme espontani\u00a0 Habitual en el circuit de festivals internacionals, el cineasta liban\u00e9s Karim [&hellip;]<\/p>\n","protected":false},"author":3,"featured_media":26381,"comment_status":"open","ping_status":"open","sticky":false,"template":"","format":"standard","meta":{"_uag_custom_page_level_css":"","_jet_sm_ready_style":"","_jet_sm_style":"","_jet_sm_controls_values":"","_jet_sm_fonts_collection":"","_jet_sm_fonts_links":"","footnotes":""},"categories":[31],"tags":[],"class_list":["post-26385","post","type-post","status-publish","format-standard","has-post-thumbnail","hentry","category-uncategorized-ca"],"yoast_head":"<!-- This site is optimized with the Yoast SEO plugin v27.4 - https:\/\/yoast.com\/product\/yoast-seo-wordpress\/ -->\n<title>La Mostra acull l&#039;estrena mundial de \u2018Moondove\u2019, un film coral liban\u00e9s amb ressons de Kiarostami - Mostra de Val\u00e8ncia<\/title>\n<meta name=\"robots\" content=\"index, follow, max-snippet:-1, max-image-preview:large, max-video-preview:-1\" \/>\n<link rel=\"canonical\" href=\"https:\/\/lamostradevalencia.com\/ca\/la-mostra-acull-lestrena-mundial-de-moondove-un-film-coral-libanes-amb-ressons-de-kiarostami\/\" \/>\n<meta property=\"og:locale\" content=\"ca_ES\" \/>\n<meta property=\"og:type\" content=\"article\" \/>\n<meta property=\"og:title\" content=\"La Mostra acull l&#039;estrena mundial de \u2018Moondove\u2019, un film coral liban\u00e9s amb ressons de Kiarostami - Mostra de Val\u00e8ncia\" \/>\n<meta property=\"og:description\" content=\"Karim Kassem concursa amb este film sobre l&#8217;escassetat d&#8217;aigua que explora el lirisme espontani\u00a0 Habitual en el circuit de festivals internacionals, el cineasta liban\u00e9s Karim [&hellip;]\" \/>\n<meta property=\"og:url\" content=\"https:\/\/lamostradevalencia.com\/ca\/la-mostra-acull-lestrena-mundial-de-moondove-un-film-coral-libanes-amb-ressons-de-kiarostami\/\" \/>\n<meta property=\"og:site_name\" content=\"Mostra de Val\u00e8ncia\" \/>\n<meta property=\"article:published_time\" content=\"2024-10-26T12:24:41+00:00\" \/>\n<meta property=\"article:modified_time\" content=\"2024-10-26T12:33:53+00:00\" \/>\n<meta property=\"og:image\" content=\"https:\/\/lamostradevalencia.com\/wp-content\/uploads\/2024\/10\/moondove.jpg\" \/>\n\t<meta property=\"og:image:width\" content=\"1474\" \/>\n\t<meta property=\"og:image:height\" content=\"978\" \/>\n\t<meta property=\"og:image:type\" content=\"image\/jpeg\" \/>\n<meta name=\"author\" content=\"contenidos\" \/>\n<meta name=\"twitter:card\" content=\"summary_large_image\" \/>\n<meta name=\"twitter:label1\" content=\"Escrit per\" \/>\n\t<meta name=\"twitter:data1\" content=\"contenidos\" \/>\n\t<meta name=\"twitter:label2\" content=\"Temps estimat de lectura\" \/>\n\t<meta name=\"twitter:data2\" content=\"3 minuts\" \/>\n<script type=\"application\/ld+json\" class=\"yoast-schema-graph\">{\"@context\":\"https:\\\/\\\/schema.org\",\"@graph\":[{\"@type\":\"Article\",\"@id\":\"https:\\\/\\\/lamostradevalencia.com\\\/ca\\\/la-mostra-acull-lestrena-mundial-de-moondove-un-film-coral-libanes-amb-ressons-de-kiarostami\\\/#article\",\"isPartOf\":{\"@id\":\"https:\\\/\\\/lamostradevalencia.com\\\/ca\\\/la-mostra-acull-lestrena-mundial-de-moondove-un-film-coral-libanes-amb-ressons-de-kiarostami\\\/\"},\"author\":{\"name\":\"contenidos\",\"@id\":\"https:\\\/\\\/lamostradevalencia.com\\\/ca\\\/#\\\/schema\\\/person\\\/361c3c0dd5489e78ad78ee4f8332efac\"},\"headline\":\"La Mostra acull l&#8217;estrena mundial de \u2018Moondove\u2019, un film coral liban\u00e9s amb ressons de Kiarostami\",\"datePublished\":\"2024-10-26T12:24:41+00:00\",\"dateModified\":\"2024-10-26T12:33:53+00:00\",\"mainEntityOfPage\":{\"@id\":\"https:\\\/\\\/lamostradevalencia.com\\\/ca\\\/la-mostra-acull-lestrena-mundial-de-moondove-un-film-coral-libanes-amb-ressons-de-kiarostami\\\/\"},\"wordCount\":627,\"commentCount\":0,\"image\":{\"@id\":\"https:\\\/\\\/lamostradevalencia.com\\\/ca\\\/la-mostra-acull-lestrena-mundial-de-moondove-un-film-coral-libanes-amb-ressons-de-kiarostami\\\/#primaryimage\"},\"thumbnailUrl\":\"https:\\\/\\\/lamostradevalencia.com\\\/wp-content\\\/uploads\\\/2024\\\/10\\\/moondove.jpg\",\"articleSection\":[\"Uncategorized @ca\"],\"inLanguage\":\"ca\",\"potentialAction\":[{\"@type\":\"CommentAction\",\"name\":\"Comment\",\"target\":[\"https:\\\/\\\/lamostradevalencia.com\\\/ca\\\/la-mostra-acull-lestrena-mundial-de-moondove-un-film-coral-libanes-amb-ressons-de-kiarostami\\\/#respond\"]}]},{\"@type\":\"WebPage\",\"@id\":\"https:\\\/\\\/lamostradevalencia.com\\\/ca\\\/la-mostra-acull-lestrena-mundial-de-moondove-un-film-coral-libanes-amb-ressons-de-kiarostami\\\/\",\"url\":\"https:\\\/\\\/lamostradevalencia.com\\\/ca\\\/la-mostra-acull-lestrena-mundial-de-moondove-un-film-coral-libanes-amb-ressons-de-kiarostami\\\/\",\"name\":\"La Mostra acull l'estrena mundial de \u2018Moondove\u2019, un film coral liban\u00e9s amb ressons de Kiarostami - Mostra de Val\u00e8ncia\",\"isPartOf\":{\"@id\":\"https:\\\/\\\/lamostradevalencia.com\\\/ca\\\/#website\"},\"primaryImageOfPage\":{\"@id\":\"https:\\\/\\\/lamostradevalencia.com\\\/ca\\\/la-mostra-acull-lestrena-mundial-de-moondove-un-film-coral-libanes-amb-ressons-de-kiarostami\\\/#primaryimage\"},\"image\":{\"@id\":\"https:\\\/\\\/lamostradevalencia.com\\\/ca\\\/la-mostra-acull-lestrena-mundial-de-moondove-un-film-coral-libanes-amb-ressons-de-kiarostami\\\/#primaryimage\"},\"thumbnailUrl\":\"https:\\\/\\\/lamostradevalencia.com\\\/wp-content\\\/uploads\\\/2024\\\/10\\\/moondove.jpg\",\"datePublished\":\"2024-10-26T12:24:41+00:00\",\"dateModified\":\"2024-10-26T12:33:53+00:00\",\"author\":{\"@id\":\"https:\\\/\\\/lamostradevalencia.com\\\/ca\\\/#\\\/schema\\\/person\\\/361c3c0dd5489e78ad78ee4f8332efac\"},\"breadcrumb\":{\"@id\":\"https:\\\/\\\/lamostradevalencia.com\\\/ca\\\/la-mostra-acull-lestrena-mundial-de-moondove-un-film-coral-libanes-amb-ressons-de-kiarostami\\\/#breadcrumb\"},\"inLanguage\":\"ca\",\"potentialAction\":[{\"@type\":\"ReadAction\",\"target\":[\"https:\\\/\\\/lamostradevalencia.com\\\/ca\\\/la-mostra-acull-lestrena-mundial-de-moondove-un-film-coral-libanes-amb-ressons-de-kiarostami\\\/\"]}]},{\"@type\":\"ImageObject\",\"inLanguage\":\"ca\",\"@id\":\"https:\\\/\\\/lamostradevalencia.com\\\/ca\\\/la-mostra-acull-lestrena-mundial-de-moondove-un-film-coral-libanes-amb-ressons-de-kiarostami\\\/#primaryimage\",\"url\":\"https:\\\/\\\/lamostradevalencia.com\\\/wp-content\\\/uploads\\\/2024\\\/10\\\/moondove.jpg\",\"contentUrl\":\"https:\\\/\\\/lamostradevalencia.com\\\/wp-content\\\/uploads\\\/2024\\\/10\\\/moondove.jpg\",\"width\":1474,\"height\":978},{\"@type\":\"BreadcrumbList\",\"@id\":\"https:\\\/\\\/lamostradevalencia.com\\\/ca\\\/la-mostra-acull-lestrena-mundial-de-moondove-un-film-coral-libanes-amb-ressons-de-kiarostami\\\/#breadcrumb\",\"itemListElement\":[{\"@type\":\"ListItem\",\"position\":1,\"name\":\"Portada\",\"item\":\"https:\\\/\\\/lamostradevalencia.com\\\/ca\\\/\"},{\"@type\":\"ListItem\",\"position\":2,\"name\":\"La Mostra acull l&#8217;estrena mundial de \u2018Moondove\u2019, un film coral liban\u00e9s amb ressons de Kiarostami\"}]},{\"@type\":\"WebSite\",\"@id\":\"https:\\\/\\\/lamostradevalencia.com\\\/ca\\\/#website\",\"url\":\"https:\\\/\\\/lamostradevalencia.com\\\/ca\\\/\",\"name\":\"Mostra de Val\u00e8ncia\",\"description\":\"Cinema del Mediterrani\",\"potentialAction\":[{\"@type\":\"SearchAction\",\"target\":{\"@type\":\"EntryPoint\",\"urlTemplate\":\"https:\\\/\\\/lamostradevalencia.com\\\/ca\\\/?s={search_term_string}\"},\"query-input\":{\"@type\":\"PropertyValueSpecification\",\"valueRequired\":true,\"valueName\":\"search_term_string\"}}],\"inLanguage\":\"ca\"},{\"@type\":\"Person\",\"@id\":\"https:\\\/\\\/lamostradevalencia.com\\\/ca\\\/#\\\/schema\\\/person\\\/361c3c0dd5489e78ad78ee4f8332efac\",\"name\":\"contenidos\",\"image\":{\"@type\":\"ImageObject\",\"inLanguage\":\"ca\",\"@id\":\"https:\\\/\\\/secure.gravatar.com\\\/avatar\\\/a87eddc188a32d5a0371ff92ef616b5006a91e389296d49d081f8d424eef134c?s=96&d=mm&r=g\",\"url\":\"https:\\\/\\\/secure.gravatar.com\\\/avatar\\\/a87eddc188a32d5a0371ff92ef616b5006a91e389296d49d081f8d424eef134c?s=96&d=mm&r=g\",\"contentUrl\":\"https:\\\/\\\/secure.gravatar.com\\\/avatar\\\/a87eddc188a32d5a0371ff92ef616b5006a91e389296d49d081f8d424eef134c?s=96&d=mm&r=g\",\"caption\":\"contenidos\"}}]}<\/script>\n<!-- \/ Yoast SEO plugin. -->","yoast_head_json":{"title":"La Mostra acull l'estrena mundial de \u2018Moondove\u2019, un film coral liban\u00e9s amb ressons de Kiarostami - Mostra de Val\u00e8ncia","robots":{"index":"index","follow":"follow","max-snippet":"max-snippet:-1","max-image-preview":"max-image-preview:large","max-video-preview":"max-video-preview:-1"},"canonical":"https:\/\/lamostradevalencia.com\/ca\/la-mostra-acull-lestrena-mundial-de-moondove-un-film-coral-libanes-amb-ressons-de-kiarostami\/","og_locale":"ca_ES","og_type":"article","og_title":"La Mostra acull l'estrena mundial de \u2018Moondove\u2019, un film coral liban\u00e9s amb ressons de Kiarostami - Mostra de Val\u00e8ncia","og_description":"Karim Kassem concursa amb este film sobre l&#8217;escassetat d&#8217;aigua que explora el lirisme espontani\u00a0 Habitual en el circuit de festivals internacionals, el cineasta liban\u00e9s Karim [&hellip;]","og_url":"https:\/\/lamostradevalencia.com\/ca\/la-mostra-acull-lestrena-mundial-de-moondove-un-film-coral-libanes-amb-ressons-de-kiarostami\/","og_site_name":"Mostra de Val\u00e8ncia","article_published_time":"2024-10-26T12:24:41+00:00","article_modified_time":"2024-10-26T12:33:53+00:00","og_image":[{"width":1474,"height":978,"url":"https:\/\/lamostradevalencia.com\/wp-content\/uploads\/2024\/10\/moondove.jpg","type":"image\/jpeg"}],"author":"contenidos","twitter_card":"summary_large_image","twitter_misc":{"Escrit per":"contenidos","Temps estimat de lectura":"3 minuts"},"schema":{"@context":"https:\/\/schema.org","@graph":[{"@type":"Article","@id":"https:\/\/lamostradevalencia.com\/ca\/la-mostra-acull-lestrena-mundial-de-moondove-un-film-coral-libanes-amb-ressons-de-kiarostami\/#article","isPartOf":{"@id":"https:\/\/lamostradevalencia.com\/ca\/la-mostra-acull-lestrena-mundial-de-moondove-un-film-coral-libanes-amb-ressons-de-kiarostami\/"},"author":{"name":"contenidos","@id":"https:\/\/lamostradevalencia.com\/ca\/#\/schema\/person\/361c3c0dd5489e78ad78ee4f8332efac"},"headline":"La Mostra acull l&#8217;estrena mundial de \u2018Moondove\u2019, un film coral liban\u00e9s amb ressons de Kiarostami","datePublished":"2024-10-26T12:24:41+00:00","dateModified":"2024-10-26T12:33:53+00:00","mainEntityOfPage":{"@id":"https:\/\/lamostradevalencia.com\/ca\/la-mostra-acull-lestrena-mundial-de-moondove-un-film-coral-libanes-amb-ressons-de-kiarostami\/"},"wordCount":627,"commentCount":0,"image":{"@id":"https:\/\/lamostradevalencia.com\/ca\/la-mostra-acull-lestrena-mundial-de-moondove-un-film-coral-libanes-amb-ressons-de-kiarostami\/#primaryimage"},"thumbnailUrl":"https:\/\/lamostradevalencia.com\/wp-content\/uploads\/2024\/10\/moondove.jpg","articleSection":["Uncategorized @ca"],"inLanguage":"ca","potentialAction":[{"@type":"CommentAction","name":"Comment","target":["https:\/\/lamostradevalencia.com\/ca\/la-mostra-acull-lestrena-mundial-de-moondove-un-film-coral-libanes-amb-ressons-de-kiarostami\/#respond"]}]},{"@type":"WebPage","@id":"https:\/\/lamostradevalencia.com\/ca\/la-mostra-acull-lestrena-mundial-de-moondove-un-film-coral-libanes-amb-ressons-de-kiarostami\/","url":"https:\/\/lamostradevalencia.com\/ca\/la-mostra-acull-lestrena-mundial-de-moondove-un-film-coral-libanes-amb-ressons-de-kiarostami\/","name":"La Mostra acull l'estrena mundial de \u2018Moondove\u2019, un film coral liban\u00e9s amb ressons de Kiarostami - Mostra de Val\u00e8ncia","isPartOf":{"@id":"https:\/\/lamostradevalencia.com\/ca\/#website"},"primaryImageOfPage":{"@id":"https:\/\/lamostradevalencia.com\/ca\/la-mostra-acull-lestrena-mundial-de-moondove-un-film-coral-libanes-amb-ressons-de-kiarostami\/#primaryimage"},"image":{"@id":"https:\/\/lamostradevalencia.com\/ca\/la-mostra-acull-lestrena-mundial-de-moondove-un-film-coral-libanes-amb-ressons-de-kiarostami\/#primaryimage"},"thumbnailUrl":"https:\/\/lamostradevalencia.com\/wp-content\/uploads\/2024\/10\/moondove.jpg","datePublished":"2024-10-26T12:24:41+00:00","dateModified":"2024-10-26T12:33:53+00:00","author":{"@id":"https:\/\/lamostradevalencia.com\/ca\/#\/schema\/person\/361c3c0dd5489e78ad78ee4f8332efac"},"breadcrumb":{"@id":"https:\/\/lamostradevalencia.com\/ca\/la-mostra-acull-lestrena-mundial-de-moondove-un-film-coral-libanes-amb-ressons-de-kiarostami\/#breadcrumb"},"inLanguage":"ca","potentialAction":[{"@type":"ReadAction","target":["https:\/\/lamostradevalencia.com\/ca\/la-mostra-acull-lestrena-mundial-de-moondove-un-film-coral-libanes-amb-ressons-de-kiarostami\/"]}]},{"@type":"ImageObject","inLanguage":"ca","@id":"https:\/\/lamostradevalencia.com\/ca\/la-mostra-acull-lestrena-mundial-de-moondove-un-film-coral-libanes-amb-ressons-de-kiarostami\/#primaryimage","url":"https:\/\/lamostradevalencia.com\/wp-content\/uploads\/2024\/10\/moondove.jpg","contentUrl":"https:\/\/lamostradevalencia.com\/wp-content\/uploads\/2024\/10\/moondove.jpg","width":1474,"height":978},{"@type":"BreadcrumbList","@id":"https:\/\/lamostradevalencia.com\/ca\/la-mostra-acull-lestrena-mundial-de-moondove-un-film-coral-libanes-amb-ressons-de-kiarostami\/#breadcrumb","itemListElement":[{"@type":"ListItem","position":1,"name":"Portada","item":"https:\/\/lamostradevalencia.com\/ca\/"},{"@type":"ListItem","position":2,"name":"La Mostra acull l&#8217;estrena mundial de \u2018Moondove\u2019, un film coral liban\u00e9s amb ressons de Kiarostami"}]},{"@type":"WebSite","@id":"https:\/\/lamostradevalencia.com\/ca\/#website","url":"https:\/\/lamostradevalencia.com\/ca\/","name":"Mostra de Val\u00e8ncia","description":"Cinema del Mediterrani","potentialAction":[{"@type":"SearchAction","target":{"@type":"EntryPoint","urlTemplate":"https:\/\/lamostradevalencia.com\/ca\/?s={search_term_string}"},"query-input":{"@type":"PropertyValueSpecification","valueRequired":true,"valueName":"search_term_string"}}],"inLanguage":"ca"},{"@type":"Person","@id":"https:\/\/lamostradevalencia.com\/ca\/#\/schema\/person\/361c3c0dd5489e78ad78ee4f8332efac","name":"contenidos","image":{"@type":"ImageObject","inLanguage":"ca","@id":"https:\/\/secure.gravatar.com\/avatar\/a87eddc188a32d5a0371ff92ef616b5006a91e389296d49d081f8d424eef134c?s=96&d=mm&r=g","url":"https:\/\/secure.gravatar.com\/avatar\/a87eddc188a32d5a0371ff92ef616b5006a91e389296d49d081f8d424eef134c?s=96&d=mm&r=g","contentUrl":"https:\/\/secure.gravatar.com\/avatar\/a87eddc188a32d5a0371ff92ef616b5006a91e389296d49d081f8d424eef134c?s=96&d=mm&r=g","caption":"contenidos"}}]}},"uagb_featured_image_src":{"full":["https:\/\/lamostradevalencia.com\/wp-content\/uploads\/2024\/10\/moondove.jpg",1474,978,false],"thumbnail":["https:\/\/lamostradevalencia.com\/wp-content\/uploads\/2024\/10\/moondove-150x150.jpg",150,150,true],"medium":["https:\/\/lamostradevalencia.com\/wp-content\/uploads\/2024\/10\/moondove-300x199.jpg",300,199,true],"medium_large":["https:\/\/lamostradevalencia.com\/wp-content\/uploads\/2024\/10\/moondove-768x510.jpg",768,510,true],"large":["https:\/\/lamostradevalencia.com\/wp-content\/uploads\/2024\/10\/moondove-1024x679.jpg",1024,679,true],"1536x1536":["https:\/\/lamostradevalencia.com\/wp-content\/uploads\/2024\/10\/moondove.jpg",1474,978,false],"2048x2048":["https:\/\/lamostradevalencia.com\/wp-content\/uploads\/2024\/10\/moondove.jpg",1474,978,false],"cinerama_edge_image_square":["https:\/\/lamostradevalencia.com\/wp-content\/uploads\/2024\/10\/moondove-550x550.jpg",550,550,true],"cinerama_edge_image_landscape":["https:\/\/lamostradevalencia.com\/wp-content\/uploads\/2024\/10\/moondove-1100x550.jpg",1100,550,true],"cinerama_edge_image_portrait":["https:\/\/lamostradevalencia.com\/wp-content\/uploads\/2024\/10\/moondove-550x978.jpg",550,978,true],"cinerama_edge_image_huge":["https:\/\/lamostradevalencia.com\/wp-content\/uploads\/2024\/10\/moondove-1100x978.jpg",1100,978,true],"gform-image-choice-sm":["https:\/\/lamostradevalencia.com\/wp-content\/uploads\/2024\/10\/moondove.jpg",300,199,false],"gform-image-choice-md":["https:\/\/lamostradevalencia.com\/wp-content\/uploads\/2024\/10\/moondove.jpg",400,265,false],"gform-image-choice-lg":["https:\/\/lamostradevalencia.com\/wp-content\/uploads\/2024\/10\/moondove.jpg",600,398,false]},"uagb_author_info":{"display_name":"contenidos","author_link":"https:\/\/lamostradevalencia.com\/ca\/author\/contenidos\/"},"uagb_comment_info":0,"uagb_excerpt":"Karim Kassem concursa amb este film sobre l&#8217;escassetat d&#8217;aigua que explora el lirisme espontani\u00a0 Habitual en el circuit de festivals internacionals, el cineasta liban\u00e9s Karim [&hellip;]","_links":{"self":[{"href":"https:\/\/lamostradevalencia.com\/ca\/wp-json\/wp\/v2\/posts\/26385","targetHints":{"allow":["GET"]}}],"collection":[{"href":"https:\/\/lamostradevalencia.com\/ca\/wp-json\/wp\/v2\/posts"}],"about":[{"href":"https:\/\/lamostradevalencia.com\/ca\/wp-json\/wp\/v2\/types\/post"}],"author":[{"embeddable":true,"href":"https:\/\/lamostradevalencia.com\/ca\/wp-json\/wp\/v2\/users\/3"}],"replies":[{"embeddable":true,"href":"https:\/\/lamostradevalencia.com\/ca\/wp-json\/wp\/v2\/comments?post=26385"}],"version-history":[{"count":1,"href":"https:\/\/lamostradevalencia.com\/ca\/wp-json\/wp\/v2\/posts\/26385\/revisions"}],"predecessor-version":[{"id":26386,"href":"https:\/\/lamostradevalencia.com\/ca\/wp-json\/wp\/v2\/posts\/26385\/revisions\/26386"}],"wp:featuredmedia":[{"embeddable":true,"href":"https:\/\/lamostradevalencia.com\/ca\/wp-json\/wp\/v2\/media\/26381"}],"wp:attachment":[{"href":"https:\/\/lamostradevalencia.com\/ca\/wp-json\/wp\/v2\/media?parent=26385"}],"wp:term":[{"taxonomy":"category","embeddable":true,"href":"https:\/\/lamostradevalencia.com\/ca\/wp-json\/wp\/v2\/categories?post=26385"},{"taxonomy":"post_tag","embeddable":true,"href":"https:\/\/lamostradevalencia.com\/ca\/wp-json\/wp\/v2\/tags?post=26385"}],"curies":[{"name":"wp","href":"https:\/\/api.w.org\/{rel}","templated":true}]}}