{"id":26368,"date":"2024-10-25T19:20:19","date_gmt":"2024-10-25T17:20:19","guid":{"rendered":"https:\/\/lamostradevalencia.com\/?p=26368"},"modified":"2024-10-25T19:45:06","modified_gmt":"2024-10-25T17:45:06","slug":"thats-it-for-today-cinema-felic-des-de-serbia-per-a-estos-temps-dificils","status":"publish","type":"post","link":"https:\/\/lamostradevalencia.com\/ca\/thats-it-for-today-cinema-felic-des-de-serbia-per-a-estos-temps-dificils\/","title":{"rendered":"\u2018That\u2019s It for Today\u2019: cinema feli\u00e7 des de S\u00e8rbia per a estos temps dif\u00edcils"},"content":{"rendered":"<h5><b>Marko Djordjevic competix en la Mostra amb el seu segon llargmetratge, un retrat familiar amb pinzellades de &#8220;feel good movie&#8221; independent\u00a0<\/b><\/h5>\n<p><span style=\"font-weight: 400;\">A partir d&#8217;un tendre ritual familiar que consistix a enfornar gla\u00e7ons de coco (unes postres t\u00edpiques dels Balcans) tres germans es reunixen despr\u00e9s d&#8217;un temps sense veure&#8217;s. Un conjur involuntari que li servix al director Marko Djordjevic com a punt de partida per al seu segon llargmetratge \u2018That\u2019s It for Today\u2019, un film feli\u00e7 sense contemplacions, que ha sigut presentat en el concurs de la 39\u00aa Mostra de Val\u00e8ncia-Cinema del Mediterrani despr\u00e9s de passar pel Festival Internacional de Cinema de Belgrad.\u00a0<\/span><\/p>\n<p><span style=\"font-weight: 400;\">La imatge banyada en ocre assenyala que \u00e9s estiu, el temps sembla detindre&#8217;s i els protagonistes Moca, Vi\u0161nja i Vasa gaudixen del temps lliure, acompanyats per la filla d&#8217;un d&#8217;ells. Hi ha xicotets obstacles que superar: la mort d&#8217;un professor de la inf\u00e0ncia, la por de conduir\u2026 per\u00f2 en esta rondalla per a adults els personatges s\u00f3n feli\u00e7os i sembla no haver-hi conflictes: <\/span><b>\u201cVivim en temps dif\u00edcils i fer una pel\u00b7l\u00edcula aix\u00ed, en la qual els personatges s\u00f3n feli\u00e7os malgrat tot, no \u00e9s f\u00e0cil. El repte era aconseguir aix\u00f2 sense caure en la superficialitat. La veritat \u00e9s que la forma en qu\u00e8 escric \u00e9s infantil, no tracte de demostrar res massa intel\u00b7ligent\u201d,<\/b><span style=\"font-weight: 400;\"> va assegurar el director durant la roda de premsa.\u00a0<\/span><\/p>\n<p><span style=\"font-weight: 400;\">Davant tanta felicitat que naix del quotidi\u00e0 l&#8217;espectador no deixa de preguntar-se si la trama oculta algun secret. \u201c\u00c9s cert que el conflicte no es coneixer\u00e0 fins al final. La dificultat era com traduir aix\u00f2 sense que l&#8217;audi\u00e8ncia ho notara, encara que pogueren intuir-ho\u201d, prosseguix. El trio protagonista est\u00e0 interpretat per Nikola Rakocevic, Filip Djuric i Ivana Vukovic. Estos dos \u00faltims van participar en la primera pel\u00b7l\u00edcula de Djordjevic (\u2018My Morning Laughter\u2019, 2019, que va poder veure&#8217;s la Secci\u00f3 Informativa de la Mostra), la qual cosa convertix a esta fam\u00edlia ficcionada en m\u00e9s fam\u00edlia encara. Una pel\u00b7l\u00edcula contemplativa amb xicotetes sorpreses, que va saltant d&#8217;una escena a una altra com una recopilaci\u00f3 de \u2018sketches\u2019, m\u00e9s propi d&#8217;una narrativa infantil d&#8217;aventures que d&#8217;adults. Per\u00f2 hi ha alguna cosa que es despr\u00e9n en esta \u00a8feel good movie\u00a8 i \u00e9s la idea de germanor i de carinyo: <\/span><b>\u201cVaig comen\u00e7ar a creure que era possible captar la felicitat i imprimir-la en esta cinta per sempre. Esta \u00e9s una pel\u00b7l\u00edcula en nom de l&#8217;alegria. \u00c9s una pel\u00b7l\u00edcula sobre l&#8217;amor\u201d<\/b><span style=\"font-weight: 400;\">, continua.\u00a0<\/span><\/p>\n<p><span style=\"font-weight: 400;\">La veritat \u00e9s que <\/span><b>va ser rebutjada per totes les distribu\u00efdores del seu pa\u00eds i finalment va aconseguir arribar als cinemes gr\u00e0cies a una campanya en xarxes socials dels actors m\u00e9s coneguts. M\u00e9s de 80.000 espectadors acudiren a les sales, cosa que no ocorria des de les pel\u00b7l\u00edcules de Kusturica<\/b><span style=\"font-weight: 400;\">. Una mostra m\u00e9s per al director que \u201c\u00e9s possible lluitar contra el m\u00f3n amb simplicitat\u201d.\u00a0<\/span><\/p>\n<p><span style=\"font-weight: 400;\">La 39\u00aa edici\u00f3 de Mostra de Val\u00e8ncia-Cinema del Mediterrani est\u00e0 organitzada per l&#8217;Ajuntament de Val\u00e8ncia, compta amb la col\u00b7laboraci\u00f3 de l\u2019Institut Valenci\u00e0 de Cultura, Palau de la M\u00fasica, Val\u00e8ncia Film Office (Fundaci\u00f3 Visit Val\u00e8ncia), el patrocini de Hyundai Koryo Car i \u00c0 Punt M\u00e8dia com a mitj\u00e0 oficial i principal partner del f\u00f2rum de coproducci\u00f3 Val\u00e8ncia Films Afers.\u00a0<\/span><\/p>\n<p>&nbsp;<\/p>\n","protected":false},"excerpt":{"rendered":"<p>Marko Djordjevic competix en la Mostra amb el seu segon llargmetratge, un retrat familiar amb pinzellades de &#8220;feel good movie&#8221; independent\u00a0 A partir d&#8217;un tendre [&hellip;]<\/p>\n","protected":false},"author":1,"featured_media":26356,"comment_status":"open","ping_status":"open","sticky":false,"template":"","format":"standard","meta":{"_uag_custom_page_level_css":"","_jet_sm_ready_style":"","_jet_sm_style":"","_jet_sm_controls_values":"","_jet_sm_fonts_collection":"","_jet_sm_fonts_links":"","footnotes":""},"categories":[455,31],"tags":[],"class_list":["post-26368","post","type-post","status-publish","format-standard","has-post-thumbnail","hentry","category-noticies","category-uncategorized-ca"],"yoast_head":"<!-- This site is optimized with the Yoast SEO plugin v27.4 - https:\/\/yoast.com\/product\/yoast-seo-wordpress\/ -->\n<title>\u2018That\u2019s It for Today\u2019: cinema feli\u00e7 des de S\u00e8rbia per a estos temps dif\u00edcils - Mostra de Val\u00e8ncia<\/title>\n<meta name=\"robots\" content=\"index, follow, max-snippet:-1, max-image-preview:large, max-video-preview:-1\" \/>\n<link rel=\"canonical\" href=\"https:\/\/lamostradevalencia.com\/ca\/thats-it-for-today-cinema-felic-des-de-serbia-per-a-estos-temps-dificils\/\" \/>\n<meta property=\"og:locale\" content=\"ca_ES\" \/>\n<meta property=\"og:type\" content=\"article\" \/>\n<meta property=\"og:title\" content=\"\u2018That\u2019s It for Today\u2019: cinema feli\u00e7 des de S\u00e8rbia per a estos temps dif\u00edcils - Mostra de Val\u00e8ncia\" \/>\n<meta property=\"og:description\" content=\"Marko Djordjevic competix en la Mostra amb el seu segon llargmetratge, un retrat familiar amb pinzellades de &#8220;feel good movie&#8221; independent\u00a0 A partir d&#8217;un tendre [&hellip;]\" \/>\n<meta property=\"og:url\" content=\"https:\/\/lamostradevalencia.com\/ca\/thats-it-for-today-cinema-felic-des-de-serbia-per-a-estos-temps-dificils\/\" \/>\n<meta property=\"og:site_name\" content=\"Mostra de Val\u00e8ncia\" \/>\n<meta property=\"article:published_time\" content=\"2024-10-25T17:20:19+00:00\" \/>\n<meta property=\"article:modified_time\" content=\"2024-10-25T17:45:06+00:00\" \/>\n<meta property=\"og:image\" content=\"https:\/\/lamostradevalencia.com\/wp-content\/uploads\/2024\/10\/thats-for-today-photocall.jpg\" \/>\n\t<meta property=\"og:image:width\" content=\"1200\" \/>\n\t<meta property=\"og:image:height\" content=\"802\" \/>\n\t<meta property=\"og:image:type\" content=\"image\/jpeg\" \/>\n<meta name=\"author\" content=\"Mostra de Val\u00e8ncia\" \/>\n<meta name=\"twitter:card\" content=\"summary_large_image\" \/>\n<meta name=\"twitter:label1\" content=\"Escrit per\" \/>\n\t<meta name=\"twitter:data1\" content=\"Mostra de Val\u00e8ncia\" \/>\n\t<meta name=\"twitter:label2\" content=\"Temps estimat de lectura\" \/>\n\t<meta name=\"twitter:data2\" content=\"3 minuts\" \/>\n<script type=\"application\/ld+json\" class=\"yoast-schema-graph\">{\"@context\":\"https:\\\/\\\/schema.org\",\"@graph\":[{\"@type\":\"Article\",\"@id\":\"https:\\\/\\\/lamostradevalencia.com\\\/ca\\\/thats-it-for-today-cinema-felic-des-de-serbia-per-a-estos-temps-dificils\\\/#article\",\"isPartOf\":{\"@id\":\"https:\\\/\\\/lamostradevalencia.com\\\/ca\\\/thats-it-for-today-cinema-felic-des-de-serbia-per-a-estos-temps-dificils\\\/\"},\"author\":{\"name\":\"Mostra de Val\u00e8ncia\",\"@id\":\"https:\\\/\\\/lamostradevalencia.com\\\/ca\\\/#\\\/schema\\\/person\\\/1dc07e4df3d6310b81d2cdf6a034070c\"},\"headline\":\"\u2018That\u2019s It for Today\u2019: cinema feli\u00e7 des de S\u00e8rbia per a estos temps dif\u00edcils\",\"datePublished\":\"2024-10-25T17:20:19+00:00\",\"dateModified\":\"2024-10-25T17:45:06+00:00\",\"mainEntityOfPage\":{\"@id\":\"https:\\\/\\\/lamostradevalencia.com\\\/ca\\\/thats-it-for-today-cinema-felic-des-de-serbia-per-a-estos-temps-dificils\\\/\"},\"wordCount\":602,\"commentCount\":0,\"image\":{\"@id\":\"https:\\\/\\\/lamostradevalencia.com\\\/ca\\\/thats-it-for-today-cinema-felic-des-de-serbia-per-a-estos-temps-dificils\\\/#primaryimage\"},\"thumbnailUrl\":\"https:\\\/\\\/lamostradevalencia.com\\\/wp-content\\\/uploads\\\/2024\\\/10\\\/thats-for-today-photocall.jpg\",\"articleSection\":[\"Noticies\",\"Uncategorized @ca\"],\"inLanguage\":\"ca\",\"potentialAction\":[{\"@type\":\"CommentAction\",\"name\":\"Comment\",\"target\":[\"https:\\\/\\\/lamostradevalencia.com\\\/ca\\\/thats-it-for-today-cinema-felic-des-de-serbia-per-a-estos-temps-dificils\\\/#respond\"]}]},{\"@type\":\"WebPage\",\"@id\":\"https:\\\/\\\/lamostradevalencia.com\\\/ca\\\/thats-it-for-today-cinema-felic-des-de-serbia-per-a-estos-temps-dificils\\\/\",\"url\":\"https:\\\/\\\/lamostradevalencia.com\\\/ca\\\/thats-it-for-today-cinema-felic-des-de-serbia-per-a-estos-temps-dificils\\\/\",\"name\":\"\u2018That\u2019s It for Today\u2019: cinema feli\u00e7 des de S\u00e8rbia per a estos temps dif\u00edcils - Mostra de Val\u00e8ncia\",\"isPartOf\":{\"@id\":\"https:\\\/\\\/lamostradevalencia.com\\\/ca\\\/#website\"},\"primaryImageOfPage\":{\"@id\":\"https:\\\/\\\/lamostradevalencia.com\\\/ca\\\/thats-it-for-today-cinema-felic-des-de-serbia-per-a-estos-temps-dificils\\\/#primaryimage\"},\"image\":{\"@id\":\"https:\\\/\\\/lamostradevalencia.com\\\/ca\\\/thats-it-for-today-cinema-felic-des-de-serbia-per-a-estos-temps-dificils\\\/#primaryimage\"},\"thumbnailUrl\":\"https:\\\/\\\/lamostradevalencia.com\\\/wp-content\\\/uploads\\\/2024\\\/10\\\/thats-for-today-photocall.jpg\",\"datePublished\":\"2024-10-25T17:20:19+00:00\",\"dateModified\":\"2024-10-25T17:45:06+00:00\",\"author\":{\"@id\":\"https:\\\/\\\/lamostradevalencia.com\\\/ca\\\/#\\\/schema\\\/person\\\/1dc07e4df3d6310b81d2cdf6a034070c\"},\"breadcrumb\":{\"@id\":\"https:\\\/\\\/lamostradevalencia.com\\\/ca\\\/thats-it-for-today-cinema-felic-des-de-serbia-per-a-estos-temps-dificils\\\/#breadcrumb\"},\"inLanguage\":\"ca\",\"potentialAction\":[{\"@type\":\"ReadAction\",\"target\":[\"https:\\\/\\\/lamostradevalencia.com\\\/ca\\\/thats-it-for-today-cinema-felic-des-de-serbia-per-a-estos-temps-dificils\\\/\"]}]},{\"@type\":\"ImageObject\",\"inLanguage\":\"ca\",\"@id\":\"https:\\\/\\\/lamostradevalencia.com\\\/ca\\\/thats-it-for-today-cinema-felic-des-de-serbia-per-a-estos-temps-dificils\\\/#primaryimage\",\"url\":\"https:\\\/\\\/lamostradevalencia.com\\\/wp-content\\\/uploads\\\/2024\\\/10\\\/thats-for-today-photocall.jpg\",\"contentUrl\":\"https:\\\/\\\/lamostradevalencia.com\\\/wp-content\\\/uploads\\\/2024\\\/10\\\/thats-for-today-photocall.jpg\",\"width\":1200,\"height\":802},{\"@type\":\"BreadcrumbList\",\"@id\":\"https:\\\/\\\/lamostradevalencia.com\\\/ca\\\/thats-it-for-today-cinema-felic-des-de-serbia-per-a-estos-temps-dificils\\\/#breadcrumb\",\"itemListElement\":[{\"@type\":\"ListItem\",\"position\":1,\"name\":\"Portada\",\"item\":\"https:\\\/\\\/lamostradevalencia.com\\\/ca\\\/\"},{\"@type\":\"ListItem\",\"position\":2,\"name\":\"\u2018That\u2019s It for Today\u2019: cinema feli\u00e7 des de S\u00e8rbia per a estos temps dif\u00edcils\"}]},{\"@type\":\"WebSite\",\"@id\":\"https:\\\/\\\/lamostradevalencia.com\\\/ca\\\/#website\",\"url\":\"https:\\\/\\\/lamostradevalencia.com\\\/ca\\\/\",\"name\":\"Mostra de Val\u00e8ncia\",\"description\":\"Cinema del Mediterrani\",\"potentialAction\":[{\"@type\":\"SearchAction\",\"target\":{\"@type\":\"EntryPoint\",\"urlTemplate\":\"https:\\\/\\\/lamostradevalencia.com\\\/ca\\\/?s={search_term_string}\"},\"query-input\":{\"@type\":\"PropertyValueSpecification\",\"valueRequired\":true,\"valueName\":\"search_term_string\"}}],\"inLanguage\":\"ca\"},{\"@type\":\"Person\",\"@id\":\"https:\\\/\\\/lamostradevalencia.com\\\/ca\\\/#\\\/schema\\\/person\\\/1dc07e4df3d6310b81d2cdf6a034070c\",\"name\":\"Mostra de Val\u00e8ncia\",\"image\":{\"@type\":\"ImageObject\",\"inLanguage\":\"ca\",\"@id\":\"https:\\\/\\\/secure.gravatar.com\\\/avatar\\\/ada4dfd699a9907706987adb1bb2b361c2613ccca474b49b8c648de5208e32f8?s=96&d=mm&r=g\",\"url\":\"https:\\\/\\\/secure.gravatar.com\\\/avatar\\\/ada4dfd699a9907706987adb1bb2b361c2613ccca474b49b8c648de5208e32f8?s=96&d=mm&r=g\",\"contentUrl\":\"https:\\\/\\\/secure.gravatar.com\\\/avatar\\\/ada4dfd699a9907706987adb1bb2b361c2613ccca474b49b8c648de5208e32f8?s=96&d=mm&r=g\",\"caption\":\"Mostra de Val\u00e8ncia\"}}]}<\/script>\n<!-- \/ Yoast SEO plugin. -->","yoast_head_json":{"title":"\u2018That\u2019s It for Today\u2019: cinema feli\u00e7 des de S\u00e8rbia per a estos temps dif\u00edcils - Mostra de Val\u00e8ncia","robots":{"index":"index","follow":"follow","max-snippet":"max-snippet:-1","max-image-preview":"max-image-preview:large","max-video-preview":"max-video-preview:-1"},"canonical":"https:\/\/lamostradevalencia.com\/ca\/thats-it-for-today-cinema-felic-des-de-serbia-per-a-estos-temps-dificils\/","og_locale":"ca_ES","og_type":"article","og_title":"\u2018That\u2019s It for Today\u2019: cinema feli\u00e7 des de S\u00e8rbia per a estos temps dif\u00edcils - Mostra de Val\u00e8ncia","og_description":"Marko Djordjevic competix en la Mostra amb el seu segon llargmetratge, un retrat familiar amb pinzellades de &#8220;feel good movie&#8221; independent\u00a0 A partir d&#8217;un tendre [&hellip;]","og_url":"https:\/\/lamostradevalencia.com\/ca\/thats-it-for-today-cinema-felic-des-de-serbia-per-a-estos-temps-dificils\/","og_site_name":"Mostra de Val\u00e8ncia","article_published_time":"2024-10-25T17:20:19+00:00","article_modified_time":"2024-10-25T17:45:06+00:00","og_image":[{"width":1200,"height":802,"url":"https:\/\/lamostradevalencia.com\/wp-content\/uploads\/2024\/10\/thats-for-today-photocall.jpg","type":"image\/jpeg"}],"author":"Mostra de Val\u00e8ncia","twitter_card":"summary_large_image","twitter_misc":{"Escrit per":"Mostra de Val\u00e8ncia","Temps estimat de lectura":"3 minuts"},"schema":{"@context":"https:\/\/schema.org","@graph":[{"@type":"Article","@id":"https:\/\/lamostradevalencia.com\/ca\/thats-it-for-today-cinema-felic-des-de-serbia-per-a-estos-temps-dificils\/#article","isPartOf":{"@id":"https:\/\/lamostradevalencia.com\/ca\/thats-it-for-today-cinema-felic-des-de-serbia-per-a-estos-temps-dificils\/"},"author":{"name":"Mostra de Val\u00e8ncia","@id":"https:\/\/lamostradevalencia.com\/ca\/#\/schema\/person\/1dc07e4df3d6310b81d2cdf6a034070c"},"headline":"\u2018That\u2019s It for Today\u2019: cinema feli\u00e7 des de S\u00e8rbia per a estos temps dif\u00edcils","datePublished":"2024-10-25T17:20:19+00:00","dateModified":"2024-10-25T17:45:06+00:00","mainEntityOfPage":{"@id":"https:\/\/lamostradevalencia.com\/ca\/thats-it-for-today-cinema-felic-des-de-serbia-per-a-estos-temps-dificils\/"},"wordCount":602,"commentCount":0,"image":{"@id":"https:\/\/lamostradevalencia.com\/ca\/thats-it-for-today-cinema-felic-des-de-serbia-per-a-estos-temps-dificils\/#primaryimage"},"thumbnailUrl":"https:\/\/lamostradevalencia.com\/wp-content\/uploads\/2024\/10\/thats-for-today-photocall.jpg","articleSection":["Noticies","Uncategorized @ca"],"inLanguage":"ca","potentialAction":[{"@type":"CommentAction","name":"Comment","target":["https:\/\/lamostradevalencia.com\/ca\/thats-it-for-today-cinema-felic-des-de-serbia-per-a-estos-temps-dificils\/#respond"]}]},{"@type":"WebPage","@id":"https:\/\/lamostradevalencia.com\/ca\/thats-it-for-today-cinema-felic-des-de-serbia-per-a-estos-temps-dificils\/","url":"https:\/\/lamostradevalencia.com\/ca\/thats-it-for-today-cinema-felic-des-de-serbia-per-a-estos-temps-dificils\/","name":"\u2018That\u2019s It for Today\u2019: cinema feli\u00e7 des de S\u00e8rbia per a estos temps dif\u00edcils - Mostra de Val\u00e8ncia","isPartOf":{"@id":"https:\/\/lamostradevalencia.com\/ca\/#website"},"primaryImageOfPage":{"@id":"https:\/\/lamostradevalencia.com\/ca\/thats-it-for-today-cinema-felic-des-de-serbia-per-a-estos-temps-dificils\/#primaryimage"},"image":{"@id":"https:\/\/lamostradevalencia.com\/ca\/thats-it-for-today-cinema-felic-des-de-serbia-per-a-estos-temps-dificils\/#primaryimage"},"thumbnailUrl":"https:\/\/lamostradevalencia.com\/wp-content\/uploads\/2024\/10\/thats-for-today-photocall.jpg","datePublished":"2024-10-25T17:20:19+00:00","dateModified":"2024-10-25T17:45:06+00:00","author":{"@id":"https:\/\/lamostradevalencia.com\/ca\/#\/schema\/person\/1dc07e4df3d6310b81d2cdf6a034070c"},"breadcrumb":{"@id":"https:\/\/lamostradevalencia.com\/ca\/thats-it-for-today-cinema-felic-des-de-serbia-per-a-estos-temps-dificils\/#breadcrumb"},"inLanguage":"ca","potentialAction":[{"@type":"ReadAction","target":["https:\/\/lamostradevalencia.com\/ca\/thats-it-for-today-cinema-felic-des-de-serbia-per-a-estos-temps-dificils\/"]}]},{"@type":"ImageObject","inLanguage":"ca","@id":"https:\/\/lamostradevalencia.com\/ca\/thats-it-for-today-cinema-felic-des-de-serbia-per-a-estos-temps-dificils\/#primaryimage","url":"https:\/\/lamostradevalencia.com\/wp-content\/uploads\/2024\/10\/thats-for-today-photocall.jpg","contentUrl":"https:\/\/lamostradevalencia.com\/wp-content\/uploads\/2024\/10\/thats-for-today-photocall.jpg","width":1200,"height":802},{"@type":"BreadcrumbList","@id":"https:\/\/lamostradevalencia.com\/ca\/thats-it-for-today-cinema-felic-des-de-serbia-per-a-estos-temps-dificils\/#breadcrumb","itemListElement":[{"@type":"ListItem","position":1,"name":"Portada","item":"https:\/\/lamostradevalencia.com\/ca\/"},{"@type":"ListItem","position":2,"name":"\u2018That\u2019s It for Today\u2019: cinema feli\u00e7 des de S\u00e8rbia per a estos temps dif\u00edcils"}]},{"@type":"WebSite","@id":"https:\/\/lamostradevalencia.com\/ca\/#website","url":"https:\/\/lamostradevalencia.com\/ca\/","name":"Mostra de Val\u00e8ncia","description":"Cinema del Mediterrani","potentialAction":[{"@type":"SearchAction","target":{"@type":"EntryPoint","urlTemplate":"https:\/\/lamostradevalencia.com\/ca\/?s={search_term_string}"},"query-input":{"@type":"PropertyValueSpecification","valueRequired":true,"valueName":"search_term_string"}}],"inLanguage":"ca"},{"@type":"Person","@id":"https:\/\/lamostradevalencia.com\/ca\/#\/schema\/person\/1dc07e4df3d6310b81d2cdf6a034070c","name":"Mostra de Val\u00e8ncia","image":{"@type":"ImageObject","inLanguage":"ca","@id":"https:\/\/secure.gravatar.com\/avatar\/ada4dfd699a9907706987adb1bb2b361c2613ccca474b49b8c648de5208e32f8?s=96&d=mm&r=g","url":"https:\/\/secure.gravatar.com\/avatar\/ada4dfd699a9907706987adb1bb2b361c2613ccca474b49b8c648de5208e32f8?s=96&d=mm&r=g","contentUrl":"https:\/\/secure.gravatar.com\/avatar\/ada4dfd699a9907706987adb1bb2b361c2613ccca474b49b8c648de5208e32f8?s=96&d=mm&r=g","caption":"Mostra de Val\u00e8ncia"}}]}},"uagb_featured_image_src":{"full":["https:\/\/lamostradevalencia.com\/wp-content\/uploads\/2024\/10\/thats-for-today-photocall.jpg",1200,802,false],"thumbnail":["https:\/\/lamostradevalencia.com\/wp-content\/uploads\/2024\/10\/thats-for-today-photocall-150x150.jpg",150,150,true],"medium":["https:\/\/lamostradevalencia.com\/wp-content\/uploads\/2024\/10\/thats-for-today-photocall-300x201.jpg",300,201,true],"medium_large":["https:\/\/lamostradevalencia.com\/wp-content\/uploads\/2024\/10\/thats-for-today-photocall-768x513.jpg",768,513,true],"large":["https:\/\/lamostradevalencia.com\/wp-content\/uploads\/2024\/10\/thats-for-today-photocall-1024x684.jpg",1024,684,true],"1536x1536":["https:\/\/lamostradevalencia.com\/wp-content\/uploads\/2024\/10\/thats-for-today-photocall.jpg",1200,802,false],"2048x2048":["https:\/\/lamostradevalencia.com\/wp-content\/uploads\/2024\/10\/thats-for-today-photocall.jpg",1200,802,false],"cinerama_edge_image_square":["https:\/\/lamostradevalencia.com\/wp-content\/uploads\/2024\/10\/thats-for-today-photocall-550x550.jpg",550,550,true],"cinerama_edge_image_landscape":["https:\/\/lamostradevalencia.com\/wp-content\/uploads\/2024\/10\/thats-for-today-photocall-1100x550.jpg",1100,550,true],"cinerama_edge_image_portrait":["https:\/\/lamostradevalencia.com\/wp-content\/uploads\/2024\/10\/thats-for-today-photocall-550x802.jpg",550,802,true],"cinerama_edge_image_huge":["https:\/\/lamostradevalencia.com\/wp-content\/uploads\/2024\/10\/thats-for-today-photocall-1100x802.jpg",1100,802,true],"gform-image-choice-sm":["https:\/\/lamostradevalencia.com\/wp-content\/uploads\/2024\/10\/thats-for-today-photocall.jpg",300,201,false],"gform-image-choice-md":["https:\/\/lamostradevalencia.com\/wp-content\/uploads\/2024\/10\/thats-for-today-photocall.jpg",400,267,false],"gform-image-choice-lg":["https:\/\/lamostradevalencia.com\/wp-content\/uploads\/2024\/10\/thats-for-today-photocall.jpg",600,401,false]},"uagb_author_info":{"display_name":"Mostra de Val\u00e8ncia","author_link":"https:\/\/lamostradevalencia.com\/ca\/author\/mostravalencia\/"},"uagb_comment_info":0,"uagb_excerpt":"Marko Djordjevic competix en la Mostra amb el seu segon llargmetratge, un retrat familiar amb pinzellades de &#8220;feel good movie&#8221; independent\u00a0 A partir d&#8217;un tendre [&hellip;]","_links":{"self":[{"href":"https:\/\/lamostradevalencia.com\/ca\/wp-json\/wp\/v2\/posts\/26368","targetHints":{"allow":["GET"]}}],"collection":[{"href":"https:\/\/lamostradevalencia.com\/ca\/wp-json\/wp\/v2\/posts"}],"about":[{"href":"https:\/\/lamostradevalencia.com\/ca\/wp-json\/wp\/v2\/types\/post"}],"author":[{"embeddable":true,"href":"https:\/\/lamostradevalencia.com\/ca\/wp-json\/wp\/v2\/users\/1"}],"replies":[{"embeddable":true,"href":"https:\/\/lamostradevalencia.com\/ca\/wp-json\/wp\/v2\/comments?post=26368"}],"version-history":[{"count":1,"href":"https:\/\/lamostradevalencia.com\/ca\/wp-json\/wp\/v2\/posts\/26368\/revisions"}],"predecessor-version":[{"id":26369,"href":"https:\/\/lamostradevalencia.com\/ca\/wp-json\/wp\/v2\/posts\/26368\/revisions\/26369"}],"wp:featuredmedia":[{"embeddable":true,"href":"https:\/\/lamostradevalencia.com\/ca\/wp-json\/wp\/v2\/media\/26356"}],"wp:attachment":[{"href":"https:\/\/lamostradevalencia.com\/ca\/wp-json\/wp\/v2\/media?parent=26368"}],"wp:term":[{"taxonomy":"category","embeddable":true,"href":"https:\/\/lamostradevalencia.com\/ca\/wp-json\/wp\/v2\/categories?post=26368"},{"taxonomy":"post_tag","embeddable":true,"href":"https:\/\/lamostradevalencia.com\/ca\/wp-json\/wp\/v2\/tags?post=26368"}],"curies":[{"name":"wp","href":"https:\/\/api.w.org\/{rel}","templated":true}]}}