{"id":2636,"date":"2018-11-02T13:07:48","date_gmt":"2018-11-02T11:07:48","guid":{"rendered":"https:\/\/lamostradevalencia.com\/el-film-de-banu-sivaci-salca-amb-cinc-premis\/"},"modified":"2018-11-02T13:07:48","modified_gmt":"2018-11-02T11:07:48","slug":"el-film-de-banu-sivaci-salca-amb-cinc-premis","status":"publish","type":"post","link":"https:\/\/lamostradevalencia.com\/ca\/el-film-de-banu-sivaci-salca-amb-cinc-premis\/","title":{"rendered":"El film de Banu Sivaci s&#8217;al\u00e7a amb cinc premis"},"content":{"rendered":"<h4>La pel\u00b7l\u00edcula turca &#8216;The Pigeon&#8217;, Palmera d&#8217;Or de la 33a Mostra de Val\u00e8ncia<\/h4>\n<p>La 33a edici\u00f3 de Mostra de Val\u00e8ncia\u2013Cinema del Mediterrani arriba a la seua fi. Un festival que ha tornat, despr\u00e9s de sis anys d&#8217;abs\u00e8ncia, per a ampliar l&#8217;imaginari del cinema de la conca del mediterrani al nostre pa\u00eds. Torna convertit en tot un nou referent per als amants del cinema tant emergent com llegendari, amb una proposta audiovisual cuidada i din\u00e0mica aix\u00ed com un espai de reflexi\u00f3 per a repensar el Mediterrani. I amb una proposta tan ferma com la que es vol apuntalar de nou en cada edici\u00f3.<\/p>\n<p>La pel\u00b7l\u00edcula &#8216;The Pigeon&#8217; de la directora turca Banu Sivaci, s&#8217;ha al\u00e7at amb la Palmera d&#8217;Or, premi dotat amb 25.000\u20ac. Una pel\u00b7l\u00edcula delicada i sensible sobre un jove que existeix en els l\u00edmits de la societat i aconsegueix trobar una for\u00e7a interior per a enfrontar-se als qui ho amenacen. &#8216;The Pigeon&#8217;, que es va estrenar en el Festival Internacional de Cinema de Berl\u00edn al febrer, retrata la vida en els marges i apunta el nom de Sivaci com una directora a seguir.<\/p>\n<p>El jurat, presidit per la productora, directora i actriu libanesa Rana Salem, ha considerat que &#8216;The Pigeon&#8217; mereix la Palmera d&#8217;Or &#8220;per la seua capacitat per a extraure poesia visual i sonora d&#8217;un entorn hostil on el personatge principal ha de lluitar per a tractar de ser ell mateix i preservar la seua llibertat individual&#8221;.<\/p>\n<p>&#8216;The Pigeon&#8217;, a m\u00e9s, ha aconseguit al\u00e7ar-se amb els premis a Millor Actor per al protagonista de la pel\u00b7l\u00edcula Kemal Burak Alper; Millor Gui\u00f3, escrit per la pr\u00f2pia directora Banu Sivaci; Millor Fotografia, de Arda Yildrian, i Millor Banda Sonora, composta per l&#8217;artista sonora Canset \u00d6zge Ca.<\/p>\n<p>La Palmera de Plata ha sigut per a la primera coproducci\u00f3 maced\u00f2nica-grega &#8220;Secret Ingredient&#8221; del director Gjorce Stavreski, guanyador a m\u00e9s del premi a Millor Direcci\u00f3. En opini\u00f3 del jurat &#8220;per l&#8217;originalitat del tema abordat i l&#8217;habilitat per a trobar els millors ingredients per a mostrar la realitat de la malaltia amb sentit de l&#8217;humor combinant com\u00e8dia i drama&#8221;. Els poders medicinals de la marihuana no s\u00f3n (per a res) un secret i Gjorce Stavreski els posa sobre el tapet en aquesta curiosa tragicom\u00e8dia.<\/p>\n<p>La Palmera de Bronze \u00e9s per a &#8216;Paper flags&#8217;, la pel\u00b7l\u00edcula del director franc\u00e9s Nathan Ambrosioni. El jove director, t\u00e9 19 anys, arriba a Mostra de Val\u00e8ncia demostrant un s\u00f2lid domini narratiu en aquest relat sobre la complicada trobada entre un germ\u00e0 i una germana, marcat per la dificultat de la reinserci\u00f3 despr\u00e9s d&#8217;una llarga estada a la pres\u00f3. Aquesta pel\u00b7l\u00edcula, a m\u00e9s, ha aconseguit el premi a Millor Actriu per a la jove parisenca No\u00e9mie Merlant.<\/p>\n<p>Per al jurat de Mostra de Val\u00e8ncia, &#8216;Paper flags&#8217; \u00e9s mereixedora d&#8217;aquesta Palmera de Bronze per &#8220;la seua capacitat per a transmetre emocions a trav\u00e9s de recursos que combinen tensi\u00f3 i tendresa, mitjan\u00e7ant uns personatges capa\u00e7os d&#8217;encarnar la seua relaci\u00f3 d&#8217;ambig\u00fcitat, i per la seua generosa manera de dirigir&#8221;.<\/p>\n<p>En virtut del Conveni de col\u00b7laboraci\u00f3 entre \u00c0 Punt i Mostra de Val\u00e8ncia es concedeix el premi \u00c0 Punt, a &#8220;la pel\u00b7l\u00edcula de la Secci\u00f3 Oficial que millor assumisca el comprom\u00eds per a avan\u00e7ar en la igualtat entre homes i dones&#8221;. La triada ha sigut &#8216;Nome di donna&#8217;, del director Marco Tullio Giordana, a partir d&#8217;un gui\u00f3 de Cristiana Mainardi.<\/p>\n<p>Aquesta pel\u00b7l\u00edcula italiana tracta la tem\u00e0tica de l&#8217;assetjament laboral i sexual des de la perspectiva de la dona. Plantejada des d&#8217;una \u00f2ptica feminista, &#8216;*Nome di donna&#8217; incideix en la necessitat de l&#8217;apoderament de les v\u00edctimes per a exercir el dret en la just\u00edcia i el fa extensiu a la resta del seu entorn, familiar, laboral i social. \u00c9s una aposta decidida per a trencar el silenci que envolta molts casos d&#8217;assetjament cimentats en el silenci i la conniv\u00e8ncia. Aquest premi porta impl\u00edcita l&#8217;adquisici\u00f3 dels drets d&#8217;emissi\u00f3 per part d&#8217;\u00c0 Punt M\u00e8dia.<\/p>\n<p>Els Premis del Palmar\u00e9s s&#8217;entregaran en la clausura d&#8217;aquesta edici\u00f3 de Mostra de Val\u00e8ncia\u2013Cinema del Mediterrani, hui 26 d&#8217;octubre a les 20h en el Palau de la M\u00fasica. Les pel\u00b7l\u00edcules guanyadores es podran veure aquest cap de setmana als Cines Babel.<\/p>\n","protected":false},"excerpt":{"rendered":"<p>La pel\u00b7l\u00edcula turca &#8216;The Pigeon&#8217;, Palmera d&#8217;Or de la 33a Mostra de Val\u00e8ncia La 33a edici\u00f3 de Mostra de Val\u00e8ncia\u2013Cinema del Mediterrani arriba a la [&hellip;]<\/p>\n","protected":false},"author":1,"featured_media":2580,"comment_status":"open","ping_status":"open","sticky":false,"template":"","format":"standard","meta":{"_uag_custom_page_level_css":"","_jet_sm_ready_style":"","_jet_sm_style":"","_jet_sm_controls_values":"","_jet_sm_fonts_collection":"","_jet_sm_fonts_links":"","footnotes":""},"categories":[459],"tags":[],"class_list":["post-2636","post","type-post","status-publish","format-standard","has-post-thumbnail","hentry","category-palmares-ca"],"yoast_head":"<!-- This site is optimized with the Yoast SEO plugin v27.5 - https:\/\/yoast.com\/product\/yoast-seo-wordpress\/ -->\n<title>El film de Banu Sivaci s&#039;al\u00e7a amb cinc premis - Mostra de Val\u00e8ncia<\/title>\n<meta name=\"robots\" content=\"index, follow, max-snippet:-1, max-image-preview:large, max-video-preview:-1\" \/>\n<link rel=\"canonical\" href=\"https:\/\/lamostradevalencia.com\/ca\/el-film-de-banu-sivaci-salca-amb-cinc-premis\/\" \/>\n<meta property=\"og:locale\" content=\"ca_ES\" \/>\n<meta property=\"og:type\" content=\"article\" \/>\n<meta property=\"og:title\" content=\"El film de Banu Sivaci s&#039;al\u00e7a amb cinc premis - Mostra de Val\u00e8ncia\" \/>\n<meta property=\"og:description\" content=\"La pel\u00b7l\u00edcula turca &#8216;The Pigeon&#8217;, Palmera d&#8217;Or de la 33a Mostra de Val\u00e8ncia La 33a edici\u00f3 de Mostra de Val\u00e8ncia\u2013Cinema del Mediterrani arriba a la [&hellip;]\" \/>\n<meta property=\"og:url\" content=\"https:\/\/lamostradevalencia.com\/ca\/el-film-de-banu-sivaci-salca-amb-cinc-premis\/\" \/>\n<meta property=\"og:site_name\" content=\"Mostra de Val\u00e8ncia\" \/>\n<meta property=\"article:published_time\" content=\"2018-11-02T11:07:48+00:00\" \/>\n<meta property=\"og:image\" content=\"https:\/\/lamostradevalencia.com\/wp-content\/uploads\/2019\/01\/Mostra-Vale\u0300ncia_Gala-clausura_2018_73-1-min.jpg\" \/>\n\t<meta property=\"og:image:width\" content=\"1280\" \/>\n\t<meta property=\"og:image:height\" content=\"720\" \/>\n\t<meta property=\"og:image:type\" content=\"image\/jpeg\" \/>\n<meta name=\"author\" content=\"Mostra de Val\u00e8ncia\" \/>\n<meta name=\"twitter:card\" content=\"summary_large_image\" \/>\n<meta name=\"twitter:label1\" content=\"Escrit per\" \/>\n\t<meta name=\"twitter:data1\" content=\"Mostra de Val\u00e8ncia\" \/>\n\t<meta name=\"twitter:label2\" content=\"Temps estimat de lectura\" \/>\n\t<meta name=\"twitter:data2\" content=\"4 minuts\" \/>\n<script type=\"application\/ld+json\" class=\"yoast-schema-graph\">{\"@context\":\"https:\\\/\\\/schema.org\",\"@graph\":[{\"@type\":\"Article\",\"@id\":\"https:\\\/\\\/lamostradevalencia.com\\\/ca\\\/el-film-de-banu-sivaci-salca-amb-cinc-premis\\\/#article\",\"isPartOf\":{\"@id\":\"https:\\\/\\\/lamostradevalencia.com\\\/ca\\\/el-film-de-banu-sivaci-salca-amb-cinc-premis\\\/\"},\"author\":{\"name\":\"Mostra de Val\u00e8ncia\",\"@id\":\"https:\\\/\\\/lamostradevalencia.com\\\/ca\\\/#\\\/schema\\\/person\\\/1dc07e4df3d6310b81d2cdf6a034070c\"},\"headline\":\"El film de Banu Sivaci s&#8217;al\u00e7a amb cinc premis\",\"datePublished\":\"2018-11-02T11:07:48+00:00\",\"mainEntityOfPage\":{\"@id\":\"https:\\\/\\\/lamostradevalencia.com\\\/ca\\\/el-film-de-banu-sivaci-salca-amb-cinc-premis\\\/\"},\"wordCount\":781,\"commentCount\":0,\"image\":{\"@id\":\"https:\\\/\\\/lamostradevalencia.com\\\/ca\\\/el-film-de-banu-sivaci-salca-amb-cinc-premis\\\/#primaryimage\"},\"thumbnailUrl\":\"https:\\\/\\\/lamostradevalencia.com\\\/wp-content\\\/uploads\\\/2019\\\/01\\\/Mostra-Vale\u0300ncia_Gala-clausura_2018_73-1-min.jpg\",\"articleSection\":[\"Palmar\u00e9s\"],\"inLanguage\":\"ca\",\"potentialAction\":[{\"@type\":\"CommentAction\",\"name\":\"Comment\",\"target\":[\"https:\\\/\\\/lamostradevalencia.com\\\/ca\\\/el-film-de-banu-sivaci-salca-amb-cinc-premis\\\/#respond\"]}]},{\"@type\":\"WebPage\",\"@id\":\"https:\\\/\\\/lamostradevalencia.com\\\/ca\\\/el-film-de-banu-sivaci-salca-amb-cinc-premis\\\/\",\"url\":\"https:\\\/\\\/lamostradevalencia.com\\\/ca\\\/el-film-de-banu-sivaci-salca-amb-cinc-premis\\\/\",\"name\":\"El film de Banu Sivaci s'al\u00e7a amb cinc premis - Mostra de Val\u00e8ncia\",\"isPartOf\":{\"@id\":\"https:\\\/\\\/lamostradevalencia.com\\\/ca\\\/#website\"},\"primaryImageOfPage\":{\"@id\":\"https:\\\/\\\/lamostradevalencia.com\\\/ca\\\/el-film-de-banu-sivaci-salca-amb-cinc-premis\\\/#primaryimage\"},\"image\":{\"@id\":\"https:\\\/\\\/lamostradevalencia.com\\\/ca\\\/el-film-de-banu-sivaci-salca-amb-cinc-premis\\\/#primaryimage\"},\"thumbnailUrl\":\"https:\\\/\\\/lamostradevalencia.com\\\/wp-content\\\/uploads\\\/2019\\\/01\\\/Mostra-Vale\u0300ncia_Gala-clausura_2018_73-1-min.jpg\",\"datePublished\":\"2018-11-02T11:07:48+00:00\",\"author\":{\"@id\":\"https:\\\/\\\/lamostradevalencia.com\\\/ca\\\/#\\\/schema\\\/person\\\/1dc07e4df3d6310b81d2cdf6a034070c\"},\"breadcrumb\":{\"@id\":\"https:\\\/\\\/lamostradevalencia.com\\\/ca\\\/el-film-de-banu-sivaci-salca-amb-cinc-premis\\\/#breadcrumb\"},\"inLanguage\":\"ca\",\"potentialAction\":[{\"@type\":\"ReadAction\",\"target\":[\"https:\\\/\\\/lamostradevalencia.com\\\/ca\\\/el-film-de-banu-sivaci-salca-amb-cinc-premis\\\/\"]}]},{\"@type\":\"ImageObject\",\"inLanguage\":\"ca\",\"@id\":\"https:\\\/\\\/lamostradevalencia.com\\\/ca\\\/el-film-de-banu-sivaci-salca-amb-cinc-premis\\\/#primaryimage\",\"url\":\"https:\\\/\\\/lamostradevalencia.com\\\/wp-content\\\/uploads\\\/2019\\\/01\\\/Mostra-Vale\u0300ncia_Gala-clausura_2018_73-1-min.jpg\",\"contentUrl\":\"https:\\\/\\\/lamostradevalencia.com\\\/wp-content\\\/uploads\\\/2019\\\/01\\\/Mostra-Vale\u0300ncia_Gala-clausura_2018_73-1-min.jpg\",\"width\":1280,\"height\":720},{\"@type\":\"BreadcrumbList\",\"@id\":\"https:\\\/\\\/lamostradevalencia.com\\\/ca\\\/el-film-de-banu-sivaci-salca-amb-cinc-premis\\\/#breadcrumb\",\"itemListElement\":[{\"@type\":\"ListItem\",\"position\":1,\"name\":\"Portada\",\"item\":\"https:\\\/\\\/lamostradevalencia.com\\\/ca\\\/\"},{\"@type\":\"ListItem\",\"position\":2,\"name\":\"El film de Banu Sivaci s&#8217;al\u00e7a amb cinc premis\"}]},{\"@type\":\"WebSite\",\"@id\":\"https:\\\/\\\/lamostradevalencia.com\\\/ca\\\/#website\",\"url\":\"https:\\\/\\\/lamostradevalencia.com\\\/ca\\\/\",\"name\":\"Mostra de Val\u00e8ncia\",\"description\":\"Cinema del Mediterrani\",\"potentialAction\":[{\"@type\":\"SearchAction\",\"target\":{\"@type\":\"EntryPoint\",\"urlTemplate\":\"https:\\\/\\\/lamostradevalencia.com\\\/ca\\\/?s={search_term_string}\"},\"query-input\":{\"@type\":\"PropertyValueSpecification\",\"valueRequired\":true,\"valueName\":\"search_term_string\"}}],\"inLanguage\":\"ca\"},{\"@type\":\"Person\",\"@id\":\"https:\\\/\\\/lamostradevalencia.com\\\/ca\\\/#\\\/schema\\\/person\\\/1dc07e4df3d6310b81d2cdf6a034070c\",\"name\":\"Mostra de Val\u00e8ncia\",\"image\":{\"@type\":\"ImageObject\",\"inLanguage\":\"ca\",\"@id\":\"https:\\\/\\\/secure.gravatar.com\\\/avatar\\\/ada4dfd699a9907706987adb1bb2b361c2613ccca474b49b8c648de5208e32f8?s=96&d=mm&r=g\",\"url\":\"https:\\\/\\\/secure.gravatar.com\\\/avatar\\\/ada4dfd699a9907706987adb1bb2b361c2613ccca474b49b8c648de5208e32f8?s=96&d=mm&r=g\",\"contentUrl\":\"https:\\\/\\\/secure.gravatar.com\\\/avatar\\\/ada4dfd699a9907706987adb1bb2b361c2613ccca474b49b8c648de5208e32f8?s=96&d=mm&r=g\",\"caption\":\"Mostra de Val\u00e8ncia\"}}]}<\/script>\n<!-- \/ Yoast SEO plugin. -->","yoast_head_json":{"title":"El film de Banu Sivaci s'al\u00e7a amb cinc premis - Mostra de Val\u00e8ncia","robots":{"index":"index","follow":"follow","max-snippet":"max-snippet:-1","max-image-preview":"max-image-preview:large","max-video-preview":"max-video-preview:-1"},"canonical":"https:\/\/lamostradevalencia.com\/ca\/el-film-de-banu-sivaci-salca-amb-cinc-premis\/","og_locale":"ca_ES","og_type":"article","og_title":"El film de Banu Sivaci s'al\u00e7a amb cinc premis - Mostra de Val\u00e8ncia","og_description":"La pel\u00b7l\u00edcula turca &#8216;The Pigeon&#8217;, Palmera d&#8217;Or de la 33a Mostra de Val\u00e8ncia La 33a edici\u00f3 de Mostra de Val\u00e8ncia\u2013Cinema del Mediterrani arriba a la [&hellip;]","og_url":"https:\/\/lamostradevalencia.com\/ca\/el-film-de-banu-sivaci-salca-amb-cinc-premis\/","og_site_name":"Mostra de Val\u00e8ncia","article_published_time":"2018-11-02T11:07:48+00:00","og_image":[{"width":1280,"height":720,"url":"https:\/\/lamostradevalencia.com\/wp-content\/uploads\/2019\/01\/Mostra-Vale\u0300ncia_Gala-clausura_2018_73-1-min.jpg","type":"image\/jpeg"}],"author":"Mostra de Val\u00e8ncia","twitter_card":"summary_large_image","twitter_misc":{"Escrit per":"Mostra de Val\u00e8ncia","Temps estimat de lectura":"4 minuts"},"schema":{"@context":"https:\/\/schema.org","@graph":[{"@type":"Article","@id":"https:\/\/lamostradevalencia.com\/ca\/el-film-de-banu-sivaci-salca-amb-cinc-premis\/#article","isPartOf":{"@id":"https:\/\/lamostradevalencia.com\/ca\/el-film-de-banu-sivaci-salca-amb-cinc-premis\/"},"author":{"name":"Mostra de Val\u00e8ncia","@id":"https:\/\/lamostradevalencia.com\/ca\/#\/schema\/person\/1dc07e4df3d6310b81d2cdf6a034070c"},"headline":"El film de Banu Sivaci s&#8217;al\u00e7a amb cinc premis","datePublished":"2018-11-02T11:07:48+00:00","mainEntityOfPage":{"@id":"https:\/\/lamostradevalencia.com\/ca\/el-film-de-banu-sivaci-salca-amb-cinc-premis\/"},"wordCount":781,"commentCount":0,"image":{"@id":"https:\/\/lamostradevalencia.com\/ca\/el-film-de-banu-sivaci-salca-amb-cinc-premis\/#primaryimage"},"thumbnailUrl":"https:\/\/lamostradevalencia.com\/wp-content\/uploads\/2019\/01\/Mostra-Vale\u0300ncia_Gala-clausura_2018_73-1-min.jpg","articleSection":["Palmar\u00e9s"],"inLanguage":"ca","potentialAction":[{"@type":"CommentAction","name":"Comment","target":["https:\/\/lamostradevalencia.com\/ca\/el-film-de-banu-sivaci-salca-amb-cinc-premis\/#respond"]}]},{"@type":"WebPage","@id":"https:\/\/lamostradevalencia.com\/ca\/el-film-de-banu-sivaci-salca-amb-cinc-premis\/","url":"https:\/\/lamostradevalencia.com\/ca\/el-film-de-banu-sivaci-salca-amb-cinc-premis\/","name":"El film de Banu Sivaci s'al\u00e7a amb cinc premis - Mostra de Val\u00e8ncia","isPartOf":{"@id":"https:\/\/lamostradevalencia.com\/ca\/#website"},"primaryImageOfPage":{"@id":"https:\/\/lamostradevalencia.com\/ca\/el-film-de-banu-sivaci-salca-amb-cinc-premis\/#primaryimage"},"image":{"@id":"https:\/\/lamostradevalencia.com\/ca\/el-film-de-banu-sivaci-salca-amb-cinc-premis\/#primaryimage"},"thumbnailUrl":"https:\/\/lamostradevalencia.com\/wp-content\/uploads\/2019\/01\/Mostra-Vale\u0300ncia_Gala-clausura_2018_73-1-min.jpg","datePublished":"2018-11-02T11:07:48+00:00","author":{"@id":"https:\/\/lamostradevalencia.com\/ca\/#\/schema\/person\/1dc07e4df3d6310b81d2cdf6a034070c"},"breadcrumb":{"@id":"https:\/\/lamostradevalencia.com\/ca\/el-film-de-banu-sivaci-salca-amb-cinc-premis\/#breadcrumb"},"inLanguage":"ca","potentialAction":[{"@type":"ReadAction","target":["https:\/\/lamostradevalencia.com\/ca\/el-film-de-banu-sivaci-salca-amb-cinc-premis\/"]}]},{"@type":"ImageObject","inLanguage":"ca","@id":"https:\/\/lamostradevalencia.com\/ca\/el-film-de-banu-sivaci-salca-amb-cinc-premis\/#primaryimage","url":"https:\/\/lamostradevalencia.com\/wp-content\/uploads\/2019\/01\/Mostra-Vale\u0300ncia_Gala-clausura_2018_73-1-min.jpg","contentUrl":"https:\/\/lamostradevalencia.com\/wp-content\/uploads\/2019\/01\/Mostra-Vale\u0300ncia_Gala-clausura_2018_73-1-min.jpg","width":1280,"height":720},{"@type":"BreadcrumbList","@id":"https:\/\/lamostradevalencia.com\/ca\/el-film-de-banu-sivaci-salca-amb-cinc-premis\/#breadcrumb","itemListElement":[{"@type":"ListItem","position":1,"name":"Portada","item":"https:\/\/lamostradevalencia.com\/ca\/"},{"@type":"ListItem","position":2,"name":"El film de Banu Sivaci s&#8217;al\u00e7a amb cinc premis"}]},{"@type":"WebSite","@id":"https:\/\/lamostradevalencia.com\/ca\/#website","url":"https:\/\/lamostradevalencia.com\/ca\/","name":"Mostra de Val\u00e8ncia","description":"Cinema del Mediterrani","potentialAction":[{"@type":"SearchAction","target":{"@type":"EntryPoint","urlTemplate":"https:\/\/lamostradevalencia.com\/ca\/?s={search_term_string}"},"query-input":{"@type":"PropertyValueSpecification","valueRequired":true,"valueName":"search_term_string"}}],"inLanguage":"ca"},{"@type":"Person","@id":"https:\/\/lamostradevalencia.com\/ca\/#\/schema\/person\/1dc07e4df3d6310b81d2cdf6a034070c","name":"Mostra de Val\u00e8ncia","image":{"@type":"ImageObject","inLanguage":"ca","@id":"https:\/\/secure.gravatar.com\/avatar\/ada4dfd699a9907706987adb1bb2b361c2613ccca474b49b8c648de5208e32f8?s=96&d=mm&r=g","url":"https:\/\/secure.gravatar.com\/avatar\/ada4dfd699a9907706987adb1bb2b361c2613ccca474b49b8c648de5208e32f8?s=96&d=mm&r=g","contentUrl":"https:\/\/secure.gravatar.com\/avatar\/ada4dfd699a9907706987adb1bb2b361c2613ccca474b49b8c648de5208e32f8?s=96&d=mm&r=g","caption":"Mostra de Val\u00e8ncia"}}]}},"uagb_featured_image_src":{"full":["https:\/\/lamostradevalencia.com\/wp-content\/uploads\/2019\/01\/Mostra-Vale\u0300ncia_Gala-clausura_2018_73-1-min.jpg",1280,720,false],"thumbnail":["https:\/\/lamostradevalencia.com\/wp-content\/uploads\/2019\/01\/Mostra-Vale\u0300ncia_Gala-clausura_2018_73-1-min-150x150.jpg",150,150,true],"medium":["https:\/\/lamostradevalencia.com\/wp-content\/uploads\/2019\/01\/Mostra-Vale\u0300ncia_Gala-clausura_2018_73-1-min-300x169.jpg",300,169,true],"medium_large":["https:\/\/lamostradevalencia.com\/wp-content\/uploads\/2019\/01\/Mostra-Vale\u0300ncia_Gala-clausura_2018_73-1-min-768x432.jpg",768,432,true],"large":["https:\/\/lamostradevalencia.com\/wp-content\/uploads\/2019\/01\/Mostra-Vale\u0300ncia_Gala-clausura_2018_73-1-min-1024x576.jpg",1024,576,true],"1536x1536":["https:\/\/lamostradevalencia.com\/wp-content\/uploads\/2019\/01\/Mostra-Vale\u0300ncia_Gala-clausura_2018_73-1-min.jpg",1280,720,false],"2048x2048":["https:\/\/lamostradevalencia.com\/wp-content\/uploads\/2019\/01\/Mostra-Vale\u0300ncia_Gala-clausura_2018_73-1-min.jpg",1280,720,false],"cinerama_edge_image_square":["https:\/\/lamostradevalencia.com\/wp-content\/uploads\/2019\/01\/Mostra-Vale\u0300ncia_Gala-clausura_2018_73-1-min-550x550.jpg",550,550,true],"cinerama_edge_image_landscape":["https:\/\/lamostradevalencia.com\/wp-content\/uploads\/2019\/01\/Mostra-Vale\u0300ncia_Gala-clausura_2018_73-1-min-1100x550.jpg",1100,550,true],"cinerama_edge_image_portrait":["https:\/\/lamostradevalencia.com\/wp-content\/uploads\/2019\/01\/Mostra-Vale\u0300ncia_Gala-clausura_2018_73-1-min-550x720.jpg",550,720,true],"cinerama_edge_image_huge":["https:\/\/lamostradevalencia.com\/wp-content\/uploads\/2019\/01\/Mostra-Vale\u0300ncia_Gala-clausura_2018_73-1-min-1100x720.jpg",1100,720,true],"gform-image-choice-sm":["https:\/\/lamostradevalencia.com\/wp-content\/uploads\/2019\/01\/Mostra-Vale\u0300ncia_Gala-clausura_2018_73-1-min.jpg",300,169,false],"gform-image-choice-md":["https:\/\/lamostradevalencia.com\/wp-content\/uploads\/2019\/01\/Mostra-Vale\u0300ncia_Gala-clausura_2018_73-1-min.jpg",400,225,false],"gform-image-choice-lg":["https:\/\/lamostradevalencia.com\/wp-content\/uploads\/2019\/01\/Mostra-Vale\u0300ncia_Gala-clausura_2018_73-1-min.jpg",600,338,false]},"uagb_author_info":{"display_name":"Mostra de Val\u00e8ncia","author_link":"https:\/\/lamostradevalencia.com\/ca\/author\/mostravalencia\/"},"uagb_comment_info":0,"uagb_excerpt":"La pel\u00b7l\u00edcula turca &#8216;The Pigeon&#8217;, Palmera d&#8217;Or de la 33a Mostra de Val\u00e8ncia La 33a edici\u00f3 de Mostra de Val\u00e8ncia\u2013Cinema del Mediterrani arriba a la [&hellip;]","_links":{"self":[{"href":"https:\/\/lamostradevalencia.com\/ca\/wp-json\/wp\/v2\/posts\/2636","targetHints":{"allow":["GET"]}}],"collection":[{"href":"https:\/\/lamostradevalencia.com\/ca\/wp-json\/wp\/v2\/posts"}],"about":[{"href":"https:\/\/lamostradevalencia.com\/ca\/wp-json\/wp\/v2\/types\/post"}],"author":[{"embeddable":true,"href":"https:\/\/lamostradevalencia.com\/ca\/wp-json\/wp\/v2\/users\/1"}],"replies":[{"embeddable":true,"href":"https:\/\/lamostradevalencia.com\/ca\/wp-json\/wp\/v2\/comments?post=2636"}],"version-history":[{"count":0,"href":"https:\/\/lamostradevalencia.com\/ca\/wp-json\/wp\/v2\/posts\/2636\/revisions"}],"wp:featuredmedia":[{"embeddable":true,"href":"https:\/\/lamostradevalencia.com\/ca\/wp-json\/wp\/v2\/media\/2580"}],"wp:attachment":[{"href":"https:\/\/lamostradevalencia.com\/ca\/wp-json\/wp\/v2\/media?parent=2636"}],"wp:term":[{"taxonomy":"category","embeddable":true,"href":"https:\/\/lamostradevalencia.com\/ca\/wp-json\/wp\/v2\/categories?post=2636"},{"taxonomy":"post_tag","embeddable":true,"href":"https:\/\/lamostradevalencia.com\/ca\/wp-json\/wp\/v2\/tags?post=2636"}],"curies":[{"name":"wp","href":"https:\/\/api.w.org\/{rel}","templated":true}]}}