{"id":26337,"date":"2024-10-25T14:34:07","date_gmt":"2024-10-25T12:34:07","guid":{"rendered":"https:\/\/lamostradevalencia.com\/?p=26337"},"modified":"2024-10-25T14:34:07","modified_gmt":"2024-10-25T12:34:07","slug":"giordana-i-bellocchio-aborden-la-depressio-postpart-i-una-complexa-relacio-familiar-en-the-life-after","status":"publish","type":"post","link":"https:\/\/lamostradevalencia.com\/ca\/giordana-i-bellocchio-aborden-la-depressio-postpart-i-una-complexa-relacio-familiar-en-the-life-after\/","title":{"rendered":"Giordana i Bellocchio aborden la depressi\u00f3 postpart i una complexa relaci\u00f3 familiar en \u2018The Life After\u2019"},"content":{"rendered":"<h5><i><span style=\"font-weight: 400;\">El director itali\u00e0 competix en la Mostra amb este drama protagonitzat per Valentina Bell\u00e8 i Sonia Bergamasco<\/span><\/i><\/h5>\n<p>Despr\u00e9s de la seua destacada participaci\u00f3 en la Secci\u00f3 Oficial de La Mostra en 2018 amb \u2018Nome di donna\u2019 \u2014on va rebre el Premi \u00c0 Punt pel seu comprom\u00eds amb la igualtat de g\u00e8nere\u2014, el c\u00e8lebre director itali\u00e0 Marco Tullio Giordana ha tornat hui al festival amb la seua nova obra, \u2018The Life Apart\u2019. El llargmetratge narra la lluita d&#8217;una jove que, marcada per un rebuig social a causa d&#8217;una marca de naixement en el seu rostre, troba la seua veu i redempci\u00f3 en el m\u00f3n a trav\u00e9s de la m\u00fasica.<\/p>\n<p>Coescrita al costat del veter\u00e0 cineasta Marco Bellocchio, la pel\u00b7l\u00edcula arriba a Val\u00e8ncia despr\u00e9s de la seua aclamada estrena mundial en la Piazza Grande de Locarno.<strong> La cinta aborda temes com els preju\u00eds, les dificultats familiars i la busca de la identitat, elements redimits pel talent musical de la seua protagonista, qui creix a la ciutat italiana de Vicenza, enfrontant les complexitats d&#8217;una mare mentalment inestable i un entorn que no sempre la compr\u00e9n.<\/strong><\/p>\n<p>Giordana ha revelat este mat\u00ed que va ser Marco Bellocchio qui ho va convidar a sumar-se al projecte: &#8220;Quan Marco em va demanar que llegira el gui\u00f3, em vaig enamorar de la hist\u00f2ria. Vaig reescriure el gui\u00f3 per a fer-la meua, una cosa amb la qual em sentira c\u00f2mode, com un jupet\u00ed salvavides&#8221;. Va assegurar que en la trama poden endevinar-se algunes de les tem\u00e0tiques del cineasta com el su\u00efcidi, tindre un bess\u00f3, la complexitat de les relacions familiars\u2026 Bellocchio no sols va coescriure la hist\u00f2ria, sin\u00f3 que tamb\u00e9 la va produir al costat de Simone Gattoni a trav\u00e9s de Kavac Film, en col\u00b7laboraci\u00f3 amb Rai Cinema i la Comissi\u00f3 Cinematogr\u00e0fica del V\u00e8neto.<\/p>\n<p>Inspirada en la novel\u00b7la hom\u00f2nima de Mariapia Veladiano, \u2018The Life Apart\u2019 seguix la vida de Rebecca des del seu naixement en els anys 80 fins a la seua entrada en l&#8217;adultesa. Malgrat l&#8217;adversitat, la jove descobrix en la m\u00fasica una forma de resist\u00e8ncia i expressi\u00f3, convertint-se en una virtuosa del piano que desafia les expectatives d&#8217;una societat marcada pels preju\u00eds. El text original estava situat en l&#8217;\u00e8poca dels 60 i els 70, per\u00f2 el director va haver de traslladar-lo perqu\u00e8 no funcionava:<strong> \u201cAbans, la s\u00edndrome postpart no estava reconegut com una patologia, es creia que era una incapacitat d&#8217;algunes dones per a gestionar un esdeveniment tan important en la seua vida. Hui se sap que cal encarar-ho m\u00e8dicament i tamb\u00e9 que existix una depressi\u00f3 prepart que afecta, sobretot, als homes\u201d, assegura el director.\u00a0<\/strong><\/p>\n<p>La pel\u00b7l\u00edcula, dividida en diversos cap\u00edtols, entrella\u00e7a el melodrama dom\u00e8stic i el realisme m\u00e0gic, destacant tant la bellesa de la m\u00fasica com les tensions familiars i socials que l&#8217;envolten. Amb una exquisida fotografia Giordana entrella\u00e7a la m\u00fasica amb el desenvolupament emocional dels personatges, generant una obra profunda que reflexiona sobre l&#8217;art i el seu poder transformador. Per aix\u00f2 la m\u00fasica del film, composta per Dario Marianelli, resulta fonamental, segons comenta Giordana: \u201c\u00c9s tan important en esta pel\u00b7l\u00edcula que vaig triar a les actrius perqu\u00e8 eren pianistes de veritat\u201d. Interpreten a Beethoven, Rachmaninov\u2026 i l&#8217;autor s&#8217;inspira en Bach, encara que el porta, a estones, a terrenys absolutament atonals.<\/p>\n<p><strong>Marco Tullio Giordana \u00e9s conegut per la seua capacitat per a combinar el personal amb l&#8217;hist\u00f2ric en les seues obres. Al llarg de la seua carrera, ha explorat les complexitats de la condici\u00f3 humana en un context pol\u00edtic i social. Pel\u00b7l\u00edcules com \u2018La ca\u00edda de los \u00e1ngeles rebeldes\u2019 i la minis\u00e8rie \u2018La mejor juventud\u2019 li han valgut reconeixement internacional.\u00a0<\/strong><\/p>\n<p>La 39\u00aa edici\u00f3 de Mostra de Val\u00e8ncia-Cinema del Mediterrani est\u00e0 organitzada per l&#8217;Ajuntament de Val\u00e8ncia, compta amb la col\u00b7laboraci\u00f3 del Institut Valenci\u00e0 de Cultura, Palau de la M\u00fasica, Val\u00e8ncia Film Office (Fundaci\u00f3 Visit Val\u00e8ncia), amb el patrocini de Hyundai Koryo Car i \u00c0 Punt M\u00e8dia com a mitj\u00e0 oficial i partner principal del f\u00f2rum de coproducci\u00f3 Val\u00e8ncia Film Afers.<\/p>\n","protected":false},"excerpt":{"rendered":"<p>El director itali\u00e0 competix en la Mostra amb este drama protagonitzat per Valentina Bell\u00e8 i Sonia Bergamasco Despr\u00e9s de la seua destacada participaci\u00f3 en la [&hellip;]<\/p>\n","protected":false},"author":3,"featured_media":26332,"comment_status":"open","ping_status":"open","sticky":false,"template":"","format":"standard","meta":{"_uag_custom_page_level_css":"","_jet_sm_ready_style":"","_jet_sm_style":"","_jet_sm_controls_values":"","_jet_sm_fonts_collection":"","_jet_sm_fonts_links":"","footnotes":""},"categories":[31],"tags":[],"class_list":["post-26337","post","type-post","status-publish","format-standard","has-post-thumbnail","hentry","category-uncategorized-ca"],"yoast_head":"<!-- This site is optimized with the Yoast SEO plugin v27.4 - https:\/\/yoast.com\/product\/yoast-seo-wordpress\/ -->\n<title>Giordana i Bellocchio aborden la depressi\u00f3 postpart i una complexa relaci\u00f3 familiar en \u2018The Life After\u2019 - Mostra de Val\u00e8ncia<\/title>\n<meta name=\"robots\" content=\"index, follow, max-snippet:-1, max-image-preview:large, max-video-preview:-1\" \/>\n<link rel=\"canonical\" href=\"https:\/\/lamostradevalencia.com\/ca\/giordana-i-bellocchio-aborden-la-depressio-postpart-i-una-complexa-relacio-familiar-en-the-life-after\/\" \/>\n<meta property=\"og:locale\" content=\"ca_ES\" \/>\n<meta property=\"og:type\" content=\"article\" \/>\n<meta property=\"og:title\" content=\"Giordana i Bellocchio aborden la depressi\u00f3 postpart i una complexa relaci\u00f3 familiar en \u2018The Life After\u2019 - Mostra de Val\u00e8ncia\" \/>\n<meta property=\"og:description\" content=\"El director itali\u00e0 competix en la Mostra amb este drama protagonitzat per Valentina Bell\u00e8 i Sonia Bergamasco Despr\u00e9s de la seua destacada participaci\u00f3 en la [&hellip;]\" \/>\n<meta property=\"og:url\" content=\"https:\/\/lamostradevalencia.com\/ca\/giordana-i-bellocchio-aborden-la-depressio-postpart-i-una-complexa-relacio-familiar-en-the-life-after\/\" \/>\n<meta property=\"og:site_name\" content=\"Mostra de Val\u00e8ncia\" \/>\n<meta property=\"article:published_time\" content=\"2024-10-25T12:34:07+00:00\" \/>\n<meta property=\"og:image\" content=\"https:\/\/lamostradevalencia.com\/wp-content\/uploads\/2024\/10\/giornada-en-la-ciudad-de-las-artes.jpg\" \/>\n\t<meta property=\"og:image:width\" content=\"535\" \/>\n\t<meta property=\"og:image:height\" content=\"800\" \/>\n\t<meta property=\"og:image:type\" content=\"image\/jpeg\" \/>\n<meta name=\"author\" content=\"contenidos\" \/>\n<meta name=\"twitter:card\" content=\"summary_large_image\" \/>\n<meta name=\"twitter:label1\" content=\"Escrit per\" \/>\n\t<meta name=\"twitter:data1\" content=\"contenidos\" \/>\n\t<meta name=\"twitter:label2\" content=\"Temps estimat de lectura\" \/>\n\t<meta name=\"twitter:data2\" content=\"4 minuts\" \/>\n<script type=\"application\/ld+json\" class=\"yoast-schema-graph\">{\"@context\":\"https:\\\/\\\/schema.org\",\"@graph\":[{\"@type\":\"Article\",\"@id\":\"https:\\\/\\\/lamostradevalencia.com\\\/ca\\\/giordana-i-bellocchio-aborden-la-depressio-postpart-i-una-complexa-relacio-familiar-en-the-life-after\\\/#article\",\"isPartOf\":{\"@id\":\"https:\\\/\\\/lamostradevalencia.com\\\/ca\\\/giordana-i-bellocchio-aborden-la-depressio-postpart-i-una-complexa-relacio-familiar-en-the-life-after\\\/\"},\"author\":{\"name\":\"contenidos\",\"@id\":\"https:\\\/\\\/lamostradevalencia.com\\\/ca\\\/#\\\/schema\\\/person\\\/361c3c0dd5489e78ad78ee4f8332efac\"},\"headline\":\"Giordana i Bellocchio aborden la depressi\u00f3 postpart i una complexa relaci\u00f3 familiar en \u2018The Life After\u2019\",\"datePublished\":\"2024-10-25T12:34:07+00:00\",\"mainEntityOfPage\":{\"@id\":\"https:\\\/\\\/lamostradevalencia.com\\\/ca\\\/giordana-i-bellocchio-aborden-la-depressio-postpart-i-una-complexa-relacio-familiar-en-the-life-after\\\/\"},\"wordCount\":732,\"commentCount\":0,\"image\":{\"@id\":\"https:\\\/\\\/lamostradevalencia.com\\\/ca\\\/giordana-i-bellocchio-aborden-la-depressio-postpart-i-una-complexa-relacio-familiar-en-the-life-after\\\/#primaryimage\"},\"thumbnailUrl\":\"https:\\\/\\\/lamostradevalencia.com\\\/wp-content\\\/uploads\\\/2024\\\/10\\\/giornada-en-la-ciudad-de-las-artes.jpg\",\"articleSection\":[\"Uncategorized @ca\"],\"inLanguage\":\"ca\",\"potentialAction\":[{\"@type\":\"CommentAction\",\"name\":\"Comment\",\"target\":[\"https:\\\/\\\/lamostradevalencia.com\\\/ca\\\/giordana-i-bellocchio-aborden-la-depressio-postpart-i-una-complexa-relacio-familiar-en-the-life-after\\\/#respond\"]}]},{\"@type\":\"WebPage\",\"@id\":\"https:\\\/\\\/lamostradevalencia.com\\\/ca\\\/giordana-i-bellocchio-aborden-la-depressio-postpart-i-una-complexa-relacio-familiar-en-the-life-after\\\/\",\"url\":\"https:\\\/\\\/lamostradevalencia.com\\\/ca\\\/giordana-i-bellocchio-aborden-la-depressio-postpart-i-una-complexa-relacio-familiar-en-the-life-after\\\/\",\"name\":\"Giordana i Bellocchio aborden la depressi\u00f3 postpart i una complexa relaci\u00f3 familiar en \u2018The Life After\u2019 - Mostra de Val\u00e8ncia\",\"isPartOf\":{\"@id\":\"https:\\\/\\\/lamostradevalencia.com\\\/ca\\\/#website\"},\"primaryImageOfPage\":{\"@id\":\"https:\\\/\\\/lamostradevalencia.com\\\/ca\\\/giordana-i-bellocchio-aborden-la-depressio-postpart-i-una-complexa-relacio-familiar-en-the-life-after\\\/#primaryimage\"},\"image\":{\"@id\":\"https:\\\/\\\/lamostradevalencia.com\\\/ca\\\/giordana-i-bellocchio-aborden-la-depressio-postpart-i-una-complexa-relacio-familiar-en-the-life-after\\\/#primaryimage\"},\"thumbnailUrl\":\"https:\\\/\\\/lamostradevalencia.com\\\/wp-content\\\/uploads\\\/2024\\\/10\\\/giornada-en-la-ciudad-de-las-artes.jpg\",\"datePublished\":\"2024-10-25T12:34:07+00:00\",\"author\":{\"@id\":\"https:\\\/\\\/lamostradevalencia.com\\\/ca\\\/#\\\/schema\\\/person\\\/361c3c0dd5489e78ad78ee4f8332efac\"},\"breadcrumb\":{\"@id\":\"https:\\\/\\\/lamostradevalencia.com\\\/ca\\\/giordana-i-bellocchio-aborden-la-depressio-postpart-i-una-complexa-relacio-familiar-en-the-life-after\\\/#breadcrumb\"},\"inLanguage\":\"ca\",\"potentialAction\":[{\"@type\":\"ReadAction\",\"target\":[\"https:\\\/\\\/lamostradevalencia.com\\\/ca\\\/giordana-i-bellocchio-aborden-la-depressio-postpart-i-una-complexa-relacio-familiar-en-the-life-after\\\/\"]}]},{\"@type\":\"ImageObject\",\"inLanguage\":\"ca\",\"@id\":\"https:\\\/\\\/lamostradevalencia.com\\\/ca\\\/giordana-i-bellocchio-aborden-la-depressio-postpart-i-una-complexa-relacio-familiar-en-the-life-after\\\/#primaryimage\",\"url\":\"https:\\\/\\\/lamostradevalencia.com\\\/wp-content\\\/uploads\\\/2024\\\/10\\\/giornada-en-la-ciudad-de-las-artes.jpg\",\"contentUrl\":\"https:\\\/\\\/lamostradevalencia.com\\\/wp-content\\\/uploads\\\/2024\\\/10\\\/giornada-en-la-ciudad-de-las-artes.jpg\",\"width\":535,\"height\":800},{\"@type\":\"BreadcrumbList\",\"@id\":\"https:\\\/\\\/lamostradevalencia.com\\\/ca\\\/giordana-i-bellocchio-aborden-la-depressio-postpart-i-una-complexa-relacio-familiar-en-the-life-after\\\/#breadcrumb\",\"itemListElement\":[{\"@type\":\"ListItem\",\"position\":1,\"name\":\"Portada\",\"item\":\"https:\\\/\\\/lamostradevalencia.com\\\/ca\\\/\"},{\"@type\":\"ListItem\",\"position\":2,\"name\":\"Giordana i Bellocchio aborden la depressi\u00f3 postpart i una complexa relaci\u00f3 familiar en \u2018The Life After\u2019\"}]},{\"@type\":\"WebSite\",\"@id\":\"https:\\\/\\\/lamostradevalencia.com\\\/ca\\\/#website\",\"url\":\"https:\\\/\\\/lamostradevalencia.com\\\/ca\\\/\",\"name\":\"Mostra de Val\u00e8ncia\",\"description\":\"Cinema del Mediterrani\",\"potentialAction\":[{\"@type\":\"SearchAction\",\"target\":{\"@type\":\"EntryPoint\",\"urlTemplate\":\"https:\\\/\\\/lamostradevalencia.com\\\/ca\\\/?s={search_term_string}\"},\"query-input\":{\"@type\":\"PropertyValueSpecification\",\"valueRequired\":true,\"valueName\":\"search_term_string\"}}],\"inLanguage\":\"ca\"},{\"@type\":\"Person\",\"@id\":\"https:\\\/\\\/lamostradevalencia.com\\\/ca\\\/#\\\/schema\\\/person\\\/361c3c0dd5489e78ad78ee4f8332efac\",\"name\":\"contenidos\",\"image\":{\"@type\":\"ImageObject\",\"inLanguage\":\"ca\",\"@id\":\"https:\\\/\\\/secure.gravatar.com\\\/avatar\\\/a87eddc188a32d5a0371ff92ef616b5006a91e389296d49d081f8d424eef134c?s=96&d=mm&r=g\",\"url\":\"https:\\\/\\\/secure.gravatar.com\\\/avatar\\\/a87eddc188a32d5a0371ff92ef616b5006a91e389296d49d081f8d424eef134c?s=96&d=mm&r=g\",\"contentUrl\":\"https:\\\/\\\/secure.gravatar.com\\\/avatar\\\/a87eddc188a32d5a0371ff92ef616b5006a91e389296d49d081f8d424eef134c?s=96&d=mm&r=g\",\"caption\":\"contenidos\"}}]}<\/script>\n<!-- \/ Yoast SEO plugin. -->","yoast_head_json":{"title":"Giordana i Bellocchio aborden la depressi\u00f3 postpart i una complexa relaci\u00f3 familiar en \u2018The Life After\u2019 - Mostra de Val\u00e8ncia","robots":{"index":"index","follow":"follow","max-snippet":"max-snippet:-1","max-image-preview":"max-image-preview:large","max-video-preview":"max-video-preview:-1"},"canonical":"https:\/\/lamostradevalencia.com\/ca\/giordana-i-bellocchio-aborden-la-depressio-postpart-i-una-complexa-relacio-familiar-en-the-life-after\/","og_locale":"ca_ES","og_type":"article","og_title":"Giordana i Bellocchio aborden la depressi\u00f3 postpart i una complexa relaci\u00f3 familiar en \u2018The Life After\u2019 - Mostra de Val\u00e8ncia","og_description":"El director itali\u00e0 competix en la Mostra amb este drama protagonitzat per Valentina Bell\u00e8 i Sonia Bergamasco Despr\u00e9s de la seua destacada participaci\u00f3 en la [&hellip;]","og_url":"https:\/\/lamostradevalencia.com\/ca\/giordana-i-bellocchio-aborden-la-depressio-postpart-i-una-complexa-relacio-familiar-en-the-life-after\/","og_site_name":"Mostra de Val\u00e8ncia","article_published_time":"2024-10-25T12:34:07+00:00","og_image":[{"width":535,"height":800,"url":"https:\/\/lamostradevalencia.com\/wp-content\/uploads\/2024\/10\/giornada-en-la-ciudad-de-las-artes.jpg","type":"image\/jpeg"}],"author":"contenidos","twitter_card":"summary_large_image","twitter_misc":{"Escrit per":"contenidos","Temps estimat de lectura":"4 minuts"},"schema":{"@context":"https:\/\/schema.org","@graph":[{"@type":"Article","@id":"https:\/\/lamostradevalencia.com\/ca\/giordana-i-bellocchio-aborden-la-depressio-postpart-i-una-complexa-relacio-familiar-en-the-life-after\/#article","isPartOf":{"@id":"https:\/\/lamostradevalencia.com\/ca\/giordana-i-bellocchio-aborden-la-depressio-postpart-i-una-complexa-relacio-familiar-en-the-life-after\/"},"author":{"name":"contenidos","@id":"https:\/\/lamostradevalencia.com\/ca\/#\/schema\/person\/361c3c0dd5489e78ad78ee4f8332efac"},"headline":"Giordana i Bellocchio aborden la depressi\u00f3 postpart i una complexa relaci\u00f3 familiar en \u2018The Life After\u2019","datePublished":"2024-10-25T12:34:07+00:00","mainEntityOfPage":{"@id":"https:\/\/lamostradevalencia.com\/ca\/giordana-i-bellocchio-aborden-la-depressio-postpart-i-una-complexa-relacio-familiar-en-the-life-after\/"},"wordCount":732,"commentCount":0,"image":{"@id":"https:\/\/lamostradevalencia.com\/ca\/giordana-i-bellocchio-aborden-la-depressio-postpart-i-una-complexa-relacio-familiar-en-the-life-after\/#primaryimage"},"thumbnailUrl":"https:\/\/lamostradevalencia.com\/wp-content\/uploads\/2024\/10\/giornada-en-la-ciudad-de-las-artes.jpg","articleSection":["Uncategorized @ca"],"inLanguage":"ca","potentialAction":[{"@type":"CommentAction","name":"Comment","target":["https:\/\/lamostradevalencia.com\/ca\/giordana-i-bellocchio-aborden-la-depressio-postpart-i-una-complexa-relacio-familiar-en-the-life-after\/#respond"]}]},{"@type":"WebPage","@id":"https:\/\/lamostradevalencia.com\/ca\/giordana-i-bellocchio-aborden-la-depressio-postpart-i-una-complexa-relacio-familiar-en-the-life-after\/","url":"https:\/\/lamostradevalencia.com\/ca\/giordana-i-bellocchio-aborden-la-depressio-postpart-i-una-complexa-relacio-familiar-en-the-life-after\/","name":"Giordana i Bellocchio aborden la depressi\u00f3 postpart i una complexa relaci\u00f3 familiar en \u2018The Life After\u2019 - Mostra de Val\u00e8ncia","isPartOf":{"@id":"https:\/\/lamostradevalencia.com\/ca\/#website"},"primaryImageOfPage":{"@id":"https:\/\/lamostradevalencia.com\/ca\/giordana-i-bellocchio-aborden-la-depressio-postpart-i-una-complexa-relacio-familiar-en-the-life-after\/#primaryimage"},"image":{"@id":"https:\/\/lamostradevalencia.com\/ca\/giordana-i-bellocchio-aborden-la-depressio-postpart-i-una-complexa-relacio-familiar-en-the-life-after\/#primaryimage"},"thumbnailUrl":"https:\/\/lamostradevalencia.com\/wp-content\/uploads\/2024\/10\/giornada-en-la-ciudad-de-las-artes.jpg","datePublished":"2024-10-25T12:34:07+00:00","author":{"@id":"https:\/\/lamostradevalencia.com\/ca\/#\/schema\/person\/361c3c0dd5489e78ad78ee4f8332efac"},"breadcrumb":{"@id":"https:\/\/lamostradevalencia.com\/ca\/giordana-i-bellocchio-aborden-la-depressio-postpart-i-una-complexa-relacio-familiar-en-the-life-after\/#breadcrumb"},"inLanguage":"ca","potentialAction":[{"@type":"ReadAction","target":["https:\/\/lamostradevalencia.com\/ca\/giordana-i-bellocchio-aborden-la-depressio-postpart-i-una-complexa-relacio-familiar-en-the-life-after\/"]}]},{"@type":"ImageObject","inLanguage":"ca","@id":"https:\/\/lamostradevalencia.com\/ca\/giordana-i-bellocchio-aborden-la-depressio-postpart-i-una-complexa-relacio-familiar-en-the-life-after\/#primaryimage","url":"https:\/\/lamostradevalencia.com\/wp-content\/uploads\/2024\/10\/giornada-en-la-ciudad-de-las-artes.jpg","contentUrl":"https:\/\/lamostradevalencia.com\/wp-content\/uploads\/2024\/10\/giornada-en-la-ciudad-de-las-artes.jpg","width":535,"height":800},{"@type":"BreadcrumbList","@id":"https:\/\/lamostradevalencia.com\/ca\/giordana-i-bellocchio-aborden-la-depressio-postpart-i-una-complexa-relacio-familiar-en-the-life-after\/#breadcrumb","itemListElement":[{"@type":"ListItem","position":1,"name":"Portada","item":"https:\/\/lamostradevalencia.com\/ca\/"},{"@type":"ListItem","position":2,"name":"Giordana i Bellocchio aborden la depressi\u00f3 postpart i una complexa relaci\u00f3 familiar en \u2018The Life After\u2019"}]},{"@type":"WebSite","@id":"https:\/\/lamostradevalencia.com\/ca\/#website","url":"https:\/\/lamostradevalencia.com\/ca\/","name":"Mostra de Val\u00e8ncia","description":"Cinema del Mediterrani","potentialAction":[{"@type":"SearchAction","target":{"@type":"EntryPoint","urlTemplate":"https:\/\/lamostradevalencia.com\/ca\/?s={search_term_string}"},"query-input":{"@type":"PropertyValueSpecification","valueRequired":true,"valueName":"search_term_string"}}],"inLanguage":"ca"},{"@type":"Person","@id":"https:\/\/lamostradevalencia.com\/ca\/#\/schema\/person\/361c3c0dd5489e78ad78ee4f8332efac","name":"contenidos","image":{"@type":"ImageObject","inLanguage":"ca","@id":"https:\/\/secure.gravatar.com\/avatar\/a87eddc188a32d5a0371ff92ef616b5006a91e389296d49d081f8d424eef134c?s=96&d=mm&r=g","url":"https:\/\/secure.gravatar.com\/avatar\/a87eddc188a32d5a0371ff92ef616b5006a91e389296d49d081f8d424eef134c?s=96&d=mm&r=g","contentUrl":"https:\/\/secure.gravatar.com\/avatar\/a87eddc188a32d5a0371ff92ef616b5006a91e389296d49d081f8d424eef134c?s=96&d=mm&r=g","caption":"contenidos"}}]}},"uagb_featured_image_src":{"full":["https:\/\/lamostradevalencia.com\/wp-content\/uploads\/2024\/10\/giornada-en-la-ciudad-de-las-artes.jpg",535,800,false],"thumbnail":["https:\/\/lamostradevalencia.com\/wp-content\/uploads\/2024\/10\/giornada-en-la-ciudad-de-las-artes-150x150.jpg",150,150,true],"medium":["https:\/\/lamostradevalencia.com\/wp-content\/uploads\/2024\/10\/giornada-en-la-ciudad-de-las-artes-201x300.jpg",201,300,true],"medium_large":["https:\/\/lamostradevalencia.com\/wp-content\/uploads\/2024\/10\/giornada-en-la-ciudad-de-las-artes.jpg",535,800,false],"large":["https:\/\/lamostradevalencia.com\/wp-content\/uploads\/2024\/10\/giornada-en-la-ciudad-de-las-artes.jpg",535,800,false],"1536x1536":["https:\/\/lamostradevalencia.com\/wp-content\/uploads\/2024\/10\/giornada-en-la-ciudad-de-las-artes.jpg",535,800,false],"2048x2048":["https:\/\/lamostradevalencia.com\/wp-content\/uploads\/2024\/10\/giornada-en-la-ciudad-de-las-artes.jpg",535,800,false],"cinerama_edge_image_square":["https:\/\/lamostradevalencia.com\/wp-content\/uploads\/2024\/10\/giornada-en-la-ciudad-de-las-artes-535x550.jpg",535,550,true],"cinerama_edge_image_landscape":["https:\/\/lamostradevalencia.com\/wp-content\/uploads\/2024\/10\/giornada-en-la-ciudad-de-las-artes-535x550.jpg",535,550,true],"cinerama_edge_image_portrait":["https:\/\/lamostradevalencia.com\/wp-content\/uploads\/2024\/10\/giornada-en-la-ciudad-de-las-artes.jpg",535,800,false],"cinerama_edge_image_huge":["https:\/\/lamostradevalencia.com\/wp-content\/uploads\/2024\/10\/giornada-en-la-ciudad-de-las-artes.jpg",535,800,false],"gform-image-choice-sm":["https:\/\/lamostradevalencia.com\/wp-content\/uploads\/2024\/10\/giornada-en-la-ciudad-de-las-artes.jpg",201,300,false],"gform-image-choice-md":["https:\/\/lamostradevalencia.com\/wp-content\/uploads\/2024\/10\/giornada-en-la-ciudad-de-las-artes.jpg",268,400,false],"gform-image-choice-lg":["https:\/\/lamostradevalencia.com\/wp-content\/uploads\/2024\/10\/giornada-en-la-ciudad-de-las-artes.jpg",401,600,false]},"uagb_author_info":{"display_name":"contenidos","author_link":"https:\/\/lamostradevalencia.com\/ca\/author\/contenidos\/"},"uagb_comment_info":0,"uagb_excerpt":"El director itali\u00e0 competix en la Mostra amb este drama protagonitzat per Valentina Bell\u00e8 i Sonia Bergamasco Despr\u00e9s de la seua destacada participaci\u00f3 en la [&hellip;]","_links":{"self":[{"href":"https:\/\/lamostradevalencia.com\/ca\/wp-json\/wp\/v2\/posts\/26337","targetHints":{"allow":["GET"]}}],"collection":[{"href":"https:\/\/lamostradevalencia.com\/ca\/wp-json\/wp\/v2\/posts"}],"about":[{"href":"https:\/\/lamostradevalencia.com\/ca\/wp-json\/wp\/v2\/types\/post"}],"author":[{"embeddable":true,"href":"https:\/\/lamostradevalencia.com\/ca\/wp-json\/wp\/v2\/users\/3"}],"replies":[{"embeddable":true,"href":"https:\/\/lamostradevalencia.com\/ca\/wp-json\/wp\/v2\/comments?post=26337"}],"version-history":[{"count":1,"href":"https:\/\/lamostradevalencia.com\/ca\/wp-json\/wp\/v2\/posts\/26337\/revisions"}],"predecessor-version":[{"id":26338,"href":"https:\/\/lamostradevalencia.com\/ca\/wp-json\/wp\/v2\/posts\/26337\/revisions\/26338"}],"wp:featuredmedia":[{"embeddable":true,"href":"https:\/\/lamostradevalencia.com\/ca\/wp-json\/wp\/v2\/media\/26332"}],"wp:attachment":[{"href":"https:\/\/lamostradevalencia.com\/ca\/wp-json\/wp\/v2\/media?parent=26337"}],"wp:term":[{"taxonomy":"category","embeddable":true,"href":"https:\/\/lamostradevalencia.com\/ca\/wp-json\/wp\/v2\/categories?post=26337"},{"taxonomy":"post_tag","embeddable":true,"href":"https:\/\/lamostradevalencia.com\/ca\/wp-json\/wp\/v2\/tags?post=26337"}],"curies":[{"name":"wp","href":"https:\/\/api.w.org\/{rel}","templated":true}]}}