{"id":26321,"date":"2024-10-24T20:39:54","date_gmt":"2024-10-24T18:39:54","guid":{"rendered":"https:\/\/lamostradevalencia.com\/?p=26321"},"modified":"2024-10-24T20:39:54","modified_gmt":"2024-10-24T18:39:54","slug":"la-reivindicacio-dun-espai-public-per-a-tots-i-el-suport-a-gaza-marquen-linici-de-la-39a-mostra-de-valencia","status":"publish","type":"post","link":"https:\/\/lamostradevalencia.com\/ca\/la-reivindicacio-dun-espai-public-per-a-tots-i-el-suport-a-gaza-marquen-linici-de-la-39a-mostra-de-valencia\/","title":{"rendered":"La reivindicaci\u00f3 d&#8217;un espai p\u00fablic per a tots i el suport a Gaza marquen l&#8217;inici de la 39\u00aa Mostra de Val\u00e8ncia"},"content":{"rendered":"<h5><b>\u00a0Amb la projecci\u00f3 de la cinta valenciana \u2018Un bany propi\u2019 el festival dona pas a deu dies del cinema m\u00e9s comprom\u00e9s<\/b><\/h5>\n<p>La gala inaugural de la 39\u00aa edici\u00f3 de Mostra de Val\u00e8ncia-Cinema del Mediterrani torna a reunir en el Palau de la M\u00fasica als seus protagonistes m\u00e9s destacats i a convertir Val\u00e8ncia -fins al pr\u00f2xim 3 de novembre- en el millor escenari per a descobrir les propostes m\u00e9s destacades del cinema assentat en la conca mediterr\u00e0nia. <strong>La cerim\u00f2nia, com tota l&#8217;edici\u00f3, va estar dedicada a Josep Pons, primer director del certamen, que va morir al juny.\u00a0<\/strong><\/p>\n<p>Un primer pla en blanc i negre d\u2019Ana\u00efs Dom\u00e9nech ha centrat l&#8217;atenci\u00f3 dels primers minuts d&#8217;una cerim\u00f2nia d&#8217;obertura dirigida per Juli Disla i Jaume P\u00e9rez . L&#8217;actriu alcoiana, conductora de la gala, apareixia en escena recitant uns versos que invocaven l&#8217;esperit mateix del festival: \u201cNo \u00e9s el mateix traure el cap a una realitat que estar submergit en ella\u201d. Eixe m\u00f3n plagat d&#8217;esdeveniments i figures, relacions i ficcions, desitjos, esperances i viol\u00e8ncies que citava la presentadora feia refer\u00e8ncia al cinema que es veur\u00e0 en la Mostra durant els pr\u00f2xims dies.<\/p>\n<p>Del thriller a la fantasia pop, de la hibridaci\u00f3 de g\u00e8neres al comprom\u00eds amb la realitat social contempor\u00e0nia, les dotze pel\u00b7l\u00edcules a competici\u00f3 per la Palmera d&#8217;Or, d&#8217;estrena a Espanya i procedents de pr\u00e0cticament tots els pa\u00efsos que envolten el Mediterrani, proporcionaran a qui se submergisca en elles una panor\u00e0mica \u00fanica del m\u00f3n en qu\u00e8 vivim. A m\u00e9s, es va recordar al p\u00fablic assistent que un jurat internacional compost per l&#8217;escriptora i directora eg\u00edpcia Amal Ramsis, el productor i consultor ecol\u00f2gic jord\u00e0, Bassam Alasad, la guionista i directora valenciana Avelina Prat, el cr\u00edtic i programador portugu\u00e9s Jo\u00e3o Antunes i la productora francesa i presidenta del Jurat Internacional Marie Balducchi, ser\u00e0 l&#8217;encarregat de configurar l&#8217;esperat palmar\u00e9s.<\/p>\n<p>En estos dies intensos i plens d&#8217;activitats on Val\u00e8ncia es convertir\u00e0 en el centre cinematogr\u00e0fic del Mediterrani hi haur\u00e0 altres seccions que centraran l&#8217;atenci\u00f3 dels assistents al festival, com la Secci\u00f3 Informativa -dotada amb el Premi del P\u00fablic- que pren el pols a l&#8217;actualitat cinematogr\u00e0fica mediterr\u00e0nia des de diversos angles i que complementa la secci\u00f3 oficial amb propostes que van de la com\u00e8dia que va representar a Egipte en els \u00faltims Oscars a un documental de reivindicaci\u00f3 queer, passant per una cr\u00f2nica sobre el L\u00edban actual, m\u00e9s pertinent que mai, o exercicis de g\u00e8nere sempre relacionats amb les problem\u00e0tiques que afecten el Mediterrani.<\/p>\n<p>L&#8217;univers d&#8217;esta edici\u00f3 de la Mostra es completar\u00e0 amb el focus posat a dotar de visibilitat el treball que cineastes al marge del corrent general, com la franc-tunisiana Nadia el Fani a qui el festival dedicar\u00e0 la seua primera retrospectiva a Espanya. A m\u00e9s, se centrar\u00e0 l&#8217;atenci\u00f3 en el conflicte d&#8217;Orient Pr\u00f2xim gr\u00e0cies a la secci\u00f3 Visions de Gaza.<\/p>\n<p>Despr\u00e9s de la gala, ha tingut lloc la projecci\u00f3 de la pel\u00b7l\u00edcula inaugural \u2018Un bany propi\u2019, debut en el llargmetratge de la valenciana<strong> Luc\u00eda Casa\u00f1 Rodr\u00edguez amb la qual la Mostra obri la seua competici\u00f3 oficial. Una pel\u00b7l\u00edcula que, segons les pr\u00f2pies paraules de la directora, ve a lluitar contra \u201cla p\u00e8rdua de la capacitat d&#8217;imaginar futurs diferents, per exemple, que no h\u00e0gem d&#8217;acabar amb el planeta o que les relacions puguen ser m\u00e9s horitzontals. Estem perdent tamb\u00e9 la identitat dels nostres espais p\u00fablics\u201d.<\/strong> Sobre l&#8217;escenari, va estar acompanyada pels productors i la protagonista del film<strong>, l&#8217;actriu Nuria Gonz\u00e1lez, que va aprofitar l&#8217;ocasi\u00f3 per a recordar que \u201cno podem deixar de pensar en Gaza i defendre al poble palest\u00ed ni un sol dia\u201d.\u00a0<\/strong><\/p>\n<p>La seua protagonista, una mestressa de casa exemplar de seixanta-cinc anys, guarda un secret: est\u00e0 absolutament obsessionada amb els banys. En eixe espai escapa de la mon\u00f2tona vida marital, viu situacions \u00faniques i entaula estranyes amistats que faran agitar la seua vida. Una proposta que, a trav\u00e9s d&#8217;una mirada po\u00e8tica i on\u00edrica, aconseguix reflexionar al voltant de l&#8217;emancipaci\u00f3 femenina i la import\u00e0ncia de l&#8217;espai privat com a ferramenta de reivindicaci\u00f3 i desenvolupament personal.<\/p>\n<p>La 39a edici\u00f3 de Mostra de Val\u00e8ncia-Cinema del Mediterrani est\u00e0 organitzada per l&#8217;Ajuntament de Val\u00e8ncia, compta amb la col\u00b7laboraci\u00f3 del Institut Valenci\u00e0 de Cultura, Palau de la M\u00fasica, Val\u00e8ncia Film Office (Fundaci\u00f3 Visit Val\u00e8ncia) i \u00c0 Punt M\u00e8dia com a mitj\u00e0 oficial i amb el patrocini de Hyundai Koryo Car.<\/p>\n","protected":false},"excerpt":{"rendered":"<p>\u00a0Amb la projecci\u00f3 de la cinta valenciana \u2018Un bany propi\u2019 el festival dona pas a deu dies del cinema m\u00e9s comprom\u00e9s La gala inaugural de [&hellip;]<\/p>\n","protected":false},"author":1,"featured_media":26311,"comment_status":"open","ping_status":"open","sticky":false,"template":"","format":"standard","meta":{"_uag_custom_page_level_css":"","_jet_sm_ready_style":"","_jet_sm_style":"","_jet_sm_controls_values":"","_jet_sm_fonts_collection":"","_jet_sm_fonts_links":"","footnotes":""},"categories":[454],"tags":[],"class_list":["post-26321","post","type-post","status-publish","format-standard","has-post-thumbnail","hentry","category-noticias"],"yoast_head":"<!-- This site is optimized with the Yoast SEO plugin v27.4 - https:\/\/yoast.com\/product\/yoast-seo-wordpress\/ -->\n<title>La reivindicaci\u00f3 d&#039;un espai p\u00fablic per a tots i el suport a Gaza marquen l&#039;inici de la 39\u00aa Mostra de Val\u00e8ncia - Mostra de Val\u00e8ncia<\/title>\n<meta name=\"robots\" content=\"index, follow, max-snippet:-1, max-image-preview:large, max-video-preview:-1\" \/>\n<link rel=\"canonical\" href=\"https:\/\/lamostradevalencia.com\/ca\/la-reivindicacio-dun-espai-public-per-a-tots-i-el-suport-a-gaza-marquen-linici-de-la-39a-mostra-de-valencia\/\" \/>\n<meta property=\"og:locale\" content=\"ca_ES\" \/>\n<meta property=\"og:type\" content=\"article\" \/>\n<meta property=\"og:title\" content=\"La reivindicaci\u00f3 d&#039;un espai p\u00fablic per a tots i el suport a Gaza marquen l&#039;inici de la 39\u00aa Mostra de Val\u00e8ncia - Mostra de Val\u00e8ncia\" \/>\n<meta property=\"og:description\" content=\"\u00a0Amb la projecci\u00f3 de la cinta valenciana \u2018Un bany propi\u2019 el festival dona pas a deu dies del cinema m\u00e9s comprom\u00e9s La gala inaugural de [&hellip;]\" \/>\n<meta property=\"og:url\" content=\"https:\/\/lamostradevalencia.com\/ca\/la-reivindicacio-dun-espai-public-per-a-tots-i-el-suport-a-gaza-marquen-linici-de-la-39a-mostra-de-valencia\/\" \/>\n<meta property=\"og:site_name\" content=\"Mostra de Val\u00e8ncia\" \/>\n<meta property=\"article:published_time\" content=\"2024-10-24T18:39:54+00:00\" \/>\n<meta property=\"og:image\" content=\"https:\/\/lamostradevalencia.com\/wp-content\/uploads\/2024\/10\/apertura-Mostra-2024.png\" \/>\n\t<meta property=\"og:image:width\" content=\"1334\" \/>\n\t<meta property=\"og:image:height\" content=\"817\" \/>\n\t<meta property=\"og:image:type\" content=\"image\/png\" \/>\n<meta name=\"author\" content=\"Mostra de Val\u00e8ncia\" \/>\n<meta name=\"twitter:card\" content=\"summary_large_image\" \/>\n<meta name=\"twitter:label1\" content=\"Escrit per\" \/>\n\t<meta name=\"twitter:data1\" content=\"Mostra de Val\u00e8ncia\" \/>\n\t<meta name=\"twitter:label2\" content=\"Temps estimat de lectura\" \/>\n\t<meta name=\"twitter:data2\" content=\"4 minuts\" \/>\n<script type=\"application\/ld+json\" class=\"yoast-schema-graph\">{\"@context\":\"https:\\\/\\\/schema.org\",\"@graph\":[{\"@type\":\"Article\",\"@id\":\"https:\\\/\\\/lamostradevalencia.com\\\/ca\\\/la-reivindicacio-dun-espai-public-per-a-tots-i-el-suport-a-gaza-marquen-linici-de-la-39a-mostra-de-valencia\\\/#article\",\"isPartOf\":{\"@id\":\"https:\\\/\\\/lamostradevalencia.com\\\/ca\\\/la-reivindicacio-dun-espai-public-per-a-tots-i-el-suport-a-gaza-marquen-linici-de-la-39a-mostra-de-valencia\\\/\"},\"author\":{\"name\":\"Mostra de Val\u00e8ncia\",\"@id\":\"https:\\\/\\\/lamostradevalencia.com\\\/ca\\\/#\\\/schema\\\/person\\\/1dc07e4df3d6310b81d2cdf6a034070c\"},\"headline\":\"La reivindicaci\u00f3 d&#8217;un espai p\u00fablic per a tots i el suport a Gaza marquen l&#8217;inici de la 39\u00aa Mostra de Val\u00e8ncia\",\"datePublished\":\"2024-10-24T18:39:54+00:00\",\"mainEntityOfPage\":{\"@id\":\"https:\\\/\\\/lamostradevalencia.com\\\/ca\\\/la-reivindicacio-dun-espai-public-per-a-tots-i-el-suport-a-gaza-marquen-linici-de-la-39a-mostra-de-valencia\\\/\"},\"wordCount\":832,\"commentCount\":0,\"image\":{\"@id\":\"https:\\\/\\\/lamostradevalencia.com\\\/ca\\\/la-reivindicacio-dun-espai-public-per-a-tots-i-el-suport-a-gaza-marquen-linici-de-la-39a-mostra-de-valencia\\\/#primaryimage\"},\"thumbnailUrl\":\"https:\\\/\\\/lamostradevalencia.com\\\/wp-content\\\/uploads\\\/2024\\\/10\\\/apertura-Mostra-2024.png\",\"articleSection\":[\"Not\u00edcias\"],\"inLanguage\":\"ca\",\"potentialAction\":[{\"@type\":\"CommentAction\",\"name\":\"Comment\",\"target\":[\"https:\\\/\\\/lamostradevalencia.com\\\/ca\\\/la-reivindicacio-dun-espai-public-per-a-tots-i-el-suport-a-gaza-marquen-linici-de-la-39a-mostra-de-valencia\\\/#respond\"]}]},{\"@type\":\"WebPage\",\"@id\":\"https:\\\/\\\/lamostradevalencia.com\\\/ca\\\/la-reivindicacio-dun-espai-public-per-a-tots-i-el-suport-a-gaza-marquen-linici-de-la-39a-mostra-de-valencia\\\/\",\"url\":\"https:\\\/\\\/lamostradevalencia.com\\\/ca\\\/la-reivindicacio-dun-espai-public-per-a-tots-i-el-suport-a-gaza-marquen-linici-de-la-39a-mostra-de-valencia\\\/\",\"name\":\"La reivindicaci\u00f3 d'un espai p\u00fablic per a tots i el suport a Gaza marquen l'inici de la 39\u00aa Mostra de Val\u00e8ncia - Mostra de Val\u00e8ncia\",\"isPartOf\":{\"@id\":\"https:\\\/\\\/lamostradevalencia.com\\\/ca\\\/#website\"},\"primaryImageOfPage\":{\"@id\":\"https:\\\/\\\/lamostradevalencia.com\\\/ca\\\/la-reivindicacio-dun-espai-public-per-a-tots-i-el-suport-a-gaza-marquen-linici-de-la-39a-mostra-de-valencia\\\/#primaryimage\"},\"image\":{\"@id\":\"https:\\\/\\\/lamostradevalencia.com\\\/ca\\\/la-reivindicacio-dun-espai-public-per-a-tots-i-el-suport-a-gaza-marquen-linici-de-la-39a-mostra-de-valencia\\\/#primaryimage\"},\"thumbnailUrl\":\"https:\\\/\\\/lamostradevalencia.com\\\/wp-content\\\/uploads\\\/2024\\\/10\\\/apertura-Mostra-2024.png\",\"datePublished\":\"2024-10-24T18:39:54+00:00\",\"author\":{\"@id\":\"https:\\\/\\\/lamostradevalencia.com\\\/ca\\\/#\\\/schema\\\/person\\\/1dc07e4df3d6310b81d2cdf6a034070c\"},\"breadcrumb\":{\"@id\":\"https:\\\/\\\/lamostradevalencia.com\\\/ca\\\/la-reivindicacio-dun-espai-public-per-a-tots-i-el-suport-a-gaza-marquen-linici-de-la-39a-mostra-de-valencia\\\/#breadcrumb\"},\"inLanguage\":\"ca\",\"potentialAction\":[{\"@type\":\"ReadAction\",\"target\":[\"https:\\\/\\\/lamostradevalencia.com\\\/ca\\\/la-reivindicacio-dun-espai-public-per-a-tots-i-el-suport-a-gaza-marquen-linici-de-la-39a-mostra-de-valencia\\\/\"]}]},{\"@type\":\"ImageObject\",\"inLanguage\":\"ca\",\"@id\":\"https:\\\/\\\/lamostradevalencia.com\\\/ca\\\/la-reivindicacio-dun-espai-public-per-a-tots-i-el-suport-a-gaza-marquen-linici-de-la-39a-mostra-de-valencia\\\/#primaryimage\",\"url\":\"https:\\\/\\\/lamostradevalencia.com\\\/wp-content\\\/uploads\\\/2024\\\/10\\\/apertura-Mostra-2024.png\",\"contentUrl\":\"https:\\\/\\\/lamostradevalencia.com\\\/wp-content\\\/uploads\\\/2024\\\/10\\\/apertura-Mostra-2024.png\",\"width\":1334,\"height\":817},{\"@type\":\"BreadcrumbList\",\"@id\":\"https:\\\/\\\/lamostradevalencia.com\\\/ca\\\/la-reivindicacio-dun-espai-public-per-a-tots-i-el-suport-a-gaza-marquen-linici-de-la-39a-mostra-de-valencia\\\/#breadcrumb\",\"itemListElement\":[{\"@type\":\"ListItem\",\"position\":1,\"name\":\"Portada\",\"item\":\"https:\\\/\\\/lamostradevalencia.com\\\/ca\\\/\"},{\"@type\":\"ListItem\",\"position\":2,\"name\":\"La reivindicaci\u00f3 d&#8217;un espai p\u00fablic per a tots i el suport a Gaza marquen l&#8217;inici de la 39\u00aa Mostra de Val\u00e8ncia\"}]},{\"@type\":\"WebSite\",\"@id\":\"https:\\\/\\\/lamostradevalencia.com\\\/ca\\\/#website\",\"url\":\"https:\\\/\\\/lamostradevalencia.com\\\/ca\\\/\",\"name\":\"Mostra de Val\u00e8ncia\",\"description\":\"Cinema del Mediterrani\",\"potentialAction\":[{\"@type\":\"SearchAction\",\"target\":{\"@type\":\"EntryPoint\",\"urlTemplate\":\"https:\\\/\\\/lamostradevalencia.com\\\/ca\\\/?s={search_term_string}\"},\"query-input\":{\"@type\":\"PropertyValueSpecification\",\"valueRequired\":true,\"valueName\":\"search_term_string\"}}],\"inLanguage\":\"ca\"},{\"@type\":\"Person\",\"@id\":\"https:\\\/\\\/lamostradevalencia.com\\\/ca\\\/#\\\/schema\\\/person\\\/1dc07e4df3d6310b81d2cdf6a034070c\",\"name\":\"Mostra de Val\u00e8ncia\",\"image\":{\"@type\":\"ImageObject\",\"inLanguage\":\"ca\",\"@id\":\"https:\\\/\\\/secure.gravatar.com\\\/avatar\\\/ada4dfd699a9907706987adb1bb2b361c2613ccca474b49b8c648de5208e32f8?s=96&d=mm&r=g\",\"url\":\"https:\\\/\\\/secure.gravatar.com\\\/avatar\\\/ada4dfd699a9907706987adb1bb2b361c2613ccca474b49b8c648de5208e32f8?s=96&d=mm&r=g\",\"contentUrl\":\"https:\\\/\\\/secure.gravatar.com\\\/avatar\\\/ada4dfd699a9907706987adb1bb2b361c2613ccca474b49b8c648de5208e32f8?s=96&d=mm&r=g\",\"caption\":\"Mostra de Val\u00e8ncia\"}}]}<\/script>\n<!-- \/ Yoast SEO plugin. -->","yoast_head_json":{"title":"La reivindicaci\u00f3 d'un espai p\u00fablic per a tots i el suport a Gaza marquen l'inici de la 39\u00aa Mostra de Val\u00e8ncia - Mostra de Val\u00e8ncia","robots":{"index":"index","follow":"follow","max-snippet":"max-snippet:-1","max-image-preview":"max-image-preview:large","max-video-preview":"max-video-preview:-1"},"canonical":"https:\/\/lamostradevalencia.com\/ca\/la-reivindicacio-dun-espai-public-per-a-tots-i-el-suport-a-gaza-marquen-linici-de-la-39a-mostra-de-valencia\/","og_locale":"ca_ES","og_type":"article","og_title":"La reivindicaci\u00f3 d'un espai p\u00fablic per a tots i el suport a Gaza marquen l'inici de la 39\u00aa Mostra de Val\u00e8ncia - Mostra de Val\u00e8ncia","og_description":"\u00a0Amb la projecci\u00f3 de la cinta valenciana \u2018Un bany propi\u2019 el festival dona pas a deu dies del cinema m\u00e9s comprom\u00e9s La gala inaugural de [&hellip;]","og_url":"https:\/\/lamostradevalencia.com\/ca\/la-reivindicacio-dun-espai-public-per-a-tots-i-el-suport-a-gaza-marquen-linici-de-la-39a-mostra-de-valencia\/","og_site_name":"Mostra de Val\u00e8ncia","article_published_time":"2024-10-24T18:39:54+00:00","og_image":[{"width":1334,"height":817,"url":"https:\/\/lamostradevalencia.com\/wp-content\/uploads\/2024\/10\/apertura-Mostra-2024.png","type":"image\/png"}],"author":"Mostra de Val\u00e8ncia","twitter_card":"summary_large_image","twitter_misc":{"Escrit per":"Mostra de Val\u00e8ncia","Temps estimat de lectura":"4 minuts"},"schema":{"@context":"https:\/\/schema.org","@graph":[{"@type":"Article","@id":"https:\/\/lamostradevalencia.com\/ca\/la-reivindicacio-dun-espai-public-per-a-tots-i-el-suport-a-gaza-marquen-linici-de-la-39a-mostra-de-valencia\/#article","isPartOf":{"@id":"https:\/\/lamostradevalencia.com\/ca\/la-reivindicacio-dun-espai-public-per-a-tots-i-el-suport-a-gaza-marquen-linici-de-la-39a-mostra-de-valencia\/"},"author":{"name":"Mostra de Val\u00e8ncia","@id":"https:\/\/lamostradevalencia.com\/ca\/#\/schema\/person\/1dc07e4df3d6310b81d2cdf6a034070c"},"headline":"La reivindicaci\u00f3 d&#8217;un espai p\u00fablic per a tots i el suport a Gaza marquen l&#8217;inici de la 39\u00aa Mostra de Val\u00e8ncia","datePublished":"2024-10-24T18:39:54+00:00","mainEntityOfPage":{"@id":"https:\/\/lamostradevalencia.com\/ca\/la-reivindicacio-dun-espai-public-per-a-tots-i-el-suport-a-gaza-marquen-linici-de-la-39a-mostra-de-valencia\/"},"wordCount":832,"commentCount":0,"image":{"@id":"https:\/\/lamostradevalencia.com\/ca\/la-reivindicacio-dun-espai-public-per-a-tots-i-el-suport-a-gaza-marquen-linici-de-la-39a-mostra-de-valencia\/#primaryimage"},"thumbnailUrl":"https:\/\/lamostradevalencia.com\/wp-content\/uploads\/2024\/10\/apertura-Mostra-2024.png","articleSection":["Not\u00edcias"],"inLanguage":"ca","potentialAction":[{"@type":"CommentAction","name":"Comment","target":["https:\/\/lamostradevalencia.com\/ca\/la-reivindicacio-dun-espai-public-per-a-tots-i-el-suport-a-gaza-marquen-linici-de-la-39a-mostra-de-valencia\/#respond"]}]},{"@type":"WebPage","@id":"https:\/\/lamostradevalencia.com\/ca\/la-reivindicacio-dun-espai-public-per-a-tots-i-el-suport-a-gaza-marquen-linici-de-la-39a-mostra-de-valencia\/","url":"https:\/\/lamostradevalencia.com\/ca\/la-reivindicacio-dun-espai-public-per-a-tots-i-el-suport-a-gaza-marquen-linici-de-la-39a-mostra-de-valencia\/","name":"La reivindicaci\u00f3 d'un espai p\u00fablic per a tots i el suport a Gaza marquen l'inici de la 39\u00aa Mostra de Val\u00e8ncia - Mostra de Val\u00e8ncia","isPartOf":{"@id":"https:\/\/lamostradevalencia.com\/ca\/#website"},"primaryImageOfPage":{"@id":"https:\/\/lamostradevalencia.com\/ca\/la-reivindicacio-dun-espai-public-per-a-tots-i-el-suport-a-gaza-marquen-linici-de-la-39a-mostra-de-valencia\/#primaryimage"},"image":{"@id":"https:\/\/lamostradevalencia.com\/ca\/la-reivindicacio-dun-espai-public-per-a-tots-i-el-suport-a-gaza-marquen-linici-de-la-39a-mostra-de-valencia\/#primaryimage"},"thumbnailUrl":"https:\/\/lamostradevalencia.com\/wp-content\/uploads\/2024\/10\/apertura-Mostra-2024.png","datePublished":"2024-10-24T18:39:54+00:00","author":{"@id":"https:\/\/lamostradevalencia.com\/ca\/#\/schema\/person\/1dc07e4df3d6310b81d2cdf6a034070c"},"breadcrumb":{"@id":"https:\/\/lamostradevalencia.com\/ca\/la-reivindicacio-dun-espai-public-per-a-tots-i-el-suport-a-gaza-marquen-linici-de-la-39a-mostra-de-valencia\/#breadcrumb"},"inLanguage":"ca","potentialAction":[{"@type":"ReadAction","target":["https:\/\/lamostradevalencia.com\/ca\/la-reivindicacio-dun-espai-public-per-a-tots-i-el-suport-a-gaza-marquen-linici-de-la-39a-mostra-de-valencia\/"]}]},{"@type":"ImageObject","inLanguage":"ca","@id":"https:\/\/lamostradevalencia.com\/ca\/la-reivindicacio-dun-espai-public-per-a-tots-i-el-suport-a-gaza-marquen-linici-de-la-39a-mostra-de-valencia\/#primaryimage","url":"https:\/\/lamostradevalencia.com\/wp-content\/uploads\/2024\/10\/apertura-Mostra-2024.png","contentUrl":"https:\/\/lamostradevalencia.com\/wp-content\/uploads\/2024\/10\/apertura-Mostra-2024.png","width":1334,"height":817},{"@type":"BreadcrumbList","@id":"https:\/\/lamostradevalencia.com\/ca\/la-reivindicacio-dun-espai-public-per-a-tots-i-el-suport-a-gaza-marquen-linici-de-la-39a-mostra-de-valencia\/#breadcrumb","itemListElement":[{"@type":"ListItem","position":1,"name":"Portada","item":"https:\/\/lamostradevalencia.com\/ca\/"},{"@type":"ListItem","position":2,"name":"La reivindicaci\u00f3 d&#8217;un espai p\u00fablic per a tots i el suport a Gaza marquen l&#8217;inici de la 39\u00aa Mostra de Val\u00e8ncia"}]},{"@type":"WebSite","@id":"https:\/\/lamostradevalencia.com\/ca\/#website","url":"https:\/\/lamostradevalencia.com\/ca\/","name":"Mostra de Val\u00e8ncia","description":"Cinema del Mediterrani","potentialAction":[{"@type":"SearchAction","target":{"@type":"EntryPoint","urlTemplate":"https:\/\/lamostradevalencia.com\/ca\/?s={search_term_string}"},"query-input":{"@type":"PropertyValueSpecification","valueRequired":true,"valueName":"search_term_string"}}],"inLanguage":"ca"},{"@type":"Person","@id":"https:\/\/lamostradevalencia.com\/ca\/#\/schema\/person\/1dc07e4df3d6310b81d2cdf6a034070c","name":"Mostra de Val\u00e8ncia","image":{"@type":"ImageObject","inLanguage":"ca","@id":"https:\/\/secure.gravatar.com\/avatar\/ada4dfd699a9907706987adb1bb2b361c2613ccca474b49b8c648de5208e32f8?s=96&d=mm&r=g","url":"https:\/\/secure.gravatar.com\/avatar\/ada4dfd699a9907706987adb1bb2b361c2613ccca474b49b8c648de5208e32f8?s=96&d=mm&r=g","contentUrl":"https:\/\/secure.gravatar.com\/avatar\/ada4dfd699a9907706987adb1bb2b361c2613ccca474b49b8c648de5208e32f8?s=96&d=mm&r=g","caption":"Mostra de Val\u00e8ncia"}}]}},"uagb_featured_image_src":{"full":["https:\/\/lamostradevalencia.com\/wp-content\/uploads\/2024\/10\/apertura-Mostra-2024.png",1334,817,false],"thumbnail":["https:\/\/lamostradevalencia.com\/wp-content\/uploads\/2024\/10\/apertura-Mostra-2024-150x150.png",150,150,true],"medium":["https:\/\/lamostradevalencia.com\/wp-content\/uploads\/2024\/10\/apertura-Mostra-2024-300x184.png",300,184,true],"medium_large":["https:\/\/lamostradevalencia.com\/wp-content\/uploads\/2024\/10\/apertura-Mostra-2024-768x470.png",768,470,true],"large":["https:\/\/lamostradevalencia.com\/wp-content\/uploads\/2024\/10\/apertura-Mostra-2024-1024x627.png",1024,627,true],"1536x1536":["https:\/\/lamostradevalencia.com\/wp-content\/uploads\/2024\/10\/apertura-Mostra-2024.png",1334,817,false],"2048x2048":["https:\/\/lamostradevalencia.com\/wp-content\/uploads\/2024\/10\/apertura-Mostra-2024.png",1334,817,false],"cinerama_edge_image_square":["https:\/\/lamostradevalencia.com\/wp-content\/uploads\/2024\/10\/apertura-Mostra-2024-550x550.png",550,550,true],"cinerama_edge_image_landscape":["https:\/\/lamostradevalencia.com\/wp-content\/uploads\/2024\/10\/apertura-Mostra-2024-1100x550.png",1100,550,true],"cinerama_edge_image_portrait":["https:\/\/lamostradevalencia.com\/wp-content\/uploads\/2024\/10\/apertura-Mostra-2024-550x817.png",550,817,true],"cinerama_edge_image_huge":["https:\/\/lamostradevalencia.com\/wp-content\/uploads\/2024\/10\/apertura-Mostra-2024-1100x817.png",1100,817,true],"gform-image-choice-sm":["https:\/\/lamostradevalencia.com\/wp-content\/uploads\/2024\/10\/apertura-Mostra-2024.png",300,184,false],"gform-image-choice-md":["https:\/\/lamostradevalencia.com\/wp-content\/uploads\/2024\/10\/apertura-Mostra-2024.png",400,245,false],"gform-image-choice-lg":["https:\/\/lamostradevalencia.com\/wp-content\/uploads\/2024\/10\/apertura-Mostra-2024.png",600,367,false]},"uagb_author_info":{"display_name":"Mostra de Val\u00e8ncia","author_link":"https:\/\/lamostradevalencia.com\/ca\/author\/mostravalencia\/"},"uagb_comment_info":0,"uagb_excerpt":"\u00a0Amb la projecci\u00f3 de la cinta valenciana \u2018Un bany propi\u2019 el festival dona pas a deu dies del cinema m\u00e9s comprom\u00e9s La gala inaugural de [&hellip;]","_links":{"self":[{"href":"https:\/\/lamostradevalencia.com\/ca\/wp-json\/wp\/v2\/posts\/26321","targetHints":{"allow":["GET"]}}],"collection":[{"href":"https:\/\/lamostradevalencia.com\/ca\/wp-json\/wp\/v2\/posts"}],"about":[{"href":"https:\/\/lamostradevalencia.com\/ca\/wp-json\/wp\/v2\/types\/post"}],"author":[{"embeddable":true,"href":"https:\/\/lamostradevalencia.com\/ca\/wp-json\/wp\/v2\/users\/1"}],"replies":[{"embeddable":true,"href":"https:\/\/lamostradevalencia.com\/ca\/wp-json\/wp\/v2\/comments?post=26321"}],"version-history":[{"count":1,"href":"https:\/\/lamostradevalencia.com\/ca\/wp-json\/wp\/v2\/posts\/26321\/revisions"}],"predecessor-version":[{"id":26322,"href":"https:\/\/lamostradevalencia.com\/ca\/wp-json\/wp\/v2\/posts\/26321\/revisions\/26322"}],"wp:featuredmedia":[{"embeddable":true,"href":"https:\/\/lamostradevalencia.com\/ca\/wp-json\/wp\/v2\/media\/26311"}],"wp:attachment":[{"href":"https:\/\/lamostradevalencia.com\/ca\/wp-json\/wp\/v2\/media?parent=26321"}],"wp:term":[{"taxonomy":"category","embeddable":true,"href":"https:\/\/lamostradevalencia.com\/ca\/wp-json\/wp\/v2\/categories?post=26321"},{"taxonomy":"post_tag","embeddable":true,"href":"https:\/\/lamostradevalencia.com\/ca\/wp-json\/wp\/v2\/tags?post=26321"}],"curies":[{"name":"wp","href":"https:\/\/api.w.org\/{rel}","templated":true}]}}