{"id":26210,"date":"2024-10-23T14:40:17","date_gmt":"2024-10-23T12:40:17","guid":{"rendered":"https:\/\/lamostradevalencia.com\/?p=26210"},"modified":"2024-10-23T14:59:17","modified_gmt":"2024-10-23T12:59:17","slug":"un-bany-propi-reivindica-el-dret-a-un-espai-propi-una-cosa-fonamental-amb-el-problema-de-la-vivenda-actual","status":"publish","type":"post","link":"https:\/\/lamostradevalencia.com\/ca\/un-bany-propi-reivindica-el-dret-a-un-espai-propi-una-cosa-fonamental-amb-el-problema-de-la-vivenda-actual\/","title":{"rendered":"\u201c\u2018Un bany propi\u2019 reivindica el dret a un espai propi, una cosa fonamental amb el problema de la vivenda actual\u201d"},"content":{"rendered":"<h5>La directora valenciana Luc\u00eda Casa\u00f1 Rodr\u00edguez obrir\u00e0 dem\u00e0 la competici\u00f3 oficial de la 39a Mostra amb \u2018Un bany propi\u2019<\/h5>\n<p>Mostra de Val\u00e8ncia-Cinema del Mediterrani ha presentat hui a la premsa la pel\u00b7l\u00edcula inaugural, \u2018Un bany propi\u2019, el debut en el llargmetratge de la valenciana Luc\u00eda Casa\u00f1 Rodr\u00edguez. <strong>Un relat d&#8217;emancipaci\u00f3 femenina sobre una mestressa de casa amb una inclinaci\u00f3 inusual cap als banys que reflexiona sobre l&#8217;\u00fas dels espais com una conquesta del propi.<\/strong> La realitzadora fuig del realisme i l&#8217;espectador no veu directament a cap personatge, sin\u00f3 la imatge que d&#8217;ells t\u00e9 la protagonista.<\/p>\n<p>Inspirada en els textos de Virginia Woolf i amb una clara al\u00b7lusi\u00f3 ja des del t\u00edtol que dona nom a la pel\u00b7l\u00edcula, la directora es recolza en el llegat literari de l&#8217;escriptora per a articular esta hist\u00f2ria: \u201cQuan vaig llegir \u2018Una habitaci\u00f3 pr\u00f2pia\u2019 va haver-hi un par\u00e0graf fonamental per a mi: el mateix any que es va aprovar el sufragi universal, 1916, Virginia Woolf va rebre una her\u00e8ncia, ella assegura que entre el dret a votar i els diners, preferia el segon. Aix\u00f2 \u00e9s pol\u00edticament incorrecte, per\u00f2 molt real. Ara tamb\u00e9 tenim els drets, per\u00f2 no l&#8217;autonomia per a poder exercir-los\u201d, assegura la directora.<\/p>\n<p>El bany \u00e9s un lloc fonamental per a la protagonista d&#8217;esta hist\u00f2ria: <strong>\u201c\u00c9s un espai molt especial on cadascun troba la seua intimitat. A mi m&#8217;interessa especialment com els espais, p\u00fablics o privats, determinen els comportaments. Reivindique el dret a tindre el nostre propi espai on poder ser, alguna cosa que amb l&#8217;actual problema de la vivenda \u00e9s fonamental\u201d<\/strong>, continua Casa\u00f1, que reconeix com a refer\u00e8ncies fonamentals a Kaurismaki, Douglas Sirk, per\u00f2 tamb\u00e9 pel\u00b7l\u00edcules com \u2018Am\u00e9lie\u2019 i \u2018El anacoreta\u2019, dirigida per Juan Estelrich i escrita per Rafael Azcona.<\/p>\n<p>Eixa dona de mitjana edat que escapa de les seues tasques dom\u00e8stiques i responsabilitats conjugals per a submergir-se en altres mons de ficci\u00f3 t\u00e9 el cos de<strong> Nuria Gonz\u00e1lez. L&#8217;actriu, tamb\u00e9 present en la roda de premsa de presentaci\u00f3 va recon\u00e9ixer que \u201cel meu personatge, Antonia, ja brillava en el paper perqu\u00e8 estava molt ben escrit. Conec a moltes Antonias. Sense anar m\u00e9s lluny, jo tinc 62 anys i la meua mare 90.<\/strong> Per tant he vist a la meua casa la necessitat de diners per a realitzar-se. Estes dones han viscut la vida de prestat, a mi em van educar per al mateix, per\u00f2 em vaig escapar a trav\u00e9s d&#8217;un grup de teatre, la meua mare hauria sigut m\u00e8dic si comptara amb els recursos necessaris\u201d.<\/p>\n<p>Completen el repartiment int\u00e8rprets coneguts de l&#8217;audiovisual valenci\u00e0 com Carles Sanjaime, Amparo B\u00e1guena, Antonio Mart\u00ednez &#8216;\u00d1o\u00f1o&#8217; i Manu Valls.\u00a0La pel\u00b7l\u00edcula, que es va estrenar mundialment en el Festival Internacional de Shangh\u00e1i i tamb\u00e9 ha passat pel Festival de Jakarta, \u00e9s una producci\u00f3 de Produccions Televisives Mecomlys amb distribuci\u00f3 i vendes internacionals de Begin Again Films i la col\u00b7laboraci\u00f3 d&#8217;\u00c0 Punt, Institut Valenci\u00e0 de Cultura i IVACE.<\/p>\n<p>La 39a edici\u00f3 de Mostra de Val\u00e8ncia-Cinema del Mediterrani est\u00e0 organitzada per l&#8217;Ajuntament de Val\u00e8ncia, compta amb la col\u00b7laboraci\u00f3 del Institut Valenci\u00e0 de Cultura, Palau de la M\u00fasica, Val\u00e8ncia Film Office (Fundaci\u00f3 Visit Val\u00e8ncia) i \u00c0 Punt M\u00e8dia com a mitj\u00e0 oficial i amb el patrocini de Hyundai Koryo Car.<\/p>\n","protected":false},"excerpt":{"rendered":"<p>La directora valenciana Luc\u00eda Casa\u00f1 Rodr\u00edguez obrir\u00e0 dem\u00e0 la competici\u00f3 oficial de la 39a Mostra amb \u2018Un bany propi\u2019 Mostra de Val\u00e8ncia-Cinema del Mediterrani ha [&hellip;]<\/p>\n","protected":false},"author":1,"featured_media":26204,"comment_status":"open","ping_status":"open","sticky":false,"template":"","format":"standard","meta":{"_uag_custom_page_level_css":"","_jet_sm_ready_style":"","_jet_sm_style":"","_jet_sm_controls_values":"","_jet_sm_fonts_collection":"","_jet_sm_fonts_links":"","footnotes":""},"categories":[455],"tags":[],"class_list":["post-26210","post","type-post","status-publish","format-standard","has-post-thumbnail","hentry","category-noticies"],"yoast_head":"<!-- This site is optimized with the Yoast SEO plugin v27.4 - https:\/\/yoast.com\/product\/yoast-seo-wordpress\/ -->\n<title>\u201c\u2018Un bany propi\u2019 reivindica el dret a un espai propi, una cosa fonamental amb el problema de la vivenda actual\u201d - Mostra de Val\u00e8ncia<\/title>\n<meta name=\"robots\" content=\"index, follow, max-snippet:-1, max-image-preview:large, max-video-preview:-1\" \/>\n<link rel=\"canonical\" href=\"https:\/\/lamostradevalencia.com\/ca\/un-bany-propi-reivindica-el-dret-a-un-espai-propi-una-cosa-fonamental-amb-el-problema-de-la-vivenda-actual\/\" \/>\n<meta property=\"og:locale\" content=\"ca_ES\" \/>\n<meta property=\"og:type\" content=\"article\" \/>\n<meta property=\"og:title\" content=\"\u201c\u2018Un bany propi\u2019 reivindica el dret a un espai propi, una cosa fonamental amb el problema de la vivenda actual\u201d - Mostra de Val\u00e8ncia\" \/>\n<meta property=\"og:description\" content=\"La directora valenciana Luc\u00eda Casa\u00f1 Rodr\u00edguez obrir\u00e0 dem\u00e0 la competici\u00f3 oficial de la 39a Mostra amb \u2018Un bany propi\u2019 Mostra de Val\u00e8ncia-Cinema del Mediterrani ha [&hellip;]\" \/>\n<meta property=\"og:url\" content=\"https:\/\/lamostradevalencia.com\/ca\/un-bany-propi-reivindica-el-dret-a-un-espai-propi-una-cosa-fonamental-amb-el-problema-de-la-vivenda-actual\/\" \/>\n<meta property=\"og:site_name\" content=\"Mostra de Val\u00e8ncia\" \/>\n<meta property=\"article:published_time\" content=\"2024-10-23T12:40:17+00:00\" \/>\n<meta property=\"article:modified_time\" content=\"2024-10-23T12:59:17+00:00\" \/>\n<meta property=\"og:image\" content=\"https:\/\/lamostradevalencia.com\/wp-content\/uploads\/2024\/10\/NereaColl-1-scaled-e1729686961662.jpg\" \/>\n\t<meta property=\"og:image:width\" content=\"2560\" \/>\n\t<meta property=\"og:image:height\" content=\"1707\" \/>\n\t<meta property=\"og:image:type\" content=\"image\/jpeg\" \/>\n<meta name=\"author\" content=\"Mostra de Val\u00e8ncia\" \/>\n<meta name=\"twitter:card\" content=\"summary_large_image\" \/>\n<meta name=\"twitter:label1\" content=\"Escrit per\" \/>\n\t<meta name=\"twitter:data1\" content=\"Mostra de Val\u00e8ncia\" \/>\n\t<meta name=\"twitter:label2\" content=\"Temps estimat de lectura\" \/>\n\t<meta name=\"twitter:data2\" content=\"3 minuts\" \/>\n<script type=\"application\/ld+json\" class=\"yoast-schema-graph\">{\"@context\":\"https:\\\/\\\/schema.org\",\"@graph\":[{\"@type\":\"Article\",\"@id\":\"https:\\\/\\\/lamostradevalencia.com\\\/ca\\\/un-bany-propi-reivindica-el-dret-a-un-espai-propi-una-cosa-fonamental-amb-el-problema-de-la-vivenda-actual\\\/#article\",\"isPartOf\":{\"@id\":\"https:\\\/\\\/lamostradevalencia.com\\\/ca\\\/un-bany-propi-reivindica-el-dret-a-un-espai-propi-una-cosa-fonamental-amb-el-problema-de-la-vivenda-actual\\\/\"},\"author\":{\"name\":\"Mostra de Val\u00e8ncia\",\"@id\":\"https:\\\/\\\/lamostradevalencia.com\\\/ca\\\/#\\\/schema\\\/person\\\/1dc07e4df3d6310b81d2cdf6a034070c\"},\"headline\":\"\u201c\u2018Un bany propi\u2019 reivindica el dret a un espai propi, una cosa fonamental amb el problema de la vivenda actual\u201d\",\"datePublished\":\"2024-10-23T12:40:17+00:00\",\"dateModified\":\"2024-10-23T12:59:17+00:00\",\"mainEntityOfPage\":{\"@id\":\"https:\\\/\\\/lamostradevalencia.com\\\/ca\\\/un-bany-propi-reivindica-el-dret-a-un-espai-propi-una-cosa-fonamental-amb-el-problema-de-la-vivenda-actual\\\/\"},\"wordCount\":602,\"commentCount\":0,\"image\":{\"@id\":\"https:\\\/\\\/lamostradevalencia.com\\\/ca\\\/un-bany-propi-reivindica-el-dret-a-un-espai-propi-una-cosa-fonamental-amb-el-problema-de-la-vivenda-actual\\\/#primaryimage\"},\"thumbnailUrl\":\"https:\\\/\\\/lamostradevalencia.com\\\/wp-content\\\/uploads\\\/2024\\\/10\\\/NereaColl-1-scaled-e1729686961662.jpg\",\"articleSection\":[\"Noticies\"],\"inLanguage\":\"ca\",\"potentialAction\":[{\"@type\":\"CommentAction\",\"name\":\"Comment\",\"target\":[\"https:\\\/\\\/lamostradevalencia.com\\\/ca\\\/un-bany-propi-reivindica-el-dret-a-un-espai-propi-una-cosa-fonamental-amb-el-problema-de-la-vivenda-actual\\\/#respond\"]}]},{\"@type\":\"WebPage\",\"@id\":\"https:\\\/\\\/lamostradevalencia.com\\\/ca\\\/un-bany-propi-reivindica-el-dret-a-un-espai-propi-una-cosa-fonamental-amb-el-problema-de-la-vivenda-actual\\\/\",\"url\":\"https:\\\/\\\/lamostradevalencia.com\\\/ca\\\/un-bany-propi-reivindica-el-dret-a-un-espai-propi-una-cosa-fonamental-amb-el-problema-de-la-vivenda-actual\\\/\",\"name\":\"\u201c\u2018Un bany propi\u2019 reivindica el dret a un espai propi, una cosa fonamental amb el problema de la vivenda actual\u201d - Mostra de Val\u00e8ncia\",\"isPartOf\":{\"@id\":\"https:\\\/\\\/lamostradevalencia.com\\\/ca\\\/#website\"},\"primaryImageOfPage\":{\"@id\":\"https:\\\/\\\/lamostradevalencia.com\\\/ca\\\/un-bany-propi-reivindica-el-dret-a-un-espai-propi-una-cosa-fonamental-amb-el-problema-de-la-vivenda-actual\\\/#primaryimage\"},\"image\":{\"@id\":\"https:\\\/\\\/lamostradevalencia.com\\\/ca\\\/un-bany-propi-reivindica-el-dret-a-un-espai-propi-una-cosa-fonamental-amb-el-problema-de-la-vivenda-actual\\\/#primaryimage\"},\"thumbnailUrl\":\"https:\\\/\\\/lamostradevalencia.com\\\/wp-content\\\/uploads\\\/2024\\\/10\\\/NereaColl-1-scaled-e1729686961662.jpg\",\"datePublished\":\"2024-10-23T12:40:17+00:00\",\"dateModified\":\"2024-10-23T12:59:17+00:00\",\"author\":{\"@id\":\"https:\\\/\\\/lamostradevalencia.com\\\/ca\\\/#\\\/schema\\\/person\\\/1dc07e4df3d6310b81d2cdf6a034070c\"},\"breadcrumb\":{\"@id\":\"https:\\\/\\\/lamostradevalencia.com\\\/ca\\\/un-bany-propi-reivindica-el-dret-a-un-espai-propi-una-cosa-fonamental-amb-el-problema-de-la-vivenda-actual\\\/#breadcrumb\"},\"inLanguage\":\"ca\",\"potentialAction\":[{\"@type\":\"ReadAction\",\"target\":[\"https:\\\/\\\/lamostradevalencia.com\\\/ca\\\/un-bany-propi-reivindica-el-dret-a-un-espai-propi-una-cosa-fonamental-amb-el-problema-de-la-vivenda-actual\\\/\"]}]},{\"@type\":\"ImageObject\",\"inLanguage\":\"ca\",\"@id\":\"https:\\\/\\\/lamostradevalencia.com\\\/ca\\\/un-bany-propi-reivindica-el-dret-a-un-espai-propi-una-cosa-fonamental-amb-el-problema-de-la-vivenda-actual\\\/#primaryimage\",\"url\":\"https:\\\/\\\/lamostradevalencia.com\\\/wp-content\\\/uploads\\\/2024\\\/10\\\/NereaColl-1-scaled-e1729686961662.jpg\",\"contentUrl\":\"https:\\\/\\\/lamostradevalencia.com\\\/wp-content\\\/uploads\\\/2024\\\/10\\\/NereaColl-1-scaled-e1729686961662.jpg\",\"width\":2560,\"height\":1707},{\"@type\":\"BreadcrumbList\",\"@id\":\"https:\\\/\\\/lamostradevalencia.com\\\/ca\\\/un-bany-propi-reivindica-el-dret-a-un-espai-propi-una-cosa-fonamental-amb-el-problema-de-la-vivenda-actual\\\/#breadcrumb\",\"itemListElement\":[{\"@type\":\"ListItem\",\"position\":1,\"name\":\"Portada\",\"item\":\"https:\\\/\\\/lamostradevalencia.com\\\/ca\\\/\"},{\"@type\":\"ListItem\",\"position\":2,\"name\":\"\u201c\u2018Un bany propi\u2019 reivindica el dret a un espai propi, una cosa fonamental amb el problema de la vivenda actual\u201d\"}]},{\"@type\":\"WebSite\",\"@id\":\"https:\\\/\\\/lamostradevalencia.com\\\/ca\\\/#website\",\"url\":\"https:\\\/\\\/lamostradevalencia.com\\\/ca\\\/\",\"name\":\"Mostra de Val\u00e8ncia\",\"description\":\"Cinema del Mediterrani\",\"potentialAction\":[{\"@type\":\"SearchAction\",\"target\":{\"@type\":\"EntryPoint\",\"urlTemplate\":\"https:\\\/\\\/lamostradevalencia.com\\\/ca\\\/?s={search_term_string}\"},\"query-input\":{\"@type\":\"PropertyValueSpecification\",\"valueRequired\":true,\"valueName\":\"search_term_string\"}}],\"inLanguage\":\"ca\"},{\"@type\":\"Person\",\"@id\":\"https:\\\/\\\/lamostradevalencia.com\\\/ca\\\/#\\\/schema\\\/person\\\/1dc07e4df3d6310b81d2cdf6a034070c\",\"name\":\"Mostra de Val\u00e8ncia\",\"image\":{\"@type\":\"ImageObject\",\"inLanguage\":\"ca\",\"@id\":\"https:\\\/\\\/secure.gravatar.com\\\/avatar\\\/ada4dfd699a9907706987adb1bb2b361c2613ccca474b49b8c648de5208e32f8?s=96&d=mm&r=g\",\"url\":\"https:\\\/\\\/secure.gravatar.com\\\/avatar\\\/ada4dfd699a9907706987adb1bb2b361c2613ccca474b49b8c648de5208e32f8?s=96&d=mm&r=g\",\"contentUrl\":\"https:\\\/\\\/secure.gravatar.com\\\/avatar\\\/ada4dfd699a9907706987adb1bb2b361c2613ccca474b49b8c648de5208e32f8?s=96&d=mm&r=g\",\"caption\":\"Mostra de Val\u00e8ncia\"}}]}<\/script>\n<!-- \/ Yoast SEO plugin. -->","yoast_head_json":{"title":"\u201c\u2018Un bany propi\u2019 reivindica el dret a un espai propi, una cosa fonamental amb el problema de la vivenda actual\u201d - Mostra de Val\u00e8ncia","robots":{"index":"index","follow":"follow","max-snippet":"max-snippet:-1","max-image-preview":"max-image-preview:large","max-video-preview":"max-video-preview:-1"},"canonical":"https:\/\/lamostradevalencia.com\/ca\/un-bany-propi-reivindica-el-dret-a-un-espai-propi-una-cosa-fonamental-amb-el-problema-de-la-vivenda-actual\/","og_locale":"ca_ES","og_type":"article","og_title":"\u201c\u2018Un bany propi\u2019 reivindica el dret a un espai propi, una cosa fonamental amb el problema de la vivenda actual\u201d - Mostra de Val\u00e8ncia","og_description":"La directora valenciana Luc\u00eda Casa\u00f1 Rodr\u00edguez obrir\u00e0 dem\u00e0 la competici\u00f3 oficial de la 39a Mostra amb \u2018Un bany propi\u2019 Mostra de Val\u00e8ncia-Cinema del Mediterrani ha [&hellip;]","og_url":"https:\/\/lamostradevalencia.com\/ca\/un-bany-propi-reivindica-el-dret-a-un-espai-propi-una-cosa-fonamental-amb-el-problema-de-la-vivenda-actual\/","og_site_name":"Mostra de Val\u00e8ncia","article_published_time":"2024-10-23T12:40:17+00:00","article_modified_time":"2024-10-23T12:59:17+00:00","og_image":[{"width":2560,"height":1707,"url":"https:\/\/lamostradevalencia.com\/wp-content\/uploads\/2024\/10\/NereaColl-1-scaled-e1729686961662.jpg","type":"image\/jpeg"}],"author":"Mostra de Val\u00e8ncia","twitter_card":"summary_large_image","twitter_misc":{"Escrit per":"Mostra de Val\u00e8ncia","Temps estimat de lectura":"3 minuts"},"schema":{"@context":"https:\/\/schema.org","@graph":[{"@type":"Article","@id":"https:\/\/lamostradevalencia.com\/ca\/un-bany-propi-reivindica-el-dret-a-un-espai-propi-una-cosa-fonamental-amb-el-problema-de-la-vivenda-actual\/#article","isPartOf":{"@id":"https:\/\/lamostradevalencia.com\/ca\/un-bany-propi-reivindica-el-dret-a-un-espai-propi-una-cosa-fonamental-amb-el-problema-de-la-vivenda-actual\/"},"author":{"name":"Mostra de Val\u00e8ncia","@id":"https:\/\/lamostradevalencia.com\/ca\/#\/schema\/person\/1dc07e4df3d6310b81d2cdf6a034070c"},"headline":"\u201c\u2018Un bany propi\u2019 reivindica el dret a un espai propi, una cosa fonamental amb el problema de la vivenda actual\u201d","datePublished":"2024-10-23T12:40:17+00:00","dateModified":"2024-10-23T12:59:17+00:00","mainEntityOfPage":{"@id":"https:\/\/lamostradevalencia.com\/ca\/un-bany-propi-reivindica-el-dret-a-un-espai-propi-una-cosa-fonamental-amb-el-problema-de-la-vivenda-actual\/"},"wordCount":602,"commentCount":0,"image":{"@id":"https:\/\/lamostradevalencia.com\/ca\/un-bany-propi-reivindica-el-dret-a-un-espai-propi-una-cosa-fonamental-amb-el-problema-de-la-vivenda-actual\/#primaryimage"},"thumbnailUrl":"https:\/\/lamostradevalencia.com\/wp-content\/uploads\/2024\/10\/NereaColl-1-scaled-e1729686961662.jpg","articleSection":["Noticies"],"inLanguage":"ca","potentialAction":[{"@type":"CommentAction","name":"Comment","target":["https:\/\/lamostradevalencia.com\/ca\/un-bany-propi-reivindica-el-dret-a-un-espai-propi-una-cosa-fonamental-amb-el-problema-de-la-vivenda-actual\/#respond"]}]},{"@type":"WebPage","@id":"https:\/\/lamostradevalencia.com\/ca\/un-bany-propi-reivindica-el-dret-a-un-espai-propi-una-cosa-fonamental-amb-el-problema-de-la-vivenda-actual\/","url":"https:\/\/lamostradevalencia.com\/ca\/un-bany-propi-reivindica-el-dret-a-un-espai-propi-una-cosa-fonamental-amb-el-problema-de-la-vivenda-actual\/","name":"\u201c\u2018Un bany propi\u2019 reivindica el dret a un espai propi, una cosa fonamental amb el problema de la vivenda actual\u201d - Mostra de Val\u00e8ncia","isPartOf":{"@id":"https:\/\/lamostradevalencia.com\/ca\/#website"},"primaryImageOfPage":{"@id":"https:\/\/lamostradevalencia.com\/ca\/un-bany-propi-reivindica-el-dret-a-un-espai-propi-una-cosa-fonamental-amb-el-problema-de-la-vivenda-actual\/#primaryimage"},"image":{"@id":"https:\/\/lamostradevalencia.com\/ca\/un-bany-propi-reivindica-el-dret-a-un-espai-propi-una-cosa-fonamental-amb-el-problema-de-la-vivenda-actual\/#primaryimage"},"thumbnailUrl":"https:\/\/lamostradevalencia.com\/wp-content\/uploads\/2024\/10\/NereaColl-1-scaled-e1729686961662.jpg","datePublished":"2024-10-23T12:40:17+00:00","dateModified":"2024-10-23T12:59:17+00:00","author":{"@id":"https:\/\/lamostradevalencia.com\/ca\/#\/schema\/person\/1dc07e4df3d6310b81d2cdf6a034070c"},"breadcrumb":{"@id":"https:\/\/lamostradevalencia.com\/ca\/un-bany-propi-reivindica-el-dret-a-un-espai-propi-una-cosa-fonamental-amb-el-problema-de-la-vivenda-actual\/#breadcrumb"},"inLanguage":"ca","potentialAction":[{"@type":"ReadAction","target":["https:\/\/lamostradevalencia.com\/ca\/un-bany-propi-reivindica-el-dret-a-un-espai-propi-una-cosa-fonamental-amb-el-problema-de-la-vivenda-actual\/"]}]},{"@type":"ImageObject","inLanguage":"ca","@id":"https:\/\/lamostradevalencia.com\/ca\/un-bany-propi-reivindica-el-dret-a-un-espai-propi-una-cosa-fonamental-amb-el-problema-de-la-vivenda-actual\/#primaryimage","url":"https:\/\/lamostradevalencia.com\/wp-content\/uploads\/2024\/10\/NereaColl-1-scaled-e1729686961662.jpg","contentUrl":"https:\/\/lamostradevalencia.com\/wp-content\/uploads\/2024\/10\/NereaColl-1-scaled-e1729686961662.jpg","width":2560,"height":1707},{"@type":"BreadcrumbList","@id":"https:\/\/lamostradevalencia.com\/ca\/un-bany-propi-reivindica-el-dret-a-un-espai-propi-una-cosa-fonamental-amb-el-problema-de-la-vivenda-actual\/#breadcrumb","itemListElement":[{"@type":"ListItem","position":1,"name":"Portada","item":"https:\/\/lamostradevalencia.com\/ca\/"},{"@type":"ListItem","position":2,"name":"\u201c\u2018Un bany propi\u2019 reivindica el dret a un espai propi, una cosa fonamental amb el problema de la vivenda actual\u201d"}]},{"@type":"WebSite","@id":"https:\/\/lamostradevalencia.com\/ca\/#website","url":"https:\/\/lamostradevalencia.com\/ca\/","name":"Mostra de Val\u00e8ncia","description":"Cinema del Mediterrani","potentialAction":[{"@type":"SearchAction","target":{"@type":"EntryPoint","urlTemplate":"https:\/\/lamostradevalencia.com\/ca\/?s={search_term_string}"},"query-input":{"@type":"PropertyValueSpecification","valueRequired":true,"valueName":"search_term_string"}}],"inLanguage":"ca"},{"@type":"Person","@id":"https:\/\/lamostradevalencia.com\/ca\/#\/schema\/person\/1dc07e4df3d6310b81d2cdf6a034070c","name":"Mostra de Val\u00e8ncia","image":{"@type":"ImageObject","inLanguage":"ca","@id":"https:\/\/secure.gravatar.com\/avatar\/ada4dfd699a9907706987adb1bb2b361c2613ccca474b49b8c648de5208e32f8?s=96&d=mm&r=g","url":"https:\/\/secure.gravatar.com\/avatar\/ada4dfd699a9907706987adb1bb2b361c2613ccca474b49b8c648de5208e32f8?s=96&d=mm&r=g","contentUrl":"https:\/\/secure.gravatar.com\/avatar\/ada4dfd699a9907706987adb1bb2b361c2613ccca474b49b8c648de5208e32f8?s=96&d=mm&r=g","caption":"Mostra de Val\u00e8ncia"}}]}},"uagb_featured_image_src":{"full":["https:\/\/lamostradevalencia.com\/wp-content\/uploads\/2024\/10\/NereaColl-1-scaled-e1729686961662.jpg",2560,1707,false],"thumbnail":["https:\/\/lamostradevalencia.com\/wp-content\/uploads\/2024\/10\/NereaColl-1-150x150.jpg",150,150,true],"medium":["https:\/\/lamostradevalencia.com\/wp-content\/uploads\/2024\/10\/NereaColl-1-300x200.jpg",300,200,true],"medium_large":["https:\/\/lamostradevalencia.com\/wp-content\/uploads\/2024\/10\/NereaColl-1-768x512.jpg",768,512,true],"large":["https:\/\/lamostradevalencia.com\/wp-content\/uploads\/2024\/10\/NereaColl-1-1024x683.jpg",1024,683,true],"1536x1536":["https:\/\/lamostradevalencia.com\/wp-content\/uploads\/2024\/10\/NereaColl-1-1536x1024.jpg",1536,1024,true],"2048x2048":["https:\/\/lamostradevalencia.com\/wp-content\/uploads\/2024\/10\/NereaColl-1-2048x1366.jpg",2048,1366,true],"cinerama_edge_image_square":["https:\/\/lamostradevalencia.com\/wp-content\/uploads\/2024\/10\/NereaColl-1-550x550.jpg",550,550,true],"cinerama_edge_image_landscape":["https:\/\/lamostradevalencia.com\/wp-content\/uploads\/2024\/10\/NereaColl-1-1100x550.jpg",1100,550,true],"cinerama_edge_image_portrait":["https:\/\/lamostradevalencia.com\/wp-content\/uploads\/2024\/10\/NereaColl-1-550x1100.jpg",550,1100,true],"cinerama_edge_image_huge":["https:\/\/lamostradevalencia.com\/wp-content\/uploads\/2024\/10\/NereaColl-1-1100x1100.jpg",1100,1100,true],"gform-image-choice-sm":["https:\/\/lamostradevalencia.com\/wp-content\/uploads\/2024\/10\/NereaColl-1-scaled-e1729686961662.jpg",300,200,false],"gform-image-choice-md":["https:\/\/lamostradevalencia.com\/wp-content\/uploads\/2024\/10\/NereaColl-1-scaled-e1729686961662.jpg",400,267,false],"gform-image-choice-lg":["https:\/\/lamostradevalencia.com\/wp-content\/uploads\/2024\/10\/NereaColl-1-scaled-e1729686961662.jpg",600,400,false]},"uagb_author_info":{"display_name":"Mostra de Val\u00e8ncia","author_link":"https:\/\/lamostradevalencia.com\/ca\/author\/mostravalencia\/"},"uagb_comment_info":0,"uagb_excerpt":"La directora valenciana Luc\u00eda Casa\u00f1 Rodr\u00edguez obrir\u00e0 dem\u00e0 la competici\u00f3 oficial de la 39a Mostra amb \u2018Un bany propi\u2019 Mostra de Val\u00e8ncia-Cinema del Mediterrani ha [&hellip;]","_links":{"self":[{"href":"https:\/\/lamostradevalencia.com\/ca\/wp-json\/wp\/v2\/posts\/26210","targetHints":{"allow":["GET"]}}],"collection":[{"href":"https:\/\/lamostradevalencia.com\/ca\/wp-json\/wp\/v2\/posts"}],"about":[{"href":"https:\/\/lamostradevalencia.com\/ca\/wp-json\/wp\/v2\/types\/post"}],"author":[{"embeddable":true,"href":"https:\/\/lamostradevalencia.com\/ca\/wp-json\/wp\/v2\/users\/1"}],"replies":[{"embeddable":true,"href":"https:\/\/lamostradevalencia.com\/ca\/wp-json\/wp\/v2\/comments?post=26210"}],"version-history":[{"count":1,"href":"https:\/\/lamostradevalencia.com\/ca\/wp-json\/wp\/v2\/posts\/26210\/revisions"}],"predecessor-version":[{"id":26211,"href":"https:\/\/lamostradevalencia.com\/ca\/wp-json\/wp\/v2\/posts\/26210\/revisions\/26211"}],"wp:featuredmedia":[{"embeddable":true,"href":"https:\/\/lamostradevalencia.com\/ca\/wp-json\/wp\/v2\/media\/26204"}],"wp:attachment":[{"href":"https:\/\/lamostradevalencia.com\/ca\/wp-json\/wp\/v2\/media?parent=26210"}],"wp:term":[{"taxonomy":"category","embeddable":true,"href":"https:\/\/lamostradevalencia.com\/ca\/wp-json\/wp\/v2\/categories?post=26210"},{"taxonomy":"post_tag","embeddable":true,"href":"https:\/\/lamostradevalencia.com\/ca\/wp-json\/wp\/v2\/tags?post=26210"}],"curies":[{"name":"wp","href":"https:\/\/api.w.org\/{rel}","templated":true}]}}