{"id":25915,"date":"2024-10-10T10:34:34","date_gmt":"2024-10-10T08:34:34","guid":{"rendered":"https:\/\/lamostradevalencia.com\/?p=25915"},"modified":"2024-10-10T10:32:54","modified_gmt":"2024-10-10T08:32:54","slug":"bodegon-con-fantasmas-una-comedia-negra-costumista-i-paranormal-tancara-mostra-de-valencia","status":"publish","type":"post","link":"https:\/\/lamostradevalencia.com\/ca\/bodegon-con-fantasmas-una-comedia-negra-costumista-i-paranormal-tancara-mostra-de-valencia\/","title":{"rendered":"\u2018Bodeg\u00f3n con fantasmas\u2019: una com\u00e8dia negra costumista i paranormal tancar\u00e0 Mostra de Val\u00e8ncia"},"content":{"rendered":"<h5><b>L&#8217;\u00f2pera prima del manxec Enrique Buleo, de producci\u00f3 valenciana, \u00e9s una tragicom\u00e8dia rural que ompli d&#8217;esperits l&#8217;Espanya buidada<\/b><\/h5>\n<p><span style=\"font-weight: 400;\">Mostra de Val\u00e8ncia-Cinema del Mediterrani, que se celebrar\u00e0 del 24 d&#8217;octubre al 3 de novembre, tancar\u00e0 la seua 39\u00aa edici\u00f3 amb l&#8217;estrena local de la producci\u00f3 valenciana \u2018Bodeg\u00f3n con fantasmas\u2019. Per al seu primer llargmetratge, Enrique Buleo ha triat portar a la pantalla una hist\u00f2ria dividida en diversos episodis on fantasmes i humans conviuen en un xicotet poble d&#8217;interior. La pel\u00b7l\u00edcula, que ha captivat festivals com ara Locarno o Sitges, no renuncia a l&#8217;ess\u00e8ncia que ha caracteritzat la filmografia del director fins ara: acudix a rituals paranormals, a aparicions familiars des del m\u00e9s enll\u00e0 i fins i tot a un capell\u00e0 sense fe visitat per espectres.\u00a0<\/span><\/p>\n<p><span style=\"font-weight: 400;\">Buleo retrata la relaci\u00f3 entre vius i morts amb espontane\u00eftat, en una original proposta en clau de com\u00e8dia negra: <\/span><b>\u201cJo m&#8217;he criat en un ambient on all\u00f2 paranormal s&#8217;accepta amb normalitat, aix\u00ed que no em costa res imaginar alg\u00fa que amb la mateixa naturalitat amb qu\u00e8 ix a comprar al supermercat es posa a fer la ouija en tornar a casa\u201d, <\/b><span style=\"font-weight: 400;\">comenta. Uns, els vius, lluitant contra les dificultats de la vida; mentre que uns altres, els morts, breguen amb els disgustos del m\u00e9s enll\u00e0. Una aproximaci\u00f3 a la mort amb la qual el director, confessa, estava molt sensibilitzat quan es va posar a escriure el gui\u00f3. Segons explica, \u2018Bodeg\u00f3n con fantasmas\u2019 respon a \u201cuna necessitat d&#8217;exorcitzar-la i acostar-me a ella de la manera menys traum\u00e0tica possible\u201d.\u00a0<\/span><\/p>\n<p><span style=\"font-weight: 400;\">Originari de la Manxa, Enrique Buleo va triar La Manchuela, Castell\u00f3 i Val\u00e8ncia com a localitzacions principals, una decisi\u00f3 -la de combinar ambd\u00f3s terres- que repetix de l\u2019anterior curtmetratge, \u2018Las visitantes\u2019. Entre els<\/span> <span style=\"font-weight: 400;\">trets que definixen la seua personalitat com a cineasta, destaquen el retrat de l&#8217;Espanya buidada i de les dones de la tercera edat que la poblen, un particular \u00fas de l&#8217;humor costumista, aix\u00ed com la decisi\u00f3 d&#8217;envoltar-se d&#8217;un repartiment coral que mescla en un mateix pla int\u00e8rprets professionals i no professionals: \u201cCrec que cadascun ha aportat el millor de si mateix. Uns la professionalitat i altres la frescor. Treballar amb ells ha sigut prou f\u00e0cil. Tots es mouen, m\u00e9s o menys, en un registre semblant, una cosa que buscava a prop\u00f2sit\u201d. En el repartiment figuren els valencians Enric Benavent, Patty Bonet, Cristina Garc\u00eda, Jordi Aguilar i Ferran Gadea.\u00a0<\/span><\/p>\n<p><span style=\"font-weight: 400;\">A m\u00e9s, la pel\u00b7l\u00edcula compta amb diverses direccions valencianes, entre les quals destaquen Raquel Porter (vestuari), Jos\u00e9 Manuel Sospedra (so), Lux Light Team o Luc\u00eda de Lope en la direcci\u00f3 d&#8217;art, essencial en un projecte amb una est\u00e8tica costumista tan marcada, que refor\u00e7a tant el gui\u00f3 com els personatges. Sense oblidar la productora Alejandra Mora, amb qui el director ha treballat des del seu segon curtmetratge, \u2018El infierno y tal\u2019. \u201cTornar a Val\u00e8ncia sempre \u00e9s un luxe. I fer-ho per a estrenar en la Mostra, encara m\u00e9s. Val\u00e8ncia \u00e9s un lloc que sent com a part de mi i que ha sigut clau per al desenvolupament del meu treball. En els \u00faltims anys, el cine m&#8217;ha tornat a acostar a esta ciutat\u201d, declara el director, confirmant aix\u00ed la estreta vinculaci\u00f3 amb Val\u00e8ncia.<\/span><\/p>\n<p><span style=\"font-weight: 400;\">Despr\u00e9s de passar per Locarno, un dels festivals m\u00e9s rellevants del panorama del cine independent, on va participar en la secci\u00f3 <\/span><i><span style=\"font-weight: 400;\">First Look<\/span><\/i><span style=\"font-weight: 400;\">, \u2018Bodeg\u00f3n con fantasmas\u2019 ha tingut l\u2019estrena espanyola en la secci\u00f3 oficial del festival de Sitges.\u00a0<\/span><\/p>\n<p><span style=\"font-weight: 400;\">La pel\u00b7l\u00edcula compta amb la participaci\u00f3 d&#8217;\u00c0 Punt M\u00e8dia, <\/span><span style=\"font-weight: 400;\">Castella-la Manxa<\/span><span style=\"font-weight: 400;\"> Media, ETuria CLM i el suport de l\u2019IVC, ICAA, i Media Europa. Est\u00e0 produ\u00efda per Amora Films i Cuidado con el perro, en coproducci\u00f3 amb la productora francesa Ikki Films i la s\u00e8rbia This and That, una de les poques coproduccions espanyoles amb este pa\u00eds.\u00a0<\/span><\/p>\n<p><span style=\"font-weight: 400;\">La 39a edici\u00f3 de Mostra de Val\u00e8ncia-Cinema del Mediterrani est\u00e0 organitzada per l&#8217;Ajuntament de Val\u00e8ncia, compta amb la col\u00b7laboraci\u00f3 de l\u2019Institut Valenci\u00e0 de Cultura, Palau de la M\u00fasica, Val\u00e8ncia Film Office (Fundaci\u00f3 Visit Val\u00e8ncia) i \u00c0 Punt M\u00e8dia com a mitj\u00e0 oficial i amb el patrocini de Hyundai Koryo Car.<\/span><\/p>\n","protected":false},"excerpt":{"rendered":"<p>L&#8217;\u00f2pera prima del manxec Enrique Buleo, de producci\u00f3 valenciana, \u00e9s una tragicom\u00e8dia rural que ompli d&#8217;esperits l&#8217;Espanya buidada Mostra de Val\u00e8ncia-Cinema del Mediterrani, que se [&hellip;]<\/p>\n","protected":false},"author":1,"featured_media":25902,"comment_status":"open","ping_status":"open","sticky":false,"template":"","format":"standard","meta":{"_uag_custom_page_level_css":"","_jet_sm_ready_style":"","_jet_sm_style":"","_jet_sm_controls_values":"","_jet_sm_fonts_collection":"","_jet_sm_fonts_links":"","footnotes":""},"categories":[455],"tags":[],"class_list":["post-25915","post","type-post","status-publish","format-standard","has-post-thumbnail","hentry","category-noticies"],"yoast_head":"<!-- This site is optimized with the Yoast SEO plugin v27.4 - https:\/\/yoast.com\/product\/yoast-seo-wordpress\/ -->\n<title>\u2018Bodeg\u00f3n con fantasmas\u2019: una com\u00e8dia negra costumista i paranormal tancar\u00e0 Mostra de Val\u00e8ncia - Mostra de Val\u00e8ncia<\/title>\n<meta name=\"robots\" content=\"index, follow, max-snippet:-1, max-image-preview:large, max-video-preview:-1\" \/>\n<link rel=\"canonical\" href=\"https:\/\/lamostradevalencia.com\/ca\/bodegon-con-fantasmas-una-comedia-negra-costumista-i-paranormal-tancara-mostra-de-valencia\/\" \/>\n<meta property=\"og:locale\" content=\"ca_ES\" \/>\n<meta property=\"og:type\" content=\"article\" \/>\n<meta property=\"og:title\" content=\"\u2018Bodeg\u00f3n con fantasmas\u2019: una com\u00e8dia negra costumista i paranormal tancar\u00e0 Mostra de Val\u00e8ncia - Mostra de Val\u00e8ncia\" \/>\n<meta property=\"og:description\" content=\"L&#8217;\u00f2pera prima del manxec Enrique Buleo, de producci\u00f3 valenciana, \u00e9s una tragicom\u00e8dia rural que ompli d&#8217;esperits l&#8217;Espanya buidada Mostra de Val\u00e8ncia-Cinema del Mediterrani, que se [&hellip;]\" \/>\n<meta property=\"og:url\" content=\"https:\/\/lamostradevalencia.com\/ca\/bodegon-con-fantasmas-una-comedia-negra-costumista-i-paranormal-tancara-mostra-de-valencia\/\" \/>\n<meta property=\"og:site_name\" content=\"Mostra de Val\u00e8ncia\" \/>\n<meta property=\"article:published_time\" content=\"2024-10-10T08:34:34+00:00\" \/>\n<meta property=\"og:image\" content=\"https:\/\/lamostradevalencia.com\/wp-content\/uploads\/2024\/10\/Bodegon-con-Fantasmas-1.png\" \/>\n\t<meta property=\"og:image:width\" content=\"900\" \/>\n\t<meta property=\"og:image:height\" content=\"572\" \/>\n\t<meta property=\"og:image:type\" content=\"image\/png\" \/>\n<meta name=\"author\" content=\"Mostra de Val\u00e8ncia\" \/>\n<meta name=\"twitter:card\" content=\"summary_large_image\" \/>\n<meta name=\"twitter:label1\" content=\"Escrit per\" \/>\n\t<meta name=\"twitter:data1\" content=\"Mostra de Val\u00e8ncia\" \/>\n\t<meta name=\"twitter:label2\" content=\"Temps estimat de lectura\" \/>\n\t<meta name=\"twitter:data2\" content=\"4 minuts\" \/>\n<script type=\"application\/ld+json\" class=\"yoast-schema-graph\">{\"@context\":\"https:\\\/\\\/schema.org\",\"@graph\":[{\"@type\":\"Article\",\"@id\":\"https:\\\/\\\/lamostradevalencia.com\\\/ca\\\/bodegon-con-fantasmas-una-comedia-negra-costumista-i-paranormal-tancara-mostra-de-valencia\\\/#article\",\"isPartOf\":{\"@id\":\"https:\\\/\\\/lamostradevalencia.com\\\/ca\\\/bodegon-con-fantasmas-una-comedia-negra-costumista-i-paranormal-tancara-mostra-de-valencia\\\/\"},\"author\":{\"name\":\"Mostra de Val\u00e8ncia\",\"@id\":\"https:\\\/\\\/lamostradevalencia.com\\\/ca\\\/#\\\/schema\\\/person\\\/1dc07e4df3d6310b81d2cdf6a034070c\"},\"headline\":\"\u2018Bodeg\u00f3n con fantasmas\u2019: una com\u00e8dia negra costumista i paranormal tancar\u00e0 Mostra de Val\u00e8ncia\",\"datePublished\":\"2024-10-10T08:34:34+00:00\",\"mainEntityOfPage\":{\"@id\":\"https:\\\/\\\/lamostradevalencia.com\\\/ca\\\/bodegon-con-fantasmas-una-comedia-negra-costumista-i-paranormal-tancara-mostra-de-valencia\\\/\"},\"wordCount\":747,\"commentCount\":0,\"image\":{\"@id\":\"https:\\\/\\\/lamostradevalencia.com\\\/ca\\\/bodegon-con-fantasmas-una-comedia-negra-costumista-i-paranormal-tancara-mostra-de-valencia\\\/#primaryimage\"},\"thumbnailUrl\":\"https:\\\/\\\/lamostradevalencia.com\\\/wp-content\\\/uploads\\\/2024\\\/10\\\/Bodegon-con-Fantasmas-1.png\",\"articleSection\":[\"Noticies\"],\"inLanguage\":\"ca\",\"potentialAction\":[{\"@type\":\"CommentAction\",\"name\":\"Comment\",\"target\":[\"https:\\\/\\\/lamostradevalencia.com\\\/ca\\\/bodegon-con-fantasmas-una-comedia-negra-costumista-i-paranormal-tancara-mostra-de-valencia\\\/#respond\"]}]},{\"@type\":\"WebPage\",\"@id\":\"https:\\\/\\\/lamostradevalencia.com\\\/ca\\\/bodegon-con-fantasmas-una-comedia-negra-costumista-i-paranormal-tancara-mostra-de-valencia\\\/\",\"url\":\"https:\\\/\\\/lamostradevalencia.com\\\/ca\\\/bodegon-con-fantasmas-una-comedia-negra-costumista-i-paranormal-tancara-mostra-de-valencia\\\/\",\"name\":\"\u2018Bodeg\u00f3n con fantasmas\u2019: una com\u00e8dia negra costumista i paranormal tancar\u00e0 Mostra de Val\u00e8ncia - Mostra de Val\u00e8ncia\",\"isPartOf\":{\"@id\":\"https:\\\/\\\/lamostradevalencia.com\\\/ca\\\/#website\"},\"primaryImageOfPage\":{\"@id\":\"https:\\\/\\\/lamostradevalencia.com\\\/ca\\\/bodegon-con-fantasmas-una-comedia-negra-costumista-i-paranormal-tancara-mostra-de-valencia\\\/#primaryimage\"},\"image\":{\"@id\":\"https:\\\/\\\/lamostradevalencia.com\\\/ca\\\/bodegon-con-fantasmas-una-comedia-negra-costumista-i-paranormal-tancara-mostra-de-valencia\\\/#primaryimage\"},\"thumbnailUrl\":\"https:\\\/\\\/lamostradevalencia.com\\\/wp-content\\\/uploads\\\/2024\\\/10\\\/Bodegon-con-Fantasmas-1.png\",\"datePublished\":\"2024-10-10T08:34:34+00:00\",\"author\":{\"@id\":\"https:\\\/\\\/lamostradevalencia.com\\\/ca\\\/#\\\/schema\\\/person\\\/1dc07e4df3d6310b81d2cdf6a034070c\"},\"breadcrumb\":{\"@id\":\"https:\\\/\\\/lamostradevalencia.com\\\/ca\\\/bodegon-con-fantasmas-una-comedia-negra-costumista-i-paranormal-tancara-mostra-de-valencia\\\/#breadcrumb\"},\"inLanguage\":\"ca\",\"potentialAction\":[{\"@type\":\"ReadAction\",\"target\":[\"https:\\\/\\\/lamostradevalencia.com\\\/ca\\\/bodegon-con-fantasmas-una-comedia-negra-costumista-i-paranormal-tancara-mostra-de-valencia\\\/\"]}]},{\"@type\":\"ImageObject\",\"inLanguage\":\"ca\",\"@id\":\"https:\\\/\\\/lamostradevalencia.com\\\/ca\\\/bodegon-con-fantasmas-una-comedia-negra-costumista-i-paranormal-tancara-mostra-de-valencia\\\/#primaryimage\",\"url\":\"https:\\\/\\\/lamostradevalencia.com\\\/wp-content\\\/uploads\\\/2024\\\/10\\\/Bodegon-con-Fantasmas-1.png\",\"contentUrl\":\"https:\\\/\\\/lamostradevalencia.com\\\/wp-content\\\/uploads\\\/2024\\\/10\\\/Bodegon-con-Fantasmas-1.png\",\"width\":900,\"height\":572},{\"@type\":\"BreadcrumbList\",\"@id\":\"https:\\\/\\\/lamostradevalencia.com\\\/ca\\\/bodegon-con-fantasmas-una-comedia-negra-costumista-i-paranormal-tancara-mostra-de-valencia\\\/#breadcrumb\",\"itemListElement\":[{\"@type\":\"ListItem\",\"position\":1,\"name\":\"Portada\",\"item\":\"https:\\\/\\\/lamostradevalencia.com\\\/ca\\\/\"},{\"@type\":\"ListItem\",\"position\":2,\"name\":\"\u2018Bodeg\u00f3n con fantasmas\u2019: una com\u00e8dia negra costumista i paranormal tancar\u00e0 Mostra de Val\u00e8ncia\"}]},{\"@type\":\"WebSite\",\"@id\":\"https:\\\/\\\/lamostradevalencia.com\\\/ca\\\/#website\",\"url\":\"https:\\\/\\\/lamostradevalencia.com\\\/ca\\\/\",\"name\":\"Mostra de Val\u00e8ncia\",\"description\":\"Cinema del Mediterrani\",\"potentialAction\":[{\"@type\":\"SearchAction\",\"target\":{\"@type\":\"EntryPoint\",\"urlTemplate\":\"https:\\\/\\\/lamostradevalencia.com\\\/ca\\\/?s={search_term_string}\"},\"query-input\":{\"@type\":\"PropertyValueSpecification\",\"valueRequired\":true,\"valueName\":\"search_term_string\"}}],\"inLanguage\":\"ca\"},{\"@type\":\"Person\",\"@id\":\"https:\\\/\\\/lamostradevalencia.com\\\/ca\\\/#\\\/schema\\\/person\\\/1dc07e4df3d6310b81d2cdf6a034070c\",\"name\":\"Mostra de Val\u00e8ncia\",\"image\":{\"@type\":\"ImageObject\",\"inLanguage\":\"ca\",\"@id\":\"https:\\\/\\\/secure.gravatar.com\\\/avatar\\\/ada4dfd699a9907706987adb1bb2b361c2613ccca474b49b8c648de5208e32f8?s=96&d=mm&r=g\",\"url\":\"https:\\\/\\\/secure.gravatar.com\\\/avatar\\\/ada4dfd699a9907706987adb1bb2b361c2613ccca474b49b8c648de5208e32f8?s=96&d=mm&r=g\",\"contentUrl\":\"https:\\\/\\\/secure.gravatar.com\\\/avatar\\\/ada4dfd699a9907706987adb1bb2b361c2613ccca474b49b8c648de5208e32f8?s=96&d=mm&r=g\",\"caption\":\"Mostra de Val\u00e8ncia\"}}]}<\/script>\n<!-- \/ Yoast SEO plugin. -->","yoast_head_json":{"title":"\u2018Bodeg\u00f3n con fantasmas\u2019: una com\u00e8dia negra costumista i paranormal tancar\u00e0 Mostra de Val\u00e8ncia - Mostra de Val\u00e8ncia","robots":{"index":"index","follow":"follow","max-snippet":"max-snippet:-1","max-image-preview":"max-image-preview:large","max-video-preview":"max-video-preview:-1"},"canonical":"https:\/\/lamostradevalencia.com\/ca\/bodegon-con-fantasmas-una-comedia-negra-costumista-i-paranormal-tancara-mostra-de-valencia\/","og_locale":"ca_ES","og_type":"article","og_title":"\u2018Bodeg\u00f3n con fantasmas\u2019: una com\u00e8dia negra costumista i paranormal tancar\u00e0 Mostra de Val\u00e8ncia - Mostra de Val\u00e8ncia","og_description":"L&#8217;\u00f2pera prima del manxec Enrique Buleo, de producci\u00f3 valenciana, \u00e9s una tragicom\u00e8dia rural que ompli d&#8217;esperits l&#8217;Espanya buidada Mostra de Val\u00e8ncia-Cinema del Mediterrani, que se [&hellip;]","og_url":"https:\/\/lamostradevalencia.com\/ca\/bodegon-con-fantasmas-una-comedia-negra-costumista-i-paranormal-tancara-mostra-de-valencia\/","og_site_name":"Mostra de Val\u00e8ncia","article_published_time":"2024-10-10T08:34:34+00:00","og_image":[{"width":900,"height":572,"url":"https:\/\/lamostradevalencia.com\/wp-content\/uploads\/2024\/10\/Bodegon-con-Fantasmas-1.png","type":"image\/png"}],"author":"Mostra de Val\u00e8ncia","twitter_card":"summary_large_image","twitter_misc":{"Escrit per":"Mostra de Val\u00e8ncia","Temps estimat de lectura":"4 minuts"},"schema":{"@context":"https:\/\/schema.org","@graph":[{"@type":"Article","@id":"https:\/\/lamostradevalencia.com\/ca\/bodegon-con-fantasmas-una-comedia-negra-costumista-i-paranormal-tancara-mostra-de-valencia\/#article","isPartOf":{"@id":"https:\/\/lamostradevalencia.com\/ca\/bodegon-con-fantasmas-una-comedia-negra-costumista-i-paranormal-tancara-mostra-de-valencia\/"},"author":{"name":"Mostra de Val\u00e8ncia","@id":"https:\/\/lamostradevalencia.com\/ca\/#\/schema\/person\/1dc07e4df3d6310b81d2cdf6a034070c"},"headline":"\u2018Bodeg\u00f3n con fantasmas\u2019: una com\u00e8dia negra costumista i paranormal tancar\u00e0 Mostra de Val\u00e8ncia","datePublished":"2024-10-10T08:34:34+00:00","mainEntityOfPage":{"@id":"https:\/\/lamostradevalencia.com\/ca\/bodegon-con-fantasmas-una-comedia-negra-costumista-i-paranormal-tancara-mostra-de-valencia\/"},"wordCount":747,"commentCount":0,"image":{"@id":"https:\/\/lamostradevalencia.com\/ca\/bodegon-con-fantasmas-una-comedia-negra-costumista-i-paranormal-tancara-mostra-de-valencia\/#primaryimage"},"thumbnailUrl":"https:\/\/lamostradevalencia.com\/wp-content\/uploads\/2024\/10\/Bodegon-con-Fantasmas-1.png","articleSection":["Noticies"],"inLanguage":"ca","potentialAction":[{"@type":"CommentAction","name":"Comment","target":["https:\/\/lamostradevalencia.com\/ca\/bodegon-con-fantasmas-una-comedia-negra-costumista-i-paranormal-tancara-mostra-de-valencia\/#respond"]}]},{"@type":"WebPage","@id":"https:\/\/lamostradevalencia.com\/ca\/bodegon-con-fantasmas-una-comedia-negra-costumista-i-paranormal-tancara-mostra-de-valencia\/","url":"https:\/\/lamostradevalencia.com\/ca\/bodegon-con-fantasmas-una-comedia-negra-costumista-i-paranormal-tancara-mostra-de-valencia\/","name":"\u2018Bodeg\u00f3n con fantasmas\u2019: una com\u00e8dia negra costumista i paranormal tancar\u00e0 Mostra de Val\u00e8ncia - Mostra de Val\u00e8ncia","isPartOf":{"@id":"https:\/\/lamostradevalencia.com\/ca\/#website"},"primaryImageOfPage":{"@id":"https:\/\/lamostradevalencia.com\/ca\/bodegon-con-fantasmas-una-comedia-negra-costumista-i-paranormal-tancara-mostra-de-valencia\/#primaryimage"},"image":{"@id":"https:\/\/lamostradevalencia.com\/ca\/bodegon-con-fantasmas-una-comedia-negra-costumista-i-paranormal-tancara-mostra-de-valencia\/#primaryimage"},"thumbnailUrl":"https:\/\/lamostradevalencia.com\/wp-content\/uploads\/2024\/10\/Bodegon-con-Fantasmas-1.png","datePublished":"2024-10-10T08:34:34+00:00","author":{"@id":"https:\/\/lamostradevalencia.com\/ca\/#\/schema\/person\/1dc07e4df3d6310b81d2cdf6a034070c"},"breadcrumb":{"@id":"https:\/\/lamostradevalencia.com\/ca\/bodegon-con-fantasmas-una-comedia-negra-costumista-i-paranormal-tancara-mostra-de-valencia\/#breadcrumb"},"inLanguage":"ca","potentialAction":[{"@type":"ReadAction","target":["https:\/\/lamostradevalencia.com\/ca\/bodegon-con-fantasmas-una-comedia-negra-costumista-i-paranormal-tancara-mostra-de-valencia\/"]}]},{"@type":"ImageObject","inLanguage":"ca","@id":"https:\/\/lamostradevalencia.com\/ca\/bodegon-con-fantasmas-una-comedia-negra-costumista-i-paranormal-tancara-mostra-de-valencia\/#primaryimage","url":"https:\/\/lamostradevalencia.com\/wp-content\/uploads\/2024\/10\/Bodegon-con-Fantasmas-1.png","contentUrl":"https:\/\/lamostradevalencia.com\/wp-content\/uploads\/2024\/10\/Bodegon-con-Fantasmas-1.png","width":900,"height":572},{"@type":"BreadcrumbList","@id":"https:\/\/lamostradevalencia.com\/ca\/bodegon-con-fantasmas-una-comedia-negra-costumista-i-paranormal-tancara-mostra-de-valencia\/#breadcrumb","itemListElement":[{"@type":"ListItem","position":1,"name":"Portada","item":"https:\/\/lamostradevalencia.com\/ca\/"},{"@type":"ListItem","position":2,"name":"\u2018Bodeg\u00f3n con fantasmas\u2019: una com\u00e8dia negra costumista i paranormal tancar\u00e0 Mostra de Val\u00e8ncia"}]},{"@type":"WebSite","@id":"https:\/\/lamostradevalencia.com\/ca\/#website","url":"https:\/\/lamostradevalencia.com\/ca\/","name":"Mostra de Val\u00e8ncia","description":"Cinema del Mediterrani","potentialAction":[{"@type":"SearchAction","target":{"@type":"EntryPoint","urlTemplate":"https:\/\/lamostradevalencia.com\/ca\/?s={search_term_string}"},"query-input":{"@type":"PropertyValueSpecification","valueRequired":true,"valueName":"search_term_string"}}],"inLanguage":"ca"},{"@type":"Person","@id":"https:\/\/lamostradevalencia.com\/ca\/#\/schema\/person\/1dc07e4df3d6310b81d2cdf6a034070c","name":"Mostra de Val\u00e8ncia","image":{"@type":"ImageObject","inLanguage":"ca","@id":"https:\/\/secure.gravatar.com\/avatar\/ada4dfd699a9907706987adb1bb2b361c2613ccca474b49b8c648de5208e32f8?s=96&d=mm&r=g","url":"https:\/\/secure.gravatar.com\/avatar\/ada4dfd699a9907706987adb1bb2b361c2613ccca474b49b8c648de5208e32f8?s=96&d=mm&r=g","contentUrl":"https:\/\/secure.gravatar.com\/avatar\/ada4dfd699a9907706987adb1bb2b361c2613ccca474b49b8c648de5208e32f8?s=96&d=mm&r=g","caption":"Mostra de Val\u00e8ncia"}}]}},"uagb_featured_image_src":{"full":["https:\/\/lamostradevalencia.com\/wp-content\/uploads\/2024\/10\/Bodegon-con-Fantasmas-1.png",900,572,false],"thumbnail":["https:\/\/lamostradevalencia.com\/wp-content\/uploads\/2024\/10\/Bodegon-con-Fantasmas-1-150x150.png",150,150,true],"medium":["https:\/\/lamostradevalencia.com\/wp-content\/uploads\/2024\/10\/Bodegon-con-Fantasmas-1-300x191.png",300,191,true],"medium_large":["https:\/\/lamostradevalencia.com\/wp-content\/uploads\/2024\/10\/Bodegon-con-Fantasmas-1-768x488.png",768,488,true],"large":["https:\/\/lamostradevalencia.com\/wp-content\/uploads\/2024\/10\/Bodegon-con-Fantasmas-1.png",900,572,false],"1536x1536":["https:\/\/lamostradevalencia.com\/wp-content\/uploads\/2024\/10\/Bodegon-con-Fantasmas-1.png",900,572,false],"2048x2048":["https:\/\/lamostradevalencia.com\/wp-content\/uploads\/2024\/10\/Bodegon-con-Fantasmas-1.png",900,572,false],"cinerama_edge_image_square":["https:\/\/lamostradevalencia.com\/wp-content\/uploads\/2024\/10\/Bodegon-con-Fantasmas-1-550x550.png",550,550,true],"cinerama_edge_image_landscape":["https:\/\/lamostradevalencia.com\/wp-content\/uploads\/2024\/10\/Bodegon-con-Fantasmas-1-900x550.png",900,550,true],"cinerama_edge_image_portrait":["https:\/\/lamostradevalencia.com\/wp-content\/uploads\/2024\/10\/Bodegon-con-Fantasmas-1-550x572.png",550,572,true],"cinerama_edge_image_huge":["https:\/\/lamostradevalencia.com\/wp-content\/uploads\/2024\/10\/Bodegon-con-Fantasmas-1.png",900,572,false],"gform-image-choice-sm":["https:\/\/lamostradevalencia.com\/wp-content\/uploads\/2024\/10\/Bodegon-con-Fantasmas-1.png",300,191,false],"gform-image-choice-md":["https:\/\/lamostradevalencia.com\/wp-content\/uploads\/2024\/10\/Bodegon-con-Fantasmas-1.png",400,254,false],"gform-image-choice-lg":["https:\/\/lamostradevalencia.com\/wp-content\/uploads\/2024\/10\/Bodegon-con-Fantasmas-1.png",600,381,false]},"uagb_author_info":{"display_name":"Mostra de Val\u00e8ncia","author_link":"https:\/\/lamostradevalencia.com\/ca\/author\/mostravalencia\/"},"uagb_comment_info":0,"uagb_excerpt":"L&#8217;\u00f2pera prima del manxec Enrique Buleo, de producci\u00f3 valenciana, \u00e9s una tragicom\u00e8dia rural que ompli d&#8217;esperits l&#8217;Espanya buidada Mostra de Val\u00e8ncia-Cinema del Mediterrani, que se [&hellip;]","_links":{"self":[{"href":"https:\/\/lamostradevalencia.com\/ca\/wp-json\/wp\/v2\/posts\/25915","targetHints":{"allow":["GET"]}}],"collection":[{"href":"https:\/\/lamostradevalencia.com\/ca\/wp-json\/wp\/v2\/posts"}],"about":[{"href":"https:\/\/lamostradevalencia.com\/ca\/wp-json\/wp\/v2\/types\/post"}],"author":[{"embeddable":true,"href":"https:\/\/lamostradevalencia.com\/ca\/wp-json\/wp\/v2\/users\/1"}],"replies":[{"embeddable":true,"href":"https:\/\/lamostradevalencia.com\/ca\/wp-json\/wp\/v2\/comments?post=25915"}],"version-history":[{"count":2,"href":"https:\/\/lamostradevalencia.com\/ca\/wp-json\/wp\/v2\/posts\/25915\/revisions"}],"predecessor-version":[{"id":25917,"href":"https:\/\/lamostradevalencia.com\/ca\/wp-json\/wp\/v2\/posts\/25915\/revisions\/25917"}],"wp:featuredmedia":[{"embeddable":true,"href":"https:\/\/lamostradevalencia.com\/ca\/wp-json\/wp\/v2\/media\/25902"}],"wp:attachment":[{"href":"https:\/\/lamostradevalencia.com\/ca\/wp-json\/wp\/v2\/media?parent=25915"}],"wp:term":[{"taxonomy":"category","embeddable":true,"href":"https:\/\/lamostradevalencia.com\/ca\/wp-json\/wp\/v2\/categories?post=25915"},{"taxonomy":"post_tag","embeddable":true,"href":"https:\/\/lamostradevalencia.com\/ca\/wp-json\/wp\/v2\/tags?post=25915"}],"curies":[{"name":"wp","href":"https:\/\/api.w.org\/{rel}","templated":true}]}}