{"id":25417,"date":"2024-10-07T11:17:37","date_gmt":"2024-10-07T09:17:37","guid":{"rendered":"https:\/\/lamostradevalencia.com\/?p=25417"},"modified":"2024-10-07T11:17:37","modified_gmt":"2024-10-07T09:17:37","slug":"paolo-sorrentino-elena-lopez-riera-y-c-tangana-en-les-sessions-especials-de-mostra-de-valencia","status":"publish","type":"post","link":"https:\/\/lamostradevalencia.com\/ca\/paolo-sorrentino-elena-lopez-riera-y-c-tangana-en-les-sessions-especials-de-mostra-de-valencia\/","title":{"rendered":"Paolo Sorrentino, Elena L\u00f3pez Riera y C. Tangana, en les Sessions Especials de Mostra de Val\u00e8ncia"},"content":{"rendered":"<h5><span style=\"font-weight: 400;\">En esta secci\u00f3 del festival podr\u00e0 veure&#8217;s tamb\u00e9 en format marat\u00f3 la trilogia dedicada al personatge de c\u00f2mic Diabolik<\/span><\/h5>\n<p><span style=\"font-weight: 400;\">Mostra de Val\u00e8ncia-Cinema del Mediterrani, que tindr\u00e0 lloc del 24 d&#8217;octubre al 3 de novembre, acaba de revelar la seua programaci\u00f3 amb l&#8217;anunci dels t\u00edtols que formaran part de les Sessions Especials. Propostes nacionals i internacionals es donaran cita dins d&#8217;una programaci\u00f3 que destaca, un any m\u00e9s, pel segell valenci\u00e0, i on el cine itali\u00e0 t\u00e9 tamb\u00e9 un important protagonisme. A m\u00e9s, esta secci\u00f3 no competitiva inclou una proposta que hibrida animaci\u00f3 amb imatge real i l&#8217;estrena d&#8217;una s\u00e8rie amb segell <\/span><span style=\"font-weight: 400;\">l<\/span><span style=\"font-weight: 400;\">ocal, aix\u00ed com la ja habitual selecci\u00f3 de curtmetratges d&#8217;escoles de cine de la conca mediterr\u00e0nia.<\/span><\/p>\n<p><span style=\"font-weight: 400;\">Les Sessions Especials reunixen un grapat de t\u00edtols que recuperen an\u00e8cdotes, icones populars o personatges mitol\u00f2gics i retornen la idea d&#8217;un cine per a estretar la relaci\u00f3 de la societat amb la seua mem\u00f2ria. \u00c9s ac\u00ed on s&#8217;inscriu un dels documentals amb major c\u00e0rrega sentimental per al p\u00fablic valenci\u00e0, <\/span><b>\u2018El peque\u00f1o ladr\u00f3n\u2019<\/b><b>, que viatja a 1960 per a tornar a la Val\u00e8ncia que va acollir el rodatge d\u2019\u2018<\/b><b>El chico que rob\u00f3 un mill\u00f3n<\/b><b>\u2019, de Charles Crichton.<\/b><span style=\"font-weight: 400;\"> La directora i productora Nuria Cidoncha, juntament amb la coguionista Ana Ram\u00f3n Rubio, proposa un treball de recerca hist\u00f2rica i arreplega testimoniatges rellevants -com ara el de Maurice Reyna, protagonista del film angl\u00e9s- per valorar el que va suposar per a la ciutat el rodatge d&#8217;una pel\u00b7l\u00edcula que no va veure la llum fins a mig segle despr\u00e9s i, de pas, per recordar eixes localitzacions que s&#8217;han transformat o ja no existixen.\u00a0<\/span><\/p>\n<p><span style=\"font-weight: 400;\">Una altra producci\u00f3 valenciana que indaga en els ressorts de la mem\u00f2ria (en este cas, mitjan\u00e7ant la narraci\u00f3 oral de les protagonistes) \u00e9s <\/span><b>\u2018Las novias de sur\u2019, d&#8217;Elena L\u00f3pez Riera, qui ja va visitar la Mostra amb el seu llargmetratge debut, \u2018El agua\u2019. Despr\u00e9s de fer-se amb la Queer Palm en el Festival de Cannes, formar part de Zabaltegi-Tabakalera en el festival de Sant Sebasti\u00e0 i colar-se en la preselecci\u00f3 de candidates als C\u00e9sar 2025<\/b><span style=\"font-weight: 400;\">, l&#8217;oriolana estrenar\u00e0 a Val\u00e8ncia este migmetratge documental que dona veu a dones en la maduresa que reflexionen entorn del desig, la maternitat i la seua relaci\u00f3 amb la sexualitat. Un exercici de reparaci\u00f3 hist\u00f2rica per a tota una generaci\u00f3, amb qu\u00e8 la directora dialoga i es descobrix a si mateixa a partir de les paraules d\u2019altres.<\/span><\/p>\n<p><span style=\"font-weight: 400;\">Des d&#8217;It\u00e0lia arriba l&#8217;\u00faltima proposta de Paolo Sorrentino,<\/span><b> \u2018Parthenope\u2019, on recupera la figura de la popular sirena de la mitologia grega que va donar nom al lloc on s&#8217;assentaria N\u00e0pols, ciutat natal del cineasta. Seleccionada en la Secci\u00f3 Oficial del Festival de Cannes, suposa el retorn del director a la Mostra, on va rebre la Palmera d&#8217;Honor en 2023.<\/b><span style=\"font-weight: 400;\"> Una epopeia femenina entre el mite i la realitat que convida al llarg viatge des del seu naixement, en 1950, fins hui. Celeste Dalla Porta, en un paper protagonista amb qu\u00e8 debuta al cine, oferix una revisi\u00f3 del personatge desprove\u00efda d&#8217;heroisme, per\u00f2 ple d&#8217;una passi\u00f3 inexorable per la llibertat.\u00a0<\/span><\/p>\n<p><b>Marat\u00f3 \u2018Diabolik\u2019<\/b><\/p>\n<p><span style=\"font-weight: 400;\">Tamb\u00e9 t\u00e9 sabor itali\u00e0 una singular proposta de la Mostra 2024, destinada tant a fans del c\u00f2mic com del cine d&#8217;acci\u00f3. Avan\u00e7ant-se a l&#8217;estrena a Espanya de \u2018<\/span><b>Diabolik \u00bfQui\u00e9n eres?\u2019<\/b><span style=\"font-weight: 400;\">, el festival projectar\u00e0 la trilogia de pel\u00b7l\u00edcules dedicades al fam\u00f3s personatge en format marat\u00f3. Tres sessions seguides que celebren i homenatgen el popular personatge creat per les germanes Angela i Luciana Giussani en els anys seixanta. Impulsor de l&#8217;anomenat<\/span><i><span style=\"font-weight: 400;\"> fumetto nero<\/span><\/i><span style=\"font-weight: 400;\">, va tindre una primera encarnaci\u00f3 al cine en 1968, de la m\u00e0 de Mario Bava, per\u00f2 en 2021 els (tamb\u00e9) germans Antonio i Marco Manetti van decidir fixar-se en ell i portar-lo de nou a la pantalla amb tanta fidelitat com passi\u00f3 per l&#8217;aventura. El resultat va ser una brillant pel\u00b7l\u00edcula d&#8217;est\u00e8tica retro que demostrava la seua condici\u00f3 d\u2019admiradors i que va triomfar en la taquilla fins al punt de propiciar una seq\u00fcela nom\u00e9s un any despr\u00e9s, <\/span><b>\u2018Diabolik: \u00a1Ginko al ataque!\u2019<\/b><span style=\"font-weight: 400;\">,<\/span><b> on destaca la important pres\u00e8ncia de Monica Bellucci<\/b><span style=\"font-weight: 400;\">. El lladre de <\/span><i><span style=\"font-weight: 400;\">les mil m\u00e0scares<\/span><\/i><span style=\"font-weight: 400;\"> arriba a Val\u00e8ncia per partida triple per a del\u00edcia dels amants del cine de culte i de la historieta <\/span><i><span style=\"font-weight: 400;\">pulp<\/span><\/i><span style=\"font-weight: 400;\">.<\/span><\/p>\n<p><span style=\"font-weight: 400;\">Un altre t\u00edtol amb segell valenci\u00e0 que tindr\u00e0 l\u2019estrena absoluta al festival \u00e9s <\/span><b>\u2018Ser real\u2019<\/b><span style=\"font-weight: 400;\">, dels directors \u00c0lex Andr\u00e9s i Emilio Encabo Lucini, que continuen en la l\u00ednia del seu anterior treball autogestionat, <\/span><b>\u2018Ser ficci\u00f3n\u2019<\/b><span style=\"font-weight: 400;\">, projectat en la Mostra de 2023. En la nova pel\u00b7l\u00edcula, segon lliurament d&#8217;una futura trilogia, filmen el retrobament de dos amigues que tornen a veure&#8217;s anys despr\u00e9s que el viatge a la recerca dels seus somnis fera que la amistat entre les dos es fera miquetes. Repetixen en este projecte les actrius Carla Pascual i Olivia Charco i s&#8217;incorporen cares conegudes com ara la de Marta Chiner, entre altres. A m\u00e9s, la Mostra projectar\u00e0 tamb\u00e9 els dos primers cap\u00edtols de la s\u00e8rie <\/span><b>\u2018Dieciocho\u2019,<\/b><span style=\"font-weight: 400;\"> ficci\u00f3 original d&#8217;RTVE Play amb participaci\u00f3 d&#8217;\u00c0 Punt, rodada entre Val\u00e8ncia i Gran Can\u00e0ria, que es recolza en una hist\u00f2ria d&#8217;amor per a trencar amb els preju\u00eds sobre la immigraci\u00f3.\u00a0<\/span><\/p>\n<p><span style=\"font-weight: 400;\">Les Sessions Especials de la Mostra se sumen un any m\u00e9s a la commemoraci\u00f3 del Dia Mundial del Patrimoni Cinematogr\u00e0fic, en col\u00b7laboraci\u00f3 amb La Filmoteca, amb la projecci\u00f3 de la c\u00f2pia restaurada d\u2019<\/span><b>\u2018Il cavaliere inesistente\u2019<\/b><span style=\"font-weight: 400;\">, una com\u00e8dia que hibrida imatge real i animaci\u00f3. Estrenada a It\u00e0lia en 1969, la pel\u00b7l\u00edcula dirigida per l&#8217;il\u00b7lustrador Pi Zac adapta la novel\u00b7la hom\u00f2nima d&#8217;Italo Calvino sobre una monja que somia amb les croades de l&#8217;Edat Mitjana, i on cobren vida diferents personatges dibuixats en paper i de tall fotorrealista.\u00a0<\/span><\/p>\n<p><b>Un cine de primeres vegades<\/b><\/p>\n<p><span style=\"font-weight: 400;\">Aplegat del festival de Sant Sebasti\u00e0, on va obtindre una menci\u00f3 especial del jurat en la secci\u00f3 New Directors,<\/span><b> \u2018La guitarra flamenca de Yerai Cort\u00e9s\u2019, l&#8217;esperat debut al cine d&#8217;Ant\u00f3n \u00c1lvarez (\u00e0lies C. Tangana), aterra en la Mostra. <\/b><span style=\"font-weight: 400;\">El cantant i compositor ha demostrat en els \u00faltims anys ser un dels talents creatius m\u00e9s interessants del panorama nacional i, despr\u00e9s de mostrar inter\u00e9s en el llenguatge audiovisual amb la producci\u00f3 d&#8217;un documental sobre la seua \u00faltima gira, \u2018Esta ambici\u00f3n desmedida\u2019, se llan\u00e7a a la direcci\u00f3 amb el retrat sobre una figura inusual dins del flamenc, el guitarrista alacant\u00ed Yerai Cort\u00e9s.\u00a0<\/span><\/p>\n<p><span style=\"font-weight: 400;\">Finalment, la Mostra projectar\u00e0 un any m\u00e9s el programa <\/span><b>\u2018\u00c0 premi\u00e8re vue\u2019<\/b><span style=\"font-weight: 400;\">, una selecci\u00f3 de curtmetratges realitzats per estudiants procedents d&#8217;escoles de cine de Beirut, Marr\u00e0queix, Alg\u00e8ria i Tun\u00edsia que, amb el comissariat de COPEAM (Conf\u00e9rence Permanent de l\u2019Audiovisuel M\u00e9diterran\u00e9en), promou els primers treballs de joves cineastes dels pa\u00efsos mediterranis. En esta edici\u00f3 es mostraran els curtmetratges <\/span><b>\u2018Generous Bodies\u2019, \u2018Happy Hours\u2019, \u2018The Run\u2019, \u2018Panique \u00e0 la noce\u2019, \u2018Inou\u00ef\u2019 i \u2018Cendre de lune\u2019.\u00a0<\/b><\/p>\n<p><span style=\"font-weight: 400;\">La 39a edici\u00f3 de Mostra de Val\u00e8ncia-Cinema del Mediterrani est\u00e0 organitzada per l&#8217;Ajuntament de Val\u00e8ncia, compta amb la col\u00b7laboraci\u00f3 d\u2019Institut Valenci\u00e0 de Cultura, Palau de la M\u00fasica, Val\u00e8ncia Film Office (Fundaci\u00f3 Visit Val\u00e8ncia) i \u00c0 Punt M\u00e8dia com a mitj\u00e0 oficial i amb el patrocini de Hyundai Koryo Car.<\/span><\/p>\n<p>&nbsp;<\/p>\n<p><b>SESSIONS ESPECIALS<\/b><\/p>\n<p><b>EL PEQUE\u00d1O LADR\u00d3N<\/b><\/p>\n<p><span style=\"font-weight: 400;\">En 1959, Val\u00e8ncia va acollir el rodatge del fim angl\u00e9s <\/span><i><span style=\"font-weight: 400;\">The Boy Who Stole a Million<\/span><\/i><span style=\"font-weight: 400;\">. Quasi 40 m\u00e9s tard, aquella pel\u00b7l\u00edcula semblava haver desaparegut del mapa, per\u00f2 una s\u00e8rie d\u2019indagacions van conduir al seu redescobriment. Este documental conta la seua hist\u00f2ria.<\/span><\/p>\n<p><b>Espanya, 2024<\/b><\/p>\n<p><b>Direcci\u00f3<\/b><span style=\"font-weight: 400;\">: Nuria Cidoncha<\/span><\/p>\n<p>&nbsp;<\/p>\n<p><b>IL CAVALIERE INESISTENTE<\/b><\/p>\n<p><span style=\"font-weight: 400;\">Una monja somia desperta amb cavallers, croades i regnes mentre s&#8217;imagina en el m\u00f3n de l&#8217;Edat Mitjana, on diferents personatges dibuixats en paper i de tall fotorrealista cobren vida.<\/span><\/p>\n<p><b>It\u00e0lia, 1969<\/b><\/p>\n<p><b>Direcci\u00f3:<\/b><span style=\"font-weight: 400;\"> Pino Zac<\/span><\/p>\n<p>&nbsp;<\/p>\n<p><b>DIABOLIK<\/b><\/p>\n<p><span style=\"font-weight: 400;\">Diabolik \u00e9s un lladre amb milers de disfresses i trucs. Gr\u00e0cies a les seues realistes m\u00e0scares de goma, \u00e9s una esp\u00e8cie de camale\u00f3 capa\u00e7 de mimetitzar-se al seu gust i escapar dels adversaris fins i tot en situacions molt perilloses.<\/span><\/p>\n<p><b>It\u00e0lia, 2021<\/b><\/p>\n<p><b>Direcci\u00f3:<\/b><span style=\"font-weight: 400;\"> Antonio Manetti<\/span><span style=\"font-weight: 400;\">, Marco Manetti<\/span><\/p>\n<p>&nbsp;<\/p>\n<p><b>DIABOLIK: \u00a1GINKO AL ATAQUE!<\/b><\/p>\n<p><span style=\"font-weight: 400;\">El misteri\u00f3s criminal Diabolik i el seu c\u00f2mplice Eva Kant s&#8217;enfronten de nou a l&#8217;inspector Ginko, m\u00e9s combatiu que mai.<\/span><\/p>\n<p><b>It\u00e0lia, 2022<\/b><\/p>\n<p><b>Direcci\u00f3: <\/b><span style=\"font-weight: 400;\">Antonio Manetti<\/span><span style=\"font-weight: 400;\">, Marco Manetti<\/span><\/p>\n<p>&nbsp;<\/p>\n<p><b>DIABOLIK \u00bfQUI\u00c9N ERES?<\/b><\/p>\n<p><span style=\"font-weight: 400;\">Capturats per una banda criminal despietada, Diabolik i Ginko s\u00f3n tancats en la mateixa cel\u00b7la, sense eixida. Diabolik revela el seu misteri\u00f3s passat a l&#8217;inspector mentre les respectives parelles busquen desesperadament als dos.<\/span><\/p>\n<p><b>It\u00e0lia, 2023<\/b><\/p>\n<p><b>Direcci\u00f3: <\/b><span style=\"font-weight: 400;\">Antonio i<\/span><span style=\"font-weight: 400;\"> Marco Manetti<\/span><\/p>\n<p>&nbsp;<\/p>\n<p><b>PARTHENOPE<\/b><\/p>\n<p><span style=\"font-weight: 400;\">El llarg viatge de la vida de Parthenope, des del seu naixement en 1950 fins a hui. Una epopeia femenina entre el mite i la realitat, desprove\u00efda d&#8217;heroisme, per\u00f2 plet\u00f2rica d&#8217;una passi\u00f3 inexorable per la llibertat.<\/span><\/p>\n<p><b>It\u00e0lia, 2024<\/b><\/p>\n<p><b>Direcci\u00f3<\/b><span style=\"font-weight: 400;\">: Paolo Sorrentino<\/span><\/p>\n<p>&nbsp;<\/p>\n<p><b>LAS NOVIAS DEL SUR<\/b><\/p>\n<p><span style=\"font-weight: 400;\">Dones madures parlen del seu matrimoni, de la primera vegada, de la relaci\u00f3 amb la sexualitat. En la repetici\u00f3 d&#8217;estos ritus la directora q\u00fcestiona la seua pr\u00f2pia abs\u00e8ncia de matrimoni, de fills, i una cadena de relacions mare-filla que s&#8217;extingix.<\/span><\/p>\n<p><b>Espanya, 2024<\/b><\/p>\n<p><b>Direcci\u00f3<\/b><span style=\"font-weight: 400;\">: Elena L\u00f3pez Riera<\/span><\/p>\n<p>&nbsp;<\/p>\n<p><b>LA GUITARRA FLAMENCA DE YERAI CORT\u00c9S<\/b><\/p>\n<p><span style=\"font-weight: 400;\">Quan Ant\u00f3n \u00c1lvarez (C. Tangana) coneix a Yerai Cort\u00e9s, queda fascinat amb el seu talent i intrigat per la seua hist\u00f2ria familiar. Tots dos decidixen emprendre un viatge junts per a gravar un disc.\u00a0<\/span><\/p>\n<p><b>Espa\u00f1a, 2024<\/b><\/p>\n<p><b>Direcci\u00f3<\/b><span style=\"font-weight: 400;\">: Ant\u00f3n \u00c1lvarez<\/span><\/p>\n<p>&nbsp;<\/p>\n<p><b>SER REAL<\/b><\/p>\n<p><span style=\"font-weight: 400;\">Dos amigues es retroben dos anys despr\u00e9s que el seu viatge a la recerca d&#8217;un somni fera que la seua amistat fera miques.\u00a0<\/span><\/p>\n<p><b>Espanya, 2023<\/b><\/p>\n<p><b>Direcci\u00f3: \u00c0lex Andr\u00e9s i Emilio Encabo Lucini<\/b><\/p>\n<p>&nbsp;<\/p>\n<p><b>DIECIOCHO<\/b><\/p>\n<p><span style=\"font-weight: 400;\">C\u00e8lia i Moha es coneixen en una cuina. Ella complix condemna fent hores al servici de la comunitat. Ell treballa per a aconseguir els papers. Tots dos aniran descobrint tot el que tenen en com\u00fa a mesura que superen els seus preju\u00eds.<\/span><\/p>\n<p><b>Espanya, 2024<\/b><\/p>\n<p><b>Direcci\u00f3<\/b><span style=\"font-weight: 400;\">: Hammudi Al-Rahmoun Font<\/span><\/p>\n","protected":false},"excerpt":{"rendered":"<p>En esta secci\u00f3 del festival podr\u00e0 veure&#8217;s tamb\u00e9 en format marat\u00f3 la trilogia dedicada al personatge de c\u00f2mic Diabolik Mostra de Val\u00e8ncia-Cinema del Mediterrani, que [&hellip;]<\/p>\n","protected":false},"author":1,"featured_media":25425,"comment_status":"open","ping_status":"open","sticky":false,"template":"","format":"standard","meta":{"_uag_custom_page_level_css":"","_jet_sm_ready_style":"","_jet_sm_style":"","_jet_sm_controls_values":"","_jet_sm_fonts_collection":"","_jet_sm_fonts_links":"","footnotes":""},"categories":[455],"tags":[],"class_list":["post-25417","post","type-post","status-publish","format-standard","has-post-thumbnail","hentry","category-noticies"],"yoast_head":"<!-- This site is optimized with the Yoast SEO plugin v27.4 - https:\/\/yoast.com\/product\/yoast-seo-wordpress\/ -->\n<title>Paolo Sorrentino, Elena L\u00f3pez Riera y C. Tangana, en les Sessions Especials de Mostra de Val\u00e8ncia - Mostra de Val\u00e8ncia<\/title>\n<meta name=\"robots\" content=\"index, follow, max-snippet:-1, max-image-preview:large, max-video-preview:-1\" \/>\n<link rel=\"canonical\" href=\"https:\/\/lamostradevalencia.com\/ca\/paolo-sorrentino-elena-lopez-riera-y-c-tangana-en-les-sessions-especials-de-mostra-de-valencia\/\" \/>\n<meta property=\"og:locale\" content=\"ca_ES\" \/>\n<meta property=\"og:type\" content=\"article\" \/>\n<meta property=\"og:title\" content=\"Paolo Sorrentino, Elena L\u00f3pez Riera y C. Tangana, en les Sessions Especials de Mostra de Val\u00e8ncia - Mostra de Val\u00e8ncia\" \/>\n<meta property=\"og:description\" content=\"En esta secci\u00f3 del festival podr\u00e0 veure&#8217;s tamb\u00e9 en format marat\u00f3 la trilogia dedicada al personatge de c\u00f2mic Diabolik Mostra de Val\u00e8ncia-Cinema del Mediterrani, que [&hellip;]\" \/>\n<meta property=\"og:url\" content=\"https:\/\/lamostradevalencia.com\/ca\/paolo-sorrentino-elena-lopez-riera-y-c-tangana-en-les-sessions-especials-de-mostra-de-valencia\/\" \/>\n<meta property=\"og:site_name\" content=\"Mostra de Val\u00e8ncia\" \/>\n<meta property=\"article:published_time\" content=\"2024-10-07T09:17:37+00:00\" \/>\n<meta property=\"og:image\" content=\"https:\/\/lamostradevalencia.com\/wp-content\/uploads\/2024\/10\/Parthenope-by-Paolo-Sorrentino_from-left-Celeste-Dalla-Porta-Daniele-Rienzo-and-Dario-Aita_photo-by-Gianni-Fiorito-1-scaled.jpg\" \/>\n\t<meta property=\"og:image:width\" content=\"2560\" \/>\n\t<meta property=\"og:image:height\" content=\"1706\" \/>\n\t<meta property=\"og:image:type\" content=\"image\/jpeg\" \/>\n<meta name=\"author\" content=\"Mostra de Val\u00e8ncia\" \/>\n<meta name=\"twitter:card\" content=\"summary_large_image\" \/>\n<meta name=\"twitter:label1\" content=\"Escrit per\" \/>\n\t<meta name=\"twitter:data1\" content=\"Mostra de Val\u00e8ncia\" \/>\n\t<meta name=\"twitter:label2\" content=\"Temps estimat de lectura\" \/>\n\t<meta name=\"twitter:data2\" content=\"8 minuts\" \/>\n<script type=\"application\/ld+json\" class=\"yoast-schema-graph\">{\"@context\":\"https:\\\/\\\/schema.org\",\"@graph\":[{\"@type\":\"Article\",\"@id\":\"https:\\\/\\\/lamostradevalencia.com\\\/ca\\\/paolo-sorrentino-elena-lopez-riera-y-c-tangana-en-les-sessions-especials-de-mostra-de-valencia\\\/#article\",\"isPartOf\":{\"@id\":\"https:\\\/\\\/lamostradevalencia.com\\\/ca\\\/paolo-sorrentino-elena-lopez-riera-y-c-tangana-en-les-sessions-especials-de-mostra-de-valencia\\\/\"},\"author\":{\"name\":\"Mostra de Val\u00e8ncia\",\"@id\":\"https:\\\/\\\/lamostradevalencia.com\\\/ca\\\/#\\\/schema\\\/person\\\/1dc07e4df3d6310b81d2cdf6a034070c\"},\"headline\":\"Paolo Sorrentino, Elena L\u00f3pez Riera y C. Tangana, en les Sessions Especials de Mostra de Val\u00e8ncia\",\"datePublished\":\"2024-10-07T09:17:37+00:00\",\"mainEntityOfPage\":{\"@id\":\"https:\\\/\\\/lamostradevalencia.com\\\/ca\\\/paolo-sorrentino-elena-lopez-riera-y-c-tangana-en-les-sessions-especials-de-mostra-de-valencia\\\/\"},\"wordCount\":1777,\"commentCount\":0,\"image\":{\"@id\":\"https:\\\/\\\/lamostradevalencia.com\\\/ca\\\/paolo-sorrentino-elena-lopez-riera-y-c-tangana-en-les-sessions-especials-de-mostra-de-valencia\\\/#primaryimage\"},\"thumbnailUrl\":\"https:\\\/\\\/lamostradevalencia.com\\\/wp-content\\\/uploads\\\/2024\\\/10\\\/Parthenope-by-Paolo-Sorrentino_from-left-Celeste-Dalla-Porta-Daniele-Rienzo-and-Dario-Aita_photo-by-Gianni-Fiorito-1-scaled.jpg\",\"articleSection\":[\"Noticies\"],\"inLanguage\":\"ca\",\"potentialAction\":[{\"@type\":\"CommentAction\",\"name\":\"Comment\",\"target\":[\"https:\\\/\\\/lamostradevalencia.com\\\/ca\\\/paolo-sorrentino-elena-lopez-riera-y-c-tangana-en-les-sessions-especials-de-mostra-de-valencia\\\/#respond\"]}]},{\"@type\":\"WebPage\",\"@id\":\"https:\\\/\\\/lamostradevalencia.com\\\/ca\\\/paolo-sorrentino-elena-lopez-riera-y-c-tangana-en-les-sessions-especials-de-mostra-de-valencia\\\/\",\"url\":\"https:\\\/\\\/lamostradevalencia.com\\\/ca\\\/paolo-sorrentino-elena-lopez-riera-y-c-tangana-en-les-sessions-especials-de-mostra-de-valencia\\\/\",\"name\":\"Paolo Sorrentino, Elena L\u00f3pez Riera y C. Tangana, en les Sessions Especials de Mostra de Val\u00e8ncia - Mostra de Val\u00e8ncia\",\"isPartOf\":{\"@id\":\"https:\\\/\\\/lamostradevalencia.com\\\/ca\\\/#website\"},\"primaryImageOfPage\":{\"@id\":\"https:\\\/\\\/lamostradevalencia.com\\\/ca\\\/paolo-sorrentino-elena-lopez-riera-y-c-tangana-en-les-sessions-especials-de-mostra-de-valencia\\\/#primaryimage\"},\"image\":{\"@id\":\"https:\\\/\\\/lamostradevalencia.com\\\/ca\\\/paolo-sorrentino-elena-lopez-riera-y-c-tangana-en-les-sessions-especials-de-mostra-de-valencia\\\/#primaryimage\"},\"thumbnailUrl\":\"https:\\\/\\\/lamostradevalencia.com\\\/wp-content\\\/uploads\\\/2024\\\/10\\\/Parthenope-by-Paolo-Sorrentino_from-left-Celeste-Dalla-Porta-Daniele-Rienzo-and-Dario-Aita_photo-by-Gianni-Fiorito-1-scaled.jpg\",\"datePublished\":\"2024-10-07T09:17:37+00:00\",\"author\":{\"@id\":\"https:\\\/\\\/lamostradevalencia.com\\\/ca\\\/#\\\/schema\\\/person\\\/1dc07e4df3d6310b81d2cdf6a034070c\"},\"breadcrumb\":{\"@id\":\"https:\\\/\\\/lamostradevalencia.com\\\/ca\\\/paolo-sorrentino-elena-lopez-riera-y-c-tangana-en-les-sessions-especials-de-mostra-de-valencia\\\/#breadcrumb\"},\"inLanguage\":\"ca\",\"potentialAction\":[{\"@type\":\"ReadAction\",\"target\":[\"https:\\\/\\\/lamostradevalencia.com\\\/ca\\\/paolo-sorrentino-elena-lopez-riera-y-c-tangana-en-les-sessions-especials-de-mostra-de-valencia\\\/\"]}]},{\"@type\":\"ImageObject\",\"inLanguage\":\"ca\",\"@id\":\"https:\\\/\\\/lamostradevalencia.com\\\/ca\\\/paolo-sorrentino-elena-lopez-riera-y-c-tangana-en-les-sessions-especials-de-mostra-de-valencia\\\/#primaryimage\",\"url\":\"https:\\\/\\\/lamostradevalencia.com\\\/wp-content\\\/uploads\\\/2024\\\/10\\\/Parthenope-by-Paolo-Sorrentino_from-left-Celeste-Dalla-Porta-Daniele-Rienzo-and-Dario-Aita_photo-by-Gianni-Fiorito-1-scaled.jpg\",\"contentUrl\":\"https:\\\/\\\/lamostradevalencia.com\\\/wp-content\\\/uploads\\\/2024\\\/10\\\/Parthenope-by-Paolo-Sorrentino_from-left-Celeste-Dalla-Porta-Daniele-Rienzo-and-Dario-Aita_photo-by-Gianni-Fiorito-1-scaled.jpg\",\"width\":2560,\"height\":1706,\"caption\":\"Set of a new movie by Paolo Sorrentino. In the picture Celeste Dalla Porta, Dario Aita and Daniele Rienzo. Photo by Gianni Fiorito This photograph is for editorial use only, the copyright is of the film company and the photographer assigned by the film production company and can only be reproduced by publications in conjunction with the promotion of the film. The mention of the author-photographer is mandatory: Gianni Fiorito. Set del nuovo film di Paolo Sorrentino. Nella foto Celeste Dalla Porta, Dario Aita e Daniele Rienzo.. Foto di Gianni Fiorito Questa fotografia \u00e8 solo per uso editoriale, il diritto d'autore \u00e8 della societ\u00e0 cinematografica e del fotografo assegnato dalla societ\u00e0 di produzione del film e pu\u00f2 essere riprodotto solo da pubblicazioni in concomitanza con la promozione del film. E\u2019 obbligatoria la menzione dell\u2019autore- fotografo: Gianni Fiorito.\"},{\"@type\":\"BreadcrumbList\",\"@id\":\"https:\\\/\\\/lamostradevalencia.com\\\/ca\\\/paolo-sorrentino-elena-lopez-riera-y-c-tangana-en-les-sessions-especials-de-mostra-de-valencia\\\/#breadcrumb\",\"itemListElement\":[{\"@type\":\"ListItem\",\"position\":1,\"name\":\"Portada\",\"item\":\"https:\\\/\\\/lamostradevalencia.com\\\/ca\\\/\"},{\"@type\":\"ListItem\",\"position\":2,\"name\":\"Paolo Sorrentino, Elena L\u00f3pez Riera y C. Tangana, en les Sessions Especials de Mostra de Val\u00e8ncia\"}]},{\"@type\":\"WebSite\",\"@id\":\"https:\\\/\\\/lamostradevalencia.com\\\/ca\\\/#website\",\"url\":\"https:\\\/\\\/lamostradevalencia.com\\\/ca\\\/\",\"name\":\"Mostra de Val\u00e8ncia\",\"description\":\"Cinema del Mediterrani\",\"potentialAction\":[{\"@type\":\"SearchAction\",\"target\":{\"@type\":\"EntryPoint\",\"urlTemplate\":\"https:\\\/\\\/lamostradevalencia.com\\\/ca\\\/?s={search_term_string}\"},\"query-input\":{\"@type\":\"PropertyValueSpecification\",\"valueRequired\":true,\"valueName\":\"search_term_string\"}}],\"inLanguage\":\"ca\"},{\"@type\":\"Person\",\"@id\":\"https:\\\/\\\/lamostradevalencia.com\\\/ca\\\/#\\\/schema\\\/person\\\/1dc07e4df3d6310b81d2cdf6a034070c\",\"name\":\"Mostra de Val\u00e8ncia\",\"image\":{\"@type\":\"ImageObject\",\"inLanguage\":\"ca\",\"@id\":\"https:\\\/\\\/secure.gravatar.com\\\/avatar\\\/ada4dfd699a9907706987adb1bb2b361c2613ccca474b49b8c648de5208e32f8?s=96&d=mm&r=g\",\"url\":\"https:\\\/\\\/secure.gravatar.com\\\/avatar\\\/ada4dfd699a9907706987adb1bb2b361c2613ccca474b49b8c648de5208e32f8?s=96&d=mm&r=g\",\"contentUrl\":\"https:\\\/\\\/secure.gravatar.com\\\/avatar\\\/ada4dfd699a9907706987adb1bb2b361c2613ccca474b49b8c648de5208e32f8?s=96&d=mm&r=g\",\"caption\":\"Mostra de Val\u00e8ncia\"}}]}<\/script>\n<!-- \/ Yoast SEO plugin. -->","yoast_head_json":{"title":"Paolo Sorrentino, Elena L\u00f3pez Riera y C. Tangana, en les Sessions Especials de Mostra de Val\u00e8ncia - Mostra de Val\u00e8ncia","robots":{"index":"index","follow":"follow","max-snippet":"max-snippet:-1","max-image-preview":"max-image-preview:large","max-video-preview":"max-video-preview:-1"},"canonical":"https:\/\/lamostradevalencia.com\/ca\/paolo-sorrentino-elena-lopez-riera-y-c-tangana-en-les-sessions-especials-de-mostra-de-valencia\/","og_locale":"ca_ES","og_type":"article","og_title":"Paolo Sorrentino, Elena L\u00f3pez Riera y C. Tangana, en les Sessions Especials de Mostra de Val\u00e8ncia - Mostra de Val\u00e8ncia","og_description":"En esta secci\u00f3 del festival podr\u00e0 veure&#8217;s tamb\u00e9 en format marat\u00f3 la trilogia dedicada al personatge de c\u00f2mic Diabolik Mostra de Val\u00e8ncia-Cinema del Mediterrani, que [&hellip;]","og_url":"https:\/\/lamostradevalencia.com\/ca\/paolo-sorrentino-elena-lopez-riera-y-c-tangana-en-les-sessions-especials-de-mostra-de-valencia\/","og_site_name":"Mostra de Val\u00e8ncia","article_published_time":"2024-10-07T09:17:37+00:00","og_image":[{"width":2560,"height":1706,"url":"https:\/\/lamostradevalencia.com\/wp-content\/uploads\/2024\/10\/Parthenope-by-Paolo-Sorrentino_from-left-Celeste-Dalla-Porta-Daniele-Rienzo-and-Dario-Aita_photo-by-Gianni-Fiorito-1-scaled.jpg","type":"image\/jpeg"}],"author":"Mostra de Val\u00e8ncia","twitter_card":"summary_large_image","twitter_misc":{"Escrit per":"Mostra de Val\u00e8ncia","Temps estimat de lectura":"8 minuts"},"schema":{"@context":"https:\/\/schema.org","@graph":[{"@type":"Article","@id":"https:\/\/lamostradevalencia.com\/ca\/paolo-sorrentino-elena-lopez-riera-y-c-tangana-en-les-sessions-especials-de-mostra-de-valencia\/#article","isPartOf":{"@id":"https:\/\/lamostradevalencia.com\/ca\/paolo-sorrentino-elena-lopez-riera-y-c-tangana-en-les-sessions-especials-de-mostra-de-valencia\/"},"author":{"name":"Mostra de Val\u00e8ncia","@id":"https:\/\/lamostradevalencia.com\/ca\/#\/schema\/person\/1dc07e4df3d6310b81d2cdf6a034070c"},"headline":"Paolo Sorrentino, Elena L\u00f3pez Riera y C. Tangana, en les Sessions Especials de Mostra de Val\u00e8ncia","datePublished":"2024-10-07T09:17:37+00:00","mainEntityOfPage":{"@id":"https:\/\/lamostradevalencia.com\/ca\/paolo-sorrentino-elena-lopez-riera-y-c-tangana-en-les-sessions-especials-de-mostra-de-valencia\/"},"wordCount":1777,"commentCount":0,"image":{"@id":"https:\/\/lamostradevalencia.com\/ca\/paolo-sorrentino-elena-lopez-riera-y-c-tangana-en-les-sessions-especials-de-mostra-de-valencia\/#primaryimage"},"thumbnailUrl":"https:\/\/lamostradevalencia.com\/wp-content\/uploads\/2024\/10\/Parthenope-by-Paolo-Sorrentino_from-left-Celeste-Dalla-Porta-Daniele-Rienzo-and-Dario-Aita_photo-by-Gianni-Fiorito-1-scaled.jpg","articleSection":["Noticies"],"inLanguage":"ca","potentialAction":[{"@type":"CommentAction","name":"Comment","target":["https:\/\/lamostradevalencia.com\/ca\/paolo-sorrentino-elena-lopez-riera-y-c-tangana-en-les-sessions-especials-de-mostra-de-valencia\/#respond"]}]},{"@type":"WebPage","@id":"https:\/\/lamostradevalencia.com\/ca\/paolo-sorrentino-elena-lopez-riera-y-c-tangana-en-les-sessions-especials-de-mostra-de-valencia\/","url":"https:\/\/lamostradevalencia.com\/ca\/paolo-sorrentino-elena-lopez-riera-y-c-tangana-en-les-sessions-especials-de-mostra-de-valencia\/","name":"Paolo Sorrentino, Elena L\u00f3pez Riera y C. Tangana, en les Sessions Especials de Mostra de Val\u00e8ncia - Mostra de Val\u00e8ncia","isPartOf":{"@id":"https:\/\/lamostradevalencia.com\/ca\/#website"},"primaryImageOfPage":{"@id":"https:\/\/lamostradevalencia.com\/ca\/paolo-sorrentino-elena-lopez-riera-y-c-tangana-en-les-sessions-especials-de-mostra-de-valencia\/#primaryimage"},"image":{"@id":"https:\/\/lamostradevalencia.com\/ca\/paolo-sorrentino-elena-lopez-riera-y-c-tangana-en-les-sessions-especials-de-mostra-de-valencia\/#primaryimage"},"thumbnailUrl":"https:\/\/lamostradevalencia.com\/wp-content\/uploads\/2024\/10\/Parthenope-by-Paolo-Sorrentino_from-left-Celeste-Dalla-Porta-Daniele-Rienzo-and-Dario-Aita_photo-by-Gianni-Fiorito-1-scaled.jpg","datePublished":"2024-10-07T09:17:37+00:00","author":{"@id":"https:\/\/lamostradevalencia.com\/ca\/#\/schema\/person\/1dc07e4df3d6310b81d2cdf6a034070c"},"breadcrumb":{"@id":"https:\/\/lamostradevalencia.com\/ca\/paolo-sorrentino-elena-lopez-riera-y-c-tangana-en-les-sessions-especials-de-mostra-de-valencia\/#breadcrumb"},"inLanguage":"ca","potentialAction":[{"@type":"ReadAction","target":["https:\/\/lamostradevalencia.com\/ca\/paolo-sorrentino-elena-lopez-riera-y-c-tangana-en-les-sessions-especials-de-mostra-de-valencia\/"]}]},{"@type":"ImageObject","inLanguage":"ca","@id":"https:\/\/lamostradevalencia.com\/ca\/paolo-sorrentino-elena-lopez-riera-y-c-tangana-en-les-sessions-especials-de-mostra-de-valencia\/#primaryimage","url":"https:\/\/lamostradevalencia.com\/wp-content\/uploads\/2024\/10\/Parthenope-by-Paolo-Sorrentino_from-left-Celeste-Dalla-Porta-Daniele-Rienzo-and-Dario-Aita_photo-by-Gianni-Fiorito-1-scaled.jpg","contentUrl":"https:\/\/lamostradevalencia.com\/wp-content\/uploads\/2024\/10\/Parthenope-by-Paolo-Sorrentino_from-left-Celeste-Dalla-Porta-Daniele-Rienzo-and-Dario-Aita_photo-by-Gianni-Fiorito-1-scaled.jpg","width":2560,"height":1706,"caption":"Set of a new movie by Paolo Sorrentino. In the picture Celeste Dalla Porta, Dario Aita and Daniele Rienzo. Photo by Gianni Fiorito This photograph is for editorial use only, the copyright is of the film company and the photographer assigned by the film production company and can only be reproduced by publications in conjunction with the promotion of the film. The mention of the author-photographer is mandatory: Gianni Fiorito. Set del nuovo film di Paolo Sorrentino. Nella foto Celeste Dalla Porta, Dario Aita e Daniele Rienzo.. Foto di Gianni Fiorito Questa fotografia \u00e8 solo per uso editoriale, il diritto d'autore \u00e8 della societ\u00e0 cinematografica e del fotografo assegnato dalla societ\u00e0 di produzione del film e pu\u00f2 essere riprodotto solo da pubblicazioni in concomitanza con la promozione del film. E\u2019 obbligatoria la menzione dell\u2019autore- fotografo: Gianni Fiorito."},{"@type":"BreadcrumbList","@id":"https:\/\/lamostradevalencia.com\/ca\/paolo-sorrentino-elena-lopez-riera-y-c-tangana-en-les-sessions-especials-de-mostra-de-valencia\/#breadcrumb","itemListElement":[{"@type":"ListItem","position":1,"name":"Portada","item":"https:\/\/lamostradevalencia.com\/ca\/"},{"@type":"ListItem","position":2,"name":"Paolo Sorrentino, Elena L\u00f3pez Riera y C. Tangana, en les Sessions Especials de Mostra de Val\u00e8ncia"}]},{"@type":"WebSite","@id":"https:\/\/lamostradevalencia.com\/ca\/#website","url":"https:\/\/lamostradevalencia.com\/ca\/","name":"Mostra de Val\u00e8ncia","description":"Cinema del Mediterrani","potentialAction":[{"@type":"SearchAction","target":{"@type":"EntryPoint","urlTemplate":"https:\/\/lamostradevalencia.com\/ca\/?s={search_term_string}"},"query-input":{"@type":"PropertyValueSpecification","valueRequired":true,"valueName":"search_term_string"}}],"inLanguage":"ca"},{"@type":"Person","@id":"https:\/\/lamostradevalencia.com\/ca\/#\/schema\/person\/1dc07e4df3d6310b81d2cdf6a034070c","name":"Mostra de Val\u00e8ncia","image":{"@type":"ImageObject","inLanguage":"ca","@id":"https:\/\/secure.gravatar.com\/avatar\/ada4dfd699a9907706987adb1bb2b361c2613ccca474b49b8c648de5208e32f8?s=96&d=mm&r=g","url":"https:\/\/secure.gravatar.com\/avatar\/ada4dfd699a9907706987adb1bb2b361c2613ccca474b49b8c648de5208e32f8?s=96&d=mm&r=g","contentUrl":"https:\/\/secure.gravatar.com\/avatar\/ada4dfd699a9907706987adb1bb2b361c2613ccca474b49b8c648de5208e32f8?s=96&d=mm&r=g","caption":"Mostra de Val\u00e8ncia"}}]}},"uagb_featured_image_src":{"full":["https:\/\/lamostradevalencia.com\/wp-content\/uploads\/2024\/10\/Parthenope-by-Paolo-Sorrentino_from-left-Celeste-Dalla-Porta-Daniele-Rienzo-and-Dario-Aita_photo-by-Gianni-Fiorito-1-scaled.jpg",2560,1706,false],"thumbnail":["https:\/\/lamostradevalencia.com\/wp-content\/uploads\/2024\/10\/Parthenope-by-Paolo-Sorrentino_from-left-Celeste-Dalla-Porta-Daniele-Rienzo-and-Dario-Aita_photo-by-Gianni-Fiorito-1-150x150.jpg",150,150,true],"medium":["https:\/\/lamostradevalencia.com\/wp-content\/uploads\/2024\/10\/Parthenope-by-Paolo-Sorrentino_from-left-Celeste-Dalla-Porta-Daniele-Rienzo-and-Dario-Aita_photo-by-Gianni-Fiorito-1-300x200.jpg",300,200,true],"medium_large":["https:\/\/lamostradevalencia.com\/wp-content\/uploads\/2024\/10\/Parthenope-by-Paolo-Sorrentino_from-left-Celeste-Dalla-Porta-Daniele-Rienzo-and-Dario-Aita_photo-by-Gianni-Fiorito-1-768x512.jpg",768,512,true],"large":["https:\/\/lamostradevalencia.com\/wp-content\/uploads\/2024\/10\/Parthenope-by-Paolo-Sorrentino_from-left-Celeste-Dalla-Porta-Daniele-Rienzo-and-Dario-Aita_photo-by-Gianni-Fiorito-1-1024x683.jpg",1024,683,true],"1536x1536":["https:\/\/lamostradevalencia.com\/wp-content\/uploads\/2024\/10\/Parthenope-by-Paolo-Sorrentino_from-left-Celeste-Dalla-Porta-Daniele-Rienzo-and-Dario-Aita_photo-by-Gianni-Fiorito-1-1536x1024.jpg",1536,1024,true],"2048x2048":["https:\/\/lamostradevalencia.com\/wp-content\/uploads\/2024\/10\/Parthenope-by-Paolo-Sorrentino_from-left-Celeste-Dalla-Porta-Daniele-Rienzo-and-Dario-Aita_photo-by-Gianni-Fiorito-1-2048x1365.jpg",2048,1365,true],"cinerama_edge_image_square":["https:\/\/lamostradevalencia.com\/wp-content\/uploads\/2024\/10\/Parthenope-by-Paolo-Sorrentino_from-left-Celeste-Dalla-Porta-Daniele-Rienzo-and-Dario-Aita_photo-by-Gianni-Fiorito-1-550x550.jpg",550,550,true],"cinerama_edge_image_landscape":["https:\/\/lamostradevalencia.com\/wp-content\/uploads\/2024\/10\/Parthenope-by-Paolo-Sorrentino_from-left-Celeste-Dalla-Porta-Daniele-Rienzo-and-Dario-Aita_photo-by-Gianni-Fiorito-1-1100x550.jpg",1100,550,true],"cinerama_edge_image_portrait":["https:\/\/lamostradevalencia.com\/wp-content\/uploads\/2024\/10\/Parthenope-by-Paolo-Sorrentino_from-left-Celeste-Dalla-Porta-Daniele-Rienzo-and-Dario-Aita_photo-by-Gianni-Fiorito-1-550x1100.jpg",550,1100,true],"cinerama_edge_image_huge":["https:\/\/lamostradevalencia.com\/wp-content\/uploads\/2024\/10\/Parthenope-by-Paolo-Sorrentino_from-left-Celeste-Dalla-Porta-Daniele-Rienzo-and-Dario-Aita_photo-by-Gianni-Fiorito-1-1100x1100.jpg",1100,1100,true],"gform-image-choice-sm":["https:\/\/lamostradevalencia.com\/wp-content\/uploads\/2024\/10\/Parthenope-by-Paolo-Sorrentino_from-left-Celeste-Dalla-Porta-Daniele-Rienzo-and-Dario-Aita_photo-by-Gianni-Fiorito-1-scaled.jpg",300,200,false],"gform-image-choice-md":["https:\/\/lamostradevalencia.com\/wp-content\/uploads\/2024\/10\/Parthenope-by-Paolo-Sorrentino_from-left-Celeste-Dalla-Porta-Daniele-Rienzo-and-Dario-Aita_photo-by-Gianni-Fiorito-1-scaled.jpg",400,267,false],"gform-image-choice-lg":["https:\/\/lamostradevalencia.com\/wp-content\/uploads\/2024\/10\/Parthenope-by-Paolo-Sorrentino_from-left-Celeste-Dalla-Porta-Daniele-Rienzo-and-Dario-Aita_photo-by-Gianni-Fiorito-1-scaled.jpg",600,400,false]},"uagb_author_info":{"display_name":"Mostra de Val\u00e8ncia","author_link":"https:\/\/lamostradevalencia.com\/ca\/author\/mostravalencia\/"},"uagb_comment_info":0,"uagb_excerpt":"En esta secci\u00f3 del festival podr\u00e0 veure&#8217;s tamb\u00e9 en format marat\u00f3 la trilogia dedicada al personatge de c\u00f2mic Diabolik Mostra de Val\u00e8ncia-Cinema del Mediterrani, que [&hellip;]","_links":{"self":[{"href":"https:\/\/lamostradevalencia.com\/ca\/wp-json\/wp\/v2\/posts\/25417","targetHints":{"allow":["GET"]}}],"collection":[{"href":"https:\/\/lamostradevalencia.com\/ca\/wp-json\/wp\/v2\/posts"}],"about":[{"href":"https:\/\/lamostradevalencia.com\/ca\/wp-json\/wp\/v2\/types\/post"}],"author":[{"embeddable":true,"href":"https:\/\/lamostradevalencia.com\/ca\/wp-json\/wp\/v2\/users\/1"}],"replies":[{"embeddable":true,"href":"https:\/\/lamostradevalencia.com\/ca\/wp-json\/wp\/v2\/comments?post=25417"}],"version-history":[{"count":3,"href":"https:\/\/lamostradevalencia.com\/ca\/wp-json\/wp\/v2\/posts\/25417\/revisions"}],"predecessor-version":[{"id":25435,"href":"https:\/\/lamostradevalencia.com\/ca\/wp-json\/wp\/v2\/posts\/25417\/revisions\/25435"}],"wp:featuredmedia":[{"embeddable":true,"href":"https:\/\/lamostradevalencia.com\/ca\/wp-json\/wp\/v2\/media\/25425"}],"wp:attachment":[{"href":"https:\/\/lamostradevalencia.com\/ca\/wp-json\/wp\/v2\/media?parent=25417"}],"wp:term":[{"taxonomy":"category","embeddable":true,"href":"https:\/\/lamostradevalencia.com\/ca\/wp-json\/wp\/v2\/categories?post=25417"},{"taxonomy":"post_tag","embeddable":true,"href":"https:\/\/lamostradevalencia.com\/ca\/wp-json\/wp\/v2\/tags?post=25417"}],"curies":[{"name":"wp","href":"https:\/\/api.w.org\/{rel}","templated":true}]}}