{"id":25129,"date":"2024-10-03T10:00:48","date_gmt":"2024-10-03T08:00:48","guid":{"rendered":"https:\/\/lamostradevalencia.com\/?p=25129"},"modified":"2024-10-02T13:45:26","modified_gmt":"2024-10-02T11:45:26","slug":"les-migracions-forcoses-el-segrest-de-menors-o-la-gentrificacio-centren-les-trames-de-la-seccio-oficial-de-la-39a-mostra-de-valencia","status":"publish","type":"post","link":"https:\/\/lamostradevalencia.com\/ca\/les-migracions-forcoses-el-segrest-de-menors-o-la-gentrificacio-centren-les-trames-de-la-seccio-oficial-de-la-39a-mostra-de-valencia\/","title":{"rendered":"Les migracions for\u00e7oses, el segrest de menors o la gentrificaci\u00f3 centren les trames de la Secci\u00f3 Oficial de la 39a Mostra de Val\u00e8ncia"},"content":{"rendered":"<h5><b>Les pel\u00b7l\u00edcules que competixen per la Palmera d&#8217;Or venen avalades per festivals com Cannes, Berl\u00edn o Locarno<\/b><\/h5>\n<p><span style=\"font-weight: 400;\">Mostra de Val\u00e8ncia-Cinema del Mediterrani ha revelat els 12 llargmetratges que formaran part de la Secci\u00f3 Oficial de la 39a edici\u00f3, que se celebrar\u00e0 del 24 d&#8217;octubre al 3 de novembre als cines Babel i la Filmoteca. El festival reafirma aix\u00ed el comprom\u00eds amb la difusi\u00f3 del cine dels pa\u00efsos banyats pel Mediterrani, oferint una atractiva i variada programaci\u00f3 en tem\u00e0tiques i estils, amb pel\u00b7l\u00edcules procedents del <\/span><b>L\u00edban, Tun\u00edsia, Fran\u00e7a, S\u00e8rbia, Turquia, It\u00e0lia, Montenegro, Alg\u00e8ria, Cro\u00e0cia, B\u00f2snia i Hercegovina o Espanya.<\/b><\/p>\n<p><span style=\"font-weight: 400;\">Avalades pels principals <\/span><b>festivals internacionals (Cannes, Berl\u00edn, Locarno\u2026),<\/b><span style=\"font-weight: 400;\"> les cintes tornen a tindre representaci\u00f3 parit\u00e0ria entre directors i directores, tindran la seua estrena nacional a Val\u00e8ncia i seran presentades pels cineastes i equips art\u00edstics dins del marc del festival. Els llargmetratges competiran per la Palmera d&#8217;Or, dotada amb 30.000\u20ac, a m\u00e9s de 15.000\u20ac addicionals per a la distribu\u00efdora que estrene la pel\u00b7l\u00edcula a Espanya. Aix\u00ed mateix, el certamen atorgar\u00e0 un premi de 20.000 euros a la Palmera de Plata-Premi Especial del Jurat.<\/span><\/p>\n<p><span style=\"font-weight: 400;\">La Mostra presenta una selecci\u00f3 de llargmetratges que<\/span><b> exploren els conflictes socials i b\u00e8l\u00b7lics actuals i que aborden temes com ara la identitat, els prejudicis, el dol, la gentrificaci\u00f3, els conflictes familiars, la corrupci\u00f3, el segrest de menors, les migracions for\u00e7oses, la radicalitzaci\u00f3 o el gihadisme, des d&#8217;enfocaments i g\u00e8neres molt distints<\/b><span style=\"font-weight: 400;\">. A m\u00e9s, algunes cintes aposten per la capacitat reparadora del patiment a trav\u00e9s de la m\u00fasica, la dansa o l&#8217;escriptura, mentre unes altres incorporen elements de realisme m\u00e0gic, un di\u00e0leg entre la duresa de la realitat i l&#8217;esperan\u00e7a de l&#8217;art com a via de fuita i sanaci\u00f3. Un encreuament entre all\u00f2 social i all\u00f2 art\u00edstic que convertix el festival en un espai per ressaltar el poder del cine per a commoure, q\u00fcestionar i transformar.<\/span><\/p>\n<p><b>\u2018MOONDOVE\u2019<\/b><span style=\"font-weight: 400;\">, que el festival presenta en estrena mundial, \u00e9s el quart llargmetratge de Karim Kassem, cineasta liban\u00e9s habitual en el circuit internacional de festivals que s&#8217;ha convertit en una de les veus m\u00e9s interessants entre la jove generaci\u00f3 de directors al seu pa\u00eds. La pel\u00b7l\u00edcula, amb ressons evidents del cine d&#8217;Abbas Kiarostami, acompanya a un personatge que viatja a un poble als afores de Beirut. El paisatge i el trajecte s\u00f3n tan importants com la trama en un film de gran impacte visual.<\/span><\/p>\n<p><span style=\"font-weight: 400;\">\u2018<\/span><b>WHO DO I BELONG TO\u2019<\/b><span style=\"font-weight: 400;\">, debut cinematogr\u00e0fic de la tunisiana Meryam Joobeur, recala en la Mostra despr\u00e9s del seu pas per la Secci\u00f3 Oficial de la Berlinale. Una obra que aprofundix en el tema de la radicalitzaci\u00f3 islamista a trav\u00e9s del trauma personal que patix una mare quan el seu fill torna de la guerra acompanyat d&#8217;una dona coberta amb un nicab. Un relat inspirat en el seu curt \u2018Brotherhood\u2019, <\/span><b>nominat als Oscars en 2020<\/b><span style=\"font-weight: 400;\">, i que li va valdre el premi com a millor directora jove a Hong Kong.<\/span><\/p>\n<p><span style=\"font-weight: 400;\">Des d&#8217;un enfocament distint, el tema gihadista subjau tamb\u00e9 en <\/span><b>\u2018LES ENFANTS ROUGES\u2019<\/b><span style=\"font-weight: 400;\">, on el tunisi\u00e0 Lotfi Achour mostra sense filtres l&#8217;atac que patixen dos pastors adolescents a la muntanya, la decapitaci\u00f3 d&#8217;un d&#8217;ells, i l&#8217;obligaci\u00f3 del supervivent de portar el cap tallat de l&#8217;assassinat com a missatge macabre a la seua fam\u00edlia. Amb fugides ocasionals cap al realisme m\u00e0gic, com altres t\u00edtols recents procedents del nord d&#8217;\u00c0frica, la pel\u00b7l\u00edcula, l&#8217;estrena de la qual va acollir el Festival de Locarno, \u00e9s el segon llargmetratge del cineasta.<\/span><\/p>\n<p><span style=\"font-weight: 400;\">Tamb\u00e9 va passar per Locarno <\/span><b>\u2018WHEN THE PHONE RANG\u2019<\/b><span style=\"font-weight: 400;\">, una de les apostes m\u00e9s audaces de la selecci\u00f3 a competici\u00f3 de Mostra de Val\u00e8ncia 2024. La proposta d\u2019Iva Radivojevi\u0107, directora s\u00e8rbia establida als Estats Units, planteja una narraci\u00f3 en bucles per excavar en la hist\u00f2ria del seu pa\u00eds i reconstituir-ne la mem\u00f2ria. Un relat sobre la hist\u00f2ria recent dels Balcans, ambientat en 1992, que investiga la dislocaci\u00f3 i la naturalesa del record a trav\u00e9s d&#8217;una telefonada que rep una xiqueta i que esborra de la seua ment tot rastre dels seus or\u00edgens i la seua identitat.<\/span><\/p>\n<p><b>\u2018THAT\u2019S IT FOR TODAY\u2019<\/b><span style=\"font-weight: 400;\"> torna a portar el cine del serbi Marko Djordjevic al festival valenci\u00e0 despr\u00e9s del seu pas fa quatre anys per la Secci\u00f3 Informativa amb \u2018My morning laughter\u2019. Reconegut enguany com a <\/span><b>Millor director en Festival de S\u00e8rbia<\/b><span style=\"font-weight: 400;\">, el seu nou llargmetratge oferix un cant a la vida a trav\u00e9s de la conviv\u00e8ncia de tres germans durant un estiu en qu\u00e8 el temps sembla detindre&#8217;s i la felicitat s&#8217;imposa de manera natural. Una pel\u00b7l\u00edcula que celebra les relacions familiars i els successos quotidians, a contra corrent de la majoria de tend\u00e8ncies actuals al cine d&#8217;autoria.<\/span><\/p>\n<p><span style=\"font-weight: 400;\">La cineasta turca Asli \u00d6zge oferix un simulacre de documental en <\/span><b>\u2018FARUK\u2019 <\/b><span style=\"font-weight: 400;\">a trav\u00e9s de la imminent demolici\u00f3 de l&#8217;edifici d&#8217;un barri d&#8217;Istanbul, assetjat per la gentrificaci\u00f3, on viu son pare. Un home quasi centenari que, a poc a poc, assumix el protagonisme d&#8217;esta pel\u00b7l\u00edcula reconeguda amb <\/span><b>el premi FIPRESCI Panorama en la Berlinale<\/b><span style=\"font-weight: 400;\">.<\/span><\/p>\n<p><span style=\"font-weight: 400;\">Despr\u00e9s del seu pas per la Secci\u00f3 Oficial de la Mostra en 2018 amb \u2018Nome di donna\u2019 -Premi \u00c0 Punt pel seu comprom\u00eds per avan\u00e7ar en la igualtat entre homes i dones-, el prestigi\u00f3s director itali\u00e0 Marco Tullio Giordana, autor de l&#8217;aclamada minis\u00e8rie italiana \u2018La mejor juventud\u2019, torna de nou al festival amb <\/span><b>\u2018THE LIFE APART\u2019<\/b><span style=\"font-weight: 400;\">. Una hist\u00f2ria de prejudicis i ambig\u00fcitat familiar redimits pel talent musical de la protagonista, una jove que patix rebuig a causa d&#8217;una marca de naixement en el rostre i que descobrix la manera d&#8217;expressar-se en el m\u00f3n a trav\u00e9s de la m\u00fasica. Coescrita amb Marco Bellocchio, la cinta arriba a Val\u00e8ncia <\/span><b>despr\u00e9s de l\u2019estrena mundial en la Piazza Gran de Locarno.<\/b><\/p>\n<p><b>\u2018FOTOGENICO\u2019<\/b><span style=\"font-weight: 400;\"> \u00e9s l&#8217;esvalotada com\u00e8dia a cavall entre l\u2019indie i el punk dels francesos <\/span><b>Beno\u00eet Sabatier<\/b><span style=\"font-weight: 400;\"> y <\/span><b>Marcia Romano<\/b><span style=\"font-weight: 400;\"> (guanyadora del C\u00e8sar a la Millor Adaptaci\u00f3 per \u2018<\/span><a href=\"https:\/\/cineuropa.org\/film\/408169\/\"><span style=\"font-weight: 400;\">El acontecimiento<\/span><\/a><span style=\"font-weight: 400;\">\u2019). En ella, un exc\u00e8ntric pare viatja a Marsella per investigar sobre la vida de la seua filla morta i descobrix la seua vida secreta: des de la pertinen\u00e7a a una banda de rock femenina fins a l\u2019afici\u00f3 per les drogues. La pel\u00b7l\u00edcula aclamada per la cr\u00edtica despr\u00e9s de la seua <\/span><b>estrena mundial en l\u2019ACID de Cannes<\/b><span style=\"font-weight: 400;\">, suposa el debut en el cine de l\u2019artista valenciana transfemenina Bella Baguena, filla de l\u2019actriu Amparo B\u00e1guena, integrant del repartiment de \u2018UN BANY PROPI\u2019, film inaugural del festival que tamb\u00e9 forma part de la competici\u00f3 del festival.\u00a0<\/span><\/p>\n<p><b>\u2018ALGIERS\u2019 <\/b><span style=\"font-weight: 400;\">\u00e9s el primer llargmetratge del jove algeri\u00e0 Chakib Taleb-Bendiab. Un thriller d&#8217;investigaci\u00f3 que explora les sostraccions de menors a Alg\u00e8ria mitjan\u00e7ant la hist\u00f2ria i la tensi\u00f3 social que genera el segrest d&#8217;una xiqueta a Alger. Un cas per resoldre en mans d&#8217;una psic\u00f2loga i un inspector de policia amb car\u00e0cters molt diferents, per\u00f2 obligats a entendre&#8217;s per a localitzar als culpables. La pel\u00b7l\u00edcula va rebre el premi al millor llargmetratge en la seua estrena al Festival Internacional de Rhode Island i acaba de ser <\/span><b>triada per Alg\u00e8ria com la seua candidata als pr\u00f2xims Oscars.<\/b><\/p>\n<p><b>\u2018IT ALL ENDS HERE\u2019<\/b><span style=\"font-weight: 400;\"> \u00e9s l&#8217;\u00faltima pel\u00b7l\u00edcula del veter\u00e0 cineasta croat Rajko Grli\u0107, vell conegut del festival, ja que va guanyar la Palmera d&#8217;Or amb \u2018Tres son multitud\u2019, una adaptaci\u00f3 de l&#8217;escriptora Dubravka Ugresic. En este cas torna a la Mostra amb un thriller que combina una hist\u00f2ria d&#8217;amor i crim ambientada al Zagreb actual, on un advocat i la seua examant s&#8217;enfronten amb un poder\u00f3s magnat a qui la xarxa de relacions i l\u2019estatus social li han perm\u00e9s fins ara eixir impune de diferents assumptes t\u00e9rbols, entre ells l&#8217;assassinat de dos dels seus treballadors.<\/span><\/p>\n<p><span style=\"font-weight: 400;\">La selecci\u00f3 es completa amb el primer llargmetratge del duo format per l&#8217;actriu tunisiana Afef Ben Mahmoud i Khalil Benkirane. <\/span><b>\u2018BACKSTAGE\u2019 <\/b><span style=\"font-weight: 400;\">recrea l&#8217;univers vibrant i ca\u00f2tic que hi ha darrere d&#8217;una companyia de dansa en plena gira que, inesperadament, una nit es veu a\u00efllada enmig d&#8217;un bosc on \u00e9s dif\u00edcil dilucidar entre all\u00f2 real i all\u00f2 imaginari. La cinta compta amb la interpretaci\u00f3 del c\u00e8lebre actor palest\u00ed Saleh Bakri i el seu impecable treball t\u00e8cnic va ser reconegut amb el <\/span><b>Premi Cinema &amp; Arts en la Giornate degli Autori del Festival de Ven\u00e8cia.<\/b><\/p>\n<p><span style=\"font-weight: 400;\">I com ja va anunciar el festival,<\/span> <b>\u2018UN BANY PROPI\u2019,<\/b><span style=\"font-weight: 400;\"> \u00f2pera prima de la jove directora valenciana Luc\u00eda Casa\u00f1, ser\u00e0 l&#8217;encarregada d&#8217;inaugurar la Mostra amb la hist\u00f2ria d&#8217;una ama de casa que es refugia en els banys per a trobar el seu espai i, entre excusats, canonades i cisternes, donar curs a la seua vocaci\u00f3: ser escriptora. Si Virg\u00ednia Woolf aspirava a tindre la seua habitaci\u00f3 pr\u00f2pia, en este cas eixe lloc \u00e9s encara m\u00e9s redu\u00eft. La cinta, que va tindre l\u2019estrena mundial en el Festival Internacional de Shangh\u00e1i, i tamb\u00e9 ha passat pel Festival de Jakarta (Indon\u00e8sia) est\u00e0 rodada a Val\u00e8ncia, Paterna i Borriana, localitzacions molt pr\u00f2ximes a les quals la directora ha sabut dotar d&#8217;una est\u00e8tica particular, fronterera amb les fantasies coloristes de Jean-Pierre Jeunet. N\u00faria Gonz\u00e1lez, habitual en s\u00e8ries tan conegudes com ara &#8216;F\u00edsica o qu\u00edmica&#8217;, \u2018Los Serrano\u2019, &#8217;30 monedas&#8217; o &#8216;Se\u00f1oras del (h)AMPA&#8217;, n\u2019\u00e9s la principal protagonista, secundada per int\u00e8rprets valencians com ara Carles Sanjaime, Amparo Ferrer B\u00e1guena o Manu Valls.<\/span><\/p>\n<p><span style=\"font-weight: 400;\">La 39a edici\u00f3 de Mostra de Val\u00e8ncia-Cinema del Mediterrani est\u00e0 organitzada per l&#8217;Ajuntament de Val\u00e8ncia i compta amb la col\u00b7laboraci\u00f3 de l\u2019Institut Valenci\u00e0 de Cultura, Palau de la M\u00fasica, Val\u00e8ncia Film Office (Fundaci\u00f3 Visit Val\u00e8ncia) i \u00c0 Punt M\u00e8dia com a mitj\u00e0 oficial, i amb el patrocini de Hyunday Koryo Car.<\/span><\/p>\n<p>&nbsp;<\/p>\n<p><b>Secci\u00f3 Oficial de Mostra de Val\u00e8ncia 2024<\/b><\/p>\n<p><b>UN BANY PROPI<\/b><\/p>\n<p><b>Espanya. 2024.\u00a0<\/b><\/p>\n<p><b>Direcci\u00f3: <\/b><span style=\"font-weight: 400;\">Luc\u00eda Casa\u00f1<\/span><\/p>\n<p><span style=\"font-weight: 400;\">Una ama de casa de 65 anys escapa en secret de la seua vida mon\u00f2tona escrivint en els banys, el seu \u00fanic refugi. All\u00ed escapa de la rutina quotidiana, viu situacions \u00faniques i entaula estranyes amistats.<\/span><\/p>\n<p>&nbsp;<\/p>\n<p><b>MOONDOVE<\/b><\/p>\n<p><b>L\u00edban, Pa\u00efsos Baixos, Ar\u00e0bia Saudita, Qatar.2024.\u00a0<\/b><\/p>\n<p><b>Direcci\u00f3:<\/b><span style=\"font-weight: 400;\"> Karim Kassem<\/span><\/p>\n<p><span style=\"font-weight: 400;\">La collita ha acabat, per\u00f2 una sequera particularment severa est\u00e0 provocant problemes d&#8217;aigua al poble. Cada temporada, es representa una obra de teatre en la localitat, i la d&#8217;enguany porta per t\u00edtol \u2018Eixides\u2019.<\/span><\/p>\n<p>&nbsp;<\/p>\n<p><b>WHO DO I BELONG TO<\/b><\/p>\n<p><b>Tun\u00edsia, Fran\u00e7a, Qatar, Noruega, Canad\u00e0, Ar\u00e0bia Saudita. 2024.\u00a0<\/b><\/p>\n<p><b>Direcci\u00f3:<\/b><span style=\"font-weight: 400;\"> Meryam Joobeur<\/span><\/p>\n<p><span style=\"font-weight: 400;\">Una dona tunisiana enfronta un dilema personal quan el seu fill, despr\u00e9s d&#8217;haver participat en la guerra, torna a casa acompanyat d&#8217;una dona coberta amb un nicab que desencadena una por creixent en la comunitat.<\/span><\/p>\n<p>&nbsp;<\/p>\n<p><b>WHEN THE PHONE RANG<\/b><\/p>\n<p><b>S\u00e8rbia, Estats Units. 2024.\u00a0<\/b><\/p>\n<p><b>Direcci\u00f3: <\/b><span style=\"font-weight: 400;\">Iva Radivojevi\u0107\u00a0<\/span><\/p>\n<p><span style=\"font-weight: 400;\">Una telefonada esborra de la ment d&#8217;una xiqueta d&#8217;onze anys tot rastre del seu pa\u00eds, la seua hist\u00f2ria i la seua identitat, i oculta la seua exist\u00e8ncia en els llibres, pel\u00b7l\u00edcules i records dels nascuts abans de 1995.<\/span><\/p>\n<p>&nbsp;<\/p>\n<p><b>THAT\u2019S IT FOR TODAY<\/b><\/p>\n<p><b>S\u00e8rbia. 2024.\u00a0<\/b><\/p>\n<p><b>Direcci\u00f3:<\/b><span style=\"font-weight: 400;\"> Marko Djordjevic<\/span><\/p>\n<p><span style=\"font-weight: 400;\">Les relacions entre tres germans al llarg de dos setmanes d&#8217;estiu, durant les quals el temps sembla detindre&#8217;s. Els dies aparentment ordinaris es tornen extraordinaris i la felicitat s&#8217;imposa de manera natural.<\/span><\/p>\n<p>&nbsp;<\/p>\n<p><b>LES ENFANTS ROUGES<\/b><\/p>\n<p><b>Tun\u00edsia, Fran\u00e7a, B\u00e8lgica, Pol\u00f2nia. 2024.<\/b><\/p>\n<p><b>Direcci\u00f3:<\/b><span style=\"font-weight: 400;\"> Lotfi Achour<\/span><\/p>\n<p><span style=\"font-weight: 400;\">Un grup d&#8217;homes ataca dos joves pastors, i mata un d&#8217;ells. El supervivent, de 13 anys, es veu obligat a portar a la fam\u00edlia el cap de l&#8217;assassinat com a missatge macabre.<\/span><\/p>\n<p>&nbsp;<\/p>\n<p><b>FARUK<\/b><\/p>\n<p><b>Turquia, Fran\u00e7a, Alemanya. 2024.<\/b><\/p>\n<p><b>Direcci\u00f3:<\/b><span style=\"font-weight: 400;\"> Asli \u00d6zge<\/span><\/p>\n<p><span style=\"font-weight: 400;\">Una cineasta decidix documentar la imminent demolici\u00f3 de l&#8217;edifici d&#8217;apartaments en Istanbul on viu son pare, un home que t\u00e9 m\u00e9s de 90 anys i que, a poc a poc, va assumint el protagonisme de la pel\u00b7l\u00edcula.<\/span><\/p>\n<p>&nbsp;<\/p>\n<p><b>THE LIFE APART<\/b><\/p>\n<p><b>It\u00e0lia. 2024.\u00a0<\/b><\/p>\n<p><b>Direcci\u00f3:<\/b><span style=\"font-weight: 400;\"> Marco Tullio Giordana<\/span><\/p>\n<p><span style=\"font-weight: 400;\">En la d\u00e8cada dels 80, en el si d&#8217;una fam\u00edlia acomodada, una jove que patix un profund rebuig a causa d&#8217;una marca de naixement en el rostre descobrix la seua manera d&#8217;expressar-se en el m\u00f3n a trav\u00e9s de la m\u00fasica.<\/span><\/p>\n<p>&nbsp;<\/p>\n<p><b>FOTOGENICO<\/b><\/p>\n<p><b>Fran\u00e7a. 2024.\u00a0<\/b><\/p>\n<p><b>Direcci\u00f3:<\/b><span style=\"font-weight: 400;\"> Marcia Romano y Beno\u00eet Sabatier\u00a0\u00a0<\/span><\/p>\n<p><span style=\"font-weight: 400;\">Un home viatja fins a Marsella per esbrinar els motius de la mort de la seua filla. Una vegada all\u00ed, descobrix moltes coses sobre ella que desconeixia, com que va formar part d&#8217;una banda femenina de rock amb la qual va deixar gravat un disc.<\/span><\/p>\n<p>&nbsp;<\/p>\n<p><b>ALGIERS<\/b><\/p>\n<p><b>Arg\u00e8lia. 2024.\u00a0<\/b><\/p>\n<p><b>Direcci\u00f3:<\/b><span style=\"font-weight: 400;\"> Chakib Taleb-Bendiab<\/span><\/p>\n<p><span style=\"font-weight: 400;\">El segrest d&#8217;una xiqueta genera gran tensi\u00f3 social a la ciutat d&#8217;Alger. Malgrat les seues difer\u00e8ncies inicials, una brillant psiquiatra i un inspector de policia tracten de col\u00b7laborar per desentranyar el cas<\/span><span style=\"font-weight: 400;\">.<\/span><\/p>\n<p>&nbsp;<\/p>\n<p><b>IT ALL ENDS HERE<\/b><\/p>\n<p><b>Cro\u00e0cia, S\u00e8rbia, Montenegro, Bulg\u00e0ria, B\u00f2snia Hercegovina, Turquia, Maced\u00f2nia. 2024.<\/b><\/p>\n<p><b>Direcci\u00f3:<\/b><span style=\"font-weight: 400;\"> Rajko Grli\u0107<\/span><\/p>\n<p><span style=\"font-weight: 400;\">Un advocat i la seua examant s&#8217;enfronten amb un poder\u00f3s magnat a qui la seua xarxa de relacions i estatus social li han perm\u00e9s fins ara eixir impune de diferents assumptes t\u00e9rbols, entre ells l&#8217;assassinat de dos dels seus treballadors.<\/span><\/p>\n<p>&nbsp;<\/p>\n<p><b>BACKSTAGE<\/b><\/p>\n<p><b>Marroc, Tun\u00edsia, Fran\u00e7a, B\u00e8lgica, Catar, Noruega, l&#8217;Ar\u00e0bia Saudita. 2023.<\/b><\/p>\n<p><b>Direcci\u00f3:<\/b><span style=\"font-weight: 400;\"> Afef Ben Mahmoud, Khalil Benkirane<\/span><\/p>\n<p><span style=\"font-weight: 400;\">Despr\u00e9s d&#8217;una representaci\u00f3 accidentada que provoca tensions entre els membres, una companyia de dansa patix una avaria en l&#8217;autob\u00fas on viatja durant la nit i es troba inesperadament a\u00efllada enmig d&#8217;un bosc.<\/span><\/p>\n<p>&nbsp;<\/p>\n","protected":false},"excerpt":{"rendered":"<p>Les pel\u00b7l\u00edcules que competixen per la Palmera d&#8217;Or venen avalades per festivals com Cannes, Berl\u00edn o Locarno Mostra de Val\u00e8ncia-Cinema del Mediterrani ha revelat els [&hellip;]<\/p>\n","protected":false},"author":1,"featured_media":25124,"comment_status":"open","ping_status":"open","sticky":false,"template":"","format":"standard","meta":{"_uag_custom_page_level_css":"","_jet_sm_ready_style":"","_jet_sm_style":"","_jet_sm_controls_values":"","_jet_sm_fonts_collection":"","_jet_sm_fonts_links":"","footnotes":""},"categories":[455],"tags":[],"class_list":["post-25129","post","type-post","status-publish","format-standard","has-post-thumbnail","hentry","category-noticies"],"yoast_head":"<!-- This site is optimized with the Yoast SEO plugin v27.4 - https:\/\/yoast.com\/product\/yoast-seo-wordpress\/ -->\n<title>Les migracions for\u00e7oses, el segrest de menors o la gentrificaci\u00f3 centren les trames de la Secci\u00f3 Oficial de la 39a Mostra de Val\u00e8ncia - Mostra de Val\u00e8ncia<\/title>\n<meta name=\"robots\" content=\"index, follow, max-snippet:-1, max-image-preview:large, max-video-preview:-1\" \/>\n<link rel=\"canonical\" href=\"https:\/\/lamostradevalencia.com\/ca\/les-migracions-forcoses-el-segrest-de-menors-o-la-gentrificacio-centren-les-trames-de-la-seccio-oficial-de-la-39a-mostra-de-valencia\/\" \/>\n<meta property=\"og:locale\" content=\"ca_ES\" \/>\n<meta property=\"og:type\" content=\"article\" \/>\n<meta property=\"og:title\" content=\"Les migracions for\u00e7oses, el segrest de menors o la gentrificaci\u00f3 centren les trames de la Secci\u00f3 Oficial de la 39a Mostra de Val\u00e8ncia - Mostra de Val\u00e8ncia\" \/>\n<meta property=\"og:description\" content=\"Les pel\u00b7l\u00edcules que competixen per la Palmera d&#8217;Or venen avalades per festivals com Cannes, Berl\u00edn o Locarno Mostra de Val\u00e8ncia-Cinema del Mediterrani ha revelat els [&hellip;]\" \/>\n<meta property=\"og:url\" content=\"https:\/\/lamostradevalencia.com\/ca\/les-migracions-forcoses-el-segrest-de-menors-o-la-gentrificacio-centren-les-trames-de-la-seccio-oficial-de-la-39a-mostra-de-valencia\/\" \/>\n<meta property=\"og:site_name\" content=\"Mostra de Val\u00e8ncia\" \/>\n<meta property=\"article:published_time\" content=\"2024-10-03T08:00:48+00:00\" \/>\n<meta property=\"og:image\" content=\"https:\/\/lamostradevalencia.com\/wp-content\/uploads\/2024\/09\/FOTOGENICO-6-copia-e1727693841325.jpg\" \/>\n\t<meta property=\"og:image:width\" content=\"1920\" \/>\n\t<meta property=\"og:image:height\" content=\"1080\" \/>\n\t<meta property=\"og:image:type\" content=\"image\/jpeg\" \/>\n<meta name=\"author\" content=\"Mostra de Val\u00e8ncia\" \/>\n<meta name=\"twitter:card\" content=\"summary_large_image\" \/>\n<meta name=\"twitter:label1\" content=\"Escrit per\" \/>\n\t<meta name=\"twitter:data1\" content=\"Mostra de Val\u00e8ncia\" \/>\n\t<meta name=\"twitter:label2\" content=\"Temps estimat de lectura\" \/>\n\t<meta name=\"twitter:data2\" content=\"10 minuts\" \/>\n<script type=\"application\/ld+json\" class=\"yoast-schema-graph\">{\"@context\":\"https:\\\/\\\/schema.org\",\"@graph\":[{\"@type\":\"Article\",\"@id\":\"https:\\\/\\\/lamostradevalencia.com\\\/ca\\\/les-migracions-forcoses-el-segrest-de-menors-o-la-gentrificacio-centren-les-trames-de-la-seccio-oficial-de-la-39a-mostra-de-valencia\\\/#article\",\"isPartOf\":{\"@id\":\"https:\\\/\\\/lamostradevalencia.com\\\/ca\\\/les-migracions-forcoses-el-segrest-de-menors-o-la-gentrificacio-centren-les-trames-de-la-seccio-oficial-de-la-39a-mostra-de-valencia\\\/\"},\"author\":{\"name\":\"Mostra de Val\u00e8ncia\",\"@id\":\"https:\\\/\\\/lamostradevalencia.com\\\/ca\\\/#\\\/schema\\\/person\\\/1dc07e4df3d6310b81d2cdf6a034070c\"},\"headline\":\"Les migracions for\u00e7oses, el segrest de menors o la gentrificaci\u00f3 centren les trames de la Secci\u00f3 Oficial de la 39a Mostra de Val\u00e8ncia\",\"datePublished\":\"2024-10-03T08:00:48+00:00\",\"mainEntityOfPage\":{\"@id\":\"https:\\\/\\\/lamostradevalencia.com\\\/ca\\\/les-migracions-forcoses-el-segrest-de-menors-o-la-gentrificacio-centren-les-trames-de-la-seccio-oficial-de-la-39a-mostra-de-valencia\\\/\"},\"wordCount\":2407,\"commentCount\":0,\"image\":{\"@id\":\"https:\\\/\\\/lamostradevalencia.com\\\/ca\\\/les-migracions-forcoses-el-segrest-de-menors-o-la-gentrificacio-centren-les-trames-de-la-seccio-oficial-de-la-39a-mostra-de-valencia\\\/#primaryimage\"},\"thumbnailUrl\":\"https:\\\/\\\/lamostradevalencia.com\\\/wp-content\\\/uploads\\\/2024\\\/09\\\/FOTOGENICO-6-copia-e1727693841325.jpg\",\"articleSection\":[\"Noticies\"],\"inLanguage\":\"ca\",\"potentialAction\":[{\"@type\":\"CommentAction\",\"name\":\"Comment\",\"target\":[\"https:\\\/\\\/lamostradevalencia.com\\\/ca\\\/les-migracions-forcoses-el-segrest-de-menors-o-la-gentrificacio-centren-les-trames-de-la-seccio-oficial-de-la-39a-mostra-de-valencia\\\/#respond\"]}]},{\"@type\":\"WebPage\",\"@id\":\"https:\\\/\\\/lamostradevalencia.com\\\/ca\\\/les-migracions-forcoses-el-segrest-de-menors-o-la-gentrificacio-centren-les-trames-de-la-seccio-oficial-de-la-39a-mostra-de-valencia\\\/\",\"url\":\"https:\\\/\\\/lamostradevalencia.com\\\/ca\\\/les-migracions-forcoses-el-segrest-de-menors-o-la-gentrificacio-centren-les-trames-de-la-seccio-oficial-de-la-39a-mostra-de-valencia\\\/\",\"name\":\"Les migracions for\u00e7oses, el segrest de menors o la gentrificaci\u00f3 centren les trames de la Secci\u00f3 Oficial de la 39a Mostra de Val\u00e8ncia - Mostra de Val\u00e8ncia\",\"isPartOf\":{\"@id\":\"https:\\\/\\\/lamostradevalencia.com\\\/ca\\\/#website\"},\"primaryImageOfPage\":{\"@id\":\"https:\\\/\\\/lamostradevalencia.com\\\/ca\\\/les-migracions-forcoses-el-segrest-de-menors-o-la-gentrificacio-centren-les-trames-de-la-seccio-oficial-de-la-39a-mostra-de-valencia\\\/#primaryimage\"},\"image\":{\"@id\":\"https:\\\/\\\/lamostradevalencia.com\\\/ca\\\/les-migracions-forcoses-el-segrest-de-menors-o-la-gentrificacio-centren-les-trames-de-la-seccio-oficial-de-la-39a-mostra-de-valencia\\\/#primaryimage\"},\"thumbnailUrl\":\"https:\\\/\\\/lamostradevalencia.com\\\/wp-content\\\/uploads\\\/2024\\\/09\\\/FOTOGENICO-6-copia-e1727693841325.jpg\",\"datePublished\":\"2024-10-03T08:00:48+00:00\",\"author\":{\"@id\":\"https:\\\/\\\/lamostradevalencia.com\\\/ca\\\/#\\\/schema\\\/person\\\/1dc07e4df3d6310b81d2cdf6a034070c\"},\"breadcrumb\":{\"@id\":\"https:\\\/\\\/lamostradevalencia.com\\\/ca\\\/les-migracions-forcoses-el-segrest-de-menors-o-la-gentrificacio-centren-les-trames-de-la-seccio-oficial-de-la-39a-mostra-de-valencia\\\/#breadcrumb\"},\"inLanguage\":\"ca\",\"potentialAction\":[{\"@type\":\"ReadAction\",\"target\":[\"https:\\\/\\\/lamostradevalencia.com\\\/ca\\\/les-migracions-forcoses-el-segrest-de-menors-o-la-gentrificacio-centren-les-trames-de-la-seccio-oficial-de-la-39a-mostra-de-valencia\\\/\"]}]},{\"@type\":\"ImageObject\",\"inLanguage\":\"ca\",\"@id\":\"https:\\\/\\\/lamostradevalencia.com\\\/ca\\\/les-migracions-forcoses-el-segrest-de-menors-o-la-gentrificacio-centren-les-trames-de-la-seccio-oficial-de-la-39a-mostra-de-valencia\\\/#primaryimage\",\"url\":\"https:\\\/\\\/lamostradevalencia.com\\\/wp-content\\\/uploads\\\/2024\\\/09\\\/FOTOGENICO-6-copia-e1727693841325.jpg\",\"contentUrl\":\"https:\\\/\\\/lamostradevalencia.com\\\/wp-content\\\/uploads\\\/2024\\\/09\\\/FOTOGENICO-6-copia-e1727693841325.jpg\",\"width\":1920,\"height\":1080},{\"@type\":\"BreadcrumbList\",\"@id\":\"https:\\\/\\\/lamostradevalencia.com\\\/ca\\\/les-migracions-forcoses-el-segrest-de-menors-o-la-gentrificacio-centren-les-trames-de-la-seccio-oficial-de-la-39a-mostra-de-valencia\\\/#breadcrumb\",\"itemListElement\":[{\"@type\":\"ListItem\",\"position\":1,\"name\":\"Portada\",\"item\":\"https:\\\/\\\/lamostradevalencia.com\\\/ca\\\/\"},{\"@type\":\"ListItem\",\"position\":2,\"name\":\"Les migracions for\u00e7oses, el segrest de menors o la gentrificaci\u00f3 centren les trames de la Secci\u00f3 Oficial de la 39a Mostra de Val\u00e8ncia\"}]},{\"@type\":\"WebSite\",\"@id\":\"https:\\\/\\\/lamostradevalencia.com\\\/ca\\\/#website\",\"url\":\"https:\\\/\\\/lamostradevalencia.com\\\/ca\\\/\",\"name\":\"Mostra de Val\u00e8ncia\",\"description\":\"Cinema del Mediterrani\",\"potentialAction\":[{\"@type\":\"SearchAction\",\"target\":{\"@type\":\"EntryPoint\",\"urlTemplate\":\"https:\\\/\\\/lamostradevalencia.com\\\/ca\\\/?s={search_term_string}\"},\"query-input\":{\"@type\":\"PropertyValueSpecification\",\"valueRequired\":true,\"valueName\":\"search_term_string\"}}],\"inLanguage\":\"ca\"},{\"@type\":\"Person\",\"@id\":\"https:\\\/\\\/lamostradevalencia.com\\\/ca\\\/#\\\/schema\\\/person\\\/1dc07e4df3d6310b81d2cdf6a034070c\",\"name\":\"Mostra de Val\u00e8ncia\",\"image\":{\"@type\":\"ImageObject\",\"inLanguage\":\"ca\",\"@id\":\"https:\\\/\\\/secure.gravatar.com\\\/avatar\\\/ada4dfd699a9907706987adb1bb2b361c2613ccca474b49b8c648de5208e32f8?s=96&d=mm&r=g\",\"url\":\"https:\\\/\\\/secure.gravatar.com\\\/avatar\\\/ada4dfd699a9907706987adb1bb2b361c2613ccca474b49b8c648de5208e32f8?s=96&d=mm&r=g\",\"contentUrl\":\"https:\\\/\\\/secure.gravatar.com\\\/avatar\\\/ada4dfd699a9907706987adb1bb2b361c2613ccca474b49b8c648de5208e32f8?s=96&d=mm&r=g\",\"caption\":\"Mostra de Val\u00e8ncia\"}}]}<\/script>\n<!-- \/ Yoast SEO plugin. -->","yoast_head_json":{"title":"Les migracions for\u00e7oses, el segrest de menors o la gentrificaci\u00f3 centren les trames de la Secci\u00f3 Oficial de la 39a Mostra de Val\u00e8ncia - Mostra de Val\u00e8ncia","robots":{"index":"index","follow":"follow","max-snippet":"max-snippet:-1","max-image-preview":"max-image-preview:large","max-video-preview":"max-video-preview:-1"},"canonical":"https:\/\/lamostradevalencia.com\/ca\/les-migracions-forcoses-el-segrest-de-menors-o-la-gentrificacio-centren-les-trames-de-la-seccio-oficial-de-la-39a-mostra-de-valencia\/","og_locale":"ca_ES","og_type":"article","og_title":"Les migracions for\u00e7oses, el segrest de menors o la gentrificaci\u00f3 centren les trames de la Secci\u00f3 Oficial de la 39a Mostra de Val\u00e8ncia - Mostra de Val\u00e8ncia","og_description":"Les pel\u00b7l\u00edcules que competixen per la Palmera d&#8217;Or venen avalades per festivals com Cannes, Berl\u00edn o Locarno Mostra de Val\u00e8ncia-Cinema del Mediterrani ha revelat els [&hellip;]","og_url":"https:\/\/lamostradevalencia.com\/ca\/les-migracions-forcoses-el-segrest-de-menors-o-la-gentrificacio-centren-les-trames-de-la-seccio-oficial-de-la-39a-mostra-de-valencia\/","og_site_name":"Mostra de Val\u00e8ncia","article_published_time":"2024-10-03T08:00:48+00:00","og_image":[{"width":1920,"height":1080,"url":"https:\/\/lamostradevalencia.com\/wp-content\/uploads\/2024\/09\/FOTOGENICO-6-copia-e1727693841325.jpg","type":"image\/jpeg"}],"author":"Mostra de Val\u00e8ncia","twitter_card":"summary_large_image","twitter_misc":{"Escrit per":"Mostra de Val\u00e8ncia","Temps estimat de lectura":"10 minuts"},"schema":{"@context":"https:\/\/schema.org","@graph":[{"@type":"Article","@id":"https:\/\/lamostradevalencia.com\/ca\/les-migracions-forcoses-el-segrest-de-menors-o-la-gentrificacio-centren-les-trames-de-la-seccio-oficial-de-la-39a-mostra-de-valencia\/#article","isPartOf":{"@id":"https:\/\/lamostradevalencia.com\/ca\/les-migracions-forcoses-el-segrest-de-menors-o-la-gentrificacio-centren-les-trames-de-la-seccio-oficial-de-la-39a-mostra-de-valencia\/"},"author":{"name":"Mostra de Val\u00e8ncia","@id":"https:\/\/lamostradevalencia.com\/ca\/#\/schema\/person\/1dc07e4df3d6310b81d2cdf6a034070c"},"headline":"Les migracions for\u00e7oses, el segrest de menors o la gentrificaci\u00f3 centren les trames de la Secci\u00f3 Oficial de la 39a Mostra de Val\u00e8ncia","datePublished":"2024-10-03T08:00:48+00:00","mainEntityOfPage":{"@id":"https:\/\/lamostradevalencia.com\/ca\/les-migracions-forcoses-el-segrest-de-menors-o-la-gentrificacio-centren-les-trames-de-la-seccio-oficial-de-la-39a-mostra-de-valencia\/"},"wordCount":2407,"commentCount":0,"image":{"@id":"https:\/\/lamostradevalencia.com\/ca\/les-migracions-forcoses-el-segrest-de-menors-o-la-gentrificacio-centren-les-trames-de-la-seccio-oficial-de-la-39a-mostra-de-valencia\/#primaryimage"},"thumbnailUrl":"https:\/\/lamostradevalencia.com\/wp-content\/uploads\/2024\/09\/FOTOGENICO-6-copia-e1727693841325.jpg","articleSection":["Noticies"],"inLanguage":"ca","potentialAction":[{"@type":"CommentAction","name":"Comment","target":["https:\/\/lamostradevalencia.com\/ca\/les-migracions-forcoses-el-segrest-de-menors-o-la-gentrificacio-centren-les-trames-de-la-seccio-oficial-de-la-39a-mostra-de-valencia\/#respond"]}]},{"@type":"WebPage","@id":"https:\/\/lamostradevalencia.com\/ca\/les-migracions-forcoses-el-segrest-de-menors-o-la-gentrificacio-centren-les-trames-de-la-seccio-oficial-de-la-39a-mostra-de-valencia\/","url":"https:\/\/lamostradevalencia.com\/ca\/les-migracions-forcoses-el-segrest-de-menors-o-la-gentrificacio-centren-les-trames-de-la-seccio-oficial-de-la-39a-mostra-de-valencia\/","name":"Les migracions for\u00e7oses, el segrest de menors o la gentrificaci\u00f3 centren les trames de la Secci\u00f3 Oficial de la 39a Mostra de Val\u00e8ncia - Mostra de Val\u00e8ncia","isPartOf":{"@id":"https:\/\/lamostradevalencia.com\/ca\/#website"},"primaryImageOfPage":{"@id":"https:\/\/lamostradevalencia.com\/ca\/les-migracions-forcoses-el-segrest-de-menors-o-la-gentrificacio-centren-les-trames-de-la-seccio-oficial-de-la-39a-mostra-de-valencia\/#primaryimage"},"image":{"@id":"https:\/\/lamostradevalencia.com\/ca\/les-migracions-forcoses-el-segrest-de-menors-o-la-gentrificacio-centren-les-trames-de-la-seccio-oficial-de-la-39a-mostra-de-valencia\/#primaryimage"},"thumbnailUrl":"https:\/\/lamostradevalencia.com\/wp-content\/uploads\/2024\/09\/FOTOGENICO-6-copia-e1727693841325.jpg","datePublished":"2024-10-03T08:00:48+00:00","author":{"@id":"https:\/\/lamostradevalencia.com\/ca\/#\/schema\/person\/1dc07e4df3d6310b81d2cdf6a034070c"},"breadcrumb":{"@id":"https:\/\/lamostradevalencia.com\/ca\/les-migracions-forcoses-el-segrest-de-menors-o-la-gentrificacio-centren-les-trames-de-la-seccio-oficial-de-la-39a-mostra-de-valencia\/#breadcrumb"},"inLanguage":"ca","potentialAction":[{"@type":"ReadAction","target":["https:\/\/lamostradevalencia.com\/ca\/les-migracions-forcoses-el-segrest-de-menors-o-la-gentrificacio-centren-les-trames-de-la-seccio-oficial-de-la-39a-mostra-de-valencia\/"]}]},{"@type":"ImageObject","inLanguage":"ca","@id":"https:\/\/lamostradevalencia.com\/ca\/les-migracions-forcoses-el-segrest-de-menors-o-la-gentrificacio-centren-les-trames-de-la-seccio-oficial-de-la-39a-mostra-de-valencia\/#primaryimage","url":"https:\/\/lamostradevalencia.com\/wp-content\/uploads\/2024\/09\/FOTOGENICO-6-copia-e1727693841325.jpg","contentUrl":"https:\/\/lamostradevalencia.com\/wp-content\/uploads\/2024\/09\/FOTOGENICO-6-copia-e1727693841325.jpg","width":1920,"height":1080},{"@type":"BreadcrumbList","@id":"https:\/\/lamostradevalencia.com\/ca\/les-migracions-forcoses-el-segrest-de-menors-o-la-gentrificacio-centren-les-trames-de-la-seccio-oficial-de-la-39a-mostra-de-valencia\/#breadcrumb","itemListElement":[{"@type":"ListItem","position":1,"name":"Portada","item":"https:\/\/lamostradevalencia.com\/ca\/"},{"@type":"ListItem","position":2,"name":"Les migracions for\u00e7oses, el segrest de menors o la gentrificaci\u00f3 centren les trames de la Secci\u00f3 Oficial de la 39a Mostra de Val\u00e8ncia"}]},{"@type":"WebSite","@id":"https:\/\/lamostradevalencia.com\/ca\/#website","url":"https:\/\/lamostradevalencia.com\/ca\/","name":"Mostra de Val\u00e8ncia","description":"Cinema del Mediterrani","potentialAction":[{"@type":"SearchAction","target":{"@type":"EntryPoint","urlTemplate":"https:\/\/lamostradevalencia.com\/ca\/?s={search_term_string}"},"query-input":{"@type":"PropertyValueSpecification","valueRequired":true,"valueName":"search_term_string"}}],"inLanguage":"ca"},{"@type":"Person","@id":"https:\/\/lamostradevalencia.com\/ca\/#\/schema\/person\/1dc07e4df3d6310b81d2cdf6a034070c","name":"Mostra de Val\u00e8ncia","image":{"@type":"ImageObject","inLanguage":"ca","@id":"https:\/\/secure.gravatar.com\/avatar\/ada4dfd699a9907706987adb1bb2b361c2613ccca474b49b8c648de5208e32f8?s=96&d=mm&r=g","url":"https:\/\/secure.gravatar.com\/avatar\/ada4dfd699a9907706987adb1bb2b361c2613ccca474b49b8c648de5208e32f8?s=96&d=mm&r=g","contentUrl":"https:\/\/secure.gravatar.com\/avatar\/ada4dfd699a9907706987adb1bb2b361c2613ccca474b49b8c648de5208e32f8?s=96&d=mm&r=g","caption":"Mostra de Val\u00e8ncia"}}]}},"uagb_featured_image_src":{"full":["https:\/\/lamostradevalencia.com\/wp-content\/uploads\/2024\/09\/FOTOGENICO-6-copia-e1727693841325.jpg",1920,1080,false],"thumbnail":["https:\/\/lamostradevalencia.com\/wp-content\/uploads\/2024\/09\/FOTOGENICO-6-copia-150x150.jpg",150,150,true],"medium":["https:\/\/lamostradevalencia.com\/wp-content\/uploads\/2024\/09\/FOTOGENICO-6-copia-300x169.jpg",300,169,true],"medium_large":["https:\/\/lamostradevalencia.com\/wp-content\/uploads\/2024\/09\/FOTOGENICO-6-copia-768x432.jpg",768,432,true],"large":["https:\/\/lamostradevalencia.com\/wp-content\/uploads\/2024\/09\/FOTOGENICO-6-copia-1024x576.jpg",1024,576,true],"1536x1536":["https:\/\/lamostradevalencia.com\/wp-content\/uploads\/2024\/09\/FOTOGENICO-6-copia-1536x864.jpg",1536,864,true],"2048x2048":["https:\/\/lamostradevalencia.com\/wp-content\/uploads\/2024\/09\/FOTOGENICO-6-copia-e1727693841325.jpg",1920,1080,false],"cinerama_edge_image_square":["https:\/\/lamostradevalencia.com\/wp-content\/uploads\/2024\/09\/FOTOGENICO-6-copia-550x550.jpg",550,550,true],"cinerama_edge_image_landscape":["https:\/\/lamostradevalencia.com\/wp-content\/uploads\/2024\/09\/FOTOGENICO-6-copia-1100x550.jpg",1100,550,true],"cinerama_edge_image_portrait":["https:\/\/lamostradevalencia.com\/wp-content\/uploads\/2024\/09\/FOTOGENICO-6-copia-550x1080.jpg",550,1080,true],"cinerama_edge_image_huge":["https:\/\/lamostradevalencia.com\/wp-content\/uploads\/2024\/09\/FOTOGENICO-6-copia-1100x1080.jpg",1100,1080,true],"gform-image-choice-sm":["https:\/\/lamostradevalencia.com\/wp-content\/uploads\/2024\/09\/FOTOGENICO-6-copia-e1727693841325.jpg",300,169,false],"gform-image-choice-md":["https:\/\/lamostradevalencia.com\/wp-content\/uploads\/2024\/09\/FOTOGENICO-6-copia-e1727693841325.jpg",400,225,false],"gform-image-choice-lg":["https:\/\/lamostradevalencia.com\/wp-content\/uploads\/2024\/09\/FOTOGENICO-6-copia-e1727693841325.jpg",600,338,false]},"uagb_author_info":{"display_name":"Mostra de Val\u00e8ncia","author_link":"https:\/\/lamostradevalencia.com\/ca\/author\/mostravalencia\/"},"uagb_comment_info":0,"uagb_excerpt":"Les pel\u00b7l\u00edcules que competixen per la Palmera d&#8217;Or venen avalades per festivals com Cannes, Berl\u00edn o Locarno Mostra de Val\u00e8ncia-Cinema del Mediterrani ha revelat els [&hellip;]","_links":{"self":[{"href":"https:\/\/lamostradevalencia.com\/ca\/wp-json\/wp\/v2\/posts\/25129","targetHints":{"allow":["GET"]}}],"collection":[{"href":"https:\/\/lamostradevalencia.com\/ca\/wp-json\/wp\/v2\/posts"}],"about":[{"href":"https:\/\/lamostradevalencia.com\/ca\/wp-json\/wp\/v2\/types\/post"}],"author":[{"embeddable":true,"href":"https:\/\/lamostradevalencia.com\/ca\/wp-json\/wp\/v2\/users\/1"}],"replies":[{"embeddable":true,"href":"https:\/\/lamostradevalencia.com\/ca\/wp-json\/wp\/v2\/comments?post=25129"}],"version-history":[{"count":1,"href":"https:\/\/lamostradevalencia.com\/ca\/wp-json\/wp\/v2\/posts\/25129\/revisions"}],"predecessor-version":[{"id":25132,"href":"https:\/\/lamostradevalencia.com\/ca\/wp-json\/wp\/v2\/posts\/25129\/revisions\/25132"}],"wp:featuredmedia":[{"embeddable":true,"href":"https:\/\/lamostradevalencia.com\/ca\/wp-json\/wp\/v2\/media\/25124"}],"wp:attachment":[{"href":"https:\/\/lamostradevalencia.com\/ca\/wp-json\/wp\/v2\/media?parent=25129"}],"wp:term":[{"taxonomy":"category","embeddable":true,"href":"https:\/\/lamostradevalencia.com\/ca\/wp-json\/wp\/v2\/categories?post=25129"},{"taxonomy":"post_tag","embeddable":true,"href":"https:\/\/lamostradevalencia.com\/ca\/wp-json\/wp\/v2\/tags?post=25129"}],"curies":[{"name":"wp","href":"https:\/\/api.w.org\/{rel}","templated":true}]}}