{"id":2353,"date":"2018-10-15T12:32:57","date_gmt":"2018-10-15T10:32:57","guid":{"rendered":"https:\/\/lamostradevalencia.com\/dhonor-de-mostra-de-valencia\/"},"modified":"2018-10-15T12:32:57","modified_gmt":"2018-10-15T10:32:57","slug":"dhonor-de-mostra-de-valencia","status":"publish","type":"post","link":"https:\/\/lamostradevalencia.com\/ca\/dhonor-de-mostra-de-valencia\/","title":{"rendered":"d&#8217;Honor de Mostra de Val\u00e8ncia"},"content":{"rendered":"<p>La 33 Mostra de Val\u00e8ncia-Cinema del Mediterrani, del 18 al 28 d&#8217;octubre del 2018 en els cinemes Babel i en IVC-La Filmoteca, lliurar\u00e0 la seua altra Palmera d&#8217;Honor al director francotunisi\u00e0 Abdellatif Kechiche. El director de &#8216;La vida de Ad\u00e8le&#8217; acudir\u00e0 al festival, on es repassar\u00e0 la seua filmografia. &#8220;Esta segona Palmera d&#8217;Honor concedida a Abdellatif Kechiche posa la guinda a una edici\u00f3 de retorn de la Mostra que respon a l&#8217;ambici\u00f3 amb la qual vam emprendre la seua recuperaci\u00f3&#8221; apunta Gloria Tello, regidora de cultura de l&#8217;Ajuntament de Val\u00e8ncia.<\/p>\n<p>L&#8217;obra del director francotunisi\u00e0 Abdellatif Kechiche (Tun\u00edsia, 1960) \u00e9s curta en xifra de llargmetratges, per\u00f2 llarga en reconeixements internacionals. Amb La faute \u00e0 Voltaire (2000), la seua \u00f2pera prima, ja va obtenir dos premis a Ven\u00e8cia, i des de llavors no ha rodat una pel\u00b7l\u00edcula que no haja participat en els festivals m\u00e9s prestigiosos del m\u00f3n. Per a Eduardo Guillot, director de programaci\u00f3 de la Mostra: &#8220;Abdellatif Kechiche representa a la perfecci\u00f3 l&#8217;esperit del festival: Un cineasta nascut en el nord d&#8217;\u00c0frica que no s&#8217;oblida de les seues arrels, per\u00f2 al mateix temps ha sabut fer-se un lloc en el panorama internacional a l&#8217;abordar temes universals&#8221;<\/p>\n<p>Amb &#8216;L&#8217;Esquive&#8217; (2004) Kechiche va guanyar el C\u00e9sar a millor director i pel\u00b7l\u00edcula, &#8216;Cusc\u00fas&#8217; (La graine et li mulet, 2007) va ser guardonada amb el Gran Premi Especial del Jurat a Ven\u00e8cia, i la consagraci\u00f3 definitiva li va arribar gr\u00e0cies a &#8216;La vida de Ad\u00e8le&#8217; (2013), mereixedora de la Palma d&#8217;Or a Cannes i que es va portar a m\u00e9s el Premi FIPRESCI de la cr\u00edtica internacional.<\/p>\n<p>Una pel\u00b7l\u00edcula que va conquistar tots els p\u00fablics, i va fer que s&#8217;atorgaren, per primera vegada en la hist\u00f2ria, altres dos Palmes d&#8217;Or als seus dos protagonistes, L\u00e9a Seydoux i Ad\u00e8le Exarchopoulos, recompensades per escenificar el seu amor en carn viva al llarg dels 180 minuts del film. Kechiche va aconsegir armar un drama amor\u00f3s apassionant.<\/p>\n<p>El de Kechiche \u00e9s un cinema caracteritzat pel predomini d&#8217;all\u00f2 sensorial, \u00fanic en la seua habilitat per a capturar les emocions dels personatges, amb un enfocament molt particular de l&#8217;adolesc\u00e8ncia, el desig sexual o les seues arrels africanes.<\/p>\n<p>La seua \u00faltima pel\u00b7l\u00edcula, &#8216;Mektoub, My Love: Canto Un&#8217; (2017), va ser presentada a Ven\u00e8cia i proposa una mirada nost\u00e0lgica sobre la innoc\u00e8ncia de la joventut. El seu protagonista, Mektoub, \u00e9s un jove amant del cinema i aficionat a la fotografia que pareix dissenyat com a alter ego del director. A trav\u00e9s d&#8217;ell la pel\u00b7l\u00edcula ens convida a passar uns dies d&#8217;estiu en un poble costaner, en companyia d&#8217;un nodrit grup de xics i xiques que es relacionen entre si segons el dictat de les seues hormones. En l&#8217;actualitat Kechiche es troba treballant en &#8216;Mektoub, My Love: Canto Dos&#8217;.<\/p>\n<p>Este cicle homenatge se suma al rep\u00e0s a l&#8217;\u00faltima fornada cinematogr\u00e0fica feta en el mediterrani de la Secci\u00f3 Oficial i la Secci\u00f3 Informativa, als cicles sobre el cinema negre franc\u00e9s i el nou cinema palest\u00ed, i als cicles homenatge a Efthimis Filippou, Josep Anton P\u00e9rez Giner i Carles Santos que conformen la 33 edici\u00f3 de Mostra de Val\u00e8ncia-Cinema del Mediterrani.<\/p>\n<p>&nbsp;<\/p>\n<h6>Fotografia: \u00a9 Michael Watier-Sipausa<\/h6>\n","protected":false},"excerpt":{"rendered":"<p>La 33 Mostra de Val\u00e8ncia-Cinema del Mediterrani, del 18 al 28 d&#8217;octubre del 2018 en els cinemes Babel i en IVC-La Filmoteca, lliurar\u00e0 la seua [&hellip;]<\/p>\n","protected":false},"author":1,"featured_media":1295,"comment_status":"open","ping_status":"open","sticky":false,"template":"","format":"standard","meta":{"_uag_custom_page_level_css":"","_jet_sm_ready_style":"","_jet_sm_style":"","_jet_sm_controls_values":"","_jet_sm_fonts_collection":"","_jet_sm_fonts_links":"","footnotes":""},"categories":[455],"tags":[],"class_list":["post-2353","post","type-post","status-publish","format-standard","has-post-thumbnail","hentry","category-noticies"],"yoast_head":"<!-- This site is optimized with the Yoast SEO plugin v27.5 - https:\/\/yoast.com\/product\/yoast-seo-wordpress\/ -->\n<title>d&#039;Honor de Mostra de Val\u00e8ncia - Mostra de Val\u00e8ncia<\/title>\n<meta name=\"robots\" content=\"index, follow, max-snippet:-1, max-image-preview:large, max-video-preview:-1\" \/>\n<link rel=\"canonical\" href=\"https:\/\/lamostradevalencia.com\/ca\/dhonor-de-mostra-de-valencia\/\" \/>\n<meta property=\"og:locale\" content=\"ca_ES\" \/>\n<meta property=\"og:type\" content=\"article\" \/>\n<meta property=\"og:title\" content=\"d&#039;Honor de Mostra de Val\u00e8ncia - Mostra de Val\u00e8ncia\" \/>\n<meta property=\"og:description\" content=\"La 33 Mostra de Val\u00e8ncia-Cinema del Mediterrani, del 18 al 28 d&#8217;octubre del 2018 en els cinemes Babel i en IVC-La Filmoteca, lliurar\u00e0 la seua [&hellip;]\" \/>\n<meta property=\"og:url\" content=\"https:\/\/lamostradevalencia.com\/ca\/dhonor-de-mostra-de-valencia\/\" \/>\n<meta property=\"og:site_name\" content=\"Mostra de Val\u00e8ncia\" \/>\n<meta property=\"article:published_time\" content=\"2018-10-15T10:32:57+00:00\" \/>\n<meta property=\"og:image\" content=\"https:\/\/lamostradevalencia.com\/wp-content\/uploads\/2018\/10\/Abdellatif-Kechiche.jpg\" \/>\n\t<meta property=\"og:image:width\" content=\"1098\" \/>\n\t<meta property=\"og:image:height\" content=\"768\" \/>\n\t<meta property=\"og:image:type\" content=\"image\/jpeg\" \/>\n<meta name=\"author\" content=\"Mostra de Val\u00e8ncia\" \/>\n<meta name=\"twitter:card\" content=\"summary_large_image\" \/>\n<meta name=\"twitter:label1\" content=\"Escrit per\" \/>\n\t<meta name=\"twitter:data1\" content=\"Mostra de Val\u00e8ncia\" \/>\n\t<meta name=\"twitter:label2\" content=\"Temps estimat de lectura\" \/>\n\t<meta name=\"twitter:data2\" content=\"3 minuts\" \/>\n<script type=\"application\/ld+json\" class=\"yoast-schema-graph\">{\"@context\":\"https:\\\/\\\/schema.org\",\"@graph\":[{\"@type\":\"Article\",\"@id\":\"https:\\\/\\\/lamostradevalencia.com\\\/ca\\\/dhonor-de-mostra-de-valencia\\\/#article\",\"isPartOf\":{\"@id\":\"https:\\\/\\\/lamostradevalencia.com\\\/ca\\\/dhonor-de-mostra-de-valencia\\\/\"},\"author\":{\"name\":\"Mostra de Val\u00e8ncia\",\"@id\":\"https:\\\/\\\/lamostradevalencia.com\\\/ca\\\/#\\\/schema\\\/person\\\/1dc07e4df3d6310b81d2cdf6a034070c\"},\"headline\":\"d&#8217;Honor de Mostra de Val\u00e8ncia\",\"datePublished\":\"2018-10-15T10:32:57+00:00\",\"mainEntityOfPage\":{\"@id\":\"https:\\\/\\\/lamostradevalencia.com\\\/ca\\\/dhonor-de-mostra-de-valencia\\\/\"},\"wordCount\":574,\"commentCount\":0,\"image\":{\"@id\":\"https:\\\/\\\/lamostradevalencia.com\\\/ca\\\/dhonor-de-mostra-de-valencia\\\/#primaryimage\"},\"thumbnailUrl\":\"https:\\\/\\\/lamostradevalencia.com\\\/wp-content\\\/uploads\\\/2018\\\/10\\\/Abdellatif-Kechiche.jpg\",\"articleSection\":[\"Noticies\"],\"inLanguage\":\"ca\",\"potentialAction\":[{\"@type\":\"CommentAction\",\"name\":\"Comment\",\"target\":[\"https:\\\/\\\/lamostradevalencia.com\\\/ca\\\/dhonor-de-mostra-de-valencia\\\/#respond\"]}]},{\"@type\":\"WebPage\",\"@id\":\"https:\\\/\\\/lamostradevalencia.com\\\/ca\\\/dhonor-de-mostra-de-valencia\\\/\",\"url\":\"https:\\\/\\\/lamostradevalencia.com\\\/ca\\\/dhonor-de-mostra-de-valencia\\\/\",\"name\":\"d'Honor de Mostra de Val\u00e8ncia - Mostra de Val\u00e8ncia\",\"isPartOf\":{\"@id\":\"https:\\\/\\\/lamostradevalencia.com\\\/ca\\\/#website\"},\"primaryImageOfPage\":{\"@id\":\"https:\\\/\\\/lamostradevalencia.com\\\/ca\\\/dhonor-de-mostra-de-valencia\\\/#primaryimage\"},\"image\":{\"@id\":\"https:\\\/\\\/lamostradevalencia.com\\\/ca\\\/dhonor-de-mostra-de-valencia\\\/#primaryimage\"},\"thumbnailUrl\":\"https:\\\/\\\/lamostradevalencia.com\\\/wp-content\\\/uploads\\\/2018\\\/10\\\/Abdellatif-Kechiche.jpg\",\"datePublished\":\"2018-10-15T10:32:57+00:00\",\"author\":{\"@id\":\"https:\\\/\\\/lamostradevalencia.com\\\/ca\\\/#\\\/schema\\\/person\\\/1dc07e4df3d6310b81d2cdf6a034070c\"},\"breadcrumb\":{\"@id\":\"https:\\\/\\\/lamostradevalencia.com\\\/ca\\\/dhonor-de-mostra-de-valencia\\\/#breadcrumb\"},\"inLanguage\":\"ca\",\"potentialAction\":[{\"@type\":\"ReadAction\",\"target\":[\"https:\\\/\\\/lamostradevalencia.com\\\/ca\\\/dhonor-de-mostra-de-valencia\\\/\"]}]},{\"@type\":\"ImageObject\",\"inLanguage\":\"ca\",\"@id\":\"https:\\\/\\\/lamostradevalencia.com\\\/ca\\\/dhonor-de-mostra-de-valencia\\\/#primaryimage\",\"url\":\"https:\\\/\\\/lamostradevalencia.com\\\/wp-content\\\/uploads\\\/2018\\\/10\\\/Abdellatif-Kechiche.jpg\",\"contentUrl\":\"https:\\\/\\\/lamostradevalencia.com\\\/wp-content\\\/uploads\\\/2018\\\/10\\\/Abdellatif-Kechiche.jpg\",\"width\":1098,\"height\":768},{\"@type\":\"BreadcrumbList\",\"@id\":\"https:\\\/\\\/lamostradevalencia.com\\\/ca\\\/dhonor-de-mostra-de-valencia\\\/#breadcrumb\",\"itemListElement\":[{\"@type\":\"ListItem\",\"position\":1,\"name\":\"Portada\",\"item\":\"https:\\\/\\\/lamostradevalencia.com\\\/ca\\\/\"},{\"@type\":\"ListItem\",\"position\":2,\"name\":\"d&#8217;Honor de Mostra de Val\u00e8ncia\"}]},{\"@type\":\"WebSite\",\"@id\":\"https:\\\/\\\/lamostradevalencia.com\\\/ca\\\/#website\",\"url\":\"https:\\\/\\\/lamostradevalencia.com\\\/ca\\\/\",\"name\":\"Mostra de Val\u00e8ncia\",\"description\":\"Cinema del Mediterrani\",\"potentialAction\":[{\"@type\":\"SearchAction\",\"target\":{\"@type\":\"EntryPoint\",\"urlTemplate\":\"https:\\\/\\\/lamostradevalencia.com\\\/ca\\\/?s={search_term_string}\"},\"query-input\":{\"@type\":\"PropertyValueSpecification\",\"valueRequired\":true,\"valueName\":\"search_term_string\"}}],\"inLanguage\":\"ca\"},{\"@type\":\"Person\",\"@id\":\"https:\\\/\\\/lamostradevalencia.com\\\/ca\\\/#\\\/schema\\\/person\\\/1dc07e4df3d6310b81d2cdf6a034070c\",\"name\":\"Mostra de Val\u00e8ncia\",\"image\":{\"@type\":\"ImageObject\",\"inLanguage\":\"ca\",\"@id\":\"https:\\\/\\\/secure.gravatar.com\\\/avatar\\\/ada4dfd699a9907706987adb1bb2b361c2613ccca474b49b8c648de5208e32f8?s=96&d=mm&r=g\",\"url\":\"https:\\\/\\\/secure.gravatar.com\\\/avatar\\\/ada4dfd699a9907706987adb1bb2b361c2613ccca474b49b8c648de5208e32f8?s=96&d=mm&r=g\",\"contentUrl\":\"https:\\\/\\\/secure.gravatar.com\\\/avatar\\\/ada4dfd699a9907706987adb1bb2b361c2613ccca474b49b8c648de5208e32f8?s=96&d=mm&r=g\",\"caption\":\"Mostra de Val\u00e8ncia\"}}]}<\/script>\n<!-- \/ Yoast SEO plugin. -->","yoast_head_json":{"title":"d'Honor de Mostra de Val\u00e8ncia - Mostra de Val\u00e8ncia","robots":{"index":"index","follow":"follow","max-snippet":"max-snippet:-1","max-image-preview":"max-image-preview:large","max-video-preview":"max-video-preview:-1"},"canonical":"https:\/\/lamostradevalencia.com\/ca\/dhonor-de-mostra-de-valencia\/","og_locale":"ca_ES","og_type":"article","og_title":"d'Honor de Mostra de Val\u00e8ncia - Mostra de Val\u00e8ncia","og_description":"La 33 Mostra de Val\u00e8ncia-Cinema del Mediterrani, del 18 al 28 d&#8217;octubre del 2018 en els cinemes Babel i en IVC-La Filmoteca, lliurar\u00e0 la seua [&hellip;]","og_url":"https:\/\/lamostradevalencia.com\/ca\/dhonor-de-mostra-de-valencia\/","og_site_name":"Mostra de Val\u00e8ncia","article_published_time":"2018-10-15T10:32:57+00:00","og_image":[{"width":1098,"height":768,"url":"https:\/\/lamostradevalencia.com\/wp-content\/uploads\/2018\/10\/Abdellatif-Kechiche.jpg","type":"image\/jpeg"}],"author":"Mostra de Val\u00e8ncia","twitter_card":"summary_large_image","twitter_misc":{"Escrit per":"Mostra de Val\u00e8ncia","Temps estimat de lectura":"3 minuts"},"schema":{"@context":"https:\/\/schema.org","@graph":[{"@type":"Article","@id":"https:\/\/lamostradevalencia.com\/ca\/dhonor-de-mostra-de-valencia\/#article","isPartOf":{"@id":"https:\/\/lamostradevalencia.com\/ca\/dhonor-de-mostra-de-valencia\/"},"author":{"name":"Mostra de Val\u00e8ncia","@id":"https:\/\/lamostradevalencia.com\/ca\/#\/schema\/person\/1dc07e4df3d6310b81d2cdf6a034070c"},"headline":"d&#8217;Honor de Mostra de Val\u00e8ncia","datePublished":"2018-10-15T10:32:57+00:00","mainEntityOfPage":{"@id":"https:\/\/lamostradevalencia.com\/ca\/dhonor-de-mostra-de-valencia\/"},"wordCount":574,"commentCount":0,"image":{"@id":"https:\/\/lamostradevalencia.com\/ca\/dhonor-de-mostra-de-valencia\/#primaryimage"},"thumbnailUrl":"https:\/\/lamostradevalencia.com\/wp-content\/uploads\/2018\/10\/Abdellatif-Kechiche.jpg","articleSection":["Noticies"],"inLanguage":"ca","potentialAction":[{"@type":"CommentAction","name":"Comment","target":["https:\/\/lamostradevalencia.com\/ca\/dhonor-de-mostra-de-valencia\/#respond"]}]},{"@type":"WebPage","@id":"https:\/\/lamostradevalencia.com\/ca\/dhonor-de-mostra-de-valencia\/","url":"https:\/\/lamostradevalencia.com\/ca\/dhonor-de-mostra-de-valencia\/","name":"d'Honor de Mostra de Val\u00e8ncia - Mostra de Val\u00e8ncia","isPartOf":{"@id":"https:\/\/lamostradevalencia.com\/ca\/#website"},"primaryImageOfPage":{"@id":"https:\/\/lamostradevalencia.com\/ca\/dhonor-de-mostra-de-valencia\/#primaryimage"},"image":{"@id":"https:\/\/lamostradevalencia.com\/ca\/dhonor-de-mostra-de-valencia\/#primaryimage"},"thumbnailUrl":"https:\/\/lamostradevalencia.com\/wp-content\/uploads\/2018\/10\/Abdellatif-Kechiche.jpg","datePublished":"2018-10-15T10:32:57+00:00","author":{"@id":"https:\/\/lamostradevalencia.com\/ca\/#\/schema\/person\/1dc07e4df3d6310b81d2cdf6a034070c"},"breadcrumb":{"@id":"https:\/\/lamostradevalencia.com\/ca\/dhonor-de-mostra-de-valencia\/#breadcrumb"},"inLanguage":"ca","potentialAction":[{"@type":"ReadAction","target":["https:\/\/lamostradevalencia.com\/ca\/dhonor-de-mostra-de-valencia\/"]}]},{"@type":"ImageObject","inLanguage":"ca","@id":"https:\/\/lamostradevalencia.com\/ca\/dhonor-de-mostra-de-valencia\/#primaryimage","url":"https:\/\/lamostradevalencia.com\/wp-content\/uploads\/2018\/10\/Abdellatif-Kechiche.jpg","contentUrl":"https:\/\/lamostradevalencia.com\/wp-content\/uploads\/2018\/10\/Abdellatif-Kechiche.jpg","width":1098,"height":768},{"@type":"BreadcrumbList","@id":"https:\/\/lamostradevalencia.com\/ca\/dhonor-de-mostra-de-valencia\/#breadcrumb","itemListElement":[{"@type":"ListItem","position":1,"name":"Portada","item":"https:\/\/lamostradevalencia.com\/ca\/"},{"@type":"ListItem","position":2,"name":"d&#8217;Honor de Mostra de Val\u00e8ncia"}]},{"@type":"WebSite","@id":"https:\/\/lamostradevalencia.com\/ca\/#website","url":"https:\/\/lamostradevalencia.com\/ca\/","name":"Mostra de Val\u00e8ncia","description":"Cinema del Mediterrani","potentialAction":[{"@type":"SearchAction","target":{"@type":"EntryPoint","urlTemplate":"https:\/\/lamostradevalencia.com\/ca\/?s={search_term_string}"},"query-input":{"@type":"PropertyValueSpecification","valueRequired":true,"valueName":"search_term_string"}}],"inLanguage":"ca"},{"@type":"Person","@id":"https:\/\/lamostradevalencia.com\/ca\/#\/schema\/person\/1dc07e4df3d6310b81d2cdf6a034070c","name":"Mostra de Val\u00e8ncia","image":{"@type":"ImageObject","inLanguage":"ca","@id":"https:\/\/secure.gravatar.com\/avatar\/ada4dfd699a9907706987adb1bb2b361c2613ccca474b49b8c648de5208e32f8?s=96&d=mm&r=g","url":"https:\/\/secure.gravatar.com\/avatar\/ada4dfd699a9907706987adb1bb2b361c2613ccca474b49b8c648de5208e32f8?s=96&d=mm&r=g","contentUrl":"https:\/\/secure.gravatar.com\/avatar\/ada4dfd699a9907706987adb1bb2b361c2613ccca474b49b8c648de5208e32f8?s=96&d=mm&r=g","caption":"Mostra de Val\u00e8ncia"}}]}},"uagb_featured_image_src":{"full":["https:\/\/lamostradevalencia.com\/wp-content\/uploads\/2018\/10\/Abdellatif-Kechiche.jpg",1098,768,false],"thumbnail":["https:\/\/lamostradevalencia.com\/wp-content\/uploads\/2018\/10\/Abdellatif-Kechiche-150x150.jpg",150,150,true],"medium":["https:\/\/lamostradevalencia.com\/wp-content\/uploads\/2018\/10\/Abdellatif-Kechiche-300x210.jpg",300,210,true],"medium_large":["https:\/\/lamostradevalencia.com\/wp-content\/uploads\/2018\/10\/Abdellatif-Kechiche-768x537.jpg",768,537,true],"large":["https:\/\/lamostradevalencia.com\/wp-content\/uploads\/2018\/10\/Abdellatif-Kechiche-1024x716.jpg",1024,716,true],"1536x1536":["https:\/\/lamostradevalencia.com\/wp-content\/uploads\/2018\/10\/Abdellatif-Kechiche.jpg",1098,768,false],"2048x2048":["https:\/\/lamostradevalencia.com\/wp-content\/uploads\/2018\/10\/Abdellatif-Kechiche.jpg",1098,768,false],"cinerama_edge_image_square":["https:\/\/lamostradevalencia.com\/wp-content\/uploads\/2018\/10\/Abdellatif-Kechiche-550x550.jpg",550,550,true],"cinerama_edge_image_landscape":["https:\/\/lamostradevalencia.com\/wp-content\/uploads\/2018\/10\/Abdellatif-Kechiche-1098x550.jpg",1098,550,true],"cinerama_edge_image_portrait":["https:\/\/lamostradevalencia.com\/wp-content\/uploads\/2018\/10\/Abdellatif-Kechiche-550x768.jpg",550,768,true],"cinerama_edge_image_huge":["https:\/\/lamostradevalencia.com\/wp-content\/uploads\/2018\/10\/Abdellatif-Kechiche.jpg",1098,768,false],"gform-image-choice-sm":["https:\/\/lamostradevalencia.com\/wp-content\/uploads\/2018\/10\/Abdellatif-Kechiche.jpg",300,210,false],"gform-image-choice-md":["https:\/\/lamostradevalencia.com\/wp-content\/uploads\/2018\/10\/Abdellatif-Kechiche.jpg",400,280,false],"gform-image-choice-lg":["https:\/\/lamostradevalencia.com\/wp-content\/uploads\/2018\/10\/Abdellatif-Kechiche.jpg",600,420,false]},"uagb_author_info":{"display_name":"Mostra de Val\u00e8ncia","author_link":"https:\/\/lamostradevalencia.com\/ca\/author\/mostravalencia\/"},"uagb_comment_info":0,"uagb_excerpt":"La 33 Mostra de Val\u00e8ncia-Cinema del Mediterrani, del 18 al 28 d&#8217;octubre del 2018 en els cinemes Babel i en IVC-La Filmoteca, lliurar\u00e0 la seua [&hellip;]","_links":{"self":[{"href":"https:\/\/lamostradevalencia.com\/ca\/wp-json\/wp\/v2\/posts\/2353","targetHints":{"allow":["GET"]}}],"collection":[{"href":"https:\/\/lamostradevalencia.com\/ca\/wp-json\/wp\/v2\/posts"}],"about":[{"href":"https:\/\/lamostradevalencia.com\/ca\/wp-json\/wp\/v2\/types\/post"}],"author":[{"embeddable":true,"href":"https:\/\/lamostradevalencia.com\/ca\/wp-json\/wp\/v2\/users\/1"}],"replies":[{"embeddable":true,"href":"https:\/\/lamostradevalencia.com\/ca\/wp-json\/wp\/v2\/comments?post=2353"}],"version-history":[{"count":0,"href":"https:\/\/lamostradevalencia.com\/ca\/wp-json\/wp\/v2\/posts\/2353\/revisions"}],"wp:featuredmedia":[{"embeddable":true,"href":"https:\/\/lamostradevalencia.com\/ca\/wp-json\/wp\/v2\/media\/1295"}],"wp:attachment":[{"href":"https:\/\/lamostradevalencia.com\/ca\/wp-json\/wp\/v2\/media?parent=2353"}],"wp:term":[{"taxonomy":"category","embeddable":true,"href":"https:\/\/lamostradevalencia.com\/ca\/wp-json\/wp\/v2\/categories?post=2353"},{"taxonomy":"post_tag","embeddable":true,"href":"https:\/\/lamostradevalencia.com\/ca\/wp-json\/wp\/v2\/tags?post=2353"}],"curies":[{"name":"wp","href":"https:\/\/api.w.org\/{rel}","templated":true}]}}