{"id":23525,"date":"2024-08-30T08:02:56","date_gmt":"2024-08-30T06:02:56","guid":{"rendered":"https:\/\/lamostradevalencia.com\/?p=23525"},"modified":"2024-08-30T08:06:05","modified_gmt":"2024-08-30T06:06:05","slug":"convocatoria-per-a-la-presentacio-de-patrocinis-de-mostra-de-valencia-2024-oberta-del-2-al-13-de-setembre","status":"publish","type":"post","link":"https:\/\/lamostradevalencia.com\/ca\/convocatoria-per-a-la-presentacio-de-patrocinis-de-mostra-de-valencia-2024-oberta-del-2-al-13-de-setembre\/","title":{"rendered":"CONVOCAT\u00d2RIA PER A LA PRESENTACI\u00d3 DE PATROCINIS DE MOSTRA DE VAL\u00c8NCIA 2024. OBERTA DEL 2 AL 13 DE SETEMBRE"},"content":{"rendered":"\n<p><strong>Condicions per als patrocinis privats de les activitats de Mostra de Val\u00e8ncia 2024.<\/strong><\/p>\n\n\n\n<p><strong>1.- CONSIDERACI\u00d3 DE PATROCINIS<\/strong><\/p>\n\n\n\n<p>Tindran la consideraci\u00f3 de patrocinis les aportacions per part del sector privat que servisquen per a finan\u00e7ar la realitzaci\u00f3 de les activitats realitzades en el marc de la 39a edici\u00f3 del festival Mostra de Val\u00e8ncia-Cinema del Mediterrani, que se celebrar\u00e0 del 24 d\u2019octubre al 3 de novembre de 2024, i que inclou el 3r f\u00f2rum de coproducci\u00f3 Val\u00e8ncia Film Afers.<\/p>\n\n\n\n<p>Cal destacar que, segons les dades proporcionades per l\u2019ag\u00e8ncia de seguiment de premsa On-Clusive sobre l\u2019\u00faltima edici\u00f3 de la Mostra, celebrada en 2023, es van recollir 1.047 aparicions en premsa durant les setmanes de major activitat medi\u00e0tica del festival (+15,69% respecte de l\u2019edici\u00f3 anterior), amb una valoraci\u00f3 econ\u00f2mica de 10,1 milions&nbsp;d\u2019euros&nbsp;(+137<strong>%<\/strong>), i amb un abast de 1840 milions de contactes o OTS (+338%).<\/p>\n\n\n\n<p><strong>2.- CONDICI\u00d3 DE PATROCINADORES<\/strong><\/p>\n\n\n\n<p>Podran tindre la condici\u00f3 de patrocinadores les persones f\u00edsiques o jur\u00eddiques sotmeses al dret privat que tinguen plena capacitat d&#8217;obrar i no estiguen incurses en cap de les prohibicions per a contractar establides en la Llei. Per acreditar, entre altres, este \u00faltim extrem, la inst\u00e0ncia integrar\u00e0 una declaraci\u00f3 responsable de la persona sol\u00b7licitant relativa als punts seg\u00fcents:<\/p>\n\n\n\n<ul class=\"wp-block-list\">\n<li>Que no es troba compresa, o que l&#8217;empresa a la qual representa com a administrador\/a o representant no es troba compresa, en cap de les prohibicions i incompatibilitat per a contractar regulades en l&#8217;article 71 de la Llei de Contractes del Sector P\u00fablic.<ul><li>Que no vulnera la normativa fiscal emparant-se en els denominats paradisos fiscals a fi d&#8217;eludir les seues obligacions i la seua responsabilitat davant les autoritats espanyoles. En el cas que esta sol\u00b7licitud fora subscrita per apoderats\/des de la mercantil, declaren que es troben vigents en l&#8217;actualitat.<\/li><\/ul><ul><li>Que es troba al corrent de les seues obligacions tribut\u00e0ries amb Hisenda i amb la Seguretat Social.<\/li><\/ul><ul><li>Que l&#8217;empresa a la qual representa, si es tracta d&#8217;una empresa estrangera, se sotmetr\u00e0 a la jurisdicci\u00f3 dels jutjats i tribunals espanyols de qualsevol ordre per a totes les incid\u00e8ncies que, de manera directa o indirecta, puguen sorgir.<\/li><\/ul>\n<ul class=\"wp-block-list\">\n<li>Que per a qualsevol controv\u00e8rsia que puga presentar-se com a conseq\u00fc\u00e8ncia del contingut o interpretaci\u00f3 del present document i la seua execuci\u00f3, totes dos parts acorden expressament sotmetre&#8217;s als Jutjats i Tribunals de Val\u00e8ncia capital.<\/li>\n<\/ul>\n<\/li>\n<\/ul>\n\n\n\n<p><strong>3.- OBJECTE DEL PATROCINI<\/strong><\/p>\n\n\n\n<p>Realitzaci\u00f3 de les activitats emmarcades en la 39a Mostra de Val\u00e8ncia-Cinema del Mediterrani, que se celebrar\u00e0 del 24 d\u2019octubre al 3 de novembre de 2024, i del f\u00f2rum de coproducci\u00f3 Val\u00e8ncia Film Afers. Les persones f\u00edsiques o jur\u00eddiques interessades podran conc\u00f3rrer a tots o a alguns tipus d&#8217;aportacions.<\/p>\n\n\n\n<p><strong>3.1.- Patrocini general de la 39a Mostra de Val\u00e8ncia-Cinema del Mediterrani i\/o del 3r f\u00f2rum de coproducci\u00f3 Val\u00e8ncia Film Afers.<\/strong><\/p>\n\n\n\n<p><strong>Aportaci\u00f3: De 3.000,00.-\u20ac a 8.999,99.-\u20ac (IVA excl\u00f2s). Contraprestacions:&nbsp;&nbsp;&nbsp;&nbsp;<\/strong><\/p>\n\n\n\n<ul class=\"wp-block-list\">\n<li>Visibilitat mitjan\u00e7ant la inclusi\u00f3 de logotip en els materials informatius i publicitaris de la 39a Mostra de Val\u00e8ncia-Cinema del Mediterrani i\/o del f\u00f2rum Val\u00e8ncia Film Afers.<ul><li>Visibilitat mitjan\u00e7ant la inclusi\u00f3 de logotip en el web oficial de Mostra de Val\u00e8ncia.<\/li><\/ul><ul><li>Publicitat en el programa de la 39a Mostra de Val\u00e8ncia-Cinema del Mediterrani.<\/li><\/ul><ul><li>Visibilitat mitjan\u00e7ant inclusi\u00f3 de logotip en el <em>photocall <\/em>del festival durant la seua celebraci\u00f3.<\/li><\/ul><ul><li>Notorietat mitjan\u00e7ant esment directe en les cerim\u00f2nies d&#8217;inauguraci\u00f3 i clausura de la 39a edici\u00f3 del festival.<\/li><\/ul>\n<ul class=\"wp-block-list\">\n<li>Visibilitat mitjan\u00e7ant la pres\u00e8ncia de materials publicitaris en els actes de la 39a Mostra de Val\u00e8ncia-Cinema del Mediterrani i\/ o del f\u00f2rum Val\u00e8ncia Film Afers, junt amb els gen\u00e8rics de la Mostra. La producci\u00f3, trasllat, instal\u00b7laci\u00f3 i manipulaci\u00f3 d&#8217;estos elements correspondr\u00e0 a la patrocinadora, i la quantitat, grand\u00e0ria i disposici\u00f3 dels mateixos hauran de ser aprovats pr\u00e8viament per l&#8217;organitzaci\u00f3.<\/li>\n<\/ul>\n<\/li>\n<\/ul>\n\n\n\n<p><strong>Aportaci\u00f3: De 9.000,00.-\u20ac a 14.999,99.-\u20ac (IVA excl\u00f2s). Contraprestacions:<\/strong><\/p>\n\n\n\n<ul class=\"wp-block-list\">\n<li>Totes les previstes anteriorment.\n<ul class=\"wp-block-list\">\n<li>Publicitat mitjan\u00e7ant la inserci\u00f3 d&#8217;un espot previ a la projecci\u00f3 de pel\u00b7l\u00edcules en la seu principal de la 39a Mostra de Val\u00e8ncia-Cinema del Mediterrani durant els dies del festival. La producci\u00f3 de l&#8217;espot i la seua posada a disposici\u00f3 en les sales de cine en el format i qualitat adequats correspondr\u00e0 a la patrocinadora, inclosos els gastos que puguen derivar-se pels drets d&#8217;autoria corresponents a la seua creaci\u00f3 i publicaci\u00f3, i la seua duraci\u00f3 no podr\u00e0 superar els 20 segons.<\/li>\n<\/ul>\n<\/li>\n<\/ul>\n\n\n\n<p><strong>3.2.- Patrocini de vestuari per a les gales de la 39a Mostra de Val\u00e8ncia-Cinema del&nbsp; Mediterrani. <\/strong><strong>Aportaci\u00f3 per valor de 1.200,00.-\u20ac (IVA excl\u00f2s), consistent en:<\/strong><\/p>\n\n\n\n<ul class=\"wp-block-list\">\n<li>Cessi\u00f3 de vestuari de gala per a una presentadora en els actes d\u2019inauguraci\u00f3 i cloenda del festival els dies 24 d\u2019octubre i 2 de novembre de 2024.\n<ul class=\"wp-block-list\">\n<li>L\u2019aportaci\u00f3 inclou les proves pr\u00e8vies que siguen necess\u00e0ries aix\u00ed com el trasllat\u00a0 i recollida del material en el lloc designat per l&#8217;organitzaci\u00f3 a la ciutat de Val\u00e8ncia.<\/li>\n<\/ul>\n<\/li>\n<\/ul>\n\n\n\n<p><strong>Contraprestacions:<\/strong><\/p>\n\n\n\n<ul class=\"wp-block-list\">\n<li>Notorietat mitjan\u00e7ant esment directe en les cerim\u00f2nies d&#8217;inauguraci\u00f3 i clausura de la 39a edici\u00f3 del festival.<ul><li>Notorietat mitjan\u00e7ant esment en xarxes socials, inclosa la publicaci\u00f3 d&#8217;una <em>story <\/em>en Instagram.<\/li><\/ul>\n<ul class=\"wp-block-list\">\n<li>Visibilitat mitjan\u00e7ant la inclusi\u00f3 de logotip en el web oficial de Mostra de Val\u00e8ncia.<\/li>\n<\/ul>\n<\/li>\n<\/ul>\n\n\n\n<p><strong>3.3.- Patrocini de maquillatge i perruqueria per a les gales de la 39a Mostra de&nbsp; Val\u00e8ncia-Cinema del Mediterrani. <\/strong><strong>Aportaci\u00f3 per valor de 800,00.-\u20ac (IVA excl\u00f2s), consistent en:<\/strong><\/p>\n\n\n\n<ul class=\"wp-block-list\">\n<li>Servei de perruqueria i maquillatge de gala per a una presentadora en els actes d\u2019inauguraci\u00f3 i cloenda del festival els dies 24 d\u2019octubre i 2 de novembre de 2024.\n<ul class=\"wp-block-list\">\n<li>L\u2019aportaci\u00f3 inclou tot el material necessari per a la seua realitzaci\u00f3 aix\u00ed com el despla\u00e7ament al lloc designat per l&#8217;organitzaci\u00f3 per al seu acompliment a la ciutat de Val\u00e8ncia.<\/li>\n<\/ul>\n<\/li>\n<\/ul>\n\n\n\n<p><strong>Contraprestacions:<\/strong><\/p>\n\n\n\n<ul class=\"wp-block-list\">\n<li>Notorietat mitjan\u00e7ant esment directe en les cerim\u00f2nies d&#8217;inauguraci\u00f3 i clausura de la 39a edici\u00f3 del festival.<ul><li>Notorietat mitjan\u00e7ant esment en xarxes socials, inclosa la publicaci\u00f3 d&#8217;una <em>story <\/em>en Instagram.<\/li><\/ul>\n<ul class=\"wp-block-list\">\n<li>Visibilitat mitjan\u00e7ant la inclusi\u00f3 de logotip en el web oficial de Mostra de Val\u00e8ncia.<\/li>\n<\/ul>\n<\/li>\n<\/ul>\n\n\n\n<p><strong>3.4.- Patrocini dels vehicles oficials per traslladar les persones participants en les&nbsp; activitats de Mostra de Val\u00e8ncia 2024. <\/strong><strong>Aportaci\u00f3 per valor de 3.000,00.-\u20ac (IVA excl\u00f2s), consistent en:<\/strong><\/p>\n\n\n\n<ul class=\"wp-block-list\">\n<li>1 vehicle tipus turisme el\u00e8ctric o h\u00edbrid el dia 23 d&#8217;octubre del 2024.<ul><li>4 vehicles tipus turisme el\u00e8ctric o h\u00edbrid, del 24 d\u2019octubre al 3 de novembre de 2024.<\/li><\/ul>\n<ul class=\"wp-block-list\">\n<li>L\u2019aportaci\u00f3 inclou asseguran\u00e7a i personalitzaci\u00f3 del vehicle amb distintiu de la Mostra.<\/li>\n<\/ul>\n<\/li>\n<\/ul>\n\n\n\n<p><strong>Contraprestacions:<\/strong><\/p>\n\n\n\n<ul class=\"wp-block-list\">\n<li>Visibilitat mitjan\u00e7ant la inclusi\u00f3 de logotip en els materials informatius i publicitaris de la 39a Mostra de Val\u00e8ncia-Cinema del Mediterrani i 3r f\u00f2rum Val\u00e8ncia Film Afers.<ul><li>Visibilitat mitjan\u00e7ant la inclusi\u00f3 de logotip en la web oficial de Mostra de Val\u00e8ncia.<\/li><\/ul><ul><li>Publicitat en el programa de la 39a Mostra de Val\u00e8ncia-Cinema del Mediterrani.<\/li><\/ul><ul><li>Visibilitat mitjan\u00e7ant inclusi\u00f3 de logotip en el <em>photocall <\/em>del festival durant la seua celebraci\u00f3.<\/li><\/ul>\n<ul class=\"wp-block-list\">\n<li>Notorietat mitjan\u00e7ant esment directe en les cerim\u00f2nies d&#8217;inauguraci\u00f3 i clausura de la 39a edici\u00f3 del festival.<\/li>\n<\/ul>\n<\/li>\n<\/ul>\n\n\n\n<p><strong>4.- Procediment<\/strong><\/p>\n\n\n\n<p>Mostra de Val\u00e8ncia i Iniciatives Audiovisuals rebr\u00e0 i estudiar\u00e0 totes les propostes de patrocini presentades i notificar\u00e0 l\u2019acceptaci\u00f3 o denegaci\u00f3 de cadascuna a la persona interessada.<\/p>\n\n\n\n<p>En el cas dels patrocinis relatius als punts 3.2, 3.3. i 3.4. del document, es valoraran les propostes rebudes per tal de seleccionar-les tenint en compte criteris com ara una ampliaci\u00f3 de les prestacions o una millora de les seues caracter\u00edstiques, en especial pel que fa a l\u2019\u00fas de materials\/pr\u00e0ctiques m\u00e9s sostenibles.<\/p>\n\n\n\n<p>Mostra de Val\u00e8ncia i Iniciatives Audiovisuals es reserva el dret de no acceptar patrocinis per raons d&#8217;inter\u00e9s p\u00fablic. Queden expressament excloses les propostes de patrocini de car\u00e0cter partidista o aquelles que promoguen el consum de drogues, o tinguen un contingut violent, sexista, xen\u00f2fob, o contra els valors democr\u00e0tics. En tot cas els anuncis han d&#8217;ajustar-se al que es disposa en la Llei 34\/1988, general de publicitat, il\u00b7l\u00edcita i enganyosa i qualsevol altra normativa municipal.<\/p>\n\n\n\n<p><strong>5.- Termini i forma de presentaci\u00f3 de les propostes<\/strong><\/p>\n\n\n\n<p>Les persones f\u00edsiques o jur\u00eddiques interessades a patrocinar les activitats emmarcades en la 39a Mostra de Val\u00e8ncia-Cinema del Mediterrani, que se celebrar\u00e0 del 24 d\u2019octubre al 3 de novembre de 2024, i del tercer f\u00f2rum de coproducci\u00f3 Val\u00e8ncia Film Afers, podran presentar les propostes en un termini de 10 dies h\u00e0bils a partir del dia seg\u00fcent&nbsp; a la publicaci\u00f3 d\u2019esta convocat\u00f2ria en la p\u00e0gina web de Mostra de Val\u00e8ncia-Cinema del Mediterrani, <a href=\"http:\/\/www.lamostradevalencia.com\/\">www.lamostradevalencia.com<\/a>.<\/p>\n\n\n\n<p>Totes les propostes de patrocini han d\u2019adre\u00e7ar-se al correu electr\u00f2nic <a href=\"mailto:administracio@lamostradevalencia.com%20\"><strong>administracio@lamostradevalencia.com <\/strong><\/a>i han d\u2019incloure el seg\u00fcent:<\/p>\n\n\n\n<ul class=\"wp-block-list\">\n<li>Dades fiscals de la persona f\u00edsica o jur\u00eddica interessada.<ul><li>En el cas dels patrocinis relatius al punt 3.1., quantia de l\u2019aportaci\u00f3 prevista.<\/li><\/ul><ul><li>En el cas dels patrocinis relatius als punts 3.2., 3.3. i 3.4., descripci\u00f3 de l\u2019aportaci\u00f3 amb tota la informaci\u00f3 rellevant per a la seua valoraci\u00f3 i selecci\u00f3.<\/li><\/ul>\n<ul class=\"wp-block-list\">\n<li>Dades de contacte.<\/li>\n<\/ul>\n<\/li>\n<\/ul>\n","protected":false},"excerpt":{"rendered":"<p>Condicions per als patrocinis privats de les activitats de Mostra de Val\u00e8ncia 2024. 1.- CONSIDERACI\u00d3 DE PATROCINIS Tindran la consideraci\u00f3 de patrocinis les aportacions per [&hellip;]<\/p>\n","protected":false},"author":1,"featured_media":2771,"comment_status":"open","ping_status":"open","sticky":false,"template":"","format":"standard","meta":{"_uag_custom_page_level_css":"","_jet_sm_ready_style":"","_jet_sm_style":"","_jet_sm_controls_values":"","_jet_sm_fonts_collection":"","_jet_sm_fonts_links":"","footnotes":""},"categories":[3026],"tags":[],"class_list":["post-23525","post","type-post","status-publish","format-standard","has-post-thumbnail","hentry","category-convocatories"],"yoast_head":"<!-- This site is optimized with the Yoast SEO plugin v27.5 - https:\/\/yoast.com\/product\/yoast-seo-wordpress\/ -->\n<title>CONVOCAT\u00d2RIA PER A LA PRESENTACI\u00d3 DE PATROCINIS DE MOSTRA DE VAL\u00c8NCIA 2024. OBERTA DEL 2 AL 13 DE SETEMBRE - Mostra de Val\u00e8ncia<\/title>\n<meta name=\"robots\" content=\"index, follow, max-snippet:-1, max-image-preview:large, max-video-preview:-1\" \/>\n<link rel=\"canonical\" href=\"https:\/\/lamostradevalencia.com\/ca\/convocatoria-per-a-la-presentacio-de-patrocinis-de-mostra-de-valencia-2024-oberta-del-2-al-13-de-setembre\/\" \/>\n<meta property=\"og:locale\" content=\"ca_ES\" \/>\n<meta property=\"og:type\" content=\"article\" \/>\n<meta property=\"og:title\" content=\"CONVOCAT\u00d2RIA PER A LA PRESENTACI\u00d3 DE PATROCINIS DE MOSTRA DE VAL\u00c8NCIA 2024. OBERTA DEL 2 AL 13 DE SETEMBRE - Mostra de Val\u00e8ncia\" \/>\n<meta property=\"og:description\" content=\"Condicions per als patrocinis privats de les activitats de Mostra de Val\u00e8ncia 2024. 1.- CONSIDERACI\u00d3 DE PATROCINIS Tindran la consideraci\u00f3 de patrocinis les aportacions per [&hellip;]\" \/>\n<meta property=\"og:url\" content=\"https:\/\/lamostradevalencia.com\/ca\/convocatoria-per-a-la-presentacio-de-patrocinis-de-mostra-de-valencia-2024-oberta-del-2-al-13-de-setembre\/\" \/>\n<meta property=\"og:site_name\" content=\"Mostra de Val\u00e8ncia\" \/>\n<meta property=\"article:published_time\" content=\"2024-08-30T06:02:56+00:00\" \/>\n<meta property=\"article:modified_time\" content=\"2024-08-30T06:06:05+00:00\" \/>\n<meta property=\"og:image\" content=\"https:\/\/lamostradevalencia.com\/wp-content\/uploads\/2019\/05\/mostra-valencia-llamada-proyecto-1.png\" \/>\n\t<meta property=\"og:image:width\" content=\"1920\" \/>\n\t<meta property=\"og:image:height\" content=\"1048\" \/>\n\t<meta property=\"og:image:type\" content=\"image\/png\" \/>\n<meta name=\"author\" content=\"Mostra de Val\u00e8ncia\" \/>\n<meta name=\"twitter:card\" content=\"summary_large_image\" \/>\n<meta name=\"twitter:label1\" content=\"Escrit per\" \/>\n\t<meta name=\"twitter:data1\" content=\"Mostra de Val\u00e8ncia\" \/>\n\t<meta name=\"twitter:label2\" content=\"Temps estimat de lectura\" \/>\n\t<meta name=\"twitter:data2\" content=\"7 minuts\" \/>\n<script type=\"application\/ld+json\" class=\"yoast-schema-graph\">{\"@context\":\"https:\\\/\\\/schema.org\",\"@graph\":[{\"@type\":\"Article\",\"@id\":\"https:\\\/\\\/lamostradevalencia.com\\\/ca\\\/convocatoria-per-a-la-presentacio-de-patrocinis-de-mostra-de-valencia-2024-oberta-del-2-al-13-de-setembre\\\/#article\",\"isPartOf\":{\"@id\":\"https:\\\/\\\/lamostradevalencia.com\\\/ca\\\/convocatoria-per-a-la-presentacio-de-patrocinis-de-mostra-de-valencia-2024-oberta-del-2-al-13-de-setembre\\\/\"},\"author\":{\"name\":\"Mostra de Val\u00e8ncia\",\"@id\":\"https:\\\/\\\/lamostradevalencia.com\\\/ca\\\/#\\\/schema\\\/person\\\/1dc07e4df3d6310b81d2cdf6a034070c\"},\"headline\":\"CONVOCAT\u00d2RIA PER A LA PRESENTACI\u00d3 DE PATROCINIS DE MOSTRA DE VAL\u00c8NCIA 2024. OBERTA DEL 2 AL 13 DE SETEMBRE\",\"datePublished\":\"2024-08-30T06:02:56+00:00\",\"dateModified\":\"2024-08-30T06:06:05+00:00\",\"mainEntityOfPage\":{\"@id\":\"https:\\\/\\\/lamostradevalencia.com\\\/ca\\\/convocatoria-per-a-la-presentacio-de-patrocinis-de-mostra-de-valencia-2024-oberta-del-2-al-13-de-setembre\\\/\"},\"wordCount\":1560,\"commentCount\":0,\"image\":{\"@id\":\"https:\\\/\\\/lamostradevalencia.com\\\/ca\\\/convocatoria-per-a-la-presentacio-de-patrocinis-de-mostra-de-valencia-2024-oberta-del-2-al-13-de-setembre\\\/#primaryimage\"},\"thumbnailUrl\":\"https:\\\/\\\/lamostradevalencia.com\\\/wp-content\\\/uploads\\\/2019\\\/05\\\/mostra-valencia-llamada-proyecto-1.png\",\"articleSection\":[\"Convocat\u00f2ries\"],\"inLanguage\":\"ca\",\"potentialAction\":[{\"@type\":\"CommentAction\",\"name\":\"Comment\",\"target\":[\"https:\\\/\\\/lamostradevalencia.com\\\/ca\\\/convocatoria-per-a-la-presentacio-de-patrocinis-de-mostra-de-valencia-2024-oberta-del-2-al-13-de-setembre\\\/#respond\"]}]},{\"@type\":\"WebPage\",\"@id\":\"https:\\\/\\\/lamostradevalencia.com\\\/ca\\\/convocatoria-per-a-la-presentacio-de-patrocinis-de-mostra-de-valencia-2024-oberta-del-2-al-13-de-setembre\\\/\",\"url\":\"https:\\\/\\\/lamostradevalencia.com\\\/ca\\\/convocatoria-per-a-la-presentacio-de-patrocinis-de-mostra-de-valencia-2024-oberta-del-2-al-13-de-setembre\\\/\",\"name\":\"CONVOCAT\u00d2RIA PER A LA PRESENTACI\u00d3 DE PATROCINIS DE MOSTRA DE VAL\u00c8NCIA 2024. OBERTA DEL 2 AL 13 DE SETEMBRE - Mostra de Val\u00e8ncia\",\"isPartOf\":{\"@id\":\"https:\\\/\\\/lamostradevalencia.com\\\/ca\\\/#website\"},\"primaryImageOfPage\":{\"@id\":\"https:\\\/\\\/lamostradevalencia.com\\\/ca\\\/convocatoria-per-a-la-presentacio-de-patrocinis-de-mostra-de-valencia-2024-oberta-del-2-al-13-de-setembre\\\/#primaryimage\"},\"image\":{\"@id\":\"https:\\\/\\\/lamostradevalencia.com\\\/ca\\\/convocatoria-per-a-la-presentacio-de-patrocinis-de-mostra-de-valencia-2024-oberta-del-2-al-13-de-setembre\\\/#primaryimage\"},\"thumbnailUrl\":\"https:\\\/\\\/lamostradevalencia.com\\\/wp-content\\\/uploads\\\/2019\\\/05\\\/mostra-valencia-llamada-proyecto-1.png\",\"datePublished\":\"2024-08-30T06:02:56+00:00\",\"dateModified\":\"2024-08-30T06:06:05+00:00\",\"author\":{\"@id\":\"https:\\\/\\\/lamostradevalencia.com\\\/ca\\\/#\\\/schema\\\/person\\\/1dc07e4df3d6310b81d2cdf6a034070c\"},\"breadcrumb\":{\"@id\":\"https:\\\/\\\/lamostradevalencia.com\\\/ca\\\/convocatoria-per-a-la-presentacio-de-patrocinis-de-mostra-de-valencia-2024-oberta-del-2-al-13-de-setembre\\\/#breadcrumb\"},\"inLanguage\":\"ca\",\"potentialAction\":[{\"@type\":\"ReadAction\",\"target\":[\"https:\\\/\\\/lamostradevalencia.com\\\/ca\\\/convocatoria-per-a-la-presentacio-de-patrocinis-de-mostra-de-valencia-2024-oberta-del-2-al-13-de-setembre\\\/\"]}]},{\"@type\":\"ImageObject\",\"inLanguage\":\"ca\",\"@id\":\"https:\\\/\\\/lamostradevalencia.com\\\/ca\\\/convocatoria-per-a-la-presentacio-de-patrocinis-de-mostra-de-valencia-2024-oberta-del-2-al-13-de-setembre\\\/#primaryimage\",\"url\":\"https:\\\/\\\/lamostradevalencia.com\\\/wp-content\\\/uploads\\\/2019\\\/05\\\/mostra-valencia-llamada-proyecto-1.png\",\"contentUrl\":\"https:\\\/\\\/lamostradevalencia.com\\\/wp-content\\\/uploads\\\/2019\\\/05\\\/mostra-valencia-llamada-proyecto-1.png\",\"width\":1920,\"height\":1048},{\"@type\":\"BreadcrumbList\",\"@id\":\"https:\\\/\\\/lamostradevalencia.com\\\/ca\\\/convocatoria-per-a-la-presentacio-de-patrocinis-de-mostra-de-valencia-2024-oberta-del-2-al-13-de-setembre\\\/#breadcrumb\",\"itemListElement\":[{\"@type\":\"ListItem\",\"position\":1,\"name\":\"Portada\",\"item\":\"https:\\\/\\\/lamostradevalencia.com\\\/ca\\\/\"},{\"@type\":\"ListItem\",\"position\":2,\"name\":\"CONVOCAT\u00d2RIA PER A LA PRESENTACI\u00d3 DE PATROCINIS DE MOSTRA DE VAL\u00c8NCIA 2024. OBERTA DEL 2 AL 13 DE SETEMBRE\"}]},{\"@type\":\"WebSite\",\"@id\":\"https:\\\/\\\/lamostradevalencia.com\\\/ca\\\/#website\",\"url\":\"https:\\\/\\\/lamostradevalencia.com\\\/ca\\\/\",\"name\":\"Mostra de Val\u00e8ncia\",\"description\":\"Cinema del Mediterrani\",\"potentialAction\":[{\"@type\":\"SearchAction\",\"target\":{\"@type\":\"EntryPoint\",\"urlTemplate\":\"https:\\\/\\\/lamostradevalencia.com\\\/ca\\\/?s={search_term_string}\"},\"query-input\":{\"@type\":\"PropertyValueSpecification\",\"valueRequired\":true,\"valueName\":\"search_term_string\"}}],\"inLanguage\":\"ca\"},{\"@type\":\"Person\",\"@id\":\"https:\\\/\\\/lamostradevalencia.com\\\/ca\\\/#\\\/schema\\\/person\\\/1dc07e4df3d6310b81d2cdf6a034070c\",\"name\":\"Mostra de Val\u00e8ncia\",\"image\":{\"@type\":\"ImageObject\",\"inLanguage\":\"ca\",\"@id\":\"https:\\\/\\\/secure.gravatar.com\\\/avatar\\\/ada4dfd699a9907706987adb1bb2b361c2613ccca474b49b8c648de5208e32f8?s=96&d=mm&r=g\",\"url\":\"https:\\\/\\\/secure.gravatar.com\\\/avatar\\\/ada4dfd699a9907706987adb1bb2b361c2613ccca474b49b8c648de5208e32f8?s=96&d=mm&r=g\",\"contentUrl\":\"https:\\\/\\\/secure.gravatar.com\\\/avatar\\\/ada4dfd699a9907706987adb1bb2b361c2613ccca474b49b8c648de5208e32f8?s=96&d=mm&r=g\",\"caption\":\"Mostra de Val\u00e8ncia\"}}]}<\/script>\n<!-- \/ Yoast SEO plugin. -->","yoast_head_json":{"title":"CONVOCAT\u00d2RIA PER A LA PRESENTACI\u00d3 DE PATROCINIS DE MOSTRA DE VAL\u00c8NCIA 2024. OBERTA DEL 2 AL 13 DE SETEMBRE - Mostra de Val\u00e8ncia","robots":{"index":"index","follow":"follow","max-snippet":"max-snippet:-1","max-image-preview":"max-image-preview:large","max-video-preview":"max-video-preview:-1"},"canonical":"https:\/\/lamostradevalencia.com\/ca\/convocatoria-per-a-la-presentacio-de-patrocinis-de-mostra-de-valencia-2024-oberta-del-2-al-13-de-setembre\/","og_locale":"ca_ES","og_type":"article","og_title":"CONVOCAT\u00d2RIA PER A LA PRESENTACI\u00d3 DE PATROCINIS DE MOSTRA DE VAL\u00c8NCIA 2024. OBERTA DEL 2 AL 13 DE SETEMBRE - Mostra de Val\u00e8ncia","og_description":"Condicions per als patrocinis privats de les activitats de Mostra de Val\u00e8ncia 2024. 1.- CONSIDERACI\u00d3 DE PATROCINIS Tindran la consideraci\u00f3 de patrocinis les aportacions per [&hellip;]","og_url":"https:\/\/lamostradevalencia.com\/ca\/convocatoria-per-a-la-presentacio-de-patrocinis-de-mostra-de-valencia-2024-oberta-del-2-al-13-de-setembre\/","og_site_name":"Mostra de Val\u00e8ncia","article_published_time":"2024-08-30T06:02:56+00:00","article_modified_time":"2024-08-30T06:06:05+00:00","og_image":[{"width":1920,"height":1048,"url":"https:\/\/lamostradevalencia.com\/wp-content\/uploads\/2019\/05\/mostra-valencia-llamada-proyecto-1.png","type":"image\/png"}],"author":"Mostra de Val\u00e8ncia","twitter_card":"summary_large_image","twitter_misc":{"Escrit per":"Mostra de Val\u00e8ncia","Temps estimat de lectura":"7 minuts"},"schema":{"@context":"https:\/\/schema.org","@graph":[{"@type":"Article","@id":"https:\/\/lamostradevalencia.com\/ca\/convocatoria-per-a-la-presentacio-de-patrocinis-de-mostra-de-valencia-2024-oberta-del-2-al-13-de-setembre\/#article","isPartOf":{"@id":"https:\/\/lamostradevalencia.com\/ca\/convocatoria-per-a-la-presentacio-de-patrocinis-de-mostra-de-valencia-2024-oberta-del-2-al-13-de-setembre\/"},"author":{"name":"Mostra de Val\u00e8ncia","@id":"https:\/\/lamostradevalencia.com\/ca\/#\/schema\/person\/1dc07e4df3d6310b81d2cdf6a034070c"},"headline":"CONVOCAT\u00d2RIA PER A LA PRESENTACI\u00d3 DE PATROCINIS DE MOSTRA DE VAL\u00c8NCIA 2024. OBERTA DEL 2 AL 13 DE SETEMBRE","datePublished":"2024-08-30T06:02:56+00:00","dateModified":"2024-08-30T06:06:05+00:00","mainEntityOfPage":{"@id":"https:\/\/lamostradevalencia.com\/ca\/convocatoria-per-a-la-presentacio-de-patrocinis-de-mostra-de-valencia-2024-oberta-del-2-al-13-de-setembre\/"},"wordCount":1560,"commentCount":0,"image":{"@id":"https:\/\/lamostradevalencia.com\/ca\/convocatoria-per-a-la-presentacio-de-patrocinis-de-mostra-de-valencia-2024-oberta-del-2-al-13-de-setembre\/#primaryimage"},"thumbnailUrl":"https:\/\/lamostradevalencia.com\/wp-content\/uploads\/2019\/05\/mostra-valencia-llamada-proyecto-1.png","articleSection":["Convocat\u00f2ries"],"inLanguage":"ca","potentialAction":[{"@type":"CommentAction","name":"Comment","target":["https:\/\/lamostradevalencia.com\/ca\/convocatoria-per-a-la-presentacio-de-patrocinis-de-mostra-de-valencia-2024-oberta-del-2-al-13-de-setembre\/#respond"]}]},{"@type":"WebPage","@id":"https:\/\/lamostradevalencia.com\/ca\/convocatoria-per-a-la-presentacio-de-patrocinis-de-mostra-de-valencia-2024-oberta-del-2-al-13-de-setembre\/","url":"https:\/\/lamostradevalencia.com\/ca\/convocatoria-per-a-la-presentacio-de-patrocinis-de-mostra-de-valencia-2024-oberta-del-2-al-13-de-setembre\/","name":"CONVOCAT\u00d2RIA PER A LA PRESENTACI\u00d3 DE PATROCINIS DE MOSTRA DE VAL\u00c8NCIA 2024. OBERTA DEL 2 AL 13 DE SETEMBRE - Mostra de Val\u00e8ncia","isPartOf":{"@id":"https:\/\/lamostradevalencia.com\/ca\/#website"},"primaryImageOfPage":{"@id":"https:\/\/lamostradevalencia.com\/ca\/convocatoria-per-a-la-presentacio-de-patrocinis-de-mostra-de-valencia-2024-oberta-del-2-al-13-de-setembre\/#primaryimage"},"image":{"@id":"https:\/\/lamostradevalencia.com\/ca\/convocatoria-per-a-la-presentacio-de-patrocinis-de-mostra-de-valencia-2024-oberta-del-2-al-13-de-setembre\/#primaryimage"},"thumbnailUrl":"https:\/\/lamostradevalencia.com\/wp-content\/uploads\/2019\/05\/mostra-valencia-llamada-proyecto-1.png","datePublished":"2024-08-30T06:02:56+00:00","dateModified":"2024-08-30T06:06:05+00:00","author":{"@id":"https:\/\/lamostradevalencia.com\/ca\/#\/schema\/person\/1dc07e4df3d6310b81d2cdf6a034070c"},"breadcrumb":{"@id":"https:\/\/lamostradevalencia.com\/ca\/convocatoria-per-a-la-presentacio-de-patrocinis-de-mostra-de-valencia-2024-oberta-del-2-al-13-de-setembre\/#breadcrumb"},"inLanguage":"ca","potentialAction":[{"@type":"ReadAction","target":["https:\/\/lamostradevalencia.com\/ca\/convocatoria-per-a-la-presentacio-de-patrocinis-de-mostra-de-valencia-2024-oberta-del-2-al-13-de-setembre\/"]}]},{"@type":"ImageObject","inLanguage":"ca","@id":"https:\/\/lamostradevalencia.com\/ca\/convocatoria-per-a-la-presentacio-de-patrocinis-de-mostra-de-valencia-2024-oberta-del-2-al-13-de-setembre\/#primaryimage","url":"https:\/\/lamostradevalencia.com\/wp-content\/uploads\/2019\/05\/mostra-valencia-llamada-proyecto-1.png","contentUrl":"https:\/\/lamostradevalencia.com\/wp-content\/uploads\/2019\/05\/mostra-valencia-llamada-proyecto-1.png","width":1920,"height":1048},{"@type":"BreadcrumbList","@id":"https:\/\/lamostradevalencia.com\/ca\/convocatoria-per-a-la-presentacio-de-patrocinis-de-mostra-de-valencia-2024-oberta-del-2-al-13-de-setembre\/#breadcrumb","itemListElement":[{"@type":"ListItem","position":1,"name":"Portada","item":"https:\/\/lamostradevalencia.com\/ca\/"},{"@type":"ListItem","position":2,"name":"CONVOCAT\u00d2RIA PER A LA PRESENTACI\u00d3 DE PATROCINIS DE MOSTRA DE VAL\u00c8NCIA 2024. OBERTA DEL 2 AL 13 DE SETEMBRE"}]},{"@type":"WebSite","@id":"https:\/\/lamostradevalencia.com\/ca\/#website","url":"https:\/\/lamostradevalencia.com\/ca\/","name":"Mostra de Val\u00e8ncia","description":"Cinema del Mediterrani","potentialAction":[{"@type":"SearchAction","target":{"@type":"EntryPoint","urlTemplate":"https:\/\/lamostradevalencia.com\/ca\/?s={search_term_string}"},"query-input":{"@type":"PropertyValueSpecification","valueRequired":true,"valueName":"search_term_string"}}],"inLanguage":"ca"},{"@type":"Person","@id":"https:\/\/lamostradevalencia.com\/ca\/#\/schema\/person\/1dc07e4df3d6310b81d2cdf6a034070c","name":"Mostra de Val\u00e8ncia","image":{"@type":"ImageObject","inLanguage":"ca","@id":"https:\/\/secure.gravatar.com\/avatar\/ada4dfd699a9907706987adb1bb2b361c2613ccca474b49b8c648de5208e32f8?s=96&d=mm&r=g","url":"https:\/\/secure.gravatar.com\/avatar\/ada4dfd699a9907706987adb1bb2b361c2613ccca474b49b8c648de5208e32f8?s=96&d=mm&r=g","contentUrl":"https:\/\/secure.gravatar.com\/avatar\/ada4dfd699a9907706987adb1bb2b361c2613ccca474b49b8c648de5208e32f8?s=96&d=mm&r=g","caption":"Mostra de Val\u00e8ncia"}}]}},"uagb_featured_image_src":{"full":["https:\/\/lamostradevalencia.com\/wp-content\/uploads\/2019\/05\/mostra-valencia-llamada-proyecto-1.png",1920,1048,false],"thumbnail":["https:\/\/lamostradevalencia.com\/wp-content\/uploads\/2019\/05\/mostra-valencia-llamada-proyecto-1-150x150.png",150,150,true],"medium":["https:\/\/lamostradevalencia.com\/wp-content\/uploads\/2019\/05\/mostra-valencia-llamada-proyecto-1-300x164.png",300,164,true],"medium_large":["https:\/\/lamostradevalencia.com\/wp-content\/uploads\/2019\/05\/mostra-valencia-llamada-proyecto-1-768x419.png",768,419,true],"large":["https:\/\/lamostradevalencia.com\/wp-content\/uploads\/2019\/05\/mostra-valencia-llamada-proyecto-1-1024x559.png",1024,559,true],"1536x1536":["https:\/\/lamostradevalencia.com\/wp-content\/uploads\/2019\/05\/mostra-valencia-llamada-proyecto-1.png",1536,838,false],"2048x2048":["https:\/\/lamostradevalencia.com\/wp-content\/uploads\/2019\/05\/mostra-valencia-llamada-proyecto-1.png",1920,1048,false],"cinerama_edge_image_square":["https:\/\/lamostradevalencia.com\/wp-content\/uploads\/2019\/05\/mostra-valencia-llamada-proyecto-1-550x550.png",550,550,true],"cinerama_edge_image_landscape":["https:\/\/lamostradevalencia.com\/wp-content\/uploads\/2019\/05\/mostra-valencia-llamada-proyecto-1-1100x550.png",1100,550,true],"cinerama_edge_image_portrait":["https:\/\/lamostradevalencia.com\/wp-content\/uploads\/2019\/05\/mostra-valencia-llamada-proyecto-1-550x1048.png",550,1048,true],"cinerama_edge_image_huge":["https:\/\/lamostradevalencia.com\/wp-content\/uploads\/2019\/05\/mostra-valencia-llamada-proyecto-1-1100x1048.png",1100,1048,true],"gform-image-choice-sm":["https:\/\/lamostradevalencia.com\/wp-content\/uploads\/2019\/05\/mostra-valencia-llamada-proyecto-1.png",300,164,false],"gform-image-choice-md":["https:\/\/lamostradevalencia.com\/wp-content\/uploads\/2019\/05\/mostra-valencia-llamada-proyecto-1.png",400,218,false],"gform-image-choice-lg":["https:\/\/lamostradevalencia.com\/wp-content\/uploads\/2019\/05\/mostra-valencia-llamada-proyecto-1.png",600,328,false]},"uagb_author_info":{"display_name":"Mostra de Val\u00e8ncia","author_link":"https:\/\/lamostradevalencia.com\/ca\/author\/mostravalencia\/"},"uagb_comment_info":0,"uagb_excerpt":"Condicions per als patrocinis privats de les activitats de Mostra de Val\u00e8ncia 2024. 1.- CONSIDERACI\u00d3 DE PATROCINIS Tindran la consideraci\u00f3 de patrocinis les aportacions per [&hellip;]","_links":{"self":[{"href":"https:\/\/lamostradevalencia.com\/ca\/wp-json\/wp\/v2\/posts\/23525","targetHints":{"allow":["GET"]}}],"collection":[{"href":"https:\/\/lamostradevalencia.com\/ca\/wp-json\/wp\/v2\/posts"}],"about":[{"href":"https:\/\/lamostradevalencia.com\/ca\/wp-json\/wp\/v2\/types\/post"}],"author":[{"embeddable":true,"href":"https:\/\/lamostradevalencia.com\/ca\/wp-json\/wp\/v2\/users\/1"}],"replies":[{"embeddable":true,"href":"https:\/\/lamostradevalencia.com\/ca\/wp-json\/wp\/v2\/comments?post=23525"}],"version-history":[{"count":1,"href":"https:\/\/lamostradevalencia.com\/ca\/wp-json\/wp\/v2\/posts\/23525\/revisions"}],"predecessor-version":[{"id":23527,"href":"https:\/\/lamostradevalencia.com\/ca\/wp-json\/wp\/v2\/posts\/23525\/revisions\/23527"}],"wp:featuredmedia":[{"embeddable":true,"href":"https:\/\/lamostradevalencia.com\/ca\/wp-json\/wp\/v2\/media\/2771"}],"wp:attachment":[{"href":"https:\/\/lamostradevalencia.com\/ca\/wp-json\/wp\/v2\/media?parent=23525"}],"wp:term":[{"taxonomy":"category","embeddable":true,"href":"https:\/\/lamostradevalencia.com\/ca\/wp-json\/wp\/v2\/categories?post=23525"},{"taxonomy":"post_tag","embeddable":true,"href":"https:\/\/lamostradevalencia.com\/ca\/wp-json\/wp\/v2\/tags?post=23525"}],"curies":[{"name":"wp","href":"https:\/\/api.w.org\/{rel}","templated":true}]}}