{"id":23473,"date":"2024-08-20T10:19:58","date_gmt":"2024-08-20T08:19:58","guid":{"rendered":"https:\/\/lamostradevalencia.com\/?p=23473"},"modified":"2024-08-20T10:20:46","modified_gmt":"2024-08-20T08:20:46","slug":"mostra-de-valencia-homenatjara-a-dario-argento-marcello-mastroianni-i-els-germans-taviani","status":"publish","type":"post","link":"https:\/\/lamostradevalencia.com\/ca\/mostra-de-valencia-homenatjara-a-dario-argento-marcello-mastroianni-i-els-germans-taviani\/","title":{"rendered":"Mostra de Val\u00e8ncia homenatjar\u00e0 a Dario Argento, Marcello Mastroianni i els germans Taviani"},"content":{"rendered":"<h5><span style=\"font-weight: 400;\">La nova secci\u00f3 Cine Retrobat aposta per diversos documentals dedicats a figures clau del cine<\/span><\/h5>\n<p>En la senda iniciada l&#8217;any passat amb l&#8217;estrena a Espanya de \u2018Massimo Troisi: Somebody Down There Loves Me\u2019, de Mario Martone, Mostra de Val\u00e8ncia-Cinema del Mediterrani posa en marxa el cicle Cine Retrobat, que al llarg de la seua pr\u00f2xima edici\u00f3, que se celebrar\u00e0 entre el 24 d&#8217;octubre i el 3 de novembre, proposa una s\u00e8rie de documentals que permeten recuperar pel\u00b7l\u00edcules o figures de rellev\u00e0ncia en el context del cine mediterrani.<\/p>\n<p>&#8220;L&#8217;objectiu principal del festival ha sigut sempre el cine contemporani, amb m\u00e9s de 25 premi\u00e8res nacionals cada any, per\u00f2 Mostra de Val\u00e8ncia \u00e9s molt conscient del context hist\u00f2ric en qu\u00e8 s&#8217;imbrica, i mai ha deixat de costat la mirada retrospectiva&#8221;, comenta Eduardo Guillot, director art\u00edstic del certamen. &#8220;Per aix\u00f2, considerem que \u00e9s tamb\u00e9 la nostra tasca fer arribar al p\u00fablic una s\u00e8rie de t\u00edtols que contribu\u00efxen a con\u00e9ixer la hist\u00f2ria del cine, pensant el present des del passat, i que d&#8217;una altra manera no podrien veure&#8217;s a Val\u00e8ncia&#8221;.<\/p>\n<p>La selecci\u00f3 inclou <strong>\u2018Profondo Argento\u2019<\/strong> (Steve Della Casa i Giancarlo Rolandi, 2023). Dario Argento, un dels directors italians m\u00e9s aclamats en el m\u00f3n, objecte d&#8217;un culte transversal que trenca barreres generacionals, quasi com una estrela de rock, \u00e9s en realitat una persona que sempre ha defensat i protegit la seua esfera privada. Este documental es desenvolupa com una raps\u00f2dia on destaquen una dotzena de temes: sa mare, que pertany a la famosa fam\u00edlia de fot\u00f2grafs Luxard; son pare, productor; els seus inicis com a cr\u00edtic i guionista; el debut com a director; la relaci\u00f3 amb la m\u00fasica i l&#8217;arquitectura -elements fonamentals de la seua obra-; els seus mestres, amics i imitadors; els seus gustos literaris i cinematogr\u00e0fics; l&#8217;evoluci\u00f3 de la seua carrera; les seues filles Fiore i Asia; i, finalment, el seu veritable costat fosc: la com\u00e8dia, que sovint aflora en la seua vida di\u00e0ria i fins i tot entre els seus malsons cinematogr\u00e0fics.<\/p>\n<p>Mostra de Val\u00e8ncia tampoc podia deixar passar l&#8217;ocasi\u00f3 de celebrar el centenari del naixement d&#8217;un dels m\u00e9s grans actors de la hist\u00f2ria del cine itali\u00e0. La monumental <strong>\u2018Marcello Mastroianni: mi ricordo, s\u00ec, io mi ricordo\u2019<\/strong> (Anna Maria Tat\u00f2, 1997) es projectar\u00e0 en una magn\u00edfica c\u00f2pia restaurada que permetr\u00e0 els aficionats viatjar fins a 1996, quan Mastroianni es va disposar a recordar el passat enfront de la realitzadora Anna Maria Tat\u00f2, la dona que va compartir amb ell els vint-i-dos \u00faltims anys de la seua vida. El resultat \u00e9s un extens repertori d&#8217;an\u00e8cdotes, confessions i mem\u00f2ries narrades pel protagonista en primera persona.<\/p>\n<p>El festival acollir\u00e0 tamb\u00e9 l&#8217;estrena a Espanya d\u2019<strong>\u2018Ospina Cali Colombia\u2019<\/strong> (Jorge de Carvalho, 2023), una producci\u00f3 portuguesa al voltant de la figura de Luis Ospina, cineasta de culte nascut a Cali i format a Los Angeles, autor del m\u00edtic fals documental \u2018Agarrando pueblo\u2019 (1977). Mitjan\u00e7ant un fenomenal \u00fas de l&#8217;arxiu, amb devoci\u00f3 i sigil de contrabandista, Jorge de Carvalho s&#8217;acosta al gran director colombi\u00e0 per confirmar la necessitat irrefutable de cineastes com ell, \u00e0vids de veritat, d&#8217;aventures vitals, de sorpresa per la trama inagafable de l&#8217;exist\u00e8ncia. La pel\u00b7l\u00edcula arreplega entrevistes, aparicions p\u00fabliques i formes annexes del cine en la paraula sempre l\u00facida de Luis Ospina, per\u00f2 tamb\u00e9 recupera imatges de la seua filmografia, una de les m\u00e9s lliures i independents en la hist\u00f2ria del cine de parla hispana.<\/p>\n<p>A m\u00e9s, el cicle inclour\u00e0 una projecci\u00f3 especial de la c\u00f2pia restaurada de <strong>\u2018La noche de San Lorenzo\u2019<\/strong> (Paolo i Vittorio Taviani, 1982), en commemoraci\u00f3 de la mort de Paolo Taviani el febrer passat. El seu germ\u00e0 Vittorio va morir en 2018 i el festival vol d&#8217;esta manera retre&#8217;ls homenatge, ja que ambd\u00f3s van estar en Mostra de Val\u00e8ncia en 1987, presentant la pel\u00b7l\u00edcula \u2018Good Morning, Babilonia\u2019 amb l&#8217;actor Joaquim de Almeida. &#8216;La noche de San Lorenzo&#8217; \u00e9s considerada una de les obres mestres del duo, i se situa en la Segona Guerra Mundial, concretament en la nit del 10 d&#8217;agost de 1944, dia de Sant Lorenzo, per narrar la hist\u00f2ria dels ve\u00efns d&#8217;un poble tosc\u00e0 que van fugir a les muntanyes a fi d&#8217;evitar ser bombardejats per les tropes alemanyes.<\/p>\n<p>Este cicle se suma al ja anunciat \u2018Visions de Gaza\u2019, una selecci\u00f3 de t\u00edtols que inclou diverses estrenes a Espanya, entre ells la de \u2018From Ground Zero\u2019, una iniciativa del director palest\u00ed Rashid Masharawi, nascuda amb la intenci\u00f3 de preservar la mem\u00f2ria d&#8217;un territori que, malgrat les circumst\u00e0ncies actuals, mant\u00e9 l&#8217;activitat creativa. Es tracta d&#8217;un film que reunix vint-i-dos curtmetratges rodats en el cor de Gaza i que abasta g\u00e8neres molt diversos: ficci\u00f3, documental, animaci\u00f3, docuficci\u00f3 i, fins i tot, experimental. El mateix Rashid Masharawi visitar\u00e0 Val\u00e8ncia per presentar un projecte que va tindre la seua primera projecci\u00f3 a Cannes.<\/p>\n","protected":false},"excerpt":{"rendered":"<p>La nova secci\u00f3 Cine Retrobat aposta per diversos documentals dedicats a figures clau del cine En la senda iniciada l&#8217;any passat amb l&#8217;estrena a Espanya [&hellip;]<\/p>\n","protected":false},"author":1,"featured_media":23456,"comment_status":"open","ping_status":"open","sticky":false,"template":"","format":"standard","meta":{"_uag_custom_page_level_css":"","_jet_sm_ready_style":"","_jet_sm_style":"","_jet_sm_controls_values":"","_jet_sm_fonts_collection":"","_jet_sm_fonts_links":"","footnotes":""},"categories":[455],"tags":[],"class_list":["post-23473","post","type-post","status-publish","format-standard","has-post-thumbnail","hentry","category-noticies"],"yoast_head":"<!-- This site is optimized with the Yoast SEO plugin v27.5 - https:\/\/yoast.com\/product\/yoast-seo-wordpress\/ -->\n<title>Mostra de Val\u00e8ncia homenatjar\u00e0 a Dario Argento, Marcello Mastroianni i els germans Taviani - Mostra de Val\u00e8ncia<\/title>\n<meta name=\"robots\" content=\"index, follow, max-snippet:-1, max-image-preview:large, max-video-preview:-1\" \/>\n<link rel=\"canonical\" href=\"https:\/\/lamostradevalencia.com\/ca\/mostra-de-valencia-homenatjara-a-dario-argento-marcello-mastroianni-i-els-germans-taviani\/\" \/>\n<meta property=\"og:locale\" content=\"ca_ES\" \/>\n<meta property=\"og:type\" content=\"article\" \/>\n<meta property=\"og:title\" content=\"Mostra de Val\u00e8ncia homenatjar\u00e0 a Dario Argento, Marcello Mastroianni i els germans Taviani - Mostra de Val\u00e8ncia\" \/>\n<meta property=\"og:description\" content=\"La nova secci\u00f3 Cine Retrobat aposta per diversos documentals dedicats a figures clau del cine En la senda iniciada l&#8217;any passat amb l&#8217;estrena a Espanya [&hellip;]\" \/>\n<meta property=\"og:url\" content=\"https:\/\/lamostradevalencia.com\/ca\/mostra-de-valencia-homenatjara-a-dario-argento-marcello-mastroianni-i-els-germans-taviani\/\" \/>\n<meta property=\"og:site_name\" content=\"Mostra de Val\u00e8ncia\" \/>\n<meta property=\"article:published_time\" content=\"2024-08-20T08:19:58+00:00\" \/>\n<meta property=\"article:modified_time\" content=\"2024-08-20T08:20:46+00:00\" \/>\n<meta property=\"og:image\" content=\"https:\/\/lamostradevalencia.com\/wp-content\/uploads\/2024\/08\/Marcello-Mastroianni-e1724090563390.jpeg\" \/>\n\t<meta property=\"og:image:width\" content=\"1600\" \/>\n\t<meta property=\"og:image:height\" content=\"1074\" \/>\n\t<meta property=\"og:image:type\" content=\"image\/jpeg\" \/>\n<meta name=\"author\" content=\"Mostra de Val\u00e8ncia\" \/>\n<meta name=\"twitter:card\" content=\"summary_large_image\" \/>\n<meta name=\"twitter:label1\" content=\"Escrit per\" \/>\n\t<meta name=\"twitter:data1\" content=\"Mostra de Val\u00e8ncia\" \/>\n\t<meta name=\"twitter:label2\" content=\"Temps estimat de lectura\" \/>\n\t<meta name=\"twitter:data2\" content=\"4 minuts\" \/>\n<script type=\"application\/ld+json\" class=\"yoast-schema-graph\">{\"@context\":\"https:\\\/\\\/schema.org\",\"@graph\":[{\"@type\":\"Article\",\"@id\":\"https:\\\/\\\/lamostradevalencia.com\\\/ca\\\/mostra-de-valencia-homenatjara-a-dario-argento-marcello-mastroianni-i-els-germans-taviani\\\/#article\",\"isPartOf\":{\"@id\":\"https:\\\/\\\/lamostradevalencia.com\\\/ca\\\/mostra-de-valencia-homenatjara-a-dario-argento-marcello-mastroianni-i-els-germans-taviani\\\/\"},\"author\":{\"name\":\"Mostra de Val\u00e8ncia\",\"@id\":\"https:\\\/\\\/lamostradevalencia.com\\\/ca\\\/#\\\/schema\\\/person\\\/1dc07e4df3d6310b81d2cdf6a034070c\"},\"headline\":\"Mostra de Val\u00e8ncia homenatjar\u00e0 a Dario Argento, Marcello Mastroianni i els germans Taviani\",\"datePublished\":\"2024-08-20T08:19:58+00:00\",\"dateModified\":\"2024-08-20T08:20:46+00:00\",\"mainEntityOfPage\":{\"@id\":\"https:\\\/\\\/lamostradevalencia.com\\\/ca\\\/mostra-de-valencia-homenatjara-a-dario-argento-marcello-mastroianni-i-els-germans-taviani\\\/\"},\"wordCount\":876,\"commentCount\":0,\"image\":{\"@id\":\"https:\\\/\\\/lamostradevalencia.com\\\/ca\\\/mostra-de-valencia-homenatjara-a-dario-argento-marcello-mastroianni-i-els-germans-taviani\\\/#primaryimage\"},\"thumbnailUrl\":\"https:\\\/\\\/lamostradevalencia.com\\\/wp-content\\\/uploads\\\/2024\\\/08\\\/Marcello-Mastroianni-e1724090563390.jpeg\",\"articleSection\":[\"Noticies\"],\"inLanguage\":\"ca\",\"potentialAction\":[{\"@type\":\"CommentAction\",\"name\":\"Comment\",\"target\":[\"https:\\\/\\\/lamostradevalencia.com\\\/ca\\\/mostra-de-valencia-homenatjara-a-dario-argento-marcello-mastroianni-i-els-germans-taviani\\\/#respond\"]}]},{\"@type\":\"WebPage\",\"@id\":\"https:\\\/\\\/lamostradevalencia.com\\\/ca\\\/mostra-de-valencia-homenatjara-a-dario-argento-marcello-mastroianni-i-els-germans-taviani\\\/\",\"url\":\"https:\\\/\\\/lamostradevalencia.com\\\/ca\\\/mostra-de-valencia-homenatjara-a-dario-argento-marcello-mastroianni-i-els-germans-taviani\\\/\",\"name\":\"Mostra de Val\u00e8ncia homenatjar\u00e0 a Dario Argento, Marcello Mastroianni i els germans Taviani - Mostra de Val\u00e8ncia\",\"isPartOf\":{\"@id\":\"https:\\\/\\\/lamostradevalencia.com\\\/ca\\\/#website\"},\"primaryImageOfPage\":{\"@id\":\"https:\\\/\\\/lamostradevalencia.com\\\/ca\\\/mostra-de-valencia-homenatjara-a-dario-argento-marcello-mastroianni-i-els-germans-taviani\\\/#primaryimage\"},\"image\":{\"@id\":\"https:\\\/\\\/lamostradevalencia.com\\\/ca\\\/mostra-de-valencia-homenatjara-a-dario-argento-marcello-mastroianni-i-els-germans-taviani\\\/#primaryimage\"},\"thumbnailUrl\":\"https:\\\/\\\/lamostradevalencia.com\\\/wp-content\\\/uploads\\\/2024\\\/08\\\/Marcello-Mastroianni-e1724090563390.jpeg\",\"datePublished\":\"2024-08-20T08:19:58+00:00\",\"dateModified\":\"2024-08-20T08:20:46+00:00\",\"author\":{\"@id\":\"https:\\\/\\\/lamostradevalencia.com\\\/ca\\\/#\\\/schema\\\/person\\\/1dc07e4df3d6310b81d2cdf6a034070c\"},\"breadcrumb\":{\"@id\":\"https:\\\/\\\/lamostradevalencia.com\\\/ca\\\/mostra-de-valencia-homenatjara-a-dario-argento-marcello-mastroianni-i-els-germans-taviani\\\/#breadcrumb\"},\"inLanguage\":\"ca\",\"potentialAction\":[{\"@type\":\"ReadAction\",\"target\":[\"https:\\\/\\\/lamostradevalencia.com\\\/ca\\\/mostra-de-valencia-homenatjara-a-dario-argento-marcello-mastroianni-i-els-germans-taviani\\\/\"]}]},{\"@type\":\"ImageObject\",\"inLanguage\":\"ca\",\"@id\":\"https:\\\/\\\/lamostradevalencia.com\\\/ca\\\/mostra-de-valencia-homenatjara-a-dario-argento-marcello-mastroianni-i-els-germans-taviani\\\/#primaryimage\",\"url\":\"https:\\\/\\\/lamostradevalencia.com\\\/wp-content\\\/uploads\\\/2024\\\/08\\\/Marcello-Mastroianni-e1724090563390.jpeg\",\"contentUrl\":\"https:\\\/\\\/lamostradevalencia.com\\\/wp-content\\\/uploads\\\/2024\\\/08\\\/Marcello-Mastroianni-e1724090563390.jpeg\",\"width\":1600,\"height\":1074},{\"@type\":\"BreadcrumbList\",\"@id\":\"https:\\\/\\\/lamostradevalencia.com\\\/ca\\\/mostra-de-valencia-homenatjara-a-dario-argento-marcello-mastroianni-i-els-germans-taviani\\\/#breadcrumb\",\"itemListElement\":[{\"@type\":\"ListItem\",\"position\":1,\"name\":\"Portada\",\"item\":\"https:\\\/\\\/lamostradevalencia.com\\\/ca\\\/\"},{\"@type\":\"ListItem\",\"position\":2,\"name\":\"Mostra de Val\u00e8ncia homenatjar\u00e0 a Dario Argento, Marcello Mastroianni i els germans Taviani\"}]},{\"@type\":\"WebSite\",\"@id\":\"https:\\\/\\\/lamostradevalencia.com\\\/ca\\\/#website\",\"url\":\"https:\\\/\\\/lamostradevalencia.com\\\/ca\\\/\",\"name\":\"Mostra de Val\u00e8ncia\",\"description\":\"Cinema del Mediterrani\",\"potentialAction\":[{\"@type\":\"SearchAction\",\"target\":{\"@type\":\"EntryPoint\",\"urlTemplate\":\"https:\\\/\\\/lamostradevalencia.com\\\/ca\\\/?s={search_term_string}\"},\"query-input\":{\"@type\":\"PropertyValueSpecification\",\"valueRequired\":true,\"valueName\":\"search_term_string\"}}],\"inLanguage\":\"ca\"},{\"@type\":\"Person\",\"@id\":\"https:\\\/\\\/lamostradevalencia.com\\\/ca\\\/#\\\/schema\\\/person\\\/1dc07e4df3d6310b81d2cdf6a034070c\",\"name\":\"Mostra de Val\u00e8ncia\",\"image\":{\"@type\":\"ImageObject\",\"inLanguage\":\"ca\",\"@id\":\"https:\\\/\\\/secure.gravatar.com\\\/avatar\\\/ada4dfd699a9907706987adb1bb2b361c2613ccca474b49b8c648de5208e32f8?s=96&d=mm&r=g\",\"url\":\"https:\\\/\\\/secure.gravatar.com\\\/avatar\\\/ada4dfd699a9907706987adb1bb2b361c2613ccca474b49b8c648de5208e32f8?s=96&d=mm&r=g\",\"contentUrl\":\"https:\\\/\\\/secure.gravatar.com\\\/avatar\\\/ada4dfd699a9907706987adb1bb2b361c2613ccca474b49b8c648de5208e32f8?s=96&d=mm&r=g\",\"caption\":\"Mostra de Val\u00e8ncia\"}}]}<\/script>\n<!-- \/ Yoast SEO plugin. -->","yoast_head_json":{"title":"Mostra de Val\u00e8ncia homenatjar\u00e0 a Dario Argento, Marcello Mastroianni i els germans Taviani - Mostra de Val\u00e8ncia","robots":{"index":"index","follow":"follow","max-snippet":"max-snippet:-1","max-image-preview":"max-image-preview:large","max-video-preview":"max-video-preview:-1"},"canonical":"https:\/\/lamostradevalencia.com\/ca\/mostra-de-valencia-homenatjara-a-dario-argento-marcello-mastroianni-i-els-germans-taviani\/","og_locale":"ca_ES","og_type":"article","og_title":"Mostra de Val\u00e8ncia homenatjar\u00e0 a Dario Argento, Marcello Mastroianni i els germans Taviani - Mostra de Val\u00e8ncia","og_description":"La nova secci\u00f3 Cine Retrobat aposta per diversos documentals dedicats a figures clau del cine En la senda iniciada l&#8217;any passat amb l&#8217;estrena a Espanya [&hellip;]","og_url":"https:\/\/lamostradevalencia.com\/ca\/mostra-de-valencia-homenatjara-a-dario-argento-marcello-mastroianni-i-els-germans-taviani\/","og_site_name":"Mostra de Val\u00e8ncia","article_published_time":"2024-08-20T08:19:58+00:00","article_modified_time":"2024-08-20T08:20:46+00:00","og_image":[{"width":1600,"height":1074,"url":"https:\/\/lamostradevalencia.com\/wp-content\/uploads\/2024\/08\/Marcello-Mastroianni-e1724090563390.jpeg","type":"image\/jpeg"}],"author":"Mostra de Val\u00e8ncia","twitter_card":"summary_large_image","twitter_misc":{"Escrit per":"Mostra de Val\u00e8ncia","Temps estimat de lectura":"4 minuts"},"schema":{"@context":"https:\/\/schema.org","@graph":[{"@type":"Article","@id":"https:\/\/lamostradevalencia.com\/ca\/mostra-de-valencia-homenatjara-a-dario-argento-marcello-mastroianni-i-els-germans-taviani\/#article","isPartOf":{"@id":"https:\/\/lamostradevalencia.com\/ca\/mostra-de-valencia-homenatjara-a-dario-argento-marcello-mastroianni-i-els-germans-taviani\/"},"author":{"name":"Mostra de Val\u00e8ncia","@id":"https:\/\/lamostradevalencia.com\/ca\/#\/schema\/person\/1dc07e4df3d6310b81d2cdf6a034070c"},"headline":"Mostra de Val\u00e8ncia homenatjar\u00e0 a Dario Argento, Marcello Mastroianni i els germans Taviani","datePublished":"2024-08-20T08:19:58+00:00","dateModified":"2024-08-20T08:20:46+00:00","mainEntityOfPage":{"@id":"https:\/\/lamostradevalencia.com\/ca\/mostra-de-valencia-homenatjara-a-dario-argento-marcello-mastroianni-i-els-germans-taviani\/"},"wordCount":876,"commentCount":0,"image":{"@id":"https:\/\/lamostradevalencia.com\/ca\/mostra-de-valencia-homenatjara-a-dario-argento-marcello-mastroianni-i-els-germans-taviani\/#primaryimage"},"thumbnailUrl":"https:\/\/lamostradevalencia.com\/wp-content\/uploads\/2024\/08\/Marcello-Mastroianni-e1724090563390.jpeg","articleSection":["Noticies"],"inLanguage":"ca","potentialAction":[{"@type":"CommentAction","name":"Comment","target":["https:\/\/lamostradevalencia.com\/ca\/mostra-de-valencia-homenatjara-a-dario-argento-marcello-mastroianni-i-els-germans-taviani\/#respond"]}]},{"@type":"WebPage","@id":"https:\/\/lamostradevalencia.com\/ca\/mostra-de-valencia-homenatjara-a-dario-argento-marcello-mastroianni-i-els-germans-taviani\/","url":"https:\/\/lamostradevalencia.com\/ca\/mostra-de-valencia-homenatjara-a-dario-argento-marcello-mastroianni-i-els-germans-taviani\/","name":"Mostra de Val\u00e8ncia homenatjar\u00e0 a Dario Argento, Marcello Mastroianni i els germans Taviani - Mostra de Val\u00e8ncia","isPartOf":{"@id":"https:\/\/lamostradevalencia.com\/ca\/#website"},"primaryImageOfPage":{"@id":"https:\/\/lamostradevalencia.com\/ca\/mostra-de-valencia-homenatjara-a-dario-argento-marcello-mastroianni-i-els-germans-taviani\/#primaryimage"},"image":{"@id":"https:\/\/lamostradevalencia.com\/ca\/mostra-de-valencia-homenatjara-a-dario-argento-marcello-mastroianni-i-els-germans-taviani\/#primaryimage"},"thumbnailUrl":"https:\/\/lamostradevalencia.com\/wp-content\/uploads\/2024\/08\/Marcello-Mastroianni-e1724090563390.jpeg","datePublished":"2024-08-20T08:19:58+00:00","dateModified":"2024-08-20T08:20:46+00:00","author":{"@id":"https:\/\/lamostradevalencia.com\/ca\/#\/schema\/person\/1dc07e4df3d6310b81d2cdf6a034070c"},"breadcrumb":{"@id":"https:\/\/lamostradevalencia.com\/ca\/mostra-de-valencia-homenatjara-a-dario-argento-marcello-mastroianni-i-els-germans-taviani\/#breadcrumb"},"inLanguage":"ca","potentialAction":[{"@type":"ReadAction","target":["https:\/\/lamostradevalencia.com\/ca\/mostra-de-valencia-homenatjara-a-dario-argento-marcello-mastroianni-i-els-germans-taviani\/"]}]},{"@type":"ImageObject","inLanguage":"ca","@id":"https:\/\/lamostradevalencia.com\/ca\/mostra-de-valencia-homenatjara-a-dario-argento-marcello-mastroianni-i-els-germans-taviani\/#primaryimage","url":"https:\/\/lamostradevalencia.com\/wp-content\/uploads\/2024\/08\/Marcello-Mastroianni-e1724090563390.jpeg","contentUrl":"https:\/\/lamostradevalencia.com\/wp-content\/uploads\/2024\/08\/Marcello-Mastroianni-e1724090563390.jpeg","width":1600,"height":1074},{"@type":"BreadcrumbList","@id":"https:\/\/lamostradevalencia.com\/ca\/mostra-de-valencia-homenatjara-a-dario-argento-marcello-mastroianni-i-els-germans-taviani\/#breadcrumb","itemListElement":[{"@type":"ListItem","position":1,"name":"Portada","item":"https:\/\/lamostradevalencia.com\/ca\/"},{"@type":"ListItem","position":2,"name":"Mostra de Val\u00e8ncia homenatjar\u00e0 a Dario Argento, Marcello Mastroianni i els germans Taviani"}]},{"@type":"WebSite","@id":"https:\/\/lamostradevalencia.com\/ca\/#website","url":"https:\/\/lamostradevalencia.com\/ca\/","name":"Mostra de Val\u00e8ncia","description":"Cinema del Mediterrani","potentialAction":[{"@type":"SearchAction","target":{"@type":"EntryPoint","urlTemplate":"https:\/\/lamostradevalencia.com\/ca\/?s={search_term_string}"},"query-input":{"@type":"PropertyValueSpecification","valueRequired":true,"valueName":"search_term_string"}}],"inLanguage":"ca"},{"@type":"Person","@id":"https:\/\/lamostradevalencia.com\/ca\/#\/schema\/person\/1dc07e4df3d6310b81d2cdf6a034070c","name":"Mostra de Val\u00e8ncia","image":{"@type":"ImageObject","inLanguage":"ca","@id":"https:\/\/secure.gravatar.com\/avatar\/ada4dfd699a9907706987adb1bb2b361c2613ccca474b49b8c648de5208e32f8?s=96&d=mm&r=g","url":"https:\/\/secure.gravatar.com\/avatar\/ada4dfd699a9907706987adb1bb2b361c2613ccca474b49b8c648de5208e32f8?s=96&d=mm&r=g","contentUrl":"https:\/\/secure.gravatar.com\/avatar\/ada4dfd699a9907706987adb1bb2b361c2613ccca474b49b8c648de5208e32f8?s=96&d=mm&r=g","caption":"Mostra de Val\u00e8ncia"}}]}},"uagb_featured_image_src":{"full":["https:\/\/lamostradevalencia.com\/wp-content\/uploads\/2024\/08\/Marcello-Mastroianni-e1724090563390.jpeg",1600,1074,false],"thumbnail":["https:\/\/lamostradevalencia.com\/wp-content\/uploads\/2024\/08\/Marcello-Mastroianni-150x150.jpeg",150,150,true],"medium":["https:\/\/lamostradevalencia.com\/wp-content\/uploads\/2024\/08\/Marcello-Mastroianni-300x201.jpeg",300,201,true],"medium_large":["https:\/\/lamostradevalencia.com\/wp-content\/uploads\/2024\/08\/Marcello-Mastroianni-768x516.jpeg",768,516,true],"large":["https:\/\/lamostradevalencia.com\/wp-content\/uploads\/2024\/08\/Marcello-Mastroianni-1024x687.jpeg",1024,687,true],"1536x1536":["https:\/\/lamostradevalencia.com\/wp-content\/uploads\/2024\/08\/Marcello-Mastroianni-1536x1031.jpeg",1536,1031,true],"2048x2048":["https:\/\/lamostradevalencia.com\/wp-content\/uploads\/2024\/08\/Marcello-Mastroianni-e1724090563390.jpeg",1600,1074,false],"cinerama_edge_image_square":["https:\/\/lamostradevalencia.com\/wp-content\/uploads\/2024\/08\/Marcello-Mastroianni-550x550.jpeg",550,550,true],"cinerama_edge_image_landscape":["https:\/\/lamostradevalencia.com\/wp-content\/uploads\/2024\/08\/Marcello-Mastroianni-1100x550.jpeg",1100,550,true],"cinerama_edge_image_portrait":["https:\/\/lamostradevalencia.com\/wp-content\/uploads\/2024\/08\/Marcello-Mastroianni-550x1074.jpeg",550,1074,true],"cinerama_edge_image_huge":["https:\/\/lamostradevalencia.com\/wp-content\/uploads\/2024\/08\/Marcello-Mastroianni-1100x1074.jpeg",1100,1074,true],"gform-image-choice-sm":["https:\/\/lamostradevalencia.com\/wp-content\/uploads\/2024\/08\/Marcello-Mastroianni-e1724090563390.jpeg",300,201,false],"gform-image-choice-md":["https:\/\/lamostradevalencia.com\/wp-content\/uploads\/2024\/08\/Marcello-Mastroianni-e1724090563390.jpeg",400,269,false],"gform-image-choice-lg":["https:\/\/lamostradevalencia.com\/wp-content\/uploads\/2024\/08\/Marcello-Mastroianni-e1724090563390.jpeg",600,403,false]},"uagb_author_info":{"display_name":"Mostra de Val\u00e8ncia","author_link":"https:\/\/lamostradevalencia.com\/ca\/author\/mostravalencia\/"},"uagb_comment_info":0,"uagb_excerpt":"La nova secci\u00f3 Cine Retrobat aposta per diversos documentals dedicats a figures clau del cine En la senda iniciada l&#8217;any passat amb l&#8217;estrena a Espanya [&hellip;]","_links":{"self":[{"href":"https:\/\/lamostradevalencia.com\/ca\/wp-json\/wp\/v2\/posts\/23473","targetHints":{"allow":["GET"]}}],"collection":[{"href":"https:\/\/lamostradevalencia.com\/ca\/wp-json\/wp\/v2\/posts"}],"about":[{"href":"https:\/\/lamostradevalencia.com\/ca\/wp-json\/wp\/v2\/types\/post"}],"author":[{"embeddable":true,"href":"https:\/\/lamostradevalencia.com\/ca\/wp-json\/wp\/v2\/users\/1"}],"replies":[{"embeddable":true,"href":"https:\/\/lamostradevalencia.com\/ca\/wp-json\/wp\/v2\/comments?post=23473"}],"version-history":[{"count":2,"href":"https:\/\/lamostradevalencia.com\/ca\/wp-json\/wp\/v2\/posts\/23473\/revisions"}],"predecessor-version":[{"id":23475,"href":"https:\/\/lamostradevalencia.com\/ca\/wp-json\/wp\/v2\/posts\/23473\/revisions\/23475"}],"wp:featuredmedia":[{"embeddable":true,"href":"https:\/\/lamostradevalencia.com\/ca\/wp-json\/wp\/v2\/media\/23456"}],"wp:attachment":[{"href":"https:\/\/lamostradevalencia.com\/ca\/wp-json\/wp\/v2\/media?parent=23473"}],"wp:term":[{"taxonomy":"category","embeddable":true,"href":"https:\/\/lamostradevalencia.com\/ca\/wp-json\/wp\/v2\/categories?post=23473"},{"taxonomy":"post_tag","embeddable":true,"href":"https:\/\/lamostradevalencia.com\/ca\/wp-json\/wp\/v2\/tags?post=23473"}],"curies":[{"name":"wp","href":"https:\/\/api.w.org\/{rel}","templated":true}]}}