{"id":23057,"date":"2024-08-06T11:05:43","date_gmt":"2024-08-06T09:05:43","guid":{"rendered":"https:\/\/lamostradevalencia.com\/?p=23057"},"modified":"2024-08-06T11:05:43","modified_gmt":"2024-08-06T09:05:43","slug":"mostra-de-valencia-projectara-un-cicle-de-cine-sobre-gaza","status":"publish","type":"post","link":"https:\/\/lamostradevalencia.com\/ca\/mostra-de-valencia-projectara-un-cicle-de-cine-sobre-gaza\/","title":{"rendered":"Mostra de Val\u00e8ncia projectar\u00e0 un cicle de cine sobre Gaza"},"content":{"rendered":"<h5>La selecci\u00f3 inclou l&#8217;estrena a Espanya de la pel\u00b7l\u00edcula col\u00b7lectiva &#8216;From Ground Zero&#8217;, rodada en els \u00faltims mesos<\/h5>\n<p><span id=\"v1docs-internal-guid-b50b2b3b-7fff-a8ed-3be3-6e74186d4674\">La 39a edici\u00f3 de Mostra de Val\u00e8ncia, \u00a0que se celebrar\u00e0 del 24 d&#8217;octubre al 3 de novembre, dedicar\u00e0 un cicle al cine m\u00e9s recent relacionat amb la Franja de Gaza. Sempre atent a la manera en qu\u00e8 el s\u00e8ptim art reflecteix les problem\u00e0tiques contempor\u00e0nies que afecten el Mediterrani, el festival presenta una selecci\u00f3 de t\u00edtols que inclou diverses estrenes a Espanya, entre elles <\/span><strong id=\"v1docs-internal-guid-34a75fc4-7fff-4931-6af0-4d64721e60d2\">&#8216;<\/strong><strong>From Ground Zero<\/strong><strong id=\"v1docs-internal-guid-1e623e73-7fff-3d70-8d3f-3525b56da310\">&#8216;<\/strong>, una iniciativa del director palest\u00ed Rashid Masharawi, nascuda amb la intenci\u00f3 de preservar la mem\u00f2ria d&#8217;un territori que, malgrat les circumst\u00e0ncies actuals, mant\u00e9 l&#8217;activitat creativa.\u00a0<strong>Es tracta d&#8217;un film que reuneix vint-i-dos curtmetratges rodats en el cor de Gaza i que abasta g\u00e8neres molt diversos: ficci\u00f3, documental, animaci\u00f3, docuficci\u00f3 i fins i tot experimental. El mateix Rashid Masharawi visitar\u00e0 Val\u00e8ncia per a presentar un projecte que va tindre la seua primera projecci\u00f3 a Cannes.<\/strong><\/p>\n<p><span id=\"v1docs-internal-guid-b50b2b3b-7fff-a8ed-3be3-6e74186d4674\">Un dels senyals d&#8217;identitat de Mostra de Val\u00e8ncia ha sigut sempre la voluntat de prendre el pols cinematogr\u00e0fic a l&#8217;actualitat dels esdeveniments que afecten la seua \u00e0rea d&#8217;influ\u00e8ncia geogr\u00e0fica. Si en anys anteriors el festival va fixar la seua atenci\u00f3 en les cineastes eg\u00edpcies contempor\u00e0nies, l&#8217;aniversari de les Primaveres \u00c0rabs, la situaci\u00f3 del L\u00edban o el reflex al cine de les turbul\u00e8ncies pol\u00edtiques a Alg\u00e8ria, en 2024\u00a0<strong>el cicle &#8216;Visions de Gaza&#8217; tracta d&#8217;oferir una mirada panor\u00e0mica que, des de l&#8217;audiovisual, pose a l&#8217;abast de l&#8217;espectador les eines necess\u00e0ries per a disposar d&#8217;un context que vaja m\u00e9s enll\u00e0 de la urg\u00e8ncia dels noticiaris televisius.<\/strong><\/span><\/p>\n<p><span id=\"v1docs-internal-guid-b50b2b3b-7fff-a8ed-3be3-6e74186d4674\"><strong>&#8220;Entenem el cine com a testimoni del seu temps i com un material particularment valu\u00f3s per al foment del debat. En un moment tan cr\u00edtic com l&#8217;actual, les pel\u00b7l\u00edcules es convertixen en un instrument indispensable per a la reflexi\u00f3 i contribuixen a analitzar una realitat complexa que adquirix una nova dimensi\u00f3 a trav\u00e9s del seu reflex en la pantalla&#8221;<\/strong>, ha declarat Eduardo Guillot, responsable de programaci\u00f3 de Mostra de Val\u00e8ncia. Diverses projeccions estaran acompanyades de xarrades posteriors a c\u00e0rrec de periodistes i especialistes universitaris, per a enriquir un cicle marcat per la producci\u00f3 recent, per\u00f2 que tamb\u00e9 tira la vista arrere a trav\u00e9s de t\u00edtols com\u00a0<\/span><strong id=\"v1docs-internal-guid-34a75fc4-7fff-4931-6af0-4d64721e60d2\">&#8216;<\/strong><strong>El cuento de las tres gemas<\/strong><strong id=\"v1docs-internal-guid-1e623e73-7fff-3d70-8d3f-3525b56da310\">&#8216;<\/strong>, de Michael Khleife, un film de 1995 que compta amb participaci\u00f3 espanyola i que narra la hist\u00f2ria d&#8217;un xiquet de 12 anys criat a Gaza com a refugiat que viu amb la seua mare i la seua germana.<\/p>\n<p><strong><span id=\"v1docs-internal-guid-b50b2b3b-7fff-a8ed-3be3-6e74186d4674\">Documental i ficci\u00f3<\/span><\/strong><\/p>\n<p><span id=\"v1docs-internal-guid-b50b2b3b-7fff-a8ed-3be3-6e74186d4674\">El festival acollir\u00e0 l&#8217;estrena a Espanya de\u00a0<\/span><strong id=\"v1docs-internal-guid-34a75fc4-7fff-4931-6af0-4d64721e60d2\">&#8216;<\/strong><strong>Yallah Gaza<\/strong><strong id=\"v1docs-internal-guid-1e623e73-7fff-3d70-8d3f-3525b56da310\">&#8216;<\/strong>\u00a0(Roland Nurier, 2023), documental franc\u00e9s en qu\u00e8 els habitants de la franja parlen de la seua vida quotidiana, de geopol\u00edtica, de religi\u00f3, de sionisme, de dret internacional i, en definitiva, de totes les q\u00fcestions relatives a la situaci\u00f3 que viuen. En una l\u00ednia similar,\u00a0<strong id=\"v1docs-internal-guid-34a75fc4-7fff-4931-6af0-4d64721e60d2\">&#8216;<\/strong><strong>Gaza<\/strong><strong id=\"v1docs-internal-guid-1e623e73-7fff-3d70-8d3f-3525b56da310\">&#8216;<\/strong>\u00a0(Garry Keane, Andrew McConnell, 2019)\u00a0 proposa un retrat de les persones que habiten la zona i que tracten de donar sentit a la seua vida m\u00e9s enll\u00e0 dels enderrocs d&#8217;un conflicte etern. A m\u00e9s, es projectar\u00e0\u00a0<strong id=\"v1docs-internal-guid-34a75fc4-7fff-4931-6af0-4d64721e60d2\">&#8216;<\/strong><strong>Lyd<\/strong><strong id=\"v1docs-internal-guid-1e623e73-7fff-3d70-8d3f-3525b56da310\">&#8216;<\/strong>\u00a0(Sarah Ema Friedland i Rami Younis, 2023), pel\u00b7l\u00edcula coprodu\u00efda per Roger Waters (Pink Floyd), guanyadora del Premi Fipresci en el Festival d&#8217;Amman, que combina animaci\u00f3 i imatge real per a contar la hist\u00f2ria d&#8217;una ciutat que en el passat va connectar Palestina amb la resta del m\u00f3n.<\/p>\n<p><span id=\"v1docs-internal-guid-b50b2b3b-7fff-a8ed-3be3-6e74186d4674\">Mostra de Val\u00e8ncia rescata tamb\u00e9\u00a0<\/span><strong id=\"v1docs-internal-guid-34a75fc4-7fff-4931-6af0-4d64721e60d2\">&#8216;<\/strong><strong>Erasmus in Gaza<\/strong><strong id=\"v1docs-internal-guid-1e623e73-7fff-3d70-8d3f-3525b56da310\">&#8216;<\/strong>\u00a0(Chiara Avesani y Matteo Delb\u00f2, 2021),\u00a0<span id=\"v1docs-internal-guid-b50b2b3b-7fff-a8ed-3be3-6e74186d4674\">que segueix el viatge d&#8217;un alumne de medicina de Siena que tria Gaza com a dest\u00ed de la seua beca Erasmus. Va ser el primer estudiant de fora de Palestina acollit per la Universitat Isl\u00e0mica, on es va especialitzar en cirurgia i va escriure una tesi sobre les ferides provocades per les bales explosives. L&#8217;experi\u00e8ncia va canviar per sempre la seua manera de veure el m\u00f3n.<\/span><\/p>\n<p><span id=\"v1docs-internal-guid-b50b2b3b-7fff-a8ed-3be3-6e74186d4674\">I, de nou en el terreny de la ficci\u00f3,\u00a0<\/span><strong id=\"v1docs-internal-guid-34a75fc4-7fff-4931-6af0-4d64721e60d2\">&#8216;<\/strong><strong>200 Meters<\/strong><strong id=\"v1docs-internal-guid-1e623e73-7fff-3d70-8d3f-3525b56da310\">&#8216;<\/strong>\u00a0(<a href=\"https:\/\/www.filmaffinity.com\/es\/name.php?name-id=638262513\" target=\"_blank\" rel=\"noopener noreferrer\">Ameen Nayfeh<\/a>, 2020) \u00e9s un film premiat a Ven\u00e8cia i Tessal\u00f2nica sobre un pare atrapat a l&#8217;altre costat del mur de Cisjord\u00e0nia, que tracta d&#8217;arribar a l&#8217;hospital per a estar amb el seu fill. La pel\u00b7l\u00edcula mostra l&#8217;impacte emocional que t\u00e9 en les persones una separaci\u00f3 tan xicoteta com \u00e9s la del gruix d&#8217;una paret, el malestar que genera entre les parelles, el que pateixen els xiquets i la dificultat que comporta per a viure i treballar amb normalitat. La hist\u00f2ria que viuen cada dia milers de palestins.<\/p>\n<p><strong>Hist\u00f2ries personals i col\u00b7lectives<\/strong><\/p>\n<p><strong id=\"v1docs-internal-guid-34a75fc4-7fff-4931-6af0-4d64721e60d2\">&#8216;<\/strong><strong>Una botella en el mar de Gaza<\/strong><strong id=\"v1docs-internal-guid-1e623e73-7fff-3d70-8d3f-3525b56da310\">&#8216;<\/strong>\u00a0(Thierry Binisti, 2011) aporta una interessant mirada europea, en estar comptada des dels ulls d&#8217;una francesa de disset anys que viu a Jerusalem amb la seua fam\u00edlia. Despr\u00e9s que un terrorista s&#8217;immole en un caf\u00e9 del seu barri, la jove llan\u00e7a a la mar una carta a un palest\u00ed imaginari en qu\u00e8 expressa les seues preguntes i el seu rebuig al fet que nom\u00e9s puga existir odi entre els dos pobles. Sorprenentment, unes setmanes despr\u00e9s rep una misteriosa contestaci\u00f3 al seu enviament.<\/p>\n<p><span id=\"v1docs-internal-guid-b50b2b3b-7fff-a8ed-3be3-6e74186d4674\">En un to radicalment diferent,\u00a0<\/span><strong id=\"v1docs-internal-guid-34a75fc4-7fff-4931-6af0-4d64721e60d2\">&#8216;<\/strong><strong>Gaza Fights for Freedom<\/strong><strong id=\"v1docs-internal-guid-1e623e73-7fff-3d70-8d3f-3525b56da310\">&#8216;<\/strong>\u00a0(Abby Martin, 2019) \u00e9s un documental period\u00edstic filmat durant les protestes de la Gran Marxa del Retorn de 2018, quan entre 40.000 i 50.000 homes, dones i xiquets palestins, la gran majoria d&#8217;ells manifestants pac\u00edfics, van prendre la tanca perimetral que separa Gaza d&#8217;Israel, en protesta popular, per a exigir la fi del bloqueig israeli\u00e0 i el dret al retorn dels refugiats.<\/p>\n<p><span id=\"v1docs-internal-guid-b50b2b3b-7fff-a8ed-3be3-6e74186d4674\">Finalment, la selecci\u00f3 es completa amb una de les pel\u00b7l\u00edcules palestines m\u00e9s reeixides dels \u00faltims anys, la premiada com\u00e8dia rom\u00e0ntica\u00a0<\/span><strong id=\"v1docs-internal-guid-34a75fc4-7fff-4931-6af0-4d64721e60d2\">&#8216;<\/strong><strong>Gaza mon amour<\/strong><strong id=\"v1docs-internal-guid-1e623e73-7fff-3d70-8d3f-3525b56da310\">&#8216;<\/strong>\u00a0(2020), dels germans Arab i Tarzan Nasser. El seu protagonista \u00e9s un madur pescador, secretament enamorat d&#8217;una dependenta d&#8217;una botiga, la vida del qual canvia quan en una eixida amb barca trau del fons de la mar una est\u00e0tua d&#8217;Apol\u00b7lo amb m\u00e9s de 2.500 anys d&#8217;antiguitat. El film es basa en un fet real esdevingut en l&#8217;estiu de 2013, objecte d&#8217;un documental que tamb\u00e9 es podr\u00e0 veure en la Mostra:\u00a0<strong id=\"v1docs-internal-guid-34a75fc4-7fff-4931-6af0-4d64721e60d2\">&#8216;<\/strong><strong>L&#8217;Apollon de Gaza<\/strong><strong id=\"v1docs-internal-guid-1e623e73-7fff-3d70-8d3f-3525b56da310\">&#8216;<\/strong> (Nicolas Wadimoff, 2018) segueix el rastre de la troballa arqueol\u00f2gica i de la seua misteriosa desaparici\u00f3, que ha donat peu a tota mena d&#8217;especulacions sobre el seu parador fins hui.<\/p>\n","protected":false},"excerpt":{"rendered":"<p>La selecci\u00f3 inclou l&#8217;estrena a Espanya de la pel\u00b7l\u00edcula col\u00b7lectiva &#8216;From Ground Zero&#8217;, rodada en els \u00faltims mesos La 39a edici\u00f3 de Mostra de Val\u00e8ncia, [&hellip;]<\/p>\n","protected":false},"author":1,"featured_media":23047,"comment_status":"open","ping_status":"open","sticky":false,"template":"","format":"standard","meta":{"_uag_custom_page_level_css":"","_jet_sm_ready_style":"","_jet_sm_style":"","_jet_sm_controls_values":"","_jet_sm_fonts_collection":"","_jet_sm_fonts_links":"","footnotes":""},"categories":[455],"tags":[],"class_list":["post-23057","post","type-post","status-publish","format-standard","has-post-thumbnail","hentry","category-noticies"],"yoast_head":"<!-- This site is optimized with the Yoast SEO plugin v27.5 - https:\/\/yoast.com\/product\/yoast-seo-wordpress\/ -->\n<title>Mostra de Val\u00e8ncia projectar\u00e0 un cicle de cine sobre Gaza - Mostra de Val\u00e8ncia<\/title>\n<meta name=\"robots\" content=\"index, follow, max-snippet:-1, max-image-preview:large, max-video-preview:-1\" \/>\n<link rel=\"canonical\" href=\"https:\/\/lamostradevalencia.com\/ca\/mostra-de-valencia-projectara-un-cicle-de-cine-sobre-gaza\/\" \/>\n<meta property=\"og:locale\" content=\"ca_ES\" \/>\n<meta property=\"og:type\" content=\"article\" \/>\n<meta property=\"og:title\" content=\"Mostra de Val\u00e8ncia projectar\u00e0 un cicle de cine sobre Gaza - Mostra de Val\u00e8ncia\" \/>\n<meta property=\"og:description\" content=\"La selecci\u00f3 inclou l&#8217;estrena a Espanya de la pel\u00b7l\u00edcula col\u00b7lectiva &#8216;From Ground Zero&#8217;, rodada en els \u00faltims mesos La 39a edici\u00f3 de Mostra de Val\u00e8ncia, [&hellip;]\" \/>\n<meta property=\"og:url\" content=\"https:\/\/lamostradevalencia.com\/ca\/mostra-de-valencia-projectara-un-cicle-de-cine-sobre-gaza\/\" \/>\n<meta property=\"og:site_name\" content=\"Mostra de Val\u00e8ncia\" \/>\n<meta property=\"article:published_time\" content=\"2024-08-06T09:05:43+00:00\" \/>\n<meta property=\"og:image\" content=\"https:\/\/lamostradevalencia.com\/wp-content\/uploads\/2024\/08\/From-Ground-Zero.jpg\" \/>\n\t<meta property=\"og:image:width\" content=\"932\" \/>\n\t<meta property=\"og:image:height\" content=\"460\" \/>\n\t<meta property=\"og:image:type\" content=\"image\/jpeg\" \/>\n<meta name=\"author\" content=\"Mostra de Val\u00e8ncia\" \/>\n<meta name=\"twitter:card\" content=\"summary_large_image\" \/>\n<meta name=\"twitter:label1\" content=\"Escrit per\" \/>\n\t<meta name=\"twitter:data1\" content=\"Mostra de Val\u00e8ncia\" \/>\n\t<meta name=\"twitter:label2\" content=\"Temps estimat de lectura\" \/>\n\t<meta name=\"twitter:data2\" content=\"5 minuts\" \/>\n<script type=\"application\/ld+json\" class=\"yoast-schema-graph\">{\"@context\":\"https:\\\/\\\/schema.org\",\"@graph\":[{\"@type\":\"Article\",\"@id\":\"https:\\\/\\\/lamostradevalencia.com\\\/ca\\\/mostra-de-valencia-projectara-un-cicle-de-cine-sobre-gaza\\\/#article\",\"isPartOf\":{\"@id\":\"https:\\\/\\\/lamostradevalencia.com\\\/ca\\\/mostra-de-valencia-projectara-un-cicle-de-cine-sobre-gaza\\\/\"},\"author\":{\"name\":\"Mostra de Val\u00e8ncia\",\"@id\":\"https:\\\/\\\/lamostradevalencia.com\\\/ca\\\/#\\\/schema\\\/person\\\/1dc07e4df3d6310b81d2cdf6a034070c\"},\"headline\":\"Mostra de Val\u00e8ncia projectar\u00e0 un cicle de cine sobre Gaza\",\"datePublished\":\"2024-08-06T09:05:43+00:00\",\"mainEntityOfPage\":{\"@id\":\"https:\\\/\\\/lamostradevalencia.com\\\/ca\\\/mostra-de-valencia-projectara-un-cicle-de-cine-sobre-gaza\\\/\"},\"wordCount\":1128,\"commentCount\":0,\"image\":{\"@id\":\"https:\\\/\\\/lamostradevalencia.com\\\/ca\\\/mostra-de-valencia-projectara-un-cicle-de-cine-sobre-gaza\\\/#primaryimage\"},\"thumbnailUrl\":\"https:\\\/\\\/lamostradevalencia.com\\\/wp-content\\\/uploads\\\/2024\\\/08\\\/From-Ground-Zero.jpg\",\"articleSection\":[\"Noticies\"],\"inLanguage\":\"ca\",\"potentialAction\":[{\"@type\":\"CommentAction\",\"name\":\"Comment\",\"target\":[\"https:\\\/\\\/lamostradevalencia.com\\\/ca\\\/mostra-de-valencia-projectara-un-cicle-de-cine-sobre-gaza\\\/#respond\"]}]},{\"@type\":\"WebPage\",\"@id\":\"https:\\\/\\\/lamostradevalencia.com\\\/ca\\\/mostra-de-valencia-projectara-un-cicle-de-cine-sobre-gaza\\\/\",\"url\":\"https:\\\/\\\/lamostradevalencia.com\\\/ca\\\/mostra-de-valencia-projectara-un-cicle-de-cine-sobre-gaza\\\/\",\"name\":\"Mostra de Val\u00e8ncia projectar\u00e0 un cicle de cine sobre Gaza - Mostra de Val\u00e8ncia\",\"isPartOf\":{\"@id\":\"https:\\\/\\\/lamostradevalencia.com\\\/ca\\\/#website\"},\"primaryImageOfPage\":{\"@id\":\"https:\\\/\\\/lamostradevalencia.com\\\/ca\\\/mostra-de-valencia-projectara-un-cicle-de-cine-sobre-gaza\\\/#primaryimage\"},\"image\":{\"@id\":\"https:\\\/\\\/lamostradevalencia.com\\\/ca\\\/mostra-de-valencia-projectara-un-cicle-de-cine-sobre-gaza\\\/#primaryimage\"},\"thumbnailUrl\":\"https:\\\/\\\/lamostradevalencia.com\\\/wp-content\\\/uploads\\\/2024\\\/08\\\/From-Ground-Zero.jpg\",\"datePublished\":\"2024-08-06T09:05:43+00:00\",\"author\":{\"@id\":\"https:\\\/\\\/lamostradevalencia.com\\\/ca\\\/#\\\/schema\\\/person\\\/1dc07e4df3d6310b81d2cdf6a034070c\"},\"breadcrumb\":{\"@id\":\"https:\\\/\\\/lamostradevalencia.com\\\/ca\\\/mostra-de-valencia-projectara-un-cicle-de-cine-sobre-gaza\\\/#breadcrumb\"},\"inLanguage\":\"ca\",\"potentialAction\":[{\"@type\":\"ReadAction\",\"target\":[\"https:\\\/\\\/lamostradevalencia.com\\\/ca\\\/mostra-de-valencia-projectara-un-cicle-de-cine-sobre-gaza\\\/\"]}]},{\"@type\":\"ImageObject\",\"inLanguage\":\"ca\",\"@id\":\"https:\\\/\\\/lamostradevalencia.com\\\/ca\\\/mostra-de-valencia-projectara-un-cicle-de-cine-sobre-gaza\\\/#primaryimage\",\"url\":\"https:\\\/\\\/lamostradevalencia.com\\\/wp-content\\\/uploads\\\/2024\\\/08\\\/From-Ground-Zero.jpg\",\"contentUrl\":\"https:\\\/\\\/lamostradevalencia.com\\\/wp-content\\\/uploads\\\/2024\\\/08\\\/From-Ground-Zero.jpg\",\"width\":932,\"height\":460},{\"@type\":\"BreadcrumbList\",\"@id\":\"https:\\\/\\\/lamostradevalencia.com\\\/ca\\\/mostra-de-valencia-projectara-un-cicle-de-cine-sobre-gaza\\\/#breadcrumb\",\"itemListElement\":[{\"@type\":\"ListItem\",\"position\":1,\"name\":\"Portada\",\"item\":\"https:\\\/\\\/lamostradevalencia.com\\\/ca\\\/\"},{\"@type\":\"ListItem\",\"position\":2,\"name\":\"Mostra de Val\u00e8ncia projectar\u00e0 un cicle de cine sobre Gaza\"}]},{\"@type\":\"WebSite\",\"@id\":\"https:\\\/\\\/lamostradevalencia.com\\\/ca\\\/#website\",\"url\":\"https:\\\/\\\/lamostradevalencia.com\\\/ca\\\/\",\"name\":\"Mostra de Val\u00e8ncia\",\"description\":\"Cinema del Mediterrani\",\"potentialAction\":[{\"@type\":\"SearchAction\",\"target\":{\"@type\":\"EntryPoint\",\"urlTemplate\":\"https:\\\/\\\/lamostradevalencia.com\\\/ca\\\/?s={search_term_string}\"},\"query-input\":{\"@type\":\"PropertyValueSpecification\",\"valueRequired\":true,\"valueName\":\"search_term_string\"}}],\"inLanguage\":\"ca\"},{\"@type\":\"Person\",\"@id\":\"https:\\\/\\\/lamostradevalencia.com\\\/ca\\\/#\\\/schema\\\/person\\\/1dc07e4df3d6310b81d2cdf6a034070c\",\"name\":\"Mostra de Val\u00e8ncia\",\"image\":{\"@type\":\"ImageObject\",\"inLanguage\":\"ca\",\"@id\":\"https:\\\/\\\/secure.gravatar.com\\\/avatar\\\/ada4dfd699a9907706987adb1bb2b361c2613ccca474b49b8c648de5208e32f8?s=96&d=mm&r=g\",\"url\":\"https:\\\/\\\/secure.gravatar.com\\\/avatar\\\/ada4dfd699a9907706987adb1bb2b361c2613ccca474b49b8c648de5208e32f8?s=96&d=mm&r=g\",\"contentUrl\":\"https:\\\/\\\/secure.gravatar.com\\\/avatar\\\/ada4dfd699a9907706987adb1bb2b361c2613ccca474b49b8c648de5208e32f8?s=96&d=mm&r=g\",\"caption\":\"Mostra de Val\u00e8ncia\"}}]}<\/script>\n<!-- \/ Yoast SEO plugin. -->","yoast_head_json":{"title":"Mostra de Val\u00e8ncia projectar\u00e0 un cicle de cine sobre Gaza - Mostra de Val\u00e8ncia","robots":{"index":"index","follow":"follow","max-snippet":"max-snippet:-1","max-image-preview":"max-image-preview:large","max-video-preview":"max-video-preview:-1"},"canonical":"https:\/\/lamostradevalencia.com\/ca\/mostra-de-valencia-projectara-un-cicle-de-cine-sobre-gaza\/","og_locale":"ca_ES","og_type":"article","og_title":"Mostra de Val\u00e8ncia projectar\u00e0 un cicle de cine sobre Gaza - Mostra de Val\u00e8ncia","og_description":"La selecci\u00f3 inclou l&#8217;estrena a Espanya de la pel\u00b7l\u00edcula col\u00b7lectiva &#8216;From Ground Zero&#8217;, rodada en els \u00faltims mesos La 39a edici\u00f3 de Mostra de Val\u00e8ncia, [&hellip;]","og_url":"https:\/\/lamostradevalencia.com\/ca\/mostra-de-valencia-projectara-un-cicle-de-cine-sobre-gaza\/","og_site_name":"Mostra de Val\u00e8ncia","article_published_time":"2024-08-06T09:05:43+00:00","og_image":[{"width":932,"height":460,"url":"https:\/\/lamostradevalencia.com\/wp-content\/uploads\/2024\/08\/From-Ground-Zero.jpg","type":"image\/jpeg"}],"author":"Mostra de Val\u00e8ncia","twitter_card":"summary_large_image","twitter_misc":{"Escrit per":"Mostra de Val\u00e8ncia","Temps estimat de lectura":"5 minuts"},"schema":{"@context":"https:\/\/schema.org","@graph":[{"@type":"Article","@id":"https:\/\/lamostradevalencia.com\/ca\/mostra-de-valencia-projectara-un-cicle-de-cine-sobre-gaza\/#article","isPartOf":{"@id":"https:\/\/lamostradevalencia.com\/ca\/mostra-de-valencia-projectara-un-cicle-de-cine-sobre-gaza\/"},"author":{"name":"Mostra de Val\u00e8ncia","@id":"https:\/\/lamostradevalencia.com\/ca\/#\/schema\/person\/1dc07e4df3d6310b81d2cdf6a034070c"},"headline":"Mostra de Val\u00e8ncia projectar\u00e0 un cicle de cine sobre Gaza","datePublished":"2024-08-06T09:05:43+00:00","mainEntityOfPage":{"@id":"https:\/\/lamostradevalencia.com\/ca\/mostra-de-valencia-projectara-un-cicle-de-cine-sobre-gaza\/"},"wordCount":1128,"commentCount":0,"image":{"@id":"https:\/\/lamostradevalencia.com\/ca\/mostra-de-valencia-projectara-un-cicle-de-cine-sobre-gaza\/#primaryimage"},"thumbnailUrl":"https:\/\/lamostradevalencia.com\/wp-content\/uploads\/2024\/08\/From-Ground-Zero.jpg","articleSection":["Noticies"],"inLanguage":"ca","potentialAction":[{"@type":"CommentAction","name":"Comment","target":["https:\/\/lamostradevalencia.com\/ca\/mostra-de-valencia-projectara-un-cicle-de-cine-sobre-gaza\/#respond"]}]},{"@type":"WebPage","@id":"https:\/\/lamostradevalencia.com\/ca\/mostra-de-valencia-projectara-un-cicle-de-cine-sobre-gaza\/","url":"https:\/\/lamostradevalencia.com\/ca\/mostra-de-valencia-projectara-un-cicle-de-cine-sobre-gaza\/","name":"Mostra de Val\u00e8ncia projectar\u00e0 un cicle de cine sobre Gaza - Mostra de Val\u00e8ncia","isPartOf":{"@id":"https:\/\/lamostradevalencia.com\/ca\/#website"},"primaryImageOfPage":{"@id":"https:\/\/lamostradevalencia.com\/ca\/mostra-de-valencia-projectara-un-cicle-de-cine-sobre-gaza\/#primaryimage"},"image":{"@id":"https:\/\/lamostradevalencia.com\/ca\/mostra-de-valencia-projectara-un-cicle-de-cine-sobre-gaza\/#primaryimage"},"thumbnailUrl":"https:\/\/lamostradevalencia.com\/wp-content\/uploads\/2024\/08\/From-Ground-Zero.jpg","datePublished":"2024-08-06T09:05:43+00:00","author":{"@id":"https:\/\/lamostradevalencia.com\/ca\/#\/schema\/person\/1dc07e4df3d6310b81d2cdf6a034070c"},"breadcrumb":{"@id":"https:\/\/lamostradevalencia.com\/ca\/mostra-de-valencia-projectara-un-cicle-de-cine-sobre-gaza\/#breadcrumb"},"inLanguage":"ca","potentialAction":[{"@type":"ReadAction","target":["https:\/\/lamostradevalencia.com\/ca\/mostra-de-valencia-projectara-un-cicle-de-cine-sobre-gaza\/"]}]},{"@type":"ImageObject","inLanguage":"ca","@id":"https:\/\/lamostradevalencia.com\/ca\/mostra-de-valencia-projectara-un-cicle-de-cine-sobre-gaza\/#primaryimage","url":"https:\/\/lamostradevalencia.com\/wp-content\/uploads\/2024\/08\/From-Ground-Zero.jpg","contentUrl":"https:\/\/lamostradevalencia.com\/wp-content\/uploads\/2024\/08\/From-Ground-Zero.jpg","width":932,"height":460},{"@type":"BreadcrumbList","@id":"https:\/\/lamostradevalencia.com\/ca\/mostra-de-valencia-projectara-un-cicle-de-cine-sobre-gaza\/#breadcrumb","itemListElement":[{"@type":"ListItem","position":1,"name":"Portada","item":"https:\/\/lamostradevalencia.com\/ca\/"},{"@type":"ListItem","position":2,"name":"Mostra de Val\u00e8ncia projectar\u00e0 un cicle de cine sobre Gaza"}]},{"@type":"WebSite","@id":"https:\/\/lamostradevalencia.com\/ca\/#website","url":"https:\/\/lamostradevalencia.com\/ca\/","name":"Mostra de Val\u00e8ncia","description":"Cinema del Mediterrani","potentialAction":[{"@type":"SearchAction","target":{"@type":"EntryPoint","urlTemplate":"https:\/\/lamostradevalencia.com\/ca\/?s={search_term_string}"},"query-input":{"@type":"PropertyValueSpecification","valueRequired":true,"valueName":"search_term_string"}}],"inLanguage":"ca"},{"@type":"Person","@id":"https:\/\/lamostradevalencia.com\/ca\/#\/schema\/person\/1dc07e4df3d6310b81d2cdf6a034070c","name":"Mostra de Val\u00e8ncia","image":{"@type":"ImageObject","inLanguage":"ca","@id":"https:\/\/secure.gravatar.com\/avatar\/ada4dfd699a9907706987adb1bb2b361c2613ccca474b49b8c648de5208e32f8?s=96&d=mm&r=g","url":"https:\/\/secure.gravatar.com\/avatar\/ada4dfd699a9907706987adb1bb2b361c2613ccca474b49b8c648de5208e32f8?s=96&d=mm&r=g","contentUrl":"https:\/\/secure.gravatar.com\/avatar\/ada4dfd699a9907706987adb1bb2b361c2613ccca474b49b8c648de5208e32f8?s=96&d=mm&r=g","caption":"Mostra de Val\u00e8ncia"}}]}},"uagb_featured_image_src":{"full":["https:\/\/lamostradevalencia.com\/wp-content\/uploads\/2024\/08\/From-Ground-Zero.jpg",932,460,false],"thumbnail":["https:\/\/lamostradevalencia.com\/wp-content\/uploads\/2024\/08\/From-Ground-Zero-150x150.jpg",150,150,true],"medium":["https:\/\/lamostradevalencia.com\/wp-content\/uploads\/2024\/08\/From-Ground-Zero-300x148.jpg",300,148,true],"medium_large":["https:\/\/lamostradevalencia.com\/wp-content\/uploads\/2024\/08\/From-Ground-Zero-768x379.jpg",768,379,true],"large":["https:\/\/lamostradevalencia.com\/wp-content\/uploads\/2024\/08\/From-Ground-Zero.jpg",932,460,false],"1536x1536":["https:\/\/lamostradevalencia.com\/wp-content\/uploads\/2024\/08\/From-Ground-Zero.jpg",932,460,false],"2048x2048":["https:\/\/lamostradevalencia.com\/wp-content\/uploads\/2024\/08\/From-Ground-Zero.jpg",932,460,false],"cinerama_edge_image_square":["https:\/\/lamostradevalencia.com\/wp-content\/uploads\/2024\/08\/From-Ground-Zero-550x460.jpg",550,460,true],"cinerama_edge_image_landscape":["https:\/\/lamostradevalencia.com\/wp-content\/uploads\/2024\/08\/From-Ground-Zero.jpg",932,460,false],"cinerama_edge_image_portrait":["https:\/\/lamostradevalencia.com\/wp-content\/uploads\/2024\/08\/From-Ground-Zero-550x460.jpg",550,460,true],"cinerama_edge_image_huge":["https:\/\/lamostradevalencia.com\/wp-content\/uploads\/2024\/08\/From-Ground-Zero.jpg",932,460,false],"gform-image-choice-sm":["https:\/\/lamostradevalencia.com\/wp-content\/uploads\/2024\/08\/From-Ground-Zero.jpg",300,148,false],"gform-image-choice-md":["https:\/\/lamostradevalencia.com\/wp-content\/uploads\/2024\/08\/From-Ground-Zero.jpg",400,197,false],"gform-image-choice-lg":["https:\/\/lamostradevalencia.com\/wp-content\/uploads\/2024\/08\/From-Ground-Zero.jpg",600,296,false]},"uagb_author_info":{"display_name":"Mostra de Val\u00e8ncia","author_link":"https:\/\/lamostradevalencia.com\/ca\/author\/mostravalencia\/"},"uagb_comment_info":0,"uagb_excerpt":"La selecci\u00f3 inclou l&#8217;estrena a Espanya de la pel\u00b7l\u00edcula col\u00b7lectiva &#8216;From Ground Zero&#8217;, rodada en els \u00faltims mesos La 39a edici\u00f3 de Mostra de Val\u00e8ncia, [&hellip;]","_links":{"self":[{"href":"https:\/\/lamostradevalencia.com\/ca\/wp-json\/wp\/v2\/posts\/23057","targetHints":{"allow":["GET"]}}],"collection":[{"href":"https:\/\/lamostradevalencia.com\/ca\/wp-json\/wp\/v2\/posts"}],"about":[{"href":"https:\/\/lamostradevalencia.com\/ca\/wp-json\/wp\/v2\/types\/post"}],"author":[{"embeddable":true,"href":"https:\/\/lamostradevalencia.com\/ca\/wp-json\/wp\/v2\/users\/1"}],"replies":[{"embeddable":true,"href":"https:\/\/lamostradevalencia.com\/ca\/wp-json\/wp\/v2\/comments?post=23057"}],"version-history":[{"count":1,"href":"https:\/\/lamostradevalencia.com\/ca\/wp-json\/wp\/v2\/posts\/23057\/revisions"}],"predecessor-version":[{"id":23058,"href":"https:\/\/lamostradevalencia.com\/ca\/wp-json\/wp\/v2\/posts\/23057\/revisions\/23058"}],"wp:featuredmedia":[{"embeddable":true,"href":"https:\/\/lamostradevalencia.com\/ca\/wp-json\/wp\/v2\/media\/23047"}],"wp:attachment":[{"href":"https:\/\/lamostradevalencia.com\/ca\/wp-json\/wp\/v2\/media?parent=23057"}],"wp:term":[{"taxonomy":"category","embeddable":true,"href":"https:\/\/lamostradevalencia.com\/ca\/wp-json\/wp\/v2\/categories?post=23057"},{"taxonomy":"post_tag","embeddable":true,"href":"https:\/\/lamostradevalencia.com\/ca\/wp-json\/wp\/v2\/tags?post=23057"}],"curies":[{"name":"wp","href":"https:\/\/api.w.org\/{rel}","templated":true}]}}