{"id":23036,"date":"2024-07-25T11:00:49","date_gmt":"2024-07-25T09:00:49","guid":{"rendered":"https:\/\/lamostradevalencia.com\/?p=23036"},"modified":"2024-07-24T17:36:13","modified_gmt":"2024-07-24T15:36:13","slug":"quatre-projectes-valencians-buscaran-suport-internacional-en-el-forum-de-coproduccio-de-la-mostra","status":"publish","type":"post","link":"https:\/\/lamostradevalencia.com\/ca\/quatre-projectes-valencians-buscaran-suport-internacional-en-el-forum-de-coproduccio-de-la-mostra\/","title":{"rendered":"Quatre projectes valencians buscaran suport internacional en el f\u00f2rum de coproducci\u00f3 de la Mostra"},"content":{"rendered":"<h5><span style=\"font-weight: 400;\">Tamb\u00e9 participaran propostes procedents de Tun\u00edsia, Egipte, L\u00edban, Eslov\u00e8nia i S\u00e8rbia<\/span><\/h5>\n<p><strong>Val\u00e8ncia Film Afers, el F\u00f2rum de Coproducci\u00f3 Internacional de Mostra de Val\u00e8ncia<\/strong>, ha donat a con\u00e9ixer els projectes seleccionats per a participar en la seua tercera edici\u00f3, <strong>que es realitzar\u00e0 en el marc del festival els dies 29 i 30 d&#8217;octubre al Palau de la M\u00fasica.<\/strong><\/p>\n<p>Cinc projectes de ficci\u00f3 i cinc documentals procedents de pa\u00efsos de la conca mediterr\u00e0nia com ara Espanya, Eslov\u00e8nia, Tun\u00edsia, Egipte i L\u00edban han sigut triats perqu\u00e8 les persones a c\u00e0rrec de la direcci\u00f3 i la producci\u00f3 visiten Val\u00e8ncia i puguen participar en diferents sessions de pitching i trobades one-to-one amb professionals de reconegut prestigi internacional, a fi d&#8217;establir lla\u00e7os que els permeten completar el seu finan\u00e7ament i viabilitat. Les propostes seleccionades, en les quals s&#8217;aborden diferents tem\u00e0tiques socials, van des del drama a la com\u00e8dia passant pel fals documental o el cine negre.<\/p>\n<p><strong>Destaca la pres\u00e8ncia de quatre projectes de productores establides a Val\u00e8ncia: \u2018Madame Consuelo\u2019, dirigida per Alexander Lemus Gadea i produ\u00efda per Silvia Rey Canudo<\/strong>, un documental en qu\u00e8 el director rescata i reconstru\u00efx, a trav\u00e9s del teatre i de la com\u00e8dia, i amb l&#8217;ajuda de les dones de la fam\u00edlia, la vida de la seua \u00e0via, Madame Consuelo, que va ser propiet\u00e0ria de tres bordells a Val\u00e8ncia durant tres d\u00e8cades; <strong>\u2018Im\u00e1genes de Caracas\u2019, dirigida per Lorena Cervera i produ\u00efda per Giovanna Ribes<\/strong>, un documental que busca donar valor, protegir, preservar i recuperar el llegat de Franca Donda, fot\u00f2grafa i cineasta italiana, que va prendre milers de fotografies de dones a Am\u00e8rica Llatina i va rodar pel\u00b7l\u00edcules sobre les lluites di\u00e0ries de les persones que vivien en barris i zones rurals pobres de Vene\u00e7uela;<strong> \u2018El color verde\u2019, debut en l&#8217;\u00e0mbit de la ficci\u00f3 de Paloma Zapata (autora del premiat documental \u2018La Singla\u2019)<\/strong>, una pel\u00b7l\u00edcula intimista, a cavall entre el cine social i el drama, que explora les complexes relacions humanes entre els personatges principals; i <strong>\u2018La dona invisible\u2019, dirigida per Miguel Llorens i produ\u00efda per Lorena Torres<\/strong>, un film hereu del cine negre que narra la hist\u00f2ria de retrobament amb si mateixa d&#8217;una dona, netejadora i immigrant, de seixanta anys, despr\u00e9s de trobar un cad\u00e0ver en els banys que neteja.<\/p>\n<p>Entre les propostes internacionals abunden les den\u00fancies socials firmades per dones: La tunisiana <strong>\u2018Le Malentendu\u2019<\/strong>, produ\u00efda per Ibtissem Labidi i dirigida per Sarra Abidi, \u00e9s una ficci\u00f3 inspirada en la vida real que denuncia la marginaci\u00f3 de les minories i dona veu als qui no la tenen; <strong>\u2018Restoration\u2019<\/strong>, de l&#8217;eg\u00edpcia Amira Mortada, explora les conservadores tradicions familiars, l&#8217;ablaci\u00f3 i la relaci\u00f3 amb el cos d&#8217;una dona que, complits els 40 anys, s&#8217;enfronta a les seues pors i tab\u00fas; i \u2018<strong>Running with Beasts\u2019<\/strong>, dirigida per Leila Basma i produ\u00efda per Natalia Pavlove, \u00e9s el retrat de la joventut libanesa, una hist\u00f2ria sobre l&#8217;anhel hum\u00e0 universal de sobreviure i l&#8217;ardent desig d&#8217;aconseguir els somnis en un pa\u00eds en crisi.<br \/>\nDiversitat de mirades i especialistes de renom<\/p>\n<p>El fals documental arriba de la m\u00e0 d\u2019<strong>\u2018End of gravity\u2019<\/strong>, una proposta del director eslov\u00e9 Igor Zupe, produ\u00efda per Zoran D\u017eeverdanovi\u0107, que indaga sobre la causa i els motius del sacrifici personal per un objectiu superior a trav\u00e9s de la hist\u00f2ria d&#8217;un home que t\u00e9 la intenci\u00f3 d&#8217;acabar la seua vida en l&#8217;espai, amb el prop\u00f2sit de portar la cultura i l&#8217;art, no les armes i la guerra, al lloc que inevitablement ser\u00e0 habitat per les generacions futures; la s\u00e8rbia<strong> \u2018Termites Have Wings of Approximately Same Length\u2019<\/strong>, dirigida per Svetislav Dragomirovic i produ\u00efda per Nevena Savic, que relata la relaci\u00f3 d&#8217;una parella en crisi que ha d&#8217;eixir de la seua casa infestada de t\u00e8rmits; i \u2018<strong>The Day of Wrath: Tales from Tripoli\u2019<\/strong>, \u00a0de la directora libanesa Rania Rafei i produ\u00efda per Jinane Dagher, una mescla de ficci\u00f3 i documental que reflexiona sobre els canvis de la ciutat i dels seus habitants a trav\u00e9s de cinc moments hist\u00f2rics diferents.<\/p>\n<p>Tamb\u00e9 s\u2019ha confirmat l\u2019assist\u00e8ncia de productors i productores a la recerca de projectes: des de Su\u00efssa arriba <strong>Flavia Zanon <\/strong>(productora de les \u00faltimes pel\u00b7l\u00edcules de Philippe Garrel, entre altres); des de Turquia, <strong>Enes Erbay<\/strong> (que ja va participar en la producci\u00f3 de la premiada \u2018Esp\u00edritu sagrado\u2019, de Chema Garc\u00eda Ibarra) i <strong>Kamen Velkovsky<\/strong>, que ha participat en produccions com \u2018El sacrificio de un ciervo sagrado\u2019, de Yorgos Lanthimos o \u2018Jimmy P\u2019, d\u2019Arnaud Desplechin. A m\u00e9s, tamb\u00e9 visitar\u00e0 Val\u00e8ncia <strong>Khalil Benkirane<\/strong>, del Doha Film Institute de Qatar; el saudita <strong>Faisal Balytuor<\/strong> (responsable de projectes com \u2018La candidata perfecta\u2019, \u2018Within Sand (2022) i \u2018Slave\u2019 (2022); i l&#8217;alemanya <strong>Jamila Wenske<\/strong>, que t\u00e9 en el seu curr\u00edculum pel\u00b7l\u00edcules com \u2018La cinta blanca\u2019, de Michael Haneke.<\/p>\n<p>La tercera edici\u00f3 de Val\u00e8ncia Film Afers consolida el f\u00f2rum de coproducci\u00f3 de Mostra de Val\u00e8ncia com una de les cites internacionals m\u00e9s importants del sector, i ha comen\u00e7at a donar fruits palpables, com la pel\u00b7l\u00edcula portuguesa \u2018A Savanah e a Montanha\u2019, que va participar en la trobada valenciana en 2022 i ha sigut estrenada enguany en la prestigiosa Quinzaine des Realisateurs del Festival de Cannes, posant de manifest el nivell dels projectes seleccionats cada temporada.<\/p>\n","protected":false},"excerpt":{"rendered":"<p>Tamb\u00e9 participaran propostes procedents de Tun\u00edsia, Egipte, L\u00edban, Eslov\u00e8nia i S\u00e8rbia Val\u00e8ncia Film Afers, el F\u00f2rum de Coproducci\u00f3 Internacional de Mostra de Val\u00e8ncia, ha donat [&hellip;]<\/p>\n","protected":false},"author":1,"featured_media":23029,"comment_status":"open","ping_status":"open","sticky":false,"template":"","format":"standard","meta":{"_uag_custom_page_level_css":"","_jet_sm_ready_style":"","_jet_sm_style":"","_jet_sm_controls_values":"","_jet_sm_fonts_collection":"","_jet_sm_fonts_links":"","footnotes":""},"categories":[455],"tags":[],"class_list":["post-23036","post","type-post","status-publish","format-standard","has-post-thumbnail","hentry","category-noticies"],"yoast_head":"<!-- This site is optimized with the Yoast SEO plugin v27.5 - https:\/\/yoast.com\/product\/yoast-seo-wordpress\/ -->\n<title>Quatre projectes valencians buscaran suport internacional en el f\u00f2rum de coproducci\u00f3 de la Mostra - Mostra de Val\u00e8ncia<\/title>\n<meta name=\"robots\" content=\"index, follow, max-snippet:-1, max-image-preview:large, max-video-preview:-1\" \/>\n<link rel=\"canonical\" href=\"https:\/\/lamostradevalencia.com\/ca\/quatre-projectes-valencians-buscaran-suport-internacional-en-el-forum-de-coproduccio-de-la-mostra\/\" \/>\n<meta property=\"og:locale\" content=\"ca_ES\" \/>\n<meta property=\"og:type\" content=\"article\" \/>\n<meta property=\"og:title\" content=\"Quatre projectes valencians buscaran suport internacional en el f\u00f2rum de coproducci\u00f3 de la Mostra - Mostra de Val\u00e8ncia\" \/>\n<meta property=\"og:description\" content=\"Tamb\u00e9 participaran propostes procedents de Tun\u00edsia, Egipte, L\u00edban, Eslov\u00e8nia i S\u00e8rbia Val\u00e8ncia Film Afers, el F\u00f2rum de Coproducci\u00f3 Internacional de Mostra de Val\u00e8ncia, ha donat [&hellip;]\" \/>\n<meta property=\"og:url\" content=\"https:\/\/lamostradevalencia.com\/ca\/quatre-projectes-valencians-buscaran-suport-internacional-en-el-forum-de-coproduccio-de-la-mostra\/\" \/>\n<meta property=\"og:site_name\" content=\"Mostra de Val\u00e8ncia\" \/>\n<meta property=\"article:published_time\" content=\"2024-07-25T09:00:49+00:00\" \/>\n<meta property=\"og:image\" content=\"https:\/\/lamostradevalencia.com\/wp-content\/uploads\/2024\/07\/vfa-anuncio-2024.jpg\" \/>\n\t<meta property=\"og:image:width\" content=\"1500\" \/>\n\t<meta property=\"og:image:height\" content=\"1000\" \/>\n\t<meta property=\"og:image:type\" content=\"image\/jpeg\" \/>\n<meta name=\"author\" content=\"Mostra de Val\u00e8ncia\" \/>\n<meta name=\"twitter:card\" content=\"summary_large_image\" \/>\n<meta name=\"twitter:label1\" content=\"Escrit per\" \/>\n\t<meta name=\"twitter:data1\" content=\"Mostra de Val\u00e8ncia\" \/>\n\t<meta name=\"twitter:label2\" content=\"Temps estimat de lectura\" \/>\n\t<meta name=\"twitter:data2\" content=\"5 minuts\" \/>\n<script type=\"application\/ld+json\" class=\"yoast-schema-graph\">{\"@context\":\"https:\\\/\\\/schema.org\",\"@graph\":[{\"@type\":\"Article\",\"@id\":\"https:\\\/\\\/lamostradevalencia.com\\\/ca\\\/quatre-projectes-valencians-buscaran-suport-internacional-en-el-forum-de-coproduccio-de-la-mostra\\\/#article\",\"isPartOf\":{\"@id\":\"https:\\\/\\\/lamostradevalencia.com\\\/ca\\\/quatre-projectes-valencians-buscaran-suport-internacional-en-el-forum-de-coproduccio-de-la-mostra\\\/\"},\"author\":{\"name\":\"Mostra de Val\u00e8ncia\",\"@id\":\"https:\\\/\\\/lamostradevalencia.com\\\/ca\\\/#\\\/schema\\\/person\\\/1dc07e4df3d6310b81d2cdf6a034070c\"},\"headline\":\"Quatre projectes valencians buscaran suport internacional en el f\u00f2rum de coproducci\u00f3 de la Mostra\",\"datePublished\":\"2024-07-25T09:00:49+00:00\",\"mainEntityOfPage\":{\"@id\":\"https:\\\/\\\/lamostradevalencia.com\\\/ca\\\/quatre-projectes-valencians-buscaran-suport-internacional-en-el-forum-de-coproduccio-de-la-mostra\\\/\"},\"wordCount\":961,\"commentCount\":0,\"image\":{\"@id\":\"https:\\\/\\\/lamostradevalencia.com\\\/ca\\\/quatre-projectes-valencians-buscaran-suport-internacional-en-el-forum-de-coproduccio-de-la-mostra\\\/#primaryimage\"},\"thumbnailUrl\":\"https:\\\/\\\/lamostradevalencia.com\\\/wp-content\\\/uploads\\\/2024\\\/07\\\/vfa-anuncio-2024.jpg\",\"articleSection\":[\"Noticies\"],\"inLanguage\":\"ca\",\"potentialAction\":[{\"@type\":\"CommentAction\",\"name\":\"Comment\",\"target\":[\"https:\\\/\\\/lamostradevalencia.com\\\/ca\\\/quatre-projectes-valencians-buscaran-suport-internacional-en-el-forum-de-coproduccio-de-la-mostra\\\/#respond\"]}]},{\"@type\":\"WebPage\",\"@id\":\"https:\\\/\\\/lamostradevalencia.com\\\/ca\\\/quatre-projectes-valencians-buscaran-suport-internacional-en-el-forum-de-coproduccio-de-la-mostra\\\/\",\"url\":\"https:\\\/\\\/lamostradevalencia.com\\\/ca\\\/quatre-projectes-valencians-buscaran-suport-internacional-en-el-forum-de-coproduccio-de-la-mostra\\\/\",\"name\":\"Quatre projectes valencians buscaran suport internacional en el f\u00f2rum de coproducci\u00f3 de la Mostra - Mostra de Val\u00e8ncia\",\"isPartOf\":{\"@id\":\"https:\\\/\\\/lamostradevalencia.com\\\/ca\\\/#website\"},\"primaryImageOfPage\":{\"@id\":\"https:\\\/\\\/lamostradevalencia.com\\\/ca\\\/quatre-projectes-valencians-buscaran-suport-internacional-en-el-forum-de-coproduccio-de-la-mostra\\\/#primaryimage\"},\"image\":{\"@id\":\"https:\\\/\\\/lamostradevalencia.com\\\/ca\\\/quatre-projectes-valencians-buscaran-suport-internacional-en-el-forum-de-coproduccio-de-la-mostra\\\/#primaryimage\"},\"thumbnailUrl\":\"https:\\\/\\\/lamostradevalencia.com\\\/wp-content\\\/uploads\\\/2024\\\/07\\\/vfa-anuncio-2024.jpg\",\"datePublished\":\"2024-07-25T09:00:49+00:00\",\"author\":{\"@id\":\"https:\\\/\\\/lamostradevalencia.com\\\/ca\\\/#\\\/schema\\\/person\\\/1dc07e4df3d6310b81d2cdf6a034070c\"},\"breadcrumb\":{\"@id\":\"https:\\\/\\\/lamostradevalencia.com\\\/ca\\\/quatre-projectes-valencians-buscaran-suport-internacional-en-el-forum-de-coproduccio-de-la-mostra\\\/#breadcrumb\"},\"inLanguage\":\"ca\",\"potentialAction\":[{\"@type\":\"ReadAction\",\"target\":[\"https:\\\/\\\/lamostradevalencia.com\\\/ca\\\/quatre-projectes-valencians-buscaran-suport-internacional-en-el-forum-de-coproduccio-de-la-mostra\\\/\"]}]},{\"@type\":\"ImageObject\",\"inLanguage\":\"ca\",\"@id\":\"https:\\\/\\\/lamostradevalencia.com\\\/ca\\\/quatre-projectes-valencians-buscaran-suport-internacional-en-el-forum-de-coproduccio-de-la-mostra\\\/#primaryimage\",\"url\":\"https:\\\/\\\/lamostradevalencia.com\\\/wp-content\\\/uploads\\\/2024\\\/07\\\/vfa-anuncio-2024.jpg\",\"contentUrl\":\"https:\\\/\\\/lamostradevalencia.com\\\/wp-content\\\/uploads\\\/2024\\\/07\\\/vfa-anuncio-2024.jpg\",\"width\":1500,\"height\":1000},{\"@type\":\"BreadcrumbList\",\"@id\":\"https:\\\/\\\/lamostradevalencia.com\\\/ca\\\/quatre-projectes-valencians-buscaran-suport-internacional-en-el-forum-de-coproduccio-de-la-mostra\\\/#breadcrumb\",\"itemListElement\":[{\"@type\":\"ListItem\",\"position\":1,\"name\":\"Portada\",\"item\":\"https:\\\/\\\/lamostradevalencia.com\\\/ca\\\/\"},{\"@type\":\"ListItem\",\"position\":2,\"name\":\"Quatre projectes valencians buscaran suport internacional en el f\u00f2rum de coproducci\u00f3 de la Mostra\"}]},{\"@type\":\"WebSite\",\"@id\":\"https:\\\/\\\/lamostradevalencia.com\\\/ca\\\/#website\",\"url\":\"https:\\\/\\\/lamostradevalencia.com\\\/ca\\\/\",\"name\":\"Mostra de Val\u00e8ncia\",\"description\":\"Cinema del Mediterrani\",\"potentialAction\":[{\"@type\":\"SearchAction\",\"target\":{\"@type\":\"EntryPoint\",\"urlTemplate\":\"https:\\\/\\\/lamostradevalencia.com\\\/ca\\\/?s={search_term_string}\"},\"query-input\":{\"@type\":\"PropertyValueSpecification\",\"valueRequired\":true,\"valueName\":\"search_term_string\"}}],\"inLanguage\":\"ca\"},{\"@type\":\"Person\",\"@id\":\"https:\\\/\\\/lamostradevalencia.com\\\/ca\\\/#\\\/schema\\\/person\\\/1dc07e4df3d6310b81d2cdf6a034070c\",\"name\":\"Mostra de Val\u00e8ncia\",\"image\":{\"@type\":\"ImageObject\",\"inLanguage\":\"ca\",\"@id\":\"https:\\\/\\\/secure.gravatar.com\\\/avatar\\\/ada4dfd699a9907706987adb1bb2b361c2613ccca474b49b8c648de5208e32f8?s=96&d=mm&r=g\",\"url\":\"https:\\\/\\\/secure.gravatar.com\\\/avatar\\\/ada4dfd699a9907706987adb1bb2b361c2613ccca474b49b8c648de5208e32f8?s=96&d=mm&r=g\",\"contentUrl\":\"https:\\\/\\\/secure.gravatar.com\\\/avatar\\\/ada4dfd699a9907706987adb1bb2b361c2613ccca474b49b8c648de5208e32f8?s=96&d=mm&r=g\",\"caption\":\"Mostra de Val\u00e8ncia\"}}]}<\/script>\n<!-- \/ Yoast SEO plugin. -->","yoast_head_json":{"title":"Quatre projectes valencians buscaran suport internacional en el f\u00f2rum de coproducci\u00f3 de la Mostra - Mostra de Val\u00e8ncia","robots":{"index":"index","follow":"follow","max-snippet":"max-snippet:-1","max-image-preview":"max-image-preview:large","max-video-preview":"max-video-preview:-1"},"canonical":"https:\/\/lamostradevalencia.com\/ca\/quatre-projectes-valencians-buscaran-suport-internacional-en-el-forum-de-coproduccio-de-la-mostra\/","og_locale":"ca_ES","og_type":"article","og_title":"Quatre projectes valencians buscaran suport internacional en el f\u00f2rum de coproducci\u00f3 de la Mostra - Mostra de Val\u00e8ncia","og_description":"Tamb\u00e9 participaran propostes procedents de Tun\u00edsia, Egipte, L\u00edban, Eslov\u00e8nia i S\u00e8rbia Val\u00e8ncia Film Afers, el F\u00f2rum de Coproducci\u00f3 Internacional de Mostra de Val\u00e8ncia, ha donat [&hellip;]","og_url":"https:\/\/lamostradevalencia.com\/ca\/quatre-projectes-valencians-buscaran-suport-internacional-en-el-forum-de-coproduccio-de-la-mostra\/","og_site_name":"Mostra de Val\u00e8ncia","article_published_time":"2024-07-25T09:00:49+00:00","og_image":[{"width":1500,"height":1000,"url":"https:\/\/lamostradevalencia.com\/wp-content\/uploads\/2024\/07\/vfa-anuncio-2024.jpg","type":"image\/jpeg"}],"author":"Mostra de Val\u00e8ncia","twitter_card":"summary_large_image","twitter_misc":{"Escrit per":"Mostra de Val\u00e8ncia","Temps estimat de lectura":"5 minuts"},"schema":{"@context":"https:\/\/schema.org","@graph":[{"@type":"Article","@id":"https:\/\/lamostradevalencia.com\/ca\/quatre-projectes-valencians-buscaran-suport-internacional-en-el-forum-de-coproduccio-de-la-mostra\/#article","isPartOf":{"@id":"https:\/\/lamostradevalencia.com\/ca\/quatre-projectes-valencians-buscaran-suport-internacional-en-el-forum-de-coproduccio-de-la-mostra\/"},"author":{"name":"Mostra de Val\u00e8ncia","@id":"https:\/\/lamostradevalencia.com\/ca\/#\/schema\/person\/1dc07e4df3d6310b81d2cdf6a034070c"},"headline":"Quatre projectes valencians buscaran suport internacional en el f\u00f2rum de coproducci\u00f3 de la Mostra","datePublished":"2024-07-25T09:00:49+00:00","mainEntityOfPage":{"@id":"https:\/\/lamostradevalencia.com\/ca\/quatre-projectes-valencians-buscaran-suport-internacional-en-el-forum-de-coproduccio-de-la-mostra\/"},"wordCount":961,"commentCount":0,"image":{"@id":"https:\/\/lamostradevalencia.com\/ca\/quatre-projectes-valencians-buscaran-suport-internacional-en-el-forum-de-coproduccio-de-la-mostra\/#primaryimage"},"thumbnailUrl":"https:\/\/lamostradevalencia.com\/wp-content\/uploads\/2024\/07\/vfa-anuncio-2024.jpg","articleSection":["Noticies"],"inLanguage":"ca","potentialAction":[{"@type":"CommentAction","name":"Comment","target":["https:\/\/lamostradevalencia.com\/ca\/quatre-projectes-valencians-buscaran-suport-internacional-en-el-forum-de-coproduccio-de-la-mostra\/#respond"]}]},{"@type":"WebPage","@id":"https:\/\/lamostradevalencia.com\/ca\/quatre-projectes-valencians-buscaran-suport-internacional-en-el-forum-de-coproduccio-de-la-mostra\/","url":"https:\/\/lamostradevalencia.com\/ca\/quatre-projectes-valencians-buscaran-suport-internacional-en-el-forum-de-coproduccio-de-la-mostra\/","name":"Quatre projectes valencians buscaran suport internacional en el f\u00f2rum de coproducci\u00f3 de la Mostra - Mostra de Val\u00e8ncia","isPartOf":{"@id":"https:\/\/lamostradevalencia.com\/ca\/#website"},"primaryImageOfPage":{"@id":"https:\/\/lamostradevalencia.com\/ca\/quatre-projectes-valencians-buscaran-suport-internacional-en-el-forum-de-coproduccio-de-la-mostra\/#primaryimage"},"image":{"@id":"https:\/\/lamostradevalencia.com\/ca\/quatre-projectes-valencians-buscaran-suport-internacional-en-el-forum-de-coproduccio-de-la-mostra\/#primaryimage"},"thumbnailUrl":"https:\/\/lamostradevalencia.com\/wp-content\/uploads\/2024\/07\/vfa-anuncio-2024.jpg","datePublished":"2024-07-25T09:00:49+00:00","author":{"@id":"https:\/\/lamostradevalencia.com\/ca\/#\/schema\/person\/1dc07e4df3d6310b81d2cdf6a034070c"},"breadcrumb":{"@id":"https:\/\/lamostradevalencia.com\/ca\/quatre-projectes-valencians-buscaran-suport-internacional-en-el-forum-de-coproduccio-de-la-mostra\/#breadcrumb"},"inLanguage":"ca","potentialAction":[{"@type":"ReadAction","target":["https:\/\/lamostradevalencia.com\/ca\/quatre-projectes-valencians-buscaran-suport-internacional-en-el-forum-de-coproduccio-de-la-mostra\/"]}]},{"@type":"ImageObject","inLanguage":"ca","@id":"https:\/\/lamostradevalencia.com\/ca\/quatre-projectes-valencians-buscaran-suport-internacional-en-el-forum-de-coproduccio-de-la-mostra\/#primaryimage","url":"https:\/\/lamostradevalencia.com\/wp-content\/uploads\/2024\/07\/vfa-anuncio-2024.jpg","contentUrl":"https:\/\/lamostradevalencia.com\/wp-content\/uploads\/2024\/07\/vfa-anuncio-2024.jpg","width":1500,"height":1000},{"@type":"BreadcrumbList","@id":"https:\/\/lamostradevalencia.com\/ca\/quatre-projectes-valencians-buscaran-suport-internacional-en-el-forum-de-coproduccio-de-la-mostra\/#breadcrumb","itemListElement":[{"@type":"ListItem","position":1,"name":"Portada","item":"https:\/\/lamostradevalencia.com\/ca\/"},{"@type":"ListItem","position":2,"name":"Quatre projectes valencians buscaran suport internacional en el f\u00f2rum de coproducci\u00f3 de la Mostra"}]},{"@type":"WebSite","@id":"https:\/\/lamostradevalencia.com\/ca\/#website","url":"https:\/\/lamostradevalencia.com\/ca\/","name":"Mostra de Val\u00e8ncia","description":"Cinema del Mediterrani","potentialAction":[{"@type":"SearchAction","target":{"@type":"EntryPoint","urlTemplate":"https:\/\/lamostradevalencia.com\/ca\/?s={search_term_string}"},"query-input":{"@type":"PropertyValueSpecification","valueRequired":true,"valueName":"search_term_string"}}],"inLanguage":"ca"},{"@type":"Person","@id":"https:\/\/lamostradevalencia.com\/ca\/#\/schema\/person\/1dc07e4df3d6310b81d2cdf6a034070c","name":"Mostra de Val\u00e8ncia","image":{"@type":"ImageObject","inLanguage":"ca","@id":"https:\/\/secure.gravatar.com\/avatar\/ada4dfd699a9907706987adb1bb2b361c2613ccca474b49b8c648de5208e32f8?s=96&d=mm&r=g","url":"https:\/\/secure.gravatar.com\/avatar\/ada4dfd699a9907706987adb1bb2b361c2613ccca474b49b8c648de5208e32f8?s=96&d=mm&r=g","contentUrl":"https:\/\/secure.gravatar.com\/avatar\/ada4dfd699a9907706987adb1bb2b361c2613ccca474b49b8c648de5208e32f8?s=96&d=mm&r=g","caption":"Mostra de Val\u00e8ncia"}}]}},"uagb_featured_image_src":{"full":["https:\/\/lamostradevalencia.com\/wp-content\/uploads\/2024\/07\/vfa-anuncio-2024.jpg",1500,1000,false],"thumbnail":["https:\/\/lamostradevalencia.com\/wp-content\/uploads\/2024\/07\/vfa-anuncio-2024-150x150.jpg",150,150,true],"medium":["https:\/\/lamostradevalencia.com\/wp-content\/uploads\/2024\/07\/vfa-anuncio-2024-300x200.jpg",300,200,true],"medium_large":["https:\/\/lamostradevalencia.com\/wp-content\/uploads\/2024\/07\/vfa-anuncio-2024-768x512.jpg",768,512,true],"large":["https:\/\/lamostradevalencia.com\/wp-content\/uploads\/2024\/07\/vfa-anuncio-2024-1024x683.jpg",1024,683,true],"1536x1536":["https:\/\/lamostradevalencia.com\/wp-content\/uploads\/2024\/07\/vfa-anuncio-2024.jpg",1500,1000,false],"2048x2048":["https:\/\/lamostradevalencia.com\/wp-content\/uploads\/2024\/07\/vfa-anuncio-2024.jpg",1500,1000,false],"cinerama_edge_image_square":["https:\/\/lamostradevalencia.com\/wp-content\/uploads\/2024\/07\/vfa-anuncio-2024-550x550.jpg",550,550,true],"cinerama_edge_image_landscape":["https:\/\/lamostradevalencia.com\/wp-content\/uploads\/2024\/07\/vfa-anuncio-2024-1100x550.jpg",1100,550,true],"cinerama_edge_image_portrait":["https:\/\/lamostradevalencia.com\/wp-content\/uploads\/2024\/07\/vfa-anuncio-2024-550x1000.jpg",550,1000,true],"cinerama_edge_image_huge":["https:\/\/lamostradevalencia.com\/wp-content\/uploads\/2024\/07\/vfa-anuncio-2024-1100x1000.jpg",1100,1000,true],"gform-image-choice-sm":["https:\/\/lamostradevalencia.com\/wp-content\/uploads\/2024\/07\/vfa-anuncio-2024.jpg",300,200,false],"gform-image-choice-md":["https:\/\/lamostradevalencia.com\/wp-content\/uploads\/2024\/07\/vfa-anuncio-2024.jpg",400,267,false],"gform-image-choice-lg":["https:\/\/lamostradevalencia.com\/wp-content\/uploads\/2024\/07\/vfa-anuncio-2024.jpg",600,400,false]},"uagb_author_info":{"display_name":"Mostra de Val\u00e8ncia","author_link":"https:\/\/lamostradevalencia.com\/ca\/author\/mostravalencia\/"},"uagb_comment_info":0,"uagb_excerpt":"Tamb\u00e9 participaran propostes procedents de Tun\u00edsia, Egipte, L\u00edban, Eslov\u00e8nia i S\u00e8rbia Val\u00e8ncia Film Afers, el F\u00f2rum de Coproducci\u00f3 Internacional de Mostra de Val\u00e8ncia, ha donat [&hellip;]","_links":{"self":[{"href":"https:\/\/lamostradevalencia.com\/ca\/wp-json\/wp\/v2\/posts\/23036","targetHints":{"allow":["GET"]}}],"collection":[{"href":"https:\/\/lamostradevalencia.com\/ca\/wp-json\/wp\/v2\/posts"}],"about":[{"href":"https:\/\/lamostradevalencia.com\/ca\/wp-json\/wp\/v2\/types\/post"}],"author":[{"embeddable":true,"href":"https:\/\/lamostradevalencia.com\/ca\/wp-json\/wp\/v2\/users\/1"}],"replies":[{"embeddable":true,"href":"https:\/\/lamostradevalencia.com\/ca\/wp-json\/wp\/v2\/comments?post=23036"}],"version-history":[{"count":3,"href":"https:\/\/lamostradevalencia.com\/ca\/wp-json\/wp\/v2\/posts\/23036\/revisions"}],"predecessor-version":[{"id":23038,"href":"https:\/\/lamostradevalencia.com\/ca\/wp-json\/wp\/v2\/posts\/23036\/revisions\/23038"}],"wp:featuredmedia":[{"embeddable":true,"href":"https:\/\/lamostradevalencia.com\/ca\/wp-json\/wp\/v2\/media\/23029"}],"wp:attachment":[{"href":"https:\/\/lamostradevalencia.com\/ca\/wp-json\/wp\/v2\/media?parent=23036"}],"wp:term":[{"taxonomy":"category","embeddable":true,"href":"https:\/\/lamostradevalencia.com\/ca\/wp-json\/wp\/v2\/categories?post=23036"},{"taxonomy":"post_tag","embeddable":true,"href":"https:\/\/lamostradevalencia.com\/ca\/wp-json\/wp\/v2\/tags?post=23036"}],"curies":[{"name":"wp","href":"https:\/\/api.w.org\/{rel}","templated":true}]}}