{"id":23014,"date":"2024-07-19T11:34:09","date_gmt":"2024-07-19T09:34:09","guid":{"rendered":"https:\/\/lamostradevalencia.com\/?p=23014"},"modified":"2024-07-19T11:34:09","modified_gmt":"2024-07-19T09:34:09","slug":"el-color-i-la-llum-protagonitzen-la-imatge-de-mostra-de-valencia-2024","status":"publish","type":"post","link":"https:\/\/lamostradevalencia.com\/ca\/el-color-i-la-llum-protagonitzen-la-imatge-de-mostra-de-valencia-2024\/","title":{"rendered":"El color i la llum protagonitzen la imatge de Mostra de Val\u00e8ncia 2024"},"content":{"rendered":"<h5><strong>L&#8217;estudi Dos Punts ha sigut l&#8217;encarregat de dissenyar-la despr\u00e9s d&#8217;un concurs obert\u00a0<\/strong><\/h5>\n<p>Mostra de Val\u00e8ncia-Cinema del Mediterrani<strong>\u00a0ha presentat el cartell de la seua 39a edici\u00f3<\/strong>, que se celebra del 24 d&#8217;octubre al 3 de novembre de 2024. La imatge \u00e9s obra de<strong>\u00a0Dos Punts, estudi de disseny i comunicaci\u00f3 format per Anna Brullas i Neus Segu\u00ed, amb seu a Tarragona i a Val\u00e8ncia<\/strong>.<\/p>\n<p>Les seues autores van explicar que la imatge gr\u00e0fica d&#8217;esta edici\u00f3 pret\u00e9n reflectir que &#8220;el festival Mostra de Val\u00e8ncia posa el focus en la diversitat i la pluralitat cultural del Mediterrani&#8221;. Les dissenyadores van partir de la conceptualitzaci\u00f3 de la imatge inspirant-se en els diferents paisatges del Mediterrani, m\u00e9s enll\u00e0 dels que comunament es coneixen, i\u00a0<strong>&#8220;ens vam adonar del diferent que eren entre si. Davant d&#8217;esta diversitat de paisatges i realitats que envolten el Mediterrani, la imatge d&#8217;esta edici\u00f3 busca posar l&#8217;\u00e8mfasi en els punts en com\u00fa: la mar, l&#8217;horitz\u00f3, els colors i la llum&#8221;<\/strong>. Per a la campanya de promoci\u00f3 d&#8217;esta edici\u00f3, Anna Brullas i Neus Segu\u00ed van decidir &#8220;ampliar la mirada, allunyar-nos i contemplar el paisatge d&#8217;una forma m\u00e9s completa i alhora sint\u00e8tica. Evocar al Mediterrani i al cine sense representar res figuratiu, amb un joc de transpar\u00e8ncies, superposicions, moviment, so, llum i color.&#8221;<\/p>\n<p>L&#8217;acte, que suposa el tret d&#8217;eixida de l&#8217;edici\u00f3 d&#8217;enguany, es va celebrar en el Llit del T\u00faria-Cultural Bar i va ser presentat per Rosa Roig, directora t\u00e8cnica de la Mostra, i Eduardo Guillot, director art\u00edstic del festival. Entre els assistents, va destacar la pres\u00e8ncia de Jos\u00e9 Luis Moreno, regidor de Cultura de l&#8217;Ajuntament de Val\u00e8ncia; Mar\u00eda Fuster, directora adjunta d&#8217;Audiovisuals i Cinematografia; Gloria Tello, regidora de Comprom\u00eds; i Maite Ib\u00e1\u00f1ez, regidora del PSPV-PSOE, aix\u00ed com d&#8217;una \u00e0mplia representaci\u00f3 de la cultura i l&#8217;audiovisual valenci\u00e0, que no van voler perdre&#8217;s la ja tradicional trobada informal en qu\u00e8 es revela la imatge del festival.<\/p>\n<p><strong>L&#8217;estudi Dos Punts va ser triat per un procediment de crida a projecte, una convocat\u00f2ria que enguany ha tingut una \u00e0mplia resposta, ja que es van rebre 77 inscripcions de professionals del disseny de tot l&#8217;Estat<\/strong>. La convocat\u00f2ria va tornar a comptar amb el suport de l&#8217;Associaci\u00f3 de Dissenyadors de la Comunitat Valenciana (ADCV), de l&#8217;Associaci\u00f3 de Professionals de la Il\u00b7lustraci\u00f3 Valenciana (APIV) i de l&#8217;Associaci\u00f3 d&#8217;Empreses de Comunicaci\u00f3 Publicit\u00e0ria de la Comunitat Valenciana (COMUNITAD), els representants de la qual van participar tamb\u00e9 en el proc\u00e9s de selecci\u00f3.<\/p>\n<p>Entre els principals treballs de l&#8217;estudi encarregat de posar-li imatge a esta edici\u00f3 de la Mostra destaquen, entre altres, campanyes com el &#8220;Pla d&#8217;*Acolliment Residencial&#8221;, per al Consell Insular de Mallorca; &#8220;Ara t&#8217;escolto&#8221;, per l&#8217;Ajuntament de Tarragona, o ElM\u00e1sterEs&#8230;, per al M\u00e0ster en Disseny i Il\u00b7lustraci\u00f3 de la UPV.<\/p>\n","protected":false},"excerpt":{"rendered":"<p>L&#8217;estudi Dos Punts ha sigut l&#8217;encarregat de dissenyar-la despr\u00e9s d&#8217;un concurs obert\u00a0 Mostra de Val\u00e8ncia-Cinema del Mediterrani\u00a0ha presentat el cartell de la seua 39a edici\u00f3, [&hellip;]<\/p>\n","protected":false},"author":1,"featured_media":23010,"comment_status":"open","ping_status":"open","sticky":false,"template":"","format":"standard","meta":{"_uag_custom_page_level_css":"","_jet_sm_ready_style":"","_jet_sm_style":"","_jet_sm_controls_values":"","_jet_sm_fonts_collection":"","_jet_sm_fonts_links":"","footnotes":""},"categories":[455],"tags":[],"class_list":["post-23014","post","type-post","status-publish","format-standard","has-post-thumbnail","hentry","category-noticies"],"yoast_head":"<!-- This site is optimized with the Yoast SEO plugin v27.5 - https:\/\/yoast.com\/product\/yoast-seo-wordpress\/ -->\n<title>El color i la llum protagonitzen la imatge de Mostra de Val\u00e8ncia 2024 - Mostra de Val\u00e8ncia<\/title>\n<meta name=\"robots\" content=\"index, follow, max-snippet:-1, max-image-preview:large, max-video-preview:-1\" \/>\n<link rel=\"canonical\" href=\"https:\/\/lamostradevalencia.com\/ca\/el-color-i-la-llum-protagonitzen-la-imatge-de-mostra-de-valencia-2024\/\" \/>\n<meta property=\"og:locale\" content=\"ca_ES\" \/>\n<meta property=\"og:type\" content=\"article\" \/>\n<meta property=\"og:title\" content=\"El color i la llum protagonitzen la imatge de Mostra de Val\u00e8ncia 2024 - Mostra de Val\u00e8ncia\" \/>\n<meta property=\"og:description\" content=\"L&#8217;estudi Dos Punts ha sigut l&#8217;encarregat de dissenyar-la despr\u00e9s d&#8217;un concurs obert\u00a0 Mostra de Val\u00e8ncia-Cinema del Mediterrani\u00a0ha presentat el cartell de la seua 39a edici\u00f3, [&hellip;]\" \/>\n<meta property=\"og:url\" content=\"https:\/\/lamostradevalencia.com\/ca\/el-color-i-la-llum-protagonitzen-la-imatge-de-mostra-de-valencia-2024\/\" \/>\n<meta property=\"og:site_name\" content=\"Mostra de Val\u00e8ncia\" \/>\n<meta property=\"article:published_time\" content=\"2024-07-19T09:34:09+00:00\" \/>\n<meta property=\"og:image\" content=\"https:\/\/lamostradevalencia.com\/wp-content\/uploads\/2024\/07\/MostraValencia_3posters.jpg\" \/>\n\t<meta property=\"og:image:width\" content=\"1329\" \/>\n\t<meta property=\"og:image:height\" content=\"748\" \/>\n\t<meta property=\"og:image:type\" content=\"image\/jpeg\" \/>\n<meta name=\"author\" content=\"Mostra de Val\u00e8ncia\" \/>\n<meta name=\"twitter:card\" content=\"summary_large_image\" \/>\n<meta name=\"twitter:label1\" content=\"Escrit per\" \/>\n\t<meta name=\"twitter:data1\" content=\"Mostra de Val\u00e8ncia\" \/>\n\t<meta name=\"twitter:label2\" content=\"Temps estimat de lectura\" \/>\n\t<meta name=\"twitter:data2\" content=\"3 minuts\" \/>\n<script type=\"application\/ld+json\" class=\"yoast-schema-graph\">{\"@context\":\"https:\\\/\\\/schema.org\",\"@graph\":[{\"@type\":\"Article\",\"@id\":\"https:\\\/\\\/lamostradevalencia.com\\\/ca\\\/el-color-i-la-llum-protagonitzen-la-imatge-de-mostra-de-valencia-2024\\\/#article\",\"isPartOf\":{\"@id\":\"https:\\\/\\\/lamostradevalencia.com\\\/ca\\\/el-color-i-la-llum-protagonitzen-la-imatge-de-mostra-de-valencia-2024\\\/\"},\"author\":{\"name\":\"Mostra de Val\u00e8ncia\",\"@id\":\"https:\\\/\\\/lamostradevalencia.com\\\/ca\\\/#\\\/schema\\\/person\\\/1dc07e4df3d6310b81d2cdf6a034070c\"},\"headline\":\"El color i la llum protagonitzen la imatge de Mostra de Val\u00e8ncia 2024\",\"datePublished\":\"2024-07-19T09:34:09+00:00\",\"mainEntityOfPage\":{\"@id\":\"https:\\\/\\\/lamostradevalencia.com\\\/ca\\\/el-color-i-la-llum-protagonitzen-la-imatge-de-mostra-de-valencia-2024\\\/\"},\"wordCount\":515,\"commentCount\":0,\"image\":{\"@id\":\"https:\\\/\\\/lamostradevalencia.com\\\/ca\\\/el-color-i-la-llum-protagonitzen-la-imatge-de-mostra-de-valencia-2024\\\/#primaryimage\"},\"thumbnailUrl\":\"https:\\\/\\\/lamostradevalencia.com\\\/wp-content\\\/uploads\\\/2024\\\/07\\\/MostraValencia_3posters.jpg\",\"articleSection\":[\"Noticies\"],\"inLanguage\":\"ca\",\"potentialAction\":[{\"@type\":\"CommentAction\",\"name\":\"Comment\",\"target\":[\"https:\\\/\\\/lamostradevalencia.com\\\/ca\\\/el-color-i-la-llum-protagonitzen-la-imatge-de-mostra-de-valencia-2024\\\/#respond\"]}]},{\"@type\":\"WebPage\",\"@id\":\"https:\\\/\\\/lamostradevalencia.com\\\/ca\\\/el-color-i-la-llum-protagonitzen-la-imatge-de-mostra-de-valencia-2024\\\/\",\"url\":\"https:\\\/\\\/lamostradevalencia.com\\\/ca\\\/el-color-i-la-llum-protagonitzen-la-imatge-de-mostra-de-valencia-2024\\\/\",\"name\":\"El color i la llum protagonitzen la imatge de Mostra de Val\u00e8ncia 2024 - Mostra de Val\u00e8ncia\",\"isPartOf\":{\"@id\":\"https:\\\/\\\/lamostradevalencia.com\\\/ca\\\/#website\"},\"primaryImageOfPage\":{\"@id\":\"https:\\\/\\\/lamostradevalencia.com\\\/ca\\\/el-color-i-la-llum-protagonitzen-la-imatge-de-mostra-de-valencia-2024\\\/#primaryimage\"},\"image\":{\"@id\":\"https:\\\/\\\/lamostradevalencia.com\\\/ca\\\/el-color-i-la-llum-protagonitzen-la-imatge-de-mostra-de-valencia-2024\\\/#primaryimage\"},\"thumbnailUrl\":\"https:\\\/\\\/lamostradevalencia.com\\\/wp-content\\\/uploads\\\/2024\\\/07\\\/MostraValencia_3posters.jpg\",\"datePublished\":\"2024-07-19T09:34:09+00:00\",\"author\":{\"@id\":\"https:\\\/\\\/lamostradevalencia.com\\\/ca\\\/#\\\/schema\\\/person\\\/1dc07e4df3d6310b81d2cdf6a034070c\"},\"breadcrumb\":{\"@id\":\"https:\\\/\\\/lamostradevalencia.com\\\/ca\\\/el-color-i-la-llum-protagonitzen-la-imatge-de-mostra-de-valencia-2024\\\/#breadcrumb\"},\"inLanguage\":\"ca\",\"potentialAction\":[{\"@type\":\"ReadAction\",\"target\":[\"https:\\\/\\\/lamostradevalencia.com\\\/ca\\\/el-color-i-la-llum-protagonitzen-la-imatge-de-mostra-de-valencia-2024\\\/\"]}]},{\"@type\":\"ImageObject\",\"inLanguage\":\"ca\",\"@id\":\"https:\\\/\\\/lamostradevalencia.com\\\/ca\\\/el-color-i-la-llum-protagonitzen-la-imatge-de-mostra-de-valencia-2024\\\/#primaryimage\",\"url\":\"https:\\\/\\\/lamostradevalencia.com\\\/wp-content\\\/uploads\\\/2024\\\/07\\\/MostraValencia_3posters.jpg\",\"contentUrl\":\"https:\\\/\\\/lamostradevalencia.com\\\/wp-content\\\/uploads\\\/2024\\\/07\\\/MostraValencia_3posters.jpg\",\"width\":1329,\"height\":748},{\"@type\":\"BreadcrumbList\",\"@id\":\"https:\\\/\\\/lamostradevalencia.com\\\/ca\\\/el-color-i-la-llum-protagonitzen-la-imatge-de-mostra-de-valencia-2024\\\/#breadcrumb\",\"itemListElement\":[{\"@type\":\"ListItem\",\"position\":1,\"name\":\"Portada\",\"item\":\"https:\\\/\\\/lamostradevalencia.com\\\/ca\\\/\"},{\"@type\":\"ListItem\",\"position\":2,\"name\":\"El color i la llum protagonitzen la imatge de Mostra de Val\u00e8ncia 2024\"}]},{\"@type\":\"WebSite\",\"@id\":\"https:\\\/\\\/lamostradevalencia.com\\\/ca\\\/#website\",\"url\":\"https:\\\/\\\/lamostradevalencia.com\\\/ca\\\/\",\"name\":\"Mostra de Val\u00e8ncia\",\"description\":\"Cinema del Mediterrani\",\"potentialAction\":[{\"@type\":\"SearchAction\",\"target\":{\"@type\":\"EntryPoint\",\"urlTemplate\":\"https:\\\/\\\/lamostradevalencia.com\\\/ca\\\/?s={search_term_string}\"},\"query-input\":{\"@type\":\"PropertyValueSpecification\",\"valueRequired\":true,\"valueName\":\"search_term_string\"}}],\"inLanguage\":\"ca\"},{\"@type\":\"Person\",\"@id\":\"https:\\\/\\\/lamostradevalencia.com\\\/ca\\\/#\\\/schema\\\/person\\\/1dc07e4df3d6310b81d2cdf6a034070c\",\"name\":\"Mostra de Val\u00e8ncia\",\"image\":{\"@type\":\"ImageObject\",\"inLanguage\":\"ca\",\"@id\":\"https:\\\/\\\/secure.gravatar.com\\\/avatar\\\/ada4dfd699a9907706987adb1bb2b361c2613ccca474b49b8c648de5208e32f8?s=96&d=mm&r=g\",\"url\":\"https:\\\/\\\/secure.gravatar.com\\\/avatar\\\/ada4dfd699a9907706987adb1bb2b361c2613ccca474b49b8c648de5208e32f8?s=96&d=mm&r=g\",\"contentUrl\":\"https:\\\/\\\/secure.gravatar.com\\\/avatar\\\/ada4dfd699a9907706987adb1bb2b361c2613ccca474b49b8c648de5208e32f8?s=96&d=mm&r=g\",\"caption\":\"Mostra de Val\u00e8ncia\"}}]}<\/script>\n<!-- \/ Yoast SEO plugin. -->","yoast_head_json":{"title":"El color i la llum protagonitzen la imatge de Mostra de Val\u00e8ncia 2024 - Mostra de Val\u00e8ncia","robots":{"index":"index","follow":"follow","max-snippet":"max-snippet:-1","max-image-preview":"max-image-preview:large","max-video-preview":"max-video-preview:-1"},"canonical":"https:\/\/lamostradevalencia.com\/ca\/el-color-i-la-llum-protagonitzen-la-imatge-de-mostra-de-valencia-2024\/","og_locale":"ca_ES","og_type":"article","og_title":"El color i la llum protagonitzen la imatge de Mostra de Val\u00e8ncia 2024 - Mostra de Val\u00e8ncia","og_description":"L&#8217;estudi Dos Punts ha sigut l&#8217;encarregat de dissenyar-la despr\u00e9s d&#8217;un concurs obert\u00a0 Mostra de Val\u00e8ncia-Cinema del Mediterrani\u00a0ha presentat el cartell de la seua 39a edici\u00f3, [&hellip;]","og_url":"https:\/\/lamostradevalencia.com\/ca\/el-color-i-la-llum-protagonitzen-la-imatge-de-mostra-de-valencia-2024\/","og_site_name":"Mostra de Val\u00e8ncia","article_published_time":"2024-07-19T09:34:09+00:00","og_image":[{"width":1329,"height":748,"url":"https:\/\/lamostradevalencia.com\/wp-content\/uploads\/2024\/07\/MostraValencia_3posters.jpg","type":"image\/jpeg"}],"author":"Mostra de Val\u00e8ncia","twitter_card":"summary_large_image","twitter_misc":{"Escrit per":"Mostra de Val\u00e8ncia","Temps estimat de lectura":"3 minuts"},"schema":{"@context":"https:\/\/schema.org","@graph":[{"@type":"Article","@id":"https:\/\/lamostradevalencia.com\/ca\/el-color-i-la-llum-protagonitzen-la-imatge-de-mostra-de-valencia-2024\/#article","isPartOf":{"@id":"https:\/\/lamostradevalencia.com\/ca\/el-color-i-la-llum-protagonitzen-la-imatge-de-mostra-de-valencia-2024\/"},"author":{"name":"Mostra de Val\u00e8ncia","@id":"https:\/\/lamostradevalencia.com\/ca\/#\/schema\/person\/1dc07e4df3d6310b81d2cdf6a034070c"},"headline":"El color i la llum protagonitzen la imatge de Mostra de Val\u00e8ncia 2024","datePublished":"2024-07-19T09:34:09+00:00","mainEntityOfPage":{"@id":"https:\/\/lamostradevalencia.com\/ca\/el-color-i-la-llum-protagonitzen-la-imatge-de-mostra-de-valencia-2024\/"},"wordCount":515,"commentCount":0,"image":{"@id":"https:\/\/lamostradevalencia.com\/ca\/el-color-i-la-llum-protagonitzen-la-imatge-de-mostra-de-valencia-2024\/#primaryimage"},"thumbnailUrl":"https:\/\/lamostradevalencia.com\/wp-content\/uploads\/2024\/07\/MostraValencia_3posters.jpg","articleSection":["Noticies"],"inLanguage":"ca","potentialAction":[{"@type":"CommentAction","name":"Comment","target":["https:\/\/lamostradevalencia.com\/ca\/el-color-i-la-llum-protagonitzen-la-imatge-de-mostra-de-valencia-2024\/#respond"]}]},{"@type":"WebPage","@id":"https:\/\/lamostradevalencia.com\/ca\/el-color-i-la-llum-protagonitzen-la-imatge-de-mostra-de-valencia-2024\/","url":"https:\/\/lamostradevalencia.com\/ca\/el-color-i-la-llum-protagonitzen-la-imatge-de-mostra-de-valencia-2024\/","name":"El color i la llum protagonitzen la imatge de Mostra de Val\u00e8ncia 2024 - Mostra de Val\u00e8ncia","isPartOf":{"@id":"https:\/\/lamostradevalencia.com\/ca\/#website"},"primaryImageOfPage":{"@id":"https:\/\/lamostradevalencia.com\/ca\/el-color-i-la-llum-protagonitzen-la-imatge-de-mostra-de-valencia-2024\/#primaryimage"},"image":{"@id":"https:\/\/lamostradevalencia.com\/ca\/el-color-i-la-llum-protagonitzen-la-imatge-de-mostra-de-valencia-2024\/#primaryimage"},"thumbnailUrl":"https:\/\/lamostradevalencia.com\/wp-content\/uploads\/2024\/07\/MostraValencia_3posters.jpg","datePublished":"2024-07-19T09:34:09+00:00","author":{"@id":"https:\/\/lamostradevalencia.com\/ca\/#\/schema\/person\/1dc07e4df3d6310b81d2cdf6a034070c"},"breadcrumb":{"@id":"https:\/\/lamostradevalencia.com\/ca\/el-color-i-la-llum-protagonitzen-la-imatge-de-mostra-de-valencia-2024\/#breadcrumb"},"inLanguage":"ca","potentialAction":[{"@type":"ReadAction","target":["https:\/\/lamostradevalencia.com\/ca\/el-color-i-la-llum-protagonitzen-la-imatge-de-mostra-de-valencia-2024\/"]}]},{"@type":"ImageObject","inLanguage":"ca","@id":"https:\/\/lamostradevalencia.com\/ca\/el-color-i-la-llum-protagonitzen-la-imatge-de-mostra-de-valencia-2024\/#primaryimage","url":"https:\/\/lamostradevalencia.com\/wp-content\/uploads\/2024\/07\/MostraValencia_3posters.jpg","contentUrl":"https:\/\/lamostradevalencia.com\/wp-content\/uploads\/2024\/07\/MostraValencia_3posters.jpg","width":1329,"height":748},{"@type":"BreadcrumbList","@id":"https:\/\/lamostradevalencia.com\/ca\/el-color-i-la-llum-protagonitzen-la-imatge-de-mostra-de-valencia-2024\/#breadcrumb","itemListElement":[{"@type":"ListItem","position":1,"name":"Portada","item":"https:\/\/lamostradevalencia.com\/ca\/"},{"@type":"ListItem","position":2,"name":"El color i la llum protagonitzen la imatge de Mostra de Val\u00e8ncia 2024"}]},{"@type":"WebSite","@id":"https:\/\/lamostradevalencia.com\/ca\/#website","url":"https:\/\/lamostradevalencia.com\/ca\/","name":"Mostra de Val\u00e8ncia","description":"Cinema del Mediterrani","potentialAction":[{"@type":"SearchAction","target":{"@type":"EntryPoint","urlTemplate":"https:\/\/lamostradevalencia.com\/ca\/?s={search_term_string}"},"query-input":{"@type":"PropertyValueSpecification","valueRequired":true,"valueName":"search_term_string"}}],"inLanguage":"ca"},{"@type":"Person","@id":"https:\/\/lamostradevalencia.com\/ca\/#\/schema\/person\/1dc07e4df3d6310b81d2cdf6a034070c","name":"Mostra de Val\u00e8ncia","image":{"@type":"ImageObject","inLanguage":"ca","@id":"https:\/\/secure.gravatar.com\/avatar\/ada4dfd699a9907706987adb1bb2b361c2613ccca474b49b8c648de5208e32f8?s=96&d=mm&r=g","url":"https:\/\/secure.gravatar.com\/avatar\/ada4dfd699a9907706987adb1bb2b361c2613ccca474b49b8c648de5208e32f8?s=96&d=mm&r=g","contentUrl":"https:\/\/secure.gravatar.com\/avatar\/ada4dfd699a9907706987adb1bb2b361c2613ccca474b49b8c648de5208e32f8?s=96&d=mm&r=g","caption":"Mostra de Val\u00e8ncia"}}]}},"uagb_featured_image_src":{"full":["https:\/\/lamostradevalencia.com\/wp-content\/uploads\/2024\/07\/MostraValencia_3posters.jpg",1329,748,false],"thumbnail":["https:\/\/lamostradevalencia.com\/wp-content\/uploads\/2024\/07\/MostraValencia_3posters-150x150.jpg",150,150,true],"medium":["https:\/\/lamostradevalencia.com\/wp-content\/uploads\/2024\/07\/MostraValencia_3posters-300x169.jpg",300,169,true],"medium_large":["https:\/\/lamostradevalencia.com\/wp-content\/uploads\/2024\/07\/MostraValencia_3posters-768x432.jpg",768,432,true],"large":["https:\/\/lamostradevalencia.com\/wp-content\/uploads\/2024\/07\/MostraValencia_3posters-1024x576.jpg",1024,576,true],"1536x1536":["https:\/\/lamostradevalencia.com\/wp-content\/uploads\/2024\/07\/MostraValencia_3posters.jpg",1329,748,false],"2048x2048":["https:\/\/lamostradevalencia.com\/wp-content\/uploads\/2024\/07\/MostraValencia_3posters.jpg",1329,748,false],"cinerama_edge_image_square":["https:\/\/lamostradevalencia.com\/wp-content\/uploads\/2024\/07\/MostraValencia_3posters-550x550.jpg",550,550,true],"cinerama_edge_image_landscape":["https:\/\/lamostradevalencia.com\/wp-content\/uploads\/2024\/07\/MostraValencia_3posters-1100x550.jpg",1100,550,true],"cinerama_edge_image_portrait":["https:\/\/lamostradevalencia.com\/wp-content\/uploads\/2024\/07\/MostraValencia_3posters-550x748.jpg",550,748,true],"cinerama_edge_image_huge":["https:\/\/lamostradevalencia.com\/wp-content\/uploads\/2024\/07\/MostraValencia_3posters-1100x748.jpg",1100,748,true],"gform-image-choice-sm":["https:\/\/lamostradevalencia.com\/wp-content\/uploads\/2024\/07\/MostraValencia_3posters.jpg",300,169,false],"gform-image-choice-md":["https:\/\/lamostradevalencia.com\/wp-content\/uploads\/2024\/07\/MostraValencia_3posters.jpg",400,225,false],"gform-image-choice-lg":["https:\/\/lamostradevalencia.com\/wp-content\/uploads\/2024\/07\/MostraValencia_3posters.jpg",600,338,false]},"uagb_author_info":{"display_name":"Mostra de Val\u00e8ncia","author_link":"https:\/\/lamostradevalencia.com\/ca\/author\/mostravalencia\/"},"uagb_comment_info":0,"uagb_excerpt":"L&#8217;estudi Dos Punts ha sigut l&#8217;encarregat de dissenyar-la despr\u00e9s d&#8217;un concurs obert\u00a0 Mostra de Val\u00e8ncia-Cinema del Mediterrani\u00a0ha presentat el cartell de la seua 39a edici\u00f3, [&hellip;]","_links":{"self":[{"href":"https:\/\/lamostradevalencia.com\/ca\/wp-json\/wp\/v2\/posts\/23014","targetHints":{"allow":["GET"]}}],"collection":[{"href":"https:\/\/lamostradevalencia.com\/ca\/wp-json\/wp\/v2\/posts"}],"about":[{"href":"https:\/\/lamostradevalencia.com\/ca\/wp-json\/wp\/v2\/types\/post"}],"author":[{"embeddable":true,"href":"https:\/\/lamostradevalencia.com\/ca\/wp-json\/wp\/v2\/users\/1"}],"replies":[{"embeddable":true,"href":"https:\/\/lamostradevalencia.com\/ca\/wp-json\/wp\/v2\/comments?post=23014"}],"version-history":[{"count":1,"href":"https:\/\/lamostradevalencia.com\/ca\/wp-json\/wp\/v2\/posts\/23014\/revisions"}],"predecessor-version":[{"id":23015,"href":"https:\/\/lamostradevalencia.com\/ca\/wp-json\/wp\/v2\/posts\/23014\/revisions\/23015"}],"wp:featuredmedia":[{"embeddable":true,"href":"https:\/\/lamostradevalencia.com\/ca\/wp-json\/wp\/v2\/media\/23010"}],"wp:attachment":[{"href":"https:\/\/lamostradevalencia.com\/ca\/wp-json\/wp\/v2\/media?parent=23014"}],"wp:term":[{"taxonomy":"category","embeddable":true,"href":"https:\/\/lamostradevalencia.com\/ca\/wp-json\/wp\/v2\/categories?post=23014"},{"taxonomy":"post_tag","embeddable":true,"href":"https:\/\/lamostradevalencia.com\/ca\/wp-json\/wp\/v2\/tags?post=23014"}],"curies":[{"name":"wp","href":"https:\/\/api.w.org\/{rel}","templated":true}]}}