{"id":22961,"date":"2024-06-25T11:10:00","date_gmt":"2024-06-25T09:10:00","guid":{"rendered":"https:\/\/lamostradevalencia.com\/?p=22961"},"modified":"2024-06-25T15:14:14","modified_gmt":"2024-06-25T13:14:14","slug":"oberta-la-inscripcio-per-a-participar-en-mostra-dels-instituts-2024","status":"publish","type":"post","link":"https:\/\/lamostradevalencia.com\/ca\/oberta-la-inscripcio-per-a-participar-en-mostra-dels-instituts-2024\/","title":{"rendered":"Oberta la inscripci\u00f3 per a participar en Mostra dels Instituts 2024"},"content":{"rendered":"\r\n<p>Com cada any, Mostra de Val\u00e8ncia posa en marxa una nova edici\u00f3 de la seua iniciativa Mostra dels Instituts, una s\u00e8rie de projeccions matinals gratu\u00eftes que tenen com a objectiu acostar el cine als i les adolescents i contribuir a la seua formaci\u00f3 a trav\u00e9s d&#8217;una selecci\u00f3 de pel\u00b7l\u00edcules que no sols els servisquen d&#8217;entreteniment, sin\u00f3 que tamb\u00e9 contribu\u00efsquen a formar-los com a persones cr\u00edtiques, aix\u00ed com a desenvolupar una mirada sobre l&#8217;audiovisual que els permeta entendre millor el llenguatge de la imatge.<\/p>\r\n<p>En 2024, i amb motiu de l&#8217;elecci\u00f3 de Val\u00e8ncia com a Capital Verda Europea, Mostra dels Instituts proposa quatre t\u00edtols molt diferents entre si, per\u00f2 amb una caracter\u00edstica comuna: tots ells aborden d\u2019una manera o altra el canvi clim\u00e0tic i les seues conseq\u00fc\u00e8ncies.<\/p>\r\n<p>Les projeccions d&#8217;este any tindran lloc els dies divendres 25, dilluns 28, dimarts 29, dimecres 30 i dijous 31 d\u2019octubre, a les 12h en els cines Babel (carrer Vicente Sancho Tello, 10 &#8211; 46021, Val\u00e8ncia). Com en anteriors edicions, es pret\u00e9n que les pel\u00b7l\u00edcules siguen el punt de partida que posteriorment permeta desenvolupar i debatre a l&#8217;aula les q\u00fcestions que aborden. Amb este objectiu adjuntem guies que amplien la informaci\u00f3 sobre elles.<\/p>\r\n<p>La selecci\u00f3 \u00e9s molt variada i consta de quatre propostes, presentades en diferents festivals internacionals:<\/p>\r\n<p>&#8211;<strong>YO SOY GRETA<\/strong>. Amb Greta Thunberg va comen\u00e7ar tot, i este documental ho conta des del principi. Un film inspirador per a adolescents, que oferix una mirada a la vida p\u00fablica i privada d&#8217;una jove sueca que va convertir la seua preocupaci\u00f3 pel medi ambient en un moviment global i que va participar en f\u00f2rums de tot el m\u00f3n per retraure als governants la inacci\u00f3 davant el greu problema al qual s&#8217;enfronta el planeta.<\/p>\r\n<p>&#8211;<strong>LLUVIA \u00c1CIDA<\/strong>. Una recent i impactant pel\u00b7l\u00edcula francesa, in\u00e8dita als cines espanyols i estrenada al festival de Cannes, que s&#8217;acull a codis de g\u00e8nere (thriller, ci\u00e8ncia ficci\u00f3 i fins i tot terror) per alertar de les conseq\u00fc\u00e8ncies que pot comportar la progressiva degradaci\u00f3 de l&#8217;atmosfera i la seua traducci\u00f3 en una pluja t\u00f2xica que, al film, es convertix en una amena\u00e7a mortal per als habitants del planeta.<\/p>\r\n<p>&#8211;<strong>MI CEREBRO IGNORA EL CAMBIO CLIM\u00c1TICO<\/strong>. Un documental de car\u00e0cter eminentment did\u00e0ctic i amb el segell de qualitat de Canal Arte que, a trav\u00e9s de recursos com ara l&#8217;animaci\u00f3 i les opinions de diversos cient\u00edfics de tot el m\u00f3n, explica els mecanismes mitjan\u00e7ant els quals el nostre cervell preferix ignorar els problemes relacionats amb el canvi clim\u00e0tic i fica el cap sota terra com fan els estru\u00e7os.<\/p>\r\n<p>&#8211;<strong>NAVES MISTERIOSAS<\/strong>. Versi\u00f3 restaurada d&#8217;este cl\u00e0ssic de la ci\u00e8ncia ficci\u00f3 dels anys setanta pel seu car\u00e0cter precursor en la hist\u00f2ria del cine a abordar q\u00fcestions mediambientals molts anys abans que estigueren en el focus dels mitjans de comunicaci\u00f3. Un film a descobrir per les noves generacions, que ha sigut definit com &#8220;l&#8217;esgla\u00f3 perdut entre <em>2001<\/em> i <em>Star Wars<\/em>&#8220;.<\/p>\r\n<p>L&#8217;objectiu del festival \u00e9s proporcionar les eines necess\u00e0ries per fomentar el debat a l&#8217;aula sobre temes d&#8217;inter\u00e8s que s\u00f3n ja part de la nostra vida di\u00e0ria en societat. M\u00e9s informaci\u00f3 en <strong><u>el mail <\/u><\/strong><a href=\"mailto:instituts@lamostradevalencia.com\"><strong>instituts@lamostradevalencia.com<\/strong><\/a>, el tel\u00e8fon 963525478 (extensi\u00f3 77189) i el web: <a href=\"https:\/\/lamostradevalencia.com\/\">https:\/\/lamostradevalencia.com\/<\/a><\/p>\r\n<p><img loading=\"lazy\" decoding=\"async\" class=\"aligncenter  wp-image-22993\" src=\"https:\/\/lamostradevalencia.com\/wp-content\/uploads\/2024\/06\/EGC_logo_valencian.png\" alt=\"\" width=\"654\" height=\"807\" srcset=\"https:\/\/lamostradevalencia.com\/wp-content\/uploads\/2024\/06\/EGC_logo_valencian.png 910w, https:\/\/lamostradevalencia.com\/wp-content\/uploads\/2024\/06\/EGC_logo_valencian-243x300.png 243w, https:\/\/lamostradevalencia.com\/wp-content\/uploads\/2024\/06\/EGC_logo_valencian-831x1024.png 831w, https:\/\/lamostradevalencia.com\/wp-content\/uploads\/2024\/06\/EGC_logo_valencian-768x947.png 768w\" sizes=\"auto, (max-width: 654px) 100vw, 654px\" \/><\/p>\r\n\r\n\r\n\r\n<ul class=\"wp-block-list\"><\/ul>\r\n","protected":false},"excerpt":{"rendered":"<p>Com cada any, Mostra de Val\u00e8ncia posa en marxa una nova edici\u00f3 de la seua iniciativa Mostra dels Instituts, una s\u00e8rie de projeccions matinals gratu\u00eftes [&hellip;]<\/p>\n","protected":false},"author":3,"featured_media":22965,"comment_status":"open","ping_status":"open","sticky":false,"template":"","format":"standard","meta":{"_uag_custom_page_level_css":"","_jet_sm_ready_style":"","_jet_sm_style":"","_jet_sm_controls_values":"","_jet_sm_fonts_collection":"","_jet_sm_fonts_links":"","footnotes":""},"categories":[3026,455],"tags":[],"class_list":["post-22961","post","type-post","status-publish","format-standard","has-post-thumbnail","hentry","category-convocatories","category-noticies"],"yoast_head":"<!-- This site is optimized with the Yoast SEO plugin v27.5 - https:\/\/yoast.com\/product\/yoast-seo-wordpress\/ -->\n<title>Oberta la inscripci\u00f3 per a participar en Mostra dels Instituts 2024 - Mostra de Val\u00e8ncia<\/title>\n<meta name=\"robots\" content=\"index, follow, max-snippet:-1, max-image-preview:large, max-video-preview:-1\" \/>\n<link rel=\"canonical\" href=\"https:\/\/lamostradevalencia.com\/ca\/oberta-la-inscripcio-per-a-participar-en-mostra-dels-instituts-2024\/\" \/>\n<meta property=\"og:locale\" content=\"ca_ES\" \/>\n<meta property=\"og:type\" content=\"article\" \/>\n<meta property=\"og:title\" content=\"Oberta la inscripci\u00f3 per a participar en Mostra dels Instituts 2024 - Mostra de Val\u00e8ncia\" \/>\n<meta property=\"og:description\" content=\"Com cada any, Mostra de Val\u00e8ncia posa en marxa una nova edici\u00f3 de la seua iniciativa Mostra dels Instituts, una s\u00e8rie de projeccions matinals gratu\u00eftes [&hellip;]\" \/>\n<meta property=\"og:url\" content=\"https:\/\/lamostradevalencia.com\/ca\/oberta-la-inscripcio-per-a-participar-en-mostra-dels-instituts-2024\/\" \/>\n<meta property=\"og:site_name\" content=\"Mostra de Val\u00e8ncia\" \/>\n<meta property=\"article:published_time\" content=\"2024-06-25T09:10:00+00:00\" \/>\n<meta property=\"article:modified_time\" content=\"2024-06-25T13:14:14+00:00\" \/>\n<meta property=\"og:image\" content=\"https:\/\/lamostradevalencia.com\/wp-content\/uploads\/2024\/06\/Acide.jpg\" \/>\n\t<meta property=\"og:image:width\" content=\"1600\" \/>\n\t<meta property=\"og:image:height\" content=\"1044\" \/>\n\t<meta property=\"og:image:type\" content=\"image\/jpeg\" \/>\n<meta name=\"author\" content=\"contenidos\" \/>\n<meta name=\"twitter:card\" content=\"summary_large_image\" \/>\n<meta name=\"twitter:label1\" content=\"Escrit per\" \/>\n\t<meta name=\"twitter:data1\" content=\"contenidos\" \/>\n\t<meta name=\"twitter:label2\" content=\"Temps estimat de lectura\" \/>\n\t<meta name=\"twitter:data2\" content=\"3 minuts\" \/>\n<script type=\"application\/ld+json\" class=\"yoast-schema-graph\">{\"@context\":\"https:\\\/\\\/schema.org\",\"@graph\":[{\"@type\":\"Article\",\"@id\":\"https:\\\/\\\/lamostradevalencia.com\\\/ca\\\/oberta-la-inscripcio-per-a-participar-en-mostra-dels-instituts-2024\\\/#article\",\"isPartOf\":{\"@id\":\"https:\\\/\\\/lamostradevalencia.com\\\/ca\\\/oberta-la-inscripcio-per-a-participar-en-mostra-dels-instituts-2024\\\/\"},\"author\":{\"name\":\"contenidos\",\"@id\":\"https:\\\/\\\/lamostradevalencia.com\\\/ca\\\/#\\\/schema\\\/person\\\/361c3c0dd5489e78ad78ee4f8332efac\"},\"headline\":\"Oberta la inscripci\u00f3 per a participar en Mostra dels Instituts 2024\",\"datePublished\":\"2024-06-25T09:10:00+00:00\",\"dateModified\":\"2024-06-25T13:14:14+00:00\",\"mainEntityOfPage\":{\"@id\":\"https:\\\/\\\/lamostradevalencia.com\\\/ca\\\/oberta-la-inscripcio-per-a-participar-en-mostra-dels-instituts-2024\\\/\"},\"wordCount\":593,\"commentCount\":0,\"image\":{\"@id\":\"https:\\\/\\\/lamostradevalencia.com\\\/ca\\\/oberta-la-inscripcio-per-a-participar-en-mostra-dels-instituts-2024\\\/#primaryimage\"},\"thumbnailUrl\":\"https:\\\/\\\/lamostradevalencia.com\\\/wp-content\\\/uploads\\\/2024\\\/06\\\/Acide.jpg\",\"articleSection\":[\"Convocat\u00f2ries\",\"Noticies\"],\"inLanguage\":\"ca\",\"potentialAction\":[{\"@type\":\"CommentAction\",\"name\":\"Comment\",\"target\":[\"https:\\\/\\\/lamostradevalencia.com\\\/ca\\\/oberta-la-inscripcio-per-a-participar-en-mostra-dels-instituts-2024\\\/#respond\"]}]},{\"@type\":\"WebPage\",\"@id\":\"https:\\\/\\\/lamostradevalencia.com\\\/ca\\\/oberta-la-inscripcio-per-a-participar-en-mostra-dels-instituts-2024\\\/\",\"url\":\"https:\\\/\\\/lamostradevalencia.com\\\/ca\\\/oberta-la-inscripcio-per-a-participar-en-mostra-dels-instituts-2024\\\/\",\"name\":\"Oberta la inscripci\u00f3 per a participar en Mostra dels Instituts 2024 - Mostra de Val\u00e8ncia\",\"isPartOf\":{\"@id\":\"https:\\\/\\\/lamostradevalencia.com\\\/ca\\\/#website\"},\"primaryImageOfPage\":{\"@id\":\"https:\\\/\\\/lamostradevalencia.com\\\/ca\\\/oberta-la-inscripcio-per-a-participar-en-mostra-dels-instituts-2024\\\/#primaryimage\"},\"image\":{\"@id\":\"https:\\\/\\\/lamostradevalencia.com\\\/ca\\\/oberta-la-inscripcio-per-a-participar-en-mostra-dels-instituts-2024\\\/#primaryimage\"},\"thumbnailUrl\":\"https:\\\/\\\/lamostradevalencia.com\\\/wp-content\\\/uploads\\\/2024\\\/06\\\/Acide.jpg\",\"datePublished\":\"2024-06-25T09:10:00+00:00\",\"dateModified\":\"2024-06-25T13:14:14+00:00\",\"author\":{\"@id\":\"https:\\\/\\\/lamostradevalencia.com\\\/ca\\\/#\\\/schema\\\/person\\\/361c3c0dd5489e78ad78ee4f8332efac\"},\"breadcrumb\":{\"@id\":\"https:\\\/\\\/lamostradevalencia.com\\\/ca\\\/oberta-la-inscripcio-per-a-participar-en-mostra-dels-instituts-2024\\\/#breadcrumb\"},\"inLanguage\":\"ca\",\"potentialAction\":[{\"@type\":\"ReadAction\",\"target\":[\"https:\\\/\\\/lamostradevalencia.com\\\/ca\\\/oberta-la-inscripcio-per-a-participar-en-mostra-dels-instituts-2024\\\/\"]}]},{\"@type\":\"ImageObject\",\"inLanguage\":\"ca\",\"@id\":\"https:\\\/\\\/lamostradevalencia.com\\\/ca\\\/oberta-la-inscripcio-per-a-participar-en-mostra-dels-instituts-2024\\\/#primaryimage\",\"url\":\"https:\\\/\\\/lamostradevalencia.com\\\/wp-content\\\/uploads\\\/2024\\\/06\\\/Acide.jpg\",\"contentUrl\":\"https:\\\/\\\/lamostradevalencia.com\\\/wp-content\\\/uploads\\\/2024\\\/06\\\/Acide.jpg\",\"width\":1600,\"height\":1044},{\"@type\":\"BreadcrumbList\",\"@id\":\"https:\\\/\\\/lamostradevalencia.com\\\/ca\\\/oberta-la-inscripcio-per-a-participar-en-mostra-dels-instituts-2024\\\/#breadcrumb\",\"itemListElement\":[{\"@type\":\"ListItem\",\"position\":1,\"name\":\"Portada\",\"item\":\"https:\\\/\\\/lamostradevalencia.com\\\/ca\\\/\"},{\"@type\":\"ListItem\",\"position\":2,\"name\":\"Oberta la inscripci\u00f3 per a participar en Mostra dels Instituts 2024\"}]},{\"@type\":\"WebSite\",\"@id\":\"https:\\\/\\\/lamostradevalencia.com\\\/ca\\\/#website\",\"url\":\"https:\\\/\\\/lamostradevalencia.com\\\/ca\\\/\",\"name\":\"Mostra de Val\u00e8ncia\",\"description\":\"Cinema del Mediterrani\",\"potentialAction\":[{\"@type\":\"SearchAction\",\"target\":{\"@type\":\"EntryPoint\",\"urlTemplate\":\"https:\\\/\\\/lamostradevalencia.com\\\/ca\\\/?s={search_term_string}\"},\"query-input\":{\"@type\":\"PropertyValueSpecification\",\"valueRequired\":true,\"valueName\":\"search_term_string\"}}],\"inLanguage\":\"ca\"},{\"@type\":\"Person\",\"@id\":\"https:\\\/\\\/lamostradevalencia.com\\\/ca\\\/#\\\/schema\\\/person\\\/361c3c0dd5489e78ad78ee4f8332efac\",\"name\":\"contenidos\",\"image\":{\"@type\":\"ImageObject\",\"inLanguage\":\"ca\",\"@id\":\"https:\\\/\\\/secure.gravatar.com\\\/avatar\\\/a87eddc188a32d5a0371ff92ef616b5006a91e389296d49d081f8d424eef134c?s=96&d=mm&r=g\",\"url\":\"https:\\\/\\\/secure.gravatar.com\\\/avatar\\\/a87eddc188a32d5a0371ff92ef616b5006a91e389296d49d081f8d424eef134c?s=96&d=mm&r=g\",\"contentUrl\":\"https:\\\/\\\/secure.gravatar.com\\\/avatar\\\/a87eddc188a32d5a0371ff92ef616b5006a91e389296d49d081f8d424eef134c?s=96&d=mm&r=g\",\"caption\":\"contenidos\"}}]}<\/script>\n<!-- \/ Yoast SEO plugin. -->","yoast_head_json":{"title":"Oberta la inscripci\u00f3 per a participar en Mostra dels Instituts 2024 - Mostra de Val\u00e8ncia","robots":{"index":"index","follow":"follow","max-snippet":"max-snippet:-1","max-image-preview":"max-image-preview:large","max-video-preview":"max-video-preview:-1"},"canonical":"https:\/\/lamostradevalencia.com\/ca\/oberta-la-inscripcio-per-a-participar-en-mostra-dels-instituts-2024\/","og_locale":"ca_ES","og_type":"article","og_title":"Oberta la inscripci\u00f3 per a participar en Mostra dels Instituts 2024 - Mostra de Val\u00e8ncia","og_description":"Com cada any, Mostra de Val\u00e8ncia posa en marxa una nova edici\u00f3 de la seua iniciativa Mostra dels Instituts, una s\u00e8rie de projeccions matinals gratu\u00eftes [&hellip;]","og_url":"https:\/\/lamostradevalencia.com\/ca\/oberta-la-inscripcio-per-a-participar-en-mostra-dels-instituts-2024\/","og_site_name":"Mostra de Val\u00e8ncia","article_published_time":"2024-06-25T09:10:00+00:00","article_modified_time":"2024-06-25T13:14:14+00:00","og_image":[{"width":1600,"height":1044,"url":"https:\/\/lamostradevalencia.com\/wp-content\/uploads\/2024\/06\/Acide.jpg","type":"image\/jpeg"}],"author":"contenidos","twitter_card":"summary_large_image","twitter_misc":{"Escrit per":"contenidos","Temps estimat de lectura":"3 minuts"},"schema":{"@context":"https:\/\/schema.org","@graph":[{"@type":"Article","@id":"https:\/\/lamostradevalencia.com\/ca\/oberta-la-inscripcio-per-a-participar-en-mostra-dels-instituts-2024\/#article","isPartOf":{"@id":"https:\/\/lamostradevalencia.com\/ca\/oberta-la-inscripcio-per-a-participar-en-mostra-dels-instituts-2024\/"},"author":{"name":"contenidos","@id":"https:\/\/lamostradevalencia.com\/ca\/#\/schema\/person\/361c3c0dd5489e78ad78ee4f8332efac"},"headline":"Oberta la inscripci\u00f3 per a participar en Mostra dels Instituts 2024","datePublished":"2024-06-25T09:10:00+00:00","dateModified":"2024-06-25T13:14:14+00:00","mainEntityOfPage":{"@id":"https:\/\/lamostradevalencia.com\/ca\/oberta-la-inscripcio-per-a-participar-en-mostra-dels-instituts-2024\/"},"wordCount":593,"commentCount":0,"image":{"@id":"https:\/\/lamostradevalencia.com\/ca\/oberta-la-inscripcio-per-a-participar-en-mostra-dels-instituts-2024\/#primaryimage"},"thumbnailUrl":"https:\/\/lamostradevalencia.com\/wp-content\/uploads\/2024\/06\/Acide.jpg","articleSection":["Convocat\u00f2ries","Noticies"],"inLanguage":"ca","potentialAction":[{"@type":"CommentAction","name":"Comment","target":["https:\/\/lamostradevalencia.com\/ca\/oberta-la-inscripcio-per-a-participar-en-mostra-dels-instituts-2024\/#respond"]}]},{"@type":"WebPage","@id":"https:\/\/lamostradevalencia.com\/ca\/oberta-la-inscripcio-per-a-participar-en-mostra-dels-instituts-2024\/","url":"https:\/\/lamostradevalencia.com\/ca\/oberta-la-inscripcio-per-a-participar-en-mostra-dels-instituts-2024\/","name":"Oberta la inscripci\u00f3 per a participar en Mostra dels Instituts 2024 - Mostra de Val\u00e8ncia","isPartOf":{"@id":"https:\/\/lamostradevalencia.com\/ca\/#website"},"primaryImageOfPage":{"@id":"https:\/\/lamostradevalencia.com\/ca\/oberta-la-inscripcio-per-a-participar-en-mostra-dels-instituts-2024\/#primaryimage"},"image":{"@id":"https:\/\/lamostradevalencia.com\/ca\/oberta-la-inscripcio-per-a-participar-en-mostra-dels-instituts-2024\/#primaryimage"},"thumbnailUrl":"https:\/\/lamostradevalencia.com\/wp-content\/uploads\/2024\/06\/Acide.jpg","datePublished":"2024-06-25T09:10:00+00:00","dateModified":"2024-06-25T13:14:14+00:00","author":{"@id":"https:\/\/lamostradevalencia.com\/ca\/#\/schema\/person\/361c3c0dd5489e78ad78ee4f8332efac"},"breadcrumb":{"@id":"https:\/\/lamostradevalencia.com\/ca\/oberta-la-inscripcio-per-a-participar-en-mostra-dels-instituts-2024\/#breadcrumb"},"inLanguage":"ca","potentialAction":[{"@type":"ReadAction","target":["https:\/\/lamostradevalencia.com\/ca\/oberta-la-inscripcio-per-a-participar-en-mostra-dels-instituts-2024\/"]}]},{"@type":"ImageObject","inLanguage":"ca","@id":"https:\/\/lamostradevalencia.com\/ca\/oberta-la-inscripcio-per-a-participar-en-mostra-dels-instituts-2024\/#primaryimage","url":"https:\/\/lamostradevalencia.com\/wp-content\/uploads\/2024\/06\/Acide.jpg","contentUrl":"https:\/\/lamostradevalencia.com\/wp-content\/uploads\/2024\/06\/Acide.jpg","width":1600,"height":1044},{"@type":"BreadcrumbList","@id":"https:\/\/lamostradevalencia.com\/ca\/oberta-la-inscripcio-per-a-participar-en-mostra-dels-instituts-2024\/#breadcrumb","itemListElement":[{"@type":"ListItem","position":1,"name":"Portada","item":"https:\/\/lamostradevalencia.com\/ca\/"},{"@type":"ListItem","position":2,"name":"Oberta la inscripci\u00f3 per a participar en Mostra dels Instituts 2024"}]},{"@type":"WebSite","@id":"https:\/\/lamostradevalencia.com\/ca\/#website","url":"https:\/\/lamostradevalencia.com\/ca\/","name":"Mostra de Val\u00e8ncia","description":"Cinema del Mediterrani","potentialAction":[{"@type":"SearchAction","target":{"@type":"EntryPoint","urlTemplate":"https:\/\/lamostradevalencia.com\/ca\/?s={search_term_string}"},"query-input":{"@type":"PropertyValueSpecification","valueRequired":true,"valueName":"search_term_string"}}],"inLanguage":"ca"},{"@type":"Person","@id":"https:\/\/lamostradevalencia.com\/ca\/#\/schema\/person\/361c3c0dd5489e78ad78ee4f8332efac","name":"contenidos","image":{"@type":"ImageObject","inLanguage":"ca","@id":"https:\/\/secure.gravatar.com\/avatar\/a87eddc188a32d5a0371ff92ef616b5006a91e389296d49d081f8d424eef134c?s=96&d=mm&r=g","url":"https:\/\/secure.gravatar.com\/avatar\/a87eddc188a32d5a0371ff92ef616b5006a91e389296d49d081f8d424eef134c?s=96&d=mm&r=g","contentUrl":"https:\/\/secure.gravatar.com\/avatar\/a87eddc188a32d5a0371ff92ef616b5006a91e389296d49d081f8d424eef134c?s=96&d=mm&r=g","caption":"contenidos"}}]}},"uagb_featured_image_src":{"full":["https:\/\/lamostradevalencia.com\/wp-content\/uploads\/2024\/06\/Acide.jpg",1600,1044,false],"thumbnail":["https:\/\/lamostradevalencia.com\/wp-content\/uploads\/2024\/06\/Acide-150x150.jpg",150,150,true],"medium":["https:\/\/lamostradevalencia.com\/wp-content\/uploads\/2024\/06\/Acide-300x196.jpg",300,196,true],"medium_large":["https:\/\/lamostradevalencia.com\/wp-content\/uploads\/2024\/06\/Acide-768x501.jpg",768,501,true],"large":["https:\/\/lamostradevalencia.com\/wp-content\/uploads\/2024\/06\/Acide-1024x668.jpg",1024,668,true],"1536x1536":["https:\/\/lamostradevalencia.com\/wp-content\/uploads\/2024\/06\/Acide-1536x1002.jpg",1536,1002,true],"2048x2048":["https:\/\/lamostradevalencia.com\/wp-content\/uploads\/2024\/06\/Acide.jpg",1600,1044,false],"cinerama_edge_image_square":["https:\/\/lamostradevalencia.com\/wp-content\/uploads\/2024\/06\/Acide-550x550.jpg",550,550,true],"cinerama_edge_image_landscape":["https:\/\/lamostradevalencia.com\/wp-content\/uploads\/2024\/06\/Acide-1100x550.jpg",1100,550,true],"cinerama_edge_image_portrait":["https:\/\/lamostradevalencia.com\/wp-content\/uploads\/2024\/06\/Acide-550x1044.jpg",550,1044,true],"cinerama_edge_image_huge":["https:\/\/lamostradevalencia.com\/wp-content\/uploads\/2024\/06\/Acide-1100x1044.jpg",1100,1044,true],"gform-image-choice-sm":["https:\/\/lamostradevalencia.com\/wp-content\/uploads\/2024\/06\/Acide.jpg",300,196,false],"gform-image-choice-md":["https:\/\/lamostradevalencia.com\/wp-content\/uploads\/2024\/06\/Acide.jpg",400,261,false],"gform-image-choice-lg":["https:\/\/lamostradevalencia.com\/wp-content\/uploads\/2024\/06\/Acide.jpg",600,392,false]},"uagb_author_info":{"display_name":"contenidos","author_link":"https:\/\/lamostradevalencia.com\/ca\/author\/contenidos\/"},"uagb_comment_info":0,"uagb_excerpt":"Com cada any, Mostra de Val\u00e8ncia posa en marxa una nova edici\u00f3 de la seua iniciativa Mostra dels Instituts, una s\u00e8rie de projeccions matinals gratu\u00eftes [&hellip;]","_links":{"self":[{"href":"https:\/\/lamostradevalencia.com\/ca\/wp-json\/wp\/v2\/posts\/22961","targetHints":{"allow":["GET"]}}],"collection":[{"href":"https:\/\/lamostradevalencia.com\/ca\/wp-json\/wp\/v2\/posts"}],"about":[{"href":"https:\/\/lamostradevalencia.com\/ca\/wp-json\/wp\/v2\/types\/post"}],"author":[{"embeddable":true,"href":"https:\/\/lamostradevalencia.com\/ca\/wp-json\/wp\/v2\/users\/3"}],"replies":[{"embeddable":true,"href":"https:\/\/lamostradevalencia.com\/ca\/wp-json\/wp\/v2\/comments?post=22961"}],"version-history":[{"count":3,"href":"https:\/\/lamostradevalencia.com\/ca\/wp-json\/wp\/v2\/posts\/22961\/revisions"}],"predecessor-version":[{"id":23003,"href":"https:\/\/lamostradevalencia.com\/ca\/wp-json\/wp\/v2\/posts\/22961\/revisions\/23003"}],"wp:featuredmedia":[{"embeddable":true,"href":"https:\/\/lamostradevalencia.com\/ca\/wp-json\/wp\/v2\/media\/22965"}],"wp:attachment":[{"href":"https:\/\/lamostradevalencia.com\/ca\/wp-json\/wp\/v2\/media?parent=22961"}],"wp:term":[{"taxonomy":"category","embeddable":true,"href":"https:\/\/lamostradevalencia.com\/ca\/wp-json\/wp\/v2\/categories?post=22961"},{"taxonomy":"post_tag","embeddable":true,"href":"https:\/\/lamostradevalencia.com\/ca\/wp-json\/wp\/v2\/tags?post=22961"}],"curies":[{"name":"wp","href":"https:\/\/api.w.org\/{rel}","templated":true}]}}