{"id":22945,"date":"2024-06-18T11:03:31","date_gmt":"2024-06-18T09:03:31","guid":{"rendered":"https:\/\/lamostradevalencia.com\/?p=22945"},"modified":"2024-06-18T11:03:57","modified_gmt":"2024-06-18T09:03:57","slug":"lestudi-dos-punts-dissenyara-la-imatge-grafica-de-la-39a-mostra-de-valencia","status":"publish","type":"post","link":"https:\/\/lamostradevalencia.com\/ca\/lestudi-dos-punts-dissenyara-la-imatge-grafica-de-la-39a-mostra-de-valencia\/","title":{"rendered":"L&#8217;estudi Dos Punts dissenyar\u00e0 la imatge gr\u00e0fica de la 39a Mostra de Val\u00e8ncia"},"content":{"rendered":"<p><span style=\"font-weight: 400;\">L\u2019estudi Dos Punts ser\u00e0 l\u2019encarregat de crear la imatge gr\u00e0fica de la 39\u00aa edici\u00f3 de Mostra de Val\u00e8ncia-Cinema del Mediterrani, que se celebrar\u00e0 del 24 de octubre al 3 de novembre de 2024. Per sext any consecutiu, la selecci\u00f3 \u00e9s el resultat d\u2019un procediment de crida a projecte, una convocat\u00f2ria que este any ha tingut una \u00e0mplia resposta, <\/span><b>ja que s\u2019han rebut 77 inscripcions de professionals del disseny de tot l\u2019estat.<\/b><span style=\"font-weight: 400;\">\u00a0<\/span><\/p>\n<p><span style=\"font-weight: 400;\">Dos Punts \u00e9s un estudi de disseny i comunicaci\u00f3 format per Anna Brullas i Neus Segu\u00ed, amb base a Tarragona i Val\u00e8ncia. Ambd\u00f3s consideren que el seu segell d&#8217;identitat \u00e9s \u201cel color, la il\u00b7lustraci\u00f3 i una comunicaci\u00f3 pr\u00f2pia, directa i pr\u00f2xima\u201d.\u00a0<\/span><\/p>\n<p><span style=\"font-weight: 400;\">La convocat\u00f2ria ha comptat de nou amb el suport de l&#8217;Associaci\u00f3 de Dissenyadors de la Comunitat Valenciana (ADCV), l&#8217;Associaci\u00f3 de Professionals de la Il\u00b7lustraci\u00f3 Valenciana (APIV) i l&#8217;Associaci\u00f3 d&#8217;Empreses de Comunicaci\u00f3 Publicit\u00e0ria de la Comunitat Valenciana (COMUNITAD), els representants de les quals han participat tamb\u00e9 en el proc\u00e9s de selecci\u00f3. Les persones o ag\u00e8ncies interessades a participar havien de presentar un dossier de treballs ja fets, aix\u00ed com el curr\u00edculum o resum de la seua traject\u00f2ria.\u00a0<\/span><\/p>\n<p><span style=\"font-weight: 400;\">&#8220;Per a nosaltres \u00e9s un privilegi poder aportar el nostre gra d&#8217;arena a trav\u00e9s del disseny a una proposta cultural com \u00e9s Mostra de Val\u00e8ncia. Ens agrada contribuir a millorar el nostre entorn i el nostre focus est\u00e0 a treballar per a les ciutats amb qu\u00e8 tenim un vincle. Encara que som de Mallorca i Tarragona, ens vam con\u00e9ixer a Val\u00e8ncia i ac\u00ed \u00e9s on tenim la base de l&#8217;estudi actualment. Quan <\/span><span style=\"font-weight: 400;\">vam arribar<\/span><span style=\"font-weight: 400;\"> a la ciutat vam descobrir la Mostra com a esdeveniment cultural, i ara ens fa especial il\u00b7lusi\u00f3 poder redescobrir el projecte des de dins. Els projectes socials i culturals, com la Mostra, van molt lligats als nostres valors i interessos personals, aix\u00ed que estem encantades de poder treballar en esta pr\u00f2xima edici\u00f3&#8221;, asseguren des de l&#8217;estudi.<\/span><\/p>\n<p><span style=\"font-weight: 400;\">Entre els seus principals treballs destaquen, entre altres, campanyes com ara la del \u201cPla Acolliment Residencial de Mallorca\u201d, per al Consell Insular de Mallorca; \u201cAra t\u2019escolto\u201d, per a l\u2019Ajuntament de Tarragona, o #ElM\u00e1sterEs&#8230;, per al M\u00e0ster en Disseny i Il\u00b7lustraci\u00f3 de la UPV.<\/span><\/p>\n<p><span style=\"font-weight: 400;\">D&#8217;esta manera, Mostra de Val\u00e8ncia continua consolidant la seua llarga relaci\u00f3 amb els i les professionals del disseny i la creativitat gr\u00e0fica, despr\u00e9s que en edicions anteriors resultaren triats Diego Mir, Vicent Ramon Pascual, Milimbo, Creatias Estudio o Lorena Sayavera, qui acaba de guanyar un Premi Or en els guardons anuals de l\u2019ADCV i un Laus de Bronze per la seua campanya per a Mostra de Val\u00e8ncia 2023.\u00a0<\/span><\/p>\n","protected":false},"excerpt":{"rendered":"<p>L\u2019estudi Dos Punts ser\u00e0 l\u2019encarregat de crear la imatge gr\u00e0fica de la 39\u00aa edici\u00f3 de Mostra de Val\u00e8ncia-Cinema del Mediterrani, que se celebrar\u00e0 del 24 [&hellip;]<\/p>\n","protected":false},"author":1,"featured_media":22939,"comment_status":"open","ping_status":"open","sticky":false,"template":"","format":"standard","meta":{"_uag_custom_page_level_css":"","_jet_sm_ready_style":"","_jet_sm_style":"","_jet_sm_controls_values":"","_jet_sm_fonts_collection":"","_jet_sm_fonts_links":"","footnotes":""},"categories":[455],"tags":[],"class_list":["post-22945","post","type-post","status-publish","format-standard","has-post-thumbnail","hentry","category-noticies"],"yoast_head":"<!-- This site is optimized with the Yoast SEO plugin v27.5 - https:\/\/yoast.com\/product\/yoast-seo-wordpress\/ -->\n<title>L&#039;estudi Dos Punts dissenyar\u00e0 la imatge gr\u00e0fica de la 39a Mostra de Val\u00e8ncia - Mostra de Val\u00e8ncia<\/title>\n<meta name=\"robots\" content=\"index, follow, max-snippet:-1, max-image-preview:large, max-video-preview:-1\" \/>\n<link rel=\"canonical\" href=\"https:\/\/lamostradevalencia.com\/ca\/lestudi-dos-punts-dissenyara-la-imatge-grafica-de-la-39a-mostra-de-valencia\/\" \/>\n<meta property=\"og:locale\" content=\"ca_ES\" \/>\n<meta property=\"og:type\" content=\"article\" \/>\n<meta property=\"og:title\" content=\"L&#039;estudi Dos Punts dissenyar\u00e0 la imatge gr\u00e0fica de la 39a Mostra de Val\u00e8ncia - Mostra de Val\u00e8ncia\" \/>\n<meta property=\"og:description\" content=\"L\u2019estudi Dos Punts ser\u00e0 l\u2019encarregat de crear la imatge gr\u00e0fica de la 39\u00aa edici\u00f3 de Mostra de Val\u00e8ncia-Cinema del Mediterrani, que se celebrar\u00e0 del 24 [&hellip;]\" \/>\n<meta property=\"og:url\" content=\"https:\/\/lamostradevalencia.com\/ca\/lestudi-dos-punts-dissenyara-la-imatge-grafica-de-la-39a-mostra-de-valencia\/\" \/>\n<meta property=\"og:site_name\" content=\"Mostra de Val\u00e8ncia\" \/>\n<meta property=\"article:published_time\" content=\"2024-06-18T09:03:31+00:00\" \/>\n<meta property=\"article:modified_time\" content=\"2024-06-18T09:03:57+00:00\" \/>\n<meta property=\"og:image\" content=\"https:\/\/lamostradevalencia.com\/wp-content\/uploads\/2024\/06\/DosPunts_FotoEquip.jpg\" \/>\n\t<meta property=\"og:image:width\" content=\"938\" \/>\n\t<meta property=\"og:image:height\" content=\"976\" \/>\n\t<meta property=\"og:image:type\" content=\"image\/jpeg\" \/>\n<meta name=\"author\" content=\"Mostra de Val\u00e8ncia\" \/>\n<meta name=\"twitter:card\" content=\"summary_large_image\" \/>\n<meta name=\"twitter:label1\" content=\"Escrit per\" \/>\n\t<meta name=\"twitter:data1\" content=\"Mostra de Val\u00e8ncia\" \/>\n\t<meta name=\"twitter:label2\" content=\"Temps estimat de lectura\" \/>\n\t<meta name=\"twitter:data2\" content=\"3 minuts\" \/>\n<script type=\"application\/ld+json\" class=\"yoast-schema-graph\">{\"@context\":\"https:\\\/\\\/schema.org\",\"@graph\":[{\"@type\":\"Article\",\"@id\":\"https:\\\/\\\/lamostradevalencia.com\\\/ca\\\/lestudi-dos-punts-dissenyara-la-imatge-grafica-de-la-39a-mostra-de-valencia\\\/#article\",\"isPartOf\":{\"@id\":\"https:\\\/\\\/lamostradevalencia.com\\\/ca\\\/lestudi-dos-punts-dissenyara-la-imatge-grafica-de-la-39a-mostra-de-valencia\\\/\"},\"author\":{\"name\":\"Mostra de Val\u00e8ncia\",\"@id\":\"https:\\\/\\\/lamostradevalencia.com\\\/ca\\\/#\\\/schema\\\/person\\\/1dc07e4df3d6310b81d2cdf6a034070c\"},\"headline\":\"L&#8217;estudi Dos Punts dissenyar\u00e0 la imatge gr\u00e0fica de la 39a Mostra de Val\u00e8ncia\",\"datePublished\":\"2024-06-18T09:03:31+00:00\",\"dateModified\":\"2024-06-18T09:03:57+00:00\",\"mainEntityOfPage\":{\"@id\":\"https:\\\/\\\/lamostradevalencia.com\\\/ca\\\/lestudi-dos-punts-dissenyara-la-imatge-grafica-de-la-39a-mostra-de-valencia\\\/\"},\"wordCount\":484,\"commentCount\":0,\"image\":{\"@id\":\"https:\\\/\\\/lamostradevalencia.com\\\/ca\\\/lestudi-dos-punts-dissenyara-la-imatge-grafica-de-la-39a-mostra-de-valencia\\\/#primaryimage\"},\"thumbnailUrl\":\"https:\\\/\\\/lamostradevalencia.com\\\/wp-content\\\/uploads\\\/2024\\\/06\\\/DosPunts_FotoEquip.jpg\",\"articleSection\":[\"Noticies\"],\"inLanguage\":\"ca\",\"potentialAction\":[{\"@type\":\"CommentAction\",\"name\":\"Comment\",\"target\":[\"https:\\\/\\\/lamostradevalencia.com\\\/ca\\\/lestudi-dos-punts-dissenyara-la-imatge-grafica-de-la-39a-mostra-de-valencia\\\/#respond\"]}]},{\"@type\":\"WebPage\",\"@id\":\"https:\\\/\\\/lamostradevalencia.com\\\/ca\\\/lestudi-dos-punts-dissenyara-la-imatge-grafica-de-la-39a-mostra-de-valencia\\\/\",\"url\":\"https:\\\/\\\/lamostradevalencia.com\\\/ca\\\/lestudi-dos-punts-dissenyara-la-imatge-grafica-de-la-39a-mostra-de-valencia\\\/\",\"name\":\"L'estudi Dos Punts dissenyar\u00e0 la imatge gr\u00e0fica de la 39a Mostra de Val\u00e8ncia - Mostra de Val\u00e8ncia\",\"isPartOf\":{\"@id\":\"https:\\\/\\\/lamostradevalencia.com\\\/ca\\\/#website\"},\"primaryImageOfPage\":{\"@id\":\"https:\\\/\\\/lamostradevalencia.com\\\/ca\\\/lestudi-dos-punts-dissenyara-la-imatge-grafica-de-la-39a-mostra-de-valencia\\\/#primaryimage\"},\"image\":{\"@id\":\"https:\\\/\\\/lamostradevalencia.com\\\/ca\\\/lestudi-dos-punts-dissenyara-la-imatge-grafica-de-la-39a-mostra-de-valencia\\\/#primaryimage\"},\"thumbnailUrl\":\"https:\\\/\\\/lamostradevalencia.com\\\/wp-content\\\/uploads\\\/2024\\\/06\\\/DosPunts_FotoEquip.jpg\",\"datePublished\":\"2024-06-18T09:03:31+00:00\",\"dateModified\":\"2024-06-18T09:03:57+00:00\",\"author\":{\"@id\":\"https:\\\/\\\/lamostradevalencia.com\\\/ca\\\/#\\\/schema\\\/person\\\/1dc07e4df3d6310b81d2cdf6a034070c\"},\"breadcrumb\":{\"@id\":\"https:\\\/\\\/lamostradevalencia.com\\\/ca\\\/lestudi-dos-punts-dissenyara-la-imatge-grafica-de-la-39a-mostra-de-valencia\\\/#breadcrumb\"},\"inLanguage\":\"ca\",\"potentialAction\":[{\"@type\":\"ReadAction\",\"target\":[\"https:\\\/\\\/lamostradevalencia.com\\\/ca\\\/lestudi-dos-punts-dissenyara-la-imatge-grafica-de-la-39a-mostra-de-valencia\\\/\"]}]},{\"@type\":\"ImageObject\",\"inLanguage\":\"ca\",\"@id\":\"https:\\\/\\\/lamostradevalencia.com\\\/ca\\\/lestudi-dos-punts-dissenyara-la-imatge-grafica-de-la-39a-mostra-de-valencia\\\/#primaryimage\",\"url\":\"https:\\\/\\\/lamostradevalencia.com\\\/wp-content\\\/uploads\\\/2024\\\/06\\\/DosPunts_FotoEquip.jpg\",\"contentUrl\":\"https:\\\/\\\/lamostradevalencia.com\\\/wp-content\\\/uploads\\\/2024\\\/06\\\/DosPunts_FotoEquip.jpg\",\"width\":938,\"height\":976,\"caption\":\"OLYMPUS DIGITAL CAMERA\"},{\"@type\":\"BreadcrumbList\",\"@id\":\"https:\\\/\\\/lamostradevalencia.com\\\/ca\\\/lestudi-dos-punts-dissenyara-la-imatge-grafica-de-la-39a-mostra-de-valencia\\\/#breadcrumb\",\"itemListElement\":[{\"@type\":\"ListItem\",\"position\":1,\"name\":\"Portada\",\"item\":\"https:\\\/\\\/lamostradevalencia.com\\\/ca\\\/\"},{\"@type\":\"ListItem\",\"position\":2,\"name\":\"L&#8217;estudi Dos Punts dissenyar\u00e0 la imatge gr\u00e0fica de la 39a Mostra de Val\u00e8ncia\"}]},{\"@type\":\"WebSite\",\"@id\":\"https:\\\/\\\/lamostradevalencia.com\\\/ca\\\/#website\",\"url\":\"https:\\\/\\\/lamostradevalencia.com\\\/ca\\\/\",\"name\":\"Mostra de Val\u00e8ncia\",\"description\":\"Cinema del Mediterrani\",\"potentialAction\":[{\"@type\":\"SearchAction\",\"target\":{\"@type\":\"EntryPoint\",\"urlTemplate\":\"https:\\\/\\\/lamostradevalencia.com\\\/ca\\\/?s={search_term_string}\"},\"query-input\":{\"@type\":\"PropertyValueSpecification\",\"valueRequired\":true,\"valueName\":\"search_term_string\"}}],\"inLanguage\":\"ca\"},{\"@type\":\"Person\",\"@id\":\"https:\\\/\\\/lamostradevalencia.com\\\/ca\\\/#\\\/schema\\\/person\\\/1dc07e4df3d6310b81d2cdf6a034070c\",\"name\":\"Mostra de Val\u00e8ncia\",\"image\":{\"@type\":\"ImageObject\",\"inLanguage\":\"ca\",\"@id\":\"https:\\\/\\\/secure.gravatar.com\\\/avatar\\\/ada4dfd699a9907706987adb1bb2b361c2613ccca474b49b8c648de5208e32f8?s=96&d=mm&r=g\",\"url\":\"https:\\\/\\\/secure.gravatar.com\\\/avatar\\\/ada4dfd699a9907706987adb1bb2b361c2613ccca474b49b8c648de5208e32f8?s=96&d=mm&r=g\",\"contentUrl\":\"https:\\\/\\\/secure.gravatar.com\\\/avatar\\\/ada4dfd699a9907706987adb1bb2b361c2613ccca474b49b8c648de5208e32f8?s=96&d=mm&r=g\",\"caption\":\"Mostra de Val\u00e8ncia\"}}]}<\/script>\n<!-- \/ Yoast SEO plugin. -->","yoast_head_json":{"title":"L'estudi Dos Punts dissenyar\u00e0 la imatge gr\u00e0fica de la 39a Mostra de Val\u00e8ncia - Mostra de Val\u00e8ncia","robots":{"index":"index","follow":"follow","max-snippet":"max-snippet:-1","max-image-preview":"max-image-preview:large","max-video-preview":"max-video-preview:-1"},"canonical":"https:\/\/lamostradevalencia.com\/ca\/lestudi-dos-punts-dissenyara-la-imatge-grafica-de-la-39a-mostra-de-valencia\/","og_locale":"ca_ES","og_type":"article","og_title":"L'estudi Dos Punts dissenyar\u00e0 la imatge gr\u00e0fica de la 39a Mostra de Val\u00e8ncia - Mostra de Val\u00e8ncia","og_description":"L\u2019estudi Dos Punts ser\u00e0 l\u2019encarregat de crear la imatge gr\u00e0fica de la 39\u00aa edici\u00f3 de Mostra de Val\u00e8ncia-Cinema del Mediterrani, que se celebrar\u00e0 del 24 [&hellip;]","og_url":"https:\/\/lamostradevalencia.com\/ca\/lestudi-dos-punts-dissenyara-la-imatge-grafica-de-la-39a-mostra-de-valencia\/","og_site_name":"Mostra de Val\u00e8ncia","article_published_time":"2024-06-18T09:03:31+00:00","article_modified_time":"2024-06-18T09:03:57+00:00","og_image":[{"width":938,"height":976,"url":"https:\/\/lamostradevalencia.com\/wp-content\/uploads\/2024\/06\/DosPunts_FotoEquip.jpg","type":"image\/jpeg"}],"author":"Mostra de Val\u00e8ncia","twitter_card":"summary_large_image","twitter_misc":{"Escrit per":"Mostra de Val\u00e8ncia","Temps estimat de lectura":"3 minuts"},"schema":{"@context":"https:\/\/schema.org","@graph":[{"@type":"Article","@id":"https:\/\/lamostradevalencia.com\/ca\/lestudi-dos-punts-dissenyara-la-imatge-grafica-de-la-39a-mostra-de-valencia\/#article","isPartOf":{"@id":"https:\/\/lamostradevalencia.com\/ca\/lestudi-dos-punts-dissenyara-la-imatge-grafica-de-la-39a-mostra-de-valencia\/"},"author":{"name":"Mostra de Val\u00e8ncia","@id":"https:\/\/lamostradevalencia.com\/ca\/#\/schema\/person\/1dc07e4df3d6310b81d2cdf6a034070c"},"headline":"L&#8217;estudi Dos Punts dissenyar\u00e0 la imatge gr\u00e0fica de la 39a Mostra de Val\u00e8ncia","datePublished":"2024-06-18T09:03:31+00:00","dateModified":"2024-06-18T09:03:57+00:00","mainEntityOfPage":{"@id":"https:\/\/lamostradevalencia.com\/ca\/lestudi-dos-punts-dissenyara-la-imatge-grafica-de-la-39a-mostra-de-valencia\/"},"wordCount":484,"commentCount":0,"image":{"@id":"https:\/\/lamostradevalencia.com\/ca\/lestudi-dos-punts-dissenyara-la-imatge-grafica-de-la-39a-mostra-de-valencia\/#primaryimage"},"thumbnailUrl":"https:\/\/lamostradevalencia.com\/wp-content\/uploads\/2024\/06\/DosPunts_FotoEquip.jpg","articleSection":["Noticies"],"inLanguage":"ca","potentialAction":[{"@type":"CommentAction","name":"Comment","target":["https:\/\/lamostradevalencia.com\/ca\/lestudi-dos-punts-dissenyara-la-imatge-grafica-de-la-39a-mostra-de-valencia\/#respond"]}]},{"@type":"WebPage","@id":"https:\/\/lamostradevalencia.com\/ca\/lestudi-dos-punts-dissenyara-la-imatge-grafica-de-la-39a-mostra-de-valencia\/","url":"https:\/\/lamostradevalencia.com\/ca\/lestudi-dos-punts-dissenyara-la-imatge-grafica-de-la-39a-mostra-de-valencia\/","name":"L'estudi Dos Punts dissenyar\u00e0 la imatge gr\u00e0fica de la 39a Mostra de Val\u00e8ncia - Mostra de Val\u00e8ncia","isPartOf":{"@id":"https:\/\/lamostradevalencia.com\/ca\/#website"},"primaryImageOfPage":{"@id":"https:\/\/lamostradevalencia.com\/ca\/lestudi-dos-punts-dissenyara-la-imatge-grafica-de-la-39a-mostra-de-valencia\/#primaryimage"},"image":{"@id":"https:\/\/lamostradevalencia.com\/ca\/lestudi-dos-punts-dissenyara-la-imatge-grafica-de-la-39a-mostra-de-valencia\/#primaryimage"},"thumbnailUrl":"https:\/\/lamostradevalencia.com\/wp-content\/uploads\/2024\/06\/DosPunts_FotoEquip.jpg","datePublished":"2024-06-18T09:03:31+00:00","dateModified":"2024-06-18T09:03:57+00:00","author":{"@id":"https:\/\/lamostradevalencia.com\/ca\/#\/schema\/person\/1dc07e4df3d6310b81d2cdf6a034070c"},"breadcrumb":{"@id":"https:\/\/lamostradevalencia.com\/ca\/lestudi-dos-punts-dissenyara-la-imatge-grafica-de-la-39a-mostra-de-valencia\/#breadcrumb"},"inLanguage":"ca","potentialAction":[{"@type":"ReadAction","target":["https:\/\/lamostradevalencia.com\/ca\/lestudi-dos-punts-dissenyara-la-imatge-grafica-de-la-39a-mostra-de-valencia\/"]}]},{"@type":"ImageObject","inLanguage":"ca","@id":"https:\/\/lamostradevalencia.com\/ca\/lestudi-dos-punts-dissenyara-la-imatge-grafica-de-la-39a-mostra-de-valencia\/#primaryimage","url":"https:\/\/lamostradevalencia.com\/wp-content\/uploads\/2024\/06\/DosPunts_FotoEquip.jpg","contentUrl":"https:\/\/lamostradevalencia.com\/wp-content\/uploads\/2024\/06\/DosPunts_FotoEquip.jpg","width":938,"height":976,"caption":"OLYMPUS DIGITAL CAMERA"},{"@type":"BreadcrumbList","@id":"https:\/\/lamostradevalencia.com\/ca\/lestudi-dos-punts-dissenyara-la-imatge-grafica-de-la-39a-mostra-de-valencia\/#breadcrumb","itemListElement":[{"@type":"ListItem","position":1,"name":"Portada","item":"https:\/\/lamostradevalencia.com\/ca\/"},{"@type":"ListItem","position":2,"name":"L&#8217;estudi Dos Punts dissenyar\u00e0 la imatge gr\u00e0fica de la 39a Mostra de Val\u00e8ncia"}]},{"@type":"WebSite","@id":"https:\/\/lamostradevalencia.com\/ca\/#website","url":"https:\/\/lamostradevalencia.com\/ca\/","name":"Mostra de Val\u00e8ncia","description":"Cinema del Mediterrani","potentialAction":[{"@type":"SearchAction","target":{"@type":"EntryPoint","urlTemplate":"https:\/\/lamostradevalencia.com\/ca\/?s={search_term_string}"},"query-input":{"@type":"PropertyValueSpecification","valueRequired":true,"valueName":"search_term_string"}}],"inLanguage":"ca"},{"@type":"Person","@id":"https:\/\/lamostradevalencia.com\/ca\/#\/schema\/person\/1dc07e4df3d6310b81d2cdf6a034070c","name":"Mostra de Val\u00e8ncia","image":{"@type":"ImageObject","inLanguage":"ca","@id":"https:\/\/secure.gravatar.com\/avatar\/ada4dfd699a9907706987adb1bb2b361c2613ccca474b49b8c648de5208e32f8?s=96&d=mm&r=g","url":"https:\/\/secure.gravatar.com\/avatar\/ada4dfd699a9907706987adb1bb2b361c2613ccca474b49b8c648de5208e32f8?s=96&d=mm&r=g","contentUrl":"https:\/\/secure.gravatar.com\/avatar\/ada4dfd699a9907706987adb1bb2b361c2613ccca474b49b8c648de5208e32f8?s=96&d=mm&r=g","caption":"Mostra de Val\u00e8ncia"}}]}},"uagb_featured_image_src":{"full":["https:\/\/lamostradevalencia.com\/wp-content\/uploads\/2024\/06\/DosPunts_FotoEquip.jpg",938,976,false],"thumbnail":["https:\/\/lamostradevalencia.com\/wp-content\/uploads\/2024\/06\/DosPunts_FotoEquip-150x150.jpg",150,150,true],"medium":["https:\/\/lamostradevalencia.com\/wp-content\/uploads\/2024\/06\/DosPunts_FotoEquip-288x300.jpg",288,300,true],"medium_large":["https:\/\/lamostradevalencia.com\/wp-content\/uploads\/2024\/06\/DosPunts_FotoEquip-768x799.jpg",768,799,true],"large":["https:\/\/lamostradevalencia.com\/wp-content\/uploads\/2024\/06\/DosPunts_FotoEquip.jpg",938,976,false],"1536x1536":["https:\/\/lamostradevalencia.com\/wp-content\/uploads\/2024\/06\/DosPunts_FotoEquip.jpg",938,976,false],"2048x2048":["https:\/\/lamostradevalencia.com\/wp-content\/uploads\/2024\/06\/DosPunts_FotoEquip.jpg",938,976,false],"cinerama_edge_image_square":["https:\/\/lamostradevalencia.com\/wp-content\/uploads\/2024\/06\/DosPunts_FotoEquip-550x550.jpg",550,550,true],"cinerama_edge_image_landscape":["https:\/\/lamostradevalencia.com\/wp-content\/uploads\/2024\/06\/DosPunts_FotoEquip-938x550.jpg",938,550,true],"cinerama_edge_image_portrait":["https:\/\/lamostradevalencia.com\/wp-content\/uploads\/2024\/06\/DosPunts_FotoEquip-550x976.jpg",550,976,true],"cinerama_edge_image_huge":["https:\/\/lamostradevalencia.com\/wp-content\/uploads\/2024\/06\/DosPunts_FotoEquip.jpg",938,976,false],"gform-image-choice-sm":["https:\/\/lamostradevalencia.com\/wp-content\/uploads\/2024\/06\/DosPunts_FotoEquip.jpg",288,300,false],"gform-image-choice-md":["https:\/\/lamostradevalencia.com\/wp-content\/uploads\/2024\/06\/DosPunts_FotoEquip.jpg",384,400,false],"gform-image-choice-lg":["https:\/\/lamostradevalencia.com\/wp-content\/uploads\/2024\/06\/DosPunts_FotoEquip.jpg",577,600,false]},"uagb_author_info":{"display_name":"Mostra de Val\u00e8ncia","author_link":"https:\/\/lamostradevalencia.com\/ca\/author\/mostravalencia\/"},"uagb_comment_info":0,"uagb_excerpt":"L\u2019estudi Dos Punts ser\u00e0 l\u2019encarregat de crear la imatge gr\u00e0fica de la 39\u00aa edici\u00f3 de Mostra de Val\u00e8ncia-Cinema del Mediterrani, que se celebrar\u00e0 del 24 [&hellip;]","_links":{"self":[{"href":"https:\/\/lamostradevalencia.com\/ca\/wp-json\/wp\/v2\/posts\/22945","targetHints":{"allow":["GET"]}}],"collection":[{"href":"https:\/\/lamostradevalencia.com\/ca\/wp-json\/wp\/v2\/posts"}],"about":[{"href":"https:\/\/lamostradevalencia.com\/ca\/wp-json\/wp\/v2\/types\/post"}],"author":[{"embeddable":true,"href":"https:\/\/lamostradevalencia.com\/ca\/wp-json\/wp\/v2\/users\/1"}],"replies":[{"embeddable":true,"href":"https:\/\/lamostradevalencia.com\/ca\/wp-json\/wp\/v2\/comments?post=22945"}],"version-history":[{"count":1,"href":"https:\/\/lamostradevalencia.com\/ca\/wp-json\/wp\/v2\/posts\/22945\/revisions"}],"predecessor-version":[{"id":22946,"href":"https:\/\/lamostradevalencia.com\/ca\/wp-json\/wp\/v2\/posts\/22945\/revisions\/22946"}],"wp:featuredmedia":[{"embeddable":true,"href":"https:\/\/lamostradevalencia.com\/ca\/wp-json\/wp\/v2\/media\/22939"}],"wp:attachment":[{"href":"https:\/\/lamostradevalencia.com\/ca\/wp-json\/wp\/v2\/media?parent=22945"}],"wp:term":[{"taxonomy":"category","embeddable":true,"href":"https:\/\/lamostradevalencia.com\/ca\/wp-json\/wp\/v2\/categories?post=22945"},{"taxonomy":"post_tag","embeddable":true,"href":"https:\/\/lamostradevalencia.com\/ca\/wp-json\/wp\/v2\/tags?post=22945"}],"curies":[{"name":"wp","href":"https:\/\/api.w.org\/{rel}","templated":true}]}}