{"id":22528,"date":"2023-10-28T20:39:56","date_gmt":"2023-10-28T18:39:56","guid":{"rendered":"https:\/\/lamostradevalencia.com\/?p=22528"},"modified":"2023-10-28T20:39:56","modified_gmt":"2023-10-28T18:39:56","slug":"la-pel%c2%b7licula-libanesa-riverbed-salca-amb-la-palmera-dor-de-mostra-de-valencia","status":"publish","type":"post","link":"https:\/\/lamostradevalencia.com\/ca\/la-pel%c2%b7licula-libanesa-riverbed-salca-amb-la-palmera-dor-de-mostra-de-valencia\/","title":{"rendered":"La pel\u00b7l\u00edcula libanesa \u2018Riverbed\u2019 s&#8217;al\u00e7a amb la Palmera d&#8217;Or de Mostra de Val\u00e8ncia"},"content":{"rendered":"<h5>Palmera de Plata per a la portuguesa \u2018Cidade Rabat\u2019, mentre que la marroquina \u2018Deserts\u2019 obt\u00e9 Direcci\u00f3 i Actor<\/h5>\n<h5>Claudia Faci es fa amb el Premi a la Millor Actriu per la seua interpretaci\u00f3 en la\u00a0valenciana \u2018\u2018Marina, Unplugged\u2019<\/h5>\n<p><span style=\"font-weight: 400;\">En el mateix espai on Paolo Sorrentino va recollir la Palmera d&#8217;Honor fa uns dies, la Sala Iturbi del restaurat Palau de la M\u00fasica, s&#8217;ha celebrat la gala de clausura de la 38a Mostra de Mostra de Val\u00e8ncia-Cinema del Mediterrani. Sens dubte, la vencedora de la nit ha sigut la libanesa\u00a0<\/span><span style=\"font-weight: 400;\">\u2018<\/span><strong>Riverbed\u2019, de Bassem Breche,<\/strong><span style=\"font-weight: 400;\">\u00a0que s&#8217;ha al\u00e7at amb la Palmera d&#8217;Or, el Premi a la Millor Fotografia (Nadim Saoma) i a la Millor Banda Sonora (Sharif Senhaoui). El guard\u00f3 principal est\u00e0\u00a0<\/span><strong>dotat amb 30.000 euros a la producci\u00f3 i 15.000 m\u00e9s a la distribuci\u00f3 espanyola.<\/strong><br style=\"font-weight: 400;\" \/><br style=\"font-weight: 400;\" \/><span style=\"font-weight: 400;\">La protagonista del film,\u00a0<strong>Omaya Malaeb,<\/strong>\u00a0va recollir les estatuetes en representaci\u00f3 de l&#8217;equip, donades les dificultats per a obtindre visat des de L\u00edban, a causa del conflicte a Gaza. La \u201cpoesia visual\u201d de la cinta li ha fet mereixedora dels premis, al costat de l&#8217;assoliment d&#8217;unir\u00a0<strong>\u201cdos temporalitats diferents i el fet que els espais interiors i exteriors es convertisquen en un personatge tan fort com les dos actrius principals, que\u00a0<\/strong><\/span><strong>fan que esta pel\u00b7l\u00edcula explique d&#8217;una manera inesperada una hist\u00f2ria sobre el fet de ser dona, la maternitat i el rebuig d&#8217;esta dins dels constructes socials\u201d,<\/strong><span style=\"font-weight: 400;\">\u00a0segons va destacar el jurat format per\u00a0<\/span><strong>Maria Hatzakou (Gr\u00e8cia), Diana Al-Halabi (L\u00edban), Fatma Cherif (Tun\u00edsia) i Michela Occhipinti (It\u00e0lia).<\/strong><br style=\"font-weight: 400;\" \/><br style=\"font-weight: 400;\" \/><span style=\"font-weight: 400;\">La\u00a0<\/span><strong>Palmera de Plata<\/strong><span style=\"font-weight: 400;\">\u00a0va viatjar fins a Portugal i va anar a parar a les mans de\u00a0<\/span><strong>Susana Nobre, directora de \u2018Cidade Rabat\u2019,<\/strong><span style=\"font-weight: 400;\">\u00a0una pel\u00b7l\u00edcula que ha commogut al jurat pel seu tractament de<\/span><strong>\u00a0\u201cla p\u00e8rdua, la soledat i la feminitat, aix\u00ed com per retratar amb tendresa la vida quotidiana d&#8217;una dona a trav\u00e9s d&#8217;una posada en escena sense pretensi\u00f3 i delicada\u201d.\u00a0<\/strong><span style=\"font-weight: 400;\">El guard\u00f3 comporta a m\u00e9s una recompensa de 20.000 euros per a la producci\u00f3.<\/span><br style=\"font-weight: 400;\" \/><br style=\"font-weight: 400;\" \/><span style=\"font-weight: 400;\">Una altra de les triomfadores de la nit va ser la marroquina\u00a0<\/span><strong>\u2018Deserts\u2019, que es va al\u00e7ar amb el Premi a la Millor Direcci\u00f3 per a Faouzi Bensa\u00efdi i el de Millor Actor, ex-aequo per als seus dos protagonistes, Fehd Benchemsi i Abdelhadi Talbi.\u00a0<\/strong><span style=\"font-weight: 400;\">Es tracta d&#8217;una com\u00e8dia amb tocs m\u00edstics que denuncia l&#8217;aband\u00f3 dels poblats del Sud del Marroc.<\/span><br style=\"font-weight: 400;\" \/><br style=\"font-weight: 400;\" \/><span style=\"font-weight: 400;\">Tamb\u00e9 va haver-hi pres\u00e8ncia nacional en el palmar\u00e9s, en este cas per a\u00a0<\/span><span style=\"font-weight: 400;\">l&#8217;aclaparadora interpretaci\u00f3 de\u00a0<\/span><strong>Claudia Faci, protagonista absoluta del film valenci\u00e0 \u2018Marina, Unplugged\u2019, d&#8217;Alfonso Amador<\/strong><span style=\"font-weight: 400;\">, que se submergix en la ret\u00f2rica de l&#8217;extrema dreta.\u00a0<\/span><strong>El Millor Gui\u00f3 va anar a parar a les mans de Vladimir Peri\u0161i\u0107 i Alice Winocour per \u2018Lost Country\u2019,<\/strong><span style=\"font-weight: 400;\">\u00a0una cinta ambientada en 1996, a Belgrad, durant una convocat\u00f2ria electoral que el partit de Milo\u0161evi\u0107 va acabar perdent de manera inesperada.<\/span><br style=\"font-weight: 400;\" \/><br style=\"font-weight: 400;\" \/><span style=\"font-weight: 400;\">L\u00edban tamb\u00e9 s&#8217;ha imposat en la Secci\u00f3 Informativa del festival, ja que la cinta\u00a0<\/span><span style=\"font-weight: 400;\">\u2018<\/span><strong>Dancing On The Edge Of A Volcano\u2019 ha obtingut la m\u00e0xima puntuaci\u00f3 en el Premi \u00c0 Punt del P\u00fablic,<\/strong><span style=\"font-weight: 400;\">\u00a0que suposa el comprom\u00eds d\u2019este d&#8217;adquirir els drets de la guanyadora. Es tracta d&#8217;un documental de Cyril Aris que relata la complexa situaci\u00f3 a la qual va haver d&#8217;enfrontar-se l&#8217;equip de rodatge de la pel\u00b7l\u00edcula &#8216;Costa Brava, L\u00edban&#8217; (tamb\u00e9 projectada en el festival), quan a punt d&#8217;iniciar la producci\u00f3, i en plena pand\u00e8mia, es va produir una explosi\u00f3 en el port de Beirut.<\/span><br style=\"font-weight: 400;\" \/><br style=\"font-weight: 400;\" \/><span style=\"font-weight: 400;\">La gala, dirigida per\u00a0<\/span><strong>Anna Mar\u00ed<\/strong><span style=\"font-weight: 400;\">\u00a0i presentada per\u00a0<\/span><strong>Paloma Vidal i Daniel Tormo,<\/strong><span style=\"font-weight: 400;\">\u00a0ha comptat amb l&#8217;actuaci\u00f3 dels ballarins Miguel Tornero i Miguel\u00a0<\/span><span style=\"font-weight: 400;\">\u00c1ngel Punzano, dels col\u00b7lectius Cuinant Dansa i Teixit Connectiu. Les pel\u00b7l\u00edcules guardonades amb la Palmera d&#8217;Or i Plata, aix\u00ed com la guardonada amb el premi del p\u00fablic, podran veure&#8217;s als Cines Babel este diumenge.<\/span><br style=\"font-weight: 400;\" \/><br style=\"font-weight: 400;\" \/><span style=\"font-weight: 400;\">La 38a edici\u00f3 de Mostra de Val\u00e8ncia-Cinema del Mediterrani est\u00e0 organitzada per l&#8217;Ajuntament de Val\u00e8ncia i compta amb la col\u00b7laboraci\u00f3 de l\u2019Institut Valenci\u00e0 de Cultura (IVC), el Palau de la M\u00fasica, Barreira Arte + Dise\u00f1o i \u00c0 Punt M\u00e8dia com a mitj\u00e0 oficial.<\/span><\/p>\n","protected":false},"excerpt":{"rendered":"<p>Palmera de Plata per a la portuguesa \u2018Cidade Rabat\u2019, mentre que la marroquina \u2018Deserts\u2019 obt\u00e9 Direcci\u00f3 i Actor Claudia Faci es fa amb el Premi [&hellip;]<\/p>\n","protected":false},"author":1,"featured_media":22524,"comment_status":"open","ping_status":"open","sticky":false,"template":"","format":"standard","meta":{"_uag_custom_page_level_css":"","_jet_sm_ready_style":"","_jet_sm_style":"","_jet_sm_controls_values":"","_jet_sm_fonts_collection":"","_jet_sm_fonts_links":"","footnotes":""},"categories":[455],"tags":[],"class_list":["post-22528","post","type-post","status-publish","format-standard","has-post-thumbnail","hentry","category-noticies"],"yoast_head":"<!-- This site is optimized with the Yoast SEO plugin v27.5 - https:\/\/yoast.com\/product\/yoast-seo-wordpress\/ -->\n<title>La pel\u00b7l\u00edcula libanesa \u2018Riverbed\u2019 s&#039;al\u00e7a amb la Palmera d&#039;Or de Mostra de Val\u00e8ncia - Mostra de Val\u00e8ncia<\/title>\n<meta name=\"robots\" content=\"index, follow, max-snippet:-1, max-image-preview:large, max-video-preview:-1\" \/>\n<link rel=\"canonical\" href=\"https:\/\/lamostradevalencia.com\/ca\/la-pel%c2%b7licula-libanesa-riverbed-salca-amb-la-palmera-dor-de-mostra-de-valencia\/\" \/>\n<meta property=\"og:locale\" content=\"ca_ES\" \/>\n<meta property=\"og:type\" content=\"article\" \/>\n<meta property=\"og:title\" content=\"La pel\u00b7l\u00edcula libanesa \u2018Riverbed\u2019 s&#039;al\u00e7a amb la Palmera d&#039;Or de Mostra de Val\u00e8ncia - Mostra de Val\u00e8ncia\" \/>\n<meta property=\"og:description\" content=\"Palmera de Plata per a la portuguesa \u2018Cidade Rabat\u2019, mentre que la marroquina \u2018Deserts\u2019 obt\u00e9 Direcci\u00f3 i Actor Claudia Faci es fa amb el Premi [&hellip;]\" \/>\n<meta property=\"og:url\" content=\"https:\/\/lamostradevalencia.com\/ca\/la-pel%c2%b7licula-libanesa-riverbed-salca-amb-la-palmera-dor-de-mostra-de-valencia\/\" \/>\n<meta property=\"og:site_name\" content=\"Mostra de Val\u00e8ncia\" \/>\n<meta property=\"article:published_time\" content=\"2023-10-28T18:39:56+00:00\" \/>\n<meta property=\"og:image\" content=\"https:\/\/lamostradevalencia.com\/wp-content\/uploads\/2023\/10\/K2K03994.jpg\" \/>\n\t<meta property=\"og:image:width\" content=\"1616\" \/>\n\t<meta property=\"og:image:height\" content=\"1080\" \/>\n\t<meta property=\"og:image:type\" content=\"image\/jpeg\" \/>\n<meta name=\"author\" content=\"Mostra de Val\u00e8ncia\" \/>\n<meta name=\"twitter:card\" content=\"summary_large_image\" \/>\n<meta name=\"twitter:label1\" content=\"Escrit per\" \/>\n\t<meta name=\"twitter:data1\" content=\"Mostra de Val\u00e8ncia\" \/>\n\t<meta name=\"twitter:label2\" content=\"Temps estimat de lectura\" \/>\n\t<meta name=\"twitter:data2\" content=\"4 minuts\" \/>\n<script type=\"application\/ld+json\" class=\"yoast-schema-graph\">{\"@context\":\"https:\\\/\\\/schema.org\",\"@graph\":[{\"@type\":\"Article\",\"@id\":\"https:\\\/\\\/lamostradevalencia.com\\\/ca\\\/la-pel%c2%b7licula-libanesa-riverbed-salca-amb-la-palmera-dor-de-mostra-de-valencia\\\/#article\",\"isPartOf\":{\"@id\":\"https:\\\/\\\/lamostradevalencia.com\\\/ca\\\/la-pel%c2%b7licula-libanesa-riverbed-salca-amb-la-palmera-dor-de-mostra-de-valencia\\\/\"},\"author\":{\"name\":\"Mostra de Val\u00e8ncia\",\"@id\":\"https:\\\/\\\/lamostradevalencia.com\\\/ca\\\/#\\\/schema\\\/person\\\/1dc07e4df3d6310b81d2cdf6a034070c\"},\"headline\":\"La pel\u00b7l\u00edcula libanesa \u2018Riverbed\u2019 s&#8217;al\u00e7a amb la Palmera d&#8217;Or de Mostra de Val\u00e8ncia\",\"datePublished\":\"2023-10-28T18:39:56+00:00\",\"mainEntityOfPage\":{\"@id\":\"https:\\\/\\\/lamostradevalencia.com\\\/ca\\\/la-pel%c2%b7licula-libanesa-riverbed-salca-amb-la-palmera-dor-de-mostra-de-valencia\\\/\"},\"wordCount\":748,\"commentCount\":0,\"image\":{\"@id\":\"https:\\\/\\\/lamostradevalencia.com\\\/ca\\\/la-pel%c2%b7licula-libanesa-riverbed-salca-amb-la-palmera-dor-de-mostra-de-valencia\\\/#primaryimage\"},\"thumbnailUrl\":\"https:\\\/\\\/lamostradevalencia.com\\\/wp-content\\\/uploads\\\/2023\\\/10\\\/K2K03994.jpg\",\"articleSection\":[\"Noticies\"],\"inLanguage\":\"ca\",\"potentialAction\":[{\"@type\":\"CommentAction\",\"name\":\"Comment\",\"target\":[\"https:\\\/\\\/lamostradevalencia.com\\\/ca\\\/la-pel%c2%b7licula-libanesa-riverbed-salca-amb-la-palmera-dor-de-mostra-de-valencia\\\/#respond\"]}]},{\"@type\":\"WebPage\",\"@id\":\"https:\\\/\\\/lamostradevalencia.com\\\/ca\\\/la-pel%c2%b7licula-libanesa-riverbed-salca-amb-la-palmera-dor-de-mostra-de-valencia\\\/\",\"url\":\"https:\\\/\\\/lamostradevalencia.com\\\/ca\\\/la-pel%c2%b7licula-libanesa-riverbed-salca-amb-la-palmera-dor-de-mostra-de-valencia\\\/\",\"name\":\"La pel\u00b7l\u00edcula libanesa \u2018Riverbed\u2019 s'al\u00e7a amb la Palmera d'Or de Mostra de Val\u00e8ncia - Mostra de Val\u00e8ncia\",\"isPartOf\":{\"@id\":\"https:\\\/\\\/lamostradevalencia.com\\\/ca\\\/#website\"},\"primaryImageOfPage\":{\"@id\":\"https:\\\/\\\/lamostradevalencia.com\\\/ca\\\/la-pel%c2%b7licula-libanesa-riverbed-salca-amb-la-palmera-dor-de-mostra-de-valencia\\\/#primaryimage\"},\"image\":{\"@id\":\"https:\\\/\\\/lamostradevalencia.com\\\/ca\\\/la-pel%c2%b7licula-libanesa-riverbed-salca-amb-la-palmera-dor-de-mostra-de-valencia\\\/#primaryimage\"},\"thumbnailUrl\":\"https:\\\/\\\/lamostradevalencia.com\\\/wp-content\\\/uploads\\\/2023\\\/10\\\/K2K03994.jpg\",\"datePublished\":\"2023-10-28T18:39:56+00:00\",\"author\":{\"@id\":\"https:\\\/\\\/lamostradevalencia.com\\\/ca\\\/#\\\/schema\\\/person\\\/1dc07e4df3d6310b81d2cdf6a034070c\"},\"breadcrumb\":{\"@id\":\"https:\\\/\\\/lamostradevalencia.com\\\/ca\\\/la-pel%c2%b7licula-libanesa-riverbed-salca-amb-la-palmera-dor-de-mostra-de-valencia\\\/#breadcrumb\"},\"inLanguage\":\"ca\",\"potentialAction\":[{\"@type\":\"ReadAction\",\"target\":[\"https:\\\/\\\/lamostradevalencia.com\\\/ca\\\/la-pel%c2%b7licula-libanesa-riverbed-salca-amb-la-palmera-dor-de-mostra-de-valencia\\\/\"]}]},{\"@type\":\"ImageObject\",\"inLanguage\":\"ca\",\"@id\":\"https:\\\/\\\/lamostradevalencia.com\\\/ca\\\/la-pel%c2%b7licula-libanesa-riverbed-salca-amb-la-palmera-dor-de-mostra-de-valencia\\\/#primaryimage\",\"url\":\"https:\\\/\\\/lamostradevalencia.com\\\/wp-content\\\/uploads\\\/2023\\\/10\\\/K2K03994.jpg\",\"contentUrl\":\"https:\\\/\\\/lamostradevalencia.com\\\/wp-content\\\/uploads\\\/2023\\\/10\\\/K2K03994.jpg\",\"width\":1616,\"height\":1080},{\"@type\":\"BreadcrumbList\",\"@id\":\"https:\\\/\\\/lamostradevalencia.com\\\/ca\\\/la-pel%c2%b7licula-libanesa-riverbed-salca-amb-la-palmera-dor-de-mostra-de-valencia\\\/#breadcrumb\",\"itemListElement\":[{\"@type\":\"ListItem\",\"position\":1,\"name\":\"Portada\",\"item\":\"https:\\\/\\\/lamostradevalencia.com\\\/ca\\\/\"},{\"@type\":\"ListItem\",\"position\":2,\"name\":\"La pel\u00b7l\u00edcula libanesa \u2018Riverbed\u2019 s&#8217;al\u00e7a amb la Palmera d&#8217;Or de Mostra de Val\u00e8ncia\"}]},{\"@type\":\"WebSite\",\"@id\":\"https:\\\/\\\/lamostradevalencia.com\\\/ca\\\/#website\",\"url\":\"https:\\\/\\\/lamostradevalencia.com\\\/ca\\\/\",\"name\":\"Mostra de Val\u00e8ncia\",\"description\":\"Cinema del Mediterrani\",\"potentialAction\":[{\"@type\":\"SearchAction\",\"target\":{\"@type\":\"EntryPoint\",\"urlTemplate\":\"https:\\\/\\\/lamostradevalencia.com\\\/ca\\\/?s={search_term_string}\"},\"query-input\":{\"@type\":\"PropertyValueSpecification\",\"valueRequired\":true,\"valueName\":\"search_term_string\"}}],\"inLanguage\":\"ca\"},{\"@type\":\"Person\",\"@id\":\"https:\\\/\\\/lamostradevalencia.com\\\/ca\\\/#\\\/schema\\\/person\\\/1dc07e4df3d6310b81d2cdf6a034070c\",\"name\":\"Mostra de Val\u00e8ncia\",\"image\":{\"@type\":\"ImageObject\",\"inLanguage\":\"ca\",\"@id\":\"https:\\\/\\\/secure.gravatar.com\\\/avatar\\\/ada4dfd699a9907706987adb1bb2b361c2613ccca474b49b8c648de5208e32f8?s=96&d=mm&r=g\",\"url\":\"https:\\\/\\\/secure.gravatar.com\\\/avatar\\\/ada4dfd699a9907706987adb1bb2b361c2613ccca474b49b8c648de5208e32f8?s=96&d=mm&r=g\",\"contentUrl\":\"https:\\\/\\\/secure.gravatar.com\\\/avatar\\\/ada4dfd699a9907706987adb1bb2b361c2613ccca474b49b8c648de5208e32f8?s=96&d=mm&r=g\",\"caption\":\"Mostra de Val\u00e8ncia\"}}]}<\/script>\n<!-- \/ Yoast SEO plugin. -->","yoast_head_json":{"title":"La pel\u00b7l\u00edcula libanesa \u2018Riverbed\u2019 s'al\u00e7a amb la Palmera d'Or de Mostra de Val\u00e8ncia - Mostra de Val\u00e8ncia","robots":{"index":"index","follow":"follow","max-snippet":"max-snippet:-1","max-image-preview":"max-image-preview:large","max-video-preview":"max-video-preview:-1"},"canonical":"https:\/\/lamostradevalencia.com\/ca\/la-pel%c2%b7licula-libanesa-riverbed-salca-amb-la-palmera-dor-de-mostra-de-valencia\/","og_locale":"ca_ES","og_type":"article","og_title":"La pel\u00b7l\u00edcula libanesa \u2018Riverbed\u2019 s'al\u00e7a amb la Palmera d'Or de Mostra de Val\u00e8ncia - Mostra de Val\u00e8ncia","og_description":"Palmera de Plata per a la portuguesa \u2018Cidade Rabat\u2019, mentre que la marroquina \u2018Deserts\u2019 obt\u00e9 Direcci\u00f3 i Actor Claudia Faci es fa amb el Premi [&hellip;]","og_url":"https:\/\/lamostradevalencia.com\/ca\/la-pel%c2%b7licula-libanesa-riverbed-salca-amb-la-palmera-dor-de-mostra-de-valencia\/","og_site_name":"Mostra de Val\u00e8ncia","article_published_time":"2023-10-28T18:39:56+00:00","og_image":[{"width":1616,"height":1080,"url":"https:\/\/lamostradevalencia.com\/wp-content\/uploads\/2023\/10\/K2K03994.jpg","type":"image\/jpeg"}],"author":"Mostra de Val\u00e8ncia","twitter_card":"summary_large_image","twitter_misc":{"Escrit per":"Mostra de Val\u00e8ncia","Temps estimat de lectura":"4 minuts"},"schema":{"@context":"https:\/\/schema.org","@graph":[{"@type":"Article","@id":"https:\/\/lamostradevalencia.com\/ca\/la-pel%c2%b7licula-libanesa-riverbed-salca-amb-la-palmera-dor-de-mostra-de-valencia\/#article","isPartOf":{"@id":"https:\/\/lamostradevalencia.com\/ca\/la-pel%c2%b7licula-libanesa-riverbed-salca-amb-la-palmera-dor-de-mostra-de-valencia\/"},"author":{"name":"Mostra de Val\u00e8ncia","@id":"https:\/\/lamostradevalencia.com\/ca\/#\/schema\/person\/1dc07e4df3d6310b81d2cdf6a034070c"},"headline":"La pel\u00b7l\u00edcula libanesa \u2018Riverbed\u2019 s&#8217;al\u00e7a amb la Palmera d&#8217;Or de Mostra de Val\u00e8ncia","datePublished":"2023-10-28T18:39:56+00:00","mainEntityOfPage":{"@id":"https:\/\/lamostradevalencia.com\/ca\/la-pel%c2%b7licula-libanesa-riverbed-salca-amb-la-palmera-dor-de-mostra-de-valencia\/"},"wordCount":748,"commentCount":0,"image":{"@id":"https:\/\/lamostradevalencia.com\/ca\/la-pel%c2%b7licula-libanesa-riverbed-salca-amb-la-palmera-dor-de-mostra-de-valencia\/#primaryimage"},"thumbnailUrl":"https:\/\/lamostradevalencia.com\/wp-content\/uploads\/2023\/10\/K2K03994.jpg","articleSection":["Noticies"],"inLanguage":"ca","potentialAction":[{"@type":"CommentAction","name":"Comment","target":["https:\/\/lamostradevalencia.com\/ca\/la-pel%c2%b7licula-libanesa-riverbed-salca-amb-la-palmera-dor-de-mostra-de-valencia\/#respond"]}]},{"@type":"WebPage","@id":"https:\/\/lamostradevalencia.com\/ca\/la-pel%c2%b7licula-libanesa-riverbed-salca-amb-la-palmera-dor-de-mostra-de-valencia\/","url":"https:\/\/lamostradevalencia.com\/ca\/la-pel%c2%b7licula-libanesa-riverbed-salca-amb-la-palmera-dor-de-mostra-de-valencia\/","name":"La pel\u00b7l\u00edcula libanesa \u2018Riverbed\u2019 s'al\u00e7a amb la Palmera d'Or de Mostra de Val\u00e8ncia - Mostra de Val\u00e8ncia","isPartOf":{"@id":"https:\/\/lamostradevalencia.com\/ca\/#website"},"primaryImageOfPage":{"@id":"https:\/\/lamostradevalencia.com\/ca\/la-pel%c2%b7licula-libanesa-riverbed-salca-amb-la-palmera-dor-de-mostra-de-valencia\/#primaryimage"},"image":{"@id":"https:\/\/lamostradevalencia.com\/ca\/la-pel%c2%b7licula-libanesa-riverbed-salca-amb-la-palmera-dor-de-mostra-de-valencia\/#primaryimage"},"thumbnailUrl":"https:\/\/lamostradevalencia.com\/wp-content\/uploads\/2023\/10\/K2K03994.jpg","datePublished":"2023-10-28T18:39:56+00:00","author":{"@id":"https:\/\/lamostradevalencia.com\/ca\/#\/schema\/person\/1dc07e4df3d6310b81d2cdf6a034070c"},"breadcrumb":{"@id":"https:\/\/lamostradevalencia.com\/ca\/la-pel%c2%b7licula-libanesa-riverbed-salca-amb-la-palmera-dor-de-mostra-de-valencia\/#breadcrumb"},"inLanguage":"ca","potentialAction":[{"@type":"ReadAction","target":["https:\/\/lamostradevalencia.com\/ca\/la-pel%c2%b7licula-libanesa-riverbed-salca-amb-la-palmera-dor-de-mostra-de-valencia\/"]}]},{"@type":"ImageObject","inLanguage":"ca","@id":"https:\/\/lamostradevalencia.com\/ca\/la-pel%c2%b7licula-libanesa-riverbed-salca-amb-la-palmera-dor-de-mostra-de-valencia\/#primaryimage","url":"https:\/\/lamostradevalencia.com\/wp-content\/uploads\/2023\/10\/K2K03994.jpg","contentUrl":"https:\/\/lamostradevalencia.com\/wp-content\/uploads\/2023\/10\/K2K03994.jpg","width":1616,"height":1080},{"@type":"BreadcrumbList","@id":"https:\/\/lamostradevalencia.com\/ca\/la-pel%c2%b7licula-libanesa-riverbed-salca-amb-la-palmera-dor-de-mostra-de-valencia\/#breadcrumb","itemListElement":[{"@type":"ListItem","position":1,"name":"Portada","item":"https:\/\/lamostradevalencia.com\/ca\/"},{"@type":"ListItem","position":2,"name":"La pel\u00b7l\u00edcula libanesa \u2018Riverbed\u2019 s&#8217;al\u00e7a amb la Palmera d&#8217;Or de Mostra de Val\u00e8ncia"}]},{"@type":"WebSite","@id":"https:\/\/lamostradevalencia.com\/ca\/#website","url":"https:\/\/lamostradevalencia.com\/ca\/","name":"Mostra de Val\u00e8ncia","description":"Cinema del Mediterrani","potentialAction":[{"@type":"SearchAction","target":{"@type":"EntryPoint","urlTemplate":"https:\/\/lamostradevalencia.com\/ca\/?s={search_term_string}"},"query-input":{"@type":"PropertyValueSpecification","valueRequired":true,"valueName":"search_term_string"}}],"inLanguage":"ca"},{"@type":"Person","@id":"https:\/\/lamostradevalencia.com\/ca\/#\/schema\/person\/1dc07e4df3d6310b81d2cdf6a034070c","name":"Mostra de Val\u00e8ncia","image":{"@type":"ImageObject","inLanguage":"ca","@id":"https:\/\/secure.gravatar.com\/avatar\/ada4dfd699a9907706987adb1bb2b361c2613ccca474b49b8c648de5208e32f8?s=96&d=mm&r=g","url":"https:\/\/secure.gravatar.com\/avatar\/ada4dfd699a9907706987adb1bb2b361c2613ccca474b49b8c648de5208e32f8?s=96&d=mm&r=g","contentUrl":"https:\/\/secure.gravatar.com\/avatar\/ada4dfd699a9907706987adb1bb2b361c2613ccca474b49b8c648de5208e32f8?s=96&d=mm&r=g","caption":"Mostra de Val\u00e8ncia"}}]}},"uagb_featured_image_src":{"full":["https:\/\/lamostradevalencia.com\/wp-content\/uploads\/2023\/10\/K2K03994.jpg",1616,1080,false],"thumbnail":["https:\/\/lamostradevalencia.com\/wp-content\/uploads\/2023\/10\/K2K03994-150x150.jpg",150,150,true],"medium":["https:\/\/lamostradevalencia.com\/wp-content\/uploads\/2023\/10\/K2K03994-300x200.jpg",300,200,true],"medium_large":["https:\/\/lamostradevalencia.com\/wp-content\/uploads\/2023\/10\/K2K03994-768x513.jpg",768,513,true],"large":["https:\/\/lamostradevalencia.com\/wp-content\/uploads\/2023\/10\/K2K03994-1024x684.jpg",1024,684,true],"1536x1536":["https:\/\/lamostradevalencia.com\/wp-content\/uploads\/2023\/10\/K2K03994-1536x1027.jpg",1536,1027,true],"2048x2048":["https:\/\/lamostradevalencia.com\/wp-content\/uploads\/2023\/10\/K2K03994.jpg",1616,1080,false],"cinerama_edge_image_square":["https:\/\/lamostradevalencia.com\/wp-content\/uploads\/2023\/10\/K2K03994-550x550.jpg",550,550,true],"cinerama_edge_image_landscape":["https:\/\/lamostradevalencia.com\/wp-content\/uploads\/2023\/10\/K2K03994-1100x550.jpg",1100,550,true],"cinerama_edge_image_portrait":["https:\/\/lamostradevalencia.com\/wp-content\/uploads\/2023\/10\/K2K03994-550x1080.jpg",550,1080,true],"cinerama_edge_image_huge":["https:\/\/lamostradevalencia.com\/wp-content\/uploads\/2023\/10\/K2K03994-1100x1080.jpg",1100,1080,true],"gform-image-choice-sm":["https:\/\/lamostradevalencia.com\/wp-content\/uploads\/2023\/10\/K2K03994.jpg",300,200,false],"gform-image-choice-md":["https:\/\/lamostradevalencia.com\/wp-content\/uploads\/2023\/10\/K2K03994.jpg",400,267,false],"gform-image-choice-lg":["https:\/\/lamostradevalencia.com\/wp-content\/uploads\/2023\/10\/K2K03994.jpg",600,401,false]},"uagb_author_info":{"display_name":"Mostra de Val\u00e8ncia","author_link":"https:\/\/lamostradevalencia.com\/ca\/author\/mostravalencia\/"},"uagb_comment_info":0,"uagb_excerpt":"Palmera de Plata per a la portuguesa \u2018Cidade Rabat\u2019, mentre que la marroquina \u2018Deserts\u2019 obt\u00e9 Direcci\u00f3 i Actor Claudia Faci es fa amb el Premi [&hellip;]","_links":{"self":[{"href":"https:\/\/lamostradevalencia.com\/ca\/wp-json\/wp\/v2\/posts\/22528","targetHints":{"allow":["GET"]}}],"collection":[{"href":"https:\/\/lamostradevalencia.com\/ca\/wp-json\/wp\/v2\/posts"}],"about":[{"href":"https:\/\/lamostradevalencia.com\/ca\/wp-json\/wp\/v2\/types\/post"}],"author":[{"embeddable":true,"href":"https:\/\/lamostradevalencia.com\/ca\/wp-json\/wp\/v2\/users\/1"}],"replies":[{"embeddable":true,"href":"https:\/\/lamostradevalencia.com\/ca\/wp-json\/wp\/v2\/comments?post=22528"}],"version-history":[{"count":3,"href":"https:\/\/lamostradevalencia.com\/ca\/wp-json\/wp\/v2\/posts\/22528\/revisions"}],"predecessor-version":[{"id":22531,"href":"https:\/\/lamostradevalencia.com\/ca\/wp-json\/wp\/v2\/posts\/22528\/revisions\/22531"}],"wp:featuredmedia":[{"embeddable":true,"href":"https:\/\/lamostradevalencia.com\/ca\/wp-json\/wp\/v2\/media\/22524"}],"wp:attachment":[{"href":"https:\/\/lamostradevalencia.com\/ca\/wp-json\/wp\/v2\/media?parent=22528"}],"wp:term":[{"taxonomy":"category","embeddable":true,"href":"https:\/\/lamostradevalencia.com\/ca\/wp-json\/wp\/v2\/categories?post=22528"},{"taxonomy":"post_tag","embeddable":true,"href":"https:\/\/lamostradevalencia.com\/ca\/wp-json\/wp\/v2\/tags?post=22528"}],"curies":[{"name":"wp","href":"https:\/\/api.w.org\/{rel}","templated":true}]}}