{"id":22506,"date":"2023-10-27T19:19:48","date_gmt":"2023-10-27T17:19:48","guid":{"rendered":"https:\/\/lamostradevalencia.com\/?p=22506"},"modified":"2023-10-27T19:19:48","modified_gmt":"2023-10-27T17:19:48","slug":"les-vacances-de-mara-parla-de-la-valentia-de-canviar-de-vida-quan-la-teua-no-tagrada","status":"publish","type":"post","link":"https:\/\/lamostradevalencia.com\/ca\/les-vacances-de-mara-parla-de-la-valentia-de-canviar-de-vida-quan-la-teua-no-tagrada\/","title":{"rendered":"&#8220;&#8216;Les vacances de Mara&#8217; parla de la valentia de canviar de vida quan la teua no t&#8217;agrada&#8221;"},"content":{"rendered":"<h5>Elena Escura clausurar\u00e0 dem\u00e0 la Mostra amb la seua \u00f2pera prima, protagonitzada per Mireia P\u00e9rez i Lorena L\u00f3pez<\/h5>\n<p>A poques hores que es conega el palmar\u00e9s, el protagonisme del festival se l&#8217;ha emportat un equip \u00edntegrament femen\u00ed, el de &#8216;Les vacances de Mara&#8217;.\u00a0Es tracta del <strong>debut cinematogr\u00e0fic d&#8217;Elena Escura, nominada pel seu treball en els Premis Berlanga de l&#8217;Audiovisual Valenci\u00e0 d&#8217;enguany,<\/strong> que est\u00e0 ambientada en la castellonenca Serra d&#8217;Irta.<\/p>\n<p>Com ha destacat este mat\u00ed en roda de premsa la directora,\u00a0<strong>&#8220;la pel\u00b7l\u00edcula parla dels somnis perduts, de tot el que deixem de fer, de mirar-nos per dins, aix\u00ed com d&#8217;afrontar les decisions que hem pres quan arribem a una certa edat i veure si tenim la vida que desitgem i, en cas que no ens agrade, ser valentes per a tractar de canviar-la&#8221;.<\/strong> El personatge de Mara &#8220;juga a usurpar la vida de la seua amiga, ja que necessita una via de fuita perqu\u00e8 est\u00e0 molt perduda i no es troba a gust amb la seua traject\u00f2ria vital&#8221;.<\/p>\n<p>Les actrius valencianes Mireia P\u00e9rez (&#8216;Un suave olor a canela&#8217; i &#8216;La familia-Dementia&#8217;) y Lorena L\u00f3pez (&#8216;Nosotros no nos mataremos con pistolas&#8217;) protagonitzen esta\u00a0pel\u00b7l\u00edcula donant vida a dos\u00a0amigues, Mara i Vera, que es retroben despr\u00e9s d&#8217;un temps sense veure&#8217;s. La primera visita inesperadament a l&#8217;altra i, despr\u00e9s de passar una jornada juntes, s&#8217;acomiaden per a emprendre viatges per separat. No obstant aix\u00f2, quan Vera s&#8217;ha anat, Mara retrocedix sobre els seus passos i decidix instal\u00b7lar-se a casa de la seua amiga, vestir la seua roba, cuinar les seues receptes i mirar els seus \u00e0lbums de fotos&#8230;<\/p>\n<p>&#8220;La pel\u00b7l\u00edcula parla sobre un retrobament de dos amigues despr\u00e9s d&#8217;anys sense veure&#8217;s. La veritat \u00e9s que no es reconeixen, que \u00e9s una cosa que ens passa moltes vegades, eixe \u00e9s el punt de partida&#8221;, ha assegurat l&#8217;actriu Mireia P\u00e9rez. La preproducci\u00f3, segons indica, va anar de bastant complicitat: &#8220;Ho v\u00e0rem preparem juntes, som de tindre molta comunicaci\u00f3. El personatge de Lorena \u00e9s m\u00e9s interior i el meu \u00e9s molt m\u00e9s cap a fora. Hem treballat els contraris. Jo encarne a una dona lliure, molt viatjada, que no est\u00e0 lligada a ning\u00fa, i ella representa a un personatge dins d&#8217;una guia, perqu\u00e8 ha de complir uns clix\u00e9s socials establits i ac\u00ed \u00e9s on es mou, en la incomoditat. \u00c9s en la trobada amb Vera quan Mara comen\u00e7a a preparar les seues pr\u00f2pies vacances d&#8217;ella mateixa&#8221;.<\/p>\n<p>L&#8217;enveja, el rancor, el ressentiment afloren en esta relaci\u00f3 amistosa.\u00a0Les dos dones, ha explicat Elena Escura,<strong>\u00a0&#8220;tenen secrets que mai s&#8217;arriben a verbalitzar, els personatges tenen un misteri, aix\u00ed que treballem molt les accions xicotetes, pensaments, gestos i silencis.<\/strong> El punt de partida entre les dos era la incomoditat ja que fa deu anys que no es veuen, i despr\u00e9s l&#8217;inici del proc\u00e9s de reconstrucci\u00f3 d&#8217;una amistat&#8221;.<\/p>\n<p>Per part seua, la productora Giovanna Ribes, ha destacat que &#8220;m\u00e9s enll\u00e0 de les historia de les dones, est\u00e0 la problem\u00e0tica de l&#8217;amistat, \u00e9s a dir, habitualment tractem el tema de l&#8217;amor i el seu desacord, per\u00f2 no tractem l&#8217;amistat com una possibilitat de desacord&#8221;.\u00a0Les dones, ha matisat,\u00a0&#8220;sempre som capaces de ser bones amigues, fins i tot quan hi haja moments en qu\u00e8 ens comportem de manera perversa, ja que la sororitat que tenim passa per damunt de tot&#8221;.<\/p>\n<p><strong>Produ\u00efda per la mateixa Ribes i Tarann\u00e0 Films, el rodatge va comptar amb una majoria de prefectures femenines al capdavant dels departaments:<\/strong> Lara Vilanova (direcci\u00f3 de fotografia), Matilde Clav\u00e9 (direcci\u00f3 d&#8217;art), Giovanna Ribes Esteve (direcci\u00f3 de vestuari), Laura Romero (cap de so) i Isabel Latorre (compositora de la banda sonora). Una voluntat que fora un equip femen\u00ed, ha declarat Ribes, &#8220;completament intencionada&#8221;. Conscient que les noves narratives de cineastes i productores estan en la cresta de l&#8217;ona, i que hi ha una producci\u00f3 de dones molt potents i reconegudes, la productora ha assenyalat que, no obstant aix\u00f2, &#8220;ens deixen en eixa parcel\u00b7la d&#8217;una sensibilitat, d&#8217;una intu\u00efci\u00f3 femenina, que no s\u00e9 el que \u00e9s&#8230; No \u00e9s que nosaltres tinguem una altra sensibilitat, \u00e9s que el que hem de comptar \u00e9s des de la nostra manera de veure les coses i la societat, ja que mai ens han deixat. I aix\u00f2 significa que podem fer com\u00e8dies, pel\u00b7l\u00edcules de vampirs, d&#8217;acci\u00f3, superproduccions, etc&#8221;. <strong>Si hi ha una directora, una guionista i una productora darrere d&#8217;un projecte &#8220;t&#8217;assegure que existiran difer\u00e8ncies en la manera en qu\u00e8 apareixen els personatges i aix\u00f2 \u00e9s important perqu\u00e8 \u00e9s el que prop\u00edcia que es produ\u00efsca el canvi de paradigma social&#8221;.<\/strong> Alguna cosa que ha reafirmat Mireia P\u00e9rez: <strong>&#8220;Hi ha por al fet que les dones s&#8217;associen, perqu\u00e8 tenim tanta for\u00e7a que podem dominar el m\u00f3n. Per aix\u00f2 se&#8217;ns ha intentat reduir.<\/strong> Hem de treballar per a canviar aix\u00f2, i crec que a poc a poc ho estem aconseguint&#8221;.<\/p>\n<p>La 38a edici\u00f3 de Mostra de Val\u00e8ncia-Cinema del Mediterrani est\u00e0 organitzada per l&#8217;Ajuntament de Val\u00e8ncia i compta amb la col\u00b7laboraci\u00f3 de l&#8217;Institut Valenci\u00e0 de Cultura (IVC), el Palau de la M\u00fasica, Barreira Arte + Dise\u00f1o i \u00c0 Punt M\u00e8dia com a mitj\u00e0 oficial.<\/p>\n","protected":false},"excerpt":{"rendered":"<p>Elena Escura clausurar\u00e0 dem\u00e0 la Mostra amb la seua \u00f2pera prima, protagonitzada per Mireia P\u00e9rez i Lorena L\u00f3pez A poques hores que es conega el [&hellip;]<\/p>\n","protected":false},"author":1,"featured_media":22508,"comment_status":"open","ping_status":"open","sticky":false,"template":"","format":"standard","meta":{"_uag_custom_page_level_css":"","_jet_sm_ready_style":"","_jet_sm_style":"","_jet_sm_controls_values":"","_jet_sm_fonts_collection":"","_jet_sm_fonts_links":"","footnotes":""},"categories":[455],"tags":[],"class_list":["post-22506","post","type-post","status-publish","format-standard","has-post-thumbnail","hentry","category-noticies"],"yoast_head":"<!-- This site is optimized with the Yoast SEO plugin v27.5 - https:\/\/yoast.com\/product\/yoast-seo-wordpress\/ -->\n<title>&quot;&#039;Les vacances de Mara&#039; parla de la valentia de canviar de vida quan la teua no t&#039;agrada&quot; - Mostra de Val\u00e8ncia<\/title>\n<meta name=\"robots\" content=\"index, follow, max-snippet:-1, max-image-preview:large, max-video-preview:-1\" \/>\n<link rel=\"canonical\" href=\"https:\/\/lamostradevalencia.com\/ca\/les-vacances-de-mara-parla-de-la-valentia-de-canviar-de-vida-quan-la-teua-no-tagrada\/\" \/>\n<meta property=\"og:locale\" content=\"ca_ES\" \/>\n<meta property=\"og:type\" content=\"article\" \/>\n<meta property=\"og:title\" content=\"&quot;&#039;Les vacances de Mara&#039; parla de la valentia de canviar de vida quan la teua no t&#039;agrada&quot; - Mostra de Val\u00e8ncia\" \/>\n<meta property=\"og:description\" content=\"Elena Escura clausurar\u00e0 dem\u00e0 la Mostra amb la seua \u00f2pera prima, protagonitzada per Mireia P\u00e9rez i Lorena L\u00f3pez A poques hores que es conega el [&hellip;]\" \/>\n<meta property=\"og:url\" content=\"https:\/\/lamostradevalencia.com\/ca\/les-vacances-de-mara-parla-de-la-valentia-de-canviar-de-vida-quan-la-teua-no-tagrada\/\" \/>\n<meta property=\"og:site_name\" content=\"Mostra de Val\u00e8ncia\" \/>\n<meta property=\"article:published_time\" content=\"2023-10-27T17:19:48+00:00\" \/>\n<meta property=\"og:image\" content=\"https:\/\/lamostradevalencia.com\/wp-content\/uploads\/2023\/10\/Les-vacances-d-emara-1024x680.png\" \/>\n\t<meta property=\"og:image:width\" content=\"1024\" \/>\n\t<meta property=\"og:image:height\" content=\"680\" \/>\n\t<meta property=\"og:image:type\" content=\"image\/png\" \/>\n<meta name=\"author\" content=\"Mostra de Val\u00e8ncia\" \/>\n<meta name=\"twitter:card\" content=\"summary_large_image\" \/>\n<meta name=\"twitter:label1\" content=\"Escrit per\" \/>\n\t<meta name=\"twitter:data1\" content=\"Mostra de Val\u00e8ncia\" \/>\n\t<meta name=\"twitter:label2\" content=\"Temps estimat de lectura\" \/>\n\t<meta name=\"twitter:data2\" content=\"4 minuts\" \/>\n<script type=\"application\/ld+json\" class=\"yoast-schema-graph\">{\"@context\":\"https:\\\/\\\/schema.org\",\"@graph\":[{\"@type\":\"Article\",\"@id\":\"https:\\\/\\\/lamostradevalencia.com\\\/ca\\\/les-vacances-de-mara-parla-de-la-valentia-de-canviar-de-vida-quan-la-teua-no-tagrada\\\/#article\",\"isPartOf\":{\"@id\":\"https:\\\/\\\/lamostradevalencia.com\\\/ca\\\/les-vacances-de-mara-parla-de-la-valentia-de-canviar-de-vida-quan-la-teua-no-tagrada\\\/\"},\"author\":{\"name\":\"Mostra de Val\u00e8ncia\",\"@id\":\"https:\\\/\\\/lamostradevalencia.com\\\/ca\\\/#\\\/schema\\\/person\\\/1dc07e4df3d6310b81d2cdf6a034070c\"},\"headline\":\"&#8220;&#8216;Les vacances de Mara&#8217; parla de la valentia de canviar de vida quan la teua no t&#8217;agrada&#8221;\",\"datePublished\":\"2023-10-27T17:19:48+00:00\",\"mainEntityOfPage\":{\"@id\":\"https:\\\/\\\/lamostradevalencia.com\\\/ca\\\/les-vacances-de-mara-parla-de-la-valentia-de-canviar-de-vida-quan-la-teua-no-tagrada\\\/\"},\"wordCount\":940,\"commentCount\":0,\"image\":{\"@id\":\"https:\\\/\\\/lamostradevalencia.com\\\/ca\\\/les-vacances-de-mara-parla-de-la-valentia-de-canviar-de-vida-quan-la-teua-no-tagrada\\\/#primaryimage\"},\"thumbnailUrl\":\"https:\\\/\\\/lamostradevalencia.com\\\/wp-content\\\/uploads\\\/2023\\\/10\\\/Les-vacances-d-emara.png\",\"articleSection\":[\"Noticies\"],\"inLanguage\":\"ca\",\"potentialAction\":[{\"@type\":\"CommentAction\",\"name\":\"Comment\",\"target\":[\"https:\\\/\\\/lamostradevalencia.com\\\/ca\\\/les-vacances-de-mara-parla-de-la-valentia-de-canviar-de-vida-quan-la-teua-no-tagrada\\\/#respond\"]}]},{\"@type\":\"WebPage\",\"@id\":\"https:\\\/\\\/lamostradevalencia.com\\\/ca\\\/les-vacances-de-mara-parla-de-la-valentia-de-canviar-de-vida-quan-la-teua-no-tagrada\\\/\",\"url\":\"https:\\\/\\\/lamostradevalencia.com\\\/ca\\\/les-vacances-de-mara-parla-de-la-valentia-de-canviar-de-vida-quan-la-teua-no-tagrada\\\/\",\"name\":\"\\\"'Les vacances de Mara' parla de la valentia de canviar de vida quan la teua no t'agrada\\\" - Mostra de Val\u00e8ncia\",\"isPartOf\":{\"@id\":\"https:\\\/\\\/lamostradevalencia.com\\\/ca\\\/#website\"},\"primaryImageOfPage\":{\"@id\":\"https:\\\/\\\/lamostradevalencia.com\\\/ca\\\/les-vacances-de-mara-parla-de-la-valentia-de-canviar-de-vida-quan-la-teua-no-tagrada\\\/#primaryimage\"},\"image\":{\"@id\":\"https:\\\/\\\/lamostradevalencia.com\\\/ca\\\/les-vacances-de-mara-parla-de-la-valentia-de-canviar-de-vida-quan-la-teua-no-tagrada\\\/#primaryimage\"},\"thumbnailUrl\":\"https:\\\/\\\/lamostradevalencia.com\\\/wp-content\\\/uploads\\\/2023\\\/10\\\/Les-vacances-d-emara.png\",\"datePublished\":\"2023-10-27T17:19:48+00:00\",\"author\":{\"@id\":\"https:\\\/\\\/lamostradevalencia.com\\\/ca\\\/#\\\/schema\\\/person\\\/1dc07e4df3d6310b81d2cdf6a034070c\"},\"breadcrumb\":{\"@id\":\"https:\\\/\\\/lamostradevalencia.com\\\/ca\\\/les-vacances-de-mara-parla-de-la-valentia-de-canviar-de-vida-quan-la-teua-no-tagrada\\\/#breadcrumb\"},\"inLanguage\":\"ca\",\"potentialAction\":[{\"@type\":\"ReadAction\",\"target\":[\"https:\\\/\\\/lamostradevalencia.com\\\/ca\\\/les-vacances-de-mara-parla-de-la-valentia-de-canviar-de-vida-quan-la-teua-no-tagrada\\\/\"]}]},{\"@type\":\"ImageObject\",\"inLanguage\":\"ca\",\"@id\":\"https:\\\/\\\/lamostradevalencia.com\\\/ca\\\/les-vacances-de-mara-parla-de-la-valentia-de-canviar-de-vida-quan-la-teua-no-tagrada\\\/#primaryimage\",\"url\":\"https:\\\/\\\/lamostradevalencia.com\\\/wp-content\\\/uploads\\\/2023\\\/10\\\/Les-vacances-d-emara.png\",\"contentUrl\":\"https:\\\/\\\/lamostradevalencia.com\\\/wp-content\\\/uploads\\\/2023\\\/10\\\/Les-vacances-d-emara.png\",\"width\":1579,\"height\":1048},{\"@type\":\"BreadcrumbList\",\"@id\":\"https:\\\/\\\/lamostradevalencia.com\\\/ca\\\/les-vacances-de-mara-parla-de-la-valentia-de-canviar-de-vida-quan-la-teua-no-tagrada\\\/#breadcrumb\",\"itemListElement\":[{\"@type\":\"ListItem\",\"position\":1,\"name\":\"Portada\",\"item\":\"https:\\\/\\\/lamostradevalencia.com\\\/ca\\\/\"},{\"@type\":\"ListItem\",\"position\":2,\"name\":\"\u00ab&#8216;Les vacances de Mara&#8217; parla de la valentia de canviar de vida quan la teua no t&#8217;agrada\u00bb\"}]},{\"@type\":\"WebSite\",\"@id\":\"https:\\\/\\\/lamostradevalencia.com\\\/ca\\\/#website\",\"url\":\"https:\\\/\\\/lamostradevalencia.com\\\/ca\\\/\",\"name\":\"Mostra de Val\u00e8ncia\",\"description\":\"Cinema del Mediterrani\",\"potentialAction\":[{\"@type\":\"SearchAction\",\"target\":{\"@type\":\"EntryPoint\",\"urlTemplate\":\"https:\\\/\\\/lamostradevalencia.com\\\/ca\\\/?s={search_term_string}\"},\"query-input\":{\"@type\":\"PropertyValueSpecification\",\"valueRequired\":true,\"valueName\":\"search_term_string\"}}],\"inLanguage\":\"ca\"},{\"@type\":\"Person\",\"@id\":\"https:\\\/\\\/lamostradevalencia.com\\\/ca\\\/#\\\/schema\\\/person\\\/1dc07e4df3d6310b81d2cdf6a034070c\",\"name\":\"Mostra de Val\u00e8ncia\",\"image\":{\"@type\":\"ImageObject\",\"inLanguage\":\"ca\",\"@id\":\"https:\\\/\\\/secure.gravatar.com\\\/avatar\\\/ada4dfd699a9907706987adb1bb2b361c2613ccca474b49b8c648de5208e32f8?s=96&d=mm&r=g\",\"url\":\"https:\\\/\\\/secure.gravatar.com\\\/avatar\\\/ada4dfd699a9907706987adb1bb2b361c2613ccca474b49b8c648de5208e32f8?s=96&d=mm&r=g\",\"contentUrl\":\"https:\\\/\\\/secure.gravatar.com\\\/avatar\\\/ada4dfd699a9907706987adb1bb2b361c2613ccca474b49b8c648de5208e32f8?s=96&d=mm&r=g\",\"caption\":\"Mostra de Val\u00e8ncia\"}}]}<\/script>\n<!-- \/ Yoast SEO plugin. -->","yoast_head_json":{"title":"\"'Les vacances de Mara' parla de la valentia de canviar de vida quan la teua no t'agrada\" - Mostra de Val\u00e8ncia","robots":{"index":"index","follow":"follow","max-snippet":"max-snippet:-1","max-image-preview":"max-image-preview:large","max-video-preview":"max-video-preview:-1"},"canonical":"https:\/\/lamostradevalencia.com\/ca\/les-vacances-de-mara-parla-de-la-valentia-de-canviar-de-vida-quan-la-teua-no-tagrada\/","og_locale":"ca_ES","og_type":"article","og_title":"\"'Les vacances de Mara' parla de la valentia de canviar de vida quan la teua no t'agrada\" - Mostra de Val\u00e8ncia","og_description":"Elena Escura clausurar\u00e0 dem\u00e0 la Mostra amb la seua \u00f2pera prima, protagonitzada per Mireia P\u00e9rez i Lorena L\u00f3pez A poques hores que es conega el [&hellip;]","og_url":"https:\/\/lamostradevalencia.com\/ca\/les-vacances-de-mara-parla-de-la-valentia-de-canviar-de-vida-quan-la-teua-no-tagrada\/","og_site_name":"Mostra de Val\u00e8ncia","article_published_time":"2023-10-27T17:19:48+00:00","og_image":[{"width":1024,"height":680,"url":"https:\/\/lamostradevalencia.com\/wp-content\/uploads\/2023\/10\/Les-vacances-d-emara-1024x680.png","type":"image\/png"}],"author":"Mostra de Val\u00e8ncia","twitter_card":"summary_large_image","twitter_misc":{"Escrit per":"Mostra de Val\u00e8ncia","Temps estimat de lectura":"4 minuts"},"schema":{"@context":"https:\/\/schema.org","@graph":[{"@type":"Article","@id":"https:\/\/lamostradevalencia.com\/ca\/les-vacances-de-mara-parla-de-la-valentia-de-canviar-de-vida-quan-la-teua-no-tagrada\/#article","isPartOf":{"@id":"https:\/\/lamostradevalencia.com\/ca\/les-vacances-de-mara-parla-de-la-valentia-de-canviar-de-vida-quan-la-teua-no-tagrada\/"},"author":{"name":"Mostra de Val\u00e8ncia","@id":"https:\/\/lamostradevalencia.com\/ca\/#\/schema\/person\/1dc07e4df3d6310b81d2cdf6a034070c"},"headline":"&#8220;&#8216;Les vacances de Mara&#8217; parla de la valentia de canviar de vida quan la teua no t&#8217;agrada&#8221;","datePublished":"2023-10-27T17:19:48+00:00","mainEntityOfPage":{"@id":"https:\/\/lamostradevalencia.com\/ca\/les-vacances-de-mara-parla-de-la-valentia-de-canviar-de-vida-quan-la-teua-no-tagrada\/"},"wordCount":940,"commentCount":0,"image":{"@id":"https:\/\/lamostradevalencia.com\/ca\/les-vacances-de-mara-parla-de-la-valentia-de-canviar-de-vida-quan-la-teua-no-tagrada\/#primaryimage"},"thumbnailUrl":"https:\/\/lamostradevalencia.com\/wp-content\/uploads\/2023\/10\/Les-vacances-d-emara.png","articleSection":["Noticies"],"inLanguage":"ca","potentialAction":[{"@type":"CommentAction","name":"Comment","target":["https:\/\/lamostradevalencia.com\/ca\/les-vacances-de-mara-parla-de-la-valentia-de-canviar-de-vida-quan-la-teua-no-tagrada\/#respond"]}]},{"@type":"WebPage","@id":"https:\/\/lamostradevalencia.com\/ca\/les-vacances-de-mara-parla-de-la-valentia-de-canviar-de-vida-quan-la-teua-no-tagrada\/","url":"https:\/\/lamostradevalencia.com\/ca\/les-vacances-de-mara-parla-de-la-valentia-de-canviar-de-vida-quan-la-teua-no-tagrada\/","name":"\"'Les vacances de Mara' parla de la valentia de canviar de vida quan la teua no t'agrada\" - Mostra de Val\u00e8ncia","isPartOf":{"@id":"https:\/\/lamostradevalencia.com\/ca\/#website"},"primaryImageOfPage":{"@id":"https:\/\/lamostradevalencia.com\/ca\/les-vacances-de-mara-parla-de-la-valentia-de-canviar-de-vida-quan-la-teua-no-tagrada\/#primaryimage"},"image":{"@id":"https:\/\/lamostradevalencia.com\/ca\/les-vacances-de-mara-parla-de-la-valentia-de-canviar-de-vida-quan-la-teua-no-tagrada\/#primaryimage"},"thumbnailUrl":"https:\/\/lamostradevalencia.com\/wp-content\/uploads\/2023\/10\/Les-vacances-d-emara.png","datePublished":"2023-10-27T17:19:48+00:00","author":{"@id":"https:\/\/lamostradevalencia.com\/ca\/#\/schema\/person\/1dc07e4df3d6310b81d2cdf6a034070c"},"breadcrumb":{"@id":"https:\/\/lamostradevalencia.com\/ca\/les-vacances-de-mara-parla-de-la-valentia-de-canviar-de-vida-quan-la-teua-no-tagrada\/#breadcrumb"},"inLanguage":"ca","potentialAction":[{"@type":"ReadAction","target":["https:\/\/lamostradevalencia.com\/ca\/les-vacances-de-mara-parla-de-la-valentia-de-canviar-de-vida-quan-la-teua-no-tagrada\/"]}]},{"@type":"ImageObject","inLanguage":"ca","@id":"https:\/\/lamostradevalencia.com\/ca\/les-vacances-de-mara-parla-de-la-valentia-de-canviar-de-vida-quan-la-teua-no-tagrada\/#primaryimage","url":"https:\/\/lamostradevalencia.com\/wp-content\/uploads\/2023\/10\/Les-vacances-d-emara.png","contentUrl":"https:\/\/lamostradevalencia.com\/wp-content\/uploads\/2023\/10\/Les-vacances-d-emara.png","width":1579,"height":1048},{"@type":"BreadcrumbList","@id":"https:\/\/lamostradevalencia.com\/ca\/les-vacances-de-mara-parla-de-la-valentia-de-canviar-de-vida-quan-la-teua-no-tagrada\/#breadcrumb","itemListElement":[{"@type":"ListItem","position":1,"name":"Portada","item":"https:\/\/lamostradevalencia.com\/ca\/"},{"@type":"ListItem","position":2,"name":"\u00ab&#8216;Les vacances de Mara&#8217; parla de la valentia de canviar de vida quan la teua no t&#8217;agrada\u00bb"}]},{"@type":"WebSite","@id":"https:\/\/lamostradevalencia.com\/ca\/#website","url":"https:\/\/lamostradevalencia.com\/ca\/","name":"Mostra de Val\u00e8ncia","description":"Cinema del Mediterrani","potentialAction":[{"@type":"SearchAction","target":{"@type":"EntryPoint","urlTemplate":"https:\/\/lamostradevalencia.com\/ca\/?s={search_term_string}"},"query-input":{"@type":"PropertyValueSpecification","valueRequired":true,"valueName":"search_term_string"}}],"inLanguage":"ca"},{"@type":"Person","@id":"https:\/\/lamostradevalencia.com\/ca\/#\/schema\/person\/1dc07e4df3d6310b81d2cdf6a034070c","name":"Mostra de Val\u00e8ncia","image":{"@type":"ImageObject","inLanguage":"ca","@id":"https:\/\/secure.gravatar.com\/avatar\/ada4dfd699a9907706987adb1bb2b361c2613ccca474b49b8c648de5208e32f8?s=96&d=mm&r=g","url":"https:\/\/secure.gravatar.com\/avatar\/ada4dfd699a9907706987adb1bb2b361c2613ccca474b49b8c648de5208e32f8?s=96&d=mm&r=g","contentUrl":"https:\/\/secure.gravatar.com\/avatar\/ada4dfd699a9907706987adb1bb2b361c2613ccca474b49b8c648de5208e32f8?s=96&d=mm&r=g","caption":"Mostra de Val\u00e8ncia"}}]}},"uagb_featured_image_src":{"full":["https:\/\/lamostradevalencia.com\/wp-content\/uploads\/2023\/10\/Les-vacances-d-emara.png",1579,1048,false],"thumbnail":["https:\/\/lamostradevalencia.com\/wp-content\/uploads\/2023\/10\/Les-vacances-d-emara-150x150.png",150,150,true],"medium":["https:\/\/lamostradevalencia.com\/wp-content\/uploads\/2023\/10\/Les-vacances-d-emara-300x199.png",300,199,true],"medium_large":["https:\/\/lamostradevalencia.com\/wp-content\/uploads\/2023\/10\/Les-vacances-d-emara-768x510.png",768,510,true],"large":["https:\/\/lamostradevalencia.com\/wp-content\/uploads\/2023\/10\/Les-vacances-d-emara-1024x680.png",1024,680,true],"1536x1536":["https:\/\/lamostradevalencia.com\/wp-content\/uploads\/2023\/10\/Les-vacances-d-emara-1536x1019.png",1536,1019,true],"2048x2048":["https:\/\/lamostradevalencia.com\/wp-content\/uploads\/2023\/10\/Les-vacances-d-emara.png",1579,1048,false],"cinerama_edge_image_square":["https:\/\/lamostradevalencia.com\/wp-content\/uploads\/2023\/10\/Les-vacances-d-emara-550x550.png",550,550,true],"cinerama_edge_image_landscape":["https:\/\/lamostradevalencia.com\/wp-content\/uploads\/2023\/10\/Les-vacances-d-emara-1100x550.png",1100,550,true],"cinerama_edge_image_portrait":["https:\/\/lamostradevalencia.com\/wp-content\/uploads\/2023\/10\/Les-vacances-d-emara-550x1048.png",550,1048,true],"cinerama_edge_image_huge":["https:\/\/lamostradevalencia.com\/wp-content\/uploads\/2023\/10\/Les-vacances-d-emara-1100x1048.png",1100,1048,true],"gform-image-choice-sm":["https:\/\/lamostradevalencia.com\/wp-content\/uploads\/2023\/10\/Les-vacances-d-emara.png",300,199,false],"gform-image-choice-md":["https:\/\/lamostradevalencia.com\/wp-content\/uploads\/2023\/10\/Les-vacances-d-emara.png",400,265,false],"gform-image-choice-lg":["https:\/\/lamostradevalencia.com\/wp-content\/uploads\/2023\/10\/Les-vacances-d-emara.png",600,398,false]},"uagb_author_info":{"display_name":"Mostra de Val\u00e8ncia","author_link":"https:\/\/lamostradevalencia.com\/ca\/author\/mostravalencia\/"},"uagb_comment_info":0,"uagb_excerpt":"Elena Escura clausurar\u00e0 dem\u00e0 la Mostra amb la seua \u00f2pera prima, protagonitzada per Mireia P\u00e9rez i Lorena L\u00f3pez A poques hores que es conega el [&hellip;]","_links":{"self":[{"href":"https:\/\/lamostradevalencia.com\/ca\/wp-json\/wp\/v2\/posts\/22506","targetHints":{"allow":["GET"]}}],"collection":[{"href":"https:\/\/lamostradevalencia.com\/ca\/wp-json\/wp\/v2\/posts"}],"about":[{"href":"https:\/\/lamostradevalencia.com\/ca\/wp-json\/wp\/v2\/types\/post"}],"author":[{"embeddable":true,"href":"https:\/\/lamostradevalencia.com\/ca\/wp-json\/wp\/v2\/users\/1"}],"replies":[{"embeddable":true,"href":"https:\/\/lamostradevalencia.com\/ca\/wp-json\/wp\/v2\/comments?post=22506"}],"version-history":[{"count":1,"href":"https:\/\/lamostradevalencia.com\/ca\/wp-json\/wp\/v2\/posts\/22506\/revisions"}],"predecessor-version":[{"id":22507,"href":"https:\/\/lamostradevalencia.com\/ca\/wp-json\/wp\/v2\/posts\/22506\/revisions\/22507"}],"wp:featuredmedia":[{"embeddable":true,"href":"https:\/\/lamostradevalencia.com\/ca\/wp-json\/wp\/v2\/media\/22508"}],"wp:attachment":[{"href":"https:\/\/lamostradevalencia.com\/ca\/wp-json\/wp\/v2\/media?parent=22506"}],"wp:term":[{"taxonomy":"category","embeddable":true,"href":"https:\/\/lamostradevalencia.com\/ca\/wp-json\/wp\/v2\/categories?post=22506"},{"taxonomy":"post_tag","embeddable":true,"href":"https:\/\/lamostradevalencia.com\/ca\/wp-json\/wp\/v2\/tags?post=22506"}],"curies":[{"name":"wp","href":"https:\/\/api.w.org\/{rel}","templated":true}]}}