{"id":22503,"date":"2023-10-27T19:10:11","date_gmt":"2023-10-27T17:10:11","guid":{"rendered":"https:\/\/lamostradevalencia.com\/?p=22503"},"modified":"2023-10-27T19:10:11","modified_gmt":"2023-10-27T17:10:11","slug":"autoficcio-valenciana-sobre-la-gentrificacio-del-cabanyal-cerca-coproductor-belga","status":"publish","type":"post","link":"https:\/\/lamostradevalencia.com\/ca\/autoficcio-valenciana-sobre-la-gentrificacio-del-cabanyal-cerca-coproductor-belga\/","title":{"rendered":"Autoficci\u00f3 valenciana sobre la gentrificaci\u00f3 del Cabanyal cerca coproductor belga"},"content":{"rendered":"<h5>La segona edici\u00f3 del Val\u00e8ncia Film Afers de la Mostra pot\u00e8ncia l&#8217;intercanvi entre productors locals i altres de la conca mediterr\u00e0nia<\/h5>\n<p>El Centre Estudios Superiores Barreira Arte + Dise\u00f1o, \u00fanica seu fora d&#8217;It\u00e0lia del prestigi\u00f3s Centre Sperimentale di Cinematografia de Roma, ha viscut estos dies un tr\u00e0fec inusual de presentacions i trobades entre productors de diferents geografies del Mediterrani i altres de diferents latituds europees amb motiu de la segona edici\u00f3 del f\u00f2rum de coproducci\u00f3 Val\u00e8ncia Film Afers.<\/p>\n<p><strong>Enguany s&#8217;ha mantingut la pres\u00e8ncia internacional i ha crescut l&#8217;inter\u00e9s dels productors valencians per assistir. Cinc documentals de creaci\u00f3 i cinc projectes de ficci\u00f3 procedents de pa\u00efsos de la conca mediterr\u00e0nia com Fran\u00e7a, Espanya, el Marroc, L\u00edban, Cro\u00e0cia, Portugal o Turquia van ser triats perqu\u00e8 els seus productors i directors participaren en diferents sessions de pitching i trobades one-to-one amb professionals de reconegut prestigi internacional.<\/strong><\/p>\n<p>Entre ells, estava la producci\u00f3 valenciana &#8216;Calle de Los \u00c1ngeles&#8221;, una autoficci\u00f3 documental que aborda la gentrificaci\u00f3 del barri del Cabanyal, dirigida i produ\u00efda per Silvia Rey Canudo, qui ha constatat que el problema de l&#8217;acc\u00e9s a l&#8217;habitatge resulta interessant als productors mediterranis, per\u00f2 est\u00e0 sorpresa de l&#8217;inter\u00e9s que ha despertat el seu projecte en pa\u00efsos com B\u00e8lgica: &#8220;El somni de tindre una casa prop de la platja en una ciutat com Val\u00e8ncia \u00e9s encara major en pa\u00efsos del Nord&#8221;. Entre eixos observadors internacionals es trobaven el belga Andre Logie -productor, entre altres films de &#8216;Peque\u00f1as mentiras sin importancia&#8217; (2010) i &#8216;La muerte de Stalin&#8217; (2017)-,)-, l&#8217;alemanya Flora Rumpler -productora de &#8216;Quo vais, Aida? &#8216;(2020) o la su\u00efssa -&#8216;Las golondrinas de Kabul&#8217; (2019).<\/p>\n<p>Un altre dels projectes seleccionats made in Val\u00e8ncia \u00e9s \u00b4Donant la nota&#8217;, una com\u00e8dia en valenci\u00e0 produ\u00efda per Gaia Audiovisuals, que suposa el primer llarg d &#8216;Abdelatif Hwidaen, en qu\u00e8 una estrela del perfil de Ricky Martin o David Bisbal es troba amb un suposat fill secret. El seu guionista, Paco Enlaluna, es mostra satisfet: &#8220;Hi ha pa\u00efsos amb els quals \u00e9s dif\u00edcil establir una coproducci\u00f3 en haver de rodar tot en interiors com \u00e9s el nostre cas, per\u00f2 hem vist moltes possibilitats en uns altres, per exemple amb Fran\u00e7a&#8221;.<\/p>\n<p>Entre els repetidors, el productor portugu\u00e9s Paulo Carneiro, que, gr\u00e0cies al f\u00f2rum veu m\u00e9s f\u00e0cil tancar una coproducci\u00f3 amb Espanya per al seu projecte &#8216;Penitentes&#8217;, dirigida per Diogo Pereira. Per part seua, el turc Suraj Sharma, marxa somrient amb les deu trobades bilaterals que ha tingut per a buscar coproducci\u00f3 per a &#8216;Right Where I Left You&#8217;: &#8220;Hem fet molts contactes que ens poden ajudar en el futur&#8221;. En aix\u00f2 coincideix la major part d&#8217;assistents, que ser\u00e0 molt m\u00e9s f\u00e0cil pensar en companys de viatge internacionals una vegada que s&#8217;han compartit un parell d&#8217;intensos dies a Val\u00e8ncia.<\/p>\n<p>D&#8217;altra banda, en el dels compradors, Nuria Landete de Sideral Cinema (productora, distribu\u00efdora i agent de vendes de Madrid) comenta a Mostra de Val\u00e8ncia: &#8220;El VFA no sols ha triat molt b\u00e9 els projectes, sin\u00f3 tamb\u00e9 als observadors, perqu\u00e8, a m\u00e9s d&#8217;estar molt ben organitzat han establit les activitats de networking suficients com per a generar en el grup la confian\u00e7a suficient per a plantejar-nos treballar junts sense con\u00e9ixer-nos pr\u00e8viament&#8221;. Assegura que ha entrat en converses amb dos projectes, un nacional i un altre internacional, per\u00f2 no ens aclarix si \u00e9s algun dels restants: &#8216;\u00bfEs usted secuestrable?&#8217;, primer llargmetratge de la mallorquina Charli Bujosa; &#8216;Flying Elephants&#8217;, dirigida per Mona Khaouli i produ\u00efda per Easy Riders Films (Fran\u00e7a) i Madame Le Tapis (L\u00edban); &#8216;Grand Petit Fr\u00e8re\/Little Big Brother&#8217;, el primer llargmetratge de la marroquina Karima Guennouni, produ\u00eft per Janaprod; &#8216;Beirut, journal d&#8217;un effondrement&#8217;, signada per la cineasta franc-libanesa Katia Jarjoura i produ\u00efda per Les Films de l&#8217;Apr\u00e8s-Midi (Fran\u00e7a); Jusqu&#8217;\u00e0 l&#8217;aube\/Until Dawn&#8217;, produ\u00efda per Ouarzazate Films, el nou projecte de Mohamed Zineddaine, premiat director de &#8216;La Gu\u00e9risseuse i basada en una novel\u00b7la de Mohamed Zefzaf; o &#8216;Viktorija&#8217; amb direcci\u00f3 de Luka Gale\u0161i\u0107 i producci\u00f3 de Cobra Chicks (Cro\u00e0cia), una \u00e0cida com\u00e8dia que narra l&#8217;alliberament d&#8217;una dona madura i amargada que renaix a la vida despr\u00e9s d&#8217;ingressar a la seua mare malalta en una resid\u00e8ncia.<\/p>\n<p>La 38a edici\u00f3 de Mostra de Val\u00e8ncia-Cinema del Mediterrani est\u00e0 organitzada per l&#8217;Ajuntament de Val\u00e8ncia i compta amb la col\u00b7laboraci\u00f3 de l&#8217;Institut Valenci\u00e0 de Cultura (IVC), el Palau de la M\u00fasica, Barreira Arte + Dise\u00f1o i \u00c0 Punt M\u00e8dia com a mitj\u00e0 oficial.<\/p>\n","protected":false},"excerpt":{"rendered":"<p>La segona edici\u00f3 del Val\u00e8ncia Film Afers de la Mostra pot\u00e8ncia l&#8217;intercanvi entre productors locals i altres de la conca mediterr\u00e0nia El Centre Estudios Superiores [&hellip;]<\/p>\n","protected":false},"author":1,"featured_media":22493,"comment_status":"open","ping_status":"open","sticky":false,"template":"","format":"standard","meta":{"_uag_custom_page_level_css":"","_jet_sm_ready_style":"","_jet_sm_style":"","_jet_sm_controls_values":"","_jet_sm_fonts_collection":"","_jet_sm_fonts_links":"","footnotes":""},"categories":[455],"tags":[],"class_list":["post-22503","post","type-post","status-publish","format-standard","has-post-thumbnail","hentry","category-noticies"],"yoast_head":"<!-- This site is optimized with the Yoast SEO plugin v27.5 - https:\/\/yoast.com\/product\/yoast-seo-wordpress\/ -->\n<title>Autoficci\u00f3 valenciana sobre la gentrificaci\u00f3 del Cabanyal cerca coproductor belga - Mostra de Val\u00e8ncia<\/title>\n<meta name=\"robots\" content=\"index, follow, max-snippet:-1, max-image-preview:large, max-video-preview:-1\" \/>\n<link rel=\"canonical\" href=\"https:\/\/lamostradevalencia.com\/ca\/autoficcio-valenciana-sobre-la-gentrificacio-del-cabanyal-cerca-coproductor-belga\/\" \/>\n<meta property=\"og:locale\" content=\"ca_ES\" \/>\n<meta property=\"og:type\" content=\"article\" \/>\n<meta property=\"og:title\" content=\"Autoficci\u00f3 valenciana sobre la gentrificaci\u00f3 del Cabanyal cerca coproductor belga - Mostra de Val\u00e8ncia\" \/>\n<meta property=\"og:description\" content=\"La segona edici\u00f3 del Val\u00e8ncia Film Afers de la Mostra pot\u00e8ncia l&#8217;intercanvi entre productors locals i altres de la conca mediterr\u00e0nia El Centre Estudios Superiores [&hellip;]\" \/>\n<meta property=\"og:url\" content=\"https:\/\/lamostradevalencia.com\/ca\/autoficcio-valenciana-sobre-la-gentrificacio-del-cabanyal-cerca-coproductor-belga\/\" \/>\n<meta property=\"og:site_name\" content=\"Mostra de Val\u00e8ncia\" \/>\n<meta property=\"article:published_time\" content=\"2023-10-27T17:10:11+00:00\" \/>\n<meta property=\"og:image\" content=\"https:\/\/lamostradevalencia.com\/wp-content\/uploads\/2023\/10\/foro-2023-1024x815.png\" \/>\n\t<meta property=\"og:image:width\" content=\"1024\" \/>\n\t<meta property=\"og:image:height\" content=\"815\" \/>\n\t<meta property=\"og:image:type\" content=\"image\/png\" \/>\n<meta name=\"author\" content=\"Mostra de Val\u00e8ncia\" \/>\n<meta name=\"twitter:card\" content=\"summary_large_image\" \/>\n<meta name=\"twitter:label1\" content=\"Escrit per\" \/>\n\t<meta name=\"twitter:data1\" content=\"Mostra de Val\u00e8ncia\" \/>\n\t<meta name=\"twitter:label2\" content=\"Temps estimat de lectura\" \/>\n\t<meta name=\"twitter:data2\" content=\"4 minuts\" \/>\n<script type=\"application\/ld+json\" class=\"yoast-schema-graph\">{\"@context\":\"https:\\\/\\\/schema.org\",\"@graph\":[{\"@type\":\"Article\",\"@id\":\"https:\\\/\\\/lamostradevalencia.com\\\/ca\\\/autoficcio-valenciana-sobre-la-gentrificacio-del-cabanyal-cerca-coproductor-belga\\\/#article\",\"isPartOf\":{\"@id\":\"https:\\\/\\\/lamostradevalencia.com\\\/ca\\\/autoficcio-valenciana-sobre-la-gentrificacio-del-cabanyal-cerca-coproductor-belga\\\/\"},\"author\":{\"name\":\"Mostra de Val\u00e8ncia\",\"@id\":\"https:\\\/\\\/lamostradevalencia.com\\\/ca\\\/#\\\/schema\\\/person\\\/1dc07e4df3d6310b81d2cdf6a034070c\"},\"headline\":\"Autoficci\u00f3 valenciana sobre la gentrificaci\u00f3 del Cabanyal cerca coproductor belga\",\"datePublished\":\"2023-10-27T17:10:11+00:00\",\"mainEntityOfPage\":{\"@id\":\"https:\\\/\\\/lamostradevalencia.com\\\/ca\\\/autoficcio-valenciana-sobre-la-gentrificacio-del-cabanyal-cerca-coproductor-belga\\\/\"},\"wordCount\":814,\"commentCount\":0,\"image\":{\"@id\":\"https:\\\/\\\/lamostradevalencia.com\\\/ca\\\/autoficcio-valenciana-sobre-la-gentrificacio-del-cabanyal-cerca-coproductor-belga\\\/#primaryimage\"},\"thumbnailUrl\":\"https:\\\/\\\/lamostradevalencia.com\\\/wp-content\\\/uploads\\\/2023\\\/10\\\/foro-2023.png\",\"articleSection\":[\"Noticies\"],\"inLanguage\":\"ca\",\"potentialAction\":[{\"@type\":\"CommentAction\",\"name\":\"Comment\",\"target\":[\"https:\\\/\\\/lamostradevalencia.com\\\/ca\\\/autoficcio-valenciana-sobre-la-gentrificacio-del-cabanyal-cerca-coproductor-belga\\\/#respond\"]}]},{\"@type\":\"WebPage\",\"@id\":\"https:\\\/\\\/lamostradevalencia.com\\\/ca\\\/autoficcio-valenciana-sobre-la-gentrificacio-del-cabanyal-cerca-coproductor-belga\\\/\",\"url\":\"https:\\\/\\\/lamostradevalencia.com\\\/ca\\\/autoficcio-valenciana-sobre-la-gentrificacio-del-cabanyal-cerca-coproductor-belga\\\/\",\"name\":\"Autoficci\u00f3 valenciana sobre la gentrificaci\u00f3 del Cabanyal cerca coproductor belga - Mostra de Val\u00e8ncia\",\"isPartOf\":{\"@id\":\"https:\\\/\\\/lamostradevalencia.com\\\/ca\\\/#website\"},\"primaryImageOfPage\":{\"@id\":\"https:\\\/\\\/lamostradevalencia.com\\\/ca\\\/autoficcio-valenciana-sobre-la-gentrificacio-del-cabanyal-cerca-coproductor-belga\\\/#primaryimage\"},\"image\":{\"@id\":\"https:\\\/\\\/lamostradevalencia.com\\\/ca\\\/autoficcio-valenciana-sobre-la-gentrificacio-del-cabanyal-cerca-coproductor-belga\\\/#primaryimage\"},\"thumbnailUrl\":\"https:\\\/\\\/lamostradevalencia.com\\\/wp-content\\\/uploads\\\/2023\\\/10\\\/foro-2023.png\",\"datePublished\":\"2023-10-27T17:10:11+00:00\",\"author\":{\"@id\":\"https:\\\/\\\/lamostradevalencia.com\\\/ca\\\/#\\\/schema\\\/person\\\/1dc07e4df3d6310b81d2cdf6a034070c\"},\"breadcrumb\":{\"@id\":\"https:\\\/\\\/lamostradevalencia.com\\\/ca\\\/autoficcio-valenciana-sobre-la-gentrificacio-del-cabanyal-cerca-coproductor-belga\\\/#breadcrumb\"},\"inLanguage\":\"ca\",\"potentialAction\":[{\"@type\":\"ReadAction\",\"target\":[\"https:\\\/\\\/lamostradevalencia.com\\\/ca\\\/autoficcio-valenciana-sobre-la-gentrificacio-del-cabanyal-cerca-coproductor-belga\\\/\"]}]},{\"@type\":\"ImageObject\",\"inLanguage\":\"ca\",\"@id\":\"https:\\\/\\\/lamostradevalencia.com\\\/ca\\\/autoficcio-valenciana-sobre-la-gentrificacio-del-cabanyal-cerca-coproductor-belga\\\/#primaryimage\",\"url\":\"https:\\\/\\\/lamostradevalencia.com\\\/wp-content\\\/uploads\\\/2023\\\/10\\\/foro-2023.png\",\"contentUrl\":\"https:\\\/\\\/lamostradevalencia.com\\\/wp-content\\\/uploads\\\/2023\\\/10\\\/foro-2023.png\",\"width\":1300,\"height\":1035},{\"@type\":\"BreadcrumbList\",\"@id\":\"https:\\\/\\\/lamostradevalencia.com\\\/ca\\\/autoficcio-valenciana-sobre-la-gentrificacio-del-cabanyal-cerca-coproductor-belga\\\/#breadcrumb\",\"itemListElement\":[{\"@type\":\"ListItem\",\"position\":1,\"name\":\"Portada\",\"item\":\"https:\\\/\\\/lamostradevalencia.com\\\/ca\\\/\"},{\"@type\":\"ListItem\",\"position\":2,\"name\":\"Autoficci\u00f3 valenciana sobre la gentrificaci\u00f3 del Cabanyal cerca coproductor belga\"}]},{\"@type\":\"WebSite\",\"@id\":\"https:\\\/\\\/lamostradevalencia.com\\\/ca\\\/#website\",\"url\":\"https:\\\/\\\/lamostradevalencia.com\\\/ca\\\/\",\"name\":\"Mostra de Val\u00e8ncia\",\"description\":\"Cinema del Mediterrani\",\"potentialAction\":[{\"@type\":\"SearchAction\",\"target\":{\"@type\":\"EntryPoint\",\"urlTemplate\":\"https:\\\/\\\/lamostradevalencia.com\\\/ca\\\/?s={search_term_string}\"},\"query-input\":{\"@type\":\"PropertyValueSpecification\",\"valueRequired\":true,\"valueName\":\"search_term_string\"}}],\"inLanguage\":\"ca\"},{\"@type\":\"Person\",\"@id\":\"https:\\\/\\\/lamostradevalencia.com\\\/ca\\\/#\\\/schema\\\/person\\\/1dc07e4df3d6310b81d2cdf6a034070c\",\"name\":\"Mostra de Val\u00e8ncia\",\"image\":{\"@type\":\"ImageObject\",\"inLanguage\":\"ca\",\"@id\":\"https:\\\/\\\/secure.gravatar.com\\\/avatar\\\/ada4dfd699a9907706987adb1bb2b361c2613ccca474b49b8c648de5208e32f8?s=96&d=mm&r=g\",\"url\":\"https:\\\/\\\/secure.gravatar.com\\\/avatar\\\/ada4dfd699a9907706987adb1bb2b361c2613ccca474b49b8c648de5208e32f8?s=96&d=mm&r=g\",\"contentUrl\":\"https:\\\/\\\/secure.gravatar.com\\\/avatar\\\/ada4dfd699a9907706987adb1bb2b361c2613ccca474b49b8c648de5208e32f8?s=96&d=mm&r=g\",\"caption\":\"Mostra de Val\u00e8ncia\"}}]}<\/script>\n<!-- \/ Yoast SEO plugin. -->","yoast_head_json":{"title":"Autoficci\u00f3 valenciana sobre la gentrificaci\u00f3 del Cabanyal cerca coproductor belga - Mostra de Val\u00e8ncia","robots":{"index":"index","follow":"follow","max-snippet":"max-snippet:-1","max-image-preview":"max-image-preview:large","max-video-preview":"max-video-preview:-1"},"canonical":"https:\/\/lamostradevalencia.com\/ca\/autoficcio-valenciana-sobre-la-gentrificacio-del-cabanyal-cerca-coproductor-belga\/","og_locale":"ca_ES","og_type":"article","og_title":"Autoficci\u00f3 valenciana sobre la gentrificaci\u00f3 del Cabanyal cerca coproductor belga - Mostra de Val\u00e8ncia","og_description":"La segona edici\u00f3 del Val\u00e8ncia Film Afers de la Mostra pot\u00e8ncia l&#8217;intercanvi entre productors locals i altres de la conca mediterr\u00e0nia El Centre Estudios Superiores [&hellip;]","og_url":"https:\/\/lamostradevalencia.com\/ca\/autoficcio-valenciana-sobre-la-gentrificacio-del-cabanyal-cerca-coproductor-belga\/","og_site_name":"Mostra de Val\u00e8ncia","article_published_time":"2023-10-27T17:10:11+00:00","og_image":[{"width":1024,"height":815,"url":"https:\/\/lamostradevalencia.com\/wp-content\/uploads\/2023\/10\/foro-2023-1024x815.png","type":"image\/png"}],"author":"Mostra de Val\u00e8ncia","twitter_card":"summary_large_image","twitter_misc":{"Escrit per":"Mostra de Val\u00e8ncia","Temps estimat de lectura":"4 minuts"},"schema":{"@context":"https:\/\/schema.org","@graph":[{"@type":"Article","@id":"https:\/\/lamostradevalencia.com\/ca\/autoficcio-valenciana-sobre-la-gentrificacio-del-cabanyal-cerca-coproductor-belga\/#article","isPartOf":{"@id":"https:\/\/lamostradevalencia.com\/ca\/autoficcio-valenciana-sobre-la-gentrificacio-del-cabanyal-cerca-coproductor-belga\/"},"author":{"name":"Mostra de Val\u00e8ncia","@id":"https:\/\/lamostradevalencia.com\/ca\/#\/schema\/person\/1dc07e4df3d6310b81d2cdf6a034070c"},"headline":"Autoficci\u00f3 valenciana sobre la gentrificaci\u00f3 del Cabanyal cerca coproductor belga","datePublished":"2023-10-27T17:10:11+00:00","mainEntityOfPage":{"@id":"https:\/\/lamostradevalencia.com\/ca\/autoficcio-valenciana-sobre-la-gentrificacio-del-cabanyal-cerca-coproductor-belga\/"},"wordCount":814,"commentCount":0,"image":{"@id":"https:\/\/lamostradevalencia.com\/ca\/autoficcio-valenciana-sobre-la-gentrificacio-del-cabanyal-cerca-coproductor-belga\/#primaryimage"},"thumbnailUrl":"https:\/\/lamostradevalencia.com\/wp-content\/uploads\/2023\/10\/foro-2023.png","articleSection":["Noticies"],"inLanguage":"ca","potentialAction":[{"@type":"CommentAction","name":"Comment","target":["https:\/\/lamostradevalencia.com\/ca\/autoficcio-valenciana-sobre-la-gentrificacio-del-cabanyal-cerca-coproductor-belga\/#respond"]}]},{"@type":"WebPage","@id":"https:\/\/lamostradevalencia.com\/ca\/autoficcio-valenciana-sobre-la-gentrificacio-del-cabanyal-cerca-coproductor-belga\/","url":"https:\/\/lamostradevalencia.com\/ca\/autoficcio-valenciana-sobre-la-gentrificacio-del-cabanyal-cerca-coproductor-belga\/","name":"Autoficci\u00f3 valenciana sobre la gentrificaci\u00f3 del Cabanyal cerca coproductor belga - Mostra de Val\u00e8ncia","isPartOf":{"@id":"https:\/\/lamostradevalencia.com\/ca\/#website"},"primaryImageOfPage":{"@id":"https:\/\/lamostradevalencia.com\/ca\/autoficcio-valenciana-sobre-la-gentrificacio-del-cabanyal-cerca-coproductor-belga\/#primaryimage"},"image":{"@id":"https:\/\/lamostradevalencia.com\/ca\/autoficcio-valenciana-sobre-la-gentrificacio-del-cabanyal-cerca-coproductor-belga\/#primaryimage"},"thumbnailUrl":"https:\/\/lamostradevalencia.com\/wp-content\/uploads\/2023\/10\/foro-2023.png","datePublished":"2023-10-27T17:10:11+00:00","author":{"@id":"https:\/\/lamostradevalencia.com\/ca\/#\/schema\/person\/1dc07e4df3d6310b81d2cdf6a034070c"},"breadcrumb":{"@id":"https:\/\/lamostradevalencia.com\/ca\/autoficcio-valenciana-sobre-la-gentrificacio-del-cabanyal-cerca-coproductor-belga\/#breadcrumb"},"inLanguage":"ca","potentialAction":[{"@type":"ReadAction","target":["https:\/\/lamostradevalencia.com\/ca\/autoficcio-valenciana-sobre-la-gentrificacio-del-cabanyal-cerca-coproductor-belga\/"]}]},{"@type":"ImageObject","inLanguage":"ca","@id":"https:\/\/lamostradevalencia.com\/ca\/autoficcio-valenciana-sobre-la-gentrificacio-del-cabanyal-cerca-coproductor-belga\/#primaryimage","url":"https:\/\/lamostradevalencia.com\/wp-content\/uploads\/2023\/10\/foro-2023.png","contentUrl":"https:\/\/lamostradevalencia.com\/wp-content\/uploads\/2023\/10\/foro-2023.png","width":1300,"height":1035},{"@type":"BreadcrumbList","@id":"https:\/\/lamostradevalencia.com\/ca\/autoficcio-valenciana-sobre-la-gentrificacio-del-cabanyal-cerca-coproductor-belga\/#breadcrumb","itemListElement":[{"@type":"ListItem","position":1,"name":"Portada","item":"https:\/\/lamostradevalencia.com\/ca\/"},{"@type":"ListItem","position":2,"name":"Autoficci\u00f3 valenciana sobre la gentrificaci\u00f3 del Cabanyal cerca coproductor belga"}]},{"@type":"WebSite","@id":"https:\/\/lamostradevalencia.com\/ca\/#website","url":"https:\/\/lamostradevalencia.com\/ca\/","name":"Mostra de Val\u00e8ncia","description":"Cinema del Mediterrani","potentialAction":[{"@type":"SearchAction","target":{"@type":"EntryPoint","urlTemplate":"https:\/\/lamostradevalencia.com\/ca\/?s={search_term_string}"},"query-input":{"@type":"PropertyValueSpecification","valueRequired":true,"valueName":"search_term_string"}}],"inLanguage":"ca"},{"@type":"Person","@id":"https:\/\/lamostradevalencia.com\/ca\/#\/schema\/person\/1dc07e4df3d6310b81d2cdf6a034070c","name":"Mostra de Val\u00e8ncia","image":{"@type":"ImageObject","inLanguage":"ca","@id":"https:\/\/secure.gravatar.com\/avatar\/ada4dfd699a9907706987adb1bb2b361c2613ccca474b49b8c648de5208e32f8?s=96&d=mm&r=g","url":"https:\/\/secure.gravatar.com\/avatar\/ada4dfd699a9907706987adb1bb2b361c2613ccca474b49b8c648de5208e32f8?s=96&d=mm&r=g","contentUrl":"https:\/\/secure.gravatar.com\/avatar\/ada4dfd699a9907706987adb1bb2b361c2613ccca474b49b8c648de5208e32f8?s=96&d=mm&r=g","caption":"Mostra de Val\u00e8ncia"}}]}},"uagb_featured_image_src":{"full":["https:\/\/lamostradevalencia.com\/wp-content\/uploads\/2023\/10\/foro-2023.png",1300,1035,false],"thumbnail":["https:\/\/lamostradevalencia.com\/wp-content\/uploads\/2023\/10\/foro-2023-150x150.png",150,150,true],"medium":["https:\/\/lamostradevalencia.com\/wp-content\/uploads\/2023\/10\/foro-2023-300x239.png",300,239,true],"medium_large":["https:\/\/lamostradevalencia.com\/wp-content\/uploads\/2023\/10\/foro-2023-768x611.png",768,611,true],"large":["https:\/\/lamostradevalencia.com\/wp-content\/uploads\/2023\/10\/foro-2023-1024x815.png",1024,815,true],"1536x1536":["https:\/\/lamostradevalencia.com\/wp-content\/uploads\/2023\/10\/foro-2023.png",1300,1035,false],"2048x2048":["https:\/\/lamostradevalencia.com\/wp-content\/uploads\/2023\/10\/foro-2023.png",1300,1035,false],"cinerama_edge_image_square":["https:\/\/lamostradevalencia.com\/wp-content\/uploads\/2023\/10\/foro-2023-550x550.png",550,550,true],"cinerama_edge_image_landscape":["https:\/\/lamostradevalencia.com\/wp-content\/uploads\/2023\/10\/foro-2023-1100x550.png",1100,550,true],"cinerama_edge_image_portrait":["https:\/\/lamostradevalencia.com\/wp-content\/uploads\/2023\/10\/foro-2023-550x1035.png",550,1035,true],"cinerama_edge_image_huge":["https:\/\/lamostradevalencia.com\/wp-content\/uploads\/2023\/10\/foro-2023-1100x1035.png",1100,1035,true],"gform-image-choice-sm":["https:\/\/lamostradevalencia.com\/wp-content\/uploads\/2023\/10\/foro-2023.png",300,239,false],"gform-image-choice-md":["https:\/\/lamostradevalencia.com\/wp-content\/uploads\/2023\/10\/foro-2023.png",400,318,false],"gform-image-choice-lg":["https:\/\/lamostradevalencia.com\/wp-content\/uploads\/2023\/10\/foro-2023.png",600,478,false]},"uagb_author_info":{"display_name":"Mostra de Val\u00e8ncia","author_link":"https:\/\/lamostradevalencia.com\/ca\/author\/mostravalencia\/"},"uagb_comment_info":0,"uagb_excerpt":"La segona edici\u00f3 del Val\u00e8ncia Film Afers de la Mostra pot\u00e8ncia l&#8217;intercanvi entre productors locals i altres de la conca mediterr\u00e0nia El Centre Estudios Superiores [&hellip;]","_links":{"self":[{"href":"https:\/\/lamostradevalencia.com\/ca\/wp-json\/wp\/v2\/posts\/22503","targetHints":{"allow":["GET"]}}],"collection":[{"href":"https:\/\/lamostradevalencia.com\/ca\/wp-json\/wp\/v2\/posts"}],"about":[{"href":"https:\/\/lamostradevalencia.com\/ca\/wp-json\/wp\/v2\/types\/post"}],"author":[{"embeddable":true,"href":"https:\/\/lamostradevalencia.com\/ca\/wp-json\/wp\/v2\/users\/1"}],"replies":[{"embeddable":true,"href":"https:\/\/lamostradevalencia.com\/ca\/wp-json\/wp\/v2\/comments?post=22503"}],"version-history":[{"count":2,"href":"https:\/\/lamostradevalencia.com\/ca\/wp-json\/wp\/v2\/posts\/22503\/revisions"}],"predecessor-version":[{"id":22505,"href":"https:\/\/lamostradevalencia.com\/ca\/wp-json\/wp\/v2\/posts\/22503\/revisions\/22505"}],"wp:featuredmedia":[{"embeddable":true,"href":"https:\/\/lamostradevalencia.com\/ca\/wp-json\/wp\/v2\/media\/22493"}],"wp:attachment":[{"href":"https:\/\/lamostradevalencia.com\/ca\/wp-json\/wp\/v2\/media?parent=22503"}],"wp:term":[{"taxonomy":"category","embeddable":true,"href":"https:\/\/lamostradevalencia.com\/ca\/wp-json\/wp\/v2\/categories?post=22503"},{"taxonomy":"post_tag","embeddable":true,"href":"https:\/\/lamostradevalencia.com\/ca\/wp-json\/wp\/v2\/tags?post=22503"}],"curies":[{"name":"wp","href":"https:\/\/api.w.org\/{rel}","templated":true}]}}