{"id":22472,"date":"2023-10-26T17:52:23","date_gmt":"2023-10-26T15:52:23","guid":{"rendered":"https:\/\/lamostradevalencia.com\/?p=22472"},"modified":"2023-10-26T17:52:23","modified_gmt":"2023-10-26T15:52:23","slug":"el-hombre-que-pudo-filmar-un-recorregut-per-les-aventures-cinematografiques-dantonio-llorens","status":"publish","type":"post","link":"https:\/\/lamostradevalencia.com\/ca\/el-hombre-que-pudo-filmar-un-recorregut-per-les-aventures-cinematografiques-dantonio-llorens\/","title":{"rendered":"\u2018El hombre que pudo filmar\u2019, un recorregut per les aventures cinematogr\u00e0fiques d&#8217;Antonio Llorens"},"content":{"rendered":"<h5>Pedro Uris repassa la traject\u00f2ria del company amb el qual va comen\u00e7ar en els rodatges independents<\/h5>\n<p>Emmarcada dins de les Sessions Especials, Mostra de Val\u00e8ncia &#8211; Cinema del Mediterrani estrena hui el documental \u2018El hombre que pudo filmar&#8217;, del director i guionista Pedro Uris.\u00a0<strong>\u201c\u00c9s un documental sobre la traject\u00f2ria del meu company i amic Antonio Llorens en la seua faceta de realitzador cinematogr\u00e0fic.\u00a0Ell \u00e9s conegut com a cr\u00edtic i com a programador, en la pr\u00f2pia Mostra durant molts anys.<\/strong> La nostra hist\u00f2ria, no obstant aix\u00f2, comen\u00e7a fent pel\u00b7l\u00edcules quan ten\u00edem 17 anys a la fi dels 70. La idea \u00e9s veure amb quins desitjos comencem llavors i la traject\u00f2ria que hem tingut posteriorment\u201d, explica Pedro Uris.<\/p>\n<p>Llorens es va iniciar en el rodatge de curtmetratges en col\u00b7laboraci\u00f3 amb Pedro Uris en les d\u00e8cades dels seixanta i setanta amb peces com \u2018A prop\u00f3sito de\u2026&#8217; (1969), \u2018Los h\u00e9roes&#8217; (1969) o \u2018Acci\u00f3n&#8217; (1969), per a despr\u00e9s iniciar el seu treball com a cr\u00edtic cinematogr\u00e0fic en \u2018Carteleria T\u00faria&#8217; i submergir-se en les labors de distribuci\u00f3 cinematogr\u00e0fica.<\/p>\n<p>Des de finals dels anys setanta, Llorens mant\u00e9 una activitat intensa com a assessor, programador i escriptor per a festivals de cine\u00a0nacionals i internacionals com la SEMINCI de Valladolid, Festival de M\u00e0laga o La Mostra de Val\u00e8ncia. En paral\u00b7lel al seu treball de cr\u00edtic i escriptor cinematogr\u00e0fic, tamb\u00e9 va treballar com a programador dels Cines Babel i dels Cines Albatros. Despr\u00e9s de quasi vint anys sense rodar, va tornar a posar-se darrere de la c\u00e0mera per a dirigir el llargmetratge \u2018Apr\u00e8s le Trou&#8217; (&#8216;Despu\u00e9s de la evasi\u00f3n&#8217;) (2002) sobre l&#8217;escriptor i cineasta Jos\u00e9 Giovanni, que va ser presentat en el Festival de Locarno, al qu\u00e8 li van seguir altres projectes com els curts \u2018La culpa ajena&#8217; (2007) y \u2018Marxmadera&#8217; (2009) o el documental \u2018Un jard\u00ed a la mem\u00f2ria&#8217; (2014), en qu\u00e8 recupera imatges i fragments dels seus propis curtmetratges elaborats entre 1969 i 1973.<\/p>\n<p>Per a realitzar esta pel\u00b7l\u00edcula, el director es trasllada als seus inicis en este art: <strong>\u201cLa singularitat \u00e9s que jo quan em plantege fer esta pel\u00b7l\u00edcula \u00e9s tornant al cine que f\u00e9iem llavors, i filmar amb els modes i maneres, primer en super 8 i despr\u00e9s en 16 mm de finals dels 60 i principis dels 70\u201d.\u00a0<\/strong>Igual que va fer en el seu anterior treball sobre Jos\u00e9 Morea, el seu objectiu era <strong>\u201ctranscendir la traject\u00f2ria en una s\u00e8rie de reflexions que es proposen a l&#8217;espectador sobre la llibertat, la creaci\u00f3, l&#8217;art i la vida\u2026\u201d<\/strong><\/p>\n<p>\u2018El hombre que pudo filmar\u2019 \u00e9s, entre altres coses, una pel\u00b7l\u00edcula homenatge al company pertanyent a la generaci\u00f3 de directors de cine independent valenci\u00e0, que ha sigut realitzada amb una modesta inversi\u00f3:\u00a0\u201cV\u00e0rem comen\u00e7ar fent cine sense finan\u00e7ament, sense distribuci\u00f3\u2026 era un cine sense papers. Despr\u00e9s de molt de temps donant voltes per este m\u00f3n i tractant de desenvolupar projectes, que uns han eixit i altres no, em vaig plantejar que potser era el moment d&#8217;arribar al principi, \u00e9s a dir, eixe cine replet de dificultats i limitacions, per\u00f2 en el qu\u00e8 compt\u00e0vem amb una llibertat que jo mai he aconseguit despr\u00e9s. Tens la necessitat de fer una pel\u00b7l\u00edcula i ho aconseguixes. L&#8217;avantatge \u00e9s que el digital permet que les pel\u00b7l\u00edcules s&#8217;acaben\u201d, conclou Uris.<\/p>\n<p>La 38a edici\u00f3 de Mostra de Val\u00e8ncia-Cinema del Mediterrani est\u00e0 organitzada per l&#8217;Ajuntament de Val\u00e8ncia i compta amb la col\u00b7laboraci\u00f3 de l\u2019Institut Valenci\u00e0 de Cultura (IVC), el Palau de la M\u00fasica, Barreira Arte + Dise\u00f1o i \u00c0 Punt M\u00e8dia com a mitj\u00e0 oficial.<\/p>\n","protected":false},"excerpt":{"rendered":"<p>Pedro Uris repassa la traject\u00f2ria del company amb el qual va comen\u00e7ar en els rodatges independents Emmarcada dins de les Sessions Especials, Mostra de Val\u00e8ncia [&hellip;]<\/p>\n","protected":false},"author":1,"featured_media":22479,"comment_status":"open","ping_status":"open","sticky":false,"template":"","format":"standard","meta":{"_uag_custom_page_level_css":"","_jet_sm_ready_style":"","_jet_sm_style":"","_jet_sm_controls_values":"","_jet_sm_fonts_collection":"","_jet_sm_fonts_links":"","footnotes":""},"categories":[455],"tags":[],"class_list":["post-22472","post","type-post","status-publish","format-standard","has-post-thumbnail","hentry","category-noticies"],"yoast_head":"<!-- This site is optimized with the Yoast SEO plugin v27.5 - https:\/\/yoast.com\/product\/yoast-seo-wordpress\/ -->\n<title>\u2018El hombre que pudo filmar\u2019, un recorregut per les aventures cinematogr\u00e0fiques d&#039;Antonio Llorens - Mostra de Val\u00e8ncia<\/title>\n<meta name=\"robots\" content=\"index, follow, max-snippet:-1, max-image-preview:large, max-video-preview:-1\" \/>\n<link rel=\"canonical\" href=\"https:\/\/lamostradevalencia.com\/ca\/el-hombre-que-pudo-filmar-un-recorregut-per-les-aventures-cinematografiques-dantonio-llorens\/\" \/>\n<meta property=\"og:locale\" content=\"ca_ES\" \/>\n<meta property=\"og:type\" content=\"article\" \/>\n<meta property=\"og:title\" content=\"\u2018El hombre que pudo filmar\u2019, un recorregut per les aventures cinematogr\u00e0fiques d&#039;Antonio Llorens - Mostra de Val\u00e8ncia\" \/>\n<meta property=\"og:description\" content=\"Pedro Uris repassa la traject\u00f2ria del company amb el qual va comen\u00e7ar en els rodatges independents Emmarcada dins de les Sessions Especials, Mostra de Val\u00e8ncia [&hellip;]\" \/>\n<meta property=\"og:url\" content=\"https:\/\/lamostradevalencia.com\/ca\/el-hombre-que-pudo-filmar-un-recorregut-per-les-aventures-cinematografiques-dantonio-llorens\/\" \/>\n<meta property=\"og:site_name\" content=\"Mostra de Val\u00e8ncia\" \/>\n<meta property=\"article:published_time\" content=\"2023-10-26T15:52:23+00:00\" \/>\n<meta property=\"og:image\" content=\"https:\/\/lamostradevalencia.com\/wp-content\/uploads\/2023\/10\/Pedro-Uris-scaled.jpg\" \/>\n\t<meta property=\"og:image:width\" content=\"1706\" \/>\n\t<meta property=\"og:image:height\" content=\"2560\" \/>\n\t<meta property=\"og:image:type\" content=\"image\/jpeg\" \/>\n<meta name=\"author\" content=\"Mostra de Val\u00e8ncia\" \/>\n<meta name=\"twitter:card\" content=\"summary_large_image\" \/>\n<meta name=\"twitter:label1\" content=\"Escrit per\" \/>\n\t<meta name=\"twitter:data1\" content=\"Mostra de Val\u00e8ncia\" \/>\n\t<meta name=\"twitter:label2\" content=\"Temps estimat de lectura\" \/>\n\t<meta name=\"twitter:data2\" content=\"3 minuts\" \/>\n<script type=\"application\/ld+json\" class=\"yoast-schema-graph\">{\"@context\":\"https:\\\/\\\/schema.org\",\"@graph\":[{\"@type\":\"Article\",\"@id\":\"https:\\\/\\\/lamostradevalencia.com\\\/ca\\\/el-hombre-que-pudo-filmar-un-recorregut-per-les-aventures-cinematografiques-dantonio-llorens\\\/#article\",\"isPartOf\":{\"@id\":\"https:\\\/\\\/lamostradevalencia.com\\\/ca\\\/el-hombre-que-pudo-filmar-un-recorregut-per-les-aventures-cinematografiques-dantonio-llorens\\\/\"},\"author\":{\"name\":\"Mostra de Val\u00e8ncia\",\"@id\":\"https:\\\/\\\/lamostradevalencia.com\\\/ca\\\/#\\\/schema\\\/person\\\/1dc07e4df3d6310b81d2cdf6a034070c\"},\"headline\":\"\u2018El hombre que pudo filmar\u2019, un recorregut per les aventures cinematogr\u00e0fiques d&#8217;Antonio Llorens\",\"datePublished\":\"2023-10-26T15:52:23+00:00\",\"mainEntityOfPage\":{\"@id\":\"https:\\\/\\\/lamostradevalencia.com\\\/ca\\\/el-hombre-que-pudo-filmar-un-recorregut-per-les-aventures-cinematografiques-dantonio-llorens\\\/\"},\"wordCount\":648,\"commentCount\":0,\"image\":{\"@id\":\"https:\\\/\\\/lamostradevalencia.com\\\/ca\\\/el-hombre-que-pudo-filmar-un-recorregut-per-les-aventures-cinematografiques-dantonio-llorens\\\/#primaryimage\"},\"thumbnailUrl\":\"https:\\\/\\\/lamostradevalencia.com\\\/wp-content\\\/uploads\\\/2023\\\/10\\\/Pedro-Uris-scaled.jpg\",\"articleSection\":[\"Noticies\"],\"inLanguage\":\"ca\",\"potentialAction\":[{\"@type\":\"CommentAction\",\"name\":\"Comment\",\"target\":[\"https:\\\/\\\/lamostradevalencia.com\\\/ca\\\/el-hombre-que-pudo-filmar-un-recorregut-per-les-aventures-cinematografiques-dantonio-llorens\\\/#respond\"]}]},{\"@type\":\"WebPage\",\"@id\":\"https:\\\/\\\/lamostradevalencia.com\\\/ca\\\/el-hombre-que-pudo-filmar-un-recorregut-per-les-aventures-cinematografiques-dantonio-llorens\\\/\",\"url\":\"https:\\\/\\\/lamostradevalencia.com\\\/ca\\\/el-hombre-que-pudo-filmar-un-recorregut-per-les-aventures-cinematografiques-dantonio-llorens\\\/\",\"name\":\"\u2018El hombre que pudo filmar\u2019, un recorregut per les aventures cinematogr\u00e0fiques d'Antonio Llorens - Mostra de Val\u00e8ncia\",\"isPartOf\":{\"@id\":\"https:\\\/\\\/lamostradevalencia.com\\\/ca\\\/#website\"},\"primaryImageOfPage\":{\"@id\":\"https:\\\/\\\/lamostradevalencia.com\\\/ca\\\/el-hombre-que-pudo-filmar-un-recorregut-per-les-aventures-cinematografiques-dantonio-llorens\\\/#primaryimage\"},\"image\":{\"@id\":\"https:\\\/\\\/lamostradevalencia.com\\\/ca\\\/el-hombre-que-pudo-filmar-un-recorregut-per-les-aventures-cinematografiques-dantonio-llorens\\\/#primaryimage\"},\"thumbnailUrl\":\"https:\\\/\\\/lamostradevalencia.com\\\/wp-content\\\/uploads\\\/2023\\\/10\\\/Pedro-Uris-scaled.jpg\",\"datePublished\":\"2023-10-26T15:52:23+00:00\",\"author\":{\"@id\":\"https:\\\/\\\/lamostradevalencia.com\\\/ca\\\/#\\\/schema\\\/person\\\/1dc07e4df3d6310b81d2cdf6a034070c\"},\"breadcrumb\":{\"@id\":\"https:\\\/\\\/lamostradevalencia.com\\\/ca\\\/el-hombre-que-pudo-filmar-un-recorregut-per-les-aventures-cinematografiques-dantonio-llorens\\\/#breadcrumb\"},\"inLanguage\":\"ca\",\"potentialAction\":[{\"@type\":\"ReadAction\",\"target\":[\"https:\\\/\\\/lamostradevalencia.com\\\/ca\\\/el-hombre-que-pudo-filmar-un-recorregut-per-les-aventures-cinematografiques-dantonio-llorens\\\/\"]}]},{\"@type\":\"ImageObject\",\"inLanguage\":\"ca\",\"@id\":\"https:\\\/\\\/lamostradevalencia.com\\\/ca\\\/el-hombre-que-pudo-filmar-un-recorregut-per-les-aventures-cinematografiques-dantonio-llorens\\\/#primaryimage\",\"url\":\"https:\\\/\\\/lamostradevalencia.com\\\/wp-content\\\/uploads\\\/2023\\\/10\\\/Pedro-Uris-scaled.jpg\",\"contentUrl\":\"https:\\\/\\\/lamostradevalencia.com\\\/wp-content\\\/uploads\\\/2023\\\/10\\\/Pedro-Uris-scaled.jpg\",\"width\":1706,\"height\":2560},{\"@type\":\"BreadcrumbList\",\"@id\":\"https:\\\/\\\/lamostradevalencia.com\\\/ca\\\/el-hombre-que-pudo-filmar-un-recorregut-per-les-aventures-cinematografiques-dantonio-llorens\\\/#breadcrumb\",\"itemListElement\":[{\"@type\":\"ListItem\",\"position\":1,\"name\":\"Portada\",\"item\":\"https:\\\/\\\/lamostradevalencia.com\\\/ca\\\/\"},{\"@type\":\"ListItem\",\"position\":2,\"name\":\"\u2018El hombre que pudo filmar\u2019, un recorregut per les aventures cinematogr\u00e0fiques d&#8217;Antonio Llorens\"}]},{\"@type\":\"WebSite\",\"@id\":\"https:\\\/\\\/lamostradevalencia.com\\\/ca\\\/#website\",\"url\":\"https:\\\/\\\/lamostradevalencia.com\\\/ca\\\/\",\"name\":\"Mostra de Val\u00e8ncia\",\"description\":\"Cinema del Mediterrani\",\"potentialAction\":[{\"@type\":\"SearchAction\",\"target\":{\"@type\":\"EntryPoint\",\"urlTemplate\":\"https:\\\/\\\/lamostradevalencia.com\\\/ca\\\/?s={search_term_string}\"},\"query-input\":{\"@type\":\"PropertyValueSpecification\",\"valueRequired\":true,\"valueName\":\"search_term_string\"}}],\"inLanguage\":\"ca\"},{\"@type\":\"Person\",\"@id\":\"https:\\\/\\\/lamostradevalencia.com\\\/ca\\\/#\\\/schema\\\/person\\\/1dc07e4df3d6310b81d2cdf6a034070c\",\"name\":\"Mostra de Val\u00e8ncia\",\"image\":{\"@type\":\"ImageObject\",\"inLanguage\":\"ca\",\"@id\":\"https:\\\/\\\/secure.gravatar.com\\\/avatar\\\/ada4dfd699a9907706987adb1bb2b361c2613ccca474b49b8c648de5208e32f8?s=96&d=mm&r=g\",\"url\":\"https:\\\/\\\/secure.gravatar.com\\\/avatar\\\/ada4dfd699a9907706987adb1bb2b361c2613ccca474b49b8c648de5208e32f8?s=96&d=mm&r=g\",\"contentUrl\":\"https:\\\/\\\/secure.gravatar.com\\\/avatar\\\/ada4dfd699a9907706987adb1bb2b361c2613ccca474b49b8c648de5208e32f8?s=96&d=mm&r=g\",\"caption\":\"Mostra de Val\u00e8ncia\"}}]}<\/script>\n<!-- \/ Yoast SEO plugin. -->","yoast_head_json":{"title":"\u2018El hombre que pudo filmar\u2019, un recorregut per les aventures cinematogr\u00e0fiques d'Antonio Llorens - Mostra de Val\u00e8ncia","robots":{"index":"index","follow":"follow","max-snippet":"max-snippet:-1","max-image-preview":"max-image-preview:large","max-video-preview":"max-video-preview:-1"},"canonical":"https:\/\/lamostradevalencia.com\/ca\/el-hombre-que-pudo-filmar-un-recorregut-per-les-aventures-cinematografiques-dantonio-llorens\/","og_locale":"ca_ES","og_type":"article","og_title":"\u2018El hombre que pudo filmar\u2019, un recorregut per les aventures cinematogr\u00e0fiques d'Antonio Llorens - Mostra de Val\u00e8ncia","og_description":"Pedro Uris repassa la traject\u00f2ria del company amb el qual va comen\u00e7ar en els rodatges independents Emmarcada dins de les Sessions Especials, Mostra de Val\u00e8ncia [&hellip;]","og_url":"https:\/\/lamostradevalencia.com\/ca\/el-hombre-que-pudo-filmar-un-recorregut-per-les-aventures-cinematografiques-dantonio-llorens\/","og_site_name":"Mostra de Val\u00e8ncia","article_published_time":"2023-10-26T15:52:23+00:00","og_image":[{"width":1706,"height":2560,"url":"https:\/\/lamostradevalencia.com\/wp-content\/uploads\/2023\/10\/Pedro-Uris-scaled.jpg","type":"image\/jpeg"}],"author":"Mostra de Val\u00e8ncia","twitter_card":"summary_large_image","twitter_misc":{"Escrit per":"Mostra de Val\u00e8ncia","Temps estimat de lectura":"3 minuts"},"schema":{"@context":"https:\/\/schema.org","@graph":[{"@type":"Article","@id":"https:\/\/lamostradevalencia.com\/ca\/el-hombre-que-pudo-filmar-un-recorregut-per-les-aventures-cinematografiques-dantonio-llorens\/#article","isPartOf":{"@id":"https:\/\/lamostradevalencia.com\/ca\/el-hombre-que-pudo-filmar-un-recorregut-per-les-aventures-cinematografiques-dantonio-llorens\/"},"author":{"name":"Mostra de Val\u00e8ncia","@id":"https:\/\/lamostradevalencia.com\/ca\/#\/schema\/person\/1dc07e4df3d6310b81d2cdf6a034070c"},"headline":"\u2018El hombre que pudo filmar\u2019, un recorregut per les aventures cinematogr\u00e0fiques d&#8217;Antonio Llorens","datePublished":"2023-10-26T15:52:23+00:00","mainEntityOfPage":{"@id":"https:\/\/lamostradevalencia.com\/ca\/el-hombre-que-pudo-filmar-un-recorregut-per-les-aventures-cinematografiques-dantonio-llorens\/"},"wordCount":648,"commentCount":0,"image":{"@id":"https:\/\/lamostradevalencia.com\/ca\/el-hombre-que-pudo-filmar-un-recorregut-per-les-aventures-cinematografiques-dantonio-llorens\/#primaryimage"},"thumbnailUrl":"https:\/\/lamostradevalencia.com\/wp-content\/uploads\/2023\/10\/Pedro-Uris-scaled.jpg","articleSection":["Noticies"],"inLanguage":"ca","potentialAction":[{"@type":"CommentAction","name":"Comment","target":["https:\/\/lamostradevalencia.com\/ca\/el-hombre-que-pudo-filmar-un-recorregut-per-les-aventures-cinematografiques-dantonio-llorens\/#respond"]}]},{"@type":"WebPage","@id":"https:\/\/lamostradevalencia.com\/ca\/el-hombre-que-pudo-filmar-un-recorregut-per-les-aventures-cinematografiques-dantonio-llorens\/","url":"https:\/\/lamostradevalencia.com\/ca\/el-hombre-que-pudo-filmar-un-recorregut-per-les-aventures-cinematografiques-dantonio-llorens\/","name":"\u2018El hombre que pudo filmar\u2019, un recorregut per les aventures cinematogr\u00e0fiques d'Antonio Llorens - Mostra de Val\u00e8ncia","isPartOf":{"@id":"https:\/\/lamostradevalencia.com\/ca\/#website"},"primaryImageOfPage":{"@id":"https:\/\/lamostradevalencia.com\/ca\/el-hombre-que-pudo-filmar-un-recorregut-per-les-aventures-cinematografiques-dantonio-llorens\/#primaryimage"},"image":{"@id":"https:\/\/lamostradevalencia.com\/ca\/el-hombre-que-pudo-filmar-un-recorregut-per-les-aventures-cinematografiques-dantonio-llorens\/#primaryimage"},"thumbnailUrl":"https:\/\/lamostradevalencia.com\/wp-content\/uploads\/2023\/10\/Pedro-Uris-scaled.jpg","datePublished":"2023-10-26T15:52:23+00:00","author":{"@id":"https:\/\/lamostradevalencia.com\/ca\/#\/schema\/person\/1dc07e4df3d6310b81d2cdf6a034070c"},"breadcrumb":{"@id":"https:\/\/lamostradevalencia.com\/ca\/el-hombre-que-pudo-filmar-un-recorregut-per-les-aventures-cinematografiques-dantonio-llorens\/#breadcrumb"},"inLanguage":"ca","potentialAction":[{"@type":"ReadAction","target":["https:\/\/lamostradevalencia.com\/ca\/el-hombre-que-pudo-filmar-un-recorregut-per-les-aventures-cinematografiques-dantonio-llorens\/"]}]},{"@type":"ImageObject","inLanguage":"ca","@id":"https:\/\/lamostradevalencia.com\/ca\/el-hombre-que-pudo-filmar-un-recorregut-per-les-aventures-cinematografiques-dantonio-llorens\/#primaryimage","url":"https:\/\/lamostradevalencia.com\/wp-content\/uploads\/2023\/10\/Pedro-Uris-scaled.jpg","contentUrl":"https:\/\/lamostradevalencia.com\/wp-content\/uploads\/2023\/10\/Pedro-Uris-scaled.jpg","width":1706,"height":2560},{"@type":"BreadcrumbList","@id":"https:\/\/lamostradevalencia.com\/ca\/el-hombre-que-pudo-filmar-un-recorregut-per-les-aventures-cinematografiques-dantonio-llorens\/#breadcrumb","itemListElement":[{"@type":"ListItem","position":1,"name":"Portada","item":"https:\/\/lamostradevalencia.com\/ca\/"},{"@type":"ListItem","position":2,"name":"\u2018El hombre que pudo filmar\u2019, un recorregut per les aventures cinematogr\u00e0fiques d&#8217;Antonio Llorens"}]},{"@type":"WebSite","@id":"https:\/\/lamostradevalencia.com\/ca\/#website","url":"https:\/\/lamostradevalencia.com\/ca\/","name":"Mostra de Val\u00e8ncia","description":"Cinema del Mediterrani","potentialAction":[{"@type":"SearchAction","target":{"@type":"EntryPoint","urlTemplate":"https:\/\/lamostradevalencia.com\/ca\/?s={search_term_string}"},"query-input":{"@type":"PropertyValueSpecification","valueRequired":true,"valueName":"search_term_string"}}],"inLanguage":"ca"},{"@type":"Person","@id":"https:\/\/lamostradevalencia.com\/ca\/#\/schema\/person\/1dc07e4df3d6310b81d2cdf6a034070c","name":"Mostra de Val\u00e8ncia","image":{"@type":"ImageObject","inLanguage":"ca","@id":"https:\/\/secure.gravatar.com\/avatar\/ada4dfd699a9907706987adb1bb2b361c2613ccca474b49b8c648de5208e32f8?s=96&d=mm&r=g","url":"https:\/\/secure.gravatar.com\/avatar\/ada4dfd699a9907706987adb1bb2b361c2613ccca474b49b8c648de5208e32f8?s=96&d=mm&r=g","contentUrl":"https:\/\/secure.gravatar.com\/avatar\/ada4dfd699a9907706987adb1bb2b361c2613ccca474b49b8c648de5208e32f8?s=96&d=mm&r=g","caption":"Mostra de Val\u00e8ncia"}}]}},"uagb_featured_image_src":{"full":["https:\/\/lamostradevalencia.com\/wp-content\/uploads\/2023\/10\/Pedro-Uris-scaled.jpg",1706,2560,false],"thumbnail":["https:\/\/lamostradevalencia.com\/wp-content\/uploads\/2023\/10\/Pedro-Uris-150x150.jpg",150,150,true],"medium":["https:\/\/lamostradevalencia.com\/wp-content\/uploads\/2023\/10\/Pedro-Uris-200x300.jpg",200,300,true],"medium_large":["https:\/\/lamostradevalencia.com\/wp-content\/uploads\/2023\/10\/Pedro-Uris-768x1152.jpg",768,1152,true],"large":["https:\/\/lamostradevalencia.com\/wp-content\/uploads\/2023\/10\/Pedro-Uris-682x1024.jpg",682,1024,true],"1536x1536":["https:\/\/lamostradevalencia.com\/wp-content\/uploads\/2023\/10\/Pedro-Uris-1024x1536.jpg",1024,1536,true],"2048x2048":["https:\/\/lamostradevalencia.com\/wp-content\/uploads\/2023\/10\/Pedro-Uris-1365x2048.jpg",1365,2048,true],"cinerama_edge_image_square":["https:\/\/lamostradevalencia.com\/wp-content\/uploads\/2023\/10\/Pedro-Uris-550x550.jpg",550,550,true],"cinerama_edge_image_landscape":["https:\/\/lamostradevalencia.com\/wp-content\/uploads\/2023\/10\/Pedro-Uris-1100x550.jpg",1100,550,true],"cinerama_edge_image_portrait":["https:\/\/lamostradevalencia.com\/wp-content\/uploads\/2023\/10\/Pedro-Uris-550x1100.jpg",550,1100,true],"cinerama_edge_image_huge":["https:\/\/lamostradevalencia.com\/wp-content\/uploads\/2023\/10\/Pedro-Uris-1100x1100.jpg",1100,1100,true],"gform-image-choice-sm":["https:\/\/lamostradevalencia.com\/wp-content\/uploads\/2023\/10\/Pedro-Uris-scaled.jpg",200,300,false],"gform-image-choice-md":["https:\/\/lamostradevalencia.com\/wp-content\/uploads\/2023\/10\/Pedro-Uris-scaled.jpg",267,400,false],"gform-image-choice-lg":["https:\/\/lamostradevalencia.com\/wp-content\/uploads\/2023\/10\/Pedro-Uris-scaled.jpg",400,600,false]},"uagb_author_info":{"display_name":"Mostra de Val\u00e8ncia","author_link":"https:\/\/lamostradevalencia.com\/ca\/author\/mostravalencia\/"},"uagb_comment_info":0,"uagb_excerpt":"Pedro Uris repassa la traject\u00f2ria del company amb el qual va comen\u00e7ar en els rodatges independents Emmarcada dins de les Sessions Especials, Mostra de Val\u00e8ncia [&hellip;]","_links":{"self":[{"href":"https:\/\/lamostradevalencia.com\/ca\/wp-json\/wp\/v2\/posts\/22472","targetHints":{"allow":["GET"]}}],"collection":[{"href":"https:\/\/lamostradevalencia.com\/ca\/wp-json\/wp\/v2\/posts"}],"about":[{"href":"https:\/\/lamostradevalencia.com\/ca\/wp-json\/wp\/v2\/types\/post"}],"author":[{"embeddable":true,"href":"https:\/\/lamostradevalencia.com\/ca\/wp-json\/wp\/v2\/users\/1"}],"replies":[{"embeddable":true,"href":"https:\/\/lamostradevalencia.com\/ca\/wp-json\/wp\/v2\/comments?post=22472"}],"version-history":[{"count":2,"href":"https:\/\/lamostradevalencia.com\/ca\/wp-json\/wp\/v2\/posts\/22472\/revisions"}],"predecessor-version":[{"id":22484,"href":"https:\/\/lamostradevalencia.com\/ca\/wp-json\/wp\/v2\/posts\/22472\/revisions\/22484"}],"wp:featuredmedia":[{"embeddable":true,"href":"https:\/\/lamostradevalencia.com\/ca\/wp-json\/wp\/v2\/media\/22479"}],"wp:attachment":[{"href":"https:\/\/lamostradevalencia.com\/ca\/wp-json\/wp\/v2\/media?parent=22472"}],"wp:term":[{"taxonomy":"category","embeddable":true,"href":"https:\/\/lamostradevalencia.com\/ca\/wp-json\/wp\/v2\/categories?post=22472"},{"taxonomy":"post_tag","embeddable":true,"href":"https:\/\/lamostradevalencia.com\/ca\/wp-json\/wp\/v2\/tags?post=22472"}],"curies":[{"name":"wp","href":"https:\/\/api.w.org\/{rel}","templated":true}]}}