{"id":22460,"date":"2023-10-26T16:47:42","date_gmt":"2023-10-26T14:47:42","guid":{"rendered":"https:\/\/lamostradevalencia.com\/?p=22460"},"modified":"2023-10-26T16:47:42","modified_gmt":"2023-10-26T14:47:42","slug":"la-pionera-helena-cortesina-amb-17-anys-va-fundar-la-seua-propia-productora","status":"publish","type":"post","link":"https:\/\/lamostradevalencia.com\/ca\/la-pionera-helena-cortesina-amb-17-anys-va-fundar-la-seua-propia-productora\/","title":{"rendered":"La pionera Helena Cortesina: amb 17 anys va fundar la seua pr\u00f2pia productora"},"content":{"rendered":"<h5>Mostra de Val\u00e8ncia presenta el primer llibre sobre l&#8217;artista, escrit per Irene de Lucas Ram\u00f3n<\/h5>\n<p>El llibre \u2018Helena Cortesina. Una cineasta pionera a Espanya\u2019, coeditat per la Mostra i l\u2019Institut Valenci\u00e0 de Cultura, ha sigut presentat este mat\u00ed dins de les activitats paral\u00b7leles del festival pel seu director art\u00edstic Eduardo Guillot; el director general de l\u2019IVC, Abel Guarinos; i Irene Lucas Ram\u00f3n, autora de l&#8217;obra.<\/p>\n<p>Com ha assegurat Guillot, este llibre forma part, al costat de l&#8217;exposici\u00f3 que va inaugurar la Mostra en la Galeria del Tossal, <strong>del desig del festival de \u201creconstruir la hist\u00f2ria d&#8217;esta cineasta a trav\u00e9s d&#8217;una investigaci\u00f3 profunda ja que nom\u00e9s ten\u00edem informacions a\u00efllades sobre la seua vida i traject\u00f2ria professional\u201d. El resultat, \u201cun fascinant treball, quasi detectivesc\u201d realitzat per Irene de Lucas Ram\u00f3n.<\/strong><\/p>\n<p>\u201cAmb l&#8217;edici\u00f3 d&#8217;esta obra volem retre homenatge a una figura excepcional de la cultura valenciana de principis del segle XX i a una de les grans pioneres del cine espanyol, que per desgr\u00e0cia s&#8217;ha mantingut durant molts anys en l&#8217;oblit\u201d.<strong> Una artista \u201cpolifac\u00e8tica, vitalista i incansable, que des de molt jove va triomfar en el teatre, la dansa i el cinema, per\u00f2 que tamb\u00e9 va demostrar ser una dona valenta i compromesa amb els drets de la dona i la defensa de les llibertats democr\u00e0tiques durant la Guerra Civil i despr\u00e9s en el seu exili a l&#8217;Argentina\u201d,<\/strong> assegura Abel Guarinos, director del IVC.<\/p>\n<p>Sobre la primera dona a dirigir i produir un llargmetratge a Espanya, Irene de Lucas ha assenyalat que Cortesina va ser una dona especialment moderna i lliure per a l&#8217;\u00e8poca. Per exemple, mai es va casar malgrat tindre fills, a m\u00e9s de ser una artista completa: ballarina primer, despr\u00e9s actriu de cine, directora i productora. Per si no fora suficient, crea dos empreses teatrals. <strong>El m\u00e9s sorprenent \u00e9s esta aud\u00e0cia i la seua capacitat de reinventar-se en un context molt complicat.<\/strong> Durant la Guerra Civil mor la seua primera filla, marxa a l&#8217;exili embarassada i aconsegueix, malgrat tot, que la seua carrera no deixe de cr\u00e9ixer\u201d.<\/p>\n<p>L&#8217;oportunitat de fer este llibre, ha assenyalat la seua autora, \u201cm&#8217;ha perm\u00e9s centrar-me en la seua aventura cinematogr\u00e0fica, en com i perqu\u00e8 Cortesina va entrar en el m\u00f3n del cine i va crear amb tan sols 17 anys la seua pr\u00f2pia productora per a escriure guions, interpretar-los, dirigir-los i produir-los\u201d. Durant molt de temps, ha ressaltat, es pensava que \u201cla seua incursi\u00f3 al cine venia nom\u00e9s de les seues experi\u00e8ncies com a actriu, per\u00f2 hem descobert que el seu pare en 1910 crea una botiga d&#8217;aparells cinematogr\u00e0fics\u201d. I el mateix succeix amb el mite que nom\u00e9s hi havia un fotograma de la pel\u00b7l\u00edcula, \u201cen la investigaci\u00f3 hem trobat m\u00e9s imatges com pot veure&#8217;s en el llibre\u201d.<\/p>\n<p>Sobre \u2018Flor de Espa\u00f1a\u2019, la pel\u00b7l\u00edcula que va dirigir Cortesina en 1921, Irene de Lucas ha recordat que \u201cles actrius productores no sempre dirigien, per\u00f2 ella s&#8217;atrevix a fer-ho i a m\u00e9s protagonitza el film. En la investigaci\u00f3 hem descobert que la pel\u00b7l\u00edcula es va estrenar primer a Cuba en 1922, despr\u00e9s va estar en cartell sis anys a Espanya en diferents comunitats i aix\u00f2 el va ajudar a aconseguir el seu objectiu: entrar en el circuit teatral com a actriu gr\u00e0cies al reconeixement que li va donar esta cinta\u201d. El llibre narra la hist\u00f2ria de \u201cuna florista madrilenya i un m\u00fasic que s&#8217;enamoren per\u00f2 que el dest\u00ed els separa despr\u00e9s. Ella comen\u00e7a a ser famosa i ell es fa torero per a aconseguir la gl\u00f2ria i poder recuperar al seu antic amor. En una correguda de bous, ell patix un accident a la pla\u00e7a i ella va a l&#8217;hospital a veure&#8217;l i es reconcilien\u201d.<\/p>\n<p>Amb versions en valenci\u00e0 i castell\u00e0, \u2018Helena Cortesina. Una cineasta pionera a Espanya\u2019 s&#8217;edita amb motiu del centenari de l&#8217;estrena oficial al nostre pa\u00eds de \u2018Flor de Espa\u00f1a\u2019 (1923), el primer llargmetratge produ\u00eft i dirigit per una dona al nostre pa\u00eds.<\/p>\n<p>La 38a edici\u00f3 de Mostra de Val\u00e8ncia-Cinema del Mediterrani est\u00e0 organitzada per l&#8217;Ajuntament de Val\u00e8ncia i compta amb la col\u00b7laboraci\u00f3 de l\u2019Institut Valenci\u00e0 de Cultura (IVC), el Palau de la M\u00fasica, Barreira Arte + Dise\u00f1o i \u00c0 Punt M\u00e8dia com a mitj\u00e0 oficial.<\/p>\n","protected":false},"excerpt":{"rendered":"<p>Mostra de Val\u00e8ncia presenta el primer llibre sobre l&#8217;artista, escrit per Irene de Lucas Ram\u00f3n El llibre \u2018Helena Cortesina. Una cineasta pionera a Espanya\u2019, coeditat [&hellip;]<\/p>\n","protected":false},"author":1,"featured_media":22461,"comment_status":"open","ping_status":"open","sticky":false,"template":"","format":"standard","meta":{"_uag_custom_page_level_css":"","_jet_sm_ready_style":"","_jet_sm_style":"","_jet_sm_controls_values":"","_jet_sm_fonts_collection":"","_jet_sm_fonts_links":"","footnotes":""},"categories":[455],"tags":[],"class_list":["post-22460","post","type-post","status-publish","format-standard","has-post-thumbnail","hentry","category-noticies"],"yoast_head":"<!-- This site is optimized with the Yoast SEO plugin v27.5 - https:\/\/yoast.com\/product\/yoast-seo-wordpress\/ -->\n<title>La pionera Helena Cortesina: amb 17 anys va fundar la seua pr\u00f2pia productora - Mostra de Val\u00e8ncia<\/title>\n<meta name=\"robots\" content=\"index, follow, max-snippet:-1, max-image-preview:large, max-video-preview:-1\" \/>\n<link rel=\"canonical\" href=\"https:\/\/lamostradevalencia.com\/ca\/la-pionera-helena-cortesina-amb-17-anys-va-fundar-la-seua-propia-productora\/\" \/>\n<meta property=\"og:locale\" content=\"ca_ES\" \/>\n<meta property=\"og:type\" content=\"article\" \/>\n<meta property=\"og:title\" content=\"La pionera Helena Cortesina: amb 17 anys va fundar la seua pr\u00f2pia productora - Mostra de Val\u00e8ncia\" \/>\n<meta property=\"og:description\" content=\"Mostra de Val\u00e8ncia presenta el primer llibre sobre l&#8217;artista, escrit per Irene de Lucas Ram\u00f3n El llibre \u2018Helena Cortesina. Una cineasta pionera a Espanya\u2019, coeditat [&hellip;]\" \/>\n<meta property=\"og:url\" content=\"https:\/\/lamostradevalencia.com\/ca\/la-pionera-helena-cortesina-amb-17-anys-va-fundar-la-seua-propia-productora\/\" \/>\n<meta property=\"og:site_name\" content=\"Mostra de Val\u00e8ncia\" \/>\n<meta property=\"article:published_time\" content=\"2023-10-26T14:47:42+00:00\" \/>\n<meta property=\"og:image\" content=\"https:\/\/lamostradevalencia.com\/wp-content\/uploads\/2023\/10\/Irene.png\" \/>\n\t<meta property=\"og:image:width\" content=\"1590\" \/>\n\t<meta property=\"og:image:height\" content=\"596\" \/>\n\t<meta property=\"og:image:type\" content=\"image\/png\" \/>\n<meta name=\"author\" content=\"Mostra de Val\u00e8ncia\" \/>\n<meta name=\"twitter:card\" content=\"summary_large_image\" \/>\n<meta name=\"twitter:label1\" content=\"Escrit per\" \/>\n\t<meta name=\"twitter:data1\" content=\"Mostra de Val\u00e8ncia\" \/>\n\t<meta name=\"twitter:label2\" content=\"Temps estimat de lectura\" \/>\n\t<meta name=\"twitter:data2\" content=\"4 minuts\" \/>\n<script type=\"application\/ld+json\" class=\"yoast-schema-graph\">{\"@context\":\"https:\\\/\\\/schema.org\",\"@graph\":[{\"@type\":\"Article\",\"@id\":\"https:\\\/\\\/lamostradevalencia.com\\\/ca\\\/la-pionera-helena-cortesina-amb-17-anys-va-fundar-la-seua-propia-productora\\\/#article\",\"isPartOf\":{\"@id\":\"https:\\\/\\\/lamostradevalencia.com\\\/ca\\\/la-pionera-helena-cortesina-amb-17-anys-va-fundar-la-seua-propia-productora\\\/\"},\"author\":{\"name\":\"Mostra de Val\u00e8ncia\",\"@id\":\"https:\\\/\\\/lamostradevalencia.com\\\/ca\\\/#\\\/schema\\\/person\\\/1dc07e4df3d6310b81d2cdf6a034070c\"},\"headline\":\"La pionera Helena Cortesina: amb 17 anys va fundar la seua pr\u00f2pia productora\",\"datePublished\":\"2023-10-26T14:47:42+00:00\",\"mainEntityOfPage\":{\"@id\":\"https:\\\/\\\/lamostradevalencia.com\\\/ca\\\/la-pionera-helena-cortesina-amb-17-anys-va-fundar-la-seua-propia-productora\\\/\"},\"wordCount\":780,\"commentCount\":0,\"image\":{\"@id\":\"https:\\\/\\\/lamostradevalencia.com\\\/ca\\\/la-pionera-helena-cortesina-amb-17-anys-va-fundar-la-seua-propia-productora\\\/#primaryimage\"},\"thumbnailUrl\":\"https:\\\/\\\/lamostradevalencia.com\\\/wp-content\\\/uploads\\\/2023\\\/10\\\/Irene.png\",\"articleSection\":[\"Noticies\"],\"inLanguage\":\"ca\",\"potentialAction\":[{\"@type\":\"CommentAction\",\"name\":\"Comment\",\"target\":[\"https:\\\/\\\/lamostradevalencia.com\\\/ca\\\/la-pionera-helena-cortesina-amb-17-anys-va-fundar-la-seua-propia-productora\\\/#respond\"]}]},{\"@type\":\"WebPage\",\"@id\":\"https:\\\/\\\/lamostradevalencia.com\\\/ca\\\/la-pionera-helena-cortesina-amb-17-anys-va-fundar-la-seua-propia-productora\\\/\",\"url\":\"https:\\\/\\\/lamostradevalencia.com\\\/ca\\\/la-pionera-helena-cortesina-amb-17-anys-va-fundar-la-seua-propia-productora\\\/\",\"name\":\"La pionera Helena Cortesina: amb 17 anys va fundar la seua pr\u00f2pia productora - Mostra de Val\u00e8ncia\",\"isPartOf\":{\"@id\":\"https:\\\/\\\/lamostradevalencia.com\\\/ca\\\/#website\"},\"primaryImageOfPage\":{\"@id\":\"https:\\\/\\\/lamostradevalencia.com\\\/ca\\\/la-pionera-helena-cortesina-amb-17-anys-va-fundar-la-seua-propia-productora\\\/#primaryimage\"},\"image\":{\"@id\":\"https:\\\/\\\/lamostradevalencia.com\\\/ca\\\/la-pionera-helena-cortesina-amb-17-anys-va-fundar-la-seua-propia-productora\\\/#primaryimage\"},\"thumbnailUrl\":\"https:\\\/\\\/lamostradevalencia.com\\\/wp-content\\\/uploads\\\/2023\\\/10\\\/Irene.png\",\"datePublished\":\"2023-10-26T14:47:42+00:00\",\"author\":{\"@id\":\"https:\\\/\\\/lamostradevalencia.com\\\/ca\\\/#\\\/schema\\\/person\\\/1dc07e4df3d6310b81d2cdf6a034070c\"},\"breadcrumb\":{\"@id\":\"https:\\\/\\\/lamostradevalencia.com\\\/ca\\\/la-pionera-helena-cortesina-amb-17-anys-va-fundar-la-seua-propia-productora\\\/#breadcrumb\"},\"inLanguage\":\"ca\",\"potentialAction\":[{\"@type\":\"ReadAction\",\"target\":[\"https:\\\/\\\/lamostradevalencia.com\\\/ca\\\/la-pionera-helena-cortesina-amb-17-anys-va-fundar-la-seua-propia-productora\\\/\"]}]},{\"@type\":\"ImageObject\",\"inLanguage\":\"ca\",\"@id\":\"https:\\\/\\\/lamostradevalencia.com\\\/ca\\\/la-pionera-helena-cortesina-amb-17-anys-va-fundar-la-seua-propia-productora\\\/#primaryimage\",\"url\":\"https:\\\/\\\/lamostradevalencia.com\\\/wp-content\\\/uploads\\\/2023\\\/10\\\/Irene.png\",\"contentUrl\":\"https:\\\/\\\/lamostradevalencia.com\\\/wp-content\\\/uploads\\\/2023\\\/10\\\/Irene.png\",\"width\":1590,\"height\":596},{\"@type\":\"BreadcrumbList\",\"@id\":\"https:\\\/\\\/lamostradevalencia.com\\\/ca\\\/la-pionera-helena-cortesina-amb-17-anys-va-fundar-la-seua-propia-productora\\\/#breadcrumb\",\"itemListElement\":[{\"@type\":\"ListItem\",\"position\":1,\"name\":\"Portada\",\"item\":\"https:\\\/\\\/lamostradevalencia.com\\\/ca\\\/\"},{\"@type\":\"ListItem\",\"position\":2,\"name\":\"La pionera Helena Cortesina: amb 17 anys va fundar la seua pr\u00f2pia productora\"}]},{\"@type\":\"WebSite\",\"@id\":\"https:\\\/\\\/lamostradevalencia.com\\\/ca\\\/#website\",\"url\":\"https:\\\/\\\/lamostradevalencia.com\\\/ca\\\/\",\"name\":\"Mostra de Val\u00e8ncia\",\"description\":\"Cinema del Mediterrani\",\"potentialAction\":[{\"@type\":\"SearchAction\",\"target\":{\"@type\":\"EntryPoint\",\"urlTemplate\":\"https:\\\/\\\/lamostradevalencia.com\\\/ca\\\/?s={search_term_string}\"},\"query-input\":{\"@type\":\"PropertyValueSpecification\",\"valueRequired\":true,\"valueName\":\"search_term_string\"}}],\"inLanguage\":\"ca\"},{\"@type\":\"Person\",\"@id\":\"https:\\\/\\\/lamostradevalencia.com\\\/ca\\\/#\\\/schema\\\/person\\\/1dc07e4df3d6310b81d2cdf6a034070c\",\"name\":\"Mostra de Val\u00e8ncia\",\"image\":{\"@type\":\"ImageObject\",\"inLanguage\":\"ca\",\"@id\":\"https:\\\/\\\/secure.gravatar.com\\\/avatar\\\/ada4dfd699a9907706987adb1bb2b361c2613ccca474b49b8c648de5208e32f8?s=96&d=mm&r=g\",\"url\":\"https:\\\/\\\/secure.gravatar.com\\\/avatar\\\/ada4dfd699a9907706987adb1bb2b361c2613ccca474b49b8c648de5208e32f8?s=96&d=mm&r=g\",\"contentUrl\":\"https:\\\/\\\/secure.gravatar.com\\\/avatar\\\/ada4dfd699a9907706987adb1bb2b361c2613ccca474b49b8c648de5208e32f8?s=96&d=mm&r=g\",\"caption\":\"Mostra de Val\u00e8ncia\"}}]}<\/script>\n<!-- \/ Yoast SEO plugin. -->","yoast_head_json":{"title":"La pionera Helena Cortesina: amb 17 anys va fundar la seua pr\u00f2pia productora - Mostra de Val\u00e8ncia","robots":{"index":"index","follow":"follow","max-snippet":"max-snippet:-1","max-image-preview":"max-image-preview:large","max-video-preview":"max-video-preview:-1"},"canonical":"https:\/\/lamostradevalencia.com\/ca\/la-pionera-helena-cortesina-amb-17-anys-va-fundar-la-seua-propia-productora\/","og_locale":"ca_ES","og_type":"article","og_title":"La pionera Helena Cortesina: amb 17 anys va fundar la seua pr\u00f2pia productora - Mostra de Val\u00e8ncia","og_description":"Mostra de Val\u00e8ncia presenta el primer llibre sobre l&#8217;artista, escrit per Irene de Lucas Ram\u00f3n El llibre \u2018Helena Cortesina. Una cineasta pionera a Espanya\u2019, coeditat [&hellip;]","og_url":"https:\/\/lamostradevalencia.com\/ca\/la-pionera-helena-cortesina-amb-17-anys-va-fundar-la-seua-propia-productora\/","og_site_name":"Mostra de Val\u00e8ncia","article_published_time":"2023-10-26T14:47:42+00:00","og_image":[{"width":1590,"height":596,"url":"https:\/\/lamostradevalencia.com\/wp-content\/uploads\/2023\/10\/Irene.png","type":"image\/png"}],"author":"Mostra de Val\u00e8ncia","twitter_card":"summary_large_image","twitter_misc":{"Escrit per":"Mostra de Val\u00e8ncia","Temps estimat de lectura":"4 minuts"},"schema":{"@context":"https:\/\/schema.org","@graph":[{"@type":"Article","@id":"https:\/\/lamostradevalencia.com\/ca\/la-pionera-helena-cortesina-amb-17-anys-va-fundar-la-seua-propia-productora\/#article","isPartOf":{"@id":"https:\/\/lamostradevalencia.com\/ca\/la-pionera-helena-cortesina-amb-17-anys-va-fundar-la-seua-propia-productora\/"},"author":{"name":"Mostra de Val\u00e8ncia","@id":"https:\/\/lamostradevalencia.com\/ca\/#\/schema\/person\/1dc07e4df3d6310b81d2cdf6a034070c"},"headline":"La pionera Helena Cortesina: amb 17 anys va fundar la seua pr\u00f2pia productora","datePublished":"2023-10-26T14:47:42+00:00","mainEntityOfPage":{"@id":"https:\/\/lamostradevalencia.com\/ca\/la-pionera-helena-cortesina-amb-17-anys-va-fundar-la-seua-propia-productora\/"},"wordCount":780,"commentCount":0,"image":{"@id":"https:\/\/lamostradevalencia.com\/ca\/la-pionera-helena-cortesina-amb-17-anys-va-fundar-la-seua-propia-productora\/#primaryimage"},"thumbnailUrl":"https:\/\/lamostradevalencia.com\/wp-content\/uploads\/2023\/10\/Irene.png","articleSection":["Noticies"],"inLanguage":"ca","potentialAction":[{"@type":"CommentAction","name":"Comment","target":["https:\/\/lamostradevalencia.com\/ca\/la-pionera-helena-cortesina-amb-17-anys-va-fundar-la-seua-propia-productora\/#respond"]}]},{"@type":"WebPage","@id":"https:\/\/lamostradevalencia.com\/ca\/la-pionera-helena-cortesina-amb-17-anys-va-fundar-la-seua-propia-productora\/","url":"https:\/\/lamostradevalencia.com\/ca\/la-pionera-helena-cortesina-amb-17-anys-va-fundar-la-seua-propia-productora\/","name":"La pionera Helena Cortesina: amb 17 anys va fundar la seua pr\u00f2pia productora - Mostra de Val\u00e8ncia","isPartOf":{"@id":"https:\/\/lamostradevalencia.com\/ca\/#website"},"primaryImageOfPage":{"@id":"https:\/\/lamostradevalencia.com\/ca\/la-pionera-helena-cortesina-amb-17-anys-va-fundar-la-seua-propia-productora\/#primaryimage"},"image":{"@id":"https:\/\/lamostradevalencia.com\/ca\/la-pionera-helena-cortesina-amb-17-anys-va-fundar-la-seua-propia-productora\/#primaryimage"},"thumbnailUrl":"https:\/\/lamostradevalencia.com\/wp-content\/uploads\/2023\/10\/Irene.png","datePublished":"2023-10-26T14:47:42+00:00","author":{"@id":"https:\/\/lamostradevalencia.com\/ca\/#\/schema\/person\/1dc07e4df3d6310b81d2cdf6a034070c"},"breadcrumb":{"@id":"https:\/\/lamostradevalencia.com\/ca\/la-pionera-helena-cortesina-amb-17-anys-va-fundar-la-seua-propia-productora\/#breadcrumb"},"inLanguage":"ca","potentialAction":[{"@type":"ReadAction","target":["https:\/\/lamostradevalencia.com\/ca\/la-pionera-helena-cortesina-amb-17-anys-va-fundar-la-seua-propia-productora\/"]}]},{"@type":"ImageObject","inLanguage":"ca","@id":"https:\/\/lamostradevalencia.com\/ca\/la-pionera-helena-cortesina-amb-17-anys-va-fundar-la-seua-propia-productora\/#primaryimage","url":"https:\/\/lamostradevalencia.com\/wp-content\/uploads\/2023\/10\/Irene.png","contentUrl":"https:\/\/lamostradevalencia.com\/wp-content\/uploads\/2023\/10\/Irene.png","width":1590,"height":596},{"@type":"BreadcrumbList","@id":"https:\/\/lamostradevalencia.com\/ca\/la-pionera-helena-cortesina-amb-17-anys-va-fundar-la-seua-propia-productora\/#breadcrumb","itemListElement":[{"@type":"ListItem","position":1,"name":"Portada","item":"https:\/\/lamostradevalencia.com\/ca\/"},{"@type":"ListItem","position":2,"name":"La pionera Helena Cortesina: amb 17 anys va fundar la seua pr\u00f2pia productora"}]},{"@type":"WebSite","@id":"https:\/\/lamostradevalencia.com\/ca\/#website","url":"https:\/\/lamostradevalencia.com\/ca\/","name":"Mostra de Val\u00e8ncia","description":"Cinema del Mediterrani","potentialAction":[{"@type":"SearchAction","target":{"@type":"EntryPoint","urlTemplate":"https:\/\/lamostradevalencia.com\/ca\/?s={search_term_string}"},"query-input":{"@type":"PropertyValueSpecification","valueRequired":true,"valueName":"search_term_string"}}],"inLanguage":"ca"},{"@type":"Person","@id":"https:\/\/lamostradevalencia.com\/ca\/#\/schema\/person\/1dc07e4df3d6310b81d2cdf6a034070c","name":"Mostra de Val\u00e8ncia","image":{"@type":"ImageObject","inLanguage":"ca","@id":"https:\/\/secure.gravatar.com\/avatar\/ada4dfd699a9907706987adb1bb2b361c2613ccca474b49b8c648de5208e32f8?s=96&d=mm&r=g","url":"https:\/\/secure.gravatar.com\/avatar\/ada4dfd699a9907706987adb1bb2b361c2613ccca474b49b8c648de5208e32f8?s=96&d=mm&r=g","contentUrl":"https:\/\/secure.gravatar.com\/avatar\/ada4dfd699a9907706987adb1bb2b361c2613ccca474b49b8c648de5208e32f8?s=96&d=mm&r=g","caption":"Mostra de Val\u00e8ncia"}}]}},"uagb_featured_image_src":{"full":["https:\/\/lamostradevalencia.com\/wp-content\/uploads\/2023\/10\/Irene.png",1590,596,false],"thumbnail":["https:\/\/lamostradevalencia.com\/wp-content\/uploads\/2023\/10\/Irene-150x150.png",150,150,true],"medium":["https:\/\/lamostradevalencia.com\/wp-content\/uploads\/2023\/10\/Irene-300x112.png",300,112,true],"medium_large":["https:\/\/lamostradevalencia.com\/wp-content\/uploads\/2023\/10\/Irene-768x288.png",768,288,true],"large":["https:\/\/lamostradevalencia.com\/wp-content\/uploads\/2023\/10\/Irene-1024x384.png",1024,384,true],"1536x1536":["https:\/\/lamostradevalencia.com\/wp-content\/uploads\/2023\/10\/Irene-1536x576.png",1536,576,true],"2048x2048":["https:\/\/lamostradevalencia.com\/wp-content\/uploads\/2023\/10\/Irene.png",1590,596,false],"cinerama_edge_image_square":["https:\/\/lamostradevalencia.com\/wp-content\/uploads\/2023\/10\/Irene-550x550.png",550,550,true],"cinerama_edge_image_landscape":["https:\/\/lamostradevalencia.com\/wp-content\/uploads\/2023\/10\/Irene-1100x550.png",1100,550,true],"cinerama_edge_image_portrait":["https:\/\/lamostradevalencia.com\/wp-content\/uploads\/2023\/10\/Irene-550x596.png",550,596,true],"cinerama_edge_image_huge":["https:\/\/lamostradevalencia.com\/wp-content\/uploads\/2023\/10\/Irene-1100x596.png",1100,596,true],"gform-image-choice-sm":["https:\/\/lamostradevalencia.com\/wp-content\/uploads\/2023\/10\/Irene.png",300,112,false],"gform-image-choice-md":["https:\/\/lamostradevalencia.com\/wp-content\/uploads\/2023\/10\/Irene.png",400,150,false],"gform-image-choice-lg":["https:\/\/lamostradevalencia.com\/wp-content\/uploads\/2023\/10\/Irene.png",600,225,false]},"uagb_author_info":{"display_name":"Mostra de Val\u00e8ncia","author_link":"https:\/\/lamostradevalencia.com\/ca\/author\/mostravalencia\/"},"uagb_comment_info":0,"uagb_excerpt":"Mostra de Val\u00e8ncia presenta el primer llibre sobre l&#8217;artista, escrit per Irene de Lucas Ram\u00f3n El llibre \u2018Helena Cortesina. Una cineasta pionera a Espanya\u2019, coeditat [&hellip;]","_links":{"self":[{"href":"https:\/\/lamostradevalencia.com\/ca\/wp-json\/wp\/v2\/posts\/22460","targetHints":{"allow":["GET"]}}],"collection":[{"href":"https:\/\/lamostradevalencia.com\/ca\/wp-json\/wp\/v2\/posts"}],"about":[{"href":"https:\/\/lamostradevalencia.com\/ca\/wp-json\/wp\/v2\/types\/post"}],"author":[{"embeddable":true,"href":"https:\/\/lamostradevalencia.com\/ca\/wp-json\/wp\/v2\/users\/1"}],"replies":[{"embeddable":true,"href":"https:\/\/lamostradevalencia.com\/ca\/wp-json\/wp\/v2\/comments?post=22460"}],"version-history":[{"count":2,"href":"https:\/\/lamostradevalencia.com\/ca\/wp-json\/wp\/v2\/posts\/22460\/revisions"}],"predecessor-version":[{"id":22467,"href":"https:\/\/lamostradevalencia.com\/ca\/wp-json\/wp\/v2\/posts\/22460\/revisions\/22467"}],"wp:featuredmedia":[{"embeddable":true,"href":"https:\/\/lamostradevalencia.com\/ca\/wp-json\/wp\/v2\/media\/22461"}],"wp:attachment":[{"href":"https:\/\/lamostradevalencia.com\/ca\/wp-json\/wp\/v2\/media?parent=22460"}],"wp:term":[{"taxonomy":"category","embeddable":true,"href":"https:\/\/lamostradevalencia.com\/ca\/wp-json\/wp\/v2\/categories?post=22460"},{"taxonomy":"post_tag","embeddable":true,"href":"https:\/\/lamostradevalencia.com\/ca\/wp-json\/wp\/v2\/tags?post=22460"}],"curies":[{"name":"wp","href":"https:\/\/api.w.org\/{rel}","templated":true}]}}