{"id":22455,"date":"2023-10-25T21:15:16","date_gmt":"2023-10-25T19:15:16","guid":{"rendered":"https:\/\/lamostradevalencia.com\/?p=22455"},"modified":"2023-10-25T21:15:16","modified_gmt":"2023-10-25T19:15:16","slug":"paco-roca-en-el-comic-cap-tot-i-a-mes-et-permet-treballar-en-pijama","status":"publish","type":"post","link":"https:\/\/lamostradevalencia.com\/ca\/paco-roca-en-el-comic-cap-tot-i-a-mes-et-permet-treballar-en-pijama\/","title":{"rendered":"Paco Roca: &#8220;En el c\u00f2mic cap tot i a m\u00e9s et permet treballar en pijama&#8221;"},"content":{"rendered":"<h5>La Mostra de Valencia acull l&#8217;estrena absoluta de &#8216;Paco Roca: &#8216;Dibujando la vida&#8217; en les Sessions Especials<\/h5>\n<p><strong>Mostra de Val\u00e8ncia-Cinema del Mediterrani acull l&#8217;estrena absoluta de &#8216;Paco Roca. Dibujando la vida&#8217;, en qu\u00e8 Batiste Miguel Gil tra\u00e7a un recorregut vital i art\u00edstic pel guardonat dibuixant i il\u00b7lustrador, que es tracta d&#8217;una versi\u00f3 estesa del programa &#8216;Imprescindibles&#8217;, de TVE.<\/strong><\/p>\n<p>El documental, que es projecta dins de les Sessions Especials del festival, mostra a Paco Roca passejant per la seua ciutat natal, en ple proc\u00e9s de creaci\u00f3 i en boca dels seus amics com Carlos Areces, &#8220;que \u00e9s el major fan meu que podr\u00e9 mai trobar&#8221; -assegura el dibuixant-, Alejandro Amen\u00e1bar, Joaqu\u00edn Reyes, Elvira Lindo o Josep Manel Casany. &#8220;Ac\u00ed, l&#8217;\u00e8xit \u00e9s de Batiste ja que aconsegueix que semble interessant la vida d&#8217;un dibuixant. Crec que el documental tracta de transmetre els dos mons de qualsevol creador: el de la intimitat i la creativitat, fins a la part d&#8217;exposici\u00f3 p\u00fablica, promoci\u00f3 i viatges, que tamb\u00e9 envolten l&#8217;obra i la vida de l&#8217;autor&#8221;.<\/p>\n<p><strong>Premi Nacional de C\u00f2mic i fill predilecte de Val\u00e8ncia, l&#8217;artista ha portat el c\u00f2mic amb el seu treball molt m\u00e9s all\u00e0 de les hist\u00f2ries de superherois i infantils a les que ens t\u00e9 acostumat el g\u00e8nere<\/strong>. Paco Roca aborda la vida adulta, amb les seues dol\u00e7ors i amargors. Sempre amb molta calidesa i delicadesa. &#8220;En el c\u00f2mic cap tot, es poden contar hist\u00f2ries de superherois i tamb\u00e9 moltes altres, a m\u00e9s permet arribar d&#8217;una manera senzilla a qualsevol classe de p\u00fablic&#8221;.<\/p>\n<p>Respecte a la inspiraci\u00f3, en la seua opini\u00f3, est\u00e0 &#8220;en tot el que ens envolta, \u00e9s el fet de llegir la vida en si&#8221;. Les situacions quotidianes s\u00f3n el millor exemple d&#8217;aix\u00f2: &#8220;Tot \u00e9s inspiraci\u00f3: des d&#8217;una conversa que escoltes al carrer, una escena que veus en el metre, una hist\u00f2ria que t&#8217;han contat&#8230; I el que fa el narrador \u00e9s posar un poc d&#8217;ordre a tot i donar-li una intenci\u00f3. I segons el que vulgues comptar, col\u00b7loques els uns o els altres personatges&#8221;.<\/p>\n<p>L&#8217;ofici que cultiva des de fa m\u00e9s de 20 anys forma part de la seua vida: &#8220;Dedicar-te al que t&#8217;agrada \u00e9s un luxe i \u00e9s el millor que et pot passar i molt m\u00e9s si parlem d&#8217;una cosa tan xicoteta dins de la cultura com \u00e9s el c\u00f2mic&#8221;. I a m\u00e9s, fa broma, &#8220;pots treballar en pijama, que ja \u00e9s la quadratura del cercle&#8221;.<\/p>\n<p>El documental mostra tamb\u00e9 el proc\u00e9s creatiu de &#8216;Retorno al Ed\u00e9n&#8217;, una obra en qu\u00e8 Roca parla de la seua fam\u00edlia i de la Val\u00e8ncia de la postguerra. &#8220;Esta obra m&#8217;emociona en particular perqu\u00e8 est\u00e0 inspirada en la meua mare. Ella ve d&#8217;una fam\u00edlia humil. Era analfabeta. Mai hauria sigut la portada de cap revista i vaig pensar que hi havia una hist\u00f2ria que contar i que contar una part de la seua vida era com contar una part de la vida de les dones en plena postguerra&#8221;.<\/p>\n<p>La 38a edici\u00f3 de Mostra de Val\u00e8ncia-Cinema del Mediterrani est\u00e0 organitzada per l&#8217;Ajuntament de Val\u00e8ncia i compta amb la col\u00b7laboraci\u00f3 de l&#8217;Institut Valenci\u00e0 de Cultura (IVC), el Palau de la M\u00fasica, Barreira Arte + Dise\u00f1o i \u00c0 Punt M\u00e8dia com a mitj\u00e0 oficial.<\/p>\n","protected":false},"excerpt":{"rendered":"<p>La Mostra de Valencia acull l&#8217;estrena absoluta de &#8216;Paco Roca: &#8216;Dibujando la vida&#8217; en les Sessions Especials Mostra de Val\u00e8ncia-Cinema del Mediterrani acull l&#8217;estrena absoluta [&hellip;]<\/p>\n","protected":false},"author":1,"featured_media":22447,"comment_status":"open","ping_status":"open","sticky":false,"template":"","format":"standard","meta":{"_uag_custom_page_level_css":"","_jet_sm_ready_style":"","_jet_sm_style":"","_jet_sm_controls_values":"","_jet_sm_fonts_collection":"","_jet_sm_fonts_links":"","footnotes":""},"categories":[455],"tags":[],"class_list":["post-22455","post","type-post","status-publish","format-standard","has-post-thumbnail","hentry","category-noticies"],"yoast_head":"<!-- This site is optimized with the Yoast SEO plugin v27.5 - https:\/\/yoast.com\/product\/yoast-seo-wordpress\/ -->\n<title>Paco Roca: &quot;En el c\u00f2mic cap tot i a m\u00e9s et permet treballar en pijama&quot; - Mostra de Val\u00e8ncia<\/title>\n<meta name=\"robots\" content=\"index, follow, max-snippet:-1, max-image-preview:large, max-video-preview:-1\" \/>\n<link rel=\"canonical\" href=\"https:\/\/lamostradevalencia.com\/ca\/paco-roca-en-el-comic-cap-tot-i-a-mes-et-permet-treballar-en-pijama\/\" \/>\n<meta property=\"og:locale\" content=\"ca_ES\" \/>\n<meta property=\"og:type\" content=\"article\" \/>\n<meta property=\"og:title\" content=\"Paco Roca: &quot;En el c\u00f2mic cap tot i a m\u00e9s et permet treballar en pijama&quot; - Mostra de Val\u00e8ncia\" \/>\n<meta property=\"og:description\" content=\"La Mostra de Valencia acull l&#8217;estrena absoluta de &#8216;Paco Roca: &#8216;Dibujando la vida&#8217; en les Sessions Especials Mostra de Val\u00e8ncia-Cinema del Mediterrani acull l&#8217;estrena absoluta [&hellip;]\" \/>\n<meta property=\"og:url\" content=\"https:\/\/lamostradevalencia.com\/ca\/paco-roca-en-el-comic-cap-tot-i-a-mes-et-permet-treballar-en-pijama\/\" \/>\n<meta property=\"og:site_name\" content=\"Mostra de Val\u00e8ncia\" \/>\n<meta property=\"article:published_time\" content=\"2023-10-25T19:15:16+00:00\" \/>\n<meta property=\"og:image\" content=\"https:\/\/lamostradevalencia.com\/wp-content\/uploads\/2023\/10\/paco-roca-espai.png\" \/>\n\t<meta property=\"og:image:width\" content=\"1231\" \/>\n\t<meta property=\"og:image:height\" content=\"925\" \/>\n\t<meta property=\"og:image:type\" content=\"image\/png\" \/>\n<meta name=\"author\" content=\"Mostra de Val\u00e8ncia\" \/>\n<meta name=\"twitter:card\" content=\"summary_large_image\" \/>\n<meta name=\"twitter:label1\" content=\"Escrit per\" \/>\n\t<meta name=\"twitter:data1\" content=\"Mostra de Val\u00e8ncia\" \/>\n\t<meta name=\"twitter:label2\" content=\"Temps estimat de lectura\" \/>\n\t<meta name=\"twitter:data2\" content=\"3 minuts\" \/>\n<script type=\"application\/ld+json\" class=\"yoast-schema-graph\">{\"@context\":\"https:\\\/\\\/schema.org\",\"@graph\":[{\"@type\":\"Article\",\"@id\":\"https:\\\/\\\/lamostradevalencia.com\\\/ca\\\/paco-roca-en-el-comic-cap-tot-i-a-mes-et-permet-treballar-en-pijama\\\/#article\",\"isPartOf\":{\"@id\":\"https:\\\/\\\/lamostradevalencia.com\\\/ca\\\/paco-roca-en-el-comic-cap-tot-i-a-mes-et-permet-treballar-en-pijama\\\/\"},\"author\":{\"name\":\"Mostra de Val\u00e8ncia\",\"@id\":\"https:\\\/\\\/lamostradevalencia.com\\\/ca\\\/#\\\/schema\\\/person\\\/1dc07e4df3d6310b81d2cdf6a034070c\"},\"headline\":\"Paco Roca: &#8220;En el c\u00f2mic cap tot i a m\u00e9s et permet treballar en pijama&#8221;\",\"datePublished\":\"2023-10-25T19:15:16+00:00\",\"mainEntityOfPage\":{\"@id\":\"https:\\\/\\\/lamostradevalencia.com\\\/ca\\\/paco-roca-en-el-comic-cap-tot-i-a-mes-et-permet-treballar-en-pijama\\\/\"},\"wordCount\":603,\"commentCount\":0,\"image\":{\"@id\":\"https:\\\/\\\/lamostradevalencia.com\\\/ca\\\/paco-roca-en-el-comic-cap-tot-i-a-mes-et-permet-treballar-en-pijama\\\/#primaryimage\"},\"thumbnailUrl\":\"https:\\\/\\\/lamostradevalencia.com\\\/wp-content\\\/uploads\\\/2023\\\/10\\\/paco-roca-espai.png\",\"articleSection\":[\"Noticies\"],\"inLanguage\":\"ca\",\"potentialAction\":[{\"@type\":\"CommentAction\",\"name\":\"Comment\",\"target\":[\"https:\\\/\\\/lamostradevalencia.com\\\/ca\\\/paco-roca-en-el-comic-cap-tot-i-a-mes-et-permet-treballar-en-pijama\\\/#respond\"]}]},{\"@type\":\"WebPage\",\"@id\":\"https:\\\/\\\/lamostradevalencia.com\\\/ca\\\/paco-roca-en-el-comic-cap-tot-i-a-mes-et-permet-treballar-en-pijama\\\/\",\"url\":\"https:\\\/\\\/lamostradevalencia.com\\\/ca\\\/paco-roca-en-el-comic-cap-tot-i-a-mes-et-permet-treballar-en-pijama\\\/\",\"name\":\"Paco Roca: \\\"En el c\u00f2mic cap tot i a m\u00e9s et permet treballar en pijama\\\" - Mostra de Val\u00e8ncia\",\"isPartOf\":{\"@id\":\"https:\\\/\\\/lamostradevalencia.com\\\/ca\\\/#website\"},\"primaryImageOfPage\":{\"@id\":\"https:\\\/\\\/lamostradevalencia.com\\\/ca\\\/paco-roca-en-el-comic-cap-tot-i-a-mes-et-permet-treballar-en-pijama\\\/#primaryimage\"},\"image\":{\"@id\":\"https:\\\/\\\/lamostradevalencia.com\\\/ca\\\/paco-roca-en-el-comic-cap-tot-i-a-mes-et-permet-treballar-en-pijama\\\/#primaryimage\"},\"thumbnailUrl\":\"https:\\\/\\\/lamostradevalencia.com\\\/wp-content\\\/uploads\\\/2023\\\/10\\\/paco-roca-espai.png\",\"datePublished\":\"2023-10-25T19:15:16+00:00\",\"author\":{\"@id\":\"https:\\\/\\\/lamostradevalencia.com\\\/ca\\\/#\\\/schema\\\/person\\\/1dc07e4df3d6310b81d2cdf6a034070c\"},\"breadcrumb\":{\"@id\":\"https:\\\/\\\/lamostradevalencia.com\\\/ca\\\/paco-roca-en-el-comic-cap-tot-i-a-mes-et-permet-treballar-en-pijama\\\/#breadcrumb\"},\"inLanguage\":\"ca\",\"potentialAction\":[{\"@type\":\"ReadAction\",\"target\":[\"https:\\\/\\\/lamostradevalencia.com\\\/ca\\\/paco-roca-en-el-comic-cap-tot-i-a-mes-et-permet-treballar-en-pijama\\\/\"]}]},{\"@type\":\"ImageObject\",\"inLanguage\":\"ca\",\"@id\":\"https:\\\/\\\/lamostradevalencia.com\\\/ca\\\/paco-roca-en-el-comic-cap-tot-i-a-mes-et-permet-treballar-en-pijama\\\/#primaryimage\",\"url\":\"https:\\\/\\\/lamostradevalencia.com\\\/wp-content\\\/uploads\\\/2023\\\/10\\\/paco-roca-espai.png\",\"contentUrl\":\"https:\\\/\\\/lamostradevalencia.com\\\/wp-content\\\/uploads\\\/2023\\\/10\\\/paco-roca-espai.png\",\"width\":1231,\"height\":925},{\"@type\":\"BreadcrumbList\",\"@id\":\"https:\\\/\\\/lamostradevalencia.com\\\/ca\\\/paco-roca-en-el-comic-cap-tot-i-a-mes-et-permet-treballar-en-pijama\\\/#breadcrumb\",\"itemListElement\":[{\"@type\":\"ListItem\",\"position\":1,\"name\":\"Portada\",\"item\":\"https:\\\/\\\/lamostradevalencia.com\\\/ca\\\/\"},{\"@type\":\"ListItem\",\"position\":2,\"name\":\"Paco Roca: \u00abEn el c\u00f2mic cap tot i a m\u00e9s et permet treballar en pijama\u00bb\"}]},{\"@type\":\"WebSite\",\"@id\":\"https:\\\/\\\/lamostradevalencia.com\\\/ca\\\/#website\",\"url\":\"https:\\\/\\\/lamostradevalencia.com\\\/ca\\\/\",\"name\":\"Mostra de Val\u00e8ncia\",\"description\":\"Cinema del Mediterrani\",\"potentialAction\":[{\"@type\":\"SearchAction\",\"target\":{\"@type\":\"EntryPoint\",\"urlTemplate\":\"https:\\\/\\\/lamostradevalencia.com\\\/ca\\\/?s={search_term_string}\"},\"query-input\":{\"@type\":\"PropertyValueSpecification\",\"valueRequired\":true,\"valueName\":\"search_term_string\"}}],\"inLanguage\":\"ca\"},{\"@type\":\"Person\",\"@id\":\"https:\\\/\\\/lamostradevalencia.com\\\/ca\\\/#\\\/schema\\\/person\\\/1dc07e4df3d6310b81d2cdf6a034070c\",\"name\":\"Mostra de Val\u00e8ncia\",\"image\":{\"@type\":\"ImageObject\",\"inLanguage\":\"ca\",\"@id\":\"https:\\\/\\\/secure.gravatar.com\\\/avatar\\\/ada4dfd699a9907706987adb1bb2b361c2613ccca474b49b8c648de5208e32f8?s=96&d=mm&r=g\",\"url\":\"https:\\\/\\\/secure.gravatar.com\\\/avatar\\\/ada4dfd699a9907706987adb1bb2b361c2613ccca474b49b8c648de5208e32f8?s=96&d=mm&r=g\",\"contentUrl\":\"https:\\\/\\\/secure.gravatar.com\\\/avatar\\\/ada4dfd699a9907706987adb1bb2b361c2613ccca474b49b8c648de5208e32f8?s=96&d=mm&r=g\",\"caption\":\"Mostra de Val\u00e8ncia\"}}]}<\/script>\n<!-- \/ Yoast SEO plugin. -->","yoast_head_json":{"title":"Paco Roca: \"En el c\u00f2mic cap tot i a m\u00e9s et permet treballar en pijama\" - Mostra de Val\u00e8ncia","robots":{"index":"index","follow":"follow","max-snippet":"max-snippet:-1","max-image-preview":"max-image-preview:large","max-video-preview":"max-video-preview:-1"},"canonical":"https:\/\/lamostradevalencia.com\/ca\/paco-roca-en-el-comic-cap-tot-i-a-mes-et-permet-treballar-en-pijama\/","og_locale":"ca_ES","og_type":"article","og_title":"Paco Roca: \"En el c\u00f2mic cap tot i a m\u00e9s et permet treballar en pijama\" - Mostra de Val\u00e8ncia","og_description":"La Mostra de Valencia acull l&#8217;estrena absoluta de &#8216;Paco Roca: &#8216;Dibujando la vida&#8217; en les Sessions Especials Mostra de Val\u00e8ncia-Cinema del Mediterrani acull l&#8217;estrena absoluta [&hellip;]","og_url":"https:\/\/lamostradevalencia.com\/ca\/paco-roca-en-el-comic-cap-tot-i-a-mes-et-permet-treballar-en-pijama\/","og_site_name":"Mostra de Val\u00e8ncia","article_published_time":"2023-10-25T19:15:16+00:00","og_image":[{"width":1231,"height":925,"url":"https:\/\/lamostradevalencia.com\/wp-content\/uploads\/2023\/10\/paco-roca-espai.png","type":"image\/png"}],"author":"Mostra de Val\u00e8ncia","twitter_card":"summary_large_image","twitter_misc":{"Escrit per":"Mostra de Val\u00e8ncia","Temps estimat de lectura":"3 minuts"},"schema":{"@context":"https:\/\/schema.org","@graph":[{"@type":"Article","@id":"https:\/\/lamostradevalencia.com\/ca\/paco-roca-en-el-comic-cap-tot-i-a-mes-et-permet-treballar-en-pijama\/#article","isPartOf":{"@id":"https:\/\/lamostradevalencia.com\/ca\/paco-roca-en-el-comic-cap-tot-i-a-mes-et-permet-treballar-en-pijama\/"},"author":{"name":"Mostra de Val\u00e8ncia","@id":"https:\/\/lamostradevalencia.com\/ca\/#\/schema\/person\/1dc07e4df3d6310b81d2cdf6a034070c"},"headline":"Paco Roca: &#8220;En el c\u00f2mic cap tot i a m\u00e9s et permet treballar en pijama&#8221;","datePublished":"2023-10-25T19:15:16+00:00","mainEntityOfPage":{"@id":"https:\/\/lamostradevalencia.com\/ca\/paco-roca-en-el-comic-cap-tot-i-a-mes-et-permet-treballar-en-pijama\/"},"wordCount":603,"commentCount":0,"image":{"@id":"https:\/\/lamostradevalencia.com\/ca\/paco-roca-en-el-comic-cap-tot-i-a-mes-et-permet-treballar-en-pijama\/#primaryimage"},"thumbnailUrl":"https:\/\/lamostradevalencia.com\/wp-content\/uploads\/2023\/10\/paco-roca-espai.png","articleSection":["Noticies"],"inLanguage":"ca","potentialAction":[{"@type":"CommentAction","name":"Comment","target":["https:\/\/lamostradevalencia.com\/ca\/paco-roca-en-el-comic-cap-tot-i-a-mes-et-permet-treballar-en-pijama\/#respond"]}]},{"@type":"WebPage","@id":"https:\/\/lamostradevalencia.com\/ca\/paco-roca-en-el-comic-cap-tot-i-a-mes-et-permet-treballar-en-pijama\/","url":"https:\/\/lamostradevalencia.com\/ca\/paco-roca-en-el-comic-cap-tot-i-a-mes-et-permet-treballar-en-pijama\/","name":"Paco Roca: \"En el c\u00f2mic cap tot i a m\u00e9s et permet treballar en pijama\" - Mostra de Val\u00e8ncia","isPartOf":{"@id":"https:\/\/lamostradevalencia.com\/ca\/#website"},"primaryImageOfPage":{"@id":"https:\/\/lamostradevalencia.com\/ca\/paco-roca-en-el-comic-cap-tot-i-a-mes-et-permet-treballar-en-pijama\/#primaryimage"},"image":{"@id":"https:\/\/lamostradevalencia.com\/ca\/paco-roca-en-el-comic-cap-tot-i-a-mes-et-permet-treballar-en-pijama\/#primaryimage"},"thumbnailUrl":"https:\/\/lamostradevalencia.com\/wp-content\/uploads\/2023\/10\/paco-roca-espai.png","datePublished":"2023-10-25T19:15:16+00:00","author":{"@id":"https:\/\/lamostradevalencia.com\/ca\/#\/schema\/person\/1dc07e4df3d6310b81d2cdf6a034070c"},"breadcrumb":{"@id":"https:\/\/lamostradevalencia.com\/ca\/paco-roca-en-el-comic-cap-tot-i-a-mes-et-permet-treballar-en-pijama\/#breadcrumb"},"inLanguage":"ca","potentialAction":[{"@type":"ReadAction","target":["https:\/\/lamostradevalencia.com\/ca\/paco-roca-en-el-comic-cap-tot-i-a-mes-et-permet-treballar-en-pijama\/"]}]},{"@type":"ImageObject","inLanguage":"ca","@id":"https:\/\/lamostradevalencia.com\/ca\/paco-roca-en-el-comic-cap-tot-i-a-mes-et-permet-treballar-en-pijama\/#primaryimage","url":"https:\/\/lamostradevalencia.com\/wp-content\/uploads\/2023\/10\/paco-roca-espai.png","contentUrl":"https:\/\/lamostradevalencia.com\/wp-content\/uploads\/2023\/10\/paco-roca-espai.png","width":1231,"height":925},{"@type":"BreadcrumbList","@id":"https:\/\/lamostradevalencia.com\/ca\/paco-roca-en-el-comic-cap-tot-i-a-mes-et-permet-treballar-en-pijama\/#breadcrumb","itemListElement":[{"@type":"ListItem","position":1,"name":"Portada","item":"https:\/\/lamostradevalencia.com\/ca\/"},{"@type":"ListItem","position":2,"name":"Paco Roca: \u00abEn el c\u00f2mic cap tot i a m\u00e9s et permet treballar en pijama\u00bb"}]},{"@type":"WebSite","@id":"https:\/\/lamostradevalencia.com\/ca\/#website","url":"https:\/\/lamostradevalencia.com\/ca\/","name":"Mostra de Val\u00e8ncia","description":"Cinema del Mediterrani","potentialAction":[{"@type":"SearchAction","target":{"@type":"EntryPoint","urlTemplate":"https:\/\/lamostradevalencia.com\/ca\/?s={search_term_string}"},"query-input":{"@type":"PropertyValueSpecification","valueRequired":true,"valueName":"search_term_string"}}],"inLanguage":"ca"},{"@type":"Person","@id":"https:\/\/lamostradevalencia.com\/ca\/#\/schema\/person\/1dc07e4df3d6310b81d2cdf6a034070c","name":"Mostra de Val\u00e8ncia","image":{"@type":"ImageObject","inLanguage":"ca","@id":"https:\/\/secure.gravatar.com\/avatar\/ada4dfd699a9907706987adb1bb2b361c2613ccca474b49b8c648de5208e32f8?s=96&d=mm&r=g","url":"https:\/\/secure.gravatar.com\/avatar\/ada4dfd699a9907706987adb1bb2b361c2613ccca474b49b8c648de5208e32f8?s=96&d=mm&r=g","contentUrl":"https:\/\/secure.gravatar.com\/avatar\/ada4dfd699a9907706987adb1bb2b361c2613ccca474b49b8c648de5208e32f8?s=96&d=mm&r=g","caption":"Mostra de Val\u00e8ncia"}}]}},"uagb_featured_image_src":{"full":["https:\/\/lamostradevalencia.com\/wp-content\/uploads\/2023\/10\/paco-roca-espai.png",1231,925,false],"thumbnail":["https:\/\/lamostradevalencia.com\/wp-content\/uploads\/2023\/10\/paco-roca-espai-150x150.png",150,150,true],"medium":["https:\/\/lamostradevalencia.com\/wp-content\/uploads\/2023\/10\/paco-roca-espai-300x225.png",300,225,true],"medium_large":["https:\/\/lamostradevalencia.com\/wp-content\/uploads\/2023\/10\/paco-roca-espai-768x577.png",768,577,true],"large":["https:\/\/lamostradevalencia.com\/wp-content\/uploads\/2023\/10\/paco-roca-espai-1024x769.png",1024,769,true],"1536x1536":["https:\/\/lamostradevalencia.com\/wp-content\/uploads\/2023\/10\/paco-roca-espai.png",1231,925,false],"2048x2048":["https:\/\/lamostradevalencia.com\/wp-content\/uploads\/2023\/10\/paco-roca-espai.png",1231,925,false],"cinerama_edge_image_square":["https:\/\/lamostradevalencia.com\/wp-content\/uploads\/2023\/10\/paco-roca-espai-550x550.png",550,550,true],"cinerama_edge_image_landscape":["https:\/\/lamostradevalencia.com\/wp-content\/uploads\/2023\/10\/paco-roca-espai-1100x550.png",1100,550,true],"cinerama_edge_image_portrait":["https:\/\/lamostradevalencia.com\/wp-content\/uploads\/2023\/10\/paco-roca-espai-550x925.png",550,925,true],"cinerama_edge_image_huge":["https:\/\/lamostradevalencia.com\/wp-content\/uploads\/2023\/10\/paco-roca-espai-1100x925.png",1100,925,true],"gform-image-choice-sm":["https:\/\/lamostradevalencia.com\/wp-content\/uploads\/2023\/10\/paco-roca-espai.png",300,225,false],"gform-image-choice-md":["https:\/\/lamostradevalencia.com\/wp-content\/uploads\/2023\/10\/paco-roca-espai.png",400,301,false],"gform-image-choice-lg":["https:\/\/lamostradevalencia.com\/wp-content\/uploads\/2023\/10\/paco-roca-espai.png",600,451,false]},"uagb_author_info":{"display_name":"Mostra de Val\u00e8ncia","author_link":"https:\/\/lamostradevalencia.com\/ca\/author\/mostravalencia\/"},"uagb_comment_info":0,"uagb_excerpt":"La Mostra de Valencia acull l&#8217;estrena absoluta de &#8216;Paco Roca: &#8216;Dibujando la vida&#8217; en les Sessions Especials Mostra de Val\u00e8ncia-Cinema del Mediterrani acull l&#8217;estrena absoluta [&hellip;]","_links":{"self":[{"href":"https:\/\/lamostradevalencia.com\/ca\/wp-json\/wp\/v2\/posts\/22455","targetHints":{"allow":["GET"]}}],"collection":[{"href":"https:\/\/lamostradevalencia.com\/ca\/wp-json\/wp\/v2\/posts"}],"about":[{"href":"https:\/\/lamostradevalencia.com\/ca\/wp-json\/wp\/v2\/types\/post"}],"author":[{"embeddable":true,"href":"https:\/\/lamostradevalencia.com\/ca\/wp-json\/wp\/v2\/users\/1"}],"replies":[{"embeddable":true,"href":"https:\/\/lamostradevalencia.com\/ca\/wp-json\/wp\/v2\/comments?post=22455"}],"version-history":[{"count":2,"href":"https:\/\/lamostradevalencia.com\/ca\/wp-json\/wp\/v2\/posts\/22455\/revisions"}],"predecessor-version":[{"id":22457,"href":"https:\/\/lamostradevalencia.com\/ca\/wp-json\/wp\/v2\/posts\/22455\/revisions\/22457"}],"wp:featuredmedia":[{"embeddable":true,"href":"https:\/\/lamostradevalencia.com\/ca\/wp-json\/wp\/v2\/media\/22447"}],"wp:attachment":[{"href":"https:\/\/lamostradevalencia.com\/ca\/wp-json\/wp\/v2\/media?parent=22455"}],"wp:term":[{"taxonomy":"category","embeddable":true,"href":"https:\/\/lamostradevalencia.com\/ca\/wp-json\/wp\/v2\/categories?post=22455"},{"taxonomy":"post_tag","embeddable":true,"href":"https:\/\/lamostradevalencia.com\/ca\/wp-json\/wp\/v2\/tags?post=22455"}],"curies":[{"name":"wp","href":"https:\/\/api.w.org\/{rel}","templated":true}]}}