{"id":22452,"date":"2023-10-25T21:02:21","date_gmt":"2023-10-25T19:02:21","guid":{"rendered":"https:\/\/lamostradevalencia.com\/?p=22452"},"modified":"2023-10-25T21:02:21","modified_gmt":"2023-10-25T19:02:21","slug":"la-dreta-italiana-guarda-silenci-sobre-temes-que-li-son-incomodes-no-obstant-aixo-legisla-contra-ells","status":"publish","type":"post","link":"https:\/\/lamostradevalencia.com\/ca\/la-dreta-italiana-guarda-silenci-sobre-temes-que-li-son-incomodes-no-obstant-aixo-legisla-contra-ells\/","title":{"rendered":"\u201cLa dreta italiana guarda silenci sobre temes que li s\u00f3n inc\u00f2modes; no obstant aix\u00f2 legisla contra ells\u201d"},"content":{"rendered":"<h5>Enrico Roccaforte protagonitza \u2018Fireworks\u2019, la hist\u00f2ria d&#8217;un amor prohibit en l&#8217;hom\u00f2foba Sic\u00edlia dels 80<\/h5>\n<p><strong>El debut darrere de la c\u00e0mera del popular actor i estrela de la RAI Giuseppe Fiorello, \u2018Fireworks\u2019, ha concorregut hui a la Secci\u00f3 Oficial de Mostra de Val\u00e8ncia.<\/strong> La pel\u00b7l\u00edcula va passar pel Festival de Karlovy Vary i ha obtingut al seu pa\u00eds el premi Nastro d&#8217;Argento al millor director emergent i el Globo d&#8217;Or itali\u00e0 a la millor \u00f2pera primal. Hui, un dels seus actors, Enrico Roccaforte, l&#8217;ha presentada en el festival.<\/p>\n<p><strong>El primer llargmetratge de l&#8217;actor itali\u00e0, que ha treballat al cinema amb Ozpetek, Crialese i Tornatore, entre altres, rescata de l&#8217;oblit l&#8217;anomenat &#8220;cas Giarre&#8221;, en qu\u00e8 una parella de joves homosexuals enamorats a la Sic\u00edlia dels anys 80 van ser assassinats<\/strong>. Un esdeveniment tr\u00e0gic que va omplir les portades dels peri\u00f2dics, per\u00f2 que va quedar impune.<\/p>\n<p><strong>Ambientat a la Sic\u00edlia de 1982 durant la copa del M\u00f3n de futbol que va guanyar It\u00e0lia<\/strong>, la hist\u00f2ria conta la complexa relaci\u00f3 entre Gianni (Samuele Segreto), que pateix l&#8217;assetjament dels malvats del poble per les seues tend\u00e8ncies homosexuals i una situaci\u00f3 familiar angoixant, i Nino (Gabriele Pizzurro), un atractiu xic amb una fam\u00edlia estructurada que subministra focs artificials a tots els festivals i festes de la zona. Despr\u00e9s d&#8217;una trobada casual entre tots dos, i una amistat que acaba en enamorament, els joves decideixen viure el seu amor lliurement, sense ocultar-se, mostrant l\u2019alegria d&#8217;estar junts. La gent comen\u00e7a a murmurar, i les pitjors reaccions procedeixen dels llocs m\u00e9s insospitats.<\/p>\n<p>L&#8217;actor Enrico Roccaforte interpreta al padrastre del qu\u00e8 \u00e9s m\u00e9s assetjat al poble i assegura que el personatge li va tocar de ple: \u201cJo soc homosexual i sicili\u00e0, tenia 18 anys en els 90 i s\u00e9 el que era no poder acostar-te a una persona que t&#8217;agrada, ni donar-li la m\u00e0. En la pel\u00b7l\u00edcula encarne el contrari, m\u00e9s aviat al meu pare, encara que he de dir que el meu progenitor almenys el va acceptar amb el temps\u201d.<\/p>\n<p>El director, per part seua, assegura a Mostra de Val\u00e8ncia que fer la pel\u00b7l\u00edcula va ser una elecci\u00f3 dictada per la curiositat de tractar de comprendre millor el que havia succe\u00eft: \u201cUna curiositat que va sorgir fa molts anys, quan vaig llegir un article en un peri\u00f2dic itali\u00e0, que descrivia el crim amb extrema claredat i cura, encara que no tenia a la m\u00e0 les dades sobre la veritat dels fets. Em va impactar molt\u00edssim. Precisament perqu\u00e8 detallava la forma en qu\u00e8 van ser trobats els dos cossos dels xics. Encara recorde que l&#8217;article comen\u00e7ava dient que va ser un pastor qui els va trobar abra\u00e7ats, amb les mans entrella\u00e7ades, amb una pistola al costat i una nota que deia \u2018ens anem, perqu\u00e8 ja no podem tolerar els insults, els abusos, les ofenses i la viol\u00e8ncia que ens envolta\u2019\u201d. Eixe article, explica, \u201cem va impactar molt la imaginaci\u00f3, em va fer imaginar l&#8217;estat d&#8217;aband\u00f3 d&#8217;estos xiquets i em va commoure imaginar a als dos joves sols, als afores del seu poble, retrobats despr\u00e9s de setmanes. I des d&#8217;eixe moment em vaig sentir preparat per a contar eixa hist\u00f2ria, encara que no ho vaig fer fins a molts anys despr\u00e9s\u201d.<\/p>\n<p><strong>El t\u00edtol en itali\u00e0 \u00e9s \u2018Stranizza d\u2019Amuri\u2019, que coincideix amb un tema de Franco Battiato, com explica el director:<\/strong> \u201c\u00c9s una can\u00e7\u00f3 universal, perqu\u00e8 parla d&#8217;un amor impossible, ja que transcorre durant la guerra. Dos persones que s&#8217;estimen mentre hi ha una conflicte troben un amor impossible, un amor dif\u00edcil i arriscat. I em va semblar, no sols metaf\u00f2ricament, la perfecci\u00f3 absoluta, el major assoliment de la pel\u00b7l\u00edcula, fins al punt que el vaig triar com a t\u00edtol\u201d.<\/p>\n<p>En ser preguntat per com s&#8217;ha rebut el largomentraje al seu pa\u00eds ara que est\u00e0 governada per l&#8217;extrema dreta, l&#8217;actor Enrico Roccaforte va assegurar: \u201cLa dreta italiana est\u00e0 optant pel silenci davant temes que li s\u00f3n inc\u00f2modes; no obstant aix\u00f2 est\u00e0 legislant contra ells. Este \u00e9s el cas de les restriccions a l&#8217;alcohol o les drogues, aix\u00ed com impedir que el fill d&#8217;una parella d&#8217;homosexuals puga ser registrat a nom dels dos; nom\u00e9s un d&#8217;ells t\u00e9 la p\u00e0tria potestat, de manera que si li passa alguna cosa el xicotet passar\u00e0 a les mans dels serveis socials\u201d.<\/p>\n<p>La 38a edici\u00f3 de Mostra de Val\u00e8ncia-Cinema del Mediterrani est\u00e0 organitzada per l&#8217;Ajuntament de Val\u00e8ncia i compta amb la col\u00b7laboraci\u00f3 de l\u2019Institut Valenci\u00e0 de Cultura (IVC), el Palau de la M\u00fasica, Barreira Arte + Dise\u00f1o i \u00c0 Punt M\u00e8dia com a mitj\u00e0 oficial.<\/p>\n","protected":false},"excerpt":{"rendered":"<p>Enrico Roccaforte protagonitza \u2018Fireworks\u2019, la hist\u00f2ria d&#8217;un amor prohibit en l&#8217;hom\u00f2foba Sic\u00edlia dels 80 El debut darrere de la c\u00e0mera del popular actor i estrela [&hellip;]<\/p>\n","protected":false},"author":1,"featured_media":22440,"comment_status":"open","ping_status":"open","sticky":false,"template":"","format":"standard","meta":{"_uag_custom_page_level_css":"","_jet_sm_ready_style":"","_jet_sm_style":"","_jet_sm_controls_values":"","_jet_sm_fonts_collection":"","_jet_sm_fonts_links":"","footnotes":""},"categories":[455],"tags":[],"class_list":["post-22452","post","type-post","status-publish","format-standard","has-post-thumbnail","hentry","category-noticies"],"yoast_head":"<!-- This site is optimized with the Yoast SEO plugin v27.5 - https:\/\/yoast.com\/product\/yoast-seo-wordpress\/ -->\n<title>\u201cLa dreta italiana guarda silenci sobre temes que li s\u00f3n inc\u00f2modes; no obstant aix\u00f2 legisla contra ells\u201d - Mostra de Val\u00e8ncia<\/title>\n<meta name=\"robots\" content=\"index, follow, max-snippet:-1, max-image-preview:large, max-video-preview:-1\" \/>\n<link rel=\"canonical\" href=\"https:\/\/lamostradevalencia.com\/ca\/la-dreta-italiana-guarda-silenci-sobre-temes-que-li-son-incomodes-no-obstant-aixo-legisla-contra-ells\/\" \/>\n<meta property=\"og:locale\" content=\"ca_ES\" \/>\n<meta property=\"og:type\" content=\"article\" \/>\n<meta property=\"og:title\" content=\"\u201cLa dreta italiana guarda silenci sobre temes que li s\u00f3n inc\u00f2modes; no obstant aix\u00f2 legisla contra ells\u201d - Mostra de Val\u00e8ncia\" \/>\n<meta property=\"og:description\" content=\"Enrico Roccaforte protagonitza \u2018Fireworks\u2019, la hist\u00f2ria d&#8217;un amor prohibit en l&#8217;hom\u00f2foba Sic\u00edlia dels 80 El debut darrere de la c\u00e0mera del popular actor i estrela [&hellip;]\" \/>\n<meta property=\"og:url\" content=\"https:\/\/lamostradevalencia.com\/ca\/la-dreta-italiana-guarda-silenci-sobre-temes-que-li-son-incomodes-no-obstant-aixo-legisla-contra-ells\/\" \/>\n<meta property=\"og:site_name\" content=\"Mostra de Val\u00e8ncia\" \/>\n<meta property=\"article:published_time\" content=\"2023-10-25T19:02:21+00:00\" \/>\n<meta property=\"og:image\" content=\"https:\/\/lamostradevalencia.com\/wp-content\/uploads\/2023\/10\/enrico-ok.jpg\" \/>\n\t<meta property=\"og:image:width\" content=\"1015\" \/>\n\t<meta property=\"og:image:height\" content=\"677\" \/>\n\t<meta property=\"og:image:type\" content=\"image\/jpeg\" \/>\n<meta name=\"author\" content=\"Mostra de Val\u00e8ncia\" \/>\n<meta name=\"twitter:card\" content=\"summary_large_image\" \/>\n<meta name=\"twitter:label1\" content=\"Escrit per\" \/>\n\t<meta name=\"twitter:data1\" content=\"Mostra de Val\u00e8ncia\" \/>\n\t<meta name=\"twitter:label2\" content=\"Temps estimat de lectura\" \/>\n\t<meta name=\"twitter:data2\" content=\"4 minuts\" \/>\n<script type=\"application\/ld+json\" class=\"yoast-schema-graph\">{\"@context\":\"https:\\\/\\\/schema.org\",\"@graph\":[{\"@type\":\"Article\",\"@id\":\"https:\\\/\\\/lamostradevalencia.com\\\/ca\\\/la-dreta-italiana-guarda-silenci-sobre-temes-que-li-son-incomodes-no-obstant-aixo-legisla-contra-ells\\\/#article\",\"isPartOf\":{\"@id\":\"https:\\\/\\\/lamostradevalencia.com\\\/ca\\\/la-dreta-italiana-guarda-silenci-sobre-temes-que-li-son-incomodes-no-obstant-aixo-legisla-contra-ells\\\/\"},\"author\":{\"name\":\"Mostra de Val\u00e8ncia\",\"@id\":\"https:\\\/\\\/lamostradevalencia.com\\\/ca\\\/#\\\/schema\\\/person\\\/1dc07e4df3d6310b81d2cdf6a034070c\"},\"headline\":\"\u201cLa dreta italiana guarda silenci sobre temes que li s\u00f3n inc\u00f2modes; no obstant aix\u00f2 legisla contra ells\u201d\",\"datePublished\":\"2023-10-25T19:02:21+00:00\",\"mainEntityOfPage\":{\"@id\":\"https:\\\/\\\/lamostradevalencia.com\\\/ca\\\/la-dreta-italiana-guarda-silenci-sobre-temes-que-li-son-incomodes-no-obstant-aixo-legisla-contra-ells\\\/\"},\"wordCount\":844,\"commentCount\":0,\"image\":{\"@id\":\"https:\\\/\\\/lamostradevalencia.com\\\/ca\\\/la-dreta-italiana-guarda-silenci-sobre-temes-que-li-son-incomodes-no-obstant-aixo-legisla-contra-ells\\\/#primaryimage\"},\"thumbnailUrl\":\"https:\\\/\\\/lamostradevalencia.com\\\/wp-content\\\/uploads\\\/2023\\\/10\\\/enrico-ok.jpg\",\"articleSection\":[\"Noticies\"],\"inLanguage\":\"ca\",\"potentialAction\":[{\"@type\":\"CommentAction\",\"name\":\"Comment\",\"target\":[\"https:\\\/\\\/lamostradevalencia.com\\\/ca\\\/la-dreta-italiana-guarda-silenci-sobre-temes-que-li-son-incomodes-no-obstant-aixo-legisla-contra-ells\\\/#respond\"]}]},{\"@type\":\"WebPage\",\"@id\":\"https:\\\/\\\/lamostradevalencia.com\\\/ca\\\/la-dreta-italiana-guarda-silenci-sobre-temes-que-li-son-incomodes-no-obstant-aixo-legisla-contra-ells\\\/\",\"url\":\"https:\\\/\\\/lamostradevalencia.com\\\/ca\\\/la-dreta-italiana-guarda-silenci-sobre-temes-que-li-son-incomodes-no-obstant-aixo-legisla-contra-ells\\\/\",\"name\":\"\u201cLa dreta italiana guarda silenci sobre temes que li s\u00f3n inc\u00f2modes; no obstant aix\u00f2 legisla contra ells\u201d - Mostra de Val\u00e8ncia\",\"isPartOf\":{\"@id\":\"https:\\\/\\\/lamostradevalencia.com\\\/ca\\\/#website\"},\"primaryImageOfPage\":{\"@id\":\"https:\\\/\\\/lamostradevalencia.com\\\/ca\\\/la-dreta-italiana-guarda-silenci-sobre-temes-que-li-son-incomodes-no-obstant-aixo-legisla-contra-ells\\\/#primaryimage\"},\"image\":{\"@id\":\"https:\\\/\\\/lamostradevalencia.com\\\/ca\\\/la-dreta-italiana-guarda-silenci-sobre-temes-que-li-son-incomodes-no-obstant-aixo-legisla-contra-ells\\\/#primaryimage\"},\"thumbnailUrl\":\"https:\\\/\\\/lamostradevalencia.com\\\/wp-content\\\/uploads\\\/2023\\\/10\\\/enrico-ok.jpg\",\"datePublished\":\"2023-10-25T19:02:21+00:00\",\"author\":{\"@id\":\"https:\\\/\\\/lamostradevalencia.com\\\/ca\\\/#\\\/schema\\\/person\\\/1dc07e4df3d6310b81d2cdf6a034070c\"},\"breadcrumb\":{\"@id\":\"https:\\\/\\\/lamostradevalencia.com\\\/ca\\\/la-dreta-italiana-guarda-silenci-sobre-temes-que-li-son-incomodes-no-obstant-aixo-legisla-contra-ells\\\/#breadcrumb\"},\"inLanguage\":\"ca\",\"potentialAction\":[{\"@type\":\"ReadAction\",\"target\":[\"https:\\\/\\\/lamostradevalencia.com\\\/ca\\\/la-dreta-italiana-guarda-silenci-sobre-temes-que-li-son-incomodes-no-obstant-aixo-legisla-contra-ells\\\/\"]}]},{\"@type\":\"ImageObject\",\"inLanguage\":\"ca\",\"@id\":\"https:\\\/\\\/lamostradevalencia.com\\\/ca\\\/la-dreta-italiana-guarda-silenci-sobre-temes-que-li-son-incomodes-no-obstant-aixo-legisla-contra-ells\\\/#primaryimage\",\"url\":\"https:\\\/\\\/lamostradevalencia.com\\\/wp-content\\\/uploads\\\/2023\\\/10\\\/enrico-ok.jpg\",\"contentUrl\":\"https:\\\/\\\/lamostradevalencia.com\\\/wp-content\\\/uploads\\\/2023\\\/10\\\/enrico-ok.jpg\",\"width\":1015,\"height\":677},{\"@type\":\"BreadcrumbList\",\"@id\":\"https:\\\/\\\/lamostradevalencia.com\\\/ca\\\/la-dreta-italiana-guarda-silenci-sobre-temes-que-li-son-incomodes-no-obstant-aixo-legisla-contra-ells\\\/#breadcrumb\",\"itemListElement\":[{\"@type\":\"ListItem\",\"position\":1,\"name\":\"Portada\",\"item\":\"https:\\\/\\\/lamostradevalencia.com\\\/ca\\\/\"},{\"@type\":\"ListItem\",\"position\":2,\"name\":\"\u201cLa dreta italiana guarda silenci sobre temes que li s\u00f3n inc\u00f2modes; no obstant aix\u00f2 legisla contra ells\u201d\"}]},{\"@type\":\"WebSite\",\"@id\":\"https:\\\/\\\/lamostradevalencia.com\\\/ca\\\/#website\",\"url\":\"https:\\\/\\\/lamostradevalencia.com\\\/ca\\\/\",\"name\":\"Mostra de Val\u00e8ncia\",\"description\":\"Cinema del Mediterrani\",\"potentialAction\":[{\"@type\":\"SearchAction\",\"target\":{\"@type\":\"EntryPoint\",\"urlTemplate\":\"https:\\\/\\\/lamostradevalencia.com\\\/ca\\\/?s={search_term_string}\"},\"query-input\":{\"@type\":\"PropertyValueSpecification\",\"valueRequired\":true,\"valueName\":\"search_term_string\"}}],\"inLanguage\":\"ca\"},{\"@type\":\"Person\",\"@id\":\"https:\\\/\\\/lamostradevalencia.com\\\/ca\\\/#\\\/schema\\\/person\\\/1dc07e4df3d6310b81d2cdf6a034070c\",\"name\":\"Mostra de Val\u00e8ncia\",\"image\":{\"@type\":\"ImageObject\",\"inLanguage\":\"ca\",\"@id\":\"https:\\\/\\\/secure.gravatar.com\\\/avatar\\\/ada4dfd699a9907706987adb1bb2b361c2613ccca474b49b8c648de5208e32f8?s=96&d=mm&r=g\",\"url\":\"https:\\\/\\\/secure.gravatar.com\\\/avatar\\\/ada4dfd699a9907706987adb1bb2b361c2613ccca474b49b8c648de5208e32f8?s=96&d=mm&r=g\",\"contentUrl\":\"https:\\\/\\\/secure.gravatar.com\\\/avatar\\\/ada4dfd699a9907706987adb1bb2b361c2613ccca474b49b8c648de5208e32f8?s=96&d=mm&r=g\",\"caption\":\"Mostra de Val\u00e8ncia\"}}]}<\/script>\n<!-- \/ Yoast SEO plugin. -->","yoast_head_json":{"title":"\u201cLa dreta italiana guarda silenci sobre temes que li s\u00f3n inc\u00f2modes; no obstant aix\u00f2 legisla contra ells\u201d - Mostra de Val\u00e8ncia","robots":{"index":"index","follow":"follow","max-snippet":"max-snippet:-1","max-image-preview":"max-image-preview:large","max-video-preview":"max-video-preview:-1"},"canonical":"https:\/\/lamostradevalencia.com\/ca\/la-dreta-italiana-guarda-silenci-sobre-temes-que-li-son-incomodes-no-obstant-aixo-legisla-contra-ells\/","og_locale":"ca_ES","og_type":"article","og_title":"\u201cLa dreta italiana guarda silenci sobre temes que li s\u00f3n inc\u00f2modes; no obstant aix\u00f2 legisla contra ells\u201d - Mostra de Val\u00e8ncia","og_description":"Enrico Roccaforte protagonitza \u2018Fireworks\u2019, la hist\u00f2ria d&#8217;un amor prohibit en l&#8217;hom\u00f2foba Sic\u00edlia dels 80 El debut darrere de la c\u00e0mera del popular actor i estrela [&hellip;]","og_url":"https:\/\/lamostradevalencia.com\/ca\/la-dreta-italiana-guarda-silenci-sobre-temes-que-li-son-incomodes-no-obstant-aixo-legisla-contra-ells\/","og_site_name":"Mostra de Val\u00e8ncia","article_published_time":"2023-10-25T19:02:21+00:00","og_image":[{"width":1015,"height":677,"url":"https:\/\/lamostradevalencia.com\/wp-content\/uploads\/2023\/10\/enrico-ok.jpg","type":"image\/jpeg"}],"author":"Mostra de Val\u00e8ncia","twitter_card":"summary_large_image","twitter_misc":{"Escrit per":"Mostra de Val\u00e8ncia","Temps estimat de lectura":"4 minuts"},"schema":{"@context":"https:\/\/schema.org","@graph":[{"@type":"Article","@id":"https:\/\/lamostradevalencia.com\/ca\/la-dreta-italiana-guarda-silenci-sobre-temes-que-li-son-incomodes-no-obstant-aixo-legisla-contra-ells\/#article","isPartOf":{"@id":"https:\/\/lamostradevalencia.com\/ca\/la-dreta-italiana-guarda-silenci-sobre-temes-que-li-son-incomodes-no-obstant-aixo-legisla-contra-ells\/"},"author":{"name":"Mostra de Val\u00e8ncia","@id":"https:\/\/lamostradevalencia.com\/ca\/#\/schema\/person\/1dc07e4df3d6310b81d2cdf6a034070c"},"headline":"\u201cLa dreta italiana guarda silenci sobre temes que li s\u00f3n inc\u00f2modes; no obstant aix\u00f2 legisla contra ells\u201d","datePublished":"2023-10-25T19:02:21+00:00","mainEntityOfPage":{"@id":"https:\/\/lamostradevalencia.com\/ca\/la-dreta-italiana-guarda-silenci-sobre-temes-que-li-son-incomodes-no-obstant-aixo-legisla-contra-ells\/"},"wordCount":844,"commentCount":0,"image":{"@id":"https:\/\/lamostradevalencia.com\/ca\/la-dreta-italiana-guarda-silenci-sobre-temes-que-li-son-incomodes-no-obstant-aixo-legisla-contra-ells\/#primaryimage"},"thumbnailUrl":"https:\/\/lamostradevalencia.com\/wp-content\/uploads\/2023\/10\/enrico-ok.jpg","articleSection":["Noticies"],"inLanguage":"ca","potentialAction":[{"@type":"CommentAction","name":"Comment","target":["https:\/\/lamostradevalencia.com\/ca\/la-dreta-italiana-guarda-silenci-sobre-temes-que-li-son-incomodes-no-obstant-aixo-legisla-contra-ells\/#respond"]}]},{"@type":"WebPage","@id":"https:\/\/lamostradevalencia.com\/ca\/la-dreta-italiana-guarda-silenci-sobre-temes-que-li-son-incomodes-no-obstant-aixo-legisla-contra-ells\/","url":"https:\/\/lamostradevalencia.com\/ca\/la-dreta-italiana-guarda-silenci-sobre-temes-que-li-son-incomodes-no-obstant-aixo-legisla-contra-ells\/","name":"\u201cLa dreta italiana guarda silenci sobre temes que li s\u00f3n inc\u00f2modes; no obstant aix\u00f2 legisla contra ells\u201d - Mostra de Val\u00e8ncia","isPartOf":{"@id":"https:\/\/lamostradevalencia.com\/ca\/#website"},"primaryImageOfPage":{"@id":"https:\/\/lamostradevalencia.com\/ca\/la-dreta-italiana-guarda-silenci-sobre-temes-que-li-son-incomodes-no-obstant-aixo-legisla-contra-ells\/#primaryimage"},"image":{"@id":"https:\/\/lamostradevalencia.com\/ca\/la-dreta-italiana-guarda-silenci-sobre-temes-que-li-son-incomodes-no-obstant-aixo-legisla-contra-ells\/#primaryimage"},"thumbnailUrl":"https:\/\/lamostradevalencia.com\/wp-content\/uploads\/2023\/10\/enrico-ok.jpg","datePublished":"2023-10-25T19:02:21+00:00","author":{"@id":"https:\/\/lamostradevalencia.com\/ca\/#\/schema\/person\/1dc07e4df3d6310b81d2cdf6a034070c"},"breadcrumb":{"@id":"https:\/\/lamostradevalencia.com\/ca\/la-dreta-italiana-guarda-silenci-sobre-temes-que-li-son-incomodes-no-obstant-aixo-legisla-contra-ells\/#breadcrumb"},"inLanguage":"ca","potentialAction":[{"@type":"ReadAction","target":["https:\/\/lamostradevalencia.com\/ca\/la-dreta-italiana-guarda-silenci-sobre-temes-que-li-son-incomodes-no-obstant-aixo-legisla-contra-ells\/"]}]},{"@type":"ImageObject","inLanguage":"ca","@id":"https:\/\/lamostradevalencia.com\/ca\/la-dreta-italiana-guarda-silenci-sobre-temes-que-li-son-incomodes-no-obstant-aixo-legisla-contra-ells\/#primaryimage","url":"https:\/\/lamostradevalencia.com\/wp-content\/uploads\/2023\/10\/enrico-ok.jpg","contentUrl":"https:\/\/lamostradevalencia.com\/wp-content\/uploads\/2023\/10\/enrico-ok.jpg","width":1015,"height":677},{"@type":"BreadcrumbList","@id":"https:\/\/lamostradevalencia.com\/ca\/la-dreta-italiana-guarda-silenci-sobre-temes-que-li-son-incomodes-no-obstant-aixo-legisla-contra-ells\/#breadcrumb","itemListElement":[{"@type":"ListItem","position":1,"name":"Portada","item":"https:\/\/lamostradevalencia.com\/ca\/"},{"@type":"ListItem","position":2,"name":"\u201cLa dreta italiana guarda silenci sobre temes que li s\u00f3n inc\u00f2modes; no obstant aix\u00f2 legisla contra ells\u201d"}]},{"@type":"WebSite","@id":"https:\/\/lamostradevalencia.com\/ca\/#website","url":"https:\/\/lamostradevalencia.com\/ca\/","name":"Mostra de Val\u00e8ncia","description":"Cinema del Mediterrani","potentialAction":[{"@type":"SearchAction","target":{"@type":"EntryPoint","urlTemplate":"https:\/\/lamostradevalencia.com\/ca\/?s={search_term_string}"},"query-input":{"@type":"PropertyValueSpecification","valueRequired":true,"valueName":"search_term_string"}}],"inLanguage":"ca"},{"@type":"Person","@id":"https:\/\/lamostradevalencia.com\/ca\/#\/schema\/person\/1dc07e4df3d6310b81d2cdf6a034070c","name":"Mostra de Val\u00e8ncia","image":{"@type":"ImageObject","inLanguage":"ca","@id":"https:\/\/secure.gravatar.com\/avatar\/ada4dfd699a9907706987adb1bb2b361c2613ccca474b49b8c648de5208e32f8?s=96&d=mm&r=g","url":"https:\/\/secure.gravatar.com\/avatar\/ada4dfd699a9907706987adb1bb2b361c2613ccca474b49b8c648de5208e32f8?s=96&d=mm&r=g","contentUrl":"https:\/\/secure.gravatar.com\/avatar\/ada4dfd699a9907706987adb1bb2b361c2613ccca474b49b8c648de5208e32f8?s=96&d=mm&r=g","caption":"Mostra de Val\u00e8ncia"}}]}},"uagb_featured_image_src":{"full":["https:\/\/lamostradevalencia.com\/wp-content\/uploads\/2023\/10\/enrico-ok.jpg",1015,677,false],"thumbnail":["https:\/\/lamostradevalencia.com\/wp-content\/uploads\/2023\/10\/enrico-ok-150x150.jpg",150,150,true],"medium":["https:\/\/lamostradevalencia.com\/wp-content\/uploads\/2023\/10\/enrico-ok-300x200.jpg",300,200,true],"medium_large":["https:\/\/lamostradevalencia.com\/wp-content\/uploads\/2023\/10\/enrico-ok-768x512.jpg",768,512,true],"large":["https:\/\/lamostradevalencia.com\/wp-content\/uploads\/2023\/10\/enrico-ok.jpg",1015,677,false],"1536x1536":["https:\/\/lamostradevalencia.com\/wp-content\/uploads\/2023\/10\/enrico-ok.jpg",1015,677,false],"2048x2048":["https:\/\/lamostradevalencia.com\/wp-content\/uploads\/2023\/10\/enrico-ok.jpg",1015,677,false],"cinerama_edge_image_square":["https:\/\/lamostradevalencia.com\/wp-content\/uploads\/2023\/10\/enrico-ok-550x550.jpg",550,550,true],"cinerama_edge_image_landscape":["https:\/\/lamostradevalencia.com\/wp-content\/uploads\/2023\/10\/enrico-ok-1015x550.jpg",1015,550,true],"cinerama_edge_image_portrait":["https:\/\/lamostradevalencia.com\/wp-content\/uploads\/2023\/10\/enrico-ok-550x677.jpg",550,677,true],"cinerama_edge_image_huge":["https:\/\/lamostradevalencia.com\/wp-content\/uploads\/2023\/10\/enrico-ok.jpg",1015,677,false],"gform-image-choice-sm":["https:\/\/lamostradevalencia.com\/wp-content\/uploads\/2023\/10\/enrico-ok.jpg",300,200,false],"gform-image-choice-md":["https:\/\/lamostradevalencia.com\/wp-content\/uploads\/2023\/10\/enrico-ok.jpg",400,267,false],"gform-image-choice-lg":["https:\/\/lamostradevalencia.com\/wp-content\/uploads\/2023\/10\/enrico-ok.jpg",600,400,false]},"uagb_author_info":{"display_name":"Mostra de Val\u00e8ncia","author_link":"https:\/\/lamostradevalencia.com\/ca\/author\/mostravalencia\/"},"uagb_comment_info":0,"uagb_excerpt":"Enrico Roccaforte protagonitza \u2018Fireworks\u2019, la hist\u00f2ria d&#8217;un amor prohibit en l&#8217;hom\u00f2foba Sic\u00edlia dels 80 El debut darrere de la c\u00e0mera del popular actor i estrela [&hellip;]","_links":{"self":[{"href":"https:\/\/lamostradevalencia.com\/ca\/wp-json\/wp\/v2\/posts\/22452","targetHints":{"allow":["GET"]}}],"collection":[{"href":"https:\/\/lamostradevalencia.com\/ca\/wp-json\/wp\/v2\/posts"}],"about":[{"href":"https:\/\/lamostradevalencia.com\/ca\/wp-json\/wp\/v2\/types\/post"}],"author":[{"embeddable":true,"href":"https:\/\/lamostradevalencia.com\/ca\/wp-json\/wp\/v2\/users\/1"}],"replies":[{"embeddable":true,"href":"https:\/\/lamostradevalencia.com\/ca\/wp-json\/wp\/v2\/comments?post=22452"}],"version-history":[{"count":2,"href":"https:\/\/lamostradevalencia.com\/ca\/wp-json\/wp\/v2\/posts\/22452\/revisions"}],"predecessor-version":[{"id":22454,"href":"https:\/\/lamostradevalencia.com\/ca\/wp-json\/wp\/v2\/posts\/22452\/revisions\/22454"}],"wp:featuredmedia":[{"embeddable":true,"href":"https:\/\/lamostradevalencia.com\/ca\/wp-json\/wp\/v2\/media\/22440"}],"wp:attachment":[{"href":"https:\/\/lamostradevalencia.com\/ca\/wp-json\/wp\/v2\/media?parent=22452"}],"wp:term":[{"taxonomy":"category","embeddable":true,"href":"https:\/\/lamostradevalencia.com\/ca\/wp-json\/wp\/v2\/categories?post=22452"},{"taxonomy":"post_tag","embeddable":true,"href":"https:\/\/lamostradevalencia.com\/ca\/wp-json\/wp\/v2\/tags?post=22452"}],"curies":[{"name":"wp","href":"https:\/\/api.w.org\/{rel}","templated":true}]}}