{"id":22418,"date":"2023-10-25T12:33:11","date_gmt":"2023-10-25T10:33:11","guid":{"rendered":"https:\/\/lamostradevalencia.com\/?p=22418"},"modified":"2023-10-25T12:42:55","modified_gmt":"2023-10-25T10:42:55","slug":"halala-un-experiment-valencia-sobre-dracula-en-blanc-negre-i-roig-sang","status":"publish","type":"post","link":"https:\/\/lamostradevalencia.com\/ca\/halala-un-experiment-valencia-sobre-dracula-en-blanc-negre-i-roig-sang\/","title":{"rendered":"&#8216;Hal\u00e1la&#8217;: un experiment valenci\u00e0 sobre Dr\u00e1cula en blanc, negre i roig sang"},"content":{"rendered":"<h5>Ram\u00f3n Alfonso proposa una reflexi\u00f3 sobre el mite del vampir al cine a partir del primer film en qu\u00e8 va apar\u00e9ixer, ara desaparegut<\/h5>\n<p>La\u00a0&#8216;Drakula hal\u00e1la&#8217; significa en hongar\u00e9s &#8220;la mort de Dr\u00e1cula&#8221;, que va ser el t\u00edtol d&#8217;una pel\u00b7l\u00edcula muda de terror hongaresa-austr\u00edaca coescrita i dirigida per K\u00e1roly Lajthay i protagonitzada per Paul Askonas i Lena Myl, rodada en 1921 i que, actualment, es troba desapareguda. Els historiadors consideren que va ser la primera pel\u00b7l\u00edcula que va adaptar la figura del vampir Conde Dr\u00e1cula, encara que els experts asseguren que la trama no guarda molta relaci\u00f3 amb la novel\u00b7la original de Bram Stoker, publicada en 1897.\u00a0<strong>El director valenci\u00e0 Ram\u00f3n Alfonso evoca aquella figura en un film experimental destinat a buscar la connexi\u00f3 entre &#8220;el vampirisme i el cine del passat&#8221;.<\/strong><\/p>\n<p>&#8220;Reflexionem sobre la impossibilitat de reproduir eixe metratge desaparegut.\u00a0La pel\u00b7l\u00edcula\u00a0\u00e9s un quadern de notes, una suma de post-it, d&#8217;idees, un\u00a0work in progress&#8230;&#8221;, assegura Alfonso, que ha comptat per a este experiment amb noms de l&#8217;audiovisual valenci\u00e0 com Llu\u00eds Rivera, Francesc Mir\u00f3, Paco Lozano, Carlos Bertomeu&#8230;<\/p>\n<p>El resultat \u00e9s\u00a0una pel\u00b7l\u00edcula muda, en blanc i negre i sobre un fons roig color sang\u00a0en qu\u00e8\u00a0el director tracta que els seus int\u00e8rprets puguen recrear aquella gran hist\u00f2ria perduda: &#8220;Preten\u00edem generar una esp\u00e8cie de recorregut per &#8220;una sala de museu&#8221; per a comprendre el que significa el mite del vampir, les imatges que van apareixent intenten acostar la hist\u00f2ria a l&#8217;espectador. Parlem de &#8216;Drakula hal\u00e1la&#8217; a trav\u00e9s dels seus significats, cossos i s\u00edmbols&#8221;, explica el director.<\/p>\n<p>Este experiment \u00e9s un vertader exemple de cine de guerrilla, perqu\u00e8 s&#8217;ha realitzat sense cap mena de suport p\u00fablic. &#8220;T\u00e9 l&#8217;avantatge de comptar amb la llibertat de fer quan ho necessites, perqu\u00e8 este projecte t\u00e9 molt a veure amb la necessitat&#8221;, va explicar Alfonso durant la presentaci\u00f3 del projecte en el Espai Mostra de la Pla\u00e7a de l&#8217;Ajuntament. &#8220;Podem somiar amb imatges m\u00e9s formidables o menys, canviar el m\u00f3n, per\u00f2 si no fora per la gent de l&#8217;equip seria impossible&#8221;, conclou.<\/p>\n<p>Alfonso ent\u00e9n que la manera que este tipus de pel\u00b7l\u00edcules es trobaran amb l&#8217;espectador \u00e9s diferent de la convencional: &#8220;La sales estan buides, la manera d&#8217;aproximar-se a les imatges est\u00e0 canviant, per tant, hi ha una s\u00e8rie d&#8217;avantatges que arriben de la m\u00e0 de ser una pel\u00b7l\u00edcula finan\u00e7ada pels estaments oficials, per\u00f2 aix\u00f2 no assegura que es vaja a produir eixa trobada amb l&#8217;espectador&#8221;.<\/p>\n<p>La 38a edici\u00f3 de Mostra de Val\u00e8ncia-Cinema del Mediterrani est\u00e0 organitzada per l&#8217;Ajuntament de Val\u00e8ncia i compta amb la col\u00b7laboraci\u00f3 de l&#8217;Institut Valenci\u00e0 de Cultura (IVC), el Palau de la M\u00fasica, Barreira Arte + Dise\u00f1o i \u00c0 Punt M\u00e8dia com a mitj\u00e0 oficial.<\/p>\n","protected":false},"excerpt":{"rendered":"<p>Ram\u00f3n Alfonso proposa una reflexi\u00f3 sobre el mite del vampir al cine a partir del primer film en qu\u00e8 va apar\u00e9ixer, ara desaparegut La\u00a0&#8216;Drakula hal\u00e1la&#8217; [&hellip;]<\/p>\n","protected":false},"author":1,"featured_media":22419,"comment_status":"open","ping_status":"open","sticky":false,"template":"","format":"standard","meta":{"_uag_custom_page_level_css":"","_jet_sm_ready_style":"","_jet_sm_style":"","_jet_sm_controls_values":"","_jet_sm_fonts_collection":"","_jet_sm_fonts_links":"","footnotes":""},"categories":[455],"tags":[],"class_list":["post-22418","post","type-post","status-publish","format-standard","has-post-thumbnail","hentry","category-noticies"],"yoast_head":"<!-- This site is optimized with the Yoast SEO plugin v27.5 - https:\/\/yoast.com\/product\/yoast-seo-wordpress\/ -->\n<title>&#039;Hal\u00e1la&#039;: un experiment valenci\u00e0 sobre Dr\u00e1cula en blanc, negre i roig sang - Mostra de Val\u00e8ncia<\/title>\n<meta name=\"robots\" content=\"index, follow, max-snippet:-1, max-image-preview:large, max-video-preview:-1\" \/>\n<link rel=\"canonical\" href=\"https:\/\/lamostradevalencia.com\/ca\/halala-un-experiment-valencia-sobre-dracula-en-blanc-negre-i-roig-sang\/\" \/>\n<meta property=\"og:locale\" content=\"ca_ES\" \/>\n<meta property=\"og:type\" content=\"article\" \/>\n<meta property=\"og:title\" content=\"&#039;Hal\u00e1la&#039;: un experiment valenci\u00e0 sobre Dr\u00e1cula en blanc, negre i roig sang - Mostra de Val\u00e8ncia\" \/>\n<meta property=\"og:description\" content=\"Ram\u00f3n Alfonso proposa una reflexi\u00f3 sobre el mite del vampir al cine a partir del primer film en qu\u00e8 va apar\u00e9ixer, ara desaparegut La\u00a0&#8216;Drakula hal\u00e1la&#8217; [&hellip;]\" \/>\n<meta property=\"og:url\" content=\"https:\/\/lamostradevalencia.com\/ca\/halala-un-experiment-valencia-sobre-dracula-en-blanc-negre-i-roig-sang\/\" \/>\n<meta property=\"og:site_name\" content=\"Mostra de Val\u00e8ncia\" \/>\n<meta property=\"article:published_time\" content=\"2023-10-25T10:33:11+00:00\" \/>\n<meta property=\"article:modified_time\" content=\"2023-10-25T10:42:55+00:00\" \/>\n<meta property=\"og:image\" content=\"https:\/\/lamostradevalencia.com\/wp-content\/uploads\/2023\/10\/Halala-1024x684.png\" \/>\n\t<meta property=\"og:image:width\" content=\"1024\" \/>\n\t<meta property=\"og:image:height\" content=\"684\" \/>\n\t<meta property=\"og:image:type\" content=\"image\/png\" \/>\n<meta name=\"author\" content=\"Mostra de Val\u00e8ncia\" \/>\n<meta name=\"twitter:card\" content=\"summary_large_image\" \/>\n<meta name=\"twitter:label1\" content=\"Escrit per\" \/>\n\t<meta name=\"twitter:data1\" content=\"Mostra de Val\u00e8ncia\" \/>\n\t<meta name=\"twitter:label2\" content=\"Temps estimat de lectura\" \/>\n\t<meta name=\"twitter:data2\" content=\"3 minuts\" \/>\n<script type=\"application\/ld+json\" class=\"yoast-schema-graph\">{\"@context\":\"https:\\\/\\\/schema.org\",\"@graph\":[{\"@type\":\"Article\",\"@id\":\"https:\\\/\\\/lamostradevalencia.com\\\/ca\\\/halala-un-experiment-valencia-sobre-dracula-en-blanc-negre-i-roig-sang\\\/#article\",\"isPartOf\":{\"@id\":\"https:\\\/\\\/lamostradevalencia.com\\\/ca\\\/halala-un-experiment-valencia-sobre-dracula-en-blanc-negre-i-roig-sang\\\/\"},\"author\":{\"name\":\"Mostra de Val\u00e8ncia\",\"@id\":\"https:\\\/\\\/lamostradevalencia.com\\\/ca\\\/#\\\/schema\\\/person\\\/1dc07e4df3d6310b81d2cdf6a034070c\"},\"headline\":\"&#8216;Hal\u00e1la&#8217;: un experiment valenci\u00e0 sobre Dr\u00e1cula en blanc, negre i roig sang\",\"datePublished\":\"2023-10-25T10:33:11+00:00\",\"dateModified\":\"2023-10-25T10:42:55+00:00\",\"mainEntityOfPage\":{\"@id\":\"https:\\\/\\\/lamostradevalencia.com\\\/ca\\\/halala-un-experiment-valencia-sobre-dracula-en-blanc-negre-i-roig-sang\\\/\"},\"wordCount\":516,\"commentCount\":0,\"image\":{\"@id\":\"https:\\\/\\\/lamostradevalencia.com\\\/ca\\\/halala-un-experiment-valencia-sobre-dracula-en-blanc-negre-i-roig-sang\\\/#primaryimage\"},\"thumbnailUrl\":\"https:\\\/\\\/lamostradevalencia.com\\\/wp-content\\\/uploads\\\/2023\\\/10\\\/Halala.png\",\"articleSection\":[\"Noticies\"],\"inLanguage\":\"ca\",\"potentialAction\":[{\"@type\":\"CommentAction\",\"name\":\"Comment\",\"target\":[\"https:\\\/\\\/lamostradevalencia.com\\\/ca\\\/halala-un-experiment-valencia-sobre-dracula-en-blanc-negre-i-roig-sang\\\/#respond\"]}]},{\"@type\":\"WebPage\",\"@id\":\"https:\\\/\\\/lamostradevalencia.com\\\/ca\\\/halala-un-experiment-valencia-sobre-dracula-en-blanc-negre-i-roig-sang\\\/\",\"url\":\"https:\\\/\\\/lamostradevalencia.com\\\/ca\\\/halala-un-experiment-valencia-sobre-dracula-en-blanc-negre-i-roig-sang\\\/\",\"name\":\"'Hal\u00e1la': un experiment valenci\u00e0 sobre Dr\u00e1cula en blanc, negre i roig sang - Mostra de Val\u00e8ncia\",\"isPartOf\":{\"@id\":\"https:\\\/\\\/lamostradevalencia.com\\\/ca\\\/#website\"},\"primaryImageOfPage\":{\"@id\":\"https:\\\/\\\/lamostradevalencia.com\\\/ca\\\/halala-un-experiment-valencia-sobre-dracula-en-blanc-negre-i-roig-sang\\\/#primaryimage\"},\"image\":{\"@id\":\"https:\\\/\\\/lamostradevalencia.com\\\/ca\\\/halala-un-experiment-valencia-sobre-dracula-en-blanc-negre-i-roig-sang\\\/#primaryimage\"},\"thumbnailUrl\":\"https:\\\/\\\/lamostradevalencia.com\\\/wp-content\\\/uploads\\\/2023\\\/10\\\/Halala.png\",\"datePublished\":\"2023-10-25T10:33:11+00:00\",\"dateModified\":\"2023-10-25T10:42:55+00:00\",\"author\":{\"@id\":\"https:\\\/\\\/lamostradevalencia.com\\\/ca\\\/#\\\/schema\\\/person\\\/1dc07e4df3d6310b81d2cdf6a034070c\"},\"breadcrumb\":{\"@id\":\"https:\\\/\\\/lamostradevalencia.com\\\/ca\\\/halala-un-experiment-valencia-sobre-dracula-en-blanc-negre-i-roig-sang\\\/#breadcrumb\"},\"inLanguage\":\"ca\",\"potentialAction\":[{\"@type\":\"ReadAction\",\"target\":[\"https:\\\/\\\/lamostradevalencia.com\\\/ca\\\/halala-un-experiment-valencia-sobre-dracula-en-blanc-negre-i-roig-sang\\\/\"]}]},{\"@type\":\"ImageObject\",\"inLanguage\":\"ca\",\"@id\":\"https:\\\/\\\/lamostradevalencia.com\\\/ca\\\/halala-un-experiment-valencia-sobre-dracula-en-blanc-negre-i-roig-sang\\\/#primaryimage\",\"url\":\"https:\\\/\\\/lamostradevalencia.com\\\/wp-content\\\/uploads\\\/2023\\\/10\\\/Halala.png\",\"contentUrl\":\"https:\\\/\\\/lamostradevalencia.com\\\/wp-content\\\/uploads\\\/2023\\\/10\\\/Halala.png\",\"width\":1594,\"height\":1064},{\"@type\":\"BreadcrumbList\",\"@id\":\"https:\\\/\\\/lamostradevalencia.com\\\/ca\\\/halala-un-experiment-valencia-sobre-dracula-en-blanc-negre-i-roig-sang\\\/#breadcrumb\",\"itemListElement\":[{\"@type\":\"ListItem\",\"position\":1,\"name\":\"Portada\",\"item\":\"https:\\\/\\\/lamostradevalencia.com\\\/ca\\\/\"},{\"@type\":\"ListItem\",\"position\":2,\"name\":\"&#8216;Hal\u00e1la&#8217;: un experiment valenci\u00e0 sobre Dr\u00e1cula en blanc, negre i roig sang\"}]},{\"@type\":\"WebSite\",\"@id\":\"https:\\\/\\\/lamostradevalencia.com\\\/ca\\\/#website\",\"url\":\"https:\\\/\\\/lamostradevalencia.com\\\/ca\\\/\",\"name\":\"Mostra de Val\u00e8ncia\",\"description\":\"Cinema del Mediterrani\",\"potentialAction\":[{\"@type\":\"SearchAction\",\"target\":{\"@type\":\"EntryPoint\",\"urlTemplate\":\"https:\\\/\\\/lamostradevalencia.com\\\/ca\\\/?s={search_term_string}\"},\"query-input\":{\"@type\":\"PropertyValueSpecification\",\"valueRequired\":true,\"valueName\":\"search_term_string\"}}],\"inLanguage\":\"ca\"},{\"@type\":\"Person\",\"@id\":\"https:\\\/\\\/lamostradevalencia.com\\\/ca\\\/#\\\/schema\\\/person\\\/1dc07e4df3d6310b81d2cdf6a034070c\",\"name\":\"Mostra de Val\u00e8ncia\",\"image\":{\"@type\":\"ImageObject\",\"inLanguage\":\"ca\",\"@id\":\"https:\\\/\\\/secure.gravatar.com\\\/avatar\\\/ada4dfd699a9907706987adb1bb2b361c2613ccca474b49b8c648de5208e32f8?s=96&d=mm&r=g\",\"url\":\"https:\\\/\\\/secure.gravatar.com\\\/avatar\\\/ada4dfd699a9907706987adb1bb2b361c2613ccca474b49b8c648de5208e32f8?s=96&d=mm&r=g\",\"contentUrl\":\"https:\\\/\\\/secure.gravatar.com\\\/avatar\\\/ada4dfd699a9907706987adb1bb2b361c2613ccca474b49b8c648de5208e32f8?s=96&d=mm&r=g\",\"caption\":\"Mostra de Val\u00e8ncia\"}}]}<\/script>\n<!-- \/ Yoast SEO plugin. -->","yoast_head_json":{"title":"'Hal\u00e1la': un experiment valenci\u00e0 sobre Dr\u00e1cula en blanc, negre i roig sang - Mostra de Val\u00e8ncia","robots":{"index":"index","follow":"follow","max-snippet":"max-snippet:-1","max-image-preview":"max-image-preview:large","max-video-preview":"max-video-preview:-1"},"canonical":"https:\/\/lamostradevalencia.com\/ca\/halala-un-experiment-valencia-sobre-dracula-en-blanc-negre-i-roig-sang\/","og_locale":"ca_ES","og_type":"article","og_title":"'Hal\u00e1la': un experiment valenci\u00e0 sobre Dr\u00e1cula en blanc, negre i roig sang - Mostra de Val\u00e8ncia","og_description":"Ram\u00f3n Alfonso proposa una reflexi\u00f3 sobre el mite del vampir al cine a partir del primer film en qu\u00e8 va apar\u00e9ixer, ara desaparegut La\u00a0&#8216;Drakula hal\u00e1la&#8217; [&hellip;]","og_url":"https:\/\/lamostradevalencia.com\/ca\/halala-un-experiment-valencia-sobre-dracula-en-blanc-negre-i-roig-sang\/","og_site_name":"Mostra de Val\u00e8ncia","article_published_time":"2023-10-25T10:33:11+00:00","article_modified_time":"2023-10-25T10:42:55+00:00","og_image":[{"width":1024,"height":684,"url":"https:\/\/lamostradevalencia.com\/wp-content\/uploads\/2023\/10\/Halala-1024x684.png","type":"image\/png"}],"author":"Mostra de Val\u00e8ncia","twitter_card":"summary_large_image","twitter_misc":{"Escrit per":"Mostra de Val\u00e8ncia","Temps estimat de lectura":"3 minuts"},"schema":{"@context":"https:\/\/schema.org","@graph":[{"@type":"Article","@id":"https:\/\/lamostradevalencia.com\/ca\/halala-un-experiment-valencia-sobre-dracula-en-blanc-negre-i-roig-sang\/#article","isPartOf":{"@id":"https:\/\/lamostradevalencia.com\/ca\/halala-un-experiment-valencia-sobre-dracula-en-blanc-negre-i-roig-sang\/"},"author":{"name":"Mostra de Val\u00e8ncia","@id":"https:\/\/lamostradevalencia.com\/ca\/#\/schema\/person\/1dc07e4df3d6310b81d2cdf6a034070c"},"headline":"&#8216;Hal\u00e1la&#8217;: un experiment valenci\u00e0 sobre Dr\u00e1cula en blanc, negre i roig sang","datePublished":"2023-10-25T10:33:11+00:00","dateModified":"2023-10-25T10:42:55+00:00","mainEntityOfPage":{"@id":"https:\/\/lamostradevalencia.com\/ca\/halala-un-experiment-valencia-sobre-dracula-en-blanc-negre-i-roig-sang\/"},"wordCount":516,"commentCount":0,"image":{"@id":"https:\/\/lamostradevalencia.com\/ca\/halala-un-experiment-valencia-sobre-dracula-en-blanc-negre-i-roig-sang\/#primaryimage"},"thumbnailUrl":"https:\/\/lamostradevalencia.com\/wp-content\/uploads\/2023\/10\/Halala.png","articleSection":["Noticies"],"inLanguage":"ca","potentialAction":[{"@type":"CommentAction","name":"Comment","target":["https:\/\/lamostradevalencia.com\/ca\/halala-un-experiment-valencia-sobre-dracula-en-blanc-negre-i-roig-sang\/#respond"]}]},{"@type":"WebPage","@id":"https:\/\/lamostradevalencia.com\/ca\/halala-un-experiment-valencia-sobre-dracula-en-blanc-negre-i-roig-sang\/","url":"https:\/\/lamostradevalencia.com\/ca\/halala-un-experiment-valencia-sobre-dracula-en-blanc-negre-i-roig-sang\/","name":"'Hal\u00e1la': un experiment valenci\u00e0 sobre Dr\u00e1cula en blanc, negre i roig sang - Mostra de Val\u00e8ncia","isPartOf":{"@id":"https:\/\/lamostradevalencia.com\/ca\/#website"},"primaryImageOfPage":{"@id":"https:\/\/lamostradevalencia.com\/ca\/halala-un-experiment-valencia-sobre-dracula-en-blanc-negre-i-roig-sang\/#primaryimage"},"image":{"@id":"https:\/\/lamostradevalencia.com\/ca\/halala-un-experiment-valencia-sobre-dracula-en-blanc-negre-i-roig-sang\/#primaryimage"},"thumbnailUrl":"https:\/\/lamostradevalencia.com\/wp-content\/uploads\/2023\/10\/Halala.png","datePublished":"2023-10-25T10:33:11+00:00","dateModified":"2023-10-25T10:42:55+00:00","author":{"@id":"https:\/\/lamostradevalencia.com\/ca\/#\/schema\/person\/1dc07e4df3d6310b81d2cdf6a034070c"},"breadcrumb":{"@id":"https:\/\/lamostradevalencia.com\/ca\/halala-un-experiment-valencia-sobre-dracula-en-blanc-negre-i-roig-sang\/#breadcrumb"},"inLanguage":"ca","potentialAction":[{"@type":"ReadAction","target":["https:\/\/lamostradevalencia.com\/ca\/halala-un-experiment-valencia-sobre-dracula-en-blanc-negre-i-roig-sang\/"]}]},{"@type":"ImageObject","inLanguage":"ca","@id":"https:\/\/lamostradevalencia.com\/ca\/halala-un-experiment-valencia-sobre-dracula-en-blanc-negre-i-roig-sang\/#primaryimage","url":"https:\/\/lamostradevalencia.com\/wp-content\/uploads\/2023\/10\/Halala.png","contentUrl":"https:\/\/lamostradevalencia.com\/wp-content\/uploads\/2023\/10\/Halala.png","width":1594,"height":1064},{"@type":"BreadcrumbList","@id":"https:\/\/lamostradevalencia.com\/ca\/halala-un-experiment-valencia-sobre-dracula-en-blanc-negre-i-roig-sang\/#breadcrumb","itemListElement":[{"@type":"ListItem","position":1,"name":"Portada","item":"https:\/\/lamostradevalencia.com\/ca\/"},{"@type":"ListItem","position":2,"name":"&#8216;Hal\u00e1la&#8217;: un experiment valenci\u00e0 sobre Dr\u00e1cula en blanc, negre i roig sang"}]},{"@type":"WebSite","@id":"https:\/\/lamostradevalencia.com\/ca\/#website","url":"https:\/\/lamostradevalencia.com\/ca\/","name":"Mostra de Val\u00e8ncia","description":"Cinema del Mediterrani","potentialAction":[{"@type":"SearchAction","target":{"@type":"EntryPoint","urlTemplate":"https:\/\/lamostradevalencia.com\/ca\/?s={search_term_string}"},"query-input":{"@type":"PropertyValueSpecification","valueRequired":true,"valueName":"search_term_string"}}],"inLanguage":"ca"},{"@type":"Person","@id":"https:\/\/lamostradevalencia.com\/ca\/#\/schema\/person\/1dc07e4df3d6310b81d2cdf6a034070c","name":"Mostra de Val\u00e8ncia","image":{"@type":"ImageObject","inLanguage":"ca","@id":"https:\/\/secure.gravatar.com\/avatar\/ada4dfd699a9907706987adb1bb2b361c2613ccca474b49b8c648de5208e32f8?s=96&d=mm&r=g","url":"https:\/\/secure.gravatar.com\/avatar\/ada4dfd699a9907706987adb1bb2b361c2613ccca474b49b8c648de5208e32f8?s=96&d=mm&r=g","contentUrl":"https:\/\/secure.gravatar.com\/avatar\/ada4dfd699a9907706987adb1bb2b361c2613ccca474b49b8c648de5208e32f8?s=96&d=mm&r=g","caption":"Mostra de Val\u00e8ncia"}}]}},"uagb_featured_image_src":{"full":["https:\/\/lamostradevalencia.com\/wp-content\/uploads\/2023\/10\/Halala.png",1594,1064,false],"thumbnail":["https:\/\/lamostradevalencia.com\/wp-content\/uploads\/2023\/10\/Halala-150x150.png",150,150,true],"medium":["https:\/\/lamostradevalencia.com\/wp-content\/uploads\/2023\/10\/Halala-300x200.png",300,200,true],"medium_large":["https:\/\/lamostradevalencia.com\/wp-content\/uploads\/2023\/10\/Halala-768x513.png",768,513,true],"large":["https:\/\/lamostradevalencia.com\/wp-content\/uploads\/2023\/10\/Halala-1024x684.png",1024,684,true],"1536x1536":["https:\/\/lamostradevalencia.com\/wp-content\/uploads\/2023\/10\/Halala-1536x1025.png",1536,1025,true],"2048x2048":["https:\/\/lamostradevalencia.com\/wp-content\/uploads\/2023\/10\/Halala.png",1594,1064,false],"cinerama_edge_image_square":["https:\/\/lamostradevalencia.com\/wp-content\/uploads\/2023\/10\/Halala-550x550.png",550,550,true],"cinerama_edge_image_landscape":["https:\/\/lamostradevalencia.com\/wp-content\/uploads\/2023\/10\/Halala-1100x550.png",1100,550,true],"cinerama_edge_image_portrait":["https:\/\/lamostradevalencia.com\/wp-content\/uploads\/2023\/10\/Halala-550x1064.png",550,1064,true],"cinerama_edge_image_huge":["https:\/\/lamostradevalencia.com\/wp-content\/uploads\/2023\/10\/Halala-1100x1064.png",1100,1064,true],"gform-image-choice-sm":["https:\/\/lamostradevalencia.com\/wp-content\/uploads\/2023\/10\/Halala.png",300,200,false],"gform-image-choice-md":["https:\/\/lamostradevalencia.com\/wp-content\/uploads\/2023\/10\/Halala.png",400,267,false],"gform-image-choice-lg":["https:\/\/lamostradevalencia.com\/wp-content\/uploads\/2023\/10\/Halala.png",600,401,false]},"uagb_author_info":{"display_name":"Mostra de Val\u00e8ncia","author_link":"https:\/\/lamostradevalencia.com\/ca\/author\/mostravalencia\/"},"uagb_comment_info":0,"uagb_excerpt":"Ram\u00f3n Alfonso proposa una reflexi\u00f3 sobre el mite del vampir al cine a partir del primer film en qu\u00e8 va apar\u00e9ixer, ara desaparegut La\u00a0&#8216;Drakula hal\u00e1la&#8217; [&hellip;]","_links":{"self":[{"href":"https:\/\/lamostradevalencia.com\/ca\/wp-json\/wp\/v2\/posts\/22418","targetHints":{"allow":["GET"]}}],"collection":[{"href":"https:\/\/lamostradevalencia.com\/ca\/wp-json\/wp\/v2\/posts"}],"about":[{"href":"https:\/\/lamostradevalencia.com\/ca\/wp-json\/wp\/v2\/types\/post"}],"author":[{"embeddable":true,"href":"https:\/\/lamostradevalencia.com\/ca\/wp-json\/wp\/v2\/users\/1"}],"replies":[{"embeddable":true,"href":"https:\/\/lamostradevalencia.com\/ca\/wp-json\/wp\/v2\/comments?post=22418"}],"version-history":[{"count":3,"href":"https:\/\/lamostradevalencia.com\/ca\/wp-json\/wp\/v2\/posts\/22418\/revisions"}],"predecessor-version":[{"id":22431,"href":"https:\/\/lamostradevalencia.com\/ca\/wp-json\/wp\/v2\/posts\/22418\/revisions\/22431"}],"wp:featuredmedia":[{"embeddable":true,"href":"https:\/\/lamostradevalencia.com\/ca\/wp-json\/wp\/v2\/media\/22419"}],"wp:attachment":[{"href":"https:\/\/lamostradevalencia.com\/ca\/wp-json\/wp\/v2\/media?parent=22418"}],"wp:term":[{"taxonomy":"category","embeddable":true,"href":"https:\/\/lamostradevalencia.com\/ca\/wp-json\/wp\/v2\/categories?post=22418"},{"taxonomy":"post_tag","embeddable":true,"href":"https:\/\/lamostradevalencia.com\/ca\/wp-json\/wp\/v2\/tags?post=22418"}],"curies":[{"name":"wp","href":"https:\/\/api.w.org\/{rel}","templated":true}]}}