{"id":22416,"date":"2023-10-25T12:46:29","date_gmt":"2023-10-25T10:46:29","guid":{"rendered":"https:\/\/lamostradevalencia.com\/?p=22416"},"modified":"2023-10-25T12:22:39","modified_gmt":"2023-10-25T10:22:39","slug":"toni-en-famille-una-comedia-sobre-la-cerca-didentitat-despres-de-la-maternitat","status":"publish","type":"post","link":"https:\/\/lamostradevalencia.com\/ca\/toni-en-famille-una-comedia-sobre-la-cerca-didentitat-despres-de-la-maternitat\/","title":{"rendered":"\u2018Toni, en famille\u2019, una com\u00e8dia sobre la cerca d&#8217;identitat despr\u00e9s de la maternitat"},"content":{"rendered":"<h5>Dirigida por Nathan Ambrosioni i protagonitzada per Camille Cottin, a pel\u00b7l\u00edcula arriba hui a la Secci\u00f3 Oficial<\/h5>\n<p><strong>Despr\u00e9s del seu pas per\u00a0Mostra de Val\u00e8ncia-Cinema del Mediterrani quan tenia 19 anys -va estrenar en el festival &#8216;Paper Flags&#8217; en 2018 i es va fer amb la Palmera de Bronze-<\/strong><span style=\"font-weight: 400;\">, el jove director Nathan Ambrosioni concorre de nou a la Secci\u00f3 Oficial per a presentar el seu nou llargmetratge, una com\u00e8dia en qu\u00e8 destaca la pres\u00e8ncia de la seua\u00a0<\/span><strong>principal protagonista, l\u2019actriu Camille Cottin \u00a0(&#8216;La casa Gucci&#8217;, &#8216;Cuesti\u00f3n de sangre&#8217;)<\/strong><span style=\"font-weight: 400;\">\u00a0que encarna a una mare soltera a c\u00e0rrec de cinc fills en edat adolescent.<\/span><br style=\"font-weight: 400;\" \/><br style=\"font-weight: 400;\" \/><span style=\"font-weight: 400;\">El director va tindre molt clar que Cottin seria l&#8217;actriu per a interpretar a esta mare de fam\u00edlia nombrosa que es planteja canviar de vida.\u00a0<\/span><strong>\u201cL&#8217;admire des que era adolescent. Ella forma part de la meua cinef\u00edlia. Des del principi vaig voler que interpretara a Toni. Tenia al cap la seua manera de parlar quan escrivia. Hi ha una cosa particular en el to de la seua veu, en la manera d&#8217;expressar-se&#8230; T\u00e9 eixe llanguiment tenyit d&#8217;autoritat i tendresa que jo necessitava\u201d<\/strong><span style=\"font-weight: 400;\">, assegura Ambrosioni a Mostra de Val\u00e8ncia.<\/span><br style=\"font-weight: 400;\" \/><br style=\"font-weight: 400;\" \/><span style=\"font-weight: 400;\">Antiga cantant d&#8217;\u00e8xit en un altre temps, ara oblidada, Toni canta en bars a les nits per a alimentar als seus fills, per\u00f2 este mai va ser el seu somni, i als seus 43 anys aborda la cerca de la identitat post-maternal.<\/span><strong>\u00a0\u201cVolia investigar la mitjana edat en les dones. Eixe moment tan especial en qu\u00e8 es q\u00fcestiona tot\u201d, assenyala el director.<\/strong><span style=\"font-weight: 400;\">\u00a0\u201cLa condici\u00f3 de mare soltera i mestressa de casa marca la seua condici\u00f3 social i imaginem que Toni deu devoci\u00f3 absoluta als seus fills, que tot ho construix en funci\u00f3 d&#8217;ells, per\u00f2 la protagonista va en contra d&#8217;eixa imatge i imagina les coses d&#8217;una altra manera\u201d<\/span><strong>.<\/strong><span style=\"font-weight: 400;\">\u00a0Alguna cosa que la convertix, segons el realitzador, en una \u201chero\u00efna\u201d del m\u00f3n real.\u00a0<\/span><strong>\u201cS&#8217;adona que ser mare \u00e9s fabul\u00f3s, per\u00f2 que \u00e9s una condici\u00f3 marcada per a l&#8217;obsolesc\u00e8ncia programada, que tot canviar\u00e0 el dia en qu\u00e8 el seu \u00faltim fill es vaja de casa\u201d.<\/strong><span style=\"font-weight: 400;\">\u00a0La protagonista ha d&#8217;abordar un nou rumb i mode de vida \u201cper\u00f2 s&#8217;adona que la societat, el m\u00f3n exterior, no l&#8217;encoratjar\u00e0 en el cam\u00ed que trie a causa de la seua edat. El que fa que el seu autoq\u00fcestionament siga encara m\u00e9s inc\u00f2mode\u201d.<\/span><br style=\"font-weight: 400;\" \/><br style=\"font-weight: 400;\" \/><span style=\"font-weight: 400;\">Ambrosioni mostra una fam\u00edlia amb cinc fills, tots molt diferents:<\/span><span style=\"font-weight: 400;\">\u00a0<\/span><strong>\u201cVolia transmetre la diversitat de car\u00e0cters. S&#8217;assemblen molt als estudiants de Secund\u00e0ria i Batxillerat amb els quals solia eixir.<\/strong><span style=\"font-weight: 400;\">\u00a0Tenen desitjos complexos i esperances diverses, una font addicional d&#8217;ansietat per a Toni, perqu\u00e8 s&#8217;enfronta a temperaments forts, la qual cosa no \u00e9s f\u00e0cil quan encara est\u00e0 intentant trobar-se a si mateixa\u201d.<\/span><br style=\"font-weight: 400;\" \/><br style=\"font-weight: 400;\" \/><span style=\"font-weight: 400;\">Els joves actors, explica el director, es van apropiar de les personalitats dels seus respectius personatges amb una facilitat desconcertant.<\/span><span style=\"font-weight: 400;\">\u00a0<\/span><strong>\u201cL&#8217;adolesc\u00e8ncia \u00e9s un terreny fabul\u00f3s per al cinema, un regne de somnis i desitjos.<\/strong><span style=\"font-weight: 400;\">\u00a0Volia retratar-la amb precisi\u00f3, i per aix\u00f2 no hi ha improvisaci\u00f3 per part dels actors. Vaig insistir que es respectaren els di\u00e0legs\u201d.<\/span><br style=\"font-weight: 400;\" \/><br style=\"font-weight: 400;\" \/><span style=\"font-weight: 400;\">En la pel\u00b7l\u00edcula, Ambrosioni no embarca a la\u00a0protagonista en cap aventura amorosa com se sol esperar en\u00a0esta mena de com\u00e8dies:\u00a0<\/span><span style=\"font-weight: 400;\">\u201c<\/span><strong>Toni evoluciona independentment de qualsevol pres\u00e8ncia masculina. Volia que no buscara l&#8217;aprovaci\u00f3 masculina per als seus actes en una societat patriarcal com la nostra. Volia representar a un personatge que vol ser lliure sense necessitat de tindre cap relaci\u00f3\u201d<\/strong><span style=\"font-weight: 400;\">.<\/span><br style=\"font-weight: 400;\" \/><br style=\"font-weight: 400;\" \/><span style=\"font-weight: 400;\">La 38a edici\u00f3 de Mostra de Val\u00e8ncia-Cinema del Mediterrani est\u00e0 organitzada per l&#8217;Ajuntament de Val\u00e8ncia i compta amb la col\u00b7laboraci\u00f3 de l\u2019Institut Valenci\u00e0 de Cultura (IVC), el Palau de la M\u00fasica, Barreira Arte + Dise\u00f1o i \u00c0 Punt M\u00e8dia com a mitj\u00e0 oficial.<\/span><\/p>\n<p>&nbsp;<\/p>\n","protected":false},"excerpt":{"rendered":"<p>Dirigida por Nathan Ambrosioni i protagonitzada per Camille Cottin, a pel\u00b7l\u00edcula arriba hui a la Secci\u00f3 Oficial Despr\u00e9s del seu pas per\u00a0Mostra de Val\u00e8ncia-Cinema del [&hellip;]<\/p>\n","protected":false},"author":1,"featured_media":22411,"comment_status":"open","ping_status":"open","sticky":false,"template":"","format":"standard","meta":{"_uag_custom_page_level_css":"","_jet_sm_ready_style":"","_jet_sm_style":"","_jet_sm_controls_values":"","_jet_sm_fonts_collection":"","_jet_sm_fonts_links":"","footnotes":""},"categories":[455],"tags":[],"class_list":["post-22416","post","type-post","status-publish","format-standard","has-post-thumbnail","hentry","category-noticies"],"yoast_head":"<!-- This site is optimized with the Yoast SEO plugin v27.5 - https:\/\/yoast.com\/product\/yoast-seo-wordpress\/ -->\n<title>\u2018Toni, en famille\u2019, una com\u00e8dia sobre la cerca d&#039;identitat despr\u00e9s de la maternitat - Mostra de Val\u00e8ncia<\/title>\n<meta name=\"robots\" content=\"index, follow, max-snippet:-1, max-image-preview:large, max-video-preview:-1\" \/>\n<link rel=\"canonical\" href=\"https:\/\/lamostradevalencia.com\/ca\/toni-en-famille-una-comedia-sobre-la-cerca-didentitat-despres-de-la-maternitat\/\" \/>\n<meta property=\"og:locale\" content=\"ca_ES\" \/>\n<meta property=\"og:type\" content=\"article\" \/>\n<meta property=\"og:title\" content=\"\u2018Toni, en famille\u2019, una com\u00e8dia sobre la cerca d&#039;identitat despr\u00e9s de la maternitat - Mostra de Val\u00e8ncia\" \/>\n<meta property=\"og:description\" content=\"Dirigida por Nathan Ambrosioni i protagonitzada per Camille Cottin, a pel\u00b7l\u00edcula arriba hui a la Secci\u00f3 Oficial Despr\u00e9s del seu pas per\u00a0Mostra de Val\u00e8ncia-Cinema del [&hellip;]\" \/>\n<meta property=\"og:url\" content=\"https:\/\/lamostradevalencia.com\/ca\/toni-en-famille-una-comedia-sobre-la-cerca-didentitat-despres-de-la-maternitat\/\" \/>\n<meta property=\"og:site_name\" content=\"Mostra de Val\u00e8ncia\" \/>\n<meta property=\"article:published_time\" content=\"2023-10-25T10:46:29+00:00\" \/>\n<meta property=\"og:image\" content=\"https:\/\/lamostradevalencia.com\/wp-content\/uploads\/2023\/10\/toni-en-famille-festi.jpg\" \/>\n\t<meta property=\"og:image:width\" content=\"1263\" \/>\n\t<meta property=\"og:image:height\" content=\"867\" \/>\n\t<meta property=\"og:image:type\" content=\"image\/jpeg\" \/>\n<meta name=\"author\" content=\"Mostra de Val\u00e8ncia\" \/>\n<meta name=\"twitter:card\" content=\"summary_large_image\" \/>\n<meta name=\"twitter:label1\" content=\"Escrit per\" \/>\n\t<meta name=\"twitter:data1\" content=\"Mostra de Val\u00e8ncia\" \/>\n\t<meta name=\"twitter:label2\" content=\"Temps estimat de lectura\" \/>\n\t<meta name=\"twitter:data2\" content=\"3 minuts\" \/>\n<script type=\"application\/ld+json\" class=\"yoast-schema-graph\">{\"@context\":\"https:\\\/\\\/schema.org\",\"@graph\":[{\"@type\":\"Article\",\"@id\":\"https:\\\/\\\/lamostradevalencia.com\\\/ca\\\/toni-en-famille-una-comedia-sobre-la-cerca-didentitat-despres-de-la-maternitat\\\/#article\",\"isPartOf\":{\"@id\":\"https:\\\/\\\/lamostradevalencia.com\\\/ca\\\/toni-en-famille-una-comedia-sobre-la-cerca-didentitat-despres-de-la-maternitat\\\/\"},\"author\":{\"name\":\"Mostra de Val\u00e8ncia\",\"@id\":\"https:\\\/\\\/lamostradevalencia.com\\\/ca\\\/#\\\/schema\\\/person\\\/1dc07e4df3d6310b81d2cdf6a034070c\"},\"headline\":\"\u2018Toni, en famille\u2019, una com\u00e8dia sobre la cerca d&#8217;identitat despr\u00e9s de la maternitat\",\"datePublished\":\"2023-10-25T10:46:29+00:00\",\"mainEntityOfPage\":{\"@id\":\"https:\\\/\\\/lamostradevalencia.com\\\/ca\\\/toni-en-famille-una-comedia-sobre-la-cerca-didentitat-despres-de-la-maternitat\\\/\"},\"wordCount\":678,\"commentCount\":0,\"image\":{\"@id\":\"https:\\\/\\\/lamostradevalencia.com\\\/ca\\\/toni-en-famille-una-comedia-sobre-la-cerca-didentitat-despres-de-la-maternitat\\\/#primaryimage\"},\"thumbnailUrl\":\"https:\\\/\\\/lamostradevalencia.com\\\/wp-content\\\/uploads\\\/2023\\\/10\\\/toni-en-famille-festi.jpg\",\"articleSection\":[\"Noticies\"],\"inLanguage\":\"ca\",\"potentialAction\":[{\"@type\":\"CommentAction\",\"name\":\"Comment\",\"target\":[\"https:\\\/\\\/lamostradevalencia.com\\\/ca\\\/toni-en-famille-una-comedia-sobre-la-cerca-didentitat-despres-de-la-maternitat\\\/#respond\"]}]},{\"@type\":\"WebPage\",\"@id\":\"https:\\\/\\\/lamostradevalencia.com\\\/ca\\\/toni-en-famille-una-comedia-sobre-la-cerca-didentitat-despres-de-la-maternitat\\\/\",\"url\":\"https:\\\/\\\/lamostradevalencia.com\\\/ca\\\/toni-en-famille-una-comedia-sobre-la-cerca-didentitat-despres-de-la-maternitat\\\/\",\"name\":\"\u2018Toni, en famille\u2019, una com\u00e8dia sobre la cerca d'identitat despr\u00e9s de la maternitat - Mostra de Val\u00e8ncia\",\"isPartOf\":{\"@id\":\"https:\\\/\\\/lamostradevalencia.com\\\/ca\\\/#website\"},\"primaryImageOfPage\":{\"@id\":\"https:\\\/\\\/lamostradevalencia.com\\\/ca\\\/toni-en-famille-una-comedia-sobre-la-cerca-didentitat-despres-de-la-maternitat\\\/#primaryimage\"},\"image\":{\"@id\":\"https:\\\/\\\/lamostradevalencia.com\\\/ca\\\/toni-en-famille-una-comedia-sobre-la-cerca-didentitat-despres-de-la-maternitat\\\/#primaryimage\"},\"thumbnailUrl\":\"https:\\\/\\\/lamostradevalencia.com\\\/wp-content\\\/uploads\\\/2023\\\/10\\\/toni-en-famille-festi.jpg\",\"datePublished\":\"2023-10-25T10:46:29+00:00\",\"author\":{\"@id\":\"https:\\\/\\\/lamostradevalencia.com\\\/ca\\\/#\\\/schema\\\/person\\\/1dc07e4df3d6310b81d2cdf6a034070c\"},\"breadcrumb\":{\"@id\":\"https:\\\/\\\/lamostradevalencia.com\\\/ca\\\/toni-en-famille-una-comedia-sobre-la-cerca-didentitat-despres-de-la-maternitat\\\/#breadcrumb\"},\"inLanguage\":\"ca\",\"potentialAction\":[{\"@type\":\"ReadAction\",\"target\":[\"https:\\\/\\\/lamostradevalencia.com\\\/ca\\\/toni-en-famille-una-comedia-sobre-la-cerca-didentitat-despres-de-la-maternitat\\\/\"]}]},{\"@type\":\"ImageObject\",\"inLanguage\":\"ca\",\"@id\":\"https:\\\/\\\/lamostradevalencia.com\\\/ca\\\/toni-en-famille-una-comedia-sobre-la-cerca-didentitat-despres-de-la-maternitat\\\/#primaryimage\",\"url\":\"https:\\\/\\\/lamostradevalencia.com\\\/wp-content\\\/uploads\\\/2023\\\/10\\\/toni-en-famille-festi.jpg\",\"contentUrl\":\"https:\\\/\\\/lamostradevalencia.com\\\/wp-content\\\/uploads\\\/2023\\\/10\\\/toni-en-famille-festi.jpg\",\"width\":1263,\"height\":867},{\"@type\":\"BreadcrumbList\",\"@id\":\"https:\\\/\\\/lamostradevalencia.com\\\/ca\\\/toni-en-famille-una-comedia-sobre-la-cerca-didentitat-despres-de-la-maternitat\\\/#breadcrumb\",\"itemListElement\":[{\"@type\":\"ListItem\",\"position\":1,\"name\":\"Portada\",\"item\":\"https:\\\/\\\/lamostradevalencia.com\\\/ca\\\/\"},{\"@type\":\"ListItem\",\"position\":2,\"name\":\"\u2018Toni, en famille\u2019, una com\u00e8dia sobre la cerca d&#8217;identitat despr\u00e9s de la maternitat\"}]},{\"@type\":\"WebSite\",\"@id\":\"https:\\\/\\\/lamostradevalencia.com\\\/ca\\\/#website\",\"url\":\"https:\\\/\\\/lamostradevalencia.com\\\/ca\\\/\",\"name\":\"Mostra de Val\u00e8ncia\",\"description\":\"Cinema del Mediterrani\",\"potentialAction\":[{\"@type\":\"SearchAction\",\"target\":{\"@type\":\"EntryPoint\",\"urlTemplate\":\"https:\\\/\\\/lamostradevalencia.com\\\/ca\\\/?s={search_term_string}\"},\"query-input\":{\"@type\":\"PropertyValueSpecification\",\"valueRequired\":true,\"valueName\":\"search_term_string\"}}],\"inLanguage\":\"ca\"},{\"@type\":\"Person\",\"@id\":\"https:\\\/\\\/lamostradevalencia.com\\\/ca\\\/#\\\/schema\\\/person\\\/1dc07e4df3d6310b81d2cdf6a034070c\",\"name\":\"Mostra de Val\u00e8ncia\",\"image\":{\"@type\":\"ImageObject\",\"inLanguage\":\"ca\",\"@id\":\"https:\\\/\\\/secure.gravatar.com\\\/avatar\\\/ada4dfd699a9907706987adb1bb2b361c2613ccca474b49b8c648de5208e32f8?s=96&d=mm&r=g\",\"url\":\"https:\\\/\\\/secure.gravatar.com\\\/avatar\\\/ada4dfd699a9907706987adb1bb2b361c2613ccca474b49b8c648de5208e32f8?s=96&d=mm&r=g\",\"contentUrl\":\"https:\\\/\\\/secure.gravatar.com\\\/avatar\\\/ada4dfd699a9907706987adb1bb2b361c2613ccca474b49b8c648de5208e32f8?s=96&d=mm&r=g\",\"caption\":\"Mostra de Val\u00e8ncia\"}}]}<\/script>\n<!-- \/ Yoast SEO plugin. -->","yoast_head_json":{"title":"\u2018Toni, en famille\u2019, una com\u00e8dia sobre la cerca d'identitat despr\u00e9s de la maternitat - Mostra de Val\u00e8ncia","robots":{"index":"index","follow":"follow","max-snippet":"max-snippet:-1","max-image-preview":"max-image-preview:large","max-video-preview":"max-video-preview:-1"},"canonical":"https:\/\/lamostradevalencia.com\/ca\/toni-en-famille-una-comedia-sobre-la-cerca-didentitat-despres-de-la-maternitat\/","og_locale":"ca_ES","og_type":"article","og_title":"\u2018Toni, en famille\u2019, una com\u00e8dia sobre la cerca d'identitat despr\u00e9s de la maternitat - Mostra de Val\u00e8ncia","og_description":"Dirigida por Nathan Ambrosioni i protagonitzada per Camille Cottin, a pel\u00b7l\u00edcula arriba hui a la Secci\u00f3 Oficial Despr\u00e9s del seu pas per\u00a0Mostra de Val\u00e8ncia-Cinema del [&hellip;]","og_url":"https:\/\/lamostradevalencia.com\/ca\/toni-en-famille-una-comedia-sobre-la-cerca-didentitat-despres-de-la-maternitat\/","og_site_name":"Mostra de Val\u00e8ncia","article_published_time":"2023-10-25T10:46:29+00:00","og_image":[{"width":1263,"height":867,"url":"https:\/\/lamostradevalencia.com\/wp-content\/uploads\/2023\/10\/toni-en-famille-festi.jpg","type":"image\/jpeg"}],"author":"Mostra de Val\u00e8ncia","twitter_card":"summary_large_image","twitter_misc":{"Escrit per":"Mostra de Val\u00e8ncia","Temps estimat de lectura":"3 minuts"},"schema":{"@context":"https:\/\/schema.org","@graph":[{"@type":"Article","@id":"https:\/\/lamostradevalencia.com\/ca\/toni-en-famille-una-comedia-sobre-la-cerca-didentitat-despres-de-la-maternitat\/#article","isPartOf":{"@id":"https:\/\/lamostradevalencia.com\/ca\/toni-en-famille-una-comedia-sobre-la-cerca-didentitat-despres-de-la-maternitat\/"},"author":{"name":"Mostra de Val\u00e8ncia","@id":"https:\/\/lamostradevalencia.com\/ca\/#\/schema\/person\/1dc07e4df3d6310b81d2cdf6a034070c"},"headline":"\u2018Toni, en famille\u2019, una com\u00e8dia sobre la cerca d&#8217;identitat despr\u00e9s de la maternitat","datePublished":"2023-10-25T10:46:29+00:00","mainEntityOfPage":{"@id":"https:\/\/lamostradevalencia.com\/ca\/toni-en-famille-una-comedia-sobre-la-cerca-didentitat-despres-de-la-maternitat\/"},"wordCount":678,"commentCount":0,"image":{"@id":"https:\/\/lamostradevalencia.com\/ca\/toni-en-famille-una-comedia-sobre-la-cerca-didentitat-despres-de-la-maternitat\/#primaryimage"},"thumbnailUrl":"https:\/\/lamostradevalencia.com\/wp-content\/uploads\/2023\/10\/toni-en-famille-festi.jpg","articleSection":["Noticies"],"inLanguage":"ca","potentialAction":[{"@type":"CommentAction","name":"Comment","target":["https:\/\/lamostradevalencia.com\/ca\/toni-en-famille-una-comedia-sobre-la-cerca-didentitat-despres-de-la-maternitat\/#respond"]}]},{"@type":"WebPage","@id":"https:\/\/lamostradevalencia.com\/ca\/toni-en-famille-una-comedia-sobre-la-cerca-didentitat-despres-de-la-maternitat\/","url":"https:\/\/lamostradevalencia.com\/ca\/toni-en-famille-una-comedia-sobre-la-cerca-didentitat-despres-de-la-maternitat\/","name":"\u2018Toni, en famille\u2019, una com\u00e8dia sobre la cerca d'identitat despr\u00e9s de la maternitat - Mostra de Val\u00e8ncia","isPartOf":{"@id":"https:\/\/lamostradevalencia.com\/ca\/#website"},"primaryImageOfPage":{"@id":"https:\/\/lamostradevalencia.com\/ca\/toni-en-famille-una-comedia-sobre-la-cerca-didentitat-despres-de-la-maternitat\/#primaryimage"},"image":{"@id":"https:\/\/lamostradevalencia.com\/ca\/toni-en-famille-una-comedia-sobre-la-cerca-didentitat-despres-de-la-maternitat\/#primaryimage"},"thumbnailUrl":"https:\/\/lamostradevalencia.com\/wp-content\/uploads\/2023\/10\/toni-en-famille-festi.jpg","datePublished":"2023-10-25T10:46:29+00:00","author":{"@id":"https:\/\/lamostradevalencia.com\/ca\/#\/schema\/person\/1dc07e4df3d6310b81d2cdf6a034070c"},"breadcrumb":{"@id":"https:\/\/lamostradevalencia.com\/ca\/toni-en-famille-una-comedia-sobre-la-cerca-didentitat-despres-de-la-maternitat\/#breadcrumb"},"inLanguage":"ca","potentialAction":[{"@type":"ReadAction","target":["https:\/\/lamostradevalencia.com\/ca\/toni-en-famille-una-comedia-sobre-la-cerca-didentitat-despres-de-la-maternitat\/"]}]},{"@type":"ImageObject","inLanguage":"ca","@id":"https:\/\/lamostradevalencia.com\/ca\/toni-en-famille-una-comedia-sobre-la-cerca-didentitat-despres-de-la-maternitat\/#primaryimage","url":"https:\/\/lamostradevalencia.com\/wp-content\/uploads\/2023\/10\/toni-en-famille-festi.jpg","contentUrl":"https:\/\/lamostradevalencia.com\/wp-content\/uploads\/2023\/10\/toni-en-famille-festi.jpg","width":1263,"height":867},{"@type":"BreadcrumbList","@id":"https:\/\/lamostradevalencia.com\/ca\/toni-en-famille-una-comedia-sobre-la-cerca-didentitat-despres-de-la-maternitat\/#breadcrumb","itemListElement":[{"@type":"ListItem","position":1,"name":"Portada","item":"https:\/\/lamostradevalencia.com\/ca\/"},{"@type":"ListItem","position":2,"name":"\u2018Toni, en famille\u2019, una com\u00e8dia sobre la cerca d&#8217;identitat despr\u00e9s de la maternitat"}]},{"@type":"WebSite","@id":"https:\/\/lamostradevalencia.com\/ca\/#website","url":"https:\/\/lamostradevalencia.com\/ca\/","name":"Mostra de Val\u00e8ncia","description":"Cinema del Mediterrani","potentialAction":[{"@type":"SearchAction","target":{"@type":"EntryPoint","urlTemplate":"https:\/\/lamostradevalencia.com\/ca\/?s={search_term_string}"},"query-input":{"@type":"PropertyValueSpecification","valueRequired":true,"valueName":"search_term_string"}}],"inLanguage":"ca"},{"@type":"Person","@id":"https:\/\/lamostradevalencia.com\/ca\/#\/schema\/person\/1dc07e4df3d6310b81d2cdf6a034070c","name":"Mostra de Val\u00e8ncia","image":{"@type":"ImageObject","inLanguage":"ca","@id":"https:\/\/secure.gravatar.com\/avatar\/ada4dfd699a9907706987adb1bb2b361c2613ccca474b49b8c648de5208e32f8?s=96&d=mm&r=g","url":"https:\/\/secure.gravatar.com\/avatar\/ada4dfd699a9907706987adb1bb2b361c2613ccca474b49b8c648de5208e32f8?s=96&d=mm&r=g","contentUrl":"https:\/\/secure.gravatar.com\/avatar\/ada4dfd699a9907706987adb1bb2b361c2613ccca474b49b8c648de5208e32f8?s=96&d=mm&r=g","caption":"Mostra de Val\u00e8ncia"}}]}},"uagb_featured_image_src":{"full":["https:\/\/lamostradevalencia.com\/wp-content\/uploads\/2023\/10\/toni-en-famille-festi.jpg",1263,867,false],"thumbnail":["https:\/\/lamostradevalencia.com\/wp-content\/uploads\/2023\/10\/toni-en-famille-festi-150x150.jpg",150,150,true],"medium":["https:\/\/lamostradevalencia.com\/wp-content\/uploads\/2023\/10\/toni-en-famille-festi-300x206.jpg",300,206,true],"medium_large":["https:\/\/lamostradevalencia.com\/wp-content\/uploads\/2023\/10\/toni-en-famille-festi-768x527.jpg",768,527,true],"large":["https:\/\/lamostradevalencia.com\/wp-content\/uploads\/2023\/10\/toni-en-famille-festi-1024x703.jpg",1024,703,true],"1536x1536":["https:\/\/lamostradevalencia.com\/wp-content\/uploads\/2023\/10\/toni-en-famille-festi.jpg",1263,867,false],"2048x2048":["https:\/\/lamostradevalencia.com\/wp-content\/uploads\/2023\/10\/toni-en-famille-festi.jpg",1263,867,false],"cinerama_edge_image_square":["https:\/\/lamostradevalencia.com\/wp-content\/uploads\/2023\/10\/toni-en-famille-festi-550x550.jpg",550,550,true],"cinerama_edge_image_landscape":["https:\/\/lamostradevalencia.com\/wp-content\/uploads\/2023\/10\/toni-en-famille-festi-1100x550.jpg",1100,550,true],"cinerama_edge_image_portrait":["https:\/\/lamostradevalencia.com\/wp-content\/uploads\/2023\/10\/toni-en-famille-festi-550x867.jpg",550,867,true],"cinerama_edge_image_huge":["https:\/\/lamostradevalencia.com\/wp-content\/uploads\/2023\/10\/toni-en-famille-festi-1100x867.jpg",1100,867,true],"gform-image-choice-sm":["https:\/\/lamostradevalencia.com\/wp-content\/uploads\/2023\/10\/toni-en-famille-festi.jpg",300,206,false],"gform-image-choice-md":["https:\/\/lamostradevalencia.com\/wp-content\/uploads\/2023\/10\/toni-en-famille-festi.jpg",400,275,false],"gform-image-choice-lg":["https:\/\/lamostradevalencia.com\/wp-content\/uploads\/2023\/10\/toni-en-famille-festi.jpg",600,412,false]},"uagb_author_info":{"display_name":"Mostra de Val\u00e8ncia","author_link":"https:\/\/lamostradevalencia.com\/ca\/author\/mostravalencia\/"},"uagb_comment_info":0,"uagb_excerpt":"Dirigida por Nathan Ambrosioni i protagonitzada per Camille Cottin, a pel\u00b7l\u00edcula arriba hui a la Secci\u00f3 Oficial Despr\u00e9s del seu pas per\u00a0Mostra de Val\u00e8ncia-Cinema del [&hellip;]","_links":{"self":[{"href":"https:\/\/lamostradevalencia.com\/ca\/wp-json\/wp\/v2\/posts\/22416","targetHints":{"allow":["GET"]}}],"collection":[{"href":"https:\/\/lamostradevalencia.com\/ca\/wp-json\/wp\/v2\/posts"}],"about":[{"href":"https:\/\/lamostradevalencia.com\/ca\/wp-json\/wp\/v2\/types\/post"}],"author":[{"embeddable":true,"href":"https:\/\/lamostradevalencia.com\/ca\/wp-json\/wp\/v2\/users\/1"}],"replies":[{"embeddable":true,"href":"https:\/\/lamostradevalencia.com\/ca\/wp-json\/wp\/v2\/comments?post=22416"}],"version-history":[{"count":1,"href":"https:\/\/lamostradevalencia.com\/ca\/wp-json\/wp\/v2\/posts\/22416\/revisions"}],"predecessor-version":[{"id":22417,"href":"https:\/\/lamostradevalencia.com\/ca\/wp-json\/wp\/v2\/posts\/22416\/revisions\/22417"}],"wp:featuredmedia":[{"embeddable":true,"href":"https:\/\/lamostradevalencia.com\/ca\/wp-json\/wp\/v2\/media\/22411"}],"wp:attachment":[{"href":"https:\/\/lamostradevalencia.com\/ca\/wp-json\/wp\/v2\/media?parent=22416"}],"wp:term":[{"taxonomy":"category","embeddable":true,"href":"https:\/\/lamostradevalencia.com\/ca\/wp-json\/wp\/v2\/categories?post=22416"},{"taxonomy":"post_tag","embeddable":true,"href":"https:\/\/lamostradevalencia.com\/ca\/wp-json\/wp\/v2\/tags?post=22416"}],"curies":[{"name":"wp","href":"https:\/\/api.w.org\/{rel}","templated":true}]}}