{"id":22405,"date":"2023-10-24T19:21:26","date_gmt":"2023-10-24T17:21:26","guid":{"rendered":"https:\/\/lamostradevalencia.com\/?p=22405"},"modified":"2023-10-24T19:21:26","modified_gmt":"2023-10-24T17:21:26","slug":"es-mes-facil-que-un-actor-plore-que-arrancar-li-un-somriure-vertader","status":"publish","type":"post","link":"https:\/\/lamostradevalencia.com\/ca\/es-mes-facil-que-un-actor-plore-que-arrancar-li-un-somriure-vertader\/","title":{"rendered":"&#8220;\u00c9s m\u00e9s f\u00e0cil que un actor plore que arrancar-li un somriure vertader&#8221;"},"content":{"rendered":"<h5>La portuguesa Susana Nobre competix amb \u2018Cidade Rabat\u2019, un llargmetratge sobre el duel que escapa de convencionalismes formals<\/h5>\n<p><strong>\u00c9s la primera ocasi\u00f3 que la directora portuguesa Susana Nobre filma un gui\u00f3 argumental.<\/strong> Es tracta de \u2018Cidade Rabat\u2019, que ha concorregut hui a la Secci\u00f3 Oficial de Mostra de Val\u00e8ncia-Cinema del Mediterrani. Una pel\u00b7l\u00edcula sobre com travessar i superar el duel des d&#8217;una mirada c\u00f2mica i melanc\u00f2lica.<\/p>\n<p>La realitzadora explora en el seu llargmetratge el proc\u00e9s de duel i cerca existencial a trav\u00e9s de la hist\u00f2ria d&#8217;una dona de quaranta anys, Helena, que acaba de perdre sobtadament a la seua mare. Una relat amb tints autobiogr\u00e0fics, ha explicat la directora, en qu\u00e8 la mort de la seua mare es va imposar com a esdeveniment central i la descripci\u00f3 de la qual va seguir en tots els seus detalls i rituals: \u201cA partir d&#8217;ac\u00ed vaig combinar dos intencions de projectes de curtmetratges que ja tenia: fer una pel\u00b7l\u00edcula sobre l&#8217;edifici de la meua inf\u00e0ncia i una altra sobre el Club Esportiu on vaig fer treball comunitari\u201d. Amb les gravacions de v\u00eddeo sobre estos projectes va desenvolupar les imatges finals per al seu film com una esp\u00e8cie d&#8217;esbossos videogr\u00e0fics. \u201cAmb esta experi\u00e8ncia vaig escriure el gui\u00f3 sense pensar molt en les intencions i significats que resultarien. Vaig pensar m\u00e9s en la pel\u00b7l\u00edcula com un viatge en la vida d&#8217;una dona\u201d.<\/p>\n<p>L&#8217;estil de la pel\u00b7l\u00edcula s&#8217;allunya dels convencionalismes formals propis d&#8217;esta mena de relats i la mort de la mare no apareix com una simple nota argumental: \u201cLa pel\u00b7l\u00edcula seguix tot el ritual fins a la tomba en el cementeri. Este recorregut, absolutament banal i hum\u00e0, \u00e9s molt rar de veure al cine. Un poc com en les pel\u00b7l\u00edcules de Flaherty en les qu\u00e8 ens quedem mirant els rituals d&#8217;una comunitat. Hi ha una certa seguretat en el desenvolupament de les accions, per\u00f2 al mateix temps existix una tensi\u00f3 que prov\u00e9 de la por al fet que alguna cosa esclate i desestabilitze aix\u00f2 que ja coneixem&#8230;\u201d.<\/p>\n<p>La protagonista d&#8217;esta hist\u00f2ria, Helena, interpretat per Raquel Castro, experimenta una agitaci\u00f3 interna que la directora va aconseguir plasmar en ella fent que no se sentira \u201cc\u00f2moda i segura\u201d en el seu paper:<strong> \u201cTamb\u00e9 \u00e9s la primera vegada que treballava amb una actriu professional, la meua principal obstinaci\u00f3 va ser que, com fa Kaurism\u00e4ki, no somrigueren davant la c\u00e0mera. \u00c9s m\u00e9s f\u00e0cil que un actor plore desesperadament que arrancar-li un somriure vertader\u201d,<\/strong> va assegurar en la roda de premsa.<\/p>\n<p>Al costat del retrat an\u00edmic i existencial d&#8217;Helena, la pel\u00b7l\u00edcula plasma tamb\u00e9 com la burocr\u00e0cia pot eclipsar el duel: \u201cLa protagonista viu enterrada en la burocr\u00e0cia i en una vida quotidiana en qu\u00e8 \u00e9s m\u00e9s una empleada que una persona viva. L&#8217;experi\u00e8ncia de la mort de la seua mare tamb\u00e9 forma part d&#8217;esta mateixa cadena en la qual ella ja est\u00e0 inscrita com si fora un esdeveniment m\u00e9s amb el qu\u00e8 ha de bregar. Per aix\u00f2 tria fer treballs comunitaris despr\u00e9s de ser capturada per la policia. Necessita fer alguna cosa que fuita a la cadena de producci\u00f3 laboral, alguna cosa sense conseq\u00fc\u00e8ncies, nom\u00e9s per a ella\u201d. Moments quotidians que es tornen significatius en la vida de la seua protagonista, qui \u201cinvestida per sentiments contradictoris, entre la tristesa i euf\u00f2ria, apareix en els llocs m\u00e9s estranys per a ella, com a festes i balls, envoltada per l&#8217;amabilitat dels estranys&#8221;.<\/p>\n<p>La 38a edici\u00f3 de Mostra de Val\u00e8ncia-Cinema del Mediterrani est\u00e0 organitzada per l&#8217;Ajuntament de Val\u00e8ncia i compta amb la col\u00b7laboraci\u00f3 de l\u2019Institut Valenci\u00e0 de Cultura (IVC), el Palau de la M\u00fasica, Barreira Arte + Dise\u00f1o i \u00c0 Punt M\u00e8dia com a mitj\u00e0 oficial.<\/p>\n","protected":false},"excerpt":{"rendered":"<p>La portuguesa Susana Nobre competix amb \u2018Cidade Rabat\u2019, un llargmetratge sobre el duel que escapa de convencionalismes formals \u00c9s la primera ocasi\u00f3 que la directora [&hellip;]<\/p>\n","protected":false},"author":3,"featured_media":0,"comment_status":"open","ping_status":"open","sticky":false,"template":"","format":"standard","meta":{"_uag_custom_page_level_css":"","_jet_sm_ready_style":"","_jet_sm_style":"","_jet_sm_controls_values":"","_jet_sm_fonts_collection":"","_jet_sm_fonts_links":"","footnotes":""},"categories":[31],"tags":[],"class_list":["post-22405","post","type-post","status-publish","format-standard","hentry","category-uncategorized-ca"],"yoast_head":"<!-- This site is optimized with the Yoast SEO plugin v27.5 - https:\/\/yoast.com\/product\/yoast-seo-wordpress\/ -->\n<title>&quot;\u00c9s m\u00e9s f\u00e0cil que un actor plore que arrancar-li un somriure vertader&quot; - Mostra de Val\u00e8ncia<\/title>\n<meta name=\"robots\" content=\"index, follow, max-snippet:-1, max-image-preview:large, max-video-preview:-1\" \/>\n<link rel=\"canonical\" href=\"https:\/\/lamostradevalencia.com\/ca\/es-mes-facil-que-un-actor-plore-que-arrancar-li-un-somriure-vertader\/\" \/>\n<meta property=\"og:locale\" content=\"ca_ES\" \/>\n<meta property=\"og:type\" content=\"article\" \/>\n<meta property=\"og:title\" content=\"&quot;\u00c9s m\u00e9s f\u00e0cil que un actor plore que arrancar-li un somriure vertader&quot; - Mostra de Val\u00e8ncia\" \/>\n<meta property=\"og:description\" content=\"La portuguesa Susana Nobre competix amb \u2018Cidade Rabat\u2019, un llargmetratge sobre el duel que escapa de convencionalismes formals \u00c9s la primera ocasi\u00f3 que la directora [&hellip;]\" \/>\n<meta property=\"og:url\" content=\"https:\/\/lamostradevalencia.com\/ca\/es-mes-facil-que-un-actor-plore-que-arrancar-li-un-somriure-vertader\/\" \/>\n<meta property=\"og:site_name\" content=\"Mostra de Val\u00e8ncia\" \/>\n<meta property=\"article:published_time\" content=\"2023-10-24T17:21:26+00:00\" \/>\n<meta name=\"author\" content=\"contenidos\" \/>\n<meta name=\"twitter:card\" content=\"summary_large_image\" \/>\n<meta name=\"twitter:label1\" content=\"Escrit per\" \/>\n\t<meta name=\"twitter:data1\" content=\"contenidos\" \/>\n\t<meta name=\"twitter:label2\" content=\"Temps estimat de lectura\" \/>\n\t<meta name=\"twitter:data2\" content=\"3 minuts\" \/>\n<script type=\"application\/ld+json\" class=\"yoast-schema-graph\">{\"@context\":\"https:\\\/\\\/schema.org\",\"@graph\":[{\"@type\":\"Article\",\"@id\":\"https:\\\/\\\/lamostradevalencia.com\\\/ca\\\/es-mes-facil-que-un-actor-plore-que-arrancar-li-un-somriure-vertader\\\/#article\",\"isPartOf\":{\"@id\":\"https:\\\/\\\/lamostradevalencia.com\\\/ca\\\/es-mes-facil-que-un-actor-plore-que-arrancar-li-un-somriure-vertader\\\/\"},\"author\":{\"name\":\"contenidos\",\"@id\":\"https:\\\/\\\/lamostradevalencia.com\\\/ca\\\/#\\\/schema\\\/person\\\/361c3c0dd5489e78ad78ee4f8332efac\"},\"headline\":\"&#8220;\u00c9s m\u00e9s f\u00e0cil que un actor plore que arrancar-li un somriure vertader&#8221;\",\"datePublished\":\"2023-10-24T17:21:26+00:00\",\"mainEntityOfPage\":{\"@id\":\"https:\\\/\\\/lamostradevalencia.com\\\/ca\\\/es-mes-facil-que-un-actor-plore-que-arrancar-li-un-somriure-vertader\\\/\"},\"wordCount\":682,\"commentCount\":0,\"articleSection\":[\"Uncategorized @ca\"],\"inLanguage\":\"ca\",\"potentialAction\":[{\"@type\":\"CommentAction\",\"name\":\"Comment\",\"target\":[\"https:\\\/\\\/lamostradevalencia.com\\\/ca\\\/es-mes-facil-que-un-actor-plore-que-arrancar-li-un-somriure-vertader\\\/#respond\"]}]},{\"@type\":\"WebPage\",\"@id\":\"https:\\\/\\\/lamostradevalencia.com\\\/ca\\\/es-mes-facil-que-un-actor-plore-que-arrancar-li-un-somriure-vertader\\\/\",\"url\":\"https:\\\/\\\/lamostradevalencia.com\\\/ca\\\/es-mes-facil-que-un-actor-plore-que-arrancar-li-un-somriure-vertader\\\/\",\"name\":\"\\\"\u00c9s m\u00e9s f\u00e0cil que un actor plore que arrancar-li un somriure vertader\\\" - Mostra de Val\u00e8ncia\",\"isPartOf\":{\"@id\":\"https:\\\/\\\/lamostradevalencia.com\\\/ca\\\/#website\"},\"datePublished\":\"2023-10-24T17:21:26+00:00\",\"author\":{\"@id\":\"https:\\\/\\\/lamostradevalencia.com\\\/ca\\\/#\\\/schema\\\/person\\\/361c3c0dd5489e78ad78ee4f8332efac\"},\"breadcrumb\":{\"@id\":\"https:\\\/\\\/lamostradevalencia.com\\\/ca\\\/es-mes-facil-que-un-actor-plore-que-arrancar-li-un-somriure-vertader\\\/#breadcrumb\"},\"inLanguage\":\"ca\",\"potentialAction\":[{\"@type\":\"ReadAction\",\"target\":[\"https:\\\/\\\/lamostradevalencia.com\\\/ca\\\/es-mes-facil-que-un-actor-plore-que-arrancar-li-un-somriure-vertader\\\/\"]}]},{\"@type\":\"BreadcrumbList\",\"@id\":\"https:\\\/\\\/lamostradevalencia.com\\\/ca\\\/es-mes-facil-que-un-actor-plore-que-arrancar-li-un-somriure-vertader\\\/#breadcrumb\",\"itemListElement\":[{\"@type\":\"ListItem\",\"position\":1,\"name\":\"Portada\",\"item\":\"https:\\\/\\\/lamostradevalencia.com\\\/ca\\\/\"},{\"@type\":\"ListItem\",\"position\":2,\"name\":\"\u00ab\u00c9s m\u00e9s f\u00e0cil que un actor plore que arrancar-li un somriure vertader\u00bb\"}]},{\"@type\":\"WebSite\",\"@id\":\"https:\\\/\\\/lamostradevalencia.com\\\/ca\\\/#website\",\"url\":\"https:\\\/\\\/lamostradevalencia.com\\\/ca\\\/\",\"name\":\"Mostra de Val\u00e8ncia\",\"description\":\"Cinema del Mediterrani\",\"potentialAction\":[{\"@type\":\"SearchAction\",\"target\":{\"@type\":\"EntryPoint\",\"urlTemplate\":\"https:\\\/\\\/lamostradevalencia.com\\\/ca\\\/?s={search_term_string}\"},\"query-input\":{\"@type\":\"PropertyValueSpecification\",\"valueRequired\":true,\"valueName\":\"search_term_string\"}}],\"inLanguage\":\"ca\"},{\"@type\":\"Person\",\"@id\":\"https:\\\/\\\/lamostradevalencia.com\\\/ca\\\/#\\\/schema\\\/person\\\/361c3c0dd5489e78ad78ee4f8332efac\",\"name\":\"contenidos\",\"image\":{\"@type\":\"ImageObject\",\"inLanguage\":\"ca\",\"@id\":\"https:\\\/\\\/secure.gravatar.com\\\/avatar\\\/a87eddc188a32d5a0371ff92ef616b5006a91e389296d49d081f8d424eef134c?s=96&d=mm&r=g\",\"url\":\"https:\\\/\\\/secure.gravatar.com\\\/avatar\\\/a87eddc188a32d5a0371ff92ef616b5006a91e389296d49d081f8d424eef134c?s=96&d=mm&r=g\",\"contentUrl\":\"https:\\\/\\\/secure.gravatar.com\\\/avatar\\\/a87eddc188a32d5a0371ff92ef616b5006a91e389296d49d081f8d424eef134c?s=96&d=mm&r=g\",\"caption\":\"contenidos\"}}]}<\/script>\n<!-- \/ Yoast SEO plugin. -->","yoast_head_json":{"title":"\"\u00c9s m\u00e9s f\u00e0cil que un actor plore que arrancar-li un somriure vertader\" - Mostra de Val\u00e8ncia","robots":{"index":"index","follow":"follow","max-snippet":"max-snippet:-1","max-image-preview":"max-image-preview:large","max-video-preview":"max-video-preview:-1"},"canonical":"https:\/\/lamostradevalencia.com\/ca\/es-mes-facil-que-un-actor-plore-que-arrancar-li-un-somriure-vertader\/","og_locale":"ca_ES","og_type":"article","og_title":"\"\u00c9s m\u00e9s f\u00e0cil que un actor plore que arrancar-li un somriure vertader\" - Mostra de Val\u00e8ncia","og_description":"La portuguesa Susana Nobre competix amb \u2018Cidade Rabat\u2019, un llargmetratge sobre el duel que escapa de convencionalismes formals \u00c9s la primera ocasi\u00f3 que la directora [&hellip;]","og_url":"https:\/\/lamostradevalencia.com\/ca\/es-mes-facil-que-un-actor-plore-que-arrancar-li-un-somriure-vertader\/","og_site_name":"Mostra de Val\u00e8ncia","article_published_time":"2023-10-24T17:21:26+00:00","author":"contenidos","twitter_card":"summary_large_image","twitter_misc":{"Escrit per":"contenidos","Temps estimat de lectura":"3 minuts"},"schema":{"@context":"https:\/\/schema.org","@graph":[{"@type":"Article","@id":"https:\/\/lamostradevalencia.com\/ca\/es-mes-facil-que-un-actor-plore-que-arrancar-li-un-somriure-vertader\/#article","isPartOf":{"@id":"https:\/\/lamostradevalencia.com\/ca\/es-mes-facil-que-un-actor-plore-que-arrancar-li-un-somriure-vertader\/"},"author":{"name":"contenidos","@id":"https:\/\/lamostradevalencia.com\/ca\/#\/schema\/person\/361c3c0dd5489e78ad78ee4f8332efac"},"headline":"&#8220;\u00c9s m\u00e9s f\u00e0cil que un actor plore que arrancar-li un somriure vertader&#8221;","datePublished":"2023-10-24T17:21:26+00:00","mainEntityOfPage":{"@id":"https:\/\/lamostradevalencia.com\/ca\/es-mes-facil-que-un-actor-plore-que-arrancar-li-un-somriure-vertader\/"},"wordCount":682,"commentCount":0,"articleSection":["Uncategorized @ca"],"inLanguage":"ca","potentialAction":[{"@type":"CommentAction","name":"Comment","target":["https:\/\/lamostradevalencia.com\/ca\/es-mes-facil-que-un-actor-plore-que-arrancar-li-un-somriure-vertader\/#respond"]}]},{"@type":"WebPage","@id":"https:\/\/lamostradevalencia.com\/ca\/es-mes-facil-que-un-actor-plore-que-arrancar-li-un-somriure-vertader\/","url":"https:\/\/lamostradevalencia.com\/ca\/es-mes-facil-que-un-actor-plore-que-arrancar-li-un-somriure-vertader\/","name":"\"\u00c9s m\u00e9s f\u00e0cil que un actor plore que arrancar-li un somriure vertader\" - Mostra de Val\u00e8ncia","isPartOf":{"@id":"https:\/\/lamostradevalencia.com\/ca\/#website"},"datePublished":"2023-10-24T17:21:26+00:00","author":{"@id":"https:\/\/lamostradevalencia.com\/ca\/#\/schema\/person\/361c3c0dd5489e78ad78ee4f8332efac"},"breadcrumb":{"@id":"https:\/\/lamostradevalencia.com\/ca\/es-mes-facil-que-un-actor-plore-que-arrancar-li-un-somriure-vertader\/#breadcrumb"},"inLanguage":"ca","potentialAction":[{"@type":"ReadAction","target":["https:\/\/lamostradevalencia.com\/ca\/es-mes-facil-que-un-actor-plore-que-arrancar-li-un-somriure-vertader\/"]}]},{"@type":"BreadcrumbList","@id":"https:\/\/lamostradevalencia.com\/ca\/es-mes-facil-que-un-actor-plore-que-arrancar-li-un-somriure-vertader\/#breadcrumb","itemListElement":[{"@type":"ListItem","position":1,"name":"Portada","item":"https:\/\/lamostradevalencia.com\/ca\/"},{"@type":"ListItem","position":2,"name":"\u00ab\u00c9s m\u00e9s f\u00e0cil que un actor plore que arrancar-li un somriure vertader\u00bb"}]},{"@type":"WebSite","@id":"https:\/\/lamostradevalencia.com\/ca\/#website","url":"https:\/\/lamostradevalencia.com\/ca\/","name":"Mostra de Val\u00e8ncia","description":"Cinema del Mediterrani","potentialAction":[{"@type":"SearchAction","target":{"@type":"EntryPoint","urlTemplate":"https:\/\/lamostradevalencia.com\/ca\/?s={search_term_string}"},"query-input":{"@type":"PropertyValueSpecification","valueRequired":true,"valueName":"search_term_string"}}],"inLanguage":"ca"},{"@type":"Person","@id":"https:\/\/lamostradevalencia.com\/ca\/#\/schema\/person\/361c3c0dd5489e78ad78ee4f8332efac","name":"contenidos","image":{"@type":"ImageObject","inLanguage":"ca","@id":"https:\/\/secure.gravatar.com\/avatar\/a87eddc188a32d5a0371ff92ef616b5006a91e389296d49d081f8d424eef134c?s=96&d=mm&r=g","url":"https:\/\/secure.gravatar.com\/avatar\/a87eddc188a32d5a0371ff92ef616b5006a91e389296d49d081f8d424eef134c?s=96&d=mm&r=g","contentUrl":"https:\/\/secure.gravatar.com\/avatar\/a87eddc188a32d5a0371ff92ef616b5006a91e389296d49d081f8d424eef134c?s=96&d=mm&r=g","caption":"contenidos"}}]}},"uagb_featured_image_src":{"full":false,"thumbnail":false,"medium":false,"medium_large":false,"large":false,"1536x1536":false,"2048x2048":false,"cinerama_edge_image_square":false,"cinerama_edge_image_landscape":false,"cinerama_edge_image_portrait":false,"cinerama_edge_image_huge":false,"gform-image-choice-sm":false,"gform-image-choice-md":false,"gform-image-choice-lg":false},"uagb_author_info":{"display_name":"contenidos","author_link":"https:\/\/lamostradevalencia.com\/ca\/author\/contenidos\/"},"uagb_comment_info":0,"uagb_excerpt":"La portuguesa Susana Nobre competix amb \u2018Cidade Rabat\u2019, un llargmetratge sobre el duel que escapa de convencionalismes formals \u00c9s la primera ocasi\u00f3 que la directora [&hellip;]","_links":{"self":[{"href":"https:\/\/lamostradevalencia.com\/ca\/wp-json\/wp\/v2\/posts\/22405","targetHints":{"allow":["GET"]}}],"collection":[{"href":"https:\/\/lamostradevalencia.com\/ca\/wp-json\/wp\/v2\/posts"}],"about":[{"href":"https:\/\/lamostradevalencia.com\/ca\/wp-json\/wp\/v2\/types\/post"}],"author":[{"embeddable":true,"href":"https:\/\/lamostradevalencia.com\/ca\/wp-json\/wp\/v2\/users\/3"}],"replies":[{"embeddable":true,"href":"https:\/\/lamostradevalencia.com\/ca\/wp-json\/wp\/v2\/comments?post=22405"}],"version-history":[{"count":1,"href":"https:\/\/lamostradevalencia.com\/ca\/wp-json\/wp\/v2\/posts\/22405\/revisions"}],"predecessor-version":[{"id":22407,"href":"https:\/\/lamostradevalencia.com\/ca\/wp-json\/wp\/v2\/posts\/22405\/revisions\/22407"}],"wp:attachment":[{"href":"https:\/\/lamostradevalencia.com\/ca\/wp-json\/wp\/v2\/media?parent=22405"}],"wp:term":[{"taxonomy":"category","embeddable":true,"href":"https:\/\/lamostradevalencia.com\/ca\/wp-json\/wp\/v2\/categories?post=22405"},{"taxonomy":"post_tag","embeddable":true,"href":"https:\/\/lamostradevalencia.com\/ca\/wp-json\/wp\/v2\/tags?post=22405"}],"curies":[{"name":"wp","href":"https:\/\/api.w.org\/{rel}","templated":true}]}}