{"id":22241,"date":"2023-10-20T19:03:53","date_gmt":"2023-10-20T17:03:53","guid":{"rendered":"https:\/\/lamostradevalencia.com\/?p=22241"},"modified":"2023-10-20T19:03:53","modified_gmt":"2023-10-20T17:03:53","slug":"la-dona-libanesa-tradicional-ha-de-mostrar-se-satisfeta-els-silencis-de-riverbed-representen-el-que-hi-ha-darrere","status":"publish","type":"post","link":"https:\/\/lamostradevalencia.com\/ca\/la-dona-libanesa-tradicional-ha-de-mostrar-se-satisfeta-els-silencis-de-riverbed-representen-el-que-hi-ha-darrere\/","title":{"rendered":"&#8220;La dona libanesa tradicional ha de mostrar-se satisfeta. Els silencis de \u2018Riverbed\u2019 representen el que hi ha darrere&#8221;"},"content":{"rendered":"<h5>L&#8217;actriu Omaya Malaeb va presentar la pel\u00b7l\u00edcula en lloc del director, Bassem Breche, que no va poder viatjar a Espanya per la situaci\u00f3 de conflicte que es viu a Orient Mitj\u00e0<\/h5>\n<p>El director liban\u00e9s Bassem Breche tenia previst presentar hui en la Mostra de Val\u00e8ncia-Cinema del Mediterrani la seua pel\u00b7l\u00edcula &#8216;Riverbed&#8217;, que competeix per la Palmera d&#8217;Or juntament amb altres onze films, per\u00f2 la situaci\u00f3 de conflicte a Gaza, que afecta tamb\u00e9 el seu pa\u00eds, L\u00edban, ho ha impedit. En el seu lloc, ha comparegut Omaya Malaeb, la protagonista del film.<\/p>\n<p>El realitzador explora la universalitat del proc\u00e9s de reconstrucci\u00f3 de les relacions familiars a trav\u00e9s de la narraci\u00f3 de la trobada inesperada entre una mare i la seua filla que despr\u00e9s d&#8217;anys de separaci\u00f3 s&#8217;esforcen per restablir el seu vincle enmig d&#8217;un context marcat pel divorci i l&#8217;embar\u00e0s de la filla. L&#8217;actriu va manifestar en la roda de premsa que el fet que en el rodatge hi haguera un equip fonamentalment femen\u00ed &#8220;va facilitar l&#8217;atmosfera adequada i \u00edntima per a interpretar sense parlar&#8221;. L&#8217;abs\u00e8ncia de paraules, ha assenyalat, actua com un element fonamental en esta cinta:<strong> &#8220;La dona libanesa en la fam\u00edlia tradicional sempre ha de mostrar-se satisfeta davant els altres. Els silencis de la pel\u00b7l\u00edcula representen tot el que no poden dir en p\u00fablic&#8221;. Mare i filla s\u00f3n dos protagonistes at\u00edpiques, molt valentes que es llancen a un &#8220;duel de silencis&#8221;.<\/strong><\/p>\n<p>Un drama de reconciliaci\u00f3 encoratjat per l&#8217;experi\u00e8ncia del propi director: &#8216;Vaig cr\u00e9ixer en els anys 80 en un poble muntanyenc aombrat per una devastadora guerra civil, \u00e8poca en qu\u00e8 molts homes van ser al capdavant o van escapar de les seues arpes deixant arrere a dones i xiquets. Volia revisitar este per\u00edode destacant el profund impacte que van deixar els homes absents en les fam\u00edlies, particularment en les dones&#8221;, assegura el director des de Beirut. Encara que les protagonistes de la cinta mai parlen d&#8217;estes dificultats pateixen no obstant eixe sofriment: <strong>&#8220;En &#8216;Riverbed&#8217; intente reconstruir una relaci\u00f3 fracturada entre mare i filla i infondre-li un raig d&#8217;esperan\u00e7a enmig de les c\u00e0rregues de dolor que porten ambdues&#8221;.<\/strong><\/p>\n<p>La pel\u00b7l\u00edcula planteja preguntes sobre la import\u00e0ncia de les relacions familiars, per\u00f2 no gira entorn d&#8217;una hist\u00f2ria \u00fanica, personal i espec\u00edfica, sin\u00f3 que s&#8217;inspira en la gran suma d&#8217;hist\u00f2ries que van sorgir durant la infantesa del seu director: &#8220;Recull relats de dones que es van trobar criant soles als seus fills durant la guerra i van assumir les responsabilitats de la llar en abs\u00e8ncia dels homes. Les seues lluites eren palpables, i sovint se sentien abandonades, lamentant els seus matrimonis i enyorant l&#8217;encant nost\u00e0lgic de les seues hist\u00f2ries d&#8217;amor adolescent&#8221;. Experi\u00e8ncies col\u00b7lectives que van forjar esta cinta, &#8220;pintant un quadre commovedor dels reptes i emocions als qu\u00e8 es van enfrontar estes dones&#8221;.<\/p>\n<p>La traducci\u00f3 directa del t\u00edtol original en \u00e0rab de &#8216;Riverbed&#8217;, ha explicat Bassem Breche, significa &#8216;l&#8217;estany de la donzella&#8217;, una refer\u00e8ncia literal a un lloc important de la pel\u00b7l\u00edcula que visiten mare i filla: &#8220;Este lloc alberga un mite en el qual una n\u00favia, muntant a cavall, va caure tr\u00e0gicament a l&#8217;estany i va perdre la vida. Mite que serveix com a element central del drama del film i que va donar t\u00edtol al film&#8221;.<\/p>\n<p>El llargmetratge explora temes com el divorci, la soledat o la maternitat i aprofundeix en la complexitat de les din\u00e0miques familiars i en com els vincles poden convertir-se en &#8220;fonts de destrucci\u00f3&#8221;.<strong> &#8220;Quan un imagina L\u00edban, pensa a anar-se de festa, en problemes pol\u00edtics, en la crisi, en la guerra civil que va durar 15 anys, per\u00f2 esta pel\u00b7l\u00edcula no tracta cap d&#8217;estos temes, sin\u00f3 de la relaci\u00f3 no convencional entre una mare i una filla que es retroben<\/strong>&#8220;, assegura l&#8217;actriu. D&#8217;ac\u00ed la dificultat per a aconseguir finan\u00e7ament: &#8220;Va costar molt perqu\u00e8 els productors volien desviar-ho cap a altres temes, com de conscienciar sobre el paper de la dona, els refugiats&#8230; \u00c9s molt dif\u00edcil veure este tipus de cintes arribant del L\u00edban&#8221;.<\/p>\n<p>Per a transmetre l&#8217;autenticitat dels vincles familiars, el realitzador es va apartar del m\u00e8tode tradicional d&#8217;audici\u00f3 i c\u00e0sting d&#8217;actors: &#8220;Carole, que interpreta a la mare, tenia una \u00e0mplia experi\u00e8ncia interpretativa, mentre que Omaya, la filla, tenia una experi\u00e8ncia relativament limitada. No va haver-hi assajos, sin\u00f3 que es va posar l&#8217;accent a aprofundir en la ment i la psique dels personatges. <strong>El meu objectiu era captar les seues interpretacions com si visqueren les situacions i emocions per primera vegada&#8221;.<\/strong><\/p>\n<p>La 38a edici\u00f3 de Mostra de Val\u00e8ncia-Cinema del Mediterrani est\u00e0 organitzada per l\u2019Ajuntament de Val\u00e8ncia i compta amb la col\u00b7laboraci\u00f3 de l\u2019Institut Valenci\u00e0 de Cultura (IVC), el Palau de la M\u00fasica i Barreira Arte + Dise\u00f1o.<\/p>\n","protected":false},"excerpt":{"rendered":"<p>L&#8217;actriu Omaya Malaeb va presentar la pel\u00b7l\u00edcula en lloc del director, Bassem Breche, que no va poder viatjar a Espanya per la situaci\u00f3 de conflicte [&hellip;]<\/p>\n","protected":false},"author":1,"featured_media":22236,"comment_status":"open","ping_status":"open","sticky":false,"template":"","format":"standard","meta":{"_uag_custom_page_level_css":"","_jet_sm_ready_style":"","_jet_sm_style":"","_jet_sm_controls_values":"","_jet_sm_fonts_collection":"","_jet_sm_fonts_links":"","footnotes":""},"categories":[455],"tags":[],"class_list":["post-22241","post","type-post","status-publish","format-standard","has-post-thumbnail","hentry","category-noticies"],"yoast_head":"<!-- This site is optimized with the Yoast SEO plugin v27.5 - https:\/\/yoast.com\/product\/yoast-seo-wordpress\/ -->\n<title>&quot;La dona libanesa tradicional ha de mostrar-se satisfeta. Els silencis de \u2018Riverbed\u2019 representen el que hi ha darrere&quot; - Mostra de Val\u00e8ncia<\/title>\n<meta name=\"robots\" content=\"index, follow, max-snippet:-1, max-image-preview:large, max-video-preview:-1\" \/>\n<link rel=\"canonical\" href=\"https:\/\/lamostradevalencia.com\/ca\/la-dona-libanesa-tradicional-ha-de-mostrar-se-satisfeta-els-silencis-de-riverbed-representen-el-que-hi-ha-darrere\/\" \/>\n<meta property=\"og:locale\" content=\"ca_ES\" \/>\n<meta property=\"og:type\" content=\"article\" \/>\n<meta property=\"og:title\" content=\"&quot;La dona libanesa tradicional ha de mostrar-se satisfeta. Els silencis de \u2018Riverbed\u2019 representen el que hi ha darrere&quot; - Mostra de Val\u00e8ncia\" \/>\n<meta property=\"og:description\" content=\"L&#8217;actriu Omaya Malaeb va presentar la pel\u00b7l\u00edcula en lloc del director, Bassem Breche, que no va poder viatjar a Espanya per la situaci\u00f3 de conflicte [&hellip;]\" \/>\n<meta property=\"og:url\" content=\"https:\/\/lamostradevalencia.com\/ca\/la-dona-libanesa-tradicional-ha-de-mostrar-se-satisfeta-els-silencis-de-riverbed-representen-el-que-hi-ha-darrere\/\" \/>\n<meta property=\"og:site_name\" content=\"Mostra de Val\u00e8ncia\" \/>\n<meta property=\"article:published_time\" content=\"2023-10-20T17:03:53+00:00\" \/>\n<meta property=\"og:image\" content=\"https:\/\/lamostradevalencia.com\/wp-content\/uploads\/2023\/10\/omaya.jpg\" \/>\n\t<meta property=\"og:image:width\" content=\"844\" \/>\n\t<meta property=\"og:image:height\" content=\"951\" \/>\n\t<meta property=\"og:image:type\" content=\"image\/jpeg\" \/>\n<meta name=\"author\" content=\"Mostra de Val\u00e8ncia\" \/>\n<meta name=\"twitter:card\" content=\"summary_large_image\" \/>\n<meta name=\"twitter:label1\" content=\"Escrit per\" \/>\n\t<meta name=\"twitter:data1\" content=\"Mostra de Val\u00e8ncia\" \/>\n\t<meta name=\"twitter:label2\" content=\"Temps estimat de lectura\" \/>\n\t<meta name=\"twitter:data2\" content=\"4 minuts\" \/>\n<script type=\"application\/ld+json\" class=\"yoast-schema-graph\">{\"@context\":\"https:\\\/\\\/schema.org\",\"@graph\":[{\"@type\":\"Article\",\"@id\":\"https:\\\/\\\/lamostradevalencia.com\\\/ca\\\/la-dona-libanesa-tradicional-ha-de-mostrar-se-satisfeta-els-silencis-de-riverbed-representen-el-que-hi-ha-darrere\\\/#article\",\"isPartOf\":{\"@id\":\"https:\\\/\\\/lamostradevalencia.com\\\/ca\\\/la-dona-libanesa-tradicional-ha-de-mostrar-se-satisfeta-els-silencis-de-riverbed-representen-el-que-hi-ha-darrere\\\/\"},\"author\":{\"name\":\"Mostra de Val\u00e8ncia\",\"@id\":\"https:\\\/\\\/lamostradevalencia.com\\\/ca\\\/#\\\/schema\\\/person\\\/1dc07e4df3d6310b81d2cdf6a034070c\"},\"headline\":\"&#8220;La dona libanesa tradicional ha de mostrar-se satisfeta. Els silencis de \u2018Riverbed\u2019 representen el que hi ha darrere&#8221;\",\"datePublished\":\"2023-10-20T17:03:53+00:00\",\"mainEntityOfPage\":{\"@id\":\"https:\\\/\\\/lamostradevalencia.com\\\/ca\\\/la-dona-libanesa-tradicional-ha-de-mostrar-se-satisfeta-els-silencis-de-riverbed-representen-el-que-hi-ha-darrere\\\/\"},\"wordCount\":875,\"commentCount\":0,\"image\":{\"@id\":\"https:\\\/\\\/lamostradevalencia.com\\\/ca\\\/la-dona-libanesa-tradicional-ha-de-mostrar-se-satisfeta-els-silencis-de-riverbed-representen-el-que-hi-ha-darrere\\\/#primaryimage\"},\"thumbnailUrl\":\"https:\\\/\\\/lamostradevalencia.com\\\/wp-content\\\/uploads\\\/2023\\\/10\\\/omaya.jpg\",\"articleSection\":[\"Noticies\"],\"inLanguage\":\"ca\",\"potentialAction\":[{\"@type\":\"CommentAction\",\"name\":\"Comment\",\"target\":[\"https:\\\/\\\/lamostradevalencia.com\\\/ca\\\/la-dona-libanesa-tradicional-ha-de-mostrar-se-satisfeta-els-silencis-de-riverbed-representen-el-que-hi-ha-darrere\\\/#respond\"]}]},{\"@type\":\"WebPage\",\"@id\":\"https:\\\/\\\/lamostradevalencia.com\\\/ca\\\/la-dona-libanesa-tradicional-ha-de-mostrar-se-satisfeta-els-silencis-de-riverbed-representen-el-que-hi-ha-darrere\\\/\",\"url\":\"https:\\\/\\\/lamostradevalencia.com\\\/ca\\\/la-dona-libanesa-tradicional-ha-de-mostrar-se-satisfeta-els-silencis-de-riverbed-representen-el-que-hi-ha-darrere\\\/\",\"name\":\"\\\"La dona libanesa tradicional ha de mostrar-se satisfeta. Els silencis de \u2018Riverbed\u2019 representen el que hi ha darrere\\\" - Mostra de Val\u00e8ncia\",\"isPartOf\":{\"@id\":\"https:\\\/\\\/lamostradevalencia.com\\\/ca\\\/#website\"},\"primaryImageOfPage\":{\"@id\":\"https:\\\/\\\/lamostradevalencia.com\\\/ca\\\/la-dona-libanesa-tradicional-ha-de-mostrar-se-satisfeta-els-silencis-de-riverbed-representen-el-que-hi-ha-darrere\\\/#primaryimage\"},\"image\":{\"@id\":\"https:\\\/\\\/lamostradevalencia.com\\\/ca\\\/la-dona-libanesa-tradicional-ha-de-mostrar-se-satisfeta-els-silencis-de-riverbed-representen-el-que-hi-ha-darrere\\\/#primaryimage\"},\"thumbnailUrl\":\"https:\\\/\\\/lamostradevalencia.com\\\/wp-content\\\/uploads\\\/2023\\\/10\\\/omaya.jpg\",\"datePublished\":\"2023-10-20T17:03:53+00:00\",\"author\":{\"@id\":\"https:\\\/\\\/lamostradevalencia.com\\\/ca\\\/#\\\/schema\\\/person\\\/1dc07e4df3d6310b81d2cdf6a034070c\"},\"breadcrumb\":{\"@id\":\"https:\\\/\\\/lamostradevalencia.com\\\/ca\\\/la-dona-libanesa-tradicional-ha-de-mostrar-se-satisfeta-els-silencis-de-riverbed-representen-el-que-hi-ha-darrere\\\/#breadcrumb\"},\"inLanguage\":\"ca\",\"potentialAction\":[{\"@type\":\"ReadAction\",\"target\":[\"https:\\\/\\\/lamostradevalencia.com\\\/ca\\\/la-dona-libanesa-tradicional-ha-de-mostrar-se-satisfeta-els-silencis-de-riverbed-representen-el-que-hi-ha-darrere\\\/\"]}]},{\"@type\":\"ImageObject\",\"inLanguage\":\"ca\",\"@id\":\"https:\\\/\\\/lamostradevalencia.com\\\/ca\\\/la-dona-libanesa-tradicional-ha-de-mostrar-se-satisfeta-els-silencis-de-riverbed-representen-el-que-hi-ha-darrere\\\/#primaryimage\",\"url\":\"https:\\\/\\\/lamostradevalencia.com\\\/wp-content\\\/uploads\\\/2023\\\/10\\\/omaya.jpg\",\"contentUrl\":\"https:\\\/\\\/lamostradevalencia.com\\\/wp-content\\\/uploads\\\/2023\\\/10\\\/omaya.jpg\",\"width\":844,\"height\":951},{\"@type\":\"BreadcrumbList\",\"@id\":\"https:\\\/\\\/lamostradevalencia.com\\\/ca\\\/la-dona-libanesa-tradicional-ha-de-mostrar-se-satisfeta-els-silencis-de-riverbed-representen-el-que-hi-ha-darrere\\\/#breadcrumb\",\"itemListElement\":[{\"@type\":\"ListItem\",\"position\":1,\"name\":\"Portada\",\"item\":\"https:\\\/\\\/lamostradevalencia.com\\\/ca\\\/\"},{\"@type\":\"ListItem\",\"position\":2,\"name\":\"\u00abLa dona libanesa tradicional ha de mostrar-se satisfeta. Els silencis de \u2018Riverbed\u2019 representen el que hi ha darrere\u00bb\"}]},{\"@type\":\"WebSite\",\"@id\":\"https:\\\/\\\/lamostradevalencia.com\\\/ca\\\/#website\",\"url\":\"https:\\\/\\\/lamostradevalencia.com\\\/ca\\\/\",\"name\":\"Mostra de Val\u00e8ncia\",\"description\":\"Cinema del Mediterrani\",\"potentialAction\":[{\"@type\":\"SearchAction\",\"target\":{\"@type\":\"EntryPoint\",\"urlTemplate\":\"https:\\\/\\\/lamostradevalencia.com\\\/ca\\\/?s={search_term_string}\"},\"query-input\":{\"@type\":\"PropertyValueSpecification\",\"valueRequired\":true,\"valueName\":\"search_term_string\"}}],\"inLanguage\":\"ca\"},{\"@type\":\"Person\",\"@id\":\"https:\\\/\\\/lamostradevalencia.com\\\/ca\\\/#\\\/schema\\\/person\\\/1dc07e4df3d6310b81d2cdf6a034070c\",\"name\":\"Mostra de Val\u00e8ncia\",\"image\":{\"@type\":\"ImageObject\",\"inLanguage\":\"ca\",\"@id\":\"https:\\\/\\\/secure.gravatar.com\\\/avatar\\\/ada4dfd699a9907706987adb1bb2b361c2613ccca474b49b8c648de5208e32f8?s=96&d=mm&r=g\",\"url\":\"https:\\\/\\\/secure.gravatar.com\\\/avatar\\\/ada4dfd699a9907706987adb1bb2b361c2613ccca474b49b8c648de5208e32f8?s=96&d=mm&r=g\",\"contentUrl\":\"https:\\\/\\\/secure.gravatar.com\\\/avatar\\\/ada4dfd699a9907706987adb1bb2b361c2613ccca474b49b8c648de5208e32f8?s=96&d=mm&r=g\",\"caption\":\"Mostra de Val\u00e8ncia\"}}]}<\/script>\n<!-- \/ Yoast SEO plugin. -->","yoast_head_json":{"title":"\"La dona libanesa tradicional ha de mostrar-se satisfeta. Els silencis de \u2018Riverbed\u2019 representen el que hi ha darrere\" - Mostra de Val\u00e8ncia","robots":{"index":"index","follow":"follow","max-snippet":"max-snippet:-1","max-image-preview":"max-image-preview:large","max-video-preview":"max-video-preview:-1"},"canonical":"https:\/\/lamostradevalencia.com\/ca\/la-dona-libanesa-tradicional-ha-de-mostrar-se-satisfeta-els-silencis-de-riverbed-representen-el-que-hi-ha-darrere\/","og_locale":"ca_ES","og_type":"article","og_title":"\"La dona libanesa tradicional ha de mostrar-se satisfeta. Els silencis de \u2018Riverbed\u2019 representen el que hi ha darrere\" - Mostra de Val\u00e8ncia","og_description":"L&#8217;actriu Omaya Malaeb va presentar la pel\u00b7l\u00edcula en lloc del director, Bassem Breche, que no va poder viatjar a Espanya per la situaci\u00f3 de conflicte [&hellip;]","og_url":"https:\/\/lamostradevalencia.com\/ca\/la-dona-libanesa-tradicional-ha-de-mostrar-se-satisfeta-els-silencis-de-riverbed-representen-el-que-hi-ha-darrere\/","og_site_name":"Mostra de Val\u00e8ncia","article_published_time":"2023-10-20T17:03:53+00:00","og_image":[{"width":844,"height":951,"url":"https:\/\/lamostradevalencia.com\/wp-content\/uploads\/2023\/10\/omaya.jpg","type":"image\/jpeg"}],"author":"Mostra de Val\u00e8ncia","twitter_card":"summary_large_image","twitter_misc":{"Escrit per":"Mostra de Val\u00e8ncia","Temps estimat de lectura":"4 minuts"},"schema":{"@context":"https:\/\/schema.org","@graph":[{"@type":"Article","@id":"https:\/\/lamostradevalencia.com\/ca\/la-dona-libanesa-tradicional-ha-de-mostrar-se-satisfeta-els-silencis-de-riverbed-representen-el-que-hi-ha-darrere\/#article","isPartOf":{"@id":"https:\/\/lamostradevalencia.com\/ca\/la-dona-libanesa-tradicional-ha-de-mostrar-se-satisfeta-els-silencis-de-riverbed-representen-el-que-hi-ha-darrere\/"},"author":{"name":"Mostra de Val\u00e8ncia","@id":"https:\/\/lamostradevalencia.com\/ca\/#\/schema\/person\/1dc07e4df3d6310b81d2cdf6a034070c"},"headline":"&#8220;La dona libanesa tradicional ha de mostrar-se satisfeta. Els silencis de \u2018Riverbed\u2019 representen el que hi ha darrere&#8221;","datePublished":"2023-10-20T17:03:53+00:00","mainEntityOfPage":{"@id":"https:\/\/lamostradevalencia.com\/ca\/la-dona-libanesa-tradicional-ha-de-mostrar-se-satisfeta-els-silencis-de-riverbed-representen-el-que-hi-ha-darrere\/"},"wordCount":875,"commentCount":0,"image":{"@id":"https:\/\/lamostradevalencia.com\/ca\/la-dona-libanesa-tradicional-ha-de-mostrar-se-satisfeta-els-silencis-de-riverbed-representen-el-que-hi-ha-darrere\/#primaryimage"},"thumbnailUrl":"https:\/\/lamostradevalencia.com\/wp-content\/uploads\/2023\/10\/omaya.jpg","articleSection":["Noticies"],"inLanguage":"ca","potentialAction":[{"@type":"CommentAction","name":"Comment","target":["https:\/\/lamostradevalencia.com\/ca\/la-dona-libanesa-tradicional-ha-de-mostrar-se-satisfeta-els-silencis-de-riverbed-representen-el-que-hi-ha-darrere\/#respond"]}]},{"@type":"WebPage","@id":"https:\/\/lamostradevalencia.com\/ca\/la-dona-libanesa-tradicional-ha-de-mostrar-se-satisfeta-els-silencis-de-riverbed-representen-el-que-hi-ha-darrere\/","url":"https:\/\/lamostradevalencia.com\/ca\/la-dona-libanesa-tradicional-ha-de-mostrar-se-satisfeta-els-silencis-de-riverbed-representen-el-que-hi-ha-darrere\/","name":"\"La dona libanesa tradicional ha de mostrar-se satisfeta. Els silencis de \u2018Riverbed\u2019 representen el que hi ha darrere\" - Mostra de Val\u00e8ncia","isPartOf":{"@id":"https:\/\/lamostradevalencia.com\/ca\/#website"},"primaryImageOfPage":{"@id":"https:\/\/lamostradevalencia.com\/ca\/la-dona-libanesa-tradicional-ha-de-mostrar-se-satisfeta-els-silencis-de-riverbed-representen-el-que-hi-ha-darrere\/#primaryimage"},"image":{"@id":"https:\/\/lamostradevalencia.com\/ca\/la-dona-libanesa-tradicional-ha-de-mostrar-se-satisfeta-els-silencis-de-riverbed-representen-el-que-hi-ha-darrere\/#primaryimage"},"thumbnailUrl":"https:\/\/lamostradevalencia.com\/wp-content\/uploads\/2023\/10\/omaya.jpg","datePublished":"2023-10-20T17:03:53+00:00","author":{"@id":"https:\/\/lamostradevalencia.com\/ca\/#\/schema\/person\/1dc07e4df3d6310b81d2cdf6a034070c"},"breadcrumb":{"@id":"https:\/\/lamostradevalencia.com\/ca\/la-dona-libanesa-tradicional-ha-de-mostrar-se-satisfeta-els-silencis-de-riverbed-representen-el-que-hi-ha-darrere\/#breadcrumb"},"inLanguage":"ca","potentialAction":[{"@type":"ReadAction","target":["https:\/\/lamostradevalencia.com\/ca\/la-dona-libanesa-tradicional-ha-de-mostrar-se-satisfeta-els-silencis-de-riverbed-representen-el-que-hi-ha-darrere\/"]}]},{"@type":"ImageObject","inLanguage":"ca","@id":"https:\/\/lamostradevalencia.com\/ca\/la-dona-libanesa-tradicional-ha-de-mostrar-se-satisfeta-els-silencis-de-riverbed-representen-el-que-hi-ha-darrere\/#primaryimage","url":"https:\/\/lamostradevalencia.com\/wp-content\/uploads\/2023\/10\/omaya.jpg","contentUrl":"https:\/\/lamostradevalencia.com\/wp-content\/uploads\/2023\/10\/omaya.jpg","width":844,"height":951},{"@type":"BreadcrumbList","@id":"https:\/\/lamostradevalencia.com\/ca\/la-dona-libanesa-tradicional-ha-de-mostrar-se-satisfeta-els-silencis-de-riverbed-representen-el-que-hi-ha-darrere\/#breadcrumb","itemListElement":[{"@type":"ListItem","position":1,"name":"Portada","item":"https:\/\/lamostradevalencia.com\/ca\/"},{"@type":"ListItem","position":2,"name":"\u00abLa dona libanesa tradicional ha de mostrar-se satisfeta. Els silencis de \u2018Riverbed\u2019 representen el que hi ha darrere\u00bb"}]},{"@type":"WebSite","@id":"https:\/\/lamostradevalencia.com\/ca\/#website","url":"https:\/\/lamostradevalencia.com\/ca\/","name":"Mostra de Val\u00e8ncia","description":"Cinema del Mediterrani","potentialAction":[{"@type":"SearchAction","target":{"@type":"EntryPoint","urlTemplate":"https:\/\/lamostradevalencia.com\/ca\/?s={search_term_string}"},"query-input":{"@type":"PropertyValueSpecification","valueRequired":true,"valueName":"search_term_string"}}],"inLanguage":"ca"},{"@type":"Person","@id":"https:\/\/lamostradevalencia.com\/ca\/#\/schema\/person\/1dc07e4df3d6310b81d2cdf6a034070c","name":"Mostra de Val\u00e8ncia","image":{"@type":"ImageObject","inLanguage":"ca","@id":"https:\/\/secure.gravatar.com\/avatar\/ada4dfd699a9907706987adb1bb2b361c2613ccca474b49b8c648de5208e32f8?s=96&d=mm&r=g","url":"https:\/\/secure.gravatar.com\/avatar\/ada4dfd699a9907706987adb1bb2b361c2613ccca474b49b8c648de5208e32f8?s=96&d=mm&r=g","contentUrl":"https:\/\/secure.gravatar.com\/avatar\/ada4dfd699a9907706987adb1bb2b361c2613ccca474b49b8c648de5208e32f8?s=96&d=mm&r=g","caption":"Mostra de Val\u00e8ncia"}}]}},"uagb_featured_image_src":{"full":["https:\/\/lamostradevalencia.com\/wp-content\/uploads\/2023\/10\/omaya.jpg",844,951,false],"thumbnail":["https:\/\/lamostradevalencia.com\/wp-content\/uploads\/2023\/10\/omaya-150x150.jpg",150,150,true],"medium":["https:\/\/lamostradevalencia.com\/wp-content\/uploads\/2023\/10\/omaya-266x300.jpg",266,300,true],"medium_large":["https:\/\/lamostradevalencia.com\/wp-content\/uploads\/2023\/10\/omaya-768x865.jpg",768,865,true],"large":["https:\/\/lamostradevalencia.com\/wp-content\/uploads\/2023\/10\/omaya.jpg",844,951,false],"1536x1536":["https:\/\/lamostradevalencia.com\/wp-content\/uploads\/2023\/10\/omaya.jpg",844,951,false],"2048x2048":["https:\/\/lamostradevalencia.com\/wp-content\/uploads\/2023\/10\/omaya.jpg",844,951,false],"cinerama_edge_image_square":["https:\/\/lamostradevalencia.com\/wp-content\/uploads\/2023\/10\/omaya-550x550.jpg",550,550,true],"cinerama_edge_image_landscape":["https:\/\/lamostradevalencia.com\/wp-content\/uploads\/2023\/10\/omaya-844x550.jpg",844,550,true],"cinerama_edge_image_portrait":["https:\/\/lamostradevalencia.com\/wp-content\/uploads\/2023\/10\/omaya-550x951.jpg",550,951,true],"cinerama_edge_image_huge":["https:\/\/lamostradevalencia.com\/wp-content\/uploads\/2023\/10\/omaya.jpg",844,951,false],"gform-image-choice-sm":["https:\/\/lamostradevalencia.com\/wp-content\/uploads\/2023\/10\/omaya.jpg",266,300,false],"gform-image-choice-md":["https:\/\/lamostradevalencia.com\/wp-content\/uploads\/2023\/10\/omaya.jpg",355,400,false],"gform-image-choice-lg":["https:\/\/lamostradevalencia.com\/wp-content\/uploads\/2023\/10\/omaya.jpg",532,600,false]},"uagb_author_info":{"display_name":"Mostra de Val\u00e8ncia","author_link":"https:\/\/lamostradevalencia.com\/ca\/author\/mostravalencia\/"},"uagb_comment_info":0,"uagb_excerpt":"L&#8217;actriu Omaya Malaeb va presentar la pel\u00b7l\u00edcula en lloc del director, Bassem Breche, que no va poder viatjar a Espanya per la situaci\u00f3 de conflicte [&hellip;]","_links":{"self":[{"href":"https:\/\/lamostradevalencia.com\/ca\/wp-json\/wp\/v2\/posts\/22241","targetHints":{"allow":["GET"]}}],"collection":[{"href":"https:\/\/lamostradevalencia.com\/ca\/wp-json\/wp\/v2\/posts"}],"about":[{"href":"https:\/\/lamostradevalencia.com\/ca\/wp-json\/wp\/v2\/types\/post"}],"author":[{"embeddable":true,"href":"https:\/\/lamostradevalencia.com\/ca\/wp-json\/wp\/v2\/users\/1"}],"replies":[{"embeddable":true,"href":"https:\/\/lamostradevalencia.com\/ca\/wp-json\/wp\/v2\/comments?post=22241"}],"version-history":[{"count":2,"href":"https:\/\/lamostradevalencia.com\/ca\/wp-json\/wp\/v2\/posts\/22241\/revisions"}],"predecessor-version":[{"id":22243,"href":"https:\/\/lamostradevalencia.com\/ca\/wp-json\/wp\/v2\/posts\/22241\/revisions\/22243"}],"wp:featuredmedia":[{"embeddable":true,"href":"https:\/\/lamostradevalencia.com\/ca\/wp-json\/wp\/v2\/media\/22236"}],"wp:attachment":[{"href":"https:\/\/lamostradevalencia.com\/ca\/wp-json\/wp\/v2\/media?parent=22241"}],"wp:term":[{"taxonomy":"category","embeddable":true,"href":"https:\/\/lamostradevalencia.com\/ca\/wp-json\/wp\/v2\/categories?post=22241"},{"taxonomy":"post_tag","embeddable":true,"href":"https:\/\/lamostradevalencia.com\/ca\/wp-json\/wp\/v2\/tags?post=22241"}],"curies":[{"name":"wp","href":"https:\/\/api.w.org\/{rel}","templated":true}]}}