{"id":22065,"date":"2023-10-16T11:45:12","date_gmt":"2023-10-16T09:45:12","guid":{"rendered":"https:\/\/lamostradevalencia.com\/?p=22065"},"modified":"2023-10-16T11:45:12","modified_gmt":"2023-10-16T09:45:12","slug":"les-vacances-de-mara-una-opera-prima-sobre-el-costat-fosc-de-lamistat-clausurara-la-mostra","status":"publish","type":"post","link":"https:\/\/lamostradevalencia.com\/ca\/les-vacances-de-mara-una-opera-prima-sobre-el-costat-fosc-de-lamistat-clausurara-la-mostra\/","title":{"rendered":"\u2018Les vacances de Mara\u2019: una \u00f2pera prima sobre el costat fosc de l&#8217;amistat clausurar\u00e0 la Mostra"},"content":{"rendered":"<h5>La cinta, primer llargmetratge de la valenciana Elena Escura, est\u00e0 ambientada en la castellonenca Serra d\u2019Irta<\/h5>\n<p>Mostra de Val\u00e8ncia tancar\u00e0 la seua edici\u00f3 2023 amb l&#8217;estrena de la pel\u00b7l\u00edcula &#8216;Les vacances de Mara&#8217;, una producci\u00f3 que suposa el debut en el llargmetratge d&#8217;Elena Escura. \u201cPoder estrenar la meua primera pel\u00b7l\u00edcula en un festival valenci\u00e0, tan mediterrani i prop de casa \u00e9s molt emocionant per a mi i per a tot l&#8217;equip, ja que solem acudir cada any a les projeccions\u201d, assegura la directora, que ha sigut <strong>nominada pel seu treball en els Premis Berlanga de l&#8217;Audiovisual Valenci\u00e0 d&#8217;enguany.<\/strong><\/p>\n<p>Protagonitzada per Mireia P\u00e9rez (\u2018Un suave olor a canela&#8217; i \u2018La familia-Dementia\u2019) i Lorena L\u00f3pez (\u2018Nosotros no nos mataremos con pistolas\u2019), la trama parteix del retrobament de dos amigues que fa temps que no es veuen, una situaci\u00f3 que les enfronta a no poques contradiccions: \u201cLes relacions d&#8217;amistat, com les amoroses, porten sovint sentiments estranys i no tan nobles: enveja, ressentiment, rancor, etc. Crec que no serveix de res negar-ho. Em sembla que l&#8217;interessant \u00e9s acceptar eixos sentiments i buscar en una mateixa per qu\u00e8 s\u00f3n ac\u00ed o qu\u00e8 diuen de nosaltres. Perqu\u00e8 quasi sempre parlen d&#8217;una mateixa, no?\u201d, afig Escura.<\/p>\n<p><strong>El film est\u00e0 rodat \u00edntegrament en la Comunitat Valenciana,<\/strong> amb un protagonisme especial de la Serra d\u2019Irta (Castell\u00f3) i Alcal\u00e0 de Xivert, per\u00f2 tamb\u00e9 amb localitzacions a Val\u00e8ncia. \u201cSempre v\u00e0rem pensar en Irta com un lloc idoni per al rodatge: \u00e9s un lloc que combina mar i muntanya en pocs quil\u00f2metres i on ten\u00edem a l&#8217;abast de la m\u00e0 tant platges paradis\u00edaques com senderes flanquejades de pins en plena muntanya&#8221;, continua la directora. &#8220;Era l&#8217;entorn ideal per a col\u00b7locar a una dona que s&#8217;ha instal\u00b7lat en una casa aliena seguint un dels seus habituals impulsos, a la meitat d&#8217;un terreny ple de plantes descurades i assilvestrat, que sens dubte rima sens dubte amb la seua pr\u00f2pia personalitat. Al mateix temps, la mar estava molt prop d\u2019eixa casa i tamb\u00e9 era molt interessant que fora una via de fuita per a ella, que cada dia poguera baixar a la platja i aquietar-se en eixa mar en calma\u201d.<\/p>\n<p>Produ\u00efda per Giovanna Ribes y Tarann\u00e0 Films, el rodatge va comptar amb una <strong>majoria de prefectures femenines al capdavant dels departaments:<\/strong> Lara Vilanova (direcci\u00f3 de fotografia), Matilde Clav\u00e9 (direcci\u00f3 d&#8217;art), Giovanna Ribes Esteve (direcci\u00f3 de vestuari), Laura Romero (cap de so) i Isabel Latorre (compositora de la banda sonora). \u201cL&#8217;amistat \u00e9s un dels temes clau de \u2018Les vacances de Mara\u2019, per\u00f2 en este film, a m\u00e9s, es tracta d&#8217;una amistat de dones. Crec que no sols les actrius que interpretaven a Mara i Vera connectaven amb la problem\u00e0tica que aborda la trama, sin\u00f3 que la resta de l&#8217;equip podia trobar paral\u00b7lelismes amb les seues pr\u00f2pies vides. En general, crec que totes sent\u00edem que hi havia una voluntat de cuidar-nos en el rodatge\u201d, conclou Elena Escura.<\/p>\n<p>La 38a edici\u00f3 de Mostra de Val\u00e8ncia-Cinema del Mediterrani est\u00e0 organitzada per l&#8217;Ajuntament de Val\u00e8ncia i compta amb la col\u00b7laboraci\u00f3 de l\u2019Institut Valenci\u00e0 de Cultura (IVC), el Palau de la M\u00fasica, Barreira Arte + Dise\u00f1o i \u00c0 Punt M\u00e8dia com a mitj\u00e0 oficial.<\/p>\n","protected":false},"excerpt":{"rendered":"<p>La cinta, primer llargmetratge de la valenciana Elena Escura, est\u00e0 ambientada en la castellonenca Serra d\u2019Irta Mostra de Val\u00e8ncia tancar\u00e0 la seua edici\u00f3 2023 amb [&hellip;]<\/p>\n","protected":false},"author":1,"featured_media":22072,"comment_status":"open","ping_status":"open","sticky":false,"template":"","format":"standard","meta":{"_uag_custom_page_level_css":"","_jet_sm_ready_style":"","_jet_sm_style":"","_jet_sm_controls_values":"","_jet_sm_fonts_collection":"","_jet_sm_fonts_links":"","footnotes":""},"categories":[455],"tags":[],"class_list":["post-22065","post","type-post","status-publish","format-standard","has-post-thumbnail","hentry","category-noticies"],"yoast_head":"<!-- This site is optimized with the Yoast SEO plugin v27.5 - https:\/\/yoast.com\/product\/yoast-seo-wordpress\/ -->\n<title>\u2018Les vacances de Mara\u2019: una \u00f2pera prima sobre el costat fosc de l&#039;amistat clausurar\u00e0 la Mostra - Mostra de Val\u00e8ncia<\/title>\n<meta name=\"robots\" content=\"index, follow, max-snippet:-1, max-image-preview:large, max-video-preview:-1\" \/>\n<link rel=\"canonical\" href=\"https:\/\/lamostradevalencia.com\/ca\/les-vacances-de-mara-una-opera-prima-sobre-el-costat-fosc-de-lamistat-clausurara-la-mostra\/\" \/>\n<meta property=\"og:locale\" content=\"ca_ES\" \/>\n<meta property=\"og:type\" content=\"article\" \/>\n<meta property=\"og:title\" content=\"\u2018Les vacances de Mara\u2019: una \u00f2pera prima sobre el costat fosc de l&#039;amistat clausurar\u00e0 la Mostra - Mostra de Val\u00e8ncia\" \/>\n<meta property=\"og:description\" content=\"La cinta, primer llargmetratge de la valenciana Elena Escura, est\u00e0 ambientada en la castellonenca Serra d\u2019Irta Mostra de Val\u00e8ncia tancar\u00e0 la seua edici\u00f3 2023 amb [&hellip;]\" \/>\n<meta property=\"og:url\" content=\"https:\/\/lamostradevalencia.com\/ca\/les-vacances-de-mara-una-opera-prima-sobre-el-costat-fosc-de-lamistat-clausurara-la-mostra\/\" \/>\n<meta property=\"og:site_name\" content=\"Mostra de Val\u00e8ncia\" \/>\n<meta property=\"article:published_time\" content=\"2023-10-16T09:45:12+00:00\" \/>\n<meta property=\"og:image\" content=\"https:\/\/lamostradevalencia.com\/wp-content\/uploads\/2023\/10\/2023-MOSTRA-DE-VALENCIA-3.png\" \/>\n\t<meta property=\"og:image:width\" content=\"1080\" \/>\n\t<meta property=\"og:image:height\" content=\"1080\" \/>\n\t<meta property=\"og:image:type\" content=\"image\/png\" \/>\n<meta name=\"author\" content=\"Mostra de Val\u00e8ncia\" \/>\n<meta name=\"twitter:card\" content=\"summary_large_image\" \/>\n<meta name=\"twitter:label1\" content=\"Escrit per\" \/>\n\t<meta name=\"twitter:data1\" content=\"Mostra de Val\u00e8ncia\" \/>\n\t<meta name=\"twitter:label2\" content=\"Temps estimat de lectura\" \/>\n\t<meta name=\"twitter:data2\" content=\"3 minuts\" \/>\n<script type=\"application\/ld+json\" class=\"yoast-schema-graph\">{\"@context\":\"https:\\\/\\\/schema.org\",\"@graph\":[{\"@type\":\"Article\",\"@id\":\"https:\\\/\\\/lamostradevalencia.com\\\/ca\\\/les-vacances-de-mara-una-opera-prima-sobre-el-costat-fosc-de-lamistat-clausurara-la-mostra\\\/#article\",\"isPartOf\":{\"@id\":\"https:\\\/\\\/lamostradevalencia.com\\\/ca\\\/les-vacances-de-mara-una-opera-prima-sobre-el-costat-fosc-de-lamistat-clausurara-la-mostra\\\/\"},\"author\":{\"name\":\"Mostra de Val\u00e8ncia\",\"@id\":\"https:\\\/\\\/lamostradevalencia.com\\\/ca\\\/#\\\/schema\\\/person\\\/1dc07e4df3d6310b81d2cdf6a034070c\"},\"headline\":\"\u2018Les vacances de Mara\u2019: una \u00f2pera prima sobre el costat fosc de l&#8217;amistat clausurar\u00e0 la Mostra\",\"datePublished\":\"2023-10-16T09:45:12+00:00\",\"mainEntityOfPage\":{\"@id\":\"https:\\\/\\\/lamostradevalencia.com\\\/ca\\\/les-vacances-de-mara-una-opera-prima-sobre-el-costat-fosc-de-lamistat-clausurara-la-mostra\\\/\"},\"wordCount\":586,\"commentCount\":0,\"image\":{\"@id\":\"https:\\\/\\\/lamostradevalencia.com\\\/ca\\\/les-vacances-de-mara-una-opera-prima-sobre-el-costat-fosc-de-lamistat-clausurara-la-mostra\\\/#primaryimage\"},\"thumbnailUrl\":\"https:\\\/\\\/lamostradevalencia.com\\\/wp-content\\\/uploads\\\/2023\\\/10\\\/2023-MOSTRA-DE-VALENCIA-3.png\",\"articleSection\":[\"Noticies\"],\"inLanguage\":\"ca\",\"potentialAction\":[{\"@type\":\"CommentAction\",\"name\":\"Comment\",\"target\":[\"https:\\\/\\\/lamostradevalencia.com\\\/ca\\\/les-vacances-de-mara-una-opera-prima-sobre-el-costat-fosc-de-lamistat-clausurara-la-mostra\\\/#respond\"]}]},{\"@type\":\"WebPage\",\"@id\":\"https:\\\/\\\/lamostradevalencia.com\\\/ca\\\/les-vacances-de-mara-una-opera-prima-sobre-el-costat-fosc-de-lamistat-clausurara-la-mostra\\\/\",\"url\":\"https:\\\/\\\/lamostradevalencia.com\\\/ca\\\/les-vacances-de-mara-una-opera-prima-sobre-el-costat-fosc-de-lamistat-clausurara-la-mostra\\\/\",\"name\":\"\u2018Les vacances de Mara\u2019: una \u00f2pera prima sobre el costat fosc de l'amistat clausurar\u00e0 la Mostra - Mostra de Val\u00e8ncia\",\"isPartOf\":{\"@id\":\"https:\\\/\\\/lamostradevalencia.com\\\/ca\\\/#website\"},\"primaryImageOfPage\":{\"@id\":\"https:\\\/\\\/lamostradevalencia.com\\\/ca\\\/les-vacances-de-mara-una-opera-prima-sobre-el-costat-fosc-de-lamistat-clausurara-la-mostra\\\/#primaryimage\"},\"image\":{\"@id\":\"https:\\\/\\\/lamostradevalencia.com\\\/ca\\\/les-vacances-de-mara-una-opera-prima-sobre-el-costat-fosc-de-lamistat-clausurara-la-mostra\\\/#primaryimage\"},\"thumbnailUrl\":\"https:\\\/\\\/lamostradevalencia.com\\\/wp-content\\\/uploads\\\/2023\\\/10\\\/2023-MOSTRA-DE-VALENCIA-3.png\",\"datePublished\":\"2023-10-16T09:45:12+00:00\",\"author\":{\"@id\":\"https:\\\/\\\/lamostradevalencia.com\\\/ca\\\/#\\\/schema\\\/person\\\/1dc07e4df3d6310b81d2cdf6a034070c\"},\"breadcrumb\":{\"@id\":\"https:\\\/\\\/lamostradevalencia.com\\\/ca\\\/les-vacances-de-mara-una-opera-prima-sobre-el-costat-fosc-de-lamistat-clausurara-la-mostra\\\/#breadcrumb\"},\"inLanguage\":\"ca\",\"potentialAction\":[{\"@type\":\"ReadAction\",\"target\":[\"https:\\\/\\\/lamostradevalencia.com\\\/ca\\\/les-vacances-de-mara-una-opera-prima-sobre-el-costat-fosc-de-lamistat-clausurara-la-mostra\\\/\"]}]},{\"@type\":\"ImageObject\",\"inLanguage\":\"ca\",\"@id\":\"https:\\\/\\\/lamostradevalencia.com\\\/ca\\\/les-vacances-de-mara-una-opera-prima-sobre-el-costat-fosc-de-lamistat-clausurara-la-mostra\\\/#primaryimage\",\"url\":\"https:\\\/\\\/lamostradevalencia.com\\\/wp-content\\\/uploads\\\/2023\\\/10\\\/2023-MOSTRA-DE-VALENCIA-3.png\",\"contentUrl\":\"https:\\\/\\\/lamostradevalencia.com\\\/wp-content\\\/uploads\\\/2023\\\/10\\\/2023-MOSTRA-DE-VALENCIA-3.png\",\"width\":1080,\"height\":1080},{\"@type\":\"BreadcrumbList\",\"@id\":\"https:\\\/\\\/lamostradevalencia.com\\\/ca\\\/les-vacances-de-mara-una-opera-prima-sobre-el-costat-fosc-de-lamistat-clausurara-la-mostra\\\/#breadcrumb\",\"itemListElement\":[{\"@type\":\"ListItem\",\"position\":1,\"name\":\"Portada\",\"item\":\"https:\\\/\\\/lamostradevalencia.com\\\/ca\\\/\"},{\"@type\":\"ListItem\",\"position\":2,\"name\":\"\u2018Les vacances de Mara\u2019: una \u00f2pera prima sobre el costat fosc de l&#8217;amistat clausurar\u00e0 la Mostra\"}]},{\"@type\":\"WebSite\",\"@id\":\"https:\\\/\\\/lamostradevalencia.com\\\/ca\\\/#website\",\"url\":\"https:\\\/\\\/lamostradevalencia.com\\\/ca\\\/\",\"name\":\"Mostra de Val\u00e8ncia\",\"description\":\"Cinema del Mediterrani\",\"potentialAction\":[{\"@type\":\"SearchAction\",\"target\":{\"@type\":\"EntryPoint\",\"urlTemplate\":\"https:\\\/\\\/lamostradevalencia.com\\\/ca\\\/?s={search_term_string}\"},\"query-input\":{\"@type\":\"PropertyValueSpecification\",\"valueRequired\":true,\"valueName\":\"search_term_string\"}}],\"inLanguage\":\"ca\"},{\"@type\":\"Person\",\"@id\":\"https:\\\/\\\/lamostradevalencia.com\\\/ca\\\/#\\\/schema\\\/person\\\/1dc07e4df3d6310b81d2cdf6a034070c\",\"name\":\"Mostra de Val\u00e8ncia\",\"image\":{\"@type\":\"ImageObject\",\"inLanguage\":\"ca\",\"@id\":\"https:\\\/\\\/secure.gravatar.com\\\/avatar\\\/ada4dfd699a9907706987adb1bb2b361c2613ccca474b49b8c648de5208e32f8?s=96&d=mm&r=g\",\"url\":\"https:\\\/\\\/secure.gravatar.com\\\/avatar\\\/ada4dfd699a9907706987adb1bb2b361c2613ccca474b49b8c648de5208e32f8?s=96&d=mm&r=g\",\"contentUrl\":\"https:\\\/\\\/secure.gravatar.com\\\/avatar\\\/ada4dfd699a9907706987adb1bb2b361c2613ccca474b49b8c648de5208e32f8?s=96&d=mm&r=g\",\"caption\":\"Mostra de Val\u00e8ncia\"}}]}<\/script>\n<!-- \/ Yoast SEO plugin. -->","yoast_head_json":{"title":"\u2018Les vacances de Mara\u2019: una \u00f2pera prima sobre el costat fosc de l'amistat clausurar\u00e0 la Mostra - Mostra de Val\u00e8ncia","robots":{"index":"index","follow":"follow","max-snippet":"max-snippet:-1","max-image-preview":"max-image-preview:large","max-video-preview":"max-video-preview:-1"},"canonical":"https:\/\/lamostradevalencia.com\/ca\/les-vacances-de-mara-una-opera-prima-sobre-el-costat-fosc-de-lamistat-clausurara-la-mostra\/","og_locale":"ca_ES","og_type":"article","og_title":"\u2018Les vacances de Mara\u2019: una \u00f2pera prima sobre el costat fosc de l'amistat clausurar\u00e0 la Mostra - Mostra de Val\u00e8ncia","og_description":"La cinta, primer llargmetratge de la valenciana Elena Escura, est\u00e0 ambientada en la castellonenca Serra d\u2019Irta Mostra de Val\u00e8ncia tancar\u00e0 la seua edici\u00f3 2023 amb [&hellip;]","og_url":"https:\/\/lamostradevalencia.com\/ca\/les-vacances-de-mara-una-opera-prima-sobre-el-costat-fosc-de-lamistat-clausurara-la-mostra\/","og_site_name":"Mostra de Val\u00e8ncia","article_published_time":"2023-10-16T09:45:12+00:00","og_image":[{"width":1080,"height":1080,"url":"https:\/\/lamostradevalencia.com\/wp-content\/uploads\/2023\/10\/2023-MOSTRA-DE-VALENCIA-3.png","type":"image\/png"}],"author":"Mostra de Val\u00e8ncia","twitter_card":"summary_large_image","twitter_misc":{"Escrit per":"Mostra de Val\u00e8ncia","Temps estimat de lectura":"3 minuts"},"schema":{"@context":"https:\/\/schema.org","@graph":[{"@type":"Article","@id":"https:\/\/lamostradevalencia.com\/ca\/les-vacances-de-mara-una-opera-prima-sobre-el-costat-fosc-de-lamistat-clausurara-la-mostra\/#article","isPartOf":{"@id":"https:\/\/lamostradevalencia.com\/ca\/les-vacances-de-mara-una-opera-prima-sobre-el-costat-fosc-de-lamistat-clausurara-la-mostra\/"},"author":{"name":"Mostra de Val\u00e8ncia","@id":"https:\/\/lamostradevalencia.com\/ca\/#\/schema\/person\/1dc07e4df3d6310b81d2cdf6a034070c"},"headline":"\u2018Les vacances de Mara\u2019: una \u00f2pera prima sobre el costat fosc de l&#8217;amistat clausurar\u00e0 la Mostra","datePublished":"2023-10-16T09:45:12+00:00","mainEntityOfPage":{"@id":"https:\/\/lamostradevalencia.com\/ca\/les-vacances-de-mara-una-opera-prima-sobre-el-costat-fosc-de-lamistat-clausurara-la-mostra\/"},"wordCount":586,"commentCount":0,"image":{"@id":"https:\/\/lamostradevalencia.com\/ca\/les-vacances-de-mara-una-opera-prima-sobre-el-costat-fosc-de-lamistat-clausurara-la-mostra\/#primaryimage"},"thumbnailUrl":"https:\/\/lamostradevalencia.com\/wp-content\/uploads\/2023\/10\/2023-MOSTRA-DE-VALENCIA-3.png","articleSection":["Noticies"],"inLanguage":"ca","potentialAction":[{"@type":"CommentAction","name":"Comment","target":["https:\/\/lamostradevalencia.com\/ca\/les-vacances-de-mara-una-opera-prima-sobre-el-costat-fosc-de-lamistat-clausurara-la-mostra\/#respond"]}]},{"@type":"WebPage","@id":"https:\/\/lamostradevalencia.com\/ca\/les-vacances-de-mara-una-opera-prima-sobre-el-costat-fosc-de-lamistat-clausurara-la-mostra\/","url":"https:\/\/lamostradevalencia.com\/ca\/les-vacances-de-mara-una-opera-prima-sobre-el-costat-fosc-de-lamistat-clausurara-la-mostra\/","name":"\u2018Les vacances de Mara\u2019: una \u00f2pera prima sobre el costat fosc de l'amistat clausurar\u00e0 la Mostra - Mostra de Val\u00e8ncia","isPartOf":{"@id":"https:\/\/lamostradevalencia.com\/ca\/#website"},"primaryImageOfPage":{"@id":"https:\/\/lamostradevalencia.com\/ca\/les-vacances-de-mara-una-opera-prima-sobre-el-costat-fosc-de-lamistat-clausurara-la-mostra\/#primaryimage"},"image":{"@id":"https:\/\/lamostradevalencia.com\/ca\/les-vacances-de-mara-una-opera-prima-sobre-el-costat-fosc-de-lamistat-clausurara-la-mostra\/#primaryimage"},"thumbnailUrl":"https:\/\/lamostradevalencia.com\/wp-content\/uploads\/2023\/10\/2023-MOSTRA-DE-VALENCIA-3.png","datePublished":"2023-10-16T09:45:12+00:00","author":{"@id":"https:\/\/lamostradevalencia.com\/ca\/#\/schema\/person\/1dc07e4df3d6310b81d2cdf6a034070c"},"breadcrumb":{"@id":"https:\/\/lamostradevalencia.com\/ca\/les-vacances-de-mara-una-opera-prima-sobre-el-costat-fosc-de-lamistat-clausurara-la-mostra\/#breadcrumb"},"inLanguage":"ca","potentialAction":[{"@type":"ReadAction","target":["https:\/\/lamostradevalencia.com\/ca\/les-vacances-de-mara-una-opera-prima-sobre-el-costat-fosc-de-lamistat-clausurara-la-mostra\/"]}]},{"@type":"ImageObject","inLanguage":"ca","@id":"https:\/\/lamostradevalencia.com\/ca\/les-vacances-de-mara-una-opera-prima-sobre-el-costat-fosc-de-lamistat-clausurara-la-mostra\/#primaryimage","url":"https:\/\/lamostradevalencia.com\/wp-content\/uploads\/2023\/10\/2023-MOSTRA-DE-VALENCIA-3.png","contentUrl":"https:\/\/lamostradevalencia.com\/wp-content\/uploads\/2023\/10\/2023-MOSTRA-DE-VALENCIA-3.png","width":1080,"height":1080},{"@type":"BreadcrumbList","@id":"https:\/\/lamostradevalencia.com\/ca\/les-vacances-de-mara-una-opera-prima-sobre-el-costat-fosc-de-lamistat-clausurara-la-mostra\/#breadcrumb","itemListElement":[{"@type":"ListItem","position":1,"name":"Portada","item":"https:\/\/lamostradevalencia.com\/ca\/"},{"@type":"ListItem","position":2,"name":"\u2018Les vacances de Mara\u2019: una \u00f2pera prima sobre el costat fosc de l&#8217;amistat clausurar\u00e0 la Mostra"}]},{"@type":"WebSite","@id":"https:\/\/lamostradevalencia.com\/ca\/#website","url":"https:\/\/lamostradevalencia.com\/ca\/","name":"Mostra de Val\u00e8ncia","description":"Cinema del Mediterrani","potentialAction":[{"@type":"SearchAction","target":{"@type":"EntryPoint","urlTemplate":"https:\/\/lamostradevalencia.com\/ca\/?s={search_term_string}"},"query-input":{"@type":"PropertyValueSpecification","valueRequired":true,"valueName":"search_term_string"}}],"inLanguage":"ca"},{"@type":"Person","@id":"https:\/\/lamostradevalencia.com\/ca\/#\/schema\/person\/1dc07e4df3d6310b81d2cdf6a034070c","name":"Mostra de Val\u00e8ncia","image":{"@type":"ImageObject","inLanguage":"ca","@id":"https:\/\/secure.gravatar.com\/avatar\/ada4dfd699a9907706987adb1bb2b361c2613ccca474b49b8c648de5208e32f8?s=96&d=mm&r=g","url":"https:\/\/secure.gravatar.com\/avatar\/ada4dfd699a9907706987adb1bb2b361c2613ccca474b49b8c648de5208e32f8?s=96&d=mm&r=g","contentUrl":"https:\/\/secure.gravatar.com\/avatar\/ada4dfd699a9907706987adb1bb2b361c2613ccca474b49b8c648de5208e32f8?s=96&d=mm&r=g","caption":"Mostra de Val\u00e8ncia"}}]}},"uagb_featured_image_src":{"full":["https:\/\/lamostradevalencia.com\/wp-content\/uploads\/2023\/10\/2023-MOSTRA-DE-VALENCIA-3.png",1080,1080,false],"thumbnail":["https:\/\/lamostradevalencia.com\/wp-content\/uploads\/2023\/10\/2023-MOSTRA-DE-VALENCIA-3-150x150.png",150,150,true],"medium":["https:\/\/lamostradevalencia.com\/wp-content\/uploads\/2023\/10\/2023-MOSTRA-DE-VALENCIA-3-300x300.png",300,300,true],"medium_large":["https:\/\/lamostradevalencia.com\/wp-content\/uploads\/2023\/10\/2023-MOSTRA-DE-VALENCIA-3-768x768.png",768,768,true],"large":["https:\/\/lamostradevalencia.com\/wp-content\/uploads\/2023\/10\/2023-MOSTRA-DE-VALENCIA-3-1024x1024.png",1024,1024,true],"1536x1536":["https:\/\/lamostradevalencia.com\/wp-content\/uploads\/2023\/10\/2023-MOSTRA-DE-VALENCIA-3.png",1080,1080,false],"2048x2048":["https:\/\/lamostradevalencia.com\/wp-content\/uploads\/2023\/10\/2023-MOSTRA-DE-VALENCIA-3.png",1080,1080,false],"cinerama_edge_image_square":["https:\/\/lamostradevalencia.com\/wp-content\/uploads\/2023\/10\/2023-MOSTRA-DE-VALENCIA-3-550x550.png",550,550,true],"cinerama_edge_image_landscape":["https:\/\/lamostradevalencia.com\/wp-content\/uploads\/2023\/10\/2023-MOSTRA-DE-VALENCIA-3-1080x550.png",1080,550,true],"cinerama_edge_image_portrait":["https:\/\/lamostradevalencia.com\/wp-content\/uploads\/2023\/10\/2023-MOSTRA-DE-VALENCIA-3-550x1080.png",550,1080,true],"cinerama_edge_image_huge":["https:\/\/lamostradevalencia.com\/wp-content\/uploads\/2023\/10\/2023-MOSTRA-DE-VALENCIA-3.png",1080,1080,false],"gform-image-choice-sm":["https:\/\/lamostradevalencia.com\/wp-content\/uploads\/2023\/10\/2023-MOSTRA-DE-VALENCIA-3.png",300,300,false],"gform-image-choice-md":["https:\/\/lamostradevalencia.com\/wp-content\/uploads\/2023\/10\/2023-MOSTRA-DE-VALENCIA-3.png",400,400,false],"gform-image-choice-lg":["https:\/\/lamostradevalencia.com\/wp-content\/uploads\/2023\/10\/2023-MOSTRA-DE-VALENCIA-3.png",600,600,false]},"uagb_author_info":{"display_name":"Mostra de Val\u00e8ncia","author_link":"https:\/\/lamostradevalencia.com\/ca\/author\/mostravalencia\/"},"uagb_comment_info":0,"uagb_excerpt":"La cinta, primer llargmetratge de la valenciana Elena Escura, est\u00e0 ambientada en la castellonenca Serra d\u2019Irta Mostra de Val\u00e8ncia tancar\u00e0 la seua edici\u00f3 2023 amb [&hellip;]","_links":{"self":[{"href":"https:\/\/lamostradevalencia.com\/ca\/wp-json\/wp\/v2\/posts\/22065","targetHints":{"allow":["GET"]}}],"collection":[{"href":"https:\/\/lamostradevalencia.com\/ca\/wp-json\/wp\/v2\/posts"}],"about":[{"href":"https:\/\/lamostradevalencia.com\/ca\/wp-json\/wp\/v2\/types\/post"}],"author":[{"embeddable":true,"href":"https:\/\/lamostradevalencia.com\/ca\/wp-json\/wp\/v2\/users\/1"}],"replies":[{"embeddable":true,"href":"https:\/\/lamostradevalencia.com\/ca\/wp-json\/wp\/v2\/comments?post=22065"}],"version-history":[{"count":4,"href":"https:\/\/lamostradevalencia.com\/ca\/wp-json\/wp\/v2\/posts\/22065\/revisions"}],"predecessor-version":[{"id":22077,"href":"https:\/\/lamostradevalencia.com\/ca\/wp-json\/wp\/v2\/posts\/22065\/revisions\/22077"}],"wp:featuredmedia":[{"embeddable":true,"href":"https:\/\/lamostradevalencia.com\/ca\/wp-json\/wp\/v2\/media\/22072"}],"wp:attachment":[{"href":"https:\/\/lamostradevalencia.com\/ca\/wp-json\/wp\/v2\/media?parent=22065"}],"wp:term":[{"taxonomy":"category","embeddable":true,"href":"https:\/\/lamostradevalencia.com\/ca\/wp-json\/wp\/v2\/categories?post=22065"},{"taxonomy":"post_tag","embeddable":true,"href":"https:\/\/lamostradevalencia.com\/ca\/wp-json\/wp\/v2\/tags?post=22065"}],"curies":[{"name":"wp","href":"https:\/\/api.w.org\/{rel}","templated":true}]}}